{"id":56000,"date":"2024-07-08T15:04:00","date_gmt":"2024-07-08T18:04:00","guid":{"rendered":"https:\/\/ismaelcolosi.com.br\/index.php\/2024\/07\/08\/via-norte-em-ribeirao-preto-vai-ganhar-nova-ponte-confira-o-local\/"},"modified":"2024-07-08T15:04:00","modified_gmt":"2024-07-08T18:04:00","slug":"via-norte-em-ribeirao-preto-vai-ganhar-nova-ponte-confira-o-local","status":"publish","type":"post","link":"https:\/\/ismaelcolosi.com.br\/index.php\/2024\/07\/08\/via-norte-em-ribeirao-preto-vai-ganhar-nova-ponte-confira-o-local\/","title":{"rendered":"Via Norte em Ribeir\u00e3o Preto vai ganhar nova ponte; Confira o local"},"content":{"rendered":"<p> <br \/>\n<\/p>\n<p>A <strong><a href=\"https:\/\/www.ribeiraopreto.sp.gov.br\/portal\/\" target=\"_blank\" rel=\"noreferrer noopener nofollow\">Prefeitura de Ribeir\u00e3o Preto <\/a><\/strong>abriu licita\u00e7\u00e3o para constru\u00e7\u00e3o de uma ponte na<strong> avenida Eduardo Andrea Matarazzo<\/strong>, a<strong> Via Norte<\/strong>. O dispositivo vai ligar a pista Centro\/bairro com a <strong>avenida Rio Pardo<\/strong>, no Ipiranga.<\/p>\n<p>Segundo o edital, <mark style=\"background-color:#fcb900\" class=\"has-inline-color has-black-color\">o pre\u00e7o m\u00e1ximo estimado para obra \u00e9 de R$ 3.052.567,40<\/mark>. A licita\u00e7\u00e3o vai ser realizada no<strong><a href=\"https:\/\/www.gov.br\/compras\/pt-br\" target=\"_blank\" rel=\"noreferrer noopener nofollow\"> Portal de Compras do Governo Federal<\/a><\/strong> no dia 26 de julho, a partir das 9h.<\/p>\n<figure class=\"wp-block-image size-large\"><img data-recalc-dims=\"1\" loading=\"lazy\" decoding=\"async\" width=\"1024\" height=\"660\" src=\"https:\/\/i0.wp.com\/www.acidadeon.com\/ribeiraopreto\/wp-content\/uploads\/sites\/3\/2024\/07\/AnyConv.com__ponte-via-norte_2024-07-08_17-39-37-1024x660.webp?resize=1024%2C660&#038;ssl=1\" alt=\"ponte via norte\" class=\"wp-image-87253\" \/><figcaption class=\"wp-element-caption\">Ponte na Via Norte, em Ribeir\u00e3o Preto, vai interligar com a avenida Rio Pardo (Imagem: reprodu\u00e7\u00e3o)<\/figcaption><\/figure>\n<p>Al\u00e9m disso, o edital aponta que a obra deve ser conclu\u00edda no prazo de oito meses ap\u00f3s a assinatura da ordem de servi\u00e7o.<\/p>\n<h4 class=\"wp-block-heading\"><strong>Novas pontes<\/strong><\/h4>\n<p>Essa \u00e9 a segunda licita\u00e7\u00e3o aberta em Ribeir\u00e3o Preto para constru\u00e7\u00e3o de pontes em avenidas da cidade. Em junho, foi publicado o edital para constru\u00e7\u00e3o de duas liga\u00e7\u00f5es entre as avenidas Le\u00e3o XIII e Carlos Eduardo de Gasperi Consoni, passando pela avenida Maur\u00edlio Biagi.<\/p>\n<p>SAIBA MAIS<br \/>Petrobras anuncia aumento da gasolina e do g\u00e1s de cozinha; Veja quanto<\/p>\n<h4 class=\"wp-block-heading\"><strong>FIQUE ON<\/strong><\/h4>\n<p>Fique ligado em tudo que acontece em Ribeir\u00e3o Preto e regi\u00e3o. Siga os perfis do<strong> acidade on <\/strong>no <a href=\"https:\/\/www.instagram.com\/acidadeonribeirao\" target=\"_blank\" rel=\"noreferrer noopener nofollow\">Instagram <\/a>e no <a href=\"https:\/\/www.facebook.com\/acidadeonribeirao\/\" target=\"_blank\" rel=\"noreferrer noopener nofollow\">Facebook<\/a>.<\/p>\n<p>Receba not\u00edcias do <strong>acidade on<\/strong> no WhatsApp.<a href=\"https:\/\/chat.whatsapp.com\/CdrZ6xrf7quD44Vw3WlPuZ\" target=\"_blank\" rel=\"noreferrer noopener nofollow\"> Para entrar no grupo, basta clicar aqui.<\/a><\/p>\n<p>Fa\u00e7a uma den\u00fancia ou sugira uma reportagem sobre Ribeir\u00e3o Preto e regi\u00e3o pelo WhatsApp: 16 99117 7802.<\/p>\n<p>VEJA TAMB\u00c9M<br \/>O que \u00e9 rabdomiossarcoma?<\/p>\n<p>O post Via Norte em Ribeir\u00e3o Preto vai ganhar nova ponte; Confira o local apareceu primeiro em ACidade ON Ribeir\u00e3o Preto.<\/p>\n<p><script async src=\"\/\/www.instagram.com\/embed.js\"><\/script><br \/>\n<br \/><br \/>\n<br \/><a href=\"https:\/\/www.acidadeon.com\/ribeiraopreto\/politica\/via-norte-em-ribeirao-preto-vai-ganhar-nova-ponte-confira-o-local\/\">Source link <\/a><\/p>\n<div class='code-block code-block-4' style='margin: 8px auto 8px 0; text-align: left; display: block; clear: both;'>\n\ud83d\udce2 Aviso Legal\n\nO site ismaelcolosi.com.br atua apenas como um canal de divulga\u00e7\u00e3o de oportunidades de emprego e n\u00e3o se responsabiliza pelo processo seletivo, contrata\u00e7\u00e3o ou qualquer outra etapa relacionada \u00e0s vagas publicadas. Todas as informa\u00e7\u00f5es s\u00e3o de responsabilidade dos anunciantes.\n\n\u26a0\ufe0f Aten\u00e7\u00e3o! Nunca pague por promessas de emprego nem compre cursos que garantam contrata\u00e7\u00e3o. Desconfie de qualquer cobran\u00e7a para participar de sele\u00e7\u00f5es.\n\n\n\n<\/div>\n<!-- CONTENT END 1 -->\n","protected":false},"excerpt":{"rendered":"<p>A Prefeitura de Ribeir\u00e3o Preto abriu licita\u00e7\u00e3o para constru\u00e7\u00e3o de uma ponte na avenida Eduardo Andrea Matarazzo, a Via Norte. O dispositivo vai ligar a&#8230;<\/p>\n","protected":false},"author":1,"featured_media":56001,"comment_status":"open","ping_status":"open","sticky":false,"template":"","format":"standard","meta":{"_uag_custom_page_level_css":"","advanced_seo_description":"","jetpack_seo_html_title":"","jetpack_seo_noindex":false,"jetpack_post_was_ever_published":false,"_jetpack_newsletter_access":"","_jetpack_dont_email_post_to_subs":false,"_jetpack_newsletter_tier_id":0,"_jetpack_memberships_contains_paywalled_content":false,"_jetpack_memberships_contains_paid_content":false,"footnotes":"","jetpack_publicize_message":"","jetpack_publicize_feature_enabled":true,"jetpack_social_post_already_shared":true,"jetpack_social_options":{"image_generator_settings":{"template":"highway","default_image_id":0,"font":"","enabled":false},"version":2}},"categories":[11],"tags":[],"class_list":["post-56000","post","type-post","status-publish","format-standard","has-post-thumbnail","hentry","category-noticias-de-ribeirao-preto-sp-e-regiao-ismael-colosi"],"jetpack_publicize_connections":[],"jetpack_featured_media_url":"https:\/\/i0.wp.com\/ismaelcolosi.com.br\/wp-content\/uploads\/2024\/07\/via-norte.jpg?fit=1200%2C900&ssl=1","uagb_featured_image_src":{"full":["https:\/\/i0.wp.com\/ismaelcolosi.com.br\/wp-content\/uploads\/2024\/07\/via-norte.jpg?fit=1200%2C900&ssl=1",1200,900,false],"thumbnail":["https:\/\/i0.wp.com\/ismaelcolosi.com.br\/wp-content\/uploads\/2024\/07\/via-norte.jpg?resize=150%2C150&ssl=1",150,150,true],"medium":["https:\/\/i0.wp.com\/ismaelcolosi.com.br\/wp-content\/uploads\/2024\/07\/via-norte.jpg?fit=300%2C225&ssl=1",300,225,true],"medium_large":["https:\/\/i0.wp.com\/ismaelcolosi.com.br\/wp-content\/uploads\/2024\/07\/via-norte.jpg?fit=768%2C576&ssl=1",768,576,true],"large":["https:\/\/i0.wp.com\/ismaelcolosi.com.br\/wp-content\/uploads\/2024\/07\/via-norte.jpg?fit=1024%2C768&ssl=1",1024,768,true],"1536x1536":["https:\/\/i0.wp.com\/ismaelcolosi.com.br\/wp-content\/uploads\/2024\/07\/via-norte.jpg?fit=1200%2C900&ssl=1",1200,900,true],"2048x2048":["https:\/\/i0.wp.com\/ismaelcolosi.com.br\/wp-content\/uploads\/2024\/07\/via-norte.jpg?fit=1200%2C900&ssl=1",1200,900,true],"really-simple-thumb":["https:\/\/i0.wp.com\/ismaelcolosi.com.br\/wp-content\/uploads\/2024\/07\/via-norte.jpg?resize=370%2C247&ssl=1",370,247,true]},"uagb_author_info":{"display_name":"ismaelcolosi.com.br","author_link":"https:\/\/ismaelcolosi.com.br\/index.php\/author\/vidareal-online\/"},"uagb_comment_info":0,"uagb_excerpt":"A Prefeitura de Ribeir\u00e3o Preto abriu licita\u00e7\u00e3o para constru\u00e7\u00e3o de uma ponte na avenida Eduardo Andrea Matarazzo, a Via Norte. O dispositivo vai ligar a...","jetpack-related-posts":[{"id":56552,"url":"https:\/\/ismaelcolosi.com.br\/index.php\/2024\/07\/12\/ligacao-entre-as-regioes-leste-e-sul-de-ribeirao-preto-pode-ganhar-ponte\/","url_meta":{"origin":56000,"position":0},"title":"Liga\u00e7\u00e3o entre as regi\u00f5es Leste e Sul de Ribeir\u00e3o Preto pode ganhar ponte","author":"ismaelcolosi.com.br","date":"12 de July de 2024","format":false,"excerpt":"A Prefeitura de Ribeir\u00e3o Preto abriu a licita\u00e7\u00e3o para contrata\u00e7\u00e3o de uma empresa que vai construir uma ponte ligando as avenidas Presidente Kennedy e Alzira Couto Machado \u2013 no sentido City Ribeir\u00e3o. A ponte vai passar sobre o c\u00f3rrego Retiro Saudoso \u2013 o trecho j\u00e1 tem uma liga\u00e7\u00e3o no sentido\u2026","rel":"","context":"In &quot;Not\u00edcias de Ribeir\u00e3o Preto-SP e Regi\u00e3o&quot;","block_context":{"text":"Not\u00edcias de Ribeir\u00e3o Preto-SP e Regi\u00e3o","link":"https:\/\/ismaelcolosi.com.br\/index.php\/category\/noticias-de-ribeirao-preto-sp-e-regiao-ismael-colosi\/"},"img":{"alt_text":"","src":"https:\/\/i0.wp.com\/ismaelcolosi.com.br\/wp-content\/uploads\/2024\/07\/ponte-presidente-kennedy_2024-07-12_16-02-17_jpg_2024-07-12_16-02-17.webp.webp?fit=1200%2C599&ssl=1&resize=350%2C200","width":350,"height":200,"srcset":"https:\/\/i0.wp.com\/ismaelcolosi.com.br\/wp-content\/uploads\/2024\/07\/ponte-presidente-kennedy_2024-07-12_16-02-17_jpg_2024-07-12_16-02-17.webp.webp?fit=1200%2C599&ssl=1&resize=350%2C200 1x, https:\/\/i0.wp.com\/ismaelcolosi.com.br\/wp-content\/uploads\/2024\/07\/ponte-presidente-kennedy_2024-07-12_16-02-17_jpg_2024-07-12_16-02-17.webp.webp?fit=1200%2C599&ssl=1&resize=525%2C300 1.5x, https:\/\/i0.wp.com\/ismaelcolosi.com.br\/wp-content\/uploads\/2024\/07\/ponte-presidente-kennedy_2024-07-12_16-02-17_jpg_2024-07-12_16-02-17.webp.webp?fit=1200%2C599&ssl=1&resize=700%2C400 2x, https:\/\/i0.wp.com\/ismaelcolosi.com.br\/wp-content\/uploads\/2024\/07\/ponte-presidente-kennedy_2024-07-12_16-02-17_jpg_2024-07-12_16-02-17.webp.webp?fit=1200%2C599&ssl=1&resize=1050%2C600 3x"},"classes":[]},{"id":18395,"url":"https:\/\/ismaelcolosi.com.br\/index.php\/2023\/12\/20\/prefeitura-de-ribeirao-preto-vai-fazer-nova-licitacao-para-obra-da-nove-de-julho\/","url_meta":{"origin":56000,"position":1},"title":"Prefeitura de Ribeir\u00e3o Preto vai fazer nova licita\u00e7\u00e3o para obra da Nove de Julho","author":"ismaelcolosi.com.br","date":"20 de December de 2023","format":false,"excerpt":"A Prefeitura de Ribeir\u00e3o Preto vai precisar fazer uma nova licita\u00e7\u00e3o para concluir a obra da avenida Nove de Julho, na regi\u00e3o central da cidade. A Construtora Metropolitana, que venceu a primeira licita\u00e7\u00e3o j\u00e1 foi, inclusive, multada pela Prefeitura de Ribeir\u00e3o Preto por n\u00e3o respeitar o cronograma \u2013 contrato tamb\u00e9m\u2026","rel":"","context":"In &quot;Not\u00edcias de Ribeir\u00e3o Preto-SP e Regi\u00e3o&quot;","block_context":{"text":"Not\u00edcias de Ribeir\u00e3o Preto-SP e Regi\u00e3o","link":"https:\/\/ismaelcolosi.com.br\/index.php\/category\/noticias-de-ribeirao-preto-sp-e-regiao-ismael-colosi\/"},"img":{"alt_text":"","src":"https:\/\/i0.wp.com\/ismaelcolosi.com.br\/wp-content\/uploads\/2023\/12\/WhatsApp-Image-2023-12-20-at-10.47.41.jpeg?fit=1200%2C675&ssl=1&resize=350%2C200","width":350,"height":200,"srcset":"https:\/\/i0.wp.com\/ismaelcolosi.com.br\/wp-content\/uploads\/2023\/12\/WhatsApp-Image-2023-12-20-at-10.47.41.jpeg?fit=1200%2C675&ssl=1&resize=350%2C200 1x, https:\/\/i0.wp.com\/ismaelcolosi.com.br\/wp-content\/uploads\/2023\/12\/WhatsApp-Image-2023-12-20-at-10.47.41.jpeg?fit=1200%2C675&ssl=1&resize=525%2C300 1.5x, https:\/\/i0.wp.com\/ismaelcolosi.com.br\/wp-content\/uploads\/2023\/12\/WhatsApp-Image-2023-12-20-at-10.47.41.jpeg?fit=1200%2C675&ssl=1&resize=700%2C400 2x, https:\/\/i0.wp.com\/ismaelcolosi.com.br\/wp-content\/uploads\/2023\/12\/WhatsApp-Image-2023-12-20-at-10.47.41.jpeg?fit=1200%2C675&ssl=1&resize=1050%2C600 3x"},"classes":[]},{"id":18644,"url":"https:\/\/ismaelcolosi.com.br\/index.php\/2023\/12\/20\/avenida-francisco-junqueira-em-ribeirao-preto-e-liberada-ao-transito\/","url_meta":{"origin":56000,"position":2},"title":"Avenida Francisco Junqueira, em Ribeir\u00e3o Preto, \u00e9 liberada ao tr\u00e2nsito","author":"ismaelcolosi.com.br","date":"20 de December de 2023","format":false,"excerpt":"A Prefeitura de Ribeir\u00e3o Preto liberou, de forma tempor\u00e1ria, nesta quarta-feira (20), o tr\u00e2nsito na avenida Francisco Junqueira, regi\u00e3o central da cidade. A avenida estava interditada, entre as ruas Cerqueira C\u00e9sar e Garibaldi, desde julho. No entanto, a obra para colocar novas galerias pluviais nas ruas S\u00e3o Jos\u00e9 e Marcondes\u2026","rel":"","context":"In &quot;Not\u00edcias de Ribeir\u00e3o Preto-SP e Regi\u00e3o&quot;","block_context":{"text":"Not\u00edcias de Ribeir\u00e3o Preto-SP e Regi\u00e3o","link":"https:\/\/ismaelcolosi.com.br\/index.php\/category\/noticias-de-ribeirao-preto-sp-e-regiao-ismael-colosi\/"},"img":{"alt_text":"","src":"https:\/\/i0.wp.com\/ismaelcolosi.com.br\/wp-content\/uploads\/2023\/12\/WhatsApp-Image-2023-12-20-at-18.31.58.jpeg?fit=1200%2C683&ssl=1&resize=350%2C200","width":350,"height":200,"srcset":"https:\/\/i0.wp.com\/ismaelcolosi.com.br\/wp-content\/uploads\/2023\/12\/WhatsApp-Image-2023-12-20-at-18.31.58.jpeg?fit=1200%2C683&ssl=1&resize=350%2C200 1x, https:\/\/i0.wp.com\/ismaelcolosi.com.br\/wp-content\/uploads\/2023\/12\/WhatsApp-Image-2023-12-20-at-18.31.58.jpeg?fit=1200%2C683&ssl=1&resize=525%2C300 1.5x, https:\/\/i0.wp.com\/ismaelcolosi.com.br\/wp-content\/uploads\/2023\/12\/WhatsApp-Image-2023-12-20-at-18.31.58.jpeg?fit=1200%2C683&ssl=1&resize=700%2C400 2x, https:\/\/i0.wp.com\/ismaelcolosi.com.br\/wp-content\/uploads\/2023\/12\/WhatsApp-Image-2023-12-20-at-18.31.58.jpeg?fit=1200%2C683&ssl=1&resize=1050%2C600 3x"},"classes":[]},{"id":44277,"url":"https:\/\/ismaelcolosi.com.br\/index.php\/2024\/03\/26\/obra-em-ponte-do-royal-parque-deve-durar-quatro-meses\/","url_meta":{"origin":56000,"position":3},"title":"Obra em ponte do Royal Parque deve durar quatro meses","author":"ismaelcolosi.com.br","date":"26 de March de 2024","format":false,"excerpt":"26 de mar\u00e7o de 2024 | 18:0026 de mar\u00e7o de 2024 | 11:10 0 A ASF Engenharia e Neg\u00f3cios Ltda. venceu a licita\u00e7\u00e3o e ser\u00e1 respons\u00e1vel pela reconstru\u00e7\u00e3o de ponte sobre o ribeir\u00e3o Preto, na avenida Ubirajara de Souza Roxo. Tr\u00eas empresas haviam sido habilitadas para a fase final do\u2026","rel":"","context":"In &quot;Not\u00edcias de Ribeir\u00e3o Preto-SP e Regi\u00e3o&quot;","block_context":{"text":"Not\u00edcias de Ribeir\u00e3o Preto-SP e Regi\u00e3o","link":"https:\/\/ismaelcolosi.com.br\/index.php\/category\/noticias-de-ribeirao-preto-sp-e-regiao-ismael-colosi\/"},"img":{"alt_text":"","src":"https:\/\/i0.wp.com\/ismaelcolosi.com.br\/wp-content\/uploads\/2024\/03\/1711500841_PonteRP-Alfredo-Risk-00-scaled.jpg?fit=1000%2C563&ssl=1&resize=350%2C200","width":350,"height":200,"srcset":"https:\/\/i0.wp.com\/ismaelcolosi.com.br\/wp-content\/uploads\/2024\/03\/1711500841_PonteRP-Alfredo-Risk-00-scaled.jpg?fit=1000%2C563&ssl=1&resize=350%2C200 1x, https:\/\/i0.wp.com\/ismaelcolosi.com.br\/wp-content\/uploads\/2024\/03\/1711500841_PonteRP-Alfredo-Risk-00-scaled.jpg?fit=1000%2C563&ssl=1&resize=525%2C300 1.5x, https:\/\/i0.wp.com\/ismaelcolosi.com.br\/wp-content\/uploads\/2024\/03\/1711500841_PonteRP-Alfredo-Risk-00-scaled.jpg?fit=1000%2C563&ssl=1&resize=700%2C400 2x"},"classes":[]},{"id":32633,"url":"https:\/\/ismaelcolosi.com.br\/index.php\/2024\/01\/25\/apos-um-ano-prefeitura-de-ribeirao-preto-abre-licitacao-para-obras-em-ponte-na-zona-sul\/","url_meta":{"origin":56000,"position":4},"title":"Ap\u00f3s um ano, Prefeitura de Ribeir\u00e3o Preto abre licita\u00e7\u00e3o para obras em ponte na zona Sul","author":"ismaelcolosi.com.br","date":"25 de January de 2024","format":false,"excerpt":"Um ano depois da ponte que d\u00e1 acesso ao condom\u00ednio Royal Park ser interditada por conta de eros\u00f5es provocadas pelas chuvas, a Prefeitura de Ribeir\u00e3o Preto anunciou nesta quinta-feira (25), a abertura de licita\u00e7\u00e3o para a reconstru\u00e7\u00e3o do local. A abertura dos envelopes est\u00e1 prevista para o dia 15 de\u2026","rel":"","context":"In &quot;Not\u00edcias de Ribeir\u00e3o Preto-SP e Regi\u00e3o&quot;","block_context":{"text":"Not\u00edcias de Ribeir\u00e3o Preto-SP e Regi\u00e3o","link":"https:\/\/ismaelcolosi.com.br\/index.php\/category\/noticias-de-ribeirao-preto-sp-e-regiao-ismael-colosi\/"},"img":{"alt_text":"","src":"https:\/\/i0.wp.com\/ismaelcolosi.com.br\/wp-content\/uploads\/2024\/01\/Copia-de-Copia-de-TAMANHO-EXATO-PARA-FOTOS-NO-SISTEMA-NOVO-5-1.jpg?fit=1200%2C675&ssl=1&resize=350%2C200","width":350,"height":200,"srcset":"https:\/\/i0.wp.com\/ismaelcolosi.com.br\/wp-content\/uploads\/2024\/01\/Copia-de-Copia-de-TAMANHO-EXATO-PARA-FOTOS-NO-SISTEMA-NOVO-5-1.jpg?fit=1200%2C675&ssl=1&resize=350%2C200 1x, https:\/\/i0.wp.com\/ismaelcolosi.com.br\/wp-content\/uploads\/2024\/01\/Copia-de-Copia-de-TAMANHO-EXATO-PARA-FOTOS-NO-SISTEMA-NOVO-5-1.jpg?fit=1200%2C675&ssl=1&resize=525%2C300 1.5x, https:\/\/i0.wp.com\/ismaelcolosi.com.br\/wp-content\/uploads\/2024\/01\/Copia-de-Copia-de-TAMANHO-EXATO-PARA-FOTOS-NO-SISTEMA-NOVO-5-1.jpg?fit=1200%2C675&ssl=1&resize=700%2C400 2x, https:\/\/i0.wp.com\/ismaelcolosi.com.br\/wp-content\/uploads\/2024\/01\/Copia-de-Copia-de-TAMANHO-EXATO-PARA-FOTOS-NO-SISTEMA-NOVO-5-1.jpg?fit=1200%2C675&ssl=1&resize=1050%2C600 3x"},"classes":[]},{"id":39211,"url":"https:\/\/ismaelcolosi.com.br\/index.php\/2024\/02\/23\/prefeitura-atrasa-licitacao-de-ponte-do-royal-park\/","url_meta":{"origin":56000,"position":5},"title":"Prefeitura atrasa\u00a0licita\u00e7\u00e3o de ponte\u00a0do Royal Park\u00a0","author":"ismaelcolosi.com.br","date":"23 de February de 2024","format":false,"excerpt":"23 de fevereiro de 2024 | 14:0023 de fevereiro de 2024 | 8:07 0A prefeitura de Ribeir\u00e3o Preto publicou nesta quinta-feira, 22 de fevereiro, no Di\u00e1rio Oficial do Munic\u00edpio, aviso de licita\u00e7\u00e3o para constru\u00e7\u00e3o de nova ponte sobre o c\u00f3rrego da avenida Ubirajara de Souza Roxo, que interliga a Rodovia\u2026","rel":"","context":"In &quot;Not\u00edcias de Ribeir\u00e3o Preto-SP e Regi\u00e3o&quot;","block_context":{"text":"Not\u00edcias de Ribeir\u00e3o Preto-SP e Regi\u00e3o","link":"https:\/\/ismaelcolosi.com.br\/index.php\/category\/noticias-de-ribeirao-preto-sp-e-regiao-ismael-colosi\/"},"img":{"alt_text":"","src":"https:\/\/i0.wp.com\/ismaelcolosi.com.br\/wp-content\/uploads\/2024\/02\/PonteRP-Detalhe-Fernando-Gonzaga-scaled.jpg?fit=967%2C645&ssl=1&resize=350%2C200","width":350,"height":200,"srcset":"https:\/\/i0.wp.com\/ismaelcolosi.com.br\/wp-content\/uploads\/2024\/02\/PonteRP-Detalhe-Fernando-Gonzaga-scaled.jpg?fit=967%2C645&ssl=1&resize=350%2C200 1x, https:\/\/i0.wp.com\/ismaelcolosi.com.br\/wp-content\/uploads\/2024\/02\/PonteRP-Detalhe-Fernando-Gonzaga-scaled.jpg?fit=967%2C645&ssl=1&resize=525%2C300 1.5x, https:\/\/i0.wp.com\/ismaelcolosi.com.br\/wp-content\/uploads\/2024\/02\/PonteRP-Detalhe-Fernando-Gonzaga-scaled.jpg?fit=967%2C645&ssl=1&resize=700%2C400 2x"},"classes":[]}],"jetpack_sharing_enabled":true,"jetpack_shortlink":"https:\/\/wp.me\/pfMlyK-eze","_links":{"self":[{"href":"https:\/\/ismaelcolosi.com.br\/index.php\/wp-json\/wp\/v2\/posts\/56000","targetHints":{"allow":["GET"]}}],"collection":[{"href":"https:\/\/ismaelcolosi.com.br\/index.php\/wp-json\/wp\/v2\/posts"}],"about":[{"href":"https:\/\/ismaelcolosi.com.br\/index.php\/wp-json\/wp\/v2\/types\/post"}],"author":[{"embeddable":true,"href":"https:\/\/ismaelcolosi.com.br\/index.php\/wp-json\/wp\/v2\/users\/1"}],"replies":[{"embeddable":true,"href":"https:\/\/ismaelcolosi.com.br\/index.php\/wp-json\/wp\/v2\/comments?post=56000"}],"version-history":[{"count":0,"href":"https:\/\/ismaelcolosi.com.br\/index.php\/wp-json\/wp\/v2\/posts\/56000\/revisions"}],"wp:featuredmedia":[{"embeddable":true,"href":"https:\/\/ismaelcolosi.com.br\/index.php\/wp-json\/wp\/v2\/media\/56001"}],"wp:attachment":[{"href":"https:\/\/ismaelcolosi.com.br\/index.php\/wp-json\/wp\/v2\/media?parent=56000"}],"wp:term":[{"taxonomy":"category","embeddable":true,"href":"https:\/\/ismaelcolosi.com.br\/index.php\/wp-json\/wp\/v2\/categories?post=56000"},{"taxonomy":"post_tag","embeddable":true,"href":"https:\/\/ismaelcolosi.com.br\/index.php\/wp-json\/wp\/v2\/tags?post=56000"}],"curies":[{"name":"wp","href":"https:\/\/api.w.org\/{rel}","templated":true}]}}