{"id":55995,"date":"2024-07-08T14:23:02","date_gmt":"2024-07-08T17:23:02","guid":{"rendered":"https:\/\/ismaelcolosi.com.br\/index.php\/2024\/07\/08\/petrobras-anuncia-aumento-da-gasolina-e-do-gas-de-cozinha-veja-quanto\/"},"modified":"2024-07-08T14:23:02","modified_gmt":"2024-07-08T17:23:02","slug":"petrobras-anuncia-aumento-da-gasolina-e-do-gas-de-cozinha-veja-quanto","status":"publish","type":"post","link":"https:\/\/ismaelcolosi.com.br\/index.php\/2024\/07\/08\/petrobras-anuncia-aumento-da-gasolina-e-do-gas-de-cozinha-veja-quanto\/","title":{"rendered":"Petrobras anuncia aumento da gasolina e do g\u00e1s de cozinha; Veja quanto"},"content":{"rendered":"<p> <br \/>\n<\/p>\n<div data-td-block-uid=\"tdi_106\">\n<div class=\"tdb-block-inner td-fix-index\">\n<p>A<strong> Petrobras<\/strong> anunciou nesta segunda-feira (8) <mark style=\"background-color:#fcb900\" class=\"has-inline-color has-black-color\">o aumento dos pre\u00e7os da<strong> gasolina<\/strong> e do <strong>GLP (g\u00e1s de cozinha) <\/strong>para as distribuidoras.<\/mark> O reajuste dos combust\u00edveis ser\u00e1 v\u00e1lido a partir desta ter\u00e7a-feira (9).<\/p>\n<p>De acordo com a estatal, considerando a mistura obrigat\u00f3ria de 73% de gasolina e 27% de etanol anidro para composi\u00e7\u00e3o da gasolina vendida nos postos, o litro do combust\u00edvel ficar\u00e1, em m\u00e9dia, <mark style=\"background-color:#fcb900\" class=\"has-inline-color has-black-color\">R$ 0,15 mais caro para o consumidor.<\/mark> J\u00e1 o g\u00e1s de cozinha ter\u00e1 um aumento de R$ 3,10 no botij\u00e3o de 13 kg.<\/p>\n<h4 class=\"wp-block-heading\"><strong>Justificativa<\/strong><\/h4>\n<p>Em comunicado, a Petrobras afirmou que, em 2024, este \u00e9 o primeiro ajuste nos pre\u00e7os de venda de gasolina para as distribuidoras e que o \u00faltimo aumento aconteceu em agosto de 2023.<\/p>\n<p>\u201cDesde a implementa\u00e7\u00e3o da nova estrat\u00e9gia comercial, a Petrobras reduziu seus pre\u00e7os de venda para as distribuidoras em R$ 0,17 \/litro\u201d, afirma.<\/p>\n<p>O mesmo ocorre com o g\u00e1s de cozinha, que teve o \u00faltimo aumento em mar\u00e7o de 2022. \u201cDesde 31\/12\/2022, a Petrobras reduziu seus pre\u00e7os de venda para as distribuidoras em valor equivalente a R$ 7,34 \/13kg\u201d, completa.<\/p>\n<p>SAIBA MAIS<br \/>Feriado de 9 de Julho: Veja hor\u00e1rio de funcionamento dos shoppings e com\u00e9rcio de Ribeir\u00e3o Preto<\/p>\n<h4 class=\"wp-block-heading\"><strong>FIQUE ON<\/strong><\/h4>\n<p>Fique ligado em tudo que acontece em Ribeir\u00e3o Preto e regi\u00e3o. Siga os perfis do <strong>acidade on<\/strong> no<a href=\"https:\/\/www.instagram.com\/acidadeonribeirao\" target=\"_blank\" rel=\"noreferrer noopener nofollow\"> Instagram<\/a> e no <a href=\"https:\/\/www.facebook.com\/acidadeonribeirao\/\" target=\"_blank\" rel=\"noreferrer noopener nofollow\">Facebook<\/a>.<\/p>\n<p>Receba not\u00edcias do<strong> acidade on<\/strong> no WhatsApp. <a href=\"https:\/\/chat.whatsapp.com\/CdrZ6xrf7quD44Vw3WlPuZ\" target=\"_blank\" rel=\"noreferrer noopener nofollow\">Para entrar no grupo, basta clicar aqui.<\/a><\/p>\n<p>Fa\u00e7a uma den\u00fancia ou sugira uma reportagem sobre Ribeir\u00e3o Preto e regi\u00e3o pelo WhatsApp: 16 99117 7802.<\/p>\n<p>VEJA TAMB\u00c9M<br \/>O que \u00e9 rabdomiossarcoma?<\/p>\n<p><!-- AI CONTENT END 1 -->\n<\/div>\n<\/div>\n<p><script async src=\"\/\/www.instagram.com\/embed.js\"><\/script><br \/>\n<br \/><br \/>\n<br \/><a href=\"https:\/\/www.acidadeon.com\/ribeiraopreto\/economia\/petrobras-anuncia-aumento-gasolina-e-do-gas-de-cozinha-veja-quanto\/\">Source link <\/a><\/p>\n<div class='code-block code-block-4' style='margin: 8px auto 8px 0; text-align: left; display: block; clear: both;'>\n\ud83d\udce2 Aviso Legal\n\nO site ismaelcolosi.com.br atua apenas como um canal de divulga\u00e7\u00e3o de oportunidades de emprego e n\u00e3o se responsabiliza pelo processo seletivo, contrata\u00e7\u00e3o ou qualquer outra etapa relacionada \u00e0s vagas publicadas. Todas as informa\u00e7\u00f5es s\u00e3o de responsabilidade dos anunciantes.\n\n\u26a0\ufe0f Aten\u00e7\u00e3o! Nunca pague por promessas de emprego nem compre cursos que garantam contrata\u00e7\u00e3o. Desconfie de qualquer cobran\u00e7a para participar de sele\u00e7\u00f5es.\n\n\n\n<\/div>\n<!-- CONTENT END 1 -->\n","protected":false},"excerpt":{"rendered":"<p>A Petrobras anunciou nesta segunda-feira (8) o aumento dos pre\u00e7os da gasolina e do GLP (g\u00e1s de cozinha) para as distribuidoras. O reajuste dos combust\u00edveis&#8230;<\/p>\n","protected":false},"author":1,"featured_media":55992,"comment_status":"open","ping_status":"open","sticky":false,"template":"","format":"standard","meta":{"_uag_custom_page_level_css":"","advanced_seo_description":"","jetpack_seo_html_title":"","jetpack_seo_noindex":false,"jetpack_post_was_ever_published":false,"_jetpack_newsletter_access":"","_jetpack_dont_email_post_to_subs":false,"_jetpack_newsletter_tier_id":0,"_jetpack_memberships_contains_paywalled_content":false,"_jetpack_memberships_contains_paid_content":false,"footnotes":"","jetpack_publicize_message":"","jetpack_publicize_feature_enabled":true,"jetpack_social_post_already_shared":true,"jetpack_social_options":{"image_generator_settings":{"template":"highway","default_image_id":0,"font":"","enabled":false},"version":2}},"categories":[11],"tags":[],"class_list":["post-55995","post","type-post","status-publish","format-standard","has-post-thumbnail","hentry","category-noticias-de-ribeirao-preto-sp-e-regiao-ismael-colosi"],"jetpack_publicize_connections":[],"jetpack_featured_media_url":"https:\/\/i0.wp.com\/ismaelcolosi.com.br\/wp-content\/uploads\/2024\/07\/AnyConv.com__gasolina-1_2024-07-08_16-38-14.webp.webp?fit=1170%2C700&ssl=1","uagb_featured_image_src":{"full":["https:\/\/i0.wp.com\/ismaelcolosi.com.br\/wp-content\/uploads\/2024\/07\/AnyConv.com__gasolina-1_2024-07-08_16-38-14.webp.webp?fit=1170%2C700&ssl=1",1170,700,false],"thumbnail":["https:\/\/i0.wp.com\/ismaelcolosi.com.br\/wp-content\/uploads\/2024\/07\/AnyConv.com__gasolina-1_2024-07-08_16-38-14.webp.webp?resize=150%2C150&ssl=1",150,150,true],"medium":["https:\/\/i0.wp.com\/ismaelcolosi.com.br\/wp-content\/uploads\/2024\/07\/AnyConv.com__gasolina-1_2024-07-08_16-38-14.webp.webp?fit=300%2C179&ssl=1",300,179,true],"medium_large":["https:\/\/i0.wp.com\/ismaelcolosi.com.br\/wp-content\/uploads\/2024\/07\/AnyConv.com__gasolina-1_2024-07-08_16-38-14.webp.webp?fit=768%2C459&ssl=1",768,459,true],"large":["https:\/\/i0.wp.com\/ismaelcolosi.com.br\/wp-content\/uploads\/2024\/07\/AnyConv.com__gasolina-1_2024-07-08_16-38-14.webp.webp?fit=1024%2C613&ssl=1",1024,613,true],"1536x1536":["https:\/\/i0.wp.com\/ismaelcolosi.com.br\/wp-content\/uploads\/2024\/07\/AnyConv.com__gasolina-1_2024-07-08_16-38-14.webp.webp?fit=1170%2C700&ssl=1",1170,700,true],"2048x2048":["https:\/\/i0.wp.com\/ismaelcolosi.com.br\/wp-content\/uploads\/2024\/07\/AnyConv.com__gasolina-1_2024-07-08_16-38-14.webp.webp?fit=1170%2C700&ssl=1",1170,700,true],"really-simple-thumb":["https:\/\/i0.wp.com\/ismaelcolosi.com.br\/wp-content\/uploads\/2024\/07\/AnyConv.com__gasolina-1_2024-07-08_16-38-14.webp.webp?resize=370%2C247&ssl=1",370,247,true]},"uagb_author_info":{"display_name":"ismaelcolosi.com.br","author_link":"https:\/\/ismaelcolosi.com.br\/index.php\/author\/vidareal-online\/"},"uagb_comment_info":0,"uagb_excerpt":"A Petrobras anunciou nesta segunda-feira (8) o aumento dos pre\u00e7os da gasolina e do GLP (g\u00e1s de cozinha) para as distribuidoras. O reajuste dos combust\u00edveis...","jetpack-related-posts":[{"id":55991,"url":"https:\/\/ismaelcolosi.com.br\/index.php\/2024\/07\/08\/petrobras-anuncia-aumento-da-gasolina-e-do-gas-de-cozinha-veja-os-novos-precos\/","url_meta":{"origin":55995,"position":0},"title":"Petrobras anuncia aumento da gasolina e do g\u00e1s de cozinha; Veja os novos pre\u00e7os","author":"ismaelcolosi.com.br","date":"8 de July de 2024","format":false,"excerpt":"A Petrobras anunciou nesta segunda-feira (8) o aumento dos pre\u00e7os da gasolina e do GLP (g\u00e1s de cozinha) para as distribuidoras. O reajuste dos combust\u00edveis ser\u00e1 v\u00e1lido a partir desta ter\u00e7a-feira (9). De acordo com a estatal, considerando a mistura obrigat\u00f3ria de 73% de gasolina e 27% de etanol anidro\u2026","rel":"","context":"In &quot;Not\u00edcias de Ribeir\u00e3o Preto-SP e Regi\u00e3o&quot;","block_context":{"text":"Not\u00edcias de Ribeir\u00e3o Preto-SP e Regi\u00e3o","link":"https:\/\/ismaelcolosi.com.br\/index.php\/category\/noticias-de-ribeirao-preto-sp-e-regiao-ismael-colosi\/"},"img":{"alt_text":"","src":"https:\/\/i0.wp.com\/ismaelcolosi.com.br\/wp-content\/uploads\/2024\/07\/AnyConv.com__gasolina-1_2024-07-08_16-38-14.webp.webp?fit=1170%2C700&ssl=1&resize=350%2C200","width":350,"height":200,"srcset":"https:\/\/i0.wp.com\/ismaelcolosi.com.br\/wp-content\/uploads\/2024\/07\/AnyConv.com__gasolina-1_2024-07-08_16-38-14.webp.webp?fit=1170%2C700&ssl=1&resize=350%2C200 1x, https:\/\/i0.wp.com\/ismaelcolosi.com.br\/wp-content\/uploads\/2024\/07\/AnyConv.com__gasolina-1_2024-07-08_16-38-14.webp.webp?fit=1170%2C700&ssl=1&resize=525%2C300 1.5x, https:\/\/i0.wp.com\/ismaelcolosi.com.br\/wp-content\/uploads\/2024\/07\/AnyConv.com__gasolina-1_2024-07-08_16-38-14.webp.webp?fit=1170%2C700&ssl=1&resize=700%2C400 2x, https:\/\/i0.wp.com\/ismaelcolosi.com.br\/wp-content\/uploads\/2024\/07\/AnyConv.com__gasolina-1_2024-07-08_16-38-14.webp.webp?fit=1170%2C700&ssl=1&resize=1050%2C600 3x"},"classes":[]},{"id":13420,"url":"https:\/\/ismaelcolosi.com.br\/index.php\/2023\/12\/10\/diesel-mais-barato-a-partir-desta-sexta-feira-nas-distribuidoras\/","url_meta":{"origin":55995,"position":1},"title":"Diesel mais barato a partir desta sexta-feira nas distribuidoras \u2013 Folha de Ribeir\u00e3o","author":"ismaelcolosi.com.br","date":"10 de December de 2023","format":false,"excerpt":"O litro do diesel nas distribuidoras est\u00e1, em m\u00e9dia, R$ 0,27 menor, a partir desta sexta-feira (8). O valor\u00a0passa a ser de R$ 3,78. A medida foi anunciada nessa quinta-feira (7) pela Petrobras. No ano, a redu\u00e7\u00e3o acumulada soma R$ 0,71 por litro, o equivalente a 15,8%. De acordo com\u2026","rel":"","context":"In &quot;Not\u00edcias de Ribeir\u00e3o Preto-SP e Regi\u00e3o&quot;","block_context":{"text":"Not\u00edcias de Ribeir\u00e3o Preto-SP e Regi\u00e3o","link":"https:\/\/ismaelcolosi.com.br\/index.php\/category\/noticias-de-ribeirao-preto-sp-e-regiao-ismael-colosi\/"},"img":{"alt_text":"","src":"","width":0,"height":0},"classes":[]},{"id":34255,"url":"https:\/\/ismaelcolosi.com.br\/index.php\/2024\/02\/01\/gas-de-cozinha-sobe-com-icms\/","url_meta":{"origin":55995,"position":2},"title":"G\u00e1s de cozinha sobe com ICMS\u00a0","author":"ismaelcolosi.com.br","date":"1 de February de 2024","format":false,"excerpt":"A partir desta quinta-feira, 1\u00ba de fevereiro, os pre\u00e7os da gasolina, do diesel e do botij\u00e3o de g\u00e1s de cozinha \u2013 g\u00e1s liquefeito de petr\u00f3leo (GLP) \u2013 ficar\u00e3o mais caros com o in\u00edcio da vig\u00eancia de novas al\u00edquotas do Imposto sobre Circula\u00e7\u00e3o de Mercadorias e Servi\u00e7os (ICMS), aprovadas pelos governos\u2026","rel":"","context":"In &quot;Not\u00edcias de Ribeir\u00e3o Preto-SP e Regi\u00e3o&quot;","block_context":{"text":"Not\u00edcias de Ribeir\u00e3o Preto-SP e Regi\u00e3o","link":"https:\/\/ismaelcolosi.com.br\/index.php\/category\/noticias-de-ribeirao-preto-sp-e-regiao-ismael-colosi\/"},"img":{"alt_text":"","src":"https:\/\/i0.wp.com\/ismaelcolosi.com.br\/wp-content\/uploads\/2024\/02\/GasRP-Pedro-Ventura-scaled.jpg?fit=971%2C645&ssl=1&resize=350%2C200","width":350,"height":200,"srcset":"https:\/\/i0.wp.com\/ismaelcolosi.com.br\/wp-content\/uploads\/2024\/02\/GasRP-Pedro-Ventura-scaled.jpg?fit=971%2C645&ssl=1&resize=350%2C200 1x, https:\/\/i0.wp.com\/ismaelcolosi.com.br\/wp-content\/uploads\/2024\/02\/GasRP-Pedro-Ventura-scaled.jpg?fit=971%2C645&ssl=1&resize=525%2C300 1.5x, https:\/\/i0.wp.com\/ismaelcolosi.com.br\/wp-content\/uploads\/2024\/02\/GasRP-Pedro-Ventura-scaled.jpg?fit=971%2C645&ssl=1&resize=700%2C400 2x"},"classes":[]},{"id":20808,"url":"https:\/\/ismaelcolosi.com.br\/index.php\/2023\/12\/26\/estatal-anuncia-reducao-de-r-030-no-preco-do-diesel\/","url_meta":{"origin":55995,"position":3},"title":"Petrobras anuncia redu\u00e7\u00e3o de R$ 0,30 no pre\u00e7o do diesel","author":"ismaelcolosi.com.br","date":"26 de December de 2023","format":false,"excerpt":"O pre\u00e7o do litro do diesel vendido pela Petrobras \u00e0s distribuidoras de combust\u00edveis ser\u00e1 reduzido em R$ 0,30 a partir desta quarta-feira (27). O an\u00fancio foi feito nesta ter\u00e7a-feira (26) pela estatal, que passar\u00e1 a cobrar R$ 3,48 por litro. Os pre\u00e7os da gasolina e do g\u00e1s de cozinha ser\u00e3o\u2026","rel":"","context":"In &quot;Not\u00edcias de Ribeir\u00e3o Preto-SP e Regi\u00e3o&quot;","block_context":{"text":"Not\u00edcias de Ribeir\u00e3o Preto-SP e Regi\u00e3o","link":"https:\/\/ismaelcolosi.com.br\/index.php\/category\/noticias-de-ribeirao-preto-sp-e-regiao-ismael-colosi\/"},"img":{"alt_text":"","src":"https:\/\/i0.wp.com\/ismaelcolosi.com.br\/wp-content\/uploads\/2023\/12\/1703613960_diesel.jpg?fit=699%2C420&ssl=1&resize=350%2C200","width":350,"height":200,"srcset":"https:\/\/i0.wp.com\/ismaelcolosi.com.br\/wp-content\/uploads\/2023\/12\/1703613960_diesel.jpg?fit=699%2C420&ssl=1&resize=350%2C200 1x, https:\/\/i0.wp.com\/ismaelcolosi.com.br\/wp-content\/uploads\/2023\/12\/1703613960_diesel.jpg?fit=699%2C420&ssl=1&resize=525%2C300 1.5x"},"classes":[]},{"id":15012,"url":"https:\/\/ismaelcolosi.com.br\/index.php\/2023\/12\/12\/etanol-volta-a-cair-nas-usinas-3\/","url_meta":{"origin":55995,"position":4},"title":"Etanol volta a cair nas usinas \u00a0","author":"ismaelcolosi.com.br","date":"12 de December de 2023","format":false,"excerpt":"O pre\u00e7o do \u00e1lcool combust\u00edvel voltou a cair nas usinas paulistas. O valor do hidratado est\u00e1 abaixo de R$ 2,00, mas \u201cencostou\u201d nos R$ 3,90 no final de 2021. Na sexta-feira, 8 de dezembro, recuou 3,57%, de R$ 2,0536 para R$ 1,9803 por litro, valor mais baixo desde outubro de\u2026","rel":"","context":"In &quot;Not\u00edcias de Ribeir\u00e3o Preto-SP e Regi\u00e3o&quot;","block_context":{"text":"Not\u00edcias de Ribeir\u00e3o Preto-SP e Regi\u00e3o","link":"https:\/\/ismaelcolosi.com.br\/index.php\/category\/noticias-de-ribeirao-preto-sp-e-regiao-ismael-colosi\/"},"img":{"alt_text":"","src":"https:\/\/i0.wp.com\/ismaelcolosi.com.br\/wp-content\/uploads\/2023\/12\/etanol.png?fit=1000%2C563&ssl=1&resize=350%2C200","width":350,"height":200,"srcset":"https:\/\/i0.wp.com\/ismaelcolosi.com.br\/wp-content\/uploads\/2023\/12\/etanol.png?fit=1000%2C563&ssl=1&resize=350%2C200 1x, https:\/\/i0.wp.com\/ismaelcolosi.com.br\/wp-content\/uploads\/2023\/12\/etanol.png?fit=1000%2C563&ssl=1&resize=525%2C300 1.5x, https:\/\/i0.wp.com\/ismaelcolosi.com.br\/wp-content\/uploads\/2023\/12\/etanol.png?fit=1000%2C563&ssl=1&resize=700%2C400 2x"},"classes":[]},{"id":27109,"url":"https:\/\/ismaelcolosi.com.br\/index.php\/2024\/01\/11\/etanol-recua-nas-usinas-paulistas-2\/","url_meta":{"origin":55995,"position":5},"title":"Etanol recua nas usinas paulistas\u00a0","author":"ismaelcolosi.com.br","date":"11 de January de 2024","format":false,"excerpt":"O pre\u00e7o do \u00e1lcool combust\u00edvel voltou a cair nas usinas paulistas ap\u00f3s duas altas seguidas, de 1,31% e 0,92%. O valor do hidratado est\u00e1 abaixo de R$ 1,90, mas \u201cencostou\u201d nos R$ 3,90 no final de 2021. Na sexta-feira, 5 de janeiro, recuou 1,38%, de R$ 1,9004 para R$ 1,8741\u2026","rel":"","context":"In &quot;Not\u00edcias de Ribeir\u00e3o Preto-SP e Regi\u00e3o&quot;","block_context":{"text":"Not\u00edcias de Ribeir\u00e3o Preto-SP e Regi\u00e3o","link":"https:\/\/ismaelcolosi.com.br\/index.php\/category\/noticias-de-ribeirao-preto-sp-e-regiao-ismael-colosi\/"},"img":{"alt_text":"","src":"https:\/\/i0.wp.com\/ismaelcolosi.com.br\/wp-content\/uploads\/2024\/01\/EtanolRP-Marcelo-Camargo-Ag.Br_-scaled.jpg?fit=1000%2C598&ssl=1&resize=350%2C200","width":350,"height":200,"srcset":"https:\/\/i0.wp.com\/ismaelcolosi.com.br\/wp-content\/uploads\/2024\/01\/EtanolRP-Marcelo-Camargo-Ag.Br_-scaled.jpg?fit=1000%2C598&ssl=1&resize=350%2C200 1x, https:\/\/i0.wp.com\/ismaelcolosi.com.br\/wp-content\/uploads\/2024\/01\/EtanolRP-Marcelo-Camargo-Ag.Br_-scaled.jpg?fit=1000%2C598&ssl=1&resize=525%2C300 1.5x, https:\/\/i0.wp.com\/ismaelcolosi.com.br\/wp-content\/uploads\/2024\/01\/EtanolRP-Marcelo-Camargo-Ag.Br_-scaled.jpg?fit=1000%2C598&ssl=1&resize=700%2C400 2x"},"classes":[]}],"jetpack_sharing_enabled":true,"jetpack_shortlink":"https:\/\/wp.me\/pfMlyK-ez9","_links":{"self":[{"href":"https:\/\/ismaelcolosi.com.br\/index.php\/wp-json\/wp\/v2\/posts\/55995","targetHints":{"allow":["GET"]}}],"collection":[{"href":"https:\/\/ismaelcolosi.com.br\/index.php\/wp-json\/wp\/v2\/posts"}],"about":[{"href":"https:\/\/ismaelcolosi.com.br\/index.php\/wp-json\/wp\/v2\/types\/post"}],"author":[{"embeddable":true,"href":"https:\/\/ismaelcolosi.com.br\/index.php\/wp-json\/wp\/v2\/users\/1"}],"replies":[{"embeddable":true,"href":"https:\/\/ismaelcolosi.com.br\/index.php\/wp-json\/wp\/v2\/comments?post=55995"}],"version-history":[{"count":0,"href":"https:\/\/ismaelcolosi.com.br\/index.php\/wp-json\/wp\/v2\/posts\/55995\/revisions"}],"wp:featuredmedia":[{"embeddable":true,"href":"https:\/\/ismaelcolosi.com.br\/index.php\/wp-json\/wp\/v2\/media\/55992"}],"wp:attachment":[{"href":"https:\/\/ismaelcolosi.com.br\/index.php\/wp-json\/wp\/v2\/media?parent=55995"}],"wp:term":[{"taxonomy":"category","embeddable":true,"href":"https:\/\/ismaelcolosi.com.br\/index.php\/wp-json\/wp\/v2\/categories?post=55995"},{"taxonomy":"post_tag","embeddable":true,"href":"https:\/\/ismaelcolosi.com.br\/index.php\/wp-json\/wp\/v2\/tags?post=55995"}],"curies":[{"name":"wp","href":"https:\/\/api.w.org\/{rel}","templated":true}]}}