{"id":55984,"date":"2024-07-08T13:17:27","date_gmt":"2024-07-08T16:17:27","guid":{"rendered":"https:\/\/ismaelcolosi.com.br\/index.php\/2024\/07\/08\/cidade-na-regiao-de-ribeirao-preto-recebe-campeonato-de-parapente-saiba-como-acompanhar-2\/"},"modified":"2024-07-08T13:17:27","modified_gmt":"2024-07-08T16:17:27","slug":"cidade-na-regiao-de-ribeirao-preto-recebe-campeonato-de-parapente-saiba-como-acompanhar-2","status":"publish","type":"post","link":"https:\/\/ismaelcolosi.com.br\/index.php\/2024\/07\/08\/cidade-na-regiao-de-ribeirao-preto-recebe-campeonato-de-parapente-saiba-como-acompanhar-2\/","title":{"rendered":"Cidade na regi\u00e3o de Ribeir\u00e3o Preto recebe campeonato de parapente; Saiba como acompanhar"},"content":{"rendered":"<p> <br \/>\n<\/p>\n<div data-td-block-uid=\"tdi_106\">\n<div class=\"tdb-block-inner td-fix-index\">\n<p><strong>Santo Ant\u00f4nio da Alegria<\/strong>, na regi\u00e3o de <strong>Ribeir\u00e3o Preto<\/strong>, recebe a <strong>2\u00aa etapa do Campeonato Paulista de Parapente de 2024<\/strong>. A competi\u00e7\u00e3o iniciou no final de semana e segue at\u00e9 <strong>ter\u00e7a-feira (9)<\/strong>.<\/p>\n<p>O <strong>campeonato<\/strong> conta com mais de<strong> 120 pilotos inscritos<\/strong> e tem <strong>entrada gratuita <\/strong>para o p\u00fablico. A programa\u00e7\u00e3o segue das<strong> 9h30 \u00e0s 19h<\/strong>.<\/p><div class='code-block code-block-8' style='margin: 8px auto; text-align: center; display: block; clear: both;'>\n<script>\n  atOptions = {\n    'key' : '66e2e2111ca34da796271819fc334058',\n    'format' : 'iframe',\n    'height' : 250,\n    'width' : 300,\n    'params' : {}\n  };\n<\/script>\n<script src=\"https:\/\/www.highperformanceformat.com\/66e2e2111ca34da796271819fc334058\/invoke.js\"><\/script>\n<\/div>\n\n<p>O<strong> QG do evento<\/strong> fica localizado na <strong>rua Jo\u00e3o Batista Paiva (rua da gastronomia)<\/strong>. Os voos s\u00e3o na <strong>Serra da Lajinha<\/strong>,<strong> <\/strong>no clube<strong> Ilha do Ar<\/strong>, em Santo Ant\u00f4nio da Alegria. \u00a0<\/p>\n<h4 class=\"wp-block-heading\"><strong>Servi\u00e7o<\/strong><\/h4>\n<p><strong>2\u00aa etapa do Campeonato Paulista de Parapente de 2024<\/strong><\/p>\n<p><strong>Quando:<\/strong> 8 e 9 de julho, segunda-feira e ter\u00e7a-feira <br \/><strong>Hor\u00e1rio:<\/strong> Das 9h30 \u00e0s 19h <br \/><strong>Local:<\/strong> Santo Ant\u00f4nio da Alegria <br \/><strong>Entrada gratuita<\/strong><\/p>\n<p>SAIBA MAIS<br \/>Entenda por que 9 de julho \u00e9 feriado; Data \u00e9 comemorada nesta ter\u00e7a-feira<\/p>\n<h4 class=\"wp-block-heading\"><strong>FIQUE ON<\/strong><\/h4>\n<p>Fique ligado em tudo que acontece em Ribeir\u00e3o Preto e regi\u00e3o. Siga os perfis do <strong>acidade on <\/strong>no <a href=\"https:\/\/www.instagram.com\/acidadeonribeirao\" target=\"_blank\" rel=\"noreferrer noopener\">Instagram<\/a> e no <a href=\"https:\/\/www.facebook.com\/acidadeonribeirao\" target=\"_blank\" rel=\"noreferrer noopener\">Facebook<\/a>.<\/p>\n<p>Receba not\u00edcias do<strong> acidade on<\/strong> no WhatsApp. Para entrar no grupo, basta <a href=\"https:\/\/chat.whatsapp.com\/CdrZ6xrf7quD44Vw3WlPuZ\" target=\"_blank\" rel=\"noreferrer noopener\">clicar aqui<\/a>.<\/p>\n<p>Fa\u00e7a uma den\u00fancia ou sugira uma reportagem sobre Ribeir\u00e3o Preto e regi\u00e3o pelo WhatsApp: 16 99117 7802.<\/p>\n<p>VEJA TAMB\u00c9M<br \/>Milton Nascimento namorou River Phoenix?<\/p>\n<p><!-- AI CONTENT END 1 -->\n<\/div>\n<\/div>\n<p><script async src=\"\/\/www.instagram.com\/embed.js\"><\/script><br \/>\n<br \/><br \/>\n<br \/><a href=\"https:\/\/www.acidadeon.com\/ribeiraopreto\/esportes\/cidade-na-regiao-de-ribeirao-preto-recebe-campeonato-de-parapente-saiba-como-acompanhar\/\">Source link <\/a><\/p>\n<div class='code-block code-block-4' style='margin: 8px auto 8px 0; text-align: left; display: block; clear: both;'>\n\ud83d\udce2 Aviso Legal\n\nO site ismaelcolosi.com.br atua apenas como um canal de divulga\u00e7\u00e3o de oportunidades de emprego e n\u00e3o se responsabiliza pelo processo seletivo, contrata\u00e7\u00e3o ou qualquer outra etapa relacionada \u00e0s vagas publicadas. Todas as informa\u00e7\u00f5es s\u00e3o de responsabilidade dos anunciantes.\n\n\u26a0\ufe0f Aten\u00e7\u00e3o! Nunca pague por promessas de emprego nem compre cursos que garantam contrata\u00e7\u00e3o. Desconfie de qualquer cobran\u00e7a para participar de sele\u00e7\u00f5es.\n\n\n\n<\/div>\n<!-- CONTENT END 1 -->\n","protected":false},"excerpt":{"rendered":"<p>Santo Ant\u00f4nio da Alegria, na regi\u00e3o de Ribeir\u00e3o Preto, recebe a 2\u00aa etapa do Campeonato Paulista de Parapente de 2024. A competi\u00e7\u00e3o iniciou no final&#8230;<\/p>\n","protected":false},"author":1,"featured_media":55947,"comment_status":"open","ping_status":"open","sticky":false,"template":"","format":"standard","meta":{"_uag_custom_page_level_css":"","advanced_seo_description":"","jetpack_seo_html_title":"","jetpack_seo_noindex":false,"jetpack_post_was_ever_published":false,"_jetpack_newsletter_access":"","_jetpack_dont_email_post_to_subs":false,"_jetpack_newsletter_tier_id":0,"_jetpack_memberships_contains_paywalled_content":false,"_jetpack_memberships_contains_paid_content":false,"footnotes":"","jetpack_publicize_message":"","jetpack_publicize_feature_enabled":true,"jetpack_social_post_already_shared":true,"jetpack_social_options":{"image_generator_settings":{"template":"highway","default_image_id":0,"font":"","enabled":false},"version":2}},"categories":[11],"tags":[],"class_list":["post-55984","post","type-post","status-publish","format-standard","has-post-thumbnail","hentry","category-noticias-de-ribeirao-preto-sp-e-regiao-ismael-colosi"],"jetpack_publicize_connections":[],"jetpack_featured_media_url":"https:\/\/i0.wp.com\/ismaelcolosi.com.br\/wp-content\/uploads\/2024\/07\/Copia-de-Copia-de-TAMANHO-EXATO-PARA-FOTOS-NO-SISTEMA-NOVO-11_2024-07-08_12-30-55_jpg_2024-07-08_12-30-55.webp.webp?fit=1200%2C675&ssl=1","uagb_featured_image_src":{"full":["https:\/\/i0.wp.com\/ismaelcolosi.com.br\/wp-content\/uploads\/2024\/07\/Copia-de-Copia-de-TAMANHO-EXATO-PARA-FOTOS-NO-SISTEMA-NOVO-11_2024-07-08_12-30-55_jpg_2024-07-08_12-30-55.webp.webp?fit=1200%2C675&ssl=1",1200,675,false],"thumbnail":["https:\/\/i0.wp.com\/ismaelcolosi.com.br\/wp-content\/uploads\/2024\/07\/Copia-de-Copia-de-TAMANHO-EXATO-PARA-FOTOS-NO-SISTEMA-NOVO-11_2024-07-08_12-30-55_jpg_2024-07-08_12-30-55.webp.webp?resize=150%2C150&ssl=1",150,150,true],"medium":["https:\/\/i0.wp.com\/ismaelcolosi.com.br\/wp-content\/uploads\/2024\/07\/Copia-de-Copia-de-TAMANHO-EXATO-PARA-FOTOS-NO-SISTEMA-NOVO-11_2024-07-08_12-30-55_jpg_2024-07-08_12-30-55.webp.webp?fit=300%2C169&ssl=1",300,169,true],"medium_large":["https:\/\/i0.wp.com\/ismaelcolosi.com.br\/wp-content\/uploads\/2024\/07\/Copia-de-Copia-de-TAMANHO-EXATO-PARA-FOTOS-NO-SISTEMA-NOVO-11_2024-07-08_12-30-55_jpg_2024-07-08_12-30-55.webp.webp?fit=768%2C432&ssl=1",768,432,true],"large":["https:\/\/i0.wp.com\/ismaelcolosi.com.br\/wp-content\/uploads\/2024\/07\/Copia-de-Copia-de-TAMANHO-EXATO-PARA-FOTOS-NO-SISTEMA-NOVO-11_2024-07-08_12-30-55_jpg_2024-07-08_12-30-55.webp.webp?fit=1024%2C576&ssl=1",1024,576,true],"1536x1536":["https:\/\/i0.wp.com\/ismaelcolosi.com.br\/wp-content\/uploads\/2024\/07\/Copia-de-Copia-de-TAMANHO-EXATO-PARA-FOTOS-NO-SISTEMA-NOVO-11_2024-07-08_12-30-55_jpg_2024-07-08_12-30-55.webp.webp?fit=1200%2C675&ssl=1",1200,675,true],"2048x2048":["https:\/\/i0.wp.com\/ismaelcolosi.com.br\/wp-content\/uploads\/2024\/07\/Copia-de-Copia-de-TAMANHO-EXATO-PARA-FOTOS-NO-SISTEMA-NOVO-11_2024-07-08_12-30-55_jpg_2024-07-08_12-30-55.webp.webp?fit=1200%2C675&ssl=1",1200,675,true],"really-simple-thumb":["https:\/\/i0.wp.com\/ismaelcolosi.com.br\/wp-content\/uploads\/2024\/07\/Copia-de-Copia-de-TAMANHO-EXATO-PARA-FOTOS-NO-SISTEMA-NOVO-11_2024-07-08_12-30-55_jpg_2024-07-08_12-30-55.webp.webp?resize=370%2C247&ssl=1",370,247,true]},"uagb_author_info":{"display_name":"ismaelcolosi.com.br","author_link":"https:\/\/ismaelcolosi.com.br\/index.php\/author\/vidareal-online\/"},"uagb_comment_info":0,"uagb_excerpt":"Santo Ant\u00f4nio da Alegria, na regi\u00e3o de Ribeir\u00e3o Preto, recebe a 2\u00aa etapa do Campeonato Paulista de Parapente de 2024. A competi\u00e7\u00e3o iniciou no final...","jetpack-related-posts":[{"id":55946,"url":"https:\/\/ismaelcolosi.com.br\/index.php\/2024\/07\/08\/cidade-na-regiao-de-ribeirao-preto-recebe-campeonato-de-parapente-saiba-como-acompanhar\/","url_meta":{"origin":55984,"position":0},"title":"Cidade na regi\u00e3o de Ribeir\u00e3o Preto recebe campeonato de parapente; Saiba como acompanhar","author":"ismaelcolosi.com.br","date":"8 de July de 2024","format":false,"excerpt":"Santo Ant\u00f4nio da Alegria, na regi\u00e3o de Ribeir\u00e3o Preto, recebe a 2\u00aa etapa do Campeonato Paulista de Parapente de 2024. A competi\u00e7\u00e3o iniciou no final de semana e segue at\u00e9 ter\u00e7a-feira (9). O campeonato conta com mais de 120 pilotos inscritos e tem entrada gratuita para o p\u00fablico. A programa\u00e7\u00e3o\u2026","rel":"","context":"In &quot;Not\u00edcias de Ribeir\u00e3o Preto-SP e Regi\u00e3o&quot;","block_context":{"text":"Not\u00edcias de Ribeir\u00e3o Preto-SP e Regi\u00e3o","link":"https:\/\/ismaelcolosi.com.br\/index.php\/category\/noticias-de-ribeirao-preto-sp-e-regiao-ismael-colosi\/"},"img":{"alt_text":"","src":"https:\/\/i0.wp.com\/ismaelcolosi.com.br\/wp-content\/uploads\/2024\/07\/Copia-de-Copia-de-TAMANHO-EXATO-PARA-FOTOS-NO-SISTEMA-NOVO-11_2024-07-08_12-30-55_jpg_2024-07-08_12-30-55.webp.webp?fit=1200%2C675&ssl=1&resize=350%2C200","width":350,"height":200,"srcset":"https:\/\/i0.wp.com\/ismaelcolosi.com.br\/wp-content\/uploads\/2024\/07\/Copia-de-Copia-de-TAMANHO-EXATO-PARA-FOTOS-NO-SISTEMA-NOVO-11_2024-07-08_12-30-55_jpg_2024-07-08_12-30-55.webp.webp?fit=1200%2C675&ssl=1&resize=350%2C200 1x, https:\/\/i0.wp.com\/ismaelcolosi.com.br\/wp-content\/uploads\/2024\/07\/Copia-de-Copia-de-TAMANHO-EXATO-PARA-FOTOS-NO-SISTEMA-NOVO-11_2024-07-08_12-30-55_jpg_2024-07-08_12-30-55.webp.webp?fit=1200%2C675&ssl=1&resize=525%2C300 1.5x, https:\/\/i0.wp.com\/ismaelcolosi.com.br\/wp-content\/uploads\/2024\/07\/Copia-de-Copia-de-TAMANHO-EXATO-PARA-FOTOS-NO-SISTEMA-NOVO-11_2024-07-08_12-30-55_jpg_2024-07-08_12-30-55.webp.webp?fit=1200%2C675&ssl=1&resize=700%2C400 2x, https:\/\/i0.wp.com\/ismaelcolosi.com.br\/wp-content\/uploads\/2024\/07\/Copia-de-Copia-de-TAMANHO-EXATO-PARA-FOTOS-NO-SISTEMA-NOVO-11_2024-07-08_12-30-55_jpg_2024-07-08_12-30-55.webp.webp?fit=1200%2C675&ssl=1&resize=1050%2C600 3x"},"classes":[]},{"id":55967,"url":"https:\/\/ismaelcolosi.com.br\/index.php\/2024\/07\/08\/feriado-de-9-de-julho-veja-horario-de-funcionamento-dos-shoppings-e-comercio-de-ribeirao-preto\/","url_meta":{"origin":55984,"position":1},"title":"Feriado de 9 de Julho: Veja hor\u00e1rio de funcionamento dos shoppings e com\u00e9rcio de Ribeir\u00e3o Preto","author":"ismaelcolosi.com.br","date":"8 de July de 2024","format":false,"excerpt":"Na ter\u00e7a-feira (9), \u00e9 comemorado o feriado da Revolu\u00e7\u00e3o Constitucionalista de 1932, no qual o Estado de S\u00e3o Paulo se op\u00f4s ao governo provis\u00f3rio de Get\u00falio Vargas. Por conta do feriado, o funcionamento dos shoppings e do com\u00e9rcio de rua de Ribeir\u00e3o Preto ser\u00e3o alterados. Veja: Com\u00e9rcio de rua De\u2026","rel":"","context":"In &quot;Not\u00edcias de Ribeir\u00e3o Preto-SP e Regi\u00e3o&quot;","block_context":{"text":"Not\u00edcias de Ribeir\u00e3o Preto-SP e Regi\u00e3o","link":"https:\/\/ismaelcolosi.com.br\/index.php\/category\/noticias-de-ribeirao-preto-sp-e-regiao-ismael-colosi\/"},"img":{"alt_text":"","src":"https:\/\/i0.wp.com\/ismaelcolosi.com.br\/wp-content\/uploads\/2024\/07\/Copia-de-Copia-de-TAMANHO-EXATO-PARA-FOTOS-NO-SISTEMA-NOVO-13_2024-07-08_13-59-35_jpg_2024-07-08_13-59-35.webp.webp?fit=1200%2C675&ssl=1&resize=350%2C200","width":350,"height":200,"srcset":"https:\/\/i0.wp.com\/ismaelcolosi.com.br\/wp-content\/uploads\/2024\/07\/Copia-de-Copia-de-TAMANHO-EXATO-PARA-FOTOS-NO-SISTEMA-NOVO-13_2024-07-08_13-59-35_jpg_2024-07-08_13-59-35.webp.webp?fit=1200%2C675&ssl=1&resize=350%2C200 1x, https:\/\/i0.wp.com\/ismaelcolosi.com.br\/wp-content\/uploads\/2024\/07\/Copia-de-Copia-de-TAMANHO-EXATO-PARA-FOTOS-NO-SISTEMA-NOVO-13_2024-07-08_13-59-35_jpg_2024-07-08_13-59-35.webp.webp?fit=1200%2C675&ssl=1&resize=525%2C300 1.5x, https:\/\/i0.wp.com\/ismaelcolosi.com.br\/wp-content\/uploads\/2024\/07\/Copia-de-Copia-de-TAMANHO-EXATO-PARA-FOTOS-NO-SISTEMA-NOVO-13_2024-07-08_13-59-35_jpg_2024-07-08_13-59-35.webp.webp?fit=1200%2C675&ssl=1&resize=700%2C400 2x, https:\/\/i0.wp.com\/ismaelcolosi.com.br\/wp-content\/uploads\/2024\/07\/Copia-de-Copia-de-TAMANHO-EXATO-PARA-FOTOS-NO-SISTEMA-NOVO-13_2024-07-08_13-59-35_jpg_2024-07-08_13-59-35.webp.webp?fit=1200%2C675&ssl=1&resize=1050%2C600 3x"},"classes":[]},{"id":31289,"url":"https:\/\/ismaelcolosi.com.br\/index.php\/2024\/01\/21\/comercial-sofre-empate-em-ribeirao-preto-e-segue-sem-vencer-no-paulista-da-a2\/","url_meta":{"origin":55984,"position":2},"title":"Comercial sofre empate em Ribeir\u00e3o Preto e segue sem vencer no Paulista da A2","author":"ismaelcolosi.com.br","date":"21 de January de 2024","format":false,"excerpt":"O Comercial empatou em 2 a 2 com o Rio Claro, na tarde deste domingo (21), no est\u00e1dio Palma Travassos, em Ribeir\u00e3o Preto. O confronto foi v\u00e1lido pela segunda rodada do Campeonato Paulista da S\u00e9rie A2. O Le\u00e3o do Norte segue sem vencer no estadual. O placar foi aberto pelo\u2026","rel":"","context":"In &quot;Not\u00edcias de Ribeir\u00e3o Preto-SP e Regi\u00e3o&quot;","block_context":{"text":"Not\u00edcias de Ribeir\u00e3o Preto-SP e Regi\u00e3o","link":"https:\/\/ismaelcolosi.com.br\/index.php\/category\/noticias-de-ribeirao-preto-sp-e-regiao-ismael-colosi\/"},"img":{"alt_text":"","src":"https:\/\/i0.wp.com\/ismaelcolosi.com.br\/wp-content\/uploads\/2024\/01\/comercial-rio-claro-scaled.jpeg?fit=1200%2C800&ssl=1&resize=350%2C200","width":350,"height":200,"srcset":"https:\/\/i0.wp.com\/ismaelcolosi.com.br\/wp-content\/uploads\/2024\/01\/comercial-rio-claro-scaled.jpeg?fit=1200%2C800&ssl=1&resize=350%2C200 1x, https:\/\/i0.wp.com\/ismaelcolosi.com.br\/wp-content\/uploads\/2024\/01\/comercial-rio-claro-scaled.jpeg?fit=1200%2C800&ssl=1&resize=525%2C300 1.5x, https:\/\/i0.wp.com\/ismaelcolosi.com.br\/wp-content\/uploads\/2024\/01\/comercial-rio-claro-scaled.jpeg?fit=1200%2C800&ssl=1&resize=700%2C400 2x, https:\/\/i0.wp.com\/ismaelcolosi.com.br\/wp-content\/uploads\/2024\/01\/comercial-rio-claro-scaled.jpeg?fit=1200%2C800&ssl=1&resize=1050%2C600 3x"},"classes":[]},{"id":56163,"url":"https:\/\/ismaelcolosi.com.br\/index.php\/2024\/07\/09\/de-virada-botafogo-goleia-o-comercial-em-classico-pela-copa-paulista\/","url_meta":{"origin":55984,"position":3},"title":"De virada: Botafogo goleia o Comercial em cl\u00e1ssico pela Copa Paulista","author":"ismaelcolosi.com.br","date":"9 de July de 2024","format":false,"excerpt":"O Botafogo venceu o Comercial por 4 a 1 na noite desta ter\u00e7a-feira (9), pela Copa Paulista. O cl\u00e1ssico Come-Fogo foi disputado no est\u00e1dio Santa Cruz\/Arena Nicnet, em Ribeir\u00e3o Preto. Os gols A vit\u00f3ria do Pantera sobre o Le\u00e3o do Norte veio de virada. O Comercial abriu o placar com\u2026","rel":"","context":"In &quot;Not\u00edcias de Ribeir\u00e3o Preto-SP e Regi\u00e3o&quot;","block_context":{"text":"Not\u00edcias de Ribeir\u00e3o Preto-SP e Regi\u00e3o","link":"https:\/\/ismaelcolosi.com.br\/index.php\/category\/noticias-de-ribeirao-preto-sp-e-regiao-ismael-colosi\/"},"img":{"alt_text":"","src":"https:\/\/i0.wp.com\/ismaelcolosi.com.br\/wp-content\/uploads\/2024\/07\/comefogo_2024-07-09_23-49-06_jpeg_2024-07-09_23-49-06.webp.webp?fit=1200%2C915&ssl=1&resize=350%2C200","width":350,"height":200,"srcset":"https:\/\/i0.wp.com\/ismaelcolosi.com.br\/wp-content\/uploads\/2024\/07\/comefogo_2024-07-09_23-49-06_jpeg_2024-07-09_23-49-06.webp.webp?fit=1200%2C915&ssl=1&resize=350%2C200 1x, https:\/\/i0.wp.com\/ismaelcolosi.com.br\/wp-content\/uploads\/2024\/07\/comefogo_2024-07-09_23-49-06_jpeg_2024-07-09_23-49-06.webp.webp?fit=1200%2C915&ssl=1&resize=525%2C300 1.5x, https:\/\/i0.wp.com\/ismaelcolosi.com.br\/wp-content\/uploads\/2024\/07\/comefogo_2024-07-09_23-49-06_jpeg_2024-07-09_23-49-06.webp.webp?fit=1200%2C915&ssl=1&resize=700%2C400 2x, https:\/\/i0.wp.com\/ismaelcolosi.com.br\/wp-content\/uploads\/2024\/07\/comefogo_2024-07-09_23-49-06_jpeg_2024-07-09_23-49-06.webp.webp?fit=1200%2C915&ssl=1&resize=1050%2C600 3x"},"classes":[]},{"id":34827,"url":"https:\/\/ismaelcolosi.com.br\/index.php\/2024\/02\/03\/jogando-para-103-torcedores-comercial-perde-para-o-sao-bento-na-serie-a2\/","url_meta":{"origin":55984,"position":4},"title":"Jogando para 103 torcedores, Comercial perde para o S\u00e3o Bento na S\u00e9rie A2","author":"ismaelcolosi.com.br","date":"3 de February de 2024","format":false,"excerpt":"Com apenas 103 torcedores no est\u00e1dio Zezinho Magalh\u00e3es, em Ja\u00fa, o Comercial foi derrotado pelo S\u00e3o Bento por 3 a 0, na tarde deste s\u00e1bado (3), pela 6\u00aa rodada do Campeonato Paulista da S\u00e9rie A2 2024. A partida n\u00e3o foi realizada em Ribeir\u00e3o Preto por conta de um evento na\u2026","rel":"","context":"In &quot;Not\u00edcias de Ribeir\u00e3o Preto-SP e Regi\u00e3o&quot;","block_context":{"text":"Not\u00edcias de Ribeir\u00e3o Preto-SP e Regi\u00e3o","link":"https:\/\/ismaelcolosi.com.br\/index.php\/category\/noticias-de-ribeirao-preto-sp-e-regiao-ismael-colosi\/"},"img":{"alt_text":"","src":"https:\/\/i0.wp.com\/ismaelcolosi.com.br\/wp-content\/uploads\/2024\/02\/sao-bento-comercial.jpg?fit=1127%2C840&ssl=1&resize=350%2C200","width":350,"height":200,"srcset":"https:\/\/i0.wp.com\/ismaelcolosi.com.br\/wp-content\/uploads\/2024\/02\/sao-bento-comercial.jpg?fit=1127%2C840&ssl=1&resize=350%2C200 1x, https:\/\/i0.wp.com\/ismaelcolosi.com.br\/wp-content\/uploads\/2024\/02\/sao-bento-comercial.jpg?fit=1127%2C840&ssl=1&resize=525%2C300 1.5x, https:\/\/i0.wp.com\/ismaelcolosi.com.br\/wp-content\/uploads\/2024\/02\/sao-bento-comercial.jpg?fit=1127%2C840&ssl=1&resize=700%2C400 2x, https:\/\/i0.wp.com\/ismaelcolosi.com.br\/wp-content\/uploads\/2024\/02\/sao-bento-comercial.jpg?fit=1127%2C840&ssl=1&resize=1050%2C600 3x"},"classes":[]},{"id":55979,"url":"https:\/\/ismaelcolosi.com.br\/index.php\/2024\/07\/08\/gustavo-mioto-e-ana-castela-na-regiao-de-ribeirao-confira-os-shows-da-festa-do-leite\/","url_meta":{"origin":55984,"position":5},"title":"Gustavo Mioto e Ana Castela na regi\u00e3o de Ribeir\u00e3o: Confira os shows da Festa do Leite","author":"ismaelcolosi.com.br","date":"8 de July de 2024","format":false,"excerpt":"A Festa do Leite de Batatais, na regi\u00e3o de Ribeir\u00e3o Preto, chega a 47\u00aa edi\u00e7\u00e3o neste ano. O evento acontece entre os dias 10 e 14 de julho e conta com shows de artistas como Gustavo Mioto e Ana Castela. Confira a programa\u00e7\u00e3o completa: Na quinta-feira (11), \u00e0s 21h30, sobe\u2026","rel":"","context":"In &quot;Not\u00edcias de Ribeir\u00e3o Preto-SP e Regi\u00e3o&quot;","block_context":{"text":"Not\u00edcias de Ribeir\u00e3o Preto-SP e Regi\u00e3o","link":"https:\/\/ismaelcolosi.com.br\/index.php\/category\/noticias-de-ribeirao-preto-sp-e-regiao-ismael-colosi\/"},"img":{"alt_text":"","src":"https:\/\/i0.wp.com\/ismaelcolosi.com.br\/wp-content\/uploads\/2024\/07\/Copia-de-Copia-de-TAMANHO-EXATO-PARA-FOTOS-NO-SISTEMA-NOVO-12_2024-07-08_13-23-18_jpg_2024-07-08_13-23-18.webp.webp?fit=1200%2C675&ssl=1&resize=350%2C200","width":350,"height":200,"srcset":"https:\/\/i0.wp.com\/ismaelcolosi.com.br\/wp-content\/uploads\/2024\/07\/Copia-de-Copia-de-TAMANHO-EXATO-PARA-FOTOS-NO-SISTEMA-NOVO-12_2024-07-08_13-23-18_jpg_2024-07-08_13-23-18.webp.webp?fit=1200%2C675&ssl=1&resize=350%2C200 1x, https:\/\/i0.wp.com\/ismaelcolosi.com.br\/wp-content\/uploads\/2024\/07\/Copia-de-Copia-de-TAMANHO-EXATO-PARA-FOTOS-NO-SISTEMA-NOVO-12_2024-07-08_13-23-18_jpg_2024-07-08_13-23-18.webp.webp?fit=1200%2C675&ssl=1&resize=525%2C300 1.5x, https:\/\/i0.wp.com\/ismaelcolosi.com.br\/wp-content\/uploads\/2024\/07\/Copia-de-Copia-de-TAMANHO-EXATO-PARA-FOTOS-NO-SISTEMA-NOVO-12_2024-07-08_13-23-18_jpg_2024-07-08_13-23-18.webp.webp?fit=1200%2C675&ssl=1&resize=700%2C400 2x, https:\/\/i0.wp.com\/ismaelcolosi.com.br\/wp-content\/uploads\/2024\/07\/Copia-de-Copia-de-TAMANHO-EXATO-PARA-FOTOS-NO-SISTEMA-NOVO-12_2024-07-08_13-23-18_jpg_2024-07-08_13-23-18.webp.webp?fit=1200%2C675&ssl=1&resize=1050%2C600 3x"},"classes":[]}],"jetpack_sharing_enabled":true,"jetpack_shortlink":"https:\/\/wp.me\/pfMlyK-eyY","_links":{"self":[{"href":"https:\/\/ismaelcolosi.com.br\/index.php\/wp-json\/wp\/v2\/posts\/55984","targetHints":{"allow":["GET"]}}],"collection":[{"href":"https:\/\/ismaelcolosi.com.br\/index.php\/wp-json\/wp\/v2\/posts"}],"about":[{"href":"https:\/\/ismaelcolosi.com.br\/index.php\/wp-json\/wp\/v2\/types\/post"}],"author":[{"embeddable":true,"href":"https:\/\/ismaelcolosi.com.br\/index.php\/wp-json\/wp\/v2\/users\/1"}],"replies":[{"embeddable":true,"href":"https:\/\/ismaelcolosi.com.br\/index.php\/wp-json\/wp\/v2\/comments?post=55984"}],"version-history":[{"count":0,"href":"https:\/\/ismaelcolosi.com.br\/index.php\/wp-json\/wp\/v2\/posts\/55984\/revisions"}],"wp:featuredmedia":[{"embeddable":true,"href":"https:\/\/ismaelcolosi.com.br\/index.php\/wp-json\/wp\/v2\/media\/55947"}],"wp:attachment":[{"href":"https:\/\/ismaelcolosi.com.br\/index.php\/wp-json\/wp\/v2\/media?parent=55984"}],"wp:term":[{"taxonomy":"category","embeddable":true,"href":"https:\/\/ismaelcolosi.com.br\/index.php\/wp-json\/wp\/v2\/categories?post=55984"},{"taxonomy":"post_tag","embeddable":true,"href":"https:\/\/ismaelcolosi.com.br\/index.php\/wp-json\/wp\/v2\/tags?post=55984"}],"curies":[{"name":"wp","href":"https:\/\/api.w.org\/{rel}","templated":true}]}}