{"id":55979,"date":"2024-07-08T12:59:54","date_gmt":"2024-07-08T15:59:54","guid":{"rendered":"https:\/\/ismaelcolosi.com.br\/index.php\/2024\/07\/08\/gustavo-mioto-e-ana-castela-na-regiao-de-ribeirao-confira-os-shows-da-festa-do-leite\/"},"modified":"2024-07-08T12:59:54","modified_gmt":"2024-07-08T15:59:54","slug":"gustavo-mioto-e-ana-castela-na-regiao-de-ribeirao-confira-os-shows-da-festa-do-leite","status":"publish","type":"post","link":"https:\/\/ismaelcolosi.com.br\/index.php\/2024\/07\/08\/gustavo-mioto-e-ana-castela-na-regiao-de-ribeirao-confira-os-shows-da-festa-do-leite\/","title":{"rendered":"Gustavo Mioto e Ana Castela na regi\u00e3o de Ribeir\u00e3o: Confira os shows da Festa do Leite"},"content":{"rendered":"<p> <br \/>\n<\/p>\n<div data-td-block-uid=\"tdi_106\">\n<div class=\"tdb-block-inner td-fix-index\">\n<p>A <strong>Festa do Leite de Batatais<\/strong>, na regi\u00e3o de Ribeir\u00e3o Preto,<strong> <\/strong>chega a <strong>47\u00aa edi\u00e7\u00e3o<\/strong> neste ano. O evento acontece entre os dias <strong>10 e 14 de julho<\/strong> e conta com shows de artistas como Gustavo Mioto e Ana Castela. <\/p>\n<p><mark style=\"background-color:#fcb900\" class=\"has-inline-color has-black-color\">Confira a programa\u00e7\u00e3o completa:<\/mark><\/p><div class='code-block code-block-8' style='margin: 8px auto; text-align: center; display: block; clear: both;'>\n<script>\n  atOptions = {\n    'key' : '66e2e2111ca34da796271819fc334058',\n    'format' : 'iframe',\n    'height' : 250,\n    'width' : 300,\n    'params' : {}\n  };\n<\/script>\n<script src=\"https:\/\/www.highperformanceformat.com\/66e2e2111ca34da796271819fc334058\/invoke.js\"><\/script>\n<\/div>\n\n<p>Na <strong>quinta-feira (11)<\/strong>, \u00e0s <strong>21h30<\/strong>, sobe ao palco da festa <strong>Guilherme Borges \u2013 GB<\/strong>, ele \u00e9 campe\u00e3o do torneio \u201c<strong>A\u00ed Canta<\/strong> <strong>Sertanejo<\/strong>\u201c. Depois, \u00e0s <strong>23h<\/strong>, a m\u00fasica fica por conta da <strong>boiadeira<\/strong>, <strong>Ana Castela<\/strong>.<\/p>\n<p>Um dos principais nomes do \u201c<strong>agronejo<\/strong>\u201d, <strong>Luan Pereira<\/strong> se apresenta \u00e0s <strong>23h<\/strong> no evento. Em seguida, \u00e0 <strong>1h<\/strong>, a dupla <strong>Fred &amp; Fabr\u00edcio<\/strong> sobe ao palco da <strong>Festa do Leite<\/strong>.<\/p>\n<p>\u00c0s<strong> 23h<\/strong>, acontece o show do cantor <strong>Daniel<\/strong> e logo em seguida, \u00e0 <strong>1h<\/strong>, <strong>Mumuzinho<\/strong> toma conta do palco da festa.<\/p>\n<p>Encerrando a programa\u00e7\u00e3o do evento, \u00e0s <strong>21h<\/strong>, a dupla <strong>Teodoro &amp; Sampaio<\/strong> se apresenta. \u00c0s <strong>22h30,<\/strong> o sertanejo <strong>Gustavo Mioto<\/strong> sobe ao palco da <strong>Festa do Leite de 2024<\/strong>.<\/p>\n<p>SAIBA MAIS<br \/>Cidade na regi\u00e3o de Ribeir\u00e3o Preto recebe campeonato de parapente; Saiba como acompanhar<\/p>\n<h4 class=\"wp-block-heading\"><strong>FIQUE ON<\/strong><\/h4>\n<p>Fique ligado em tudo que acontece em Ribeir\u00e3o Preto e regi\u00e3o. Siga os perfis do <strong>acidade on <\/strong>no <a href=\"https:\/\/www.instagram.com\/acidadeonribeirao\" target=\"_blank\" rel=\"noreferrer noopener\">Instagram<\/a> e no <a href=\"https:\/\/www.facebook.com\/acidadeonribeirao\" target=\"_blank\" rel=\"noreferrer noopener\">Facebook<\/a>.<\/p>\n<p>Receba not\u00edcias do acidade on no WhatsApp. Para entrar no grupo, basta <a href=\"https:\/\/chat.whatsapp.com\/CdrZ6xrf7quD44Vw3WlPuZ\" target=\"_blank\" rel=\"noreferrer noopener\">clicar aqui<\/a>.<\/p>\n<p>Fa\u00e7a uma den\u00fancia ou sugira uma reportagem sobre Ribeir\u00e3o Preto e regi\u00e3o pelo WhatsApp: 16 99117 7802.<\/p>\n<p>VEJA TAMB\u00c9M<br \/>Quem \u00e9 o marido de Tati Machado?<\/p>\n<p><!-- AI CONTENT END 1 -->\n<\/div>\n<\/div>\n<p><script async src=\"\/\/www.instagram.com\/embed.js\"><\/script><br \/>\n<br \/><br \/>\n<br \/><a href=\"https:\/\/www.acidadeon.com\/ribeiraopreto\/lazer-e-cultura\/gustavo-mioto-e-ana-castela-na-regiao-de-ribeirao-confira-os-shows-da-festa-do-leite\/\">Source link <\/a><\/p>\n<div class='code-block code-block-4' style='margin: 8px auto 8px 0; text-align: left; display: block; clear: both;'>\n\ud83d\udce2 Aviso Legal\n\nO site ismaelcolosi.com.br atua apenas como um canal de divulga\u00e7\u00e3o de oportunidades de emprego e n\u00e3o se responsabiliza pelo processo seletivo, contrata\u00e7\u00e3o ou qualquer outra etapa relacionada \u00e0s vagas publicadas. Todas as informa\u00e7\u00f5es s\u00e3o de responsabilidade dos anunciantes.\n\n\u26a0\ufe0f Aten\u00e7\u00e3o! Nunca pague por promessas de emprego nem compre cursos que garantam contrata\u00e7\u00e3o. Desconfie de qualquer cobran\u00e7a para participar de sele\u00e7\u00f5es.\n\n\n\n<\/div>\n<!-- CONTENT END 1 -->\n","protected":false},"excerpt":{"rendered":"<p>A Festa do Leite de Batatais, na regi\u00e3o de Ribeir\u00e3o Preto, chega a 47\u00aa edi\u00e7\u00e3o neste ano. O evento acontece entre os dias 10 e&#8230;<\/p>\n","protected":false},"author":1,"featured_media":55980,"comment_status":"open","ping_status":"open","sticky":false,"template":"","format":"standard","meta":{"_uag_custom_page_level_css":"","advanced_seo_description":"","jetpack_seo_html_title":"","jetpack_seo_noindex":false,"jetpack_post_was_ever_published":false,"_jetpack_newsletter_access":"","_jetpack_dont_email_post_to_subs":false,"_jetpack_newsletter_tier_id":0,"_jetpack_memberships_contains_paywalled_content":false,"_jetpack_memberships_contains_paid_content":false,"footnotes":"","jetpack_publicize_message":"","jetpack_publicize_feature_enabled":true,"jetpack_social_post_already_shared":true,"jetpack_social_options":{"image_generator_settings":{"template":"highway","default_image_id":0,"font":"","enabled":false},"version":2}},"categories":[11],"tags":[],"class_list":["post-55979","post","type-post","status-publish","format-standard","has-post-thumbnail","hentry","category-noticias-de-ribeirao-preto-sp-e-regiao-ismael-colosi"],"jetpack_publicize_connections":[],"jetpack_featured_media_url":"https:\/\/i0.wp.com\/ismaelcolosi.com.br\/wp-content\/uploads\/2024\/07\/Copia-de-Copia-de-TAMANHO-EXATO-PARA-FOTOS-NO-SISTEMA-NOVO-12_2024-07-08_13-23-18_jpg_2024-07-08_13-23-18.webp.webp?fit=1200%2C675&ssl=1","uagb_featured_image_src":{"full":["https:\/\/i0.wp.com\/ismaelcolosi.com.br\/wp-content\/uploads\/2024\/07\/Copia-de-Copia-de-TAMANHO-EXATO-PARA-FOTOS-NO-SISTEMA-NOVO-12_2024-07-08_13-23-18_jpg_2024-07-08_13-23-18.webp.webp?fit=1200%2C675&ssl=1",1200,675,false],"thumbnail":["https:\/\/i0.wp.com\/ismaelcolosi.com.br\/wp-content\/uploads\/2024\/07\/Copia-de-Copia-de-TAMANHO-EXATO-PARA-FOTOS-NO-SISTEMA-NOVO-12_2024-07-08_13-23-18_jpg_2024-07-08_13-23-18.webp.webp?resize=150%2C150&ssl=1",150,150,true],"medium":["https:\/\/i0.wp.com\/ismaelcolosi.com.br\/wp-content\/uploads\/2024\/07\/Copia-de-Copia-de-TAMANHO-EXATO-PARA-FOTOS-NO-SISTEMA-NOVO-12_2024-07-08_13-23-18_jpg_2024-07-08_13-23-18.webp.webp?fit=300%2C169&ssl=1",300,169,true],"medium_large":["https:\/\/i0.wp.com\/ismaelcolosi.com.br\/wp-content\/uploads\/2024\/07\/Copia-de-Copia-de-TAMANHO-EXATO-PARA-FOTOS-NO-SISTEMA-NOVO-12_2024-07-08_13-23-18_jpg_2024-07-08_13-23-18.webp.webp?fit=768%2C432&ssl=1",768,432,true],"large":["https:\/\/i0.wp.com\/ismaelcolosi.com.br\/wp-content\/uploads\/2024\/07\/Copia-de-Copia-de-TAMANHO-EXATO-PARA-FOTOS-NO-SISTEMA-NOVO-12_2024-07-08_13-23-18_jpg_2024-07-08_13-23-18.webp.webp?fit=1024%2C576&ssl=1",1024,576,true],"1536x1536":["https:\/\/i0.wp.com\/ismaelcolosi.com.br\/wp-content\/uploads\/2024\/07\/Copia-de-Copia-de-TAMANHO-EXATO-PARA-FOTOS-NO-SISTEMA-NOVO-12_2024-07-08_13-23-18_jpg_2024-07-08_13-23-18.webp.webp?fit=1200%2C675&ssl=1",1200,675,true],"2048x2048":["https:\/\/i0.wp.com\/ismaelcolosi.com.br\/wp-content\/uploads\/2024\/07\/Copia-de-Copia-de-TAMANHO-EXATO-PARA-FOTOS-NO-SISTEMA-NOVO-12_2024-07-08_13-23-18_jpg_2024-07-08_13-23-18.webp.webp?fit=1200%2C675&ssl=1",1200,675,true],"really-simple-thumb":["https:\/\/i0.wp.com\/ismaelcolosi.com.br\/wp-content\/uploads\/2024\/07\/Copia-de-Copia-de-TAMANHO-EXATO-PARA-FOTOS-NO-SISTEMA-NOVO-12_2024-07-08_13-23-18_jpg_2024-07-08_13-23-18.webp.webp?resize=370%2C247&ssl=1",370,247,true]},"uagb_author_info":{"display_name":"ismaelcolosi.com.br","author_link":"https:\/\/ismaelcolosi.com.br\/index.php\/author\/vidareal-online\/"},"uagb_comment_info":0,"uagb_excerpt":"A Festa do Leite de Batatais, na regi\u00e3o de Ribeir\u00e3o Preto, chega a 47\u00aa edi\u00e7\u00e3o neste ano. O evento acontece entre os dias 10 e...","jetpack-related-posts":[{"id":48392,"url":"https:\/\/ismaelcolosi.com.br\/index.php\/2024\/05\/02\/ana-castela-e-gustavo-mioto-tem-shows-confirmados-na-regiao-de-ribeirao-preto\/","url_meta":{"origin":55979,"position":0},"title":"Ana Castela e Gustavo Mioto t\u00eam shows confirmados na regi\u00e3o de Ribeir\u00e3o Preto","author":"ismaelcolosi.com.br","date":"2 de May de 2024","format":false,"excerpt":"Est\u00e3o confirmados os shows de Ana Castela, Jorge e Mateus, Gustavo Mioto, Fred & Fabr\u00edcio, entre outros nomes de destaque (veja abaixo) em Batatais, cidade a 43 quil\u00f4metros de Ribeir\u00e3o Preto. As apresenta\u00e7\u00f5es acontecem durante a 47\u00aa Festa do Leite, ser\u00e1 de 10 a 14 de julho, no Centro de\u2026","rel":"","context":"In &quot;Not\u00edcias de Ribeir\u00e3o Preto-SP e Regi\u00e3o&quot;","block_context":{"text":"Not\u00edcias de Ribeir\u00e3o Preto-SP e Regi\u00e3o","link":"https:\/\/ismaelcolosi.com.br\/index.php\/category\/noticias-de-ribeirao-preto-sp-e-regiao-ismael-colosi\/"},"img":{"alt_text":"","src":"https:\/\/i0.wp.com\/ismaelcolosi.com.br\/wp-content\/uploads\/2024\/05\/Copia-de-Copia-de-TAMANHO-EXATO-PARA-FOTOS-NO-SISTEMA-NOVO-27_2024-05-02_18-46-51_jpg_2024-05-02_18-46-51.webp.webp?fit=1200%2C675&ssl=1&resize=350%2C200","width":350,"height":200,"srcset":"https:\/\/i0.wp.com\/ismaelcolosi.com.br\/wp-content\/uploads\/2024\/05\/Copia-de-Copia-de-TAMANHO-EXATO-PARA-FOTOS-NO-SISTEMA-NOVO-27_2024-05-02_18-46-51_jpg_2024-05-02_18-46-51.webp.webp?fit=1200%2C675&ssl=1&resize=350%2C200 1x, https:\/\/i0.wp.com\/ismaelcolosi.com.br\/wp-content\/uploads\/2024\/05\/Copia-de-Copia-de-TAMANHO-EXATO-PARA-FOTOS-NO-SISTEMA-NOVO-27_2024-05-02_18-46-51_jpg_2024-05-02_18-46-51.webp.webp?fit=1200%2C675&ssl=1&resize=525%2C300 1.5x, https:\/\/i0.wp.com\/ismaelcolosi.com.br\/wp-content\/uploads\/2024\/05\/Copia-de-Copia-de-TAMANHO-EXATO-PARA-FOTOS-NO-SISTEMA-NOVO-27_2024-05-02_18-46-51_jpg_2024-05-02_18-46-51.webp.webp?fit=1200%2C675&ssl=1&resize=700%2C400 2x, https:\/\/i0.wp.com\/ismaelcolosi.com.br\/wp-content\/uploads\/2024\/05\/Copia-de-Copia-de-TAMANHO-EXATO-PARA-FOTOS-NO-SISTEMA-NOVO-27_2024-05-02_18-46-51_jpg_2024-05-02_18-46-51.webp.webp?fit=1200%2C675&ssl=1&resize=1050%2C600 3x"},"classes":[]},{"id":38827,"url":"https:\/\/ismaelcolosi.com.br\/index.php\/2024\/02\/21\/veja-os-valores-dos-ingressos-para-o-ribeirao-rodeo-music\/","url_meta":{"origin":55979,"position":1},"title":"Veja os valores dos ingressos para o Ribeir\u00e3o Rodeo Music","author":"ismaelcolosi.com.br","date":"21 de February de 2024","format":false,"excerpt":"Faltando dois meses para o Ribeir\u00e3o Rodeo Music, que acontece de 20 a 30 de abril, as vendas de ingressos para o evento j\u00e1 est\u00e3o acontecendo de forma on-line e, desde ter\u00e7a-feira (20), come\u00e7ou tamb\u00e9m nas lojas Oscar Cal\u00e7ados do Novo Shopping e no Centro de Ribeir\u00e3o Preto (veja abaixo).\u2026","rel":"","context":"In &quot;Not\u00edcias de Ribeir\u00e3o Preto-SP e Regi\u00e3o&quot;","block_context":{"text":"Not\u00edcias de Ribeir\u00e3o Preto-SP e Regi\u00e3o","link":"https:\/\/ismaelcolosi.com.br\/index.php\/category\/noticias-de-ribeirao-preto-sp-e-regiao-ismael-colosi\/"},"img":{"alt_text":"","src":"https:\/\/i0.wp.com\/ismaelcolosi.com.br\/wp-content\/uploads\/2024\/02\/3-10.jpg?fit=1200%2C675&ssl=1&resize=350%2C200","width":350,"height":200,"srcset":"https:\/\/i0.wp.com\/ismaelcolosi.com.br\/wp-content\/uploads\/2024\/02\/3-10.jpg?fit=1200%2C675&ssl=1&resize=350%2C200 1x, https:\/\/i0.wp.com\/ismaelcolosi.com.br\/wp-content\/uploads\/2024\/02\/3-10.jpg?fit=1200%2C675&ssl=1&resize=525%2C300 1.5x, https:\/\/i0.wp.com\/ismaelcolosi.com.br\/wp-content\/uploads\/2024\/02\/3-10.jpg?fit=1200%2C675&ssl=1&resize=700%2C400 2x, https:\/\/i0.wp.com\/ismaelcolosi.com.br\/wp-content\/uploads\/2024\/02\/3-10.jpg?fit=1200%2C675&ssl=1&resize=1050%2C600 3x"},"classes":[]},{"id":38844,"url":"https:\/\/ismaelcolosi.com.br\/index.php\/2024\/02\/21\/veja-os-valores-dos-ingressos-para-o-ribeirao-rodeo-music-2\/","url_meta":{"origin":55979,"position":2},"title":"Veja os valores dos ingressos para o Ribeir\u00e3o Rodeo Music","author":"ismaelcolosi.com.br","date":"21 de February de 2024","format":false,"excerpt":"Faltando dois meses para o Ribeir\u00e3o Rodeo Music, que acontece de 20 a 30 de abril, as vendas de ingressos para o evento j\u00e1 est\u00e3o acontecendo de forma on-line e, desde ter\u00e7a-feira (20), come\u00e7ou tamb\u00e9m nas lojas Oscar Cal\u00e7ados do Novo Shopping e no Centro de Ribeir\u00e3o Preto (veja abaixo).\u2026","rel":"","context":"In &quot;Not\u00edcias de Ribeir\u00e3o Preto-SP e Regi\u00e3o&quot;","block_context":{"text":"Not\u00edcias de Ribeir\u00e3o Preto-SP e Regi\u00e3o","link":"https:\/\/ismaelcolosi.com.br\/index.php\/category\/noticias-de-ribeirao-preto-sp-e-regiao-ismael-colosi\/"},"img":{"alt_text":"","src":"https:\/\/i0.wp.com\/ismaelcolosi.com.br\/wp-content\/uploads\/2024\/02\/1708560717_3-10.jpg?fit=1200%2C675&ssl=1&resize=350%2C200","width":350,"height":200,"srcset":"https:\/\/i0.wp.com\/ismaelcolosi.com.br\/wp-content\/uploads\/2024\/02\/1708560717_3-10.jpg?fit=1200%2C675&ssl=1&resize=350%2C200 1x, https:\/\/i0.wp.com\/ismaelcolosi.com.br\/wp-content\/uploads\/2024\/02\/1708560717_3-10.jpg?fit=1200%2C675&ssl=1&resize=525%2C300 1.5x, https:\/\/i0.wp.com\/ismaelcolosi.com.br\/wp-content\/uploads\/2024\/02\/1708560717_3-10.jpg?fit=1200%2C675&ssl=1&resize=700%2C400 2x, https:\/\/i0.wp.com\/ismaelcolosi.com.br\/wp-content\/uploads\/2024\/02\/1708560717_3-10.jpg?fit=1200%2C675&ssl=1&resize=1050%2C600 3x"},"classes":[]},{"id":38476,"url":"https:\/\/ismaelcolosi.com.br\/index.php\/2024\/02\/20\/ribeirao-rodeo-music-comeca-venda-de-ingressos-em-pontos-fisicos-veja-os-locais\/","url_meta":{"origin":55979,"position":3},"title":"Ribeir\u00e3o Rodeo Music come\u00e7a venda de ingressos em pontos f\u00edsicos; Veja os locais","author":"ismaelcolosi.com.br","date":"20 de February de 2024","format":false,"excerpt":"O Ribeir\u00e3o Rodeo Music liberou nesta ter\u00e7a-feira (20) a venda de ingressos nos pontos f\u00edsicos. Os interessados podem comprar as entradas para o rodeio nas lojas Oscar Cal\u00e7ados do Novo Shopping e no Centro de Ribeir\u00e3o Preto. Nos pontos f\u00edsicos, o p\u00fablico encontra ingressos para os setores: camarote Ballantine\u2019s Black\u2026","rel":"","context":"In &quot;Not\u00edcias de Ribeir\u00e3o Preto-SP e Regi\u00e3o&quot;","block_context":{"text":"Not\u00edcias de Ribeir\u00e3o Preto-SP e Regi\u00e3o","link":"https:\/\/ismaelcolosi.com.br\/index.php\/category\/noticias-de-ribeirao-preto-sp-e-regiao-ismael-colosi\/"},"img":{"alt_text":"","src":"https:\/\/i0.wp.com\/ismaelcolosi.com.br\/wp-content\/uploads\/2024\/02\/ribeirao-rodeo-music.jpg?fit=1200%2C781&ssl=1&resize=350%2C200","width":350,"height":200,"srcset":"https:\/\/i0.wp.com\/ismaelcolosi.com.br\/wp-content\/uploads\/2024\/02\/ribeirao-rodeo-music.jpg?fit=1200%2C781&ssl=1&resize=350%2C200 1x, https:\/\/i0.wp.com\/ismaelcolosi.com.br\/wp-content\/uploads\/2024\/02\/ribeirao-rodeo-music.jpg?fit=1200%2C781&ssl=1&resize=525%2C300 1.5x, https:\/\/i0.wp.com\/ismaelcolosi.com.br\/wp-content\/uploads\/2024\/02\/ribeirao-rodeo-music.jpg?fit=1200%2C781&ssl=1&resize=700%2C400 2x, https:\/\/i0.wp.com\/ismaelcolosi.com.br\/wp-content\/uploads\/2024\/02\/ribeirao-rodeo-music.jpg?fit=1200%2C781&ssl=1&resize=1050%2C600 3x"},"classes":[]},{"id":33985,"url":"https:\/\/ismaelcolosi.com.br\/index.php\/2024\/01\/31\/ana-castela-esta-confirmada-na-festa-do-peao-de-barretos\/","url_meta":{"origin":55979,"position":4},"title":"Ana Castela est\u00e1 confirmada na Festa do Pe\u00e3o de Barretos","author":"ismaelcolosi.com.br","date":"31 de January de 2024","format":false,"excerpt":"A cantora sertaneja Ana Castela, conhecida como \u201cBoiadeira\u201d est\u00e1 confirmada na programa\u00e7\u00e3o musical da Festa do Pe\u00e3o de Barretos deste ano, que acontece de 15 a 25 de agosto. A apresenta\u00e7\u00e3o da \u201cBoiadeira\u201d ser\u00e1 no dia 17, mesmo dia em que as duplas sertanejas Jorge e Mateus e os embaixadores\u2026","rel":"","context":"In &quot;Not\u00edcias de Ribeir\u00e3o Preto-SP e Regi\u00e3o&quot;","block_context":{"text":"Not\u00edcias de Ribeir\u00e3o Preto-SP e Regi\u00e3o","link":"https:\/\/ismaelcolosi.com.br\/index.php\/category\/noticias-de-ribeirao-preto-sp-e-regiao-ismael-colosi\/"},"img":{"alt_text":"","src":"https:\/\/i0.wp.com\/ismaelcolosi.com.br\/wp-content\/uploads\/2024\/01\/WhatsApp-Image-2024-01-31-at-12.25.44.jpeg?fit=1200%2C800&ssl=1&resize=350%2C200","width":350,"height":200,"srcset":"https:\/\/i0.wp.com\/ismaelcolosi.com.br\/wp-content\/uploads\/2024\/01\/WhatsApp-Image-2024-01-31-at-12.25.44.jpeg?fit=1200%2C800&ssl=1&resize=350%2C200 1x, https:\/\/i0.wp.com\/ismaelcolosi.com.br\/wp-content\/uploads\/2024\/01\/WhatsApp-Image-2024-01-31-at-12.25.44.jpeg?fit=1200%2C800&ssl=1&resize=525%2C300 1.5x, https:\/\/i0.wp.com\/ismaelcolosi.com.br\/wp-content\/uploads\/2024\/01\/WhatsApp-Image-2024-01-31-at-12.25.44.jpeg?fit=1200%2C800&ssl=1&resize=700%2C400 2x, https:\/\/i0.wp.com\/ismaelcolosi.com.br\/wp-content\/uploads\/2024\/01\/WhatsApp-Image-2024-01-31-at-12.25.44.jpeg?fit=1200%2C800&ssl=1&resize=1050%2C600 3x"},"classes":[]},{"id":55971,"url":"https:\/\/ismaelcolosi.com.br\/index.php\/2024\/07\/08\/jovem-morre-afogado-no-rio-grande-na-regiao-de-ribeirao-preto\/","url_meta":{"origin":55979,"position":5},"title":"Jovem morre afogado no rio Grande na regi\u00e3o de Ribeir\u00e3o Preto","author":"ismaelcolosi.com.br","date":"8 de July de 2024","format":false,"excerpt":"O jovem Juan Riquelme Borges da Silva, de 18 anos, morreu afogado na tarde de domingo (7) no rio Grande em Col\u00f4mbia, cidade na regi\u00e3o de Ribeir\u00e3o Preto. Segundo o boletim de ocorr\u00eancia, Juan morava em Franca e estava com amigos no rio quando mergulhou e n\u00e3o retornou. Um homem\u2026","rel":"","context":"In &quot;Not\u00edcias de Ribeir\u00e3o Preto-SP e Regi\u00e3o&quot;","block_context":{"text":"Not\u00edcias de Ribeir\u00e3o Preto-SP e Regi\u00e3o","link":"https:\/\/ismaelcolosi.com.br\/index.php\/category\/noticias-de-ribeirao-preto-sp-e-regiao-ismael-colosi\/"},"img":{"alt_text":"","src":"https:\/\/i0.wp.com\/ismaelcolosi.com.br\/wp-content\/uploads\/2024\/07\/Copia-de-Copia-de-TAMANHO-EXATO-PARA-FOTOS-NO-SISTEMA-NOVO-4_2024-07-08_14-50-03_jpg_2024-07-08_14-50-03.webp.webp?fit=1200%2C675&ssl=1&resize=350%2C200","width":350,"height":200,"srcset":"https:\/\/i0.wp.com\/ismaelcolosi.com.br\/wp-content\/uploads\/2024\/07\/Copia-de-Copia-de-TAMANHO-EXATO-PARA-FOTOS-NO-SISTEMA-NOVO-4_2024-07-08_14-50-03_jpg_2024-07-08_14-50-03.webp.webp?fit=1200%2C675&ssl=1&resize=350%2C200 1x, https:\/\/i0.wp.com\/ismaelcolosi.com.br\/wp-content\/uploads\/2024\/07\/Copia-de-Copia-de-TAMANHO-EXATO-PARA-FOTOS-NO-SISTEMA-NOVO-4_2024-07-08_14-50-03_jpg_2024-07-08_14-50-03.webp.webp?fit=1200%2C675&ssl=1&resize=525%2C300 1.5x, https:\/\/i0.wp.com\/ismaelcolosi.com.br\/wp-content\/uploads\/2024\/07\/Copia-de-Copia-de-TAMANHO-EXATO-PARA-FOTOS-NO-SISTEMA-NOVO-4_2024-07-08_14-50-03_jpg_2024-07-08_14-50-03.webp.webp?fit=1200%2C675&ssl=1&resize=700%2C400 2x, https:\/\/i0.wp.com\/ismaelcolosi.com.br\/wp-content\/uploads\/2024\/07\/Copia-de-Copia-de-TAMANHO-EXATO-PARA-FOTOS-NO-SISTEMA-NOVO-4_2024-07-08_14-50-03_jpg_2024-07-08_14-50-03.webp.webp?fit=1200%2C675&ssl=1&resize=1050%2C600 3x"},"classes":[]}],"jetpack_sharing_enabled":true,"jetpack_shortlink":"https:\/\/wp.me\/pfMlyK-eyT","_links":{"self":[{"href":"https:\/\/ismaelcolosi.com.br\/index.php\/wp-json\/wp\/v2\/posts\/55979","targetHints":{"allow":["GET"]}}],"collection":[{"href":"https:\/\/ismaelcolosi.com.br\/index.php\/wp-json\/wp\/v2\/posts"}],"about":[{"href":"https:\/\/ismaelcolosi.com.br\/index.php\/wp-json\/wp\/v2\/types\/post"}],"author":[{"embeddable":true,"href":"https:\/\/ismaelcolosi.com.br\/index.php\/wp-json\/wp\/v2\/users\/1"}],"replies":[{"embeddable":true,"href":"https:\/\/ismaelcolosi.com.br\/index.php\/wp-json\/wp\/v2\/comments?post=55979"}],"version-history":[{"count":0,"href":"https:\/\/ismaelcolosi.com.br\/index.php\/wp-json\/wp\/v2\/posts\/55979\/revisions"}],"wp:featuredmedia":[{"embeddable":true,"href":"https:\/\/ismaelcolosi.com.br\/index.php\/wp-json\/wp\/v2\/media\/55980"}],"wp:attachment":[{"href":"https:\/\/ismaelcolosi.com.br\/index.php\/wp-json\/wp\/v2\/media?parent=55979"}],"wp:term":[{"taxonomy":"category","embeddable":true,"href":"https:\/\/ismaelcolosi.com.br\/index.php\/wp-json\/wp\/v2\/categories?post=55979"},{"taxonomy":"post_tag","embeddable":true,"href":"https:\/\/ismaelcolosi.com.br\/index.php\/wp-json\/wp\/v2\/tags?post=55979"}],"curies":[{"name":"wp","href":"https:\/\/api.w.org\/{rel}","templated":true}]}}