{"id":55975,"date":"2024-07-08T12:47:14","date_gmt":"2024-07-08T15:47:14","guid":{"rendered":"https:\/\/ismaelcolosi.com.br\/index.php\/2024\/07\/08\/saiba-como-comprar-ingressos-para-o-classico-come-fogo-em-ribeirao-preto\/"},"modified":"2024-07-08T12:47:14","modified_gmt":"2024-07-08T15:47:14","slug":"saiba-como-comprar-ingressos-para-o-classico-come-fogo-em-ribeirao-preto","status":"publish","type":"post","link":"https:\/\/ismaelcolosi.com.br\/index.php\/2024\/07\/08\/saiba-como-comprar-ingressos-para-o-classico-come-fogo-em-ribeirao-preto\/","title":{"rendered":"Saiba como comprar ingressos para o cl\u00e1ssico Come-Fogo em Ribeir\u00e3o Preto"},"content":{"rendered":"<p> <br \/>\n<\/p>\n<div data-td-block-uid=\"tdi_106\">\n<div class=\"tdb-block-inner td-fix-index\">\n<p>Os <strong>torcedores do Botafogo<\/strong> podem adquirir os <strong>ingressos para o cl\u00e1ssico Come-Fogo<\/strong>, que acontece nesta ter\u00e7a-feira (9), na <strong>bilheteria do est\u00e1dio Santa Cruz<\/strong>\/Arena Nicnet, na zona Leste de<strong> Ribeir\u00e3o Preto<\/strong> ou de forma <strong>on-line<\/strong> (<a href=\"https:\/\/www.totalticket.com.br\/evento\/23609\" target=\"_blank\" rel=\"noreferrer noopener nofollow\">clique aqui<\/a>). <\/p>\n<p>O jogo pela <strong>quarta rodada da Copa Paulista<\/strong> est\u00e1 marcado para \u00e0s <strong>19h<\/strong>, no <strong>campo do Pantera<\/strong>.<\/p><div class='code-block code-block-8' style='margin: 8px auto; text-align: center; display: block; clear: both;'>\n<script>\n  atOptions = {\n    'key' : '66e2e2111ca34da796271819fc334058',\n    'format' : 'iframe',\n    'height' : 250,\n    'width' : 300,\n    'params' : {}\n  };\n<\/script>\n<script src=\"https:\/\/www.highperformanceformat.com\/66e2e2111ca34da796271819fc334058\/invoke.js\"><\/script>\n<\/div>\n\n<p>As<strong> bilheterias<\/strong> do est\u00e1dio <strong>Santa Cruz<\/strong> funcionam nesta<strong> segunda-feira<\/strong> (8), das <strong>9h \u00e0s 19h<\/strong> e, na <strong>ter\u00e7a-feira<\/strong>, a partir das <strong>9h <\/strong>e as <strong>vendas<\/strong> ocorrer\u00e3o at\u00e9 os <strong>15 minutos<\/strong> do <strong>segundo tempo<\/strong>.<\/p>\n<p>Como a <strong>partida ser\u00e1 de torcida \u00fanica<\/strong>, por determina\u00e7\u00e3o do <strong>MP-SP <\/strong>(Minist\u00e9rio P\u00fablico de S\u00e3o Paulo), <strong>n\u00e3o haver\u00e1 venda de ingressos para os torcedores comercialinos<\/strong>.<\/p>\n<h2 class=\"wp-block-heading\"><strong>Veja os valores<\/strong><\/h2>\n<p>Os <strong>ingressos<\/strong> para a <strong>arquibancada<\/strong> custam <strong>R$ 20 (inteira)<\/strong> e <strong>R$ 60 (inteira)<\/strong> para o <strong>setor ouro<\/strong>. Os propriet\u00e1rios de cadeira cativa pagam R$ 10.<\/p>\n<p>Crian\u00e7as at\u00e9 <strong>12 anos incompletos n\u00e3o pagam<\/strong> e retiram os bilhetes na pr\u00f3pria catraca do est\u00e1dio.\u00a0A entrada de <strong>torcedores de at\u00e9 14 anos<\/strong> tem que ser acompanhado dos <strong>pais<\/strong> ou <strong>respons\u00e1veis<\/strong> legais.<\/p>\n<p>Para adquirir os ingressos com valores de <strong>meia-entrada<\/strong> somente com a comprova\u00e7\u00e3o na entrada.<\/p>\n<h2 class=\"wp-block-heading\"><strong>Servi\u00e7o<\/strong>:<\/h2>\n<p><strong>Botafogo x Comercial (Copa Paulista)<\/strong><br \/>Data: 9 de julho<br \/>Hor\u00e1rio: 19h<br \/>Local: est\u00e1dio Santa Cruz\/Arena Nicnet \u2013 Av. Cost\u00e1bile Romano, S\/N \u2013 Ribeir\u00e2nia<br \/>Ingressos: Bilheterias ou on-line<\/p>\n<p>SAIBA MAIS <\/p>\n<p>Feriado de 9 de Julho: Veja hor\u00e1rio de funcionamento dos shoppings e com\u00e9rcio de Ribeir\u00e3o Preto<\/p>\n<h4 class=\"wp-block-heading\"><strong>FIQUE ON<\/strong><\/h4>\n<p>Fique ligado em tudo que acontece em Ribeir\u00e3o Preto e regi\u00e3o. Siga os perfis do\u00a0<strong>acidade on\u00a0<\/strong>no\u00a0<a href=\"https:\/\/www.instagram.com\/acidadeonribeirao\" target=\"_blank\" rel=\"noreferrer noopener\">Instagram<\/a>\u00a0e no\u00a0<a href=\"https:\/\/www.facebook.com\/acidadeonribeirao\" target=\"_blank\" rel=\"noreferrer noopener\">Facebook<\/a>.<\/p>\n<p>Receba not\u00edcias do\u00a0<strong>acidade on\u00a0<\/strong>no WhatsApp. Para entrar no grupo, basta\u00a0<a href=\"https:\/\/chat.whatsapp.com\/CdrZ6xrf7quD44Vw3WlPuZ\" target=\"_blank\" rel=\"noreferrer noopener\">clicar aqui<\/a>.<\/p>\n<p>Fa\u00e7a uma den\u00fancia ou sugira uma reportagem sobre Ribeir\u00e3o Preto e regi\u00e3o pelo WhatsApp: 16 99117 7802.<\/p>\n<p>VEJA TAMB\u00c9M<br \/>Quantos anos tem Tati Machado?<\/p>\n<p><!-- AI CONTENT END 1 -->\n<\/div>\n<\/div>\n<p><script async src=\"\/\/www.instagram.com\/embed.js\"><\/script><br \/>\n<br \/><br \/>\n<br \/><a href=\"https:\/\/www.acidadeon.com\/ribeiraopreto\/esportes\/saiba-como-comprar-ingressos-para-o-classico-come-fogo-em-ribeirao-preto\/\">Source link <\/a><\/p>\n<div class='code-block code-block-4' style='margin: 8px auto 8px 0; text-align: left; display: block; clear: both;'>\n\ud83d\udce2 Aviso Legal\n\nO site ismaelcolosi.com.br atua apenas como um canal de divulga\u00e7\u00e3o de oportunidades de emprego e n\u00e3o se responsabiliza pelo processo seletivo, contrata\u00e7\u00e3o ou qualquer outra etapa relacionada \u00e0s vagas publicadas. Todas as informa\u00e7\u00f5es s\u00e3o de responsabilidade dos anunciantes.\n\n\u26a0\ufe0f Aten\u00e7\u00e3o! Nunca pague por promessas de emprego nem compre cursos que garantam contrata\u00e7\u00e3o. Desconfie de qualquer cobran\u00e7a para participar de sele\u00e7\u00f5es.\n\n\n\n<\/div>\n<!-- CONTENT END 1 -->\n","protected":false},"excerpt":{"rendered":"<p>Os torcedores do Botafogo podem adquirir os ingressos para o cl\u00e1ssico Come-Fogo, que acontece nesta ter\u00e7a-feira (9), na bilheteria do est\u00e1dio Santa Cruz\/Arena Nicnet, na&#8230;<\/p>\n","protected":false},"author":1,"featured_media":55976,"comment_status":"open","ping_status":"open","sticky":false,"template":"","format":"standard","meta":{"_uag_custom_page_level_css":"","advanced_seo_description":"","jetpack_seo_html_title":"","jetpack_seo_noindex":false,"jetpack_post_was_ever_published":false,"_jetpack_newsletter_access":"","_jetpack_dont_email_post_to_subs":false,"_jetpack_newsletter_tier_id":0,"_jetpack_memberships_contains_paywalled_content":false,"_jetpack_memberships_contains_paid_content":false,"footnotes":"","jetpack_publicize_message":"","jetpack_publicize_feature_enabled":true,"jetpack_social_post_already_shared":true,"jetpack_social_options":{"image_generator_settings":{"template":"highway","default_image_id":0,"font":"","enabled":false},"version":2}},"categories":[11],"tags":[],"class_list":["post-55975","post","type-post","status-publish","format-standard","has-post-thumbnail","hentry","category-noticias-de-ribeirao-preto-sp-e-regiao-ismael-colosi"],"jetpack_publicize_connections":[],"jetpack_featured_media_url":"https:\/\/i0.wp.com\/ismaelcolosi.com.br\/wp-content\/uploads\/2024\/07\/come-fogo_2024-07-08_15-21-10.webp.webp?fit=979%2C648&ssl=1","uagb_featured_image_src":{"full":["https:\/\/i0.wp.com\/ismaelcolosi.com.br\/wp-content\/uploads\/2024\/07\/come-fogo_2024-07-08_15-21-10.webp.webp?fit=979%2C648&ssl=1",979,648,false],"thumbnail":["https:\/\/i0.wp.com\/ismaelcolosi.com.br\/wp-content\/uploads\/2024\/07\/come-fogo_2024-07-08_15-21-10.webp.webp?resize=150%2C150&ssl=1",150,150,true],"medium":["https:\/\/i0.wp.com\/ismaelcolosi.com.br\/wp-content\/uploads\/2024\/07\/come-fogo_2024-07-08_15-21-10.webp.webp?fit=300%2C199&ssl=1",300,199,true],"medium_large":["https:\/\/i0.wp.com\/ismaelcolosi.com.br\/wp-content\/uploads\/2024\/07\/come-fogo_2024-07-08_15-21-10.webp.webp?fit=768%2C508&ssl=1",768,508,true],"large":["https:\/\/i0.wp.com\/ismaelcolosi.com.br\/wp-content\/uploads\/2024\/07\/come-fogo_2024-07-08_15-21-10.webp.webp?fit=979%2C648&ssl=1",979,648,true],"1536x1536":["https:\/\/i0.wp.com\/ismaelcolosi.com.br\/wp-content\/uploads\/2024\/07\/come-fogo_2024-07-08_15-21-10.webp.webp?fit=979%2C648&ssl=1",979,648,true],"2048x2048":["https:\/\/i0.wp.com\/ismaelcolosi.com.br\/wp-content\/uploads\/2024\/07\/come-fogo_2024-07-08_15-21-10.webp.webp?fit=979%2C648&ssl=1",979,648,true],"really-simple-thumb":["https:\/\/i0.wp.com\/ismaelcolosi.com.br\/wp-content\/uploads\/2024\/07\/come-fogo_2024-07-08_15-21-10.webp.webp?resize=370%2C247&ssl=1",370,247,true]},"uagb_author_info":{"display_name":"ismaelcolosi.com.br","author_link":"https:\/\/ismaelcolosi.com.br\/index.php\/author\/vidareal-online\/"},"uagb_comment_info":0,"uagb_excerpt":"Os torcedores do Botafogo podem adquirir os ingressos para o cl\u00e1ssico Come-Fogo, que acontece nesta ter\u00e7a-feira (9), na bilheteria do est\u00e1dio Santa Cruz\/Arena Nicnet, na...","jetpack-related-posts":[{"id":32840,"url":"https:\/\/ismaelcolosi.com.br\/index.php\/2024\/01\/26\/veja-como-comprar-ingressos-para-botafogo-e-corinthians-em-ribeirao-preto\/","url_meta":{"origin":55975,"position":0},"title":"Veja como comprar ingressos para Botafogo e Corinthians em Ribeir\u00e3o Preto","author":"ismaelcolosi.com.br","date":"26 de January de 2024","format":false,"excerpt":"O Botafogo come\u00e7ou a vender nesta sexta-feira (26) os ingressos para a partida contra o Corinthians, marcada para o dia 14 de fevereiro, a partir das 21h35, no est\u00e1dio Santa Cruz\/Arena Nicnet, em Ribeir\u00e3o Preto. O confronto \u00e9 v\u00e1lido pela 8\u00aa rodada do Campeonato Paulista 2024. Os ingressos podem ser\u2026","rel":"","context":"In &quot;Not\u00edcias de Ribeir\u00e3o Preto-SP e Regi\u00e3o&quot;","block_context":{"text":"Not\u00edcias de Ribeir\u00e3o Preto-SP e Regi\u00e3o","link":"https:\/\/ismaelcolosi.com.br\/index.php\/category\/noticias-de-ribeirao-preto-sp-e-regiao-ismael-colosi\/"},"img":{"alt_text":"","src":"https:\/\/i0.wp.com\/ismaelcolosi.com.br\/wp-content\/uploads\/2024\/01\/corinthians-botafogo.jpg?fit=1200%2C800&ssl=1&resize=350%2C200","width":350,"height":200,"srcset":"https:\/\/i0.wp.com\/ismaelcolosi.com.br\/wp-content\/uploads\/2024\/01\/corinthians-botafogo.jpg?fit=1200%2C800&ssl=1&resize=350%2C200 1x, https:\/\/i0.wp.com\/ismaelcolosi.com.br\/wp-content\/uploads\/2024\/01\/corinthians-botafogo.jpg?fit=1200%2C800&ssl=1&resize=525%2C300 1.5x, https:\/\/i0.wp.com\/ismaelcolosi.com.br\/wp-content\/uploads\/2024\/01\/corinthians-botafogo.jpg?fit=1200%2C800&ssl=1&resize=700%2C400 2x, https:\/\/i0.wp.com\/ismaelcolosi.com.br\/wp-content\/uploads\/2024\/01\/corinthians-botafogo.jpg?fit=1200%2C800&ssl=1&resize=1050%2C600 3x"},"classes":[]},{"id":50668,"url":"https:\/\/ismaelcolosi.com.br\/index.php\/2024\/05\/17\/veja-como-comprar-ingressos-para-botafogo-e-palmeiras-em-ribeirao-preto-2\/","url_meta":{"origin":55975,"position":1},"title":"Veja como comprar ingressos para Botafogo e Palmeiras em Ribeir\u00e3o Preto","author":"ismaelcolosi.com.br","date":"17 de May de 2024","format":false,"excerpt":"Come\u00e7a neste s\u00e1bado (18) a venda de ingressos para a partida entre Botafogo e Palmeiras, pela terceira fase da Copa do Brasil 2024, nas bilheterias do Est\u00e1dio Santa Cruz\/Arena Nicnet, em Ribeir\u00e3o Preto. A partida acontece na pr\u00f3xima quinta-feira (23), \u00e0s 19h. No confronto de ida, realizado no Allianz Parque,\u2026","rel":"","context":"In &quot;Not\u00edcias de Ribeir\u00e3o Preto-SP e Regi\u00e3o&quot;","block_context":{"text":"Not\u00edcias de Ribeir\u00e3o Preto-SP e Regi\u00e3o","link":"https:\/\/ismaelcolosi.com.br\/index.php\/category\/noticias-de-ribeirao-preto-sp-e-regiao-ismael-colosi\/"},"img":{"alt_text":"","src":"https:\/\/i0.wp.com\/ismaelcolosi.com.br\/wp-content\/uploads\/2024\/05\/AnyConv.com__botafogo-palmeiras-2_2024-05-17_19-53-13.webp.webp?fit=1200%2C800&ssl=1&resize=350%2C200","width":350,"height":200,"srcset":"https:\/\/i0.wp.com\/ismaelcolosi.com.br\/wp-content\/uploads\/2024\/05\/AnyConv.com__botafogo-palmeiras-2_2024-05-17_19-53-13.webp.webp?fit=1200%2C800&ssl=1&resize=350%2C200 1x, https:\/\/i0.wp.com\/ismaelcolosi.com.br\/wp-content\/uploads\/2024\/05\/AnyConv.com__botafogo-palmeiras-2_2024-05-17_19-53-13.webp.webp?fit=1200%2C800&ssl=1&resize=525%2C300 1.5x, https:\/\/i0.wp.com\/ismaelcolosi.com.br\/wp-content\/uploads\/2024\/05\/AnyConv.com__botafogo-palmeiras-2_2024-05-17_19-53-13.webp.webp?fit=1200%2C800&ssl=1&resize=700%2C400 2x, https:\/\/i0.wp.com\/ismaelcolosi.com.br\/wp-content\/uploads\/2024\/05\/AnyConv.com__botafogo-palmeiras-2_2024-05-17_19-53-13.webp.webp?fit=1200%2C800&ssl=1&resize=1050%2C600 3x"},"classes":[]},{"id":29172,"url":"https:\/\/ismaelcolosi.com.br\/index.php\/2024\/01\/17\/saiba-tudo-sobre-venda-de-ingresso-para-botafogo-e-santos-em-ribeirao-preto\/","url_meta":{"origin":55975,"position":2},"title":"Saiba tudo sobre venda de ingresso para Botafogo e Santos em Ribeir\u00e3o Preto","author":"ismaelcolosi.com.br","date":"17 de January de 2024","format":false,"excerpt":"A venda de ingressos para o jogo do Botafogo contra o Santos come\u00e7ou nesta quarta-feira (17), nas bilheterias do est\u00e1dio Santa Cruz\/Arena Nicnet, que fica no bairro Ribeir\u00e2nia, em Ribeir\u00e3o Preto. A partida pela 1\u00aa rodada do Campeonato Paulista pela s\u00e9rie A acontece no s\u00e1bado (20). Os pre\u00e7os dos ingressos\u2026","rel":"","context":"In &quot;Not\u00edcias de Ribeir\u00e3o Preto-SP e Regi\u00e3o&quot;","block_context":{"text":"Not\u00edcias de Ribeir\u00e3o Preto-SP e Regi\u00e3o","link":"https:\/\/ismaelcolosi.com.br\/index.php\/category\/noticias-de-ribeirao-preto-sp-e-regiao-ismael-colosi\/"},"img":{"alt_text":"","src":"https:\/\/i0.wp.com\/ismaelcolosi.com.br\/wp-content\/uploads\/2024\/01\/1705520141_WhatsApp-Image-2024-01-09-at-16.41.38.jpeg?fit=1200%2C675&ssl=1&resize=350%2C200","width":350,"height":200,"srcset":"https:\/\/i0.wp.com\/ismaelcolosi.com.br\/wp-content\/uploads\/2024\/01\/1705520141_WhatsApp-Image-2024-01-09-at-16.41.38.jpeg?fit=1200%2C675&ssl=1&resize=350%2C200 1x, https:\/\/i0.wp.com\/ismaelcolosi.com.br\/wp-content\/uploads\/2024\/01\/1705520141_WhatsApp-Image-2024-01-09-at-16.41.38.jpeg?fit=1200%2C675&ssl=1&resize=525%2C300 1.5x, https:\/\/i0.wp.com\/ismaelcolosi.com.br\/wp-content\/uploads\/2024\/01\/1705520141_WhatsApp-Image-2024-01-09-at-16.41.38.jpeg?fit=1200%2C675&ssl=1&resize=700%2C400 2x, https:\/\/i0.wp.com\/ismaelcolosi.com.br\/wp-content\/uploads\/2024\/01\/1705520141_WhatsApp-Image-2024-01-09-at-16.41.38.jpeg?fit=1200%2C675&ssl=1&resize=1050%2C600 3x"},"classes":[]},{"id":65602,"url":"https:\/\/ismaelcolosi.com.br\/index.php\/2024\/09\/12\/saiba-quando-o-botafogo-inicia-venda-de-ingressos-nas-bilheterias-para-jogo-contra-o-santos\/","url_meta":{"origin":55975,"position":3},"title":"Saiba quando o Botafogo inicia venda de ingressos nas bilheterias para jogo contra o Santos","author":"ismaelcolosi.com.br","date":"12 de September de 2024","format":false,"excerpt":"O Botafogo inicia nesta sexta-feira (13), a venda de ingressos nas bilheterias para o jogo contra o Santos, pela 27\u00aa rodada do Campeonato Brasileiro da S\u00e9rie B. A disputa acontece na pr\u00f3xima quinta-feira (19), \u00e0s 21h30, no est\u00e1dio Santa Cruz\/Arena Nicnet, em Ribeir\u00e3o Preto. Conforme as informa\u00e7\u00f5es do clube, no\u2026","rel":"","context":"In &quot;Not\u00edcias de Ribeir\u00e3o Preto-SP e Regi\u00e3o&quot;","block_context":{"text":"Not\u00edcias de Ribeir\u00e3o Preto-SP e Regi\u00e3o","link":"https:\/\/ismaelcolosi.com.br\/index.php\/category\/noticias-de-ribeirao-preto-sp-e-regiao-ismael-colosi\/"},"img":{"alt_text":"","src":"https:\/\/i0.wp.com\/ismaelcolosi.com.br\/wp-content\/uploads\/2024\/04\/Botafogo-6.webp.webp?fit=1200%2C800&ssl=1&resize=350%2C200","width":350,"height":200,"srcset":"https:\/\/i0.wp.com\/ismaelcolosi.com.br\/wp-content\/uploads\/2024\/04\/Botafogo-6.webp.webp?fit=1200%2C800&ssl=1&resize=350%2C200 1x, https:\/\/i0.wp.com\/ismaelcolosi.com.br\/wp-content\/uploads\/2024\/04\/Botafogo-6.webp.webp?fit=1200%2C800&ssl=1&resize=525%2C300 1.5x, https:\/\/i0.wp.com\/ismaelcolosi.com.br\/wp-content\/uploads\/2024\/04\/Botafogo-6.webp.webp?fit=1200%2C800&ssl=1&resize=700%2C400 2x, https:\/\/i0.wp.com\/ismaelcolosi.com.br\/wp-content\/uploads\/2024\/04\/Botafogo-6.webp.webp?fit=1200%2C800&ssl=1&resize=1050%2C600 3x"},"classes":[]},{"id":59089,"url":"https:\/\/ismaelcolosi.com.br\/index.php\/2024\/08\/06\/botafogo-vence-barretos-antes-do-classico-come-fogo-em-ribeirao-preto\/","url_meta":{"origin":55975,"position":4},"title":"Botafogo vence Barretos antes do cl\u00e1ssico Come-Fogo em Ribeir\u00e3o Preto","author":"ismaelcolosi.com.br","date":"6 de August de 2024","format":false,"excerpt":"Com um gol marcado pelo lateral esquerdo Jean Victor, o Botafogo venceu o Barretos por 1 a 0, nesta segunda-feira (5), pela oitava rodada da Copa Paulista. A partida aconteceu no est\u00e1dio Santa Cruz\/Arena Nicnet, em Ribeir\u00e3o Preto. O gol marcado pelo camisa seis ocorreu em cobran\u00e7a de p\u00eanalti, aos\u2026","rel":"","context":"In &quot;Not\u00edcias de Ribeir\u00e3o Preto-SP e Regi\u00e3o&quot;","block_context":{"text":"Not\u00edcias de Ribeir\u00e3o Preto-SP e Regi\u00e3o","link":"https:\/\/ismaelcolosi.com.br\/index.php\/category\/noticias-de-ribeirao-preto-sp-e-regiao-ismael-colosi\/"},"img":{"alt_text":"","src":"https:\/\/i0.wp.com\/ismaelcolosi.com.br\/wp-content\/uploads\/2024\/08\/botafogo-barretos_2024-08-06_10-44-53_jpg_2024-08-06_10-44-53.webp.webp?fit=1200%2C799&ssl=1&resize=350%2C200","width":350,"height":200,"srcset":"https:\/\/i0.wp.com\/ismaelcolosi.com.br\/wp-content\/uploads\/2024\/08\/botafogo-barretos_2024-08-06_10-44-53_jpg_2024-08-06_10-44-53.webp.webp?fit=1200%2C799&ssl=1&resize=350%2C200 1x, https:\/\/i0.wp.com\/ismaelcolosi.com.br\/wp-content\/uploads\/2024\/08\/botafogo-barretos_2024-08-06_10-44-53_jpg_2024-08-06_10-44-53.webp.webp?fit=1200%2C799&ssl=1&resize=525%2C300 1.5x, https:\/\/i0.wp.com\/ismaelcolosi.com.br\/wp-content\/uploads\/2024\/08\/botafogo-barretos_2024-08-06_10-44-53_jpg_2024-08-06_10-44-53.webp.webp?fit=1200%2C799&ssl=1&resize=700%2C400 2x, https:\/\/i0.wp.com\/ismaelcolosi.com.br\/wp-content\/uploads\/2024\/08\/botafogo-barretos_2024-08-06_10-44-53_jpg_2024-08-06_10-44-53.webp.webp?fit=1200%2C799&ssl=1&resize=1050%2C600 3x"},"classes":[]},{"id":59696,"url":"https:\/\/ismaelcolosi.com.br\/index.php\/2024\/08\/11\/ingressos-para-o-classico-come-fogo-em-ribeirao-preto-ainda-estao-disponiveis\/","url_meta":{"origin":55975,"position":5},"title":"Ingressos para o cl\u00e1ssico Come-Fogo em Ribeir\u00e3o Preto ainda est\u00e3o dispon\u00edveis","author":"ismaelcolosi.com.br","date":"11 de August de 2024","format":false,"excerpt":"Os torcedores do Comercial ainda podem adquirir os ingressos para o cl\u00e1ssico Come-Fogo, que acontece nesta segunda-feira (12). O jogo pela 9\u00aa rodada da Copa Paulista est\u00e1 marcado para \u00e0s 20h, no est\u00e1dio Palma Travassos, na zona Leste de Ribeir\u00e3o Preto. Por determina\u00e7\u00e3o da Federa\u00e7\u00e3o Paulista de Futebol (FPF), ap\u00f3s\u2026","rel":"","context":"In &quot;Not\u00edcias de Ribeir\u00e3o Preto-SP e Regi\u00e3o&quot;","block_context":{"text":"Not\u00edcias de Ribeir\u00e3o Preto-SP e Regi\u00e3o","link":"https:\/\/ismaelcolosi.com.br\/index.php\/category\/noticias-de-ribeirao-preto-sp-e-regiao-ismael-colosi\/"},"img":{"alt_text":"","src":"https:\/\/i0.wp.com\/ismaelcolosi.com.br\/wp-content\/uploads\/2024\/07\/comefogo_2024-07-09_23-49-06_jpeg_2024-07-09_23-49-06.webp.webp?fit=1200%2C915&ssl=1&resize=350%2C200","width":350,"height":200,"srcset":"https:\/\/i0.wp.com\/ismaelcolosi.com.br\/wp-content\/uploads\/2024\/07\/comefogo_2024-07-09_23-49-06_jpeg_2024-07-09_23-49-06.webp.webp?fit=1200%2C915&ssl=1&resize=350%2C200 1x, https:\/\/i0.wp.com\/ismaelcolosi.com.br\/wp-content\/uploads\/2024\/07\/comefogo_2024-07-09_23-49-06_jpeg_2024-07-09_23-49-06.webp.webp?fit=1200%2C915&ssl=1&resize=525%2C300 1.5x, https:\/\/i0.wp.com\/ismaelcolosi.com.br\/wp-content\/uploads\/2024\/07\/comefogo_2024-07-09_23-49-06_jpeg_2024-07-09_23-49-06.webp.webp?fit=1200%2C915&ssl=1&resize=700%2C400 2x, https:\/\/i0.wp.com\/ismaelcolosi.com.br\/wp-content\/uploads\/2024\/07\/comefogo_2024-07-09_23-49-06_jpeg_2024-07-09_23-49-06.webp.webp?fit=1200%2C915&ssl=1&resize=1050%2C600 3x"},"classes":[]}],"jetpack_sharing_enabled":true,"jetpack_shortlink":"https:\/\/wp.me\/pfMlyK-eyP","_links":{"self":[{"href":"https:\/\/ismaelcolosi.com.br\/index.php\/wp-json\/wp\/v2\/posts\/55975","targetHints":{"allow":["GET"]}}],"collection":[{"href":"https:\/\/ismaelcolosi.com.br\/index.php\/wp-json\/wp\/v2\/posts"}],"about":[{"href":"https:\/\/ismaelcolosi.com.br\/index.php\/wp-json\/wp\/v2\/types\/post"}],"author":[{"embeddable":true,"href":"https:\/\/ismaelcolosi.com.br\/index.php\/wp-json\/wp\/v2\/users\/1"}],"replies":[{"embeddable":true,"href":"https:\/\/ismaelcolosi.com.br\/index.php\/wp-json\/wp\/v2\/comments?post=55975"}],"version-history":[{"count":0,"href":"https:\/\/ismaelcolosi.com.br\/index.php\/wp-json\/wp\/v2\/posts\/55975\/revisions"}],"wp:featuredmedia":[{"embeddable":true,"href":"https:\/\/ismaelcolosi.com.br\/index.php\/wp-json\/wp\/v2\/media\/55976"}],"wp:attachment":[{"href":"https:\/\/ismaelcolosi.com.br\/index.php\/wp-json\/wp\/v2\/media?parent=55975"}],"wp:term":[{"taxonomy":"category","embeddable":true,"href":"https:\/\/ismaelcolosi.com.br\/index.php\/wp-json\/wp\/v2\/categories?post=55975"},{"taxonomy":"post_tag","embeddable":true,"href":"https:\/\/ismaelcolosi.com.br\/index.php\/wp-json\/wp\/v2\/tags?post=55975"}],"curies":[{"name":"wp","href":"https:\/\/api.w.org\/{rel}","templated":true}]}}