{"id":55971,"date":"2024-07-08T12:32:55","date_gmt":"2024-07-08T15:32:55","guid":{"rendered":"https:\/\/ismaelcolosi.com.br\/index.php\/2024\/07\/08\/jovem-morre-afogado-no-rio-grande-na-regiao-de-ribeirao-preto\/"},"modified":"2024-07-08T12:32:55","modified_gmt":"2024-07-08T15:32:55","slug":"jovem-morre-afogado-no-rio-grande-na-regiao-de-ribeirao-preto","status":"publish","type":"post","link":"https:\/\/ismaelcolosi.com.br\/index.php\/2024\/07\/08\/jovem-morre-afogado-no-rio-grande-na-regiao-de-ribeirao-preto\/","title":{"rendered":"Jovem morre afogado no rio Grande na regi\u00e3o de Ribeir\u00e3o Preto"},"content":{"rendered":"<p> <br \/>\n<\/p>\n<div data-td-block-uid=\"tdi_106\">\n<div class=\"tdb-block-inner td-fix-index\">\n<p>O jovem <strong>Juan Riquelme Borges da Silva, de 18 anos<\/strong>, morreu <strong>afogado<\/strong> na tarde de domingo (7) no <strong>rio Grande <\/strong>em <strong>Col\u00f4mbia<\/strong>, cidade na regi\u00e3o de <strong>Ribeir\u00e3o Preto<\/strong>.<\/p>\n<p>Segundo o boletim de ocorr\u00eancia, <strong>Juan morava em Franca <\/strong>e estava com amigos no rio quando <strong>mergulhou<\/strong> e <strong>n\u00e3o retornou<\/strong>. Um homem que estava <strong>pescando foi chamado<\/strong> e iniciou as buscas com uma canoa. Ap\u00f3s aproximadamente 40 minutos, o corpo foi encontrado.<\/p><div class='code-block code-block-8' style='margin: 8px auto; text-align: center; display: block; clear: both;'>\n<script>\n  atOptions = {\n    'key' : '66e2e2111ca34da796271819fc334058',\n    'format' : 'iframe',\n    'height' : 250,\n    'width' : 300,\n    'params' : {}\n  };\n<\/script>\n<script src=\"https:\/\/www.highperformanceformat.com\/66e2e2111ca34da796271819fc334058\/invoke.js\"><\/script>\n<\/div>\n\n<p>As pol\u00edcias Militar e Civil, al\u00e9m do Corpo de Bombeiros estiveram no local.<\/p>\n<p>A ocorr\u00eancia foi registrada como <strong>morte suspeita<\/strong>.<\/p>\n<h2 class=\"wp-block-heading\"><strong>Cerim\u00f4nias <\/strong><\/h2>\n<p>O corpo de Juan est\u00e1 sendo velado no Memorial Nova Franca (sala 04) e ser\u00e1 sepultado \u00e0s 16h, no cemit\u00e9rio Santo Agostinho, ambos em Franca.<\/p>\n<p>SAIBA MAIS <\/p>\n<p>Gustavo Mioto e Ana Castela na regi\u00e3o de Ribeir\u00e3o: Confira os shows da Festa do Leite<\/p>\n<h4 class=\"wp-block-heading\"><strong>FIQUE ON<\/strong><\/h4>\n<p>Fique ligado em tudo que acontece em Ribeir\u00e3o Preto e regi\u00e3o. Siga os perfis do\u00a0<strong>acidade on\u00a0<\/strong>no\u00a0<a href=\"https:\/\/www.instagram.com\/acidadeonribeirao\" target=\"_blank\" rel=\"noreferrer noopener\">Instagram<\/a>\u00a0e no\u00a0<a href=\"https:\/\/www.facebook.com\/acidadeonribeirao\" target=\"_blank\" rel=\"noreferrer noopener\">Facebook<\/a>.<\/p>\n<p>Receba not\u00edcias do acidade on no WhatsApp. Para entrar no grupo, basta\u00a0<a href=\"https:\/\/chat.whatsapp.com\/CdrZ6xrf7quD44Vw3WlPuZ\" target=\"_blank\" rel=\"noreferrer noopener\">clicar aqui<\/a>.<\/p>\n<p>Fa\u00e7a uma den\u00fancia ou sugira uma reportagem sobre Ribeir\u00e3o Preto e regi\u00e3o pelo WhatsApp: 16 99117 7802.<\/p>\n<p>VEJA TAMB\u00c9M<br \/>Quem \u00e9 o marido de Tati Machado?<\/p>\n<p><!-- AI CONTENT END 1 -->\n<\/div>\n<\/div>\n<p><script async src=\"\/\/www.instagram.com\/embed.js\"><\/script><br \/>\n<br \/><br \/>\n<br \/><a href=\"https:\/\/www.acidadeon.com\/ribeiraopreto\/cotidiano\/jovem-morre-afogado-no-rio-grande-na-regiao-de-ribeirao-preto\/\">Source link <\/a><\/p>\n<div class='code-block code-block-4' style='margin: 8px auto 8px 0; text-align: left; display: block; clear: both;'>\n\ud83d\udce2 Aviso Legal\n\nO site ismaelcolosi.com.br atua apenas como um canal de divulga\u00e7\u00e3o de oportunidades de emprego e n\u00e3o se responsabiliza pelo processo seletivo, contrata\u00e7\u00e3o ou qualquer outra etapa relacionada \u00e0s vagas publicadas. Todas as informa\u00e7\u00f5es s\u00e3o de responsabilidade dos anunciantes.\n\n\u26a0\ufe0f Aten\u00e7\u00e3o! Nunca pague por promessas de emprego nem compre cursos que garantam contrata\u00e7\u00e3o. Desconfie de qualquer cobran\u00e7a para participar de sele\u00e7\u00f5es.\n\n\n\n<\/div>\n<!-- CONTENT END 1 -->\n","protected":false},"excerpt":{"rendered":"<p>O jovem Juan Riquelme Borges da Silva, de 18 anos, morreu afogado na tarde de domingo (7) no rio Grande em Col\u00f4mbia, cidade na regi\u00e3o&#8230;<\/p>\n","protected":false},"author":1,"featured_media":55972,"comment_status":"open","ping_status":"open","sticky":false,"template":"","format":"standard","meta":{"_uag_custom_page_level_css":"","advanced_seo_description":"","jetpack_seo_html_title":"","jetpack_seo_noindex":false,"jetpack_post_was_ever_published":false,"_jetpack_newsletter_access":"","_jetpack_dont_email_post_to_subs":false,"_jetpack_newsletter_tier_id":0,"_jetpack_memberships_contains_paywalled_content":false,"_jetpack_memberships_contains_paid_content":false,"footnotes":"","jetpack_publicize_message":"","jetpack_publicize_feature_enabled":true,"jetpack_social_post_already_shared":true,"jetpack_social_options":{"image_generator_settings":{"template":"highway","default_image_id":0,"font":"","enabled":false},"version":2}},"categories":[11],"tags":[],"class_list":["post-55971","post","type-post","status-publish","format-standard","has-post-thumbnail","hentry","category-noticias-de-ribeirao-preto-sp-e-regiao-ismael-colosi"],"jetpack_publicize_connections":[],"jetpack_featured_media_url":"https:\/\/i0.wp.com\/ismaelcolosi.com.br\/wp-content\/uploads\/2024\/07\/Copia-de-Copia-de-TAMANHO-EXATO-PARA-FOTOS-NO-SISTEMA-NOVO-4_2024-07-08_14-50-03_jpg_2024-07-08_14-50-03.webp.webp?fit=1200%2C675&ssl=1","uagb_featured_image_src":{"full":["https:\/\/i0.wp.com\/ismaelcolosi.com.br\/wp-content\/uploads\/2024\/07\/Copia-de-Copia-de-TAMANHO-EXATO-PARA-FOTOS-NO-SISTEMA-NOVO-4_2024-07-08_14-50-03_jpg_2024-07-08_14-50-03.webp.webp?fit=1200%2C675&ssl=1",1200,675,false],"thumbnail":["https:\/\/i0.wp.com\/ismaelcolosi.com.br\/wp-content\/uploads\/2024\/07\/Copia-de-Copia-de-TAMANHO-EXATO-PARA-FOTOS-NO-SISTEMA-NOVO-4_2024-07-08_14-50-03_jpg_2024-07-08_14-50-03.webp.webp?resize=150%2C150&ssl=1",150,150,true],"medium":["https:\/\/i0.wp.com\/ismaelcolosi.com.br\/wp-content\/uploads\/2024\/07\/Copia-de-Copia-de-TAMANHO-EXATO-PARA-FOTOS-NO-SISTEMA-NOVO-4_2024-07-08_14-50-03_jpg_2024-07-08_14-50-03.webp.webp?fit=300%2C169&ssl=1",300,169,true],"medium_large":["https:\/\/i0.wp.com\/ismaelcolosi.com.br\/wp-content\/uploads\/2024\/07\/Copia-de-Copia-de-TAMANHO-EXATO-PARA-FOTOS-NO-SISTEMA-NOVO-4_2024-07-08_14-50-03_jpg_2024-07-08_14-50-03.webp.webp?fit=768%2C432&ssl=1",768,432,true],"large":["https:\/\/i0.wp.com\/ismaelcolosi.com.br\/wp-content\/uploads\/2024\/07\/Copia-de-Copia-de-TAMANHO-EXATO-PARA-FOTOS-NO-SISTEMA-NOVO-4_2024-07-08_14-50-03_jpg_2024-07-08_14-50-03.webp.webp?fit=1024%2C576&ssl=1",1024,576,true],"1536x1536":["https:\/\/i0.wp.com\/ismaelcolosi.com.br\/wp-content\/uploads\/2024\/07\/Copia-de-Copia-de-TAMANHO-EXATO-PARA-FOTOS-NO-SISTEMA-NOVO-4_2024-07-08_14-50-03_jpg_2024-07-08_14-50-03.webp.webp?fit=1200%2C675&ssl=1",1200,675,true],"2048x2048":["https:\/\/i0.wp.com\/ismaelcolosi.com.br\/wp-content\/uploads\/2024\/07\/Copia-de-Copia-de-TAMANHO-EXATO-PARA-FOTOS-NO-SISTEMA-NOVO-4_2024-07-08_14-50-03_jpg_2024-07-08_14-50-03.webp.webp?fit=1200%2C675&ssl=1",1200,675,true],"really-simple-thumb":["https:\/\/i0.wp.com\/ismaelcolosi.com.br\/wp-content\/uploads\/2024\/07\/Copia-de-Copia-de-TAMANHO-EXATO-PARA-FOTOS-NO-SISTEMA-NOVO-4_2024-07-08_14-50-03_jpg_2024-07-08_14-50-03.webp.webp?resize=370%2C247&ssl=1",370,247,true]},"uagb_author_info":{"display_name":"ismaelcolosi.com.br","author_link":"https:\/\/ismaelcolosi.com.br\/index.php\/author\/vidareal-online\/"},"uagb_comment_info":0,"uagb_excerpt":"O jovem Juan Riquelme Borges da Silva, de 18 anos, morreu afogado na tarde de domingo (7) no rio Grande em Col\u00f4mbia, cidade na regi\u00e3o...","jetpack-related-posts":[{"id":40670,"url":"https:\/\/ismaelcolosi.com.br\/index.php\/2024\/03\/05\/homem-morre-afogado-em-represa-na-regiao-de-ribeirao\/","url_meta":{"origin":55971,"position":0},"title":"Homem morre afogado em represa na regi\u00e3o de Ribeir\u00e3o","author":"ismaelcolosi.com.br","date":"5 de March de 2024","format":false,"excerpt":"Um homem de 43 anos morreu afogado na represa de uma ch\u00e1cara no \u00faltimo domingo (3), nas proximidades da rodovia F\u00e1bio Talarico, em S\u00e3o Jos\u00e9 da Bela Vista, cidade a 85 quil\u00f4metros de Ribeir\u00e3o Preto. O corpo s\u00f3 foi encontrado na segunda-feira (4), boiando na represa. De acordo com o\u2026","rel":"","context":"In &quot;Not\u00edcias de Ribeir\u00e3o Preto-SP e Regi\u00e3o&quot;","block_context":{"text":"Not\u00edcias de Ribeir\u00e3o Preto-SP e Regi\u00e3o","link":"https:\/\/ismaelcolosi.com.br\/index.php\/category\/noticias-de-ribeirao-preto-sp-e-regiao-ismael-colosi\/"},"img":{"alt_text":"","src":"https:\/\/i0.wp.com\/ismaelcolosi.com.br\/wp-content\/uploads\/2024\/03\/AnyConv.com__eloisio.webp.webp?fit=1200%2C674&ssl=1&resize=350%2C200","width":350,"height":200,"srcset":"https:\/\/i0.wp.com\/ismaelcolosi.com.br\/wp-content\/uploads\/2024\/03\/AnyConv.com__eloisio.webp.webp?fit=1200%2C674&ssl=1&resize=350%2C200 1x, https:\/\/i0.wp.com\/ismaelcolosi.com.br\/wp-content\/uploads\/2024\/03\/AnyConv.com__eloisio.webp.webp?fit=1200%2C674&ssl=1&resize=525%2C300 1.5x, https:\/\/i0.wp.com\/ismaelcolosi.com.br\/wp-content\/uploads\/2024\/03\/AnyConv.com__eloisio.webp.webp?fit=1200%2C674&ssl=1&resize=700%2C400 2x, https:\/\/i0.wp.com\/ismaelcolosi.com.br\/wp-content\/uploads\/2024\/03\/AnyConv.com__eloisio.webp.webp?fit=1200%2C674&ssl=1&resize=1050%2C600 3x"},"classes":[]},{"id":40772,"url":"https:\/\/ismaelcolosi.com.br\/index.php\/2024\/03\/05\/homem-morre-afogado-em-represa-na-regiao-de-ribeirao-2\/","url_meta":{"origin":55971,"position":1},"title":"Homem morre afogado em represa na regi\u00e3o de Ribeir\u00e3o","author":"ismaelcolosi.com.br","date":"5 de March de 2024","format":false,"excerpt":"Um homem de 43 anos morreu afogado na represa de uma ch\u00e1cara no \u00faltimo domingo (3), nas proximidades da rodovia F\u00e1bio Talarico, em S\u00e3o Jos\u00e9 da Bela Vista, cidade a 85 quil\u00f4metros de Ribeir\u00e3o Preto. O corpo s\u00f3 foi encontrado na segunda-feira (4), boiando na represa. De acordo com o\u2026","rel":"","context":"In &quot;Not\u00edcias de Ribeir\u00e3o Preto-SP e Regi\u00e3o&quot;","block_context":{"text":"Not\u00edcias de Ribeir\u00e3o Preto-SP e Regi\u00e3o","link":"https:\/\/ismaelcolosi.com.br\/index.php\/category\/noticias-de-ribeirao-preto-sp-e-regiao-ismael-colosi\/"},"img":{"alt_text":"","src":"https:\/\/i0.wp.com\/ismaelcolosi.com.br\/wp-content\/uploads\/2024\/03\/AnyConv.com__eloisio.webp.webp?fit=1200%2C674&ssl=1&resize=350%2C200","width":350,"height":200,"srcset":"https:\/\/i0.wp.com\/ismaelcolosi.com.br\/wp-content\/uploads\/2024\/03\/AnyConv.com__eloisio.webp.webp?fit=1200%2C674&ssl=1&resize=350%2C200 1x, https:\/\/i0.wp.com\/ismaelcolosi.com.br\/wp-content\/uploads\/2024\/03\/AnyConv.com__eloisio.webp.webp?fit=1200%2C674&ssl=1&resize=525%2C300 1.5x, https:\/\/i0.wp.com\/ismaelcolosi.com.br\/wp-content\/uploads\/2024\/03\/AnyConv.com__eloisio.webp.webp?fit=1200%2C674&ssl=1&resize=700%2C400 2x, https:\/\/i0.wp.com\/ismaelcolosi.com.br\/wp-content\/uploads\/2024\/03\/AnyConv.com__eloisio.webp.webp?fit=1200%2C674&ssl=1&resize=1050%2C600 3x"},"classes":[]},{"id":45105,"url":"https:\/\/ismaelcolosi.com.br\/index.php\/2024\/04\/02\/encontrado-corpo-de-jovem-que-se-afogou-e-estava-desaparecido-no-rio-pardo-em-ribeirao\/","url_meta":{"origin":55971,"position":2},"title":"Encontrado corpo de jovem que se afogou e estava desaparecido no rio Pardo em Ribeir\u00e3o","author":"ismaelcolosi.com.br","date":"2 de April de 2024","format":false,"excerpt":"O corpo do jovem que se afogou no rio Pardo e estava desaparecido foi encontrado pelos bombeiros, na manh\u00e3 desta ter\u00e7a-feira (2), pr\u00f3ximo ao clube de Regatas, na rodovia C\u00e2ndido Portinari, na zona Leste da cidade. O caso O\u00a0Corpo de Bombeiros\u00a0realizou, no domingo (31), buscas por um jovem que desapareceu\u2026","rel":"","context":"In &quot;Not\u00edcias de Ribeir\u00e3o Preto-SP e Regi\u00e3o&quot;","block_context":{"text":"Not\u00edcias de Ribeir\u00e3o Preto-SP e Regi\u00e3o","link":"https:\/\/ismaelcolosi.com.br\/index.php\/category\/noticias-de-ribeirao-preto-sp-e-regiao-ismael-colosi\/"},"img":{"alt_text":"","src":"https:\/\/i0.wp.com\/ismaelcolosi.com.br\/wp-content\/uploads\/2024\/04\/WhatsApp-Image-2024-04-02-at-11.33.55.jpeg?fit=1200%2C635&ssl=1&resize=350%2C200","width":350,"height":200,"srcset":"https:\/\/i0.wp.com\/ismaelcolosi.com.br\/wp-content\/uploads\/2024\/04\/WhatsApp-Image-2024-04-02-at-11.33.55.jpeg?fit=1200%2C635&ssl=1&resize=350%2C200 1x, https:\/\/i0.wp.com\/ismaelcolosi.com.br\/wp-content\/uploads\/2024\/04\/WhatsApp-Image-2024-04-02-at-11.33.55.jpeg?fit=1200%2C635&ssl=1&resize=525%2C300 1.5x, https:\/\/i0.wp.com\/ismaelcolosi.com.br\/wp-content\/uploads\/2024\/04\/WhatsApp-Image-2024-04-02-at-11.33.55.jpeg?fit=1200%2C635&ssl=1&resize=700%2C400 2x, https:\/\/i0.wp.com\/ismaelcolosi.com.br\/wp-content\/uploads\/2024\/04\/WhatsApp-Image-2024-04-02-at-11.33.55.jpeg?fit=1200%2C635&ssl=1&resize=1050%2C600 3x"},"classes":[]},{"id":68694,"url":"https:\/\/ismaelcolosi.com.br\/index.php\/2024\/10\/01\/bombeiros-encontram-corpo-de-moradora-da-regiao-de-ribeirao-preto-no-rio-grande\/","url_meta":{"origin":55971,"position":3},"title":"Bombeiros encontram corpo de moradora da regi\u00e3o de Ribeir\u00e3o Preto no rio Grande","author":"ismaelcolosi.com.br","date":"1 de October de 2024","format":false,"excerpt":"O Corpo de Bombeiros encontrou, no final da tarde desta segunda-feira (30), o corpo da idosa de Franca, regi\u00e3o de Ribeir\u00e3o Preto, que estava desaparecida no rio Grande, entre Claraval-MG e Ibiraci-MG. Marli Cardoso da Silva, de 66 anos, estava desaparecida desde o \u00faltimo s\u00e1bado (28), e foi localizada a\u2026","rel":"","context":"In &quot;Not\u00edcias de Ribeir\u00e3o Preto-SP e Regi\u00e3o&quot;","block_context":{"text":"Not\u00edcias de Ribeir\u00e3o Preto-SP e Regi\u00e3o","link":"https:\/\/ismaelcolosi.com.br\/index.php\/category\/noticias-de-ribeirao-preto-sp-e-regiao-ismael-colosi\/"},"img":{"alt_text":"","src":"https:\/\/i0.wp.com\/ismaelcolosi.com.br\/wp-content\/uploads\/2024\/10\/Copia-de-Copia-de-Copia-de-TAMANHO-EXATO-PARA-FOTOS-NO-SISTEMA-NOVO-84_2024-10-01_18-31-55_png_2024-10-01_18-31-55.webp.webp?fit=1200%2C675&ssl=1&resize=350%2C200","width":350,"height":200,"srcset":"https:\/\/i0.wp.com\/ismaelcolosi.com.br\/wp-content\/uploads\/2024\/10\/Copia-de-Copia-de-Copia-de-TAMANHO-EXATO-PARA-FOTOS-NO-SISTEMA-NOVO-84_2024-10-01_18-31-55_png_2024-10-01_18-31-55.webp.webp?fit=1200%2C675&ssl=1&resize=350%2C200 1x, https:\/\/i0.wp.com\/ismaelcolosi.com.br\/wp-content\/uploads\/2024\/10\/Copia-de-Copia-de-Copia-de-TAMANHO-EXATO-PARA-FOTOS-NO-SISTEMA-NOVO-84_2024-10-01_18-31-55_png_2024-10-01_18-31-55.webp.webp?fit=1200%2C675&ssl=1&resize=525%2C300 1.5x, https:\/\/i0.wp.com\/ismaelcolosi.com.br\/wp-content\/uploads\/2024\/10\/Copia-de-Copia-de-Copia-de-TAMANHO-EXATO-PARA-FOTOS-NO-SISTEMA-NOVO-84_2024-10-01_18-31-55_png_2024-10-01_18-31-55.webp.webp?fit=1200%2C675&ssl=1&resize=700%2C400 2x, https:\/\/i0.wp.com\/ismaelcolosi.com.br\/wp-content\/uploads\/2024\/10\/Copia-de-Copia-de-Copia-de-TAMANHO-EXATO-PARA-FOTOS-NO-SISTEMA-NOVO-84_2024-10-01_18-31-55_png_2024-10-01_18-31-55.webp.webp?fit=1200%2C675&ssl=1&resize=1050%2C600 3x"},"classes":[]},{"id":45117,"url":"https:\/\/ismaelcolosi.com.br\/index.php\/2024\/04\/02\/identificado-corpo-de-jovem-encontrado-no-rio-pardo-em-ribeirao-preto\/","url_meta":{"origin":55971,"position":4},"title":"Identificado corpo de jovem encontrado no rio Pardo em Ribeir\u00e3o Preto","author":"ismaelcolosi.com.br","date":"2 de April de 2024","format":false,"excerpt":"O corpo do jovem que se afogou e morreu no rio Pardo foi identificado como Marcelo Faustino dos Santos, de 22 anos. Marcelo foi encontrado na manh\u00e3 desta ter\u00e7a-feira (2), pr\u00f3ximo ao clube de Regatas, na rodovia C\u00e2ndido Portinari \u2013 dois quil\u00f4metros de dist\u00e2ncia de onde desapareceu no bairro Ribeir\u00e3o\u2026","rel":"","context":"In &quot;Not\u00edcias de Ribeir\u00e3o Preto-SP e Regi\u00e3o&quot;","block_context":{"text":"Not\u00edcias de Ribeir\u00e3o Preto-SP e Regi\u00e3o","link":"https:\/\/ismaelcolosi.com.br\/index.php\/category\/noticias-de-ribeirao-preto-sp-e-regiao-ismael-colosi\/"},"img":{"alt_text":"","src":"https:\/\/i0.wp.com\/ismaelcolosi.com.br\/wp-content\/uploads\/2024\/04\/WhatsApp-Image-2024-04-02-at-13.12.02.jpeg?fit=1200%2C674&ssl=1&resize=350%2C200","width":350,"height":200,"srcset":"https:\/\/i0.wp.com\/ismaelcolosi.com.br\/wp-content\/uploads\/2024\/04\/WhatsApp-Image-2024-04-02-at-13.12.02.jpeg?fit=1200%2C674&ssl=1&resize=350%2C200 1x, https:\/\/i0.wp.com\/ismaelcolosi.com.br\/wp-content\/uploads\/2024\/04\/WhatsApp-Image-2024-04-02-at-13.12.02.jpeg?fit=1200%2C674&ssl=1&resize=525%2C300 1.5x, https:\/\/i0.wp.com\/ismaelcolosi.com.br\/wp-content\/uploads\/2024\/04\/WhatsApp-Image-2024-04-02-at-13.12.02.jpeg?fit=1200%2C674&ssl=1&resize=700%2C400 2x, https:\/\/i0.wp.com\/ismaelcolosi.com.br\/wp-content\/uploads\/2024\/04\/WhatsApp-Image-2024-04-02-at-13.12.02.jpeg?fit=1200%2C674&ssl=1&resize=1050%2C600 3x"},"classes":[]},{"id":40064,"url":"https:\/\/ismaelcolosi.com.br\/index.php\/2024\/02\/29\/ossada-humana-e-encontrada-as-margens-de-rio-na-regiao-de-ribeirao-preto\/","url_meta":{"origin":55971,"position":5},"title":"Ossada humana \u00e9 encontrada \u00e0s margens de rio na regi\u00e3o de Ribeir\u00e3o Preto","author":"ismaelcolosi.com.br","date":"29 de February de 2024","format":false,"excerpt":"Uma ossada humana foi encontrada em uma fazenda, pr\u00f3ximo ao Rio Grande, em Col\u00f4mbia, cidade na regi\u00e3o de Ribeir\u00e3o Preto, nesta quinta-feira (29). De acordo com o boletim de ocorr\u00eancia (BO), os ossos foram encontrados por um funcion\u00e1rio da fazenda, enquanto o mesmo estava vigiando o gado do local. A\u2026","rel":"","context":"In &quot;Not\u00edcias de Ribeir\u00e3o Preto-SP e Regi\u00e3o&quot;","block_context":{"text":"Not\u00edcias de Ribeir\u00e3o Preto-SP e Regi\u00e3o","link":"https:\/\/ismaelcolosi.com.br\/index.php\/category\/noticias-de-ribeirao-preto-sp-e-regiao-ismael-colosi\/"},"img":{"alt_text":"","src":"https:\/\/i0.wp.com\/ismaelcolosi.com.br\/wp-content\/uploads\/2024\/02\/WhatsApp-Image-2024-02-29-at-18.42.57.jpeg?fit=1156%2C867&ssl=1&resize=350%2C200","width":350,"height":200,"srcset":"https:\/\/i0.wp.com\/ismaelcolosi.com.br\/wp-content\/uploads\/2024\/02\/WhatsApp-Image-2024-02-29-at-18.42.57.jpeg?fit=1156%2C867&ssl=1&resize=350%2C200 1x, https:\/\/i0.wp.com\/ismaelcolosi.com.br\/wp-content\/uploads\/2024\/02\/WhatsApp-Image-2024-02-29-at-18.42.57.jpeg?fit=1156%2C867&ssl=1&resize=525%2C300 1.5x, https:\/\/i0.wp.com\/ismaelcolosi.com.br\/wp-content\/uploads\/2024\/02\/WhatsApp-Image-2024-02-29-at-18.42.57.jpeg?fit=1156%2C867&ssl=1&resize=700%2C400 2x, https:\/\/i0.wp.com\/ismaelcolosi.com.br\/wp-content\/uploads\/2024\/02\/WhatsApp-Image-2024-02-29-at-18.42.57.jpeg?fit=1156%2C867&ssl=1&resize=1050%2C600 3x"},"classes":[]}],"jetpack_sharing_enabled":true,"jetpack_shortlink":"https:\/\/wp.me\/pfMlyK-eyL","_links":{"self":[{"href":"https:\/\/ismaelcolosi.com.br\/index.php\/wp-json\/wp\/v2\/posts\/55971","targetHints":{"allow":["GET"]}}],"collection":[{"href":"https:\/\/ismaelcolosi.com.br\/index.php\/wp-json\/wp\/v2\/posts"}],"about":[{"href":"https:\/\/ismaelcolosi.com.br\/index.php\/wp-json\/wp\/v2\/types\/post"}],"author":[{"embeddable":true,"href":"https:\/\/ismaelcolosi.com.br\/index.php\/wp-json\/wp\/v2\/users\/1"}],"replies":[{"embeddable":true,"href":"https:\/\/ismaelcolosi.com.br\/index.php\/wp-json\/wp\/v2\/comments?post=55971"}],"version-history":[{"count":0,"href":"https:\/\/ismaelcolosi.com.br\/index.php\/wp-json\/wp\/v2\/posts\/55971\/revisions"}],"wp:featuredmedia":[{"embeddable":true,"href":"https:\/\/ismaelcolosi.com.br\/index.php\/wp-json\/wp\/v2\/media\/55972"}],"wp:attachment":[{"href":"https:\/\/ismaelcolosi.com.br\/index.php\/wp-json\/wp\/v2\/media?parent=55971"}],"wp:term":[{"taxonomy":"category","embeddable":true,"href":"https:\/\/ismaelcolosi.com.br\/index.php\/wp-json\/wp\/v2\/categories?post=55971"},{"taxonomy":"post_tag","embeddable":true,"href":"https:\/\/ismaelcolosi.com.br\/index.php\/wp-json\/wp\/v2\/tags?post=55971"}],"curies":[{"name":"wp","href":"https:\/\/api.w.org\/{rel}","templated":true}]}}