{"id":55952,"date":"2024-07-08T11:07:27","date_gmt":"2024-07-08T14:07:27","guid":{"rendered":"https:\/\/ismaelcolosi.com.br\/index.php\/2024\/07\/08\/mae-e-presa-por-abandono-de-incapaz-apos-incendio-na-regiao-de-ribeirao-preto\/"},"modified":"2024-07-08T11:07:27","modified_gmt":"2024-07-08T14:07:27","slug":"mae-e-presa-por-abandono-de-incapaz-apos-incendio-na-regiao-de-ribeirao-preto","status":"publish","type":"post","link":"https:\/\/ismaelcolosi.com.br\/index.php\/2024\/07\/08\/mae-e-presa-por-abandono-de-incapaz-apos-incendio-na-regiao-de-ribeirao-preto\/","title":{"rendered":"M\u00e3e \u00e9 presa por abandono de incapaz ap\u00f3s inc\u00eandio na regi\u00e3o de Ribeir\u00e3o Preto"},"content":{"rendered":"<p> <br \/>\n<\/p>\n<div data-td-block-uid=\"tdi_106\">\n<div class=\"tdb-block-inner td-fix-index\">\n<p>A m\u00e3e de duas crian\u00e7as foi presa em <strong>Jaboticabal<\/strong>, na regi\u00e3o de <strong>Ribeir\u00e3o Preto<\/strong>, ap\u00f3s um inc\u00eandio na casa da fam\u00edlia na madrugada desta segunda-feira (8). Segundo o<strong> B.O. (boletim de ocorr\u00eancia)<\/strong>,<mark style=\"background-color:#fcb900\" class=\"has-inline-color has-black-color\"> as crian\u00e7as estavam sozinhas em casa quando o fogo come\u00e7ou.<\/mark><\/p>\n<p>O inc\u00eandio atingiu o im\u00f3vel que fica na avenida Manoel Fernandes Batista. De acordo com o <strong>Corpo de Bombeiros<\/strong>, o inc\u00eandio foi motivado por uma vela derretida em cima da geladeira, que acabou atingindo o eletrodom\u00e9stico e o fogo se alastrou pelo local.<\/p><div class='code-block code-block-8' style='margin: 8px auto; text-align: center; display: block; clear: both;'>\n<script>\n  atOptions = {\n    'key' : '66e2e2111ca34da796271819fc334058',\n    'format' : 'iframe',\n    'height' : 250,\n    'width' : 300,\n    'params' : {}\n  };\n<\/script>\n<script src=\"https:\/\/www.highperformanceformat.com\/66e2e2111ca34da796271819fc334058\/invoke.js\"><\/script>\n<\/div>\n\n<p><mark style=\"background-color:#fcb900\" class=\"has-inline-color has-black-color\">As duas crian\u00e7as, uma menina de 12 anos e um menino de 9 anos, estavam no quarto, que n\u00e3o foi atingido pelas chamas. <\/mark>Contudo, elas inalaram fuma\u00e7a.<\/p>\n<p>Os irm\u00e3os foram socorridos pelo<strong> Samu (Servi\u00e7o de Atendimento M\u00f3vel de Urg\u00eancia)<\/strong> e encaminhadas para <strong>UPA (Unidade de Pronto Atendimento)<\/strong> de Jaboticabal.<\/p>\n<h4 class=\"wp-block-heading\"><strong>Pris\u00e3o da m\u00e3e<\/strong><\/h4>\n<p>A m\u00e3e das crian\u00e7as estava em <strong>Guariba<\/strong> e foi contatada pela <strong>Pol\u00edcia Militar<\/strong>. O conselho tutelar tamb\u00e9m foi acionado. A mulher foi levada para delegacia, onde foi dada voz de pris\u00e3o em flagrante por abandono de incapaz.<\/p>\n<p>A m\u00e3e foi encaminhada para cadeia p\u00fablica de Prad\u00f3polis. As crian\u00e7as ficaram internadas e, ap\u00f3s alta m\u00e9dica, ser\u00e3o levadas para as casas das av\u00f3s.<\/p>\n<p>SAIBA MAIS<br \/>Chegada de frente fria muda o tempo no interior de SP no feriado; Veja onde<\/p>\n<h4 class=\"wp-block-heading\"><strong>FIQUE ON<\/strong><\/h4>\n<p>Fique ligado em tudo que acontece em Ribeir\u00e3o Preto e regi\u00e3o. Siga os perfis do <strong>acidade on<\/strong> no<a href=\"https:\/\/www.instagram.com\/acidadeonribeirao\" target=\"_blank\" rel=\"noreferrer noopener nofollow\"> Instagram<\/a> e no <a href=\"https:\/\/www.facebook.com\/acidadeonribeirao\/\" target=\"_blank\" rel=\"noreferrer noopener nofollow\">Facebook<\/a>.<\/p>\n<p>Receba not\u00edcias do<strong> acidade on <\/strong>no WhatsApp. <a href=\"https:\/\/chat.whatsapp.com\/CdrZ6xrf7quD44Vw3WlPuZ\" target=\"_blank\" rel=\"noreferrer noopener nofollow\">Para entrar no grupo, basta clicar aqui.<\/a><\/p>\n<p>Fa\u00e7a uma den\u00fancia ou sugira uma reportagem sobre Ribeir\u00e3o Preto e regi\u00e3o pelo WhatsApp: 16 99117 7802.<\/p>\n<p>VEJA TAMB\u00c9M<br \/>O que \u00e9 rabdomiossarcoma?<\/p>\n<p><!-- AI CONTENT END 1 -->\n<\/div>\n<\/div>\n<p><script async src=\"\/\/www.instagram.com\/embed.js\"><\/script><br \/>\n<br \/><br \/>\n<br \/><a href=\"https:\/\/www.acidadeon.com\/ribeiraopreto\/cotidiano\/mae-e-presa-por-abandono-de-incapaz-apos-incendio-na-regiao-de-ribeirao-preto\/\">Source link <\/a><\/p>\n<div class='code-block code-block-4' style='margin: 8px auto 8px 0; text-align: left; display: block; clear: both;'>\n\ud83d\udce2 Aviso Legal\n\nO site ismaelcolosi.com.br atua apenas como um canal de divulga\u00e7\u00e3o de oportunidades de emprego e n\u00e3o se responsabiliza pelo processo seletivo, contrata\u00e7\u00e3o ou qualquer outra etapa relacionada \u00e0s vagas publicadas. Todas as informa\u00e7\u00f5es s\u00e3o de responsabilidade dos anunciantes.\n\n\u26a0\ufe0f Aten\u00e7\u00e3o! Nunca pague por promessas de emprego nem compre cursos que garantam contrata\u00e7\u00e3o. Desconfie de qualquer cobran\u00e7a para participar de sele\u00e7\u00f5es.\n\n\n\n<\/div>\n<!-- CONTENT END 1 -->\n","protected":false},"excerpt":{"rendered":"<p>A m\u00e3e de duas crian\u00e7as foi presa em Jaboticabal, na regi\u00e3o de Ribeir\u00e3o Preto, ap\u00f3s um inc\u00eandio na casa da fam\u00edlia na madrugada desta segunda-feira&#8230;<\/p>\n","protected":false},"author":1,"featured_media":51802,"comment_status":"open","ping_status":"open","sticky":false,"template":"","format":"standard","meta":{"_uag_custom_page_level_css":"","advanced_seo_description":"","jetpack_seo_html_title":"","jetpack_seo_noindex":false,"jetpack_post_was_ever_published":false,"_jetpack_newsletter_access":"","_jetpack_dont_email_post_to_subs":false,"_jetpack_newsletter_tier_id":0,"_jetpack_memberships_contains_paywalled_content":false,"_jetpack_memberships_contains_paid_content":false,"footnotes":"","jetpack_publicize_message":"","jetpack_publicize_feature_enabled":true,"jetpack_social_post_already_shared":true,"jetpack_social_options":{"image_generator_settings":{"template":"highway","default_image_id":0,"font":"","enabled":false},"version":2}},"categories":[11],"tags":[],"class_list":["post-55952","post","type-post","status-publish","format-standard","has-post-thumbnail","hentry","category-noticias-de-ribeirao-preto-sp-e-regiao-ismael-colosi"],"jetpack_publicize_connections":[],"jetpack_featured_media_url":"https:\/\/i0.wp.com\/ismaelcolosi.com.br\/wp-content\/uploads\/2024\/05\/BOMBEIROS-1024x575-1_2024-05-31_13-44-44_jpg_2024-05-31_13-44-44.webp.webp?fit=1024%2C575&ssl=1","uagb_featured_image_src":{"full":["https:\/\/i0.wp.com\/ismaelcolosi.com.br\/wp-content\/uploads\/2024\/05\/BOMBEIROS-1024x575-1_2024-05-31_13-44-44_jpg_2024-05-31_13-44-44.webp.webp?fit=1024%2C575&ssl=1",1024,575,false],"thumbnail":["https:\/\/i0.wp.com\/ismaelcolosi.com.br\/wp-content\/uploads\/2024\/05\/BOMBEIROS-1024x575-1_2024-05-31_13-44-44_jpg_2024-05-31_13-44-44.webp.webp?resize=150%2C150&ssl=1",150,150,true],"medium":["https:\/\/i0.wp.com\/ismaelcolosi.com.br\/wp-content\/uploads\/2024\/05\/BOMBEIROS-1024x575-1_2024-05-31_13-44-44_jpg_2024-05-31_13-44-44.webp.webp?fit=300%2C168&ssl=1",300,168,true],"medium_large":["https:\/\/i0.wp.com\/ismaelcolosi.com.br\/wp-content\/uploads\/2024\/05\/BOMBEIROS-1024x575-1_2024-05-31_13-44-44_jpg_2024-05-31_13-44-44.webp.webp?fit=768%2C431&ssl=1",768,431,true],"large":["https:\/\/i0.wp.com\/ismaelcolosi.com.br\/wp-content\/uploads\/2024\/05\/BOMBEIROS-1024x575-1_2024-05-31_13-44-44_jpg_2024-05-31_13-44-44.webp.webp?fit=1024%2C575&ssl=1",1024,575,true],"1536x1536":["https:\/\/i0.wp.com\/ismaelcolosi.com.br\/wp-content\/uploads\/2024\/05\/BOMBEIROS-1024x575-1_2024-05-31_13-44-44_jpg_2024-05-31_13-44-44.webp.webp?fit=1024%2C575&ssl=1",1024,575,true],"2048x2048":["https:\/\/i0.wp.com\/ismaelcolosi.com.br\/wp-content\/uploads\/2024\/05\/BOMBEIROS-1024x575-1_2024-05-31_13-44-44_jpg_2024-05-31_13-44-44.webp.webp?fit=1024%2C575&ssl=1",1024,575,true],"really-simple-thumb":["https:\/\/i0.wp.com\/ismaelcolosi.com.br\/wp-content\/uploads\/2024\/05\/BOMBEIROS-1024x575-1_2024-05-31_13-44-44_jpg_2024-05-31_13-44-44.webp.webp?resize=370%2C247&ssl=1",370,247,true]},"uagb_author_info":{"display_name":"ismaelcolosi.com.br","author_link":"https:\/\/ismaelcolosi.com.br\/index.php\/author\/vidareal-online\/"},"uagb_comment_info":0,"uagb_excerpt":"A m\u00e3e de duas crian\u00e7as foi presa em Jaboticabal, na regi\u00e3o de Ribeir\u00e3o Preto, ap\u00f3s um inc\u00eandio na casa da fam\u00edlia na madrugada desta segunda-feira...","jetpack-related-posts":[{"id":56927,"url":"https:\/\/ismaelcolosi.com.br\/index.php\/2024\/07\/16\/incendio-deixa-casa-destruida-na-zona-norte-de-ribeirao-preto\/","url_meta":{"origin":55952,"position":0},"title":"Inc\u00eandio deixa casa destru\u00edda na zona Norte de Ribeir\u00e3o Preto","author":"ismaelcolosi.com.br","date":"16 de July de 2024","format":false,"excerpt":"Um inc\u00eandio atingiu uma oficina mec\u00e2nica e deixou uma casa destru\u00edda, no in\u00edcio da tarde desta ter\u00e7a-feira (16), na rua Francisco Buonvicini,\u00a0no bairro Jardim Jandaia, na zona Norte de Ribeir\u00e3o Preto. O Corpo de Bombeiros esteve no local para conter as chamas e informou que n\u00e3o houve pessoas feridas. Contudo,\u2026","rel":"","context":"In &quot;Not\u00edcias de Ribeir\u00e3o Preto-SP e Regi\u00e3o&quot;","block_context":{"text":"Not\u00edcias de Ribeir\u00e3o Preto-SP e Regi\u00e3o","link":"https:\/\/ismaelcolosi.com.br\/index.php\/category\/noticias-de-ribeirao-preto-sp-e-regiao-ismael-colosi\/"},"img":{"alt_text":"","src":"https:\/\/i0.wp.com\/ismaelcolosi.com.br\/wp-content\/uploads\/2024\/07\/Copia-de-Copia-de-TAMANHO-EXATO-PARA-FOTOS-NO-SISTEMA-NOVO-28_2024-07-16_15-49-39_jpg_2024-07-16_15-49-39.webp.webp?fit=1200%2C675&ssl=1&resize=350%2C200","width":350,"height":200,"srcset":"https:\/\/i0.wp.com\/ismaelcolosi.com.br\/wp-content\/uploads\/2024\/07\/Copia-de-Copia-de-TAMANHO-EXATO-PARA-FOTOS-NO-SISTEMA-NOVO-28_2024-07-16_15-49-39_jpg_2024-07-16_15-49-39.webp.webp?fit=1200%2C675&ssl=1&resize=350%2C200 1x, https:\/\/i0.wp.com\/ismaelcolosi.com.br\/wp-content\/uploads\/2024\/07\/Copia-de-Copia-de-TAMANHO-EXATO-PARA-FOTOS-NO-SISTEMA-NOVO-28_2024-07-16_15-49-39_jpg_2024-07-16_15-49-39.webp.webp?fit=1200%2C675&ssl=1&resize=525%2C300 1.5x, https:\/\/i0.wp.com\/ismaelcolosi.com.br\/wp-content\/uploads\/2024\/07\/Copia-de-Copia-de-TAMANHO-EXATO-PARA-FOTOS-NO-SISTEMA-NOVO-28_2024-07-16_15-49-39_jpg_2024-07-16_15-49-39.webp.webp?fit=1200%2C675&ssl=1&resize=700%2C400 2x, https:\/\/i0.wp.com\/ismaelcolosi.com.br\/wp-content\/uploads\/2024\/07\/Copia-de-Copia-de-TAMANHO-EXATO-PARA-FOTOS-NO-SISTEMA-NOVO-28_2024-07-16_15-49-39_jpg_2024-07-16_15-49-39.webp.webp?fit=1200%2C675&ssl=1&resize=1050%2C600 3x"},"classes":[]},{"id":41532,"url":"https:\/\/ismaelcolosi.com.br\/index.php\/2024\/03\/08\/o-que-se-sabe-sobre-mae-acusada-de-agredir-filha-de-3-anos-em-ribeirao-preto\/","url_meta":{"origin":55952,"position":1},"title":"O que se sabe sobre m\u00e3e acusada de agredir filha de 3 anos em Ribeir\u00e3o Preto","author":"ismaelcolosi.com.br","date":"8 de March de 2024","format":false,"excerpt":"A mulher que foi presa ap\u00f3s agredir uma das filhas de apenas tr\u00eas anos de idade recebeu liberdade provis\u00f3ria na quinta-feira (7), ap\u00f3s passar por audi\u00eancia de cust\u00f3dia realizada pelo Tribunal de Justi\u00e7a de S\u00e3o Paulo. Mesmo em liberdade, a m\u00e3e de duas crian\u00e7as ter\u00e1 que cumprir algumas medidas cautelares\u2026","rel":"","context":"In &quot;Not\u00edcias de Ribeir\u00e3o Preto-SP e Regi\u00e3o&quot;","block_context":{"text":"Not\u00edcias de Ribeir\u00e3o Preto-SP e Regi\u00e3o","link":"https:\/\/ismaelcolosi.com.br\/index.php\/category\/noticias-de-ribeirao-preto-sp-e-regiao-ismael-colosi\/"},"img":{"alt_text":"","src":"https:\/\/i0.wp.com\/ismaelcolosi.com.br\/wp-content\/uploads\/2024\/03\/WhatsApp-Image-2023-12-09-at-13.55.44.jpeg?fit=1024%2C576&ssl=1&resize=350%2C200","width":350,"height":200,"srcset":"https:\/\/i0.wp.com\/ismaelcolosi.com.br\/wp-content\/uploads\/2024\/03\/WhatsApp-Image-2023-12-09-at-13.55.44.jpeg?fit=1024%2C576&ssl=1&resize=350%2C200 1x, https:\/\/i0.wp.com\/ismaelcolosi.com.br\/wp-content\/uploads\/2024\/03\/WhatsApp-Image-2023-12-09-at-13.55.44.jpeg?fit=1024%2C576&ssl=1&resize=525%2C300 1.5x, https:\/\/i0.wp.com\/ismaelcolosi.com.br\/wp-content\/uploads\/2024\/03\/WhatsApp-Image-2023-12-09-at-13.55.44.jpeg?fit=1024%2C576&ssl=1&resize=700%2C400 2x"},"classes":[]},{"id":64804,"url":"https:\/\/ismaelcolosi.com.br\/index.php\/2024\/09\/09\/mulher-morre-durante-incendio-em-residencia-na-regiao-de-ribeirao\/","url_meta":{"origin":55952,"position":2},"title":"Mulher morre durante inc\u00eandio em resid\u00eancia na regi\u00e3o de Ribeir\u00e3o","author":"ismaelcolosi.com.br","date":"9 de September de 2024","format":false,"excerpt":"Uma mulher morreu carbonizada ap\u00f3s sua casa pegar fogo na noite do domingo (8), em Sert\u00e3ozinho, na regi\u00e3o de Ribeir\u00e3o Preto. De acordo com o Boletim de Ocorr\u00eancia, a v\u00edtima de 46 anos estava sozinha na resid\u00eancia quando o fogo come\u00e7ou. O Corpo de Bombeiros foi acionado, vizinhos tamb\u00e9m ajudaram\u2026","rel":"","context":"In &quot;Not\u00edcias de Ribeir\u00e3o Preto-SP e Regi\u00e3o&quot;","block_context":{"text":"Not\u00edcias de Ribeir\u00e3o Preto-SP e Regi\u00e3o","link":"https:\/\/ismaelcolosi.com.br\/index.php\/category\/noticias-de-ribeirao-preto-sp-e-regiao-ismael-colosi\/"},"img":{"alt_text":"","src":"https:\/\/i0.wp.com\/ismaelcolosi.com.br\/wp-content\/uploads\/2024\/09\/Copia-de-Copia-de-Copia-de-TAMANHO-EXATO-PARA-FOTOS-NO-SISTEMA-NOVO-7_2024-09-09_15-15-24_png_2024-09-09_15-15-24.webp.webp?fit=1200%2C675&ssl=1&resize=350%2C200","width":350,"height":200,"srcset":"https:\/\/i0.wp.com\/ismaelcolosi.com.br\/wp-content\/uploads\/2024\/09\/Copia-de-Copia-de-Copia-de-TAMANHO-EXATO-PARA-FOTOS-NO-SISTEMA-NOVO-7_2024-09-09_15-15-24_png_2024-09-09_15-15-24.webp.webp?fit=1200%2C675&ssl=1&resize=350%2C200 1x, https:\/\/i0.wp.com\/ismaelcolosi.com.br\/wp-content\/uploads\/2024\/09\/Copia-de-Copia-de-Copia-de-TAMANHO-EXATO-PARA-FOTOS-NO-SISTEMA-NOVO-7_2024-09-09_15-15-24_png_2024-09-09_15-15-24.webp.webp?fit=1200%2C675&ssl=1&resize=525%2C300 1.5x, https:\/\/i0.wp.com\/ismaelcolosi.com.br\/wp-content\/uploads\/2024\/09\/Copia-de-Copia-de-Copia-de-TAMANHO-EXATO-PARA-FOTOS-NO-SISTEMA-NOVO-7_2024-09-09_15-15-24_png_2024-09-09_15-15-24.webp.webp?fit=1200%2C675&ssl=1&resize=700%2C400 2x, https:\/\/i0.wp.com\/ismaelcolosi.com.br\/wp-content\/uploads\/2024\/09\/Copia-de-Copia-de-Copia-de-TAMANHO-EXATO-PARA-FOTOS-NO-SISTEMA-NOVO-7_2024-09-09_15-15-24_png_2024-09-09_15-15-24.webp.webp?fit=1200%2C675&ssl=1&resize=1050%2C600 3x"},"classes":[]},{"id":22011,"url":"https:\/\/ismaelcolosi.com.br\/index.php\/2023\/12\/29\/mulher-e-presa-apos-furto-de-roupas-no-centro-de-ribeirao-preto\/","url_meta":{"origin":55952,"position":3},"title":"Mulher \u00e9 presa ap\u00f3s furto de roupas no Centro de Ribeir\u00e3o Preto","author":"ismaelcolosi.com.br","date":"29 de December de 2023","format":false,"excerpt":"Uma mulher de 30 anos foi presa ap\u00f3s furtar 20 pe\u00e7as de roupas e uma bolsa em lojas no Centro de Ribeir\u00e3o Preto, na \u00faltima quarta-feira (27). De acordo com o B.O. (Boletim de ocorr\u00eancia), a acusada estava com duas crian\u00e7as, sendo que uma delas era o filho dela e\u2026","rel":"","context":"In &quot;Not\u00edcias de Ribeir\u00e3o Preto-SP e Regi\u00e3o&quot;","block_context":{"text":"Not\u00edcias de Ribeir\u00e3o Preto-SP e Regi\u00e3o","link":"https:\/\/ismaelcolosi.com.br\/index.php\/category\/noticias-de-ribeirao-preto-sp-e-regiao-ismael-colosi\/"},"img":{"alt_text":"","src":"https:\/\/i0.wp.com\/ismaelcolosi.com.br\/wp-content\/uploads\/2023\/12\/loja-de-roupa.jpg?fit=1200%2C800&ssl=1&resize=350%2C200","width":350,"height":200,"srcset":"https:\/\/i0.wp.com\/ismaelcolosi.com.br\/wp-content\/uploads\/2023\/12\/loja-de-roupa.jpg?fit=1200%2C800&ssl=1&resize=350%2C200 1x, https:\/\/i0.wp.com\/ismaelcolosi.com.br\/wp-content\/uploads\/2023\/12\/loja-de-roupa.jpg?fit=1200%2C800&ssl=1&resize=525%2C300 1.5x, https:\/\/i0.wp.com\/ismaelcolosi.com.br\/wp-content\/uploads\/2023\/12\/loja-de-roupa.jpg?fit=1200%2C800&ssl=1&resize=700%2C400 2x, https:\/\/i0.wp.com\/ismaelcolosi.com.br\/wp-content\/uploads\/2023\/12\/loja-de-roupa.jpg?fit=1200%2C800&ssl=1&resize=1050%2C600 3x"},"classes":[]},{"id":63861,"url":"https:\/\/ismaelcolosi.com.br\/index.php\/2024\/09\/04\/homem-e-preso-por-incendio-criminoso-em-mata-na-regiao-de-ribeirao-preto\/","url_meta":{"origin":55952,"position":4},"title":"Homem \u00e9 preso por inc\u00eandio criminoso em mata na regi\u00e3o de Ribeir\u00e3o Preto","author":"ismaelcolosi.com.br","date":"4 de September de 2024","format":false,"excerpt":"Um homem de 50 anos foi preso nesta ter\u00e7a-feira (3) suspeito de atear fogo em uma mata de Batatais, cidade a aproximadamente 40 quil\u00f4metros de Ribeir\u00e3o Preto. A Secretaria da Seguran\u00e7a P\u00fablica de S\u00e3o Paulo (SSP-SP) havia informado no domingo (1\u00ba) que, at\u00e9 ent\u00e3o, tinha registrado 11 pris\u00f5es de suspeitos\u2026","rel":"","context":"In &quot;Not\u00edcias de Ribeir\u00e3o Preto-SP e Regi\u00e3o&quot;","block_context":{"text":"Not\u00edcias de Ribeir\u00e3o Preto-SP e Regi\u00e3o","link":"https:\/\/ismaelcolosi.com.br\/index.php\/category\/noticias-de-ribeirao-preto-sp-e-regiao-ismael-colosi\/"},"img":{"alt_text":"","src":"https:\/\/i0.wp.com\/ismaelcolosi.com.br\/wp-content\/uploads\/2024\/09\/WhatsApp-Image-2024-09-04-at-10.35.30_2024-09-04_13-39-17_jpeg_2024-09-04_13-39-17.webp.webp?fit=1200%2C952&ssl=1&resize=350%2C200","width":350,"height":200,"srcset":"https:\/\/i0.wp.com\/ismaelcolosi.com.br\/wp-content\/uploads\/2024\/09\/WhatsApp-Image-2024-09-04-at-10.35.30_2024-09-04_13-39-17_jpeg_2024-09-04_13-39-17.webp.webp?fit=1200%2C952&ssl=1&resize=350%2C200 1x, https:\/\/i0.wp.com\/ismaelcolosi.com.br\/wp-content\/uploads\/2024\/09\/WhatsApp-Image-2024-09-04-at-10.35.30_2024-09-04_13-39-17_jpeg_2024-09-04_13-39-17.webp.webp?fit=1200%2C952&ssl=1&resize=525%2C300 1.5x, https:\/\/i0.wp.com\/ismaelcolosi.com.br\/wp-content\/uploads\/2024\/09\/WhatsApp-Image-2024-09-04-at-10.35.30_2024-09-04_13-39-17_jpeg_2024-09-04_13-39-17.webp.webp?fit=1200%2C952&ssl=1&resize=700%2C400 2x, https:\/\/i0.wp.com\/ismaelcolosi.com.br\/wp-content\/uploads\/2024\/09\/WhatsApp-Image-2024-09-04-at-10.35.30_2024-09-04_13-39-17_jpeg_2024-09-04_13-39-17.webp.webp?fit=1200%2C952&ssl=1&resize=1050%2C600 3x"},"classes":[]},{"id":49864,"url":"https:\/\/ismaelcolosi.com.br\/index.php\/2024\/05\/13\/cachorro-heroi-que-fugiu-apos-incendio-em-ribeirao-preto-e-encontrado\/","url_meta":{"origin":55952,"position":5},"title":"Cachorro \u2018her\u00f3i\u2019 que fugiu ap\u00f3s inc\u00eandio em Ribeir\u00e3o Preto \u00e9 encontrado","author":"ismaelcolosi.com.br","date":"13 de May de 2024","format":false,"excerpt":"Um inc\u00eandio destruiu uma casa, na noite de domingo (12), no bairro Marincek, na zona Norte de Ribeir\u00e3o Preto. No local, mora uma fam\u00edlia e um c\u00e3o da ra\u00e7a Pitbull, que foi quem alertou os tutores sobre as chamas e, em seguida, fugiu assustado. Segundo uma das moradoras, o caso\u2026","rel":"","context":"In &quot;Not\u00edcias de Ribeir\u00e3o Preto-SP e Regi\u00e3o&quot;","block_context":{"text":"Not\u00edcias de Ribeir\u00e3o Preto-SP e Regi\u00e3o","link":"https:\/\/ismaelcolosi.com.br\/index.php\/category\/noticias-de-ribeirao-preto-sp-e-regiao-ismael-colosi\/"},"img":{"alt_text":"","src":"https:\/\/i0.wp.com\/ismaelcolosi.com.br\/wp-content\/uploads\/2024\/05\/AnyConv.com__Copia-de-Copia-de-TAMANHO-EXATO-PARA-FOTOS-NO-SISTEMA-NOVO-3_2024-05-13_21-33-09.webp.webp?fit=1200%2C675&ssl=1&resize=350%2C200","width":350,"height":200,"srcset":"https:\/\/i0.wp.com\/ismaelcolosi.com.br\/wp-content\/uploads\/2024\/05\/AnyConv.com__Copia-de-Copia-de-TAMANHO-EXATO-PARA-FOTOS-NO-SISTEMA-NOVO-3_2024-05-13_21-33-09.webp.webp?fit=1200%2C675&ssl=1&resize=350%2C200 1x, https:\/\/i0.wp.com\/ismaelcolosi.com.br\/wp-content\/uploads\/2024\/05\/AnyConv.com__Copia-de-Copia-de-TAMANHO-EXATO-PARA-FOTOS-NO-SISTEMA-NOVO-3_2024-05-13_21-33-09.webp.webp?fit=1200%2C675&ssl=1&resize=525%2C300 1.5x, https:\/\/i0.wp.com\/ismaelcolosi.com.br\/wp-content\/uploads\/2024\/05\/AnyConv.com__Copia-de-Copia-de-TAMANHO-EXATO-PARA-FOTOS-NO-SISTEMA-NOVO-3_2024-05-13_21-33-09.webp.webp?fit=1200%2C675&ssl=1&resize=700%2C400 2x, https:\/\/i0.wp.com\/ismaelcolosi.com.br\/wp-content\/uploads\/2024\/05\/AnyConv.com__Copia-de-Copia-de-TAMANHO-EXATO-PARA-FOTOS-NO-SISTEMA-NOVO-3_2024-05-13_21-33-09.webp.webp?fit=1200%2C675&ssl=1&resize=1050%2C600 3x"},"classes":[]}],"jetpack_sharing_enabled":true,"jetpack_shortlink":"https:\/\/wp.me\/pfMlyK-eys","_links":{"self":[{"href":"https:\/\/ismaelcolosi.com.br\/index.php\/wp-json\/wp\/v2\/posts\/55952","targetHints":{"allow":["GET"]}}],"collection":[{"href":"https:\/\/ismaelcolosi.com.br\/index.php\/wp-json\/wp\/v2\/posts"}],"about":[{"href":"https:\/\/ismaelcolosi.com.br\/index.php\/wp-json\/wp\/v2\/types\/post"}],"author":[{"embeddable":true,"href":"https:\/\/ismaelcolosi.com.br\/index.php\/wp-json\/wp\/v2\/users\/1"}],"replies":[{"embeddable":true,"href":"https:\/\/ismaelcolosi.com.br\/index.php\/wp-json\/wp\/v2\/comments?post=55952"}],"version-history":[{"count":0,"href":"https:\/\/ismaelcolosi.com.br\/index.php\/wp-json\/wp\/v2\/posts\/55952\/revisions"}],"wp:featuredmedia":[{"embeddable":true,"href":"https:\/\/ismaelcolosi.com.br\/index.php\/wp-json\/wp\/v2\/media\/51802"}],"wp:attachment":[{"href":"https:\/\/ismaelcolosi.com.br\/index.php\/wp-json\/wp\/v2\/media?parent=55952"}],"wp:term":[{"taxonomy":"category","embeddable":true,"href":"https:\/\/ismaelcolosi.com.br\/index.php\/wp-json\/wp\/v2\/categories?post=55952"},{"taxonomy":"post_tag","embeddable":true,"href":"https:\/\/ismaelcolosi.com.br\/index.php\/wp-json\/wp\/v2\/tags?post=55952"}],"curies":[{"name":"wp","href":"https:\/\/api.w.org\/{rel}","templated":true}]}}