{"id":55939,"date":"2024-07-08T10:08:05","date_gmt":"2024-07-08T13:08:05","guid":{"rendered":"https:\/\/ismaelcolosi.com.br\/index.php\/2024\/07\/08\/estudante-morre-apos-duas-semanas-internada-por-acidente-de-moto-em-ribeirao-preto\/"},"modified":"2024-07-08T10:08:05","modified_gmt":"2024-07-08T13:08:05","slug":"estudante-morre-apos-duas-semanas-internada-por-acidente-de-moto-em-ribeirao-preto","status":"publish","type":"post","link":"https:\/\/ismaelcolosi.com.br\/index.php\/2024\/07\/08\/estudante-morre-apos-duas-semanas-internada-por-acidente-de-moto-em-ribeirao-preto\/","title":{"rendered":"Estudante morre ap\u00f3s duas semanas internada por acidente de moto em Ribeir\u00e3o Preto"},"content":{"rendered":"<p> <br \/>\n<\/p>\n<p>Uma estudante de 18 anos que estava na garupa de uma<mark style=\"background-color:#fcb900\" class=\"has-inline-color has-black-color\"> moto que colidiu com um poste na rotat\u00f3ria das avenidas Marechal Costa e Silva e Thomaz Alberto Whatelly, em <strong>Ribeir\u00e3o Preto<\/strong><\/mark>, morreu ap\u00f3s duas semanas internada.<\/p>\n<p>A estudante Anna Helo\u00edsa Guimar\u00e3es Pereira estava internada no <strong>HC-UE (Hospital das Cl\u00ednicas \u2013 Unidade de Emerg\u00eancia)<\/strong> desde o dia 23 de junho, quando sofreu o acidente. O \u00f3bito foi constatado na sexta-feira (5).<\/p><div class='code-block code-block-8' style='margin: 8px auto; text-align: center; display: block; clear: both;'>\n<script>\n  atOptions = {\n    'key' : '66e2e2111ca34da796271819fc334058',\n    'format' : 'iframe',\n    'height' : 250,\n    'width' : 300,\n    'params' : {}\n  };\n<\/script>\n<script src=\"https:\/\/www.highperformanceformat.com\/66e2e2111ca34da796271819fc334058\/invoke.js\"><\/script>\n<\/div>\n\n<h4 class=\"wp-block-heading\"><strong>O acidente<\/strong><\/h4>\n<p>A moto era pilotada por Wallison Gustavo Ferreira, de 22 anos, que morreu no local. Segundo o <strong>B.O. (boletim de ocorr\u00eancia)<\/strong>, o piloto teria perdido o controle da moto e colidiu contra um poste.<\/p>\n<p>As causas do acidente s\u00e3o investigadas pela <strong>Pol\u00edcia Civil<\/strong>.<\/p>\n<p>SAIBA MAIS<br \/>Chegada de frente fria muda o tempo no interior de SP no feriado; Veja onde<\/p>\n<h4 class=\"wp-block-heading\"><strong>FIQUE ON<\/strong><\/h4>\n<p>Fique ligado em tudo que acontece em Ribeir\u00e3o Preto e regi\u00e3o. Siga os perfis do <strong>acidade on <\/strong>no <a href=\"https:\/\/www.instagram.com\/acidadeonribeirao\" target=\"_blank\" rel=\"noreferrer noopener nofollow\">Instagram <\/a>e no <a href=\"https:\/\/www.facebook.com\/acidadeonribeirao\/\" target=\"_blank\" rel=\"noreferrer noopener nofollow\">Facebook<\/a>.<\/p>\n<p>Receba not\u00edcias do <strong>acidade on <\/strong>no WhatsApp.<a href=\"https:\/\/chat.whatsapp.com\/CdrZ6xrf7quD44Vw3WlPuZ\" target=\"_blank\" rel=\"noreferrer noopener nofollow\"> Para entrar no grupo, basta clicar aqui.<\/a><\/p>\n<p>Fa\u00e7a uma den\u00fancia ou sugira uma reportagem sobre Ribeir\u00e3o Preto e regi\u00e3o pelo WhatsApp: 16 99117 7802.<\/p>\n<p>VEJA TAMB\u00c9M<br \/>Youtube: como remover v\u00eddeos que simulam sua voz ou imagem?<\/p>\n<p>O post Estudante morre ap\u00f3s duas semanas internada por acidente de moto em Ribeir\u00e3o Preto apareceu primeiro em ACidade ON Ribeir\u00e3o Preto.<\/p>\n<p><script async src=\"\/\/www.instagram.com\/embed.js\"><\/script><br \/>\n<br \/><br \/>\n<br \/><a href=\"https:\/\/www.acidadeon.com\/ribeiraopreto\/cotidiano\/estudante-morre-apos-duas-semanas-internada-por-acidente-de-moto-em-ribeirao-preto\/\">Source link <\/a><\/p>\n<div class='code-block code-block-4' style='margin: 8px auto 8px 0; text-align: left; display: block; clear: both;'>\n\ud83d\udce2 Aviso Legal\n\nO site ismaelcolosi.com.br atua apenas como um canal de divulga\u00e7\u00e3o de oportunidades de emprego e n\u00e3o se responsabiliza pelo processo seletivo, contrata\u00e7\u00e3o ou qualquer outra etapa relacionada \u00e0s vagas publicadas. Todas as informa\u00e7\u00f5es s\u00e3o de responsabilidade dos anunciantes.\n\n\u26a0\ufe0f Aten\u00e7\u00e3o! Nunca pague por promessas de emprego nem compre cursos que garantam contrata\u00e7\u00e3o. Desconfie de qualquer cobran\u00e7a para participar de sele\u00e7\u00f5es.\n\n\n\n<\/div>\n<!-- CONTENT END 1 -->\n","protected":false},"excerpt":{"rendered":"<p>Uma estudante de 18 anos que estava na garupa de uma moto que colidiu com um poste na rotat\u00f3ria das avenidas Marechal Costa e Silva&#8230;<\/p>\n","protected":false},"author":1,"featured_media":55940,"comment_status":"open","ping_status":"open","sticky":false,"template":"","format":"standard","meta":{"_uag_custom_page_level_css":"","advanced_seo_description":"","jetpack_seo_html_title":"","jetpack_seo_noindex":false,"jetpack_post_was_ever_published":false,"_jetpack_newsletter_access":"","_jetpack_dont_email_post_to_subs":false,"_jetpack_newsletter_tier_id":0,"_jetpack_memberships_contains_paywalled_content":false,"_jetpack_memberships_contains_paid_content":false,"footnotes":"","jetpack_publicize_message":"","jetpack_publicize_feature_enabled":true,"jetpack_social_post_already_shared":true,"jetpack_social_options":{"image_generator_settings":{"template":"highway","default_image_id":0,"font":"","enabled":false},"version":2}},"categories":[11],"tags":[],"class_list":["post-55939","post","type-post","status-publish","format-standard","has-post-thumbnail","hentry","category-noticias-de-ribeirao-preto-sp-e-regiao-ismael-colosi"],"jetpack_publicize_connections":[],"jetpack_featured_media_url":"https:\/\/i0.wp.com\/ismaelcolosi.com.br\/wp-content\/uploads\/2024\/07\/hc-ue.jpg?fit=733%2C414&ssl=1","uagb_featured_image_src":{"full":["https:\/\/i0.wp.com\/ismaelcolosi.com.br\/wp-content\/uploads\/2024\/07\/hc-ue.jpg?fit=733%2C414&ssl=1",733,414,false],"thumbnail":["https:\/\/i0.wp.com\/ismaelcolosi.com.br\/wp-content\/uploads\/2024\/07\/hc-ue.jpg?resize=150%2C150&ssl=1",150,150,true],"medium":["https:\/\/i0.wp.com\/ismaelcolosi.com.br\/wp-content\/uploads\/2024\/07\/hc-ue.jpg?fit=300%2C169&ssl=1",300,169,true],"medium_large":["https:\/\/i0.wp.com\/ismaelcolosi.com.br\/wp-content\/uploads\/2024\/07\/hc-ue.jpg?fit=733%2C414&ssl=1",733,414,true],"large":["https:\/\/i0.wp.com\/ismaelcolosi.com.br\/wp-content\/uploads\/2024\/07\/hc-ue.jpg?fit=733%2C414&ssl=1",733,414,true],"1536x1536":["https:\/\/i0.wp.com\/ismaelcolosi.com.br\/wp-content\/uploads\/2024\/07\/hc-ue.jpg?fit=733%2C414&ssl=1",733,414,true],"2048x2048":["https:\/\/i0.wp.com\/ismaelcolosi.com.br\/wp-content\/uploads\/2024\/07\/hc-ue.jpg?fit=733%2C414&ssl=1",733,414,true],"really-simple-thumb":["https:\/\/i0.wp.com\/ismaelcolosi.com.br\/wp-content\/uploads\/2024\/07\/hc-ue.jpg?resize=370%2C247&ssl=1",370,247,true]},"uagb_author_info":{"display_name":"ismaelcolosi.com.br","author_link":"https:\/\/ismaelcolosi.com.br\/index.php\/author\/vidareal-online\/"},"uagb_comment_info":0,"uagb_excerpt":"Uma estudante de 18 anos que estava na garupa de uma moto que colidiu com um poste na rotat\u00f3ria das avenidas Marechal Costa e Silva...","jetpack-related-posts":[{"id":67721,"url":"https:\/\/ismaelcolosi.com.br\/index.php\/2024\/09\/25\/homem-de-46-anos-morre-em-ribeirao-apos-sofrer-acidente-de-moto\/","url_meta":{"origin":55939,"position":0},"title":"Homem de 46 anos morre em Ribeir\u00e3o ap\u00f3s sofrer acidente de moto","author":"ismaelcolosi.com.br","date":"25 de September de 2024","format":false,"excerpt":"Um homem de 46 anos morreu nesta ter\u00e7a-feira (24), em Ribeir\u00e3o Preto, depois de sofrer um acidente de moto. Segundo o boletim de ocorr\u00eancia (BO), a v\u00edtima, identificada como Marco Junio Leoncini, estava internada no Hospital das Cl\u00ednicas \u2013 Unidade de Emerg\u00eancia (HC-UE), onde passou por cirurgias, mas n\u00e3o resistiu.\u2026","rel":"","context":"In &quot;Not\u00edcias de Ribeir\u00e3o Preto-SP e Regi\u00e3o&quot;","block_context":{"text":"Not\u00edcias de Ribeir\u00e3o Preto-SP e Regi\u00e3o","link":"https:\/\/ismaelcolosi.com.br\/index.php\/category\/noticias-de-ribeirao-preto-sp-e-regiao-ismael-colosi\/"},"img":{"alt_text":"","src":"https:\/\/i0.wp.com\/ismaelcolosi.com.br\/wp-content\/uploads\/2024\/09\/1727267496_cpj_policia_1200x675_30012022162443.jpg?fit=1200%2C675&ssl=1&resize=350%2C200","width":350,"height":200,"srcset":"https:\/\/i0.wp.com\/ismaelcolosi.com.br\/wp-content\/uploads\/2024\/09\/1727267496_cpj_policia_1200x675_30012022162443.jpg?fit=1200%2C675&ssl=1&resize=350%2C200 1x, https:\/\/i0.wp.com\/ismaelcolosi.com.br\/wp-content\/uploads\/2024\/09\/1727267496_cpj_policia_1200x675_30012022162443.jpg?fit=1200%2C675&ssl=1&resize=525%2C300 1.5x, https:\/\/i0.wp.com\/ismaelcolosi.com.br\/wp-content\/uploads\/2024\/09\/1727267496_cpj_policia_1200x675_30012022162443.jpg?fit=1200%2C675&ssl=1&resize=700%2C400 2x, https:\/\/i0.wp.com\/ismaelcolosi.com.br\/wp-content\/uploads\/2024\/09\/1727267496_cpj_policia_1200x675_30012022162443.jpg?fit=1200%2C675&ssl=1&resize=1050%2C600 3x"},"classes":[]},{"id":65875,"url":"https:\/\/ismaelcolosi.com.br\/index.php\/2024\/09\/14\/homem-morre-e-adolescente-fica-em-estado-grave-apos-acidente-em-ribeirao-preto\/","url_meta":{"origin":55939,"position":1},"title":"Homem morre e adolescente fica em estado grave ap\u00f3s acidente em Ribeir\u00e3o Preto","author":"ismaelcolosi.com.br","date":"14 de September de 2024","format":false,"excerpt":"Um homem de 23 anos morreu ap\u00f3s a moto que ele pilotava ter colidido contra um poste na avenida Eduardo Andrea Matarazzo, a Via Norte, em Ribeir\u00e3o Preto, na noite da \u00faltima sexta-feira (23). Uma adolescente de 16 anos que estava com a v\u00edtima foi socorrida em estado grave para\u2026","rel":"","context":"In &quot;Not\u00edcias de Ribeir\u00e3o Preto-SP e Regi\u00e3o&quot;","block_context":{"text":"Not\u00edcias de Ribeir\u00e3o Preto-SP e Regi\u00e3o","link":"https:\/\/ismaelcolosi.com.br\/index.php\/category\/noticias-de-ribeirao-preto-sp-e-regiao-ismael-colosi\/"},"img":{"alt_text":"","src":"https:\/\/i0.wp.com\/ismaelcolosi.com.br\/wp-content\/uploads\/2024\/09\/1726326403_cpj_1024x576_04082020121137.jpg?fit=1024%2C575&ssl=1&resize=350%2C200","width":350,"height":200,"srcset":"https:\/\/i0.wp.com\/ismaelcolosi.com.br\/wp-content\/uploads\/2024\/09\/1726326403_cpj_1024x576_04082020121137.jpg?fit=1024%2C575&ssl=1&resize=350%2C200 1x, https:\/\/i0.wp.com\/ismaelcolosi.com.br\/wp-content\/uploads\/2024\/09\/1726326403_cpj_1024x576_04082020121137.jpg?fit=1024%2C575&ssl=1&resize=525%2C300 1.5x, https:\/\/i0.wp.com\/ismaelcolosi.com.br\/wp-content\/uploads\/2024\/09\/1726326403_cpj_1024x576_04082020121137.jpg?fit=1024%2C575&ssl=1&resize=700%2C400 2x"},"classes":[]},{"id":37052,"url":"https:\/\/ismaelcolosi.com.br\/index.php\/2024\/02\/14\/mulher-morre-em-acidente-na-zona-oeste\/","url_meta":{"origin":55939,"position":2},"title":"Mulher morre em acidente na zona Oeste","author":"ismaelcolosi.com.br","date":"14 de February de 2024","format":false,"excerpt":"V\u00edtima estava em motocicleta que colidiu contra ve\u00edculo 14 de fevereiro de 2024 | 8:38 0Por: Adalberto LuqueUma jovem de 24 anos morreu, na madrugada desta segunda-feira (12), ap\u00f3s um acidente ocorrido na Avenida Bandeirantes, Vila Virg\u00ednia, zona Oeste de Ribeir\u00e3o Preto. A v\u00edtima estaria em uma motocicleta.Segundo informa\u00e7\u00f5es, a\u2026","rel":"","context":"In &quot;Not\u00edcias de Ribeir\u00e3o Preto-SP e Regi\u00e3o&quot;","block_context":{"text":"Not\u00edcias de Ribeir\u00e3o Preto-SP e Regi\u00e3o","link":"https:\/\/ismaelcolosi.com.br\/index.php\/category\/noticias-de-ribeirao-preto-sp-e-regiao-ismael-colosi\/"},"img":{"alt_text":"","src":"https:\/\/i0.wp.com\/ismaelcolosi.com.br\/wp-content\/uploads\/2024\/02\/LUQUE-Samu-02-Foto-Alfredo-Risk-scaled.jpg?fit=1200%2C800&ssl=1&resize=350%2C200","width":350,"height":200,"srcset":"https:\/\/i0.wp.com\/ismaelcolosi.com.br\/wp-content\/uploads\/2024\/02\/LUQUE-Samu-02-Foto-Alfredo-Risk-scaled.jpg?fit=1200%2C800&ssl=1&resize=350%2C200 1x, https:\/\/i0.wp.com\/ismaelcolosi.com.br\/wp-content\/uploads\/2024\/02\/LUQUE-Samu-02-Foto-Alfredo-Risk-scaled.jpg?fit=1200%2C800&ssl=1&resize=525%2C300 1.5x, https:\/\/i0.wp.com\/ismaelcolosi.com.br\/wp-content\/uploads\/2024\/02\/LUQUE-Samu-02-Foto-Alfredo-Risk-scaled.jpg?fit=1200%2C800&ssl=1&resize=700%2C400 2x, https:\/\/i0.wp.com\/ismaelcolosi.com.br\/wp-content\/uploads\/2024\/02\/LUQUE-Samu-02-Foto-Alfredo-Risk-scaled.jpg?fit=1200%2C800&ssl=1&resize=1050%2C600 3x"},"classes":[]},{"id":52628,"url":"https:\/\/ismaelcolosi.com.br\/index.php\/2024\/06\/08\/identificadas-vitimas-que-morreram-em-acidente-na-rodovia-abrao-assed-em-ribeirao\/","url_meta":{"origin":55939,"position":3},"title":"Identificadas v\u00edtimas que morreram em acidente na rodovia Abr\u00e3o Assed em Ribeir\u00e3o","author":"ismaelcolosi.com.br","date":"8 de June de 2024","format":false,"excerpt":"O casal que morreu, ap\u00f3s a moto em que estava ser atingida por um carro, na rodovia Abr\u00e3o Assed (SP-333) em Ribeir\u00e3o Preto, foi identificado. Segundo o boletim de ocorr\u00eancia, o motociclista era Fernando Lu\u00eds Martins, de 40 anos, e a passageira Gisele Cristina Barbosa, de 30 anos. Eles eram\u2026","rel":"","context":"In &quot;Not\u00edcias de Ribeir\u00e3o Preto-SP e Regi\u00e3o&quot;","block_context":{"text":"Not\u00edcias de Ribeir\u00e3o Preto-SP e Regi\u00e3o","link":"https:\/\/ismaelcolosi.com.br\/index.php\/category\/noticias-de-ribeirao-preto-sp-e-regiao-ismael-colosi\/"},"img":{"alt_text":"","src":"https:\/\/i0.wp.com\/ismaelcolosi.com.br\/wp-content\/uploads\/2024\/06\/Copia-de-Copia-de-TAMANHO-EXATO-PARA-FOTOS-NO-SISTEMA-NOVO_2024-06-08_20-08-20_jpg_2024-06-08_20-08-20.webp.webp?fit=1200%2C675&ssl=1&resize=350%2C200","width":350,"height":200,"srcset":"https:\/\/i0.wp.com\/ismaelcolosi.com.br\/wp-content\/uploads\/2024\/06\/Copia-de-Copia-de-TAMANHO-EXATO-PARA-FOTOS-NO-SISTEMA-NOVO_2024-06-08_20-08-20_jpg_2024-06-08_20-08-20.webp.webp?fit=1200%2C675&ssl=1&resize=350%2C200 1x, https:\/\/i0.wp.com\/ismaelcolosi.com.br\/wp-content\/uploads\/2024\/06\/Copia-de-Copia-de-TAMANHO-EXATO-PARA-FOTOS-NO-SISTEMA-NOVO_2024-06-08_20-08-20_jpg_2024-06-08_20-08-20.webp.webp?fit=1200%2C675&ssl=1&resize=525%2C300 1.5x, https:\/\/i0.wp.com\/ismaelcolosi.com.br\/wp-content\/uploads\/2024\/06\/Copia-de-Copia-de-TAMANHO-EXATO-PARA-FOTOS-NO-SISTEMA-NOVO_2024-06-08_20-08-20_jpg_2024-06-08_20-08-20.webp.webp?fit=1200%2C675&ssl=1&resize=700%2C400 2x, https:\/\/i0.wp.com\/ismaelcolosi.com.br\/wp-content\/uploads\/2024\/06\/Copia-de-Copia-de-TAMANHO-EXATO-PARA-FOTOS-NO-SISTEMA-NOVO_2024-06-08_20-08-20_jpg_2024-06-08_20-08-20.webp.webp?fit=1200%2C675&ssl=1&resize=1050%2C600 3x"},"classes":[]},{"id":54291,"url":"https:\/\/ismaelcolosi.com.br\/index.php\/2024\/06\/24\/jovem-morre-ao-bater-moto-em-poste-e-estudante-fica-em-estado-grave-em-ribeirao\/","url_meta":{"origin":55939,"position":4},"title":"Jovem morre ao bater moto em poste e estudante fica em estado grave em Ribeir\u00e3o","author":"ismaelcolosi.com.br","date":"24 de June de 2024","format":false,"excerpt":"Um motociclista de 22 anos morreu na noite deste domingo (23), depois de bater a moto contra um poste, na zona Norte de Ribeir\u00e3o Preto. Uma estudante, de 18 anos, que estava na garupa do ve\u00edculo, foi socorrida em estado grave. Segundo o boletim de ocorr\u00eancia (BO), o motociclista, identificado\u2026","rel":"","context":"In &quot;Not\u00edcias de Ribeir\u00e3o Preto-SP e Regi\u00e3o&quot;","block_context":{"text":"Not\u00edcias de Ribeir\u00e3o Preto-SP e Regi\u00e3o","link":"https:\/\/ismaelcolosi.com.br\/index.php\/category\/noticias-de-ribeirao-preto-sp-e-regiao-ismael-colosi\/"},"img":{"alt_text":"","src":"https:\/\/i0.wp.com\/ismaelcolosi.com.br\/wp-content\/uploads\/2024\/06\/1719238045_cpj_policia_1024x576_21012021082231.jpg?fit=1024%2C576&ssl=1&resize=350%2C200","width":350,"height":200,"srcset":"https:\/\/i0.wp.com\/ismaelcolosi.com.br\/wp-content\/uploads\/2024\/06\/1719238045_cpj_policia_1024x576_21012021082231.jpg?fit=1024%2C576&ssl=1&resize=350%2C200 1x, https:\/\/i0.wp.com\/ismaelcolosi.com.br\/wp-content\/uploads\/2024\/06\/1719238045_cpj_policia_1024x576_21012021082231.jpg?fit=1024%2C576&ssl=1&resize=525%2C300 1.5x, https:\/\/i0.wp.com\/ismaelcolosi.com.br\/wp-content\/uploads\/2024\/06\/1719238045_cpj_policia_1024x576_21012021082231.jpg?fit=1024%2C576&ssl=1&resize=700%2C400 2x"},"classes":[]},{"id":67565,"url":"https:\/\/ismaelcolosi.com.br\/index.php\/2024\/09\/24\/homem-morre-em-ribeirao-apos-ser-encontrado-com-sinais-de-violencia\/","url_meta":{"origin":55939,"position":5},"title":"Homem morre em Ribeir\u00e3o ap\u00f3s ser encontrado com sinais de viol\u00eancia","author":"ismaelcolosi.com.br","date":"24 de September de 2024","format":false,"excerpt":"Um homem de 48 anos morreu na madrugada desta ter\u00e7a-feira (24), em Ribeir\u00e3o Preto, depois de ser encontrado com sinais de viol\u00eancia em via p\u00fablica. Segundo o boletim de ocorr\u00eancia (BO), a v\u00edtima estava internada no Hospital das Cl\u00ednicas \u2013 Unidade de Emerg\u00eancia (HC-UE), onde faleceu. O BO n\u00e3o informa\u2026","rel":"","context":"In &quot;Not\u00edcias de Ribeir\u00e3o Preto-SP e Regi\u00e3o&quot;","block_context":{"text":"Not\u00edcias de Ribeir\u00e3o Preto-SP e Regi\u00e3o","link":"https:\/\/ismaelcolosi.com.br\/index.php\/category\/noticias-de-ribeirao-preto-sp-e-regiao-ismael-colosi\/"},"img":{"alt_text":"","src":"https:\/\/i0.wp.com\/ismaelcolosi.com.br\/wp-content\/uploads\/2024\/03\/AnyConv.com__hc-ue-ribeirao-preto.gif?fit=1200%2C900&ssl=1&resize=350%2C200","width":350,"height":200,"srcset":"https:\/\/i0.wp.com\/ismaelcolosi.com.br\/wp-content\/uploads\/2024\/03\/AnyConv.com__hc-ue-ribeirao-preto.gif?fit=1200%2C900&ssl=1&resize=350%2C200 1x, https:\/\/i0.wp.com\/ismaelcolosi.com.br\/wp-content\/uploads\/2024\/03\/AnyConv.com__hc-ue-ribeirao-preto.gif?fit=1200%2C900&ssl=1&resize=525%2C300 1.5x, https:\/\/i0.wp.com\/ismaelcolosi.com.br\/wp-content\/uploads\/2024\/03\/AnyConv.com__hc-ue-ribeirao-preto.gif?fit=1200%2C900&ssl=1&resize=700%2C400 2x, https:\/\/i0.wp.com\/ismaelcolosi.com.br\/wp-content\/uploads\/2024\/03\/AnyConv.com__hc-ue-ribeirao-preto.gif?fit=1200%2C900&ssl=1&resize=1050%2C600 3x"},"classes":[]}],"jetpack_sharing_enabled":true,"jetpack_shortlink":"https:\/\/wp.me\/pfMlyK-eyf","_links":{"self":[{"href":"https:\/\/ismaelcolosi.com.br\/index.php\/wp-json\/wp\/v2\/posts\/55939","targetHints":{"allow":["GET"]}}],"collection":[{"href":"https:\/\/ismaelcolosi.com.br\/index.php\/wp-json\/wp\/v2\/posts"}],"about":[{"href":"https:\/\/ismaelcolosi.com.br\/index.php\/wp-json\/wp\/v2\/types\/post"}],"author":[{"embeddable":true,"href":"https:\/\/ismaelcolosi.com.br\/index.php\/wp-json\/wp\/v2\/users\/1"}],"replies":[{"embeddable":true,"href":"https:\/\/ismaelcolosi.com.br\/index.php\/wp-json\/wp\/v2\/comments?post=55939"}],"version-history":[{"count":0,"href":"https:\/\/ismaelcolosi.com.br\/index.php\/wp-json\/wp\/v2\/posts\/55939\/revisions"}],"wp:featuredmedia":[{"embeddable":true,"href":"https:\/\/ismaelcolosi.com.br\/index.php\/wp-json\/wp\/v2\/media\/55940"}],"wp:attachment":[{"href":"https:\/\/ismaelcolosi.com.br\/index.php\/wp-json\/wp\/v2\/media?parent=55939"}],"wp:term":[{"taxonomy":"category","embeddable":true,"href":"https:\/\/ismaelcolosi.com.br\/index.php\/wp-json\/wp\/v2\/categories?post=55939"},{"taxonomy":"post_tag","embeddable":true,"href":"https:\/\/ismaelcolosi.com.br\/index.php\/wp-json\/wp\/v2\/tags?post=55939"}],"curies":[{"name":"wp","href":"https:\/\/api.w.org\/{rel}","templated":true}]}}