{"id":55933,"date":"2024-07-08T09:42:21","date_gmt":"2024-07-08T12:42:21","guid":{"rendered":"https:\/\/ismaelcolosi.com.br\/index.php\/2024\/07\/08\/profissoes-que-nao-existem-mais-conheca-5-exemplos\/"},"modified":"2024-07-08T09:42:21","modified_gmt":"2024-07-08T12:42:21","slug":"profissoes-que-nao-existem-mais-conheca-5-exemplos","status":"publish","type":"post","link":"https:\/\/ismaelcolosi.com.br\/index.php\/2024\/07\/08\/profissoes-que-nao-existem-mais-conheca-5-exemplos\/","title":{"rendered":"Profiss\u00f5es que n\u00e3o existem mais: conhe\u00e7a 5 exemplos"},"content":{"rendered":"<p> <br \/>\n<\/p>\n<div>\n<p>O mercado de trabalho \u00e9 um setor em constante movimento que acompanha as mudan\u00e7as tecnol\u00f3gicas, econ\u00f4micas e sociais. Por conta disso, algumas profiss\u00f5es que n\u00e3o existem mais, e que eram fundamentais em sua \u00e9poca, foram substitu\u00eddas por tecnologias ou passaram por uma repagina\u00e7\u00e3o para se adaptar ao novo momento.<\/p>\n<p>Quer conhecer um pouco mais dessas ocupa\u00e7\u00f5es extintas? Continue a leitura com a gente e entenda o impacto dessas transforma\u00e7\u00f5es na sociedade!<\/p><div class='code-block code-block-8' style='margin: 8px auto; text-align: center; display: block; clear: both;'>\n<script>\n  atOptions = {\n    'key' : '66e2e2111ca34da796271819fc334058',\n    'format' : 'iframe',\n    'height' : 250,\n    'width' : 300,\n    'params' : {}\n  };\n<\/script>\n<script src=\"https:\/\/www.highperformanceformat.com\/66e2e2111ca34da796271819fc334058\/invoke.js\"><\/script>\n<\/div>\n\n<nav class=\"toc-container  active\">\n<hr\/>\n<\/nav>\n<h2 class=\"wp-block-heading\" id=\"1_Por_que_algumas_profissoes_desapareceram_com_o_tempo\">1. Por que algumas profiss\u00f5es desapareceram com o tempo?<\/h2>\n<p>O\u00a0mercado de trabalho\u00a0passou por diversas transforma\u00e7\u00f5es ao longo das d\u00e9cadas, acompanhando as mudan\u00e7as sociais e tecnol\u00f3gicas que impactaram toda a sociedade. Por conta disso, algumas profiss\u00f5es foram extintas ou passaram por adapta\u00e7\u00f5es radicais para se enquadrar \u00e0s novas realidades.<\/p>\n<p>As fun\u00e7\u00f5es deram lugar \u00e0s demandas emergentes progressivamente, enquanto profissionais e popula\u00e7\u00e3o se familiarizaram com as tend\u00eancias de sua \u00e9poca. <\/p>\n<p>Naturalmente, algumas<strong>\u00a0atividades que ainda fazem parte do nosso cotidiano tamb\u00e9m v\u00e3o se atualizar<\/strong>, mudar o seu formato ou, at\u00e9 mesmo, desaparecer com o tempo, conforme sistemas de automa\u00e7\u00e3o e \u00e1reas mais modernas v\u00e3o surgindo.<\/p>\n<h2 class=\"wp-block-heading\" id=\"2_Confira_5_profissoes_que_nao_existem_mais_devido_ao_avanco_tecnologico\">2. Confira 5 profiss\u00f5es que n\u00e3o existem mais devido ao avan\u00e7o tecnol\u00f3gico<\/h2>\n<p>O avan\u00e7o da tecnologia e comunica\u00e7\u00e3o fez com que algumas profiss\u00f5es fossem substitu\u00eddas. Com equipamentos inovadores, os profissionais n\u00e3o precisam mais realizar tarefas repetitivas e enfadonhas. Conhe\u00e7a 5 profiss\u00f5es que n\u00e3o existem por conta das revolu\u00e7\u00f5es tecnol\u00f3gicas:<\/p>\n<h3 class=\"wp-block-heading\" id=\"1_Telefonista\">1. Telefonista<\/h3>\n<p>Voc\u00ea sabia que, antigamente, para voc\u00ea ligar para um telefone fixo, precisava ser mediado por um telefonista? Ap\u00f3s receber as informa\u00e7\u00f5es do seu contato, ela encaminhava a liga\u00e7\u00e3o para a pessoa portadora do n\u00famero.<\/p>\n<p>A profiss\u00e3o foi extinta com a cria\u00e7\u00e3o de sistemas de telefonia que automatizam esse processo, ainda na d\u00e9cada de 80.<\/p>\n<h3 class=\"wp-block-heading\" id=\"2_Arquivista\">2. Arquivista<\/h3>\n<p>Antes do computador, a fun\u00e7\u00e3o do arquivista era coletar, organizar e armazenar registros importantes.\u00a0<strong>Ele era respons\u00e1vel por catalogar manualmente os documentos em papel<\/strong>, criando sistemas de classifica\u00e7\u00e3o para que eles pudessem ser consultados quando preciso.<\/p>\n<p>Hoje em dia, a organiza\u00e7\u00e3o e gerenciamento de arquivos \u00e9 facilitado com dispositivos eletr\u00f4nicos, como computadores e celulares.<\/p>\n<h3 class=\"wp-block-heading\" id=\"3_Acendedor_de_poste\">3. Acendedor de poste<\/h3>\n<p>Antigamente, os postes de ilumina\u00e7\u00e3o p\u00fablica funcionavam a querosene, fogo e lampi\u00f5es. Ent\u00e3o, antes dos postes de energia el\u00e9trica, os acendedores tinham que ir de pilar em pilar para iluminar as ruas.<\/p>\n<h3 class=\"wp-block-heading\" id=\"4_Operador_de_mimeografo\">4. Operador de mime\u00f3grafo<\/h3>\n<p>O mime\u00f3grafo era uma m\u00e1quina que reproduzia c\u00f3pias a partir de uma pe\u00e7a original. Ele utilizava pap\u00e9is e tinta para replicar materiais como documentos, provas e trabalhos. Quem frequentou a escola at\u00e9 os anos 2000 deve se lembrar do cheiro de \u00e1lcool que ficava na sala de aula antes da populariza\u00e7\u00e3o das impressoras.<\/p>\n<h3 class=\"wp-block-heading\" id=\"5_Mensageiros\">5. Mensageiros<\/h3>\n<p>O sistema de computadores extinguiu uma das profiss\u00f5es mais antigas do mundo: a de mensageiro. Esse profissional\u00a0<strong>era respons\u00e1vel por enviar mensagens oralmente ou por meio da escrita<\/strong>\u00a0de uma pessoa a outra, mesmo que em lugares distantes.<\/p>\n<p>A fun\u00e7\u00e3o passou por transforma\u00e7\u00f5es ao longo dos s\u00e9culos: da comunica\u00e7\u00e3o oral, escrita em papiros, cartas, telegramas, sendo substitu\u00eddo pelo telefone e, posteriormente, e-mail e sites da internet.<\/p>\n<p>Al\u00e9m dessas, as profiss\u00f5es de leiteiro, ca\u00e7ador de ratos, lanterninha de cinema, computadores humanos e muitas outras deixaram de existir para receber a tecnologia e proporcionar mais praticidade para as pessoas. <\/p>\n<p>Seja por avan\u00e7o cient\u00edfico ou advento da inform\u00e1tica, novas outras fun\u00e7\u00f5es passaram a ser necess\u00e1rias para suprir as demandas de cada per\u00edodo.<\/p>\n<blockquote class=\"wp-block-quote is-layout-flow wp-block-quote-is-layout-flow\">\n<p>\ud83d\udca1<strong>Para ler depois\u00a0<\/strong>\u2014\u00a0Quais s\u00e3o as profiss\u00f5es que ganham bem em 2024?<\/p>\n<\/blockquote>\n<h2 class=\"wp-block-heading\" id=\"3_Conheca_profissoes_que_passaram_por_mudancas_sociais\">3. Conhe\u00e7a profiss\u00f5es que passaram por mudan\u00e7as sociais<\/h2>\n<p>Existem profiss\u00f5es que tamb\u00e9m sofreram transforma\u00e7\u00f5es para se adaptar a reivindica\u00e7\u00f5es pol\u00edticas, econ\u00f4micas, sociais e, at\u00e9 mesmo, por fatores de sa\u00fade. Como o mercado de trabalho acompanha as movimenta\u00e7\u00f5es da sociedade, elas se atualizam para preservar e garantir que os\u00a0direitos trabalhistas\u00a0e integridade dos profissionais sejam respeitados.<\/p>\n<p>Confira algumas fun\u00e7\u00f5es que se atualizaram por conta de mudan\u00e7as sociais:<\/p>\n<ul>\n<li><strong>Jornalistas:\u00a0<\/strong>com a democratiza\u00e7\u00e3o da internet, a forma de se comunicar mudou, exigindo que os profissionais de comunica\u00e7\u00e3o e jornalismo se adaptassem \u00e0 nova realidade de compartilhamento e verifica\u00e7\u00e3o de not\u00edcias;<\/li>\n<li><strong>Professores:\u00a0<\/strong>as mudan\u00e7as no setor da educa\u00e7\u00e3o tamb\u00e9m envolvem as novas tecnologias. Atualmente, os professores precisam aliar o aprendizado de estudantes de todas as idades com recursos digitais, trazendo o ensino para mais pr\u00f3ximo de suas realidades, al\u00e9m de possibilitar a acessibilidade;<\/li>\n<li><strong>Caminhoneiros:\u00a0<\/strong>a Lei de 2013 que regulamenta o aumento do tempo de descanso dos caminhoneiros pretende evitar jornadas excessivas e acidentes nas estradas;<\/li>\n<li><strong>Trabalhadores dom\u00e9sticos:\u00a0<\/strong>conhecida como \u201cPEC (Proposta de Emenda Constitucional) das Dom\u00e9sticas\u201d igualou os direitos trabalhistas \u00e0s demais profiss\u00f5es, como respeito ao sal\u00e1rio m\u00ednimo, FGTS, jornadas de at\u00e9 8 horas di\u00e1rias, entre outros.<\/li>\n<\/ul>\n<blockquote class=\"wp-block-quote is-layout-flow wp-block-quote-is-layout-flow\">\n<p>\ud83d\udca1<strong>Leia tamb\u00e9m<\/strong> \u2014\u00a0Teletrabalho: conhe\u00e7a as vantagens do modelo que incentiva a autonomia.<\/p>\n<\/blockquote>\n<h2 class=\"wp-block-heading\" id=\"4_Qual_o_impacto_das_mudancas_profissionais_para_o_mercado_de_trabalho\">4. Qual o impacto das mudan\u00e7as profissionais para o mercado de trabalho?<\/h2>\n<p>As mudan\u00e7as nas profiss\u00f5es \u00e9 um indicativo de que a sociedade est\u00e1 em movimento e o mercado de trabalho est\u00e1 acompanhando as inova\u00e7\u00f5es e demandas de sua \u00e9poca. Esse comportamento \u00e9 normal e acontece desde sempre, sendo um gerador de novas oportunidades e direcionamentos de carreira.<\/p>\n<p>Os profissionais est\u00e3o acostumados com a automatiza\u00e7\u00e3o de tarefas e utiliza\u00e7\u00e3o de m\u00e1quinas que facilitam o seu trabalho. A tend\u00eancia \u00e9 que\u00a0<strong>o uso da Intelig\u00eancia Artificial fa\u00e7a cada vez mais parte da nossa rotina<\/strong>, otimizando tempo e recursos.<\/p>\n<p>O risco de carreiras n\u00e3o existirem mais por conta dela \u00e9 baixo, mas voc\u00ea pode se atualizar e ficar por dentro de\u00a0cursos sobre IA\u00a0para se tornar um profissional do futuro, usando as ferramentas para o bem social e da sua \u00e1rea. <\/p>\n<hr class=\"wp-block-separator has-alpha-channel-opacity\"\/>\n<p>Conte com a Catho para encontrar as melhores oportunidades de emprego em tecnologia e a impulsionar a sua jornada profissional.<\/p>\n<p>Curtiu nosso conte\u00fado? N\u00e3o se esque\u00e7a de deixar seu coment\u00e1rio abaixo e compartilhar este artigo com seus colegas!<\/p>\n<p>At\u00e9 a pr\u00f3xima!<\/p>\n<h2>VAGAS ABERTAS | Principais \u00e1reas contratando<\/h2>\n<p>Se voc\u00ea est\u00e1 buscando um emprego, selecione abaixo a sua \u00e1rea de interesse e confira os cargos com oportunidades abertas!<\/p>\n<div class=\"search_jobs_list\"><select class=\"select_areas\" placeholder=\"Selecione uma \u00e1rea profissional\"><option value=\"0\">Seleciona uma \u00e1rea profissional<\/option><option value=\"1\">Administra\u00e7\u00e3o<\/option><option value=\"2\">Comercial e Vendas<\/option><option value=\"3\">Com\u00e9rcio Exterior<\/option><option value=\"4\">Educa\u00e7\u00e3o<\/option><option value=\"5\">Financeira<\/option><option value=\"6\">Hotelaria e Turismo<\/option><option value=\"7\">Inform\u00e1tica<\/option><option value=\"8\">Sa\u00fade<\/option><option value=\"9\">Suprimentos<\/option><option value=\"10\">Agricultura, Pecu\u00e1ria e Veterin\u00e1ria<\/option><option value=\"11\">Artes, Arquitetura e Design<\/option><option value=\"12\">Comunica\u00e7\u00e3o \/ Marketing<\/option><option value=\"13\">Engenharia<\/option><option value=\"14\">Industrial<\/option><option value=\"15\">Jur\u00eddica<\/option><option value=\"16\">T\u00e9cnica<\/option><option value=\"17\">Telemarketing<\/option><option value=\"18\">Telecomunica\u00e7\u00f5es<\/option><option value=\"20\">Servi\u00e7os Sociais<\/option><\/select><\/div>\n<\/p><\/div>\n<p><br \/>\n<br \/><a href=\"https:\/\/www.catho.com.br\/carreira-sucesso\/profissoes-que-nao-existem-mais\/\">Source link <\/a><\/p>\n<div class='code-block code-block-4' style='margin: 8px auto 8px 0; text-align: left; display: block; clear: both;'>\n\ud83d\udce2 Aviso Legal\n\nO site ismaelcolosi.com.br atua apenas como um canal de divulga\u00e7\u00e3o de oportunidades de emprego e n\u00e3o se responsabiliza pelo processo seletivo, contrata\u00e7\u00e3o ou qualquer outra etapa relacionada \u00e0s vagas publicadas. Todas as informa\u00e7\u00f5es s\u00e3o de responsabilidade dos anunciantes.\n\n\u26a0\ufe0f Aten\u00e7\u00e3o! Nunca pague por promessas de emprego nem compre cursos que garantam contrata\u00e7\u00e3o. Desconfie de qualquer cobran\u00e7a para participar de sele\u00e7\u00f5es.\n\n\n\n<\/div>\n<!-- CONTENT END 1 -->\n","protected":false},"excerpt":{"rendered":"<p>O mercado de trabalho \u00e9 um setor em constante movimento que acompanha as mudan\u00e7as tecnol\u00f3gicas, econ\u00f4micas e sociais. Por conta disso, algumas profiss\u00f5es que n\u00e3o&#8230;<\/p>\n","protected":false},"author":1,"featured_media":55934,"comment_status":"open","ping_status":"open","sticky":false,"template":"","format":"standard","meta":{"_uag_custom_page_level_css":"","advanced_seo_description":"","jetpack_seo_html_title":"","jetpack_seo_noindex":false,"jetpack_post_was_ever_published":false,"_jetpack_newsletter_access":"","_jetpack_dont_email_post_to_subs":false,"_jetpack_newsletter_tier_id":0,"_jetpack_memberships_contains_paywalled_content":false,"_jetpack_memberships_contains_paid_content":false,"footnotes":"","jetpack_publicize_message":"","jetpack_publicize_feature_enabled":true,"jetpack_social_post_already_shared":true,"jetpack_social_options":{"image_generator_settings":{"template":"highway","default_image_id":0,"font":"","enabled":false},"version":2}},"categories":[1964],"tags":[],"class_list":["post-55933","post","type-post","status-publish","format-standard","has-post-thumbnail","hentry","category-carreira-e-sucesso-dicas-para-carreira"],"jetpack_publicize_connections":[],"jetpack_featured_media_url":"https:\/\/i0.wp.com\/ismaelcolosi.com.br\/wp-content\/uploads\/2024\/07\/Conheca-as-profissoes-que-nao-existem.png?fit=2560%2C1338&ssl=1","uagb_featured_image_src":{"full":["https:\/\/i0.wp.com\/ismaelcolosi.com.br\/wp-content\/uploads\/2024\/07\/Conheca-as-profissoes-que-nao-existem.png?fit=2560%2C1338&ssl=1",2560,1338,false],"thumbnail":["https:\/\/i0.wp.com\/ismaelcolosi.com.br\/wp-content\/uploads\/2024\/07\/Conheca-as-profissoes-que-nao-existem.png?resize=150%2C150&ssl=1",150,150,true],"medium":["https:\/\/i0.wp.com\/ismaelcolosi.com.br\/wp-content\/uploads\/2024\/07\/Conheca-as-profissoes-que-nao-existem.png?fit=300%2C157&ssl=1",300,157,true],"medium_large":["https:\/\/i0.wp.com\/ismaelcolosi.com.br\/wp-content\/uploads\/2024\/07\/Conheca-as-profissoes-que-nao-existem.png?fit=768%2C401&ssl=1",768,401,true],"large":["https:\/\/i0.wp.com\/ismaelcolosi.com.br\/wp-content\/uploads\/2024\/07\/Conheca-as-profissoes-que-nao-existem.png?fit=1024%2C535&ssl=1",1024,535,true],"1536x1536":["https:\/\/i0.wp.com\/ismaelcolosi.com.br\/wp-content\/uploads\/2024\/07\/Conheca-as-profissoes-que-nao-existem.png?fit=1536%2C803&ssl=1",1536,803,true],"2048x2048":["https:\/\/i0.wp.com\/ismaelcolosi.com.br\/wp-content\/uploads\/2024\/07\/Conheca-as-profissoes-que-nao-existem.png?fit=2048%2C1070&ssl=1",2048,1070,true],"really-simple-thumb":["https:\/\/i0.wp.com\/ismaelcolosi.com.br\/wp-content\/uploads\/2024\/07\/Conheca-as-profissoes-que-nao-existem.png?resize=370%2C247&ssl=1",370,247,true]},"uagb_author_info":{"display_name":"ismaelcolosi.com.br","author_link":"https:\/\/ismaelcolosi.com.br\/index.php\/author\/vidareal-online\/"},"uagb_comment_info":0,"uagb_excerpt":"O mercado de trabalho \u00e9 um setor em constante movimento que acompanha as mudan\u00e7as tecnol\u00f3gicas, econ\u00f4micas e sociais. Por conta disso, algumas profiss\u00f5es que n\u00e3o...","jetpack-related-posts":[{"id":81172,"url":"https:\/\/ismaelcolosi.com.br\/index.php\/2025\/01\/08\/profissoes-em-ascensao-e-declinio-ate-2030\/","url_meta":{"origin":55933,"position":0},"title":"profiss\u00f5es em ascens\u00e3o e decl\u00ednio at\u00e9 2030","author":"ismaelcolosi.com.br","date":"8 de January de 2025","format":false,"excerpt":"\r Getty Images\r Desenvolvedores de software est\u00e3o entre os profissionais em maior demanda at\u00e9 2030, mostram proje\u00e7\u00f5es para o futuro do trabalho\r At\u00e9 2030, 170 milh\u00f5es de novas fun\u00e7\u00f5es ser\u00e3o criadas e 92 milh\u00f5es ser\u00e3o eliminadas, resultando em um aumento l\u00edquido de 78 milh\u00f5es de empregos. Acessibilidade \r L\r L\r\u2026","rel":"","context":"In &quot;Carreira e Sucesso&quot;","block_context":{"text":"Carreira e Sucesso","link":"https:\/\/ismaelcolosi.com.br\/index.php\/category\/carreira-e-sucesso-dicas-para-carreira\/"},"img":{"alt_text":"","src":"https:\/\/i0.wp.com\/ismaelcolosi.com.br\/wp-content\/uploads\/2025\/01\/Carreira-tecnologia-desenvolver-software-1200x675.jpg?fit=1200%2C675&ssl=1&resize=350%2C200","width":350,"height":200,"srcset":"https:\/\/i0.wp.com\/ismaelcolosi.com.br\/wp-content\/uploads\/2025\/01\/Carreira-tecnologia-desenvolver-software-1200x675.jpg?fit=1200%2C675&ssl=1&resize=350%2C200 1x, https:\/\/i0.wp.com\/ismaelcolosi.com.br\/wp-content\/uploads\/2025\/01\/Carreira-tecnologia-desenvolver-software-1200x675.jpg?fit=1200%2C675&ssl=1&resize=525%2C300 1.5x, https:\/\/i0.wp.com\/ismaelcolosi.com.br\/wp-content\/uploads\/2025\/01\/Carreira-tecnologia-desenvolver-software-1200x675.jpg?fit=1200%2C675&ssl=1&resize=700%2C400 2x, https:\/\/i0.wp.com\/ismaelcolosi.com.br\/wp-content\/uploads\/2025\/01\/Carreira-tecnologia-desenvolver-software-1200x675.jpg?fit=1200%2C675&ssl=1&resize=1050%2C600 3x"},"classes":[]},{"id":52365,"url":"https:\/\/ismaelcolosi.com.br\/index.php\/2024\/06\/06\/estudo-mostra-profissoes-e-salarios-que-mais-cresceram-no-brasil-veja-rankings\/","url_meta":{"origin":55933,"position":1},"title":"Estudo mostra profiss\u00f5es e sal\u00e1rios que mais cresceram no Brasil; veja rankings","author":"ismaelcolosi.com.br","date":"6 de June de 2024","format":false,"excerpt":"Matheus Almeidai Matheus Almeida 06\/06\/2024 - 6:50 Desenhistas e administradores de bases de dados foram os profissionais com a maior valoriza\u00e7\u00e3o salarial e crescimento no n\u00famero de trabalhadores no Brasil nos \u00faltimos 12 anos. \u00c9 o que mostra levantamento da pesquisadora da consultoria IDados, Ana Tereza Pires, especialista em economia\u2026","rel":"","context":"In &quot;Empregos - Classificados&quot;","block_context":{"text":"Empregos - Classificados","link":"https:\/\/ismaelcolosi.com.br\/index.php\/category\/empregos-classificados-vagas-trabalho\/"},"img":{"alt_text":"","src":"https:\/\/i0.wp.com\/ismaelcolosi.com.br\/wp-content\/uploads\/2024\/06\/pexels-christina-morillo-1181271-scaled-e1675369650222.jpg?fit=1000%2C668&ssl=1&resize=350%2C200","width":350,"height":200,"srcset":"https:\/\/i0.wp.com\/ismaelcolosi.com.br\/wp-content\/uploads\/2024\/06\/pexels-christina-morillo-1181271-scaled-e1675369650222.jpg?fit=1000%2C668&ssl=1&resize=350%2C200 1x, https:\/\/i0.wp.com\/ismaelcolosi.com.br\/wp-content\/uploads\/2024\/06\/pexels-christina-morillo-1181271-scaled-e1675369650222.jpg?fit=1000%2C668&ssl=1&resize=525%2C300 1.5x, https:\/\/i0.wp.com\/ismaelcolosi.com.br\/wp-content\/uploads\/2024\/06\/pexels-christina-morillo-1181271-scaled-e1675369650222.jpg?fit=1000%2C668&ssl=1&resize=700%2C400 2x"},"classes":[]},{"id":13997,"url":"https:\/\/ismaelcolosi.com.br\/index.php\/2023\/12\/11\/profissoes-em-alta-para-encontrar-emprego-em-2024\/","url_meta":{"origin":55933,"position":2},"title":"Profiss\u00f5es em alta para encontrar emprego em 2024","author":"ismaelcolosi.com.br","date":"11 de December de 2023","format":false,"excerpt":"Saber quais s\u00e3o as profiss\u00f5es em alta para o momento atual do mercado \u00e9 uma \u00f3tima forma de aumentar as suas chances de conseguir emprego, subir de cargo ou at\u00e9 mesmo fazer uma mudan\u00e7a de carreira. Com um mundo em constante evolu\u00e7\u00e3o, as profiss\u00f5es tamb\u00e9m v\u00e3o se transformando para atender\u2026","rel":"","context":"In &quot;Carreira e Sucesso&quot;","block_context":{"text":"Carreira e Sucesso","link":"https:\/\/ismaelcolosi.com.br\/index.php\/category\/carreira-e-sucesso-dicas-para-carreira\/"},"img":{"alt_text":"","src":"https:\/\/i0.wp.com\/ismaelcolosi.com.br\/wp-content\/uploads\/2023\/12\/profissoes-em-alta.jpg?fit=1200%2C675&ssl=1&resize=350%2C200","width":350,"height":200,"srcset":"https:\/\/i0.wp.com\/ismaelcolosi.com.br\/wp-content\/uploads\/2023\/12\/profissoes-em-alta.jpg?fit=1200%2C675&ssl=1&resize=350%2C200 1x, https:\/\/i0.wp.com\/ismaelcolosi.com.br\/wp-content\/uploads\/2023\/12\/profissoes-em-alta.jpg?fit=1200%2C675&ssl=1&resize=525%2C300 1.5x, https:\/\/i0.wp.com\/ismaelcolosi.com.br\/wp-content\/uploads\/2023\/12\/profissoes-em-alta.jpg?fit=1200%2C675&ssl=1&resize=700%2C400 2x, https:\/\/i0.wp.com\/ismaelcolosi.com.br\/wp-content\/uploads\/2023\/12\/profissoes-em-alta.jpg?fit=1200%2C675&ssl=1&resize=1050%2C600 3x"},"classes":[]},{"id":83331,"url":"https:\/\/ismaelcolosi.com.br\/index.php\/2025\/02\/25\/mercado-de-trabalho-em-2025-as-principais-tendencias-para-quem-deseja-mudar-de-area\/","url_meta":{"origin":55933,"position":3},"title":"Mercado de trabalho em 2025: as principais tend\u00eancias para quem deseja mudar de \u00e1rea","author":"ismaelcolosi.com.br","date":"25 de February de 2025","format":false,"excerpt":"Forbes, a mais conceituada revista de neg\u00f3cios e economia do mundo. \u00a0 Sabemos que o mercado de trabalho passou por mudan\u00e7as significativas nos \u00faltimos anos. Novos cargos foram criados, as expectativas de empregadores e profissionais evolu\u00edram, e as compet\u00eancias demandadas se transformaram de forma expressiva. Estima-se que, at\u00e9 2030, 75%\u2026","rel":"","context":"In &quot;Carreira e Sucesso&quot;","block_context":{"text":"Carreira e Sucesso","link":"https:\/\/ismaelcolosi.com.br\/index.php\/category\/carreira-e-sucesso-dicas-para-carreira\/"},"img":{"alt_text":"Foto do cfundador do LinkedIn, Reid Hoffman","src":"https:\/\/i0.wp.com\/forbes.com.br\/wp-content\/uploads\/2025\/02\/COFUNDADOR-DO-LINKEDIN-326x245.png?resize=350%2C200&ssl=1","width":350,"height":200},"classes":[]},{"id":83383,"url":"https:\/\/ismaelcolosi.com.br\/index.php\/2025\/02\/26\/mercado-de-trabalho-em-2025-as-principais-tendencias-para-quem-deseja-mudar-de-area-2\/","url_meta":{"origin":55933,"position":4},"title":"Mercado de trabalho em 2025: as principais tend\u00eancias para quem deseja mudar de \u00e1rea","author":"ismaelcolosi.com.br","date":"26 de February de 2025","format":false,"excerpt":"Forbes, a mais conceituada revista de neg\u00f3cios e economia do mundo. \u00a0 Sabemos que o mercado de trabalho passou por mudan\u00e7as significativas nos \u00faltimos anos. Novos cargos foram criados, as expectativas de empregadores e profissionais evolu\u00edram, e as compet\u00eancias demandadas se transformaram de forma expressiva. Estima-se que, at\u00e9 2030, 75%\u2026","rel":"","context":"In &quot;Carreira e Sucesso&quot;","block_context":{"text":"Carreira e Sucesso","link":"https:\/\/ismaelcolosi.com.br\/index.php\/category\/carreira-e-sucesso-dicas-para-carreira\/"},"img":{"alt_text":"Foto do cfundador do LinkedIn, Reid Hoffman","src":"https:\/\/i0.wp.com\/forbes.com.br\/wp-content\/uploads\/2025\/02\/COFUNDADOR-DO-LINKEDIN-326x245.png?resize=350%2C200&ssl=1","width":350,"height":200},"classes":[]},{"id":60907,"url":"https:\/\/ismaelcolosi.com.br\/index.php\/2024\/08\/19\/guia-de-principais-profissoes-da-area-da-saude\/","url_meta":{"origin":55933,"position":5},"title":"Guia de principais profiss\u00f5es da \u00e1rea da sa\u00fade","author":"ismaelcolosi.com.br","date":"19 de August de 2024","format":false,"excerpt":"Um of\u00edcio que nunca deixa de estar em alta s\u00e3o as profiss\u00f5es da \u00e1rea da sa\u00fade. Isso por que al\u00e9m do cuidado com o corpo e a mente estar cada vez mais em alta, os estudos sobre a vida humana est\u00e3o constantemente sendo atualizados e os m\u00e9todos e tratamentos que\u2026","rel":"","context":"In &quot;Carreira e Sucesso&quot;","block_context":{"text":"Carreira e Sucesso","link":"https:\/\/ismaelcolosi.com.br\/index.php\/category\/carreira-e-sucesso-dicas-para-carreira\/"},"img":{"alt_text":"","src":"https:\/\/i0.wp.com\/ismaelcolosi.com.br\/wp-content\/uploads\/2024\/08\/Profissoes-da-area-da-saude.png?fit=1200%2C675&ssl=1&resize=350%2C200","width":350,"height":200,"srcset":"https:\/\/i0.wp.com\/ismaelcolosi.com.br\/wp-content\/uploads\/2024\/08\/Profissoes-da-area-da-saude.png?fit=1200%2C675&ssl=1&resize=350%2C200 1x, https:\/\/i0.wp.com\/ismaelcolosi.com.br\/wp-content\/uploads\/2024\/08\/Profissoes-da-area-da-saude.png?fit=1200%2C675&ssl=1&resize=525%2C300 1.5x, https:\/\/i0.wp.com\/ismaelcolosi.com.br\/wp-content\/uploads\/2024\/08\/Profissoes-da-area-da-saude.png?fit=1200%2C675&ssl=1&resize=700%2C400 2x, https:\/\/i0.wp.com\/ismaelcolosi.com.br\/wp-content\/uploads\/2024\/08\/Profissoes-da-area-da-saude.png?fit=1200%2C675&ssl=1&resize=1050%2C600 3x"},"classes":[]}],"jetpack_sharing_enabled":true,"jetpack_shortlink":"https:\/\/wp.me\/pfMlyK-ey9","_links":{"self":[{"href":"https:\/\/ismaelcolosi.com.br\/index.php\/wp-json\/wp\/v2\/posts\/55933","targetHints":{"allow":["GET"]}}],"collection":[{"href":"https:\/\/ismaelcolosi.com.br\/index.php\/wp-json\/wp\/v2\/posts"}],"about":[{"href":"https:\/\/ismaelcolosi.com.br\/index.php\/wp-json\/wp\/v2\/types\/post"}],"author":[{"embeddable":true,"href":"https:\/\/ismaelcolosi.com.br\/index.php\/wp-json\/wp\/v2\/users\/1"}],"replies":[{"embeddable":true,"href":"https:\/\/ismaelcolosi.com.br\/index.php\/wp-json\/wp\/v2\/comments?post=55933"}],"version-history":[{"count":0,"href":"https:\/\/ismaelcolosi.com.br\/index.php\/wp-json\/wp\/v2\/posts\/55933\/revisions"}],"wp:featuredmedia":[{"embeddable":true,"href":"https:\/\/ismaelcolosi.com.br\/index.php\/wp-json\/wp\/v2\/media\/55934"}],"wp:attachment":[{"href":"https:\/\/ismaelcolosi.com.br\/index.php\/wp-json\/wp\/v2\/media?parent=55933"}],"wp:term":[{"taxonomy":"category","embeddable":true,"href":"https:\/\/ismaelcolosi.com.br\/index.php\/wp-json\/wp\/v2\/categories?post=55933"},{"taxonomy":"post_tag","embeddable":true,"href":"https:\/\/ismaelcolosi.com.br\/index.php\/wp-json\/wp\/v2\/tags?post=55933"}],"curies":[{"name":"wp","href":"https:\/\/api.w.org\/{rel}","templated":true}]}}