{"id":55931,"date":"2024-07-08T09:39:37","date_gmt":"2024-07-08T12:39:37","guid":{"rendered":"https:\/\/ismaelcolosi.com.br\/index.php\/2024\/07\/08\/entenda-por-que-9-de-julho-e-feriado-data-e-comemorada-nesta-terca-feira\/"},"modified":"2024-07-08T09:39:37","modified_gmt":"2024-07-08T12:39:37","slug":"entenda-por-que-9-de-julho-e-feriado-data-e-comemorada-nesta-terca-feira","status":"publish","type":"post","link":"https:\/\/ismaelcolosi.com.br\/index.php\/2024\/07\/08\/entenda-por-que-9-de-julho-e-feriado-data-e-comemorada-nesta-terca-feira\/","title":{"rendered":"Entenda por que 9 de julho \u00e9 feriado; Data \u00e9 comemorada nesta ter\u00e7a-feira"},"content":{"rendered":"<p> <br \/>\n<\/p>\n<div data-td-block-uid=\"tdi_106\">\n<div class=\"tdb-block-inner td-fix-index\">\n<p>O dia\u00a0<strong>9 de julho<\/strong>\u00a0\u00e9 uma data significativa para o<strong>\u00a0Estado de<\/strong>\u00a0<strong>S\u00e3o Paulo<\/strong>, no qual comemora a\u00a0<strong>Revolu\u00e7\u00e3o Constitucionalista<\/strong>\u00a0<strong>de 1932. <\/strong>A data<strong> <\/strong>se tornou feriado em todo <strong>territ\u00f3rio estadual<\/strong> em<strong> 1977<\/strong>.<\/p>\n<p>Na ocasi\u00e3o, o Estado de S\u00e3o Paulo se op\u00f4s ao governo provis\u00f3rio de <strong>Get\u00falio Vargas<\/strong>, institu\u00eddo <strong>dois anos antes <\/strong>por meio de um <strong>golpe de estado<\/strong>. <\/p><div class='code-block code-block-8' style='margin: 8px auto; text-align: center; display: block; clear: both;'>\n<script>\n  atOptions = {\n    'key' : '66e2e2111ca34da796271819fc334058',\n    'format' : 'iframe',\n    'height' : 250,\n    'width' : 300,\n    'params' : {}\n  };\n<\/script>\n<script src=\"https:\/\/www.highperformanceformat.com\/66e2e2111ca34da796271819fc334058\/invoke.js\"><\/script>\n<\/div>\n\n<p>No ano passado, o<strong> acidade on Ribeir\u00e3o Preto <\/strong>realizou uma s\u00e9rie sobre a <strong>Revolu\u00e7\u00e3o Constitucionalista de 1932<\/strong> e a luta de <strong>S\u00e3o Paulo<\/strong> pela <strong>democracia<\/strong> e por uma nova <strong>Constitui\u00e7\u00e3o<\/strong>.<mark style=\"background-color:rgba(0, 0, 0, 0)\" class=\"has-inline-color has-black-color\"> <\/mark><\/p>\n<p><strong>LEIA A MAT\u00c9RIA ESPECIAL:<\/strong><br \/><strong>Revolu\u00e7\u00e3o de 1932: Entenda a luta de S\u00e3o Paulo pela democracia e por uma nova Constitui\u00e7\u00e3o<\/strong><\/p>\n<h4 class=\"wp-block-heading\"><strong>A hist\u00f3ria<\/strong> <strong>do 9 de julho<\/strong><\/h4>\n<p>Em maio de 1932, durante uma manifesta\u00e7\u00e3o contra a ditadura, quatro estudantes morreram assassinados: <strong>Martins<\/strong>, <strong>Miragaia<\/strong>, <strong>Dr\u00e1usio<\/strong> e <strong>Camargo<\/strong>. Os tiros teriam partido do alto dos pr\u00e9dios da Pra\u00e7a da Rep\u00fablica, em uma emboscada feita por um grupo de tenentes que apoiavam Get\u00falio Vargas.<\/p>\n<p>A partir da\u00ed, foi criado o <strong>Movimento Revolucion\u00e1rio MMDC<\/strong> \u2013 com as iniciais dos estudantes mortos. <mark style=\"background-color:#fcb900\" class=\"has-inline-color has-black-color\">A ideia era recrutar o povo de S\u00e3o Paulo para lutar por uma nova Constitui\u00e7\u00e3o.<\/mark><\/p>\n<p>Na \u00e9poca, as p\u00e1ginas do <strong>Jornal A Cidade<\/strong> mostraram que, em <strong>Ribeir\u00e3o Preto <\/strong>e regi\u00e3o, a sociedade come\u00e7ou a se organizar para participar do MMDC. No dia seguinte as mortes em S\u00e3o Paulo, o jornal registrou uma grande presen\u00e7a de p\u00fablico na Esplanada do <strong>Theatro Pedro II<\/strong>.<\/p>\n<p>SAIBA MAIS<br \/>Chegada de frente fria muda o tempo no interior de SP no feriado; Veja onde<\/p>\n<h4 class=\"wp-block-heading\"><strong>FIQUE ON<\/strong><\/h4>\n<p>Fique ligado em tudo que acontece em Ribeir\u00e3o Preto e regi\u00e3o. Siga os perfis do <strong>acidade on <\/strong>no <a href=\"https:\/\/www.instagram.com\/acidadeonribeirao\" target=\"_blank\" rel=\"noreferrer noopener\">Instagram<\/a> e no <a href=\"https:\/\/www.facebook.com\/acidadeonribeirao\" target=\"_blank\" rel=\"noreferrer noopener\">Facebook<\/a>.<\/p>\n<p>Receba not\u00edcias do acidade on no WhatsApp. Para entrar no grupo, basta <a href=\"https:\/\/chat.whatsapp.com\/CdrZ6xrf7quD44Vw3WlPuZ\" target=\"_blank\" rel=\"noreferrer noopener\">clicar aqui<\/a>.<\/p>\n<p>Fa\u00e7a uma den\u00fancia ou sugira uma reportagem sobre Ribeir\u00e3o Preto e regi\u00e3o pelo WhatsApp: 16 99117 7802.<\/p>\n<p>VEJA TAMB\u00c9M<br \/>Quem \u00e9 Amyr Klink?<\/p>\n<p><!-- AI CONTENT END 1 -->\n<\/div>\n<\/div>\n<p><script async src=\"\/\/www.instagram.com\/embed.js\"><\/script><br \/>\n<br \/><br \/>\n<br \/><a href=\"https:\/\/www.acidadeon.com\/ribeiraopreto\/lazer-e-cultura\/entenda-por-que-9-de-julho-feriado-data-e-comemorada-nesta-terca-feira\/\">Source link <\/a><\/p>\n<div class='code-block code-block-4' style='margin: 8px auto 8px 0; text-align: left; display: block; clear: both;'>\n\ud83d\udce2 Aviso Legal\n\nO site ismaelcolosi.com.br atua apenas como um canal de divulga\u00e7\u00e3o de oportunidades de emprego e n\u00e3o se responsabiliza pelo processo seletivo, contrata\u00e7\u00e3o ou qualquer outra etapa relacionada \u00e0s vagas publicadas. Todas as informa\u00e7\u00f5es s\u00e3o de responsabilidade dos anunciantes.\n\n\u26a0\ufe0f Aten\u00e7\u00e3o! Nunca pague por promessas de emprego nem compre cursos que garantam contrata\u00e7\u00e3o. Desconfie de qualquer cobran\u00e7a para participar de sele\u00e7\u00f5es.\n\n\n\n<\/div>\n<!-- CONTENT END 1 -->\n","protected":false},"excerpt":{"rendered":"<p>O dia\u00a09 de julho\u00a0\u00e9 uma data significativa para o\u00a0Estado de\u00a0S\u00e3o Paulo, no qual comemora a\u00a0Revolu\u00e7\u00e3o Constitucionalista\u00a0de 1932. A data se tornou feriado em todo territ\u00f3rio&#8230;<\/p>\n","protected":false},"author":1,"featured_media":55932,"comment_status":"open","ping_status":"open","sticky":false,"template":"","format":"standard","meta":{"_uag_custom_page_level_css":"","advanced_seo_description":"","jetpack_seo_html_title":"","jetpack_seo_noindex":false,"jetpack_post_was_ever_published":false,"_jetpack_newsletter_access":"","_jetpack_dont_email_post_to_subs":false,"_jetpack_newsletter_tier_id":0,"_jetpack_memberships_contains_paywalled_content":false,"_jetpack_memberships_contains_paid_content":false,"footnotes":"","jetpack_publicize_message":"","jetpack_publicize_feature_enabled":true,"jetpack_social_post_already_shared":true,"jetpack_social_options":{"image_generator_settings":{"template":"highway","default_image_id":0,"font":"","enabled":false},"version":2}},"categories":[11],"tags":[],"class_list":["post-55931","post","type-post","status-publish","format-standard","has-post-thumbnail","hentry","category-noticias-de-ribeirao-preto-sp-e-regiao-ismael-colosi"],"jetpack_publicize_connections":[],"jetpack_featured_media_url":"https:\/\/i0.wp.com\/ismaelcolosi.com.br\/wp-content\/uploads\/2024\/07\/Copia-de-Copia-de-TAMANHO-EXATO-PARA-FOTOS-NO-SISTEMA-NOVO-10_2024-07-08_12-05-10_jpg_2024-07-08_12-05-10.webp.webp?fit=1200%2C675&ssl=1","uagb_featured_image_src":{"full":["https:\/\/i0.wp.com\/ismaelcolosi.com.br\/wp-content\/uploads\/2024\/07\/Copia-de-Copia-de-TAMANHO-EXATO-PARA-FOTOS-NO-SISTEMA-NOVO-10_2024-07-08_12-05-10_jpg_2024-07-08_12-05-10.webp.webp?fit=1200%2C675&ssl=1",1200,675,false],"thumbnail":["https:\/\/i0.wp.com\/ismaelcolosi.com.br\/wp-content\/uploads\/2024\/07\/Copia-de-Copia-de-TAMANHO-EXATO-PARA-FOTOS-NO-SISTEMA-NOVO-10_2024-07-08_12-05-10_jpg_2024-07-08_12-05-10.webp.webp?resize=150%2C150&ssl=1",150,150,true],"medium":["https:\/\/i0.wp.com\/ismaelcolosi.com.br\/wp-content\/uploads\/2024\/07\/Copia-de-Copia-de-TAMANHO-EXATO-PARA-FOTOS-NO-SISTEMA-NOVO-10_2024-07-08_12-05-10_jpg_2024-07-08_12-05-10.webp.webp?fit=300%2C169&ssl=1",300,169,true],"medium_large":["https:\/\/i0.wp.com\/ismaelcolosi.com.br\/wp-content\/uploads\/2024\/07\/Copia-de-Copia-de-TAMANHO-EXATO-PARA-FOTOS-NO-SISTEMA-NOVO-10_2024-07-08_12-05-10_jpg_2024-07-08_12-05-10.webp.webp?fit=768%2C432&ssl=1",768,432,true],"large":["https:\/\/i0.wp.com\/ismaelcolosi.com.br\/wp-content\/uploads\/2024\/07\/Copia-de-Copia-de-TAMANHO-EXATO-PARA-FOTOS-NO-SISTEMA-NOVO-10_2024-07-08_12-05-10_jpg_2024-07-08_12-05-10.webp.webp?fit=1024%2C576&ssl=1",1024,576,true],"1536x1536":["https:\/\/i0.wp.com\/ismaelcolosi.com.br\/wp-content\/uploads\/2024\/07\/Copia-de-Copia-de-TAMANHO-EXATO-PARA-FOTOS-NO-SISTEMA-NOVO-10_2024-07-08_12-05-10_jpg_2024-07-08_12-05-10.webp.webp?fit=1200%2C675&ssl=1",1200,675,true],"2048x2048":["https:\/\/i0.wp.com\/ismaelcolosi.com.br\/wp-content\/uploads\/2024\/07\/Copia-de-Copia-de-TAMANHO-EXATO-PARA-FOTOS-NO-SISTEMA-NOVO-10_2024-07-08_12-05-10_jpg_2024-07-08_12-05-10.webp.webp?fit=1200%2C675&ssl=1",1200,675,true],"really-simple-thumb":["https:\/\/i0.wp.com\/ismaelcolosi.com.br\/wp-content\/uploads\/2024\/07\/Copia-de-Copia-de-TAMANHO-EXATO-PARA-FOTOS-NO-SISTEMA-NOVO-10_2024-07-08_12-05-10_jpg_2024-07-08_12-05-10.webp.webp?resize=370%2C247&ssl=1",370,247,true]},"uagb_author_info":{"display_name":"ismaelcolosi.com.br","author_link":"https:\/\/ismaelcolosi.com.br\/index.php\/author\/vidareal-online\/"},"uagb_comment_info":0,"uagb_excerpt":"O dia\u00a09 de julho\u00a0\u00e9 uma data significativa para o\u00a0Estado de\u00a0S\u00e3o Paulo, no qual comemora a\u00a0Revolu\u00e7\u00e3o Constitucionalista\u00a0de 1932. A data se tornou feriado em todo territ\u00f3rio...","jetpack-related-posts":[{"id":55190,"url":"https:\/\/ismaelcolosi.com.br\/index.php\/2024\/07\/01\/9-de-julho-e-feriado-no-interior-de-sp-veja-quem-pode-folgar\/","url_meta":{"origin":55931,"position":0},"title":"9 de julho \u00e9 feriado no interior de SP? Veja quem pode folgar","author":"ismaelcolosi.com.br","date":"1 de July de 2024","format":false,"excerpt":"O dia 9 de julho \u00e9 uma data significativa para o estado de S\u00e3o Paulo, marcando a Revolu\u00e7\u00e3o Constitucionalista de 1932. Algumas pessoas t\u00eam d\u00favidas: \u00e9 feriado? Tenho direito a folga? Confira abaixo: 9 de julho \u00e9 feriado? A resposta \u00e9: sim! A data celebra o movimento da Revolu\u00e7\u00e3o Constitucionalista\u2026","rel":"","context":"In &quot;Not\u00edcias de Ribeir\u00e3o Preto-SP e Regi\u00e3o&quot;","block_context":{"text":"Not\u00edcias de Ribeir\u00e3o Preto-SP e Regi\u00e3o","link":"https:\/\/ismaelcolosi.com.br\/index.php\/category\/noticias-de-ribeirao-preto-sp-e-regiao-ismael-colosi\/"},"img":{"alt_text":"","src":"https:\/\/i0.wp.com\/ismaelcolosi.com.br\/wp-content\/uploads\/2024\/07\/Calendario-Freepik-944x531-1_2024-07-01_13-15-58_jpg_2024-07-01_13-15-58.webp.webp?fit=944%2C531&ssl=1&resize=350%2C200","width":350,"height":200,"srcset":"https:\/\/i0.wp.com\/ismaelcolosi.com.br\/wp-content\/uploads\/2024\/07\/Calendario-Freepik-944x531-1_2024-07-01_13-15-58_jpg_2024-07-01_13-15-58.webp.webp?fit=944%2C531&ssl=1&resize=350%2C200 1x, https:\/\/i0.wp.com\/ismaelcolosi.com.br\/wp-content\/uploads\/2024\/07\/Calendario-Freepik-944x531-1_2024-07-01_13-15-58_jpg_2024-07-01_13-15-58.webp.webp?fit=944%2C531&ssl=1&resize=525%2C300 1.5x, https:\/\/i0.wp.com\/ismaelcolosi.com.br\/wp-content\/uploads\/2024\/07\/Calendario-Freepik-944x531-1_2024-07-01_13-15-58_jpg_2024-07-01_13-15-58.webp.webp?fit=944%2C531&ssl=1&resize=700%2C400 2x"},"classes":[]},{"id":56110,"url":"https:\/\/ismaelcolosi.com.br\/index.php\/2024\/07\/09\/entenda-o-que-foi-a-revolucao-constitucionalista-de-1932-em-sao-paulo\/","url_meta":{"origin":55931,"position":1},"title":"Entenda o que foi a Revolu\u00e7\u00e3o Constitucionalista de 1932 em S\u00e3o Paulo","author":"ismaelcolosi.com.br","date":"9 de July de 2024","format":false,"excerpt":"A Revolu\u00e7\u00e3o Constitucionalista de 1932 completa 92 anos nesta ter\u00e7a-feira (9), data considerada magna no estado de S\u00e3o Paulo por ter marcado o conflito armado entre for\u00e7as paulistas que tinham por objetivo derrubar o governo de Get\u00falio Vargas. O militar ga\u00facho havia assumido a presid\u00eancia do governo provis\u00f3rio nacional ap\u00f3s\u2026","rel":"","context":"In &quot;Not\u00edcias de Ribeir\u00e3o Preto-SP e Regi\u00e3o&quot;","block_context":{"text":"Not\u00edcias de Ribeir\u00e3o Preto-SP e Regi\u00e3o","link":"https:\/\/ismaelcolosi.com.br\/index.php\/category\/noticias-de-ribeirao-preto-sp-e-regiao-ismael-colosi\/"},"img":{"alt_text":"","src":"https:\/\/i0.wp.com\/ismaelcolosi.com.br\/wp-content\/uploads\/2024\/07\/NOVE-DE-JULHO_2024-07-09_15-12-13_jpg_2024-07-09_15-12-13.webp.webp?fit=1200%2C683&ssl=1&resize=350%2C200","width":350,"height":200,"srcset":"https:\/\/i0.wp.com\/ismaelcolosi.com.br\/wp-content\/uploads\/2024\/07\/NOVE-DE-JULHO_2024-07-09_15-12-13_jpg_2024-07-09_15-12-13.webp.webp?fit=1200%2C683&ssl=1&resize=350%2C200 1x, https:\/\/i0.wp.com\/ismaelcolosi.com.br\/wp-content\/uploads\/2024\/07\/NOVE-DE-JULHO_2024-07-09_15-12-13_jpg_2024-07-09_15-12-13.webp.webp?fit=1200%2C683&ssl=1&resize=525%2C300 1.5x, https:\/\/i0.wp.com\/ismaelcolosi.com.br\/wp-content\/uploads\/2024\/07\/NOVE-DE-JULHO_2024-07-09_15-12-13_jpg_2024-07-09_15-12-13.webp.webp?fit=1200%2C683&ssl=1&resize=700%2C400 2x, https:\/\/i0.wp.com\/ismaelcolosi.com.br\/wp-content\/uploads\/2024\/07\/NOVE-DE-JULHO_2024-07-09_15-12-13_jpg_2024-07-09_15-12-13.webp.webp?fit=1200%2C683&ssl=1&resize=1050%2C600 3x"},"classes":[]},{"id":55858,"url":"https:\/\/ismaelcolosi.com.br\/index.php\/2024\/07\/06\/confira-os-horarios-dos-shoppings-e-comercio-no-feriado-de-9-de-julho-em-ribeirao-preto\/","url_meta":{"origin":55931,"position":2},"title":"Confira os hor\u00e1rios dos shoppings e com\u00e9rcio no feriado de 9 de julho em Ribeir\u00e3o Preto","author":"ismaelcolosi.com.br","date":"6 de July de 2024","format":false,"excerpt":"Na pr\u00f3xima ter\u00e7a-feira (9) se comemora a\u00a0Revolu\u00e7\u00e3o Constitucionalista\u00a0de 1932, onde o\u00a0estado de\u00a0S\u00e3o Paulo\u00a0se op\u00f4s contra o governo de\u00a0Get\u00falio Vargas. Por conta do feriado, o funcionamento dos shoppings e do com\u00e9rcio de rua de Ribeir\u00e3o Preto ser\u00e3o alterados. Confira: Shoppings de Ribeir\u00e3o Preto Ribeir\u00e3o Shopping e Shopping Santa \u00darsula As lojas\u2026","rel":"","context":"In &quot;Not\u00edcias de Ribeir\u00e3o Preto-SP e Regi\u00e3o&quot;","block_context":{"text":"Not\u00edcias de Ribeir\u00e3o Preto-SP e Regi\u00e3o","link":"https:\/\/ismaelcolosi.com.br\/index.php\/category\/noticias-de-ribeirao-preto-sp-e-regiao-ismael-colosi\/"},"img":{"alt_text":"","src":"https:\/\/i0.wp.com\/ismaelcolosi.com.br\/wp-content\/uploads\/2024\/07\/20221224_101748_2.jpg?fit=1200%2C790&ssl=1&resize=350%2C200","width":350,"height":200,"srcset":"https:\/\/i0.wp.com\/ismaelcolosi.com.br\/wp-content\/uploads\/2024\/07\/20221224_101748_2.jpg?fit=1200%2C790&ssl=1&resize=350%2C200 1x, https:\/\/i0.wp.com\/ismaelcolosi.com.br\/wp-content\/uploads\/2024\/07\/20221224_101748_2.jpg?fit=1200%2C790&ssl=1&resize=525%2C300 1.5x, https:\/\/i0.wp.com\/ismaelcolosi.com.br\/wp-content\/uploads\/2024\/07\/20221224_101748_2.jpg?fit=1200%2C790&ssl=1&resize=700%2C400 2x, https:\/\/i0.wp.com\/ismaelcolosi.com.br\/wp-content\/uploads\/2024\/07\/20221224_101748_2.jpg?fit=1200%2C790&ssl=1&resize=1050%2C600 3x"},"classes":[]},{"id":55967,"url":"https:\/\/ismaelcolosi.com.br\/index.php\/2024\/07\/08\/feriado-de-9-de-julho-veja-horario-de-funcionamento-dos-shoppings-e-comercio-de-ribeirao-preto\/","url_meta":{"origin":55931,"position":3},"title":"Feriado de 9 de Julho: Veja hor\u00e1rio de funcionamento dos shoppings e com\u00e9rcio de Ribeir\u00e3o Preto","author":"ismaelcolosi.com.br","date":"8 de July de 2024","format":false,"excerpt":"Na ter\u00e7a-feira (9), \u00e9 comemorado o feriado da Revolu\u00e7\u00e3o Constitucionalista de 1932, no qual o Estado de S\u00e3o Paulo se op\u00f4s ao governo provis\u00f3rio de Get\u00falio Vargas. Por conta do feriado, o funcionamento dos shoppings e do com\u00e9rcio de rua de Ribeir\u00e3o Preto ser\u00e3o alterados. Veja: Com\u00e9rcio de rua De\u2026","rel":"","context":"In &quot;Not\u00edcias de Ribeir\u00e3o Preto-SP e Regi\u00e3o&quot;","block_context":{"text":"Not\u00edcias de Ribeir\u00e3o Preto-SP e Regi\u00e3o","link":"https:\/\/ismaelcolosi.com.br\/index.php\/category\/noticias-de-ribeirao-preto-sp-e-regiao-ismael-colosi\/"},"img":{"alt_text":"","src":"https:\/\/i0.wp.com\/ismaelcolosi.com.br\/wp-content\/uploads\/2024\/07\/Copia-de-Copia-de-TAMANHO-EXATO-PARA-FOTOS-NO-SISTEMA-NOVO-13_2024-07-08_13-59-35_jpg_2024-07-08_13-59-35.webp.webp?fit=1200%2C675&ssl=1&resize=350%2C200","width":350,"height":200,"srcset":"https:\/\/i0.wp.com\/ismaelcolosi.com.br\/wp-content\/uploads\/2024\/07\/Copia-de-Copia-de-TAMANHO-EXATO-PARA-FOTOS-NO-SISTEMA-NOVO-13_2024-07-08_13-59-35_jpg_2024-07-08_13-59-35.webp.webp?fit=1200%2C675&ssl=1&resize=350%2C200 1x, https:\/\/i0.wp.com\/ismaelcolosi.com.br\/wp-content\/uploads\/2024\/07\/Copia-de-Copia-de-TAMANHO-EXATO-PARA-FOTOS-NO-SISTEMA-NOVO-13_2024-07-08_13-59-35_jpg_2024-07-08_13-59-35.webp.webp?fit=1200%2C675&ssl=1&resize=525%2C300 1.5x, https:\/\/i0.wp.com\/ismaelcolosi.com.br\/wp-content\/uploads\/2024\/07\/Copia-de-Copia-de-TAMANHO-EXATO-PARA-FOTOS-NO-SISTEMA-NOVO-13_2024-07-08_13-59-35_jpg_2024-07-08_13-59-35.webp.webp?fit=1200%2C675&ssl=1&resize=700%2C400 2x, https:\/\/i0.wp.com\/ismaelcolosi.com.br\/wp-content\/uploads\/2024\/07\/Copia-de-Copia-de-TAMANHO-EXATO-PARA-FOTOS-NO-SISTEMA-NOVO-13_2024-07-08_13-59-35_jpg_2024-07-08_13-59-35.webp.webp?fit=1200%2C675&ssl=1&resize=1050%2C600 3x"},"classes":[]},{"id":55779,"url":"https:\/\/ismaelcolosi.com.br\/index.php\/2024\/07\/05\/feriado-de-9-de-julho-veja-o-que-abre-e-fecha-nos-servicos-publicos-em-ribeirao-preto\/","url_meta":{"origin":55931,"position":4},"title":"Feriado de 9 de julho: Veja o que abre e fecha nos servi\u00e7os p\u00fablicos em Ribeir\u00e3o Preto","author":"ismaelcolosi.com.br","date":"5 de July de 2024","format":false,"excerpt":"No pr\u00f3ximo dia 9 de julho \u00e9 comemorado o feriado da Revolu\u00e7\u00e3o Constitucionalista\u00a0de 1932 no Estado de S\u00e3o Paulo. Por esse motivo, os servi\u00e7os p\u00fablicos de Ribeir\u00e3o Preto ter\u00e3o hor\u00e1rios de funcionamento alterados. Confira o que abre e fecha na ter\u00e7a-feira (9). No munic\u00edpio, a segunda-feira (8) ser\u00e1 considerada ponto\u2026","rel":"","context":"In &quot;Not\u00edcias de Ribeir\u00e3o Preto-SP e Regi\u00e3o&quot;","block_context":{"text":"Not\u00edcias de Ribeir\u00e3o Preto-SP e Regi\u00e3o","link":"https:\/\/ismaelcolosi.com.br\/index.php\/category\/noticias-de-ribeirao-preto-sp-e-regiao-ismael-colosi\/"},"img":{"alt_text":"","src":"https:\/\/i0.wp.com\/ismaelcolosi.com.br\/wp-content\/uploads\/2024\/07\/predio_novo_-_foto_guilherme_sircili_2.jpg?fit=1200%2C799&ssl=1&resize=350%2C200","width":350,"height":200,"srcset":"https:\/\/i0.wp.com\/ismaelcolosi.com.br\/wp-content\/uploads\/2024\/07\/predio_novo_-_foto_guilherme_sircili_2.jpg?fit=1200%2C799&ssl=1&resize=350%2C200 1x, https:\/\/i0.wp.com\/ismaelcolosi.com.br\/wp-content\/uploads\/2024\/07\/predio_novo_-_foto_guilherme_sircili_2.jpg?fit=1200%2C799&ssl=1&resize=525%2C300 1.5x, https:\/\/i0.wp.com\/ismaelcolosi.com.br\/wp-content\/uploads\/2024\/07\/predio_novo_-_foto_guilherme_sircili_2.jpg?fit=1200%2C799&ssl=1&resize=700%2C400 2x, https:\/\/i0.wp.com\/ismaelcolosi.com.br\/wp-content\/uploads\/2024\/07\/predio_novo_-_foto_guilherme_sircili_2.jpg?fit=1200%2C799&ssl=1&resize=1050%2C600 3x"},"classes":[]},{"id":56115,"url":"https:\/\/ismaelcolosi.com.br\/index.php\/2024\/07\/09\/peca-teatral-que-trata-sobre-o-alzheimer-chega-a-ribeirao-preto-com-entrada-gratuita\/","url_meta":{"origin":55931,"position":5},"title":"Pe\u00e7a teatral que trata sobre o Alzheimer chega a Ribeir\u00e3o Preto com entrada gratuita","author":"ismaelcolosi.com.br","date":"9 de July de 2024","format":false,"excerpt":"A pe\u00e7a teatral \u201cVoz de V\u00f3\u201d que trata sobre a doen\u00e7a de Alzheimer chega a Ribeir\u00e3o Preto nesta quinta-feira (11) e segue at\u00e9 o dia 21 de julho, no teatro do Sesi. A entrada \u00e9 gratuita, mas \u00e9 necess\u00e1rio a reserva dos ingressos pelo site do Sesi\/Meu Sesi (clique aqui).\u2026","rel":"","context":"In &quot;Not\u00edcias de Ribeir\u00e3o Preto-SP e Regi\u00e3o&quot;","block_context":{"text":"Not\u00edcias de Ribeir\u00e3o Preto-SP e Regi\u00e3o","link":"https:\/\/ismaelcolosi.com.br\/index.php\/category\/noticias-de-ribeirao-preto-sp-e-regiao-ismael-colosi\/"},"img":{"alt_text":"","src":"https:\/\/i0.wp.com\/ismaelcolosi.com.br\/wp-content\/uploads\/2024\/07\/Copia-de-Copia-de-TAMANHO-EXATO-PARA-FOTOS-NO-SISTEMA-NOVO-5_2024-07-09_15-43-51_jpg_2024-07-09_15-43-51.webp.webp?fit=1200%2C675&ssl=1&resize=350%2C200","width":350,"height":200,"srcset":"https:\/\/i0.wp.com\/ismaelcolosi.com.br\/wp-content\/uploads\/2024\/07\/Copia-de-Copia-de-TAMANHO-EXATO-PARA-FOTOS-NO-SISTEMA-NOVO-5_2024-07-09_15-43-51_jpg_2024-07-09_15-43-51.webp.webp?fit=1200%2C675&ssl=1&resize=350%2C200 1x, https:\/\/i0.wp.com\/ismaelcolosi.com.br\/wp-content\/uploads\/2024\/07\/Copia-de-Copia-de-TAMANHO-EXATO-PARA-FOTOS-NO-SISTEMA-NOVO-5_2024-07-09_15-43-51_jpg_2024-07-09_15-43-51.webp.webp?fit=1200%2C675&ssl=1&resize=525%2C300 1.5x, https:\/\/i0.wp.com\/ismaelcolosi.com.br\/wp-content\/uploads\/2024\/07\/Copia-de-Copia-de-TAMANHO-EXATO-PARA-FOTOS-NO-SISTEMA-NOVO-5_2024-07-09_15-43-51_jpg_2024-07-09_15-43-51.webp.webp?fit=1200%2C675&ssl=1&resize=700%2C400 2x, https:\/\/i0.wp.com\/ismaelcolosi.com.br\/wp-content\/uploads\/2024\/07\/Copia-de-Copia-de-TAMANHO-EXATO-PARA-FOTOS-NO-SISTEMA-NOVO-5_2024-07-09_15-43-51_jpg_2024-07-09_15-43-51.webp.webp?fit=1200%2C675&ssl=1&resize=1050%2C600 3x"},"classes":[]}],"jetpack_sharing_enabled":true,"jetpack_shortlink":"https:\/\/wp.me\/pfMlyK-ey7","_links":{"self":[{"href":"https:\/\/ismaelcolosi.com.br\/index.php\/wp-json\/wp\/v2\/posts\/55931","targetHints":{"allow":["GET"]}}],"collection":[{"href":"https:\/\/ismaelcolosi.com.br\/index.php\/wp-json\/wp\/v2\/posts"}],"about":[{"href":"https:\/\/ismaelcolosi.com.br\/index.php\/wp-json\/wp\/v2\/types\/post"}],"author":[{"embeddable":true,"href":"https:\/\/ismaelcolosi.com.br\/index.php\/wp-json\/wp\/v2\/users\/1"}],"replies":[{"embeddable":true,"href":"https:\/\/ismaelcolosi.com.br\/index.php\/wp-json\/wp\/v2\/comments?post=55931"}],"version-history":[{"count":0,"href":"https:\/\/ismaelcolosi.com.br\/index.php\/wp-json\/wp\/v2\/posts\/55931\/revisions"}],"wp:featuredmedia":[{"embeddable":true,"href":"https:\/\/ismaelcolosi.com.br\/index.php\/wp-json\/wp\/v2\/media\/55932"}],"wp:attachment":[{"href":"https:\/\/ismaelcolosi.com.br\/index.php\/wp-json\/wp\/v2\/media?parent=55931"}],"wp:term":[{"taxonomy":"category","embeddable":true,"href":"https:\/\/ismaelcolosi.com.br\/index.php\/wp-json\/wp\/v2\/categories?post=55931"},{"taxonomy":"post_tag","embeddable":true,"href":"https:\/\/ismaelcolosi.com.br\/index.php\/wp-json\/wp\/v2\/tags?post=55931"}],"curies":[{"name":"wp","href":"https:\/\/api.w.org\/{rel}","templated":true}]}}