{"id":55927,"date":"2024-07-08T09:29:03","date_gmt":"2024-07-08T12:29:03","guid":{"rendered":"https:\/\/ismaelcolosi.com.br\/index.php\/2024\/07\/08\/gosto-de-estar-em-movimento-e-sou-movida-por-desafios-diz-larissa-manoela\/"},"modified":"2024-07-08T09:29:03","modified_gmt":"2024-07-08T12:29:03","slug":"gosto-de-estar-em-movimento-e-sou-movida-por-desafios-diz-larissa-manoela","status":"publish","type":"post","link":"https:\/\/ismaelcolosi.com.br\/index.php\/2024\/07\/08\/gosto-de-estar-em-movimento-e-sou-movida-por-desafios-diz-larissa-manoela\/","title":{"rendered":"\u201cGosto de estar em movimento e sou movida por desafios&#8221;, diz Larissa Manoela"},"content":{"rendered":"<p> <br \/>\n<\/p>\n<div>\n<div id=\"attachment_620710\" class=\"wp-caption alignnone style=\" max-width:=\"\"><img data-recalc-dims=\"1\" fetchpriority=\"high\" decoding=\"async\" class=\"alignnone wp-image-620710 size-full\" src=\"https:\/\/i0.wp.com\/forbes.com.br\/wp-content\/uploads\/2024\/07\/Larissa-Manoela.-Foto-Jorge-Bispo-768x512.png?resize=678%2C452&#038;ssl=1\" http:=\"\" alt=\"Foto da atriz Larissa Manoela\" width=\"678\" height=\"452\" data-lazy-src=\"https:\/\/forbes.com.br\/wp-content\/uploads\/2024\/07\/Larissa-Manoela.-Foto-Jorge-Bispo-768x512.png\"\/><img data-recalc-dims=\"1\" fetchpriority=\"high\" decoding=\"async\" class=\"alignnone wp-image-620710 size-full\" src=\"https:\/\/i0.wp.com\/forbes.com.br\/wp-content\/uploads\/2024\/07\/Larissa-Manoela.-Foto-Jorge-Bispo-768x512.png?resize=678%2C452&#038;ssl=1\" alt=\"Foto da atriz Larissa Manoela\" width=\"678\" height=\"452\"\/><\/p>\n<p class=\"wp-caption-text\">Al\u00e9m de atriz, Larissa Manoela \u00e9 uma das comunicadoras mais influentes do pa\u00eds<\/p><div class='code-block code-block-8' style='margin: 8px auto; text-align: center; display: block; clear: both;'>\n<script>\n  atOptions = {\n    'key' : '66e2e2111ca34da796271819fc334058',\n    'format' : 'iframe',\n    'height' : 250,\n    'width' : 300,\n    'params' : {}\n  };\n<\/script>\n<script src=\"https:\/\/www.highperformanceformat.com\/66e2e2111ca34da796271819fc334058\/invoke.js\"><\/script>\n<\/div>\n\n<\/div>\n<div class=\"accessibility\">\n<p>Acessibilidade<\/p>\n<p>\n<button onclick=\"alterFont1()\" id=\"btn1\" class=\"btn\">L<\/button><br \/>\n<button onclick=\"alterFont2()\" id=\"btn2\" class=\"btn\" style=\"font-family: Merriweather\">L<\/button><br \/>\n<button onclick=\"alterFontSmallerSize()\" id=\"btn3\" class=\"btn\">A-<\/button><br \/>\n<button onclick=\"alterFontBiggerSize()\" id=\"btn4\" class=\"btn\">A+<\/button><\/p>\n<p><button onclick=\"alterBackground()\" id=\"btn6\" class=\"btn\">\u25d0<\/button><\/p>\n<\/div>\n<p>A atriz e cantora paranaense Larissa Manoela estreou nos palcos aos 8 anos, em uma montagem de \u201cA Novi\u00e7a Rebelde\u201d. Passados 15 anos, a artista estreia em abril, no Rio de Janeiro, sua terceira incurs\u00e3o no musical, agora no papel de Liesl, a primog\u00eanita da fam\u00edlia Von Trapp.<\/p>\n<p>Nesse meio-tempo, Larissa foi descoberta nacionalmente ao viver a temida Maria Joaquina no remake brasileiro da novela mexicana \u201cCarrossel\u201d (2012-13), no SBT, e nos dois filmes da franquia; gravou dois discos, publicou tr\u00eas livros e se tornou a primeira artista a manter um contrato com a Globo paralelamente a outra plataforma, a Netflix, onde estrelou \u201cModo Avi\u00e3o\u201d, \u00e0 \u00e9poca, o filme em l\u00edngua n\u00e3o inglesa mais assistido da plataforma.<\/p>\n<p>A jovem se tornou uma das comunicadoras mais influentes do pa\u00eds com seu trabalho com marcas como L\u2019Or\u00e9al, Prada, JBL e Puma. Larissa est\u00e1 na Lista Forbes Top Creators Brasil.<\/p>\n<h2>Leia tamb\u00e9m<\/h2>\n<p>No ano passado, Larissa esteve no notici\u00e1rio nacional quando rompeu com seus pais, que administravam sua carreira e estariam embolsando suas finan\u00e7as, e se abriu a respeito do drama familiar no Fant\u00e1stico. Ou seja, a artista, que agora sobe ao palco do Teatro Riachuelo, carrega sua pr\u00f3pria epopeia na bagagem.<\/p>\n<p>\u201cAl\u00e9m da maturidade, de eu ter evolu\u00eddo como pessoa, entendo essa hist\u00f3ria com outra percep\u00e7\u00e3o\u201d, diz ela, hoje com 23 anos e h\u00e1 um ano \u00e0 frente da pr\u00f3pria carreira e dos neg\u00f3cios, que incluem contratos publicit\u00e1rios e quase uma centena de produtos licenciados, de material escolar a itens de beleza, al\u00e9m de seu canal no YouTube e as redes sociais, nos quais soma cerca de 80 milh\u00f5es de seguidores.<\/p>\n<p>Ao contr\u00e1rio do que Maria Joaquina faria, Larissa renunciou a todos os dividendos da empresa administrada pelos seus progenitores, um patrim\u00f4nio estimado em R$ 18 milh\u00f5es, incluindo 11 im\u00f3veis, para que eles seguissem seus caminhos \u201ccom conforto\u201d, e recome\u00e7ou com a Mimalissa, seu empreendimento de conte\u00fado art\u00edstico, cujos neg\u00f3cios, em um ano, j\u00e1 quintuplicaram (segundo sua assessoria) seus rendimentos. \u201cAgora eu tenho tudo em planilhas, sei exatamente o que entra e o que sai. Assim sinto que tenho controle sobre a empresa\u201d, diz.<\/p>\n<ul>\n<li>\n<h3>Siga a <a href=\"https:\/\/whatsapp.com\/channel\/0029Va9gQKwBFLgM96cJnu0u\" target=\"_blank\" rel=\"noopener\">Forbes<\/a> no WhatsApp e receba as principais not\u00edcias sobre neg\u00f3cios, carreira, tecnologia e estilo de vida<\/h3>\n<\/li>\n<\/ul>\n<p>Ela tamb\u00e9m afirma ter total dom\u00ednio sobre seu trabalho como creator, liderando uma equipe que inclui de cabeleireiro e maquiador a analista de m\u00eddias sociais. \u201cMas sou s\u00f3 eu que posto, seleciono as fotos, fa\u00e7o as legendas\u201d, conta ela, que ainda encabe\u00e7a a LariCel, sua pr\u00f3pria operadora de telefonia celular. \u201cNunca gostei do c\u00f4modo; gosto sempre de estar em movimento e sou movida por desafios.\u201d<\/p>\n<p><em>*Reportagem publicada na edi\u00e7\u00e3o 117 da revista Forbes, em mar\u00e7o de 2024.<\/em><\/p>\n<\/div>\n<p><script type=\"rocketlazyloadscript\">\n\t\t\t\t(function(d, s, id){\n\t\t\t\t\tvar js, fjs = d.getElementsByTagName(s)[0];\n\t\t\t\t\tif (d.getElementById(id)) return;\n\t\t\t\t\tjs = d.createElement(s); js.id = id;\n\t\t\t\t\tjs.src = \"\/\/connect.facebook.net\/pt_BR\/sdk.js#xfbml=1&version=v2.9\";\n\t\t\t\t\tfjs.parentNode.insertBefore(js, fjs);\n\t\t\t\t}(document, 'script', 'facebook-jssdk'));\n\t\t\t<\/script><br \/>\n<br \/><br \/>\n<br \/><a href=\"https:\/\/forbes.com.br\/carreira\/2024\/07\/gosto-sempre-de-estar-em-movimento-e-sou-movida-por-desafios-diz-larissa-manoela\/\">Source link <\/a><\/p>\n<div class='code-block code-block-4' style='margin: 8px auto 8px 0; text-align: left; display: block; clear: both;'>\n\ud83d\udce2 Aviso Legal\n\nO site ismaelcolosi.com.br atua apenas como um canal de divulga\u00e7\u00e3o de oportunidades de emprego e n\u00e3o se responsabiliza pelo processo seletivo, contrata\u00e7\u00e3o ou qualquer outra etapa relacionada \u00e0s vagas publicadas. Todas as informa\u00e7\u00f5es s\u00e3o de responsabilidade dos anunciantes.\n\n\u26a0\ufe0f Aten\u00e7\u00e3o! Nunca pague por promessas de emprego nem compre cursos que garantam contrata\u00e7\u00e3o. Desconfie de qualquer cobran\u00e7a para participar de sele\u00e7\u00f5es.\n\n\n\n<\/div>\n<!-- CONTENT END 1 -->\n","protected":false},"excerpt":{"rendered":"<p>Al\u00e9m de atriz, Larissa Manoela \u00e9 uma das comunicadoras mais influentes do pa\u00eds Acessibilidade L L A- A+ \u25d0 A atriz e cantora paranaense Larissa&#8230;<\/p>\n","protected":false},"author":1,"featured_media":55928,"comment_status":"open","ping_status":"open","sticky":false,"template":"","format":"standard","meta":{"_uag_custom_page_level_css":"","advanced_seo_description":"","jetpack_seo_html_title":"","jetpack_seo_noindex":false,"jetpack_post_was_ever_published":false,"_jetpack_newsletter_access":"","_jetpack_dont_email_post_to_subs":false,"_jetpack_newsletter_tier_id":0,"_jetpack_memberships_contains_paywalled_content":false,"_jetpack_memberships_contains_paid_content":false,"footnotes":"","jetpack_publicize_message":"","jetpack_publicize_feature_enabled":true,"jetpack_social_post_already_shared":true,"jetpack_social_options":{"image_generator_settings":{"template":"highway","default_image_id":0,"font":"","enabled":false},"version":2}},"categories":[1964],"tags":[],"class_list":["post-55927","post","type-post","status-publish","format-standard","has-post-thumbnail","hentry","category-carreira-e-sucesso-dicas-para-carreira"],"jetpack_publicize_connections":[],"jetpack_featured_media_url":"https:\/\/i0.wp.com\/ismaelcolosi.com.br\/wp-content\/uploads\/2024\/07\/1720441743_Larissa-Manoela.-Foto-Jorge-Bispo-1024x683.png?fit=1024%2C683&ssl=1","uagb_featured_image_src":{"full":["https:\/\/i0.wp.com\/ismaelcolosi.com.br\/wp-content\/uploads\/2024\/07\/1720441743_Larissa-Manoela.-Foto-Jorge-Bispo-1024x683.png?fit=1024%2C683&ssl=1",1024,683,false],"thumbnail":["https:\/\/i0.wp.com\/ismaelcolosi.com.br\/wp-content\/uploads\/2024\/07\/1720441743_Larissa-Manoela.-Foto-Jorge-Bispo-1024x683.png?resize=150%2C150&ssl=1",150,150,true],"medium":["https:\/\/i0.wp.com\/ismaelcolosi.com.br\/wp-content\/uploads\/2024\/07\/1720441743_Larissa-Manoela.-Foto-Jorge-Bispo-1024x683.png?fit=300%2C200&ssl=1",300,200,true],"medium_large":["https:\/\/i0.wp.com\/ismaelcolosi.com.br\/wp-content\/uploads\/2024\/07\/1720441743_Larissa-Manoela.-Foto-Jorge-Bispo-1024x683.png?fit=768%2C512&ssl=1",768,512,true],"large":["https:\/\/i0.wp.com\/ismaelcolosi.com.br\/wp-content\/uploads\/2024\/07\/1720441743_Larissa-Manoela.-Foto-Jorge-Bispo-1024x683.png?fit=1024%2C683&ssl=1",1024,683,true],"1536x1536":["https:\/\/i0.wp.com\/ismaelcolosi.com.br\/wp-content\/uploads\/2024\/07\/1720441743_Larissa-Manoela.-Foto-Jorge-Bispo-1024x683.png?fit=1024%2C683&ssl=1",1024,683,true],"2048x2048":["https:\/\/i0.wp.com\/ismaelcolosi.com.br\/wp-content\/uploads\/2024\/07\/1720441743_Larissa-Manoela.-Foto-Jorge-Bispo-1024x683.png?fit=1024%2C683&ssl=1",1024,683,true],"really-simple-thumb":["https:\/\/i0.wp.com\/ismaelcolosi.com.br\/wp-content\/uploads\/2024\/07\/1720441743_Larissa-Manoela.-Foto-Jorge-Bispo-1024x683.png?resize=370%2C247&ssl=1",370,247,true]},"uagb_author_info":{"display_name":"ismaelcolosi.com.br","author_link":"https:\/\/ismaelcolosi.com.br\/index.php\/author\/vidareal-online\/"},"uagb_comment_info":0,"uagb_excerpt":"Al\u00e9m de atriz, Larissa Manoela \u00e9 uma das comunicadoras mais influentes do pa\u00eds Acessibilidade L L A- A+ \u25d0 A atriz e cantora paranaense Larissa...","jetpack-related-posts":[{"id":55847,"url":"https:\/\/ismaelcolosi.com.br\/index.php\/2024\/07\/06\/gosto-sempre-de-estar-em-movimento-e-sou-movida-por-desafios-diz-larissa-manoela\/","url_meta":{"origin":55927,"position":0},"title":"\u201cGosto sempre de estar em movimento e sou movida por desafios&#8221;, diz Larissa Manoela","author":"ismaelcolosi.com.br","date":"6 de July de 2024","format":false,"excerpt":"Al\u00e9m de atriz, Larissa Manoela \u00e9 uma das comunicadoras mais influentes do pa\u00eds Acessibilidade L L A- A+ \u25d0 A atriz e cantora paranaense Larissa Manoela estreou nos palcos aos 8 anos, em uma montagem de \u201cA Novi\u00e7a Rebelde\u201d. Passados 15 anos, a artista estreia em abril, no Rio de\u2026","rel":"","context":"In &quot;Carreira e Sucesso&quot;","block_context":{"text":"Carreira e Sucesso","link":"https:\/\/ismaelcolosi.com.br\/index.php\/category\/carreira-e-sucesso-dicas-para-carreira\/"},"img":{"alt_text":"","src":"https:\/\/i0.wp.com\/ismaelcolosi.com.br\/wp-content\/uploads\/2024\/07\/Larissa-Manoela.-Foto-Jorge-Bispo-1024x683.png?fit=1024%2C683&ssl=1&resize=350%2C200","width":350,"height":200,"srcset":"https:\/\/i0.wp.com\/ismaelcolosi.com.br\/wp-content\/uploads\/2024\/07\/Larissa-Manoela.-Foto-Jorge-Bispo-1024x683.png?fit=1024%2C683&ssl=1&resize=350%2C200 1x, https:\/\/i0.wp.com\/ismaelcolosi.com.br\/wp-content\/uploads\/2024\/07\/Larissa-Manoela.-Foto-Jorge-Bispo-1024x683.png?fit=1024%2C683&ssl=1&resize=525%2C300 1.5x, https:\/\/i0.wp.com\/ismaelcolosi.com.br\/wp-content\/uploads\/2024\/07\/Larissa-Manoela.-Foto-Jorge-Bispo-1024x683.png?fit=1024%2C683&ssl=1&resize=700%2C400 2x"},"classes":[]},{"id":26795,"url":"https:\/\/ismaelcolosi.com.br\/index.php\/2024\/01\/10\/recem-casada-larissa-manoela-faz-cliques-ousados-em-dia-de-praia-com-o-marido\/","url_meta":{"origin":55927,"position":1},"title":"Rec\u00e9m casada, Larissa Manoela faz cliques ousados em dia de praia com o marido","author":"ismaelcolosi.com.br","date":"10 de January de 2024","format":false,"excerpt":"O ver\u00e3o t\u00e1 mais do que on no Rio de Janeiro. Conhecida pela cidade dos 40 \u00baC, a cidade maravilhosa n\u00e3o decepciona quando o quesito \u00e9 fornecer aquele belo dia de sol \u00e0 beira mar.V\u00e1rios artistas tem aproveitado os dias quentes na capital para renovar as marquinhas e aproveitar momentos\u2026","rel":"","context":"In &quot;Blog&quot;","block_context":{"text":"Blog","link":"https:\/\/ismaelcolosi.com.br\/index.php\/category\/blog\/"},"img":{"alt_text":"","src":"https:\/\/i0.wp.com\/ismaelcolosi.com.br\/wp-content\/uploads\/2024\/01\/postimg-659ed4436707a3304.jpg?fit=1200%2C628&ssl=1&resize=350%2C200","width":350,"height":200,"srcset":"https:\/\/i0.wp.com\/ismaelcolosi.com.br\/wp-content\/uploads\/2024\/01\/postimg-659ed4436707a3304.jpg?fit=1200%2C628&ssl=1&resize=350%2C200 1x, https:\/\/i0.wp.com\/ismaelcolosi.com.br\/wp-content\/uploads\/2024\/01\/postimg-659ed4436707a3304.jpg?fit=1200%2C628&ssl=1&resize=525%2C300 1.5x, https:\/\/i0.wp.com\/ismaelcolosi.com.br\/wp-content\/uploads\/2024\/01\/postimg-659ed4436707a3304.jpg?fit=1200%2C628&ssl=1&resize=700%2C400 2x, https:\/\/i0.wp.com\/ismaelcolosi.com.br\/wp-content\/uploads\/2024\/01\/postimg-659ed4436707a3304.jpg?fit=1200%2C628&ssl=1&resize=1050%2C600 3x"},"classes":[]},{"id":17594,"url":"https:\/\/ismaelcolosi.com.br\/index.php\/2023\/12\/18\/larissa-manoela-se-casou-escondido-sem-avisar-ninguem-fotos\/","url_meta":{"origin":55927,"position":2},"title":"Larissa Manoela se casou escondido, sem avisar ningu\u00e9m; fotos","author":"ismaelcolosi.com.br","date":"18 de December de 2023","format":false,"excerpt":"Nesta segunda-feira, dia 18 de dezembro, a famosa atriz Larissa Manoela chamou aten\u00e7\u00e3o de seus f\u00e3s ao compartilhar a not\u00edcia de seu casamento com o ator Andr\u00e9 Luiz Frambach. A cerim\u00f4nia foi exposta ap\u00f3s a artista ter compartilhado alguma fotos.O casamento secreto teria acontecido neste domingo, dia 17 de dezembro,\u2026","rel":"","context":"In &quot;Blog&quot;","block_context":{"text":"Blog","link":"https:\/\/ismaelcolosi.com.br\/index.php\/category\/blog\/"},"img":{"alt_text":"","src":"https:\/\/i0.wp.com\/ismaelcolosi.com.br\/wp-content\/uploads\/2023\/12\/postimg-6580a2eb636541890.jpg?fit=1200%2C628&ssl=1&resize=350%2C200","width":350,"height":200,"srcset":"https:\/\/i0.wp.com\/ismaelcolosi.com.br\/wp-content\/uploads\/2023\/12\/postimg-6580a2eb636541890.jpg?fit=1200%2C628&ssl=1&resize=350%2C200 1x, https:\/\/i0.wp.com\/ismaelcolosi.com.br\/wp-content\/uploads\/2023\/12\/postimg-6580a2eb636541890.jpg?fit=1200%2C628&ssl=1&resize=525%2C300 1.5x, https:\/\/i0.wp.com\/ismaelcolosi.com.br\/wp-content\/uploads\/2023\/12\/postimg-6580a2eb636541890.jpg?fit=1200%2C628&ssl=1&resize=700%2C400 2x, https:\/\/i0.wp.com\/ismaelcolosi.com.br\/wp-content\/uploads\/2023\/12\/postimg-6580a2eb636541890.jpg?fit=1200%2C628&ssl=1&resize=1050%2C600 3x"},"classes":[]},{"id":19654,"url":"https:\/\/ismaelcolosi.com.br\/index.php\/2023\/12\/22\/em-lua-de-mel-larissa-manoela-e-vitima-de-crime-e-detalhes-sao-expostos\/","url_meta":{"origin":55927,"position":3},"title":"Em lua de mel, Larissa Manoela \u00e9 v\u00edtima de crime e detalhes s\u00e3o expostos","author":"ismaelcolosi.com.br","date":"22 de December de 2023","format":false,"excerpt":"A atriz Larissa Manoela est\u00e1 vivendo seus dias de lua de mel com o marido em uma viagem rom\u00e2ntica. A artista, de 22 anos, se casou em segredo no in\u00edcio desta semana e deixou os f\u00e3s surpresos com a novidade.Mas enquanto est\u00e1 em lua de mel, Larissa tem sido v\u00edtima\u2026","rel":"","context":"In &quot;Blog&quot;","block_context":{"text":"Blog","link":"https:\/\/ismaelcolosi.com.br\/index.php\/category\/blog\/"},"img":{"alt_text":"","src":"https:\/\/i0.wp.com\/ismaelcolosi.com.br\/wp-content\/uploads\/2023\/12\/postimg-658624a12d0b53049.jpg?fit=1200%2C628&ssl=1&resize=350%2C200","width":350,"height":200,"srcset":"https:\/\/i0.wp.com\/ismaelcolosi.com.br\/wp-content\/uploads\/2023\/12\/postimg-658624a12d0b53049.jpg?fit=1200%2C628&ssl=1&resize=350%2C200 1x, https:\/\/i0.wp.com\/ismaelcolosi.com.br\/wp-content\/uploads\/2023\/12\/postimg-658624a12d0b53049.jpg?fit=1200%2C628&ssl=1&resize=525%2C300 1.5x, https:\/\/i0.wp.com\/ismaelcolosi.com.br\/wp-content\/uploads\/2023\/12\/postimg-658624a12d0b53049.jpg?fit=1200%2C628&ssl=1&resize=700%2C400 2x, https:\/\/i0.wp.com\/ismaelcolosi.com.br\/wp-content\/uploads\/2023\/12\/postimg-658624a12d0b53049.jpg?fit=1200%2C628&ssl=1&resize=1050%2C600 3x"},"classes":[]},{"id":16616,"url":"https:\/\/ismaelcolosi.com.br\/index.php\/2023\/12\/15\/pais-de-larissa-manoela-pagaram-mae-de-santo-para-separar-a-filha-de-andre-luiz-afirma-jornalista-que-expoe-prints-das-conversas\/","url_meta":{"origin":55927,"position":4},"title":"Pais de Larissa Manoela pagaram M\u00e3e de Santo para separar a filha de Andr\u00e9 Luiz, afirma jornalista que exp\u00f5e prints das conversas","author":"ismaelcolosi.com.br","date":"15 de December de 2023","format":false,"excerpt":"A separa\u00e7\u00e3o entre Larissa Manoela e seus pais, Silvana Taques e Gilberto Elias, continua gerando muita pol\u00eamica e uma enorme repercuss\u00f5es nos bastidores da fama.Al\u00e9m das quest\u00f5es financeiras envolvendo a atriz, outro fator que contribuiu para o distanciamento familiar foi o relacionamento da artista com Luiz Andr\u00e9 Frambach.A coluna F\u00e1bia\u2026","rel":"","context":"In &quot;Blog&quot;","block_context":{"text":"Blog","link":"https:\/\/ismaelcolosi.com.br\/index.php\/category\/blog\/"},"img":{"alt_text":"","src":"https:\/\/i0.wp.com\/ismaelcolosi.com.br\/wp-content\/uploads\/2023\/12\/postimg-657d07312791d6438.jpg?fit=1200%2C628&ssl=1&resize=350%2C200","width":350,"height":200,"srcset":"https:\/\/i0.wp.com\/ismaelcolosi.com.br\/wp-content\/uploads\/2023\/12\/postimg-657d07312791d6438.jpg?fit=1200%2C628&ssl=1&resize=350%2C200 1x, https:\/\/i0.wp.com\/ismaelcolosi.com.br\/wp-content\/uploads\/2023\/12\/postimg-657d07312791d6438.jpg?fit=1200%2C628&ssl=1&resize=525%2C300 1.5x, https:\/\/i0.wp.com\/ismaelcolosi.com.br\/wp-content\/uploads\/2023\/12\/postimg-657d07312791d6438.jpg?fit=1200%2C628&ssl=1&resize=700%2C400 2x, https:\/\/i0.wp.com\/ismaelcolosi.com.br\/wp-content\/uploads\/2023\/12\/postimg-657d07312791d6438.jpg?fit=1200%2C628&ssl=1&resize=1050%2C600 3x"},"classes":[]},{"id":15938,"url":"https:\/\/ismaelcolosi.com.br\/index.php\/2023\/12\/14\/astrologa-detalha-previsao-desafiadora-de-larissa-manoela-e-andre-luiz-frambach-para-2024\/","url_meta":{"origin":55927,"position":5},"title":"Astr\u00f3loga detalha previs\u00e3o desafiadora de Larissa Manoela e Andr\u00e9 Luiz Frambach para 2024","author":"ismaelcolosi.com.br","date":"14 de December de 2023","format":false,"excerpt":"Com o fim de ano cada vez mais pr\u00f3ximo, algumas expectativas e previs\u00f5es para o pr\u00f3ximo ano tamb\u00e9m come\u00e7am a surgir. A astr\u00f3loga Bela Medeiros deixou sua previs\u00e3o para o casal Larissa Manoela e Andr\u00e9 Frambach.Segundo ela, em entrevista para o jornal Extra, mesmo tendo passado por desafios no ano\u2026","rel":"","context":"In &quot;Blog&quot;","block_context":{"text":"Blog","link":"https:\/\/ismaelcolosi.com.br\/index.php\/category\/blog\/"},"img":{"alt_text":"","src":"https:\/\/i0.wp.com\/ismaelcolosi.com.br\/wp-content\/uploads\/2023\/12\/postimg-657b3c1f9d81b1509.jpg?fit=1200%2C628&ssl=1&resize=350%2C200","width":350,"height":200,"srcset":"https:\/\/i0.wp.com\/ismaelcolosi.com.br\/wp-content\/uploads\/2023\/12\/postimg-657b3c1f9d81b1509.jpg?fit=1200%2C628&ssl=1&resize=350%2C200 1x, https:\/\/i0.wp.com\/ismaelcolosi.com.br\/wp-content\/uploads\/2023\/12\/postimg-657b3c1f9d81b1509.jpg?fit=1200%2C628&ssl=1&resize=525%2C300 1.5x, https:\/\/i0.wp.com\/ismaelcolosi.com.br\/wp-content\/uploads\/2023\/12\/postimg-657b3c1f9d81b1509.jpg?fit=1200%2C628&ssl=1&resize=700%2C400 2x, https:\/\/i0.wp.com\/ismaelcolosi.com.br\/wp-content\/uploads\/2023\/12\/postimg-657b3c1f9d81b1509.jpg?fit=1200%2C628&ssl=1&resize=1050%2C600 3x"},"classes":[]}],"jetpack_sharing_enabled":true,"jetpack_shortlink":"https:\/\/wp.me\/pfMlyK-ey3","_links":{"self":[{"href":"https:\/\/ismaelcolosi.com.br\/index.php\/wp-json\/wp\/v2\/posts\/55927","targetHints":{"allow":["GET"]}}],"collection":[{"href":"https:\/\/ismaelcolosi.com.br\/index.php\/wp-json\/wp\/v2\/posts"}],"about":[{"href":"https:\/\/ismaelcolosi.com.br\/index.php\/wp-json\/wp\/v2\/types\/post"}],"author":[{"embeddable":true,"href":"https:\/\/ismaelcolosi.com.br\/index.php\/wp-json\/wp\/v2\/users\/1"}],"replies":[{"embeddable":true,"href":"https:\/\/ismaelcolosi.com.br\/index.php\/wp-json\/wp\/v2\/comments?post=55927"}],"version-history":[{"count":0,"href":"https:\/\/ismaelcolosi.com.br\/index.php\/wp-json\/wp\/v2\/posts\/55927\/revisions"}],"wp:featuredmedia":[{"embeddable":true,"href":"https:\/\/ismaelcolosi.com.br\/index.php\/wp-json\/wp\/v2\/media\/55928"}],"wp:attachment":[{"href":"https:\/\/ismaelcolosi.com.br\/index.php\/wp-json\/wp\/v2\/media?parent=55927"}],"wp:term":[{"taxonomy":"category","embeddable":true,"href":"https:\/\/ismaelcolosi.com.br\/index.php\/wp-json\/wp\/v2\/categories?post=55927"},{"taxonomy":"post_tag","embeddable":true,"href":"https:\/\/ismaelcolosi.com.br\/index.php\/wp-json\/wp\/v2\/tags?post=55927"}],"curies":[{"name":"wp","href":"https:\/\/api.w.org\/{rel}","templated":true}]}}