{"id":55914,"date":"2024-07-08T08:29:54","date_gmt":"2024-07-08T11:29:54","guid":{"rendered":"https:\/\/ismaelcolosi.com.br\/index.php\/2024\/07\/08\/chegada-de-frente-fria-muda-o-tempo-no-interior-de-sp-no-feriado-veja-onde\/"},"modified":"2024-07-08T08:29:54","modified_gmt":"2024-07-08T11:29:54","slug":"chegada-de-frente-fria-muda-o-tempo-no-interior-de-sp-no-feriado-veja-onde","status":"publish","type":"post","link":"https:\/\/ismaelcolosi.com.br\/index.php\/2024\/07\/08\/chegada-de-frente-fria-muda-o-tempo-no-interior-de-sp-no-feriado-veja-onde\/","title":{"rendered":"Chegada de frente fria muda o tempo no interior de SP no feriado; Veja onde"},"content":{"rendered":"<p> <br \/>\n<\/p>\n<div>\n<p>A chegada de uma nova <strong>frente fria<\/strong> vai trazer mais umidade para o<strong> interior de S\u00e3o Paulo<\/strong> a nesta segunda-feira (8) e no feriado, segundo a <strong><a href=\"https:\/\/www.climatempo.com.br\/\" target=\"_blank\" rel=\"noreferrer noopener nofollow\">Climatempo<\/a><\/strong>.<mark style=\"background-color:#fcb900\" class=\"has-inline-color has-black-color\"> Os meteorologistas apontam que o tempo passa a ficar mais \u00famido e nublado e o sul do estado fica em alerta para grandes volumes de chuva.<\/mark><\/p>\n<p>\u201cAs cidades de<strong> Avar\u00e9<\/strong>,<strong> Ourinhos<\/strong>, <strong>Presidente Prudente<\/strong>, <strong>Itapetininga<\/strong> e<strong> Itapeva<\/strong>, podem receber chuva forte j\u00e1 neste come\u00e7o de semana, condi\u00e7\u00e3o que aumenta na ter\u00e7a-feira,<strong> 9 de julho<\/strong>\u201d, informam os meteorologistas.<\/p><div class='code-block code-block-8' style='margin: 8px auto; text-align: center; display: block; clear: both;'>\n<script>\n  atOptions = {\n    'key' : '66e2e2111ca34da796271819fc334058',\n    'format' : 'iframe',\n    'height' : 250,\n    'width' : 300,\n    'params' : {}\n  };\n<\/script>\n<script src=\"https:\/\/www.highperformanceformat.com\/66e2e2111ca34da796271819fc334058\/invoke.js\"><\/script>\n<\/div>\n\n<p>A chuva tamb\u00e9m retorna nas regi\u00f5es de<strong> S\u00e3o Carlos<\/strong>, <strong>Pirassununga <\/strong>e <strong>Campinas<\/strong>. \u201cDe maneira mais irregular na ter\u00e7a e perdendo for\u00e7a na quarta\u201d, aponta.<\/p>\n<h4 class=\"wp-block-heading\"><strong>Tempo em Ribeir\u00e3o Preto<\/strong><\/h4>\n<p>Em <strong>Ribeir\u00e3o Preto<\/strong>, no entanto, o dia deve ser de Sol, com algumas nuvens, e n\u00e3o chove nesta segunda-feira. <mark style=\"background-color:#fcb900\" class=\"has-inline-color has-black-color\">A temperatura m\u00e1xima prevista \u00e9 de 30\u00b0C, com m\u00ednima de 15\u00b0C.<\/mark><\/p>\n<p>J\u00e1 na ter\u00e7a-feira, o dia ter\u00e1 muitas nuvens, com per\u00edodos de c\u00e9u nublado. As temperaturas variam entre 15\u00b0C e 30\u00b0C.<\/p>\n<p>\u201cAo longo da semana, teremos alguns eventos de chuva, intercalo ali com alguns dias mais tranquilos, na quinta-feira (11), boa parte do estado volta a ter mais Sol e tempo firme com eleva\u00e7\u00e3o r\u00e1pida nas temperaturas, devido \u00e0 condi\u00e7\u00e3o de pr\u00e9-frontal\u201d, pontua a Climatempo.<\/p>\n<h4 class=\"wp-block-heading\"><strong>Nova frente fria<\/strong><\/h4>\n<p>A Climatempo ainda informa que na sexta-feira (12), est\u00e1 prevista a chegada de uma nova frente fria, que volta espalhar instabilidade no interior de S\u00e3o Paulo (oeste e sul) e no litoral, que v\u00e3o terminar a semana com tempo mais fechado e chuvoso.<\/p>\n<p>\u201cComo a chuva vai acontecer com uma certa regularidade e frequ\u00eancia entre esta segunda semana de julho e a pr\u00f3xima semana, \u00e9 poss\u00edvel que os acumulados sejam mais altos em parte estado de S\u00e3o Paulo. As \u00e1reas mais ao sul, leste e centro-oeste estado podem acumular volumes de chuva superior \u00e0 m\u00e9dia hist\u00f3rica para o m\u00eas de julho! Considerando que esse \u00e9 um m\u00eas muito seco\u201d, completa a Climatempo.<\/p>\n<p>SAIBA MAIS<br \/>Cohab de Ribeir\u00e3o Preto coloca \u00e0 venda 16 im\u00f3veis; Veja como participar<\/p>\n<h4 class=\"wp-block-heading\"><strong>FIQUE ON<\/strong><\/h4>\n<p>Fique ligado em tudo que acontece em Ribeir\u00e3o Preto e regi\u00e3o. Siga os perfis do <strong>acidade on <\/strong>no<a href=\"https:\/\/www.instagram.com\/acidadeonribeirao\" target=\"_blank\" rel=\"noreferrer noopener nofollow\"> Instagram <\/a>e no <a href=\"https:\/\/www.facebook.com\/acidadeonribeirao\/\" target=\"_blank\" rel=\"noreferrer noopener nofollow\">Facebook<\/a>.<\/p>\n<p>Receba not\u00edcias do<strong> acidade on<\/strong> no WhatsApp.<a href=\"https:\/\/chat.whatsapp.com\/CdrZ6xrf7quD44Vw3WlPuZ\" target=\"_blank\" rel=\"noreferrer noopener nofollow\"> Para entrar no grupo, basta clicar aqui.<\/a><\/p>\n<p>Fa\u00e7a uma den\u00fancia ou sugira uma reportagem sobre Ribeir\u00e3o Preto e regi\u00e3o pelo WhatsApp: 16 99117 7802.<\/p>\n<p>VEJA TAMB\u00c9M<br \/>Youtube: como remover v\u00eddeos que simulam sua voz ou imagem?<\/p>\n<p><!-- AI CONTENT END 1 -->\n<\/div>\n<p><script async src=\"\/\/www.instagram.com\/embed.js\"><\/script><br \/>\n<br \/><br \/>\n<br \/><a href=\"https:\/\/www.acidadeon.com\/ribeiraopreto\/cotidiano\/chegada-de-frente-fria-muda-o-tempo-no-interior-de-sp-no-feriado-veja-onde\/\">Source link <\/a><\/p>\n<div class='code-block code-block-4' style='margin: 8px auto 8px 0; text-align: left; display: block; clear: both;'>\n\ud83d\udce2 Aviso Legal\n\nO site ismaelcolosi.com.br atua apenas como um canal de divulga\u00e7\u00e3o de oportunidades de emprego e n\u00e3o se responsabiliza pelo processo seletivo, contrata\u00e7\u00e3o ou qualquer outra etapa relacionada \u00e0s vagas publicadas. Todas as informa\u00e7\u00f5es s\u00e3o de responsabilidade dos anunciantes.\n\n\u26a0\ufe0f Aten\u00e7\u00e3o! Nunca pague por promessas de emprego nem compre cursos que garantam contrata\u00e7\u00e3o. Desconfie de qualquer cobran\u00e7a para participar de sele\u00e7\u00f5es.\n\n\n\n<\/div>\n<!-- CONTENT END 1 -->\n","protected":false},"excerpt":{"rendered":"<p>A chegada de uma nova frente fria vai trazer mais umidade para o interior de S\u00e3o Paulo a nesta segunda-feira (8) e no feriado, segundo&#8230;<\/p>\n","protected":false},"author":1,"featured_media":46694,"comment_status":"open","ping_status":"open","sticky":false,"template":"","format":"standard","meta":{"_uag_custom_page_level_css":"","advanced_seo_description":"","jetpack_seo_html_title":"","jetpack_seo_noindex":false,"jetpack_post_was_ever_published":false,"_jetpack_newsletter_access":"","_jetpack_dont_email_post_to_subs":false,"_jetpack_newsletter_tier_id":0,"_jetpack_memberships_contains_paywalled_content":false,"_jetpack_memberships_contains_paid_content":false,"footnotes":"","jetpack_publicize_message":"","jetpack_publicize_feature_enabled":true,"jetpack_social_post_already_shared":true,"jetpack_social_options":{"image_generator_settings":{"template":"highway","default_image_id":0,"font":"","enabled":false},"version":2}},"categories":[11],"tags":[],"class_list":["post-55914","post","type-post","status-publish","format-standard","has-post-thumbnail","hentry","category-noticias-de-ribeirao-preto-sp-e-regiao-ismael-colosi"],"jetpack_publicize_connections":[],"jetpack_featured_media_url":"https:\/\/i0.wp.com\/ismaelcolosi.com.br\/wp-content\/uploads\/2024\/04\/AnyConv.com__WhatsApp-Image-2024-04-13-at-09.40.24.webp.webp?fit=1600%2C1200&ssl=1","uagb_featured_image_src":{"full":["https:\/\/i0.wp.com\/ismaelcolosi.com.br\/wp-content\/uploads\/2024\/04\/AnyConv.com__WhatsApp-Image-2024-04-13-at-09.40.24.webp.webp?fit=1600%2C1200&ssl=1",1600,1200,false],"thumbnail":["https:\/\/i0.wp.com\/ismaelcolosi.com.br\/wp-content\/uploads\/2024\/04\/AnyConv.com__WhatsApp-Image-2024-04-13-at-09.40.24.webp.webp?resize=150%2C150&ssl=1",150,150,true],"medium":["https:\/\/i0.wp.com\/ismaelcolosi.com.br\/wp-content\/uploads\/2024\/04\/AnyConv.com__WhatsApp-Image-2024-04-13-at-09.40.24.webp.webp?fit=300%2C225&ssl=1",300,225,true],"medium_large":["https:\/\/i0.wp.com\/ismaelcolosi.com.br\/wp-content\/uploads\/2024\/04\/AnyConv.com__WhatsApp-Image-2024-04-13-at-09.40.24.webp.webp?fit=768%2C576&ssl=1",768,576,true],"large":["https:\/\/i0.wp.com\/ismaelcolosi.com.br\/wp-content\/uploads\/2024\/04\/AnyConv.com__WhatsApp-Image-2024-04-13-at-09.40.24.webp.webp?fit=1024%2C768&ssl=1",1024,768,true],"1536x1536":["https:\/\/i0.wp.com\/ismaelcolosi.com.br\/wp-content\/uploads\/2024\/04\/AnyConv.com__WhatsApp-Image-2024-04-13-at-09.40.24.webp.webp?fit=1536%2C1152&ssl=1",1536,1152,true],"2048x2048":["https:\/\/i0.wp.com\/ismaelcolosi.com.br\/wp-content\/uploads\/2024\/04\/AnyConv.com__WhatsApp-Image-2024-04-13-at-09.40.24.webp.webp?fit=1600%2C1200&ssl=1",1600,1200,true],"really-simple-thumb":["https:\/\/i0.wp.com\/ismaelcolosi.com.br\/wp-content\/uploads\/2024\/04\/AnyConv.com__WhatsApp-Image-2024-04-13-at-09.40.24.webp.webp?resize=370%2C247&ssl=1",370,247,true]},"uagb_author_info":{"display_name":"ismaelcolosi.com.br","author_link":"https:\/\/ismaelcolosi.com.br\/index.php\/author\/vidareal-online\/"},"uagb_comment_info":0,"uagb_excerpt":"A chegada de uma nova frente fria vai trazer mais umidade para o interior de S\u00e3o Paulo a nesta segunda-feira (8) e no feriado, segundo...","jetpack-related-posts":[{"id":40787,"url":"https:\/\/ismaelcolosi.com.br\/index.php\/2024\/03\/05\/frente-fria-traz-chuva-para-o-interior-de-sp-veja-cidades-que-estao-em-alerta\/","url_meta":{"origin":55914,"position":0},"title":"Frente fria traz chuva para o interior de SP? Veja cidades que est\u00e3o em alerta","author":"ismaelcolosi.com.br","date":"5 de March de 2024","format":false,"excerpt":"Devido \u00e0 chegada de uma nova frente fria no estado de S\u00e3o Paulo, na noite desta ter\u00e7a-feira (5), as condi\u00e7\u00f5es de temporais aumentam nos pr\u00f3ximos dias, de acordo com a plataforma Climatempo. A expectativa \u00e9 de que essa frente fria traga mais umidade, o que provocar\u00e1 nuvens mais carregadas nas\u2026","rel":"","context":"In &quot;Not\u00edcias de Ribeir\u00e3o Preto-SP e Regi\u00e3o&quot;","block_context":{"text":"Not\u00edcias de Ribeir\u00e3o Preto-SP e Regi\u00e3o","link":"https:\/\/ismaelcolosi.com.br\/index.php\/category\/noticias-de-ribeirao-preto-sp-e-regiao-ismael-colosi\/"},"img":{"alt_text":"","src":"https:\/\/i0.wp.com\/ismaelcolosi.com.br\/wp-content\/uploads\/2024\/03\/WhatsApp-Image-2024-02-28-at-08.48.57.jpeg?fit=1200%2C900&ssl=1&resize=350%2C200","width":350,"height":200,"srcset":"https:\/\/i0.wp.com\/ismaelcolosi.com.br\/wp-content\/uploads\/2024\/03\/WhatsApp-Image-2024-02-28-at-08.48.57.jpeg?fit=1200%2C900&ssl=1&resize=350%2C200 1x, https:\/\/i0.wp.com\/ismaelcolosi.com.br\/wp-content\/uploads\/2024\/03\/WhatsApp-Image-2024-02-28-at-08.48.57.jpeg?fit=1200%2C900&ssl=1&resize=525%2C300 1.5x, https:\/\/i0.wp.com\/ismaelcolosi.com.br\/wp-content\/uploads\/2024\/03\/WhatsApp-Image-2024-02-28-at-08.48.57.jpeg?fit=1200%2C900&ssl=1&resize=700%2C400 2x, https:\/\/i0.wp.com\/ismaelcolosi.com.br\/wp-content\/uploads\/2024\/03\/WhatsApp-Image-2024-02-28-at-08.48.57.jpeg?fit=1200%2C900&ssl=1&resize=1050%2C600 3x"},"classes":[]},{"id":36766,"url":"https:\/\/ismaelcolosi.com.br\/index.php\/2024\/02\/12\/frente-fria-pode-provocar-mudancas-no-tempo-veja-a-previsao-no-interior-de-sp\/","url_meta":{"origin":55914,"position":1},"title":"Frente fria pode provocar mudan\u00e7as no tempo; Veja a previs\u00e3o no interior de SP","author":"ismaelcolosi.com.br","date":"12 de February de 2024","format":false,"excerpt":"Uma frente fria se aproxima da regi\u00e3o Sudeste e pode provocar mudan\u00e7as no tempo a partir de ter\u00e7a-feira (13), segundo a Climatempo. No interior de S\u00e3o Paulo, a previs\u00e3o do tempo aponta para chuvas fortes nas cidades do sul e leste do estado. Os meteorologistas apontam que os temporais podem\u2026","rel":"","context":"In &quot;Not\u00edcias de Ribeir\u00e3o Preto-SP e Regi\u00e3o&quot;","block_context":{"text":"Not\u00edcias de Ribeir\u00e3o Preto-SP e Regi\u00e3o","link":"https:\/\/ismaelcolosi.com.br\/index.php\/category\/noticias-de-ribeirao-preto-sp-e-regiao-ismael-colosi\/"},"img":{"alt_text":"","src":"https:\/\/i0.wp.com\/ismaelcolosi.com.br\/wp-content\/uploads\/2024\/02\/chuva_tempestade_1200x675_28012022180501.jpg?fit=1200%2C675&ssl=1&resize=350%2C200","width":350,"height":200,"srcset":"https:\/\/i0.wp.com\/ismaelcolosi.com.br\/wp-content\/uploads\/2024\/02\/chuva_tempestade_1200x675_28012022180501.jpg?fit=1200%2C675&ssl=1&resize=350%2C200 1x, https:\/\/i0.wp.com\/ismaelcolosi.com.br\/wp-content\/uploads\/2024\/02\/chuva_tempestade_1200x675_28012022180501.jpg?fit=1200%2C675&ssl=1&resize=525%2C300 1.5x, https:\/\/i0.wp.com\/ismaelcolosi.com.br\/wp-content\/uploads\/2024\/02\/chuva_tempestade_1200x675_28012022180501.jpg?fit=1200%2C675&ssl=1&resize=700%2C400 2x, https:\/\/i0.wp.com\/ismaelcolosi.com.br\/wp-content\/uploads\/2024\/02\/chuva_tempestade_1200x675_28012022180501.jpg?fit=1200%2C675&ssl=1&resize=1050%2C600 3x"},"classes":[]},{"id":61078,"url":"https:\/\/ismaelcolosi.com.br\/index.php\/2024\/08\/20\/onda-de-calor-ou-frente-fria-entenda-como-fica-a-situacao-no-interior-de-sp\/","url_meta":{"origin":55914,"position":2},"title":"Onda de calor ou frente fria? Entenda como fica a situa\u00e7\u00e3o no interior de SP","author":"ismaelcolosi.com.br","date":"20 de August de 2024","format":false,"excerpt":"Todo o interior de S\u00e3o Paulo segue em alerta para onda de calor, que come\u00e7ou no \u00faltimo fim de semana, segundo o Inmet (Instituto Nacional de Meteorologia). Contudo, os meteorologistas acenam para chegada de uma frente fria no pr\u00f3ximo fim de semana, que pode derrubar as temperaturas em algumas regi\u00f5es.\u2026","rel":"","context":"In &quot;Not\u00edcias de Ribeir\u00e3o Preto-SP e Regi\u00e3o&quot;","block_context":{"text":"Not\u00edcias de Ribeir\u00e3o Preto-SP e Regi\u00e3o","link":"https:\/\/ismaelcolosi.com.br\/index.php\/category\/noticias-de-ribeirao-preto-sp-e-regiao-ismael-colosi\/"},"img":{"alt_text":"","src":"https:\/\/i0.wp.com\/ismaelcolosi.com.br\/wp-content\/uploads\/2024\/08\/onda-de-calor-frente-fria_2024-08-20_10-46-52_jpeg_2024-08-20_10-46-52.webp.webp?fit=1200%2C674&ssl=1&resize=350%2C200","width":350,"height":200,"srcset":"https:\/\/i0.wp.com\/ismaelcolosi.com.br\/wp-content\/uploads\/2024\/08\/onda-de-calor-frente-fria_2024-08-20_10-46-52_jpeg_2024-08-20_10-46-52.webp.webp?fit=1200%2C674&ssl=1&resize=350%2C200 1x, https:\/\/i0.wp.com\/ismaelcolosi.com.br\/wp-content\/uploads\/2024\/08\/onda-de-calor-frente-fria_2024-08-20_10-46-52_jpeg_2024-08-20_10-46-52.webp.webp?fit=1200%2C674&ssl=1&resize=525%2C300 1.5x, https:\/\/i0.wp.com\/ismaelcolosi.com.br\/wp-content\/uploads\/2024\/08\/onda-de-calor-frente-fria_2024-08-20_10-46-52_jpeg_2024-08-20_10-46-52.webp.webp?fit=1200%2C674&ssl=1&resize=700%2C400 2x, https:\/\/i0.wp.com\/ismaelcolosi.com.br\/wp-content\/uploads\/2024\/08\/onda-de-calor-frente-fria_2024-08-20_10-46-52_jpeg_2024-08-20_10-46-52.webp.webp?fit=1200%2C674&ssl=1&resize=1050%2C600 3x"},"classes":[]},{"id":57951,"url":"https:\/\/ismaelcolosi.com.br\/index.php\/2024\/07\/25\/veja-quando-a-frente-fria-chega-e-traz-chuva-para-o-interior-de-sp\/","url_meta":{"origin":55914,"position":3},"title":"Veja quando a frente fria chega e traz chuva para o interior de SP","author":"ismaelcolosi.com.br","date":"25 de July de 2024","format":false,"excerpt":"Com o t\u00e9rmino do veranico nesta quinta-feira (25), uma forte frente fria est\u00e1 prevista para o final do m\u00eas de julho para o interior de S\u00e3o Paulo, de acordo com a Climatempo. Com isso, os dias devem voltar a ter caracter\u00edsticas t\u00edpicas do inverno. Contudo, os meteorologistas informam que os\u2026","rel":"","context":"In &quot;Not\u00edcias de Ribeir\u00e3o Preto-SP e Regi\u00e3o&quot;","block_context":{"text":"Not\u00edcias de Ribeir\u00e3o Preto-SP e Regi\u00e3o","link":"https:\/\/ismaelcolosi.com.br\/index.php\/category\/noticias-de-ribeirao-preto-sp-e-regiao-ismael-colosi\/"},"img":{"alt_text":"","src":"https:\/\/i0.wp.com\/ismaelcolosi.com.br\/wp-content\/uploads\/2024\/07\/chuva.jpeg?fit=1200%2C903&ssl=1&resize=350%2C200","width":350,"height":200,"srcset":"https:\/\/i0.wp.com\/ismaelcolosi.com.br\/wp-content\/uploads\/2024\/07\/chuva.jpeg?fit=1200%2C903&ssl=1&resize=350%2C200 1x, https:\/\/i0.wp.com\/ismaelcolosi.com.br\/wp-content\/uploads\/2024\/07\/chuva.jpeg?fit=1200%2C903&ssl=1&resize=525%2C300 1.5x, https:\/\/i0.wp.com\/ismaelcolosi.com.br\/wp-content\/uploads\/2024\/07\/chuva.jpeg?fit=1200%2C903&ssl=1&resize=700%2C400 2x, https:\/\/i0.wp.com\/ismaelcolosi.com.br\/wp-content\/uploads\/2024\/07\/chuva.jpeg?fit=1200%2C903&ssl=1&resize=1050%2C600 3x"},"classes":[]},{"id":68576,"url":"https:\/\/ismaelcolosi.com.br\/index.php\/2024\/09\/30\/como-fica-o-tempo-em-outubro-chuva-deve-chegar-ao-estado-de-sp\/","url_meta":{"origin":55914,"position":4},"title":"Como fica o tempo em outubro? Chuva deve chegar ao estado de SP","author":"ismaelcolosi.com.br","date":"30 de September de 2024","format":false,"excerpt":"Marcado por temperaturas elevadas e pouca ocorr\u00eancia de chuva no estado de S\u00e3o Paulo, o m\u00eas se setembro se encerra nesta segunda-feira (30) e traz diversos questionamentos sobre como ser\u00e1 o tempo em outubro. Conforme previs\u00e3o dos meteorologistas, o novo per\u00edodo continua indicando um cen\u00e1rio de temperaturas acima da m\u00e9dia,\u2026","rel":"","context":"In &quot;Not\u00edcias de Ribeir\u00e3o Preto-SP e Regi\u00e3o&quot;","block_context":{"text":"Not\u00edcias de Ribeir\u00e3o Preto-SP e Regi\u00e3o","link":"https:\/\/ismaelcolosi.com.br\/index.php\/category\/noticias-de-ribeirao-preto-sp-e-regiao-ismael-colosi\/"},"img":{"alt_text":"","src":"https:\/\/i0.wp.com\/ismaelcolosi.com.br\/wp-content\/uploads\/2024\/09\/Copia-de-Copia-de-Copia-de-TAMANHO-EXATO-PARA-FOTOS-NO-SISTEMA-NOVO-51_2024-09-16_20-04-40_png_2024-09-16_20-04-40.webp.webp?fit=1200%2C675&ssl=1&resize=350%2C200","width":350,"height":200,"srcset":"https:\/\/i0.wp.com\/ismaelcolosi.com.br\/wp-content\/uploads\/2024\/09\/Copia-de-Copia-de-Copia-de-TAMANHO-EXATO-PARA-FOTOS-NO-SISTEMA-NOVO-51_2024-09-16_20-04-40_png_2024-09-16_20-04-40.webp.webp?fit=1200%2C675&ssl=1&resize=350%2C200 1x, https:\/\/i0.wp.com\/ismaelcolosi.com.br\/wp-content\/uploads\/2024\/09\/Copia-de-Copia-de-Copia-de-TAMANHO-EXATO-PARA-FOTOS-NO-SISTEMA-NOVO-51_2024-09-16_20-04-40_png_2024-09-16_20-04-40.webp.webp?fit=1200%2C675&ssl=1&resize=525%2C300 1.5x, https:\/\/i0.wp.com\/ismaelcolosi.com.br\/wp-content\/uploads\/2024\/09\/Copia-de-Copia-de-Copia-de-TAMANHO-EXATO-PARA-FOTOS-NO-SISTEMA-NOVO-51_2024-09-16_20-04-40_png_2024-09-16_20-04-40.webp.webp?fit=1200%2C675&ssl=1&resize=700%2C400 2x, https:\/\/i0.wp.com\/ismaelcolosi.com.br\/wp-content\/uploads\/2024\/09\/Copia-de-Copia-de-Copia-de-TAMANHO-EXATO-PARA-FOTOS-NO-SISTEMA-NOVO-51_2024-09-16_20-04-40_png_2024-09-16_20-04-40.webp.webp?fit=1200%2C675&ssl=1&resize=1050%2C600 3x"},"classes":[]},{"id":21140,"url":"https:\/\/ismaelcolosi.com.br\/index.php\/2023\/12\/27\/frente-fria-veja-se-ha-previsao-de-chuva-no-interior-de-sp\/","url_meta":{"origin":55914,"position":5},"title":"Frente fria? Veja se h\u00e1 previs\u00e3o de chuva no interior de SP","author":"ismaelcolosi.com.br","date":"27 de December de 2023","format":false,"excerpt":"A frente fria que chegou no in\u00edcio da semana come\u00e7ou a se afastar para alto mar, segundo a Climatempo. Por\u00e9m, a frente fria ainda pode provocar pancadas de chuva no interior de S\u00e3o Paulo nesta quarta-feira (27). De acordo com os meteorologistas, o dia come\u00e7a nublado em S\u00e3o Paulo, com\u2026","rel":"","context":"In &quot;Not\u00edcias de Ribeir\u00e3o Preto-SP e Regi\u00e3o&quot;","block_context":{"text":"Not\u00edcias de Ribeir\u00e3o Preto-SP e Regi\u00e3o","link":"https:\/\/ismaelcolosi.com.br\/index.php\/category\/noticias-de-ribeirao-preto-sp-e-regiao-ismael-colosi\/"},"img":{"alt_text":"","src":"https:\/\/i0.wp.com\/ismaelcolosi.com.br\/wp-content\/uploads\/2023\/12\/1703674916_WhatsApp-Image-2023-11-24-at-11.08.54.jpeg?fit=1200%2C523&ssl=1&resize=350%2C200","width":350,"height":200,"srcset":"https:\/\/i0.wp.com\/ismaelcolosi.com.br\/wp-content\/uploads\/2023\/12\/1703674916_WhatsApp-Image-2023-11-24-at-11.08.54.jpeg?fit=1200%2C523&ssl=1&resize=350%2C200 1x, https:\/\/i0.wp.com\/ismaelcolosi.com.br\/wp-content\/uploads\/2023\/12\/1703674916_WhatsApp-Image-2023-11-24-at-11.08.54.jpeg?fit=1200%2C523&ssl=1&resize=525%2C300 1.5x, https:\/\/i0.wp.com\/ismaelcolosi.com.br\/wp-content\/uploads\/2023\/12\/1703674916_WhatsApp-Image-2023-11-24-at-11.08.54.jpeg?fit=1200%2C523&ssl=1&resize=700%2C400 2x, https:\/\/i0.wp.com\/ismaelcolosi.com.br\/wp-content\/uploads\/2023\/12\/1703674916_WhatsApp-Image-2023-11-24-at-11.08.54.jpeg?fit=1200%2C523&ssl=1&resize=1050%2C600 3x"},"classes":[]}],"jetpack_sharing_enabled":true,"jetpack_shortlink":"https:\/\/wp.me\/pfMlyK-exQ","_links":{"self":[{"href":"https:\/\/ismaelcolosi.com.br\/index.php\/wp-json\/wp\/v2\/posts\/55914","targetHints":{"allow":["GET"]}}],"collection":[{"href":"https:\/\/ismaelcolosi.com.br\/index.php\/wp-json\/wp\/v2\/posts"}],"about":[{"href":"https:\/\/ismaelcolosi.com.br\/index.php\/wp-json\/wp\/v2\/types\/post"}],"author":[{"embeddable":true,"href":"https:\/\/ismaelcolosi.com.br\/index.php\/wp-json\/wp\/v2\/users\/1"}],"replies":[{"embeddable":true,"href":"https:\/\/ismaelcolosi.com.br\/index.php\/wp-json\/wp\/v2\/comments?post=55914"}],"version-history":[{"count":0,"href":"https:\/\/ismaelcolosi.com.br\/index.php\/wp-json\/wp\/v2\/posts\/55914\/revisions"}],"wp:featuredmedia":[{"embeddable":true,"href":"https:\/\/ismaelcolosi.com.br\/index.php\/wp-json\/wp\/v2\/media\/46694"}],"wp:attachment":[{"href":"https:\/\/ismaelcolosi.com.br\/index.php\/wp-json\/wp\/v2\/media?parent=55914"}],"wp:term":[{"taxonomy":"category","embeddable":true,"href":"https:\/\/ismaelcolosi.com.br\/index.php\/wp-json\/wp\/v2\/categories?post=55914"},{"taxonomy":"post_tag","embeddable":true,"href":"https:\/\/ismaelcolosi.com.br\/index.php\/wp-json\/wp\/v2\/tags?post=55914"}],"curies":[{"name":"wp","href":"https:\/\/api.w.org\/{rel}","templated":true}]}}