{"id":55912,"date":"2024-07-08T06:25:45","date_gmt":"2024-07-08T09:25:45","guid":{"rendered":"https:\/\/ismaelcolosi.com.br\/index.php\/2024\/07\/08\/50-vagas-de-emprego-em-franca-sp-127\/"},"modified":"2024-07-08T06:25:45","modified_gmt":"2024-07-08T09:25:45","slug":"50-vagas-de-emprego-em-franca-sp-127","status":"publish","type":"post","link":"https:\/\/ismaelcolosi.com.br\/index.php\/2024\/07\/08\/50-vagas-de-emprego-em-franca-sp-127\/","title":{"rendered":"50 vagas de emprego em Franca-SP"},"content":{"rendered":"<div id=\"anuncios\">\n<header>\n<\/header>\n<p><\/p>\n<p>    <script async=\"\" src=\"https:\/\/pagead2.googlesyndication.com\/pagead\/js\/adsbygoogle.js?client=ca-pub-2853392113352629\" crossorigin=\"anonymous\"\/>\n    <ins class=\"adsbygoogle\" style=\"display:block\" data-ad-client=\"ca-pub-2853392113352629\" data-ad-slot=\"2925831803\" data-ad-format=\"auto\" data-full-width-responsive=\"true\"\/>\n    <script><![CDATA[\n    (adsbygoogle = window.adsbygoogle || []).push({});\n    ]]><\/script>   <\/p>\n<div class=\"emp\">\n<p>\n            OPERADOR DE M\u00c1QUINA<br \/>Buscamos pessoa comprometida, respons\u00e1vel e com esp\u00edrito de equipe. Experi\u00eancia comprovada em operar m\u00e1quinas de produ\u00e7\u00e3o. Garantir a qualidade operacional dos equipamentos mediantes testes, frequ\u00eancia e padr\u00e3o. Manter a limpeza de m\u00e1quinas e o setor organizado. Desej\u00e1vel ter cursos t\u00e9cnicos. Oferecemos sal\u00e1rio compat\u00edvel com a fun\u00e7\u00e3o, cart\u00e3o alimenta\u00e7\u00e3o, plano odontol\u00f3gico e excelente oportunidade de crescimento profissional.<br \/>\n            <br \/>equipe@faunaeflora.com.br\n            <\/p><div class='code-block code-block-8' style='margin: 8px auto; text-align: center; display: block; clear: both;'>\n<script>\n  atOptions = {\n    'key' : '66e2e2111ca34da796271819fc334058',\n    'format' : 'iframe',\n    'height' : 250,\n    'width' : 300,\n    'params' : {}\n  };\n<\/script>\n<script src=\"https:\/\/www.highperformanceformat.com\/66e2e2111ca34da796271819fc334058\/invoke.js\"><\/script>\n<\/div>\n\n<p><strong>Compartilhe:<\/strong><\/p>\n<p>                <img data-recalc-dims=\"1\" loading=\"lazy\" decoding=\"async\" width=\"25\" height=\"25\" src=\"https:\/\/i0.wp.com\/francaclassificados.com\/\/source\/view\/img\/20w50.png?resize=25%2C25&#038;ssl=1\" alt=\"Imagem compartilhar whatsapp\"\/><\/p>\n<p>                <img data-recalc-dims=\"1\" loading=\"lazy\" decoding=\"async\" width=\"25\" height=\"25\" src=\"https:\/\/i0.wp.com\/francaclassificados.com\/\/source\/view\/img\/18w50.png?resize=25%2C25&#038;ssl=1\" alt=\"Imagem compartilhar facebook\"\/><\/p>\n<\/p><\/div>\n<div class=\"emp\">\n<p>\n            PORTEIRO<br \/>Atender o p\u00fablico pessoalmente, por telefone, WhatsApp ou e-mail; atender chamadas telef\u00f4nicas internas; respons\u00e1vel pelo check in e check out; realizar reservas no sistema; fazer agendamentos; realizar fechamento do caixa; Experi\u00eancia como porteiro\/ recepcionista de hotel ou motel ser\u00e1 um diferencial. Hor\u00e1rio: 21h30 - 07h00 com 5 folgas no m\u00eas. Enviar curr\u00edculo para: rh.vagashotel1@gmail.com Colocar no t\u00edtulo: PORTEIRO\n            <\/p>\n<p><strong>Compartilhe:<\/strong><\/p>\n<p>                <img data-recalc-dims=\"1\" loading=\"lazy\" decoding=\"async\" width=\"25\" height=\"25\" src=\"https:\/\/i0.wp.com\/francaclassificados.com\/\/source\/view\/img\/20w50.png?resize=25%2C25&#038;ssl=1\" alt=\"Imagem compartilhar whatsapp\"\/><\/p>\n<p>                <img data-recalc-dims=\"1\" loading=\"lazy\" decoding=\"async\" width=\"25\" height=\"25\" src=\"https:\/\/i0.wp.com\/francaclassificados.com\/\/source\/view\/img\/18w50.png?resize=25%2C25&#038;ssl=1\" alt=\"Imagem compartilhar facebook\"\/><\/p>\n<\/p><\/div>\n<p>    <script async=\"\" src=\"https:\/\/pagead2.googlesyndication.com\/pagead\/js\/adsbygoogle.js?client=ca-pub-2853392113352629\" crossorigin=\"anonymous\"\/>\n    <ins class=\"adsbygoogle\" style=\"display:block\" data-ad-client=\"ca-pub-2853392113352629\" data-ad-slot=\"2925831803\" data-ad-format=\"auto\" data-full-width-responsive=\"true\"\/>\n    <script><![CDATA[\n    (adsbygoogle = window.adsbygoogle || []).push({});\n    ]]><\/script> <\/p>\n<div class=\"emp\">\n<p>\n            TORNO OPERADOR CNC<br \/>Para programar e operar a m\u00e1quina. Pessoa proativa, atenciosa com numeros e medidas, pontual e comprometida. Salario compat\u00edvel com mercado. Horario: 07:20h as 17:20h de 2\u00ba a 5\u00ba feira* Horario 07:20h as 16:20h 6\u00ba feira Para inicio imediato, interessados enviar curr\u00edculo para cv@corsconsult.com.br com Assunto: Torno CNC\n            <\/p>\n<p><strong>Compartilhe:<\/strong><\/p>\n<p>                <img data-recalc-dims=\"1\" loading=\"lazy\" decoding=\"async\" width=\"25\" height=\"25\" src=\"https:\/\/i0.wp.com\/francaclassificados.com\/\/source\/view\/img\/20w50.png?resize=25%2C25&#038;ssl=1\" alt=\"Imagem compartilhar whatsapp\"\/><\/p>\n<p>                <img data-recalc-dims=\"1\" loading=\"lazy\" decoding=\"async\" width=\"25\" height=\"25\" src=\"https:\/\/i0.wp.com\/francaclassificados.com\/\/source\/view\/img\/18w50.png?resize=25%2C25&#038;ssl=1\" alt=\"Imagem compartilhar facebook\"\/><\/p>\n<\/p><\/div>\n<div class=\"emp\">\n<p>\n            CONSULTOR(A) DE VENDAS<br \/>Contrata consultora de vendas que seja comunicativa, goste de lidar com p\u00fablico e metas, per\u00edodo tarde e noite - Curr\u00edculos para o whatsapp: 16 99249-6464 Poliana (gerente de vendas)\n            <\/p>\n<p><strong>Compartilhe:<\/strong><\/p>\n<p>                <img data-recalc-dims=\"1\" loading=\"lazy\" decoding=\"async\" width=\"25\" height=\"25\" src=\"https:\/\/i0.wp.com\/francaclassificados.com\/\/source\/view\/img\/20w50.png?resize=25%2C25&#038;ssl=1\" alt=\"Imagem compartilhar whatsapp\"\/><\/p>\n<p>                <img data-recalc-dims=\"1\" loading=\"lazy\" decoding=\"async\" width=\"25\" height=\"25\" src=\"https:\/\/i0.wp.com\/francaclassificados.com\/\/source\/view\/img\/18w50.png?resize=25%2C25&#038;ssl=1\" alt=\"Imagem compartilhar facebook\"\/><\/p>\n<\/p><\/div>\n<p>    <script async=\"\" src=\"https:\/\/pagead2.googlesyndication.com\/pagead\/js\/adsbygoogle.js?client=ca-pub-2853392113352629\" crossorigin=\"anonymous\"\/>\n    <ins class=\"adsbygoogle\" style=\"display:block\" data-ad-client=\"ca-pub-2853392113352629\" data-ad-slot=\"2925831803\" data-ad-format=\"auto\" data-full-width-responsive=\"true\"\/>\n    <script><![CDATA[\n    (adsbygoogle = window.adsbygoogle || []).push({});\n    ]]><\/script> <\/p>\n<div class=\"emp\">\n<p>\n            ALMOXARIFADO<br \/>Estamos em busca de um profissional respons\u00e1vel, organizado e proativo para apoiar no setor de almoxarifado. Necess\u00e1rio experi\u00eancia em almoxarifado de f\u00e1brica de sapatos ou componentes. Necess\u00e1rio ter o conhecimento em entrada e sa\u00edda de nota fiscal e em movimenta\u00e7\u00e3o de estoque (baixas por plano, ficha corte). Conhecimento em sistema JRTI ser\u00e1 considerado um diferencial. Jd. Paulistano. Enviar curr\u00edculo com o nome da vaga no t\u00edtulo para o E-mail: rh.selecaoemfranca@gmail.com\n            <\/p>\n<p><strong>Compartilhe:<\/strong><\/p>\n<p>                <img data-recalc-dims=\"1\" loading=\"lazy\" decoding=\"async\" width=\"25\" height=\"25\" src=\"https:\/\/i0.wp.com\/francaclassificados.com\/\/source\/view\/img\/20w50.png?resize=25%2C25&#038;ssl=1\" alt=\"Imagem compartilhar whatsapp\"\/><\/p>\n<p>                <img data-recalc-dims=\"1\" loading=\"lazy\" decoding=\"async\" width=\"25\" height=\"25\" src=\"https:\/\/i0.wp.com\/francaclassificados.com\/\/source\/view\/img\/18w50.png?resize=25%2C25&#038;ssl=1\" alt=\"Imagem compartilhar facebook\"\/><\/p>\n<\/p><\/div>\n<div class=\"emp\">\n<p>\n            Contrata - se barbeiro com experi\u00eancia. Precisa ser respons\u00e1vel, com boa comunica\u00e7\u00e3o e proativo. Enviar curriculum com foto e rede social para o e-mail: contatoimperiomodasfranca@gmail.com\n            <\/p>\n<p><strong>Compartilhe:<\/strong><\/p>\n<p>                <img data-recalc-dims=\"1\" loading=\"lazy\" decoding=\"async\" width=\"25\" height=\"25\" src=\"https:\/\/i0.wp.com\/francaclassificados.com\/\/source\/view\/img\/20w50.png?resize=25%2C25&#038;ssl=1\" alt=\"Imagem compartilhar whatsapp\"\/><\/p>\n<p>                <img data-recalc-dims=\"1\" loading=\"lazy\" decoding=\"async\" width=\"25\" height=\"25\" src=\"https:\/\/i0.wp.com\/francaclassificados.com\/\/source\/view\/img\/18w50.png?resize=25%2C25&#038;ssl=1\" alt=\"Imagem compartilhar facebook\"\/><\/p>\n<\/p><\/div>\n<p>        <img data-recalc-dims=\"1\" decoding=\"async\" src=\"https:\/\/i0.wp.com\/francaclassificados.com\/\/source\/view\/img\/cur.png?ssl=1\" class=\"img-fluid img-fluid2\" alt=\"Imagem publicidade\"\/><\/p>\n<div class=\"emp\">\n<p>\n            CONTADOR COM EXPERIENCIA LUCRO REAL<br \/>Empresa de m\u00e9dio porte contrata Contador qualificado e experiente para se juntar \u00e0 nossa equipe. O candidato ideal deve possuir ampla experi\u00eancia com o regime tribut\u00e1rio de Lucro Real, sendo capaz de realizar todas as obriga\u00e7\u00f5es cont\u00e1beis e fiscais relacionadas. Interessados enviar curr\u00edculo no WhatsApp (16) 3721 8372\n            <\/p>\n<p><strong>Compartilhe:<\/strong><\/p>\n<p>                <img data-recalc-dims=\"1\" loading=\"lazy\" decoding=\"async\" width=\"25\" height=\"25\" src=\"https:\/\/i0.wp.com\/francaclassificados.com\/\/source\/view\/img\/20w50.png?resize=25%2C25&#038;ssl=1\" alt=\"Imagem compartilhar whatsapp\"\/><\/p>\n<p>                <img data-recalc-dims=\"1\" loading=\"lazy\" decoding=\"async\" width=\"25\" height=\"25\" src=\"https:\/\/i0.wp.com\/francaclassificados.com\/\/source\/view\/img\/18w50.png?resize=25%2C25&#038;ssl=1\" alt=\"Imagem compartilhar facebook\"\/><\/p>\n<\/p><\/div>\n<div class=\"emp\">\n<p>\n            Contrata-se cuidador(a) de idosos para cuidar de idosa acamada, horario de trabalho de segunda a sexta, das 8:50 as 17:45, salario de R$1800, interessados enviar curriculo pelo WhatsApp 16 99284-5756\n            <\/p>\n<p><strong>Compartilhe:<\/strong><\/p>\n<p>                <img data-recalc-dims=\"1\" loading=\"lazy\" decoding=\"async\" width=\"25\" height=\"25\" src=\"https:\/\/i0.wp.com\/francaclassificados.com\/\/source\/view\/img\/20w50.png?resize=25%2C25&#038;ssl=1\" alt=\"Imagem compartilhar whatsapp\"\/><\/p>\n<p>                <img data-recalc-dims=\"1\" loading=\"lazy\" decoding=\"async\" width=\"25\" height=\"25\" src=\"https:\/\/i0.wp.com\/francaclassificados.com\/\/source\/view\/img\/18w50.png?resize=25%2C25&#038;ssl=1\" alt=\"Imagem compartilhar facebook\"\/><\/p>\n<\/p><\/div>\n<p>    <script async=\"\" src=\"https:\/\/pagead2.googlesyndication.com\/pagead\/js\/adsbygoogle.js?client=ca-pub-2853392113352629\" crossorigin=\"anonymous\"\/>\n    <ins class=\"adsbygoogle\" style=\"display:block\" data-ad-client=\"ca-pub-2853392113352629\" data-ad-slot=\"2925831803\" data-ad-format=\"auto\" data-full-width-responsive=\"true\"\/>\n    <script><![CDATA[\n    (adsbygoogle = window.adsbygoogle || []).push({});\n    ]]><\/script> <\/p>\n<div class=\"emp\">\n<p>\n            Estamos com vagas abertas para: AUXILIAR DE MONTAGEM, RISCADOR, ARRANHADOR. Enviar curr\u00edculo vaga desejada para o e-mail: departamentopessoal@macboot.com.br ou entregar na portaria no endere\u00e7o Rua Francisco Assis Tomas da Silva, 2355, Bairro Distrito Industrial.\n            <\/p>\n<p><strong>Compartilhe:<\/strong><\/p>\n<p>                <img data-recalc-dims=\"1\" loading=\"lazy\" decoding=\"async\" width=\"25\" height=\"25\" src=\"https:\/\/i0.wp.com\/francaclassificados.com\/\/source\/view\/img\/20w50.png?resize=25%2C25&#038;ssl=1\" alt=\"Imagem compartilhar whatsapp\"\/><\/p>\n<p>                <img data-recalc-dims=\"1\" loading=\"lazy\" decoding=\"async\" width=\"25\" height=\"25\" src=\"https:\/\/i0.wp.com\/francaclassificados.com\/\/source\/view\/img\/18w50.png?resize=25%2C25&#038;ssl=1\" alt=\"Imagem compartilhar facebook\"\/><\/p>\n<\/p><\/div>\n<div class=\"emp\">\n<p>\n            PESPONTADOR<br \/>Contrata-se pespontador com experi\u00eancia nas imedia\u00e7\u00f5es do bairro aeroporto 2 ,, contato 992970320 Maur\u00edcio\n            <\/p>\n<p><strong>Compartilhe:<\/strong><\/p>\n<p>                <img data-recalc-dims=\"1\" loading=\"lazy\" decoding=\"async\" width=\"25\" height=\"25\" src=\"https:\/\/i0.wp.com\/francaclassificados.com\/\/source\/view\/img\/20w50.png?resize=25%2C25&#038;ssl=1\" alt=\"Imagem compartilhar whatsapp\"\/><\/p>\n<p>                <img data-recalc-dims=\"1\" loading=\"lazy\" decoding=\"async\" width=\"25\" height=\"25\" src=\"https:\/\/i0.wp.com\/francaclassificados.com\/\/source\/view\/img\/18w50.png?resize=25%2C25&#038;ssl=1\" alt=\"Imagem compartilhar facebook\"\/><\/p>\n<\/p><\/div>\n<p>    <script async=\"\" src=\"https:\/\/pagead2.googlesyndication.com\/pagead\/js\/adsbygoogle.js?client=ca-pub-2853392113352629\" crossorigin=\"anonymous\"\/>\n    <ins class=\"adsbygoogle\" style=\"display:block\" data-ad-client=\"ca-pub-2853392113352629\" data-ad-slot=\"2925831803\" data-ad-format=\"auto\" data-full-width-responsive=\"true\"\/>\n    <script><![CDATA[\n    (adsbygoogle = window.adsbygoogle || []).push({});\n    ]]><\/script> <\/p>\n<div class=\"emp\">\n<p>\n            VENDEDORES(AS) EXTERNO<br \/>Admite-se Vendedores (as) Externo, para trabalhar com vendas, fazer visitas em Supermercados etc. Ser comunicativo, organizado (a), Boa apar\u00eancia, \u00e1gil e proativo (a).Ter condu\u00e7\u00e3o pr\u00f3pria prefer\u00eancia moto, (carro). Interessados enviar curr\u00edculo Whats ou e-mail: vendassupermercados@hotmail.com \/ Cel.(16)99188-8230 (16)99202-2169\n            <\/p>\n<p><strong>Compartilhe:<\/strong><\/p>\n<p>                <img data-recalc-dims=\"1\" loading=\"lazy\" decoding=\"async\" width=\"25\" height=\"25\" src=\"https:\/\/i0.wp.com\/francaclassificados.com\/\/source\/view\/img\/20w50.png?resize=25%2C25&#038;ssl=1\" alt=\"Imagem compartilhar whatsapp\"\/><\/p>\n<p>                <img data-recalc-dims=\"1\" loading=\"lazy\" decoding=\"async\" width=\"25\" height=\"25\" src=\"https:\/\/i0.wp.com\/francaclassificados.com\/\/source\/view\/img\/18w50.png?resize=25%2C25&#038;ssl=1\" alt=\"Imagem compartilhar facebook\"\/><\/p>\n<\/p><\/div>\n<div class=\"emp\">\n<p>\n            \u00c1REA RURAL - RESIDIR<br \/>Temos vagas, para residir na fazenda, regi\u00f5es de Restinga, Igarapava e Sales Oliveira. Operador de Colhedeira de caf\u00e9, Tratorista, Servi\u00e7os Gerais Rurais, Jardineiro, Vaqueiro e Vigilante. Interessados enviar Curriculum para: curriculofazendas@gmail.com com a descri\u00e7\u00e3o quantidade de membros na fam\u00edlia e no assunto a vaga de interesse.\n            <\/p>\n<p><strong>Compartilhe:<\/strong><\/p>\n<p>                <img data-recalc-dims=\"1\" loading=\"lazy\" decoding=\"async\" width=\"25\" height=\"25\" src=\"https:\/\/i0.wp.com\/francaclassificados.com\/\/source\/view\/img\/20w50.png?resize=25%2C25&#038;ssl=1\" alt=\"Imagem compartilhar whatsapp\"\/><\/p>\n<p>                <img data-recalc-dims=\"1\" loading=\"lazy\" decoding=\"async\" width=\"25\" height=\"25\" src=\"https:\/\/i0.wp.com\/francaclassificados.com\/\/source\/view\/img\/18w50.png?resize=25%2C25&#038;ssl=1\" alt=\"Imagem compartilhar facebook\"\/><\/p>\n<\/p><\/div>\n<p>    <script async=\"\" src=\"https:\/\/pagead2.googlesyndication.com\/pagead\/js\/adsbygoogle.js?client=ca-pub-2853392113352629\" crossorigin=\"anonymous\"\/>\n    <ins class=\"adsbygoogle\" style=\"display:block\" data-ad-client=\"ca-pub-2853392113352629\" data-ad-slot=\"2925831803\" data-ad-format=\"auto\" data-full-width-responsive=\"true\"\/>\n    <script><![CDATA[\n    (adsbygoogle = window.adsbygoogle || []).push({});\n    ]]><\/script> <\/p>\n<div class=\"emp\">\n<p>\n            Estamos contratando para in\u00edcio imediato : REFILADOR (necess\u00e1rios experiencia em blue e raspa. FAXINEIRO (masculino). Empresa oferece sal\u00e1rio compat\u00edvel com a fun\u00e7\u00e3o, refei\u00e7\u00e3o no local mais benef\u00edcios. Interessados enviar curriculo para rhcontrata251@gmail.com\n            <\/p>\n<p><strong>Compartilhe:<\/strong><\/p>\n<p>                <img data-recalc-dims=\"1\" loading=\"lazy\" decoding=\"async\" width=\"25\" height=\"25\" src=\"https:\/\/i0.wp.com\/francaclassificados.com\/\/source\/view\/img\/20w50.png?resize=25%2C25&#038;ssl=1\" alt=\"Imagem compartilhar whatsapp\"\/><\/p>\n<p>                <img data-recalc-dims=\"1\" loading=\"lazy\" decoding=\"async\" width=\"25\" height=\"25\" src=\"https:\/\/i0.wp.com\/francaclassificados.com\/\/source\/view\/img\/18w50.png?resize=25%2C25&#038;ssl=1\" alt=\"Imagem compartilhar facebook\"\/><\/p>\n<\/p><\/div>\n<div class=\"emp\">\n<p>\n            ASSISTENTE DE RH<br \/>Requisitos: Conhecimento em DP e RH. Atividades: Organizar as informa\u00e7\u00f5es do departamento pessoal: admiss\u00e3o, quinzena, folha, horas extras, f\u00e9rias, 13\u00basal\u00e1rio, rescis\u00f5es e encaminhar ao escrit\u00f3rio de contabilidade. Controle de exames, ponto eletr\u00f4nico, conv\u00eanios odontol\u00f3gicos, m\u00e9dico, seguro de vida e vale transporte. Recrutamento e sele\u00e7\u00e3o e demais atividades de RH. Acompanhar as lojas nas a\u00e7\u00f5es com os funcion\u00e1rios.<br \/>\n            <br \/>rh@grupometalvale.com.br\n            <\/p>\n<p><strong>Compartilhe:<\/strong><\/p>\n<p>                <img data-recalc-dims=\"1\" loading=\"lazy\" decoding=\"async\" width=\"25\" height=\"25\" src=\"https:\/\/i0.wp.com\/francaclassificados.com\/\/source\/view\/img\/20w50.png?resize=25%2C25&#038;ssl=1\" alt=\"Imagem compartilhar whatsapp\"\/><\/p>\n<p>                <img data-recalc-dims=\"1\" loading=\"lazy\" decoding=\"async\" width=\"25\" height=\"25\" src=\"https:\/\/i0.wp.com\/francaclassificados.com\/\/source\/view\/img\/18w50.png?resize=25%2C25&#038;ssl=1\" alt=\"Imagem compartilhar facebook\"\/><\/p>\n<\/p><\/div>\n<p>    <script async=\"\" src=\"https:\/\/pagead2.googlesyndication.com\/pagead\/js\/adsbygoogle.js?client=ca-pub-2853392113352629\" crossorigin=\"anonymous\"\/>\n    <ins class=\"adsbygoogle\" style=\"display:block\" data-ad-client=\"ca-pub-2853392113352629\" data-ad-slot=\"2925831803\" data-ad-format=\"auto\" data-full-width-responsive=\"true\"\/>\n    <script><![CDATA[\n    (adsbygoogle = window.adsbygoogle || []).push({});\n    ]]><\/script> <\/p>\n<div class=\"emp\">\n<p>\n            Contrata-se costureira que tenha experi\u00eancia em overlok, reta, galoneira, experi\u00eancia em moletom e paineis de festa, empresa localizada no Distrito industrial, manda curr\u00edculo no WhatsApp 16-99344-7219 Salario base+ comiss\u00e3o\n            <\/p>\n<p><strong>Compartilhe:<\/strong><\/p>\n<p>                <img data-recalc-dims=\"1\" loading=\"lazy\" decoding=\"async\" width=\"25\" height=\"25\" src=\"https:\/\/i0.wp.com\/francaclassificados.com\/\/source\/view\/img\/20w50.png?resize=25%2C25&#038;ssl=1\" alt=\"Imagem compartilhar whatsapp\"\/><\/p>\n<p>                <img data-recalc-dims=\"1\" loading=\"lazy\" decoding=\"async\" width=\"25\" height=\"25\" src=\"https:\/\/i0.wp.com\/francaclassificados.com\/\/source\/view\/img\/18w50.png?resize=25%2C25&#038;ssl=1\" alt=\"Imagem compartilhar facebook\"\/><\/p>\n<\/p><\/div>\n<div class=\"emp\">\n<p>\n            Fabrica de cal\u00e7ados de pequeno porte localizada na zona oeste de Franca, contrata fechador de lado com experi\u00eancia. Interessados enviar curr\u00edculo no e-mail kauany_calcados@hotmail.com\n            <\/p>\n<p><strong>Compartilhe:<\/strong><\/p>\n<p>                <img data-recalc-dims=\"1\" loading=\"lazy\" decoding=\"async\" width=\"25\" height=\"25\" src=\"https:\/\/i0.wp.com\/francaclassificados.com\/\/source\/view\/img\/20w50.png?resize=25%2C25&#038;ssl=1\" alt=\"Imagem compartilhar whatsapp\"\/><\/p>\n<p>                <img data-recalc-dims=\"1\" loading=\"lazy\" decoding=\"async\" width=\"25\" height=\"25\" src=\"https:\/\/i0.wp.com\/francaclassificados.com\/\/source\/view\/img\/18w50.png?resize=25%2C25&#038;ssl=1\" alt=\"Imagem compartilhar facebook\"\/><\/p>\n<\/p><\/div>\n<p>    <script async=\"\" src=\"https:\/\/pagead2.googlesyndication.com\/pagead\/js\/adsbygoogle.js?client=ca-pub-2853392113352629\" crossorigin=\"anonymous\"\/>\n    <ins class=\"adsbygoogle\" style=\"display:block\" data-ad-client=\"ca-pub-2853392113352629\" data-ad-slot=\"2925831803\" data-ad-format=\"auto\" data-full-width-responsive=\"true\"\/>\n    <script><![CDATA[\n    (adsbygoogle = window.adsbygoogle || []).push({});\n    ]]><\/script> <\/p>\n<div class=\"emp\">\n<p>\n            AUXILIAR DE ESTOQUE<br \/>Loja de M\u00f3veis: Respons\u00e1vel pelo Controle de entrada e sa\u00edda de mercadorias no sistema, Confer\u00eancia minuciosa das pe\u00e7as, Controle de notas fiscais, Prepara\u00e7\u00e3o dos produtos para entrega, e realizar entregas, organiza\u00e7\u00e3o do estoque, auxiliar na organiza\u00e7\u00e3o e montagem dos produtos na loja. Fundamental conhecimento em Excel e internet, Ensino M\u00e9dio completo, Conhecimentos gerais em estoque\/log\u00edstica, possuir CNH B, Ser comunicativo, pr\u00f3 ativo. Curr\u00edculo: jmessiasj12@gmail.com\n            <\/p>\n<p><strong>Compartilhe:<\/strong><\/p>\n<p>                <img data-recalc-dims=\"1\" loading=\"lazy\" decoding=\"async\" width=\"25\" height=\"25\" src=\"https:\/\/i0.wp.com\/francaclassificados.com\/\/source\/view\/img\/20w50.png?resize=25%2C25&#038;ssl=1\" alt=\"Imagem compartilhar whatsapp\"\/><\/p>\n<p>                <img data-recalc-dims=\"1\" loading=\"lazy\" decoding=\"async\" width=\"25\" height=\"25\" src=\"https:\/\/i0.wp.com\/francaclassificados.com\/\/source\/view\/img\/18w50.png?resize=25%2C25&#038;ssl=1\" alt=\"Imagem compartilhar facebook\"\/><\/p>\n<\/p><\/div>\n<div class=\"emp\">\n<p>\n            F\u00e1brica de cal\u00e7ados bairro nova Franca precisa urgente de acabador com experi\u00eancia fechar lado pagamento a combinar ( paga-se bem ) experi\u00eancia mais de 30 anod<br \/>\n            <br \/>janaynelima12@gmail.com\n            <\/p>\n<p><strong>Compartilhe:<\/strong><\/p>\n<p>                <img data-recalc-dims=\"1\" loading=\"lazy\" decoding=\"async\" width=\"25\" height=\"25\" src=\"https:\/\/i0.wp.com\/francaclassificados.com\/\/source\/view\/img\/20w50.png?resize=25%2C25&#038;ssl=1\" alt=\"Imagem compartilhar whatsapp\"\/><\/p>\n<p>                <img data-recalc-dims=\"1\" loading=\"lazy\" decoding=\"async\" width=\"25\" height=\"25\" src=\"https:\/\/i0.wp.com\/francaclassificados.com\/\/source\/view\/img\/18w50.png?resize=25%2C25&#038;ssl=1\" alt=\"Imagem compartilhar facebook\"\/><\/p>\n<\/p><\/div>\n<p>    <script async=\"\" src=\"https:\/\/pagead2.googlesyndication.com\/pagead\/js\/adsbygoogle.js?client=ca-pub-2853392113352629\" crossorigin=\"anonymous\"\/>\n    <ins class=\"adsbygoogle\" style=\"display:block\" data-ad-client=\"ca-pub-2853392113352629\" data-ad-slot=\"2925831803\" data-ad-format=\"auto\" data-full-width-responsive=\"true\"\/>\n    <script><![CDATA[\n    (adsbygoogle = window.adsbygoogle || []).push({});\n    ]]><\/script> <\/p>\n<div class=\"emp\">\n<p>\n            ATENDENTE PADARIA \/ BALCONISTA PADARIA<br \/>Contrata-se balconista com EXPERI\u00caNCIA EM PADARIA. Comprometimento e disponibilidade de hor\u00e1rio para finais de semana. Somente enviar com real interesse na vaga! ENVIAR CURR\u00cdCULO COM FOTO: thainna.velozo19@gmail.com (Per\u00edodo da tarde) Vaga para duas unidades: colocar no assunto VAGA PAULISTANO \/ VAGA VILLAGIO MUNDO NOVO\n            <\/p>\n<p><strong>Compartilhe:<\/strong><\/p>\n<p>                <img data-recalc-dims=\"1\" loading=\"lazy\" decoding=\"async\" width=\"25\" height=\"25\" src=\"https:\/\/i0.wp.com\/francaclassificados.com\/\/source\/view\/img\/20w50.png?resize=25%2C25&#038;ssl=1\" alt=\"Imagem compartilhar whatsapp\"\/><\/p>\n<p>                <img data-recalc-dims=\"1\" loading=\"lazy\" decoding=\"async\" width=\"25\" height=\"25\" src=\"https:\/\/i0.wp.com\/francaclassificados.com\/\/source\/view\/img\/18w50.png?resize=25%2C25&#038;ssl=1\" alt=\"Imagem compartilhar facebook\"\/><\/p>\n<\/p><\/div>\n<div class=\"emp\">\n<p>\n            VENDEDOR(A) DE E-COMMERCE<br \/>Requisitos necess\u00e1rios: Ensino m\u00e9dio completo; Experi\u00eancia em vendas; Disponibilidade de segunda \u00e1 sexta; Principais atividades: Ser\u00e1 respons\u00e1vel pelo atendimento no WhatsApp Dever\u00e1 acompanhar pedidos, p\u00f3s venda e acompanhamento das entregas Caracter\u00edsticas essenciais: Comunica\u00e7\u00e3o; Proatividade; Organiza\u00e7\u00e3o<br \/>\n            <br \/>consultoria.isamuzeti@gmail.com\n            <\/p>\n<p><strong>Compartilhe:<\/strong><\/p>\n<p>                <img data-recalc-dims=\"1\" loading=\"lazy\" decoding=\"async\" width=\"25\" height=\"25\" src=\"https:\/\/i0.wp.com\/francaclassificados.com\/\/source\/view\/img\/20w50.png?resize=25%2C25&#038;ssl=1\" alt=\"Imagem compartilhar whatsapp\"\/><\/p>\n<p>                <img data-recalc-dims=\"1\" loading=\"lazy\" decoding=\"async\" width=\"25\" height=\"25\" src=\"https:\/\/i0.wp.com\/francaclassificados.com\/\/source\/view\/img\/18w50.png?resize=25%2C25&#038;ssl=1\" alt=\"Imagem compartilhar facebook\"\/><\/p>\n<\/p><\/div>\n<p>    <script async=\"\" src=\"https:\/\/pagead2.googlesyndication.com\/pagead\/js\/adsbygoogle.js?client=ca-pub-2853392113352629\" crossorigin=\"anonymous\"\/>\n    <ins class=\"adsbygoogle\" style=\"display:block\" data-ad-client=\"ca-pub-2853392113352629\" data-ad-slot=\"2925831803\" data-ad-format=\"auto\" data-full-width-responsive=\"true\"\/>\n    <script><![CDATA[\n    (adsbygoogle = window.adsbygoogle || []).push({});\n    ]]><\/script> <\/p>\n<div class=\"emp\">\n<p>\n            VENDEDORAS<br \/>Loja no Shopping busca vendedora COM EXPERI\u00caNCIA. Que seja comunicativa, proativa, comprometida e organizada, se identifique com metas\/comiss\u00f5es e tenha disponibilidade de hor\u00e1rios. Requisitos: Experi\u00eancia como vendedora, Segundo grau completo, inform\u00e1tica b\u00e1sica e dom\u00ednio em redes sociais. Se voc\u00ea se identifica com nossa Marca e quer fazer parte do nosso Time, envie seu Curr\u00edculo com foto! Proposta Salarial: Fixo + Benef\u00edcios + Comiss\u00f5es atrativas.<br \/>\n            <br \/>arezzofranca2@gmail.com\n            <\/p>\n<p><strong>Compartilhe:<\/strong><\/p>\n<p>                <img data-recalc-dims=\"1\" loading=\"lazy\" decoding=\"async\" width=\"25\" height=\"25\" src=\"https:\/\/i0.wp.com\/francaclassificados.com\/\/source\/view\/img\/20w50.png?resize=25%2C25&#038;ssl=1\" alt=\"Imagem compartilhar whatsapp\"\/><\/p>\n<p>                <img data-recalc-dims=\"1\" loading=\"lazy\" decoding=\"async\" width=\"25\" height=\"25\" src=\"https:\/\/i0.wp.com\/francaclassificados.com\/\/source\/view\/img\/18w50.png?resize=25%2C25&#038;ssl=1\" alt=\"Imagem compartilhar facebook\"\/><\/p>\n<\/p><\/div>\n<div class=\"emp\">\n<p>\n            AUXILIAR CONT\u00c1BIL<br \/>Escrit\u00f3rio contrata Auxiliar Cont\u00e1bil em Franca - SP, com conhecimento das rotinas do setor (Escritura\u00e7\u00e3o cont\u00e1bil, concilia\u00e7\u00e3o, lan\u00e7amentos de impostos e apura\u00e7\u00f5es, entrega de declara\u00e7\u00f5es - DCTF, PerdComp, Sped ECD e ECF - e experi\u00eancia em fechamentos do Lucro Real). Experi\u00eancia em escrit\u00f3rio cont\u00e1bil ser\u00e1 um diferencial. Sal\u00e1rio + Vale Alimenta\u00e7\u00e3o. Interessados enviar curr\u00edculo para o e-mail: contabilescritorio.dp@gmail.com\n            <\/p>\n<p><strong>Compartilhe:<\/strong><\/p>\n<p>                <img data-recalc-dims=\"1\" loading=\"lazy\" decoding=\"async\" width=\"25\" height=\"25\" src=\"https:\/\/i0.wp.com\/francaclassificados.com\/\/source\/view\/img\/20w50.png?resize=25%2C25&#038;ssl=1\" alt=\"Imagem compartilhar whatsapp\"\/><\/p>\n<p>                <img data-recalc-dims=\"1\" loading=\"lazy\" decoding=\"async\" width=\"25\" height=\"25\" src=\"https:\/\/i0.wp.com\/francaclassificados.com\/\/source\/view\/img\/18w50.png?resize=25%2C25&#038;ssl=1\" alt=\"Imagem compartilhar facebook\"\/><\/p>\n<\/p><\/div>\n<p>    <script async=\"\" src=\"https:\/\/pagead2.googlesyndication.com\/pagead\/js\/adsbygoogle.js?client=ca-pub-2853392113352629\" crossorigin=\"anonymous\"\/>\n    <ins class=\"adsbygoogle\" style=\"display:block\" data-ad-client=\"ca-pub-2853392113352629\" data-ad-slot=\"2925831803\" data-ad-format=\"auto\" data-full-width-responsive=\"true\"\/>\n    <script><![CDATA[\n    (adsbygoogle = window.adsbygoogle || []).push({});\n    ]]><\/script> <\/p>\n<div class=\"emp\">\n<p>\n            PADARIA CONTRATA ATENDENTE DE PADARIA, MOTORISTA\/ENTREGADOR, maiores de 18 anos, para trabalhar de segunda a s\u00e1bado do 12:10 as 20:30. Interessadas enviar curr\u00edculo no e-mail COM O TITULO DA VAGA para rhpadariafranca@gmail.com\n            <\/p>\n<p><strong>Compartilhe:<\/strong><\/p>\n<p>                <img data-recalc-dims=\"1\" loading=\"lazy\" decoding=\"async\" width=\"25\" height=\"25\" src=\"https:\/\/i0.wp.com\/francaclassificados.com\/\/source\/view\/img\/20w50.png?resize=25%2C25&#038;ssl=1\" alt=\"Imagem compartilhar whatsapp\"\/><\/p>\n<p>                <img data-recalc-dims=\"1\" loading=\"lazy\" decoding=\"async\" width=\"25\" height=\"25\" src=\"https:\/\/i0.wp.com\/francaclassificados.com\/\/source\/view\/img\/18w50.png?resize=25%2C25&#038;ssl=1\" alt=\"Imagem compartilhar facebook\"\/><\/p>\n<\/p><\/div>\n<div class=\"emp\">\n<p>\n            BANCA DE PESPONTO<br \/>Precisa-se de Banca de Pesponto para inicio imediato. Interessados comparecer \u00e1 Rua Volutario Leonidas Morgan de Aguiar,510 Distrito Industrial. Levamos e buscamos o servi\u00e7o.\n            <\/p>\n<p><strong>Compartilhe:<\/strong><\/p>\n<p>                <img data-recalc-dims=\"1\" loading=\"lazy\" decoding=\"async\" width=\"25\" height=\"25\" src=\"https:\/\/i0.wp.com\/francaclassificados.com\/\/source\/view\/img\/20w50.png?resize=25%2C25&#038;ssl=1\" alt=\"Imagem compartilhar whatsapp\"\/><\/p>\n<p>                <img data-recalc-dims=\"1\" loading=\"lazy\" decoding=\"async\" width=\"25\" height=\"25\" src=\"https:\/\/i0.wp.com\/francaclassificados.com\/\/source\/view\/img\/18w50.png?resize=25%2C25&#038;ssl=1\" alt=\"Imagem compartilhar facebook\"\/><\/p>\n<\/p><\/div>\n<p>    <script async=\"\" src=\"https:\/\/pagead2.googlesyndication.com\/pagead\/js\/adsbygoogle.js?client=ca-pub-2853392113352629\" crossorigin=\"anonymous\"\/>\n    <ins class=\"adsbygoogle\" style=\"display:block\" data-ad-client=\"ca-pub-2853392113352629\" data-ad-slot=\"2925831803\" data-ad-format=\"auto\" data-full-width-responsive=\"true\"\/>\n    <script><![CDATA[\n    (adsbygoogle = window.adsbygoogle || []).push({});\n    ]]><\/script> <\/p>\n<div class=\"emp\">\n<p>\n            CONTRATA-SE OPERADORA DE CAIXA, BALCONISTA DE PADARIA, FISCAL DE CAIXA, A\u00c7OUGUEIRO, PADEIRO, EMBALADORES, EMPACOTADORES, REPOSITOR DE MERCEARIA, REPOSITOR DE HORTIFRUT, OPERADOR DE CFTV, FISCAL DE LOJA, ESTOQUISTAS, FISCAIS DE PREVEN\u00c7\u00c3O DE PERDAS. ENVIE CURRICULO PARA O E-MAIL: rhgsrdp@gmail.com\n            <\/p>\n<p><strong>Compartilhe:<\/strong><\/p>\n<p>                <img data-recalc-dims=\"1\" loading=\"lazy\" decoding=\"async\" width=\"25\" height=\"25\" src=\"https:\/\/i0.wp.com\/francaclassificados.com\/\/source\/view\/img\/20w50.png?resize=25%2C25&#038;ssl=1\" alt=\"Imagem compartilhar whatsapp\"\/><\/p>\n<p>                <img data-recalc-dims=\"1\" loading=\"lazy\" decoding=\"async\" width=\"25\" height=\"25\" src=\"https:\/\/i0.wp.com\/francaclassificados.com\/\/source\/view\/img\/18w50.png?resize=25%2C25&#038;ssl=1\" alt=\"Imagem compartilhar facebook\"\/><\/p>\n<\/p><\/div>\n<div class=\"emp\">\n<p>\n            AG\u00caNCIA DE MARKETING CONTRATA<br \/>Videomaker: Capta\u00e7\u00e3o, edi\u00e7\u00e3o e finaliza\u00e7\u00e3o de materiais audiovisuais. \/ Social Media: Respons\u00e1vel pela gest\u00e3o e estrat\u00e9gias dos perfis de redes sociais, planejando, criando, programando e atualizando conte\u00fado de diversos clientes. \/ Assistente Marketplace: Cadastrar produtos nas plataformas, subir e alterar material, an\u00e1lise de vendas e site, fazer atendimento, etc. \/ Necess\u00e1rio experi\u00eancia comprovada na \u00e1rea. Interessados enviar curr\u00edculo para izabella@pugweb.com\n            <\/p>\n<p><strong>Compartilhe:<\/strong><\/p>\n<p>                <img data-recalc-dims=\"1\" loading=\"lazy\" decoding=\"async\" width=\"25\" height=\"25\" src=\"https:\/\/i0.wp.com\/francaclassificados.com\/\/source\/view\/img\/20w50.png?resize=25%2C25&#038;ssl=1\" alt=\"Imagem compartilhar whatsapp\"\/><\/p>\n<p>                <img data-recalc-dims=\"1\" loading=\"lazy\" decoding=\"async\" width=\"25\" height=\"25\" src=\"https:\/\/i0.wp.com\/francaclassificados.com\/\/source\/view\/img\/18w50.png?resize=25%2C25&#038;ssl=1\" alt=\"Imagem compartilhar facebook\"\/><\/p>\n<\/p><\/div>\n<p>    <script async=\"\" src=\"https:\/\/pagead2.googlesyndication.com\/pagead\/js\/adsbygoogle.js?client=ca-pub-2853392113352629\" crossorigin=\"anonymous\"\/>\n    <ins class=\"adsbygoogle\" style=\"display:block\" data-ad-client=\"ca-pub-2853392113352629\" data-ad-slot=\"2925831803\" data-ad-format=\"auto\" data-full-width-responsive=\"true\"\/>\n    <script><![CDATA[\n    (adsbygoogle = window.adsbygoogle || []).push({});\n    ]]><\/script> <\/p>\n<div class=\"emp\">\n<p>\n            Loja Feminina Contrata: Auxiliar de Vendas (Ecommerce) com Experi\u00eancia \u2022 Sal\u00e1rio Inicial R$1.500 \u2022 Hor\u00e1rio: SEG - SEX: 8:00-12:00 | 13:00-17:00 | SAB: 8:00 - 12:00 (44h\/semanais) Disponibilidade Imediata presencial. Prefer\u00eancia por perfil feminino: Interessadas enviar curr\u00edculo para e-mail: curriculosmodafeminina@hotmail.com\n            <\/p>\n<p><strong>Compartilhe:<\/strong><\/p>\n<p>                <img data-recalc-dims=\"1\" loading=\"lazy\" decoding=\"async\" width=\"25\" height=\"25\" src=\"https:\/\/i0.wp.com\/francaclassificados.com\/\/source\/view\/img\/20w50.png?resize=25%2C25&#038;ssl=1\" alt=\"Imagem compartilhar whatsapp\"\/><\/p>\n<p>                <img data-recalc-dims=\"1\" loading=\"lazy\" decoding=\"async\" width=\"25\" height=\"25\" src=\"https:\/\/i0.wp.com\/francaclassificados.com\/\/source\/view\/img\/18w50.png?resize=25%2C25&#038;ssl=1\" alt=\"Imagem compartilhar facebook\"\/><\/p>\n<\/p><\/div>\n<div class=\"emp\">\n<p>\n            GERENTE PARA \u00d3TICA<br \/>Procuramos por gerentes que tenham experi\u00eancia em \u00f3tica ; habilidade com gest\u00e3o; conhecimento t\u00e9cnico de lentes e arma\u00e7\u00f5es e organiza\u00e7\u00e3o administrativa. Oferecemos: sal\u00e1rio fixo; premia\u00e7\u00e3o\/comiss\u00e3o; vale transporte; plano de sa\u00fade; conv\u00eanio farm\u00e1cia; vale alimenta\u00e7\u00e3o; seguro de vida, incentivos a capacita\u00e7\u00e3o e dayoff. Interessados podem enviar curr\u00edculo com o t\u00edtulo \"Gerente\" para: rh@melani.com.br\n            <\/p>\n<p><strong>Compartilhe:<\/strong><\/p>\n<p>                <img data-recalc-dims=\"1\" loading=\"lazy\" decoding=\"async\" width=\"25\" height=\"25\" src=\"https:\/\/i0.wp.com\/francaclassificados.com\/\/source\/view\/img\/20w50.png?resize=25%2C25&#038;ssl=1\" alt=\"Imagem compartilhar whatsapp\"\/><\/p>\n<p>                <img data-recalc-dims=\"1\" loading=\"lazy\" decoding=\"async\" width=\"25\" height=\"25\" src=\"https:\/\/i0.wp.com\/francaclassificados.com\/\/source\/view\/img\/18w50.png?resize=25%2C25&#038;ssl=1\" alt=\"Imagem compartilhar facebook\"\/><\/p>\n<\/p><\/div>\n<p>    <script async=\"\" src=\"https:\/\/pagead2.googlesyndication.com\/pagead\/js\/adsbygoogle.js?client=ca-pub-2853392113352629\" crossorigin=\"anonymous\"\/>\n    <ins class=\"adsbygoogle\" style=\"display:block\" data-ad-client=\"ca-pub-2853392113352629\" data-ad-slot=\"2925831803\" data-ad-format=\"auto\" data-full-width-responsive=\"true\"\/>\n    <script><![CDATA[\n    (adsbygoogle = window.adsbygoogle || []).push({});\n    ]]><\/script> <\/p>\n<div class=\"emp\">\n<p>\n            ESTAGIO<br \/>R$ 1.000,00. Contrata-se Estagi\u00e1rio(a). N\u00e3o \u00e9 necess\u00e1rio ter nenhum tipo de experi\u00eancia, por\u00e9m, \u00e9 preciso estar cursando Administra\u00e7\u00e3o ou Cont\u00e1beis, em n\u00edvel t\u00e9cnico ou superior. Apenas 6 horas por dia. Enviar curr\u00edculo para o e-mail: marcelocnt@hotmail.com\n            <\/p>\n<p><strong>Compartilhe:<\/strong><\/p>\n<p>                <img data-recalc-dims=\"1\" loading=\"lazy\" decoding=\"async\" width=\"25\" height=\"25\" src=\"https:\/\/i0.wp.com\/francaclassificados.com\/\/source\/view\/img\/20w50.png?resize=25%2C25&#038;ssl=1\" alt=\"Imagem compartilhar whatsapp\"\/><\/p>\n<p>                <img data-recalc-dims=\"1\" loading=\"lazy\" decoding=\"async\" width=\"25\" height=\"25\" src=\"https:\/\/i0.wp.com\/francaclassificados.com\/\/source\/view\/img\/18w50.png?resize=25%2C25&#038;ssl=1\" alt=\"Imagem compartilhar facebook\"\/><\/p>\n<\/p><\/div>\n<div class=\"emp\">\n<p>\n            RECEPCIONISTA EM HOTEL - TURNO DA NOITE (FRANCA-SP)<br \/>Hor\u00e1rio de trabalho: Das 18h00 \u00e0s 02h20 (escala 6x1); Fun\u00e7\u00f5es desempenhadas: Atender o h\u00f3spede, realizar check in e check out. Realizar a demonstra\u00e7\u00e3o do hotel e da estrutura de eventos para Walk In, long stay e\/ou clientes corporativos, efetivando vendas e reservas; Requisitos: Superior ou t\u00e9cnico cursando; \u00c9 necess\u00e1rio CNH e ve\u00edculo pr\u00f3prio; Possuir experi\u00eancia anterior com atendimento ao cliente.<br \/>\n            <br \/>sinerhgiaempregos@gmail.com\n            <\/p>\n<p><strong>Compartilhe:<\/strong><\/p>\n<p>                <img data-recalc-dims=\"1\" loading=\"lazy\" decoding=\"async\" width=\"25\" height=\"25\" src=\"https:\/\/i0.wp.com\/francaclassificados.com\/\/source\/view\/img\/20w50.png?resize=25%2C25&#038;ssl=1\" alt=\"Imagem compartilhar whatsapp\"\/><\/p>\n<p>                <img data-recalc-dims=\"1\" loading=\"lazy\" decoding=\"async\" width=\"25\" height=\"25\" src=\"https:\/\/i0.wp.com\/francaclassificados.com\/\/source\/view\/img\/18w50.png?resize=25%2C25&#038;ssl=1\" alt=\"Imagem compartilhar facebook\"\/><\/p>\n<\/p><\/div>\n<p>    <script async=\"\" src=\"https:\/\/pagead2.googlesyndication.com\/pagead\/js\/adsbygoogle.js?client=ca-pub-2853392113352629\" crossorigin=\"anonymous\"\/>\n    <ins class=\"adsbygoogle\" style=\"display:block\" data-ad-client=\"ca-pub-2853392113352629\" data-ad-slot=\"2925831803\" data-ad-format=\"auto\" data-full-width-responsive=\"true\"\/>\n    <script><![CDATA[\n    (adsbygoogle = window.adsbygoogle || []).push({});\n    ]]><\/script> <\/p>\n<div class=\"emp\">\n<p>\n            GERENTE PARA ECOMERCE E ESTAMPARIA<br \/>Com experi\u00eancia em Ecomerce ou em estamparia,entra em contato pelo WhatsApp 16993121442\n            <\/p>\n<p><strong>Compartilhe:<\/strong><\/p>\n<p>                <img data-recalc-dims=\"1\" loading=\"lazy\" decoding=\"async\" width=\"25\" height=\"25\" src=\"https:\/\/i0.wp.com\/francaclassificados.com\/\/source\/view\/img\/20w50.png?resize=25%2C25&#038;ssl=1\" alt=\"Imagem compartilhar whatsapp\"\/><\/p>\n<p>                <img data-recalc-dims=\"1\" loading=\"lazy\" decoding=\"async\" width=\"25\" height=\"25\" src=\"https:\/\/i0.wp.com\/francaclassificados.com\/\/source\/view\/img\/18w50.png?resize=25%2C25&#038;ssl=1\" alt=\"Imagem compartilhar facebook\"\/><\/p>\n<\/p><\/div>\n<div class=\"emp\">\n<p>\n            EST\u00c1GIO<br \/>Temos vagas de estagio, para ambos os sexos, para montagem de placa pci de circuito eletronico, trabalho de segunda a sexta feira das 7:30 as 13:30 hrs (6 horas por dia) bolsa estagio no valor de R$ 1000,00 + 100,00 de ajuda transporte ... interessados por favor enviar curriculo para o email \/ vagas.rhon@gmail.com.br\n            <\/p>\n<p><strong>Compartilhe:<\/strong><\/p>\n<p>                <img data-recalc-dims=\"1\" loading=\"lazy\" decoding=\"async\" width=\"25\" height=\"25\" src=\"https:\/\/i0.wp.com\/francaclassificados.com\/\/source\/view\/img\/20w50.png?resize=25%2C25&#038;ssl=1\" alt=\"Imagem compartilhar whatsapp\"\/><\/p>\n<p>                <img data-recalc-dims=\"1\" loading=\"lazy\" decoding=\"async\" width=\"25\" height=\"25\" src=\"https:\/\/i0.wp.com\/francaclassificados.com\/\/source\/view\/img\/18w50.png?resize=25%2C25&#038;ssl=1\" alt=\"Imagem compartilhar facebook\"\/><\/p>\n<\/p><\/div>\n<p>    <script async=\"\" src=\"https:\/\/pagead2.googlesyndication.com\/pagead\/js\/adsbygoogle.js?client=ca-pub-2853392113352629\" crossorigin=\"anonymous\"\/>\n    <ins class=\"adsbygoogle\" style=\"display:block\" data-ad-client=\"ca-pub-2853392113352629\" data-ad-slot=\"2925831803\" data-ad-format=\"auto\" data-full-width-responsive=\"true\"\/>\n    <script><![CDATA[\n    (adsbygoogle = window.adsbygoogle || []).push({});\n    ]]><\/script> <\/p>\n<div class=\"emp\">\n<p>\n            Cl\u00ednica odontol\u00f3gica contrata Auxiliar Administrativo, com experi\u00eancia.<br \/>Inicio imediato.<br \/>Enviar curr\u00edculos para o e-mail : clinicaodontologicamb@hotmail.com\n            <\/p>\n<p><strong>Compartilhe:<\/strong><\/p>\n<p>                <img data-recalc-dims=\"1\" loading=\"lazy\" decoding=\"async\" width=\"25\" height=\"25\" src=\"https:\/\/i0.wp.com\/francaclassificados.com\/\/source\/view\/img\/20w50.png?resize=25%2C25&#038;ssl=1\" alt=\"Imagem compartilhar whatsapp\"\/><\/p>\n<p>                <img data-recalc-dims=\"1\" loading=\"lazy\" decoding=\"async\" width=\"25\" height=\"25\" src=\"https:\/\/i0.wp.com\/francaclassificados.com\/\/source\/view\/img\/18w50.png?resize=25%2C25&#038;ssl=1\" alt=\"Imagem compartilhar facebook\"\/><\/p>\n<\/p><\/div>\n<div class=\"emp\">\n<p>\n            ESTOQUISTA<br \/>Contrata-se estoquista, para gerenciamento de estoque, entrada e sa\u00edda de mercadorias, preenchimento de planilhas de estoque e produ\u00e7\u00e3o, confec\u00e7\u00e3o de etiquetas para embalagens. Necess\u00e1rio ter experi\u00eancia com planilhas em excel, ter habilidade em invent\u00e1rios, ser organizado, proativo, pontual. ENVIAR CURRICULO PARA vagasdistribuicao2023@gmail.com\n            <\/p>\n<p><strong>Compartilhe:<\/strong><\/p>\n<p>                <img data-recalc-dims=\"1\" loading=\"lazy\" decoding=\"async\" width=\"25\" height=\"25\" src=\"https:\/\/i0.wp.com\/francaclassificados.com\/\/source\/view\/img\/20w50.png?resize=25%2C25&#038;ssl=1\" alt=\"Imagem compartilhar whatsapp\"\/><\/p>\n<p>                <img data-recalc-dims=\"1\" loading=\"lazy\" decoding=\"async\" width=\"25\" height=\"25\" src=\"https:\/\/i0.wp.com\/francaclassificados.com\/\/source\/view\/img\/18w50.png?resize=25%2C25&#038;ssl=1\" alt=\"Imagem compartilhar facebook\"\/><\/p>\n<\/p><\/div>\n<p>    <script async=\"\" src=\"https:\/\/pagead2.googlesyndication.com\/pagead\/js\/adsbygoogle.js?client=ca-pub-2853392113352629\" crossorigin=\"anonymous\"\/>\n    <ins class=\"adsbygoogle\" style=\"display:block\" data-ad-client=\"ca-pub-2853392113352629\" data-ad-slot=\"2925831803\" data-ad-format=\"auto\" data-full-width-responsive=\"true\"\/>\n    <script><![CDATA[\n    (adsbygoogle = window.adsbygoogle || []).push({});\n    ]]><\/script> <\/p>\n<div class=\"emp\">\n<p>\n            AUX. PRODU\u00c7\u00c3O \/ PESADOR \/ COLORISTA<br \/>Sexo MASCULINO Acima 25anos Sal\u00e1rio: DA CATEGORIA Organizado \/ Pro Ativo \/ Disciplinado \/ EXPERIENCIA NA AREA SER\u00c1 UM DIFERENCIAL Enviar curriculum com foto para: contrataquimicafranca@gmail.com\n            <\/p>\n<p><strong>Compartilhe:<\/strong><\/p>\n<p>                <img data-recalc-dims=\"1\" loading=\"lazy\" decoding=\"async\" width=\"25\" height=\"25\" src=\"https:\/\/i0.wp.com\/francaclassificados.com\/\/source\/view\/img\/20w50.png?resize=25%2C25&#038;ssl=1\" alt=\"Imagem compartilhar whatsapp\"\/><\/p>\n<p>                <img data-recalc-dims=\"1\" loading=\"lazy\" decoding=\"async\" width=\"25\" height=\"25\" src=\"https:\/\/i0.wp.com\/francaclassificados.com\/\/source\/view\/img\/18w50.png?resize=25%2C25&#038;ssl=1\" alt=\"Imagem compartilhar facebook\"\/><\/p>\n<\/p><\/div>\n<div class=\"emp\">\n<p>\n            CORRETORES DE IM\u00d3VEIS<br \/>(SAL\u00c1RIO R$ 1789 + VALE ALIMENTA\u00c7\u00c3O + COMISS\u00c3O) - PARA VENDA E LOCA\u00c7\u00c3O - COM EXPERIENCIA EM VENDAS, NO\u00c7\u00c3O DO SETOR ADMINISTRATIVO - PROATIVO - DIN\u00c2NICO - QUE TRABALHE COM METAS - DE SEGUNDA \u00c1 SEXTA DAS 08H00 \u00c1S 17H30 - COM PLANO DE CARREIRA - Enviar curr\u00edculo somente pelo whatsapp para n\u00famero de telefone (16) 99409-2661.\n            <\/p>\n<p><strong>Compartilhe:<\/strong><\/p>\n<p>                <img data-recalc-dims=\"1\" loading=\"lazy\" decoding=\"async\" width=\"25\" height=\"25\" src=\"https:\/\/i0.wp.com\/francaclassificados.com\/\/source\/view\/img\/20w50.png?resize=25%2C25&#038;ssl=1\" alt=\"Imagem compartilhar whatsapp\"\/><\/p>\n<p>                <img data-recalc-dims=\"1\" loading=\"lazy\" decoding=\"async\" width=\"25\" height=\"25\" src=\"https:\/\/i0.wp.com\/francaclassificados.com\/\/source\/view\/img\/18w50.png?resize=25%2C25&#038;ssl=1\" alt=\"Imagem compartilhar facebook\"\/><\/p>\n<\/p><\/div>\n<p>    <script async=\"\" src=\"https:\/\/pagead2.googlesyndication.com\/pagead\/js\/adsbygoogle.js?client=ca-pub-2853392113352629\" crossorigin=\"anonymous\"\/>\n    <ins class=\"adsbygoogle\" style=\"display:block\" data-ad-client=\"ca-pub-2853392113352629\" data-ad-slot=\"2925831803\" data-ad-format=\"auto\" data-full-width-responsive=\"true\"\/>\n    <script><![CDATA[\n    (adsbygoogle = window.adsbygoogle || []).push({});\n    ]]><\/script> <\/p>\n<div class=\"emp\">\n<p>\n            Ind\u00fastria de Cal\u00e7ados Feminino Contrata: Montador Manual (feminino), Apontador de Sola, Revisor final, Passadeira de Cola Cabedal, Auxiliar de Produ\u00e7\u00e3o, todos com experi\u00eancia, interessados enviar curr\u00edculo para Rua M\u00e9xico, 1166, jd.Consola\u00e7\u00e3o ou pelo e-mail: compras.quasacalcados@gmail.com\n            <\/p>\n<p><strong>Compartilhe:<\/strong><\/p>\n<p>                <img data-recalc-dims=\"1\" loading=\"lazy\" decoding=\"async\" width=\"25\" height=\"25\" src=\"https:\/\/i0.wp.com\/francaclassificados.com\/\/source\/view\/img\/20w50.png?resize=25%2C25&#038;ssl=1\" alt=\"Imagem compartilhar whatsapp\"\/><\/p>\n<p>                <img data-recalc-dims=\"1\" loading=\"lazy\" decoding=\"async\" width=\"25\" height=\"25\" src=\"https:\/\/i0.wp.com\/francaclassificados.com\/\/source\/view\/img\/18w50.png?resize=25%2C25&#038;ssl=1\" alt=\"Imagem compartilhar facebook\"\/><\/p>\n<\/p><\/div>\n<div class=\"emp\">\n<p>\n            RECEPCIONISTA (GUARITA)<br \/>FEMINIMO\/MASCULINO. Ensino m\u00e9dio completo. Controle de entrada e sa\u00edda de funcion\u00e1rios. Controle de entrada e sa\u00edda de familiares. Controle de visitas, controle de entrada e sa\u00edda dos moradores da institui\u00e7\u00e3o. ESCALA 12x36 (as 07h as 19h). Ter boa comunica\u00e7\u00e3o oral e escrita, conhecimento no pacote office. Regime de contrata\u00e7\u00e3o CLT,, e outros benef\u00edcios. INTERESSADOS enviar curr\u00edculo para curriculo@feji.org.br ou RUA OFELIA SOARES RUSSO 994 JD PLANALTO.\n            <\/p>\n<p><strong>Compartilhe:<\/strong><\/p>\n<p>                <img data-recalc-dims=\"1\" loading=\"lazy\" decoding=\"async\" width=\"25\" height=\"25\" src=\"https:\/\/i0.wp.com\/francaclassificados.com\/\/source\/view\/img\/20w50.png?resize=25%2C25&#038;ssl=1\" alt=\"Imagem compartilhar whatsapp\"\/><\/p>\n<p>                <img data-recalc-dims=\"1\" loading=\"lazy\" decoding=\"async\" width=\"25\" height=\"25\" src=\"https:\/\/i0.wp.com\/francaclassificados.com\/\/source\/view\/img\/18w50.png?resize=25%2C25&#038;ssl=1\" alt=\"Imagem compartilhar facebook\"\/><\/p>\n<\/p><\/div>\n<p>    <script async=\"\" src=\"https:\/\/pagead2.googlesyndication.com\/pagead\/js\/adsbygoogle.js?client=ca-pub-2853392113352629\" crossorigin=\"anonymous\"\/>\n    <ins class=\"adsbygoogle\" style=\"display:block\" data-ad-client=\"ca-pub-2853392113352629\" data-ad-slot=\"2925831803\" data-ad-format=\"auto\" data-full-width-responsive=\"true\"\/>\n    <script><![CDATA[\n    (adsbygoogle = window.adsbygoogle || []).push({});\n    ]]><\/script> <\/p>\n<div class=\"emp\">\n<p>\n            CONTRATA SE: Banca de Pesponto Legalizada que fa\u00e7a sapatenis; Coladeira de pe\u00e7as; Carimbadeira. A empresa fornece plano de sa\u00fade. Interessados enviar curr\u00edculo no e-mail: cdvrh@com4.com.br\n            <\/p>\n<p><strong>Compartilhe:<\/strong><\/p>\n<p>                <img data-recalc-dims=\"1\" loading=\"lazy\" decoding=\"async\" width=\"25\" height=\"25\" src=\"https:\/\/i0.wp.com\/francaclassificados.com\/\/source\/view\/img\/20w50.png?resize=25%2C25&#038;ssl=1\" alt=\"Imagem compartilhar whatsapp\"\/><\/p>\n<p>                <img data-recalc-dims=\"1\" loading=\"lazy\" decoding=\"async\" width=\"25\" height=\"25\" src=\"https:\/\/i0.wp.com\/francaclassificados.com\/\/source\/view\/img\/18w50.png?resize=25%2C25&#038;ssl=1\" alt=\"Imagem compartilhar facebook\"\/><\/p>\n<\/p><\/div>\n<div class=\"emp\">\n<p>\n            Empresa do ramo automotivo localizada em Franca-SP, contrata: AUXILIAR DE FATURAMENTO, AUXILIAR ADMINISTRATIVO, PESPONTADEIRA, inicio imediato. Os interessados devem enviar o curr\u00edculo para o e-mail trabalheconosco@couroearte.com.br com o nome da vaga.\n            <\/p>\n<p><strong>Compartilhe:<\/strong><\/p>\n<p>                <img data-recalc-dims=\"1\" loading=\"lazy\" decoding=\"async\" width=\"25\" height=\"25\" src=\"https:\/\/i0.wp.com\/francaclassificados.com\/\/source\/view\/img\/20w50.png?resize=25%2C25&#038;ssl=1\" alt=\"Imagem compartilhar whatsapp\"\/><\/p>\n<p>                <img data-recalc-dims=\"1\" loading=\"lazy\" decoding=\"async\" width=\"25\" height=\"25\" src=\"https:\/\/i0.wp.com\/francaclassificados.com\/\/source\/view\/img\/18w50.png?resize=25%2C25&#038;ssl=1\" alt=\"Imagem compartilhar facebook\"\/><\/p>\n<\/p><\/div>\n<p>    <script async=\"\" src=\"https:\/\/pagead2.googlesyndication.com\/pagead\/js\/adsbygoogle.js?client=ca-pub-2853392113352629\" crossorigin=\"anonymous\"\/>\n    <ins class=\"adsbygoogle\" style=\"display:block\" data-ad-client=\"ca-pub-2853392113352629\" data-ad-slot=\"2925831803\" data-ad-format=\"auto\" data-full-width-responsive=\"true\"\/>\n    <script><![CDATA[\n    (adsbygoogle = window.adsbygoogle || []).push({});\n    ]]><\/script> <\/p>\n<div class=\"emp\">\n<p>\n            AUXILIAR DE MEC\u00c2NICO HIDR\u00c1ULICO<br \/>Contrata-se Auxiliar de Mec\u00e2nico Hidr\u00e1ulico, segunda a sexta das 07:42 as 18:00 sal\u00e1rio + benef\u00edcios (sexta b\u00e1sica + seguro de vida + premia\u00e7\u00e3o) Fone: (16) 3701-1280 E-mail para envio dos curr\u00edculos: patricia.palhares@hidramil.com.br\n            <\/p>\n<p><strong>Compartilhe:<\/strong><\/p>\n<p>                <img data-recalc-dims=\"1\" loading=\"lazy\" decoding=\"async\" width=\"25\" height=\"25\" src=\"https:\/\/i0.wp.com\/francaclassificados.com\/\/source\/view\/img\/20w50.png?resize=25%2C25&#038;ssl=1\" alt=\"Imagem compartilhar whatsapp\"\/><\/p>\n<p>                <img data-recalc-dims=\"1\" loading=\"lazy\" decoding=\"async\" width=\"25\" height=\"25\" src=\"https:\/\/i0.wp.com\/francaclassificados.com\/\/source\/view\/img\/18w50.png?resize=25%2C25&#038;ssl=1\" alt=\"Imagem compartilhar facebook\"\/><\/p>\n<\/p><\/div>\n<div class=\"emp\">\n<p>\n            COMERCIAL DE E-COMMERCE<br \/>contrata-se pessoa para comercial de e-commerce. REQUISITOS: Conhecimento comprovado das plataformas Mercado Livre, Shein, shopee. Saber editar imagens no Canva E Photoshop. Habilidade no pacote office. RESPONSABILIDADES: Ser criativo e proativo, criar estampas e fazer an\u00fancios nas plataformas, responder perguntas e atender clientes. Sal\u00e1rio a combinar. Contato somente por WhatsApp 16-988184749\n            <\/p>\n<p><strong>Compartilhe:<\/strong><\/p>\n<p>                <img data-recalc-dims=\"1\" loading=\"lazy\" decoding=\"async\" width=\"25\" height=\"25\" src=\"https:\/\/i0.wp.com\/francaclassificados.com\/\/source\/view\/img\/20w50.png?resize=25%2C25&#038;ssl=1\" alt=\"Imagem compartilhar whatsapp\"\/><\/p>\n<p>                <img data-recalc-dims=\"1\" loading=\"lazy\" decoding=\"async\" width=\"25\" height=\"25\" src=\"https:\/\/i0.wp.com\/francaclassificados.com\/\/source\/view\/img\/18w50.png?resize=25%2C25&#038;ssl=1\" alt=\"Imagem compartilhar facebook\"\/><\/p>\n<\/p><\/div>\n<p>    <script async=\"\" src=\"https:\/\/pagead2.googlesyndication.com\/pagead\/js\/adsbygoogle.js?client=ca-pub-2853392113352629\" crossorigin=\"anonymous\"\/>\n    <ins class=\"adsbygoogle\" style=\"display:block\" data-ad-client=\"ca-pub-2853392113352629\" data-ad-slot=\"2925831803\" data-ad-format=\"auto\" data-full-width-responsive=\"true\"\/>\n    <script><![CDATA[\n    (adsbygoogle = window.adsbygoogle || []).push({});\n    ]]><\/script> <\/p>\n<div class=\"emp\">\n<p>\n            AUXILIAR DE ESTOQUE<br \/>Requisitos necess\u00e1rios: - Ser respons\u00e1vel - Estar sempre atento - SER UMA PESSOA ORGANIZADA - Experiencia em estoque ou almoxarifado m\u00ednimo de 6 meses - Ter vontade de trabalhar - Importante ter disciplina e cumprir hor\u00e1rios. Oportunidades: - Plano de crescimento - Boa remunera\u00e7\u00e3o - Oportunidade de crescer na empresa Como fa\u00e7o para me candidatar: Envie seu curr\u00edculo com foto para o e-mail com o titulo - AUXILIAR DE ESTOQUE<br \/>\n            <br \/>rh@revivalpacking.com.br\n            <\/p>\n<p><strong>Compartilhe:<\/strong><\/p>\n<p>                <img data-recalc-dims=\"1\" loading=\"lazy\" decoding=\"async\" width=\"25\" height=\"25\" src=\"https:\/\/i0.wp.com\/francaclassificados.com\/\/source\/view\/img\/20w50.png?resize=25%2C25&#038;ssl=1\" alt=\"Imagem compartilhar whatsapp\"\/><\/p>\n<p>                <img data-recalc-dims=\"1\" loading=\"lazy\" decoding=\"async\" width=\"25\" height=\"25\" src=\"https:\/\/i0.wp.com\/francaclassificados.com\/\/source\/view\/img\/18w50.png?resize=25%2C25&#038;ssl=1\" alt=\"Imagem compartilhar facebook\"\/><\/p>\n<\/p><\/div>\n<div class=\"emp\">\n<p>\n            DESIGNER GR\u00c1FICO \/ ARTE FINAL<br \/>Trabalhar internamente designer grafico com experi\u00eancia din\u00e2mica e criativo e etc<br \/>\n            <br \/>franklindgp@gmail.com\n            <\/p>\n<p><strong>Compartilhe:<\/strong><\/p>\n<p>                <img data-recalc-dims=\"1\" loading=\"lazy\" decoding=\"async\" width=\"25\" height=\"25\" src=\"https:\/\/i0.wp.com\/francaclassificados.com\/\/source\/view\/img\/20w50.png?resize=25%2C25&#038;ssl=1\" alt=\"Imagem compartilhar whatsapp\"\/><\/p>\n<p>                <img data-recalc-dims=\"1\" loading=\"lazy\" decoding=\"async\" width=\"25\" height=\"25\" src=\"https:\/\/i0.wp.com\/francaclassificados.com\/\/source\/view\/img\/18w50.png?resize=25%2C25&#038;ssl=1\" alt=\"Imagem compartilhar facebook\"\/><\/p>\n<\/p><\/div>\n<p>    <script async=\"\" src=\"https:\/\/pagead2.googlesyndication.com\/pagead\/js\/adsbygoogle.js?client=ca-pub-2853392113352629\" crossorigin=\"anonymous\"\/>\n    <ins class=\"adsbygoogle\" style=\"display:block\" data-ad-client=\"ca-pub-2853392113352629\" data-ad-slot=\"2925831803\" data-ad-format=\"auto\" data-full-width-responsive=\"true\"\/>\n    <script><![CDATA[\n    (adsbygoogle = window.adsbygoogle || []).push({});\n    ]]><\/script> <\/p>\n<div class=\"emp\">\n<p>\n            ESTOQUISTA (HOMEM)<br \/>Estamos em busca de um estoquista respons\u00e1vel e comprometido para se juntar \u00e0 nossa equipe. Ser\u00e1 um diferencial ter conhecimento em estoque T\u00eaxtil. Residir em Franca ou Regi\u00e3o. Enviar curr\u00edculos para contabil2@goltextil.com.br, no assunto Estoquista.\n            <\/p>\n<p><strong>Compartilhe:<\/strong><\/p>\n<p>                <img data-recalc-dims=\"1\" loading=\"lazy\" decoding=\"async\" width=\"25\" height=\"25\" src=\"https:\/\/i0.wp.com\/francaclassificados.com\/\/source\/view\/img\/20w50.png?resize=25%2C25&#038;ssl=1\" alt=\"Imagem compartilhar whatsapp\"\/><\/p>\n<p>                <img data-recalc-dims=\"1\" loading=\"lazy\" decoding=\"async\" width=\"25\" height=\"25\" src=\"https:\/\/i0.wp.com\/francaclassificados.com\/\/source\/view\/img\/18w50.png?resize=25%2C25&#038;ssl=1\" alt=\"Imagem compartilhar facebook\"\/><\/p>\n<\/p><\/div>\n<div class=\"emp\">\n<p>\n            AUXILIAR FTTH E FTTX - (MASCULINO)<br \/>Auxiliar o instalador nas instala\u00e7\u00f5es e reparos nas redes FTTH e FTTX. Atender chamados dos clientes. Realizar configura\u00e7\u00e3o de roteadores e repetidores de sinal entre outros. Necess\u00e1rio experi\u00eancia na \u00e1rea de telecomunica\u00e7\u00f5es ou el\u00e9trica. ENVIAR CURR\u00cdCULO PARA: contato@wlnet.com.br\n            <\/p>\n<p><strong>Compartilhe:<\/strong><\/p>\n<p>                <img data-recalc-dims=\"1\" loading=\"lazy\" decoding=\"async\" width=\"25\" height=\"25\" src=\"https:\/\/i0.wp.com\/francaclassificados.com\/\/source\/view\/img\/20w50.png?resize=25%2C25&#038;ssl=1\" alt=\"Imagem compartilhar whatsapp\"\/><\/p>\n<p>                <img data-recalc-dims=\"1\" loading=\"lazy\" decoding=\"async\" width=\"25\" height=\"25\" src=\"https:\/\/i0.wp.com\/francaclassificados.com\/\/source\/view\/img\/18w50.png?resize=25%2C25&#038;ssl=1\" alt=\"Imagem compartilhar facebook\"\/><\/p>\n<\/p><\/div>\n<p>    <script async=\"\" src=\"https:\/\/pagead2.googlesyndication.com\/pagead\/js\/adsbygoogle.js?client=ca-pub-2853392113352629\" crossorigin=\"anonymous\"\/>\n    <ins class=\"adsbygoogle\" style=\"display:block\" data-ad-client=\"ca-pub-2853392113352629\" data-ad-slot=\"2925831803\" data-ad-format=\"auto\" data-full-width-responsive=\"true\"\/>\n    <script><![CDATA[\n    (adsbygoogle = window.adsbygoogle || []).push({});\n    ]]><\/script> <\/p>\n<div class=\"emp\">\n<p>\n            AUXILIAR CONT\u00c1BIL EXPERIENTE<br \/>Contrata-se Auxiliar Cont\u00e1bil e Fiscal com experi\u00eancia em empresas com Regime de Tributa\u00e7\u00e3o Lucro Presumido e Real. Interessados favor encaminhar os curriculos para o email: curriculocontabil23@gmail.com.\n            <\/p>\n<p><strong>Compartilhe:<\/strong><\/p>\n<p>                <img data-recalc-dims=\"1\" loading=\"lazy\" decoding=\"async\" width=\"25\" height=\"25\" src=\"https:\/\/i0.wp.com\/francaclassificados.com\/\/source\/view\/img\/20w50.png?resize=25%2C25&#038;ssl=1\" alt=\"Imagem compartilhar whatsapp\"\/><\/p>\n<p>                <img data-recalc-dims=\"1\" loading=\"lazy\" decoding=\"async\" width=\"25\" height=\"25\" src=\"https:\/\/i0.wp.com\/francaclassificados.com\/\/source\/view\/img\/18w50.png?resize=25%2C25&#038;ssl=1\" alt=\"Imagem compartilhar facebook\"\/><\/p>\n<\/p><\/div>\n<div class=\"emp\">\n<p>\n            AUXILIAR DE COZINHA<br \/>Vaga para auxiliar de cozinha. Requisitos: disponibilidade de hor\u00e1rio para trabalhar aos finais de semana. Carga hor\u00e1ria de ter\u00e7a a domingo. Proativo e respons\u00e1vel. Boa comunica\u00e7\u00e3o e trabalho em equipe. Agilidade nos processos da cozinha durante as prepara\u00e7\u00f5es. Experi\u00eancia na \u00e1rea \u00e9 um diferencial. Enviar e-mail para: ninocozinhacontemporanea@gmail.com\n            <\/p>\n<p><strong>Compartilhe:<\/strong><\/p>\n<p>                <img data-recalc-dims=\"1\" loading=\"lazy\" decoding=\"async\" width=\"25\" height=\"25\" src=\"https:\/\/i0.wp.com\/francaclassificados.com\/\/source\/view\/img\/20w50.png?resize=25%2C25&#038;ssl=1\" alt=\"Imagem compartilhar whatsapp\"\/><\/p>\n<p>                <img data-recalc-dims=\"1\" loading=\"lazy\" decoding=\"async\" width=\"25\" height=\"25\" src=\"https:\/\/i0.wp.com\/francaclassificados.com\/\/source\/view\/img\/18w50.png?resize=25%2C25&#038;ssl=1\" alt=\"Imagem compartilhar facebook\"\/><\/p>\n<\/p><\/div>\n<p>    <script async=\"\" src=\"https:\/\/pagead2.googlesyndication.com\/pagead\/js\/adsbygoogle.js?client=ca-pub-2853392113352629\" crossorigin=\"anonymous\"\/>\n    <ins class=\"adsbygoogle\" style=\"display:block\" data-ad-client=\"ca-pub-2853392113352629\" data-ad-slot=\"2925831803\" data-ad-format=\"auto\" data-full-width-responsive=\"true\"\/>\n    <script><![CDATA[\n    (adsbygoogle = window.adsbygoogle || []).push({});\n    ]]><\/script> <\/p>\n<div class=\"emp\">\n<p>\n            AUXILIAR DE SALGADEIRO<br \/>Lavar formas,panelas,assar e fritar salgados e etc - Curr\u00edculo com foto no WhatsApp n\u00e3o aceitamos liga\u00e7\u00f5es WhatsApp 16 99329-0590 diferencial Cnh\/A\/B\n            <\/p>\n<p><strong>Compartilhe:<\/strong><\/p>\n<p>                <img data-recalc-dims=\"1\" loading=\"lazy\" decoding=\"async\" width=\"25\" height=\"25\" src=\"https:\/\/i0.wp.com\/francaclassificados.com\/\/source\/view\/img\/20w50.png?resize=25%2C25&#038;ssl=1\" alt=\"Imagem compartilhar whatsapp\"\/><\/p>\n<p>                <img data-recalc-dims=\"1\" loading=\"lazy\" decoding=\"async\" width=\"25\" height=\"25\" src=\"https:\/\/i0.wp.com\/francaclassificados.com\/\/source\/view\/img\/18w50.png?resize=25%2C25&#038;ssl=1\" alt=\"Imagem compartilhar facebook\"\/><\/p>\n<\/p><\/div>\n<div class=\"emp\">\n<p>\n            Contrata-se coladeira de pe\u00e7as com pr\u00e1tica para f\u00e1brica de bolsas , e homens para servi\u00e7os gerais ,localizada nas imedia\u00e7\u00f5es da avenida adhemar de Barros , interessados entrar em contato pelo WhatsApp falar com junim (16)991514137\n            <\/p>\n<p><strong>Compartilhe:<\/strong><\/p>\n<p>                <img data-recalc-dims=\"1\" loading=\"lazy\" decoding=\"async\" width=\"25\" height=\"25\" src=\"https:\/\/i0.wp.com\/francaclassificados.com\/\/source\/view\/img\/20w50.png?resize=25%2C25&#038;ssl=1\" alt=\"Imagem compartilhar whatsapp\"\/><\/p>\n<p>                <img data-recalc-dims=\"1\" loading=\"lazy\" decoding=\"async\" width=\"25\" height=\"25\" src=\"https:\/\/i0.wp.com\/francaclassificados.com\/\/source\/view\/img\/18w50.png?resize=25%2C25&#038;ssl=1\" alt=\"Imagem compartilhar facebook\"\/><\/p>\n<\/p><\/div>\n<p>    <script async=\"\" src=\"https:\/\/pagead2.googlesyndication.com\/pagead\/js\/adsbygoogle.js?client=ca-pub-2853392113352629\" crossorigin=\"anonymous\"\/>\n    <ins class=\"adsbygoogle\" style=\"display:block\" data-ad-client=\"ca-pub-2853392113352629\" data-ad-slot=\"2925831803\" data-ad-format=\"auto\" data-full-width-responsive=\"true\"\/>\n    <script><![CDATA[\n    (adsbygoogle = window.adsbygoogle || []).push({});\n    ]]><\/script> <\/p>\n<div class=\"emp\">\n<p>\n            CONTRATA PARA INICIO IMEDIATO PESPONTADOR (EIRA) PARA TRABALHAR EM BANCA DE PESPONTO. INTERESSADOS ENVIAR CURRICULUM PARA O E-MAIL recrutarhshoes@gmail.com\n            <\/p>\n<p><strong>Compartilhe:<\/strong><\/p>\n<p>                <img data-recalc-dims=\"1\" loading=\"lazy\" decoding=\"async\" width=\"25\" height=\"25\" src=\"https:\/\/i0.wp.com\/francaclassificados.com\/\/source\/view\/img\/20w50.png?resize=25%2C25&#038;ssl=1\" alt=\"Imagem compartilhar whatsapp\"\/><\/p>\n<p>                <img data-recalc-dims=\"1\" loading=\"lazy\" decoding=\"async\" width=\"25\" height=\"25\" src=\"https:\/\/i0.wp.com\/francaclassificados.com\/\/source\/view\/img\/18w50.png?resize=25%2C25&#038;ssl=1\" alt=\"Imagem compartilhar facebook\"\/><\/p>\n<\/p><\/div>\n<div class=\"emp\">\n<p>\n            MOTORISTA DE CAMINHAO\/ENTREGADOR<br \/>Contrata-se motorista de caminh\u00e3o\/entregador (ir\u00e1 conduzir o veiculo e entregar a mercadoria sem ajudante). Requisitos: Categoria D, ter experi\u00eancia na \u00e1rea de entrega de produtos aliment\u00edcios, com a carteira liberada para inicio imediato, TER DISPONIBILIDADE PARA POUSO. Entregas em Franca, regi\u00e3o e algumas cidades de Minas Gerais. Sal\u00e1rio R$2.198,81 + 236,25 V.A. + di\u00e1rias de acordo com o sindicato. Trabalho de seg a sex. Interessados enviar curr\u00edculo para: rh.contratacao.vendas@gmail.com.\n            <\/p>\n<p><strong>Compartilhe:<\/strong><\/p>\n<p>                <img data-recalc-dims=\"1\" loading=\"lazy\" decoding=\"async\" width=\"25\" height=\"25\" src=\"https:\/\/i0.wp.com\/francaclassificados.com\/\/source\/view\/img\/20w50.png?resize=25%2C25&#038;ssl=1\" alt=\"Imagem compartilhar whatsapp\"\/><\/p>\n<p>                <img data-recalc-dims=\"1\" loading=\"lazy\" decoding=\"async\" width=\"25\" height=\"25\" src=\"https:\/\/i0.wp.com\/francaclassificados.com\/\/source\/view\/img\/18w50.png?resize=25%2C25&#038;ssl=1\" alt=\"Imagem compartilhar facebook\"\/><\/p>\n<\/p><\/div>\n<p>    <script async=\"\" src=\"https:\/\/pagead2.googlesyndication.com\/pagead\/js\/adsbygoogle.js?client=ca-pub-2853392113352629\" crossorigin=\"anonymous\"\/>\n    <ins class=\"adsbygoogle\" style=\"display:block\" data-ad-client=\"ca-pub-2853392113352629\" data-ad-slot=\"2925831803\" data-ad-format=\"auto\" data-full-width-responsive=\"true\"\/>\n    <script><![CDATA[\n    (adsbygoogle = window.adsbygoogle || []).push({});\n    ]]><\/script> <\/p>\n<div class=\"emp\">\n<p>\n            F\u00e1brica de cal\u00e7ados admite-se para 3 cargos dispon\u00edveis: PASSADOR DE COLA NO CABEDAL, RISCADOR, REBAIXADOR. F\u00e1brica localizada no Tropical: Chamar no Whatsapp 16 98809-9835\n            <\/p>\n<p><strong>Compartilhe:<\/strong><\/p>\n<p>                <img data-recalc-dims=\"1\" loading=\"lazy\" decoding=\"async\" width=\"25\" height=\"25\" src=\"https:\/\/i0.wp.com\/francaclassificados.com\/\/source\/view\/img\/20w50.png?resize=25%2C25&#038;ssl=1\" alt=\"Imagem compartilhar whatsapp\"\/><\/p>\n<p>                <img data-recalc-dims=\"1\" loading=\"lazy\" decoding=\"async\" width=\"25\" height=\"25\" src=\"https:\/\/i0.wp.com\/francaclassificados.com\/\/source\/view\/img\/18w50.png?resize=25%2C25&#038;ssl=1\" alt=\"Imagem compartilhar facebook\"\/><\/p>\n<\/p><\/div>\n<div class=\"emp\">\n<p>\n            SOCIAL MEDIA | LOJA DE MODA INFANTIL<br \/>Loja de moda Infantil REQUISITOS: Dom\u00ednio na cria\u00e7\u00e3o de reels, e posts para as redes sociais. Excelente comunica\u00e7\u00e3o verbal e principalmente escrita para cria\u00e7\u00e3o das legendas dos posts. No\u00e7\u00f5es de roteiro, grava\u00e7\u00e3o, fotografia e edi\u00e7\u00e3o de v\u00eddeos. Disponibilidade para in\u00edcio imediato Prefer\u00eancia por perfil feminino: Interessadas enviar curr\u00edculo para o n\u00famero: 1699266-4997\n            <\/p>\n<p><strong>Compartilhe:<\/strong><\/p>\n<p>                <img data-recalc-dims=\"1\" loading=\"lazy\" decoding=\"async\" width=\"25\" height=\"25\" src=\"https:\/\/i0.wp.com\/francaclassificados.com\/\/source\/view\/img\/20w50.png?resize=25%2C25&#038;ssl=1\" alt=\"Imagem compartilhar whatsapp\"\/><\/p>\n<p>                <img data-recalc-dims=\"1\" loading=\"lazy\" decoding=\"async\" width=\"25\" height=\"25\" src=\"https:\/\/i0.wp.com\/francaclassificados.com\/\/source\/view\/img\/18w50.png?resize=25%2C25&#038;ssl=1\" alt=\"Imagem compartilhar facebook\"\/><\/p>\n<\/p><\/div>\n<p>    <script async=\"\" src=\"https:\/\/pagead2.googlesyndication.com\/pagead\/js\/adsbygoogle.js?client=ca-pub-2853392113352629\" crossorigin=\"anonymous\"\/>\n    <ins class=\"adsbygoogle\" style=\"display:block\" data-ad-client=\"ca-pub-2853392113352629\" data-ad-slot=\"2925831803\" data-ad-format=\"auto\" data-full-width-responsive=\"true\"\/>\n    <script><![CDATA[\n    (adsbygoogle = window.adsbygoogle || []).push({});\n    ]]><\/script> <\/p>\n<div class=\"emp\">\n<p>\n            Contrata-se empregada dom\u00e9stica para casa de fam\u00edlia, cozinhar, lavar, passar, limpeza geral, conserva\u00e7\u00e3o e organiza\u00e7\u00e3o dos ambientes. Segunda a sexta das 7:30hs as 16hs. mecanicatratomag@gmail.com\n            <\/p>\n<p><strong>Compartilhe:<\/strong><\/p>\n<p>                <img data-recalc-dims=\"1\" loading=\"lazy\" decoding=\"async\" width=\"25\" height=\"25\" src=\"https:\/\/i0.wp.com\/francaclassificados.com\/\/source\/view\/img\/20w50.png?resize=25%2C25&#038;ssl=1\" alt=\"Imagem compartilhar whatsapp\"\/><\/p>\n<p>                <img data-recalc-dims=\"1\" loading=\"lazy\" decoding=\"async\" width=\"25\" height=\"25\" src=\"https:\/\/i0.wp.com\/francaclassificados.com\/\/source\/view\/img\/18w50.png?resize=25%2C25&#038;ssl=1\" alt=\"Imagem compartilhar facebook\"\/><\/p>\n<\/p><\/div>\n<div class=\"emp\">\n<p>\n            OPORTUNIDADES<br \/>*Vendedor(a),* *Representante Comercial (Para\u00fana-GO),* *Repositor de mercadorias,* *aux. de consult\u00f3rio odontol\u00f3gico,* * supervisor de vendas,* *Atendente de SAC,* *Televendas,* *Auxiliar de DP e Financeiro,* *Aux. Administrativo,* *Vendedor Externo (regi\u00e3o Anhanguera),* * T\u00e9cnico em Seguran\u00e7a do Trabalho,* Est\u00e1gio em Marketing,* *Dentista PJ,* *Ass. Comercial,* * Vendedor de insumos para obras,* Nos chame no WhatsApp (16) 98219-6535.\n            <\/p>\n<p><strong>Compartilhe:<\/strong><\/p>\n<p>                <img data-recalc-dims=\"1\" loading=\"lazy\" decoding=\"async\" width=\"25\" height=\"25\" src=\"https:\/\/i0.wp.com\/francaclassificados.com\/\/source\/view\/img\/20w50.png?resize=25%2C25&#038;ssl=1\" alt=\"Imagem compartilhar whatsapp\"\/><\/p>\n<p>                <img data-recalc-dims=\"1\" loading=\"lazy\" decoding=\"async\" width=\"25\" height=\"25\" src=\"https:\/\/i0.wp.com\/francaclassificados.com\/\/source\/view\/img\/18w50.png?resize=25%2C25&#038;ssl=1\" alt=\"Imagem compartilhar facebook\"\/><\/p>\n<\/p><\/div>\n<p>    <script async=\"\" src=\"https:\/\/pagead2.googlesyndication.com\/pagead\/js\/adsbygoogle.js?client=ca-pub-2853392113352629\" crossorigin=\"anonymous\"\/>\n    <ins class=\"adsbygoogle\" style=\"display:block\" data-ad-client=\"ca-pub-2853392113352629\" data-ad-slot=\"2925831803\" data-ad-format=\"auto\" data-full-width-responsive=\"true\"\/>\n    <script><![CDATA[\n    (adsbygoogle = window.adsbygoogle || []).push({});\n    ]]><\/script> <\/p>\n<div class=\"emp\">\n<p>\n            Contrata - se Vendedor com experi\u00eancia, respons\u00e1vel, boa comunica\u00e7\u00e3o e proatividade. Enviar curriculum com foto e rede social para o email: contatoimperiomodasfranca@gmail.com\n            <\/p>\n<p><strong>Compartilhe:<\/strong><\/p>\n<p>                <img data-recalc-dims=\"1\" loading=\"lazy\" decoding=\"async\" width=\"25\" height=\"25\" src=\"https:\/\/i0.wp.com\/francaclassificados.com\/\/source\/view\/img\/20w50.png?resize=25%2C25&#038;ssl=1\" alt=\"Imagem compartilhar whatsapp\"\/><\/p>\n<p>                <img data-recalc-dims=\"1\" loading=\"lazy\" decoding=\"async\" width=\"25\" height=\"25\" src=\"https:\/\/i0.wp.com\/francaclassificados.com\/\/source\/view\/img\/18w50.png?resize=25%2C25&#038;ssl=1\" alt=\"Imagem compartilhar facebook\"\/><\/p>\n<\/p><\/div>\n<div class=\"emp\">\n<p>\n            AUXILIAR DE EXPEDI\u00c7\u00c3O<br \/>Precisa-se de Auxiliar de expedi\u00e7\u00e3o do sexo masculino. Interessados enviar curr\u00edculo pelo WhatsApp 1699166-6088\n            <\/p>\n<p><strong>Compartilhe:<\/strong><\/p>\n<p>                <img data-recalc-dims=\"1\" loading=\"lazy\" decoding=\"async\" width=\"25\" height=\"25\" src=\"https:\/\/i0.wp.com\/francaclassificados.com\/\/source\/view\/img\/20w50.png?resize=25%2C25&#038;ssl=1\" alt=\"Imagem compartilhar whatsapp\"\/><\/p>\n<p>                <img data-recalc-dims=\"1\" loading=\"lazy\" decoding=\"async\" width=\"25\" height=\"25\" src=\"https:\/\/i0.wp.com\/francaclassificados.com\/\/source\/view\/img\/18w50.png?resize=25%2C25&#038;ssl=1\" alt=\"Imagem compartilhar facebook\"\/><\/p>\n<\/p><\/div>\n<p>    <script async=\"\" src=\"https:\/\/pagead2.googlesyndication.com\/pagead\/js\/adsbygoogle.js?client=ca-pub-2853392113352629\" crossorigin=\"anonymous\"\/>\n    <ins class=\"adsbygoogle\" style=\"display:block\" data-ad-client=\"ca-pub-2853392113352629\" data-ad-slot=\"2925831803\" data-ad-format=\"auto\" data-full-width-responsive=\"true\"\/>\n    <script><![CDATA[\n    (adsbygoogle = window.adsbygoogle || []).push({});\n    ]]><\/script> <\/p>\n<div class=\"emp\">\n<p>\n            AUXILIAR ADMINISTRATIVO<br \/>Requisitos Necess\u00e1rios: - Ensino M\u00e9dio Completo, - Conhecimento no pacote Office, - Disponibilidade de segunda \u00e0 s\u00e1bado Principais atividades: - Atendimento presencial dos clientes; - Log\u00edstica de pedidos; - Acertos financeiros; - Abertura e fechamento de caixa. Comportamentos essenciais: - Organiza\u00e7\u00e3o; - Proatividade; - Responsabilidade.<br \/>\n            <br \/>consultoria.isamuzeti@gmail.com\n            <\/p>\n<p><strong>Compartilhe:<\/strong><\/p>\n<p>                <img data-recalc-dims=\"1\" loading=\"lazy\" decoding=\"async\" width=\"25\" height=\"25\" src=\"https:\/\/i0.wp.com\/francaclassificados.com\/\/source\/view\/img\/20w50.png?resize=25%2C25&#038;ssl=1\" alt=\"Imagem compartilhar whatsapp\"\/><\/p>\n<p>                <img data-recalc-dims=\"1\" loading=\"lazy\" decoding=\"async\" width=\"25\" height=\"25\" src=\"https:\/\/i0.wp.com\/francaclassificados.com\/\/source\/view\/img\/18w50.png?resize=25%2C25&#038;ssl=1\" alt=\"Imagem compartilhar facebook\"\/><\/p>\n<\/p><\/div>\n<div class=\"emp\">\n<p>\n            VAGA DE EMPREGO ANALISTA DE TI - MEI<br \/>**ATEN\u00c7\u00c3O - Se voc\u00ea N\u00c3O possui experi\u00eancia na \u00e1rea, N\u00c3O enviar curr\u00edculo** - Micro Computa\u00e7\u00e3o - Formata\u00e7\u00e3o, Windows 10, 11 - Formata\u00e7\u00e3o Windows Server - Hardware B\u00e1sico - Atendimento ao Cliente - Carteira A (SOMENTE CARTEIRA A DE MOTO, N\u00c3O PRECISA DO VE\u00cdCULO) - Sal\u00e1rio - Bonifica\u00e7\u00e3o final do ano ao atingir metas - Indispens\u00e1vel ser ME ou MEI. ENVIAR CURR\u00cdCULO COM PRETENS\u00c3O SALARIAL PARA: tifrancavagas@gmail.com\n            <\/p>\n<p><strong>Compartilhe:<\/strong><\/p>\n<p>                <img data-recalc-dims=\"1\" loading=\"lazy\" decoding=\"async\" width=\"25\" height=\"25\" src=\"https:\/\/i0.wp.com\/francaclassificados.com\/\/source\/view\/img\/20w50.png?resize=25%2C25&#038;ssl=1\" alt=\"Imagem compartilhar whatsapp\"\/><\/p>\n<p>                <img data-recalc-dims=\"1\" loading=\"lazy\" decoding=\"async\" width=\"25\" height=\"25\" src=\"https:\/\/i0.wp.com\/francaclassificados.com\/\/source\/view\/img\/18w50.png?resize=25%2C25&#038;ssl=1\" alt=\"Imagem compartilhar facebook\"\/><\/p>\n<\/p><\/div>\n<p>    <script async=\"\" src=\"https:\/\/pagead2.googlesyndication.com\/pagead\/js\/adsbygoogle.js?client=ca-pub-2853392113352629\" crossorigin=\"anonymous\"\/>\n    <ins class=\"adsbygoogle\" style=\"display:block\" data-ad-client=\"ca-pub-2853392113352629\" data-ad-slot=\"2925831803\" data-ad-format=\"auto\" data-full-width-responsive=\"true\"\/>\n    <script><![CDATA[\n    (adsbygoogle = window.adsbygoogle || []).push({});\n    ]]><\/script> <\/p>\n<div class=\"emp\">\n<p>\n            CONTRATA SE REVISORA FINAL COM EXPERI\u00caNCIA, PERFIL COMPROMETIDO E RESPONSAVEL. INTERESSADOS ENVIAR CURRICULO PELO WHASTAPP (16)3721 8372 OU ENTREGAR NO ENDERE\u00c7O RUA HIPOLITO ANTONIO PINHEIRO,3810 - JARDIM INTEGRA\u00c7\u00c3O FRANCA SP\n            <\/p>\n<p><strong>Compartilhe:<\/strong><\/p>\n<p>                <img data-recalc-dims=\"1\" loading=\"lazy\" decoding=\"async\" width=\"25\" height=\"25\" src=\"https:\/\/i0.wp.com\/francaclassificados.com\/\/source\/view\/img\/20w50.png?resize=25%2C25&#038;ssl=1\" alt=\"Imagem compartilhar whatsapp\"\/><\/p>\n<p>                <img data-recalc-dims=\"1\" loading=\"lazy\" decoding=\"async\" width=\"25\" height=\"25\" src=\"https:\/\/i0.wp.com\/francaclassificados.com\/\/source\/view\/img\/18w50.png?resize=25%2C25&#038;ssl=1\" alt=\"Imagem compartilhar facebook\"\/><\/p>\n<\/p><\/div>\n<div class=\"emp\">\n<p>\n            Estamos contratando para in\u00edcio imediato: FECHADOR DE LADO com experi\u00eancia. Interessados enviar curr\u00edculo no email: vagasdeptopessoal1805@gmail.com\n            <\/p>\n<p><strong>Compartilhe:<\/strong><\/p>\n<p>                <img data-recalc-dims=\"1\" loading=\"lazy\" decoding=\"async\" width=\"25\" height=\"25\" src=\"https:\/\/i0.wp.com\/francaclassificados.com\/\/source\/view\/img\/20w50.png?resize=25%2C25&#038;ssl=1\" alt=\"Imagem compartilhar whatsapp\"\/><\/p>\n<p>                <img data-recalc-dims=\"1\" loading=\"lazy\" decoding=\"async\" width=\"25\" height=\"25\" src=\"https:\/\/i0.wp.com\/francaclassificados.com\/\/source\/view\/img\/18w50.png?resize=25%2C25&#038;ssl=1\" alt=\"Imagem compartilhar facebook\"\/><\/p>\n<\/p><\/div>\n<p>    <script async=\"\" src=\"https:\/\/pagead2.googlesyndication.com\/pagead\/js\/adsbygoogle.js?client=ca-pub-2853392113352629\" crossorigin=\"anonymous\"\/>\n    <ins class=\"adsbygoogle\" style=\"display:block\" data-ad-client=\"ca-pub-2853392113352629\" data-ad-slot=\"2925831803\" data-ad-format=\"auto\" data-full-width-responsive=\"true\"\/>\n    <script><![CDATA[\n    (adsbygoogle = window.adsbygoogle || []).push({});\n    ]]><\/script> <\/p>\n<div class=\"emp\">\n<p>\n            ANALISTA DE PCP<br \/>Atividades: Controle de estoque e produ\u00e7\u00e3o - Cadastramento de produtos - Elabora\u00e7\u00e3o de Pedidos - An\u00e1lise de custos e insumos para a produ\u00e7\u00e3o - Acompanhamento dos pedidos na produ\u00e7\u00e3o ( prazos e entregas). Requisitos: Experi\u00eancia anterior na \u00e1rea de PCP - capacidade de an\u00e1lise sobre processos produtivos. Ter\u00e3o prefer\u00eancia os candidatos com forma\u00e7\u00e3o superior em \u00e1reas relacionadas. Interessados enviar curriculum para rhfreitas.selecao@gmail.com\n            <\/p>\n<p><strong>Compartilhe:<\/strong><\/p>\n<p>                <img data-recalc-dims=\"1\" loading=\"lazy\" decoding=\"async\" width=\"25\" height=\"25\" src=\"https:\/\/i0.wp.com\/francaclassificados.com\/\/source\/view\/img\/20w50.png?resize=25%2C25&#038;ssl=1\" alt=\"Imagem compartilhar whatsapp\"\/><\/p>\n<p>                <img data-recalc-dims=\"1\" loading=\"lazy\" decoding=\"async\" width=\"25\" height=\"25\" src=\"https:\/\/i0.wp.com\/francaclassificados.com\/\/source\/view\/img\/18w50.png?resize=25%2C25&#038;ssl=1\" alt=\"Imagem compartilhar facebook\"\/><\/p>\n<\/p><\/div>\n<div class=\"emp\">\n<p>\n            AJUDANTE DE PADEIRO<br \/>PARA TRABALHAR EM INDUSTRIA DE P\u00c3ES CONGELADOS, NO HOR\u00c1RIO DAS 14:40 AS 00:28, DE SEGUNDA A SEXTA FEIRA. SALARIO DE R$1.616,85 + V.A DE R$500,00.<br \/>\n            <br \/>contato@lutminas.com.br\n            <\/p>\n<p><strong>Compartilhe:<\/strong><\/p>\n<p>                <img data-recalc-dims=\"1\" loading=\"lazy\" decoding=\"async\" width=\"25\" height=\"25\" src=\"https:\/\/i0.wp.com\/francaclassificados.com\/\/source\/view\/img\/20w50.png?resize=25%2C25&#038;ssl=1\" alt=\"Imagem compartilhar whatsapp\"\/><\/p>\n<p>                <img data-recalc-dims=\"1\" loading=\"lazy\" decoding=\"async\" width=\"25\" height=\"25\" src=\"https:\/\/i0.wp.com\/francaclassificados.com\/\/source\/view\/img\/18w50.png?resize=25%2C25&#038;ssl=1\" alt=\"Imagem compartilhar facebook\"\/><\/p>\n<\/p><\/div>\n<p>    <script async=\"\" src=\"https:\/\/pagead2.googlesyndication.com\/pagead\/js\/adsbygoogle.js?client=ca-pub-2853392113352629\" crossorigin=\"anonymous\"\/>\n    <ins class=\"adsbygoogle\" style=\"display:block\" data-ad-client=\"ca-pub-2853392113352629\" data-ad-slot=\"2925831803\" data-ad-format=\"auto\" data-full-width-responsive=\"true\"\/>\n    <script><![CDATA[\n    (adsbygoogle = window.adsbygoogle || []).push({});\n    ]]><\/script> <\/p>\n<div class=\"emp\">\n<p>\n            VIDEOMAKER<br \/>Preciso de algu\u00e9m que tenha vis\u00e3o de conte\u00fado e domina a arte de montagens de v\u00eddeos! Interessados chamar no WhatsApp 16992913137\n            <\/p>\n<p><strong>Compartilhe:<\/strong><\/p>\n<p>                <img data-recalc-dims=\"1\" loading=\"lazy\" decoding=\"async\" width=\"25\" height=\"25\" src=\"https:\/\/i0.wp.com\/francaclassificados.com\/\/source\/view\/img\/20w50.png?resize=25%2C25&#038;ssl=1\" alt=\"Imagem compartilhar whatsapp\"\/><\/p>\n<p>                <img data-recalc-dims=\"1\" loading=\"lazy\" decoding=\"async\" width=\"25\" height=\"25\" src=\"https:\/\/i0.wp.com\/francaclassificados.com\/\/source\/view\/img\/18w50.png?resize=25%2C25&#038;ssl=1\" alt=\"Imagem compartilhar facebook\"\/><\/p>\n<\/p><\/div>\n<div class=\"emp\">\n<p>\n            VENDEDOR<br \/>Experi\u00eancia m\u00ednima de 1 ano em Vendas Internas\/Comercial, facilidade em Pacote Office, ERP e Excel avan\u00e7ado; possuir Superior em \u00e1reas de Administra\u00e7\u00e3o, Cont\u00e1bil, Marketing ou Gest\u00e3o de Neg\u00f3cios ser\u00e1 um diferencial-Ira realizar atendimento \u00e0 Clientes; Capta\u00e7\u00e3o de novos Clientes; Atua\u00e7\u00e3o em Feiras e Eventos; Necess\u00e1rio comprometimento, persuas\u00e3o; Trabalho de Segunda a sexta: das 07:45h as 18:03h. Mandar curr\u00edculo no e-mail: recrutamento@harus.ind.br . ASSUNTO: VENDEDOR\n            <\/p>\n<p><strong>Compartilhe:<\/strong><\/p>\n<p>                <img data-recalc-dims=\"1\" loading=\"lazy\" decoding=\"async\" width=\"25\" height=\"25\" src=\"https:\/\/i0.wp.com\/francaclassificados.com\/\/source\/view\/img\/20w50.png?resize=25%2C25&#038;ssl=1\" alt=\"Imagem compartilhar whatsapp\"\/><\/p>\n<p>                <img data-recalc-dims=\"1\" loading=\"lazy\" decoding=\"async\" width=\"25\" height=\"25\" src=\"https:\/\/i0.wp.com\/francaclassificados.com\/\/source\/view\/img\/18w50.png?resize=25%2C25&#038;ssl=1\" alt=\"Imagem compartilhar facebook\"\/><\/p>\n<\/p><\/div>\n<p>    <script async=\"\" src=\"https:\/\/pagead2.googlesyndication.com\/pagead\/js\/adsbygoogle.js?client=ca-pub-2853392113352629\" crossorigin=\"anonymous\"\/>\n    <ins class=\"adsbygoogle\" style=\"display:block\" data-ad-client=\"ca-pub-2853392113352629\" data-ad-slot=\"2925831803\" data-ad-format=\"auto\" data-full-width-responsive=\"true\"\/>\n    <script><![CDATA[\n    (adsbygoogle = window.adsbygoogle || []).push({});\n    ]]><\/script> <\/p>\n<div class=\"emp\">\n<p>\n            CUIDADOR (A)<br \/>VAGA VOLANTE: ir\u00e1 cobrir f\u00e9rias, folgas, etc. Precisa estar 100% dispon\u00edvel para a Institui\u00e7\u00e3o. MASCULINO OU FEMININO, ter curso de cuidador ser\u00e1 um diferencial, gostar de cuidar de pessoas e ser inclusivo. DISPONIBILIDADE DE HOR\u00c1RIO: ESCALAS 12X36 DIURNO\/NOTURNO Auxiliar em rotinas de vida di\u00e1ria como banho, higiene pessoal, alimenta\u00e7\u00e3o entre outras fun\u00e7\u00f5es, enviar curr\u00edculo pelo e-mail curriculo@feji.org.br ou na Rua Of\u00e9lia Soares Russo 970 Jd Planalto\n            <\/p>\n<p><strong>Compartilhe:<\/strong><\/p>\n<p>                <img data-recalc-dims=\"1\" loading=\"lazy\" decoding=\"async\" width=\"25\" height=\"25\" src=\"https:\/\/i0.wp.com\/francaclassificados.com\/\/source\/view\/img\/20w50.png?resize=25%2C25&#038;ssl=1\" alt=\"Imagem compartilhar whatsapp\"\/><\/p>\n<p>                <img data-recalc-dims=\"1\" loading=\"lazy\" decoding=\"async\" width=\"25\" height=\"25\" src=\"https:\/\/i0.wp.com\/francaclassificados.com\/\/source\/view\/img\/18w50.png?resize=25%2C25&#038;ssl=1\" alt=\"Imagem compartilhar facebook\"\/><\/p>\n<\/p><\/div>\n<div class=\"emp\">\n<p>\n            EXPEDI\u00c7\u00c3O | PLANCHEAMENTO | MANCHADOR<br \/>Ind\u00fastria de Cal\u00e7ados admite-se para inicio imediato, ENCARREGADO DE EXPEDI\u00c7\u00c3O, AUXILIAR DE PLANCHEAMENTO, ENFUMA\u00c7ADOR DE MONTAGEM, ENFUMA\u00c7ADOR DE PLANCHEAMENTO, com experi\u00eancia comprovada em carteira. Interessados encaminhar Curriculum para o e-mail: contratacaodp2023@gmail.com\n            <\/p>\n<p><strong>Compartilhe:<\/strong><\/p>\n<p>                <img data-recalc-dims=\"1\" loading=\"lazy\" decoding=\"async\" width=\"25\" height=\"25\" src=\"https:\/\/i0.wp.com\/francaclassificados.com\/\/source\/view\/img\/20w50.png?resize=25%2C25&#038;ssl=1\" alt=\"Imagem compartilhar whatsapp\"\/><\/p>\n<p>                <img data-recalc-dims=\"1\" loading=\"lazy\" decoding=\"async\" width=\"25\" height=\"25\" src=\"https:\/\/i0.wp.com\/francaclassificados.com\/\/source\/view\/img\/18w50.png?resize=25%2C25&#038;ssl=1\" alt=\"Imagem compartilhar facebook\"\/><\/p>\n<\/p><\/div>\n<p>    <script async=\"\" src=\"https:\/\/pagead2.googlesyndication.com\/pagead\/js\/adsbygoogle.js?client=ca-pub-2853392113352629\" crossorigin=\"anonymous\"\/>\n    <ins class=\"adsbygoogle\" style=\"display:block\" data-ad-client=\"ca-pub-2853392113352629\" data-ad-slot=\"2925831803\" data-ad-format=\"auto\" data-full-width-responsive=\"true\"\/>\n    <script><![CDATA[\n    (adsbygoogle = window.adsbygoogle || []).push({});\n    ]]><\/script> <\/p>\n<div class=\"emp\">\n<p>\n            PLANCHEAMENTO E REVIS\u00c3O<br \/>F\u00e1brica de Cal\u00e7ados contrata para in\u00edcio imediato: Auxiliar de PLANCHEAMENTO E REVIS\u00c3O. Necess\u00e1rio ter experi\u00eancia. Interessados deixar curr\u00edculo no barrac\u00e3o Av. Major Elias Motta, 1161 - Jd Paulistano, ou enviar o curr\u00edculo no e-mail: vagas.arietto@gmail.com\n            <\/p>\n<p><strong>Compartilhe:<\/strong><\/p>\n<p>                <img data-recalc-dims=\"1\" loading=\"lazy\" decoding=\"async\" width=\"25\" height=\"25\" src=\"https:\/\/i0.wp.com\/francaclassificados.com\/\/source\/view\/img\/20w50.png?resize=25%2C25&#038;ssl=1\" alt=\"Imagem compartilhar whatsapp\"\/><\/p>\n<p>                <img data-recalc-dims=\"1\" loading=\"lazy\" decoding=\"async\" width=\"25\" height=\"25\" src=\"https:\/\/i0.wp.com\/francaclassificados.com\/\/source\/view\/img\/18w50.png?resize=25%2C25&#038;ssl=1\" alt=\"Imagem compartilhar facebook\"\/><\/p>\n<\/p><\/div>\n<div class=\"emp\">\n<p>\n            Contrata para in\u00edcio imediato, OPERADORA DE CAIXA - REPOSITOR DE MERCADO - AUXILIAR DE FRIOS - MOTORISTA CNH D. Profissionais comprometidos, goste de trabalhar no com\u00e9rcio e queira crescer profissionalmente. Trabalho regime CLT. De segunda a s\u00e1bado. Interessados fazer cadastro no site: ribeiraniafoods.vagas.solides.com.br ou enviar curr\u00edculo para WhatsApp 16997498772 COLOCAR O NOME DA VAGA PRETENDIDA\n            <\/p>\n<p><strong>Compartilhe:<\/strong><\/p>\n<p>                <img data-recalc-dims=\"1\" loading=\"lazy\" decoding=\"async\" width=\"25\" height=\"25\" src=\"https:\/\/i0.wp.com\/francaclassificados.com\/\/source\/view\/img\/20w50.png?resize=25%2C25&#038;ssl=1\" alt=\"Imagem compartilhar whatsapp\"\/><\/p>\n<p>                <img data-recalc-dims=\"1\" loading=\"lazy\" decoding=\"async\" width=\"25\" height=\"25\" src=\"https:\/\/i0.wp.com\/francaclassificados.com\/\/source\/view\/img\/18w50.png?resize=25%2C25&#038;ssl=1\" alt=\"Imagem compartilhar facebook\"\/><\/p>\n<\/p><\/div>\n<p>    <script async=\"\" src=\"https:\/\/pagead2.googlesyndication.com\/pagead\/js\/adsbygoogle.js?client=ca-pub-2853392113352629\" crossorigin=\"anonymous\"\/>\n    <ins class=\"adsbygoogle\" style=\"display:block\" data-ad-client=\"ca-pub-2853392113352629\" data-ad-slot=\"2925831803\" data-ad-format=\"auto\" data-full-width-responsive=\"true\"\/>\n    <script><![CDATA[\n    (adsbygoogle = window.adsbygoogle || []).push({});\n    ]]><\/script> <\/p>\n<div class=\"emp\">\n<p>\n            MECANICO DE HIDRUALICA E DIESEL - MAQUINA<br \/>VAGA PARA MECANICO DE MAQUINA QUE TENHA EXPERI\u00caNCIA EM HIDRAULICA E MOTORES DIESEL, MANUTEN\u00c7\u00d5ES NAS MAQUINA DA EMPRESA COMO MOTORES, REPAROS HIDRALICOS E ATENDIMENTO DAS NA OBRA POR MANUTEN\u00c7\u00c3O, ENVIAR CURRICULO PARA powerferramentas30@gmail.com OU PELO WHATS 16 999742309. COME\u00c7O IMEDIATO, CLT + VALE REFEI\u00c7\u00c3O, SALARIO A COMBINAR PELA EXPERIENCIA PROFISSIONAL.<br \/>\n            <br \/>POWERFERRAMENTAS30@gmail.com\n            <\/p>\n<p><strong>Compartilhe:<\/strong><\/p>\n<p>                <img data-recalc-dims=\"1\" loading=\"lazy\" decoding=\"async\" width=\"25\" height=\"25\" src=\"https:\/\/i0.wp.com\/francaclassificados.com\/\/source\/view\/img\/20w50.png?resize=25%2C25&#038;ssl=1\" alt=\"Imagem compartilhar whatsapp\"\/><\/p>\n<p>                <img data-recalc-dims=\"1\" loading=\"lazy\" decoding=\"async\" width=\"25\" height=\"25\" src=\"https:\/\/i0.wp.com\/francaclassificados.com\/\/source\/view\/img\/18w50.png?resize=25%2C25&#038;ssl=1\" alt=\"Imagem compartilhar facebook\"\/><\/p>\n<\/p><\/div>\n<div class=\"emp\">\n<p>\n            LOJA DE MODA CONTRATA AUXILIAR DE VENDAS<br \/>E-commerce de moda FEMININA REQUISITOS: Excelente comunica\u00e7\u00e3o verbal e escrita. Extrovertida, Proativa. Diferenciais Opcionais: No\u00e7\u00f5es de grava\u00e7\u00e3o, fotografia e edi\u00e7\u00e3o de v\u00eddeos. Disponibilidade para in\u00edcio imediato. Prefer\u00eancia por perfil feminino: Interessadas enviar curr\u00edculo para: curriculosmodafeminina@hotmail.com\n            <\/p>\n<p><strong>Compartilhe:<\/strong><\/p>\n<p>                <img data-recalc-dims=\"1\" loading=\"lazy\" decoding=\"async\" width=\"25\" height=\"25\" src=\"https:\/\/i0.wp.com\/francaclassificados.com\/\/source\/view\/img\/20w50.png?resize=25%2C25&#038;ssl=1\" alt=\"Imagem compartilhar whatsapp\"\/><\/p>\n<p>                <img data-recalc-dims=\"1\" loading=\"lazy\" decoding=\"async\" width=\"25\" height=\"25\" src=\"https:\/\/i0.wp.com\/francaclassificados.com\/\/source\/view\/img\/18w50.png?resize=25%2C25&#038;ssl=1\" alt=\"Imagem compartilhar facebook\"\/><\/p>\n<\/p><\/div>\n<p>    <script async=\"\" src=\"https:\/\/pagead2.googlesyndication.com\/pagead\/js\/adsbygoogle.js?client=ca-pub-2853392113352629\" crossorigin=\"anonymous\"\/>\n    <ins class=\"adsbygoogle\" style=\"display:block\" data-ad-client=\"ca-pub-2853392113352629\" data-ad-slot=\"2925831803\" data-ad-format=\"auto\" data-full-width-responsive=\"true\"\/>\n    <script><![CDATA[\n    (adsbygoogle = window.adsbygoogle || []).push({});\n    ]]><\/script> <\/p>\n<div class=\"emp\">\n<p>\n            AUXILIAR DE E COMMERCE<br \/>Atender aos clientes em loja virtual e marketplaces por Chat, Whatsapp e\/ou e-mail; acompanhamento de pr\u00e9 e p\u00f3s venda; SAC; conduzir devolu\u00e7\u00f5es, assim como troca de mercadorias. Montagem de or\u00e7amentos e precifica\u00e7\u00e3o de produtos. Tratar, anexar e cadastrar produtos e itens na loja virtual e marketplaces. Que tenha no\u00e7\u00f5es das ferramentas de Photoshop e Canva. Manter bom funcionamento do site e RP. Dom\u00ednio de Excel. Cria\u00e7\u00e3o de an\u00fancios e cataloga\u00e7\u00f5es. Email: jmessiasj12@gmail.com\n            <\/p>\n<p><strong>Compartilhe:<\/strong><\/p>\n<p>                <img data-recalc-dims=\"1\" loading=\"lazy\" decoding=\"async\" width=\"25\" height=\"25\" src=\"https:\/\/i0.wp.com\/francaclassificados.com\/\/source\/view\/img\/20w50.png?resize=25%2C25&#038;ssl=1\" alt=\"Imagem compartilhar whatsapp\"\/><\/p>\n<p>                <img data-recalc-dims=\"1\" loading=\"lazy\" decoding=\"async\" width=\"25\" height=\"25\" src=\"https:\/\/i0.wp.com\/francaclassificados.com\/\/source\/view\/img\/18w50.png?resize=25%2C25&#038;ssl=1\" alt=\"Imagem compartilhar facebook\"\/><\/p>\n<\/p><\/div>\n<div class=\"emp\">\n<p>\n            ENTREGADOR DE G\u00c1S<br \/>Contrata-se entregador de g\u00e1s. CNH: AB. Procuramos pessoas proativas e com boa comunica\u00e7\u00e3o. Necessita experi\u00eancia e requer conhecimento da cidade (Franca-SP) Hor\u00e1rio: Segunda \u00e0 S\u00e1bado: 14:30\/22:00 Requer disponibilidade de trabalhar domingos e feriados. Benef\u00edcios: 01-cesta b\u00e1sica(m\u00eas) 01-recarga de g\u00e1s (m\u00eas) Tipo de vaga: Tempo Integral, Efetivo\/CLT encaminhar curr\u00edculo no e-mail: distribuidoragasprogresso@gmail.com\n            <\/p>\n<p><strong>Compartilhe:<\/strong><\/p>\n<p>                <img data-recalc-dims=\"1\" loading=\"lazy\" decoding=\"async\" width=\"25\" height=\"25\" src=\"https:\/\/i0.wp.com\/francaclassificados.com\/\/source\/view\/img\/20w50.png?resize=25%2C25&#038;ssl=1\" alt=\"Imagem compartilhar whatsapp\"\/><\/p>\n<p>                <img data-recalc-dims=\"1\" loading=\"lazy\" decoding=\"async\" width=\"25\" height=\"25\" src=\"https:\/\/i0.wp.com\/francaclassificados.com\/\/source\/view\/img\/18w50.png?resize=25%2C25&#038;ssl=1\" alt=\"Imagem compartilhar facebook\"\/><\/p>\n<\/p><\/div>\n<p>    <script async=\"\" src=\"https:\/\/pagead2.googlesyndication.com\/pagead\/js\/adsbygoogle.js?client=ca-pub-2853392113352629\" crossorigin=\"anonymous\"\/>\n    <ins class=\"adsbygoogle\" style=\"display:block\" data-ad-client=\"ca-pub-2853392113352629\" data-ad-slot=\"2925831803\" data-ad-format=\"auto\" data-full-width-responsive=\"true\"\/>\n    <script><![CDATA[\n    (adsbygoogle = window.adsbygoogle || []).push({});\n    ]]><\/script> <\/p>\n<div class=\"emp\">\n<p>\n            COSTUREIRA PARA MOLETONS<br \/>Preciso de costureira interna para trabalhar na regi\u00e3o da vila S\u00e3o Sebas<\/p>\n<\/div>\n<\/div>\n<div class='code-block code-block-4' style='margin: 8px auto 8px 0; text-align: left; display: block; clear: both;'>\n\ud83d\udce2 Aviso Legal\n\nO site ismaelcolosi.com.br atua apenas como um canal de divulga\u00e7\u00e3o de oportunidades de emprego e n\u00e3o se responsabiliza pelo processo seletivo, contrata\u00e7\u00e3o ou qualquer outra etapa relacionada \u00e0s vagas publicadas. Todas as informa\u00e7\u00f5es s\u00e3o de responsabilidade dos anunciantes.\n\n\u26a0\ufe0f Aten\u00e7\u00e3o! Nunca pague por promessas de emprego nem compre cursos que garantam contrata\u00e7\u00e3o. Desconfie de qualquer cobran\u00e7a para participar de sele\u00e7\u00f5es.\n\n\n\n<\/div>\n<!-- CONTENT END 1 -->\n","protected":false},"excerpt":{"rendered":"<p>OPERADOR DE M\u00c1QUINABuscamos pessoa comprometida, respons\u00e1vel e com esp\u00edrito de equipe. Experi\u00eancia comprovada em operar m\u00e1quinas de produ\u00e7\u00e3o. Garantir a qualidade operacional dos equipamentos mediantes&#8230;<\/p>\n","protected":false},"author":1,"featured_media":55913,"comment_status":"open","ping_status":"open","sticky":false,"template":"","format":"standard","meta":{"_uag_custom_page_level_css":"","advanced_seo_description":"","jetpack_seo_html_title":"","jetpack_seo_noindex":false,"jetpack_post_was_ever_published":false,"_jetpack_newsletter_access":"","_jetpack_dont_email_post_to_subs":false,"_jetpack_newsletter_tier_id":0,"_jetpack_memberships_contains_paywalled_content":false,"_jetpack_memberships_contains_paid_content":false,"footnotes":"","jetpack_publicize_message":"","jetpack_publicize_feature_enabled":true,"jetpack_social_post_already_shared":true,"jetpack_social_options":{"image_generator_settings":{"template":"highway","default_image_id":0,"font":"","enabled":false},"version":2}},"categories":[7],"tags":[],"class_list":["post-55912","post","type-post","status-publish","format-standard","has-post-thumbnail","hentry","category-vagas-de-empregos-em-ribeirao-preto-regiao-brasil"],"jetpack_publicize_connections":[],"jetpack_featured_media_url":"https:\/\/i0.wp.com\/ismaelcolosi.com.br\/wp-content\/uploads\/2024\/07\/1720430746_677304830594429.jpg?fit=640%2C623&ssl=1","uagb_featured_image_src":{"full":["https:\/\/i0.wp.com\/ismaelcolosi.com.br\/wp-content\/uploads\/2024\/07\/1720430746_677304830594429.jpg?fit=640%2C623&ssl=1",640,623,false],"thumbnail":["https:\/\/i0.wp.com\/ismaelcolosi.com.br\/wp-content\/uploads\/2024\/07\/1720430746_677304830594429.jpg?resize=150%2C150&ssl=1",150,150,true],"medium":["https:\/\/i0.wp.com\/ismaelcolosi.com.br\/wp-content\/uploads\/2024\/07\/1720430746_677304830594429.jpg?fit=300%2C292&ssl=1",300,292,true],"medium_large":["https:\/\/i0.wp.com\/ismaelcolosi.com.br\/wp-content\/uploads\/2024\/07\/1720430746_677304830594429.jpg?fit=640%2C623&ssl=1",640,623,true],"large":["https:\/\/i0.wp.com\/ismaelcolosi.com.br\/wp-content\/uploads\/2024\/07\/1720430746_677304830594429.jpg?fit=640%2C623&ssl=1",640,623,true],"1536x1536":["https:\/\/i0.wp.com\/ismaelcolosi.com.br\/wp-content\/uploads\/2024\/07\/1720430746_677304830594429.jpg?fit=640%2C623&ssl=1",640,623,true],"2048x2048":["https:\/\/i0.wp.com\/ismaelcolosi.com.br\/wp-content\/uploads\/2024\/07\/1720430746_677304830594429.jpg?fit=640%2C623&ssl=1",640,623,true],"really-simple-thumb":["https:\/\/i0.wp.com\/ismaelcolosi.com.br\/wp-content\/uploads\/2024\/07\/1720430746_677304830594429.jpg?resize=370%2C247&ssl=1",370,247,true]},"uagb_author_info":{"display_name":"ismaelcolosi.com.br","author_link":"https:\/\/ismaelcolosi.com.br\/index.php\/author\/vidareal-online\/"},"uagb_comment_info":0,"uagb_excerpt":"OPERADOR DE M\u00c1QUINABuscamos pessoa comprometida, respons\u00e1vel e com esp\u00edrito de equipe. Experi\u00eancia comprovada em operar m\u00e1quinas de produ\u00e7\u00e3o. Garantir a qualidade operacional dos equipamentos mediantes...","jetpack-related-posts":[{"id":39394,"url":"https:\/\/ismaelcolosi.com.br\/index.php\/2024\/02\/25\/mais-de-10-vagas-de-emprego-para-vendedor-aem-ribeirao-preto-sp-19\/","url_meta":{"origin":55912,"position":0},"title":"Mais de 10 vagas de emprego para Vendedor (a)em Ribeir\u00e3o Preto-SP","author":"ismaelcolosi.com.br","date":"25 de February de 2024","format":false,"excerpt":"Auxiliar de Vendas - Ribeir\u00e3o Preto Vendedor(a) Interno(a) - C\u00e9lula Mec\u00e2nica - Ribeir\u00e3o Preto\/SP Ribeir\u00e3o Preto Vendedor | Vans Ribeir\u00e3o | Ribeir\u00e3o Preto-SP Vendedora - Shopping Iguatemi - Ribeir\u00e3o Preto\/SP Vendedor(a) Jr. em Ribeir\u00e3o Preto - 75055 Vendedor (a) Ribeir\u00e3o Preto - SP Vendedor Externo Vendedor - Ribeir\u00e3o Shopping Vendedora\u2026","rel":"","context":"In &quot;Vagas de Emprego em Ribeir\u00e3o Preto-SP&quot;","block_context":{"text":"Vagas de Emprego em Ribeir\u00e3o Preto-SP","link":"https:\/\/ismaelcolosi.com.br\/index.php\/category\/empregos-classificados-vagas-trabalho\/vagas-de-empregos-em-ribeirao-preto-regiao-brasil\/"},"img":{"alt_text":"","src":"","width":0,"height":0},"classes":[]},{"id":86836,"url":"https:\/\/ismaelcolosi.com.br\/index.php\/2025\/07\/29\/vagas-para-atendente-de-hospedagem-junior-atendente-de-hospedagem-junior-noturno-auxiliar-de-cozinha-arrumadeirao-junior-em-ribeirao-preto-sp\/","url_meta":{"origin":55912,"position":1},"title":"Vagas para Atendente de Hospedagem J\u00fanior,  Atendente de Hospedagem J\u00fanior Noturno, Auxiliar de Cozinha, Arrumadeira(o) J\u00fanior  em Ribeir\u00e3o Preto-SP","author":"ismaelcolosi.com.br","date":"29 de July de 2025","format":false,"excerpt":"Oportunidades na Rede Ibis Styles: Vagas Abertas para Diversas Fun\u00e7\u00f5es exclusivas para PCD A rede hoteleira Ibis Styles est\u00e1 com diversas vagas de emprego exclusivas para PCD, dispon\u00edveis em suas unidades. Essa \u00e9 uma excelente chance para quem busca ingressar no setor de hospitalidade. Entre as oportunidades, destacam-se as vagas\u2026","rel":"","context":"In &quot;Vagas de Emprego em Ribeir\u00e3o Preto-SP&quot;","block_context":{"text":"Vagas de Emprego em Ribeir\u00e3o Preto-SP","link":"https:\/\/ismaelcolosi.com.br\/index.php\/category\/empregos-classificados-vagas-trabalho\/vagas-de-empregos-em-ribeirao-preto-regiao-brasil\/"},"img":{"alt_text":"","src":"https:\/\/i0.wp.com\/ismaelcolosi.com.br\/wp-content\/uploads\/2025\/07\/VAGA-DE-EMPREGO-URGENTE.jpg?fit=1000%2C563&ssl=1&resize=350%2C200","width":350,"height":200,"srcset":"https:\/\/i0.wp.com\/ismaelcolosi.com.br\/wp-content\/uploads\/2025\/07\/VAGA-DE-EMPREGO-URGENTE.jpg?fit=1000%2C563&ssl=1&resize=350%2C200 1x, https:\/\/i0.wp.com\/ismaelcolosi.com.br\/wp-content\/uploads\/2025\/07\/VAGA-DE-EMPREGO-URGENTE.jpg?fit=1000%2C563&ssl=1&resize=525%2C300 1.5x, https:\/\/i0.wp.com\/ismaelcolosi.com.br\/wp-content\/uploads\/2025\/07\/VAGA-DE-EMPREGO-URGENTE.jpg?fit=1000%2C563&ssl=1&resize=700%2C400 2x"},"classes":[]},{"id":51990,"url":"https:\/\/ismaelcolosi.com.br\/index.php\/2024\/06\/03\/9-vagas-em-ribeirao-preto-sp-2\/","url_meta":{"origin":55912,"position":2},"title":"9 vagas em Ribeir\u00e3o Preto\/SP","author":"ismaelcolosi.com.br","date":"3 de June de 2024","format":false,"excerpt":"9 vagas em Ribeir\u00e3o Preto\/SPGERENTE COMERCIALRibeir\u00e3o Preto, SPSal\u00e1rioA combinarContratoCLT (Efetivo)Estamos em busca de um(a) Coordenador(a) de Vendas para se juntar ao nosso time. Responsabilidades: - Gerenciar e coordenar as atividades do time de vendas; - Estabelecer regionais de vendas, cotas e metas para o time; - Analisar estat\u00edsticas de vendas\u2026","rel":"","context":"In &quot;Vagas de Emprego em Ribeir\u00e3o Preto-SP&quot;","block_context":{"text":"Vagas de Emprego em Ribeir\u00e3o Preto-SP","link":"https:\/\/ismaelcolosi.com.br\/index.php\/category\/empregos-classificados-vagas-trabalho\/vagas-de-empregos-em-ribeirao-preto-regiao-brasil\/"},"img":{"alt_text":"","src":"https:\/\/i0.wp.com\/ismaelcolosi.com.br\/wp-content\/uploads\/2024\/06\/a3e97088f30f8acd4c21ea69ffbecb43.jpg?fit=1080%2C981&ssl=1&resize=350%2C200","width":350,"height":200,"srcset":"https:\/\/i0.wp.com\/ismaelcolosi.com.br\/wp-content\/uploads\/2024\/06\/a3e97088f30f8acd4c21ea69ffbecb43.jpg?fit=1080%2C981&ssl=1&resize=350%2C200 1x, https:\/\/i0.wp.com\/ismaelcolosi.com.br\/wp-content\/uploads\/2024\/06\/a3e97088f30f8acd4c21ea69ffbecb43.jpg?fit=1080%2C981&ssl=1&resize=525%2C300 1.5x, https:\/\/i0.wp.com\/ismaelcolosi.com.br\/wp-content\/uploads\/2024\/06\/a3e97088f30f8acd4c21ea69ffbecb43.jpg?fit=1080%2C981&ssl=1&resize=700%2C400 2x, https:\/\/i0.wp.com\/ismaelcolosi.com.br\/wp-content\/uploads\/2024\/06\/a3e97088f30f8acd4c21ea69ffbecb43.jpg?fit=1080%2C981&ssl=1&resize=1050%2C600 3x"},"classes":[]},{"id":81263,"url":"https:\/\/ismaelcolosi.com.br\/index.php\/2025\/01\/09\/vagas-de-emprego-na-area-de-logistica-em-ribeirao-preto-sp-13\/","url_meta":{"origin":55912,"position":3},"title":"Vagas de emprego na \u00e1rea de log\u00edstica em Ribeir\u00e3o Preto-SP","author":"ismaelcolosi.com.br","date":"9 de January de 2025","format":false,"excerpt":"Auxiliar de Estoque Auxiliar de Opera\u00e7\u00e3o e Estoque - Farma | Ribeir\u00e3o Preto - SP ESTOQUISTA | Mafra - Ribeir\u00e3o Preto Conferente Logistica - CD RIBEIR\u00c3O\/SP Conferente Logistica - CD RIBEIR\u00c3O\/SP Auxiliar Log\u00edstico - RIBEIR\u00c3O PRETO AUXILIAR DE DEP\u00d3SITO - BANCO DE TALENTOS Auxiliar Expedi\u00e7\u00e3o Get notified about new Log\u00edstica\u2026","rel":"","context":"In &quot;Vagas de Emprego em Ribeir\u00e3o Preto-SP&quot;","block_context":{"text":"Vagas de Emprego em Ribeir\u00e3o Preto-SP","link":"https:\/\/ismaelcolosi.com.br\/index.php\/category\/empregos-classificados-vagas-trabalho\/vagas-de-empregos-em-ribeirao-preto-regiao-brasil\/"},"img":{"alt_text":"","src":"https:\/\/i0.wp.com\/ismaelcolosi.com.br\/wp-content\/uploads\/2025\/01\/Novas-vagas-de-emprego-na-area-de-logistica-Saiba-como-enviar-seu-curriculo.jpg?fit=1199%2C675&ssl=1&resize=350%2C200","width":350,"height":200,"srcset":"https:\/\/i0.wp.com\/ismaelcolosi.com.br\/wp-content\/uploads\/2025\/01\/Novas-vagas-de-emprego-na-area-de-logistica-Saiba-como-enviar-seu-curriculo.jpg?fit=1199%2C675&ssl=1&resize=350%2C200 1x, https:\/\/i0.wp.com\/ismaelcolosi.com.br\/wp-content\/uploads\/2025\/01\/Novas-vagas-de-emprego-na-area-de-logistica-Saiba-como-enviar-seu-curriculo.jpg?fit=1199%2C675&ssl=1&resize=525%2C300 1.5x, https:\/\/i0.wp.com\/ismaelcolosi.com.br\/wp-content\/uploads\/2025\/01\/Novas-vagas-de-emprego-na-area-de-logistica-Saiba-como-enviar-seu-curriculo.jpg?fit=1199%2C675&ssl=1&resize=700%2C400 2x, https:\/\/i0.wp.com\/ismaelcolosi.com.br\/wp-content\/uploads\/2025\/01\/Novas-vagas-de-emprego-na-area-de-logistica-Saiba-como-enviar-seu-curriculo.jpg?fit=1199%2C675&ssl=1&resize=1050%2C600 3x"},"classes":[]},{"id":42666,"url":"https:\/\/ismaelcolosi.com.br\/index.php\/2024\/03\/15\/13-vagas-em-ribeirao-preto-sp\/","url_meta":{"origin":55912,"position":4},"title":"13 vagas em Ribeir\u00e3o Preto\/SP","author":"ismaelcolosi.com.br","date":"15 de March de 2024","format":false,"excerpt":"13 vagas em Ribeir\u00e3o Preto\/SPAnalista financeiroRibeir\u00e3o Preto, SPSal\u00e1rioA combinarContratoCLT (Efetivo)Lancamento de nfs, fluxo de caixa etc balancos semanais e mensais apoio a todas areas da empresa conhecimento em contratosProjetista IndustrialRibeir\u00e3o Preto, SPSal\u00e1rioA combinarContratoCLT (Efetivo)Estamos em busca de um Projetista Industrial para nossa equipe. Responsabilidades: - Projetar maquinas - Projetar tanques\u2026","rel":"","context":"In &quot;Vagas de Emprego em Ribeir\u00e3o Preto-SP&quot;","block_context":{"text":"Vagas de Emprego em Ribeir\u00e3o Preto-SP","link":"https:\/\/ismaelcolosi.com.br\/index.php\/category\/empregos-classificados-vagas-trabalho\/vagas-de-empregos-em-ribeirao-preto-regiao-brasil\/"},"img":{"alt_text":"","src":"https:\/\/i0.wp.com\/ismaelcolosi.com.br\/wp-content\/uploads\/2024\/03\/1710541750_a3e97088f30f8acd4c21ea69ffbecb43.jpg?fit=1080%2C981&ssl=1&resize=350%2C200","width":350,"height":200,"srcset":"https:\/\/i0.wp.com\/ismaelcolosi.com.br\/wp-content\/uploads\/2024\/03\/1710541750_a3e97088f30f8acd4c21ea69ffbecb43.jpg?fit=1080%2C981&ssl=1&resize=350%2C200 1x, https:\/\/i0.wp.com\/ismaelcolosi.com.br\/wp-content\/uploads\/2024\/03\/1710541750_a3e97088f30f8acd4c21ea69ffbecb43.jpg?fit=1080%2C981&ssl=1&resize=525%2C300 1.5x, https:\/\/i0.wp.com\/ismaelcolosi.com.br\/wp-content\/uploads\/2024\/03\/1710541750_a3e97088f30f8acd4c21ea69ffbecb43.jpg?fit=1080%2C981&ssl=1&resize=700%2C400 2x, https:\/\/i0.wp.com\/ismaelcolosi.com.br\/wp-content\/uploads\/2024\/03\/1710541750_a3e97088f30f8acd4c21ea69ffbecb43.jpg?fit=1080%2C981&ssl=1&resize=1050%2C600 3x"},"classes":[]},{"id":49760,"url":"https:\/\/ismaelcolosi.com.br\/index.php\/2024\/05\/13\/10-vagas-em-ribeirao-preto-sp\/","url_meta":{"origin":55912,"position":5},"title":"10 vagas em Ribeir\u00e3o Preto\/SP","author":"ismaelcolosi.com.br","date":"13 de May de 2024","format":false,"excerpt":"10 vagas em Ribeir\u00e3o Preto\/SPGERENTE COMERCIALRibeir\u00e3o Preto, SPSal\u00e1rioA combinarContratoCLT (Efetivo)Estamos em busca de um(a) Coordenador(a) de Vendas para se juntar ao nosso time. Responsabilidades: - Gerenciar e coordenar as atividades do time de vendas; - Estabelecer regionais de vendas, cotas e metas para o time; - Analisar estat\u00edsticas de vendas\u2026","rel":"","context":"In &quot;Vagas de Emprego em Ribeir\u00e3o Preto-SP&quot;","block_context":{"text":"Vagas de Emprego em Ribeir\u00e3o Preto-SP","link":"https:\/\/ismaelcolosi.com.br\/index.php\/category\/empregos-classificados-vagas-trabalho\/vagas-de-empregos-em-ribeirao-preto-regiao-brasil\/"},"img":{"alt_text":"","src":"https:\/\/i0.wp.com\/ismaelcolosi.com.br\/wp-content\/uploads\/2024\/05\/1715606910_a3e97088f30f8acd4c21ea69ffbecb43.jpg?fit=1080%2C981&ssl=1&resize=350%2C200","width":350,"height":200,"srcset":"https:\/\/i0.wp.com\/ismaelcolosi.com.br\/wp-content\/uploads\/2024\/05\/1715606910_a3e97088f30f8acd4c21ea69ffbecb43.jpg?fit=1080%2C981&ssl=1&resize=350%2C200 1x, https:\/\/i0.wp.com\/ismaelcolosi.com.br\/wp-content\/uploads\/2024\/05\/1715606910_a3e97088f30f8acd4c21ea69ffbecb43.jpg?fit=1080%2C981&ssl=1&resize=525%2C300 1.5x, https:\/\/i0.wp.com\/ismaelcolosi.com.br\/wp-content\/uploads\/2024\/05\/1715606910_a3e97088f30f8acd4c21ea69ffbecb43.jpg?fit=1080%2C981&ssl=1&resize=700%2C400 2x, https:\/\/i0.wp.com\/ismaelcolosi.com.br\/wp-content\/uploads\/2024\/05\/1715606910_a3e97088f30f8acd4c21ea69ffbecb43.jpg?fit=1080%2C981&ssl=1&resize=1050%2C600 3x"},"classes":[]}],"jetpack_sharing_enabled":true,"jetpack_shortlink":"https:\/\/wp.me\/pfMlyK-exO","_links":{"self":[{"href":"https:\/\/ismaelcolosi.com.br\/index.php\/wp-json\/wp\/v2\/posts\/55912","targetHints":{"allow":["GET"]}}],"collection":[{"href":"https:\/\/ismaelcolosi.com.br\/index.php\/wp-json\/wp\/v2\/posts"}],"about":[{"href":"https:\/\/ismaelcolosi.com.br\/index.php\/wp-json\/wp\/v2\/types\/post"}],"author":[{"embeddable":true,"href":"https:\/\/ismaelcolosi.com.br\/index.php\/wp-json\/wp\/v2\/users\/1"}],"replies":[{"embeddable":true,"href":"https:\/\/ismaelcolosi.com.br\/index.php\/wp-json\/wp\/v2\/comments?post=55912"}],"version-history":[{"count":0,"href":"https:\/\/ismaelcolosi.com.br\/index.php\/wp-json\/wp\/v2\/posts\/55912\/revisions"}],"wp:featuredmedia":[{"embeddable":true,"href":"https:\/\/ismaelcolosi.com.br\/index.php\/wp-json\/wp\/v2\/media\/55913"}],"wp:attachment":[{"href":"https:\/\/ismaelcolosi.com.br\/index.php\/wp-json\/wp\/v2\/media?parent=55912"}],"wp:term":[{"taxonomy":"category","embeddable":true,"href":"https:\/\/ismaelcolosi.com.br\/index.php\/wp-json\/wp\/v2\/categories?post=55912"},{"taxonomy":"post_tag","embeddable":true,"href":"https:\/\/ismaelcolosi.com.br\/index.php\/wp-json\/wp\/v2\/tags?post=55912"}],"curies":[{"name":"wp","href":"https:\/\/api.w.org\/{rel}","templated":true}]}}