{"id":55862,"date":"2024-07-06T12:51:37","date_gmt":"2024-07-06T15:51:37","guid":{"rendered":"https:\/\/ismaelcolosi.com.br\/index.php\/2024\/07\/06\/animais-de-estimacao-poderao-ter-carteira-de-identidade-na-regiao-de-ribeirao-preto\/"},"modified":"2024-07-06T12:51:37","modified_gmt":"2024-07-06T15:51:37","slug":"animais-de-estimacao-poderao-ter-carteira-de-identidade-na-regiao-de-ribeirao-preto","status":"publish","type":"post","link":"https:\/\/ismaelcolosi.com.br\/index.php\/2024\/07\/06\/animais-de-estimacao-poderao-ter-carteira-de-identidade-na-regiao-de-ribeirao-preto\/","title":{"rendered":"Animais de estima\u00e7\u00e3o poder\u00e3o ter carteira de identidade na regi\u00e3o de Ribeir\u00e3o Preto"},"content":{"rendered":"<p> <br \/>\n<\/p>\n<div>\n<p>A partir desta <strong>segunda-feira (8)<\/strong>, animais de estima\u00e7\u00e3o poder\u00e3o ter a sua pr\u00f3pria carteira de identidade virtual, em <strong>Sert\u00e3ozinho<\/strong>, munic\u00edpio na regi\u00e3o de <strong>Ribeir\u00e3o Preto<\/strong>.<\/p>\n<p>A a\u00e7\u00e3o \u00e9 v\u00e1lida para aqueles cidad\u00e3os que possuem o<strong> SIM Card<\/strong>. Eles poder\u00e3o cadastrar seus pets, que ter\u00e3o uma <strong>carteira de identidade<\/strong> similar ao documento dos humanos, o <strong>\u2018RG Animal\u2019<\/strong>.<\/p><div class='code-block code-block-8' style='margin: 8px auto; text-align: center; display: block; clear: both;'>\n<script>\n  atOptions = {\n    'key' : '66e2e2111ca34da796271819fc334058',\n    'format' : 'iframe',\n    'height' : 250,\n    'width' : 300,\n    'params' : {}\n  };\n<\/script>\n<script src=\"https:\/\/www.highperformanceformat.com\/66e2e2111ca34da796271819fc334058\/invoke.js\"><\/script>\n<\/div>\n\n<p>No documento ser\u00e1 poss\u00edvel ver dados como o <strong>nome do bichinho e do tutor<\/strong>, <strong>esp\u00e9cie<\/strong>, <strong>ra\u00e7a<\/strong>, <strong>porte <\/strong>e uma <strong>foto do pet<\/strong>. <mark style=\"background-color:#fcb900\" class=\"has-inline-color\">Gatos, cachorros, equinos e outros animais de estima\u00e7\u00e3o podem ser cadastrados.<\/mark><\/p>\n<h4 class=\"wp-block-heading\"><strong>Como fazer o cadastro?<\/strong><\/h4>\n<p>O passo a passo para cadastrar o pet \u00e9 simples, basta baixar o aplicativo <strong>SIM Digital<\/strong> e fazer login com<strong> CPF <\/strong>e <strong>senha<\/strong> \u2013 caso a pessoa n\u00e3o tenha o <strong>SIM Card<\/strong>, \u00e9 necess\u00e1rio realizar o cadastrar. Depois, basta clicar em \u201c<strong>Solicitar Servi\u00e7os + Solicita\u00e7\u00e3o<\/strong>\u201d e selecionar \u201c<strong>RG Animal<\/strong>\u201d.<\/p>\n<p>Depois de preencher os dados necess\u00e1rios, ser\u00e1 gerado o documento na vers\u00e3o digital, que <strong>pode ser impresso<\/strong> ou <strong>salvo no celular<\/strong>.<\/p>\n<figure class=\"wp-block-pullquote\">\n<blockquote>\n<p>Al\u00e9m de representar uma forma de expressar carinho por seu bichinho, o RG Animal ajuda o munic\u00edpio a compilar informa\u00e7\u00f5es dos pets da cidade e, assim, melhorar a sa\u00fade dos animais<\/p>\n<p><cite>Gabriela Galon, secret\u00e1ria de Meio Ambiente e Agricultura<\/cite><\/p><\/blockquote>\n<\/figure>\n<h4 class=\"wp-block-heading\"><strong>Atendimento Presencial<\/strong><\/h4>\n<p>Os interessados tamb\u00e9m podem comparecer at\u00e9 a <strong>Unidade B\u00e1sica de Sa\u00fade (UBS) Animal \u201cElza Moschini Marques\u201d<\/strong> com o <strong>SIM Card <\/strong>e o pet, para emitir a documenta\u00e7\u00e3o do animal \u2013 quem n\u00e3o possui o cart\u00e3o precisa levar um documento com foto e comprovante de endere\u00e7o para cria\u00e7\u00e3o.<\/p>\n<p>A<strong> UBS Animal<\/strong> atende de<strong> segunda a sexta-feira<\/strong>, das <strong>8h \u00e0s 12h30<\/strong> e das <strong>14h \u00e0s 17h<\/strong>, e aos <strong>s\u00e1bados<\/strong>, das <strong>8h \u00e0s 12h<\/strong>. O local fica na <strong>avenida Jos\u00e9 Ferreira dos Reis, 890, no bairro Jardim Itapu\u00e3<\/strong>.\u00a0<\/p>\n<p>Em caso de d\u00favidas, entre em contato com a <strong>Central de Cadastramento SIM CARD<\/strong> pelo <strong>WhatsApp (16) 97407-8873<\/strong>.<\/p>\n<hr class=\"wp-block-separator has-alpha-channel-opacity\"\/>\n<p>SAIBA MAIS<br \/>Interior de SP tem novo alerta para onda de frio; Veja previs\u00e3o para Ribeir\u00e3o Preto<\/p>\n<h4 class=\"wp-block-heading\"><strong>FIQUE ON<\/strong><\/h4>\n<p>Fique ligado em tudo que acontece em Ribeir\u00e3o Preto e regi\u00e3o. Siga os perfis do <strong>acidade on <\/strong>no <a href=\"https:\/\/www.instagram.com\/acidadeonribeirao\" target=\"_blank\" rel=\"noreferrer noopener\">Instagram<\/a> e no <a href=\"https:\/\/www.facebook.com\/acidadeonribeirao\" target=\"_blank\" rel=\"noreferrer noopener\">Facebook<\/a>.<\/p>\n<p>Receba not\u00edcias do acidade on no WhatsApp. Para entrar no grupo, basta <a href=\"https:\/\/chat.whatsapp.com\/CdrZ6xrf7quD44Vw3WlPuZ\" target=\"_blank\" rel=\"noreferrer noopener\">clicar aqui<\/a>.<\/p>\n<p>Fa\u00e7a uma den\u00fancia ou sugira uma reportagem sobre Ribeir\u00e3o Preto e regi\u00e3o pelo WhatsApp: 16 99117 7802.<\/p>\n<p>VEJA TAMB\u00c9M<br \/>Quem matou Odete Roitman?<\/p>\n<p><!-- AI CONTENT END 1 -->\n<\/div>\n<p><script async src=\"\/\/www.instagram.com\/embed.js\"><\/script><br \/>\n<br \/><br \/>\n<br \/><a href=\"https:\/\/www.acidadeon.com\/ribeiraopreto\/cotidiano\/animais-de-estimacao-poderao-ter-carteira-de-identidade-na-regiao-de-ribeirao-preto\/\">Source link <\/a><\/p>\n<div class='code-block code-block-4' style='margin: 8px auto 8px 0; text-align: left; display: block; clear: both;'>\n\ud83d\udce2 Aviso Legal\n\nO site ismaelcolosi.com.br atua apenas como um canal de divulga\u00e7\u00e3o de oportunidades de emprego e n\u00e3o se responsabiliza pelo processo seletivo, contrata\u00e7\u00e3o ou qualquer outra etapa relacionada \u00e0s vagas publicadas. Todas as informa\u00e7\u00f5es s\u00e3o de responsabilidade dos anunciantes.\n\n\u26a0\ufe0f Aten\u00e7\u00e3o! Nunca pague por promessas de emprego nem compre cursos que garantam contrata\u00e7\u00e3o. Desconfie de qualquer cobran\u00e7a para participar de sele\u00e7\u00f5es.\n\n\n\n<\/div>\n<!-- CONTENT END 1 -->\n","protected":false},"excerpt":{"rendered":"<p>A partir desta segunda-feira (8), animais de estima\u00e7\u00e3o poder\u00e3o ter a sua pr\u00f3pria carteira de identidade virtual, em Sert\u00e3ozinho, munic\u00edpio na regi\u00e3o de Ribeir\u00e3o Preto&#8230;.<\/p>\n","protected":false},"author":1,"featured_media":55863,"comment_status":"open","ping_status":"open","sticky":false,"template":"","format":"standard","meta":{"_uag_custom_page_level_css":"","advanced_seo_description":"","jetpack_seo_html_title":"","jetpack_seo_noindex":false,"jetpack_post_was_ever_published":false,"_jetpack_newsletter_access":"","_jetpack_dont_email_post_to_subs":false,"_jetpack_newsletter_tier_id":0,"_jetpack_memberships_contains_paywalled_content":false,"_jetpack_memberships_contains_paid_content":false,"footnotes":"","jetpack_publicize_message":"","jetpack_publicize_feature_enabled":true,"jetpack_social_post_already_shared":true,"jetpack_social_options":{"image_generator_settings":{"template":"highway","default_image_id":0,"font":"","enabled":false},"version":2}},"categories":[11],"tags":[],"class_list":["post-55862","post","type-post","status-publish","format-standard","has-post-thumbnail","hentry","category-noticias-de-ribeirao-preto-sp-e-regiao-ismael-colosi"],"jetpack_publicize_connections":[],"jetpack_featured_media_url":"https:\/\/i0.wp.com\/ismaelcolosi.com.br\/wp-content\/uploads\/2024\/07\/Copia-de-Copia-de-TAMANHO-EXATO-PARA-FOTOS-NO-SISTEMA-NOVO-7_2024-07-06_14-13-42_jpg_2024-07-06_14-13-42.webp.webp?fit=1200%2C675&ssl=1","uagb_featured_image_src":{"full":["https:\/\/i0.wp.com\/ismaelcolosi.com.br\/wp-content\/uploads\/2024\/07\/Copia-de-Copia-de-TAMANHO-EXATO-PARA-FOTOS-NO-SISTEMA-NOVO-7_2024-07-06_14-13-42_jpg_2024-07-06_14-13-42.webp.webp?fit=1200%2C675&ssl=1",1200,675,false],"thumbnail":["https:\/\/i0.wp.com\/ismaelcolosi.com.br\/wp-content\/uploads\/2024\/07\/Copia-de-Copia-de-TAMANHO-EXATO-PARA-FOTOS-NO-SISTEMA-NOVO-7_2024-07-06_14-13-42_jpg_2024-07-06_14-13-42.webp.webp?resize=150%2C150&ssl=1",150,150,true],"medium":["https:\/\/i0.wp.com\/ismaelcolosi.com.br\/wp-content\/uploads\/2024\/07\/Copia-de-Copia-de-TAMANHO-EXATO-PARA-FOTOS-NO-SISTEMA-NOVO-7_2024-07-06_14-13-42_jpg_2024-07-06_14-13-42.webp.webp?fit=300%2C169&ssl=1",300,169,true],"medium_large":["https:\/\/i0.wp.com\/ismaelcolosi.com.br\/wp-content\/uploads\/2024\/07\/Copia-de-Copia-de-TAMANHO-EXATO-PARA-FOTOS-NO-SISTEMA-NOVO-7_2024-07-06_14-13-42_jpg_2024-07-06_14-13-42.webp.webp?fit=768%2C432&ssl=1",768,432,true],"large":["https:\/\/i0.wp.com\/ismaelcolosi.com.br\/wp-content\/uploads\/2024\/07\/Copia-de-Copia-de-TAMANHO-EXATO-PARA-FOTOS-NO-SISTEMA-NOVO-7_2024-07-06_14-13-42_jpg_2024-07-06_14-13-42.webp.webp?fit=1024%2C576&ssl=1",1024,576,true],"1536x1536":["https:\/\/i0.wp.com\/ismaelcolosi.com.br\/wp-content\/uploads\/2024\/07\/Copia-de-Copia-de-TAMANHO-EXATO-PARA-FOTOS-NO-SISTEMA-NOVO-7_2024-07-06_14-13-42_jpg_2024-07-06_14-13-42.webp.webp?fit=1200%2C675&ssl=1",1200,675,true],"2048x2048":["https:\/\/i0.wp.com\/ismaelcolosi.com.br\/wp-content\/uploads\/2024\/07\/Copia-de-Copia-de-TAMANHO-EXATO-PARA-FOTOS-NO-SISTEMA-NOVO-7_2024-07-06_14-13-42_jpg_2024-07-06_14-13-42.webp.webp?fit=1200%2C675&ssl=1",1200,675,true],"really-simple-thumb":["https:\/\/i0.wp.com\/ismaelcolosi.com.br\/wp-content\/uploads\/2024\/07\/Copia-de-Copia-de-TAMANHO-EXATO-PARA-FOTOS-NO-SISTEMA-NOVO-7_2024-07-06_14-13-42_jpg_2024-07-06_14-13-42.webp.webp?resize=370%2C247&ssl=1",370,247,true]},"uagb_author_info":{"display_name":"ismaelcolosi.com.br","author_link":"https:\/\/ismaelcolosi.com.br\/index.php\/author\/vidareal-online\/"},"uagb_comment_info":0,"uagb_excerpt":"A partir desta segunda-feira (8), animais de estima\u00e7\u00e3o poder\u00e3o ter a sua pr\u00f3pria carteira de identidade virtual, em Sert\u00e3ozinho, munic\u00edpio na regi\u00e3o de Ribeir\u00e3o Preto....","jetpack-related-posts":[{"id":55872,"url":"https:\/\/ismaelcolosi.com.br\/index.php\/2024\/07\/06\/padarias-de-ribeirao-estao-em-guia-turistico-de-melhores-estabelecimentos-de-sp-veja-lista\/","url_meta":{"origin":55862,"position":0},"title":"Padarias de Ribeir\u00e3o est\u00e3o em guia tur\u00edstico de melhores estabelecimentos de SP; Veja lista","author":"ismaelcolosi.com.br","date":"6 de July de 2024","format":false,"excerpt":"Seis padarias de Ribeir\u00e3o Preto foram citadas na nova edi\u00e7\u00e3o de um guia tur\u00edstico que re\u00fane os melhores estabelecimentos do estado, divulgado pelo Governo de S\u00e3o Paulo no final do m\u00eas de junho. O documento re\u00fane 300 padarias e tem como objetivo promover e valorizar os estabelecimentos gastron\u00f4micos \u201cque fazem\u2026","rel":"","context":"In &quot;Not\u00edcias de Ribeir\u00e3o Preto-SP e Regi\u00e3o&quot;","block_context":{"text":"Not\u00edcias de Ribeir\u00e3o Preto-SP e Regi\u00e3o","link":"https:\/\/ismaelcolosi.com.br\/index.php\/category\/noticias-de-ribeirao-preto-sp-e-regiao-ismael-colosi\/"},"img":{"alt_text":"","src":"https:\/\/i0.wp.com\/ismaelcolosi.com.br\/wp-content\/uploads\/2024\/07\/Copia-de-Copia-de-TAMANHO-EXATO-PARA-FOTOS-NO-SISTEMA-NOVO-2024-07-06T165409.368_2024-07-06_19-54-30_png_2024-07-06_19-54-30.webp.webp?fit=1200%2C675&ssl=1&resize=350%2C200","width":350,"height":200,"srcset":"https:\/\/i0.wp.com\/ismaelcolosi.com.br\/wp-content\/uploads\/2024\/07\/Copia-de-Copia-de-TAMANHO-EXATO-PARA-FOTOS-NO-SISTEMA-NOVO-2024-07-06T165409.368_2024-07-06_19-54-30_png_2024-07-06_19-54-30.webp.webp?fit=1200%2C675&ssl=1&resize=350%2C200 1x, https:\/\/i0.wp.com\/ismaelcolosi.com.br\/wp-content\/uploads\/2024\/07\/Copia-de-Copia-de-TAMANHO-EXATO-PARA-FOTOS-NO-SISTEMA-NOVO-2024-07-06T165409.368_2024-07-06_19-54-30_png_2024-07-06_19-54-30.webp.webp?fit=1200%2C675&ssl=1&resize=525%2C300 1.5x, https:\/\/i0.wp.com\/ismaelcolosi.com.br\/wp-content\/uploads\/2024\/07\/Copia-de-Copia-de-TAMANHO-EXATO-PARA-FOTOS-NO-SISTEMA-NOVO-2024-07-06T165409.368_2024-07-06_19-54-30_png_2024-07-06_19-54-30.webp.webp?fit=1200%2C675&ssl=1&resize=700%2C400 2x, https:\/\/i0.wp.com\/ismaelcolosi.com.br\/wp-content\/uploads\/2024\/07\/Copia-de-Copia-de-TAMANHO-EXATO-PARA-FOTOS-NO-SISTEMA-NOVO-2024-07-06T165409.368_2024-07-06_19-54-30_png_2024-07-06_19-54-30.webp.webp?fit=1200%2C675&ssl=1&resize=1050%2C600 3x"},"classes":[]},{"id":55874,"url":"https:\/\/ismaelcolosi.com.br\/index.php\/2024\/07\/06\/cantora-indicada-em-premiacao-internacional-faz-show-em-ribeirao-preto-veja-quando\/","url_meta":{"origin":55862,"position":1},"title":"Cantora indicada em premia\u00e7\u00e3o internacional faz show em Ribeir\u00e3o Preto; Veja quando","author":"ismaelcolosi.com.br","date":"6 de July de 2024","format":false,"excerpt":"A cantora baiana Duquesa, indicada a premia\u00e7\u00e3o internacional BET Awards 2024 se apresenta em Ribeir\u00e3o Preto, no dia 26 de julho, em uma casa de shows no Centro do munic\u00edpio, a partir das 22h. Ao lado da rapper sobem ao palco da nova edi\u00e7\u00e3o do \u201cBaile Shake\u201d as artistas: DJ\u2026","rel":"","context":"In &quot;Not\u00edcias de Ribeir\u00e3o Preto-SP e Regi\u00e3o&quot;","block_context":{"text":"Not\u00edcias de Ribeir\u00e3o Preto-SP e Regi\u00e3o","link":"https:\/\/ismaelcolosi.com.br\/index.php\/category\/noticias-de-ribeirao-preto-sp-e-regiao-ismael-colosi\/"},"img":{"alt_text":"","src":"https:\/\/i0.wp.com\/ismaelcolosi.com.br\/wp-content\/uploads\/2024\/07\/duquesa-cantora-taurus-vol-2-foto-ibcardoso_widelg_2024-07-06_17-05-06_jpg_2024-07-06_17-05-06.webp.webp?fit=800%2C450&ssl=1&resize=350%2C200","width":350,"height":200,"srcset":"https:\/\/i0.wp.com\/ismaelcolosi.com.br\/wp-content\/uploads\/2024\/07\/duquesa-cantora-taurus-vol-2-foto-ibcardoso_widelg_2024-07-06_17-05-06_jpg_2024-07-06_17-05-06.webp.webp?fit=800%2C450&ssl=1&resize=350%2C200 1x, https:\/\/i0.wp.com\/ismaelcolosi.com.br\/wp-content\/uploads\/2024\/07\/duquesa-cantora-taurus-vol-2-foto-ibcardoso_widelg_2024-07-06_17-05-06_jpg_2024-07-06_17-05-06.webp.webp?fit=800%2C450&ssl=1&resize=525%2C300 1.5x, https:\/\/i0.wp.com\/ismaelcolosi.com.br\/wp-content\/uploads\/2024\/07\/duquesa-cantora-taurus-vol-2-foto-ibcardoso_widelg_2024-07-06_17-05-06_jpg_2024-07-06_17-05-06.webp.webp?fit=800%2C450&ssl=1&resize=700%2C400 2x"},"classes":[]},{"id":49214,"url":"https:\/\/ismaelcolosi.com.br\/index.php\/2024\/05\/09\/caes-e-gatos-poderao-viajar-junto-com-os-passageiros-nos-avioes-entenda\/","url_meta":{"origin":55862,"position":2},"title":"C\u00e3es e gatos poder\u00e3o viajar junto com os passageiros nos avi\u00f5es; Entenda","author":"ismaelcolosi.com.br","date":"9 de May de 2024","format":false,"excerpt":"A C\u00e2mara dos Deputados aprovou nesta quarta-feira (8) um projeto de lei que obriga as companhias a\u00e9reas a ofertar servi\u00e7o de transporte c\u00e3es e gatos na cabine das aeronaves. Pelo projeto, os animais de estima\u00e7\u00e3o poder\u00e3o viajar junto com os passageiros em voos dom\u00e9sticos. Para entrar em vigor, a mat\u00e9ria\u2026","rel":"","context":"In &quot;Not\u00edcias de Ribeir\u00e3o Preto-SP e Regi\u00e3o&quot;","block_context":{"text":"Not\u00edcias de Ribeir\u00e3o Preto-SP e Regi\u00e3o","link":"https:\/\/ismaelcolosi.com.br\/index.php\/category\/noticias-de-ribeirao-preto-sp-e-regiao-ismael-colosi\/"},"img":{"alt_text":"","src":"https:\/\/i0.wp.com\/ismaelcolosi.com.br\/wp-content\/uploads\/2024\/05\/joca_2024-05-09_13-52-59_jpg_2024-05-09_13-52-59.webp.webp?fit=750%2C691&ssl=1&resize=350%2C200","width":350,"height":200,"srcset":"https:\/\/i0.wp.com\/ismaelcolosi.com.br\/wp-content\/uploads\/2024\/05\/joca_2024-05-09_13-52-59_jpg_2024-05-09_13-52-59.webp.webp?fit=750%2C691&ssl=1&resize=350%2C200 1x, https:\/\/i0.wp.com\/ismaelcolosi.com.br\/wp-content\/uploads\/2024\/05\/joca_2024-05-09_13-52-59_jpg_2024-05-09_13-52-59.webp.webp?fit=750%2C691&ssl=1&resize=525%2C300 1.5x, https:\/\/i0.wp.com\/ismaelcolosi.com.br\/wp-content\/uploads\/2024\/05\/joca_2024-05-09_13-52-59_jpg_2024-05-09_13-52-59.webp.webp?fit=750%2C691&ssl=1&resize=700%2C400 2x"},"classes":[]},{"id":42653,"url":"https:\/\/ismaelcolosi.com.br\/index.php\/2024\/03\/15\/divisao-tem-20-pets-filhotes-para-adocao\/","url_meta":{"origin":55862,"position":3},"title":"Divis\u00e3o tem 20 pets filhotes para ado\u00e7\u00e3o\u00a0","author":"ismaelcolosi.com.br","date":"15 de March de 2024","format":false,"excerpt":"15 de mar\u00e7o de 2024 | 18:0015 de mar\u00e7o de 2024 | 12:45 0A Divis\u00e3o de Bem-Estar Animal, ligada a Secretaria Municipal de Meio Ambiente, realizar\u00e1 neste s\u00e1bado, 16 de mar\u00e7o, das nove \u00e0s 14 horas, mais um evento para ado\u00e7\u00e3o de animais. Al\u00e9m de c\u00e3es e gatos de todas\u2026","rel":"","context":"In &quot;Not\u00edcias de Ribeir\u00e3o Preto-SP e Regi\u00e3o&quot;","block_context":{"text":"Not\u00edcias de Ribeir\u00e3o Preto-SP e Regi\u00e3o","link":"https:\/\/ismaelcolosi.com.br\/index.php\/category\/noticias-de-ribeirao-preto-sp-e-regiao-ismael-colosi\/"},"img":{"alt_text":"","src":"https:\/\/i0.wp.com\/ismaelcolosi.com.br\/wp-content\/uploads\/2024\/03\/Adocao-Divulgacao-scaled.jpeg?fit=824%2C645&ssl=1&resize=350%2C200","width":350,"height":200,"srcset":"https:\/\/i0.wp.com\/ismaelcolosi.com.br\/wp-content\/uploads\/2024\/03\/Adocao-Divulgacao-scaled.jpeg?fit=824%2C645&ssl=1&resize=350%2C200 1x, https:\/\/i0.wp.com\/ismaelcolosi.com.br\/wp-content\/uploads\/2024\/03\/Adocao-Divulgacao-scaled.jpeg?fit=824%2C645&ssl=1&resize=525%2C300 1.5x, https:\/\/i0.wp.com\/ismaelcolosi.com.br\/wp-content\/uploads\/2024\/03\/Adocao-Divulgacao-scaled.jpeg?fit=824%2C645&ssl=1&resize=700%2C400 2x"},"classes":[]},{"id":15965,"url":"https:\/\/ismaelcolosi.com.br\/index.php\/2023\/12\/14\/ribeirao-preto-tem-feirao-para-adocao-de-caes-e-gatos-neste-sabado-veja-como-adotar\/","url_meta":{"origin":55862,"position":4},"title":"Ribeir\u00e3o Preto tem feira para ado\u00e7\u00e3o de c\u00e3es e gatos neste s\u00e1bado; Veja como adotar","author":"ismaelcolosi.com.br","date":"14 de December de 2023","format":false,"excerpt":"A Divis\u00e3o de Bem-Estar Animal (DBEA) de Ribeir\u00e3o Preto realiza, neste s\u00e1bado (16), das 9h \u00e0s 14h, na sede da divis\u00e3o, um feir\u00e3o para ado\u00e7\u00e3o de c\u00e3es e gatos de todas as idades. A conviv\u00eancia com animais de estima\u00e7\u00e3o proporciona momentos de alegria no dia a dia, al\u00e9m de in\u00fameros\u2026","rel":"","context":"In &quot;Not\u00edcias de Ribeir\u00e3o Preto-SP e Regi\u00e3o&quot;","block_context":{"text":"Not\u00edcias de Ribeir\u00e3o Preto-SP e Regi\u00e3o","link":"https:\/\/ismaelcolosi.com.br\/index.php\/category\/noticias-de-ribeirao-preto-sp-e-regiao-ismael-colosi\/"},"img":{"alt_text":"","src":"https:\/\/i0.wp.com\/ismaelcolosi.com.br\/wp-content\/uploads\/2023\/12\/Copia-de-Copia-de-TAMANHO-EXATO-PARA-FOTOS-NO-SISTEMA-NOVO-24.png?fit=1200%2C675&ssl=1&resize=350%2C200","width":350,"height":200,"srcset":"https:\/\/i0.wp.com\/ismaelcolosi.com.br\/wp-content\/uploads\/2023\/12\/Copia-de-Copia-de-TAMANHO-EXATO-PARA-FOTOS-NO-SISTEMA-NOVO-24.png?fit=1200%2C675&ssl=1&resize=350%2C200 1x, https:\/\/i0.wp.com\/ismaelcolosi.com.br\/wp-content\/uploads\/2023\/12\/Copia-de-Copia-de-TAMANHO-EXATO-PARA-FOTOS-NO-SISTEMA-NOVO-24.png?fit=1200%2C675&ssl=1&resize=525%2C300 1.5x, https:\/\/i0.wp.com\/ismaelcolosi.com.br\/wp-content\/uploads\/2023\/12\/Copia-de-Copia-de-TAMANHO-EXATO-PARA-FOTOS-NO-SISTEMA-NOVO-24.png?fit=1200%2C675&ssl=1&resize=700%2C400 2x, https:\/\/i0.wp.com\/ismaelcolosi.com.br\/wp-content\/uploads\/2023\/12\/Copia-de-Copia-de-TAMANHO-EXATO-PARA-FOTOS-NO-SISTEMA-NOVO-24.png?fit=1200%2C675&ssl=1&resize=1050%2C600 3x"},"classes":[]},{"id":73502,"url":"https:\/\/ismaelcolosi.com.br\/index.php\/2024\/10\/27\/tutores-de-caes-em-condominios-responsabilidades-e-desafios\/","url_meta":{"origin":55862,"position":5},"title":"Tutores de c\u00e3es em condom\u00ednios: responsabilidades e desafios","author":"ismaelcolosi.com.br","date":"27 de October de 2024","format":false,"excerpt":"A conviv\u00eancia entre animais de estima\u00e7\u00e3o e moradores em condom\u00ednios tem se tornado cada vez mais comum, trazendo consigo a necessidade de estabelecer regras claras e eficazes para garantir a seguran\u00e7a e o bem-estar de todos. Num recente caso judicial no Rio Grande do Sul, no qual tutores de um\u2026","rel":"","context":"In &quot;Not\u00edcias de Ribeir\u00e3o Preto-SP e Regi\u00e3o&quot;","block_context":{"text":"Not\u00edcias de Ribeir\u00e3o Preto-SP e Regi\u00e3o","link":"https:\/\/ismaelcolosi.com.br\/index.php\/category\/noticias-de-ribeirao-preto-sp-e-regiao-ismael-colosi\/"},"img":{"alt_text":"","src":"https:\/\/i0.wp.com\/ismaelcolosi.com.br\/wp-content\/uploads\/2024\/03\/AnyConv.com__WhatsApp-Image-2024-02-29-at-15.18.26.webp.webp?fit=640%2C405&ssl=1&resize=350%2C200","width":350,"height":200,"srcset":"https:\/\/i0.wp.com\/ismaelcolosi.com.br\/wp-content\/uploads\/2024\/03\/AnyConv.com__WhatsApp-Image-2024-02-29-at-15.18.26.webp.webp?fit=640%2C405&ssl=1&resize=350%2C200 1x, https:\/\/i0.wp.com\/ismaelcolosi.com.br\/wp-content\/uploads\/2024\/03\/AnyConv.com__WhatsApp-Image-2024-02-29-at-15.18.26.webp.webp?fit=640%2C405&ssl=1&resize=525%2C300 1.5x"},"classes":[]}],"jetpack_sharing_enabled":true,"jetpack_shortlink":"https:\/\/wp.me\/pfMlyK-ex0","_links":{"self":[{"href":"https:\/\/ismaelcolosi.com.br\/index.php\/wp-json\/wp\/v2\/posts\/55862","targetHints":{"allow":["GET"]}}],"collection":[{"href":"https:\/\/ismaelcolosi.com.br\/index.php\/wp-json\/wp\/v2\/posts"}],"about":[{"href":"https:\/\/ismaelcolosi.com.br\/index.php\/wp-json\/wp\/v2\/types\/post"}],"author":[{"embeddable":true,"href":"https:\/\/ismaelcolosi.com.br\/index.php\/wp-json\/wp\/v2\/users\/1"}],"replies":[{"embeddable":true,"href":"https:\/\/ismaelcolosi.com.br\/index.php\/wp-json\/wp\/v2\/comments?post=55862"}],"version-history":[{"count":0,"href":"https:\/\/ismaelcolosi.com.br\/index.php\/wp-json\/wp\/v2\/posts\/55862\/revisions"}],"wp:featuredmedia":[{"embeddable":true,"href":"https:\/\/ismaelcolosi.com.br\/index.php\/wp-json\/wp\/v2\/media\/55863"}],"wp:attachment":[{"href":"https:\/\/ismaelcolosi.com.br\/index.php\/wp-json\/wp\/v2\/media?parent=55862"}],"wp:term":[{"taxonomy":"category","embeddable":true,"href":"https:\/\/ismaelcolosi.com.br\/index.php\/wp-json\/wp\/v2\/categories?post=55862"},{"taxonomy":"post_tag","embeddable":true,"href":"https:\/\/ismaelcolosi.com.br\/index.php\/wp-json\/wp\/v2\/tags?post=55862"}],"curies":[{"name":"wp","href":"https:\/\/api.w.org\/{rel}","templated":true}]}}