{"id":55860,"date":"2024-07-06T12:10:05","date_gmt":"2024-07-06T15:10:05","guid":{"rendered":"https:\/\/ismaelcolosi.com.br\/index.php\/2024\/07\/06\/homem-morre-apos-ser-esfaqueado-durante-discussao-por-furto-de-celular-na-regiao-de-ribeirao\/"},"modified":"2024-07-06T12:10:05","modified_gmt":"2024-07-06T15:10:05","slug":"homem-morre-apos-ser-esfaqueado-durante-discussao-por-furto-de-celular-na-regiao-de-ribeirao","status":"publish","type":"post","link":"https:\/\/ismaelcolosi.com.br\/index.php\/2024\/07\/06\/homem-morre-apos-ser-esfaqueado-durante-discussao-por-furto-de-celular-na-regiao-de-ribeirao\/","title":{"rendered":"Homem morre ap\u00f3s ser esfaqueado durante discuss\u00e3o por furto de celular na regi\u00e3o de Ribeir\u00e3o"},"content":{"rendered":"<p> <br \/>\n<\/p>\n<div>\n<p>Um <strong>homem <\/strong>de 37 anos <strong>morreu <\/strong>ap\u00f3s ser <strong>esfaqueado durante uma briga<\/strong>, na noite desta sexta-feira (5), em <strong>Franca<\/strong>, cidade na regi\u00e3o de <strong>Ribeir\u00e3o Preto<\/strong>.<\/p>\n<p>De acordo com o <strong>boletim de ocorr\u00eancia (BO)<\/strong>, o crime aconteceu na frente da esposa da v\u00edtima, depois de uma <strong>discuss\u00e3o com um homem suspeito de furtar o celular dele<\/strong>.<\/p><div class='code-block code-block-8' style='margin: 8px auto; text-align: center; display: block; clear: both;'>\n<script>\n  atOptions = {\n    'key' : '66e2e2111ca34da796271819fc334058',\n    'format' : 'iframe',\n    'height' : 250,\n    'width' : 300,\n    'params' : {}\n  };\n<\/script>\n<script src=\"https:\/\/www.highperformanceformat.com\/66e2e2111ca34da796271819fc334058\/invoke.js\"><\/script>\n<\/div>\n\n<p>Conforme relato da mulher aos policiais, no \u00faltimo dia <strong>29 de junho<\/strong>, Wionilson Jos\u00e9 da Silva chegou embriagado em casa e, para n\u00e3o discutir com ela, resolveu dormir na <strong>garagem do condom\u00ednio em que residem<\/strong>. <mark style=\"background-color:#fcb900\" class=\"has-inline-color\"><strong>Enquanto dormia, ele teve o celular furtado.<\/strong><\/mark><\/p>\n<p>Nesta sexta-feira, <strong>a v\u00edtima encontrou o suposto respons\u00e1vel pelo furto<\/strong>, que estava acompanhado do <strong>filho<\/strong> e do <strong>irm\u00e3o<\/strong>, quando come\u00e7ou uma discuss\u00e3o.<\/p>\n<p>Em determinado momento Wionilson teria sa\u00eddo do local e quando retornou, a discuss\u00e3o foi novamente iniciada. Nesse momento, <strong>os tr\u00eas suspeitos estavam armados com as facas<\/strong> e <strong>desferiram golpes contra a v\u00edtima<\/strong>.<\/p>\n<p>Wionilson chegou a ser socorrido e foi levado \u00e0 <strong>Unidade de Pronto Atendimento (UPA)<\/strong> do Jardim Anita, por\u00e9m, chegou ao local sem vida.<\/p>\n<p><strong>Ap\u00f3s o crime, os suspeitos fugiram do local e, at\u00e9 o momento, ningu\u00e9m foi preso<\/strong>. O boletim foi registrado como <strong>homic\u00eddio <\/strong>e a <strong>Pol\u00edcia Civil<\/strong> vai investigar o caso.<\/p>\n<hr class=\"wp-block-separator has-alpha-channel-opacity\"\/>\n<p>SAIBA MAIS<\/p>\n<p>Confira os hor\u00e1rios dos shoppings e com\u00e9rcio no feriado de 9 de julho em Ribeir\u00e3o Preto<\/p>\n<h4 class=\"wp-block-heading\"><strong>FIQUE ON<\/strong><\/h4>\n<p>Fique ligado em tudo que acontece em Ribeir\u00e3o Preto e regi\u00e3o. Siga os perfis do\u00a0<strong>acidade on\u00a0<\/strong>no\u00a0<a href=\"https:\/\/www.instagram.com\/acidadeonribeirao\" target=\"_blank\" rel=\"noreferrer noopener\">Instagram<\/a>\u00a0e no\u00a0<a href=\"https:\/\/www.facebook.com\/acidadeonribeirao\" target=\"_blank\" rel=\"noreferrer noopener\">Facebook<\/a>.<\/p>\n<p>Receba not\u00edcias do acidade on no WhatsApp. Para entrar no grupo, basta\u00a0<a href=\"https:\/\/chat.whatsapp.com\/CdrZ6xrf7quD44Vw3WlPuZ\" target=\"_blank\" rel=\"noreferrer noopener\">clicar aqui<\/a>.<\/p>\n<p>Fa\u00e7a uma den\u00fancia ou sugira uma reportagem sobre Ribeir\u00e3o Preto e regi\u00e3o pelo WhatsApp: 16 99117 7802.<\/p>\n<p>VEJA TAMB\u00c9M<\/p>\n<p>Milton Nascimento namorou River Phoenix?<\/p>\n<p><!-- AI CONTENT END 1 -->\n<\/div>\n<p><script async src=\"\/\/www.instagram.com\/embed.js\"><\/script><br \/>\n<br \/><br \/>\n<br \/><a href=\"https:\/\/www.acidadeon.com\/ribeiraopreto\/cotidiano\/homem-morre-apos-ser-esfaqueado-durante-discussao-por-furto-de-celular-na-regiao-de-ribeirao\/\">Source link <\/a><\/p>\n<div class='code-block code-block-4' style='margin: 8px auto 8px 0; text-align: left; display: block; clear: both;'>\n\ud83d\udce2 Aviso Legal\n\nO site ismaelcolosi.com.br atua apenas como um canal de divulga\u00e7\u00e3o de oportunidades de emprego e n\u00e3o se responsabiliza pelo processo seletivo, contrata\u00e7\u00e3o ou qualquer outra etapa relacionada \u00e0s vagas publicadas. Todas as informa\u00e7\u00f5es s\u00e3o de responsabilidade dos anunciantes.\n\n\u26a0\ufe0f Aten\u00e7\u00e3o! Nunca pague por promessas de emprego nem compre cursos que garantam contrata\u00e7\u00e3o. Desconfie de qualquer cobran\u00e7a para participar de sele\u00e7\u00f5es.\n\n\n\n<\/div>\n<!-- CONTENT END 1 -->\n","protected":false},"excerpt":{"rendered":"<p>Um homem de 37 anos morreu ap\u00f3s ser esfaqueado durante uma briga, na noite desta sexta-feira (5), em Franca, cidade na regi\u00e3o de Ribeir\u00e3o Preto&#8230;.<\/p>\n","protected":false},"author":1,"featured_media":55861,"comment_status":"open","ping_status":"open","sticky":false,"template":"","format":"standard","meta":{"_uag_custom_page_level_css":"","advanced_seo_description":"","jetpack_seo_html_title":"","jetpack_seo_noindex":false,"jetpack_post_was_ever_published":false,"_jetpack_newsletter_access":"","_jetpack_dont_email_post_to_subs":false,"_jetpack_newsletter_tier_id":0,"_jetpack_memberships_contains_paywalled_content":false,"_jetpack_memberships_contains_paid_content":false,"footnotes":"","jetpack_publicize_message":"","jetpack_publicize_feature_enabled":true,"jetpack_social_post_already_shared":true,"jetpack_social_options":{"image_generator_settings":{"template":"highway","default_image_id":0,"font":"","enabled":false},"version":2}},"categories":[11],"tags":[],"class_list":["post-55860","post","type-post","status-publish","format-standard","has-post-thumbnail","hentry","category-noticias-de-ribeirao-preto-sp-e-regiao-ismael-colosi"],"jetpack_publicize_connections":[],"jetpack_featured_media_url":"https:\/\/i0.wp.com\/ismaelcolosi.com.br\/wp-content\/uploads\/2024\/07\/giroflex_policia_1024x576_23032020103807.jpg?fit=1024%2C576&ssl=1","uagb_featured_image_src":{"full":["https:\/\/i0.wp.com\/ismaelcolosi.com.br\/wp-content\/uploads\/2024\/07\/giroflex_policia_1024x576_23032020103807.jpg?fit=1024%2C576&ssl=1",1024,576,false],"thumbnail":["https:\/\/i0.wp.com\/ismaelcolosi.com.br\/wp-content\/uploads\/2024\/07\/giroflex_policia_1024x576_23032020103807.jpg?resize=150%2C150&ssl=1",150,150,true],"medium":["https:\/\/i0.wp.com\/ismaelcolosi.com.br\/wp-content\/uploads\/2024\/07\/giroflex_policia_1024x576_23032020103807.jpg?fit=300%2C169&ssl=1",300,169,true],"medium_large":["https:\/\/i0.wp.com\/ismaelcolosi.com.br\/wp-content\/uploads\/2024\/07\/giroflex_policia_1024x576_23032020103807.jpg?fit=768%2C432&ssl=1",768,432,true],"large":["https:\/\/i0.wp.com\/ismaelcolosi.com.br\/wp-content\/uploads\/2024\/07\/giroflex_policia_1024x576_23032020103807.jpg?fit=1024%2C576&ssl=1",1024,576,true],"1536x1536":["https:\/\/i0.wp.com\/ismaelcolosi.com.br\/wp-content\/uploads\/2024\/07\/giroflex_policia_1024x576_23032020103807.jpg?fit=1024%2C576&ssl=1",1024,576,true],"2048x2048":["https:\/\/i0.wp.com\/ismaelcolosi.com.br\/wp-content\/uploads\/2024\/07\/giroflex_policia_1024x576_23032020103807.jpg?fit=1024%2C576&ssl=1",1024,576,true],"really-simple-thumb":["https:\/\/i0.wp.com\/ismaelcolosi.com.br\/wp-content\/uploads\/2024\/07\/giroflex_policia_1024x576_23032020103807.jpg?resize=370%2C247&ssl=1",370,247,true]},"uagb_author_info":{"display_name":"ismaelcolosi.com.br","author_link":"https:\/\/ismaelcolosi.com.br\/index.php\/author\/vidareal-online\/"},"uagb_comment_info":0,"uagb_excerpt":"Um homem de 37 anos morreu ap\u00f3s ser esfaqueado durante uma briga, na noite desta sexta-feira (5), em Franca, cidade na regi\u00e3o de Ribeir\u00e3o Preto....","jetpack-related-posts":[{"id":44003,"url":"https:\/\/ismaelcolosi.com.br\/index.php\/2024\/03\/25\/homem-morre-apos-ser-esfaqueado-durante-discussao-em-ribeirao-preto\/","url_meta":{"origin":55860,"position":0},"title":"Homem morre ap\u00f3s ser esfaqueado durante discuss\u00e3o em Ribeir\u00e3o Preto","author":"ismaelcolosi.com.br","date":"25 de March de 2024","format":false,"excerpt":"Um homem de 25 anos morreu ap\u00f3s ser esfaqueado no peito durante uma discuss\u00e3o no Alto do Ipiranga, na zona Norte de Ribeir\u00e3o Preto, na madrugada do \u00faltimo s\u00e1bado (23). De acordo com o B.O. (boletim de ocorr\u00eancia), a v\u00edtima chegou a ser socorrida pelo Samu (Servi\u00e7o de Atendimento M\u00f3vel\u2026","rel":"","context":"In &quot;Not\u00edcias de Ribeir\u00e3o Preto-SP e Regi\u00e3o&quot;","block_context":{"text":"Not\u00edcias de Ribeir\u00e3o Preto-SP e Regi\u00e3o","link":"https:\/\/ismaelcolosi.com.br\/index.php\/category\/noticias-de-ribeirao-preto-sp-e-regiao-ismael-colosi\/"},"img":{"alt_text":"","src":"https:\/\/i0.wp.com\/ismaelcolosi.com.br\/wp-content\/uploads\/2024\/03\/1711372893_WhatsApp-Image-2023-12-09-at-13.55.44.jpeg?fit=1024%2C576&ssl=1&resize=350%2C200","width":350,"height":200,"srcset":"https:\/\/i0.wp.com\/ismaelcolosi.com.br\/wp-content\/uploads\/2024\/03\/1711372893_WhatsApp-Image-2023-12-09-at-13.55.44.jpeg?fit=1024%2C576&ssl=1&resize=350%2C200 1x, https:\/\/i0.wp.com\/ismaelcolosi.com.br\/wp-content\/uploads\/2024\/03\/1711372893_WhatsApp-Image-2023-12-09-at-13.55.44.jpeg?fit=1024%2C576&ssl=1&resize=525%2C300 1.5x, https:\/\/i0.wp.com\/ismaelcolosi.com.br\/wp-content\/uploads\/2024\/03\/1711372893_WhatsApp-Image-2023-12-09-at-13.55.44.jpeg?fit=1024%2C576&ssl=1&resize=700%2C400 2x"},"classes":[]},{"id":57869,"url":"https:\/\/ismaelcolosi.com.br\/index.php\/2024\/07\/25\/homem-acaba-preso-apos-ser-esfaqueado-em-briga-com-irmao-na-regiao-de-ribeirao-preto\/","url_meta":{"origin":55860,"position":1},"title":"Homem acaba preso ap\u00f3s ser esfaqueado em briga com irm\u00e3o na regi\u00e3o de Ribeir\u00e3o Preto","author":"ismaelcolosi.com.br","date":"25 de July de 2024","format":false,"excerpt":"Um homem de 27 anos foi esfaqueado e ainda acabou preso nesta quarta-feira (24), em Santa Rosa de Viterbo, cidade a aproximadamente 70 quil\u00f4metros de Ribeir\u00e3o Preto. Segundo o boletim de ocorr\u00eancia (BO), havia um mandado de pris\u00e3o na esfera civil contra ele. O homem foi levado at\u00e9 o pronto-socorro\u2026","rel":"","context":"In &quot;Not\u00edcias de Ribeir\u00e3o Preto-SP e Regi\u00e3o&quot;","block_context":{"text":"Not\u00edcias de Ribeir\u00e3o Preto-SP e Regi\u00e3o","link":"https:\/\/ismaelcolosi.com.br\/index.php\/category\/noticias-de-ribeirao-preto-sp-e-regiao-ismael-colosi\/"},"img":{"alt_text":"","src":"https:\/\/i0.wp.com\/ismaelcolosi.com.br\/wp-content\/uploads\/2024\/07\/1721912308_sao_carlos_500x320_03082019163914.jpg?fit=500%2C322&ssl=1&resize=350%2C200","width":350,"height":200},"classes":[]},{"id":22899,"url":"https:\/\/ismaelcolosi.com.br\/index.php\/2023\/12\/31\/homem-morre-apos-ser-esfaqueado-na-regiao-de-ribeirao-preto-2\/","url_meta":{"origin":55860,"position":2},"title":"Homem morre ap\u00f3s ser esfaqueado na regi\u00e3o de Ribeir\u00e3o Preto","author":"ismaelcolosi.com.br","date":"31 de December de 2023","format":false,"excerpt":"Um homem foi morto ap\u00f3s ser esfaqueado em Igarapava, na regi\u00e3o de Ribeir\u00e3o Preto, na noite do \u00faltimo s\u00e1bado (30). O autor do crime teria discutido com a v\u00edtima, que teria ido at\u00e9 a casa do acusado para tirar satisfa\u00e7\u00e3o. De acordo com o B.O. (boletim de ocorr\u00eancia), o autor\u2026","rel":"","context":"In &quot;Not\u00edcias de Ribeir\u00e3o Preto-SP e Regi\u00e3o&quot;","block_context":{"text":"Not\u00edcias de Ribeir\u00e3o Preto-SP e Regi\u00e3o","link":"https:\/\/ismaelcolosi.com.br\/index.php\/category\/noticias-de-ribeirao-preto-sp-e-regiao-ismael-colosi\/"},"img":{"alt_text":"","src":"https:\/\/i0.wp.com\/ismaelcolosi.com.br\/wp-content\/uploads\/2023\/12\/1704038711_WhatsApp-Image-2023-12-09-at-13.55.44.jpeg?fit=1024%2C576&ssl=1&resize=350%2C200","width":350,"height":200,"srcset":"https:\/\/i0.wp.com\/ismaelcolosi.com.br\/wp-content\/uploads\/2023\/12\/1704038711_WhatsApp-Image-2023-12-09-at-13.55.44.jpeg?fit=1024%2C576&ssl=1&resize=350%2C200 1x, https:\/\/i0.wp.com\/ismaelcolosi.com.br\/wp-content\/uploads\/2023\/12\/1704038711_WhatsApp-Image-2023-12-09-at-13.55.44.jpeg?fit=1024%2C576&ssl=1&resize=525%2C300 1.5x, https:\/\/i0.wp.com\/ismaelcolosi.com.br\/wp-content\/uploads\/2023\/12\/1704038711_WhatsApp-Image-2023-12-09-at-13.55.44.jpeg?fit=1024%2C576&ssl=1&resize=700%2C400 2x"},"classes":[]},{"id":56614,"url":"https:\/\/ismaelcolosi.com.br\/index.php\/2024\/07\/12\/mulher-e-crianca-sao-baleadas-apos-discussao-na-regiao-de-ribeirao-preto\/","url_meta":{"origin":55860,"position":3},"title":"Mulher e crian\u00e7a s\u00e3o baleadas ap\u00f3s discuss\u00e3o na regi\u00e3o de Ribeir\u00e3o Preto","author":"ismaelcolosi.com.br","date":"12 de July de 2024","format":false,"excerpt":"Uma mulher e uma crian\u00e7a foram baleadas na noite desta sexta-feira (12), em Pontal, cidade na regi\u00e3o de Ribeir\u00e3o Preto. O suspeito de ter efetuado os disparos \u00e9 o marido da v\u00edtima. De acordo com a apura\u00e7\u00e3o da EPTV, que conversou com a filha da mulher, a m\u00e3e e o\u2026","rel":"","context":"In &quot;Not\u00edcias de Ribeir\u00e3o Preto-SP e Regi\u00e3o&quot;","block_context":{"text":"Not\u00edcias de Ribeir\u00e3o Preto-SP e Regi\u00e3o","link":"https:\/\/ismaelcolosi.com.br\/index.php\/category\/noticias-de-ribeirao-preto-sp-e-regiao-ismael-colosi\/"},"img":{"alt_text":"","src":"https:\/\/i0.wp.com\/ismaelcolosi.com.br\/wp-content\/uploads\/2024\/07\/sirene_giroflex_1024x576_11032021085153.jpg?fit=1024%2C576&ssl=1&resize=350%2C200","width":350,"height":200,"srcset":"https:\/\/i0.wp.com\/ismaelcolosi.com.br\/wp-content\/uploads\/2024\/07\/sirene_giroflex_1024x576_11032021085153.jpg?fit=1024%2C576&ssl=1&resize=350%2C200 1x, https:\/\/i0.wp.com\/ismaelcolosi.com.br\/wp-content\/uploads\/2024\/07\/sirene_giroflex_1024x576_11032021085153.jpg?fit=1024%2C576&ssl=1&resize=525%2C300 1.5x, https:\/\/i0.wp.com\/ismaelcolosi.com.br\/wp-content\/uploads\/2024\/07\/sirene_giroflex_1024x576_11032021085153.jpg?fit=1024%2C576&ssl=1&resize=700%2C400 2x"},"classes":[]},{"id":58339,"url":"https:\/\/ismaelcolosi.com.br\/index.php\/2024\/07\/30\/homem-e-esfaqueado-durante-assalto-no-centro-de-ribeirao-preto\/","url_meta":{"origin":55860,"position":4},"title":"Homem \u00e9 esfaqueado durante assalto no Centro de Ribeir\u00e3o Preto","author":"ismaelcolosi.com.br","date":"30 de July de 2024","format":false,"excerpt":"Um homem de 38 anos foi esfaqueado em um assalto na madrugada desta ter\u00e7a-feira (30), no Centro de Ribeir\u00e3o Preto. A v\u00edtima disse \u00e0 pol\u00edcia no boletim de ocorr\u00eancia (BO) que caminhava pela rua Saldanha Marinho \u00e0s 2h50, nas proximidades do cruzamento com a rua Prudente de Morais, quando foi\u2026","rel":"","context":"In &quot;Not\u00edcias de Ribeir\u00e3o Preto-SP e Regi\u00e3o&quot;","block_context":{"text":"Not\u00edcias de Ribeir\u00e3o Preto-SP e Regi\u00e3o","link":"https:\/\/ismaelcolosi.com.br\/index.php\/category\/noticias-de-ribeirao-preto-sp-e-regiao-ismael-colosi\/"},"img":{"alt_text":"","src":"https:\/\/i0.wp.com\/ismaelcolosi.com.br\/wp-content\/uploads\/2024\/07\/sirene_giroflex_1024x576_11032021085239.jpg?fit=1024%2C576&ssl=1&resize=350%2C200","width":350,"height":200,"srcset":"https:\/\/i0.wp.com\/ismaelcolosi.com.br\/wp-content\/uploads\/2024\/07\/sirene_giroflex_1024x576_11032021085239.jpg?fit=1024%2C576&ssl=1&resize=350%2C200 1x, https:\/\/i0.wp.com\/ismaelcolosi.com.br\/wp-content\/uploads\/2024\/07\/sirene_giroflex_1024x576_11032021085239.jpg?fit=1024%2C576&ssl=1&resize=525%2C300 1.5x, https:\/\/i0.wp.com\/ismaelcolosi.com.br\/wp-content\/uploads\/2024\/07\/sirene_giroflex_1024x576_11032021085239.jpg?fit=1024%2C576&ssl=1&resize=700%2C400 2x"},"classes":[]},{"id":51314,"url":"https:\/\/ismaelcolosi.com.br\/index.php\/2024\/05\/26\/idoso-e-esfaqueado-apos-bandido-invadir-casa-e-roubar-celular-na-regiao-de-ribeirao-preto\/","url_meta":{"origin":55860,"position":5},"title":"Idoso \u00e9 esfaqueado ap\u00f3s bandido invadir casa e roubar celular na regi\u00e3o de Ribeir\u00e3o Preto","author":"ismaelcolosi.com.br","date":"26 de May de 2024","format":false,"excerpt":"Um idoso de 62 anos ficou ferido ap\u00f3s ser esfaqueado por um bandido, que invadiu a casa onde mora e ter o celular roubado. O crime aconteceu na madrugada deste domingo (26), no bairro Pedro de Fel\u00edcio, em Pitangueiras, na regi\u00e3o de Ribeir\u00e3o Preto. Segundo a Guarda Civil Metropolitana, que\u2026","rel":"","context":"In &quot;Not\u00edcias de Ribeir\u00e3o Preto-SP e Regi\u00e3o&quot;","block_context":{"text":"Not\u00edcias de Ribeir\u00e3o Preto-SP e Regi\u00e3o","link":"https:\/\/ismaelcolosi.com.br\/index.php\/category\/noticias-de-ribeirao-preto-sp-e-regiao-ismael-colosi\/"},"img":{"alt_text":"","src":"https:\/\/i0.wp.com\/ismaelcolosi.com.br\/wp-content\/uploads\/2024\/05\/Copia-de-Copia-de-TAMANHO-EXATO-PARA-FOTOS-NO-SISTEMA-NOVO-47_2024-05-26_20-46-49_jpg_2024-05-26_20-46-49.webp.webp?fit=1200%2C675&ssl=1&resize=350%2C200","width":350,"height":200,"srcset":"https:\/\/i0.wp.com\/ismaelcolosi.com.br\/wp-content\/uploads\/2024\/05\/Copia-de-Copia-de-TAMANHO-EXATO-PARA-FOTOS-NO-SISTEMA-NOVO-47_2024-05-26_20-46-49_jpg_2024-05-26_20-46-49.webp.webp?fit=1200%2C675&ssl=1&resize=350%2C200 1x, https:\/\/i0.wp.com\/ismaelcolosi.com.br\/wp-content\/uploads\/2024\/05\/Copia-de-Copia-de-TAMANHO-EXATO-PARA-FOTOS-NO-SISTEMA-NOVO-47_2024-05-26_20-46-49_jpg_2024-05-26_20-46-49.webp.webp?fit=1200%2C675&ssl=1&resize=525%2C300 1.5x, https:\/\/i0.wp.com\/ismaelcolosi.com.br\/wp-content\/uploads\/2024\/05\/Copia-de-Copia-de-TAMANHO-EXATO-PARA-FOTOS-NO-SISTEMA-NOVO-47_2024-05-26_20-46-49_jpg_2024-05-26_20-46-49.webp.webp?fit=1200%2C675&ssl=1&resize=700%2C400 2x, https:\/\/i0.wp.com\/ismaelcolosi.com.br\/wp-content\/uploads\/2024\/05\/Copia-de-Copia-de-TAMANHO-EXATO-PARA-FOTOS-NO-SISTEMA-NOVO-47_2024-05-26_20-46-49_jpg_2024-05-26_20-46-49.webp.webp?fit=1200%2C675&ssl=1&resize=1050%2C600 3x"},"classes":[]}],"jetpack_sharing_enabled":true,"jetpack_shortlink":"https:\/\/wp.me\/pfMlyK-ewY","_links":{"self":[{"href":"https:\/\/ismaelcolosi.com.br\/index.php\/wp-json\/wp\/v2\/posts\/55860","targetHints":{"allow":["GET"]}}],"collection":[{"href":"https:\/\/ismaelcolosi.com.br\/index.php\/wp-json\/wp\/v2\/posts"}],"about":[{"href":"https:\/\/ismaelcolosi.com.br\/index.php\/wp-json\/wp\/v2\/types\/post"}],"author":[{"embeddable":true,"href":"https:\/\/ismaelcolosi.com.br\/index.php\/wp-json\/wp\/v2\/users\/1"}],"replies":[{"embeddable":true,"href":"https:\/\/ismaelcolosi.com.br\/index.php\/wp-json\/wp\/v2\/comments?post=55860"}],"version-history":[{"count":0,"href":"https:\/\/ismaelcolosi.com.br\/index.php\/wp-json\/wp\/v2\/posts\/55860\/revisions"}],"wp:featuredmedia":[{"embeddable":true,"href":"https:\/\/ismaelcolosi.com.br\/index.php\/wp-json\/wp\/v2\/media\/55861"}],"wp:attachment":[{"href":"https:\/\/ismaelcolosi.com.br\/index.php\/wp-json\/wp\/v2\/media?parent=55860"}],"wp:term":[{"taxonomy":"category","embeddable":true,"href":"https:\/\/ismaelcolosi.com.br\/index.php\/wp-json\/wp\/v2\/categories?post=55860"},{"taxonomy":"post_tag","embeddable":true,"href":"https:\/\/ismaelcolosi.com.br\/index.php\/wp-json\/wp\/v2\/tags?post=55860"}],"curies":[{"name":"wp","href":"https:\/\/api.w.org\/{rel}","templated":true}]}}