{"id":55858,"date":"2024-07-06T11:16:39","date_gmt":"2024-07-06T14:16:39","guid":{"rendered":"https:\/\/ismaelcolosi.com.br\/index.php\/2024\/07\/06\/confira-os-horarios-dos-shoppings-e-comercio-no-feriado-de-9-de-julho-em-ribeirao-preto\/"},"modified":"2024-07-06T11:16:39","modified_gmt":"2024-07-06T14:16:39","slug":"confira-os-horarios-dos-shoppings-e-comercio-no-feriado-de-9-de-julho-em-ribeirao-preto","status":"publish","type":"post","link":"https:\/\/ismaelcolosi.com.br\/index.php\/2024\/07\/06\/confira-os-horarios-dos-shoppings-e-comercio-no-feriado-de-9-de-julho-em-ribeirao-preto\/","title":{"rendered":"Confira os hor\u00e1rios dos shoppings e com\u00e9rcio no feriado de 9 de julho em Ribeir\u00e3o Preto"},"content":{"rendered":"<p> <br \/>\n<\/p>\n<div>\n<p>Na pr\u00f3xima <strong>ter\u00e7a-feira (9)<\/strong> se comemora a\u00a0<strong>Revolu\u00e7\u00e3o Constitucionalista<\/strong>\u00a0<strong>de 1932, <\/strong>onde o\u00a0<strong>estado de<\/strong>\u00a0<strong>S\u00e3o Paulo<\/strong>\u00a0se op\u00f4s contra o governo de\u00a0<strong>Get\u00falio Vargas<\/strong>. <\/p>\n<p>Por conta do feriado, o funcionamento dos shoppings e do com\u00e9rcio de rua de <strong>Ribeir\u00e3o Preto<\/strong> ser\u00e3o alterados. Confira:<\/p><div class='code-block code-block-8' style='margin: 8px auto; text-align: center; display: block; clear: both;'>\n<script>\n  atOptions = {\n    'key' : '66e2e2111ca34da796271819fc334058',\n    'format' : 'iframe',\n    'height' : 250,\n    'width' : 300,\n    'params' : {}\n  };\n<\/script>\n<script src=\"https:\/\/www.highperformanceformat.com\/66e2e2111ca34da796271819fc334058\/invoke.js\"><\/script>\n<\/div>\n\n<h4 class=\"wp-block-heading\"><strong>Shoppings de Ribeir\u00e3o Preto<\/strong><\/h4>\n<ul>\n<li><strong>Ribeir\u00e3o Shopping e Shopping Santa \u00darsula<\/strong><\/li>\n<\/ul>\n<p>As lojas t\u00eam abertura facultativa, das\u00a0<strong>14h \u00e0s 20h<\/strong>, e a pra\u00e7a de alimenta\u00e7\u00e3o, lazer e restaurantes atendem em hor\u00e1rio normal, a partir das\u00a0<strong>11h<\/strong>.<\/p>\n<p>As lojas contam com hor\u00e1rio facultativo, das\u00a0<strong>14h \u00e0s 20h<\/strong>, e alimenta\u00e7\u00e3o e lazer, das\u00a0<strong>10h \u00e0s 22h<\/strong>.<\/p>\n<p>As lojas \u00e2ncoras do centro de compras, como a Leroy Merlin e Sam\u00b4s Club, tamb\u00e9m t\u00eam hor\u00e1rio especial. Ela funcionar\u00e3o das 8h \u00e0s 20h.<\/p>\n<p>As lojas do centro de compras abrem das\u00a0<strong>14h \u00e0s 20h<\/strong>, com hor\u00e1rio opcional \u00e0s\u00a0<strong>12h<\/strong>. A \u00e1rea de alimenta\u00e7\u00e3o abre das\u00a0<strong>11h \u00e0s 22h<\/strong>.<\/p>\n<h4 class=\"wp-block-heading\"><strong>Com\u00e9rcio de rua<\/strong><\/h4>\n<p>De acordo com comunicado emitido pela <strong>Associa\u00e7\u00e3o Comercial e Industrial de Ribeir\u00e3o Preto (Acirp)<\/strong>, o com\u00e9rcio de rua de\u00a0<strong>Ribeir\u00e3o Preto<\/strong>\u00a0tem abertura facultativa das\u00a0<strong>9h \u00e0s 18h<\/strong>.<\/p>\n<h4 class=\"wp-block-heading\"><strong>Bancos<\/strong><\/h4>\n<p>Conforme <strong>a Federa\u00e7\u00e3o Brasileira de Bancos (Febraban)<\/strong>,\u00a0as\u00a0<strong>ag\u00eancias banc\u00e1rias<\/strong>\u00a0do estado <strong>n\u00e3o abrem<\/strong>. As transa\u00e7\u00f5es banc\u00e1rias tamb\u00e9m n\u00e3o funcionam no mesmo per\u00edodo, <strong>somente o PIX.<\/strong><\/p>\n<hr class=\"wp-block-separator has-alpha-channel-opacity\"\/>\n<p>SAIBA MAIS<br \/>Interior de SP tem novo alerta para onda de frio; Veja previs\u00e3o para Ribeir\u00e3o Preto<\/p>\n<h4 class=\"wp-block-heading\"><strong>FIQUE ON<\/strong><\/h4>\n<p>Fique ligado em tudo que acontece em Ribeir\u00e3o Preto e regi\u00e3o. Siga os perfis do <strong>acidade on <\/strong>no <a href=\"https:\/\/www.instagram.com\/acidadeonribeirao\" target=\"_blank\" rel=\"noreferrer noopener\">Instagram<\/a> e no <a href=\"https:\/\/www.facebook.com\/acidadeonribeirao\" target=\"_blank\" rel=\"noreferrer noopener\">Facebook<\/a>.<\/p>\n<p>Receba not\u00edcias do acidade on no WhatsApp. Para entrar no grupo, basta <a href=\"https:\/\/chat.whatsapp.com\/CdrZ6xrf7quD44Vw3WlPuZ\" target=\"_blank\" rel=\"noreferrer noopener\">clicar aqui<\/a>.<\/p>\n<p>Fa\u00e7a uma den\u00fancia ou sugira uma reportagem sobre Ribeir\u00e3o Preto e regi\u00e3o pelo WhatsApp: 16 99117 7802.<\/p>\n<p>VEJA TAMB\u00c9M<br \/>Qual o line-up do Knofest Brasil?<\/p>\n<p><!-- AI CONTENT END 1 -->\n<\/div>\n<p><script async src=\"\/\/www.instagram.com\/embed.js\"><\/script><br \/>\n<br \/><br \/>\n<br \/><a href=\"https:\/\/www.acidadeon.com\/ribeiraopreto\/cotidiano\/confira-os-horarios-dos-shoppings-e-comercio-no-feriado-de-9-de-julho-em-ribeirao-preto\/\">Source link <\/a><\/p>\n<div class='code-block code-block-4' style='margin: 8px auto 8px 0; text-align: left; display: block; clear: both;'>\n\ud83d\udce2 Aviso Legal\n\nO site ismaelcolosi.com.br atua apenas como um canal de divulga\u00e7\u00e3o de oportunidades de emprego e n\u00e3o se responsabiliza pelo processo seletivo, contrata\u00e7\u00e3o ou qualquer outra etapa relacionada \u00e0s vagas publicadas. Todas as informa\u00e7\u00f5es s\u00e3o de responsabilidade dos anunciantes.\n\n\u26a0\ufe0f Aten\u00e7\u00e3o! Nunca pague por promessas de emprego nem compre cursos que garantam contrata\u00e7\u00e3o. Desconfie de qualquer cobran\u00e7a para participar de sele\u00e7\u00f5es.\n\n\n\n<\/div>\n<!-- CONTENT END 1 -->\n","protected":false},"excerpt":{"rendered":"<p>Na pr\u00f3xima ter\u00e7a-feira (9) se comemora a\u00a0Revolu\u00e7\u00e3o Constitucionalista\u00a0de 1932, onde o\u00a0estado de\u00a0S\u00e3o Paulo\u00a0se op\u00f4s contra o governo de\u00a0Get\u00falio Vargas. Por conta do feriado, o funcionamento&#8230;<\/p>\n","protected":false},"author":1,"featured_media":55859,"comment_status":"open","ping_status":"open","sticky":false,"template":"","format":"standard","meta":{"_uag_custom_page_level_css":"","advanced_seo_description":"","jetpack_seo_html_title":"","jetpack_seo_noindex":false,"jetpack_post_was_ever_published":false,"_jetpack_newsletter_access":"","_jetpack_dont_email_post_to_subs":false,"_jetpack_newsletter_tier_id":0,"_jetpack_memberships_contains_paywalled_content":false,"_jetpack_memberships_contains_paid_content":false,"footnotes":"","jetpack_publicize_message":"","jetpack_publicize_feature_enabled":true,"jetpack_social_post_already_shared":true,"jetpack_social_options":{"image_generator_settings":{"template":"highway","default_image_id":0,"font":"","enabled":false},"version":2}},"categories":[11],"tags":[],"class_list":["post-55858","post","type-post","status-publish","format-standard","has-post-thumbnail","hentry","category-noticias-de-ribeirao-preto-sp-e-regiao-ismael-colosi"],"jetpack_publicize_connections":[],"jetpack_featured_media_url":"https:\/\/i0.wp.com\/ismaelcolosi.com.br\/wp-content\/uploads\/2024\/07\/20221224_101748_2.jpg?fit=2434%2C1602&ssl=1","uagb_featured_image_src":{"full":["https:\/\/i0.wp.com\/ismaelcolosi.com.br\/wp-content\/uploads\/2024\/07\/20221224_101748_2.jpg?fit=2434%2C1602&ssl=1",2434,1602,false],"thumbnail":["https:\/\/i0.wp.com\/ismaelcolosi.com.br\/wp-content\/uploads\/2024\/07\/20221224_101748_2.jpg?resize=150%2C150&ssl=1",150,150,true],"medium":["https:\/\/i0.wp.com\/ismaelcolosi.com.br\/wp-content\/uploads\/2024\/07\/20221224_101748_2.jpg?fit=300%2C197&ssl=1",300,197,true],"medium_large":["https:\/\/i0.wp.com\/ismaelcolosi.com.br\/wp-content\/uploads\/2024\/07\/20221224_101748_2.jpg?fit=768%2C505&ssl=1",768,505,true],"large":["https:\/\/i0.wp.com\/ismaelcolosi.com.br\/wp-content\/uploads\/2024\/07\/20221224_101748_2.jpg?fit=1024%2C674&ssl=1",1024,674,true],"1536x1536":["https:\/\/i0.wp.com\/ismaelcolosi.com.br\/wp-content\/uploads\/2024\/07\/20221224_101748_2.jpg?fit=1536%2C1011&ssl=1",1536,1011,true],"2048x2048":["https:\/\/i0.wp.com\/ismaelcolosi.com.br\/wp-content\/uploads\/2024\/07\/20221224_101748_2.jpg?fit=2048%2C1348&ssl=1",2048,1348,true],"really-simple-thumb":["https:\/\/i0.wp.com\/ismaelcolosi.com.br\/wp-content\/uploads\/2024\/07\/20221224_101748_2.jpg?resize=370%2C247&ssl=1",370,247,true]},"uagb_author_info":{"display_name":"ismaelcolosi.com.br","author_link":"https:\/\/ismaelcolosi.com.br\/index.php\/author\/vidareal-online\/"},"uagb_comment_info":0,"uagb_excerpt":"Na pr\u00f3xima ter\u00e7a-feira (9) se comemora a\u00a0Revolu\u00e7\u00e3o Constitucionalista\u00a0de 1932, onde o\u00a0estado de\u00a0S\u00e3o Paulo\u00a0se op\u00f4s contra o governo de\u00a0Get\u00falio Vargas. Por conta do feriado, o funcionamento...","jetpack-related-posts":[{"id":2258,"url":"https:\/\/ismaelcolosi.com.br\/index.php\/2023\/11\/15\/feriado-veja-o-horario-do-comercio-shoppings-e-bancos-de-ribeirao-preto\/","url_meta":{"origin":55858,"position":0},"title":"Feriado: Veja o hor\u00e1rio do com\u00e9rcio, shoppings e bancos de Ribeir\u00e3o Preto","author":"ismaelcolosi.com.br","date":"15 de November de 2023","format":false,"excerpt":"Nesta quarta-feira, 15 de novembro, o feriado de Proclama\u00e7\u00e3o da Rep\u00fablica, muda o hor\u00e1rio de funcionamento de algumas atividades.\u00a0\u00a0\u00a0 Os com\u00e9rcios, bancos e shoppings de Ribeir\u00e3o Preto tem hor\u00e1rio de funcionamento especial. Confira:\u00a0\u00a0\u00a0\u00a0 COM\u00c9RCIO Segundo o Sindicato do Com\u00e9rcio Varejista de Ribeir\u00e3o Preto (SINCOVARP), nesta quarta-feira (15), as lojas de\u2026","rel":"","context":"In &quot;Not\u00edcias de Ribeir\u00e3o Preto-SP e Regi\u00e3o&quot;","block_context":{"text":"Not\u00edcias de Ribeir\u00e3o Preto-SP e Regi\u00e3o","link":"https:\/\/ismaelcolosi.com.br\/index.php\/category\/noticias-de-ribeirao-preto-sp-e-regiao-ismael-colosi\/"},"img":{"alt_text":"","src":"https:\/\/i0.wp.com\/ismaelcolosi.com.br\/wp-content\/uploads\/2023\/11\/calcadao_ribeirao_1024x576_20042021171546.jpg?fit=1024%2C576&ssl=1&resize=350%2C200","width":350,"height":200,"srcset":"https:\/\/i0.wp.com\/ismaelcolosi.com.br\/wp-content\/uploads\/2023\/11\/calcadao_ribeirao_1024x576_20042021171546.jpg?fit=1024%2C576&ssl=1&resize=350%2C200 1x, https:\/\/i0.wp.com\/ismaelcolosi.com.br\/wp-content\/uploads\/2023\/11\/calcadao_ribeirao_1024x576_20042021171546.jpg?fit=1024%2C576&ssl=1&resize=525%2C300 1.5x, https:\/\/i0.wp.com\/ismaelcolosi.com.br\/wp-content\/uploads\/2023\/11\/calcadao_ribeirao_1024x576_20042021171546.jpg?fit=1024%2C576&ssl=1&resize=700%2C400 2x"},"classes":[]},{"id":48001,"url":"https:\/\/ismaelcolosi.com.br\/index.php\/2024\/04\/30\/1o-de-maio-veja-o-horario-dos-shoppings-e-comercio-de-rua-no-feriado-em-ribeirao\/","url_meta":{"origin":55858,"position":1},"title":"1\u00ba de maio: Veja o hor\u00e1rio dos shoppings e com\u00e9rcio de rua no feriado em Ribeir\u00e3o","author":"ismaelcolosi.com.br","date":"30 de April de 2024","format":false,"excerpt":"Nesta quarta-feira (1\u00ba), \u00e9 comemorado o Dia do Trabalho e feriado nacional. A data remete \u00e0 luta dos trabalhadores para conquistar melhores condi\u00e7\u00f5es de trabalho. Confira o hor\u00e1rio de funcionamento dos shoppings e com\u00e9rcio de rua no feriado em Ribeir\u00e3o Preto: Ribeir\u00e3oShopping e Shopping Santa \u00darsula As lojas dos dois\u2026","rel":"","context":"In &quot;Not\u00edcias de Ribeir\u00e3o Preto-SP e Regi\u00e3o&quot;","block_context":{"text":"Not\u00edcias de Ribeir\u00e3o Preto-SP e Regi\u00e3o","link":"https:\/\/ismaelcolosi.com.br\/index.php\/category\/noticias-de-ribeirao-preto-sp-e-regiao-ismael-colosi\/"},"img":{"alt_text":"","src":"https:\/\/i0.wp.com\/ismaelcolosi.com.br\/wp-content\/uploads\/2024\/04\/calcadao_ribeirao_1024x576_24042021161700.jpg?fit=1024%2C576&ssl=1&resize=350%2C200","width":350,"height":200,"srcset":"https:\/\/i0.wp.com\/ismaelcolosi.com.br\/wp-content\/uploads\/2024\/04\/calcadao_ribeirao_1024x576_24042021161700.jpg?fit=1024%2C576&ssl=1&resize=350%2C200 1x, https:\/\/i0.wp.com\/ismaelcolosi.com.br\/wp-content\/uploads\/2024\/04\/calcadao_ribeirao_1024x576_24042021161700.jpg?fit=1024%2C576&ssl=1&resize=525%2C300 1.5x, https:\/\/i0.wp.com\/ismaelcolosi.com.br\/wp-content\/uploads\/2024\/04\/calcadao_ribeirao_1024x576_24042021161700.jpg?fit=1024%2C576&ssl=1&resize=700%2C400 2x"},"classes":[]},{"id":55967,"url":"https:\/\/ismaelcolosi.com.br\/index.php\/2024\/07\/08\/feriado-de-9-de-julho-veja-horario-de-funcionamento-dos-shoppings-e-comercio-de-ribeirao-preto\/","url_meta":{"origin":55858,"position":2},"title":"Feriado de 9 de Julho: Veja hor\u00e1rio de funcionamento dos shoppings e com\u00e9rcio de Ribeir\u00e3o Preto","author":"ismaelcolosi.com.br","date":"8 de July de 2024","format":false,"excerpt":"Na ter\u00e7a-feira (9), \u00e9 comemorado o feriado da Revolu\u00e7\u00e3o Constitucionalista de 1932, no qual o Estado de S\u00e3o Paulo se op\u00f4s ao governo provis\u00f3rio de Get\u00falio Vargas. Por conta do feriado, o funcionamento dos shoppings e do com\u00e9rcio de rua de Ribeir\u00e3o Preto ser\u00e3o alterados. Veja: Com\u00e9rcio de rua De\u2026","rel":"","context":"In &quot;Not\u00edcias de Ribeir\u00e3o Preto-SP e Regi\u00e3o&quot;","block_context":{"text":"Not\u00edcias de Ribeir\u00e3o Preto-SP e Regi\u00e3o","link":"https:\/\/ismaelcolosi.com.br\/index.php\/category\/noticias-de-ribeirao-preto-sp-e-regiao-ismael-colosi\/"},"img":{"alt_text":"","src":"https:\/\/i0.wp.com\/ismaelcolosi.com.br\/wp-content\/uploads\/2024\/07\/Copia-de-Copia-de-TAMANHO-EXATO-PARA-FOTOS-NO-SISTEMA-NOVO-13_2024-07-08_13-59-35_jpg_2024-07-08_13-59-35.webp.webp?fit=1200%2C675&ssl=1&resize=350%2C200","width":350,"height":200,"srcset":"https:\/\/i0.wp.com\/ismaelcolosi.com.br\/wp-content\/uploads\/2024\/07\/Copia-de-Copia-de-TAMANHO-EXATO-PARA-FOTOS-NO-SISTEMA-NOVO-13_2024-07-08_13-59-35_jpg_2024-07-08_13-59-35.webp.webp?fit=1200%2C675&ssl=1&resize=350%2C200 1x, https:\/\/i0.wp.com\/ismaelcolosi.com.br\/wp-content\/uploads\/2024\/07\/Copia-de-Copia-de-TAMANHO-EXATO-PARA-FOTOS-NO-SISTEMA-NOVO-13_2024-07-08_13-59-35_jpg_2024-07-08_13-59-35.webp.webp?fit=1200%2C675&ssl=1&resize=525%2C300 1.5x, https:\/\/i0.wp.com\/ismaelcolosi.com.br\/wp-content\/uploads\/2024\/07\/Copia-de-Copia-de-TAMANHO-EXATO-PARA-FOTOS-NO-SISTEMA-NOVO-13_2024-07-08_13-59-35_jpg_2024-07-08_13-59-35.webp.webp?fit=1200%2C675&ssl=1&resize=700%2C400 2x, https:\/\/i0.wp.com\/ismaelcolosi.com.br\/wp-content\/uploads\/2024\/07\/Copia-de-Copia-de-TAMANHO-EXATO-PARA-FOTOS-NO-SISTEMA-NOVO-13_2024-07-08_13-59-35_jpg_2024-07-08_13-59-35.webp.webp?fit=1200%2C675&ssl=1&resize=1050%2C600 3x"},"classes":[]},{"id":44375,"url":"https:\/\/ismaelcolosi.com.br\/index.php\/2024\/03\/27\/confira-o-que-abre-e-fecha-no-feriado-da-semana-santa-em-ribeirao-preto\/","url_meta":{"origin":55858,"position":3},"title":"Confira o que abre e fecha no feriado da Semana Santa em Ribeir\u00e3o Preto","author":"ismaelcolosi.com.br","date":"27 de March de 2024","format":false,"excerpt":"A Sexta-feira Santa, no pr\u00f3ximo dia 29 de mar\u00e7o, \u00e9 reconhecida pela CLT (Consolida\u00e7\u00e3o das Leis do Trabalho)\u00a0como feriado nacional. Confira como ser\u00e1 o funcionamento do com\u00e9rcio e servi\u00e7os em Ribeir\u00e3o Preto: Sa\u00fade As Unidades de Pronto Atendimento (UPAs) Leste, Norte, Oeste e a Unidade B\u00e1sica e Distrital de Sa\u00fade\u2026","rel":"","context":"In &quot;Not\u00edcias de Ribeir\u00e3o Preto-SP e Regi\u00e3o&quot;","block_context":{"text":"Not\u00edcias de Ribeir\u00e3o Preto-SP e Regi\u00e3o","link":"https:\/\/ismaelcolosi.com.br\/index.php\/category\/noticias-de-ribeirao-preto-sp-e-regiao-ismael-colosi\/"},"img":{"alt_text":"","src":"https:\/\/i0.wp.com\/ismaelcolosi.com.br\/wp-content\/uploads\/2024\/03\/calcadao_ribeirao_1024x576_20042021171546.jpg?fit=1024%2C576&ssl=1&resize=350%2C200","width":350,"height":200,"srcset":"https:\/\/i0.wp.com\/ismaelcolosi.com.br\/wp-content\/uploads\/2024\/03\/calcadao_ribeirao_1024x576_20042021171546.jpg?fit=1024%2C576&ssl=1&resize=350%2C200 1x, https:\/\/i0.wp.com\/ismaelcolosi.com.br\/wp-content\/uploads\/2024\/03\/calcadao_ribeirao_1024x576_20042021171546.jpg?fit=1024%2C576&ssl=1&resize=525%2C300 1.5x, https:\/\/i0.wp.com\/ismaelcolosi.com.br\/wp-content\/uploads\/2024\/03\/calcadao_ribeirao_1024x576_20042021171546.jpg?fit=1024%2C576&ssl=1&resize=700%2C400 2x"},"classes":[]},{"id":3701,"url":"https:\/\/ismaelcolosi.com.br\/index.php\/2023\/11\/19\/feriado-veja-o-horario-do-comercio-shoppings-e-bancos-de-ribeirao-preto-3\/","url_meta":{"origin":55858,"position":4},"title":"Feriado: Veja o hor\u00e1rio do com\u00e9rcio, shoppings e bancos de Ribeir\u00e3o Preto\u00a0","author":"ismaelcolosi.com.br","date":"19 de November de 2023","format":false,"excerpt":"Nesta segunda-feira, 20 de novembro, o feriado do Dia da Consci\u00eancia Negra, muda o hor\u00e1rio de funcionamento de algumas atividades.\u00a0\u00a0 A data passou a ser um feriado estadual em 2023, a partir de lei promulgada pelo Governo de S\u00e3o Paulo. Para ver em quais estados a data \u00e9 feriado, clique\u2026","rel":"","context":"In &quot;Not\u00edcias de Ribeir\u00e3o Preto-SP e Regi\u00e3o&quot;","block_context":{"text":"Not\u00edcias de Ribeir\u00e3o Preto-SP e Regi\u00e3o","link":"https:\/\/ismaelcolosi.com.br\/index.php\/category\/noticias-de-ribeirao-preto-sp-e-regiao-ismael-colosi\/"},"img":{"alt_text":"","src":"https:\/\/i0.wp.com\/ismaelcolosi.com.br\/wp-content\/uploads\/2023\/11\/20220506_090038-scaled.jpg?fit=1200%2C883&ssl=1&resize=350%2C200","width":350,"height":200,"srcset":"https:\/\/i0.wp.com\/ismaelcolosi.com.br\/wp-content\/uploads\/2023\/11\/20220506_090038-scaled.jpg?fit=1200%2C883&ssl=1&resize=350%2C200 1x, https:\/\/i0.wp.com\/ismaelcolosi.com.br\/wp-content\/uploads\/2023\/11\/20220506_090038-scaled.jpg?fit=1200%2C883&ssl=1&resize=525%2C300 1.5x, https:\/\/i0.wp.com\/ismaelcolosi.com.br\/wp-content\/uploads\/2023\/11\/20220506_090038-scaled.jpg?fit=1200%2C883&ssl=1&resize=700%2C400 2x, https:\/\/i0.wp.com\/ismaelcolosi.com.br\/wp-content\/uploads\/2023\/11\/20220506_090038-scaled.jpg?fit=1200%2C883&ssl=1&resize=1050%2C600 3x"},"classes":[]},{"id":70408,"url":"https:\/\/ismaelcolosi.com.br\/index.php\/2024\/10\/10\/feriado-veja-o-horario-de-funcionamento-do-comercio-e-shoppings-de-ribeirao\/","url_meta":{"origin":55858,"position":5},"title":"Feriado: Veja o hor\u00e1rio de funcionamento do com\u00e9rcio e shoppings de Ribeir\u00e3o","author":"ismaelcolosi.com.br","date":"10 de October de 2024","format":false,"excerpt":"No pr\u00f3ximo s\u00e1bado, dia 12 de outubro, \u00e9 celebrado o dia de Nossa Senhora Aparecida, Padroeira do Brasil. Por ser um feriado nacional, com\u00e9rcio e shoppings de Ribeir\u00e3o Preto t\u00eam hor\u00e1rio de funcionamento especial. Com\u00e9rcio: O Acirp (Associa\u00e7\u00e3o Comercial e Industrial de Ribeir\u00e3o Preto) informou que o com\u00e9rcio ter\u00e1 abertura\u2026","rel":"","context":"In &quot;Not\u00edcias de Ribeir\u00e3o Preto-SP e Regi\u00e3o&quot;","block_context":{"text":"Not\u00edcias de Ribeir\u00e3o Preto-SP e Regi\u00e3o","link":"https:\/\/ismaelcolosi.com.br\/index.php\/category\/noticias-de-ribeirao-preto-sp-e-regiao-ismael-colosi\/"},"img":{"alt_text":"","src":"https:\/\/i0.wp.com\/ismaelcolosi.com.br\/wp-content\/uploads\/2024\/10\/caged.jpg?fit=1200%2C799&ssl=1&resize=350%2C200","width":350,"height":200,"srcset":"https:\/\/i0.wp.com\/ismaelcolosi.com.br\/wp-content\/uploads\/2024\/10\/caged.jpg?fit=1200%2C799&ssl=1&resize=350%2C200 1x, https:\/\/i0.wp.com\/ismaelcolosi.com.br\/wp-content\/uploads\/2024\/10\/caged.jpg?fit=1200%2C799&ssl=1&resize=525%2C300 1.5x, https:\/\/i0.wp.com\/ismaelcolosi.com.br\/wp-content\/uploads\/2024\/10\/caged.jpg?fit=1200%2C799&ssl=1&resize=700%2C400 2x, https:\/\/i0.wp.com\/ismaelcolosi.com.br\/wp-content\/uploads\/2024\/10\/caged.jpg?fit=1200%2C799&ssl=1&resize=1050%2C600 3x"},"classes":[]}],"jetpack_sharing_enabled":true,"jetpack_shortlink":"https:\/\/wp.me\/pfMlyK-ewW","_links":{"self":[{"href":"https:\/\/ismaelcolosi.com.br\/index.php\/wp-json\/wp\/v2\/posts\/55858","targetHints":{"allow":["GET"]}}],"collection":[{"href":"https:\/\/ismaelcolosi.com.br\/index.php\/wp-json\/wp\/v2\/posts"}],"about":[{"href":"https:\/\/ismaelcolosi.com.br\/index.php\/wp-json\/wp\/v2\/types\/post"}],"author":[{"embeddable":true,"href":"https:\/\/ismaelcolosi.com.br\/index.php\/wp-json\/wp\/v2\/users\/1"}],"replies":[{"embeddable":true,"href":"https:\/\/ismaelcolosi.com.br\/index.php\/wp-json\/wp\/v2\/comments?post=55858"}],"version-history":[{"count":0,"href":"https:\/\/ismaelcolosi.com.br\/index.php\/wp-json\/wp\/v2\/posts\/55858\/revisions"}],"wp:featuredmedia":[{"embeddable":true,"href":"https:\/\/ismaelcolosi.com.br\/index.php\/wp-json\/wp\/v2\/media\/55859"}],"wp:attachment":[{"href":"https:\/\/ismaelcolosi.com.br\/index.php\/wp-json\/wp\/v2\/media?parent=55858"}],"wp:term":[{"taxonomy":"category","embeddable":true,"href":"https:\/\/ismaelcolosi.com.br\/index.php\/wp-json\/wp\/v2\/categories?post=55858"},{"taxonomy":"post_tag","embeddable":true,"href":"https:\/\/ismaelcolosi.com.br\/index.php\/wp-json\/wp\/v2\/tags?post=55858"}],"curies":[{"name":"wp","href":"https:\/\/api.w.org\/{rel}","templated":true}]}}