{"id":55856,"date":"2024-07-06T11:04:15","date_gmt":"2024-07-06T14:04:15","guid":{"rendered":"https:\/\/ismaelcolosi.com.br\/index.php\/2024\/07\/06\/ceo-do-banco-itau-no-chile-assumira-posicao-de-cfo-da-holding\/"},"modified":"2024-07-06T11:04:15","modified_gmt":"2024-07-06T14:04:15","slug":"ceo-do-banco-itau-no-chile-assumira-posicao-de-cfo-da-holding","status":"publish","type":"post","link":"https:\/\/ismaelcolosi.com.br\/index.php\/2024\/07\/06\/ceo-do-banco-itau-no-chile-assumira-posicao-de-cfo-da-holding\/","title":{"rendered":"CEO do banco Ita\u00fa no Chile assumir\u00e1 posi\u00e7\u00e3o de CFO da holding"},"content":{"rendered":"<p> <br \/>\n<\/p>\n<div>\n<p>\u00a0<\/p>\n<div class=\"accessibility\">\n<p>Acessibilidade<\/p><div class='code-block code-block-8' style='margin: 8px auto; text-align: center; display: block; clear: both;'>\n<script>\n  atOptions = {\n    'key' : '66e2e2111ca34da796271819fc334058',\n    'format' : 'iframe',\n    'height' : 250,\n    'width' : 300,\n    'params' : {}\n  };\n<\/script>\n<script src=\"https:\/\/www.highperformanceformat.com\/66e2e2111ca34da796271819fc334058\/invoke.js\"><\/script>\n<\/div>\n\n<p>\n<button onclick=\"alterFont1()\" id=\"btn1\" class=\"btn\">L<\/button><br \/>\n<button onclick=\"alterFont2()\" id=\"btn2\" class=\"btn\" style=\"font-family: Merriweather\">L<\/button><br \/>\n<button onclick=\"alterFontSmallerSize()\" id=\"btn3\" class=\"btn\">A-<\/button><br \/>\n<button onclick=\"alterFontBiggerSize()\" id=\"btn4\" class=\"btn\">A+<\/button><\/p>\n<p><button onclick=\"alterBackground()\" id=\"btn6\" class=\"btn\">\u25d0<\/button><\/p>\n<\/div>\n<p>O CEO do banco Ita\u00fa no Chile, Gabriel Amado de Moura, assumir\u00e1 a posi\u00e7\u00e3o de diretor de finan\u00e7as da holding Ita\u00fa Unibanco em substitui\u00e7\u00e3o ao atual CFO, Alexsandro Broedel Lopes, informou a companhia na sexta-feira (5).<\/p>\n<p>Segundo comunicado do banco, Lopes est\u00e1 deixando a organiza\u00e7\u00e3o para \u201cassumir desafios fora do pa\u00eds\u201d.<\/p>\n<p>Moura ingressou no Ita\u00fa Unibanco em 2000 e est\u00e1 no Ita\u00fa Chile desde 2016, onde atuou como diretor financeiro at\u00e9 2019 e, em 2020, se tornou o presidente-executivo da unidade chilena.<\/p>\n<p>O atual CEO do banco Ita\u00fa no Uruguai, Andr\u00e9 Carvalho Whyte Gailey, assumir\u00e1 o posto de Moura, enquanto Agustin Tafernaberry Elorza ficar\u00e1 no comando das opera\u00e7\u00f5es no Uruguai, de acordo com o comunicado.<\/p>\n<p>O processo de transi\u00e7\u00e3o tem in\u00edcio de imediato e, de acordo com o banco, deve ser finalizado em 1\u00ba de outubro.<\/p>\n<\/div>\n<p><script type=\"rocketlazyloadscript\">\n\t\t\t\t(function(d, s, id){\n\t\t\t\t\tvar js, fjs = d.getElementsByTagName(s)[0];\n\t\t\t\t\tif (d.getElementById(id)) return;\n\t\t\t\t\tjs = d.createElement(s); js.id = id;\n\t\t\t\t\tjs.src = \"\/\/connect.facebook.net\/pt_BR\/sdk.js#xfbml=1&version=v2.9\";\n\t\t\t\t\tfjs.parentNode.insertBefore(js, fjs);\n\t\t\t\t}(document, 'script', 'facebook-jssdk'));\n\t\t\t<\/script><br \/>\n<br \/><br \/>\n<br \/><a href=\"https:\/\/forbes.com.br\/carreira\/2024\/07\/ceo-do-banco-itau-no-chile-assumira-posicao-de-cfo-da-holding\/\">Source link <\/a><\/p>\n<div class='code-block code-block-4' style='margin: 8px auto 8px 0; text-align: left; display: block; clear: both;'>\n\ud83d\udce2 Aviso Legal\n\nO site ismaelcolosi.com.br atua apenas como um canal de divulga\u00e7\u00e3o de oportunidades de emprego e n\u00e3o se responsabiliza pelo processo seletivo, contrata\u00e7\u00e3o ou qualquer outra etapa relacionada \u00e0s vagas publicadas. Todas as informa\u00e7\u00f5es s\u00e3o de responsabilidade dos anunciantes.\n\n\u26a0\ufe0f Aten\u00e7\u00e3o! Nunca pague por promessas de emprego nem compre cursos que garantam contrata\u00e7\u00e3o. Desconfie de qualquer cobran\u00e7a para participar de sele\u00e7\u00f5es.\n\n\n\n<\/div>\n<!-- CONTENT END 1 -->\n","protected":false},"excerpt":{"rendered":"<p>\u00a0 Acessibilidade L L A- A+ \u25d0 O CEO do banco Ita\u00fa no Chile, Gabriel Amado de Moura, assumir\u00e1 a posi\u00e7\u00e3o de diretor de finan\u00e7as&#8230;<\/p>\n","protected":false},"author":1,"featured_media":55857,"comment_status":"open","ping_status":"open","sticky":false,"template":"","format":"standard","meta":{"_uag_custom_page_level_css":"","advanced_seo_description":"","jetpack_seo_html_title":"","jetpack_seo_noindex":false,"jetpack_post_was_ever_published":false,"_jetpack_newsletter_access":"","_jetpack_dont_email_post_to_subs":false,"_jetpack_newsletter_tier_id":0,"_jetpack_memberships_contains_paywalled_content":false,"_jetpack_memberships_contains_paid_content":false,"footnotes":"","jetpack_publicize_message":"","jetpack_publicize_feature_enabled":true,"jetpack_social_post_already_shared":true,"jetpack_social_options":{"image_generator_settings":{"template":"highway","default_image_id":0,"font":"","enabled":false},"version":2}},"categories":[1964],"tags":[],"class_list":["post-55856","post","type-post","status-publish","format-standard","has-post-thumbnail","hentry","category-carreira-e-sucesso-dicas-para-carreira"],"jetpack_publicize_connections":[],"jetpack_featured_media_url":"https:\/\/i0.wp.com\/ismaelcolosi.com.br\/wp-content\/uploads\/2024\/07\/ibut-1-1024x683.jpg?fit=1024%2C683&ssl=1","uagb_featured_image_src":{"full":["https:\/\/i0.wp.com\/ismaelcolosi.com.br\/wp-content\/uploads\/2024\/07\/ibut-1-1024x683.jpg?fit=1024%2C683&ssl=1",1024,683,false],"thumbnail":["https:\/\/i0.wp.com\/ismaelcolosi.com.br\/wp-content\/uploads\/2024\/07\/ibut-1-1024x683.jpg?resize=150%2C150&ssl=1",150,150,true],"medium":["https:\/\/i0.wp.com\/ismaelcolosi.com.br\/wp-content\/uploads\/2024\/07\/ibut-1-1024x683.jpg?fit=300%2C200&ssl=1",300,200,true],"medium_large":["https:\/\/i0.wp.com\/ismaelcolosi.com.br\/wp-content\/uploads\/2024\/07\/ibut-1-1024x683.jpg?fit=768%2C512&ssl=1",768,512,true],"large":["https:\/\/i0.wp.com\/ismaelcolosi.com.br\/wp-content\/uploads\/2024\/07\/ibut-1-1024x683.jpg?fit=1024%2C683&ssl=1",1024,683,true],"1536x1536":["https:\/\/i0.wp.com\/ismaelcolosi.com.br\/wp-content\/uploads\/2024\/07\/ibut-1-1024x683.jpg?fit=1024%2C683&ssl=1",1024,683,true],"2048x2048":["https:\/\/i0.wp.com\/ismaelcolosi.com.br\/wp-content\/uploads\/2024\/07\/ibut-1-1024x683.jpg?fit=1024%2C683&ssl=1",1024,683,true],"really-simple-thumb":["https:\/\/i0.wp.com\/ismaelcolosi.com.br\/wp-content\/uploads\/2024\/07\/ibut-1-1024x683.jpg?resize=370%2C247&ssl=1",370,247,true]},"uagb_author_info":{"display_name":"ismaelcolosi.com.br","author_link":"https:\/\/ismaelcolosi.com.br\/index.php\/author\/vidareal-online\/"},"uagb_comment_info":0,"uagb_excerpt":"\u00a0 Acessibilidade L L A- A+ \u25d0 O CEO do banco Ita\u00fa no Chile, Gabriel Amado de Moura, assumir\u00e1 a posi\u00e7\u00e3o de diretor de finan\u00e7as...","jetpack-related-posts":[{"id":85902,"url":"https:\/\/ismaelcolosi.com.br\/index.php\/2025\/06\/04\/brazil-journal-santander-desiste-de-broedel-e-nomeia-outro-contador-chefe-global\/","url_meta":{"origin":55856,"position":0},"title":"BRAZIL JOURNAL: Santander desiste de Broedel e nomeia outro contador-chefe global","author":"ismaelcolosi.com.br","date":"4 de June de 2025","format":false,"excerpt":"O Santander escolheu um executivo da casa para o cargo de Chief Accounting Officer global \u2013 posi\u00e7\u00e3o que seria ocupada por Alexsandro Broedel, o ex-CFO do Ita\u00fa que est\u00e1 sendo processado pelo banco. + Ita\u00fa fecha acordo com consultor, mas mant\u00e9m a\u00e7\u00e3o contra Broedel, ex-diretor financeiro O escolhido \u00e9 Manuel\u2026","rel":"","context":"In &quot;Empregos - Classificados&quot;","block_context":{"text":"Empregos - Classificados","link":"https:\/\/ismaelcolosi.com.br\/index.php\/category\/empregos-classificados-vagas-trabalho\/"},"img":{"alt_text":"","src":"","width":0,"height":0},"classes":[]},{"id":87414,"url":"https:\/\/ismaelcolosi.com.br\/index.php\/2025\/09\/09\/demissoes-no-itau-chegam-a-cerca-de-mil-funcionarios-diz-sindicato-dos-bancarios\/","url_meta":{"origin":55856,"position":1},"title":"Demiss\u00f5es no Ita\u00fa chegam a cerca de mil funcion\u00e1rios, diz Sindicato dos Banc\u00e1rios","author":"ismaelcolosi.com.br","date":"9 de September de 2025","format":false,"excerpt":"Estad\u00e3o Conte\u00fadoi Estad\u00e3o Conte\u00fado 09\/09\/2025 - 7:42 O Ita\u00fa Unibanco demitiu nesta segunda-feira, 8, cerca de mil funcion\u00e1rios, que trabalhavam em regime h\u00edbrido ou integralmente remoto, em home office, de acordo com o Sindicato dos Banc\u00e1rios, em novo comunicado \u00e0 imprensa \u00e0 noite.\u201cA justificativa do banco foi que esses empregados\u2026","rel":"","context":"In &quot;Empregos - Classificados&quot;","block_context":{"text":"Empregos - Classificados","link":"https:\/\/ismaelcolosi.com.br\/index.php\/category\/empregos-classificados-vagas-trabalho\/"},"img":{"alt_text":"","src":"https:\/\/i0.wp.com\/ismaelcolosi.com.br\/wp-content\/uploads\/2025\/09\/itau-2.jpg?fit=806%2C537&ssl=1&resize=350%2C200","width":350,"height":200,"srcset":"https:\/\/i0.wp.com\/ismaelcolosi.com.br\/wp-content\/uploads\/2025\/09\/itau-2.jpg?fit=806%2C537&ssl=1&resize=350%2C200 1x, https:\/\/i0.wp.com\/ismaelcolosi.com.br\/wp-content\/uploads\/2025\/09\/itau-2.jpg?fit=806%2C537&ssl=1&resize=525%2C300 1.5x, https:\/\/i0.wp.com\/ismaelcolosi.com.br\/wp-content\/uploads\/2025\/09\/itau-2.jpg?fit=806%2C537&ssl=1&resize=700%2C400 2x"},"classes":[]},{"id":47202,"url":"https:\/\/ismaelcolosi.com.br\/index.php\/2024\/04\/25\/nova-plataforma-do-itau-oferece-180-vagas-para-mulheres-em-cargos-de-lideranca\/","url_meta":{"origin":55856,"position":2},"title":"Nova plataforma do Ita\u00fa oferece 180 vagas para mulheres em cargos de lideran\u00e7a","author":"ismaelcolosi.com.br","date":"25 de April de 2024","format":false,"excerpt":"Da reda\u00e7\u00e3oi Da reda\u00e7\u00e3o 24\/04\/2024 - 13:48 A plataforma +Mulheres + Lideran\u00e7a, do Ita\u00fa Unibanco, vai oferecer 180 vagas exclusivas para mulheres em cargos de lideran\u00e7a. S\u00e3o mais de 180 oportunidades abrangendo os segmentos de Banco de Atacado e Banco de Varejo, al\u00e9m da \u00e1rea de Tecnologia e Carreiras Digitais.\u2026","rel":"","context":"In &quot;Empregos - Classificados&quot;","block_context":{"text":"Empregos - Classificados","link":"https:\/\/ismaelcolosi.com.br\/index.php\/category\/empregos-classificados-vagas-trabalho\/"},"img":{"alt_text":"","src":"https:\/\/i0.wp.com\/ismaelcolosi.com.br\/wp-content\/uploads\/2024\/04\/itau-1.jpg?fit=615%2C404&ssl=1&resize=350%2C200","width":350,"height":200,"srcset":"https:\/\/i0.wp.com\/ismaelcolosi.com.br\/wp-content\/uploads\/2024\/04\/itau-1.jpg?fit=615%2C404&ssl=1&resize=350%2C200 1x, https:\/\/i0.wp.com\/ismaelcolosi.com.br\/wp-content\/uploads\/2024\/04\/itau-1.jpg?fit=615%2C404&ssl=1&resize=525%2C300 1.5x"},"classes":[]},{"id":85557,"url":"https:\/\/ismaelcolosi.com.br\/index.php\/2025\/05\/21\/itau-e-melhor-empresa-para-se-trabalhar-no-brasil-segundo-o-linkedin-veja-ranking-2\/","url_meta":{"origin":55856,"position":3},"title":"Ita\u00fa \u00e9 melhor empresa para se trabalhar no Brasil segundo o LinkedIn; veja ranking","author":"ismaelcolosi.com.br","date":"21 de May de 2025","format":false,"excerpt":"O It\u00e1u Unibanco lidera o ranking anual 25 melhores empresas para desenvolvimento de carreira no Brasil desenvolvida pelo LinkedIn. A lista tamb\u00e9m conta com Bradesco, Vale, Mercado Livre e Dow no top cinco. +Empresas que pretendem contratar no 2\u00ba trimestre somam 48% O ranking foi elaborado com base em oito\u2026","rel":"","context":"In &quot;Empregos - Classificados&quot;","block_context":{"text":"Empregos - Classificados","link":"https:\/\/ismaelcolosi.com.br\/index.php\/category\/empregos-classificados-vagas-trabalho\/"},"img":{"alt_text":"","src":"","width":0,"height":0},"classes":[]},{"id":48045,"url":"https:\/\/ismaelcolosi.com.br\/index.php\/2024\/04\/30\/presidente-do-bb-ganha-944-menos-que-outros-ceos\/","url_meta":{"origin":55856,"position":4},"title":"Presidente do BB ganha 94,4% menos que outros CEOs","author":"ismaelcolosi.com.br","date":"30 de April de 2024","format":false,"excerpt":"Nilton Fukuda\/Ag\u00eancia PerspectivaTarciana Medeiros \u00e9 a primeira\u00a0mulher a presidir o Banco do Brasil A Assembleia Geral de Acionistas do Banco do Brasil rejeitou o aumento de 56,7% para a presidente do banco, Tarciana Medeiros, e demais membros da diretoria. De acordo com o documento da reuni\u00e3o, que aconteceu na \u00faltima\u2026","rel":"","context":"In &quot;Carreira e Sucesso&quot;","block_context":{"text":"Carreira e Sucesso","link":"https:\/\/ismaelcolosi.com.br\/index.php\/category\/carreira-e-sucesso-dicas-para-carreira\/"},"img":{"alt_text":"","src":"https:\/\/i0.wp.com\/ismaelcolosi.com.br\/wp-content\/uploads\/2024\/04\/Tarciana-Medeiros-1024x683.png?fit=1024%2C683&ssl=1&resize=350%2C200","width":350,"height":200,"srcset":"https:\/\/i0.wp.com\/ismaelcolosi.com.br\/wp-content\/uploads\/2024\/04\/Tarciana-Medeiros-1024x683.png?fit=1024%2C683&ssl=1&resize=350%2C200 1x, https:\/\/i0.wp.com\/ismaelcolosi.com.br\/wp-content\/uploads\/2024\/04\/Tarciana-Medeiros-1024x683.png?fit=1024%2C683&ssl=1&resize=525%2C300 1.5x, https:\/\/i0.wp.com\/ismaelcolosi.com.br\/wp-content\/uploads\/2024\/04\/Tarciana-Medeiros-1024x683.png?fit=1024%2C683&ssl=1&resize=700%2C400 2x"},"classes":[]},{"id":87067,"url":"https:\/\/ismaelcolosi.com.br\/index.php\/2025\/08\/14\/itau-abre-inscricoes-para-programa-de-trainee-com-salario-de-r-93-mil\/","url_meta":{"origin":55856,"position":5},"title":"Ita\u00fa abre inscri\u00e7\u00f5es para programa de trainee com sal\u00e1rio de R$ 9,3 mil","author":"ismaelcolosi.com.br","date":"14 de August de 2025","format":false,"excerpt":"O Ita\u00fa Unibanco est\u00e1 com inscri\u00e7\u00f5es abertas para seu Programa Trainee 2026 at\u00e9 o dia 1\u00ba de setembro. Profissionais das \u00e1reas de Exatas, Humanas ou Biol\u00f3gicas podem concorrer a uma remunera\u00e7\u00e3o de R$ 9.350, al\u00e9m de participa\u00e7\u00e3o nos lucros e resultados. O n\u00famero de vagas varia conforme o de inscritos\u2026","rel":"","context":"In &quot;Empregos - Classificados&quot;","block_context":{"text":"Empregos - Classificados","link":"https:\/\/ismaelcolosi.com.br\/index.php\/category\/empregos-classificados-vagas-trabalho\/"},"img":{"alt_text":"","src":"","width":0,"height":0},"classes":[]}],"jetpack_sharing_enabled":true,"jetpack_shortlink":"https:\/\/wp.me\/pfMlyK-ewU","_links":{"self":[{"href":"https:\/\/ismaelcolosi.com.br\/index.php\/wp-json\/wp\/v2\/posts\/55856","targetHints":{"allow":["GET"]}}],"collection":[{"href":"https:\/\/ismaelcolosi.com.br\/index.php\/wp-json\/wp\/v2\/posts"}],"about":[{"href":"https:\/\/ismaelcolosi.com.br\/index.php\/wp-json\/wp\/v2\/types\/post"}],"author":[{"embeddable":true,"href":"https:\/\/ismaelcolosi.com.br\/index.php\/wp-json\/wp\/v2\/users\/1"}],"replies":[{"embeddable":true,"href":"https:\/\/ismaelcolosi.com.br\/index.php\/wp-json\/wp\/v2\/comments?post=55856"}],"version-history":[{"count":0,"href":"https:\/\/ismaelcolosi.com.br\/index.php\/wp-json\/wp\/v2\/posts\/55856\/revisions"}],"wp:featuredmedia":[{"embeddable":true,"href":"https:\/\/ismaelcolosi.com.br\/index.php\/wp-json\/wp\/v2\/media\/55857"}],"wp:attachment":[{"href":"https:\/\/ismaelcolosi.com.br\/index.php\/wp-json\/wp\/v2\/media?parent=55856"}],"wp:term":[{"taxonomy":"category","embeddable":true,"href":"https:\/\/ismaelcolosi.com.br\/index.php\/wp-json\/wp\/v2\/categories?post=55856"},{"taxonomy":"post_tag","embeddable":true,"href":"https:\/\/ismaelcolosi.com.br\/index.php\/wp-json\/wp\/v2\/tags?post=55856"}],"curies":[{"name":"wp","href":"https:\/\/api.w.org\/{rel}","templated":true}]}}