{"id":55854,"date":"2024-07-06T10:36:05","date_gmt":"2024-07-06T13:36:05","guid":{"rendered":"https:\/\/ismaelcolosi.com.br\/index.php\/2024\/07\/06\/eleicoes-municipais-restricoes-entram-em-vigor-a-partir-deste-sabado-veja-quais-sao\/"},"modified":"2024-07-06T10:36:05","modified_gmt":"2024-07-06T13:36:05","slug":"eleicoes-municipais-restricoes-entram-em-vigor-a-partir-deste-sabado-veja-quais-sao","status":"publish","type":"post","link":"https:\/\/ismaelcolosi.com.br\/index.php\/2024\/07\/06\/eleicoes-municipais-restricoes-entram-em-vigor-a-partir-deste-sabado-veja-quais-sao\/","title":{"rendered":"Elei\u00e7\u00f5es municipais: restri\u00e7\u00f5es entram em vigor a partir deste s\u00e1bado; Veja quais s\u00e3o"},"content":{"rendered":"<p> <br \/>\n<\/p>\n<div data-td-block-uid=\"tdi_106\">\n<div class=\"tdb-block-inner td-fix-index\">\n<p>A exatos tr\u00eas meses para o <strong>primeiro turno das elei\u00e7\u00f5es municipais 2024<\/strong>, come\u00e7a a valer uma s\u00e9rie de <strong>proibi\u00e7\u00f5es aos candidatos<\/strong> \u2013 sobretudo aos que ocupam cargos p\u00fablicos. A maioria das veda\u00e7\u00f5es est\u00e1 prevista na <strong>Lei n\u00ba 9.504\/1997<\/strong>, que estabelece normas para o pleito.<\/p>\n<p><mark style=\"background-color:#fcb900\" class=\"has-inline-color\">De acordo com o <strong>calend\u00e1rio eleitoral<\/strong>, a partir deste s\u00e1bado (6), entram em vigor as seguintes restri\u00e7\u00f5es:<\/mark><\/p><div class='code-block code-block-8' style='margin: 8px auto; text-align: center; display: block; clear: both;'>\n<script>\n  atOptions = {\n    'key' : '66e2e2111ca34da796271819fc334058',\n    'format' : 'iframe',\n    'height' : 250,\n    'width' : 300,\n    'params' : {}\n  };\n<\/script>\n<script src=\"https:\/\/www.highperformanceformat.com\/66e2e2111ca34da796271819fc334058\/invoke.js\"><\/script>\n<\/div>\n\n<ul>\n<li><strong>Contrata\u00e7\u00e3o de shows art\u00edsticos:<\/strong> fica proibida a contrata\u00e7\u00e3o de shows art\u00edsticos pagos com recursos p\u00fablicos na realiza\u00e7\u00e3o de inaugura\u00e7\u00f5es de obras p\u00fablicas ou divulga\u00e7\u00e3o de presta\u00e7\u00e3o de servi\u00e7os p\u00fablicos;<\/li>\n<\/ul>\n<ul>\n<li><strong>Presen\u00e7a em inaugura\u00e7\u00f5es:<\/strong> candidatos n\u00e3o podem comparecer a inaugura\u00e7\u00f5es de obras p\u00fablicas;<\/li>\n<\/ul>\n<ul>\n<li><strong>Veicula\u00e7\u00e3o de nomes, slogans e s\u00edmbolos:<\/strong> sites, canais e outros meios de informa\u00e7\u00e3o oficial n\u00e3o podem conter nomes, slogans, s\u00edmbolos, express\u00f5es, imagens ou outros elementos que permitam identificar autoridades, governos ou administra\u00e7\u00f5es, cujos cargos estejam em disputa na campanha eleitoral;<\/li>\n<\/ul>\n<ul>\n<li><strong>Transfer\u00eancia de recursos:<\/strong> servidores e agentes p\u00fablicos ficam proibidos de realizar transfer\u00eancia volunt\u00e1ria de recursos da Uni\u00e3o aos estados e munic\u00edpios e dos estados aos munic\u00edpios, sob pena de nulidade absoluta. A lei abre exce\u00e7\u00e3o para situa\u00e7\u00f5es de emerg\u00eancia e de calamidade p\u00fablica e quando h\u00e1 obriga\u00e7\u00e3o formal preexistente para a execu\u00e7\u00e3o de obra ou servi\u00e7o em andamento e com cronograma prefixado;<\/li>\n<\/ul>\n<ul>\n<li><strong>Publicidade institucional e pronunciamento: <\/strong>fica vedado o pronunciamento em cadeia de r\u00e1dio e televis\u00e3o fora do hor\u00e1rio eleitoral gratuito, salvo quando, a crit\u00e9rio da Justi\u00e7a Eleitoral, tratar-se de mat\u00e9ria urgente. Al\u00e9m disso, passa a ser proibida a publicidade institucional de atos, programas, obras, servi\u00e7os e campanhas dos \u00f3rg\u00e3os p\u00fablicos ou das respectivas entidades da administra\u00e7\u00e3o indireta, salvo em caso de grave e urgente necessidade p\u00fablica;<\/li>\n<\/ul>\n<ul>\n<li><strong>Nomea\u00e7\u00e3o ou exonera\u00e7\u00e3o:<\/strong> at\u00e9 a posse dos eleitos, fica vedado nomear, contratar, remover, transferir ou exonerar servidor p\u00fablico. A exce\u00e7\u00e3o fica por conta de cargos comissionados e fun\u00e7\u00f5es de confian\u00e7a. No caso de concursos p\u00fablicos, \u00e9 permitida a nomea\u00e7\u00e3o dos aprovados nos certames homologados at\u00e9 6 de julho.<\/li>\n<\/ul>\n<h4 class=\"wp-block-heading\"><strong>Cess\u00e3o de funcion\u00e1rios<\/strong><\/h4>\n<p>Tamb\u00e9m a partir deste s\u00e1bado, <strong>\u00f3rg\u00e3os <\/strong>e as <strong>entidades da administra\u00e7\u00e3o p\u00fablica direta e indireta <\/strong>podem ceder funcion\u00e1rios \u00e0 <strong>Justi\u00e7a Eleitoral<\/strong>, em casos espec\u00edficos e de forma motivada, quando solicitado pelos tribunais eleitorais.<\/p>\n<p>Neste caso, o prazo vale at\u00e9 6 de janeiro de 2025 para as unidades da Federa\u00e7\u00e3o que realizarem apenas o primeiro turno das elei\u00e7\u00f5es municipais e at\u00e9 27 de janeiro para os locais onde houver segundo turno.<\/p>\n<hr class=\"wp-block-separator has-alpha-channel-opacity\"\/>\n<p>SAIBA MAIS<\/p>\n<p>Interior de SP tem novo alerta para onda de frio; Veja previs\u00e3o para Ribeir\u00e3o Preto<\/p>\n<h4 class=\"wp-block-heading\"><strong>FIQUE ON<\/strong><\/h4>\n<p>Fique ligado em tudo que acontece em Ribeir\u00e3o Preto e regi\u00e3o. Siga os perfis do\u00a0<strong>acidade on\u00a0<\/strong>no\u00a0<a href=\"https:\/\/www.instagram.com\/acidadeonribeirao\" target=\"_blank\" rel=\"noreferrer noopener\">Instagram<\/a>\u00a0e no\u00a0<a href=\"https:\/\/www.facebook.com\/acidadeonribeirao\" target=\"_blank\" rel=\"noreferrer noopener\">Facebook<\/a>.<\/p>\n<p>Receba not\u00edcias do\u00a0<strong>acidade on<\/strong>\u00a0no WhatsApp. Para entrar no grupo, basta\u00a0<a href=\"https:\/\/chat.whatsapp.com\/CdrZ6xrf7quD44Vw3WlPuZ\" target=\"_blank\" rel=\"noreferrer noopener\">clicar aqui<\/a>.<\/p>\n<p>Fa\u00e7a uma den\u00fancia ou sugira uma reportagem sobre Ribeir\u00e3o Preto e regi\u00e3o pelo WhatsApp: 16 99117 7802.<\/p>\n<p>VEJA TAMB\u00c9M<\/p>\n<p>Vira-lata caramelo se torna a estrela em reportagem ao vivo<\/p>\n<p><!-- AI CONTENT END 1 -->\n<\/div>\n<\/div>\n<p><script async src=\"\/\/www.instagram.com\/embed.js\"><\/script><br \/>\n<br \/><br \/>\n<br \/><a href=\"https:\/\/www.acidadeon.com\/ribeiraopreto\/politica\/eleicoes-municipais-restricoes-entram-em-vigor-a-partir-deste-sabado-veja-quais-sao-1\/\">Source link <\/a><\/p>\n<div class='code-block code-block-4' style='margin: 8px auto 8px 0; text-align: left; display: block; clear: both;'>\n\ud83d\udce2 Aviso Legal\n\nO site ismaelcolosi.com.br atua apenas como um canal de divulga\u00e7\u00e3o de oportunidades de emprego e n\u00e3o se responsabiliza pelo processo seletivo, contrata\u00e7\u00e3o ou qualquer outra etapa relacionada \u00e0s vagas publicadas. Todas as informa\u00e7\u00f5es s\u00e3o de responsabilidade dos anunciantes.\n\n\u26a0\ufe0f Aten\u00e7\u00e3o! Nunca pague por promessas de emprego nem compre cursos que garantam contrata\u00e7\u00e3o. Desconfie de qualquer cobran\u00e7a para participar de sele\u00e7\u00f5es.\n\n\n\n<\/div>\n<!-- CONTENT END 1 -->\n","protected":false},"excerpt":{"rendered":"<p>A exatos tr\u00eas meses para o primeiro turno das elei\u00e7\u00f5es municipais 2024, come\u00e7a a valer uma s\u00e9rie de proibi\u00e7\u00f5es aos candidatos \u2013 sobretudo aos que&#8230;<\/p>\n","protected":false},"author":1,"featured_media":55855,"comment_status":"open","ping_status":"open","sticky":false,"template":"","format":"standard","meta":{"_uag_custom_page_level_css":"","advanced_seo_description":"","jetpack_seo_html_title":"","jetpack_seo_noindex":false,"jetpack_post_was_ever_published":false,"_jetpack_newsletter_access":"","_jetpack_dont_email_post_to_subs":false,"_jetpack_newsletter_tier_id":0,"_jetpack_memberships_contains_paywalled_content":false,"_jetpack_memberships_contains_paid_content":false,"footnotes":"","jetpack_publicize_message":"","jetpack_publicize_feature_enabled":true,"jetpack_social_post_already_shared":true,"jetpack_social_options":{"image_generator_settings":{"template":"highway","default_image_id":0,"font":"","enabled":false},"version":2}},"categories":[11],"tags":[],"class_list":["post-55854","post","type-post","status-publish","format-standard","has-post-thumbnail","hentry","category-noticias-de-ribeirao-preto-sp-e-regiao-ismael-colosi"],"jetpack_publicize_connections":[],"jetpack_featured_media_url":"https:\/\/i0.wp.com\/ismaelcolosi.com.br\/wp-content\/uploads\/2024\/07\/urna_eletronica_1200x675_04102021151524.jpg?fit=1200%2C675&ssl=1","uagb_featured_image_src":{"full":["https:\/\/i0.wp.com\/ismaelcolosi.com.br\/wp-content\/uploads\/2024\/07\/urna_eletronica_1200x675_04102021151524.jpg?fit=1200%2C675&ssl=1",1200,675,false],"thumbnail":["https:\/\/i0.wp.com\/ismaelcolosi.com.br\/wp-content\/uploads\/2024\/07\/urna_eletronica_1200x675_04102021151524.jpg?resize=150%2C150&ssl=1",150,150,true],"medium":["https:\/\/i0.wp.com\/ismaelcolosi.com.br\/wp-content\/uploads\/2024\/07\/urna_eletronica_1200x675_04102021151524.jpg?fit=300%2C169&ssl=1",300,169,true],"medium_large":["https:\/\/i0.wp.com\/ismaelcolosi.com.br\/wp-content\/uploads\/2024\/07\/urna_eletronica_1200x675_04102021151524.jpg?fit=768%2C432&ssl=1",768,432,true],"large":["https:\/\/i0.wp.com\/ismaelcolosi.com.br\/wp-content\/uploads\/2024\/07\/urna_eletronica_1200x675_04102021151524.jpg?fit=1024%2C576&ssl=1",1024,576,true],"1536x1536":["https:\/\/i0.wp.com\/ismaelcolosi.com.br\/wp-content\/uploads\/2024\/07\/urna_eletronica_1200x675_04102021151524.jpg?fit=1200%2C675&ssl=1",1200,675,true],"2048x2048":["https:\/\/i0.wp.com\/ismaelcolosi.com.br\/wp-content\/uploads\/2024\/07\/urna_eletronica_1200x675_04102021151524.jpg?fit=1200%2C675&ssl=1",1200,675,true],"really-simple-thumb":["https:\/\/i0.wp.com\/ismaelcolosi.com.br\/wp-content\/uploads\/2024\/07\/urna_eletronica_1200x675_04102021151524.jpg?resize=370%2C247&ssl=1",370,247,true]},"uagb_author_info":{"display_name":"ismaelcolosi.com.br","author_link":"https:\/\/ismaelcolosi.com.br\/index.php\/author\/vidareal-online\/"},"uagb_comment_info":0,"uagb_excerpt":"A exatos tr\u00eas meses para o primeiro turno das elei\u00e7\u00f5es municipais 2024, come\u00e7a a valer uma s\u00e9rie de proibi\u00e7\u00f5es aos candidatos \u2013 sobretudo aos que...","jetpack-related-posts":[{"id":55242,"url":"https:\/\/ismaelcolosi.com.br\/index.php\/2024\/07\/01\/restricoes-do-calendario-eleitoral-comecam-a-valer-em-julho-saiba-quais\/","url_meta":{"origin":55854,"position":0},"title":"Restri\u00e7\u00f5es do calend\u00e1rio eleitoral come\u00e7am a valer em julho; Saiba quais","author":"ismaelcolosi.com.br","date":"1 de July de 2024","format":false,"excerpt":"As veda\u00e7\u00f5es previstas na Lei das Elei\u00e7\u00f5es (Lei 9.504\/1997) come\u00e7am a valer a partir do dia 6 de julho, tr\u00eas meses antes do primeiro turno. Entre as principais restri\u00e7\u00f5es previstas no calend\u00e1rio eleitoral, para impedir o uso da m\u00e1quina p\u00fablica a favor de candidatos \u00e0s elei\u00e7\u00f5es municipais de outubro, est\u00e3o\u2026","rel":"","context":"In &quot;Not\u00edcias de Ribeir\u00e3o Preto-SP e Regi\u00e3o&quot;","block_context":{"text":"Not\u00edcias de Ribeir\u00e3o Preto-SP e Regi\u00e3o","link":"https:\/\/ismaelcolosi.com.br\/index.php\/category\/noticias-de-ribeirao-preto-sp-e-regiao-ismael-colosi\/"},"img":{"alt_text":"","src":"https:\/\/i0.wp.com\/ismaelcolosi.com.br\/wp-content\/uploads\/2024\/07\/Copia-de-Copia-de-TAMANHO-EXATO-PARA-FOTOS-NO-SISTEMA-NOVO_2024-07-01_16-38-45_jpg_2024-07-01_16-38-45.webp.webp?fit=1200%2C675&ssl=1&resize=350%2C200","width":350,"height":200,"srcset":"https:\/\/i0.wp.com\/ismaelcolosi.com.br\/wp-content\/uploads\/2024\/07\/Copia-de-Copia-de-TAMANHO-EXATO-PARA-FOTOS-NO-SISTEMA-NOVO_2024-07-01_16-38-45_jpg_2024-07-01_16-38-45.webp.webp?fit=1200%2C675&ssl=1&resize=350%2C200 1x, https:\/\/i0.wp.com\/ismaelcolosi.com.br\/wp-content\/uploads\/2024\/07\/Copia-de-Copia-de-TAMANHO-EXATO-PARA-FOTOS-NO-SISTEMA-NOVO_2024-07-01_16-38-45_jpg_2024-07-01_16-38-45.webp.webp?fit=1200%2C675&ssl=1&resize=525%2C300 1.5x, https:\/\/i0.wp.com\/ismaelcolosi.com.br\/wp-content\/uploads\/2024\/07\/Copia-de-Copia-de-TAMANHO-EXATO-PARA-FOTOS-NO-SISTEMA-NOVO_2024-07-01_16-38-45_jpg_2024-07-01_16-38-45.webp.webp?fit=1200%2C675&ssl=1&resize=700%2C400 2x, https:\/\/i0.wp.com\/ismaelcolosi.com.br\/wp-content\/uploads\/2024\/07\/Copia-de-Copia-de-TAMANHO-EXATO-PARA-FOTOS-NO-SISTEMA-NOVO_2024-07-01_16-38-45_jpg_2024-07-01_16-38-45.webp.webp?fit=1200%2C675&ssl=1&resize=1050%2C600 3x"},"classes":[]},{"id":43923,"url":"https:\/\/ismaelcolosi.com.br\/index.php\/2024\/03\/24\/eles-querem-ser-prefeito-de-rp\/","url_meta":{"origin":55854,"position":1},"title":"Eles querem ser prefeito de RP\u00a0","author":"ismaelcolosi.com.br","date":"24 de March de 2024","format":false,"excerpt":"Menos de sete meses para a elei\u00e7\u00e3o que vai escolher o novo prefeito de Ribeir\u00e3o Preto para o mandato de 2025 a 2028, o Tribuna Ribeir\u00e3o perguntou aos pol\u00edticos cogitados para a disputa e os pr\u00e9-candidatos que anunciaram a inten\u00e7\u00e3o de ser o novo chefe do Executivo, o porqu\u00ea cada\u2026","rel":"","context":"In &quot;Not\u00edcias de Ribeir\u00e3o Preto-SP e Regi\u00e3o&quot;","block_context":{"text":"Not\u00edcias de Ribeir\u00e3o Preto-SP e Regi\u00e3o","link":"https:\/\/ismaelcolosi.com.br\/index.php\/category\/noticias-de-ribeirao-preto-sp-e-regiao-ismael-colosi\/"},"img":{"alt_text":"","src":"https:\/\/i0.wp.com\/ismaelcolosi.com.br\/wp-content\/uploads\/2024\/03\/centro-administrativo-scaled.jpg?fit=1200%2C800&ssl=1&resize=350%2C200","width":350,"height":200,"srcset":"https:\/\/i0.wp.com\/ismaelcolosi.com.br\/wp-content\/uploads\/2024\/03\/centro-administrativo-scaled.jpg?fit=1200%2C800&ssl=1&resize=350%2C200 1x, https:\/\/i0.wp.com\/ismaelcolosi.com.br\/wp-content\/uploads\/2024\/03\/centro-administrativo-scaled.jpg?fit=1200%2C800&ssl=1&resize=525%2C300 1.5x, https:\/\/i0.wp.com\/ismaelcolosi.com.br\/wp-content\/uploads\/2024\/03\/centro-administrativo-scaled.jpg?fit=1200%2C800&ssl=1&resize=700%2C400 2x, https:\/\/i0.wp.com\/ismaelcolosi.com.br\/wp-content\/uploads\/2024\/03\/centro-administrativo-scaled.jpg?fit=1200%2C800&ssl=1&resize=1050%2C600 3x"},"classes":[]},{"id":67073,"url":"https:\/\/ismaelcolosi.com.br\/index.php\/2024\/09\/20\/entenda-por-que-candidatos-nao-podem-ser-presos-a-partir-deste-sabado\/","url_meta":{"origin":55854,"position":2},"title":"Entenda por que candidatos n\u00e3o podem ser presos a partir deste s\u00e1bado","author":"ismaelcolosi.com.br","date":"20 de September de 2024","format":false,"excerpt":"A partir deste s\u00e1bado (21), os candidatos que disputam as elei\u00e7\u00f5es municipais de 2024 n\u00e3o poder\u00e3o ser detidos ou presos, salvo em flagrante delito. Segundo a lei eleitoral, postulantes ao cargos de prefeito, vice-prefeito e vereador ficam impedidos de deten\u00e7\u00e3o durante os 15 dias que antecedem o primeiro turno. Neste\u2026","rel":"","context":"In &quot;Not\u00edcias de Ribeir\u00e3o Preto-SP e Regi\u00e3o&quot;","block_context":{"text":"Not\u00edcias de Ribeir\u00e3o Preto-SP e Regi\u00e3o","link":"https:\/\/ismaelcolosi.com.br\/index.php\/category\/noticias-de-ribeirao-preto-sp-e-regiao-ismael-colosi\/"},"img":{"alt_text":"","src":"https:\/\/i0.wp.com\/ismaelcolosi.com.br\/wp-content\/uploads\/2024\/09\/urna-nova_2024-09-20_19-00-21_jpg_2024-09-20_19-00-21.webp.webp?fit=1170%2C700&ssl=1&resize=350%2C200","width":350,"height":200,"srcset":"https:\/\/i0.wp.com\/ismaelcolosi.com.br\/wp-content\/uploads\/2024\/09\/urna-nova_2024-09-20_19-00-21_jpg_2024-09-20_19-00-21.webp.webp?fit=1170%2C700&ssl=1&resize=350%2C200 1x, https:\/\/i0.wp.com\/ismaelcolosi.com.br\/wp-content\/uploads\/2024\/09\/urna-nova_2024-09-20_19-00-21_jpg_2024-09-20_19-00-21.webp.webp?fit=1170%2C700&ssl=1&resize=525%2C300 1.5x, https:\/\/i0.wp.com\/ismaelcolosi.com.br\/wp-content\/uploads\/2024\/09\/urna-nova_2024-09-20_19-00-21_jpg_2024-09-20_19-00-21.webp.webp?fit=1170%2C700&ssl=1&resize=700%2C400 2x, https:\/\/i0.wp.com\/ismaelcolosi.com.br\/wp-content\/uploads\/2024\/09\/urna-nova_2024-09-20_19-00-21_jpg_2024-09-20_19-00-21.webp.webp?fit=1170%2C700&ssl=1&resize=1050%2C600 3x"},"classes":[]},{"id":73496,"url":"https:\/\/ismaelcolosi.com.br\/index.php\/2024\/10\/27\/impactos-locais-e-nacionais-das-eleicoes-2024-o-segundo-turno-em-sao-paulo-e-as-expectativas-para-o-futuro\/","url_meta":{"origin":55854,"position":3},"title":"Impactos Locais e Nacionais das Elei\u00e7\u00f5es 2024: O Segundo Turno em S\u00e3o Paulo e as Expectativas para o Futuro","author":"ismaelcolosi.com.br","date":"27 de October de 2024","format":false,"excerpt":"As elei\u00e7\u00f5es municipais de 2024 entram em uma fase decisiva no estado de S\u00e3o Paulo, com 18 cidades se preparando para o segundo turno, incluindo capitais do agroneg\u00f3cio no Centro-Oeste e regi\u00f5es metropolitanas estrat\u00e9gicas para a economia do estado. Entre os temas mais debatidos durante a campanha eleitoral, destacam-se as\u2026","rel":"","context":"In &quot;Not\u00edcias de Ribeir\u00e3o Preto-SP e Regi\u00e3o&quot;","block_context":{"text":"Not\u00edcias de Ribeir\u00e3o Preto-SP e Regi\u00e3o","link":"https:\/\/ismaelcolosi.com.br\/index.php\/category\/noticias-de-ribeirao-preto-sp-e-regiao-ismael-colosi\/"},"img":{"alt_text":"","src":"https:\/\/i0.wp.com\/ismaelcolosi.com.br\/wp-content\/uploads\/2024\/10\/img_0725sp.webp.webp?fit=1170%2C700&ssl=1&resize=350%2C200","width":350,"height":200,"srcset":"https:\/\/i0.wp.com\/ismaelcolosi.com.br\/wp-content\/uploads\/2024\/10\/img_0725sp.webp.webp?fit=1170%2C700&ssl=1&resize=350%2C200 1x, https:\/\/i0.wp.com\/ismaelcolosi.com.br\/wp-content\/uploads\/2024\/10\/img_0725sp.webp.webp?fit=1170%2C700&ssl=1&resize=525%2C300 1.5x, https:\/\/i0.wp.com\/ismaelcolosi.com.br\/wp-content\/uploads\/2024\/10\/img_0725sp.webp.webp?fit=1170%2C700&ssl=1&resize=700%2C400 2x, https:\/\/i0.wp.com\/ismaelcolosi.com.br\/wp-content\/uploads\/2024\/10\/img_0725sp.webp.webp?fit=1170%2C700&ssl=1&resize=1050%2C600 3x"},"classes":[]},{"id":41598,"url":"https:\/\/ismaelcolosi.com.br\/index.php\/2024\/03\/09\/os-tribunais-de-contas-nas-eleicoes\/","url_meta":{"origin":55854,"position":4},"title":"Os Tribunais de Contas nas elei\u00e7\u00f5es\u00a0","author":"ismaelcolosi.com.br","date":"9 de March de 2024","format":false,"excerpt":"Dimas Ramalho*\u00a0[email\u00a0protected].O fortalecimento da democracia brasileira, por meio de seu rito maior \u2013 o voto direto, secreto e universal -, n\u00e3o \u00e9 miss\u00e3o exclusiva da Justi\u00e7a Eleitoral, ramo especializado do Judici\u00e1rio que, essencialmente, concentra fun\u00e7\u00f5es jurisdicionais, administrativas, normativas e consultivas. Outras institui\u00e7\u00f5es p\u00fablicas, al\u00e9m da pr\u00f3pria sociedade civil organizada, ajudam\u2026","rel":"","context":"In &quot;Not\u00edcias de Ribeir\u00e3o Preto-SP e Regi\u00e3o&quot;","block_context":{"text":"Not\u00edcias de Ribeir\u00e3o Preto-SP e Regi\u00e3o","link":"https:\/\/ismaelcolosi.com.br\/index.php\/category\/noticias-de-ribeirao-preto-sp-e-regiao-ismael-colosi\/"},"img":{"alt_text":"","src":"https:\/\/i0.wp.com\/ismaelcolosi.com.br\/wp-content\/uploads\/2024\/03\/dimasramalho.jpg?fit=700%2C450&ssl=1&resize=350%2C200","width":350,"height":200,"srcset":"https:\/\/i0.wp.com\/ismaelcolosi.com.br\/wp-content\/uploads\/2024\/03\/dimasramalho.jpg?fit=700%2C450&ssl=1&resize=350%2C200 1x, https:\/\/i0.wp.com\/ismaelcolosi.com.br\/wp-content\/uploads\/2024\/03\/dimasramalho.jpg?fit=700%2C450&ssl=1&resize=525%2C300 1.5x, https:\/\/i0.wp.com\/ismaelcolosi.com.br\/wp-content\/uploads\/2024\/03\/dimasramalho.jpg?fit=700%2C450&ssl=1&resize=700%2C400 2x"},"classes":[]},{"id":68735,"url":"https:\/\/ismaelcolosi.com.br\/index.php\/2024\/10\/01\/eleicoes-2024-ruas-do-centro-de-ribeirao-serao-interditadas-a-partir-de-sabado\/","url_meta":{"origin":55854,"position":5},"title":"Elei\u00e7\u00f5es 2024: Ruas do Centro de Ribeir\u00e3o ser\u00e3o interditadas a partir de s\u00e1bado","author":"ismaelcolosi.com.br","date":"1 de October de 2024","format":false,"excerpt":"A RP Mobi vai interditar, no s\u00e1bado (5), trechos de duas ruas do Centro de Ribeir\u00e3o Preto. A a\u00e7\u00e3o acontece devido a uma solicita\u00e7\u00e3o da Justi\u00e7a Eleitoral do Estado de S\u00e3o Paulo por conta das elei\u00e7\u00f5es municipais. Um bloqueio ser\u00e1 na rua Duque de Caxias, da rua Garibaldi at\u00e9 a\u2026","rel":"","context":"In &quot;Not\u00edcias de Ribeir\u00e3o Preto-SP e Regi\u00e3o&quot;","block_context":{"text":"Not\u00edcias de Ribeir\u00e3o Preto-SP e Regi\u00e3o","link":"https:\/\/ismaelcolosi.com.br\/index.php\/category\/noticias-de-ribeirao-preto-sp-e-regiao-ismael-colosi\/"},"img":{"alt_text":"","src":"https:\/\/i0.wp.com\/ismaelcolosi.com.br\/wp-content\/uploads\/2024\/10\/whatsapp_image_2022-10-01_at_12_01_11_2024-10-01_20-45-54_jpe_2024-10-01_20-45-54.webp.webp?fit=1200%2C675&ssl=1&resize=350%2C200","width":350,"height":200,"srcset":"https:\/\/i0.wp.com\/ismaelcolosi.com.br\/wp-content\/uploads\/2024\/10\/whatsapp_image_2022-10-01_at_12_01_11_2024-10-01_20-45-54_jpe_2024-10-01_20-45-54.webp.webp?fit=1200%2C675&ssl=1&resize=350%2C200 1x, https:\/\/i0.wp.com\/ismaelcolosi.com.br\/wp-content\/uploads\/2024\/10\/whatsapp_image_2022-10-01_at_12_01_11_2024-10-01_20-45-54_jpe_2024-10-01_20-45-54.webp.webp?fit=1200%2C675&ssl=1&resize=525%2C300 1.5x, https:\/\/i0.wp.com\/ismaelcolosi.com.br\/wp-content\/uploads\/2024\/10\/whatsapp_image_2022-10-01_at_12_01_11_2024-10-01_20-45-54_jpe_2024-10-01_20-45-54.webp.webp?fit=1200%2C675&ssl=1&resize=700%2C400 2x, https:\/\/i0.wp.com\/ismaelcolosi.com.br\/wp-content\/uploads\/2024\/10\/whatsapp_image_2022-10-01_at_12_01_11_2024-10-01_20-45-54_jpe_2024-10-01_20-45-54.webp.webp?fit=1200%2C675&ssl=1&resize=1050%2C600 3x"},"classes":[]}],"jetpack_sharing_enabled":true,"jetpack_shortlink":"https:\/\/wp.me\/pfMlyK-ewS","_links":{"self":[{"href":"https:\/\/ismaelcolosi.com.br\/index.php\/wp-json\/wp\/v2\/posts\/55854","targetHints":{"allow":["GET"]}}],"collection":[{"href":"https:\/\/ismaelcolosi.com.br\/index.php\/wp-json\/wp\/v2\/posts"}],"about":[{"href":"https:\/\/ismaelcolosi.com.br\/index.php\/wp-json\/wp\/v2\/types\/post"}],"author":[{"embeddable":true,"href":"https:\/\/ismaelcolosi.com.br\/index.php\/wp-json\/wp\/v2\/users\/1"}],"replies":[{"embeddable":true,"href":"https:\/\/ismaelcolosi.com.br\/index.php\/wp-json\/wp\/v2\/comments?post=55854"}],"version-history":[{"count":0,"href":"https:\/\/ismaelcolosi.com.br\/index.php\/wp-json\/wp\/v2\/posts\/55854\/revisions"}],"wp:featuredmedia":[{"embeddable":true,"href":"https:\/\/ismaelcolosi.com.br\/index.php\/wp-json\/wp\/v2\/media\/55855"}],"wp:attachment":[{"href":"https:\/\/ismaelcolosi.com.br\/index.php\/wp-json\/wp\/v2\/media?parent=55854"}],"wp:term":[{"taxonomy":"category","embeddable":true,"href":"https:\/\/ismaelcolosi.com.br\/index.php\/wp-json\/wp\/v2\/categories?post=55854"},{"taxonomy":"post_tag","embeddable":true,"href":"https:\/\/ismaelcolosi.com.br\/index.php\/wp-json\/wp\/v2\/tags?post=55854"}],"curies":[{"name":"wp","href":"https:\/\/api.w.org\/{rel}","templated":true}]}}