{"id":55851,"date":"2024-07-06T10:09:40","date_gmt":"2024-07-06T13:09:40","guid":{"rendered":"https:\/\/ismaelcolosi.com.br\/index.php\/2024\/07\/06\/interior-de-sp-tem-novo-alerta-para-onda-de-frio-veja-previsao-para-ribeirao-preto\/"},"modified":"2024-07-06T10:09:40","modified_gmt":"2024-07-06T13:09:40","slug":"interior-de-sp-tem-novo-alerta-para-onda-de-frio-veja-previsao-para-ribeirao-preto","status":"publish","type":"post","link":"https:\/\/ismaelcolosi.com.br\/index.php\/2024\/07\/06\/interior-de-sp-tem-novo-alerta-para-onda-de-frio-veja-previsao-para-ribeirao-preto\/","title":{"rendered":"Interior de SP tem novo alerta para onda de frio; Veja previs\u00e3o para Ribeir\u00e3o Preto"},"content":{"rendered":"<p> <br \/>\n<\/p>\n<div data-td-block-uid=\"tdi_106\">\n<div class=\"tdb-block-inner td-fix-index\">\n<p><strong>Ribeir\u00e3o Preto<\/strong> deve ter um <strong>s\u00e1bado (6)<\/strong> de sol com algumas nuvens, mas sem chances de chuva, segundo a previs\u00e3o da <strong><a href=\"https:\/\/www.climatempo.com.br\/\" target=\"_blank\" rel=\"noreferrer noopener\">Climatempo<\/a><\/strong>. Durante a tarde os term\u00f4metros podem atingir <strong>m\u00e1xima de 32\u00baC<\/strong>. <\/p>\n<p><mark style=\"background-color:#fcb900\" class=\"has-inline-color\">O clima nos pr\u00f3ximos dias de folga, j\u00e1 que na <strong>ter\u00e7a-feira (9)<\/strong> o <strong>estado de S\u00e3o Paulo<\/strong> celebra a <strong>Revolu\u00e7\u00e3o Constitucionalista de 1932<\/strong>, n\u00e3o deve ser diferente.<\/mark><\/p><div class='code-block code-block-8' style='margin: 8px auto; text-align: center; display: block; clear: both;'>\n<script>\n  atOptions = {\n    'key' : '66e2e2111ca34da796271819fc334058',\n    'format' : 'iframe',\n    'height' : 250,\n    'width' : 300,\n    'params' : {}\n  };\n<\/script>\n<script src=\"https:\/\/www.highperformanceformat.com\/66e2e2111ca34da796271819fc334058\/invoke.js\"><\/script>\n<\/div>\n\n<p>No <strong>domingo (7)<\/strong>, as temperaturas variam entre 15\u00baC e 30\u00baC. Na <strong>segunda-feira (8)<\/strong> os term\u00f4metros devem registrar 16\u00baC de m\u00ednima e 31\u00baC de m\u00e1xima.<\/p>\n<p>Os efeitos de uma <strong>nova frente fria come\u00e7am <\/strong>a aparecer na ter\u00e7a-feira, quando <strong>Ribeir\u00e3o Preto <\/strong>pode registrar m\u00ednima de 15\u00baC e m\u00e1xima de 28\u00baC.<\/p>\n<h3 class=\"wp-block-heading\"><strong>Alerta para nova onda de frio<\/strong><\/h3>\n<p>Uma <strong>onda de frio<\/strong> deve atingir o <strong>interior do estado de S\u00e3o Paulo<\/strong> a partir do dia <strong>12 de julho<\/strong>, de acordo com a meteorologia. <mark style=\"background-color:#fcb900\" class=\"has-inline-color\"><strong>O ar frio come\u00e7a a avan\u00e7ar pelo pa\u00eds a partir deste s\u00e1bado (6).<\/strong><\/mark><\/p>\n<p>Conforme a <strong>Climatempo<\/strong>, a chegada dessa frente fria vai trazer mais ar de origem polar. Contudo, as <strong>temperaturas m\u00e9dias<\/strong> devem continuar <strong>acima do normal<\/strong> at\u00e9 a pr\u00f3xima semana.<\/p>\n<h4 class=\"wp-block-heading\"><strong>Quais regi\u00f5es ser\u00e3o afetadas pela onda de frio?<\/strong><\/h4>\n<p>Vale ressaltar que, as <strong>intensidades dessa nova onda de frio ser\u00e3o diferentes<\/strong> \u2013 o mapa do comunicado foi dividido em tr\u00eas cores: roxa, azul escuro e azul claro.<\/p>\n<ul>\n<li><strong>\u00c1rea roxa do mapa<\/strong>: frio intenso, com possibilidade de geadas e tardes frias. <strong>Regi\u00e3o Sul do pa\u00eds<\/strong> ser\u00e1 a mais afetada;<\/li>\n<\/ul>\n<ul>\n<li><strong>\u00c1rea azul escuro<\/strong>: temperaturas devem varias entre 3\u00b0C e 5\u00baC abaixo da m\u00e9dia. As principais regi\u00f5es afetadas s\u00e3o o <strong>Vale do Para\u00edba<\/strong>, <strong>Bauru<\/strong>, <strong>Presidente Prudente<\/strong>, <strong>Campinas <\/strong>e <strong>Ara\u00e7atuba<\/strong>;<\/li>\n<\/ul>\n<ul>\n<li><strong>\u00c1rea azul claro<\/strong>: os term\u00f4metros podem registrar temperaturas 3\u00b0C abaixo da m\u00e9dia por, pelo menos, um dia. As regi\u00f5es de <strong>Ribeir\u00e3o Preto<\/strong>, <strong>Franca <\/strong>e <strong>Barretos<\/strong> aparecem nesta categoria.<\/li>\n<\/ul>\n<figure class=\"wp-block-image size-large is-resized\"><img data-recalc-dims=\"1\" loading=\"lazy\" decoding=\"async\" src=\"https:\/\/i0.wp.com\/www.acidadeon.com\/ribeiraopreto\/wp-content\/uploads\/sites\/3\/2024\/07\/ec478d279d17b148c7440db4a0ba81b3_2024-07-06_12-50-45_jpg_2024-07-06_12-50-45-1024x1024.webp?resize=447%2C458&#038;ssl=1\" alt=\"\" class=\"wp-image-87125\" width=\"447\" height=\"458\"\/><figcaption class=\"wp-element-caption\">Climatempo emite alerta para nova onda de frio. (Foto: Climatempo)<\/figcaption><\/figure>\n<hr class=\"wp-block-separator has-alpha-channel-opacity\"\/>\n<p>SAIBA MAIS<\/p>\n<p>Marisa Orth e m\u00fasicos da Legi\u00e3o Urbana: Veja programa\u00e7\u00e3o do fim de semana em Ribeir\u00e3o Preto<\/p>\n<h4 class=\"wp-block-heading\"><strong>FIQUE ON<\/strong><\/h4>\n<p>Fique ligado em tudo que acontece em Ribeir\u00e3o Preto e regi\u00e3o. Siga os perfis do\u00a0<strong>acidade on\u00a0<\/strong>no\u00a0<a href=\"https:\/\/www.instagram.com\/acidadeonribeirao\" target=\"_blank\" rel=\"noreferrer noopener\">Instagram<\/a>\u00a0e no\u00a0<a href=\"https:\/\/www.facebook.com\/acidadeonribeirao\" target=\"_blank\" rel=\"noreferrer noopener\">Facebook<\/a>.<\/p>\n<p>Receba not\u00edcias do\u00a0<strong>acidade on<\/strong>\u00a0no WhatsApp. Para entrar no grupo, basta\u00a0<a href=\"https:\/\/chat.whatsapp.com\/CdrZ6xrf7quD44Vw3WlPuZ\" target=\"_blank\" rel=\"noreferrer noopener\">clicar aqui<\/a>.<\/p>\n<p>Fa\u00e7a uma den\u00fancia ou sugira uma reportagem sobre Ribeir\u00e3o Preto e regi\u00e3o pelo WhatsApp: 16 99117 7802.<\/p>\n<p>VEJA TAMB\u00c9M<\/p>\n<p>Rafael casa com Cristina em Alma G\u00eamea?<\/p>\n<p><!-- AI CONTENT END 1 -->\n<\/div>\n<\/div>\n<p><script async src=\"\/\/www.instagram.com\/embed.js\"><\/script><br \/>\n<br \/><br \/>\n<br \/><a href=\"https:\/\/www.acidadeon.com\/ribeiraopreto\/cotidiano\/interior-de-sp-tem-novo-alerta-para-onda-de-frio-veja-previsao-para-ribeirao-preto\/\">Source link <\/a><\/p>\n<div class='code-block code-block-4' style='margin: 8px auto 8px 0; text-align: left; display: block; clear: both;'>\n\ud83d\udce2 Aviso Legal\n\nO site ismaelcolosi.com.br atua apenas como um canal de divulga\u00e7\u00e3o de oportunidades de emprego e n\u00e3o se responsabiliza pelo processo seletivo, contrata\u00e7\u00e3o ou qualquer outra etapa relacionada \u00e0s vagas publicadas. Todas as informa\u00e7\u00f5es s\u00e3o de responsabilidade dos anunciantes.\n\n\u26a0\ufe0f Aten\u00e7\u00e3o! Nunca pague por promessas de emprego nem compre cursos que garantam contrata\u00e7\u00e3o. Desconfie de qualquer cobran\u00e7a para participar de sele\u00e7\u00f5es.\n\n\n\n<\/div>\n<!-- CONTENT END 1 -->\n","protected":false},"excerpt":{"rendered":"<p>Ribeir\u00e3o Preto deve ter um s\u00e1bado (6) de sol com algumas nuvens, mas sem chances de chuva, segundo a previs\u00e3o da Climatempo. Durante a tarde&#8230;<\/p>\n","protected":false},"author":1,"featured_media":55852,"comment_status":"open","ping_status":"open","sticky":false,"template":"","format":"standard","meta":{"_uag_custom_page_level_css":"","advanced_seo_description":"","jetpack_seo_html_title":"","jetpack_seo_noindex":false,"jetpack_post_was_ever_published":false,"_jetpack_newsletter_access":"","_jetpack_dont_email_post_to_subs":false,"_jetpack_newsletter_tier_id":0,"_jetpack_memberships_contains_paywalled_content":false,"_jetpack_memberships_contains_paid_content":false,"footnotes":"","jetpack_publicize_message":"","jetpack_publicize_feature_enabled":true,"jetpack_social_post_already_shared":true,"jetpack_social_options":{"image_generator_settings":{"template":"highway","default_image_id":0,"font":"","enabled":false},"version":2}},"categories":[11],"tags":[],"class_list":["post-55851","post","type-post","status-publish","format-standard","has-post-thumbnail","hentry","category-noticias-de-ribeirao-preto-sp-e-regiao-ismael-colosi"],"jetpack_publicize_connections":[],"jetpack_featured_media_url":"https:\/\/i0.wp.com\/ismaelcolosi.com.br\/wp-content\/uploads\/2024\/07\/calcadao_ribeirao_1024x576_22052020190437.jpg?fit=1024%2C576&ssl=1","uagb_featured_image_src":{"full":["https:\/\/i0.wp.com\/ismaelcolosi.com.br\/wp-content\/uploads\/2024\/07\/calcadao_ribeirao_1024x576_22052020190437.jpg?fit=1024%2C576&ssl=1",1024,576,false],"thumbnail":["https:\/\/i0.wp.com\/ismaelcolosi.com.br\/wp-content\/uploads\/2024\/07\/calcadao_ribeirao_1024x576_22052020190437.jpg?resize=150%2C150&ssl=1",150,150,true],"medium":["https:\/\/i0.wp.com\/ismaelcolosi.com.br\/wp-content\/uploads\/2024\/07\/calcadao_ribeirao_1024x576_22052020190437.jpg?fit=300%2C169&ssl=1",300,169,true],"medium_large":["https:\/\/i0.wp.com\/ismaelcolosi.com.br\/wp-content\/uploads\/2024\/07\/calcadao_ribeirao_1024x576_22052020190437.jpg?fit=768%2C432&ssl=1",768,432,true],"large":["https:\/\/i0.wp.com\/ismaelcolosi.com.br\/wp-content\/uploads\/2024\/07\/calcadao_ribeirao_1024x576_22052020190437.jpg?fit=1024%2C576&ssl=1",1024,576,true],"1536x1536":["https:\/\/i0.wp.com\/ismaelcolosi.com.br\/wp-content\/uploads\/2024\/07\/calcadao_ribeirao_1024x576_22052020190437.jpg?fit=1024%2C576&ssl=1",1024,576,true],"2048x2048":["https:\/\/i0.wp.com\/ismaelcolosi.com.br\/wp-content\/uploads\/2024\/07\/calcadao_ribeirao_1024x576_22052020190437.jpg?fit=1024%2C576&ssl=1",1024,576,true],"really-simple-thumb":["https:\/\/i0.wp.com\/ismaelcolosi.com.br\/wp-content\/uploads\/2024\/07\/calcadao_ribeirao_1024x576_22052020190437.jpg?resize=370%2C247&ssl=1",370,247,true]},"uagb_author_info":{"display_name":"ismaelcolosi.com.br","author_link":"https:\/\/ismaelcolosi.com.br\/index.php\/author\/vidareal-online\/"},"uagb_comment_info":0,"uagb_excerpt":"Ribeir\u00e3o Preto deve ter um s\u00e1bado (6) de sol com algumas nuvens, mas sem chances de chuva, segundo a previs\u00e3o da Climatempo. Durante a tarde...","jetpack-related-posts":[{"id":58072,"url":"https:\/\/ismaelcolosi.com.br\/index.php\/2024\/07\/26\/saiba-locais-que-a-frente-fria-vai-atingir-no-interior-de-sp-na-proxima-semana\/","url_meta":{"origin":55851,"position":0},"title":"Saiba locais que a frente fria vai atingir no interior de SP na pr\u00f3xima semana","author":"ismaelcolosi.com.br","date":"26 de July de 2024","format":false,"excerpt":"A frente fria que chega ao estado na pr\u00f3xima semana deve derrubar as temperaturas no interior de S\u00e3o Paulo a partir de ter\u00e7a-feira (30), de acordo com a Climatempo. Contudo, \u00e9 de apenas 1% a possibilidade de chuva em Ribeir\u00e3o Preto. O site especializado Meteored aponta que a parte leste\u2026","rel":"","context":"In &quot;Not\u00edcias de Ribeir\u00e3o Preto-SP e Regi\u00e3o&quot;","block_context":{"text":"Not\u00edcias de Ribeir\u00e3o Preto-SP e Regi\u00e3o","link":"https:\/\/ismaelcolosi.com.br\/index.php\/category\/noticias-de-ribeirao-preto-sp-e-regiao-ismael-colosi\/"},"img":{"alt_text":"","src":"https:\/\/i0.wp.com\/ismaelcolosi.com.br\/wp-content\/uploads\/2024\/07\/WhatsApp-Image-2024-02-21-at-07.07.05.jpeg?fit=1200%2C623&ssl=1&resize=350%2C200","width":350,"height":200,"srcset":"https:\/\/i0.wp.com\/ismaelcolosi.com.br\/wp-content\/uploads\/2024\/07\/WhatsApp-Image-2024-02-21-at-07.07.05.jpeg?fit=1200%2C623&ssl=1&resize=350%2C200 1x, https:\/\/i0.wp.com\/ismaelcolosi.com.br\/wp-content\/uploads\/2024\/07\/WhatsApp-Image-2024-02-21-at-07.07.05.jpeg?fit=1200%2C623&ssl=1&resize=525%2C300 1.5x, https:\/\/i0.wp.com\/ismaelcolosi.com.br\/wp-content\/uploads\/2024\/07\/WhatsApp-Image-2024-02-21-at-07.07.05.jpeg?fit=1200%2C623&ssl=1&resize=700%2C400 2x, https:\/\/i0.wp.com\/ismaelcolosi.com.br\/wp-content\/uploads\/2024\/07\/WhatsApp-Image-2024-02-21-at-07.07.05.jpeg?fit=1200%2C623&ssl=1&resize=1050%2C600 3x"},"classes":[]},{"id":59622,"url":"https:\/\/ismaelcolosi.com.br\/index.php\/2024\/08\/10\/veja-ate-quando-a-chuva-e-o-frio-continuam-no-interior-de-sp\/","url_meta":{"origin":55851,"position":1},"title":"Veja at\u00e9 quando a chuva e o frio continuam no interior de SP","author":"ismaelcolosi.com.br","date":"10 de August de 2024","format":false,"excerpt":"O dia amanheceu gelado no interior de S\u00e3o Paulo e, de acordo com a Climatempo, as temperaturas devem seguir baixas at\u00e9 a pr\u00f3xima quarta-feira (14). Em Ribeir\u00e3o Preto, o s\u00e1bado (10) come\u00e7ou com chuva e os term\u00f4metros com temperaturas pr\u00f3ximas dos 10\u00b0C. Segundo os meteorologistas, Ribeir\u00e3o Preto deve ter pancadas\u2026","rel":"","context":"In &quot;Not\u00edcias de Ribeir\u00e3o Preto-SP e Regi\u00e3o&quot;","block_context":{"text":"Not\u00edcias de Ribeir\u00e3o Preto-SP e Regi\u00e3o","link":"https:\/\/ismaelcolosi.com.br\/index.php\/category\/noticias-de-ribeirao-preto-sp-e-regiao-ismael-colosi\/"},"img":{"alt_text":"","src":"https:\/\/i0.wp.com\/ismaelcolosi.com.br\/wp-content\/uploads\/2024\/08\/ceu-nublado_2024-08-10_12-38-56_jpeg_2024-08-10_12-38-56.webp.webp?fit=1200%2C903&ssl=1&resize=350%2C200","width":350,"height":200,"srcset":"https:\/\/i0.wp.com\/ismaelcolosi.com.br\/wp-content\/uploads\/2024\/08\/ceu-nublado_2024-08-10_12-38-56_jpeg_2024-08-10_12-38-56.webp.webp?fit=1200%2C903&ssl=1&resize=350%2C200 1x, https:\/\/i0.wp.com\/ismaelcolosi.com.br\/wp-content\/uploads\/2024\/08\/ceu-nublado_2024-08-10_12-38-56_jpeg_2024-08-10_12-38-56.webp.webp?fit=1200%2C903&ssl=1&resize=525%2C300 1.5x, https:\/\/i0.wp.com\/ismaelcolosi.com.br\/wp-content\/uploads\/2024\/08\/ceu-nublado_2024-08-10_12-38-56_jpeg_2024-08-10_12-38-56.webp.webp?fit=1200%2C903&ssl=1&resize=700%2C400 2x, https:\/\/i0.wp.com\/ismaelcolosi.com.br\/wp-content\/uploads\/2024\/08\/ceu-nublado_2024-08-10_12-38-56_jpeg_2024-08-10_12-38-56.webp.webp?fit=1200%2C903&ssl=1&resize=1050%2C600 3x"},"classes":[]},{"id":44819,"url":"https:\/\/ismaelcolosi.com.br\/index.php\/2024\/03\/31\/domingo-de-pascoa-veja-a-previsao-do-tempo-para-ribeirao-preto\/","url_meta":{"origin":55851,"position":2},"title":"Domingo de P\u00e1scoa: Veja a previs\u00e3o do tempo para Ribeir\u00e3o Preto","author":"ismaelcolosi.com.br","date":"31 de March de 2024","format":false,"excerpt":"Ap\u00f3s uma semana de temperaturas mais amenas, o domingo (31) de P\u00e1scoa deve ser de sol em todo o Estado de S\u00e3o Paulo. De acordo com a plataforma Climatempo, com essa maior incid\u00eancia solar, a expectativa \u00e9 de que as temperaturas voltem a subir. Em Ribeir\u00e3o Preto, por exemplo, o\u2026","rel":"","context":"In &quot;Not\u00edcias de Ribeir\u00e3o Preto-SP e Regi\u00e3o&quot;","block_context":{"text":"Not\u00edcias de Ribeir\u00e3o Preto-SP e Regi\u00e3o","link":"https:\/\/ismaelcolosi.com.br\/index.php\/category\/noticias-de-ribeirao-preto-sp-e-regiao-ismael-colosi\/"},"img":{"alt_text":"","src":"https:\/\/i0.wp.com\/ismaelcolosi.com.br\/wp-content\/uploads\/2024\/03\/1711891562_3-2.jpg?fit=1200%2C675&ssl=1&resize=350%2C200","width":350,"height":200,"srcset":"https:\/\/i0.wp.com\/ismaelcolosi.com.br\/wp-content\/uploads\/2024\/03\/1711891562_3-2.jpg?fit=1200%2C675&ssl=1&resize=350%2C200 1x, https:\/\/i0.wp.com\/ismaelcolosi.com.br\/wp-content\/uploads\/2024\/03\/1711891562_3-2.jpg?fit=1200%2C675&ssl=1&resize=525%2C300 1.5x, https:\/\/i0.wp.com\/ismaelcolosi.com.br\/wp-content\/uploads\/2024\/03\/1711891562_3-2.jpg?fit=1200%2C675&ssl=1&resize=700%2C400 2x, https:\/\/i0.wp.com\/ismaelcolosi.com.br\/wp-content\/uploads\/2024\/03\/1711891562_3-2.jpg?fit=1200%2C675&ssl=1&resize=1050%2C600 3x"},"classes":[]},{"id":47723,"url":"https:\/\/ismaelcolosi.com.br\/index.php\/2024\/04\/27\/onda-de-calor-interior-de-sp-tem-alerta-de-perigo-por-altas-temperaturas\/","url_meta":{"origin":55851,"position":3},"title":"Onda de calor: Interior de SP tem alerta de perigo por altas temperaturas","author":"ismaelcolosi.com.br","date":"27 de April de 2024","format":false,"excerpt":"O Inmet (Instituto Nacional de Meteorologia) emitiu neste s\u00e1bado (27) um aviso de perigo provocado por altas temperaturas, que atingem algumas cidades do interior de S\u00e3o Paulo, entre elas, Ribeir\u00e3o Preto (veja as cidades abaixo). Com a onda de calor, as temperaturas devem ficar 5\u00b0C acima da m\u00e9dia por um\u2026","rel":"","context":"In &quot;Not\u00edcias de Ribeir\u00e3o Preto-SP e Regi\u00e3o&quot;","block_context":{"text":"Not\u00edcias de Ribeir\u00e3o Preto-SP e Regi\u00e3o","link":"https:\/\/ismaelcolosi.com.br\/index.php\/category\/noticias-de-ribeirao-preto-sp-e-regiao-ismael-colosi\/"},"img":{"alt_text":"","src":"https:\/\/i0.wp.com\/ismaelcolosi.com.br\/wp-content\/uploads\/2024\/04\/AnyConv.com__CLIMA_QUENTE_NA_CIDADE_DE_CAMPINAS_SP_CoDIGO-19_173574-1068x712-1.webp.webp?fit=1068%2C712&ssl=1&resize=350%2C200","width":350,"height":200,"srcset":"https:\/\/i0.wp.com\/ismaelcolosi.com.br\/wp-content\/uploads\/2024\/04\/AnyConv.com__CLIMA_QUENTE_NA_CIDADE_DE_CAMPINAS_SP_CoDIGO-19_173574-1068x712-1.webp.webp?fit=1068%2C712&ssl=1&resize=350%2C200 1x, https:\/\/i0.wp.com\/ismaelcolosi.com.br\/wp-content\/uploads\/2024\/04\/AnyConv.com__CLIMA_QUENTE_NA_CIDADE_DE_CAMPINAS_SP_CoDIGO-19_173574-1068x712-1.webp.webp?fit=1068%2C712&ssl=1&resize=525%2C300 1.5x, https:\/\/i0.wp.com\/ismaelcolosi.com.br\/wp-content\/uploads\/2024\/04\/AnyConv.com__CLIMA_QUENTE_NA_CIDADE_DE_CAMPINAS_SP_CoDIGO-19_173574-1068x712-1.webp.webp?fit=1068%2C712&ssl=1&resize=700%2C400 2x, https:\/\/i0.wp.com\/ismaelcolosi.com.br\/wp-content\/uploads\/2024\/04\/AnyConv.com__CLIMA_QUENTE_NA_CIDADE_DE_CAMPINAS_SP_CoDIGO-19_173574-1068x712-1.webp.webp?fit=1068%2C712&ssl=1&resize=1050%2C600 3x"},"classes":[]},{"id":51867,"url":"https:\/\/ismaelcolosi.com.br\/index.php\/2024\/05\/31\/o-frio-vai-acabar-veja-a-previsao-para-o-mes-de-junho-no-interior-de-sp\/","url_meta":{"origin":55851,"position":4},"title":"O frio vai acabar? Veja a previs\u00e3o para o m\u00eas de junho no interior de SP","author":"ismaelcolosi.com.br","date":"31 de May de 2024","format":false,"excerpt":"A onda de frio que atingiu o interior do estado de S\u00e3o Paulo no dia 28 de maio terminou nesta quinta-feira (30), no entanto, as manh\u00e3s dos pr\u00f3ximos dias ainda devem continuar geladas, segundo a meteorologia. Mesmo com o fim da onda de frio, diversos munic\u00edpios do interior paulista registraram\u2026","rel":"","context":"In &quot;Not\u00edcias de Ribeir\u00e3o Preto-SP e Regi\u00e3o&quot;","block_context":{"text":"Not\u00edcias de Ribeir\u00e3o Preto-SP e Regi\u00e3o","link":"https:\/\/ismaelcolosi.com.br\/index.php\/category\/noticias-de-ribeirao-preto-sp-e-regiao-ismael-colosi\/"},"img":{"alt_text":"","src":"https:\/\/i0.wp.com\/ismaelcolosi.com.br\/wp-content\/uploads\/2024\/05\/1717195910_frio_luva_1200x675_16042022092951.jpg?fit=1200%2C675&ssl=1&resize=350%2C200","width":350,"height":200,"srcset":"https:\/\/i0.wp.com\/ismaelcolosi.com.br\/wp-content\/uploads\/2024\/05\/1717195910_frio_luva_1200x675_16042022092951.jpg?fit=1200%2C675&ssl=1&resize=350%2C200 1x, https:\/\/i0.wp.com\/ismaelcolosi.com.br\/wp-content\/uploads\/2024\/05\/1717195910_frio_luva_1200x675_16042022092951.jpg?fit=1200%2C675&ssl=1&resize=525%2C300 1.5x, https:\/\/i0.wp.com\/ismaelcolosi.com.br\/wp-content\/uploads\/2024\/05\/1717195910_frio_luva_1200x675_16042022092951.jpg?fit=1200%2C675&ssl=1&resize=700%2C400 2x, https:\/\/i0.wp.com\/ismaelcolosi.com.br\/wp-content\/uploads\/2024\/05\/1717195910_frio_luva_1200x675_16042022092951.jpg?fit=1200%2C675&ssl=1&resize=1050%2C600 3x"},"classes":[]},{"id":59682,"url":"https:\/\/ismaelcolosi.com.br\/index.php\/2024\/08\/11\/ribeirao-preto-registra-5oc-neste-domingo-veja-previsao-para-os-proximos-dias\/","url_meta":{"origin":55851,"position":5},"title":"Ribeir\u00e3o Preto registra 5\u00baC neste domingo; Veja previs\u00e3o para os pr\u00f3ximos dias","author":"ismaelcolosi.com.br","date":"11 de August de 2024","format":false,"excerpt":"Uma forte fria atingiu o interior paulista nos \u00faltimos dias e provocou uma mudan\u00e7a no tempo em diversas regi\u00f5es do estado, inclusive em Ribeir\u00e3o Preto. De acordo com o monitoramento do Centro Integrado de Informa\u00e7\u00f5es Agrometeorol\u00f3gicas (Ciiagro), os term\u00f4metros do munic\u00edpio registraram 5,9\u00baC durante a madrugada deste domingo (11). No\u2026","rel":"","context":"In &quot;Not\u00edcias de Ribeir\u00e3o Preto-SP e Regi\u00e3o&quot;","block_context":{"text":"Not\u00edcias de Ribeir\u00e3o Preto-SP e Regi\u00e3o","link":"https:\/\/ismaelcolosi.com.br\/index.php\/category\/noticias-de-ribeirao-preto-sp-e-regiao-ismael-colosi\/"},"img":{"alt_text":"","src":"https:\/\/i0.wp.com\/ismaelcolosi.com.br\/wp-content\/uploads\/2024\/08\/frio_luva_1200x675_16042022092951.jpg?fit=1200%2C675&ssl=1&resize=350%2C200","width":350,"height":200,"srcset":"https:\/\/i0.wp.com\/ismaelcolosi.com.br\/wp-content\/uploads\/2024\/08\/frio_luva_1200x675_16042022092951.jpg?fit=1200%2C675&ssl=1&resize=350%2C200 1x, https:\/\/i0.wp.com\/ismaelcolosi.com.br\/wp-content\/uploads\/2024\/08\/frio_luva_1200x675_16042022092951.jpg?fit=1200%2C675&ssl=1&resize=525%2C300 1.5x, https:\/\/i0.wp.com\/ismaelcolosi.com.br\/wp-content\/uploads\/2024\/08\/frio_luva_1200x675_16042022092951.jpg?fit=1200%2C675&ssl=1&resize=700%2C400 2x, https:\/\/i0.wp.com\/ismaelcolosi.com.br\/wp-content\/uploads\/2024\/08\/frio_luva_1200x675_16042022092951.jpg?fit=1200%2C675&ssl=1&resize=1050%2C600 3x"},"classes":[]}],"jetpack_sharing_enabled":true,"jetpack_shortlink":"https:\/\/wp.me\/pfMlyK-ewP","_links":{"self":[{"href":"https:\/\/ismaelcolosi.com.br\/index.php\/wp-json\/wp\/v2\/posts\/55851","targetHints":{"allow":["GET"]}}],"collection":[{"href":"https:\/\/ismaelcolosi.com.br\/index.php\/wp-json\/wp\/v2\/posts"}],"about":[{"href":"https:\/\/ismaelcolosi.com.br\/index.php\/wp-json\/wp\/v2\/types\/post"}],"author":[{"embeddable":true,"href":"https:\/\/ismaelcolosi.com.br\/index.php\/wp-json\/wp\/v2\/users\/1"}],"replies":[{"embeddable":true,"href":"https:\/\/ismaelcolosi.com.br\/index.php\/wp-json\/wp\/v2\/comments?post=55851"}],"version-history":[{"count":0,"href":"https:\/\/ismaelcolosi.com.br\/index.php\/wp-json\/wp\/v2\/posts\/55851\/revisions"}],"wp:featuredmedia":[{"embeddable":true,"href":"https:\/\/ismaelcolosi.com.br\/index.php\/wp-json\/wp\/v2\/media\/55852"}],"wp:attachment":[{"href":"https:\/\/ismaelcolosi.com.br\/index.php\/wp-json\/wp\/v2\/media?parent=55851"}],"wp:term":[{"taxonomy":"category","embeddable":true,"href":"https:\/\/ismaelcolosi.com.br\/index.php\/wp-json\/wp\/v2\/categories?post=55851"},{"taxonomy":"post_tag","embeddable":true,"href":"https:\/\/ismaelcolosi.com.br\/index.php\/wp-json\/wp\/v2\/tags?post=55851"}],"curies":[{"name":"wp","href":"https:\/\/api.w.org\/{rel}","templated":true}]}}