{"id":55820,"date":"2024-07-05T17:49:37","date_gmt":"2024-07-05T20:49:37","guid":{"rendered":"https:\/\/ismaelcolosi.com.br\/index.php\/2024\/07\/05\/detran-anuncia-novos-leiloes-de-veiculos-no-interior-de-sp-veja-em-quais-cidades\/"},"modified":"2024-07-05T17:49:37","modified_gmt":"2024-07-05T20:49:37","slug":"detran-anuncia-novos-leiloes-de-veiculos-no-interior-de-sp-veja-em-quais-cidades","status":"publish","type":"post","link":"https:\/\/ismaelcolosi.com.br\/index.php\/2024\/07\/05\/detran-anuncia-novos-leiloes-de-veiculos-no-interior-de-sp-veja-em-quais-cidades\/","title":{"rendered":"Detran anuncia novos leil\u00f5es de ve\u00edculos no interior de SP; Veja em quais cidades"},"content":{"rendered":"<p> <br \/>\n<\/p>\n<div>\n<p>O <strong>Departamento Estadual de Tr\u00e2nsito de S\u00e3o Paulo (Detran-SP)<\/strong> retomou a programa\u00e7\u00e3o de<strong> leil\u00f5es de ve\u00edculos<\/strong> retidos \u00a0no p\u00e1tio da institui\u00e7\u00e3o e anunciou, nesta sexta-feira (5), lotes de <strong>tr\u00eas novas cidades do interior paulista.<\/strong><\/p>\n<p>Com um total de<strong> 385 ve\u00edculos ofertados<\/strong>, os editais foram publicados no <strong><a href=\"https:\/\/www.doe.sp.gov.br\/executivo\/secretaria-de-gestao-e-governo-digital\/editais-de-leilao-de-cerquilho-cesario-lange-e-capela-do-alto-20240705132617434431602\" target=\"_blank\" rel=\"noreferrer noopener\">Di\u00e1rio Oficial do Estado<\/a><\/strong> e estabelecem as datas para os certames nos munic\u00edpios de <strong>Cerquilho<\/strong>, <strong>Ces\u00e1rio Lange<\/strong> e <strong>Capela do Alto<\/strong>.<\/p><div class='code-block code-block-8' style='margin: 8px auto; text-align: center; display: block; clear: both;'>\n<script>\n  atOptions = {\n    'key' : '66e2e2111ca34da796271819fc334058',\n    'format' : 'iframe',\n    'height' : 250,\n    'width' : 300,\n    'params' : {}\n  };\n<\/script>\n<script src=\"https:\/\/www.highperformanceformat.com\/66e2e2111ca34da796271819fc334058\/invoke.js\"><\/script>\n<\/div>\n\n<p>De acordo com o<strong> Detran-SP<\/strong>, cada munic\u00edpio deve contar com <strong>tr\u00eas dias de preg\u00e3o<\/strong>:<\/p>\n<ul>\n<li>O primeiro \u00e9 dedicado aos carros que apresentam condi\u00e7\u00f5es de circular;<\/li>\n<\/ul>\n<ul>\n<li>O segundo as sucatas aproveit\u00e1veis e tamb\u00e9m as sucatas aproveit\u00e1veis com motor \u201cinserv\u00edvel\u201d;<\/li>\n<\/ul>\n<ul>\n<li>O terceiro e \u00faltimo \u00e9 exclusivo para sucatas \u201cinserv\u00edveis\u201d.<\/li>\n<\/ul>\n<p>No edital divulgado \u00e9 poss\u00edvel ver a <strong>lista completa dos lotes oferecidos<\/strong>, com informa\u00e7\u00f5es como marca, modelo, motor, cor, ano de fabrica\u00e7\u00e3o e lance m\u00ednimo definido por peritos.<\/p>\n<h3 class=\"wp-block-heading\"><strong>Como participar do leil\u00e3o de ve\u00edculos de Detran-SP?<\/strong><\/h3>\n<p>O <strong>leil\u00e3o <\/strong>ser\u00e1 realizado de <strong>forma on-line<\/strong> atrav\u00e9s da plataforma <strong>Amaral Leil\u00f5es (<a href=\"https:\/\/www.amaralleiloes.com.br\/\" target=\"_blank\" rel=\"noreferrer noopener\">clique aqui<\/a>)<\/strong>.<mark style=\"background-color:#fcb900\" class=\"has-inline-color\"> Os interessados em participar devem se inscrever at\u00e9 dois dias antes do in\u00edcio dos lances para cada lote.<\/mark><\/p>\n<p>Os ve\u00edculos poder\u00e3o ser conferidos <strong>dois dias \u00fateis antes da abertura para os pr\u00e9-lances<\/strong>. \u201cO contato com os ve\u00edculos, sucatas e materiais ferrosos ser\u00e1 apenas visual, sem manuseio, toque ou qualquer tipo de teste, das 9h \u00e0s 16h\u201d.<\/p>\n<p>Os <strong>pr\u00e9-lances <\/strong>acontece no dia 24 de julho, em <strong>Ces\u00e1rio Lange <\/strong>e <strong>Capela do Alto<\/strong>, e no <strong>dia 31 de julho<\/strong>, em <strong>Cerquilho<\/strong>. O edital completo pode ser conferido <a href=\"https:\/\/www.doe.sp.gov.br\/executivo\/secretaria-de-gestao-e-governo-digital\/editais-de-leilao-de-cerquilho-cesario-lange-e-capela-do-alto-20240705132617434431602\" target=\"_blank\" rel=\"noreferrer noopener\">clicando aqui<\/a>.<\/p>\n<h3 class=\"wp-block-heading\"><strong>Confira o calend\u00e1rio do leil\u00e3o<\/strong><\/h3>\n<h4 class=\"wp-block-heading\"><strong>Capela do Alto e Ces\u00e1rio Lange<\/strong><\/h4>\n<p><strong><mark style=\"background-color:#fcb900\" class=\"has-inline-color\">1 \u2013 Carros conservados e destinados \u00e0 circula\u00e7\u00e3o (38 unidades)<\/mark><\/strong><\/p>\n<p>Podem participar: pessoas f\u00edsicas e jur\u00eddicas inscritas no Cadastro da Receita Federal do Brasil<\/p>\n<p>Abertura para pr\u00e9-lances: 24 de julho, \u00e0s 10h (hor\u00e1rio de Bras\u00edlia)<\/p>\n<p>Sess\u00e3o p\u00fablica de leil\u00e3o: 13 de agosto, das 10h \u00e0s 14h (hor\u00e1rio de Bras\u00edlia)<\/p>\n<p><strong><mark style=\"background-color:#fcb900\" class=\"has-inline-color\">2 \u2013 Sucata aproveit\u00e1vel (111 unidades) e sucata aproveit\u00e1vel com motor inserv\u00edvel (25)<\/mark><\/strong><\/p>\n<p>Podem participar: pessoas jur\u00eddicas inscritas no Cadastro Nacional de Pessoa Jur\u00eddica (CNPJ) com registro ativo no \u00f3rg\u00e3o ou entidade executiva de tr\u00e2nsito para atua\u00e7\u00e3o no com\u00e9rcio de pe\u00e7as usadas<\/p>\n<p>Abertura para pr\u00e9-lances: 24 de julho, \u00e0s 10h<\/p>\n<p>Sess\u00e3o p\u00fablica de leil\u00e3o: 14 de agosto, das 10h \u00e0s 14h<\/p>\n<p><strong><mark style=\"background-color:#fcb900\" class=\"has-inline-color\">3 \u2013 Sucata inserv\u00edvel (11 unidades)<\/mark><\/strong><\/p>\n<p>Podem participar: pessoas jur\u00eddicas do ramo de siderurgia ou fundi\u00e7\u00e3o<\/p>\n<p>Abertura para pr\u00e9-lances: 24 de julho, \u00e0s 10h<\/p>\n<p>Sess\u00e3o p\u00fablica de leil\u00e3o: 15 de agosto, das 10h \u00e0s 12h<\/p>\n<h4 class=\"wp-block-heading\"><strong>Cerquilho<\/strong><\/h4>\n<p><strong><mark style=\"background-color:#fcb900\" class=\"has-inline-color\">1 \u2013 Carros conservados e destinados \u00e0 circula\u00e7\u00e3o (66 unidades)<\/mark><\/strong><\/p>\n<p>Podem participar: pessoas f\u00edsicas e jur\u00eddicas inscritas no Cadastro da Receita Federal do Brasil<\/p>\n<p>Abertura para pr\u00e9-lances: 31 de julho, \u00e0s 10h<\/p>\n<p>Sess\u00e3o p\u00fablica de leil\u00e3o: 20 de agosto, das 10h \u00e0s 14h<\/p>\n<p><strong><mark style=\"background-color:#fcb900\" class=\"has-inline-color\">2 \u2013 Sucata aproveit\u00e1vel (98 unidades) e sucata aproveit\u00e1vel com motor inservivel (27)\u00a0<\/mark><\/strong><\/p>\n<p>Podem participar: pessoas jur\u00eddicas inscritas no Cadastro Nacional de Pessoa Jur\u00eddica (CNPJ) com registro ativo no \u00f3rg\u00e3o ou entidade executiva de tr\u00e2nsito para atua\u00e7\u00e3o no com\u00e9rcio de pe\u00e7as usadas<\/p>\n<p>Abertura para pr\u00e9-lances: 31 de julho, \u00e0s 10h<\/p>\n<p>Sess\u00e3o p\u00fablica de leil\u00e3o: 21 de agosto, das 10h \u00e0s 14h<\/p>\n<p><strong><mark style=\"background-color:#fcb900\" class=\"has-inline-color\">3 \u2013 Sucata inserv\u00edvel (9 unidades)<\/mark><\/strong><\/p>\n<p>Podem participar: pessoas jur\u00eddicas do ramo de siderurgia ou fundi\u00e7\u00e3o<\/p>\n<p>Abertura para pr\u00e9-lances: 31 de julho, \u00e0s 10h<\/p>\n<p>Sess\u00e3o p\u00fablica de leil\u00e3o: 22 de agosto, das 10h \u00e0s 12h<\/p>\n<hr class=\"wp-block-separator has-alpha-channel-opacity\"\/>\n<p>SAIBA MAIS<\/p>\n<p>Receita Federal apreende R$ 600 mil em vinhos, celulares e perfumes em Ribeir\u00e3o Preto<\/p>\n<h4 class=\"wp-block-heading\"><strong>FIQUE ON<\/strong><\/h4>\n<p>Fique ligado em tudo que acontece em Ribeir\u00e3o Preto e regi\u00e3o. Siga os perfis do\u00a0<strong>acidade on<\/strong>\u00a0no<a href=\"https:\/\/www.instagram.com\/acidadeonribeirao\" target=\"_blank\" rel=\"noreferrer noopener\">\u00a0Instagram<\/a>\u00a0e no\u00a0<a href=\"https:\/\/www.facebook.com\/acidadeonribeirao\/\" target=\"_blank\" rel=\"noreferrer noopener\">Facebook<\/a>.<\/p>\n<p>Receba not\u00edcias do\u00a0<strong>acidade on\u00a0<\/strong>no WhatsApp.\u00a0<a href=\"https:\/\/chat.whatsapp.com\/CdrZ6xrf7quD44Vw3WlPuZ\" target=\"_blank\" rel=\"noreferrer noopener\">Para entrar no grupo, basta clicar aqui.<\/a><\/p>\n<p>Fa\u00e7a uma den\u00fancia ou sugira uma reportagem sobre Ribeir\u00e3o Preto e regi\u00e3o pelo WhatsApp: 16 99117 7802.<\/p>\n<p>VEJA TAMB\u00c9M<\/p>\n<p>Quem \u00e9 Amanda Kimberlly? Modelo d\u00e1 \u00e0 luz \u00e0 3\u00aa filha de Neymar<\/p>\n<p><!-- AI CONTENT END 1 -->\n<\/div>\n<p><script async src=\"\/\/www.instagram.com\/embed.js\"><\/script><br \/>\n<br \/><br \/>\n<br \/><a href=\"https:\/\/www.acidadeon.com\/ribeiraopreto\/economia\/detran-anuncia-novos-leiloes-de-veiculos-no-interior-de-sp-veja-em-quais-cidades\/\">Source link <\/a><\/p>\n<div class='code-block code-block-4' style='margin: 8px auto 8px 0; text-align: left; display: block; clear: both;'>\n\ud83d\udce2 Aviso Legal\n\nO site ismaelcolosi.com.br atua apenas como um canal de divulga\u00e7\u00e3o de oportunidades de emprego e n\u00e3o se responsabiliza pelo processo seletivo, contrata\u00e7\u00e3o ou qualquer outra etapa relacionada \u00e0s vagas publicadas. Todas as informa\u00e7\u00f5es s\u00e3o de responsabilidade dos anunciantes.\n\n\u26a0\ufe0f Aten\u00e7\u00e3o! Nunca pague por promessas de emprego nem compre cursos que garantam contrata\u00e7\u00e3o. Desconfie de qualquer cobran\u00e7a para participar de sele\u00e7\u00f5es.\n\n\n\n<\/div>\n<!-- CONTENT END 1 -->\n","protected":false},"excerpt":{"rendered":"<p>O Departamento Estadual de Tr\u00e2nsito de S\u00e3o Paulo (Detran-SP) retomou a programa\u00e7\u00e3o de leil\u00f5es de ve\u00edculos retidos \u00a0no p\u00e1tio da institui\u00e7\u00e3o e anunciou, nesta sexta-feira&#8230;<\/p>\n","protected":false},"author":1,"featured_media":54309,"comment_status":"open","ping_status":"open","sticky":false,"template":"","format":"standard","meta":{"_uag_custom_page_level_css":"","advanced_seo_description":"","jetpack_seo_html_title":"","jetpack_seo_noindex":false,"jetpack_post_was_ever_published":false,"_jetpack_newsletter_access":"","_jetpack_dont_email_post_to_subs":false,"_jetpack_newsletter_tier_id":0,"_jetpack_memberships_contains_paywalled_content":false,"_jetpack_memberships_contains_paid_content":false,"footnotes":"","jetpack_publicize_message":"","jetpack_publicize_feature_enabled":true,"jetpack_social_post_already_shared":true,"jetpack_social_options":{"image_generator_settings":{"template":"highway","default_image_id":0,"font":"","enabled":false},"version":2}},"categories":[11],"tags":[],"class_list":["post-55820","post","type-post","status-publish","format-standard","has-post-thumbnail","hentry","category-noticias-de-ribeirao-preto-sp-e-regiao-ismael-colosi"],"jetpack_publicize_connections":[],"jetpack_featured_media_url":"https:\/\/i0.wp.com\/ismaelcolosi.com.br\/wp-content\/uploads\/2024\/06\/AnyConv.com__patio-detran_2024-06-24_14-44-08.webp.webp?fit=2048%2C1536&ssl=1","uagb_featured_image_src":{"full":["https:\/\/i0.wp.com\/ismaelcolosi.com.br\/wp-content\/uploads\/2024\/06\/AnyConv.com__patio-detran_2024-06-24_14-44-08.webp.webp?fit=2048%2C1536&ssl=1",2048,1536,false],"thumbnail":["https:\/\/i0.wp.com\/ismaelcolosi.com.br\/wp-content\/uploads\/2024\/06\/AnyConv.com__patio-detran_2024-06-24_14-44-08.webp.webp?resize=150%2C150&ssl=1",150,150,true],"medium":["https:\/\/i0.wp.com\/ismaelcolosi.com.br\/wp-content\/uploads\/2024\/06\/AnyConv.com__patio-detran_2024-06-24_14-44-08.webp.webp?fit=300%2C225&ssl=1",300,225,true],"medium_large":["https:\/\/i0.wp.com\/ismaelcolosi.com.br\/wp-content\/uploads\/2024\/06\/AnyConv.com__patio-detran_2024-06-24_14-44-08.webp.webp?fit=768%2C576&ssl=1",768,576,true],"large":["https:\/\/i0.wp.com\/ismaelcolosi.com.br\/wp-content\/uploads\/2024\/06\/AnyConv.com__patio-detran_2024-06-24_14-44-08.webp.webp?fit=1024%2C768&ssl=1",1024,768,true],"1536x1536":["https:\/\/i0.wp.com\/ismaelcolosi.com.br\/wp-content\/uploads\/2024\/06\/AnyConv.com__patio-detran_2024-06-24_14-44-08.webp.webp?fit=1536%2C1152&ssl=1",1536,1152,true],"2048x2048":["https:\/\/i0.wp.com\/ismaelcolosi.com.br\/wp-content\/uploads\/2024\/06\/AnyConv.com__patio-detran_2024-06-24_14-44-08.webp.webp?fit=2048%2C1536&ssl=1",2048,1536,true],"really-simple-thumb":["https:\/\/i0.wp.com\/ismaelcolosi.com.br\/wp-content\/uploads\/2024\/06\/AnyConv.com__patio-detran_2024-06-24_14-44-08.webp.webp?resize=370%2C247&ssl=1",370,247,true]},"uagb_author_info":{"display_name":"ismaelcolosi.com.br","author_link":"https:\/\/ismaelcolosi.com.br\/index.php\/author\/vidareal-online\/"},"uagb_comment_info":0,"uagb_excerpt":"O Departamento Estadual de Tr\u00e2nsito de S\u00e3o Paulo (Detran-SP) retomou a programa\u00e7\u00e3o de leil\u00f5es de ve\u00edculos retidos \u00a0no p\u00e1tio da institui\u00e7\u00e3o e anunciou, nesta sexta-feira...","jetpack-related-posts":[{"id":55812,"url":"https:\/\/ismaelcolosi.com.br\/index.php\/2024\/07\/05\/detran-anuncia-tres-novos-leiloes-de-veiculos-no-interior-de-sp-veja-as-cidades\/","url_meta":{"origin":55820,"position":0},"title":"Detran anuncia tr\u00eas novos leil\u00f5es de ve\u00edculos no interior de SP; Veja as cidades","author":"ismaelcolosi.com.br","date":"5 de July de 2024","format":false,"excerpt":"O Departamento Estadual de Tr\u00e2nsito de S\u00e3o Paulo (Detran-SP) retomou a programa\u00e7\u00e3o de leil\u00f5es de ve\u00edculos retidos \u00a0no p\u00e1tio da institui\u00e7\u00e3o e anunciou, nesta sexta-feira (5), lotes de tr\u00eas novas cidades do interior paulista. Com um total de 385 ve\u00edculos ofertados, os editais foram publicados no Di\u00e1rio Oficial do Estado\u2026","rel":"","context":"In &quot;Not\u00edcias de Ribeir\u00e3o Preto-SP e Regi\u00e3o&quot;","block_context":{"text":"Not\u00edcias de Ribeir\u00e3o Preto-SP e Regi\u00e3o","link":"https:\/\/ismaelcolosi.com.br\/index.php\/category\/noticias-de-ribeirao-preto-sp-e-regiao-ismael-colosi\/"},"img":{"alt_text":"","src":"https:\/\/i0.wp.com\/ismaelcolosi.com.br\/wp-content\/uploads\/2024\/07\/Leilao-de-veiculos_2024-07-05_20-01-05_png_2024-07-05_20-01-05.webp.webp?fit=1130%2C720&ssl=1&resize=350%2C200","width":350,"height":200,"srcset":"https:\/\/i0.wp.com\/ismaelcolosi.com.br\/wp-content\/uploads\/2024\/07\/Leilao-de-veiculos_2024-07-05_20-01-05_png_2024-07-05_20-01-05.webp.webp?fit=1130%2C720&ssl=1&resize=350%2C200 1x, https:\/\/i0.wp.com\/ismaelcolosi.com.br\/wp-content\/uploads\/2024\/07\/Leilao-de-veiculos_2024-07-05_20-01-05_png_2024-07-05_20-01-05.webp.webp?fit=1130%2C720&ssl=1&resize=525%2C300 1.5x, https:\/\/i0.wp.com\/ismaelcolosi.com.br\/wp-content\/uploads\/2024\/07\/Leilao-de-veiculos_2024-07-05_20-01-05_png_2024-07-05_20-01-05.webp.webp?fit=1130%2C720&ssl=1&resize=700%2C400 2x, https:\/\/i0.wp.com\/ismaelcolosi.com.br\/wp-content\/uploads\/2024\/07\/Leilao-de-veiculos_2024-07-05_20-01-05_png_2024-07-05_20-01-05.webp.webp?fit=1130%2C720&ssl=1&resize=1050%2C600 3x"},"classes":[]},{"id":57551,"url":"https:\/\/ismaelcolosi.com.br\/index.php\/2024\/07\/22\/detran-sp-retoma-leiloes-de-veiculos-no-interior-de-sp-nesta-semana-veja-como-participar\/","url_meta":{"origin":55820,"position":1},"title":"Detran-SP retoma leil\u00f5es de ve\u00edculos no interior de SP nesta semana; Veja como participar","author":"ismaelcolosi.com.br","date":"22 de July de 2024","format":false,"excerpt":"O Dentran-SP vai retomar nesta ter\u00e7a-feira (23) os leil\u00f5es de ve\u00edculos no interior de S\u00e3o Paulo. Os leil\u00f5es estavam suspensos desde 2023. De acordo com o \u00f3rg\u00e3o, mais de 400 ve\u00edculos recolhidos na regi\u00e3o de Botucatu v\u00e3o \u00e0 venda a partir das 10h. Pode participar quem fez a inscri\u00e7\u00e3o at\u00e9\u2026","rel":"","context":"In &quot;Not\u00edcias de Ribeir\u00e3o Preto-SP e Regi\u00e3o&quot;","block_context":{"text":"Not\u00edcias de Ribeir\u00e3o Preto-SP e Regi\u00e3o","link":"https:\/\/ismaelcolosi.com.br\/index.php\/category\/noticias-de-ribeirao-preto-sp-e-regiao-ismael-colosi\/"},"img":{"alt_text":"","src":"https:\/\/i0.wp.com\/ismaelcolosi.com.br\/wp-content\/uploads\/2024\/06\/AnyConv.com__patio-detran_2024-06-24_14-44-08.webp.webp?fit=1200%2C900&ssl=1&resize=350%2C200","width":350,"height":200,"srcset":"https:\/\/i0.wp.com\/ismaelcolosi.com.br\/wp-content\/uploads\/2024\/06\/AnyConv.com__patio-detran_2024-06-24_14-44-08.webp.webp?fit=1200%2C900&ssl=1&resize=350%2C200 1x, https:\/\/i0.wp.com\/ismaelcolosi.com.br\/wp-content\/uploads\/2024\/06\/AnyConv.com__patio-detran_2024-06-24_14-44-08.webp.webp?fit=1200%2C900&ssl=1&resize=525%2C300 1.5x, https:\/\/i0.wp.com\/ismaelcolosi.com.br\/wp-content\/uploads\/2024\/06\/AnyConv.com__patio-detran_2024-06-24_14-44-08.webp.webp?fit=1200%2C900&ssl=1&resize=700%2C400 2x, https:\/\/i0.wp.com\/ismaelcolosi.com.br\/wp-content\/uploads\/2024\/06\/AnyConv.com__patio-detran_2024-06-24_14-44-08.webp.webp?fit=1200%2C900&ssl=1&resize=1050%2C600 3x"},"classes":[]},{"id":54308,"url":"https:\/\/ismaelcolosi.com.br\/index.php\/2024\/06\/24\/detran-sp-retoma-leiloes-de-veiculos-no-interior-de-sp-veja-como-participar\/","url_meta":{"origin":55820,"position":2},"title":"Detran-SP retoma leil\u00f5es de ve\u00edculos no interior de SP; Veja como participar","author":"ismaelcolosi.com.br","date":"24 de June de 2024","format":false,"excerpt":"O Detran-SP marcou para o dia 23 julho a retomada dos leil\u00f5es de ve\u00edculos no interior de S\u00e3o Paulo, suspensos em 2023. Na primeira leva, com motos e autom\u00f3veis recolhidos na regi\u00e3o de Botucatu, ser\u00e3o ofertadas 418 unidades. A inscri\u00e7\u00e3o para participar deve ser feita at\u00e9 48 horas antes do\u2026","rel":"","context":"In &quot;Not\u00edcias de Ribeir\u00e3o Preto-SP e Regi\u00e3o&quot;","block_context":{"text":"Not\u00edcias de Ribeir\u00e3o Preto-SP e Regi\u00e3o","link":"https:\/\/ismaelcolosi.com.br\/index.php\/category\/noticias-de-ribeirao-preto-sp-e-regiao-ismael-colosi\/"},"img":{"alt_text":"","src":"https:\/\/i0.wp.com\/ismaelcolosi.com.br\/wp-content\/uploads\/2024\/06\/AnyConv.com__patio-detran_2024-06-24_14-44-08.webp.webp?fit=1200%2C900&ssl=1&resize=350%2C200","width":350,"height":200,"srcset":"https:\/\/i0.wp.com\/ismaelcolosi.com.br\/wp-content\/uploads\/2024\/06\/AnyConv.com__patio-detran_2024-06-24_14-44-08.webp.webp?fit=1200%2C900&ssl=1&resize=350%2C200 1x, https:\/\/i0.wp.com\/ismaelcolosi.com.br\/wp-content\/uploads\/2024\/06\/AnyConv.com__patio-detran_2024-06-24_14-44-08.webp.webp?fit=1200%2C900&ssl=1&resize=525%2C300 1.5x, https:\/\/i0.wp.com\/ismaelcolosi.com.br\/wp-content\/uploads\/2024\/06\/AnyConv.com__patio-detran_2024-06-24_14-44-08.webp.webp?fit=1200%2C900&ssl=1&resize=700%2C400 2x, https:\/\/i0.wp.com\/ismaelcolosi.com.br\/wp-content\/uploads\/2024\/06\/AnyConv.com__patio-detran_2024-06-24_14-44-08.webp.webp?fit=1200%2C900&ssl=1&resize=1050%2C600 3x"},"classes":[]},{"id":16010,"url":"https:\/\/ismaelcolosi.com.br\/index.php\/2023\/12\/14\/utm_sourcerssutm_mediumrssutm_campaigndeic-rp-deflagra-operacao-noel-23-contra-quadrilha-que-promovia-falsos-leiloes-do-detran-no-estado-de-sp\/","url_meta":{"origin":55820,"position":3},"title":"DEIC RP deflagra Opera\u00e7\u00e3o Noel 23 contra quadrilha que promovia falsos leil\u00f5es do Detran no estado de SP \u2013 X Tudo Ribeir\u00e3o","author":"ismaelcolosi.com.br","date":"14 de December de 2023","format":false,"excerpt":"A Divis\u00e3o Especial de Investiga\u00e7\u00f5es Criminais (DEIC) de Ribeir\u00e3o Preto deflagrou, na madrugada desta quinta-feira (14), a \u201cOpera\u00e7\u00e3o Noel 23\u201d, contra uma quadrilha que promovia falsos leil\u00f5es, supostamente de ve\u00edculos apreendidos pelo Detran-SP. A opera\u00e7\u00e3o foi realizada nas cidades de Santo Andr\u00e9 e S\u00e3o Bernardo do Campo, na Grande S\u00e3o\u2026","rel":"","context":"In &quot;Not\u00edcias de Ribeir\u00e3o Preto-SP e Regi\u00e3o&quot;","block_context":{"text":"Not\u00edcias de Ribeir\u00e3o Preto-SP e Regi\u00e3o","link":"https:\/\/ismaelcolosi.com.br\/index.php\/category\/noticias-de-ribeirao-preto-sp-e-regiao-ismael-colosi\/"},"img":{"alt_text":"","src":"https:\/\/i0.wp.com\/ismaelcolosi.com.br\/wp-content\/uploads\/2023\/12\/00-14-dez-2023-operacao-noel-23-00-foto-deic-scaled-1.jpg?fit=1000%2C525&ssl=1&resize=350%2C200","width":350,"height":200,"srcset":"https:\/\/i0.wp.com\/ismaelcolosi.com.br\/wp-content\/uploads\/2023\/12\/00-14-dez-2023-operacao-noel-23-00-foto-deic-scaled-1.jpg?fit=1000%2C525&ssl=1&resize=350%2C200 1x, https:\/\/i0.wp.com\/ismaelcolosi.com.br\/wp-content\/uploads\/2023\/12\/00-14-dez-2023-operacao-noel-23-00-foto-deic-scaled-1.jpg?fit=1000%2C525&ssl=1&resize=525%2C300 1.5x, https:\/\/i0.wp.com\/ismaelcolosi.com.br\/wp-content\/uploads\/2023\/12\/00-14-dez-2023-operacao-noel-23-00-foto-deic-scaled-1.jpg?fit=1000%2C525&ssl=1&resize=700%2C400 2x"},"classes":[]},{"id":66784,"url":"https:\/\/ismaelcolosi.com.br\/index.php\/2024\/09\/19\/leiloes-do-detran-sp-tem-mais-de-800-carros-disponiveis-veja-como-participar\/","url_meta":{"origin":55820,"position":4},"title":"Leil\u00f5es do Detran-SP t\u00eam mais de 800 carros dispon\u00edveis; Veja como participar","author":"ismaelcolosi.com.br","date":"19 de September de 2024","format":false,"excerpt":"O Detran de S\u00e3o Paulo realiza tr\u00eas leil\u00f5es de ve\u00edculos durante os pr\u00f3ximos 30 dias. Ao todo, 6.218 lotes apreendidos em quatro cidades do estado ser\u00e3o ofertados. O prazo de inscri\u00e7\u00e3o, para cada leil\u00e3o, se encerra 48 horas antes da abertura para o primeiro lance. Na cidade de Pederneiras, o\u2026","rel":"","context":"In &quot;Not\u00edcias de Ribeir\u00e3o Preto-SP e Regi\u00e3o&quot;","block_context":{"text":"Not\u00edcias de Ribeir\u00e3o Preto-SP e Regi\u00e3o","link":"https:\/\/ismaelcolosi.com.br\/index.php\/category\/noticias-de-ribeirao-preto-sp-e-regiao-ismael-colosi\/"},"img":{"alt_text":"","src":"https:\/\/i0.wp.com\/ismaelcolosi.com.br\/wp-content\/uploads\/2024\/09\/transportation-ownership-concept-customer-salesman-with-car-key_2024-09-19_14-17-26_jpg_2024-09-19_14-17-28-scaled.webp.webp?fit=1200%2C800&ssl=1&resize=350%2C200","width":350,"height":200,"srcset":"https:\/\/i0.wp.com\/ismaelcolosi.com.br\/wp-content\/uploads\/2024\/09\/transportation-ownership-concept-customer-salesman-with-car-key_2024-09-19_14-17-26_jpg_2024-09-19_14-17-28-scaled.webp.webp?fit=1200%2C800&ssl=1&resize=350%2C200 1x, https:\/\/i0.wp.com\/ismaelcolosi.com.br\/wp-content\/uploads\/2024\/09\/transportation-ownership-concept-customer-salesman-with-car-key_2024-09-19_14-17-26_jpg_2024-09-19_14-17-28-scaled.webp.webp?fit=1200%2C800&ssl=1&resize=525%2C300 1.5x, https:\/\/i0.wp.com\/ismaelcolosi.com.br\/wp-content\/uploads\/2024\/09\/transportation-ownership-concept-customer-salesman-with-car-key_2024-09-19_14-17-26_jpg_2024-09-19_14-17-28-scaled.webp.webp?fit=1200%2C800&ssl=1&resize=700%2C400 2x, https:\/\/i0.wp.com\/ismaelcolosi.com.br\/wp-content\/uploads\/2024\/09\/transportation-ownership-concept-customer-salesman-with-car-key_2024-09-19_14-17-26_jpg_2024-09-19_14-17-28-scaled.webp.webp?fit=1200%2C800&ssl=1&resize=1050%2C600 3x"},"classes":[]},{"id":58794,"url":"https:\/\/ismaelcolosi.com.br\/index.php\/2024\/08\/02\/detran-anuncia-novo-leilao-de-veiculos-no-interior-de-sp-veja-como-participar\/","url_meta":{"origin":55820,"position":5},"title":"Detran anuncia novo leil\u00e3o de ve\u00edculos no interior de SP; Veja como participar","author":"ismaelcolosi.com.br","date":"2 de August de 2024","format":false,"excerpt":"O Detran-SP (Departamento Estadual de Tr\u00e2nsito de S\u00e3o Paulo) anunciou nesta sexta-feira (2) um novo leil\u00e3o de ve\u00edculos no interior de S\u00e3o Paulo. O certame vai acontecer no dia 12 de setembro em Bragan\u00e7a Paulista, com 202 lotes, divididos entre tr\u00eas p\u00e1tios autorizados. S\u00e3o 107 ve\u00edculos com condi\u00e7\u00f5es de circula\u00e7\u00e3o,\u2026","rel":"","context":"In &quot;Not\u00edcias de Ribeir\u00e3o Preto-SP e Regi\u00e3o&quot;","block_context":{"text":"Not\u00edcias de Ribeir\u00e3o Preto-SP e Regi\u00e3o","link":"https:\/\/ismaelcolosi.com.br\/index.php\/category\/noticias-de-ribeirao-preto-sp-e-regiao-ismael-colosi\/"},"img":{"alt_text":"","src":"https:\/\/i0.wp.com\/ismaelcolosi.com.br\/wp-content\/uploads\/2024\/06\/AnyConv.com__patio-detran_2024-06-24_14-44-08.webp.webp?fit=1200%2C900&ssl=1&resize=350%2C200","width":350,"height":200,"srcset":"https:\/\/i0.wp.com\/ismaelcolosi.com.br\/wp-content\/uploads\/2024\/06\/AnyConv.com__patio-detran_2024-06-24_14-44-08.webp.webp?fit=1200%2C900&ssl=1&resize=350%2C200 1x, https:\/\/i0.wp.com\/ismaelcolosi.com.br\/wp-content\/uploads\/2024\/06\/AnyConv.com__patio-detran_2024-06-24_14-44-08.webp.webp?fit=1200%2C900&ssl=1&resize=525%2C300 1.5x, https:\/\/i0.wp.com\/ismaelcolosi.com.br\/wp-content\/uploads\/2024\/06\/AnyConv.com__patio-detran_2024-06-24_14-44-08.webp.webp?fit=1200%2C900&ssl=1&resize=700%2C400 2x, https:\/\/i0.wp.com\/ismaelcolosi.com.br\/wp-content\/uploads\/2024\/06\/AnyConv.com__patio-detran_2024-06-24_14-44-08.webp.webp?fit=1200%2C900&ssl=1&resize=1050%2C600 3x"},"classes":[]}],"jetpack_sharing_enabled":true,"jetpack_shortlink":"https:\/\/wp.me\/pfMlyK-ewk","_links":{"self":[{"href":"https:\/\/ismaelcolosi.com.br\/index.php\/wp-json\/wp\/v2\/posts\/55820","targetHints":{"allow":["GET"]}}],"collection":[{"href":"https:\/\/ismaelcolosi.com.br\/index.php\/wp-json\/wp\/v2\/posts"}],"about":[{"href":"https:\/\/ismaelcolosi.com.br\/index.php\/wp-json\/wp\/v2\/types\/post"}],"author":[{"embeddable":true,"href":"https:\/\/ismaelcolosi.com.br\/index.php\/wp-json\/wp\/v2\/users\/1"}],"replies":[{"embeddable":true,"href":"https:\/\/ismaelcolosi.com.br\/index.php\/wp-json\/wp\/v2\/comments?post=55820"}],"version-history":[{"count":0,"href":"https:\/\/ismaelcolosi.com.br\/index.php\/wp-json\/wp\/v2\/posts\/55820\/revisions"}],"wp:featuredmedia":[{"embeddable":true,"href":"https:\/\/ismaelcolosi.com.br\/index.php\/wp-json\/wp\/v2\/media\/54309"}],"wp:attachment":[{"href":"https:\/\/ismaelcolosi.com.br\/index.php\/wp-json\/wp\/v2\/media?parent=55820"}],"wp:term":[{"taxonomy":"category","embeddable":true,"href":"https:\/\/ismaelcolosi.com.br\/index.php\/wp-json\/wp\/v2\/categories?post=55820"},{"taxonomy":"post_tag","embeddable":true,"href":"https:\/\/ismaelcolosi.com.br\/index.php\/wp-json\/wp\/v2\/tags?post=55820"}],"curies":[{"name":"wp","href":"https:\/\/api.w.org\/{rel}","templated":true}]}}