{"id":55806,"date":"2024-07-05T15:57:36","date_gmt":"2024-07-05T18:57:36","guid":{"rendered":"https:\/\/ismaelcolosi.com.br\/index.php\/2024\/07\/05\/camara-aprova-diretrizes-orcamentarias-de-r-49-bilhoes-para-o-proximo-prefeito-de-ribeirao\/"},"modified":"2024-07-05T15:57:36","modified_gmt":"2024-07-05T18:57:36","slug":"camara-aprova-diretrizes-orcamentarias-de-r-49-bilhoes-para-o-proximo-prefeito-de-ribeirao","status":"publish","type":"post","link":"https:\/\/ismaelcolosi.com.br\/index.php\/2024\/07\/05\/camara-aprova-diretrizes-orcamentarias-de-r-49-bilhoes-para-o-proximo-prefeito-de-ribeirao\/","title":{"rendered":"C\u00e2mara aprova diretrizes or\u00e7ament\u00e1rias de R$ 4,9 bilh\u00f5es para o pr\u00f3ximo prefeito de Ribeir\u00e3o"},"content":{"rendered":"<p> <br \/>\n<\/p>\n<div>\n<p>A <strong><a href=\"https:\/\/www.camararibeiraopreto.sp.gov.br\/\" target=\"_blank\" rel=\"noreferrer noopener nofollow\">C\u00e2mara Municipal de Ribeir\u00e3o Preto<\/a><\/strong> aprovou na \u00faltima quinta-feira (4), em primeira discuss\u00e3o, o projeto de <em>LDO (Lei das Diretrizes Or\u00e7ament\u00e1rias) para 2025<\/em>, quando assume o pr\u00f3ximo prefeito de <strong>Ribeir\u00e3o Preto<\/strong>.<\/p>\n<p>Segundo a proposta, <mark style=\"background-color:#fcb900\" class=\"has-inline-color has-black-color\">a LDO prev\u00ea or\u00e7amento de R$ 4.934.477.341,00<\/mark>, o que representa um aumento na estimativa de 1,4% em rela\u00e7\u00e3o ao previsto no ano de 2024 para Administra\u00e7\u00e3o Direta e Indireta.<\/p><div class='code-block code-block-8' style='margin: 8px auto; text-align: center; display: block; clear: both;'>\n<script>\n  atOptions = {\n    'key' : '66e2e2111ca34da796271819fc334058',\n    'format' : 'iframe',\n    'height' : 250,\n    'width' : 300,\n    'params' : {}\n  };\n<\/script>\n<script src=\"https:\/\/www.highperformanceformat.com\/66e2e2111ca34da796271819fc334058\/invoke.js\"><\/script>\n<\/div>\n\n<p>Na proposta, o munic\u00edpio informa que essa proje\u00e7\u00e3o de arrecada\u00e7\u00e3o tem acr\u00e9scimo discreto no crescimento, por conta do cen\u00e1rio dos conflitos mundiais e as perspectivas \u201cincertas\u201d no contexto nacional.<\/p>\n<p>Para valer, a proposta tem que passar por nova vota\u00e7\u00e3o em sess\u00e3o extraordin\u00e1ria, marcada para o dia 11 de julho, \u00e0s 17h. Em seguida, o projeto vai para san\u00e7\u00e3o do prefeito <strong>Duarte Nogueira (PSDB)<\/strong>.<\/p>\n<h4 class=\"wp-block-heading\"><strong>Obras<\/strong><\/h4>\n<p>Al\u00e9m disso, a proposta prev\u00ea R$ 214 milh\u00f5es para obras em Ribeir\u00e3o Preto no ano de 2025, sendo que R$ 60 milh\u00f5es estariam reservados para constru\u00e7\u00e3o do Centro Administrativo.<\/p>\n<h4 class=\"wp-block-heading\"><strong>Emendas<\/strong><\/h4>\n<p>Os vereadores aprovaram 17 emendas, entre elas, uma proposta para cria\u00e7\u00e3o da Secretaria Municipal dos Direitos da Pessoa com Defici\u00eancia e Mobilidade Reduzida.<\/p>\n<h4 class=\"wp-block-heading\"><strong>O que \u00e9 LDO?<\/strong><\/h4>\n<p>A LDO estabelece as regras para elabora\u00e7\u00e3o da Lei Or\u00e7ament\u00e1ria Anual do ano seguinte. A proposta determina o n\u00edvel de equil\u00edbrio das receitas e despesas, tra\u00e7a regras para despesas dos poderes Executivo, Legislativo e Judici\u00e1rio, indica prioridades de financiamento, entre outras.<\/p>\n<p>SAIBA MAIS<br \/>Onda de frio vai atingir o interior de SP; Veja quando e os locais<\/p>\n<h4 class=\"wp-block-heading\"><strong>FIQUE ON<\/strong><\/h4>\n<p>Fique ligado em tudo que acontece em Ribeir\u00e3o Preto e regi\u00e3o. Siga os perfis do<strong> acidade on <\/strong>no <a href=\"https:\/\/www.instagram.com\/acidadeonribeirao\" target=\"_blank\" rel=\"noreferrer noopener nofollow\">Instagram<\/a> e no <a href=\"https:\/\/www.facebook.com\/acidadeonribeirao\/\" target=\"_blank\" rel=\"noreferrer noopener nofollow\">Facebook<\/a>.<\/p>\n<p>Receba not\u00edcias do <strong>acidade on<\/strong> no WhatsApp. <a href=\"https:\/\/chat.whatsapp.com\/CdrZ6xrf7quD44Vw3WlPuZ\" target=\"_blank\" rel=\"noreferrer noopener nofollow\">Para entrar no grupo, basta clicar aqui.<\/a><\/p>\n<p>Fa\u00e7a uma den\u00fancia ou sugira uma reportagem sobre Ribeir\u00e3o Preto e regi\u00e3o pelo WhatsApp: 16 99117 7802.<\/p>\n<p>VEJA TAMB\u00c9M<br \/>Qual o cronograma do Enem dos Concursos?<\/p>\n<p><!-- AI CONTENT END 1 -->\n<\/div>\n<p><script async src=\"\/\/www.instagram.com\/embed.js\"><\/script><br \/>\n<br \/><br \/>\n<br \/><a href=\"https:\/\/www.acidadeon.com\/ribeiraopreto\/politica\/camara-aprova-diretrizes-orcamentarias-r-49-bilhoes-para-o-proximo-prefeito-de-ribeirao\/\">Source link <\/a><\/p>\n<div class='code-block code-block-4' style='margin: 8px auto 8px 0; text-align: left; display: block; clear: both;'>\n\ud83d\udce2 Aviso Legal\n\nO site ismaelcolosi.com.br atua apenas como um canal de divulga\u00e7\u00e3o de oportunidades de emprego e n\u00e3o se responsabiliza pelo processo seletivo, contrata\u00e7\u00e3o ou qualquer outra etapa relacionada \u00e0s vagas publicadas. Todas as informa\u00e7\u00f5es s\u00e3o de responsabilidade dos anunciantes.\n\n\u26a0\ufe0f Aten\u00e7\u00e3o! Nunca pague por promessas de emprego nem compre cursos que garantam contrata\u00e7\u00e3o. Desconfie de qualquer cobran\u00e7a para participar de sele\u00e7\u00f5es.\n\n\n\n<\/div>\n<!-- CONTENT END 1 -->\n","protected":false},"excerpt":{"rendered":"<p>A C\u00e2mara Municipal de Ribeir\u00e3o Preto aprovou na \u00faltima quinta-feira (4), em primeira discuss\u00e3o, o projeto de LDO (Lei das Diretrizes Or\u00e7ament\u00e1rias) para 2025, quando&#8230;<\/p>\n","protected":false},"author":1,"featured_media":55807,"comment_status":"open","ping_status":"open","sticky":false,"template":"","format":"standard","meta":{"_uag_custom_page_level_css":"","advanced_seo_description":"","jetpack_seo_html_title":"","jetpack_seo_noindex":false,"jetpack_post_was_ever_published":false,"_jetpack_newsletter_access":"","_jetpack_dont_email_post_to_subs":false,"_jetpack_newsletter_tier_id":0,"_jetpack_memberships_contains_paywalled_content":false,"_jetpack_memberships_contains_paid_content":false,"footnotes":"","jetpack_publicize_message":"","jetpack_publicize_feature_enabled":true,"jetpack_social_post_already_shared":true,"jetpack_social_options":{"image_generator_settings":{"template":"highway","default_image_id":0,"font":"","enabled":false},"version":2}},"categories":[11],"tags":[],"class_list":["post-55806","post","type-post","status-publish","format-standard","has-post-thumbnail","hentry","category-noticias-de-ribeirao-preto-sp-e-regiao-ismael-colosi"],"jetpack_publicize_connections":[],"jetpack_featured_media_url":"https:\/\/i0.wp.com\/ismaelcolosi.com.br\/wp-content\/uploads\/2024\/07\/camara-de-ribeirao-preto_2024-07-05_18-35-41_jpg_2024-07-05_18-35-42-scaled.webp.webp?fit=2560%2C1707&ssl=1","uagb_featured_image_src":{"full":["https:\/\/i0.wp.com\/ismaelcolosi.com.br\/wp-content\/uploads\/2024\/07\/camara-de-ribeirao-preto_2024-07-05_18-35-41_jpg_2024-07-05_18-35-42-scaled.webp.webp?fit=2560%2C1707&ssl=1",2560,1707,false],"thumbnail":["https:\/\/i0.wp.com\/ismaelcolosi.com.br\/wp-content\/uploads\/2024\/07\/camara-de-ribeirao-preto_2024-07-05_18-35-41_jpg_2024-07-05_18-35-42-scaled.webp.webp?resize=150%2C150&ssl=1",150,150,true],"medium":["https:\/\/i0.wp.com\/ismaelcolosi.com.br\/wp-content\/uploads\/2024\/07\/camara-de-ribeirao-preto_2024-07-05_18-35-41_jpg_2024-07-05_18-35-42-scaled.webp.webp?fit=300%2C200&ssl=1",300,200,true],"medium_large":["https:\/\/i0.wp.com\/ismaelcolosi.com.br\/wp-content\/uploads\/2024\/07\/camara-de-ribeirao-preto_2024-07-05_18-35-41_jpg_2024-07-05_18-35-42-scaled.webp.webp?fit=768%2C512&ssl=1",768,512,true],"large":["https:\/\/i0.wp.com\/ismaelcolosi.com.br\/wp-content\/uploads\/2024\/07\/camara-de-ribeirao-preto_2024-07-05_18-35-41_jpg_2024-07-05_18-35-42-scaled.webp.webp?fit=1024%2C683&ssl=1",1024,683,true],"1536x1536":["https:\/\/i0.wp.com\/ismaelcolosi.com.br\/wp-content\/uploads\/2024\/07\/camara-de-ribeirao-preto_2024-07-05_18-35-41_jpg_2024-07-05_18-35-42-scaled.webp.webp?fit=1536%2C1024&ssl=1",1536,1024,true],"2048x2048":["https:\/\/i0.wp.com\/ismaelcolosi.com.br\/wp-content\/uploads\/2024\/07\/camara-de-ribeirao-preto_2024-07-05_18-35-41_jpg_2024-07-05_18-35-42-scaled.webp.webp?fit=2048%2C1366&ssl=1",2048,1366,true],"really-simple-thumb":["https:\/\/i0.wp.com\/ismaelcolosi.com.br\/wp-content\/uploads\/2024\/07\/camara-de-ribeirao-preto_2024-07-05_18-35-41_jpg_2024-07-05_18-35-42-scaled.webp.webp?resize=370%2C247&ssl=1",370,247,true]},"uagb_author_info":{"display_name":"ismaelcolosi.com.br","author_link":"https:\/\/ismaelcolosi.com.br\/index.php\/author\/vidareal-online\/"},"uagb_comment_info":0,"uagb_excerpt":"A C\u00e2mara Municipal de Ribeir\u00e3o Preto aprovou na \u00faltima quinta-feira (4), em primeira discuss\u00e3o, o projeto de LDO (Lei das Diretrizes Or\u00e7ament\u00e1rias) para 2025, quando...","jetpack-related-posts":[{"id":45089,"url":"https:\/\/ismaelcolosi.com.br\/index.php\/2024\/04\/02\/nova-ldo-beira-os-r-5-bilhoes\/","url_meta":{"origin":55806,"position":0},"title":"Nova LDO beira os R$ 5 bilh\u00f5es\u00a0","author":"ismaelcolosi.com.br","date":"2 de April de 2024","format":false,"excerpt":"A Lei de Diretrizes Or\u00e7ament\u00e1rias (LDO) de 2025 tem previs\u00e3o de receita recorde. Segundo dados da Secretaria Municipal da Fazenda, o valor estimado para o ano que vem \u00e9 de quase R$ 5 bilh\u00f5es. S\u00e3o R$ 4.934.477.341, contra R$ 4.866.898.000 de 2024, acr\u00e9scimo de R$ 67.579.341 e crescimento de 1,39%.\u2026","rel":"","context":"In &quot;Not\u00edcias de Ribeir\u00e3o Preto-SP e Regi\u00e3o&quot;","block_context":{"text":"Not\u00edcias de Ribeir\u00e3o Preto-SP e Regi\u00e3o","link":"https:\/\/ismaelcolosi.com.br\/index.php\/category\/noticias-de-ribeirao-preto-sp-e-regiao-ismael-colosi\/"},"img":{"alt_text":"","src":"https:\/\/i0.wp.com\/ismaelcolosi.com.br\/wp-content\/uploads\/2024\/04\/PlanoLDO-Alexandre-de-Azevedo.jpg?fit=800%2C449&ssl=1&resize=350%2C200","width":350,"height":200,"srcset":"https:\/\/i0.wp.com\/ismaelcolosi.com.br\/wp-content\/uploads\/2024\/04\/PlanoLDO-Alexandre-de-Azevedo.jpg?fit=800%2C449&ssl=1&resize=350%2C200 1x, https:\/\/i0.wp.com\/ismaelcolosi.com.br\/wp-content\/uploads\/2024\/04\/PlanoLDO-Alexandre-de-Azevedo.jpg?fit=800%2C449&ssl=1&resize=525%2C300 1.5x, https:\/\/i0.wp.com\/ismaelcolosi.com.br\/wp-content\/uploads\/2024\/04\/PlanoLDO-Alexandre-de-Azevedo.jpg?fit=800%2C449&ssl=1&resize=700%2C400 2x"},"classes":[]},{"id":45411,"url":"https:\/\/ismaelcolosi.com.br\/index.php\/2024\/04\/04\/instrumentos-de-planejamento-da-gestao-publica\/","url_meta":{"origin":55806,"position":1},"title":"Instrumentos de planejamento da gest\u00e3o p\u00fablica\u00a0","author":"ismaelcolosi.com.br","date":"4 de April de 2024","format":false,"excerpt":"4 de abril de 2024 | 9:484 de abril de 2024 | 9:48 0 Duarte Nogueira *\u202f[email\u00a0protected]\u202f Realizamos na \u00faltima ter\u00e7a-feira, dia 2 de abril, audi\u00eancia p\u00fablica para debater a Lei de Diretrizes Or\u00e7ament\u00e1rias (LDO) de 2025. O debate ocorreu de forma presencial e online, com transmiss\u00e3o ao vivo pelos\u2026","rel":"","context":"In &quot;Not\u00edcias de Ribeir\u00e3o Preto-SP e Regi\u00e3o&quot;","block_context":{"text":"Not\u00edcias de Ribeir\u00e3o Preto-SP e Regi\u00e3o","link":"https:\/\/ismaelcolosi.com.br\/index.php\/category\/noticias-de-ribeirao-preto-sp-e-regiao-ismael-colosi\/"},"img":{"alt_text":"","src":"https:\/\/i0.wp.com\/ismaelcolosi.com.br\/wp-content\/uploads\/2024\/04\/nogueira-atual.jpg?fit=800%2C500&ssl=1&resize=350%2C200","width":350,"height":200,"srcset":"https:\/\/i0.wp.com\/ismaelcolosi.com.br\/wp-content\/uploads\/2024\/04\/nogueira-atual.jpg?fit=800%2C500&ssl=1&resize=350%2C200 1x, https:\/\/i0.wp.com\/ismaelcolosi.com.br\/wp-content\/uploads\/2024\/04\/nogueira-atual.jpg?fit=800%2C500&ssl=1&resize=525%2C300 1.5x, https:\/\/i0.wp.com\/ismaelcolosi.com.br\/wp-content\/uploads\/2024\/04\/nogueira-atual.jpg?fit=800%2C500&ssl=1&resize=700%2C400 2x"},"classes":[]},{"id":44815,"url":"https:\/\/ismaelcolosi.com.br\/index.php\/2024\/03\/31\/orcamento-de-2025-de-ribeirao-preto-preve-parque-prometido-ha-15-anos-entenda\/","url_meta":{"origin":55806,"position":2},"title":"Or\u00e7amento de 2025 de Ribeir\u00e3o Preto prev\u00ea parque prometido h\u00e1 15 anos; Entenda","author":"ismaelcolosi.com.br","date":"31 de March de 2024","format":false,"excerpt":"A LDO (Lei de Diretrizes Or\u00e7ament\u00e1rias) de Ribeir\u00e3o Preto para o ano de 2025 prev\u00ea a reforma e restaura\u00e7\u00e3o do Parque Rubem Cione, prometido h\u00e1 15 anos. Essa \u00e9 uma das propostas que ser\u00e3o discutidas em audi\u00eancia p\u00fablica, que acontece na prefeitura, na pr\u00f3xima ter\u00e7a-feira (2), a partir das 10h.\u2026","rel":"","context":"In &quot;Not\u00edcias de Ribeir\u00e3o Preto-SP e Regi\u00e3o&quot;","block_context":{"text":"Not\u00edcias de Ribeir\u00e3o Preto-SP e Regi\u00e3o","link":"https:\/\/ismaelcolosi.com.br\/index.php\/category\/noticias-de-ribeirao-preto-sp-e-regiao-ismael-colosi\/"},"img":{"alt_text":"","src":"https:\/\/i0.wp.com\/ismaelcolosi.com.br\/wp-content\/uploads\/2024\/03\/WhatsApp-Image-2024-03-31-at-09.03.50.jpeg?fit=1200%2C660&ssl=1&resize=350%2C200","width":350,"height":200,"srcset":"https:\/\/i0.wp.com\/ismaelcolosi.com.br\/wp-content\/uploads\/2024\/03\/WhatsApp-Image-2024-03-31-at-09.03.50.jpeg?fit=1200%2C660&ssl=1&resize=350%2C200 1x, https:\/\/i0.wp.com\/ismaelcolosi.com.br\/wp-content\/uploads\/2024\/03\/WhatsApp-Image-2024-03-31-at-09.03.50.jpeg?fit=1200%2C660&ssl=1&resize=525%2C300 1.5x, https:\/\/i0.wp.com\/ismaelcolosi.com.br\/wp-content\/uploads\/2024\/03\/WhatsApp-Image-2024-03-31-at-09.03.50.jpeg?fit=1200%2C660&ssl=1&resize=700%2C400 2x, https:\/\/i0.wp.com\/ismaelcolosi.com.br\/wp-content\/uploads\/2024\/03\/WhatsApp-Image-2024-03-31-at-09.03.50.jpeg?fit=1200%2C660&ssl=1&resize=1050%2C600 3x"},"classes":[]},{"id":77880,"url":"https:\/\/ismaelcolosi.com.br\/index.php\/2024\/11\/29\/camara-aprova-novas-diretrizes-para-o-distrito-empresarial\/","url_meta":{"origin":55806,"position":3},"title":"C\u00e2mara aprova novas diretrizes para o Distrito Empresarial","author":"ismaelcolosi.com.br","date":"29 de November de 2024","format":false,"excerpt":"Os vereadores de Ribeir\u00e3o Preto, aprovaram em primeira discuss\u00e3o, na sess\u00e3o de quinta-feira, 28 de novembro, o projeto de lei complementar 40, de autoria do Executivo que concede incentivo para quem se instalar no Distrito Empresarial, localizado ao lado do Anel Vi\u00e1rio Norte, pr\u00f3ximo \u00e0 Rodovia Anhanguera. A proposta foi\u2026","rel":"","context":"In &quot;Not\u00edcias de Ribeir\u00e3o Preto-SP e Regi\u00e3o&quot;","block_context":{"text":"Not\u00edcias de Ribeir\u00e3o Preto-SP e Regi\u00e3o","link":"https:\/\/ismaelcolosi.com.br\/index.php\/category\/noticias-de-ribeirao-preto-sp-e-regiao-ismael-colosi\/"},"img":{"alt_text":"","src":"https:\/\/i0.wp.com\/ismaelcolosi.com.br\/wp-content\/uploads\/2024\/11\/Distrito-Pimenta.jpg?fit=653%2C420&ssl=1&resize=350%2C200","width":350,"height":200,"srcset":"https:\/\/i0.wp.com\/ismaelcolosi.com.br\/wp-content\/uploads\/2024\/11\/Distrito-Pimenta.jpg?fit=653%2C420&ssl=1&resize=350%2C200 1x, https:\/\/i0.wp.com\/ismaelcolosi.com.br\/wp-content\/uploads\/2024\/11\/Distrito-Pimenta.jpg?fit=653%2C420&ssl=1&resize=525%2C300 1.5x"},"classes":[]},{"id":16864,"url":"https:\/\/ismaelcolosi.com.br\/index.php\/2023\/12\/16\/assembleia-aprova-orcamento-de-sp\/","url_meta":{"origin":55806,"position":4},"title":"Assembleia aprova or\u00e7amento de SP\u00a0","author":"ismaelcolosi.com.br","date":"16 de December de 2023","format":false,"excerpt":"A Assembleia Legislativa de S\u00e3o Paulo aprovou, nesta quinta-feira, 14 de dezembro, a proposta or\u00e7ament\u00e1ria estadual para 2024. A arrecada\u00e7\u00e3o estimada \u00e9 de pouco mais de R$ 328 bilh\u00f5es (R$ 328.063.237.237,00). A previs\u00e3o \u00e9 a maior da hist\u00f3ria, com um aumento de 3,3% em rela\u00e7\u00e3o \u00e0 do ano corrente.Al\u00e9m de\u2026","rel":"","context":"In &quot;Not\u00edcias de Ribeir\u00e3o Preto-SP e Regi\u00e3o&quot;","block_context":{"text":"Not\u00edcias de Ribeir\u00e3o Preto-SP e Regi\u00e3o","link":"https:\/\/ismaelcolosi.com.br\/index.php\/category\/noticias-de-ribeirao-preto-sp-e-regiao-ismael-colosi\/"},"img":{"alt_text":"","src":"https:\/\/i0.wp.com\/ismaelcolosi.com.br\/wp-content\/uploads\/2023\/12\/OrcaSP-Rodrigo-Costa-e-Rodrigo-Romeo.jpg?fit=800%2C533&ssl=1&resize=350%2C200","width":350,"height":200,"srcset":"https:\/\/i0.wp.com\/ismaelcolosi.com.br\/wp-content\/uploads\/2023\/12\/OrcaSP-Rodrigo-Costa-e-Rodrigo-Romeo.jpg?fit=800%2C533&ssl=1&resize=350%2C200 1x, https:\/\/i0.wp.com\/ismaelcolosi.com.br\/wp-content\/uploads\/2023\/12\/OrcaSP-Rodrigo-Costa-e-Rodrigo-Romeo.jpg?fit=800%2C533&ssl=1&resize=525%2C300 1.5x, https:\/\/i0.wp.com\/ismaelcolosi.com.br\/wp-content\/uploads\/2023\/12\/OrcaSP-Rodrigo-Costa-e-Rodrigo-Romeo.jpg?fit=800%2C533&ssl=1&resize=700%2C400 2x"},"classes":[]},{"id":74999,"url":"https:\/\/ismaelcolosi.com.br\/index.php\/2024\/11\/04\/emenda-retira-centro-administrativo-do-orcamento-do-ano-que-vem\/","url_meta":{"origin":55806,"position":5},"title":"Emenda retira Centro Administrativo do Or\u00e7amento do ano que vem","author":"ismaelcolosi.com.br","date":"4 de November de 2024","format":false,"excerpt":"Uma emenda supressiva inclusa no projeto da Lei Or\u00e7ament\u00e1ria Anual (LOA) para 2025, em an\u00e1lise pela C\u00e2mara de Vereadores de Ribeir\u00e3o Preto, prop\u00f5e a elimina\u00e7\u00e3o da proposta de tudo o que diz respeito \u2013 inclusive recursos -, reservados pela atual administra\u00e7\u00e3o municipal para o in\u00edcio das obras do Centro Administrativo.\u2026","rel":"","context":"In &quot;Not\u00edcias de Ribeir\u00e3o Preto-SP e Regi\u00e3o&quot;","block_context":{"text":"Not\u00edcias de Ribeir\u00e3o Preto-SP e Regi\u00e3o","link":"https:\/\/ismaelcolosi.com.br\/index.php\/category\/noticias-de-ribeirao-preto-sp-e-regiao-ismael-colosi\/"},"img":{"alt_text":"","src":"https:\/\/i0.wp.com\/ismaelcolosi.com.br\/wp-content\/uploads\/2024\/11\/CentroRP-Detalhe-Divulgacao-2-scaled.jpg?fit=800%2C467&ssl=1&resize=350%2C200","width":350,"height":200,"srcset":"https:\/\/i0.wp.com\/ismaelcolosi.com.br\/wp-content\/uploads\/2024\/11\/CentroRP-Detalhe-Divulgacao-2-scaled.jpg?fit=800%2C467&ssl=1&resize=350%2C200 1x, https:\/\/i0.wp.com\/ismaelcolosi.com.br\/wp-content\/uploads\/2024\/11\/CentroRP-Detalhe-Divulgacao-2-scaled.jpg?fit=800%2C467&ssl=1&resize=525%2C300 1.5x, https:\/\/i0.wp.com\/ismaelcolosi.com.br\/wp-content\/uploads\/2024\/11\/CentroRP-Detalhe-Divulgacao-2-scaled.jpg?fit=800%2C467&ssl=1&resize=700%2C400 2x"},"classes":[]}],"jetpack_sharing_enabled":true,"jetpack_shortlink":"https:\/\/wp.me\/pfMlyK-ew6","_links":{"self":[{"href":"https:\/\/ismaelcolosi.com.br\/index.php\/wp-json\/wp\/v2\/posts\/55806","targetHints":{"allow":["GET"]}}],"collection":[{"href":"https:\/\/ismaelcolosi.com.br\/index.php\/wp-json\/wp\/v2\/posts"}],"about":[{"href":"https:\/\/ismaelcolosi.com.br\/index.php\/wp-json\/wp\/v2\/types\/post"}],"author":[{"embeddable":true,"href":"https:\/\/ismaelcolosi.com.br\/index.php\/wp-json\/wp\/v2\/users\/1"}],"replies":[{"embeddable":true,"href":"https:\/\/ismaelcolosi.com.br\/index.php\/wp-json\/wp\/v2\/comments?post=55806"}],"version-history":[{"count":0,"href":"https:\/\/ismaelcolosi.com.br\/index.php\/wp-json\/wp\/v2\/posts\/55806\/revisions"}],"wp:featuredmedia":[{"embeddable":true,"href":"https:\/\/ismaelcolosi.com.br\/index.php\/wp-json\/wp\/v2\/media\/55807"}],"wp:attachment":[{"href":"https:\/\/ismaelcolosi.com.br\/index.php\/wp-json\/wp\/v2\/media?parent=55806"}],"wp:term":[{"taxonomy":"category","embeddable":true,"href":"https:\/\/ismaelcolosi.com.br\/index.php\/wp-json\/wp\/v2\/categories?post=55806"},{"taxonomy":"post_tag","embeddable":true,"href":"https:\/\/ismaelcolosi.com.br\/index.php\/wp-json\/wp\/v2\/tags?post=55806"}],"curies":[{"name":"wp","href":"https:\/\/api.w.org\/{rel}","templated":true}]}}