{"id":55800,"date":"2024-07-05T15:31:25","date_gmt":"2024-07-05T18:31:25","guid":{"rendered":"https:\/\/ismaelcolosi.com.br\/index.php\/2024\/07\/05\/receita-federal-apreende-r-600-mil-em-vinhos-celulares-e-perfumes-em-ribeirao-preto\/"},"modified":"2024-07-05T15:31:25","modified_gmt":"2024-07-05T18:31:25","slug":"receita-federal-apreende-r-600-mil-em-vinhos-celulares-e-perfumes-em-ribeirao-preto","status":"publish","type":"post","link":"https:\/\/ismaelcolosi.com.br\/index.php\/2024\/07\/05\/receita-federal-apreende-r-600-mil-em-vinhos-celulares-e-perfumes-em-ribeirao-preto\/","title":{"rendered":"Receita Federal apreende R$ 600 mil em vinhos, celulares e perfumes em Ribeir\u00e3o Preto"},"content":{"rendered":"<p> <br \/>\n<\/p>\n<div data-td-block-uid=\"tdi_106\">\n<div class=\"tdb-block-inner td-fix-index\">\n<p>Uma opera\u00e7\u00e3o conjunta da<strong> Receita Federal<\/strong> e dos <strong>Correios <\/strong>apreendeu cerca de <strong>R$ 600 mil<\/strong> em celulares, vinhos, tablets, produtos de inform\u00e1tica, videogames e perfumes importados no <strong>centro de distribui\u00e7\u00e3o dos Correios de Ribeir\u00e3o Preto<\/strong>, na noite desta quinta-feira (4).<\/p>\n<p>Conforme o comunicado do \u00f3rg\u00e3o, os produtos \u201centraram de forma ilegal no pa\u00eds, sem o recolhimento dos tributos e sem o controle dos \u00f3rg\u00e3os fiscalizadores\u201d. <strong><mark style=\"background-color:#fcb900\" class=\"has-inline-color\">No total, foram retidas mais de 120 encomendas.<\/mark><\/strong><\/p><div class='code-block code-block-8' style='margin: 8px auto; text-align: center; display: block; clear: both;'>\n<script>\n  atOptions = {\n    'key' : '66e2e2111ca34da796271819fc334058',\n    'format' : 'iframe',\n    'height' : 250,\n    'width' : 300,\n    'params' : {}\n  };\n<\/script>\n<script src=\"https:\/\/www.highperformanceformat.com\/66e2e2111ca34da796271819fc334058\/invoke.js\"><\/script>\n<\/div>\n\n<p>Os agentes tamb\u00e9m encontraram cigarros eletr\u00f4nicos, anabolizantes e medicamentos de uso humano e veterin\u00e1rio que n\u00e3o s\u00e3o permitidos sem prescri\u00e7\u00e3o m\u00e9dica.<\/p>\n<p>Al\u00e9m disso, uma equipe <strong>K9<\/strong>, de <strong>c\u00e3es de Faro da Receita Federal<\/strong>, encontrou \u201cum pacote prensado com fortes ind\u00edcios de subst\u00e2ncia an\u00e1loga a Cannabis, popularmente conhecida como maconha\u201d.<\/p>\n<p>As mercadorias foram retidas em<strong> car\u00e1ter provis\u00f3rio<\/strong>, portanto, caso os vendedores <strong>comprovem a regularidade dos produtos<\/strong>, elas poder\u00e3o ser devolvidas.<\/p>\n<hr class=\"wp-block-separator has-alpha-channel-opacity\"\/>\n<p>SAIBA MAIS<\/p>\n<p>Seis anos depois, saiba onde est\u00e1 o disco voador de Sert\u00e3ozinho<\/p>\n<h4 class=\"wp-block-heading\"><strong>FIQUE ON<\/strong><\/h4>\n<p>Fique ligado em tudo que acontece em Ribeir\u00e3o Preto e regi\u00e3o. Siga os perfis do\u00a0<strong>acidade on<\/strong>\u00a0no<a href=\"https:\/\/www.instagram.com\/acidadeonribeirao\" target=\"_blank\" rel=\"noreferrer noopener\">\u00a0Instagram<\/a>\u00a0e no\u00a0<a href=\"https:\/\/www.facebook.com\/acidadeonribeirao\/\" target=\"_blank\" rel=\"noreferrer noopener\">Facebook<\/a>.<\/p>\n<p>Receba not\u00edcias do\u00a0<strong>acidade on\u00a0<\/strong>no WhatsApp.\u00a0<a href=\"https:\/\/chat.whatsapp.com\/CdrZ6xrf7quD44Vw3WlPuZ\" target=\"_blank\" rel=\"noreferrer noopener\">Para entrar no grupo, basta clicar aqui.<\/a><\/p>\n<p>Fa\u00e7a uma den\u00fancia ou sugira uma reportagem sobre Ribeir\u00e3o Preto e regi\u00e3o pelo WhatsApp: 16 99117 7802.<\/p>\n<p>VEJA TAMB\u00c9M<\/p>\n<p>Com quem Mirna termina em Alma G\u00eamea?<\/p>\n<p><!-- AI CONTENT END 1 -->\n<\/div>\n<\/div>\n<p><script async src=\"\/\/www.instagram.com\/embed.js\"><\/script><br \/>\n<br \/><br \/>\n<br \/><a href=\"https:\/\/www.acidadeon.com\/ribeiraopreto\/cotidiano\/receita-federal-apreende-r-600-mil-em-vinhos-celulares-e-perfumes-em-ribeirao-preto\/\">Source link <\/a><\/p>\n<div class='code-block code-block-4' style='margin: 8px auto 8px 0; text-align: left; display: block; clear: both;'>\n\ud83d\udce2 Aviso Legal\n\nO site ismaelcolosi.com.br atua apenas como um canal de divulga\u00e7\u00e3o de oportunidades de emprego e n\u00e3o se responsabiliza pelo processo seletivo, contrata\u00e7\u00e3o ou qualquer outra etapa relacionada \u00e0s vagas publicadas. Todas as informa\u00e7\u00f5es s\u00e3o de responsabilidade dos anunciantes.\n\n\u26a0\ufe0f Aten\u00e7\u00e3o! Nunca pague por promessas de emprego nem compre cursos que garantam contrata\u00e7\u00e3o. Desconfie de qualquer cobran\u00e7a para participar de sele\u00e7\u00f5es.\n\n\n\n<\/div>\n<!-- CONTENT END 1 -->\n","protected":false},"excerpt":{"rendered":"<p>Uma opera\u00e7\u00e3o conjunta da Receita Federal e dos Correios apreendeu cerca de R$ 600 mil em celulares, vinhos, tablets, produtos de inform\u00e1tica, videogames e perfumes&#8230;<\/p>\n","protected":false},"author":1,"featured_media":55801,"comment_status":"open","ping_status":"open","sticky":false,"template":"","format":"standard","meta":{"_uag_custom_page_level_css":"","advanced_seo_description":"","jetpack_seo_html_title":"","jetpack_seo_noindex":false,"jetpack_post_was_ever_published":false,"_jetpack_newsletter_access":"","_jetpack_dont_email_post_to_subs":false,"_jetpack_newsletter_tier_id":0,"_jetpack_memberships_contains_paywalled_content":false,"_jetpack_memberships_contains_paid_content":false,"footnotes":"","jetpack_publicize_message":"","jetpack_publicize_feature_enabled":true,"jetpack_social_post_already_shared":true,"jetpack_social_options":{"image_generator_settings":{"template":"highway","default_image_id":0,"font":"","enabled":false},"version":2}},"categories":[11],"tags":[],"class_list":["post-55800","post","type-post","status-publish","format-standard","has-post-thumbnail","hentry","category-noticias-de-ribeirao-preto-sp-e-regiao-ismael-colosi"],"jetpack_publicize_connections":[],"jetpack_featured_media_url":"https:\/\/i0.wp.com\/ismaelcolosi.com.br\/wp-content\/uploads\/2024\/07\/Copia-de-Copia-de-TAMANHO-EXATO-PARA-FOTOS-NO-SISTEMA-NOVO-99_2024-07-05_17-57-11_png_2024-07-05_17-57-12.webp.webp?fit=1200%2C675&ssl=1","uagb_featured_image_src":{"full":["https:\/\/i0.wp.com\/ismaelcolosi.com.br\/wp-content\/uploads\/2024\/07\/Copia-de-Copia-de-TAMANHO-EXATO-PARA-FOTOS-NO-SISTEMA-NOVO-99_2024-07-05_17-57-11_png_2024-07-05_17-57-12.webp.webp?fit=1200%2C675&ssl=1",1200,675,false],"thumbnail":["https:\/\/i0.wp.com\/ismaelcolosi.com.br\/wp-content\/uploads\/2024\/07\/Copia-de-Copia-de-TAMANHO-EXATO-PARA-FOTOS-NO-SISTEMA-NOVO-99_2024-07-05_17-57-11_png_2024-07-05_17-57-12.webp.webp?resize=150%2C150&ssl=1",150,150,true],"medium":["https:\/\/i0.wp.com\/ismaelcolosi.com.br\/wp-content\/uploads\/2024\/07\/Copia-de-Copia-de-TAMANHO-EXATO-PARA-FOTOS-NO-SISTEMA-NOVO-99_2024-07-05_17-57-11_png_2024-07-05_17-57-12.webp.webp?fit=300%2C169&ssl=1",300,169,true],"medium_large":["https:\/\/i0.wp.com\/ismaelcolosi.com.br\/wp-content\/uploads\/2024\/07\/Copia-de-Copia-de-TAMANHO-EXATO-PARA-FOTOS-NO-SISTEMA-NOVO-99_2024-07-05_17-57-11_png_2024-07-05_17-57-12.webp.webp?fit=768%2C432&ssl=1",768,432,true],"large":["https:\/\/i0.wp.com\/ismaelcolosi.com.br\/wp-content\/uploads\/2024\/07\/Copia-de-Copia-de-TAMANHO-EXATO-PARA-FOTOS-NO-SISTEMA-NOVO-99_2024-07-05_17-57-11_png_2024-07-05_17-57-12.webp.webp?fit=1024%2C576&ssl=1",1024,576,true],"1536x1536":["https:\/\/i0.wp.com\/ismaelcolosi.com.br\/wp-content\/uploads\/2024\/07\/Copia-de-Copia-de-TAMANHO-EXATO-PARA-FOTOS-NO-SISTEMA-NOVO-99_2024-07-05_17-57-11_png_2024-07-05_17-57-12.webp.webp?fit=1200%2C675&ssl=1",1200,675,true],"2048x2048":["https:\/\/i0.wp.com\/ismaelcolosi.com.br\/wp-content\/uploads\/2024\/07\/Copia-de-Copia-de-TAMANHO-EXATO-PARA-FOTOS-NO-SISTEMA-NOVO-99_2024-07-05_17-57-11_png_2024-07-05_17-57-12.webp.webp?fit=1200%2C675&ssl=1",1200,675,true],"really-simple-thumb":["https:\/\/i0.wp.com\/ismaelcolosi.com.br\/wp-content\/uploads\/2024\/07\/Copia-de-Copia-de-TAMANHO-EXATO-PARA-FOTOS-NO-SISTEMA-NOVO-99_2024-07-05_17-57-11_png_2024-07-05_17-57-12.webp.webp?resize=370%2C247&ssl=1",370,247,true]},"uagb_author_info":{"display_name":"ismaelcolosi.com.br","author_link":"https:\/\/ismaelcolosi.com.br\/index.php\/author\/vidareal-online\/"},"uagb_comment_info":0,"uagb_excerpt":"Uma opera\u00e7\u00e3o conjunta da Receita Federal e dos Correios apreendeu cerca de R$ 600 mil em celulares, vinhos, tablets, produtos de inform\u00e1tica, videogames e perfumes...","jetpack-related-posts":[{"id":66569,"url":"https:\/\/ismaelcolosi.com.br\/index.php\/2024\/09\/18\/mais-de-r-300-mil-foram-apreendidos-em-loja-de-celulares-em-ribeirao-preto\/","url_meta":{"origin":55800,"position":0},"title":"Mais de R$ 300 mil foram apreendidos em loja de celulares em Ribeir\u00e3o Preto","author":"ismaelcolosi.com.br","date":"18 de September de 2024","format":false,"excerpt":"A equipe de Vigil\u00e2ncia e Repress\u00e3o da Receita Federal realizou, na \u00faltima ter\u00e7a-feira (17), uma opera\u00e7\u00e3o de combate ao contrabando e descaminho em Ribeir\u00e3o Preto e apreendeu mais de R$ 300 mil em produtos em uma loja de celulares, tablets e computadores. De acordo com a Receita Federal, foram apreendidos\u2026","rel":"","context":"In &quot;Not\u00edcias de Ribeir\u00e3o Preto-SP e Regi\u00e3o&quot;","block_context":{"text":"Not\u00edcias de Ribeir\u00e3o Preto-SP e Regi\u00e3o","link":"https:\/\/ismaelcolosi.com.br\/index.php\/category\/noticias-de-ribeirao-preto-sp-e-regiao-ismael-colosi\/"},"img":{"alt_text":"","src":"https:\/\/i0.wp.com\/ismaelcolosi.com.br\/wp-content\/uploads\/2024\/09\/celular_2024-09-18_13-05-23_jpg_2024-09-18_13-05-23.webp.webp?fit=1200%2C900&ssl=1&resize=350%2C200","width":350,"height":200,"srcset":"https:\/\/i0.wp.com\/ismaelcolosi.com.br\/wp-content\/uploads\/2024\/09\/celular_2024-09-18_13-05-23_jpg_2024-09-18_13-05-23.webp.webp?fit=1200%2C900&ssl=1&resize=350%2C200 1x, https:\/\/i0.wp.com\/ismaelcolosi.com.br\/wp-content\/uploads\/2024\/09\/celular_2024-09-18_13-05-23_jpg_2024-09-18_13-05-23.webp.webp?fit=1200%2C900&ssl=1&resize=525%2C300 1.5x, https:\/\/i0.wp.com\/ismaelcolosi.com.br\/wp-content\/uploads\/2024\/09\/celular_2024-09-18_13-05-23_jpg_2024-09-18_13-05-23.webp.webp?fit=1200%2C900&ssl=1&resize=700%2C400 2x, https:\/\/i0.wp.com\/ismaelcolosi.com.br\/wp-content\/uploads\/2024\/09\/celular_2024-09-18_13-05-23_jpg_2024-09-18_13-05-23.webp.webp?fit=1200%2C900&ssl=1&resize=1050%2C600 3x"},"classes":[]},{"id":63466,"url":"https:\/\/ismaelcolosi.com.br\/index.php\/2024\/09\/02\/bebidas-importadas-anabolizantes-e-ipads-sao-apreendidos-em-ribeirao-preto\/","url_meta":{"origin":55800,"position":1},"title":"Bebidas importadas, anabolizantes e iPads s\u00e3o apreendidos em Ribeir\u00e3o Preto","author":"ismaelcolosi.com.br","date":"2 de September de 2024","format":false,"excerpt":"A Receita Federal apreendeu R$ 400 mil em mercadorias entre bebidas importadas, anabolizantes e iPads em uma opera\u00e7\u00e3o no Centro de Tratamento de Cartas e Encomendas dos Correios de Ribeir\u00e3o Preto, na \u00faltima sexta-feira (30). De acordo com a Receita Federal, os anabolizantes apreendidos n\u00e3o tinham autoriza\u00e7\u00e3o da Anvisa (Ag\u00eancia\u2026","rel":"","context":"In &quot;Not\u00edcias de Ribeir\u00e3o Preto-SP e Regi\u00e3o&quot;","block_context":{"text":"Not\u00edcias de Ribeir\u00e3o Preto-SP e Regi\u00e3o","link":"https:\/\/ismaelcolosi.com.br\/index.php\/category\/noticias-de-ribeirao-preto-sp-e-regiao-ismael-colosi\/"},"img":{"alt_text":"","src":"https:\/\/i0.wp.com\/ismaelcolosi.com.br\/wp-content\/uploads\/2024\/09\/receita-federal_2024-09-02_15-58-53_jpeg_2024-09-02_15-58-54.webp.webp?fit=1200%2C900&ssl=1&resize=350%2C200","width":350,"height":200,"srcset":"https:\/\/i0.wp.com\/ismaelcolosi.com.br\/wp-content\/uploads\/2024\/09\/receita-federal_2024-09-02_15-58-53_jpeg_2024-09-02_15-58-54.webp.webp?fit=1200%2C900&ssl=1&resize=350%2C200 1x, https:\/\/i0.wp.com\/ismaelcolosi.com.br\/wp-content\/uploads\/2024\/09\/receita-federal_2024-09-02_15-58-53_jpeg_2024-09-02_15-58-54.webp.webp?fit=1200%2C900&ssl=1&resize=525%2C300 1.5x, https:\/\/i0.wp.com\/ismaelcolosi.com.br\/wp-content\/uploads\/2024\/09\/receita-federal_2024-09-02_15-58-53_jpeg_2024-09-02_15-58-54.webp.webp?fit=1200%2C900&ssl=1&resize=700%2C400 2x, https:\/\/i0.wp.com\/ismaelcolosi.com.br\/wp-content\/uploads\/2024\/09\/receita-federal_2024-09-02_15-58-53_jpeg_2024-09-02_15-58-54.webp.webp?fit=1200%2C900&ssl=1&resize=1050%2C600 3x"},"classes":[]},{"id":71476,"url":"https:\/\/ismaelcolosi.com.br\/index.php\/2024\/10\/16\/receita-federal-apreende-r-300-mil-em-smartphones-em-ribeirao-preto\/","url_meta":{"origin":55800,"position":2},"title":"Receita Federal apreende R$ 300 mil em smartphones em Ribeir\u00e3o Preto","author":"ismaelcolosi.com.br","date":"16 de October de 2024","format":false,"excerpt":"A Receita Federal informou que a equipe de Vigil\u00e2ncia e Repress\u00e3o Aduaneira de Ribeir\u00e3o Preto apreendeu uma carga avaliada em R$ 300 mil de smartphones que teria entrado de maneira irregular no Brasil. A a\u00e7\u00e3o aconteceu na \u00faltima segunda-feira (14) e divulgada nesta quarta-feira. De acordo com a Receita Federal,\u2026","rel":"","context":"In &quot;Not\u00edcias de Ribeir\u00e3o Preto-SP e Regi\u00e3o&quot;","block_context":{"text":"Not\u00edcias de Ribeir\u00e3o Preto-SP e Regi\u00e3o","link":"https:\/\/ismaelcolosi.com.br\/index.php\/category\/noticias-de-ribeirao-preto-sp-e-regiao-ismael-colosi\/"},"img":{"alt_text":"","src":"https:\/\/i0.wp.com\/ismaelcolosi.com.br\/wp-content\/uploads\/2024\/10\/receita-2_2024-10-16_17-44-35_jpeg_2024-10-16_17-44-35.webp.webp?fit=1200%2C900&ssl=1&resize=350%2C200","width":350,"height":200,"srcset":"https:\/\/i0.wp.com\/ismaelcolosi.com.br\/wp-content\/uploads\/2024\/10\/receita-2_2024-10-16_17-44-35_jpeg_2024-10-16_17-44-35.webp.webp?fit=1200%2C900&ssl=1&resize=350%2C200 1x, https:\/\/i0.wp.com\/ismaelcolosi.com.br\/wp-content\/uploads\/2024\/10\/receita-2_2024-10-16_17-44-35_jpeg_2024-10-16_17-44-35.webp.webp?fit=1200%2C900&ssl=1&resize=525%2C300 1.5x, https:\/\/i0.wp.com\/ismaelcolosi.com.br\/wp-content\/uploads\/2024\/10\/receita-2_2024-10-16_17-44-35_jpeg_2024-10-16_17-44-35.webp.webp?fit=1200%2C900&ssl=1&resize=700%2C400 2x, https:\/\/i0.wp.com\/ismaelcolosi.com.br\/wp-content\/uploads\/2024\/10\/receita-2_2024-10-16_17-44-35_jpeg_2024-10-16_17-44-35.webp.webp?fit=1200%2C900&ssl=1&resize=1050%2C600 3x"},"classes":[]},{"id":77813,"url":"https:\/\/ismaelcolosi.com.br\/index.php\/2024\/11\/28\/receita-federal-apreende-r-200-mil-em-celulares-perfumes-e-cigarros-eletronicos-em-ribeirao\/","url_meta":{"origin":55800,"position":3},"title":"Receita Federal apreende R$ 200 mil em celulares, perfumes e cigarros eletr\u00f4nicos em Ribeir\u00e3o","author":"ismaelcolosi.com.br","date":"28 de November de 2024","format":false,"excerpt":"Uma opera\u00e7\u00e3o conjunta da Receita Federal e dos Correios apreendeu cerca de R$ 200 mil em celulares, tablets, computadores, medicamentos de uso controlado, perfumes e cigarros eletr\u00f4nicos em Ribeir\u00e3o Preto, na manh\u00e3 desta quinta-feira (28). De acordo com a Receita Federal, foram apreendidas cerca de 120 encomendas no centro de\u2026","rel":"","context":"In &quot;Not\u00edcias de Ribeir\u00e3o Preto-SP e Regi\u00e3o&quot;","block_context":{"text":"Not\u00edcias de Ribeir\u00e3o Preto-SP e Regi\u00e3o","link":"https:\/\/ismaelcolosi.com.br\/index.php\/category\/noticias-de-ribeirao-preto-sp-e-regiao-ismael-colosi\/"},"img":{"alt_text":"","src":"https:\/\/i0.wp.com\/ismaelcolosi.com.br\/wp-content\/uploads\/2024\/11\/WhatsApp-Image-2024-11-28-at-10.53.05_2024-11-28_18-44-38_jpeg_2024-11-28_18-44-38.webp.webp?fit=1200%2C998&ssl=1&resize=350%2C200","width":350,"height":200,"srcset":"https:\/\/i0.wp.com\/ismaelcolosi.com.br\/wp-content\/uploads\/2024\/11\/WhatsApp-Image-2024-11-28-at-10.53.05_2024-11-28_18-44-38_jpeg_2024-11-28_18-44-38.webp.webp?fit=1200%2C998&ssl=1&resize=350%2C200 1x, https:\/\/i0.wp.com\/ismaelcolosi.com.br\/wp-content\/uploads\/2024\/11\/WhatsApp-Image-2024-11-28-at-10.53.05_2024-11-28_18-44-38_jpeg_2024-11-28_18-44-38.webp.webp?fit=1200%2C998&ssl=1&resize=525%2C300 1.5x, https:\/\/i0.wp.com\/ismaelcolosi.com.br\/wp-content\/uploads\/2024\/11\/WhatsApp-Image-2024-11-28-at-10.53.05_2024-11-28_18-44-38_jpeg_2024-11-28_18-44-38.webp.webp?fit=1200%2C998&ssl=1&resize=700%2C400 2x, https:\/\/i0.wp.com\/ismaelcolosi.com.br\/wp-content\/uploads\/2024\/11\/WhatsApp-Image-2024-11-28-at-10.53.05_2024-11-28_18-44-38_jpeg_2024-11-28_18-44-38.webp.webp?fit=1200%2C998&ssl=1&resize=1050%2C600 3x"},"classes":[]},{"id":57187,"url":"https:\/\/ismaelcolosi.com.br\/index.php\/2024\/07\/18\/leilao-da-receita-federal-de-sp-tem-carros-vinhos-importados-e-iphones\/","url_meta":{"origin":55800,"position":4},"title":"Leil\u00e3o da Receita Federal de SP tem carros, vinhos importados e iPhones","author":"ismaelcolosi.com.br","date":"18 de July de 2024","format":false,"excerpt":"O leil\u00e3o da Receita Federal em S\u00e3o Paulo acontece no pr\u00f3ximo dia 30 de julho e conta com 231 lotes com diversos produtos como carros, vinhos importados e iPhones. Os pre\u00e7os m\u00ednimos dos lotes variam entre R$ 500 e R$ 1 milh\u00e3o. Os produtos est\u00e3o armazenados em diversas unidades da\u2026","rel":"","context":"In &quot;Not\u00edcias de Ribeir\u00e3o Preto-SP e Regi\u00e3o&quot;","block_context":{"text":"Not\u00edcias de Ribeir\u00e3o Preto-SP e Regi\u00e3o","link":"https:\/\/ismaelcolosi.com.br\/index.php\/category\/noticias-de-ribeirao-preto-sp-e-regiao-ismael-colosi\/"},"img":{"alt_text":"","src":"https:\/\/i0.wp.com\/ismaelcolosi.com.br\/wp-content\/uploads\/2024\/07\/vinho-leilao-receita-federal_2024-07-18_16-47-46_jpg_2024-07-18_16-47-46.webp.webp?fit=1200%2C789&ssl=1&resize=350%2C200","width":350,"height":200,"srcset":"https:\/\/i0.wp.com\/ismaelcolosi.com.br\/wp-content\/uploads\/2024\/07\/vinho-leilao-receita-federal_2024-07-18_16-47-46_jpg_2024-07-18_16-47-46.webp.webp?fit=1200%2C789&ssl=1&resize=350%2C200 1x, https:\/\/i0.wp.com\/ismaelcolosi.com.br\/wp-content\/uploads\/2024\/07\/vinho-leilao-receita-federal_2024-07-18_16-47-46_jpg_2024-07-18_16-47-46.webp.webp?fit=1200%2C789&ssl=1&resize=525%2C300 1.5x, https:\/\/i0.wp.com\/ismaelcolosi.com.br\/wp-content\/uploads\/2024\/07\/vinho-leilao-receita-federal_2024-07-18_16-47-46_jpg_2024-07-18_16-47-46.webp.webp?fit=1200%2C789&ssl=1&resize=700%2C400 2x, https:\/\/i0.wp.com\/ismaelcolosi.com.br\/wp-content\/uploads\/2024\/07\/vinho-leilao-receita-federal_2024-07-18_16-47-46_jpg_2024-07-18_16-47-46.webp.webp?fit=1200%2C789&ssl=1&resize=1050%2C600 3x"},"classes":[]},{"id":65451,"url":"https:\/\/ismaelcolosi.com.br\/index.php\/2024\/09\/12\/receita-federal-apreende-mais-de-110-kg-de-cigarros-eletronicos-em-ribeirao\/","url_meta":{"origin":55800,"position":5},"title":"Receita Federal apreende mais de 110 kg de cigarros eletr\u00f4nicos em Ribeir\u00e3o","author":"ismaelcolosi.com.br","date":"12 de September de 2024","format":false,"excerpt":"A Equipe de Vigil\u00e2ncia e Repress\u00e3o (EVR) da Receita Federal, em Ribeir\u00e3o Preto, apreendeu na quarta-feira (11), mais de 110 kg de cigarros eletr\u00f4nicos. A produ\u00e7\u00e3o e comercializa\u00e7\u00e3o desses produtos \u00e9 proibida pela Ag\u00eancia Nacional de Vigil\u00e2ncia Sanit\u00e1ria (Anvisa). A opera\u00e7\u00e3o aconteceu em uma transportadora de Ribeir\u00e3o Preto. Foram apreendidos\u2026","rel":"","context":"In &quot;Not\u00edcias de Ribeir\u00e3o Preto-SP e Regi\u00e3o&quot;","block_context":{"text":"Not\u00edcias de Ribeir\u00e3o Preto-SP e Regi\u00e3o","link":"https:\/\/ismaelcolosi.com.br\/index.php\/category\/noticias-de-ribeirao-preto-sp-e-regiao-ismael-colosi\/"},"img":{"alt_text":"","src":"https:\/\/i0.wp.com\/ismaelcolosi.com.br\/wp-content\/uploads\/2024\/09\/Copia-de-Copia-de-Copia-de-TAMANHO-EXATO-PARA-FOTOS-NO-SISTEMA-NOVO-13_2024-09-12_13-44-45_png_2024-09-12_13-44-45.webp.webp?fit=1200%2C675&ssl=1&resize=350%2C200","width":350,"height":200,"srcset":"https:\/\/i0.wp.com\/ismaelcolosi.com.br\/wp-content\/uploads\/2024\/09\/Copia-de-Copia-de-Copia-de-TAMANHO-EXATO-PARA-FOTOS-NO-SISTEMA-NOVO-13_2024-09-12_13-44-45_png_2024-09-12_13-44-45.webp.webp?fit=1200%2C675&ssl=1&resize=350%2C200 1x, https:\/\/i0.wp.com\/ismaelcolosi.com.br\/wp-content\/uploads\/2024\/09\/Copia-de-Copia-de-Copia-de-TAMANHO-EXATO-PARA-FOTOS-NO-SISTEMA-NOVO-13_2024-09-12_13-44-45_png_2024-09-12_13-44-45.webp.webp?fit=1200%2C675&ssl=1&resize=525%2C300 1.5x, https:\/\/i0.wp.com\/ismaelcolosi.com.br\/wp-content\/uploads\/2024\/09\/Copia-de-Copia-de-Copia-de-TAMANHO-EXATO-PARA-FOTOS-NO-SISTEMA-NOVO-13_2024-09-12_13-44-45_png_2024-09-12_13-44-45.webp.webp?fit=1200%2C675&ssl=1&resize=700%2C400 2x, https:\/\/i0.wp.com\/ismaelcolosi.com.br\/wp-content\/uploads\/2024\/09\/Copia-de-Copia-de-Copia-de-TAMANHO-EXATO-PARA-FOTOS-NO-SISTEMA-NOVO-13_2024-09-12_13-44-45_png_2024-09-12_13-44-45.webp.webp?fit=1200%2C675&ssl=1&resize=1050%2C600 3x"},"classes":[]}],"jetpack_sharing_enabled":true,"jetpack_shortlink":"https:\/\/wp.me\/pfMlyK-ew0","_links":{"self":[{"href":"https:\/\/ismaelcolosi.com.br\/index.php\/wp-json\/wp\/v2\/posts\/55800","targetHints":{"allow":["GET"]}}],"collection":[{"href":"https:\/\/ismaelcolosi.com.br\/index.php\/wp-json\/wp\/v2\/posts"}],"about":[{"href":"https:\/\/ismaelcolosi.com.br\/index.php\/wp-json\/wp\/v2\/types\/post"}],"author":[{"embeddable":true,"href":"https:\/\/ismaelcolosi.com.br\/index.php\/wp-json\/wp\/v2\/users\/1"}],"replies":[{"embeddable":true,"href":"https:\/\/ismaelcolosi.com.br\/index.php\/wp-json\/wp\/v2\/comments?post=55800"}],"version-history":[{"count":0,"href":"https:\/\/ismaelcolosi.com.br\/index.php\/wp-json\/wp\/v2\/posts\/55800\/revisions"}],"wp:featuredmedia":[{"embeddable":true,"href":"https:\/\/ismaelcolosi.com.br\/index.php\/wp-json\/wp\/v2\/media\/55801"}],"wp:attachment":[{"href":"https:\/\/ismaelcolosi.com.br\/index.php\/wp-json\/wp\/v2\/media?parent=55800"}],"wp:term":[{"taxonomy":"category","embeddable":true,"href":"https:\/\/ismaelcolosi.com.br\/index.php\/wp-json\/wp\/v2\/categories?post=55800"},{"taxonomy":"post_tag","embeddable":true,"href":"https:\/\/ismaelcolosi.com.br\/index.php\/wp-json\/wp\/v2\/tags?post=55800"}],"curies":[{"name":"wp","href":"https:\/\/api.w.org\/{rel}","templated":true}]}}