{"id":55792,"date":"2024-07-05T14:24:50","date_gmt":"2024-07-05T17:24:50","guid":{"rendered":"https:\/\/ismaelcolosi.com.br\/index.php\/2024\/07\/05\/acidente-deixa-ferido-e-provoca-bloqueio-no-anel-viario-norte-em-ribeirao\/"},"modified":"2024-07-05T14:24:50","modified_gmt":"2024-07-05T17:24:50","slug":"acidente-deixa-ferido-e-provoca-bloqueio-no-anel-viario-norte-em-ribeirao","status":"publish","type":"post","link":"https:\/\/ismaelcolosi.com.br\/index.php\/2024\/07\/05\/acidente-deixa-ferido-e-provoca-bloqueio-no-anel-viario-norte-em-ribeirao\/","title":{"rendered":"Acidente deixa ferido e provoca bloqueio no Anel Vi\u00e1rio Norte em Ribeir\u00e3o"},"content":{"rendered":"<p> <br \/>\n<\/p>\n<div data-td-block-uid=\"tdi_106\">\n<div class=\"tdb-block-inner td-fix-index\">\n<p>Um acidente entre dois caminh\u00f5es deixou um dos motoristas preso \u00e0s ferragens na tarde desta sexta-feira (5), no <strong>Anel Vi\u00e1rio Norte<\/strong> (rodovia Alexandre Balbo, SP-328), pr\u00f3ximo ao acesso do<strong> Jardim Cristo Redentor<\/strong>, em <strong>Ribeir\u00e3o Preto.<\/strong><\/p>\n<p>A v\u00edtima conduzia uma carreta, que atingiu a traseira de um caminh\u00e3o carregado de blocos de concreto.<\/p><div class='code-block code-block-8' style='margin: 8px auto; text-align: center; display: block; clear: both;'>\n<script>\n  atOptions = {\n    'key' : '66e2e2111ca34da796271819fc334058',\n    'format' : 'iframe',\n    'height' : 250,\n    'width' : 300,\n    'params' : {}\n  };\n<\/script>\n<script src=\"https:\/\/www.highperformanceformat.com\/66e2e2111ca34da796271819fc334058\/invoke.js\"><\/script>\n<\/div>\n\n<blockquote class=\"instagram-media\" data-instgrm-permalink=\"https:\/\/www.instagram.com\/reel\/C9DHZvzO38J\/?utm_source=ig_embed&amp;utm_campaign=loading\" data-instgrm-version=\"14\" style=\" background:#FFF; border:0; border-radius:3px; box-shadow:0 0 1px 0 rgba(0,0,0,0.5),0 1px 10px 0 rgba(0,0,0,0.15); margin: 1px; max-width:540px; min-width:326px; padding:0; width:99.375%; width:-webkit-calc(100% - 2px); width:calc(100% - 2px);\"\/>\n<p>O condutor foi socorrido e encaminhado \u00e0<strong> UBDS (Unidade B\u00e1sica Distrital de Sa\u00fade) da Vila Virg\u00ednia<\/strong>.<\/p>\n<p> Segundo o <strong>Corpo de Bombeiros<\/strong>, o motorista foi socorrido com ferimentos leves. H\u00e1 bloqueio no tr\u00e2nsito na pista sentido a Sert\u00e3ozinho.<\/p>\n<p>SAIBA MAIS<br \/>Onda de frio vai atingir o interior de SP; Veja quando e os locais<\/p>\n<h4 class=\"wp-block-heading\"><strong>FIQUE ON<\/strong><\/h4>\n<p>Fique ligado em tudo que acontece em Ribeir\u00e3o Preto e regi\u00e3o. Siga os perfis do <strong>acidade on <\/strong>no<a href=\"https:\/\/www.instagram.com\/acidadeonribeirao\" target=\"_blank\" rel=\"noreferrer noopener nofollow\"> Instagram<\/a> e no <a href=\"https:\/\/www.facebook.com\/acidadeonribeirao\/\" target=\"_blank\" rel=\"noreferrer noopener nofollow\">Facebook<\/a>.<\/p>\n<p>Receba not\u00edcias do <strong>acidade on<\/strong> no WhatsApp. <a href=\"https:\/\/chat.whatsapp.com\/CdrZ6xrf7quD44Vw3WlPuZ\" target=\"_blank\" rel=\"noreferrer noopener nofollow\">Para entrar no grupo, basta clicar aqui.<\/a><\/p>\n<p>Fa\u00e7a uma den\u00fancia ou sugira uma reportagem sobre Ribeir\u00e3o Preto e regi\u00e3o pelo WhatsApp: 16 99117 7802.<\/p>\n<p>VEJA TAMB\u00c9M<br \/>Qual o cronograma do Enem dos Concursos?<\/p>\n<p><!-- AI CONTENT END 1 -->\n<\/div>\n<\/div>\n<p><script async src=\"\/\/www.instagram.com\/embed.js\"><\/script><br \/>\n<br \/><br \/>\n<br \/><a href=\"https:\/\/www.acidadeon.com\/ribeiraopreto\/cotidiano\/acidente-deixa-ferido-e-provoca-bloqueio-no-anel-viario-norte-em-ribeirao\/\">Source link <\/a><\/p>\n<div class='code-block code-block-4' style='margin: 8px auto 8px 0; text-align: left; display: block; clear: both;'>\n\ud83d\udce2 Aviso Legal\n\nO site ismaelcolosi.com.br atua apenas como um canal de divulga\u00e7\u00e3o de oportunidades de emprego e n\u00e3o se responsabiliza pelo processo seletivo, contrata\u00e7\u00e3o ou qualquer outra etapa relacionada \u00e0s vagas publicadas. Todas as informa\u00e7\u00f5es s\u00e3o de responsabilidade dos anunciantes.\n\n\u26a0\ufe0f Aten\u00e7\u00e3o! Nunca pague por promessas de emprego nem compre cursos que garantam contrata\u00e7\u00e3o. Desconfie de qualquer cobran\u00e7a para participar de sele\u00e7\u00f5es.\n\n\n\n<\/div>\n<!-- CONTENT END 1 -->\n","protected":false},"excerpt":{"rendered":"<p>Um acidente entre dois caminh\u00f5es deixou um dos motoristas preso \u00e0s ferragens na tarde desta sexta-feira (5), no Anel Vi\u00e1rio Norte (rodovia Alexandre Balbo, SP-328),&#8230;<\/p>\n","protected":false},"author":1,"featured_media":55793,"comment_status":"open","ping_status":"open","sticky":false,"template":"","format":"standard","meta":{"_uag_custom_page_level_css":"","advanced_seo_description":"","jetpack_seo_html_title":"","jetpack_seo_noindex":false,"jetpack_post_was_ever_published":false,"_jetpack_newsletter_access":"","_jetpack_dont_email_post_to_subs":false,"_jetpack_newsletter_tier_id":0,"_jetpack_memberships_contains_paywalled_content":false,"_jetpack_memberships_contains_paid_content":false,"footnotes":"","jetpack_publicize_message":"","jetpack_publicize_feature_enabled":true,"jetpack_social_post_already_shared":true,"jetpack_social_options":{"image_generator_settings":{"template":"highway","default_image_id":0,"font":"","enabled":false},"version":2}},"categories":[11],"tags":[],"class_list":["post-55792","post","type-post","status-publish","format-standard","has-post-thumbnail","hentry","category-noticias-de-ribeirao-preto-sp-e-regiao-ismael-colosi"],"jetpack_publicize_connections":[],"jetpack_featured_media_url":"https:\/\/i0.wp.com\/ismaelcolosi.com.br\/wp-content\/uploads\/2024\/07\/acidente-anel-viario-norte_2024-07-05_17-01-29_jpeg_2024-07-05_17-01-30.webp.webp?fit=1280%2C719&ssl=1","uagb_featured_image_src":{"full":["https:\/\/i0.wp.com\/ismaelcolosi.com.br\/wp-content\/uploads\/2024\/07\/acidente-anel-viario-norte_2024-07-05_17-01-29_jpeg_2024-07-05_17-01-30.webp.webp?fit=1280%2C719&ssl=1",1280,719,false],"thumbnail":["https:\/\/i0.wp.com\/ismaelcolosi.com.br\/wp-content\/uploads\/2024\/07\/acidente-anel-viario-norte_2024-07-05_17-01-29_jpeg_2024-07-05_17-01-30.webp.webp?resize=150%2C150&ssl=1",150,150,true],"medium":["https:\/\/i0.wp.com\/ismaelcolosi.com.br\/wp-content\/uploads\/2024\/07\/acidente-anel-viario-norte_2024-07-05_17-01-29_jpeg_2024-07-05_17-01-30.webp.webp?fit=300%2C169&ssl=1",300,169,true],"medium_large":["https:\/\/i0.wp.com\/ismaelcolosi.com.br\/wp-content\/uploads\/2024\/07\/acidente-anel-viario-norte_2024-07-05_17-01-29_jpeg_2024-07-05_17-01-30.webp.webp?fit=768%2C431&ssl=1",768,431,true],"large":["https:\/\/i0.wp.com\/ismaelcolosi.com.br\/wp-content\/uploads\/2024\/07\/acidente-anel-viario-norte_2024-07-05_17-01-29_jpeg_2024-07-05_17-01-30.webp.webp?fit=1024%2C575&ssl=1",1024,575,true],"1536x1536":["https:\/\/i0.wp.com\/ismaelcolosi.com.br\/wp-content\/uploads\/2024\/07\/acidente-anel-viario-norte_2024-07-05_17-01-29_jpeg_2024-07-05_17-01-30.webp.webp?fit=1280%2C719&ssl=1",1280,719,true],"2048x2048":["https:\/\/i0.wp.com\/ismaelcolosi.com.br\/wp-content\/uploads\/2024\/07\/acidente-anel-viario-norte_2024-07-05_17-01-29_jpeg_2024-07-05_17-01-30.webp.webp?fit=1280%2C719&ssl=1",1280,719,true],"really-simple-thumb":["https:\/\/i0.wp.com\/ismaelcolosi.com.br\/wp-content\/uploads\/2024\/07\/acidente-anel-viario-norte_2024-07-05_17-01-29_jpeg_2024-07-05_17-01-30.webp.webp?resize=370%2C247&ssl=1",370,247,true]},"uagb_author_info":{"display_name":"ismaelcolosi.com.br","author_link":"https:\/\/ismaelcolosi.com.br\/index.php\/author\/vidareal-online\/"},"uagb_comment_info":0,"uagb_excerpt":"Um acidente entre dois caminh\u00f5es deixou um dos motoristas preso \u00e0s ferragens na tarde desta sexta-feira (5), no Anel Vi\u00e1rio Norte (rodovia Alexandre Balbo, SP-328),...","jetpack-related-posts":[{"id":54202,"url":"https:\/\/ismaelcolosi.com.br\/index.php\/2024\/06\/22\/mulher-morre-em-acidente-no-anel-viario-norte-em-ribeirao-preto\/","url_meta":{"origin":55792,"position":0},"title":"Mulher morre em acidente no Anel Vi\u00e1rio Norte em Ribeir\u00e3o Preto","author":"ismaelcolosi.com.br","date":"22 de June de 2024","format":false,"excerpt":"Uma mulher morreu em um acidente no Anel Vi\u00e1rio Norte, em Ribeir\u00e3o Preto. O acidente aconteceu no in\u00edcio da tarde deste s\u00e1bado (22), pr\u00f3ximo da entrada do Parque das Andorinhas. O acidente envolveu, pelo menos, dois ve\u00edculos. A Pol\u00edcia Militar Rodovi\u00e1ria e as equipes de resgate da concession\u00e1ria respons\u00e1vel pelo\u2026","rel":"","context":"In &quot;Not\u00edcias de Ribeir\u00e3o Preto-SP e Regi\u00e3o&quot;","block_context":{"text":"Not\u00edcias de Ribeir\u00e3o Preto-SP e Regi\u00e3o","link":"https:\/\/ismaelcolosi.com.br\/index.php\/category\/noticias-de-ribeirao-preto-sp-e-regiao-ismael-colosi\/"},"img":{"alt_text":"","src":"https:\/\/i0.wp.com\/ismaelcolosi.com.br\/wp-content\/uploads\/2024\/06\/AnyConv.com__anel-viario-norte_2024-06-22_17-42-20.webp.webp?fit=866%2C706&ssl=1&resize=350%2C200","width":350,"height":200,"srcset":"https:\/\/i0.wp.com\/ismaelcolosi.com.br\/wp-content\/uploads\/2024\/06\/AnyConv.com__anel-viario-norte_2024-06-22_17-42-20.webp.webp?fit=866%2C706&ssl=1&resize=350%2C200 1x, https:\/\/i0.wp.com\/ismaelcolosi.com.br\/wp-content\/uploads\/2024\/06\/AnyConv.com__anel-viario-norte_2024-06-22_17-42-20.webp.webp?fit=866%2C706&ssl=1&resize=525%2C300 1.5x, https:\/\/i0.wp.com\/ismaelcolosi.com.br\/wp-content\/uploads\/2024\/06\/AnyConv.com__anel-viario-norte_2024-06-22_17-42-20.webp.webp?fit=866%2C706&ssl=1&resize=700%2C400 2x"},"classes":[]},{"id":54223,"url":"https:\/\/ismaelcolosi.com.br\/index.php\/2024\/06\/23\/identificada-mulher-que-morreu-em-acidente-no-anel-viario-norte-em-ribeirao-preto\/","url_meta":{"origin":55792,"position":1},"title":"Identificada mulher que morreu em acidente no Anel Vi\u00e1rio Norte em Ribeir\u00e3o Preto","author":"ismaelcolosi.com.br","date":"23 de June de 2024","format":false,"excerpt":"A mulher que morreu ap\u00f3s um acidente de tr\u00e2nsito no Anel Vi\u00e1rio Norte, em Ribeir\u00e3o Preto, na tarde deste s\u00e1bado (22), foi identificada como Wania dos Anjos. A confirma\u00e7\u00e3o da identidade da v\u00edtima foi feita pela diretoria da subsede de Ribeir\u00e3o Preto do Sindicato dos Professores do Ensino Oficial do\u2026","rel":"","context":"In &quot;Not\u00edcias de Ribeir\u00e3o Preto-SP e Regi\u00e3o&quot;","block_context":{"text":"Not\u00edcias de Ribeir\u00e3o Preto-SP e Regi\u00e3o","link":"https:\/\/ismaelcolosi.com.br\/index.php\/category\/noticias-de-ribeirao-preto-sp-e-regiao-ismael-colosi\/"},"img":{"alt_text":"","src":"https:\/\/i0.wp.com\/ismaelcolosi.com.br\/wp-content\/uploads\/2024\/06\/Copia-de-Copia-de-TAMANHO-EXATO-PARA-FOTOS-NO-SISTEMA-NOVO-92_2024-06-23_15-56-26_png_2024-06-23_15-56-26.webp.webp?fit=1200%2C675&ssl=1&resize=350%2C200","width":350,"height":200,"srcset":"https:\/\/i0.wp.com\/ismaelcolosi.com.br\/wp-content\/uploads\/2024\/06\/Copia-de-Copia-de-TAMANHO-EXATO-PARA-FOTOS-NO-SISTEMA-NOVO-92_2024-06-23_15-56-26_png_2024-06-23_15-56-26.webp.webp?fit=1200%2C675&ssl=1&resize=350%2C200 1x, https:\/\/i0.wp.com\/ismaelcolosi.com.br\/wp-content\/uploads\/2024\/06\/Copia-de-Copia-de-TAMANHO-EXATO-PARA-FOTOS-NO-SISTEMA-NOVO-92_2024-06-23_15-56-26_png_2024-06-23_15-56-26.webp.webp?fit=1200%2C675&ssl=1&resize=525%2C300 1.5x, https:\/\/i0.wp.com\/ismaelcolosi.com.br\/wp-content\/uploads\/2024\/06\/Copia-de-Copia-de-TAMANHO-EXATO-PARA-FOTOS-NO-SISTEMA-NOVO-92_2024-06-23_15-56-26_png_2024-06-23_15-56-26.webp.webp?fit=1200%2C675&ssl=1&resize=700%2C400 2x, https:\/\/i0.wp.com\/ismaelcolosi.com.br\/wp-content\/uploads\/2024\/06\/Copia-de-Copia-de-TAMANHO-EXATO-PARA-FOTOS-NO-SISTEMA-NOVO-92_2024-06-23_15-56-26_png_2024-06-23_15-56-26.webp.webp?fit=1200%2C675&ssl=1&resize=1050%2C600 3x"},"classes":[]},{"id":69151,"url":"https:\/\/ismaelcolosi.com.br\/index.php\/2024\/10\/03\/acidente-entre-carros-e-moto-deixa-cinco-pessoas-feridas-no-anel-viario-sul-em-ribeirao\/","url_meta":{"origin":55792,"position":2},"title":"Acidente entre carros e moto deixa cinco pessoas feridas no Anel Vi\u00e1rio Sul em Ribeir\u00e3o","author":"ismaelcolosi.com.br","date":"3 de October de 2024","format":false,"excerpt":"Cinco pessoas ficaram feridas ap\u00f3s um acidente envolvendo dois ve\u00edculos e uma motocicleta na rodovia Ant\u00f4nio Duarte Nogueira (SP-322), Anel Vi\u00e1rio Sul, no final da tarde desta quinta-feira (3). Conforme apura\u00e7\u00e3o da CBN Ribeir\u00e3o, entre os envolvidos est\u00e1 um beb\u00ea que estava em um dos carros. Ainda n\u00e3o h\u00e1 informa\u00e7\u00f5es\u2026","rel":"","context":"In &quot;Not\u00edcias de Ribeir\u00e3o Preto-SP e Regi\u00e3o&quot;","block_context":{"text":"Not\u00edcias de Ribeir\u00e3o Preto-SP e Regi\u00e3o","link":"https:\/\/ismaelcolosi.com.br\/index.php\/category\/noticias-de-ribeirao-preto-sp-e-regiao-ismael-colosi\/"},"img":{"alt_text":"","src":"https:\/\/i0.wp.com\/ismaelcolosi.com.br\/wp-content\/uploads\/2024\/10\/WhatsApp-Image-2024-10-03-at-18.13.29_2024-10-03_21-21-38_jpeg_2024-10-03_21-21-39-scaled.webp.webp?fit=1200%2C900&ssl=1&resize=350%2C200","width":350,"height":200,"srcset":"https:\/\/i0.wp.com\/ismaelcolosi.com.br\/wp-content\/uploads\/2024\/10\/WhatsApp-Image-2024-10-03-at-18.13.29_2024-10-03_21-21-38_jpeg_2024-10-03_21-21-39-scaled.webp.webp?fit=1200%2C900&ssl=1&resize=350%2C200 1x, https:\/\/i0.wp.com\/ismaelcolosi.com.br\/wp-content\/uploads\/2024\/10\/WhatsApp-Image-2024-10-03-at-18.13.29_2024-10-03_21-21-38_jpeg_2024-10-03_21-21-39-scaled.webp.webp?fit=1200%2C900&ssl=1&resize=525%2C300 1.5x, https:\/\/i0.wp.com\/ismaelcolosi.com.br\/wp-content\/uploads\/2024\/10\/WhatsApp-Image-2024-10-03-at-18.13.29_2024-10-03_21-21-38_jpeg_2024-10-03_21-21-39-scaled.webp.webp?fit=1200%2C900&ssl=1&resize=700%2C400 2x, https:\/\/i0.wp.com\/ismaelcolosi.com.br\/wp-content\/uploads\/2024\/10\/WhatsApp-Image-2024-10-03-at-18.13.29_2024-10-03_21-21-38_jpeg_2024-10-03_21-21-39-scaled.webp.webp?fit=1200%2C900&ssl=1&resize=1050%2C600 3x"},"classes":[]},{"id":69321,"url":"https:\/\/ismaelcolosi.com.br\/index.php\/2024\/10\/04\/acidente-entre-caminhao-e-carro-bloqueia-alca-de-acesso-do-anel-viario-em-ribeirao\/","url_meta":{"origin":55792,"position":3},"title":"Acidente entre caminh\u00e3o e carro bloqueia al\u00e7a de acesso do Anel Vi\u00e1rio em Ribeir\u00e3o","author":"ismaelcolosi.com.br","date":"4 de October de 2024","format":false,"excerpt":"A al\u00e7a de acesso do Anel Vi\u00e1rio Sul, em Ribeir\u00e3o Preto, est\u00e1 interditada, no in\u00edcio da tarde desta sexta-feira (4), por causa de um acidente envolvendo um caminh\u00e3o e um carro. N\u00e3o houve feridos. De acordo com a Entrevias, a ocorr\u00eancia aconteceu no km 310 da SP-322, sentido Leste. O\u2026","rel":"","context":"In &quot;Not\u00edcias de Ribeir\u00e3o Preto-SP e Regi\u00e3o&quot;","block_context":{"text":"Not\u00edcias de Ribeir\u00e3o Preto-SP e Regi\u00e3o","link":"https:\/\/ismaelcolosi.com.br\/index.php\/category\/noticias-de-ribeirao-preto-sp-e-regiao-ismael-colosi\/"},"img":{"alt_text":"","src":"https:\/\/i0.wp.com\/ismaelcolosi.com.br\/wp-content\/uploads\/2024\/10\/Imagem-do-WhatsApp-de-2024-10-04-as-15.25.55_a76e5304_2024-10-04_18-43-42_jpg_2024-10-04_18-43-44-scaled-e1728067452548.webp.webp?fit=1200%2C1020&ssl=1&resize=350%2C200","width":350,"height":200,"srcset":"https:\/\/i0.wp.com\/ismaelcolosi.com.br\/wp-content\/uploads\/2024\/10\/Imagem-do-WhatsApp-de-2024-10-04-as-15.25.55_a76e5304_2024-10-04_18-43-42_jpg_2024-10-04_18-43-44-scaled-e1728067452548.webp.webp?fit=1200%2C1020&ssl=1&resize=350%2C200 1x, https:\/\/i0.wp.com\/ismaelcolosi.com.br\/wp-content\/uploads\/2024\/10\/Imagem-do-WhatsApp-de-2024-10-04-as-15.25.55_a76e5304_2024-10-04_18-43-42_jpg_2024-10-04_18-43-44-scaled-e1728067452548.webp.webp?fit=1200%2C1020&ssl=1&resize=525%2C300 1.5x, https:\/\/i0.wp.com\/ismaelcolosi.com.br\/wp-content\/uploads\/2024\/10\/Imagem-do-WhatsApp-de-2024-10-04-as-15.25.55_a76e5304_2024-10-04_18-43-42_jpg_2024-10-04_18-43-44-scaled-e1728067452548.webp.webp?fit=1200%2C1020&ssl=1&resize=700%2C400 2x, https:\/\/i0.wp.com\/ismaelcolosi.com.br\/wp-content\/uploads\/2024\/10\/Imagem-do-WhatsApp-de-2024-10-04-as-15.25.55_a76e5304_2024-10-04_18-43-42_jpg_2024-10-04_18-43-44-scaled-e1728067452548.webp.webp?fit=1200%2C1020&ssl=1&resize=1050%2C600 3x"},"classes":[]},{"id":65661,"url":"https:\/\/ismaelcolosi.com.br\/index.php\/2024\/09\/13\/incendio-atinge-area-ao-lado-do-anel-viario-norte-de-ribeirao-video\/","url_meta":{"origin":55792,"position":4},"title":"Inc\u00eandio atinge \u00e1rea ao lado do Anel Vi\u00e1rio Norte de Ribeir\u00e3o; V\u00eddeo","author":"ismaelcolosi.com.br","date":"13 de September de 2024","format":false,"excerpt":"Um inc\u00eandio atinge uma \u00e1rea \u00e0s margens do Anel Vi\u00e1rio Norte (rodovia Alexandre Balbo, SP-328) na manh\u00e3 desta sexta (13), em Ribeir\u00e3o Preto. O fogo ocorre ao lado de uma estrada de terra, que liga ao Jardim Cristo Redentor, pr\u00f3ximo da antiga Usina Galo Bravo. Um caminh\u00e3o-pipa atua no combate\u2026","rel":"","context":"In &quot;Not\u00edcias de Ribeir\u00e3o Preto-SP e Regi\u00e3o&quot;","block_context":{"text":"Not\u00edcias de Ribeir\u00e3o Preto-SP e Regi\u00e3o","link":"https:\/\/ismaelcolosi.com.br\/index.php\/category\/noticias-de-ribeirao-preto-sp-e-regiao-ismael-colosi\/"},"img":{"alt_text":"","src":"https:\/\/i0.wp.com\/ismaelcolosi.com.br\/wp-content\/uploads\/2024\/09\/QUEIMADA_2024-09-13_12-03-54_jpg_2024-09-13_12-03-54.webp.webp?fit=1200%2C844&ssl=1&resize=350%2C200","width":350,"height":200,"srcset":"https:\/\/i0.wp.com\/ismaelcolosi.com.br\/wp-content\/uploads\/2024\/09\/QUEIMADA_2024-09-13_12-03-54_jpg_2024-09-13_12-03-54.webp.webp?fit=1200%2C844&ssl=1&resize=350%2C200 1x, https:\/\/i0.wp.com\/ismaelcolosi.com.br\/wp-content\/uploads\/2024\/09\/QUEIMADA_2024-09-13_12-03-54_jpg_2024-09-13_12-03-54.webp.webp?fit=1200%2C844&ssl=1&resize=525%2C300 1.5x, https:\/\/i0.wp.com\/ismaelcolosi.com.br\/wp-content\/uploads\/2024\/09\/QUEIMADA_2024-09-13_12-03-54_jpg_2024-09-13_12-03-54.webp.webp?fit=1200%2C844&ssl=1&resize=700%2C400 2x, https:\/\/i0.wp.com\/ismaelcolosi.com.br\/wp-content\/uploads\/2024\/09\/QUEIMADA_2024-09-13_12-03-54_jpg_2024-09-13_12-03-54.webp.webp?fit=1200%2C844&ssl=1&resize=1050%2C600 3x"},"classes":[]},{"id":55182,"url":"https:\/\/ismaelcolosi.com.br\/index.php\/2024\/07\/01\/motociclista-de-22-anos-morre-em-acidente-na-marginal-do-anel-viario-sul-de-ribeirao\/","url_meta":{"origin":55792,"position":5},"title":"Motociclista de 22 anos morre em acidente na marginal do Anel Vi\u00e1rio Sul de Ribeir\u00e3o","author":"ismaelcolosi.com.br","date":"1 de July de 2024","format":false,"excerpt":"Um motociclista de 22 anos morreu na manh\u00e3 desta segunda-feira (1\u00ba), em um acidente na via marginal do Anel Vi\u00e1rio Sul (rodovia Ant\u00f4nio Duarte Nogueira, SP-322), em Ribeir\u00e3o Preto. Segundo as primeiras informa\u00e7\u00f5es, a v\u00edtima teria atingido uma placa de sinaliza\u00e7\u00e3o ao perder o controle de dire\u00e7\u00e3o da moto por\u2026","rel":"","context":"In &quot;Not\u00edcias de Ribeir\u00e3o Preto-SP e Regi\u00e3o&quot;","block_context":{"text":"Not\u00edcias de Ribeir\u00e3o Preto-SP e Regi\u00e3o","link":"https:\/\/ismaelcolosi.com.br\/index.php\/category\/noticias-de-ribeirao-preto-sp-e-regiao-ismael-colosi\/"},"img":{"alt_text":"","src":"https:\/\/i0.wp.com\/ismaelcolosi.com.br\/wp-content\/uploads\/2024\/07\/MOTO_2024-07-01_12-35-43_jpg_2024-07-01_12-35-43.webp.webp?fit=969%2C596&ssl=1&resize=350%2C200","width":350,"height":200,"srcset":"https:\/\/i0.wp.com\/ismaelcolosi.com.br\/wp-content\/uploads\/2024\/07\/MOTO_2024-07-01_12-35-43_jpg_2024-07-01_12-35-43.webp.webp?fit=969%2C596&ssl=1&resize=350%2C200 1x, https:\/\/i0.wp.com\/ismaelcolosi.com.br\/wp-content\/uploads\/2024\/07\/MOTO_2024-07-01_12-35-43_jpg_2024-07-01_12-35-43.webp.webp?fit=969%2C596&ssl=1&resize=525%2C300 1.5x, https:\/\/i0.wp.com\/ismaelcolosi.com.br\/wp-content\/uploads\/2024\/07\/MOTO_2024-07-01_12-35-43_jpg_2024-07-01_12-35-43.webp.webp?fit=969%2C596&ssl=1&resize=700%2C400 2x"},"classes":[]}],"jetpack_sharing_enabled":true,"jetpack_shortlink":"https:\/\/wp.me\/pfMlyK-evS","_links":{"self":[{"href":"https:\/\/ismaelcolosi.com.br\/index.php\/wp-json\/wp\/v2\/posts\/55792","targetHints":{"allow":["GET"]}}],"collection":[{"href":"https:\/\/ismaelcolosi.com.br\/index.php\/wp-json\/wp\/v2\/posts"}],"about":[{"href":"https:\/\/ismaelcolosi.com.br\/index.php\/wp-json\/wp\/v2\/types\/post"}],"author":[{"embeddable":true,"href":"https:\/\/ismaelcolosi.com.br\/index.php\/wp-json\/wp\/v2\/users\/1"}],"replies":[{"embeddable":true,"href":"https:\/\/ismaelcolosi.com.br\/index.php\/wp-json\/wp\/v2\/comments?post=55792"}],"version-history":[{"count":0,"href":"https:\/\/ismaelcolosi.com.br\/index.php\/wp-json\/wp\/v2\/posts\/55792\/revisions"}],"wp:featuredmedia":[{"embeddable":true,"href":"https:\/\/ismaelcolosi.com.br\/index.php\/wp-json\/wp\/v2\/media\/55793"}],"wp:attachment":[{"href":"https:\/\/ismaelcolosi.com.br\/index.php\/wp-json\/wp\/v2\/media?parent=55792"}],"wp:term":[{"taxonomy":"category","embeddable":true,"href":"https:\/\/ismaelcolosi.com.br\/index.php\/wp-json\/wp\/v2\/categories?post=55792"},{"taxonomy":"post_tag","embeddable":true,"href":"https:\/\/ismaelcolosi.com.br\/index.php\/wp-json\/wp\/v2\/tags?post=55792"}],"curies":[{"name":"wp","href":"https:\/\/api.w.org\/{rel}","templated":true}]}}