{"id":55790,"date":"2024-07-05T13:57:11","date_gmt":"2024-07-05T16:57:11","guid":{"rendered":"https:\/\/ismaelcolosi.com.br\/index.php\/2024\/07\/05\/onda-de-frio-vai-atingir-o-interior-de-sp-veja-quando-e-os-locais\/"},"modified":"2024-07-05T13:57:11","modified_gmt":"2024-07-05T16:57:11","slug":"onda-de-frio-vai-atingir-o-interior-de-sp-veja-quando-e-os-locais","status":"publish","type":"post","link":"https:\/\/ismaelcolosi.com.br\/index.php\/2024\/07\/05\/onda-de-frio-vai-atingir-o-interior-de-sp-veja-quando-e-os-locais\/","title":{"rendered":"Onda de frio vai atingir o interior de SP; Veja quando e os locais"},"content":{"rendered":"<p> <br \/>\n<\/p>\n<div data-td-block-uid=\"tdi_106\">\n<div class=\"tdb-block-inner td-fix-index\">\n<p>Uma <strong>onda de frio <\/strong>vai atingir o <strong>interior de S\u00e3o Paulo <\/strong>no<mark style=\"background-color:#fcb900\" class=\"has-inline-color has-black-color\"> per\u00edodo entre os dias 12 e 16 de julho<\/mark>.<\/p>\n<p>Segundo a <strong><a href=\"https:\/\/www.climatempo.com.br\/\" target=\"_blank\" rel=\"noreferrer noopener nofollow\">Climatempo<\/a><\/strong>, as temperaturas ficar\u00e3o mais baixas <mark style=\"background-color:#fcb900\" class=\"has-inline-color has-black-color\">por conta do ar frio de origem polar que vai come\u00e7ar a avan\u00e7ar pelo pa\u00eds a partir deste s\u00e1bado (6) e vai ganhar um novo refor\u00e7o<\/mark> a partir do dia 12 de julho.<\/p><div class='code-block code-block-8' style='margin: 8px auto; text-align: center; display: block; clear: both;'>\n<script>\n  atOptions = {\n    'key' : '66e2e2111ca34da796271819fc334058',\n    'format' : 'iframe',\n    'height' : 250,\n    'width' : 300,\n    'params' : {}\n  };\n<\/script>\n<script src=\"https:\/\/www.highperformanceformat.com\/66e2e2111ca34da796271819fc334058\/invoke.js\"><\/script>\n<\/div>\n\n<p>Os meteorologistas apontam que a frente fria prevista para pr\u00f3xima semana vai trazer mais ar de origem polar.<\/p>\n<h4 class=\"wp-block-heading\"><strong>Frio intenso<\/strong><\/h4>\n<p>Com isso, a regi\u00e3o sul do<strong> interior de S\u00e3o Paulo <\/strong>ter\u00e1 <strong>frio intenso<\/strong>, com possibilidade de geadas e tardes frias.<\/p>\n<p>J\u00e1 nas regi\u00f5es do <strong>Vale do Para\u00edba<\/strong>, <strong>Bauru<\/strong>, <strong>Presidente Prudente<\/strong>, <strong>Campinas <\/strong>e <strong>Ara\u00e7atuba<\/strong>, as temperaturas podem registrar temperaturas de 3\u00b0C a 5\u00baC abaixo da m\u00e9dia.<\/p>\n<p>E, nas regi\u00f5es de <strong>Ribeir\u00e3o Preto<\/strong>, <strong>Franca<\/strong> e <strong>Barretos<\/strong> os term\u00f4metros podem registrar temperaturas 3\u00b0C abaixo da m\u00e9dia por, pelo menos, um dia.<\/p>\n<p>SAIBA MAIS<br \/>Seis anos depois, saiba onde est\u00e1 o disco voador de Sert\u00e3ozinho<\/p>\n<h4 class=\"wp-block-heading\"><strong>FIQUE ON<\/strong><\/h4>\n<p>Fique ligado em tudo que acontece em Ribeir\u00e3o Preto e regi\u00e3o. Siga os perfis do <strong>acidade on <\/strong>no<a href=\"https:\/\/www.instagram.com\/acidadeonribeirao\" target=\"_blank\" rel=\"noreferrer noopener nofollow\"> Instagram <\/a>e no <a href=\"https:\/\/www.facebook.com\/acidadeonribeirao\/\" target=\"_blank\" rel=\"noreferrer noopener nofollow\">Facebook<\/a>.<\/p>\n<p>Receba not\u00edcias do<strong> acidade on <\/strong>no WhatsApp. <a href=\"https:\/\/chat.whatsapp.com\/CdrZ6xrf7quD44Vw3WlPuZ\" target=\"_blank\" rel=\"noreferrer noopener nofollow\">Para entrar no grupo, basta clicar aqui.<\/a><\/p>\n<p>Fa\u00e7a uma den\u00fancia ou sugira uma reportagem sobre Ribeir\u00e3o Preto e regi\u00e3o pelo WhatsApp: 16 99117 7802.<\/p>\n<p>VEJA TAMB\u00c9M<br \/>Qual o cronograma do Enem dos Concursos?<\/p>\n<p><!-- AI CONTENT END 1 -->\n<\/div>\n<\/div>\n<p><script async src=\"\/\/www.instagram.com\/embed.js\"><\/script><br \/>\n<br \/><br \/>\n<br \/><a href=\"https:\/\/www.acidadeon.com\/ribeiraopreto\/cotidiano\/onda-de-frio-vai-atingir-o-interior-de-sp-veja-quando-e-os-locais\/\">Source link <\/a><\/p>\n<div class='code-block code-block-4' style='margin: 8px auto 8px 0; text-align: left; display: block; clear: both;'>\n\ud83d\udce2 Aviso Legal\n\nO site ismaelcolosi.com.br atua apenas como um canal de divulga\u00e7\u00e3o de oportunidades de emprego e n\u00e3o se responsabiliza pelo processo seletivo, contrata\u00e7\u00e3o ou qualquer outra etapa relacionada \u00e0s vagas publicadas. Todas as informa\u00e7\u00f5es s\u00e3o de responsabilidade dos anunciantes.\n\n\u26a0\ufe0f Aten\u00e7\u00e3o! Nunca pague por promessas de emprego nem compre cursos que garantam contrata\u00e7\u00e3o. Desconfie de qualquer cobran\u00e7a para participar de sele\u00e7\u00f5es.\n\n\n\n<\/div>\n<!-- CONTENT END 1 -->\n","protected":false},"excerpt":{"rendered":"<p>Uma onda de frio vai atingir o interior de S\u00e3o Paulo no per\u00edodo entre os dias 12 e 16 de julho. Segundo a Climatempo, as&#8230;<\/p>\n","protected":false},"author":1,"featured_media":55791,"comment_status":"open","ping_status":"open","sticky":false,"template":"","format":"standard","meta":{"_uag_custom_page_level_css":"","advanced_seo_description":"","jetpack_seo_html_title":"","jetpack_seo_noindex":false,"jetpack_post_was_ever_published":false,"_jetpack_newsletter_access":"","_jetpack_dont_email_post_to_subs":false,"_jetpack_newsletter_tier_id":0,"_jetpack_memberships_contains_paywalled_content":false,"_jetpack_memberships_contains_paid_content":false,"footnotes":"","jetpack_publicize_message":"","jetpack_publicize_feature_enabled":true,"jetpack_social_post_already_shared":true,"jetpack_social_options":{"image_generator_settings":{"template":"highway","default_image_id":0,"font":"","enabled":false},"version":2}},"categories":[11],"tags":[],"class_list":["post-55790","post","type-post","status-publish","format-standard","has-post-thumbnail","hentry","category-noticias-de-ribeirao-preto-sp-e-regiao-ismael-colosi"],"jetpack_publicize_connections":[],"jetpack_featured_media_url":"https:\/\/i0.wp.com\/ismaelcolosi.com.br\/wp-content\/uploads\/2024\/07\/AnyConv.com__onda-de-frio_2024-07-05_16-31-44.webp.webp?fit=2000%2C1333&ssl=1","uagb_featured_image_src":{"full":["https:\/\/i0.wp.com\/ismaelcolosi.com.br\/wp-content\/uploads\/2024\/07\/AnyConv.com__onda-de-frio_2024-07-05_16-31-44.webp.webp?fit=2000%2C1333&ssl=1",2000,1333,false],"thumbnail":["https:\/\/i0.wp.com\/ismaelcolosi.com.br\/wp-content\/uploads\/2024\/07\/AnyConv.com__onda-de-frio_2024-07-05_16-31-44.webp.webp?resize=150%2C150&ssl=1",150,150,true],"medium":["https:\/\/i0.wp.com\/ismaelcolosi.com.br\/wp-content\/uploads\/2024\/07\/AnyConv.com__onda-de-frio_2024-07-05_16-31-44.webp.webp?fit=300%2C200&ssl=1",300,200,true],"medium_large":["https:\/\/i0.wp.com\/ismaelcolosi.com.br\/wp-content\/uploads\/2024\/07\/AnyConv.com__onda-de-frio_2024-07-05_16-31-44.webp.webp?fit=768%2C512&ssl=1",768,512,true],"large":["https:\/\/i0.wp.com\/ismaelcolosi.com.br\/wp-content\/uploads\/2024\/07\/AnyConv.com__onda-de-frio_2024-07-05_16-31-44.webp.webp?fit=1024%2C682&ssl=1",1024,682,true],"1536x1536":["https:\/\/i0.wp.com\/ismaelcolosi.com.br\/wp-content\/uploads\/2024\/07\/AnyConv.com__onda-de-frio_2024-07-05_16-31-44.webp.webp?fit=1536%2C1024&ssl=1",1536,1024,true],"2048x2048":["https:\/\/i0.wp.com\/ismaelcolosi.com.br\/wp-content\/uploads\/2024\/07\/AnyConv.com__onda-de-frio_2024-07-05_16-31-44.webp.webp?fit=2000%2C1333&ssl=1",2000,1333,true],"really-simple-thumb":["https:\/\/i0.wp.com\/ismaelcolosi.com.br\/wp-content\/uploads\/2024\/07\/AnyConv.com__onda-de-frio_2024-07-05_16-31-44.webp.webp?resize=370%2C247&ssl=1",370,247,true]},"uagb_author_info":{"display_name":"ismaelcolosi.com.br","author_link":"https:\/\/ismaelcolosi.com.br\/index.php\/author\/vidareal-online\/"},"uagb_comment_info":0,"uagb_excerpt":"Uma onda de frio vai atingir o interior de S\u00e3o Paulo no per\u00edodo entre os dias 12 e 16 de julho. Segundo a Climatempo, as...","jetpack-related-posts":[{"id":46862,"url":"https:\/\/ismaelcolosi.com.br\/index.php\/2024\/04\/15\/entenda-como-sera-a-onda-de-frio-veja-as-temperaturas-no-interior-de-sp\/","url_meta":{"origin":55790,"position":0},"title":"Entenda como ser\u00e1 a onda de frio; Veja as temperaturas no interior de SP","author":"ismaelcolosi.com.br","date":"15 de April de 2024","format":false,"excerpt":"Uma massa de ar de origem polar deve causar a primeira queda de temperatura acentuada do outono nos pr\u00f3ximos dias. Segundo a Climatempo, a frente fria se forma nesta ter\u00e7a-feira (16) entre o Brasil, o Uruguai e a Argentina, e est\u00e1 associada a um intenso ciclone extratropical \u2013 que n\u00e3o\u2026","rel":"","context":"In &quot;Not\u00edcias de Ribeir\u00e3o Preto-SP e Regi\u00e3o&quot;","block_context":{"text":"Not\u00edcias de Ribeir\u00e3o Preto-SP e Regi\u00e3o","link":"https:\/\/ismaelcolosi.com.br\/index.php\/category\/noticias-de-ribeirao-preto-sp-e-regiao-ismael-colosi\/"},"img":{"alt_text":"","src":"https:\/\/i0.wp.com\/ismaelcolosi.com.br\/wp-content\/uploads\/2024\/04\/frio_ribeirao_1024x576_30062021063120.jpg?fit=1024%2C576&ssl=1&resize=350%2C200","width":350,"height":200,"srcset":"https:\/\/i0.wp.com\/ismaelcolosi.com.br\/wp-content\/uploads\/2024\/04\/frio_ribeirao_1024x576_30062021063120.jpg?fit=1024%2C576&ssl=1&resize=350%2C200 1x, https:\/\/i0.wp.com\/ismaelcolosi.com.br\/wp-content\/uploads\/2024\/04\/frio_ribeirao_1024x576_30062021063120.jpg?fit=1024%2C576&ssl=1&resize=525%2C300 1.5x, https:\/\/i0.wp.com\/ismaelcolosi.com.br\/wp-content\/uploads\/2024\/04\/frio_ribeirao_1024x576_30062021063120.jpg?fit=1024%2C576&ssl=1&resize=700%2C400 2x"},"classes":[]},{"id":55851,"url":"https:\/\/ismaelcolosi.com.br\/index.php\/2024\/07\/06\/interior-de-sp-tem-novo-alerta-para-onda-de-frio-veja-previsao-para-ribeirao-preto\/","url_meta":{"origin":55790,"position":1},"title":"Interior de SP tem novo alerta para onda de frio; Veja previs\u00e3o para Ribeir\u00e3o Preto","author":"ismaelcolosi.com.br","date":"6 de July de 2024","format":false,"excerpt":"Ribeir\u00e3o Preto deve ter um s\u00e1bado (6) de sol com algumas nuvens, mas sem chances de chuva, segundo a previs\u00e3o da Climatempo. Durante a tarde os term\u00f4metros podem atingir m\u00e1xima de 32\u00baC. O clima nos pr\u00f3ximos dias de folga, j\u00e1 que na ter\u00e7a-feira (9) o estado de S\u00e3o Paulo celebra\u2026","rel":"","context":"In &quot;Not\u00edcias de Ribeir\u00e3o Preto-SP e Regi\u00e3o&quot;","block_context":{"text":"Not\u00edcias de Ribeir\u00e3o Preto-SP e Regi\u00e3o","link":"https:\/\/ismaelcolosi.com.br\/index.php\/category\/noticias-de-ribeirao-preto-sp-e-regiao-ismael-colosi\/"},"img":{"alt_text":"","src":"https:\/\/i0.wp.com\/ismaelcolosi.com.br\/wp-content\/uploads\/2024\/07\/calcadao_ribeirao_1024x576_22052020190437.jpg?fit=1024%2C576&ssl=1&resize=350%2C200","width":350,"height":200,"srcset":"https:\/\/i0.wp.com\/ismaelcolosi.com.br\/wp-content\/uploads\/2024\/07\/calcadao_ribeirao_1024x576_22052020190437.jpg?fit=1024%2C576&ssl=1&resize=350%2C200 1x, https:\/\/i0.wp.com\/ismaelcolosi.com.br\/wp-content\/uploads\/2024\/07\/calcadao_ribeirao_1024x576_22052020190437.jpg?fit=1024%2C576&ssl=1&resize=525%2C300 1.5x, https:\/\/i0.wp.com\/ismaelcolosi.com.br\/wp-content\/uploads\/2024\/07\/calcadao_ribeirao_1024x576_22052020190437.jpg?fit=1024%2C576&ssl=1&resize=700%2C400 2x"},"classes":[]},{"id":55569,"url":"https:\/\/ismaelcolosi.com.br\/index.php\/2024\/07\/04\/intensa-onda-de-frio-tem-data-para-chegar-confira-a-previsao-no-estado-de-sp\/","url_meta":{"origin":55790,"position":2},"title":"Intensa onda de frio tem data para chegar; Confira a previs\u00e3o no estado de SP","author":"ismaelcolosi.com.br","date":"4 de July de 2024","format":false,"excerpt":"Uma intensa massa de ar polar est\u00e1 prevista para atingir o Brasil em julho. Segundo a Meteored, o modelo europeu ECMWF aponta que uma onda de frio ser\u00e1 destaque ainda nesta primeira quinzena do m\u00eas em boa parte do pa\u00eds. \u201cA tend\u00eancia \u00e9 que isso aconte\u00e7a nos pr\u00f3ximos dias, com\u00a0o\u2026","rel":"","context":"In &quot;Not\u00edcias de Ribeir\u00e3o Preto-SP e Regi\u00e3o&quot;","block_context":{"text":"Not\u00edcias de Ribeir\u00e3o Preto-SP e Regi\u00e3o","link":"https:\/\/ismaelcolosi.com.br\/index.php\/category\/noticias-de-ribeirao-preto-sp-e-regiao-ismael-colosi\/"},"img":{"alt_text":"","src":"https:\/\/i0.wp.com\/ismaelcolosi.com.br\/wp-content\/uploads\/2024\/05\/FRIO_2024-05-31_10-28-23_jpg_2024-05-31_10-28-23.webp.webp?fit=1200%2C943&ssl=1&resize=350%2C200","width":350,"height":200,"srcset":"https:\/\/i0.wp.com\/ismaelcolosi.com.br\/wp-content\/uploads\/2024\/05\/FRIO_2024-05-31_10-28-23_jpg_2024-05-31_10-28-23.webp.webp?fit=1200%2C943&ssl=1&resize=350%2C200 1x, https:\/\/i0.wp.com\/ismaelcolosi.com.br\/wp-content\/uploads\/2024\/05\/FRIO_2024-05-31_10-28-23_jpg_2024-05-31_10-28-23.webp.webp?fit=1200%2C943&ssl=1&resize=525%2C300 1.5x, https:\/\/i0.wp.com\/ismaelcolosi.com.br\/wp-content\/uploads\/2024\/05\/FRIO_2024-05-31_10-28-23_jpg_2024-05-31_10-28-23.webp.webp?fit=1200%2C943&ssl=1&resize=700%2C400 2x, https:\/\/i0.wp.com\/ismaelcolosi.com.br\/wp-content\/uploads\/2024\/05\/FRIO_2024-05-31_10-28-23_jpg_2024-05-31_10-28-23.webp.webp?fit=1200%2C943&ssl=1&resize=1050%2C600 3x"},"classes":[]},{"id":60958,"url":"https:\/\/ismaelcolosi.com.br\/index.php\/2024\/08\/19\/vai-fazer-mais-frio-em-agosto-veja-a-previsao-do-tempo-para-o-interior-de-sp\/","url_meta":{"origin":55790,"position":3},"title":"Vai fazer mais frio em agosto? Veja a previs\u00e3o do tempo para o interior de SP","author":"ismaelcolosi.com.br","date":"19 de August de 2024","format":false,"excerpt":"Ap\u00f3s uma forte onda de frio que estabeleceu recordes de baixas temperaturas na primeira quinzena do m\u00eas de agosto, o calor voltou a afetar diversas regi\u00f5es do interior de S\u00e3o Paulo. Entretanto, essa onda de calor n\u00e3o vai durar muito, pois o frio j\u00e1 tem data marcada para retornar, de\u2026","rel":"","context":"In &quot;Not\u00edcias de Ribeir\u00e3o Preto-SP e Regi\u00e3o&quot;","block_context":{"text":"Not\u00edcias de Ribeir\u00e3o Preto-SP e Regi\u00e3o","link":"https:\/\/ismaelcolosi.com.br\/index.php\/category\/noticias-de-ribeirao-preto-sp-e-regiao-ismael-colosi\/"},"img":{"alt_text":"","src":"https:\/\/i0.wp.com\/ismaelcolosi.com.br\/wp-content\/uploads\/2024\/08\/frente_fria_-_foto_guilherme_sircili_5.jpg_231334169.png?fit=600%2C400&ssl=1&resize=350%2C200","width":350,"height":200,"srcset":"https:\/\/i0.wp.com\/ismaelcolosi.com.br\/wp-content\/uploads\/2024\/08\/frente_fria_-_foto_guilherme_sircili_5.jpg_231334169.png?fit=600%2C400&ssl=1&resize=350%2C200 1x, https:\/\/i0.wp.com\/ismaelcolosi.com.br\/wp-content\/uploads\/2024\/08\/frente_fria_-_foto_guilherme_sircili_5.jpg_231334169.png?fit=600%2C400&ssl=1&resize=525%2C300 1.5x"},"classes":[]},{"id":59311,"url":"https:\/\/ismaelcolosi.com.br\/index.php\/2024\/08\/07\/tudo-sobre-a-onda-de-frio-que-vai-atingir-o-interior-de-sp-nos-proximos-dias\/","url_meta":{"origin":55790,"position":4},"title":"Tudo sobre a onda de frio que vai atingir o interior de SP nos pr\u00f3ximos dias","author":"ismaelcolosi.com.br","date":"7 de August de 2024","format":false,"excerpt":"Uma forte frente fria come\u00e7ou a se formar no Sul do Brasil nesta quarta-feira (7) e vai avan\u00e7ar em dire\u00e7\u00e3o ao Sudeste na quinta-feira (8), de acordo com os meteorologistas. O deslocamento desse sistema ser\u00e1 capaz mudar o tempo em todo o Estado de S\u00e3o Paulo, inclusive no interior paulista,\u2026","rel":"","context":"In &quot;Not\u00edcias de Ribeir\u00e3o Preto-SP e Regi\u00e3o&quot;","block_context":{"text":"Not\u00edcias de Ribeir\u00e3o Preto-SP e Regi\u00e3o","link":"https:\/\/ismaelcolosi.com.br\/index.php\/category\/noticias-de-ribeirao-preto-sp-e-regiao-ismael-colosi\/"},"img":{"alt_text":"","src":"https:\/\/i0.wp.com\/ismaelcolosi.com.br\/wp-content\/uploads\/2024\/07\/frio-df_mcamgo_abr_110820221818-4_2024-07-08_17-50-52_jpg_2024-07-08_17-50-54-scaled.webp.webp?fit=1200%2C800&ssl=1&resize=350%2C200","width":350,"height":200,"srcset":"https:\/\/i0.wp.com\/ismaelcolosi.com.br\/wp-content\/uploads\/2024\/07\/frio-df_mcamgo_abr_110820221818-4_2024-07-08_17-50-52_jpg_2024-07-08_17-50-54-scaled.webp.webp?fit=1200%2C800&ssl=1&resize=350%2C200 1x, https:\/\/i0.wp.com\/ismaelcolosi.com.br\/wp-content\/uploads\/2024\/07\/frio-df_mcamgo_abr_110820221818-4_2024-07-08_17-50-52_jpg_2024-07-08_17-50-54-scaled.webp.webp?fit=1200%2C800&ssl=1&resize=525%2C300 1.5x, https:\/\/i0.wp.com\/ismaelcolosi.com.br\/wp-content\/uploads\/2024\/07\/frio-df_mcamgo_abr_110820221818-4_2024-07-08_17-50-52_jpg_2024-07-08_17-50-54-scaled.webp.webp?fit=1200%2C800&ssl=1&resize=700%2C400 2x, https:\/\/i0.wp.com\/ismaelcolosi.com.br\/wp-content\/uploads\/2024\/07\/frio-df_mcamgo_abr_110820221818-4_2024-07-08_17-50-52_jpg_2024-07-08_17-50-54-scaled.webp.webp?fit=1200%2C800&ssl=1&resize=1050%2C600 3x"},"classes":[]},{"id":54678,"url":"https:\/\/ismaelcolosi.com.br\/index.php\/2024\/06\/27\/saiba-tudo-sobre-a-primeira-onda-de-frio-do-inverno-que-vai-atingir-ate-o-interior-de-sp\/","url_meta":{"origin":55790,"position":5},"title":"Saiba tudo sobre a primeira onda de frio do inverno que vai atingir at\u00e9 o interior de SP","author":"ismaelcolosi.com.br","date":"27 de June de 2024","format":false,"excerpt":"A primeira onda de frio do inverno 2024 come\u00e7a nesta sexta-feira (28) com chegada de uma forte frente fria. A previs\u00e3o de dura\u00e7\u00e3o deste sistema \u00e9 at\u00e9 o dia 2 de julho. Segundo a Climatempo, esta ser\u00e1 a primeira queda acentuada de temperatura no inverno deste ano, com destaque para\u2026","rel":"","context":"In &quot;Not\u00edcias de Ribeir\u00e3o Preto-SP e Regi\u00e3o&quot;","block_context":{"text":"Not\u00edcias de Ribeir\u00e3o Preto-SP e Regi\u00e3o","link":"https:\/\/ismaelcolosi.com.br\/index.php\/category\/noticias-de-ribeirao-preto-sp-e-regiao-ismael-colosi\/"},"img":{"alt_text":"","src":"https:\/\/i0.wp.com\/ismaelcolosi.com.br\/wp-content\/uploads\/2024\/06\/ONDA-DE-FRIO-2_2024-06-27_10-18-52_jpg_2024-06-27_10-18-52.webp.webp?fit=1200%2C889&ssl=1&resize=350%2C200","width":350,"height":200,"srcset":"https:\/\/i0.wp.com\/ismaelcolosi.com.br\/wp-content\/uploads\/2024\/06\/ONDA-DE-FRIO-2_2024-06-27_10-18-52_jpg_2024-06-27_10-18-52.webp.webp?fit=1200%2C889&ssl=1&resize=350%2C200 1x, https:\/\/i0.wp.com\/ismaelcolosi.com.br\/wp-content\/uploads\/2024\/06\/ONDA-DE-FRIO-2_2024-06-27_10-18-52_jpg_2024-06-27_10-18-52.webp.webp?fit=1200%2C889&ssl=1&resize=525%2C300 1.5x, https:\/\/i0.wp.com\/ismaelcolosi.com.br\/wp-content\/uploads\/2024\/06\/ONDA-DE-FRIO-2_2024-06-27_10-18-52_jpg_2024-06-27_10-18-52.webp.webp?fit=1200%2C889&ssl=1&resize=700%2C400 2x, https:\/\/i0.wp.com\/ismaelcolosi.com.br\/wp-content\/uploads\/2024\/06\/ONDA-DE-FRIO-2_2024-06-27_10-18-52_jpg_2024-06-27_10-18-52.webp.webp?fit=1200%2C889&ssl=1&resize=1050%2C600 3x"},"classes":[]}],"jetpack_sharing_enabled":true,"jetpack_shortlink":"https:\/\/wp.me\/pfMlyK-evQ","_links":{"self":[{"href":"https:\/\/ismaelcolosi.com.br\/index.php\/wp-json\/wp\/v2\/posts\/55790","targetHints":{"allow":["GET"]}}],"collection":[{"href":"https:\/\/ismaelcolosi.com.br\/index.php\/wp-json\/wp\/v2\/posts"}],"about":[{"href":"https:\/\/ismaelcolosi.com.br\/index.php\/wp-json\/wp\/v2\/types\/post"}],"author":[{"embeddable":true,"href":"https:\/\/ismaelcolosi.com.br\/index.php\/wp-json\/wp\/v2\/users\/1"}],"replies":[{"embeddable":true,"href":"https:\/\/ismaelcolosi.com.br\/index.php\/wp-json\/wp\/v2\/comments?post=55790"}],"version-history":[{"count":0,"href":"https:\/\/ismaelcolosi.com.br\/index.php\/wp-json\/wp\/v2\/posts\/55790\/revisions"}],"wp:featuredmedia":[{"embeddable":true,"href":"https:\/\/ismaelcolosi.com.br\/index.php\/wp-json\/wp\/v2\/media\/55791"}],"wp:attachment":[{"href":"https:\/\/ismaelcolosi.com.br\/index.php\/wp-json\/wp\/v2\/media?parent=55790"}],"wp:term":[{"taxonomy":"category","embeddable":true,"href":"https:\/\/ismaelcolosi.com.br\/index.php\/wp-json\/wp\/v2\/categories?post=55790"},{"taxonomy":"post_tag","embeddable":true,"href":"https:\/\/ismaelcolosi.com.br\/index.php\/wp-json\/wp\/v2\/tags?post=55790"}],"curies":[{"name":"wp","href":"https:\/\/api.w.org\/{rel}","templated":true}]}}