{"id":55784,"date":"2024-07-05T13:02:56","date_gmt":"2024-07-05T16:02:56","guid":{"rendered":"https:\/\/ismaelcolosi.com.br\/index.php\/2024\/07\/05\/governo-de-sp-abre-concurso-para-professores-do-ensino-tecnico-com-salarios-de-ate-r-53-mil\/"},"modified":"2024-07-05T13:02:56","modified_gmt":"2024-07-05T16:02:56","slug":"governo-de-sp-abre-concurso-para-professores-do-ensino-tecnico-com-salarios-de-ate-r-53-mil","status":"publish","type":"post","link":"https:\/\/ismaelcolosi.com.br\/index.php\/2024\/07\/05\/governo-de-sp-abre-concurso-para-professores-do-ensino-tecnico-com-salarios-de-ate-r-53-mil\/","title":{"rendered":"Governo de SP abre concurso para professores do ensino t\u00e9cnico com sal\u00e1rios de at\u00e9 R$ 5,3 mil"},"content":{"rendered":"<p> <br \/>\n<\/p>\n<div data-td-block-uid=\"tdi_106\">\n<div class=\"tdb-block-inner td-fix-index\">\n<p><strong>A <a href=\"https:\/\/www.educacao.sp.gov.br\/\" target=\"_blank\" rel=\"noreferrer noopener\">Secretaria da Educa\u00e7\u00e3o do Estado de S\u00e3o Paulo<\/a> abre nesta sexta-feira (5) as inscri\u00e7\u00f5es para o processo seletivo <strong>para contrata\u00e7\u00e3o tempor\u00e1ria <\/strong>de professores de forma\u00e7\u00e3o t\u00e9cnica profissional do ensino m\u00e9dio da rede estadual.<\/strong> As <strong>vagas <\/strong>s\u00e3o<strong> <\/strong>destinadas \u00e0 forma\u00e7\u00e3o de <strong>cadastro <\/strong>de <strong>reserva<\/strong>.<\/p>\n<p><mark style=\"background-color:#fcb900\" class=\"has-inline-color has-black-color\">A remunera\u00e7\u00e3o \u00e9 de R$ 5.300 para jornada de 40 horas semanais e de R$ 3.312,50 para jornada de 25 horas semanais.<\/mark><\/p><div class='code-block code-block-8' style='margin: 8px auto; text-align: center; display: block; clear: both;'>\n<script>\n  atOptions = {\n    'key' : '66e2e2111ca34da796271819fc334058',\n    'format' : 'iframe',\n    'height' : 250,\n    'width' : 300,\n    'params' : {}\n  };\n<\/script>\n<script src=\"https:\/\/www.highperformanceformat.com\/66e2e2111ca34da796271819fc334058\/invoke.js\"><\/script>\n<\/div>\n\n<p>As <strong>inscri\u00e7\u00f5es <\/strong>podem ser feitas <strong>a partir das 17h <\/strong>desta <strong>sexta at\u00e9 as 16h<\/strong> d<strong>o dia 5 de agosto <\/strong>pela <strong>internet<\/strong>. <a href=\"https:\/\/conhecimento.fgv.br\/concursos\/seducsp24\" target=\"_blank\" rel=\"noreferrer noopener\">Clique aqui <\/a>para acessar o <strong>site <\/strong>e tamb\u00e9m o <strong>edital<\/strong>.<\/p>\n<p>A <strong>taxa <\/strong>\u00e9 de <strong>R$ 49<\/strong> e o candidato deve escolher a <strong>Diretoria de Ensino<\/strong> de sua prefer\u00eancia.<\/p>\n<p>O <strong>processo seletivo<\/strong>, que inclui <strong>prova objetiva <\/strong>e <strong>discursiva<\/strong>, <strong>avalia\u00e7\u00e3o de t\u00edtulos <\/strong>(diplomas de forma\u00e7\u00e3o e experi\u00eancia profissional) e <strong>prova pr\u00e1tica<\/strong> (envio de videoaula gravada).<\/p>\n<p>As <strong>provas objetiva e discursiva<\/strong> est\u00e3o previstas para <strong>29 de setembro<\/strong>.<\/p>\n<p>Em <strong>2025<\/strong>, devem ser contratados aproximadamente <strong>3 mil professores<\/strong> para aulas presenciais em <strong>nove cursos<\/strong>: <strong>administra\u00e7\u00e3o, agroneg\u00f3cio, ci\u00eancia de dados, desenvolvimento de sistemas, enfermagem, farm\u00e1cia, hospedagem, log\u00edstica e vendas<\/strong>.<\/p>\n<p>SAIBA MAIS<\/p>\n<p>Seis anos depois, saiba onde est\u00e1 o disco voador de Sert\u00e3ozinho<\/p>\n<h4 class=\"wp-block-heading\"><strong>FIQUE ON<\/strong><\/h4>\n<p>Fique ligado em tudo que acontece em Ribeir\u00e3o Preto e regi\u00e3o. Siga os perfis do<strong>\u00a0acidade on<\/strong>\u00a0no<a href=\"https:\/\/www.instagram.com\/acidadeonribeirao\" target=\"_blank\" rel=\"noreferrer noopener\">\u00a0Instagram\u00a0<\/a>e no\u00a0<a href=\"https:\/\/www.facebook.com\/acidadeonribeirao\/\" target=\"_blank\" rel=\"noreferrer noopener\">Facebook<\/a>.<\/p>\n<p>Receba not\u00edcias do\u00a0<strong>acidade on<\/strong>\u00a0no WhatsApp.\u00a0<a href=\"https:\/\/chat.whatsapp.com\/CdrZ6xrf7quD44Vw3WlPuZ\" target=\"_blank\" rel=\"noreferrer noopener\">Para entrar no grupo, basta clicar aqui.<\/a><\/p>\n<p>Fa\u00e7a uma den\u00fancia ou sugira uma reportagem sobre Ribeir\u00e3o Preto e regi\u00e3o pelo WhatsApp: 16 99117 7802.<\/p>\n<p>VEJA TAMB\u00c9M<\/p>\n<p>Qual o cronograma do Enem dos Concursos?<\/p>\n<p><!-- AI CONTENT END 3 -->\n<\/div>\n<\/div>\n<p><script async src=\"\/\/www.instagram.com\/embed.js\"><\/script><br \/>\n<br \/><br \/>\n<br \/><a href=\"https:\/\/www.acidadeon.com\/ribeiraopreto\/cotidiano\/governo-de-sp-abre-concurso-para-professores-do-ensino-tecnico-com-salarios-de-ate-r-53-mil\/\">Source link <\/a><\/p>\n<div class='code-block code-block-4' style='margin: 8px auto 8px 0; text-align: left; display: block; clear: both;'>\n\ud83d\udce2 Aviso Legal\n\nO site ismaelcolosi.com.br atua apenas como um canal de divulga\u00e7\u00e3o de oportunidades de emprego e n\u00e3o se responsabiliza pelo processo seletivo, contrata\u00e7\u00e3o ou qualquer outra etapa relacionada \u00e0s vagas publicadas. Todas as informa\u00e7\u00f5es s\u00e3o de responsabilidade dos anunciantes.\n\n\u26a0\ufe0f Aten\u00e7\u00e3o! Nunca pague por promessas de emprego nem compre cursos que garantam contrata\u00e7\u00e3o. Desconfie de qualquer cobran\u00e7a para participar de sele\u00e7\u00f5es.\n\n\n\n<\/div>\n<!-- CONTENT END 1 -->\n","protected":false},"excerpt":{"rendered":"<p>A Secretaria da Educa\u00e7\u00e3o do Estado de S\u00e3o Paulo abre nesta sexta-feira (5) as inscri\u00e7\u00f5es para o processo seletivo para contrata\u00e7\u00e3o tempor\u00e1ria de professores de&#8230;<\/p>\n","protected":false},"author":1,"featured_media":55785,"comment_status":"open","ping_status":"open","sticky":false,"template":"","format":"standard","meta":{"_uag_custom_page_level_css":"","advanced_seo_description":"","jetpack_seo_html_title":"","jetpack_seo_noindex":false,"jetpack_post_was_ever_published":false,"_jetpack_newsletter_access":"","_jetpack_dont_email_post_to_subs":false,"_jetpack_newsletter_tier_id":0,"_jetpack_memberships_contains_paywalled_content":false,"_jetpack_memberships_contains_paid_content":false,"footnotes":"","jetpack_publicize_message":"","jetpack_publicize_feature_enabled":true,"jetpack_social_post_already_shared":true,"jetpack_social_options":{"image_generator_settings":{"template":"highway","default_image_id":0,"font":"","enabled":false},"version":2}},"categories":[11],"tags":[],"class_list":["post-55784","post","type-post","status-publish","format-standard","has-post-thumbnail","hentry","category-noticias-de-ribeirao-preto-sp-e-regiao-ismael-colosi"],"jetpack_publicize_connections":[],"jetpack_featured_media_url":"https:\/\/i0.wp.com\/ismaelcolosi.com.br\/wp-content\/uploads\/2024\/07\/WhatsApp-Image-2024-07-05-at-11.42.40_2024-07-05_15-19-36_jpeg_2024-07-05_15-19-37.webp.webp?fit=1280%2C853&ssl=1","uagb_featured_image_src":{"full":["https:\/\/i0.wp.com\/ismaelcolosi.com.br\/wp-content\/uploads\/2024\/07\/WhatsApp-Image-2024-07-05-at-11.42.40_2024-07-05_15-19-36_jpeg_2024-07-05_15-19-37.webp.webp?fit=1280%2C853&ssl=1",1280,853,false],"thumbnail":["https:\/\/i0.wp.com\/ismaelcolosi.com.br\/wp-content\/uploads\/2024\/07\/WhatsApp-Image-2024-07-05-at-11.42.40_2024-07-05_15-19-36_jpeg_2024-07-05_15-19-37.webp.webp?resize=150%2C150&ssl=1",150,150,true],"medium":["https:\/\/i0.wp.com\/ismaelcolosi.com.br\/wp-content\/uploads\/2024\/07\/WhatsApp-Image-2024-07-05-at-11.42.40_2024-07-05_15-19-36_jpeg_2024-07-05_15-19-37.webp.webp?fit=300%2C200&ssl=1",300,200,true],"medium_large":["https:\/\/i0.wp.com\/ismaelcolosi.com.br\/wp-content\/uploads\/2024\/07\/WhatsApp-Image-2024-07-05-at-11.42.40_2024-07-05_15-19-36_jpeg_2024-07-05_15-19-37.webp.webp?fit=768%2C512&ssl=1",768,512,true],"large":["https:\/\/i0.wp.com\/ismaelcolosi.com.br\/wp-content\/uploads\/2024\/07\/WhatsApp-Image-2024-07-05-at-11.42.40_2024-07-05_15-19-36_jpeg_2024-07-05_15-19-37.webp.webp?fit=1024%2C682&ssl=1",1024,682,true],"1536x1536":["https:\/\/i0.wp.com\/ismaelcolosi.com.br\/wp-content\/uploads\/2024\/07\/WhatsApp-Image-2024-07-05-at-11.42.40_2024-07-05_15-19-36_jpeg_2024-07-05_15-19-37.webp.webp?fit=1280%2C853&ssl=1",1280,853,true],"2048x2048":["https:\/\/i0.wp.com\/ismaelcolosi.com.br\/wp-content\/uploads\/2024\/07\/WhatsApp-Image-2024-07-05-at-11.42.40_2024-07-05_15-19-36_jpeg_2024-07-05_15-19-37.webp.webp?fit=1280%2C853&ssl=1",1280,853,true],"really-simple-thumb":["https:\/\/i0.wp.com\/ismaelcolosi.com.br\/wp-content\/uploads\/2024\/07\/WhatsApp-Image-2024-07-05-at-11.42.40_2024-07-05_15-19-36_jpeg_2024-07-05_15-19-37.webp.webp?resize=370%2C247&ssl=1",370,247,true]},"uagb_author_info":{"display_name":"ismaelcolosi.com.br","author_link":"https:\/\/ismaelcolosi.com.br\/index.php\/author\/vidareal-online\/"},"uagb_comment_info":0,"uagb_excerpt":"A Secretaria da Educa\u00e7\u00e3o do Estado de S\u00e3o Paulo abre nesta sexta-feira (5) as inscri\u00e7\u00f5es para o processo seletivo para contrata\u00e7\u00e3o tempor\u00e1ria de professores de...","jetpack-related-posts":[{"id":3222,"url":"https:\/\/ismaelcolosi.com.br\/index.php\/2023\/11\/17\/prefeitura-de-ribeirao-preto-abre-processo-seletivo-para-professores\/","url_meta":{"origin":55784,"position":0},"title":"Prefeitura de Ribeir\u00e3o Preto abre processo seletivo para professores","author":"ismaelcolosi.com.br","date":"17 de November de 2023","format":false,"excerpt":"A Prefeitura de Ribeir\u00e3o Preto publicou no Di\u00e1rio Oficial do Munic\u00edpio desta sexta-feira (17) a abertura do processo seletivo para o cadastro de reserva para professores int\u00e9rpretes. As vagas s\u00e3o para especialistas com dom\u00ednio na comunica\u00e7\u00e3o em Libras (L\u00edngua Brasileira de Sinais). Os sal\u00e1rios para fun\u00e7\u00e3o s\u00e3o de R$ 25,46\u2026","rel":"","context":"In &quot;Not\u00edcias de Ribeir\u00e3o Preto-SP e Regi\u00e3o&quot;","block_context":{"text":"Not\u00edcias de Ribeir\u00e3o Preto-SP e Regi\u00e3o","link":"https:\/\/ismaelcolosi.com.br\/index.php\/category\/noticias-de-ribeirao-preto-sp-e-regiao-ismael-colosi\/"},"img":{"alt_text":"","src":"https:\/\/i0.wp.com\/ismaelcolosi.com.br\/wp-content\/uploads\/2023\/11\/professora-de-libras.jpg?fit=1200%2C800&ssl=1&resize=350%2C200","width":350,"height":200,"srcset":"https:\/\/i0.wp.com\/ismaelcolosi.com.br\/wp-content\/uploads\/2023\/11\/professora-de-libras.jpg?fit=1200%2C800&ssl=1&resize=350%2C200 1x, https:\/\/i0.wp.com\/ismaelcolosi.com.br\/wp-content\/uploads\/2023\/11\/professora-de-libras.jpg?fit=1200%2C800&ssl=1&resize=525%2C300 1.5x, https:\/\/i0.wp.com\/ismaelcolosi.com.br\/wp-content\/uploads\/2023\/11\/professora-de-libras.jpg?fit=1200%2C800&ssl=1&resize=700%2C400 2x, https:\/\/i0.wp.com\/ismaelcolosi.com.br\/wp-content\/uploads\/2023\/11\/professora-de-libras.jpg?fit=1200%2C800&ssl=1&resize=1050%2C600 3x"},"classes":[]},{"id":18825,"url":"https:\/\/ismaelcolosi.com.br\/index.php\/2023\/12\/21\/concurso-publico-em-araguapaz-go-camara-municipal-abre-vagas\/","url_meta":{"origin":55784,"position":1},"title":"Concurso p\u00fablico em Araguapaz (GO): C\u00e2mara Municipal abre vagas","author":"ismaelcolosi.com.br","date":"21 de December de 2023","format":false,"excerpt":"Cr\u00e9ditos: IStockConcurso p\u00fablico em Araguapaz A C\u00e2mara Municipal de Araguapaz, Goi\u00e1s, lan\u00e7ou o edital de n\u00famero 001\/2023 para o t\u00e3o aguardado concurso p\u00fablico. O certame visa preencher quatro vagas imediatas e formar um cadastro reserva para outras 12 oportunidades. As posi\u00e7\u00f5es dispon\u00edveis contemplam candidatos com forma\u00e7\u00e3o em n\u00edveis m\u00e9dio e\u2026","rel":"","context":"In &quot;Variedades&quot;","block_context":{"text":"Variedades","link":"https:\/\/ismaelcolosi.com.br\/index.php\/category\/variedades\/"},"img":{"alt_text":"","src":"https:\/\/i0.wp.com\/ismaelcolosi.com.br\/wp-content\/uploads\/2023\/12\/istock-1041145756.jpg?fit=1200%2C638&ssl=1&resize=350%2C200","width":350,"height":200,"srcset":"https:\/\/i0.wp.com\/ismaelcolosi.com.br\/wp-content\/uploads\/2023\/12\/istock-1041145756.jpg?fit=1200%2C638&ssl=1&resize=350%2C200 1x, https:\/\/i0.wp.com\/ismaelcolosi.com.br\/wp-content\/uploads\/2023\/12\/istock-1041145756.jpg?fit=1200%2C638&ssl=1&resize=525%2C300 1.5x, https:\/\/i0.wp.com\/ismaelcolosi.com.br\/wp-content\/uploads\/2023\/12\/istock-1041145756.jpg?fit=1200%2C638&ssl=1&resize=700%2C400 2x, https:\/\/i0.wp.com\/ismaelcolosi.com.br\/wp-content\/uploads\/2023\/12\/istock-1041145756.jpg?fit=1200%2C638&ssl=1&resize=1050%2C600 3x"},"classes":[]},{"id":45013,"url":"https:\/\/ismaelcolosi.com.br\/index.php\/2024\/04\/01\/hemocentro-de-ribeirao-preto-abre-novo-processo-seletivo-veja-como-participar\/","url_meta":{"origin":55784,"position":2},"title":"Hemocentro de Ribeir\u00e3o Preto abre novo processo seletivo; Veja como participar","author":"ismaelcolosi.com.br","date":"1 de April de 2024","format":false,"excerpt":"O Hemocentro de Ribeir\u00e3o Preto abriu processo seletivo para o cargo de t\u00e9cnico em manuten\u00e7\u00e3o predial. Os sal\u00e1rios para fun\u00e7\u00e3o s\u00e3o de R$ 2.439, al\u00e9m dos benef\u00edcios, como o vale-alimenta\u00e7\u00e3o de R$ 1 mil mensais. As inscri\u00e7\u00f5es podem ser realizadas at\u00e9 as 23h59 do dia 4 de abril de 2024\u2026","rel":"","context":"In &quot;Not\u00edcias de Ribeir\u00e3o Preto-SP e Regi\u00e3o&quot;","block_context":{"text":"Not\u00edcias de Ribeir\u00e3o Preto-SP e Regi\u00e3o","link":"https:\/\/ismaelcolosi.com.br\/index.php\/category\/noticias-de-ribeirao-preto-sp-e-regiao-ismael-colosi\/"},"img":{"alt_text":"","src":"https:\/\/i0.wp.com\/ismaelcolosi.com.br\/wp-content\/uploads\/2024\/04\/hemocentro.png?fit=800%2C420&ssl=1&resize=350%2C200","width":350,"height":200,"srcset":"https:\/\/i0.wp.com\/ismaelcolosi.com.br\/wp-content\/uploads\/2024\/04\/hemocentro.png?fit=800%2C420&ssl=1&resize=350%2C200 1x, https:\/\/i0.wp.com\/ismaelcolosi.com.br\/wp-content\/uploads\/2024\/04\/hemocentro.png?fit=800%2C420&ssl=1&resize=525%2C300 1.5x, https:\/\/i0.wp.com\/ismaelcolosi.com.br\/wp-content\/uploads\/2024\/04\/hemocentro.png?fit=800%2C420&ssl=1&resize=700%2C400 2x"},"classes":[]},{"id":54580,"url":"https:\/\/ismaelcolosi.com.br\/index.php\/2024\/06\/26\/faepa-ribeirao-preto-abre-processos-seletivos-para-acougueiro-e-copeiro-saiba-mais\/","url_meta":{"origin":55784,"position":3},"title":"Faepa Ribeir\u00e3o Preto abre processos seletivos para a\u00e7ougueiro e copeiro; Saiba mais","author":"ismaelcolosi.com.br","date":"26 de June de 2024","format":false,"excerpt":"A Faepa (Funda\u00e7\u00e3o de Apoio ao Ensino, Pesquisa e Assist\u00eancia do Hospital das Cl\u00ednicas) de Ribeir\u00e3o Preto est\u00e1 com inscri\u00e7\u00f5es abertas para novos processos seletivos. As vagas exigem o ensino fundamental e s\u00e3o para a\u00e7ougueiro e copeiro. Os sal\u00e1rios s\u00e3o de at\u00e9 R$ 2.489,10. Para os interessados, as inscri\u00e7\u00f5es para\u2026","rel":"","context":"In &quot;Not\u00edcias de Ribeir\u00e3o Preto-SP e Regi\u00e3o&quot;","block_context":{"text":"Not\u00edcias de Ribeir\u00e3o Preto-SP e Regi\u00e3o","link":"https:\/\/ismaelcolosi.com.br\/index.php\/category\/noticias-de-ribeirao-preto-sp-e-regiao-ismael-colosi\/"},"img":{"alt_text":"","src":"https:\/\/i0.wp.com\/ismaelcolosi.com.br\/wp-content\/uploads\/2024\/06\/Copia-de-Copia-de-TAMANHO-EXATO-PARA-FOTOS-NO-SISTEMA-NOVO_2024-06-26_14-46-49_jpg_2024-06-26_14-46-49.webp.webp?fit=1200%2C675&ssl=1&resize=350%2C200","width":350,"height":200,"srcset":"https:\/\/i0.wp.com\/ismaelcolosi.com.br\/wp-content\/uploads\/2024\/06\/Copia-de-Copia-de-TAMANHO-EXATO-PARA-FOTOS-NO-SISTEMA-NOVO_2024-06-26_14-46-49_jpg_2024-06-26_14-46-49.webp.webp?fit=1200%2C675&ssl=1&resize=350%2C200 1x, https:\/\/i0.wp.com\/ismaelcolosi.com.br\/wp-content\/uploads\/2024\/06\/Copia-de-Copia-de-TAMANHO-EXATO-PARA-FOTOS-NO-SISTEMA-NOVO_2024-06-26_14-46-49_jpg_2024-06-26_14-46-49.webp.webp?fit=1200%2C675&ssl=1&resize=525%2C300 1.5x, https:\/\/i0.wp.com\/ismaelcolosi.com.br\/wp-content\/uploads\/2024\/06\/Copia-de-Copia-de-TAMANHO-EXATO-PARA-FOTOS-NO-SISTEMA-NOVO_2024-06-26_14-46-49_jpg_2024-06-26_14-46-49.webp.webp?fit=1200%2C675&ssl=1&resize=700%2C400 2x, https:\/\/i0.wp.com\/ismaelcolosi.com.br\/wp-content\/uploads\/2024\/06\/Copia-de-Copia-de-TAMANHO-EXATO-PARA-FOTOS-NO-SISTEMA-NOVO_2024-06-26_14-46-49_jpg_2024-06-26_14-46-49.webp.webp?fit=1200%2C675&ssl=1&resize=1050%2C600 3x"},"classes":[]},{"id":34404,"url":"https:\/\/ismaelcolosi.com.br\/index.php\/2024\/02\/01\/bnb-abre-inscricoes-para-concurso-nesta-sexta-feira\/","url_meta":{"origin":55784,"position":4},"title":"BNB abre inscri\u00e7\u00f5es para concurso nesta sexta-feira","author":"ismaelcolosi.com.br","date":"1 de February de 2024","format":false,"excerpt":"Ag\u00eancia Brasili Ag\u00eancia Brasil 01\/02\/2024 - 12:25 O Banco do Nordeste do Brasil (BNB) come\u00e7ar\u00e1 nesta sexta-feira (2) a receber inscri\u00e7\u00f5es para o concurso p\u00fablico de n\u00edvel m\u00e9dio que oferece 710 vagas para o cargo de analista banc\u00e1rio.As inscri\u00e7\u00f5es podem ser feitas a partir das 10h, no site da Funda\u00e7\u00e3o\u2026","rel":"","context":"In &quot;Vagas de Emprego em Ribeir\u00e3o Preto-SP&quot;","block_context":{"text":"Vagas de Emprego em Ribeir\u00e3o Preto-SP","link":"https:\/\/ismaelcolosi.com.br\/index.php\/category\/empregos-classificados-vagas-trabalho\/vagas-de-empregos-em-ribeirao-preto-regiao-brasil\/"},"img":{"alt_text":"","src":"https:\/\/i0.wp.com\/ismaelcolosi.com.br\/wp-content\/uploads\/2024\/02\/unnamed-5.jpg?fit=960%2C640&ssl=1&resize=350%2C200","width":350,"height":200,"srcset":"https:\/\/i0.wp.com\/ismaelcolosi.com.br\/wp-content\/uploads\/2024\/02\/unnamed-5.jpg?fit=960%2C640&ssl=1&resize=350%2C200 1x, https:\/\/i0.wp.com\/ismaelcolosi.com.br\/wp-content\/uploads\/2024\/02\/unnamed-5.jpg?fit=960%2C640&ssl=1&resize=525%2C300 1.5x, https:\/\/i0.wp.com\/ismaelcolosi.com.br\/wp-content\/uploads\/2024\/02\/unnamed-5.jpg?fit=960%2C640&ssl=1&resize=700%2C400 2x"},"classes":[]},{"id":57316,"url":"https:\/\/ismaelcolosi.com.br\/index.php\/2024\/07\/19\/veja-a-classificacao-do-concurso-publico-com-15-mil-vagas-para-professores-em-sp\/","url_meta":{"origin":55784,"position":5},"title":"Veja a classifica\u00e7\u00e3o do concurso p\u00fablico com 15 mil vagas para professores em SP","author":"ismaelcolosi.com.br","date":"19 de July de 2024","format":false,"excerpt":"A Secretaria da Educa\u00e7\u00e3o do Estado de S\u00e3o Paulo publicou na edi\u00e7\u00e3o desta sexta-feira (19) do Di\u00e1rio Oficial do Estado a classifica\u00e7\u00e3o definitiva dos candidatos do concurso p\u00fablico para professores dos anos finais do ensino fundamental e ensino m\u00e9dio realizado no segundo semestre de 2023. Cerca de 290 mil profissionais\u2026","rel":"","context":"In &quot;Not\u00edcias de Ribeir\u00e3o Preto-SP e Regi\u00e3o&quot;","block_context":{"text":"Not\u00edcias de Ribeir\u00e3o Preto-SP e Regi\u00e3o","link":"https:\/\/ismaelcolosi.com.br\/index.php\/category\/noticias-de-ribeirao-preto-sp-e-regiao-ismael-colosi\/"},"img":{"alt_text":"","src":"https:\/\/i0.wp.com\/ismaelcolosi.com.br\/wp-content\/uploads\/2024\/07\/AnyConv.com__sala-de-aula_2024-07-19_16-21-32.webp.webp?fit=1200%2C800&ssl=1&resize=350%2C200","width":350,"height":200,"srcset":"https:\/\/i0.wp.com\/ismaelcolosi.com.br\/wp-content\/uploads\/2024\/07\/AnyConv.com__sala-de-aula_2024-07-19_16-21-32.webp.webp?fit=1200%2C800&ssl=1&resize=350%2C200 1x, https:\/\/i0.wp.com\/ismaelcolosi.com.br\/wp-content\/uploads\/2024\/07\/AnyConv.com__sala-de-aula_2024-07-19_16-21-32.webp.webp?fit=1200%2C800&ssl=1&resize=525%2C300 1.5x, https:\/\/i0.wp.com\/ismaelcolosi.com.br\/wp-content\/uploads\/2024\/07\/AnyConv.com__sala-de-aula_2024-07-19_16-21-32.webp.webp?fit=1200%2C800&ssl=1&resize=700%2C400 2x, https:\/\/i0.wp.com\/ismaelcolosi.com.br\/wp-content\/uploads\/2024\/07\/AnyConv.com__sala-de-aula_2024-07-19_16-21-32.webp.webp?fit=1200%2C800&ssl=1&resize=1050%2C600 3x"},"classes":[]}],"jetpack_sharing_enabled":true,"jetpack_shortlink":"https:\/\/wp.me\/pfMlyK-evK","_links":{"self":[{"href":"https:\/\/ismaelcolosi.com.br\/index.php\/wp-json\/wp\/v2\/posts\/55784","targetHints":{"allow":["GET"]}}],"collection":[{"href":"https:\/\/ismaelcolosi.com.br\/index.php\/wp-json\/wp\/v2\/posts"}],"about":[{"href":"https:\/\/ismaelcolosi.com.br\/index.php\/wp-json\/wp\/v2\/types\/post"}],"author":[{"embeddable":true,"href":"https:\/\/ismaelcolosi.com.br\/index.php\/wp-json\/wp\/v2\/users\/1"}],"replies":[{"embeddable":true,"href":"https:\/\/ismaelcolosi.com.br\/index.php\/wp-json\/wp\/v2\/comments?post=55784"}],"version-history":[{"count":0,"href":"https:\/\/ismaelcolosi.com.br\/index.php\/wp-json\/wp\/v2\/posts\/55784\/revisions"}],"wp:featuredmedia":[{"embeddable":true,"href":"https:\/\/ismaelcolosi.com.br\/index.php\/wp-json\/wp\/v2\/media\/55785"}],"wp:attachment":[{"href":"https:\/\/ismaelcolosi.com.br\/index.php\/wp-json\/wp\/v2\/media?parent=55784"}],"wp:term":[{"taxonomy":"category","embeddable":true,"href":"https:\/\/ismaelcolosi.com.br\/index.php\/wp-json\/wp\/v2\/categories?post=55784"},{"taxonomy":"post_tag","embeddable":true,"href":"https:\/\/ismaelcolosi.com.br\/index.php\/wp-json\/wp\/v2\/tags?post=55784"}],"curies":[{"name":"wp","href":"https:\/\/api.w.org\/{rel}","templated":true}]}}