{"id":55779,"date":"2024-07-05T12:47:00","date_gmt":"2024-07-05T15:47:00","guid":{"rendered":"https:\/\/ismaelcolosi.com.br\/index.php\/2024\/07\/05\/feriado-de-9-de-julho-veja-o-que-abre-e-fecha-nos-servicos-publicos-em-ribeirao-preto\/"},"modified":"2024-07-05T12:47:00","modified_gmt":"2024-07-05T15:47:00","slug":"feriado-de-9-de-julho-veja-o-que-abre-e-fecha-nos-servicos-publicos-em-ribeirao-preto","status":"publish","type":"post","link":"https:\/\/ismaelcolosi.com.br\/index.php\/2024\/07\/05\/feriado-de-9-de-julho-veja-o-que-abre-e-fecha-nos-servicos-publicos-em-ribeirao-preto\/","title":{"rendered":"Feriado de 9 de julho: Veja o que abre e fecha nos servi\u00e7os p\u00fablicos em Ribeir\u00e3o Preto"},"content":{"rendered":"<p> <br \/>\n<\/p>\n<div>\n<p>No pr\u00f3ximo dia <strong>9 de julho<\/strong> \u00e9 comemorado o feriado da <strong>Revolu\u00e7\u00e3o Constitucionalista<\/strong>\u00a0<strong>de 1932<\/strong> no<strong> <\/strong>Estado de<strong> S\u00e3o Paulo<\/strong>. <\/p>\n<p>Por esse motivo, os servi\u00e7os p\u00fablicos de<strong> Ribeir\u00e3o Preto<\/strong> ter\u00e3o <mark style=\"background-color:#fcb900\" class=\"has-inline-color has-black-color\">hor\u00e1rios de funcionamento alterados<\/mark>. Confira o que abre e fecha na <strong>ter\u00e7a-feira (9)<\/strong>. No munic\u00edpio, a<strong> segunda-feira (8)<\/strong> ser\u00e1 considerada <strong>ponto facultativo<\/strong>.<\/p><div class='code-block code-block-8' style='margin: 8px auto; text-align: center; display: block; clear: both;'>\n<script>\n  atOptions = {\n    'key' : '66e2e2111ca34da796271819fc334058',\n    'format' : 'iframe',\n    'height' : 250,\n    'width' : 300,\n    'params' : {}\n  };\n<\/script>\n<script src=\"https:\/\/www.highperformanceformat.com\/66e2e2111ca34da796271819fc334058\/invoke.js\"><\/script>\n<\/div>\n\n<h4 class=\"wp-block-heading\"><strong>Sa\u00fade<\/strong><\/h4>\n<p>As <strong>UPAs<\/strong> e a <strong>UBDS da Vila Virg\u00ednia <\/strong>seguem com atendimento<strong> 24 horas<\/strong> no feriado:<\/p>\n<ul>\n<li>UPA Norte, localizada na avenida General Euclides de Figueiredo, 371<\/li>\n<li>UPA Oeste, na rua Terezina, 67<\/li>\n<li>Unidade B\u00e1sica Distrital de Sa\u00fade da Vila Virg\u00ednia, na rua Franco da Rocha, 1.270.<\/li>\n<\/ul>\n<p>A <strong>Unidade de Vigil\u00e2ncia em Zoonoses<\/strong>, localizada na <strong>avenida Eduardo Andrea Matarazzo, 4255 <\/strong>(via Norte), tamb\u00e9m funcionar\u00e1 durante a segunda-feira (8) e no feriado, das <strong>7h \u00e0s 19h<\/strong>.<\/p>\n<h4 class=\"wp-block-heading\"><strong>Transporte<\/strong><\/h4>\n<p>As centrais de Benef\u00edcio e de Vendas, na<strong> rua S\u00e3o Sebasti\u00e3o<\/strong>, estar\u00e3o <strong>fechadas<\/strong> na<strong> ter\u00e7a-feira (9)<\/strong>. O atendimento retorna na <strong>quarta-feira (10)<\/strong>. Veja hor\u00e1rio do terminal:<\/p>\n<ul>\n<li>Terminal do Ribeir\u00e3o Shopping, das 6h \u00e0s 18h.<\/li>\n<li>Terminal Hospital das Cl\u00ednicas, das 6h \u00e0s 12h.<\/li>\n<\/ul>\n<p>O terminal Dra. Evangelina de Carvalho Passig e o telefone <strong>0800 16 16 001<\/strong> do <strong>Cons\u00f3rcio Pr\u00f3 Urbano<\/strong> ter\u00e3o expediente normal. J\u00e1 os terminais urbanos do Jardim S\u00e3o Jos\u00e9, Vila Abranches, Ribeir\u00e3o Verde, Jos\u00e9 Sampaio e Bonfim Paulista funcionar\u00e3o das <strong>6h \u00e0s 12h<\/strong>.<\/p>\n<p>Nos dias<strong> 8 e 9 de julho<\/strong>,\u00a0<strong><mark style=\"background-color:#fcb900\" class=\"has-inline-color has-black-color\">n\u00e3o haver\u00e1 atendimento ao p\u00fablico no pr\u00e9dio administrativo da RP Mobi<\/mark><\/strong> (rua General C\u00e2mara, 2910). O atendimento retoma <strong>quarta-feira (10)<\/strong>. \u00a0<\/p>\n<p>J\u00e1 os servi\u00e7os de plant\u00e3o para apoio emergencial ao tr\u00e2nsito funcionar\u00e3o normalmente pelo telefone <strong>(16) 3934-9500<\/strong>.<\/p>\n<h4 class=\"wp-block-heading\"><strong>Poupatempo<\/strong><\/h4>\n<p>O <strong>Poupatempo<\/strong> funcionar\u00e1 normalmente na <strong>segunda-feira (8)<\/strong> e n\u00e3o atender\u00e1 na<strong> ter\u00e7a-feira (9)<\/strong>, retornando ao funcionamento em hor\u00e1rio normal na <strong>quarta-feira (10)<\/strong>.<\/p>\n<h4 class=\"wp-block-heading\"><strong>Assist\u00eancia Social<\/strong><\/h4>\n<p>As den\u00fancias poder\u00e3o ser feitas pelo <strong>FAS \u2013 Fale Assist\u00eancia Social<\/strong>, todos os dias, 24h. Veja as formas de contato: Telefone: 161 \/ 0800-77 30 161 WhatsApp: (16) 3610-0687 E-mail: fas161rp@gmail.com Site FAS (<a href=\"https:\/\/fasdenuncia.ribeirao.br\/\" target=\"_blank\" rel=\"noreferrer noopener\">clique aqui<\/a>).<\/p>\n<h4 class=\"wp-block-heading\"><strong>Guarda Civil Metropolitana<\/strong><\/h4>\n<p>Os servi\u00e7os realizados pela<strong> GCM<\/strong> e atendimento ao mun\u00edcipio pelo telefone <strong>153<\/strong>, funcionar\u00e3o normalmente.<\/p>\n<h4 class=\"wp-block-heading\"><strong>Defesa Civil<\/strong><\/h4>\n<p>A <strong>Defesa Civil <\/strong>funcionar\u00e1 em hor\u00e1rio normal, e atende pelo telefone <strong>199<\/strong>.<\/p>\n<h4 class=\"wp-block-heading\"><strong>Coleta de Lixo<\/strong><\/h4>\n<p>A coleta de res\u00edduos e os ecopontos funcionar\u00e3o normalmente durante o<strong> feriado<\/strong> e tamb\u00e9m na <strong>segunda-feira (8)<\/strong>.<\/p>\n<h4 class=\"wp-block-heading\"><strong>Saerp<\/strong><\/h4>\n<p>Por oferecer servi\u00e7os essenciais \u00e0 popula\u00e7\u00e3o, a <strong>Saerp<\/strong> estar\u00e1 funcionando no feriado, sob escala de plant\u00e3o. Contudo, o atendimento presencial no Poupatempo estar\u00e1 fechado na <strong>ter\u00e7a-feira (9)<\/strong>, voltando ao funcionamento normal na <strong>quarta-feira (10)<\/strong>.<\/p>\n<p>J\u00e1 a <strong>Central de Atendimento da Secretaria<\/strong>, atrav\u00e9s do <strong>0800 115 0 115<\/strong>, estar\u00e1 funcionando normalmente, <strong>24h<\/strong>.<\/p>\n<p>SAIBA MAIS<br \/>PF mira suspeito de compartilhar imagens de abuso sexual infantil na regi\u00e3o de Ribeir\u00e3o<\/p>\n<h4 class=\"wp-block-heading\"><strong>FIQUE ON<\/strong><\/h4>\n<p>Fique ligado em tudo que acontece em Ribeir\u00e3o Preto e regi\u00e3o. Siga os perfis do <strong>acidade on <\/strong>no <a href=\"https:\/\/www.instagram.com\/acidadeonribeirao\" target=\"_blank\" rel=\"noreferrer noopener\">Instagram<\/a> e no <a href=\"https:\/\/www.facebook.com\/acidadeonribeirao\" target=\"_blank\" rel=\"noreferrer noopener\">Facebook<\/a>.<\/p>\n<p>Receba not\u00edcias do acidade on no WhatsApp. Para entrar no grupo, basta <a href=\"https:\/\/chat.whatsapp.com\/CdrZ6xrf7quD44Vw3WlPuZ\" target=\"_blank\" rel=\"noreferrer noopener\">clicar aqui<\/a>.<\/p>\n<p>Fa\u00e7a uma den\u00fancia ou sugira uma reportagem sobre Ribeir\u00e3o Preto e regi\u00e3o pelo WhatsApp: 16 99117 7802.<\/p>\n<p>VEJA TAMB\u00c9M<br \/>Por que a Rafa Kalimann foi processada?<\/p>\n<p><!-- AI CONTENT END 1 -->\n<\/div>\n<p><script async src=\"\/\/www.instagram.com\/embed.js\"><\/script><br \/>\n<br \/><br \/>\n<br \/><a href=\"https:\/\/www.acidadeon.com\/ribeiraopreto\/cotidiano\/feriado-de-9-de-julho-veja-o-que-abre-e-fecha-nos-servicos-publicos-em-ribeirao-preto\/\">Source link <\/a><\/p>\n<div class='code-block code-block-4' style='margin: 8px auto 8px 0; text-align: left; display: block; clear: both;'>\n\ud83d\udce2 Aviso Legal\n\nO site ismaelcolosi.com.br atua apenas como um canal de divulga\u00e7\u00e3o de oportunidades de emprego e n\u00e3o se responsabiliza pelo processo seletivo, contrata\u00e7\u00e3o ou qualquer outra etapa relacionada \u00e0s vagas publicadas. Todas as informa\u00e7\u00f5es s\u00e3o de responsabilidade dos anunciantes.\n\n\u26a0\ufe0f Aten\u00e7\u00e3o! Nunca pague por promessas de emprego nem compre cursos que garantam contrata\u00e7\u00e3o. Desconfie de qualquer cobran\u00e7a para participar de sele\u00e7\u00f5es.\n\n\n\n<\/div>\n<!-- CONTENT END 1 -->\n","protected":false},"excerpt":{"rendered":"<p>No pr\u00f3ximo dia 9 de julho \u00e9 comemorado o feriado da Revolu\u00e7\u00e3o Constitucionalista\u00a0de 1932 no Estado de S\u00e3o Paulo. Por esse motivo, os servi\u00e7os p\u00fablicos&#8230;<\/p>\n","protected":false},"author":1,"featured_media":55780,"comment_status":"open","ping_status":"open","sticky":false,"template":"","format":"standard","meta":{"_uag_custom_page_level_css":"","advanced_seo_description":"","jetpack_seo_html_title":"","jetpack_seo_noindex":false,"jetpack_post_was_ever_published":false,"_jetpack_newsletter_access":"","_jetpack_dont_email_post_to_subs":false,"_jetpack_newsletter_tier_id":0,"_jetpack_memberships_contains_paywalled_content":false,"_jetpack_memberships_contains_paid_content":false,"footnotes":"","jetpack_publicize_message":"","jetpack_publicize_feature_enabled":true,"jetpack_social_post_already_shared":true,"jetpack_social_options":{"image_generator_settings":{"template":"highway","default_image_id":0,"font":"","enabled":false},"version":2}},"categories":[11],"tags":[],"class_list":["post-55779","post","type-post","status-publish","format-standard","has-post-thumbnail","hentry","category-noticias-de-ribeirao-preto-sp-e-regiao-ismael-colosi"],"jetpack_publicize_connections":[],"jetpack_featured_media_url":"https:\/\/i0.wp.com\/ismaelcolosi.com.br\/wp-content\/uploads\/2024\/07\/predio_novo_-_foto_guilherme_sircili_2.jpg?fit=1623%2C1080&ssl=1","uagb_featured_image_src":{"full":["https:\/\/i0.wp.com\/ismaelcolosi.com.br\/wp-content\/uploads\/2024\/07\/predio_novo_-_foto_guilherme_sircili_2.jpg?fit=1623%2C1080&ssl=1",1623,1080,false],"thumbnail":["https:\/\/i0.wp.com\/ismaelcolosi.com.br\/wp-content\/uploads\/2024\/07\/predio_novo_-_foto_guilherme_sircili_2.jpg?resize=150%2C150&ssl=1",150,150,true],"medium":["https:\/\/i0.wp.com\/ismaelcolosi.com.br\/wp-content\/uploads\/2024\/07\/predio_novo_-_foto_guilherme_sircili_2.jpg?fit=300%2C200&ssl=1",300,200,true],"medium_large":["https:\/\/i0.wp.com\/ismaelcolosi.com.br\/wp-content\/uploads\/2024\/07\/predio_novo_-_foto_guilherme_sircili_2.jpg?fit=768%2C511&ssl=1",768,511,true],"large":["https:\/\/i0.wp.com\/ismaelcolosi.com.br\/wp-content\/uploads\/2024\/07\/predio_novo_-_foto_guilherme_sircili_2.jpg?fit=1024%2C681&ssl=1",1024,681,true],"1536x1536":["https:\/\/i0.wp.com\/ismaelcolosi.com.br\/wp-content\/uploads\/2024\/07\/predio_novo_-_foto_guilherme_sircili_2.jpg?fit=1536%2C1022&ssl=1",1536,1022,true],"2048x2048":["https:\/\/i0.wp.com\/ismaelcolosi.com.br\/wp-content\/uploads\/2024\/07\/predio_novo_-_foto_guilherme_sircili_2.jpg?fit=1623%2C1080&ssl=1",1623,1080,true],"really-simple-thumb":["https:\/\/i0.wp.com\/ismaelcolosi.com.br\/wp-content\/uploads\/2024\/07\/predio_novo_-_foto_guilherme_sircili_2.jpg?resize=370%2C247&ssl=1",370,247,true]},"uagb_author_info":{"display_name":"ismaelcolosi.com.br","author_link":"https:\/\/ismaelcolosi.com.br\/index.php\/author\/vidareal-online\/"},"uagb_comment_info":0,"uagb_excerpt":"No pr\u00f3ximo dia 9 de julho \u00e9 comemorado o feriado da Revolu\u00e7\u00e3o Constitucionalista\u00a0de 1932 no Estado de S\u00e3o Paulo. Por esse motivo, os servi\u00e7os p\u00fablicos...","jetpack-related-posts":[{"id":1919,"url":"https:\/\/ismaelcolosi.com.br\/index.php\/2023\/11\/14\/feriado-veja-o-que-abre-e-fecha-nos-servicos-publicos-em-ribeirao-preto\/","url_meta":{"origin":55779,"position":0},"title":"Feriado: Veja o que abre e fecha nos servi\u00e7os p\u00fablicos em Ribeir\u00e3o Preto\u00a0","author":"ismaelcolosi.com.br","date":"14 de November de 2023","format":false,"excerpt":"No feriado da Proclama\u00e7\u00e3o da Rep\u00fablica, nesta quarta-feira (15), os servi\u00e7os essenciais ser\u00e3o mantidos no munic\u00edpio pela Prefeitura de Ribeir\u00e3o Preto. As reparti\u00e7\u00f5es p\u00fablicas fecham na quarta (15) e s\u00f3 reabrem na quinta-feira (17). \u00a0 Veja o que abre e fecha\u00a0 SA\u00daDE\u00a0 UPA Leste \u2013 Avenida Treze de Maio, 353:\u2026","rel":"","context":"In &quot;Not\u00edcias de Ribeir\u00e3o Preto-SP e Regi\u00e3o&quot;","block_context":{"text":"Not\u00edcias de Ribeir\u00e3o Preto-SP e Regi\u00e3o","link":"https:\/\/ismaelcolosi.com.br\/index.php\/category\/noticias-de-ribeirao-preto-sp-e-regiao-ismael-colosi\/"},"img":{"alt_text":"","src":"https:\/\/i0.wp.com\/ismaelcolosi.com.br\/wp-content\/uploads\/2023\/11\/predio_novo_-_foto_guilherme_sircili_2-1.jpg?fit=1200%2C799&ssl=1&resize=350%2C200","width":350,"height":200,"srcset":"https:\/\/i0.wp.com\/ismaelcolosi.com.br\/wp-content\/uploads\/2023\/11\/predio_novo_-_foto_guilherme_sircili_2-1.jpg?fit=1200%2C799&ssl=1&resize=350%2C200 1x, https:\/\/i0.wp.com\/ismaelcolosi.com.br\/wp-content\/uploads\/2023\/11\/predio_novo_-_foto_guilherme_sircili_2-1.jpg?fit=1200%2C799&ssl=1&resize=525%2C300 1.5x, https:\/\/i0.wp.com\/ismaelcolosi.com.br\/wp-content\/uploads\/2023\/11\/predio_novo_-_foto_guilherme_sircili_2-1.jpg?fit=1200%2C799&ssl=1&resize=700%2C400 2x, https:\/\/i0.wp.com\/ismaelcolosi.com.br\/wp-content\/uploads\/2023\/11\/predio_novo_-_foto_guilherme_sircili_2-1.jpg?fit=1200%2C799&ssl=1&resize=1050%2C600 3x"},"classes":[]},{"id":53559,"url":"https:\/\/ismaelcolosi.com.br\/index.php\/2024\/06\/17\/veja-o-que-abre-e-fecha-nos-servicos-publicos-durante-o-aniversario-de-ribeirao-preto\/","url_meta":{"origin":55779,"position":1},"title":"Veja o que abre e fecha nos servi\u00e7os p\u00fablicos durante o anivers\u00e1rio de Ribeir\u00e3o Preto","author":"ismaelcolosi.com.br","date":"17 de June de 2024","format":false,"excerpt":"Ribeir\u00e3o Preto celebra 168 anos nesta quarta-feira (19) e, por conta disso, os hor\u00e1rios de funcionamento dos servi\u00e7os p\u00fablicos da cidade sofrem mudan\u00e7as. Os servi\u00e7os p\u00fablicos essenciais ser\u00e3o mantidos no munic\u00edpio e as reparti\u00e7\u00f5es p\u00fablicas estar\u00e3o fechadas, retornando ao funcionamento normal na quinta-feira (20). Confira os hor\u00e1rios de funcionamento: Sa\u00fade\u2026","rel":"","context":"In &quot;Not\u00edcias de Ribeir\u00e3o Preto-SP e Regi\u00e3o&quot;","block_context":{"text":"Not\u00edcias de Ribeir\u00e3o Preto-SP e Regi\u00e3o","link":"https:\/\/ismaelcolosi.com.br\/index.php\/category\/noticias-de-ribeirao-preto-sp-e-regiao-ismael-colosi\/"},"img":{"alt_text":"","src":"https:\/\/i0.wp.com\/ismaelcolosi.com.br\/wp-content\/uploads\/2024\/06\/totem_eu_amo_ribeirao_-_foto_fernando_gonzaga_2_2024-06-04_11-49-25_jpeg_2024-06-04_11-49-25.webp.webp?fit=1200%2C800&ssl=1&resize=350%2C200","width":350,"height":200,"srcset":"https:\/\/i0.wp.com\/ismaelcolosi.com.br\/wp-content\/uploads\/2024\/06\/totem_eu_amo_ribeirao_-_foto_fernando_gonzaga_2_2024-06-04_11-49-25_jpeg_2024-06-04_11-49-25.webp.webp?fit=1200%2C800&ssl=1&resize=350%2C200 1x, https:\/\/i0.wp.com\/ismaelcolosi.com.br\/wp-content\/uploads\/2024\/06\/totem_eu_amo_ribeirao_-_foto_fernando_gonzaga_2_2024-06-04_11-49-25_jpeg_2024-06-04_11-49-25.webp.webp?fit=1200%2C800&ssl=1&resize=525%2C300 1.5x, https:\/\/i0.wp.com\/ismaelcolosi.com.br\/wp-content\/uploads\/2024\/06\/totem_eu_amo_ribeirao_-_foto_fernando_gonzaga_2_2024-06-04_11-49-25_jpeg_2024-06-04_11-49-25.webp.webp?fit=1200%2C800&ssl=1&resize=700%2C400 2x, https:\/\/i0.wp.com\/ismaelcolosi.com.br\/wp-content\/uploads\/2024\/06\/totem_eu_amo_ribeirao_-_foto_fernando_gonzaga_2_2024-06-04_11-49-25_jpeg_2024-06-04_11-49-25.webp.webp?fit=1200%2C800&ssl=1&resize=1050%2C600 3x"},"classes":[]},{"id":20129,"url":"https:\/\/ismaelcolosi.com.br\/index.php\/2023\/12\/24\/feriado-veja-o-que-abre-e-fecha-nos-servicos-da-prefeitura-de-ribeirao-preto\/","url_meta":{"origin":55779,"position":2},"title":"Feriado: Veja o que abre e fecha nos servi\u00e7os da Prefeitura de Ribeir\u00e3o Preto","author":"ismaelcolosi.com.br","date":"24 de December de 2023","format":false,"excerpt":"A prefeitura de Ribeir\u00e3o Preto manter\u00e1 em funcionamento os servi\u00e7os p\u00fablicos essenciais na segunda-feira (25), dia de Natal. Atendem normalmente servi\u00e7os de urg\u00eancias e emerg\u00eancias em sa\u00fade e Guarda Civil Metropolitana (GCM). Reparti\u00e7\u00f5es p\u00fablicas permanecer\u00e3o fechadas na segunda (25), retornando \u00e0 normalidade na ter\u00e7a-feira, dia 26, a partir do meio-dia.\u2026","rel":"","context":"In &quot;Not\u00edcias de Ribeir\u00e3o Preto-SP e Regi\u00e3o&quot;","block_context":{"text":"Not\u00edcias de Ribeir\u00e3o Preto-SP e Regi\u00e3o","link":"https:\/\/ismaelcolosi.com.br\/index.php\/category\/noticias-de-ribeirao-preto-sp-e-regiao-ismael-colosi\/"},"img":{"alt_text":"","src":"https:\/\/i0.wp.com\/ismaelcolosi.com.br\/wp-content\/uploads\/2023\/12\/upa.jpg?fit=1200%2C799&ssl=1&resize=350%2C200","width":350,"height":200,"srcset":"https:\/\/i0.wp.com\/ismaelcolosi.com.br\/wp-content\/uploads\/2023\/12\/upa.jpg?fit=1200%2C799&ssl=1&resize=350%2C200 1x, https:\/\/i0.wp.com\/ismaelcolosi.com.br\/wp-content\/uploads\/2023\/12\/upa.jpg?fit=1200%2C799&ssl=1&resize=525%2C300 1.5x, https:\/\/i0.wp.com\/ismaelcolosi.com.br\/wp-content\/uploads\/2023\/12\/upa.jpg?fit=1200%2C799&ssl=1&resize=700%2C400 2x, https:\/\/i0.wp.com\/ismaelcolosi.com.br\/wp-content\/uploads\/2023\/12\/upa.jpg?fit=1200%2C799&ssl=1&resize=1050%2C600 3x"},"classes":[]},{"id":22228,"url":"https:\/\/ismaelcolosi.com.br\/index.php\/2023\/12\/29\/confira-o-que-abre-e-fecha-nos-servicos-da-prefeitura-de-ribeirao-durante-o-feriado-prolongado\/","url_meta":{"origin":55779,"position":3},"title":"Confira o que abre e fecha nos servi\u00e7os da Prefeitura de Ribeir\u00e3o durante o feriado prolongado","author":"ismaelcolosi.com.br","date":"29 de December de 2023","format":false,"excerpt":"Devido ao feriado prolongado de Ano Novo, os \u00f3rg\u00e3os municipais de Ribeir\u00e3o Preto ter\u00e3o altera\u00e7\u00f5es nos hor\u00e1rios de atendimento, at\u00e9 o dia 2 de janeiro de 2024. O Poupatempo, por exemplo, est\u00e1 com o atendimento suspenso at\u00e9 \u00e0s 13h, da pr\u00f3xima ter\u00e7a-feira (2). De acordo com a Prefeitura da cidade,\u2026","rel":"","context":"In &quot;Not\u00edcias de Ribeir\u00e3o Preto-SP e Regi\u00e3o&quot;","block_context":{"text":"Not\u00edcias de Ribeir\u00e3o Preto-SP e Regi\u00e3o","link":"https:\/\/ismaelcolosi.com.br\/index.php\/category\/noticias-de-ribeirao-preto-sp-e-regiao-ismael-colosi\/"},"img":{"alt_text":"","src":"https:\/\/i0.wp.com\/ismaelcolosi.com.br\/wp-content\/uploads\/2023\/12\/1703864851_predio_novo_-_foto_guilherme_sircili_2.jpg?fit=1200%2C799&ssl=1&resize=350%2C200","width":350,"height":200,"srcset":"https:\/\/i0.wp.com\/ismaelcolosi.com.br\/wp-content\/uploads\/2023\/12\/1703864851_predio_novo_-_foto_guilherme_sircili_2.jpg?fit=1200%2C799&ssl=1&resize=350%2C200 1x, https:\/\/i0.wp.com\/ismaelcolosi.com.br\/wp-content\/uploads\/2023\/12\/1703864851_predio_novo_-_foto_guilherme_sircili_2.jpg?fit=1200%2C799&ssl=1&resize=525%2C300 1.5x, https:\/\/i0.wp.com\/ismaelcolosi.com.br\/wp-content\/uploads\/2023\/12\/1703864851_predio_novo_-_foto_guilherme_sircili_2.jpg?fit=1200%2C799&ssl=1&resize=700%2C400 2x, https:\/\/i0.wp.com\/ismaelcolosi.com.br\/wp-content\/uploads\/2023\/12\/1703864851_predio_novo_-_foto_guilherme_sircili_2.jpg?fit=1200%2C799&ssl=1&resize=1050%2C600 3x"},"classes":[]},{"id":51613,"url":"https:\/\/ismaelcolosi.com.br\/index.php\/2024\/05\/29\/corpus-christi-confira-o-que-abre-e-fecha-no-feriado-em-ribeirao-preto\/","url_meta":{"origin":55779,"position":4},"title":"Corpus Christi: Confira o que abre e fecha no feriado em Ribeir\u00e3o Preto","author":"ismaelcolosi.com.br","date":"29 de May de 2024","format":false,"excerpt":"O Corpus Christi \u00e9 comemorado sempre em uma quinta-feira, 60 dias ap\u00f3s a celebra\u00e7\u00e3o da P\u00e1scoa. Em Ribeir\u00e3o Preto, a data crist\u00e3 \u00e9 considerada feriado nesta quinta-feira (30) e a sexta-feira (31), ponto facultativo. Com o feriado prolongado, shoppings, com\u00e9rcio de rua e servi\u00e7os p\u00fablicos podem ter os hor\u00e1rios de\u2026","rel":"","context":"In &quot;Not\u00edcias de Ribeir\u00e3o Preto-SP e Regi\u00e3o&quot;","block_context":{"text":"Not\u00edcias de Ribeir\u00e3o Preto-SP e Regi\u00e3o","link":"https:\/\/ismaelcolosi.com.br\/index.php\/category\/noticias-de-ribeirao-preto-sp-e-regiao-ismael-colosi\/"},"img":{"alt_text":"","src":"https:\/\/i0.wp.com\/ismaelcolosi.com.br\/wp-content\/uploads\/2024\/05\/VejaoqueabreeoquefechaemRibeiroPretonoferiadodestasegunda_Tamanho_2_image.jpg?fit=1200%2C900&ssl=1&resize=350%2C200","width":350,"height":200,"srcset":"https:\/\/i0.wp.com\/ismaelcolosi.com.br\/wp-content\/uploads\/2024\/05\/VejaoqueabreeoquefechaemRibeiroPretonoferiadodestasegunda_Tamanho_2_image.jpg?fit=1200%2C900&ssl=1&resize=350%2C200 1x, https:\/\/i0.wp.com\/ismaelcolosi.com.br\/wp-content\/uploads\/2024\/05\/VejaoqueabreeoquefechaemRibeiroPretonoferiadodestasegunda_Tamanho_2_image.jpg?fit=1200%2C900&ssl=1&resize=525%2C300 1.5x, https:\/\/i0.wp.com\/ismaelcolosi.com.br\/wp-content\/uploads\/2024\/05\/VejaoqueabreeoquefechaemRibeiroPretonoferiadodestasegunda_Tamanho_2_image.jpg?fit=1200%2C900&ssl=1&resize=700%2C400 2x, https:\/\/i0.wp.com\/ismaelcolosi.com.br\/wp-content\/uploads\/2024\/05\/VejaoqueabreeoquefechaemRibeiroPretonoferiadodestasegunda_Tamanho_2_image.jpg?fit=1200%2C900&ssl=1&resize=1050%2C600 3x"},"classes":[]},{"id":19594,"url":"https:\/\/ismaelcolosi.com.br\/index.php\/2023\/12\/22\/servicos-essenciais-serao-mantidos-no-feriado-de-natal\/","url_meta":{"origin":55779,"position":5},"title":"Servi\u00e7os essenciais ser\u00e3o mantidos no feriado de Natal\u00a0","author":"ismaelcolosi.com.br","date":"22 de December de 2023","format":false,"excerpt":"A prefeitura de Ribeir\u00e3o Preto manter\u00e1 em funcionamento os servi\u00e7os p\u00fablicos essenciais na segunda-feira, dia 25 de dezembro. Atender\u00e3o normalmente servi\u00e7os como urg\u00eancias e emerg\u00eancias em sa\u00fade e Guarda Civil Metropolitana.\u00a0Reparti\u00e7\u00f5es p\u00fablicas permanecer\u00e3o fechadas na segunda, 25, retornando \u00e0 normalidade na ter\u00e7a-feira, dia 26, ap\u00f3s \u00e0s 12h. Confira o que\u2026","rel":"","context":"In &quot;Not\u00edcias de Ribeir\u00e3o Preto-SP e Regi\u00e3o&quot;","block_context":{"text":"Not\u00edcias de Ribeir\u00e3o Preto-SP e Regi\u00e3o","link":"https:\/\/ismaelcolosi.com.br\/index.php\/category\/noticias-de-ribeirao-preto-sp-e-regiao-ismael-colosi\/"},"img":{"alt_text":"","src":"https:\/\/i0.wp.com\/ismaelcolosi.com.br\/wp-content\/uploads\/2023\/12\/OrcaRP-Guilherme-Sircili-02-scaled.jpg?fit=872%2C645&ssl=1&resize=350%2C200","width":350,"height":200,"srcset":"https:\/\/i0.wp.com\/ismaelcolosi.com.br\/wp-content\/uploads\/2023\/12\/OrcaRP-Guilherme-Sircili-02-scaled.jpg?fit=872%2C645&ssl=1&resize=350%2C200 1x, https:\/\/i0.wp.com\/ismaelcolosi.com.br\/wp-content\/uploads\/2023\/12\/OrcaRP-Guilherme-Sircili-02-scaled.jpg?fit=872%2C645&ssl=1&resize=525%2C300 1.5x, https:\/\/i0.wp.com\/ismaelcolosi.com.br\/wp-content\/uploads\/2023\/12\/OrcaRP-Guilherme-Sircili-02-scaled.jpg?fit=872%2C645&ssl=1&resize=700%2C400 2x"},"classes":[]}],"jetpack_sharing_enabled":true,"jetpack_shortlink":"https:\/\/wp.me\/pfMlyK-evF","_links":{"self":[{"href":"https:\/\/ismaelcolosi.com.br\/index.php\/wp-json\/wp\/v2\/posts\/55779","targetHints":{"allow":["GET"]}}],"collection":[{"href":"https:\/\/ismaelcolosi.com.br\/index.php\/wp-json\/wp\/v2\/posts"}],"about":[{"href":"https:\/\/ismaelcolosi.com.br\/index.php\/wp-json\/wp\/v2\/types\/post"}],"author":[{"embeddable":true,"href":"https:\/\/ismaelcolosi.com.br\/index.php\/wp-json\/wp\/v2\/users\/1"}],"replies":[{"embeddable":true,"href":"https:\/\/ismaelcolosi.com.br\/index.php\/wp-json\/wp\/v2\/comments?post=55779"}],"version-history":[{"count":0,"href":"https:\/\/ismaelcolosi.com.br\/index.php\/wp-json\/wp\/v2\/posts\/55779\/revisions"}],"wp:featuredmedia":[{"embeddable":true,"href":"https:\/\/ismaelcolosi.com.br\/index.php\/wp-json\/wp\/v2\/media\/55780"}],"wp:attachment":[{"href":"https:\/\/ismaelcolosi.com.br\/index.php\/wp-json\/wp\/v2\/media?parent=55779"}],"wp:term":[{"taxonomy":"category","embeddable":true,"href":"https:\/\/ismaelcolosi.com.br\/index.php\/wp-json\/wp\/v2\/categories?post=55779"},{"taxonomy":"post_tag","embeddable":true,"href":"https:\/\/ismaelcolosi.com.br\/index.php\/wp-json\/wp\/v2\/tags?post=55779"}],"curies":[{"name":"wp","href":"https:\/\/api.w.org\/{rel}","templated":true}]}}