{"id":55771,"date":"2024-07-05T12:15:36","date_gmt":"2024-07-05T15:15:36","guid":{"rendered":"https:\/\/ismaelcolosi.com.br\/index.php\/2024\/07\/05\/seis-anos-depois-saiba-onde-esta-o-disco-voador-de-sertaozinho\/"},"modified":"2024-07-05T12:15:36","modified_gmt":"2024-07-05T15:15:36","slug":"seis-anos-depois-saiba-onde-esta-o-disco-voador-de-sertaozinho","status":"publish","type":"post","link":"https:\/\/ismaelcolosi.com.br\/index.php\/2024\/07\/05\/seis-anos-depois-saiba-onde-esta-o-disco-voador-de-sertaozinho\/","title":{"rendered":"Seis anos depois, saiba onde est\u00e1 o disco voador de Sert\u00e3ozinho"},"content":{"rendered":"<p> <br \/>\n<\/p>\n<div>\n<p>Em 2018, <strong>Sert\u00e3ozinho<\/strong>, na regi\u00e3o de <strong>Ribeir\u00e3o Preto<\/strong>, ficou no \u201ccentro do universo\u201d depois que <mark style=\"background-color:#fcb900\" class=\"has-inline-color has-black-color\">um <strong>disco voador <\/strong>foi flagrado pela <strong>Pol\u00edcia Militar <\/strong>circulando pelas ruas da cidade<\/mark>. Seis anos depois, o ve\u00edculo, constru\u00eddo pelo inventor M\u00e1rcio Geovam Soares, ainda existe.<\/p>\n<p>\u201cSim, ainda tenho o disco voador!\u201d, afirma M\u00e1rcio ao ser perguntado pela reportagem do <strong>acidade on<\/strong> <strong>Ribeir\u00e3o<\/strong>. O inventor conta que o disco voador repercutiu no mundo todo. <\/p><div class='code-block code-block-8' style='margin: 8px auto; text-align: center; display: block; clear: both;'>\n<script>\n  atOptions = {\n    'key' : '66e2e2111ca34da796271819fc334058',\n    'format' : 'iframe',\n    'height' : 250,\n    'width' : 300,\n    'params' : {}\n  };\n<\/script>\n<script src=\"https:\/\/www.highperformanceformat.com\/66e2e2111ca34da796271819fc334058\/invoke.js\"><\/script>\n<\/div>\n\n<p>\u201cFiz v\u00e1rias apresenta\u00e7\u00f5es em escolas, exposi\u00e7\u00f5es de ve\u00edculos e eventos particulares. V\u00e1rias pessoas me pediram para fazer, mas meu tempo \u00e9 muito curto, s\u00f3 construo por hobby mesmo\u201d.<\/p>\n<blockquote class=\"instagram-media\" data-instgrm-permalink=\"https:\/\/www.instagram.com\/reel\/C9C4w7vJaOY\/?utm_source=ig_embed&amp;utm_campaign=loading\" data-instgrm-version=\"14\" style=\" background:#FFF; border:0; border-radius:3px; box-shadow:0 0 1px 0 rgba(0,0,0,0.5),0 1px 10px 0 rgba(0,0,0,0.15); margin: 1px; max-width:540px; min-width:326px; padding:0; width:99.375%; width:-webkit-calc(100% - 2px); width:calc(100% - 2px);\"\/>\n<h4 class=\"wp-block-heading\"><strong>Vida diferente<\/strong><\/h4>\n<p>Desde quando ganhou repercuss\u00e3o, a vida do inventor M\u00e1rcio Geovam est\u00e1 diferente. Nasceu o segundo filho, Giovanni Miguel, de 6 anos, e as inven\u00e7\u00f5es se multiplicaram. M\u00e1rcio criou:<\/p>\n<ul>\n<li> vaso sanit\u00e1rio motorizado<\/li>\n<\/ul>\n<ul>\n<li>e mais de 100 bicicletas diferentes<\/li>\n<\/ul>\n<p>Al\u00e9m disso, ele participa de um grupo teatral em Sert\u00e3ozinho e de a\u00e7\u00f5es para o restauro de equipamentos ortop\u00e9dicos, constru\u00e7\u00e3o de esculturas e obras de arte com materiais recicl\u00e1veis.<\/p>\n<p>\u201cEu acho que a gente deve sempre usar a criatividade, a inventividade para construir coisas boas, transformar sonhos em realidade e a realidade em um grande sonho. Acho que tudo isso que construo mexe com a imagina\u00e7\u00e3o\u201d, afirma o inventor.<\/p>\n<p>Questionado sobre o que os filhos pensam sobre as inven\u00e7\u00f5es, ele \u00e9 certeiro: \u201cEles acham todos os inventos divertidos\u201d, completa.<\/p>\n<p>SAIBA MAIS<br \/>Frente fria chega ao estado de SP nesta sexta; Veja como fica o tempo no fim de semana<\/p>\n<h4 class=\"wp-block-heading\"><strong>FIQUE ON<\/strong><\/h4>\n<p>Fique ligado em tudo que acontece em Ribeir\u00e3o Preto e regi\u00e3o. Siga os perfis do <strong>acidade on<\/strong> no<a href=\"https:\/\/www.instagram.com\/acidadeonribeirao\" target=\"_blank\" rel=\"noreferrer noopener nofollow\"> Instagram<\/a> e no <a href=\"https:\/\/www.facebook.com\/acidadeonribeirao\/\" target=\"_blank\" rel=\"noreferrer noopener nofollow\">Facebook<\/a>.<\/p>\n<p>Receba not\u00edcias do <strong>acidade on <\/strong>no WhatsApp. <a href=\"https:\/\/chat.whatsapp.com\/CdrZ6xrf7quD44Vw3WlPuZ\" target=\"_blank\" rel=\"noreferrer noopener nofollow\">Para entrar no grupo, basta clicar aqui.<\/a><\/p>\n<p>Fa\u00e7a uma den\u00fancia ou sugira uma reportagem sobre Ribeir\u00e3o Preto e regi\u00e3o pelo WhatsApp: 16 99117 7802.<\/p>\n<p>VEJA TAMB\u00c9M<br \/>Qual elenco de \u2018Um Tira da Pesada 4\u2019 ?<\/p>\n<p><!-- AI CONTENT END 1 -->\n<\/div>\n<p><script async src=\"\/\/www.instagram.com\/embed.js\"><\/script><br \/>\n<br \/><br \/>\n<br \/><a href=\"https:\/\/www.acidadeon.com\/ribeiraopreto\/cotidiano\/seis-anos-depois-saiba-onde-esta-o-disco-voador-de-sertaozinho\/\">Source link <\/a><\/p>\n<div class='code-block code-block-4' style='margin: 8px auto 8px 0; text-align: left; display: block; clear: both;'>\n\ud83d\udce2 Aviso Legal\n\nO site ismaelcolosi.com.br atua apenas como um canal de divulga\u00e7\u00e3o de oportunidades de emprego e n\u00e3o se responsabiliza pelo processo seletivo, contrata\u00e7\u00e3o ou qualquer outra etapa relacionada \u00e0s vagas publicadas. Todas as informa\u00e7\u00f5es s\u00e3o de responsabilidade dos anunciantes.\n\n\u26a0\ufe0f Aten\u00e7\u00e3o! Nunca pague por promessas de emprego nem compre cursos que garantam contrata\u00e7\u00e3o. Desconfie de qualquer cobran\u00e7a para participar de sele\u00e7\u00f5es.\n\n\n\n<\/div>\n<!-- CONTENT END 1 -->\n","protected":false},"excerpt":{"rendered":"<p>Em 2018, Sert\u00e3ozinho, na regi\u00e3o de Ribeir\u00e3o Preto, ficou no \u201ccentro do universo\u201d depois que um disco voador foi flagrado pela Pol\u00edcia Militar circulando pelas&#8230;<\/p>\n","protected":false},"author":1,"featured_media":55772,"comment_status":"open","ping_status":"open","sticky":false,"template":"","format":"standard","meta":{"_uag_custom_page_level_css":"","advanced_seo_description":"","jetpack_seo_html_title":"","jetpack_seo_noindex":false,"jetpack_post_was_ever_published":false,"_jetpack_newsletter_access":"","_jetpack_dont_email_post_to_subs":false,"_jetpack_newsletter_tier_id":0,"_jetpack_memberships_contains_paywalled_content":false,"_jetpack_memberships_contains_paid_content":false,"footnotes":"","jetpack_publicize_message":"","jetpack_publicize_feature_enabled":true,"jetpack_social_post_already_shared":true,"jetpack_social_options":{"image_generator_settings":{"template":"highway","default_image_id":0,"font":"","enabled":false},"version":2}},"categories":[11],"tags":[],"class_list":["post-55771","post","type-post","status-publish","format-standard","has-post-thumbnail","hentry","category-noticias-de-ribeirao-preto-sp-e-regiao-ismael-colosi"],"jetpack_publicize_connections":[],"jetpack_featured_media_url":"https:\/\/i0.wp.com\/ismaelcolosi.com.br\/wp-content\/uploads\/2024\/07\/disco-voador_2024-07-05_15-03-57_jpg_2024-07-05_15-03-57.webp.webp?fit=847%2C479&ssl=1","uagb_featured_image_src":{"full":["https:\/\/i0.wp.com\/ismaelcolosi.com.br\/wp-content\/uploads\/2024\/07\/disco-voador_2024-07-05_15-03-57_jpg_2024-07-05_15-03-57.webp.webp?fit=847%2C479&ssl=1",847,479,false],"thumbnail":["https:\/\/i0.wp.com\/ismaelcolosi.com.br\/wp-content\/uploads\/2024\/07\/disco-voador_2024-07-05_15-03-57_jpg_2024-07-05_15-03-57.webp.webp?resize=150%2C150&ssl=1",150,150,true],"medium":["https:\/\/i0.wp.com\/ismaelcolosi.com.br\/wp-content\/uploads\/2024\/07\/disco-voador_2024-07-05_15-03-57_jpg_2024-07-05_15-03-57.webp.webp?fit=300%2C170&ssl=1",300,170,true],"medium_large":["https:\/\/i0.wp.com\/ismaelcolosi.com.br\/wp-content\/uploads\/2024\/07\/disco-voador_2024-07-05_15-03-57_jpg_2024-07-05_15-03-57.webp.webp?fit=768%2C434&ssl=1",768,434,true],"large":["https:\/\/i0.wp.com\/ismaelcolosi.com.br\/wp-content\/uploads\/2024\/07\/disco-voador_2024-07-05_15-03-57_jpg_2024-07-05_15-03-57.webp.webp?fit=847%2C479&ssl=1",847,479,true],"1536x1536":["https:\/\/i0.wp.com\/ismaelcolosi.com.br\/wp-content\/uploads\/2024\/07\/disco-voador_2024-07-05_15-03-57_jpg_2024-07-05_15-03-57.webp.webp?fit=847%2C479&ssl=1",847,479,true],"2048x2048":["https:\/\/i0.wp.com\/ismaelcolosi.com.br\/wp-content\/uploads\/2024\/07\/disco-voador_2024-07-05_15-03-57_jpg_2024-07-05_15-03-57.webp.webp?fit=847%2C479&ssl=1",847,479,true],"really-simple-thumb":["https:\/\/i0.wp.com\/ismaelcolosi.com.br\/wp-content\/uploads\/2024\/07\/disco-voador_2024-07-05_15-03-57_jpg_2024-07-05_15-03-57.webp.webp?resize=370%2C247&ssl=1",370,247,true]},"uagb_author_info":{"display_name":"ismaelcolosi.com.br","author_link":"https:\/\/ismaelcolosi.com.br\/index.php\/author\/vidareal-online\/"},"uagb_comment_info":0,"uagb_excerpt":"Em 2018, Sert\u00e3ozinho, na regi\u00e3o de Ribeir\u00e3o Preto, ficou no \u201ccentro do universo\u201d depois que um disco voador foi flagrado pela Pol\u00edcia Militar circulando pelas...","jetpack-related-posts":[{"id":55800,"url":"https:\/\/ismaelcolosi.com.br\/index.php\/2024\/07\/05\/receita-federal-apreende-r-600-mil-em-vinhos-celulares-e-perfumes-em-ribeirao-preto\/","url_meta":{"origin":55771,"position":0},"title":"Receita Federal apreende R$ 600 mil em vinhos, celulares e perfumes em Ribeir\u00e3o Preto","author":"ismaelcolosi.com.br","date":"5 de July de 2024","format":false,"excerpt":"Uma opera\u00e7\u00e3o conjunta da Receita Federal e dos Correios apreendeu cerca de R$ 600 mil em celulares, vinhos, tablets, produtos de inform\u00e1tica, videogames e perfumes importados no centro de distribui\u00e7\u00e3o dos Correios de Ribeir\u00e3o Preto, na noite desta quinta-feira (4). Conforme o comunicado do \u00f3rg\u00e3o, os produtos \u201centraram de forma\u2026","rel":"","context":"In &quot;Not\u00edcias de Ribeir\u00e3o Preto-SP e Regi\u00e3o&quot;","block_context":{"text":"Not\u00edcias de Ribeir\u00e3o Preto-SP e Regi\u00e3o","link":"https:\/\/ismaelcolosi.com.br\/index.php\/category\/noticias-de-ribeirao-preto-sp-e-regiao-ismael-colosi\/"},"img":{"alt_text":"","src":"https:\/\/i0.wp.com\/ismaelcolosi.com.br\/wp-content\/uploads\/2024\/07\/Copia-de-Copia-de-TAMANHO-EXATO-PARA-FOTOS-NO-SISTEMA-NOVO-99_2024-07-05_17-57-11_png_2024-07-05_17-57-12.webp.webp?fit=1200%2C675&ssl=1&resize=350%2C200","width":350,"height":200,"srcset":"https:\/\/i0.wp.com\/ismaelcolosi.com.br\/wp-content\/uploads\/2024\/07\/Copia-de-Copia-de-TAMANHO-EXATO-PARA-FOTOS-NO-SISTEMA-NOVO-99_2024-07-05_17-57-11_png_2024-07-05_17-57-12.webp.webp?fit=1200%2C675&ssl=1&resize=350%2C200 1x, https:\/\/i0.wp.com\/ismaelcolosi.com.br\/wp-content\/uploads\/2024\/07\/Copia-de-Copia-de-TAMANHO-EXATO-PARA-FOTOS-NO-SISTEMA-NOVO-99_2024-07-05_17-57-11_png_2024-07-05_17-57-12.webp.webp?fit=1200%2C675&ssl=1&resize=525%2C300 1.5x, https:\/\/i0.wp.com\/ismaelcolosi.com.br\/wp-content\/uploads\/2024\/07\/Copia-de-Copia-de-TAMANHO-EXATO-PARA-FOTOS-NO-SISTEMA-NOVO-99_2024-07-05_17-57-11_png_2024-07-05_17-57-12.webp.webp?fit=1200%2C675&ssl=1&resize=700%2C400 2x, https:\/\/i0.wp.com\/ismaelcolosi.com.br\/wp-content\/uploads\/2024\/07\/Copia-de-Copia-de-TAMANHO-EXATO-PARA-FOTOS-NO-SISTEMA-NOVO-99_2024-07-05_17-57-11_png_2024-07-05_17-57-12.webp.webp?fit=1200%2C675&ssl=1&resize=1050%2C600 3x"},"classes":[]},{"id":55790,"url":"https:\/\/ismaelcolosi.com.br\/index.php\/2024\/07\/05\/onda-de-frio-vai-atingir-o-interior-de-sp-veja-quando-e-os-locais\/","url_meta":{"origin":55771,"position":1},"title":"Onda de frio vai atingir o interior de SP; Veja quando e os locais","author":"ismaelcolosi.com.br","date":"5 de July de 2024","format":false,"excerpt":"Uma onda de frio vai atingir o interior de S\u00e3o Paulo no per\u00edodo entre os dias 12 e 16 de julho. Segundo a Climatempo, as temperaturas ficar\u00e3o mais baixas por conta do ar frio de origem polar que vai come\u00e7ar a avan\u00e7ar pelo pa\u00eds a partir deste s\u00e1bado (6) e\u2026","rel":"","context":"In &quot;Not\u00edcias de Ribeir\u00e3o Preto-SP e Regi\u00e3o&quot;","block_context":{"text":"Not\u00edcias de Ribeir\u00e3o Preto-SP e Regi\u00e3o","link":"https:\/\/ismaelcolosi.com.br\/index.php\/category\/noticias-de-ribeirao-preto-sp-e-regiao-ismael-colosi\/"},"img":{"alt_text":"","src":"https:\/\/i0.wp.com\/ismaelcolosi.com.br\/wp-content\/uploads\/2024\/07\/AnyConv.com__onda-de-frio_2024-07-05_16-31-44.webp.webp?fit=1200%2C800&ssl=1&resize=350%2C200","width":350,"height":200,"srcset":"https:\/\/i0.wp.com\/ismaelcolosi.com.br\/wp-content\/uploads\/2024\/07\/AnyConv.com__onda-de-frio_2024-07-05_16-31-44.webp.webp?fit=1200%2C800&ssl=1&resize=350%2C200 1x, https:\/\/i0.wp.com\/ismaelcolosi.com.br\/wp-content\/uploads\/2024\/07\/AnyConv.com__onda-de-frio_2024-07-05_16-31-44.webp.webp?fit=1200%2C800&ssl=1&resize=525%2C300 1.5x, https:\/\/i0.wp.com\/ismaelcolosi.com.br\/wp-content\/uploads\/2024\/07\/AnyConv.com__onda-de-frio_2024-07-05_16-31-44.webp.webp?fit=1200%2C800&ssl=1&resize=700%2C400 2x, https:\/\/i0.wp.com\/ismaelcolosi.com.br\/wp-content\/uploads\/2024\/07\/AnyConv.com__onda-de-frio_2024-07-05_16-31-44.webp.webp?fit=1200%2C800&ssl=1&resize=1050%2C600 3x"},"classes":[]},{"id":55784,"url":"https:\/\/ismaelcolosi.com.br\/index.php\/2024\/07\/05\/governo-de-sp-abre-concurso-para-professores-do-ensino-tecnico-com-salarios-de-ate-r-53-mil\/","url_meta":{"origin":55771,"position":2},"title":"Governo de SP abre concurso para professores do ensino t\u00e9cnico com sal\u00e1rios de at\u00e9 R$ 5,3 mil","author":"ismaelcolosi.com.br","date":"5 de July de 2024","format":false,"excerpt":"A Secretaria da Educa\u00e7\u00e3o do Estado de S\u00e3o Paulo abre nesta sexta-feira (5) as inscri\u00e7\u00f5es para o processo seletivo para contrata\u00e7\u00e3o tempor\u00e1ria de professores de forma\u00e7\u00e3o t\u00e9cnica profissional do ensino m\u00e9dio da rede estadual. As vagas s\u00e3o destinadas \u00e0 forma\u00e7\u00e3o de cadastro de reserva. A remunera\u00e7\u00e3o \u00e9 de R$ 5.300\u2026","rel":"","context":"In &quot;Not\u00edcias de Ribeir\u00e3o Preto-SP e Regi\u00e3o&quot;","block_context":{"text":"Not\u00edcias de Ribeir\u00e3o Preto-SP e Regi\u00e3o","link":"https:\/\/ismaelcolosi.com.br\/index.php\/category\/noticias-de-ribeirao-preto-sp-e-regiao-ismael-colosi\/"},"img":{"alt_text":"","src":"https:\/\/i0.wp.com\/ismaelcolosi.com.br\/wp-content\/uploads\/2024\/07\/WhatsApp-Image-2024-07-05-at-11.42.40_2024-07-05_15-19-36_jpeg_2024-07-05_15-19-37.webp.webp?fit=1200%2C800&ssl=1&resize=350%2C200","width":350,"height":200,"srcset":"https:\/\/i0.wp.com\/ismaelcolosi.com.br\/wp-content\/uploads\/2024\/07\/WhatsApp-Image-2024-07-05-at-11.42.40_2024-07-05_15-19-36_jpeg_2024-07-05_15-19-37.webp.webp?fit=1200%2C800&ssl=1&resize=350%2C200 1x, https:\/\/i0.wp.com\/ismaelcolosi.com.br\/wp-content\/uploads\/2024\/07\/WhatsApp-Image-2024-07-05-at-11.42.40_2024-07-05_15-19-36_jpeg_2024-07-05_15-19-37.webp.webp?fit=1200%2C800&ssl=1&resize=525%2C300 1.5x, https:\/\/i0.wp.com\/ismaelcolosi.com.br\/wp-content\/uploads\/2024\/07\/WhatsApp-Image-2024-07-05-at-11.42.40_2024-07-05_15-19-36_jpeg_2024-07-05_15-19-37.webp.webp?fit=1200%2C800&ssl=1&resize=700%2C400 2x, https:\/\/i0.wp.com\/ismaelcolosi.com.br\/wp-content\/uploads\/2024\/07\/WhatsApp-Image-2024-07-05-at-11.42.40_2024-07-05_15-19-36_jpeg_2024-07-05_15-19-37.webp.webp?fit=1200%2C800&ssl=1&resize=1050%2C600 3x"},"classes":[]},{"id":67047,"url":"https:\/\/ismaelcolosi.com.br\/index.php\/2024\/09\/20\/carro-voador-decola-pela-primeira-vez-no-interior-de-sp-veja-o-video\/","url_meta":{"origin":55771,"position":3},"title":"Carro voador decola pela primeira vez no interior de SP; Veja o v\u00eddeo","author":"ismaelcolosi.com.br","date":"20 de September de 2024","format":false,"excerpt":"O primeiro voo de um carro voador no interior de S\u00e3o Paulo foi realizado na manh\u00e3 desta sexta-feira (20). O voo do ve\u00edculo fabricado pela chinesa EHang foi realizado em Quadra, munic\u00edpio a 160 quil\u00f4metros de S\u00e3o Paulo. O voo experimental do carro voador foi autorizado pela Anac (Ag\u00eancia Nacional\u2026","rel":"","context":"In &quot;Not\u00edcias de Ribeir\u00e3o Preto-SP e Regi\u00e3o&quot;","block_context":{"text":"Not\u00edcias de Ribeir\u00e3o Preto-SP e Regi\u00e3o","link":"https:\/\/ismaelcolosi.com.br\/index.php\/category\/noticias-de-ribeirao-preto-sp-e-regiao-ismael-colosi\/"},"img":{"alt_text":"","src":"https:\/\/i0.wp.com\/ismaelcolosi.com.br\/wp-content\/uploads\/2024\/09\/Carro-voador_2024-09-20_17-08-48_jpg_2024-09-20_17-08-48.webp.webp?fit=1200%2C686&ssl=1&resize=350%2C200","width":350,"height":200,"srcset":"https:\/\/i0.wp.com\/ismaelcolosi.com.br\/wp-content\/uploads\/2024\/09\/Carro-voador_2024-09-20_17-08-48_jpg_2024-09-20_17-08-48.webp.webp?fit=1200%2C686&ssl=1&resize=350%2C200 1x, https:\/\/i0.wp.com\/ismaelcolosi.com.br\/wp-content\/uploads\/2024\/09\/Carro-voador_2024-09-20_17-08-48_jpg_2024-09-20_17-08-48.webp.webp?fit=1200%2C686&ssl=1&resize=525%2C300 1.5x, https:\/\/i0.wp.com\/ismaelcolosi.com.br\/wp-content\/uploads\/2024\/09\/Carro-voador_2024-09-20_17-08-48_jpg_2024-09-20_17-08-48.webp.webp?fit=1200%2C686&ssl=1&resize=700%2C400 2x, https:\/\/i0.wp.com\/ismaelcolosi.com.br\/wp-content\/uploads\/2024\/09\/Carro-voador_2024-09-20_17-08-48_jpg_2024-09-20_17-08-48.webp.webp?fit=1200%2C686&ssl=1&resize=1050%2C600 3x"},"classes":[]},{"id":48017,"url":"https:\/\/ismaelcolosi.com.br\/index.php\/2024\/04\/30\/avioes-helicopteros-drones-e-carro-voador-invadem-a-agrishow\/","url_meta":{"origin":55771,"position":4},"title":"Avi\u00f5es, helic\u00f3pteros, drones e carro-voador &#8216;invadem&#8217; a Agrishow","author":"ismaelcolosi.com.br","date":"30 de April de 2024","format":false,"excerpt":"Al\u00e9m dos tratores super tecnol\u00f3gicos destaques da Agrishow, que come\u00e7ou em Ribeir\u00e3o Preto na \u00faltima segunda-feira (29), o c\u00e9u tamb\u00e9m est\u00e1 bem representado com avi\u00f5es, helic\u00f3pteros, drones e at\u00e9 carro-voador. Os passeios panor\u00e2micos de helic\u00f3ptero na Agrishow j\u00e1 s\u00e3o tradicionais na feira e acontecem durante todo o evento \u2013 que\u2026","rel":"","context":"In &quot;Not\u00edcias de Ribeir\u00e3o Preto-SP e Regi\u00e3o&quot;","block_context":{"text":"Not\u00edcias de Ribeir\u00e3o Preto-SP e Regi\u00e3o","link":"https:\/\/ismaelcolosi.com.br\/index.php\/category\/noticias-de-ribeirao-preto-sp-e-regiao-ismael-colosi\/"},"img":{"alt_text":"","src":"https:\/\/i0.wp.com\/ismaelcolosi.com.br\/wp-content\/uploads\/2024\/04\/AnyConv.com__aviao-drone-carro-voador-agrishow.webp.webp?fit=1200%2C675&ssl=1&resize=350%2C200","width":350,"height":200,"srcset":"https:\/\/i0.wp.com\/ismaelcolosi.com.br\/wp-content\/uploads\/2024\/04\/AnyConv.com__aviao-drone-carro-voador-agrishow.webp.webp?fit=1200%2C675&ssl=1&resize=350%2C200 1x, https:\/\/i0.wp.com\/ismaelcolosi.com.br\/wp-content\/uploads\/2024\/04\/AnyConv.com__aviao-drone-carro-voador-agrishow.webp.webp?fit=1200%2C675&ssl=1&resize=525%2C300 1.5x, https:\/\/i0.wp.com\/ismaelcolosi.com.br\/wp-content\/uploads\/2024\/04\/AnyConv.com__aviao-drone-carro-voador-agrishow.webp.webp?fit=1200%2C675&ssl=1&resize=700%2C400 2x, https:\/\/i0.wp.com\/ismaelcolosi.com.br\/wp-content\/uploads\/2024\/04\/AnyConv.com__aviao-drone-carro-voador-agrishow.webp.webp?fit=1200%2C675&ssl=1&resize=1050%2C600 3x"},"classes":[]},{"id":65691,"url":"https:\/\/ismaelcolosi.com.br\/index.php\/2024\/09\/13\/carro-voador-apresentado-em-ribeirao-preto-ganha-autorizacao-para-testes-no-brasil\/","url_meta":{"origin":55771,"position":5},"title":"Carro voador apresentado em Ribeir\u00e3o Preto ganha autoriza\u00e7\u00e3o para testes no Brasil","author":"ismaelcolosi.com.br","date":"13 de September de 2024","format":false,"excerpt":"A Anac (Ag\u00eancia Nacional de Avia\u00e7\u00e3o Civil) emitiu uma autoriza\u00e7\u00e3o de voo experimental para o carro voador apresentado na \u00faltima edi\u00e7\u00e3o da Agrishow, em Ribeir\u00e3o Preto. Segundo a ag\u00eancia, a autoriza\u00e7\u00e3o permite \u00e0 empresa que trouxe o ve\u00edculo para o Brasil em executar testes e ensaios para avaliar as caracter\u00edsticas\u2026","rel":"","context":"In &quot;Not\u00edcias de Ribeir\u00e3o Preto-SP e Regi\u00e3o&quot;","block_context":{"text":"Not\u00edcias de Ribeir\u00e3o Preto-SP e Regi\u00e3o","link":"https:\/\/ismaelcolosi.com.br\/index.php\/category\/noticias-de-ribeirao-preto-sp-e-regiao-ismael-colosi\/"},"img":{"alt_text":"","src":"https:\/\/i0.wp.com\/ismaelcolosi.com.br\/wp-content\/uploads\/2024\/09\/carro-voador-interna_2024-09-13_13-42-57_jpg_2024-09-13_13-42-57.webp.webp?fit=1200%2C676&ssl=1&resize=350%2C200","width":350,"height":200,"srcset":"https:\/\/i0.wp.com\/ismaelcolosi.com.br\/wp-content\/uploads\/2024\/09\/carro-voador-interna_2024-09-13_13-42-57_jpg_2024-09-13_13-42-57.webp.webp?fit=1200%2C676&ssl=1&resize=350%2C200 1x, https:\/\/i0.wp.com\/ismaelcolosi.com.br\/wp-content\/uploads\/2024\/09\/carro-voador-interna_2024-09-13_13-42-57_jpg_2024-09-13_13-42-57.webp.webp?fit=1200%2C676&ssl=1&resize=525%2C300 1.5x, https:\/\/i0.wp.com\/ismaelcolosi.com.br\/wp-content\/uploads\/2024\/09\/carro-voador-interna_2024-09-13_13-42-57_jpg_2024-09-13_13-42-57.webp.webp?fit=1200%2C676&ssl=1&resize=700%2C400 2x, https:\/\/i0.wp.com\/ismaelcolosi.com.br\/wp-content\/uploads\/2024\/09\/carro-voador-interna_2024-09-13_13-42-57_jpg_2024-09-13_13-42-57.webp.webp?fit=1200%2C676&ssl=1&resize=1050%2C600 3x"},"classes":[]}],"jetpack_sharing_enabled":true,"jetpack_shortlink":"https:\/\/wp.me\/pfMlyK-evx","_links":{"self":[{"href":"https:\/\/ismaelcolosi.com.br\/index.php\/wp-json\/wp\/v2\/posts\/55771","targetHints":{"allow":["GET"]}}],"collection":[{"href":"https:\/\/ismaelcolosi.com.br\/index.php\/wp-json\/wp\/v2\/posts"}],"about":[{"href":"https:\/\/ismaelcolosi.com.br\/index.php\/wp-json\/wp\/v2\/types\/post"}],"author":[{"embeddable":true,"href":"https:\/\/ismaelcolosi.com.br\/index.php\/wp-json\/wp\/v2\/users\/1"}],"replies":[{"embeddable":true,"href":"https:\/\/ismaelcolosi.com.br\/index.php\/wp-json\/wp\/v2\/comments?post=55771"}],"version-history":[{"count":0,"href":"https:\/\/ismaelcolosi.com.br\/index.php\/wp-json\/wp\/v2\/posts\/55771\/revisions"}],"wp:featuredmedia":[{"embeddable":true,"href":"https:\/\/ismaelcolosi.com.br\/index.php\/wp-json\/wp\/v2\/media\/55772"}],"wp:attachment":[{"href":"https:\/\/ismaelcolosi.com.br\/index.php\/wp-json\/wp\/v2\/media?parent=55771"}],"wp:term":[{"taxonomy":"category","embeddable":true,"href":"https:\/\/ismaelcolosi.com.br\/index.php\/wp-json\/wp\/v2\/categories?post=55771"},{"taxonomy":"post_tag","embeddable":true,"href":"https:\/\/ismaelcolosi.com.br\/index.php\/wp-json\/wp\/v2\/tags?post=55771"}],"curies":[{"name":"wp","href":"https:\/\/api.w.org\/{rel}","templated":true}]}}