{"id":55761,"date":"2024-07-05T11:48:11","date_gmt":"2024-07-05T14:48:11","guid":{"rendered":"https:\/\/ismaelcolosi.com.br\/index.php\/2024\/07\/05\/pf-mira-suspeito-de-compartilhar-imagens-de-abuso-sexual-infantil-na-regiao-de-ribeirao\/"},"modified":"2024-07-05T11:48:11","modified_gmt":"2024-07-05T14:48:11","slug":"pf-mira-suspeito-de-compartilhar-imagens-de-abuso-sexual-infantil-na-regiao-de-ribeirao","status":"publish","type":"post","link":"https:\/\/ismaelcolosi.com.br\/index.php\/2024\/07\/05\/pf-mira-suspeito-de-compartilhar-imagens-de-abuso-sexual-infantil-na-regiao-de-ribeirao\/","title":{"rendered":"PF mira suspeito de compartilhar imagens de abuso sexual infantil na regi\u00e3o de Ribeir\u00e3o"},"content":{"rendered":"<p> <br \/>\n<\/p>\n<div data-td-block-uid=\"tdi_106\">\n<div class=\"tdb-block-inner td-fix-index\">\n<p><strong>A PF (Pol\u00edcia Federal) cumpriu um mandado de busca e apreens\u00e3o nesta sexta-feira (5), durante a 11\u00aa fase da opera\u00e7\u00e3o \u00c9lpis, na casa de um suspeito de compartilhar imagens de abuso sexual infantil pela internet, em Ipu\u00e3, cidade a aproximadamente 100 quil\u00f4metros de Ribeir\u00e3o Preto.<\/strong><\/p>\n<p>Segundo a <strong>pol\u00edcia<\/strong>, <mark style=\"background-color:#fcb900\" class=\"has-inline-color has-black-color\">foram apreendidos equipamentos eletr\u00f4nicos que est\u00e3o relacionados \u00e0 investiga\u00e7\u00e3o e ainda dever\u00e3o passar por per\u00edcia.<\/mark><\/p><div class='code-block code-block-8' style='margin: 8px auto; text-align: center; display: block; clear: both;'>\n<script>\n  atOptions = {\n    'key' : '66e2e2111ca34da796271819fc334058',\n    'format' : 'iframe',\n    'height' : 250,\n    'width' : 300,\n    'params' : {}\n  };\n<\/script>\n<script src=\"https:\/\/www.highperformanceformat.com\/66e2e2111ca34da796271819fc334058\/invoke.js\"><\/script>\n<\/div>\n\n<h4 class=\"wp-block-heading\"><strong>Rastreamento<\/strong><\/h4>\n<p>A <strong>PF <\/strong>disse que utilizou <strong>recursos tecnol\u00f3gicos avan\u00e7ados <\/strong>para <strong>rastrear <\/strong>o <strong>investigado<\/strong>. <\/p>\n<p>Ele poder\u00e1 responder pelos <strong>crimes <\/strong>de <strong>compartilhamento e armazenamento de material com imagens de abuso sexual de crian\u00e7as e adolescentes<\/strong>, al\u00e9m de <strong>associa\u00e7\u00e3o criminosa<\/strong>, cujas <strong>penas <\/strong>somadas podem chegar a <strong>13 anos de pris\u00e3o<\/strong>.<\/p>\n<p>O nome da <strong>opera\u00e7\u00e3o<\/strong>, definido como <strong>\u00c9lpis<\/strong>, faz refer\u00eancia \u00e0 <strong>deusa <\/strong>da <strong>mitologia grega <\/strong>que personificava a <strong>esperan\u00e7a<\/strong>.<\/p>\n<p>SAIBA MAIS<\/p>\n<p>Acidente com \u00f4nibus de romeiros deixa 10 mortos e 42 feridos no interior de SP<\/p>\n<h4 class=\"wp-block-heading\"><strong>FIQUE ON<\/strong><\/h4>\n<p>Fique ligado em tudo que acontece em Ribeir\u00e3o Preto e regi\u00e3o. Siga os perfis do<strong>\u00a0acidade on<\/strong>\u00a0no<a href=\"https:\/\/www.instagram.com\/acidadeonribeirao\" target=\"_blank\" rel=\"noreferrer noopener\">\u00a0Instagram\u00a0<\/a>e no\u00a0<a href=\"https:\/\/www.facebook.com\/acidadeonribeirao\/\" target=\"_blank\" rel=\"noreferrer noopener\">Facebook<\/a>.<\/p>\n<p>Receba not\u00edcias do\u00a0<strong>acidade on<\/strong>\u00a0no WhatsApp.\u00a0<a href=\"https:\/\/chat.whatsapp.com\/CdrZ6xrf7quD44Vw3WlPuZ\" target=\"_blank\" rel=\"noreferrer noopener\">Para entrar no grupo, basta clicar aqui.<\/a><\/p>\n<p>Fa\u00e7a uma den\u00fancia ou sugira uma reportagem sobre Ribeir\u00e3o Preto e regi\u00e3o pelo WhatsApp: 16 99117 7802.<\/p>\n<p>VEJA TAMB\u00c9M<\/p>\n<p>Qual o cronograma do Enem dos Concursos?<\/p>\n<p><!-- AI CONTENT END 1 -->\n<\/div>\n<\/div>\n<p><script async src=\"\/\/www.instagram.com\/embed.js\"><\/script><br \/>\n<br \/><br \/>\n<br \/><a href=\"https:\/\/www.acidadeon.com\/ribeiraopreto\/cotidiano\/pf-mira-suspeito-de-compartilhar-imagens-de-abuso-sexual-infantil-na-regiao-de-ribeirao\/\">Source link <\/a><\/p>\n<div class='code-block code-block-4' style='margin: 8px auto 8px 0; text-align: left; display: block; clear: both;'>\n\ud83d\udce2 Aviso Legal\n\nO site ismaelcolosi.com.br atua apenas como um canal de divulga\u00e7\u00e3o de oportunidades de emprego e n\u00e3o se responsabiliza pelo processo seletivo, contrata\u00e7\u00e3o ou qualquer outra etapa relacionada \u00e0s vagas publicadas. Todas as informa\u00e7\u00f5es s\u00e3o de responsabilidade dos anunciantes.\n\n\u26a0\ufe0f Aten\u00e7\u00e3o! Nunca pague por promessas de emprego nem compre cursos que garantam contrata\u00e7\u00e3o. Desconfie de qualquer cobran\u00e7a para participar de sele\u00e7\u00f5es.\n\n\n\n<\/div>\n<!-- CONTENT END 1 -->\n","protected":false},"excerpt":{"rendered":"<p>A PF (Pol\u00edcia Federal) cumpriu um mandado de busca e apreens\u00e3o nesta sexta-feira (5), durante a 11\u00aa fase da opera\u00e7\u00e3o \u00c9lpis, na casa de um&#8230;<\/p>\n","protected":false},"author":1,"featured_media":55762,"comment_status":"open","ping_status":"open","sticky":false,"template":"","format":"standard","meta":{"_uag_custom_page_level_css":"","advanced_seo_description":"","jetpack_seo_html_title":"","jetpack_seo_noindex":false,"jetpack_post_was_ever_published":false,"_jetpack_newsletter_access":"","_jetpack_dont_email_post_to_subs":false,"_jetpack_newsletter_tier_id":0,"_jetpack_memberships_contains_paywalled_content":false,"_jetpack_memberships_contains_paid_content":false,"footnotes":"","jetpack_publicize_message":"","jetpack_publicize_feature_enabled":true,"jetpack_social_post_already_shared":true,"jetpack_social_options":{"image_generator_settings":{"template":"highway","default_image_id":0,"font":"","enabled":false},"version":2}},"categories":[11],"tags":[],"class_list":["post-55761","post","type-post","status-publish","format-standard","has-post-thumbnail","hentry","category-noticias-de-ribeirao-preto-sp-e-regiao-ismael-colosi"],"jetpack_publicize_connections":[],"jetpack_featured_media_url":"https:\/\/i0.wp.com\/ismaelcolosi.com.br\/wp-content\/uploads\/2024\/07\/QuadrilhapresaporroubodecaminhesemCampinasacusadadeagiremRibeiroPreto_Tamanho_2_image.jpg?fit=1200%2C900&ssl=1","uagb_featured_image_src":{"full":["https:\/\/i0.wp.com\/ismaelcolosi.com.br\/wp-content\/uploads\/2024\/07\/QuadrilhapresaporroubodecaminhesemCampinasacusadadeagiremRibeiroPreto_Tamanho_2_image.jpg?fit=1200%2C900&ssl=1",1200,900,false],"thumbnail":["https:\/\/i0.wp.com\/ismaelcolosi.com.br\/wp-content\/uploads\/2024\/07\/QuadrilhapresaporroubodecaminhesemCampinasacusadadeagiremRibeiroPreto_Tamanho_2_image.jpg?resize=150%2C150&ssl=1",150,150,true],"medium":["https:\/\/i0.wp.com\/ismaelcolosi.com.br\/wp-content\/uploads\/2024\/07\/QuadrilhapresaporroubodecaminhesemCampinasacusadadeagiremRibeiroPreto_Tamanho_2_image.jpg?fit=300%2C225&ssl=1",300,225,true],"medium_large":["https:\/\/i0.wp.com\/ismaelcolosi.com.br\/wp-content\/uploads\/2024\/07\/QuadrilhapresaporroubodecaminhesemCampinasacusadadeagiremRibeiroPreto_Tamanho_2_image.jpg?fit=768%2C576&ssl=1",768,576,true],"large":["https:\/\/i0.wp.com\/ismaelcolosi.com.br\/wp-content\/uploads\/2024\/07\/QuadrilhapresaporroubodecaminhesemCampinasacusadadeagiremRibeiroPreto_Tamanho_2_image.jpg?fit=1024%2C768&ssl=1",1024,768,true],"1536x1536":["https:\/\/i0.wp.com\/ismaelcolosi.com.br\/wp-content\/uploads\/2024\/07\/QuadrilhapresaporroubodecaminhesemCampinasacusadadeagiremRibeiroPreto_Tamanho_2_image.jpg?fit=1200%2C900&ssl=1",1200,900,true],"2048x2048":["https:\/\/i0.wp.com\/ismaelcolosi.com.br\/wp-content\/uploads\/2024\/07\/QuadrilhapresaporroubodecaminhesemCampinasacusadadeagiremRibeiroPreto_Tamanho_2_image.jpg?fit=1200%2C900&ssl=1",1200,900,true],"really-simple-thumb":["https:\/\/i0.wp.com\/ismaelcolosi.com.br\/wp-content\/uploads\/2024\/07\/QuadrilhapresaporroubodecaminhesemCampinasacusadadeagiremRibeiroPreto_Tamanho_2_image.jpg?resize=370%2C247&ssl=1",370,247,true]},"uagb_author_info":{"display_name":"ismaelcolosi.com.br","author_link":"https:\/\/ismaelcolosi.com.br\/index.php\/author\/vidareal-online\/"},"uagb_comment_info":0,"uagb_excerpt":"A PF (Pol\u00edcia Federal) cumpriu um mandado de busca e apreens\u00e3o nesta sexta-feira (5), durante a 11\u00aa fase da opera\u00e7\u00e3o \u00c9lpis, na casa de um...","jetpack-related-posts":[{"id":52404,"url":"https:\/\/ismaelcolosi.com.br\/index.php\/2024\/06\/06\/pf-de-ribeirao-prende-suspeito-de-armazenar-e-compartilhar-imagens-de-abuso-sexual-de-criancas\/","url_meta":{"origin":55761,"position":0},"title":"PF de Ribeir\u00e3o prende suspeito de armazenar e compartilhar imagens de abuso sexual de crian\u00e7as","author":"ismaelcolosi.com.br","date":"6 de June de 2024","format":false,"excerpt":"A PF (Pol\u00edcia Federal) prendeu em flagrante um suspeito de armazenar e compartilhar arquivos com cenas de abuso sexual de crian\u00e7as, durante a fase 2 da opera\u00e7\u00e3o H\u00f3rus deflagrada nesta quinta-feira (6), em Ribeir\u00e3o Preto. Agentes da PF cumpriram mandado de busca e apreens\u00e3o na casa e no endere\u00e7o comercial\u2026","rel":"","context":"In &quot;Not\u00edcias de Ribeir\u00e3o Preto-SP e Regi\u00e3o&quot;","block_context":{"text":"Not\u00edcias de Ribeir\u00e3o Preto-SP e Regi\u00e3o","link":"https:\/\/ismaelcolosi.com.br\/index.php\/category\/noticias-de-ribeirao-preto-sp-e-regiao-ismael-colosi\/"},"img":{"alt_text":"","src":"https:\/\/i0.wp.com\/ismaelcolosi.com.br\/wp-content\/uploads\/2024\/06\/POLICIA-FEDERAL_2024-06-06_14-44-34_jpg_2024-06-06_14-44-34.webp.webp?fit=1200%2C931&ssl=1&resize=350%2C200","width":350,"height":200,"srcset":"https:\/\/i0.wp.com\/ismaelcolosi.com.br\/wp-content\/uploads\/2024\/06\/POLICIA-FEDERAL_2024-06-06_14-44-34_jpg_2024-06-06_14-44-34.webp.webp?fit=1200%2C931&ssl=1&resize=350%2C200 1x, https:\/\/i0.wp.com\/ismaelcolosi.com.br\/wp-content\/uploads\/2024\/06\/POLICIA-FEDERAL_2024-06-06_14-44-34_jpg_2024-06-06_14-44-34.webp.webp?fit=1200%2C931&ssl=1&resize=525%2C300 1.5x, https:\/\/i0.wp.com\/ismaelcolosi.com.br\/wp-content\/uploads\/2024\/06\/POLICIA-FEDERAL_2024-06-06_14-44-34_jpg_2024-06-06_14-44-34.webp.webp?fit=1200%2C931&ssl=1&resize=700%2C400 2x, https:\/\/i0.wp.com\/ismaelcolosi.com.br\/wp-content\/uploads\/2024\/06\/POLICIA-FEDERAL_2024-06-06_14-44-34_jpg_2024-06-06_14-44-34.webp.webp?fit=1200%2C931&ssl=1&resize=1050%2C600 3x"},"classes":[]},{"id":42480,"url":"https:\/\/ismaelcolosi.com.br\/index.php\/2024\/03\/14\/pf-prende-acusado-com-imagens-de-abuso-sexual-infantil-em-ribeirao\/","url_meta":{"origin":55761,"position":1},"title":"PF prende acusado com imagens de abuso sexual infantil em Ribeir\u00e3o","author":"ismaelcolosi.com.br","date":"14 de March de 2024","format":false,"excerpt":"A Pol\u00edcia Federal (PF) de Ribeir\u00e3o Preto cumpriu, nesta quinta-feira (14), um mandado de busca e apreens\u00e3o pela 8\u00aa fase da Opera\u00e7\u00e3o \u00c9lpis, que busca combater o compartilhamento e a posse de imagens e v\u00eddeos com conte\u00fado de abuso sexual infantojuvenil na cidade. De acordo com a PF, os policiais\u2026","rel":"","context":"In &quot;Not\u00edcias de Ribeir\u00e3o Preto-SP e Regi\u00e3o&quot;","block_context":{"text":"Not\u00edcias de Ribeir\u00e3o Preto-SP e Regi\u00e3o","link":"https:\/\/ismaelcolosi.com.br\/index.php\/category\/noticias-de-ribeirao-preto-sp-e-regiao-ismael-colosi\/"},"img":{"alt_text":"","src":"https:\/\/i0.wp.com\/ismaelcolosi.com.br\/wp-content\/uploads\/2024\/03\/operacao_da_1024x576_29072020084415.jpg?fit=1024%2C576&ssl=1&resize=350%2C200","width":350,"height":200,"srcset":"https:\/\/i0.wp.com\/ismaelcolosi.com.br\/wp-content\/uploads\/2024\/03\/operacao_da_1024x576_29072020084415.jpg?fit=1024%2C576&ssl=1&resize=350%2C200 1x, https:\/\/i0.wp.com\/ismaelcolosi.com.br\/wp-content\/uploads\/2024\/03\/operacao_da_1024x576_29072020084415.jpg?fit=1024%2C576&ssl=1&resize=525%2C300 1.5x, https:\/\/i0.wp.com\/ismaelcolosi.com.br\/wp-content\/uploads\/2024\/03\/operacao_da_1024x576_29072020084415.jpg?fit=1024%2C576&ssl=1&resize=700%2C400 2x"},"classes":[]},{"id":67755,"url":"https:\/\/ismaelcolosi.com.br\/index.php\/2024\/09\/25\/operacao-nacional-da-pf-prende-suspeito-de-abuso-sexual-infantil-em-ribeirao\/","url_meta":{"origin":55761,"position":2},"title":"Opera\u00e7\u00e3o nacional da PF prende suspeito de abuso sexual infantil em Ribeir\u00e3o","author":"ismaelcolosi.com.br","date":"25 de September de 2024","format":false,"excerpt":"A\u00a0Pol\u00edcia Federal\u00a0cumpre, na manh\u00e3 desta quarta-feira (25),\u00a0141 mandados de busca e apreens\u00e3o\u00a0contra suspeitos de armazenar e compartilhar material de abuso sexual infantojuvenil. Em Ribeir\u00e3o Preto, uma pessoa foi presa em flagrante e levada para a delegacia da PF da cidade. De acordo com a corpora\u00e7\u00e3o, a Opera\u00e7\u00e3o Terabyte busca identificar\u2026","rel":"","context":"In &quot;Not\u00edcias de Ribeir\u00e3o Preto-SP e Regi\u00e3o&quot;","block_context":{"text":"Not\u00edcias de Ribeir\u00e3o Preto-SP e Regi\u00e3o","link":"https:\/\/ismaelcolosi.com.br\/index.php\/category\/noticias-de-ribeirao-preto-sp-e-regiao-ismael-colosi\/"},"img":{"alt_text":"","src":"https:\/\/i0.wp.com\/ismaelcolosi.com.br\/wp-content\/uploads\/2024\/09\/WhatsApp-Image-2024-09-25-at-09.53.47_2024-09-25_13-30-43_jpeg_2024-09-25_13-30-43.webp.webp?fit=1200%2C900&ssl=1&resize=350%2C200","width":350,"height":200,"srcset":"https:\/\/i0.wp.com\/ismaelcolosi.com.br\/wp-content\/uploads\/2024\/09\/WhatsApp-Image-2024-09-25-at-09.53.47_2024-09-25_13-30-43_jpeg_2024-09-25_13-30-43.webp.webp?fit=1200%2C900&ssl=1&resize=350%2C200 1x, https:\/\/i0.wp.com\/ismaelcolosi.com.br\/wp-content\/uploads\/2024\/09\/WhatsApp-Image-2024-09-25-at-09.53.47_2024-09-25_13-30-43_jpeg_2024-09-25_13-30-43.webp.webp?fit=1200%2C900&ssl=1&resize=525%2C300 1.5x, https:\/\/i0.wp.com\/ismaelcolosi.com.br\/wp-content\/uploads\/2024\/09\/WhatsApp-Image-2024-09-25-at-09.53.47_2024-09-25_13-30-43_jpeg_2024-09-25_13-30-43.webp.webp?fit=1200%2C900&ssl=1&resize=700%2C400 2x, https:\/\/i0.wp.com\/ismaelcolosi.com.br\/wp-content\/uploads\/2024\/09\/WhatsApp-Image-2024-09-25-at-09.53.47_2024-09-25_13-30-43_jpeg_2024-09-25_13-30-43.webp.webp?fit=1200%2C900&ssl=1&resize=1050%2C600 3x"},"classes":[]},{"id":58351,"url":"https:\/\/ismaelcolosi.com.br\/index.php\/2024\/07\/30\/pf-prende-suspeito-em-ribeirao-preto-durante-operacao-nacional-contra-abuso-sexual-infantil\/","url_meta":{"origin":55761,"position":3},"title":"PF prende suspeito em Ribeir\u00e3o Preto durante opera\u00e7\u00e3o nacional contra abuso sexual infantil","author":"ismaelcolosi.com.br","date":"30 de July de 2024","format":false,"excerpt":"A PF (Pol\u00edcia Federal) prendeu um suspeito em Ribeir\u00e3o Preto durante a opera\u00e7\u00e3o Leafdown, deflagrada nesta nesta ter\u00e7a-feira (30) para combater crimes de armazenamento e difus\u00e3o de material de abuso sexual infantil. Segundo a PF, em Ribeir\u00e3o foi cumprido um mandado de busca e apreens\u00e3o, com a pris\u00e3o de uma\u2026","rel":"","context":"In &quot;Not\u00edcias de Ribeir\u00e3o Preto-SP e Regi\u00e3o&quot;","block_context":{"text":"Not\u00edcias de Ribeir\u00e3o Preto-SP e Regi\u00e3o","link":"https:\/\/ismaelcolosi.com.br\/index.php\/category\/noticias-de-ribeirao-preto-sp-e-regiao-ismael-colosi\/"},"img":{"alt_text":"","src":"https:\/\/i0.wp.com\/ismaelcolosi.com.br\/wp-content\/uploads\/2024\/07\/POLICIA-FEDERAL_2024-07-30_15-02-06_jpg_2024-07-30_15-02-06.webp.webp?fit=1200%2C958&ssl=1&resize=350%2C200","width":350,"height":200,"srcset":"https:\/\/i0.wp.com\/ismaelcolosi.com.br\/wp-content\/uploads\/2024\/07\/POLICIA-FEDERAL_2024-07-30_15-02-06_jpg_2024-07-30_15-02-06.webp.webp?fit=1200%2C958&ssl=1&resize=350%2C200 1x, https:\/\/i0.wp.com\/ismaelcolosi.com.br\/wp-content\/uploads\/2024\/07\/POLICIA-FEDERAL_2024-07-30_15-02-06_jpg_2024-07-30_15-02-06.webp.webp?fit=1200%2C958&ssl=1&resize=525%2C300 1.5x, https:\/\/i0.wp.com\/ismaelcolosi.com.br\/wp-content\/uploads\/2024\/07\/POLICIA-FEDERAL_2024-07-30_15-02-06_jpg_2024-07-30_15-02-06.webp.webp?fit=1200%2C958&ssl=1&resize=700%2C400 2x, https:\/\/i0.wp.com\/ismaelcolosi.com.br\/wp-content\/uploads\/2024\/07\/POLICIA-FEDERAL_2024-07-30_15-02-06_jpg_2024-07-30_15-02-06.webp.webp?fit=1200%2C958&ssl=1&resize=1050%2C600 3x"},"classes":[]},{"id":65012,"url":"https:\/\/ismaelcolosi.com.br\/index.php\/2024\/09\/10\/homem-e-preso-durante-operacao-da-pf-de-ribeirao-contra-abuso-sexual-infantil\/","url_meta":{"origin":55761,"position":4},"title":"Homem \u00e9 preso durante opera\u00e7\u00e3o da PF de Ribeir\u00e3o contra abuso sexual infantil","author":"ismaelcolosi.com.br","date":"10 de September de 2024","format":false,"excerpt":"Na manh\u00e3 desta ter\u00e7a-feira (10), a Pol\u00edcia Federal de Ribeir\u00e3o Preto prendeu um homem durante mais uma fase da Opera\u00e7\u00e3o Leafdown, que tem como objetivo desarticular um grupo criminoso voltado \u00e0 dissemina\u00e7\u00e3o de arquivos de viol\u00eancia sexual contra crian\u00e7as e adolescentes na internet. O suspeito foi preso em flagrante pelo\u2026","rel":"","context":"In &quot;Not\u00edcias de Ribeir\u00e3o Preto-SP e Regi\u00e3o&quot;","block_context":{"text":"Not\u00edcias de Ribeir\u00e3o Preto-SP e Regi\u00e3o","link":"https:\/\/ismaelcolosi.com.br\/index.php\/category\/noticias-de-ribeirao-preto-sp-e-regiao-ismael-colosi\/"},"img":{"alt_text":"","src":"https:\/\/i0.wp.com\/ismaelcolosi.com.br\/wp-content\/uploads\/2024\/09\/Copia-de-Copia-de-Copia-de-TAMANHO-EXATO-PARA-FOTOS-NO-SISTEMA-NOVO-10_2024-09-10_15-21-32_png_2024-09-10_15-21-32.webp.webp?fit=1200%2C675&ssl=1&resize=350%2C200","width":350,"height":200,"srcset":"https:\/\/i0.wp.com\/ismaelcolosi.com.br\/wp-content\/uploads\/2024\/09\/Copia-de-Copia-de-Copia-de-TAMANHO-EXATO-PARA-FOTOS-NO-SISTEMA-NOVO-10_2024-09-10_15-21-32_png_2024-09-10_15-21-32.webp.webp?fit=1200%2C675&ssl=1&resize=350%2C200 1x, https:\/\/i0.wp.com\/ismaelcolosi.com.br\/wp-content\/uploads\/2024\/09\/Copia-de-Copia-de-Copia-de-TAMANHO-EXATO-PARA-FOTOS-NO-SISTEMA-NOVO-10_2024-09-10_15-21-32_png_2024-09-10_15-21-32.webp.webp?fit=1200%2C675&ssl=1&resize=525%2C300 1.5x, https:\/\/i0.wp.com\/ismaelcolosi.com.br\/wp-content\/uploads\/2024\/09\/Copia-de-Copia-de-Copia-de-TAMANHO-EXATO-PARA-FOTOS-NO-SISTEMA-NOVO-10_2024-09-10_15-21-32_png_2024-09-10_15-21-32.webp.webp?fit=1200%2C675&ssl=1&resize=700%2C400 2x, https:\/\/i0.wp.com\/ismaelcolosi.com.br\/wp-content\/uploads\/2024\/09\/Copia-de-Copia-de-Copia-de-TAMANHO-EXATO-PARA-FOTOS-NO-SISTEMA-NOVO-10_2024-09-10_15-21-32_png_2024-09-10_15-21-32.webp.webp?fit=1200%2C675&ssl=1&resize=1050%2C600 3x"},"classes":[]},{"id":48087,"url":"https:\/\/ismaelcolosi.com.br\/index.php\/2024\/04\/30\/pf-de-ribeirao-cumpre-mandados-na-regiao-contra-crime-de-abuso-sexual-infantojuvenil\/","url_meta":{"origin":55761,"position":5},"title":"PF de Ribeir\u00e3o cumpre mandados na regi\u00e3o contra crime de abuso sexual infantojuvenil","author":"ismaelcolosi.com.br","date":"30 de April de 2024","format":false,"excerpt":"A Pol\u00edcia Federal de Ribeir\u00e3o Preto cumpriu dois mandados de busca e apreens\u00e3o na casa de um homem investigado de praticar crime de abuso sexual infantojuvenil em Bebedouro. A a\u00e7\u00e3o aconteceu na manh\u00e3 desta ter\u00e7a-feira (30). Segundo a PF, os cumprimentos dos mandados ocorreu durante a Opera\u00e7\u00e3o \u201cHorus\u201d, que investiga\u2026","rel":"","context":"In &quot;Not\u00edcias de Ribeir\u00e3o Preto-SP e Regi\u00e3o&quot;","block_context":{"text":"Not\u00edcias de Ribeir\u00e3o Preto-SP e Regi\u00e3o","link":"https:\/\/ismaelcolosi.com.br\/index.php\/category\/noticias-de-ribeirao-preto-sp-e-regiao-ismael-colosi\/"},"img":{"alt_text":"","src":"https:\/\/i0.wp.com\/ismaelcolosi.com.br\/wp-content\/uploads\/2024\/04\/Copia-de-Copia-de-TAMANHO-EXATO-PARA-FOTOS-NO-SISTEMA-NOVO-3-2_2024-04-30_18-58-07_png.webp.webp?fit=1200%2C675&ssl=1&resize=350%2C200","width":350,"height":200,"srcset":"https:\/\/i0.wp.com\/ismaelcolosi.com.br\/wp-content\/uploads\/2024\/04\/Copia-de-Copia-de-TAMANHO-EXATO-PARA-FOTOS-NO-SISTEMA-NOVO-3-2_2024-04-30_18-58-07_png.webp.webp?fit=1200%2C675&ssl=1&resize=350%2C200 1x, https:\/\/i0.wp.com\/ismaelcolosi.com.br\/wp-content\/uploads\/2024\/04\/Copia-de-Copia-de-TAMANHO-EXATO-PARA-FOTOS-NO-SISTEMA-NOVO-3-2_2024-04-30_18-58-07_png.webp.webp?fit=1200%2C675&ssl=1&resize=525%2C300 1.5x, https:\/\/i0.wp.com\/ismaelcolosi.com.br\/wp-content\/uploads\/2024\/04\/Copia-de-Copia-de-TAMANHO-EXATO-PARA-FOTOS-NO-SISTEMA-NOVO-3-2_2024-04-30_18-58-07_png.webp.webp?fit=1200%2C675&ssl=1&resize=700%2C400 2x, https:\/\/i0.wp.com\/ismaelcolosi.com.br\/wp-content\/uploads\/2024\/04\/Copia-de-Copia-de-TAMANHO-EXATO-PARA-FOTOS-NO-SISTEMA-NOVO-3-2_2024-04-30_18-58-07_png.webp.webp?fit=1200%2C675&ssl=1&resize=1050%2C600 3x"},"classes":[]}],"jetpack_sharing_enabled":true,"jetpack_shortlink":"https:\/\/wp.me\/pfMlyK-evn","_links":{"self":[{"href":"https:\/\/ismaelcolosi.com.br\/index.php\/wp-json\/wp\/v2\/posts\/55761","targetHints":{"allow":["GET"]}}],"collection":[{"href":"https:\/\/ismaelcolosi.com.br\/index.php\/wp-json\/wp\/v2\/posts"}],"about":[{"href":"https:\/\/ismaelcolosi.com.br\/index.php\/wp-json\/wp\/v2\/types\/post"}],"author":[{"embeddable":true,"href":"https:\/\/ismaelcolosi.com.br\/index.php\/wp-json\/wp\/v2\/users\/1"}],"replies":[{"embeddable":true,"href":"https:\/\/ismaelcolosi.com.br\/index.php\/wp-json\/wp\/v2\/comments?post=55761"}],"version-history":[{"count":0,"href":"https:\/\/ismaelcolosi.com.br\/index.php\/wp-json\/wp\/v2\/posts\/55761\/revisions"}],"wp:featuredmedia":[{"embeddable":true,"href":"https:\/\/ismaelcolosi.com.br\/index.php\/wp-json\/wp\/v2\/media\/55762"}],"wp:attachment":[{"href":"https:\/\/ismaelcolosi.com.br\/index.php\/wp-json\/wp\/v2\/media?parent=55761"}],"wp:term":[{"taxonomy":"category","embeddable":true,"href":"https:\/\/ismaelcolosi.com.br\/index.php\/wp-json\/wp\/v2\/categories?post=55761"},{"taxonomy":"post_tag","embeddable":true,"href":"https:\/\/ismaelcolosi.com.br\/index.php\/wp-json\/wp\/v2\/tags?post=55761"}],"curies":[{"name":"wp","href":"https:\/\/api.w.org\/{rel}","templated":true}]}}