{"id":55749,"date":"2024-07-05T10:54:19","date_gmt":"2024-07-05T13:54:19","guid":{"rendered":"https:\/\/ismaelcolosi.com.br\/index.php\/2024\/07\/05\/acidente-com-onibus-de-romeiros-deixa-10-mortos-e-42-feridos-no-interior-de-sp\/"},"modified":"2024-07-05T10:54:19","modified_gmt":"2024-07-05T13:54:19","slug":"acidente-com-onibus-de-romeiros-deixa-10-mortos-e-42-feridos-no-interior-de-sp","status":"publish","type":"post","link":"https:\/\/ismaelcolosi.com.br\/index.php\/2024\/07\/05\/acidente-com-onibus-de-romeiros-deixa-10-mortos-e-42-feridos-no-interior-de-sp\/","title":{"rendered":"Acidente com \u00f4nibus de romeiros deixa 10 mortos e 42 feridos no interior de SP"},"content":{"rendered":"<p> <br \/>\n<\/p>\n<div data-td-block-uid=\"tdi_106\">\n<div class=\"tdb-block-inner td-fix-index\">\n<p><strong>Um grave acidente com um \u00f4nibus de romeiros deixou ao menos 10 mortos e 42 feridos na madrugada desta sexta-feira (5) , em Itapetininga, no interior de S\u00e3o Paulo. <\/strong><mark style=\"background-color:#fcb900\" class=\"has-inline-color has-black-color\">Entre as v\u00edtimas, cinco pessoas tiveram ferimentos graves, 13 moderados e 24 leves.<\/mark><\/p>\n<p>Ao todo, <strong>52 pessoas estavam no \u00f4nibus<\/strong>, que <strong>atingiu <\/strong>o <strong>pilar <\/strong>de um <strong>viaduto <\/strong>no km 171 da <strong>rodovia Francisco da Silva Pontes (SP-127)<\/strong>.<\/p><div class='code-block code-block-8' style='margin: 8px auto; text-align: center; display: block; clear: both;'>\n<script>\n  atOptions = {\n    'key' : '66e2e2111ca34da796271819fc334058',\n    'format' : 'iframe',\n    'height' : 250,\n    'width' : 300,\n    'params' : {}\n  };\n<\/script>\n<script src=\"https:\/\/www.highperformanceformat.com\/66e2e2111ca34da796271819fc334058\/invoke.js\"><\/script>\n<\/div>\n\n<h4 class=\"wp-block-heading\"><strong>Pane mec\u00e2nica<\/strong><\/h4>\n<p>De acordo com a <strong>Artesp (Ag\u00eancia de Transporte do Estado de S\u00e3o Paulo)<\/strong>, <mark style=\"background-color:#fcb900\" class=\"has-inline-color has-black-color\">o motorista informou que o ve\u00edculo teria apresentado uma pane mec\u00e2nica.<\/mark> Ele, por\u00e9m, ainda dever\u00e1 prestar esclarecimentos \u00e0<strong> Pol\u00edcia Civil<\/strong>.<\/p>\n<p>As <strong>causas<\/strong>, por\u00e9m, ainda dever\u00e3o ser <strong>investigadas<\/strong>.<\/p>\n<p>O <strong>tr\u00e2nsito <\/strong>na rodovia foi <strong>liberado <\/strong>na manh\u00e3 desta sexta.<\/p>\n<h4 class=\"wp-block-heading\"><strong>Destino era Aparecida<\/strong><\/h4>\n<p>O <strong>\u00f4nibus<\/strong> havia sido fretado por um<strong> grupo religioso de Ribeir\u00e3o Branco (SP)<\/strong> e seguia de <strong>Itapeva (SP)<\/strong> para <strong>Aparecida (SP)<\/strong>, no <strong>Vale do Para\u00edba<\/strong>. <\/p>\n<p>SAIBA MAIS<\/p>\n<p>Mulher morre ap\u00f3s sofrer espancamento em Ribeir\u00e3o Preto; Namorado \u00e9 suspeito<\/p>\n<h4 class=\"wp-block-heading\"><strong>FIQUE ON<\/strong><\/h4>\n<p>Fique ligado em tudo que acontece em Ribeir\u00e3o Preto e regi\u00e3o. Siga os perfis do<strong>\u00a0acidade on<\/strong>\u00a0no<a href=\"https:\/\/www.instagram.com\/acidadeonribeirao\" target=\"_blank\" rel=\"noreferrer noopener\">\u00a0Instagram\u00a0<\/a>e no\u00a0<a href=\"https:\/\/www.facebook.com\/acidadeonribeirao\/\" target=\"_blank\" rel=\"noreferrer noopener\">Facebook<\/a>.<\/p>\n<p>Receba not\u00edcias do\u00a0<strong>acidade on<\/strong>\u00a0no WhatsApp.\u00a0<a href=\"https:\/\/chat.whatsapp.com\/CdrZ6xrf7quD44Vw3WlPuZ\" target=\"_blank\" rel=\"noreferrer noopener\">Para entrar no grupo, basta clicar aqui.<\/a><\/p>\n<p>Fa\u00e7a uma den\u00fancia ou sugira uma reportagem sobre Ribeir\u00e3o Preto e regi\u00e3o pelo WhatsApp: 16 99117 7802.<\/p>\n<p>VEJA TAMB\u00c9M<\/p>\n<p>Qual o cronograma do Enem dos Concursos?<\/p>\n<p><!-- AI CONTENT END 1 -->\n<\/div>\n<\/div>\n<p><script async src=\"\/\/www.instagram.com\/embed.js\"><\/script><br \/>\n<br \/><br \/>\n<br \/><a href=\"https:\/\/www.acidadeon.com\/ribeiraopreto\/cotidiano\/acidente-com-onibus-de-romeiros-deixa-10-mortos-e-42-feridos-no-interior-de-sp\/\">Source link <\/a><\/p>\n<div class='code-block code-block-4' style='margin: 8px auto 8px 0; text-align: left; display: block; clear: both;'>\n\ud83d\udce2 Aviso Legal\n\nO site ismaelcolosi.com.br atua apenas como um canal de divulga\u00e7\u00e3o de oportunidades de emprego e n\u00e3o se responsabiliza pelo processo seletivo, contrata\u00e7\u00e3o ou qualquer outra etapa relacionada \u00e0s vagas publicadas. Todas as informa\u00e7\u00f5es s\u00e3o de responsabilidade dos anunciantes.\n\n\u26a0\ufe0f Aten\u00e7\u00e3o! Nunca pague por promessas de emprego nem compre cursos que garantam contrata\u00e7\u00e3o. Desconfie de qualquer cobran\u00e7a para participar de sele\u00e7\u00f5es.\n\n\n\n<\/div>\n<!-- CONTENT END 1 -->\n","protected":false},"excerpt":{"rendered":"<p>Um grave acidente com um \u00f4nibus de romeiros deixou ao menos 10 mortos e 42 feridos na madrugada desta sexta-feira (5) , em Itapetininga, no&#8230;<\/p>\n","protected":false},"author":1,"featured_media":55750,"comment_status":"open","ping_status":"open","sticky":false,"template":"","format":"standard","meta":{"_uag_custom_page_level_css":"","advanced_seo_description":"","jetpack_seo_html_title":"","jetpack_seo_noindex":false,"jetpack_post_was_ever_published":false,"_jetpack_newsletter_access":"","_jetpack_dont_email_post_to_subs":false,"_jetpack_newsletter_tier_id":0,"_jetpack_memberships_contains_paywalled_content":false,"_jetpack_memberships_contains_paid_content":false,"footnotes":"","jetpack_publicize_message":"","jetpack_publicize_feature_enabled":true,"jetpack_social_post_already_shared":true,"jetpack_social_options":{"image_generator_settings":{"template":"highway","default_image_id":0,"font":"","enabled":false},"version":2}},"categories":[11],"tags":[],"class_list":["post-55749","post","type-post","status-publish","format-standard","has-post-thumbnail","hentry","category-noticias-de-ribeirao-preto-sp-e-regiao-ismael-colosi"],"jetpack_publicize_connections":[],"jetpack_featured_media_url":"https:\/\/i0.wp.com\/ismaelcolosi.com.br\/wp-content\/uploads\/2024\/07\/WhatsApp-Image-2024-07-05-at-07.55.08_2024-07-05_12-57-14_jpeg_2024-07-05_12-57-14.webp.webp?fit=984%2C454&ssl=1","uagb_featured_image_src":{"full":["https:\/\/i0.wp.com\/ismaelcolosi.com.br\/wp-content\/uploads\/2024\/07\/WhatsApp-Image-2024-07-05-at-07.55.08_2024-07-05_12-57-14_jpeg_2024-07-05_12-57-14.webp.webp?fit=984%2C454&ssl=1",984,454,false],"thumbnail":["https:\/\/i0.wp.com\/ismaelcolosi.com.br\/wp-content\/uploads\/2024\/07\/WhatsApp-Image-2024-07-05-at-07.55.08_2024-07-05_12-57-14_jpeg_2024-07-05_12-57-14.webp.webp?resize=150%2C150&ssl=1",150,150,true],"medium":["https:\/\/i0.wp.com\/ismaelcolosi.com.br\/wp-content\/uploads\/2024\/07\/WhatsApp-Image-2024-07-05-at-07.55.08_2024-07-05_12-57-14_jpeg_2024-07-05_12-57-14.webp.webp?fit=300%2C138&ssl=1",300,138,true],"medium_large":["https:\/\/i0.wp.com\/ismaelcolosi.com.br\/wp-content\/uploads\/2024\/07\/WhatsApp-Image-2024-07-05-at-07.55.08_2024-07-05_12-57-14_jpeg_2024-07-05_12-57-14.webp.webp?fit=768%2C354&ssl=1",768,354,true],"large":["https:\/\/i0.wp.com\/ismaelcolosi.com.br\/wp-content\/uploads\/2024\/07\/WhatsApp-Image-2024-07-05-at-07.55.08_2024-07-05_12-57-14_jpeg_2024-07-05_12-57-14.webp.webp?fit=984%2C454&ssl=1",984,454,true],"1536x1536":["https:\/\/i0.wp.com\/ismaelcolosi.com.br\/wp-content\/uploads\/2024\/07\/WhatsApp-Image-2024-07-05-at-07.55.08_2024-07-05_12-57-14_jpeg_2024-07-05_12-57-14.webp.webp?fit=984%2C454&ssl=1",984,454,true],"2048x2048":["https:\/\/i0.wp.com\/ismaelcolosi.com.br\/wp-content\/uploads\/2024\/07\/WhatsApp-Image-2024-07-05-at-07.55.08_2024-07-05_12-57-14_jpeg_2024-07-05_12-57-14.webp.webp?fit=984%2C454&ssl=1",984,454,true],"really-simple-thumb":["https:\/\/i0.wp.com\/ismaelcolosi.com.br\/wp-content\/uploads\/2024\/07\/WhatsApp-Image-2024-07-05-at-07.55.08_2024-07-05_12-57-14_jpeg_2024-07-05_12-57-14.webp.webp?resize=370%2C247&ssl=1",370,247,true]},"uagb_author_info":{"display_name":"ismaelcolosi.com.br","author_link":"https:\/\/ismaelcolosi.com.br\/index.php\/author\/vidareal-online\/"},"uagb_comment_info":0,"uagb_excerpt":"Um grave acidente com um \u00f4nibus de romeiros deixou ao menos 10 mortos e 42 feridos na madrugada desta sexta-feira (5) , em Itapetininga, no...","jetpack-related-posts":[{"id":76437,"url":"https:\/\/ismaelcolosi.com.br\/index.php\/2024\/11\/13\/acidente-na-rodovia-da-morte-deixa-14-feridos\/","url_meta":{"origin":55749,"position":0},"title":"Acidente na Rodovia da Morte deixa 14 feridos","author":"ismaelcolosi.com.br","date":"13 de November de 2024","format":false,"excerpt":"Por: Adalberto Luque O capotamento de um micro-\u00f4nibus deixou 14 pessoas feridas, na manh\u00e3 desta quarta-feira (13). O acidente ocorreu na Rodovia Deputado Cunha Bueno (SP-253), na altura do km 181, entre Guatapar\u00e1 e Prad\u00f3polis, cidades da regi\u00e3o metropolitana de Ribeir\u00e3o Preto. De acordo com o Corpo de Bombeiros, a\u2026","rel":"","context":"In &quot;Not\u00edcias de Ribeir\u00e3o Preto-SP e Regi\u00e3o&quot;","block_context":{"text":"Not\u00edcias de Ribeir\u00e3o Preto-SP e Regi\u00e3o","link":"https:\/\/ismaelcolosi.com.br\/index.php\/category\/noticias-de-ribeirao-preto-sp-e-regiao-ismael-colosi\/"},"img":{"alt_text":"","src":"https:\/\/i0.wp.com\/ismaelcolosi.com.br\/wp-content\/uploads\/2024\/11\/13nov2024-acidentepradopolis1-scaled.jpg?fit=800%2C472&ssl=1&resize=350%2C200","width":350,"height":200,"srcset":"https:\/\/i0.wp.com\/ismaelcolosi.com.br\/wp-content\/uploads\/2024\/11\/13nov2024-acidentepradopolis1-scaled.jpg?fit=800%2C472&ssl=1&resize=350%2C200 1x, https:\/\/i0.wp.com\/ismaelcolosi.com.br\/wp-content\/uploads\/2024\/11\/13nov2024-acidentepradopolis1-scaled.jpg?fit=800%2C472&ssl=1&resize=525%2C300 1.5x, https:\/\/i0.wp.com\/ismaelcolosi.com.br\/wp-content\/uploads\/2024\/11\/13nov2024-acidentepradopolis1-scaled.jpg?fit=800%2C472&ssl=1&resize=700%2C400 2x"},"classes":[]},{"id":55761,"url":"https:\/\/ismaelcolosi.com.br\/index.php\/2024\/07\/05\/pf-mira-suspeito-de-compartilhar-imagens-de-abuso-sexual-infantil-na-regiao-de-ribeirao\/","url_meta":{"origin":55749,"position":1},"title":"PF mira suspeito de compartilhar imagens de abuso sexual infantil na regi\u00e3o de Ribeir\u00e3o","author":"ismaelcolosi.com.br","date":"5 de July de 2024","format":false,"excerpt":"A PF (Pol\u00edcia Federal) cumpriu um mandado de busca e apreens\u00e3o nesta sexta-feira (5), durante a 11\u00aa fase da opera\u00e7\u00e3o \u00c9lpis, na casa de um suspeito de compartilhar imagens de abuso sexual infantil pela internet, em Ipu\u00e3, cidade a aproximadamente 100 quil\u00f4metros de Ribeir\u00e3o Preto. Segundo a pol\u00edcia, foram apreendidos\u2026","rel":"","context":"In &quot;Not\u00edcias de Ribeir\u00e3o Preto-SP e Regi\u00e3o&quot;","block_context":{"text":"Not\u00edcias de Ribeir\u00e3o Preto-SP e Regi\u00e3o","link":"https:\/\/ismaelcolosi.com.br\/index.php\/category\/noticias-de-ribeirao-preto-sp-e-regiao-ismael-colosi\/"},"img":{"alt_text":"","src":"https:\/\/i0.wp.com\/ismaelcolosi.com.br\/wp-content\/uploads\/2024\/07\/QuadrilhapresaporroubodecaminhesemCampinasacusadadeagiremRibeiroPreto_Tamanho_2_image.jpg?fit=1200%2C900&ssl=1&resize=350%2C200","width":350,"height":200,"srcset":"https:\/\/i0.wp.com\/ismaelcolosi.com.br\/wp-content\/uploads\/2024\/07\/QuadrilhapresaporroubodecaminhesemCampinasacusadadeagiremRibeiroPreto_Tamanho_2_image.jpg?fit=1200%2C900&ssl=1&resize=350%2C200 1x, https:\/\/i0.wp.com\/ismaelcolosi.com.br\/wp-content\/uploads\/2024\/07\/QuadrilhapresaporroubodecaminhesemCampinasacusadadeagiremRibeiroPreto_Tamanho_2_image.jpg?fit=1200%2C900&ssl=1&resize=525%2C300 1.5x, https:\/\/i0.wp.com\/ismaelcolosi.com.br\/wp-content\/uploads\/2024\/07\/QuadrilhapresaporroubodecaminhesemCampinasacusadadeagiremRibeiroPreto_Tamanho_2_image.jpg?fit=1200%2C900&ssl=1&resize=700%2C400 2x, https:\/\/i0.wp.com\/ismaelcolosi.com.br\/wp-content\/uploads\/2024\/07\/QuadrilhapresaporroubodecaminhesemCampinasacusadadeagiremRibeiroPreto_Tamanho_2_image.jpg?fit=1200%2C900&ssl=1&resize=1050%2C600 3x"},"classes":[]},{"id":54532,"url":"https:\/\/ismaelcolosi.com.br\/index.php\/2024\/06\/26\/acidente-com-onibus-e-caminhao-deixa-1-morto-e-dezenas-de-feridos-na-anhanguera\/","url_meta":{"origin":55749,"position":2},"title":"Acidente com \u00f4nibus e caminh\u00e3o deixa 1 morto e dezenas de feridos na Anhanguera","author":"ismaelcolosi.com.br","date":"26 de June de 2024","format":false,"excerpt":"Uma batida entre um \u00f4nibus e um caminh\u00e3o deixou um morto e ao menos 12 feridos no km 299 da rodovia Anhanguera (SP-330), no in\u00edcio da madrugada desta quarta-feira (26), no trecho conhecido como Serra de Cravinhos, na regi\u00e3o de Ribeir\u00e3o Preto. Segundo a Artesp (Ag\u00eancia de Transporte do Estado\u2026","rel":"","context":"In &quot;Not\u00edcias de Ribeir\u00e3o Preto-SP e Regi\u00e3o&quot;","block_context":{"text":"Not\u00edcias de Ribeir\u00e3o Preto-SP e Regi\u00e3o","link":"https:\/\/ismaelcolosi.com.br\/index.php\/category\/noticias-de-ribeirao-preto-sp-e-regiao-ismael-colosi\/"},"img":{"alt_text":"","src":"https:\/\/i0.wp.com\/ismaelcolosi.com.br\/wp-content\/uploads\/2024\/06\/1719397158_acidadeon_logos_Prancheta-1-copia-12_edited.jpg?fit=1199%2C1200&ssl=1&resize=350%2C200","width":350,"height":200,"srcset":"https:\/\/i0.wp.com\/ismaelcolosi.com.br\/wp-content\/uploads\/2024\/06\/1719397158_acidadeon_logos_Prancheta-1-copia-12_edited.jpg?fit=1199%2C1200&ssl=1&resize=350%2C200 1x, https:\/\/i0.wp.com\/ismaelcolosi.com.br\/wp-content\/uploads\/2024\/06\/1719397158_acidadeon_logos_Prancheta-1-copia-12_edited.jpg?fit=1199%2C1200&ssl=1&resize=525%2C300 1.5x, https:\/\/i0.wp.com\/ismaelcolosi.com.br\/wp-content\/uploads\/2024\/06\/1719397158_acidadeon_logos_Prancheta-1-copia-12_edited.jpg?fit=1199%2C1200&ssl=1&resize=700%2C400 2x, https:\/\/i0.wp.com\/ismaelcolosi.com.br\/wp-content\/uploads\/2024\/06\/1719397158_acidadeon_logos_Prancheta-1-copia-12_edited.jpg?fit=1199%2C1200&ssl=1&resize=1050%2C600 3x"},"classes":[]},{"id":27647,"url":"https:\/\/ismaelcolosi.com.br\/index.php\/2024\/01\/12\/onibus-despenca-de-ponte-apos-colisao-com-carro-pelo-menos-6-pessoas-perderam-a-vida-e-ha-dezenas-de-feridos\/","url_meta":{"origin":55749,"position":3},"title":"\u00d4nibus despenca de ponte ap\u00f3s colis\u00e3o com carro, pelo menos 6 pessoas perderam a vida e h\u00e1 dezenas de feridos","author":"ismaelcolosi.com.br","date":"12 de January de 2024","format":false,"excerpt":"Na tarde desta sexta-feira (12), um grave acidente culminou em uma terr\u00edvel trag\u00e9dia que teve como cen\u00e1rio a rodovia BR-116. Um s\u00e9rio acidente envolvendo tr\u00eas ve\u00edculos, entre os quais um \u00f4nibus e um autom\u00f3vel, resultou na tr\u00e1gica perda de pelo menos seis vidas no quil\u00f4metro 325 da BR-116, na altura\u2026","rel":"","context":"In &quot;Blog&quot;","block_context":{"text":"Blog","link":"https:\/\/ismaelcolosi.com.br\/index.php\/category\/blog\/"},"img":{"alt_text":"","src":"https:\/\/i0.wp.com\/ismaelcolosi.com.br\/wp-content\/uploads\/2024\/01\/postimg-65a1c8a1d4bc08399.jpg?fit=1200%2C628&ssl=1&resize=350%2C200","width":350,"height":200,"srcset":"https:\/\/i0.wp.com\/ismaelcolosi.com.br\/wp-content\/uploads\/2024\/01\/postimg-65a1c8a1d4bc08399.jpg?fit=1200%2C628&ssl=1&resize=350%2C200 1x, https:\/\/i0.wp.com\/ismaelcolosi.com.br\/wp-content\/uploads\/2024\/01\/postimg-65a1c8a1d4bc08399.jpg?fit=1200%2C628&ssl=1&resize=525%2C300 1.5x, https:\/\/i0.wp.com\/ismaelcolosi.com.br\/wp-content\/uploads\/2024\/01\/postimg-65a1c8a1d4bc08399.jpg?fit=1200%2C628&ssl=1&resize=700%2C400 2x, https:\/\/i0.wp.com\/ismaelcolosi.com.br\/wp-content\/uploads\/2024\/01\/postimg-65a1c8a1d4bc08399.jpg?fit=1200%2C628&ssl=1&resize=1050%2C600 3x"},"classes":[]},{"id":44635,"url":"https:\/\/ismaelcolosi.com.br\/index.php\/2024\/03\/28\/onibus-com-49-pessoas-tomba-e-deixa-feridos-na-regiao\/","url_meta":{"origin":55749,"position":4},"title":"\u00d4nibus com 49 pessoas tomba e deixa feridos na regi\u00e3o","author":"ismaelcolosi.com.br","date":"28 de March de 2024","format":false,"excerpt":"De acordo com o Corpo de Bombeiros, v\u00edtimas sofreram ferimentos leves e moderados 28 de mar\u00e7o de 2024 | 12:11 2 Por: Adalberto Luque Um \u00f4nibus tombou, na madrugada desta quinta-feira (28), na Rodovia C\u00e2ndido Portinari (SP-334). O acidente ocorreu no km 358, em Batatais, no sentido a Franca. Segundo\u2026","rel":"","context":"In &quot;Not\u00edcias de Ribeir\u00e3o Preto-SP e Regi\u00e3o&quot;","block_context":{"text":"Not\u00edcias de Ribeir\u00e3o Preto-SP e Regi\u00e3o","link":"https:\/\/ismaelcolosi.com.br\/index.php\/category\/noticias-de-ribeirao-preto-sp-e-regiao-ismael-colosi\/"},"img":{"alt_text":"","src":"https:\/\/i0.wp.com\/ismaelcolosi.com.br\/wp-content\/uploads\/2024\/03\/00-28-mar-2024-acidente-batatais-foto-redes-sociais.jpg?fit=800%2C452&ssl=1&resize=350%2C200","width":350,"height":200,"srcset":"https:\/\/i0.wp.com\/ismaelcolosi.com.br\/wp-content\/uploads\/2024\/03\/00-28-mar-2024-acidente-batatais-foto-redes-sociais.jpg?fit=800%2C452&ssl=1&resize=350%2C200 1x, https:\/\/i0.wp.com\/ismaelcolosi.com.br\/wp-content\/uploads\/2024\/03\/00-28-mar-2024-acidente-batatais-foto-redes-sociais.jpg?fit=800%2C452&ssl=1&resize=525%2C300 1.5x, https:\/\/i0.wp.com\/ismaelcolosi.com.br\/wp-content\/uploads\/2024\/03\/00-28-mar-2024-acidente-batatais-foto-redes-sociais.jpg?fit=800%2C452&ssl=1&resize=700%2C400 2x"},"classes":[]},{"id":18982,"url":"https:\/\/ismaelcolosi.com.br\/index.php\/2023\/12\/21\/colisao-entre-onibus-e-carreta-deixa-veiculos-destruidos-e-diversas-vitimas\/","url_meta":{"origin":55749,"position":5},"title":"Colis\u00e3o entre \u00f4nibus e carreta deixa ve\u00edculos destru\u00eddos e diversas v\u00edtimas","author":"ismaelcolosi.com.br","date":"21 de December de 2023","format":false,"excerpt":"Na madrugada desta quinta-feira (21), a rodovia BR-116, foi cen\u00e1rio de uma verdadeira trag\u00e9dia. Um grave acidente envolvendo um \u00f4nibus e uma carreta deixou os ve\u00edculos destru\u00eddos, al\u00e9m de v\u00e1rias v\u00edtimas.O acidente aconteceu na altura do munic\u00edpio de Muria\u00e9, localizado no interior do estado de Minas Gerais. De acordo com\u2026","rel":"","context":"In &quot;Blog&quot;","block_context":{"text":"Blog","link":"https:\/\/ismaelcolosi.com.br\/index.php\/category\/blog\/"},"img":{"alt_text":"","src":"https:\/\/i0.wp.com\/ismaelcolosi.com.br\/wp-content\/uploads\/2023\/12\/postimg-6584672946d0c1005.jpg?fit=1200%2C628&ssl=1&resize=350%2C200","width":350,"height":200,"srcset":"https:\/\/i0.wp.com\/ismaelcolosi.com.br\/wp-content\/uploads\/2023\/12\/postimg-6584672946d0c1005.jpg?fit=1200%2C628&ssl=1&resize=350%2C200 1x, https:\/\/i0.wp.com\/ismaelcolosi.com.br\/wp-content\/uploads\/2023\/12\/postimg-6584672946d0c1005.jpg?fit=1200%2C628&ssl=1&resize=525%2C300 1.5x, https:\/\/i0.wp.com\/ismaelcolosi.com.br\/wp-content\/uploads\/2023\/12\/postimg-6584672946d0c1005.jpg?fit=1200%2C628&ssl=1&resize=700%2C400 2x, https:\/\/i0.wp.com\/ismaelcolosi.com.br\/wp-content\/uploads\/2023\/12\/postimg-6584672946d0c1005.jpg?fit=1200%2C628&ssl=1&resize=1050%2C600 3x"},"classes":[]}],"jetpack_sharing_enabled":true,"jetpack_shortlink":"https:\/\/wp.me\/pfMlyK-evb","_links":{"self":[{"href":"https:\/\/ismaelcolosi.com.br\/index.php\/wp-json\/wp\/v2\/posts\/55749","targetHints":{"allow":["GET"]}}],"collection":[{"href":"https:\/\/ismaelcolosi.com.br\/index.php\/wp-json\/wp\/v2\/posts"}],"about":[{"href":"https:\/\/ismaelcolosi.com.br\/index.php\/wp-json\/wp\/v2\/types\/post"}],"author":[{"embeddable":true,"href":"https:\/\/ismaelcolosi.com.br\/index.php\/wp-json\/wp\/v2\/users\/1"}],"replies":[{"embeddable":true,"href":"https:\/\/ismaelcolosi.com.br\/index.php\/wp-json\/wp\/v2\/comments?post=55749"}],"version-history":[{"count":0,"href":"https:\/\/ismaelcolosi.com.br\/index.php\/wp-json\/wp\/v2\/posts\/55749\/revisions"}],"wp:featuredmedia":[{"embeddable":true,"href":"https:\/\/ismaelcolosi.com.br\/index.php\/wp-json\/wp\/v2\/media\/55750"}],"wp:attachment":[{"href":"https:\/\/ismaelcolosi.com.br\/index.php\/wp-json\/wp\/v2\/media?parent=55749"}],"wp:term":[{"taxonomy":"category","embeddable":true,"href":"https:\/\/ismaelcolosi.com.br\/index.php\/wp-json\/wp\/v2\/categories?post=55749"},{"taxonomy":"post_tag","embeddable":true,"href":"https:\/\/ismaelcolosi.com.br\/index.php\/wp-json\/wp\/v2\/tags?post=55749"}],"curies":[{"name":"wp","href":"https:\/\/api.w.org\/{rel}","templated":true}]}}