{"id":55745,"date":"2024-07-05T10:40:49","date_gmt":"2024-07-05T13:40:49","guid":{"rendered":"https:\/\/ismaelcolosi.com.br\/index.php\/2024\/07\/05\/marisa-orth-e-musicos-da-legiao-urbana-veja-programacao-do-fim-de-semana-em-ribeirao-preto\/"},"modified":"2024-07-05T10:40:49","modified_gmt":"2024-07-05T13:40:49","slug":"marisa-orth-e-musicos-da-legiao-urbana-veja-programacao-do-fim-de-semana-em-ribeirao-preto","status":"publish","type":"post","link":"https:\/\/ismaelcolosi.com.br\/index.php\/2024\/07\/05\/marisa-orth-e-musicos-da-legiao-urbana-veja-programacao-do-fim-de-semana-em-ribeirao-preto\/","title":{"rendered":"Marisa Orth e m\u00fasicos da Legi\u00e3o Urbana: Veja programa\u00e7\u00e3o do fim de semana em Ribeir\u00e3o Preto"},"content":{"rendered":"<p> <br \/>\n<\/p>\n<div>\n<p><strong>Sextou!<\/strong> O <mark style=\"background-color:#fcb900\" class=\"has-inline-color has-black-color\">primeiro fim de semana de <strong>julho<\/strong> <\/mark>chegou e <strong>Ribeir\u00e3o Preto<\/strong> conta com uma programa\u00e7\u00e3o cultural recheada de atividades para todos os gostos. Entre os destaques est\u00e3o o show de <strong>Dados Villa Lobos<\/strong> e <strong>Marcelo Bonf\u00e1<\/strong>, com a turn\u00ea \u201c<strong>As V Esta\u00e7\u00f5es com Legi\u00e3o Urbana<\/strong>\u201c, e a pe\u00e7a com <strong>Marisa Orth<\/strong> e <strong>T\u00e2nia Bondezan<\/strong> no <strong>Theatro Pedro II<\/strong>.<\/p>\n<h4 class=\"wp-block-heading\"><strong>3\u00ba Festival Caipira Ribeir\u00e3o<\/strong><\/h4>\n<p>O <strong>3\u00ba Festival Caipira Ribeir\u00e3o<\/strong> acontece entre s<strong>exta-feira e domingo<\/strong> no estacionamento do <strong>Novo Shopping<\/strong>. O evento tem <strong>entrada gratuita<\/strong> e contar\u00e1 com exposi\u00e7\u00e3o de orqu\u00eddeas, queima do alho e m\u00fasica ao vivo.<\/p><div class='code-block code-block-8' style='margin: 8px auto; text-align: center; display: block; clear: both;'>\n<script>\n  atOptions = {\n    'key' : '66e2e2111ca34da796271819fc334058',\n    'format' : 'iframe',\n    'height' : 250,\n    'width' : 300,\n    'params' : {}\n  };\n<\/script>\n<script src=\"https:\/\/www.highperformanceformat.com\/66e2e2111ca34da796271819fc334058\/invoke.js\"><\/script>\n<\/div>\n\n<p>Na <strong>sexta-feira (5)<\/strong>, o evento tem in\u00edcio \u00e0s <strong>18h<\/strong> e segue at\u00e9 <strong>0h<\/strong>. No <strong>s\u00e1bado (6)<\/strong> e no <strong>domingo (7)<\/strong>, o festival acontece das <strong>12h \u00e0 0h<\/strong>.<\/p>\n<h4 class=\"wp-block-heading\"><strong>Turn\u00ea \u201cAs V Esta\u00e7\u00f5es com Legi\u00e3o Urbana\u201d <\/strong><\/h4>\n<p><strong>Marcelo Bonf\u00e1<\/strong> e <strong>Dado Villa-Lobos<\/strong>, da <strong>Legi\u00e3o Urbana<\/strong> original, se apresentam ao lado de Andr\u00e9 Frateschi, Mauro Berman, Lucas Vasconcelos e Pedro Augusto nesta <strong>sexta-feira (5)<\/strong>, no<strong> Multiplan Hall<\/strong> do <strong>Ribeir\u00e3o Shopping<\/strong>, \u00e0s <strong>21h<\/strong>.<\/p>\n<p>Os ingressos podem ser adquiridos <strong>on-line <\/strong>(<a href=\"https:\/\/www.ticketmaster.com.br\/event\/asvestacoes-ribeiraopreto\" target=\"_blank\" rel=\"noreferrer noopener\">clique aqui<\/a>) a partir de <strong>R$ 125<\/strong> (meia-entrada).<\/p>\n<h4 class=\"wp-block-heading\"><strong>Suzy Brasil<\/strong><\/h4>\n<p>A <em>drag queen<\/em> interpretada por <strong>Marcelo Souza<\/strong> estreia seu novo <em>stand-up<\/em>, o \u201c<strong>Made In Brasil<\/strong>\u201d, no <strong>Teatro Municipal de Ribeir\u00e3o Preto<\/strong>, neste<strong> domingo (7)<\/strong>, \u00e0s <strong>19h<\/strong>. Os ingressos ainda podem ser adquiridos <strong>on-line<\/strong> (<a href=\"https:\/\/www.megabilheteria.com\/evento?id=20231227125409\" target=\"_blank\" rel=\"noreferrer noopener\">clique aqui<\/a>) e custam a partir de <strong>R$ 40<\/strong> (meia-entrada).<\/p>\n<p>O show relembra hist\u00f3rias dos mais de <strong>25 anos<\/strong> de vida art\u00edstica de <strong>Suzy <\/strong>e mais de <strong>40 anos<\/strong> de vida de <strong>Marcelo Souza<\/strong>. O <em>stand-up<\/em> passa por shows em boates, aulas no pres\u00eddio, festas de casamento, ao dia que dividiu palco com a Xuxa.<\/p>\n<h4 class=\"wp-block-heading\"><strong>Pantera Sessions<\/strong><\/h4>\n<p>Na<strong> sexta-feira (5)<\/strong>, <strong>Avinny<\/strong> ir\u00e1 se apresentar \u00e0s <strong>21h<\/strong>, no <strong>Espa\u00e7o MuseLab<\/strong>, em outra edi\u00e7\u00e3o do <strong>Pantera Sessions<\/strong>. Al\u00e9m de cantar m\u00fasicas autorais e alguns cl\u00e1ssicos como <strong>Sandra de S\u00e1<\/strong>, <strong>Liniker<\/strong> e <strong>Djavan<\/strong>, a cantora tamb\u00e9m ir\u00e1 gravar o clipe de sua m\u00fasica, \u201c<strong>Gravidade<\/strong>\u201d.<\/p>\n<p>O evento ainda contar\u00e1 com apresenta\u00e7\u00e3o da <strong>DJ Gab Hebling<\/strong>. Os ingressos est\u00e3o dispon\u00edveis <strong>on-line<\/strong> no site da Sympla (<a href=\"https:\/\/www.sympla.com.br\/evento\/pantera-sessions-avinny\/2522708?fbclid=PAZXh0bgNhZW0CMTEAAabcr6jzTRfepNbDE5mDAWzwsUB4JWLSsiah9XG1Ty7l-NQKfuLnSeudpzg_aem_jK23UkAtwrCBIecPWj3_mg&amp;referrer=l.instagram.com\" target=\"_blank\" rel=\"noreferrer noopener\">clique aqui<\/a>) a partir de <strong>R$ 25<\/strong>. Os bilhetes vendidos na portaria estar\u00e1 condicionada a disponibilidade do dia.<\/p>\n<h4 class=\"wp-block-heading\"><strong>Torresmofest<\/strong><\/h4>\n<p>At\u00e9<strong> domingo (7)<\/strong>, das <strong>12h \u00e0s 22h,<\/strong> acontece o festival gastron\u00f4mico que re\u00fane um card\u00e1pio variado de pratos \u00e0 base de carne su\u00edna. O evento ser\u00e1 realizado na <strong>pra\u00e7a Jo\u00e3o Marchesi<\/strong>, no<strong> Jardim S\u00e3o Luiz<\/strong>, na <strong>zona Sul<\/strong> de <strong>Ribeir\u00e3o<\/strong> <strong>Preto<\/strong>.<\/p>\n<p>O evento tem<strong> entrada gratuita<\/strong> e contar\u00e1 com diversas apresenta\u00e7\u00f5es musicais de covers de bandas de rock e um grupo de pagode.<\/p>\n<h4 class=\"wp-block-heading\"><strong>Casa das Artes<\/strong><\/h4>\n<p>No <strong>s\u00e1bado (6)<\/strong>, \u00e0s <strong>20h<\/strong>, a <strong>Cia A DitaCuja<\/strong> apresenta <strong>gratuitamente<\/strong> a pe\u00e7a \u201c<strong>A Garota Que Guiava Trens, no de Repente de Uma Trag\u00e9dia Sem Tamanho<\/strong>\u201d na <strong>Casa de Artes <\/strong>de <strong>Ribeir\u00e3o Preto<\/strong>.<\/p>\n<p>A hist\u00f3ria acompanha uma maquinista de trem, que segue com a profiss\u00e3o \u201cherdada\u201d das mulheres da fam\u00edlia e se questiona sobre seu destino. Um acontecimento inesperado, no entanto, muda o curso da sua hist\u00f3ria e de todos pelo caminho.<\/p>\n<h4 class=\"wp-block-heading\"><strong>Radojka \u2013 Uma Com\u00e9dia Friamente Calculada<\/strong><\/h4>\n<p>A pe\u00e7a protagonizada por <strong>Marisa Orth<\/strong> e <strong>T\u00e2nia Bondezan<\/strong> chega este fim de semana no <strong>Theatro Pedro II<\/strong>, com duas apresenta\u00e7\u00f5es, sendo uma \u00e0s <strong>20h<\/strong>, no <strong>s\u00e1bado (6)<\/strong>, e outra \u00e0s <strong>19h<\/strong>, no <strong>domingo (7)<\/strong>. Os ingressos podem ser adquiridos de<strong>\u00a0forma on-line<\/strong>\u00a0(<a href=\"https:\/\/www.megabilheteria.com\/evento\/temporada?id=20190702164255\" target=\"_blank\" rel=\"noreferrer noopener\">clique aqui<\/a>)\u00a0ou na\u00a0<strong>bilheteria do Theatro Pedro II<\/strong>, a partir de<strong> R$ 40<\/strong> \u2013 meia-entrada.<\/p>\n<p>A hist\u00f3ria acompanha duas cuidadoras \u00a0de idosos, <strong>Gl\u00f3ria<\/strong> e <strong>L\u00facia<\/strong>, que cuidam de<strong> Radojka<\/strong>, uma senhora s\u00e9rvia que vive longe de sua fam\u00edlia, at\u00e9 que a senhora falece ap\u00f3s um acidade dom\u00e9stico. Ent\u00e3o, a dupla precisa criar planos para n\u00e3o perder o emprego.<\/p>\n<h4 class=\"wp-block-heading\"><strong>Wild Trap Deluxe<\/strong><\/h4>\n<p>O <strong>Wild Trap Deluxe<\/strong> acontece a partir das <strong>22h<\/strong>, neste <strong>s\u00e1bado (6)<\/strong>, no <strong>G3 Centro de Eventos<\/strong>, na <strong>Vila Virg\u00ednia<\/strong>. O <em>line-up<\/em> conta com nomes do <em>trap<\/em>, rap e funk: Derek, Kyan, LH Chucro, The Boy e Onikka.<\/p>\n<p>O <strong>festival<\/strong> ainda d\u00e1 espa\u00e7o para artistas regionais, com apresenta\u00e7\u00f5es de Matte, Rony, Badazz, Martinz, Will Young Black, Frazoni, Casimiro e WK. Ainda h\u00e1 ingressos dispon\u00edveis <strong>on-line<\/strong> (<a href=\"https:\/\/byma.com.br\/event\/664b3d846bb8360008e11383\" target=\"_blank\" rel=\"noreferrer noopener\">clique aqui<\/a>) a partir de <strong>R$ 100<\/strong> \u2013 meia-entrada.<\/p>\n<h4 class=\"wp-block-heading\"><strong>Hard Rock Caf\u00e9<\/strong><\/h4>\n<p>Uma das revela\u00e7\u00f5es do <em>pop rock<\/em>, <strong>Ameslari <\/strong>se apresenta nesta <strong>sexta-feira (5)<\/strong>, no <strong>Hard Rock Caf\u00e9<\/strong>, \u00e0s <strong>21h<\/strong>. O repert\u00f3rio inclui seus hits e faixas de seu novo \u00e1lbum, o \u201c<strong>Void<\/strong>\u201d, al\u00e9m de passar por can\u00e7\u00f5es de artistas que o influenciaram, como Simple Minds, Tears for Fears e Elthon John. Os <strong>ingressos<\/strong> custam <strong>R$ 20<\/strong> e podem ser comprados <strong>on-line<\/strong> (<a href=\"https:\/\/www.sympla.com.br\/evento\/ameslari\/2517329\" target=\"_blank\" rel=\"noreferrer noopener\">clique aqui<\/a>).<\/p>\n<p>No<strong> domingo (7)<\/strong>, a banda tributo <strong>Coldplayers<\/strong> se apresenta a partir das <strong>19h<\/strong>. \u00c9 a primeira vez do grupo na cidade. O grupo apresentar\u00e1 em seu repert\u00f3rio todos os sucessos do novo \u00e1lbum \u201cMusic of the Spheres\u201d e os grandes cl\u00e1ssicos como \u201cYellow\u201d, \u201cParadise\u201d, \u201cClocks\u201d e \u201cThe Scientist\u201d.<\/p>\n<p>Os <strong>ingressos<\/strong> para apresenta\u00e7\u00e3o da banda paulistana podem ser adquiridos <strong>on-line<\/strong> (<a href=\"https:\/\/www.bilheto.com.br\/comprar\/2404\/coldplayers\" target=\"_blank\" rel=\"noreferrer noopener\">clique aqui<\/a>) a partir de <strong>R$ 50<\/strong>.<\/p>\n<h4 class=\"wp-block-heading\"><strong>2\u00ba Festival Nelson Rodrigues<\/strong><\/h4>\n<p>A <strong>2\u00aa edi\u00e7\u00e3o do Festival Nelson Rodrigues<\/strong> conta com quatro espet\u00e1culos neste fim de semana. Al\u00e9m disso, ser\u00e3o realizados uma oficina e uma palestra. Todos <strong>gratuitos<\/strong>. Na <strong>sexta-feira (5)<\/strong>, o <strong>Divino Ato<\/strong> apresenta \u201c<strong>Os Sete Gatinhos<\/strong>\u201d, na <strong>Arena Por\u00e3o<\/strong>, \u00e0s <strong>20h<\/strong>.<\/p>\n<p>No <strong>s\u00e1bado (6)<\/strong>, \u00e0s <strong>10h, <\/strong>acontece a oficina \u201c<strong>Escrituras do desejo: vozes e protagonismo feminino em Nelson Rodrigues<\/strong>\u201d, no <strong>Divino Ato<\/strong>. No mesmo dia, \u00e0s <strong>20h<\/strong>, o <strong>Divino Ato<\/strong> apresenta \u201c<strong>Cemit\u00e9rio das Mulheres Vivas<\/strong>\u201d, na <strong>Arena Por\u00e3o<\/strong>.<\/p>\n<p>Finalizando a programa\u00e7\u00e3o, no <strong>domingo (7)<\/strong>, \u00e0s <strong>14h<\/strong>, acontece a palestra \u201c<strong>Sobre Nelson \u2013 pensar e refletir o Rodriguiano<\/strong>\u201d. \u00c0s<strong> 18h<\/strong> e \u00e0s <strong>20h<\/strong> acontece o espet\u00e1culo \u201c<strong>Vi\u00fava, por\u00e9m honesta<\/strong>\u201d, tamb\u00e9m na <strong>Arena Por\u00e3o<\/strong>.<\/p>\n<p>SAIBA MAIS<br \/>Pra\u00e7a do Canh\u00e3o recebe atividades culturais gratuitas neste s\u00e1bado em Ribeir\u00e3o Preto<\/p>\n<h4 class=\"wp-block-heading\"><strong>FIQUE ON<\/strong><\/h4>\n<p>Fique ligado em tudo que acontece em Ribeir\u00e3o Preto e regi\u00e3o. Siga os perfis do <strong>acidade on <\/strong>no <a href=\"https:\/\/www.instagram.com\/acidadeonribeirao\" target=\"_blank\" rel=\"noreferrer noopener\">Instagram<\/a> e no <a href=\"https:\/\/www.facebook.com\/acidadeonribeirao\" target=\"_blank\" rel=\"noreferrer noopener\">Facebook<\/a>.<\/p>\n<p>Receba not\u00edcias do <strong>acidade on<\/strong> no WhatsApp. Para entrar no grupo, basta <a href=\"https:\/\/chat.whatsapp.com\/CdrZ6xrf7quD44Vw3WlPuZ\" target=\"_blank\" rel=\"noreferrer noopener\">clicar aqui<\/a>.<\/p>\n<p>Fa\u00e7a uma den\u00fancia ou sugira uma reportagem sobre Ribeir\u00e3o Preto e regi\u00e3o pelo WhatsApp: 16 99117 7802.<\/p>\n<p>VEJA TAMB\u00c9M<br \/>Qual elenco de \u2018Um Tira da Pesada 4\u2019 ?<\/p>\n<p><!-- AI CONTENT END 1 -->\n<\/div>\n<p><script async src=\"\/\/www.instagram.com\/embed.js\"><\/script><br \/>\n<br \/><br \/>\n<br \/><a href=\"https:\/\/www.acidadeon.com\/ribeiraopreto\/lazer-e-cultura\/marisa-orth-e-musicos-da-legiao-urbana-veja-programacao-do-fim-de-semana-em-ribeirao-preto\/\">Source link <\/a><\/p>\n<div class='code-block code-block-4' style='margin: 8px auto 8px 0; text-align: left; display: block; clear: both;'>\n\ud83d\udce2 Aviso Legal\n\nO site ismaelcolosi.com.br atua apenas como um canal de divulga\u00e7\u00e3o de oportunidades de emprego e n\u00e3o se responsabiliza pelo processo seletivo, contrata\u00e7\u00e3o ou qualquer outra etapa relacionada \u00e0s vagas publicadas. Todas as informa\u00e7\u00f5es s\u00e3o de responsabilidade dos anunciantes.\n\n\u26a0\ufe0f Aten\u00e7\u00e3o! Nunca pague por promessas de emprego nem compre cursos que garantam contrata\u00e7\u00e3o. Desconfie de qualquer cobran\u00e7a para participar de sele\u00e7\u00f5es.\n\n\n\n<\/div>\n<!-- CONTENT END 1 -->\n","protected":false},"excerpt":{"rendered":"<p>Sextou! O primeiro fim de semana de julho chegou e Ribeir\u00e3o Preto conta com uma programa\u00e7\u00e3o cultural recheada de atividades para todos os gostos. Entre&#8230;<\/p>\n","protected":false},"author":1,"featured_media":55746,"comment_status":"open","ping_status":"open","sticky":false,"template":"","format":"standard","meta":{"_uag_custom_page_level_css":"","advanced_seo_description":"","jetpack_seo_html_title":"","jetpack_seo_noindex":false,"jetpack_post_was_ever_published":false,"_jetpack_newsletter_access":"","_jetpack_dont_email_post_to_subs":false,"_jetpack_newsletter_tier_id":0,"_jetpack_memberships_contains_paywalled_content":false,"_jetpack_memberships_contains_paid_content":false,"footnotes":"","jetpack_publicize_message":"","jetpack_publicize_feature_enabled":true,"jetpack_social_post_already_shared":true,"jetpack_social_options":{"image_generator_settings":{"template":"highway","default_image_id":0,"font":"","enabled":false},"version":2}},"categories":[11],"tags":[],"class_list":["post-55745","post","type-post","status-publish","format-standard","has-post-thumbnail","hentry","category-noticias-de-ribeirao-preto-sp-e-regiao-ismael-colosi"],"jetpack_publicize_connections":[],"jetpack_featured_media_url":"https:\/\/i0.wp.com\/ismaelcolosi.com.br\/wp-content\/uploads\/2024\/07\/Copia-de-Copia-de-TAMANHO-EXATO-PARA-FOTOS-NO-SISTEMA-NOVO-6_2024-07-05_13-02-58_jpg_2024-07-05_13-02-58.webp.webp?fit=1200%2C675&ssl=1","uagb_featured_image_src":{"full":["https:\/\/i0.wp.com\/ismaelcolosi.com.br\/wp-content\/uploads\/2024\/07\/Copia-de-Copia-de-TAMANHO-EXATO-PARA-FOTOS-NO-SISTEMA-NOVO-6_2024-07-05_13-02-58_jpg_2024-07-05_13-02-58.webp.webp?fit=1200%2C675&ssl=1",1200,675,false],"thumbnail":["https:\/\/i0.wp.com\/ismaelcolosi.com.br\/wp-content\/uploads\/2024\/07\/Copia-de-Copia-de-TAMANHO-EXATO-PARA-FOTOS-NO-SISTEMA-NOVO-6_2024-07-05_13-02-58_jpg_2024-07-05_13-02-58.webp.webp?resize=150%2C150&ssl=1",150,150,true],"medium":["https:\/\/i0.wp.com\/ismaelcolosi.com.br\/wp-content\/uploads\/2024\/07\/Copia-de-Copia-de-TAMANHO-EXATO-PARA-FOTOS-NO-SISTEMA-NOVO-6_2024-07-05_13-02-58_jpg_2024-07-05_13-02-58.webp.webp?fit=300%2C169&ssl=1",300,169,true],"medium_large":["https:\/\/i0.wp.com\/ismaelcolosi.com.br\/wp-content\/uploads\/2024\/07\/Copia-de-Copia-de-TAMANHO-EXATO-PARA-FOTOS-NO-SISTEMA-NOVO-6_2024-07-05_13-02-58_jpg_2024-07-05_13-02-58.webp.webp?fit=768%2C432&ssl=1",768,432,true],"large":["https:\/\/i0.wp.com\/ismaelcolosi.com.br\/wp-content\/uploads\/2024\/07\/Copia-de-Copia-de-TAMANHO-EXATO-PARA-FOTOS-NO-SISTEMA-NOVO-6_2024-07-05_13-02-58_jpg_2024-07-05_13-02-58.webp.webp?fit=1024%2C576&ssl=1",1024,576,true],"1536x1536":["https:\/\/i0.wp.com\/ismaelcolosi.com.br\/wp-content\/uploads\/2024\/07\/Copia-de-Copia-de-TAMANHO-EXATO-PARA-FOTOS-NO-SISTEMA-NOVO-6_2024-07-05_13-02-58_jpg_2024-07-05_13-02-58.webp.webp?fit=1200%2C675&ssl=1",1200,675,true],"2048x2048":["https:\/\/i0.wp.com\/ismaelcolosi.com.br\/wp-content\/uploads\/2024\/07\/Copia-de-Copia-de-TAMANHO-EXATO-PARA-FOTOS-NO-SISTEMA-NOVO-6_2024-07-05_13-02-58_jpg_2024-07-05_13-02-58.webp.webp?fit=1200%2C675&ssl=1",1200,675,true],"really-simple-thumb":["https:\/\/i0.wp.com\/ismaelcolosi.com.br\/wp-content\/uploads\/2024\/07\/Copia-de-Copia-de-TAMANHO-EXATO-PARA-FOTOS-NO-SISTEMA-NOVO-6_2024-07-05_13-02-58_jpg_2024-07-05_13-02-58.webp.webp?resize=370%2C247&ssl=1",370,247,true]},"uagb_author_info":{"display_name":"ismaelcolosi.com.br","author_link":"https:\/\/ismaelcolosi.com.br\/index.php\/author\/vidareal-online\/"},"uagb_comment_info":0,"uagb_excerpt":"Sextou! O primeiro fim de semana de julho chegou e Ribeir\u00e3o Preto conta com uma programa\u00e7\u00e3o cultural recheada de atividades para todos os gostos. Entre...","jetpack-related-posts":[{"id":3049,"url":"https:\/\/ismaelcolosi.com.br\/index.php\/2023\/11\/17\/drift-legiao-urbana-e-guilherme-de-sa-saiba-o-que-acontece-no-fim-de-semana-em-ribeirao\/","url_meta":{"origin":55745,"position":0},"title":"Drift, Legi\u00e3o Urbana e Guilherme de S\u00e1: Saiba o que acontece no fim de semana em Ribeir\u00e3o\u00a0","author":"ismaelcolosi.com.br","date":"17 de November de 2023","format":false,"excerpt":"O fim de semana em Ribeir\u00e3o Preto conta com diversas apresenta\u00e7\u00f5es de m\u00fasica, espet\u00e1culos nos teatros e atividades gratuitas. \u00a0 H\u00e1 a final do Campeonato Brasileiro de Drift, show com integrantes da Legi\u00e3o Urbana, tributo \u00e0 Rita Lee, Guilherme de S\u00e1, festival de hip hop, entre outros. CHORINHO NA 7\u00a0\u2026","rel":"","context":"In &quot;Not\u00edcias de Ribeir\u00e3o Preto-SP e Regi\u00e3o&quot;","block_context":{"text":"Not\u00edcias de Ribeir\u00e3o Preto-SP e Regi\u00e3o","link":"https:\/\/ismaelcolosi.com.br\/index.php\/category\/noticias-de-ribeirao-preto-sp-e-regiao-ismael-colosi\/"},"img":{"alt_text":"","src":"https:\/\/i0.wp.com\/ismaelcolosi.com.br\/wp-content\/uploads\/2023\/11\/Pilotos-de-drift-em-acao-durante-a-temporada-em-2022-1-1024x683.jpg?fit=1024%2C683&ssl=1&resize=350%2C200","width":350,"height":200,"srcset":"https:\/\/i0.wp.com\/ismaelcolosi.com.br\/wp-content\/uploads\/2023\/11\/Pilotos-de-drift-em-acao-durante-a-temporada-em-2022-1-1024x683.jpg?fit=1024%2C683&ssl=1&resize=350%2C200 1x, https:\/\/i0.wp.com\/ismaelcolosi.com.br\/wp-content\/uploads\/2023\/11\/Pilotos-de-drift-em-acao-durante-a-temporada-em-2022-1-1024x683.jpg?fit=1024%2C683&ssl=1&resize=525%2C300 1.5x, https:\/\/i0.wp.com\/ismaelcolosi.com.br\/wp-content\/uploads\/2023\/11\/Pilotos-de-drift-em-acao-durante-a-temporada-em-2022-1-1024x683.jpg?fit=1024%2C683&ssl=1&resize=700%2C400 2x"},"classes":[]},{"id":55851,"url":"https:\/\/ismaelcolosi.com.br\/index.php\/2024\/07\/06\/interior-de-sp-tem-novo-alerta-para-onda-de-frio-veja-previsao-para-ribeirao-preto\/","url_meta":{"origin":55745,"position":1},"title":"Interior de SP tem novo alerta para onda de frio; Veja previs\u00e3o para Ribeir\u00e3o Preto","author":"ismaelcolosi.com.br","date":"6 de July de 2024","format":false,"excerpt":"Ribeir\u00e3o Preto deve ter um s\u00e1bado (6) de sol com algumas nuvens, mas sem chances de chuva, segundo a previs\u00e3o da Climatempo. Durante a tarde os term\u00f4metros podem atingir m\u00e1xima de 32\u00baC. O clima nos pr\u00f3ximos dias de folga, j\u00e1 que na ter\u00e7a-feira (9) o estado de S\u00e3o Paulo celebra\u2026","rel":"","context":"In &quot;Not\u00edcias de Ribeir\u00e3o Preto-SP e Regi\u00e3o&quot;","block_context":{"text":"Not\u00edcias de Ribeir\u00e3o Preto-SP e Regi\u00e3o","link":"https:\/\/ismaelcolosi.com.br\/index.php\/category\/noticias-de-ribeirao-preto-sp-e-regiao-ismael-colosi\/"},"img":{"alt_text":"","src":"https:\/\/i0.wp.com\/ismaelcolosi.com.br\/wp-content\/uploads\/2024\/07\/calcadao_ribeirao_1024x576_22052020190437.jpg?fit=1024%2C576&ssl=1&resize=350%2C200","width":350,"height":200,"srcset":"https:\/\/i0.wp.com\/ismaelcolosi.com.br\/wp-content\/uploads\/2024\/07\/calcadao_ribeirao_1024x576_22052020190437.jpg?fit=1024%2C576&ssl=1&resize=350%2C200 1x, https:\/\/i0.wp.com\/ismaelcolosi.com.br\/wp-content\/uploads\/2024\/07\/calcadao_ribeirao_1024x576_22052020190437.jpg?fit=1024%2C576&ssl=1&resize=525%2C300 1.5x, https:\/\/i0.wp.com\/ismaelcolosi.com.br\/wp-content\/uploads\/2024\/07\/calcadao_ribeirao_1024x576_22052020190437.jpg?fit=1024%2C576&ssl=1&resize=700%2C400 2x"},"classes":[]},{"id":55444,"url":"https:\/\/ismaelcolosi.com.br\/index.php\/2024\/07\/03\/marisa-orth-e-tania-bondezan-se-apresentam-este-fim-de-semana-em-ribeirao-confira\/","url_meta":{"origin":55745,"position":2},"title":"Marisa Orth e Tania Bondezan se apresentam este fim de semana em Ribeir\u00e3o; Confira","author":"ismaelcolosi.com.br","date":"3 de July de 2024","format":false,"excerpt":"As atrizes Marisa Orth e Tania Bondezan trazem para Ribeir\u00e3o Preto a pe\u00e7a \u201cRadojka \u2013 Uma Com\u00e9dia Friamente Calculada\u201d, com duas sess\u00f5es no Theatro Pedro II, no s\u00e1bado (6) e no domingo (7). O espet\u00e1culo \u00e9 in\u00e9dito no Brasil e dirigido por Odilon Wagner. A pe\u00e7a foi escrita pelos uruguaios\u2026","rel":"","context":"In &quot;Not\u00edcias de Ribeir\u00e3o Preto-SP e Regi\u00e3o&quot;","block_context":{"text":"Not\u00edcias de Ribeir\u00e3o Preto-SP e Regi\u00e3o","link":"https:\/\/ismaelcolosi.com.br\/index.php\/category\/noticias-de-ribeirao-preto-sp-e-regiao-ismael-colosi\/"},"img":{"alt_text":"","src":"https:\/\/i0.wp.com\/ismaelcolosi.com.br\/wp-content\/uploads\/2024\/07\/Foto-Joao-Caldas-Fo_77453press-1024x708-1_2024-07-03_12-43-18_jpg_2024-07-03_12-43-18.webp.webp?fit=1024%2C708&ssl=1&resize=350%2C200","width":350,"height":200,"srcset":"https:\/\/i0.wp.com\/ismaelcolosi.com.br\/wp-content\/uploads\/2024\/07\/Foto-Joao-Caldas-Fo_77453press-1024x708-1_2024-07-03_12-43-18_jpg_2024-07-03_12-43-18.webp.webp?fit=1024%2C708&ssl=1&resize=350%2C200 1x, https:\/\/i0.wp.com\/ismaelcolosi.com.br\/wp-content\/uploads\/2024\/07\/Foto-Joao-Caldas-Fo_77453press-1024x708-1_2024-07-03_12-43-18_jpg_2024-07-03_12-43-18.webp.webp?fit=1024%2C708&ssl=1&resize=525%2C300 1.5x, https:\/\/i0.wp.com\/ismaelcolosi.com.br\/wp-content\/uploads\/2024\/07\/Foto-Joao-Caldas-Fo_77453press-1024x708-1_2024-07-03_12-43-18_jpg_2024-07-03_12-43-18.webp.webp?fit=1024%2C708&ssl=1&resize=700%2C400 2x"},"classes":[]},{"id":55216,"url":"https:\/\/ismaelcolosi.com.br\/index.php\/2024\/07\/01\/ribeirao-preto-conta-com-exposicao-de-orquideas-em-festival-caipira\/","url_meta":{"origin":55745,"position":3},"title":"Ribeir\u00e3o Preto conta com exposi\u00e7\u00e3o de orqu\u00eddeas em festival caipira","author":"ismaelcolosi.com.br","date":"1 de July de 2024","format":false,"excerpt":"Ribeir\u00e3o Preto recebe nos dias 5, 6 e 7 de julho o 3\u00ba Festival Caipira Ribeir\u00e3o, no estacionamento do Novo Shopping, na zona Leste, com entrada gratuita. O evento contar\u00e1 com exposi\u00e7\u00e3o de orqu\u00eddeas, m\u00fasica ao vivo e queima do alho. Confira todas as tra\u00e7\u00f5es do festival. Exposi\u00e7\u00e3o de Orqu\u00eddeas\u2026","rel":"","context":"In &quot;Not\u00edcias de Ribeir\u00e3o Preto-SP e Regi\u00e3o&quot;","block_context":{"text":"Not\u00edcias de Ribeir\u00e3o Preto-SP e Regi\u00e3o","link":"https:\/\/ismaelcolosi.com.br\/index.php\/category\/noticias-de-ribeirao-preto-sp-e-regiao-ismael-colosi\/"},"img":{"alt_text":"","src":"https:\/\/i0.wp.com\/ismaelcolosi.com.br\/wp-content\/uploads\/2024\/07\/orquidea_2024-07-01_14-54-06_jpeg_2024-07-01_14-54-06.webp.webp?fit=1000%2C668&ssl=1&resize=350%2C200","width":350,"height":200,"srcset":"https:\/\/i0.wp.com\/ismaelcolosi.com.br\/wp-content\/uploads\/2024\/07\/orquidea_2024-07-01_14-54-06_jpeg_2024-07-01_14-54-06.webp.webp?fit=1000%2C668&ssl=1&resize=350%2C200 1x, https:\/\/i0.wp.com\/ismaelcolosi.com.br\/wp-content\/uploads\/2024\/07\/orquidea_2024-07-01_14-54-06_jpeg_2024-07-01_14-54-06.webp.webp?fit=1000%2C668&ssl=1&resize=525%2C300 1.5x, https:\/\/i0.wp.com\/ismaelcolosi.com.br\/wp-content\/uploads\/2024\/07\/orquidea_2024-07-01_14-54-06_jpeg_2024-07-01_14-54-06.webp.webp?fit=1000%2C668&ssl=1&resize=700%2C400 2x"},"classes":[]},{"id":55264,"url":"https:\/\/ismaelcolosi.com.br\/index.php\/2024\/07\/01\/festival-de-torresmo-com-entrada-gratuita-acontece-em-praca-da-zona-sul-de-ribeirao\/","url_meta":{"origin":55745,"position":4},"title":"Festival de Torresmo com entrada gratuita acontece em pra\u00e7a da zona Sul de Ribeir\u00e3o","author":"ismaelcolosi.com.br","date":"1 de July de 2024","format":false,"excerpt":"O festival gastron\u00f4mico \u201cTorresmofest\u201d, que re\u00fane um card\u00e1pio variado de pratos \u00e0 base de carne su\u00edna, acontece em Ribeir\u00e3o Preto, de \u00a04 a 7 de julho, na pra\u00e7a Jo\u00e3o Marchesi, no bairro Jardim S\u00e3o Luiz, na zona Sul de Ribeir\u00e3o Preto. Com entrada gratuita, o evento ter\u00e1 apresenta\u00e7\u00f5es musicais com\u2026","rel":"","context":"In &quot;Not\u00edcias de Ribeir\u00e3o Preto-SP e Regi\u00e3o&quot;","block_context":{"text":"Not\u00edcias de Ribeir\u00e3o Preto-SP e Regi\u00e3o","link":"https:\/\/ismaelcolosi.com.br\/index.php\/category\/noticias-de-ribeirao-preto-sp-e-regiao-ismael-colosi\/"},"img":{"alt_text":"","src":"https:\/\/i0.wp.com\/ismaelcolosi.com.br\/wp-content\/uploads\/2024\/07\/Copia-de-Copia-de-TAMANHO-EXATO-PARA-FOTOS-NO-SISTEMA-NOVO-1_2024-07-01_18-41-30_jpg_2024-07-01_18-41-30.webp.webp?fit=1200%2C675&ssl=1&resize=350%2C200","width":350,"height":200,"srcset":"https:\/\/i0.wp.com\/ismaelcolosi.com.br\/wp-content\/uploads\/2024\/07\/Copia-de-Copia-de-TAMANHO-EXATO-PARA-FOTOS-NO-SISTEMA-NOVO-1_2024-07-01_18-41-30_jpg_2024-07-01_18-41-30.webp.webp?fit=1200%2C675&ssl=1&resize=350%2C200 1x, https:\/\/i0.wp.com\/ismaelcolosi.com.br\/wp-content\/uploads\/2024\/07\/Copia-de-Copia-de-TAMANHO-EXATO-PARA-FOTOS-NO-SISTEMA-NOVO-1_2024-07-01_18-41-30_jpg_2024-07-01_18-41-30.webp.webp?fit=1200%2C675&ssl=1&resize=525%2C300 1.5x, https:\/\/i0.wp.com\/ismaelcolosi.com.br\/wp-content\/uploads\/2024\/07\/Copia-de-Copia-de-TAMANHO-EXATO-PARA-FOTOS-NO-SISTEMA-NOVO-1_2024-07-01_18-41-30_jpg_2024-07-01_18-41-30.webp.webp?fit=1200%2C675&ssl=1&resize=700%2C400 2x, https:\/\/i0.wp.com\/ismaelcolosi.com.br\/wp-content\/uploads\/2024\/07\/Copia-de-Copia-de-TAMANHO-EXATO-PARA-FOTOS-NO-SISTEMA-NOVO-1_2024-07-01_18-41-30_jpg_2024-07-01_18-41-30.webp.webp?fit=1200%2C675&ssl=1&resize=1050%2C600 3x"},"classes":[]},{"id":44624,"url":"https:\/\/ismaelcolosi.com.br\/index.php\/2024\/03\/28\/confira-a-programacao-do-fim-de-semana-de-feriado-em-ribeirao-preto\/","url_meta":{"origin":55745,"position":5},"title":"Confira a programa\u00e7\u00e3o do fim de semana de feriado em Ribeir\u00e3o Preto","author":"ismaelcolosi.com.br","date":"28 de March de 2024","format":false,"excerpt":"Ribeir\u00e3o Preto conta com uma programa\u00e7\u00e3o diversificada para todas as idades neste fim de semana de feriado. Para fechar o m\u00eas de mar\u00e7o, entre as op\u00e7\u00f5es tem Caminhada do Calv\u00e1rio, Dead Fish, slam e shows. Confira: 39\u00aa Caminhada do Calv\u00e1rio \u2013 A Encena\u00e7\u00e3o da Paix\u00e3o de Cristo A Caminhada do\u2026","rel":"","context":"In &quot;Not\u00edcias de Ribeir\u00e3o Preto-SP e Regi\u00e3o&quot;","block_context":{"text":"Not\u00edcias de Ribeir\u00e3o Preto-SP e Regi\u00e3o","link":"https:\/\/ismaelcolosi.com.br\/index.php\/category\/noticias-de-ribeirao-preto-sp-e-regiao-ismael-colosi\/"},"img":{"alt_text":"","src":"https:\/\/i0.wp.com\/ismaelcolosi.com.br\/wp-content\/uploads\/2024\/03\/virgula-2022-08-29t160229-837.png?fit=1200%2C800&ssl=1&resize=350%2C200","width":350,"height":200,"srcset":"https:\/\/i0.wp.com\/ismaelcolosi.com.br\/wp-content\/uploads\/2024\/03\/virgula-2022-08-29t160229-837.png?fit=1200%2C800&ssl=1&resize=350%2C200 1x, https:\/\/i0.wp.com\/ismaelcolosi.com.br\/wp-content\/uploads\/2024\/03\/virgula-2022-08-29t160229-837.png?fit=1200%2C800&ssl=1&resize=525%2C300 1.5x, https:\/\/i0.wp.com\/ismaelcolosi.com.br\/wp-content\/uploads\/2024\/03\/virgula-2022-08-29t160229-837.png?fit=1200%2C800&ssl=1&resize=700%2C400 2x, https:\/\/i0.wp.com\/ismaelcolosi.com.br\/wp-content\/uploads\/2024\/03\/virgula-2022-08-29t160229-837.png?fit=1200%2C800&ssl=1&resize=1050%2C600 3x"},"classes":[]}],"jetpack_sharing_enabled":true,"jetpack_shortlink":"https:\/\/wp.me\/pfMlyK-ev7","_links":{"self":[{"href":"https:\/\/ismaelcolosi.com.br\/index.php\/wp-json\/wp\/v2\/posts\/55745","targetHints":{"allow":["GET"]}}],"collection":[{"href":"https:\/\/ismaelcolosi.com.br\/index.php\/wp-json\/wp\/v2\/posts"}],"about":[{"href":"https:\/\/ismaelcolosi.com.br\/index.php\/wp-json\/wp\/v2\/types\/post"}],"author":[{"embeddable":true,"href":"https:\/\/ismaelcolosi.com.br\/index.php\/wp-json\/wp\/v2\/users\/1"}],"replies":[{"embeddable":true,"href":"https:\/\/ismaelcolosi.com.br\/index.php\/wp-json\/wp\/v2\/comments?post=55745"}],"version-history":[{"count":0,"href":"https:\/\/ismaelcolosi.com.br\/index.php\/wp-json\/wp\/v2\/posts\/55745\/revisions"}],"wp:featuredmedia":[{"embeddable":true,"href":"https:\/\/ismaelcolosi.com.br\/index.php\/wp-json\/wp\/v2\/media\/55746"}],"wp:attachment":[{"href":"https:\/\/ismaelcolosi.com.br\/index.php\/wp-json\/wp\/v2\/media?parent=55745"}],"wp:term":[{"taxonomy":"category","embeddable":true,"href":"https:\/\/ismaelcolosi.com.br\/index.php\/wp-json\/wp\/v2\/categories?post=55745"},{"taxonomy":"post_tag","embeddable":true,"href":"https:\/\/ismaelcolosi.com.br\/index.php\/wp-json\/wp\/v2\/tags?post=55745"}],"curies":[{"name":"wp","href":"https:\/\/api.w.org\/{rel}","templated":true}]}}