{"id":55730,"date":"2024-07-05T09:05:09","date_gmt":"2024-07-05T12:05:09","guid":{"rendered":"https:\/\/ismaelcolosi.com.br\/index.php\/2024\/07\/05\/mulher-morre-apos-sofrer-espancamento-em-ribeirao-preto-namorado-e-suspeito\/"},"modified":"2024-07-05T09:05:09","modified_gmt":"2024-07-05T12:05:09","slug":"mulher-morre-apos-sofrer-espancamento-em-ribeirao-preto-namorado-e-suspeito","status":"publish","type":"post","link":"https:\/\/ismaelcolosi.com.br\/index.php\/2024\/07\/05\/mulher-morre-apos-sofrer-espancamento-em-ribeirao-preto-namorado-e-suspeito\/","title":{"rendered":"Mulher morre ap\u00f3s sofrer espancamento em Ribeir\u00e3o Preto; Namorado \u00e9 suspeito"},"content":{"rendered":"<p> <br \/>\n<\/p>\n<div data-td-block-uid=\"tdi_106\">\n<div class=\"tdb-block-inner td-fix-index\">\n<p><strong>Uma mulher de 22 anos morreu nesta quinta-feira (4), ap\u00f3s sofrer um espancamento na \u00faltima quinta-feira (27),  em Ribeir\u00e3o Preto.<\/strong> <mark style=\"background-color:#fcb900\" class=\"has-inline-color has-black-color\">O namorado \u00e9 apontado pela fam\u00edlia da v\u00edtima como principal suspeito do crime.<\/mark><\/p>\n<p>Segundo o <strong>boletim de ocorr\u00eancia (BO)<\/strong>,<mark style=\"background-color:#fcb900\" class=\"has-inline-color has-black-color\"> a m\u00e3e da v\u00edtima disse \u00e0 pol\u00edcia que a filha residia com ela em Pontal, e que quando retornava da casa do namorado, em Ribeir\u00e3o, reclamava de agress\u00f5es por parte dele.<\/mark><\/p><div class='code-block code-block-8' style='margin: 8px auto; text-align: center; display: block; clear: both;'>\n<script>\n  atOptions = {\n    'key' : '66e2e2111ca34da796271819fc334058',\n    'format' : 'iframe',\n    'height' : 250,\n    'width' : 300,\n    'params' : {}\n  };\n<\/script>\n<script src=\"https:\/\/www.highperformanceformat.com\/66e2e2111ca34da796271819fc334058\/invoke.js\"><\/script>\n<\/div>\n\n<p>Ainda conforme a <strong>m\u00e3e<\/strong>, no dia do <strong>crime<\/strong>, uma irm\u00e3 do <strong>homem <\/strong>ligou para ela e teria dito que a <strong>filha <\/strong>havia sido <strong>espancada <\/strong>pela <strong>namorado<\/strong>. <\/p>\n<p>A <strong>v\u00edtima <\/strong>foi socorrida at\u00e9 a <strong>UBDS (Unidade B\u00e1sica Distrital de Sa\u00fade) da Vila Virg\u00ednia<\/strong> e <strong>transferida <\/strong>para o <strong>Hospital das Cl\u00ednicas \u2013 Unidade de Emerg\u00eancia (HC-UE)<\/strong>, mas n\u00e3o resistiu e <strong>faleceu<\/strong>.<\/p>\n<p>O <strong>BO <\/strong>foi registrado na <strong>CPJ (Central de Pol\u00edcia Judici\u00e1ria) Permanente <\/strong>como <strong>homic\u00eddio <\/strong>para <strong>investiga\u00e7\u00e3o <\/strong>da <strong>Pol\u00edcia Civil<\/strong>. <mark style=\"background-color:#fcb900\" class=\"has-inline-color has-black-color\">Nenhum suspeito foi preso.<\/mark><\/p>\n<p>SAIBA MAIS<\/p>\n<p>Frente fria chega ao estado de SP nesta sexta; Veja como fica o tempo no fim de semana<\/p>\n<h4 class=\"wp-block-heading\"><strong>FIQUE ON<\/strong><\/h4>\n<p>Fique ligado em tudo que acontece em Ribeir\u00e3o Preto e regi\u00e3o. Siga os perfis do<strong>\u00a0acidade on<\/strong>\u00a0no<a href=\"https:\/\/www.instagram.com\/acidadeonribeirao\" target=\"_blank\" rel=\"noreferrer noopener\">\u00a0Instagram\u00a0<\/a>e no\u00a0<a href=\"https:\/\/www.facebook.com\/acidadeonribeirao\/\" target=\"_blank\" rel=\"noreferrer noopener\">Facebook<\/a>.<\/p>\n<p>Receba not\u00edcias do\u00a0<strong>acidade on<\/strong>\u00a0no WhatsApp.\u00a0<a href=\"https:\/\/chat.whatsapp.com\/CdrZ6xrf7quD44Vw3WlPuZ\" target=\"_blank\" rel=\"noreferrer noopener\">Para entrar no grupo, basta clicar aqui.<\/a><\/p>\n<p>Fa\u00e7a uma den\u00fancia ou sugira uma reportagem sobre Ribeir\u00e3o Preto e regi\u00e3o pelo WhatsApp: 16 99117 7802.<\/p>\n<p>VEJA TAMB\u00c9M<\/p>\n<p>Qual o cronograma do Enem dos Concursos?<\/p>\n<p><!-- AI CONTENT END 1 -->\n<\/div>\n<\/div>\n<p><script async src=\"\/\/www.instagram.com\/embed.js\"><\/script><br \/>\n<br \/><br \/>\n<br \/><a href=\"https:\/\/www.acidadeon.com\/ribeiraopreto\/cotidiano\/mulher-morre-apos-sofrer-espancamento-em-ribeirao-preto-namorado-e-suspeito\/\">Source link <\/a><\/p>\n<div class='code-block code-block-4' style='margin: 8px auto 8px 0; text-align: left; display: block; clear: both;'>\n\ud83d\udce2 Aviso Legal\n\nO site ismaelcolosi.com.br atua apenas como um canal de divulga\u00e7\u00e3o de oportunidades de emprego e n\u00e3o se responsabiliza pelo processo seletivo, contrata\u00e7\u00e3o ou qualquer outra etapa relacionada \u00e0s vagas publicadas. Todas as informa\u00e7\u00f5es s\u00e3o de responsabilidade dos anunciantes.\n\n\u26a0\ufe0f Aten\u00e7\u00e3o! Nunca pague por promessas de emprego nem compre cursos que garantam contrata\u00e7\u00e3o. Desconfie de qualquer cobran\u00e7a para participar de sele\u00e7\u00f5es.\n\n\n\n<\/div>\n<!-- CONTENT END 1 -->\n","protected":false},"excerpt":{"rendered":"<p>Uma mulher de 22 anos morreu nesta quinta-feira (4), ap\u00f3s sofrer um espancamento na \u00faltima quinta-feira (27), em Ribeir\u00e3o Preto. O namorado \u00e9 apontado pela&#8230;<\/p>\n","protected":false},"author":1,"featured_media":39917,"comment_status":"open","ping_status":"open","sticky":false,"template":"","format":"standard","meta":{"_uag_custom_page_level_css":"","advanced_seo_description":"","jetpack_seo_html_title":"","jetpack_seo_noindex":false,"jetpack_post_was_ever_published":false,"_jetpack_newsletter_access":"","_jetpack_dont_email_post_to_subs":false,"_jetpack_newsletter_tier_id":0,"_jetpack_memberships_contains_paywalled_content":false,"_jetpack_memberships_contains_paid_content":false,"footnotes":"","jetpack_publicize_message":"","jetpack_publicize_feature_enabled":true,"jetpack_social_post_already_shared":true,"jetpack_social_options":{"image_generator_settings":{"template":"highway","default_image_id":0,"font":"","enabled":false},"version":2}},"categories":[11],"tags":[],"class_list":["post-55730","post","type-post","status-publish","format-standard","has-post-thumbnail","hentry","category-noticias-de-ribeirao-preto-sp-e-regiao-ismael-colosi"],"jetpack_publicize_connections":[],"jetpack_featured_media_url":"https:\/\/ismaelcolosi.com.br\/wp-content\/uploads\/2024\/02\/whatsapp_image_2022-08-14_at_12_10_03.jpe","uagb_featured_image_src":{"full":["https:\/\/ismaelcolosi.com.br\/wp-content\/uploads\/2024\/02\/whatsapp_image_2022-08-14_at_12_10_03.jpe",1280,853,false],"thumbnail":["https:\/\/ismaelcolosi.com.br\/wp-content\/uploads\/2024\/02\/whatsapp_image_2022-08-14_at_12_10_03-150x150.jpe",150,150,true],"medium":["https:\/\/ismaelcolosi.com.br\/wp-content\/uploads\/2024\/02\/whatsapp_image_2022-08-14_at_12_10_03-300x200.jpe",300,200,true],"medium_large":["https:\/\/ismaelcolosi.com.br\/wp-content\/uploads\/2024\/02\/whatsapp_image_2022-08-14_at_12_10_03-768x512.jpe",768,512,true],"large":["https:\/\/ismaelcolosi.com.br\/wp-content\/uploads\/2024\/02\/whatsapp_image_2022-08-14_at_12_10_03-1024x682.jpe",1024,682,true],"1536x1536":["https:\/\/ismaelcolosi.com.br\/wp-content\/uploads\/2024\/02\/whatsapp_image_2022-08-14_at_12_10_03.jpe",1280,853,false],"2048x2048":["https:\/\/ismaelcolosi.com.br\/wp-content\/uploads\/2024\/02\/whatsapp_image_2022-08-14_at_12_10_03.jpe",1280,853,false],"really-simple-thumb":["https:\/\/ismaelcolosi.com.br\/wp-content\/uploads\/2024\/02\/whatsapp_image_2022-08-14_at_12_10_03-370x247.jpe",370,247,true]},"uagb_author_info":{"display_name":"ismaelcolosi.com.br","author_link":"https:\/\/ismaelcolosi.com.br\/index.php\/author\/vidareal-online\/"},"uagb_comment_info":0,"uagb_excerpt":"Uma mulher de 22 anos morreu nesta quinta-feira (4), ap\u00f3s sofrer um espancamento na \u00faltima quinta-feira (27), em Ribeir\u00e3o Preto. O namorado \u00e9 apontado pela...","jetpack-related-posts":[{"id":51177,"url":"https:\/\/ismaelcolosi.com.br\/index.php\/2024\/05\/23\/suspeito-de-matar-homem-apos-ser-atraido-para-encontro-e-preso-na-regiao-de-ribeirao\/","url_meta":{"origin":55730,"position":0},"title":"Suspeito de matar homem ap\u00f3s ser atra\u00eddo para encontro \u00e9 preso na regi\u00e3o de Ribeir\u00e3o","author":"ismaelcolosi.com.br","date":"23 de May de 2024","format":false,"excerpt":"O homem suspeito de matar Elias Vicente da Silva, de 57 anos, na tarde desta ter\u00e7a-feira (21), em Bebedouro, cidade na regi\u00e3o de Ribeir\u00e3o Preto, se apresentou a pol\u00edcia e confessou o crime nesta quinta-feira (23). De acordo com o delegado, Jo\u00e3o Vitor Silv\u00e9rio, a pris\u00e3o preventiva de Igor da\u2026","rel":"","context":"In &quot;Not\u00edcias de Ribeir\u00e3o Preto-SP e Regi\u00e3o&quot;","block_context":{"text":"Not\u00edcias de Ribeir\u00e3o Preto-SP e Regi\u00e3o","link":"https:\/\/ismaelcolosi.com.br\/index.php\/category\/noticias-de-ribeirao-preto-sp-e-regiao-ismael-colosi\/"},"img":{"alt_text":"","src":"https:\/\/i0.wp.com\/ismaelcolosi.com.br\/wp-content\/uploads\/2024\/05\/Copia-de-Copia-de-TAMANHO-EXATO-PARA-FOTOS-NO-SISTEMA-NOVO-51_2024-05-23_18-08-22_png_2024-05-23_18-08-23.webp.webp?fit=1200%2C675&ssl=1&resize=350%2C200","width":350,"height":200,"srcset":"https:\/\/i0.wp.com\/ismaelcolosi.com.br\/wp-content\/uploads\/2024\/05\/Copia-de-Copia-de-TAMANHO-EXATO-PARA-FOTOS-NO-SISTEMA-NOVO-51_2024-05-23_18-08-22_png_2024-05-23_18-08-23.webp.webp?fit=1200%2C675&ssl=1&resize=350%2C200 1x, https:\/\/i0.wp.com\/ismaelcolosi.com.br\/wp-content\/uploads\/2024\/05\/Copia-de-Copia-de-TAMANHO-EXATO-PARA-FOTOS-NO-SISTEMA-NOVO-51_2024-05-23_18-08-22_png_2024-05-23_18-08-23.webp.webp?fit=1200%2C675&ssl=1&resize=525%2C300 1.5x, https:\/\/i0.wp.com\/ismaelcolosi.com.br\/wp-content\/uploads\/2024\/05\/Copia-de-Copia-de-TAMANHO-EXATO-PARA-FOTOS-NO-SISTEMA-NOVO-51_2024-05-23_18-08-22_png_2024-05-23_18-08-23.webp.webp?fit=1200%2C675&ssl=1&resize=700%2C400 2x, https:\/\/i0.wp.com\/ismaelcolosi.com.br\/wp-content\/uploads\/2024\/05\/Copia-de-Copia-de-TAMANHO-EXATO-PARA-FOTOS-NO-SISTEMA-NOVO-51_2024-05-23_18-08-22_png_2024-05-23_18-08-23.webp.webp?fit=1200%2C675&ssl=1&resize=1050%2C600 3x"},"classes":[]},{"id":53063,"url":"https:\/\/ismaelcolosi.com.br\/index.php\/2024\/06\/13\/ex-namorado-e-suspeito-de-balear-jovem-de-21-anos-em-avenida-de-ribeirao-preto\/","url_meta":{"origin":55730,"position":1},"title":"Ex-namorado \u00e9 suspeito de balear jovem de 21 anos em avenida de Ribeir\u00e3o Preto","author":"ismaelcolosi.com.br","date":"13 de June de 2024","format":false,"excerpt":"Uma jovem de 21 anos foi baleada na noite desta quarta-feira (12), na avenida Maestro Herv\u00e9 Cordovil, no bairro Marincek, zona Norte de Ribeir\u00e3o Preto. O ex-namorado da v\u00edtima \u00e9 apontado por ela como o principal suspeito do crime. Segundo informa\u00e7\u00f5es, a v\u00edtima teria sido atingida na regi\u00e3o das n\u00e1degas\u2026","rel":"","context":"In &quot;Not\u00edcias de Ribeir\u00e3o Preto-SP e Regi\u00e3o&quot;","block_context":{"text":"Not\u00edcias de Ribeir\u00e3o Preto-SP e Regi\u00e3o","link":"https:\/\/ismaelcolosi.com.br\/index.php\/category\/noticias-de-ribeirao-preto-sp-e-regiao-ismael-colosi\/"},"img":{"alt_text":"","src":"https:\/\/i0.wp.com\/ismaelcolosi.com.br\/wp-content\/uploads\/2024\/06\/BAELADA_2024-06-13_12-38-34_jpg_2024-06-13_12-38-35.webp.webp?fit=1200%2C903&ssl=1&resize=350%2C200","width":350,"height":200,"srcset":"https:\/\/i0.wp.com\/ismaelcolosi.com.br\/wp-content\/uploads\/2024\/06\/BAELADA_2024-06-13_12-38-34_jpg_2024-06-13_12-38-35.webp.webp?fit=1200%2C903&ssl=1&resize=350%2C200 1x, https:\/\/i0.wp.com\/ismaelcolosi.com.br\/wp-content\/uploads\/2024\/06\/BAELADA_2024-06-13_12-38-34_jpg_2024-06-13_12-38-35.webp.webp?fit=1200%2C903&ssl=1&resize=525%2C300 1.5x, https:\/\/i0.wp.com\/ismaelcolosi.com.br\/wp-content\/uploads\/2024\/06\/BAELADA_2024-06-13_12-38-34_jpg_2024-06-13_12-38-35.webp.webp?fit=1200%2C903&ssl=1&resize=700%2C400 2x, https:\/\/i0.wp.com\/ismaelcolosi.com.br\/wp-content\/uploads\/2024\/06\/BAELADA_2024-06-13_12-38-34_jpg_2024-06-13_12-38-35.webp.webp?fit=1200%2C903&ssl=1&resize=1050%2C600 3x"},"classes":[]},{"id":57807,"url":"https:\/\/ismaelcolosi.com.br\/index.php\/2024\/07\/24\/mulher-espancada-por-namorado-na-regiao-de-ribeirao-preto-pede-medida-protetiva-a-justica\/","url_meta":{"origin":55730,"position":2},"title":"Mulher espancada por namorado na regi\u00e3o de Ribeir\u00e3o Preto pede medida protetiva \u00e0 Justi\u00e7a","author":"ismaelcolosi.com.br","date":"24 de July de 2024","format":false,"excerpt":"A mulher espancada pelo namorado, na madrugada de segunda-feira (22), no meio da rua Sebasti\u00e3o Sampaio, no bairro Cinco de Setembro, em Sert\u00e3ozinho, na regi\u00e3o de Ribeir\u00e3o Preto, solicitou \u00e0 Justi\u00e7a medida protetiva contra Diego Gon\u00e7alves. O pedido foi feito na ter\u00e7a-feira (23). Em entrevista \u00e0 EPTV, o delegado que\u2026","rel":"","context":"In &quot;Not\u00edcias de Ribeir\u00e3o Preto-SP e Regi\u00e3o&quot;","block_context":{"text":"Not\u00edcias de Ribeir\u00e3o Preto-SP e Regi\u00e3o","link":"https:\/\/ismaelcolosi.com.br\/index.php\/category\/noticias-de-ribeirao-preto-sp-e-regiao-ismael-colosi\/"},"img":{"alt_text":"","src":"https:\/\/i0.wp.com\/ismaelcolosi.com.br\/wp-content\/uploads\/2024\/07\/Copia-de-Copia-de-TAMANHO-EXATO-PARA-FOTOS-NO-SISTEMA-NOVO-8_2024-07-22_21-58-07_jpg_2024-07-22_21-58-07.webp.webp?fit=1200%2C675&ssl=1&resize=350%2C200","width":350,"height":200,"srcset":"https:\/\/i0.wp.com\/ismaelcolosi.com.br\/wp-content\/uploads\/2024\/07\/Copia-de-Copia-de-TAMANHO-EXATO-PARA-FOTOS-NO-SISTEMA-NOVO-8_2024-07-22_21-58-07_jpg_2024-07-22_21-58-07.webp.webp?fit=1200%2C675&ssl=1&resize=350%2C200 1x, https:\/\/i0.wp.com\/ismaelcolosi.com.br\/wp-content\/uploads\/2024\/07\/Copia-de-Copia-de-TAMANHO-EXATO-PARA-FOTOS-NO-SISTEMA-NOVO-8_2024-07-22_21-58-07_jpg_2024-07-22_21-58-07.webp.webp?fit=1200%2C675&ssl=1&resize=525%2C300 1.5x, https:\/\/i0.wp.com\/ismaelcolosi.com.br\/wp-content\/uploads\/2024\/07\/Copia-de-Copia-de-TAMANHO-EXATO-PARA-FOTOS-NO-SISTEMA-NOVO-8_2024-07-22_21-58-07_jpg_2024-07-22_21-58-07.webp.webp?fit=1200%2C675&ssl=1&resize=700%2C400 2x, https:\/\/i0.wp.com\/ismaelcolosi.com.br\/wp-content\/uploads\/2024\/07\/Copia-de-Copia-de-TAMANHO-EXATO-PARA-FOTOS-NO-SISTEMA-NOVO-8_2024-07-22_21-58-07_jpg_2024-07-22_21-58-07.webp.webp?fit=1200%2C675&ssl=1&resize=1050%2C600 3x"},"classes":[]},{"id":51030,"url":"https:\/\/ismaelcolosi.com.br\/index.php\/2024\/05\/22\/homem-e-morto-apos-ser-atraido-para-encontro-com-mulher-na-regiao-de-ribeirao-preto\/","url_meta":{"origin":55730,"position":3},"title":"Homem \u00e9 morto ap\u00f3s ser atra\u00eddo para encontro com mulher na regi\u00e3o de Ribeir\u00e3o Preto","author":"ismaelcolosi.com.br","date":"22 de May de 2024","format":false,"excerpt":"Um homem de 57 anos foi morto a facadas na tarde desta ter\u00e7a-feira (21), depois de ser atra\u00eddo para um encontro com uma mulher, em Bebedouro, cidade a aproximadamente 80 quil\u00f4metros de Ribeir\u00e3o Preto. Segundo o boletim de ocorr\u00eancia (BO), a mulher, de 24 anos, acabou presa e o namorado\u2026","rel":"","context":"In &quot;Not\u00edcias de Ribeir\u00e3o Preto-SP e Regi\u00e3o&quot;","block_context":{"text":"Not\u00edcias de Ribeir\u00e3o Preto-SP e Regi\u00e3o","link":"https:\/\/ismaelcolosi.com.br\/index.php\/category\/noticias-de-ribeirao-preto-sp-e-regiao-ismael-colosi\/"},"img":{"alt_text":"","src":"https:\/\/i0.wp.com\/ismaelcolosi.com.br\/wp-content\/uploads\/2024\/05\/1716394610_20220620_114539075_policia_qru_1024x576_25052021184749_jpg_715985292.jpg?fit=1200%2C606&ssl=1&resize=350%2C200","width":350,"height":200,"srcset":"https:\/\/i0.wp.com\/ismaelcolosi.com.br\/wp-content\/uploads\/2024\/05\/1716394610_20220620_114539075_policia_qru_1024x576_25052021184749_jpg_715985292.jpg?fit=1200%2C606&ssl=1&resize=350%2C200 1x, https:\/\/i0.wp.com\/ismaelcolosi.com.br\/wp-content\/uploads\/2024\/05\/1716394610_20220620_114539075_policia_qru_1024x576_25052021184749_jpg_715985292.jpg?fit=1200%2C606&ssl=1&resize=525%2C300 1.5x, https:\/\/i0.wp.com\/ismaelcolosi.com.br\/wp-content\/uploads\/2024\/05\/1716394610_20220620_114539075_policia_qru_1024x576_25052021184749_jpg_715985292.jpg?fit=1200%2C606&ssl=1&resize=700%2C400 2x, https:\/\/i0.wp.com\/ismaelcolosi.com.br\/wp-content\/uploads\/2024\/05\/1716394610_20220620_114539075_policia_qru_1024x576_25052021184749_jpg_715985292.jpg?fit=1200%2C606&ssl=1&resize=1050%2C600 3x"},"classes":[]},{"id":38917,"url":"https:\/\/ismaelcolosi.com.br\/index.php\/2024\/02\/22\/pai-e-baleado-pelo-namorado-da-filha-apos-discussao-em-ribeirao-preto\/","url_meta":{"origin":55730,"position":4},"title":"Pai \u00e9 baleado pelo namorado da filha ap\u00f3s discuss\u00e3o em Ribeir\u00e3o Preto","author":"ismaelcolosi.com.br","date":"22 de February de 2024","format":false,"excerpt":"Um homem de 47 anos foi baleado pelo namorado da filha durante uma discuss\u00e3o, nesta quarta-feira (21), no bairro Jardim Cristo Redentor, na zona Norte de Ribeir\u00e3o Preto. A PM (Pol\u00edcia Militar) foi acionada na UPA Norte para atender a ocorr\u00eancia de uma pessoa baleada no local, para onde a\u2026","rel":"","context":"In &quot;Not\u00edcias de Ribeir\u00e3o Preto-SP e Regi\u00e3o&quot;","block_context":{"text":"Not\u00edcias de Ribeir\u00e3o Preto-SP e Regi\u00e3o","link":"https:\/\/ismaelcolosi.com.br\/index.php\/category\/noticias-de-ribeirao-preto-sp-e-regiao-ismael-colosi\/"},"img":{"alt_text":"","src":"https:\/\/i0.wp.com\/ismaelcolosi.com.br\/wp-content\/uploads\/2024\/02\/117593045_3181602151934831_1382602735393869478_n.jpg?fit=952%2C635&ssl=1&resize=350%2C200","width":350,"height":200,"srcset":"https:\/\/i0.wp.com\/ismaelcolosi.com.br\/wp-content\/uploads\/2024\/02\/117593045_3181602151934831_1382602735393869478_n.jpg?fit=952%2C635&ssl=1&resize=350%2C200 1x, https:\/\/i0.wp.com\/ismaelcolosi.com.br\/wp-content\/uploads\/2024\/02\/117593045_3181602151934831_1382602735393869478_n.jpg?fit=952%2C635&ssl=1&resize=525%2C300 1.5x, https:\/\/i0.wp.com\/ismaelcolosi.com.br\/wp-content\/uploads\/2024\/02\/117593045_3181602151934831_1382602735393869478_n.jpg?fit=952%2C635&ssl=1&resize=700%2C400 2x"},"classes":[]},{"id":12895,"url":"https:\/\/ismaelcolosi.com.br\/index.php\/2023\/12\/08\/video-flagra-momento-em-que-homem-tira-a-vida-do-namorado-da-ex-dentro-de-supermercado-e-diante-de-varias-criancas\/","url_meta":{"origin":55730,"position":5},"title":"V\u00eddeo flagra momento em que homem tira a vida do namorado da ex dentro de supermercado e diante de v\u00e1rias crian\u00e7as","author":"ismaelcolosi.com.br","date":"8 de December de 2023","format":false,"excerpt":"Um crime b\u00e1rbaro foi registrado por uma c\u00e2mera de seguran\u00e7a de um supermercado. Nas imagens que circulam nas redes sociais \u00e9 poss\u00edvel ver o homem disparando contra o namorado de sua ex-companheira dentro de um supermercado que fica localizado na cidade de Morrinhos, que fica no interior do estado de\u2026","rel":"","context":"In &quot;Blog&quot;","block_context":{"text":"Blog","link":"https:\/\/ismaelcolosi.com.br\/index.php\/category\/blog\/"},"img":{"alt_text":"","src":"https:\/\/i0.wp.com\/ismaelcolosi.com.br\/wp-content\/uploads\/2023\/12\/postimg-6573910f142292476.jpg?fit=1200%2C628&ssl=1&resize=350%2C200","width":350,"height":200,"srcset":"https:\/\/i0.wp.com\/ismaelcolosi.com.br\/wp-content\/uploads\/2023\/12\/postimg-6573910f142292476.jpg?fit=1200%2C628&ssl=1&resize=350%2C200 1x, https:\/\/i0.wp.com\/ismaelcolosi.com.br\/wp-content\/uploads\/2023\/12\/postimg-6573910f142292476.jpg?fit=1200%2C628&ssl=1&resize=525%2C300 1.5x, https:\/\/i0.wp.com\/ismaelcolosi.com.br\/wp-content\/uploads\/2023\/12\/postimg-6573910f142292476.jpg?fit=1200%2C628&ssl=1&resize=700%2C400 2x, https:\/\/i0.wp.com\/ismaelcolosi.com.br\/wp-content\/uploads\/2023\/12\/postimg-6573910f142292476.jpg?fit=1200%2C628&ssl=1&resize=1050%2C600 3x"},"classes":[]}],"jetpack_sharing_enabled":true,"jetpack_shortlink":"https:\/\/wp.me\/pfMlyK-euS","_links":{"self":[{"href":"https:\/\/ismaelcolosi.com.br\/index.php\/wp-json\/wp\/v2\/posts\/55730","targetHints":{"allow":["GET"]}}],"collection":[{"href":"https:\/\/ismaelcolosi.com.br\/index.php\/wp-json\/wp\/v2\/posts"}],"about":[{"href":"https:\/\/ismaelcolosi.com.br\/index.php\/wp-json\/wp\/v2\/types\/post"}],"author":[{"embeddable":true,"href":"https:\/\/ismaelcolosi.com.br\/index.php\/wp-json\/wp\/v2\/users\/1"}],"replies":[{"embeddable":true,"href":"https:\/\/ismaelcolosi.com.br\/index.php\/wp-json\/wp\/v2\/comments?post=55730"}],"version-history":[{"count":0,"href":"https:\/\/ismaelcolosi.com.br\/index.php\/wp-json\/wp\/v2\/posts\/55730\/revisions"}],"wp:featuredmedia":[{"embeddable":true,"href":"https:\/\/ismaelcolosi.com.br\/index.php\/wp-json\/wp\/v2\/media\/39917"}],"wp:attachment":[{"href":"https:\/\/ismaelcolosi.com.br\/index.php\/wp-json\/wp\/v2\/media?parent=55730"}],"wp:term":[{"taxonomy":"category","embeddable":true,"href":"https:\/\/ismaelcolosi.com.br\/index.php\/wp-json\/wp\/v2\/categories?post=55730"},{"taxonomy":"post_tag","embeddable":true,"href":"https:\/\/ismaelcolosi.com.br\/index.php\/wp-json\/wp\/v2\/tags?post=55730"}],"curies":[{"name":"wp","href":"https:\/\/api.w.org\/{rel}","templated":true}]}}