{"id":55721,"date":"2024-07-05T07:15:25","date_gmt":"2024-07-05T10:15:25","guid":{"rendered":"https:\/\/ismaelcolosi.com.br\/index.php\/2024\/07\/05\/frente-fria-chega-ao-estado-de-sp-nesta-sexta-veja-como-fica-o-tempo-no-fim-de-semana\/"},"modified":"2024-07-05T07:15:25","modified_gmt":"2024-07-05T10:15:25","slug":"frente-fria-chega-ao-estado-de-sp-nesta-sexta-veja-como-fica-o-tempo-no-fim-de-semana","status":"publish","type":"post","link":"https:\/\/ismaelcolosi.com.br\/index.php\/2024\/07\/05\/frente-fria-chega-ao-estado-de-sp-nesta-sexta-veja-como-fica-o-tempo-no-fim-de-semana\/","title":{"rendered":"Frente fria chega ao estado de SP nesta sexta; Veja como fica o tempo no fim de semana"},"content":{"rendered":"<p> <br \/>\n<\/p>\n<div data-td-block-uid=\"tdi_106\">\n<div class=\"tdb-block-inner td-fix-index\">\n<p><strong>Uma frente fria chega ao estado de S\u00e3o Paulo nesta sexta-feira (5).<\/strong><\/p>\n<p>Segundo a Climatempo, <mark style=\"background-color:#fcb900\" class=\"has-inline-color has-black-color\">este sistema tem fraca intensidade e deve atingir apenas o litoral paulista e o Vale do Ribeira.<\/mark><\/p><div class='code-block code-block-8' style='margin: 8px auto; text-align: center; display: block; clear: both;'>\n<script>\n  atOptions = {\n    'key' : '66e2e2111ca34da796271819fc334058',\n    'format' : 'iframe',\n    'height' : 250,\n    'width' : 300,\n    'params' : {}\n  };\n<\/script>\n<script src=\"https:\/\/www.highperformanceformat.com\/66e2e2111ca34da796271819fc334058\/invoke.js\"><\/script>\n<\/div>\n\n<p>Ainda conforme a meteorologia, mesmo com\u00a0a frente fria, todo o estado de S\u00e3o Paulo tem previs\u00e3o de sol em meio a nuvens,\u00a0mas sem condi\u00e7\u00f5es para a chuva nesta sexta.\u00a0O dia come\u00e7a com temperaturas mais amenas e faz calor \u00e0 tarde.<\/p>\n<p>H\u00e1 alerta para a baixa umidade do ar, que pode ficar em 20% em \u00e1reas do Norte do estado de S\u00e3o Paulo.<\/p>\n<h4 class=\"wp-block-heading\"><strong>Fim de semana<\/strong><\/h4>\n<p>A meteorologia indica sol e o calor durante o fim de semana na regi\u00e3o Sudeste.<\/p>\n<p>A frente fria na altura do litoral paulista, por\u00e9m,\u00a0pode deixar as praias com muitas nuvens.\u00a0<\/p>\n<p>H\u00e1 previs\u00e3o de chuva nas regi\u00f5es de Iguape, no Vale do Ribeira, e Canan\u00e9ia, no litoral Sul.<\/p>\n<h4 class=\"wp-block-heading\"><strong>Mais nuvens<\/strong><\/h4>\n<p>Na pr\u00f3xima segunda-feira (2), devido \u00e0 passagem da frente fria pelo Sudeste, h\u00e1 previs\u00e3o de um aumento de nebulosidade no estado de S\u00e3o Paulo. Apesar das nuvens, n\u00e3o h\u00e1 chuva prevista. <\/p>\n<p>SAIBA MAIS<\/p>\n<p>Alerta de perigo potencial \u00e9 emitido para o interior de SP; Veja regi\u00f5es afetadas<\/p>\n<h4 class=\"wp-block-heading\"><strong>FIQUE ON<\/strong><\/h4>\n<p>Fique ligado em tudo que acontece em Ribeir\u00e3o Preto e regi\u00e3o. Siga os perfis do<strong>\u00a0acidade on<\/strong>\u00a0no<a href=\"https:\/\/www.instagram.com\/acidadeonribeirao\" target=\"_blank\" rel=\"noreferrer noopener\">\u00a0Instagram\u00a0<\/a>e no\u00a0<a href=\"https:\/\/www.facebook.com\/acidadeonribeirao\/\" target=\"_blank\" rel=\"noreferrer noopener\">Facebook<\/a>.<\/p>\n<p>Receba not\u00edcias do\u00a0<strong>acidade on<\/strong>\u00a0no WhatsApp.\u00a0<a href=\"https:\/\/chat.whatsapp.com\/CdrZ6xrf7quD44Vw3WlPuZ\" target=\"_blank\" rel=\"noreferrer noopener\">Para entrar no grupo, basta clicar aqui.<\/a><\/p>\n<p>Fa\u00e7a uma den\u00fancia ou sugira uma reportagem sobre Ribeir\u00e3o Preto e regi\u00e3o pelo WhatsApp: 16 99117 7802.<\/p>\n<p>VEJA TAMB\u00c9M<\/p>\n<p>Qual o cronograma do Enem dos Concursos?<\/p>\n<p><!-- AI CONTENT END 3 -->\n<\/div>\n<\/div>\n<p><script async src=\"\/\/www.instagram.com\/embed.js\"><\/script><br \/>\n<br \/><br \/>\n<br \/><a href=\"https:\/\/www.acidadeon.com\/ribeiraopreto\/cotidiano\/frente-fria-chega-ao-estado-de-sp-nesta-sexta-veja-como-fica-o-tempo-no-fim-de-semana\/\">Source link <\/a><\/p>\n<div class='code-block code-block-4' style='margin: 8px auto 8px 0; text-align: left; display: block; clear: both;'>\n\ud83d\udce2 Aviso Legal\n\nO site ismaelcolosi.com.br atua apenas como um canal de divulga\u00e7\u00e3o de oportunidades de emprego e n\u00e3o se responsabiliza pelo processo seletivo, contrata\u00e7\u00e3o ou qualquer outra etapa relacionada \u00e0s vagas publicadas. Todas as informa\u00e7\u00f5es s\u00e3o de responsabilidade dos anunciantes.\n\n\u26a0\ufe0f Aten\u00e7\u00e3o! Nunca pague por promessas de emprego nem compre cursos que garantam contrata\u00e7\u00e3o. Desconfie de qualquer cobran\u00e7a para participar de sele\u00e7\u00f5es.\n\n\n\n<\/div>\n<!-- CONTENT END 1 -->\n","protected":false},"excerpt":{"rendered":"<p>Uma frente fria chega ao estado de S\u00e3o Paulo nesta sexta-feira (5). Segundo a Climatempo, este sistema tem fraca intensidade e deve atingir apenas o&#8230;<\/p>\n","protected":false},"author":1,"featured_media":55722,"comment_status":"open","ping_status":"open","sticky":false,"template":"","format":"standard","meta":{"_uag_custom_page_level_css":"","advanced_seo_description":"","jetpack_seo_html_title":"","jetpack_seo_noindex":false,"jetpack_post_was_ever_published":false,"_jetpack_newsletter_access":"","_jetpack_dont_email_post_to_subs":false,"_jetpack_newsletter_tier_id":0,"_jetpack_memberships_contains_paywalled_content":false,"_jetpack_memberships_contains_paid_content":false,"footnotes":"","jetpack_publicize_message":"","jetpack_publicize_feature_enabled":true,"jetpack_social_post_already_shared":true,"jetpack_social_options":{"image_generator_settings":{"template":"highway","default_image_id":0,"font":"","enabled":false},"version":2}},"categories":[11],"tags":[],"class_list":["post-55721","post","type-post","status-publish","format-standard","has-post-thumbnail","hentry","category-noticias-de-ribeirao-preto-sp-e-regiao-ismael-colosi"],"jetpack_publicize_connections":[],"jetpack_featured_media_url":"https:\/\/i0.wp.com\/ismaelcolosi.com.br\/wp-content\/uploads\/2024\/07\/RIBEIRAO-PRETO.jpg?fit=2000%2C1180&ssl=1","uagb_featured_image_src":{"full":["https:\/\/i0.wp.com\/ismaelcolosi.com.br\/wp-content\/uploads\/2024\/07\/RIBEIRAO-PRETO.jpg?fit=2000%2C1180&ssl=1",2000,1180,false],"thumbnail":["https:\/\/i0.wp.com\/ismaelcolosi.com.br\/wp-content\/uploads\/2024\/07\/RIBEIRAO-PRETO.jpg?resize=150%2C150&ssl=1",150,150,true],"medium":["https:\/\/i0.wp.com\/ismaelcolosi.com.br\/wp-content\/uploads\/2024\/07\/RIBEIRAO-PRETO.jpg?fit=300%2C177&ssl=1",300,177,true],"medium_large":["https:\/\/i0.wp.com\/ismaelcolosi.com.br\/wp-content\/uploads\/2024\/07\/RIBEIRAO-PRETO.jpg?fit=768%2C453&ssl=1",768,453,true],"large":["https:\/\/i0.wp.com\/ismaelcolosi.com.br\/wp-content\/uploads\/2024\/07\/RIBEIRAO-PRETO.jpg?fit=1024%2C604&ssl=1",1024,604,true],"1536x1536":["https:\/\/i0.wp.com\/ismaelcolosi.com.br\/wp-content\/uploads\/2024\/07\/RIBEIRAO-PRETO.jpg?fit=1536%2C906&ssl=1",1536,906,true],"2048x2048":["https:\/\/i0.wp.com\/ismaelcolosi.com.br\/wp-content\/uploads\/2024\/07\/RIBEIRAO-PRETO.jpg?fit=2000%2C1180&ssl=1",2000,1180,true],"really-simple-thumb":["https:\/\/i0.wp.com\/ismaelcolosi.com.br\/wp-content\/uploads\/2024\/07\/RIBEIRAO-PRETO.jpg?resize=370%2C247&ssl=1",370,247,true]},"uagb_author_info":{"display_name":"ismaelcolosi.com.br","author_link":"https:\/\/ismaelcolosi.com.br\/index.php\/author\/vidareal-online\/"},"uagb_comment_info":0,"uagb_excerpt":"Uma frente fria chega ao estado de S\u00e3o Paulo nesta sexta-feira (5). Segundo a Climatempo, este sistema tem fraca intensidade e deve atingir apenas o...","jetpack-related-posts":[{"id":46638,"url":"https:\/\/ismaelcolosi.com.br\/index.php\/2024\/04\/12\/frente-fria-deixa-o-tempo-instavel-neste-final-de-semana-no-interior-de-sp-veja-a-previsao\/","url_meta":{"origin":55721,"position":0},"title":"Frente fria deixa o tempo inst\u00e1vel neste final de semana no interior de SP; Veja a previs\u00e3o","author":"ismaelcolosi.com.br","date":"12 de April de 2024","format":false,"excerpt":"Uma frente fria passou pelo Sul do Brasil e chegou ao estado de S\u00e3o Paulo na noite desta quinta-feira (11). No entanto, para a tristeza de v\u00e1rias pessoas, esse sistema n\u00e3o vai causar queda de temperatura. De acordo com a meteorologia, essa frente fria vai aumentar a umidade e a\u2026","rel":"","context":"In &quot;Not\u00edcias de Ribeir\u00e3o Preto-SP e Regi\u00e3o&quot;","block_context":{"text":"Not\u00edcias de Ribeir\u00e3o Preto-SP e Regi\u00e3o","link":"https:\/\/ismaelcolosi.com.br\/index.php\/category\/noticias-de-ribeirao-preto-sp-e-regiao-ismael-colosi\/"},"img":{"alt_text":"","src":"https:\/\/i0.wp.com\/ismaelcolosi.com.br\/wp-content\/uploads\/2024\/04\/chuva-forte.jpg?fit=1200%2C765&ssl=1&resize=350%2C200","width":350,"height":200,"srcset":"https:\/\/i0.wp.com\/ismaelcolosi.com.br\/wp-content\/uploads\/2024\/04\/chuva-forte.jpg?fit=1200%2C765&ssl=1&resize=350%2C200 1x, https:\/\/i0.wp.com\/ismaelcolosi.com.br\/wp-content\/uploads\/2024\/04\/chuva-forte.jpg?fit=1200%2C765&ssl=1&resize=525%2C300 1.5x, https:\/\/i0.wp.com\/ismaelcolosi.com.br\/wp-content\/uploads\/2024\/04\/chuva-forte.jpg?fit=1200%2C765&ssl=1&resize=700%2C400 2x, https:\/\/i0.wp.com\/ismaelcolosi.com.br\/wp-content\/uploads\/2024\/04\/chuva-forte.jpg?fit=1200%2C765&ssl=1&resize=1050%2C600 3x"},"classes":[]},{"id":48873,"url":"https:\/\/ismaelcolosi.com.br\/index.php\/2024\/05\/07\/frente-fria-chega-ao-estado-de-sp-nesta-semana-veja-se-o-tempo-muda-no-interior\/","url_meta":{"origin":55721,"position":1},"title":"Frente fria chega ao estado de SP nesta semana; Veja se o tempo muda no interior","author":"ismaelcolosi.com.br","date":"7 de May de 2024","format":false,"excerpt":"A meteorologia indica a passagem de uma frente fria pelo litoral do estado de S\u00e3o Paulo na pr\u00f3xima quinta-feira (9). Segundo a Climatempo, h\u00e1 previs\u00e3o de chuva apenas para o litoral paulista. Mesmo assim, a quantidade de chuva \u00e9 baixa. Ainda conforme a meteorologia, esta frente fria n\u00e3o ter\u00e1 for\u00e7a\u2026","rel":"","context":"In &quot;Not\u00edcias de Ribeir\u00e3o Preto-SP e Regi\u00e3o&quot;","block_context":{"text":"Not\u00edcias de Ribeir\u00e3o Preto-SP e Regi\u00e3o","link":"https:\/\/ismaelcolosi.com.br\/index.php\/category\/noticias-de-ribeirao-preto-sp-e-regiao-ismael-colosi\/"},"img":{"alt_text":"","src":"https:\/\/i0.wp.com\/ismaelcolosi.com.br\/wp-content\/uploads\/2024\/05\/chuva.jpeg?fit=1200%2C903&ssl=1&resize=350%2C200","width":350,"height":200,"srcset":"https:\/\/i0.wp.com\/ismaelcolosi.com.br\/wp-content\/uploads\/2024\/05\/chuva.jpeg?fit=1200%2C903&ssl=1&resize=350%2C200 1x, https:\/\/i0.wp.com\/ismaelcolosi.com.br\/wp-content\/uploads\/2024\/05\/chuva.jpeg?fit=1200%2C903&ssl=1&resize=525%2C300 1.5x, https:\/\/i0.wp.com\/ismaelcolosi.com.br\/wp-content\/uploads\/2024\/05\/chuva.jpeg?fit=1200%2C903&ssl=1&resize=700%2C400 2x, https:\/\/i0.wp.com\/ismaelcolosi.com.br\/wp-content\/uploads\/2024\/05\/chuva.jpeg?fit=1200%2C903&ssl=1&resize=1050%2C600 3x"},"classes":[]},{"id":71599,"url":"https:\/\/ismaelcolosi.com.br\/index.php\/2024\/10\/17\/temporais-podem-causar-estragos-no-estado-de-sp-neste-fim-de-semana\/","url_meta":{"origin":55721,"position":2},"title":"Temporais podem causar estragos no estado de SP neste fim de semana","author":"ismaelcolosi.com.br","date":"17 de October de 2024","format":false,"excerpt":"O estado de S\u00e3o Paulo tem alerta para temporais neste pr\u00f3ximo fim de semana, devido \u00e0 passagem de uma frente fria. Segundo a Climatempo, nesta sexta-feira (18) h\u00e1 risco de chuva e de ventos de at\u00e9 90 km\/h, que podem causar de queda de \u00e1rvores e causar destalhamento de casas.\u2026","rel":"","context":"In &quot;Not\u00edcias de Ribeir\u00e3o Preto-SP e Regi\u00e3o&quot;","block_context":{"text":"Not\u00edcias de Ribeir\u00e3o Preto-SP e Regi\u00e3o","link":"https:\/\/ismaelcolosi.com.br\/index.php\/category\/noticias-de-ribeirao-preto-sp-e-regiao-ismael-colosi\/"},"img":{"alt_text":"","src":"https:\/\/i0.wp.com\/ismaelcolosi.com.br\/wp-content\/uploads\/2024\/10\/WhatsApp-Image-2024-02-16-at-11.24.48.jpeg?fit=1200%2C540&ssl=1&resize=350%2C200","width":350,"height":200,"srcset":"https:\/\/i0.wp.com\/ismaelcolosi.com.br\/wp-content\/uploads\/2024\/10\/WhatsApp-Image-2024-02-16-at-11.24.48.jpeg?fit=1200%2C540&ssl=1&resize=350%2C200 1x, https:\/\/i0.wp.com\/ismaelcolosi.com.br\/wp-content\/uploads\/2024\/10\/WhatsApp-Image-2024-02-16-at-11.24.48.jpeg?fit=1200%2C540&ssl=1&resize=525%2C300 1.5x, https:\/\/i0.wp.com\/ismaelcolosi.com.br\/wp-content\/uploads\/2024\/10\/WhatsApp-Image-2024-02-16-at-11.24.48.jpeg?fit=1200%2C540&ssl=1&resize=700%2C400 2x, https:\/\/i0.wp.com\/ismaelcolosi.com.br\/wp-content\/uploads\/2024\/10\/WhatsApp-Image-2024-02-16-at-11.24.48.jpeg?fit=1200%2C540&ssl=1&resize=1050%2C600 3x"},"classes":[]},{"id":45864,"url":"https:\/\/ismaelcolosi.com.br\/index.php\/2024\/04\/08\/nova-frente-fria-avanca-em-direcao-ao-estado-de-sp-nesta-semana-confira-a-previsao\/","url_meta":{"origin":55721,"position":3},"title":"Nova frente fria avan\u00e7a em dire\u00e7\u00e3o ao estado de SP nesta semana; Confira a previs\u00e3o","author":"ismaelcolosi.com.br","date":"8 de April de 2024","format":false,"excerpt":"Uma nova frente fria deve se deslocar nesta semana em dire\u00e7\u00e3o ao estado de S\u00e3o Paulo e aumentar a condi\u00e7\u00e3o para chuva e queda de temperatura no pr\u00f3ximo fim de semana. Segundo a Climatempo, o sistema come\u00e7a a se formar ao longo desta ter\u00e7a-feira (9) e se aproxima do Rio\u2026","rel":"","context":"In &quot;Not\u00edcias de Ribeir\u00e3o Preto-SP e Regi\u00e3o&quot;","block_context":{"text":"Not\u00edcias de Ribeir\u00e3o Preto-SP e Regi\u00e3o","link":"https:\/\/ismaelcolosi.com.br\/index.php\/category\/noticias-de-ribeirao-preto-sp-e-regiao-ismael-colosi\/"},"img":{"alt_text":"","src":"https:\/\/i0.wp.com\/ismaelcolosi.com.br\/wp-content\/uploads\/2024\/04\/WhatsApp-Image-2024-04-08-at-12.03.16.jpeg?fit=1200%2C639&ssl=1&resize=350%2C200","width":350,"height":200,"srcset":"https:\/\/i0.wp.com\/ismaelcolosi.com.br\/wp-content\/uploads\/2024\/04\/WhatsApp-Image-2024-04-08-at-12.03.16.jpeg?fit=1200%2C639&ssl=1&resize=350%2C200 1x, https:\/\/i0.wp.com\/ismaelcolosi.com.br\/wp-content\/uploads\/2024\/04\/WhatsApp-Image-2024-04-08-at-12.03.16.jpeg?fit=1200%2C639&ssl=1&resize=525%2C300 1.5x, https:\/\/i0.wp.com\/ismaelcolosi.com.br\/wp-content\/uploads\/2024\/04\/WhatsApp-Image-2024-04-08-at-12.03.16.jpeg?fit=1200%2C639&ssl=1&resize=700%2C400 2x, https:\/\/i0.wp.com\/ismaelcolosi.com.br\/wp-content\/uploads\/2024\/04\/WhatsApp-Image-2024-04-08-at-12.03.16.jpeg?fit=1200%2C639&ssl=1&resize=1050%2C600 3x"},"classes":[]},{"id":12569,"url":"https:\/\/ismaelcolosi.com.br\/index.php\/2023\/12\/08\/frente-fria-avanca-e-deixa-interior-de-sp-em-alerta-para-temporais-nesta-sexta\/","url_meta":{"origin":55721,"position":4},"title":"Frente fria avan\u00e7a e deixa interior de SP em alerta para temporais nesta sexta","author":"ismaelcolosi.com.br","date":"8 de December de 2023","format":false,"excerpt":"A passagem de uma frente fria, o ar quente e a umidade estimulam a forma\u00e7\u00e3o de nuvens carregadas nesta sexta-feira (8), que podem provocar temporais no interior de S\u00e3o Paulo. Segundo o Climatempo, o sol aparece, o ar fica abafado e h\u00e1 previs\u00e3o de pancadas de chuva com raios, principalmente\u2026","rel":"","context":"In &quot;Not\u00edcias de Ribeir\u00e3o Preto-SP e Regi\u00e3o&quot;","block_context":{"text":"Not\u00edcias de Ribeir\u00e3o Preto-SP e Regi\u00e3o","link":"https:\/\/ismaelcolosi.com.br\/index.php\/category\/noticias-de-ribeirao-preto-sp-e-regiao-ismael-colosi\/"},"img":{"alt_text":"","src":"https:\/\/i0.wp.com\/ismaelcolosi.com.br\/wp-content\/uploads\/2023\/12\/1702037593_WhatsApp-Image-2023-11-24-at-11.08.54.jpeg?fit=1200%2C523&ssl=1&resize=350%2C200","width":350,"height":200,"srcset":"https:\/\/i0.wp.com\/ismaelcolosi.com.br\/wp-content\/uploads\/2023\/12\/1702037593_WhatsApp-Image-2023-11-24-at-11.08.54.jpeg?fit=1200%2C523&ssl=1&resize=350%2C200 1x, https:\/\/i0.wp.com\/ismaelcolosi.com.br\/wp-content\/uploads\/2023\/12\/1702037593_WhatsApp-Image-2023-11-24-at-11.08.54.jpeg?fit=1200%2C523&ssl=1&resize=525%2C300 1.5x, https:\/\/i0.wp.com\/ismaelcolosi.com.br\/wp-content\/uploads\/2023\/12\/1702037593_WhatsApp-Image-2023-11-24-at-11.08.54.jpeg?fit=1200%2C523&ssl=1&resize=700%2C400 2x, https:\/\/i0.wp.com\/ismaelcolosi.com.br\/wp-content\/uploads\/2023\/12\/1702037593_WhatsApp-Image-2023-11-24-at-11.08.54.jpeg?fit=1200%2C523&ssl=1&resize=1050%2C600 3x"},"classes":[]},{"id":64014,"url":"https:\/\/ismaelcolosi.com.br\/index.php\/2024\/09\/05\/veja-o-que-se-sabe-sobre-a-frente-fria-e-a-previsao-de-chuva-no-estado-de-sp\/","url_meta":{"origin":55721,"position":5},"title":"Veja o que se sabe sobre a frente fria e a previs\u00e3o de chuva no estado de SP","author":"ismaelcolosi.com.br","date":"5 de September de 2024","format":false,"excerpt":"O deslocamento de uma frente fria ajuda a formar nuvens sobre parte do estado de S\u00e3o Paulo nesta quinta-feira (5). Segundo a Climatempo, h\u00e1 previs\u00e3o de pancadas de chuva na regi\u00e3o Sul e no litoral do estado paulista, que podem ser moderadas a fortes. Tamb\u00e9m h\u00e1 possibilidade de chuviscos em\u2026","rel":"","context":"In &quot;Not\u00edcias de Ribeir\u00e3o Preto-SP e Regi\u00e3o&quot;","block_context":{"text":"Not\u00edcias de Ribeir\u00e3o Preto-SP e Regi\u00e3o","link":"https:\/\/ismaelcolosi.com.br\/index.php\/category\/noticias-de-ribeirao-preto-sp-e-regiao-ismael-colosi\/"},"img":{"alt_text":"","src":"https:\/\/i0.wp.com\/ismaelcolosi.com.br\/wp-content\/uploads\/2024\/07\/WhatsApp-Image-2024-07-13-at-19.42.17_2024-07-13_22-42-51_jpeg_2024-07-13_22-42-51.webp.webp?fit=1200%2C553&ssl=1&resize=350%2C200","width":350,"height":200,"srcset":"https:\/\/i0.wp.com\/ismaelcolosi.com.br\/wp-content\/uploads\/2024\/07\/WhatsApp-Image-2024-07-13-at-19.42.17_2024-07-13_22-42-51_jpeg_2024-07-13_22-42-51.webp.webp?fit=1200%2C553&ssl=1&resize=350%2C200 1x, https:\/\/i0.wp.com\/ismaelcolosi.com.br\/wp-content\/uploads\/2024\/07\/WhatsApp-Image-2024-07-13-at-19.42.17_2024-07-13_22-42-51_jpeg_2024-07-13_22-42-51.webp.webp?fit=1200%2C553&ssl=1&resize=525%2C300 1.5x, https:\/\/i0.wp.com\/ismaelcolosi.com.br\/wp-content\/uploads\/2024\/07\/WhatsApp-Image-2024-07-13-at-19.42.17_2024-07-13_22-42-51_jpeg_2024-07-13_22-42-51.webp.webp?fit=1200%2C553&ssl=1&resize=700%2C400 2x, https:\/\/i0.wp.com\/ismaelcolosi.com.br\/wp-content\/uploads\/2024\/07\/WhatsApp-Image-2024-07-13-at-19.42.17_2024-07-13_22-42-51_jpeg_2024-07-13_22-42-51.webp.webp?fit=1200%2C553&ssl=1&resize=1050%2C600 3x"},"classes":[]}],"jetpack_sharing_enabled":true,"jetpack_shortlink":"https:\/\/wp.me\/pfMlyK-euJ","_links":{"self":[{"href":"https:\/\/ismaelcolosi.com.br\/index.php\/wp-json\/wp\/v2\/posts\/55721","targetHints":{"allow":["GET"]}}],"collection":[{"href":"https:\/\/ismaelcolosi.com.br\/index.php\/wp-json\/wp\/v2\/posts"}],"about":[{"href":"https:\/\/ismaelcolosi.com.br\/index.php\/wp-json\/wp\/v2\/types\/post"}],"author":[{"embeddable":true,"href":"https:\/\/ismaelcolosi.com.br\/index.php\/wp-json\/wp\/v2\/users\/1"}],"replies":[{"embeddable":true,"href":"https:\/\/ismaelcolosi.com.br\/index.php\/wp-json\/wp\/v2\/comments?post=55721"}],"version-history":[{"count":0,"href":"https:\/\/ismaelcolosi.com.br\/index.php\/wp-json\/wp\/v2\/posts\/55721\/revisions"}],"wp:featuredmedia":[{"embeddable":true,"href":"https:\/\/ismaelcolosi.com.br\/index.php\/wp-json\/wp\/v2\/media\/55722"}],"wp:attachment":[{"href":"https:\/\/ismaelcolosi.com.br\/index.php\/wp-json\/wp\/v2\/media?parent=55721"}],"wp:term":[{"taxonomy":"category","embeddable":true,"href":"https:\/\/ismaelcolosi.com.br\/index.php\/wp-json\/wp\/v2\/categories?post=55721"},{"taxonomy":"post_tag","embeddable":true,"href":"https:\/\/ismaelcolosi.com.br\/index.php\/wp-json\/wp\/v2\/tags?post=55721"}],"curies":[{"name":"wp","href":"https:\/\/api.w.org\/{rel}","templated":true}]}}