{"id":55717,"date":"2024-07-05T06:04:07","date_gmt":"2024-07-05T09:04:07","guid":{"rendered":"https:\/\/ismaelcolosi.com.br\/index.php\/2024\/07\/05\/50-vagas-de-emprego-em-franca-sp-125\/"},"modified":"2024-07-05T06:04:07","modified_gmt":"2024-07-05T09:04:07","slug":"50-vagas-de-emprego-em-franca-sp-125","status":"publish","type":"post","link":"https:\/\/ismaelcolosi.com.br\/index.php\/2024\/07\/05\/50-vagas-de-emprego-em-franca-sp-125\/","title":{"rendered":"50 vagas de emprego em Franca-SP"},"content":{"rendered":"<div id=\"anuncios\">\n<header>\n<\/header>\n<p><\/p>\n<p>    <script async=\"\" src=\"https:\/\/pagead2.googlesyndication.com\/pagead\/js\/adsbygoogle.js?client=ca-pub-2853392113352629\" crossorigin=\"anonymous\"\/>\n    <ins class=\"adsbygoogle\" style=\"display:block\" data-ad-client=\"ca-pub-2853392113352629\" data-ad-slot=\"2925831803\" data-ad-format=\"auto\" data-full-width-responsive=\"true\"\/>\n    <script><![CDATA[\n    (adsbygoogle = window.adsbygoogle || []).push({});\n    ]]><\/script>   <\/p>\n<div class=\"emp\"><!--04\/07--><\/p><div class='code-block code-block-8' style='margin: 8px auto; text-align: center; display: block; clear: both;'>\n<script>\n  atOptions = {\n    'key' : '66e2e2111ca34da796271819fc334058',\n    'format' : 'iframe',\n    'height' : 250,\n    'width' : 300,\n    'params' : {}\n  };\n<\/script>\n<script src=\"https:\/\/www.highperformanceformat.com\/66e2e2111ca34da796271819fc334058\/invoke.js\"><\/script>\n<\/div>\n\n<p>\n            Precisa-se:<br \/>Apontador de sola<br \/>Passador de cola<br \/>Blaqueador lateral<br \/>Todos com experi\u00eancia<br \/>Levar curr\u00edculo na <br \/>Rua: Deolinda Maria da Silva, n\u00b0870 - Jardim Petr\u00e1glia - Hor\u00e1rio comercial\n            <\/p>\n<p><strong>Compartilhe:<\/strong><\/p>\n<p>                <img data-recalc-dims=\"1\" loading=\"lazy\" decoding=\"async\" width=\"25\" height=\"25\" src=\"https:\/\/i0.wp.com\/francaclassificados.com\/\/source\/view\/img\/20w50.png?resize=25%2C25&#038;ssl=1\" alt=\"Imagem compartilhar whatsapp\"\/><\/p>\n<p>                <img data-recalc-dims=\"1\" loading=\"lazy\" decoding=\"async\" width=\"25\" height=\"25\" src=\"https:\/\/i0.wp.com\/francaclassificados.com\/\/source\/view\/img\/18w50.png?resize=25%2C25&#038;ssl=1\" alt=\"Imagem compartilhar facebook\"\/><\/p>\n<\/p><\/div>\n<div class=\"emp\">\n<p>\n            ASSISTENTE DE RH<br \/>Requisitos: Conhecimento em DP e RH. Atividades: Organizar as informa\u00e7\u00f5es do departamento pessoal: admiss\u00e3o, quinzena, folha, horas extras, f\u00e9rias, 13\u00basal\u00e1rio, rescis\u00f5es e encaminhar ao escrit\u00f3rio de contabilidade. Controle de exames, ponto eletr\u00f4nico, conv\u00eanios odontol\u00f3gicos, m\u00e9dico, seguro de vida e vale transporte. Recrutamento e sele\u00e7\u00e3o e demais atividades de RH. Acompanhar as lojas nas a\u00e7\u00f5es com os funcion\u00e1rios.<br \/>\n            <br \/>rh@grupometalvale.com.br\n            <\/p>\n<p><strong>Compartilhe:<\/strong><\/p>\n<p>                <img data-recalc-dims=\"1\" loading=\"lazy\" decoding=\"async\" width=\"25\" height=\"25\" src=\"https:\/\/i0.wp.com\/francaclassificados.com\/\/source\/view\/img\/20w50.png?resize=25%2C25&#038;ssl=1\" alt=\"Imagem compartilhar whatsapp\"\/><\/p>\n<p>                <img data-recalc-dims=\"1\" loading=\"lazy\" decoding=\"async\" width=\"25\" height=\"25\" src=\"https:\/\/i0.wp.com\/francaclassificados.com\/\/source\/view\/img\/18w50.png?resize=25%2C25&#038;ssl=1\" alt=\"Imagem compartilhar facebook\"\/><\/p>\n<\/p><\/div>\n<p>    <script async=\"\" src=\"https:\/\/pagead2.googlesyndication.com\/pagead\/js\/adsbygoogle.js?client=ca-pub-2853392113352629\" crossorigin=\"anonymous\"\/>\n    <ins class=\"adsbygoogle\" style=\"display:block\" data-ad-client=\"ca-pub-2853392113352629\" data-ad-slot=\"2925831803\" data-ad-format=\"auto\" data-full-width-responsive=\"true\"\/>\n    <script><![CDATA[\n    (adsbygoogle = window.adsbygoogle || []).push({});\n    ]]><\/script><\/p>\n<div class=\"emp\">\n<p>\n            PROMOTOR DE VENDAS HABILITA\u00c7\u00c3O A\/B<br \/>Organizar e repor produtos em g\u00f4ndolas, expositores e mapear estrat\u00e9gias de posicionamento do produto, visitando Supermercados, Mercearias, Adegas. Atuar\u00e1 em Franca e em cidades da regi\u00e3o, trabalho de seg a sex. INDISPENS\u00c1VEL: Experi\u00eancia com condu\u00e7\u00e3o de MOTO em rodovia, bom conhecimento da regi\u00e3o, HABILITA\u00c7\u00c3O A\/B. Desej\u00e1vel experi\u00eancia na \u00e1rea. N\u00c3O ENVIAR CURR\u00cdCULO SEM OS REQUISITOS ACIMA. Sal\u00e1rio R$1.890 + VA. Enviar curr\u00edculo para rh.contratacao.vendas@gmail.com\n            <\/p>\n<p><strong>Compartilhe:<\/strong><\/p>\n<p>                <img data-recalc-dims=\"1\" loading=\"lazy\" decoding=\"async\" width=\"25\" height=\"25\" src=\"https:\/\/i0.wp.com\/francaclassificados.com\/\/source\/view\/img\/20w50.png?resize=25%2C25&#038;ssl=1\" alt=\"Imagem compartilhar whatsapp\"\/><\/p>\n<p>                <img data-recalc-dims=\"1\" loading=\"lazy\" decoding=\"async\" width=\"25\" height=\"25\" src=\"https:\/\/i0.wp.com\/francaclassificados.com\/\/source\/view\/img\/18w50.png?resize=25%2C25&#038;ssl=1\" alt=\"Imagem compartilhar facebook\"\/><\/p>\n<\/p><\/div>\n<div class=\"emp\">\n<p>\n            AUXILIAR DE COZINHA<br \/>Masculino\/feminino. Ensino m\u00e9dio completo. Auxilio no preparo de refei\u00e7\u00f5es, apoio na limpeza e organiza\u00e7\u00e3o da cozinha. Lavagens de utens\u00edlio. Ter experi\u00eancia na fun\u00e7\u00e3o, organiza\u00e7\u00e3o e pro-atividade Disponibilidade de hor\u00e1rio. 7h20 por dia, escala 6x1, inicio imediato. Interessados enviar curr\u00edculo com titulo da vaga no assunto para curriculo@feji.org.br ou deixar pessoalmente na RUA OF\u00c9LIA SOARES RUSSO 970 JD PLANALTO\n            <\/p>\n<p><strong>Compartilhe:<\/strong><\/p>\n<p>                <img data-recalc-dims=\"1\" loading=\"lazy\" decoding=\"async\" width=\"25\" height=\"25\" src=\"https:\/\/i0.wp.com\/francaclassificados.com\/\/source\/view\/img\/20w50.png?resize=25%2C25&#038;ssl=1\" alt=\"Imagem compartilhar whatsapp\"\/><\/p>\n<p>                <img data-recalc-dims=\"1\" loading=\"lazy\" decoding=\"async\" width=\"25\" height=\"25\" src=\"https:\/\/i0.wp.com\/francaclassificados.com\/\/source\/view\/img\/18w50.png?resize=25%2C25&#038;ssl=1\" alt=\"Imagem compartilhar facebook\"\/><\/p>\n<\/p><\/div>\n<p>    <script async=\"\" src=\"https:\/\/pagead2.googlesyndication.com\/pagead\/js\/adsbygoogle.js?client=ca-pub-2853392113352629\" crossorigin=\"anonymous\"\/>\n    <ins class=\"adsbygoogle\" style=\"display:block\" data-ad-client=\"ca-pub-2853392113352629\" data-ad-slot=\"2925831803\" data-ad-format=\"auto\" data-full-width-responsive=\"true\"\/>\n    <script><![CDATA[\n    (adsbygoogle = window.adsbygoogle || []).push({});\n    ]]><\/script><\/p>\n<div class=\"emp\">\n<p>\n            Contrata-se coladeira de vira na m\u00e1quina que tenha conhecimento da fun\u00e7\u00e3o Sal\u00e1rio R$ R$ 2.460,28 . Embonecador de giga, Operador de Injetora, Auxiliar de Injetora, Auxiliar de produ\u00e7\u00e3o, Coladeira, Lixador. Enviar curr\u00edculo por e-mail para rh@dmatossolados.com.br . Endere\u00e7o: Avenida Professor Nicolau Del Monte, 3607 Bairro: JD Integra\u00e7\u00e3o\n            <\/p>\n<p><strong>Compartilhe:<\/strong><\/p>\n<p>                <img data-recalc-dims=\"1\" loading=\"lazy\" decoding=\"async\" width=\"25\" height=\"25\" src=\"https:\/\/i0.wp.com\/francaclassificados.com\/\/source\/view\/img\/20w50.png?resize=25%2C25&#038;ssl=1\" alt=\"Imagem compartilhar whatsapp\"\/><\/p>\n<p>                <img data-recalc-dims=\"1\" loading=\"lazy\" decoding=\"async\" width=\"25\" height=\"25\" src=\"https:\/\/i0.wp.com\/francaclassificados.com\/\/source\/view\/img\/18w50.png?resize=25%2C25&#038;ssl=1\" alt=\"Imagem compartilhar facebook\"\/><\/p>\n<\/p><\/div>\n<div class=\"emp\">\n<p>\n            Preciso de costureira interna para trabalhar na regi\u00e3o da vila S\u00e3o Sebasti\u00e3o WhatsApp 16993121442\n            <\/p>\n<p><strong>Compartilhe:<\/strong><\/p>\n<p>                <img data-recalc-dims=\"1\" loading=\"lazy\" decoding=\"async\" width=\"25\" height=\"25\" src=\"https:\/\/i0.wp.com\/francaclassificados.com\/\/source\/view\/img\/20w50.png?resize=25%2C25&#038;ssl=1\" alt=\"Imagem compartilhar whatsapp\"\/><\/p>\n<p>                <img data-recalc-dims=\"1\" loading=\"lazy\" decoding=\"async\" width=\"25\" height=\"25\" src=\"https:\/\/i0.wp.com\/francaclassificados.com\/\/source\/view\/img\/18w50.png?resize=25%2C25&#038;ssl=1\" alt=\"Imagem compartilhar facebook\"\/><\/p>\n<\/p><\/div>\n<p>        <img data-recalc-dims=\"1\" decoding=\"async\" src=\"https:\/\/i0.wp.com\/francaclassificados.com\/\/source\/view\/img\/cur.png?ssl=1\" class=\"img-fluid img-fluid2\" alt=\"Imagem publicidade\"\/><\/p>\n<div class=\"emp\">\n<p>\n            Admite-se a\u00e7ougueiro com pr\u00e1tica em desossa e atendimento de balc\u00e3o. Favor comparecer Av. Paulino Pucci, 221-esquina com Av. Rio Branco. Sem\u00e1foro MSM\n            <\/p>\n<p><strong>Compartilhe:<\/strong><\/p>\n<p>                <img data-recalc-dims=\"1\" loading=\"lazy\" decoding=\"async\" width=\"25\" height=\"25\" src=\"https:\/\/i0.wp.com\/francaclassificados.com\/\/source\/view\/img\/20w50.png?resize=25%2C25&#038;ssl=1\" alt=\"Imagem compartilhar whatsapp\"\/><\/p>\n<p>                <img data-recalc-dims=\"1\" loading=\"lazy\" decoding=\"async\" width=\"25\" height=\"25\" src=\"https:\/\/i0.wp.com\/francaclassificados.com\/\/source\/view\/img\/18w50.png?resize=25%2C25&#038;ssl=1\" alt=\"Imagem compartilhar facebook\"\/><\/p>\n<\/p><\/div>\n<div class=\"emp\">\n<p>\n            GERENTE PARA \u00d3TICA<br \/>Procuramos por gerentes que tenham experi\u00eancia em \u00f3tica ; habilidade com gest\u00e3o; conhecimento t\u00e9cnico de lentes e arma\u00e7\u00f5es e organiza\u00e7\u00e3o administrativa. Oferecemos: sal\u00e1rio fixo; premia\u00e7\u00e3o\/comiss\u00e3o; vale transporte; plano de sa\u00fade; conv\u00eanio farm\u00e1cia; vale alimenta\u00e7\u00e3o; seguro de vida, incentivos a capacita\u00e7\u00e3o e dayoff. Interessados podem enviar curr\u00edculo com o t\u00edtulo \"Gerente\" para: rh@melani.com.br\n            <\/p>\n<p><strong>Compartilhe:<\/strong><\/p>\n<p>                <img data-recalc-dims=\"1\" loading=\"lazy\" decoding=\"async\" width=\"25\" height=\"25\" src=\"https:\/\/i0.wp.com\/francaclassificados.com\/\/source\/view\/img\/20w50.png?resize=25%2C25&#038;ssl=1\" alt=\"Imagem compartilhar whatsapp\"\/><\/p>\n<p>                <img data-recalc-dims=\"1\" loading=\"lazy\" decoding=\"async\" width=\"25\" height=\"25\" src=\"https:\/\/i0.wp.com\/francaclassificados.com\/\/source\/view\/img\/18w50.png?resize=25%2C25&#038;ssl=1\" alt=\"Imagem compartilhar facebook\"\/><\/p>\n<\/p><\/div>\n<p>    <script async=\"\" src=\"https:\/\/pagead2.googlesyndication.com\/pagead\/js\/adsbygoogle.js?client=ca-pub-2853392113352629\" crossorigin=\"anonymous\"\/>\n    <ins class=\"adsbygoogle\" style=\"display:block\" data-ad-client=\"ca-pub-2853392113352629\" data-ad-slot=\"2925831803\" data-ad-format=\"auto\" data-full-width-responsive=\"true\"\/>\n    <script><![CDATA[\n    (adsbygoogle = window.adsbygoogle || []).push({});\n    ]]><\/script><\/p>\n<div class=\"emp\">\n<p>\n            ATENDENTE E PORTEIRO<br \/>Estamos em busca de uma atendente comercial que vai receber liga\u00e7\u00f5es, passar servi\u00e7os para equipe t\u00e9cnica e atender clientes presencialmente. Desej\u00e1vel experi\u00eancia com vendas ou atendimento (Sal\u00e1rio CLT da categoria + Comiss\u00e3o por todas as vendas). Estamos buscando tamb\u00e9m um porteiro controlador de acesso. Vai trabalhar na guarita controlando a entrada de clientes (Sal\u00e1rio CLT a combinar + V.A). EMPRESAS PR\u00d3XIMAS AO AEROPORTO.<br \/>\n            <br \/>rhdequalidade@gmail.com\n            <\/p>\n<p><strong>Compartilhe:<\/strong><\/p>\n<p>                <img data-recalc-dims=\"1\" loading=\"lazy\" decoding=\"async\" width=\"25\" height=\"25\" src=\"https:\/\/i0.wp.com\/francaclassificados.com\/\/source\/view\/img\/20w50.png?resize=25%2C25&#038;ssl=1\" alt=\"Imagem compartilhar whatsapp\"\/><\/p>\n<p>                <img data-recalc-dims=\"1\" loading=\"lazy\" decoding=\"async\" width=\"25\" height=\"25\" src=\"https:\/\/i0.wp.com\/francaclassificados.com\/\/source\/view\/img\/18w50.png?resize=25%2C25&#038;ssl=1\" alt=\"Imagem compartilhar facebook\"\/><\/p>\n<\/p><\/div>\n<div class=\"emp\">\n<p>\n            VENDEDOR<br \/>Experi\u00eancia m\u00ednima de 1 ano em Vendas Internas\/Comercial, facilidade em Pacote Office, ERP e Excel avan\u00e7ado; possuir Superior em \u00e1reas de Administra\u00e7\u00e3o, Cont\u00e1bil, Marketing ou Gest\u00e3o de Neg\u00f3cios ser\u00e1 um diferencial-Ira realizar atendimento \u00e0 Clientes; Capta\u00e7\u00e3o de novos Clientes; Atua\u00e7\u00e3o em Feiras e Eventos; Necess\u00e1rio comprometimento, persuas\u00e3o; Trabalho de Segunda a sexta: das 07:45h as 18:03h. Mandar curr\u00edculo no e-mail: recrutamento@harus.ind.br . ASSUNTO: VENDEDOR\n            <\/p>\n<p><strong>Compartilhe:<\/strong><\/p>\n<p>                <img data-recalc-dims=\"1\" loading=\"lazy\" decoding=\"async\" width=\"25\" height=\"25\" src=\"https:\/\/i0.wp.com\/francaclassificados.com\/\/source\/view\/img\/20w50.png?resize=25%2C25&#038;ssl=1\" alt=\"Imagem compartilhar whatsapp\"\/><\/p>\n<p>                <img data-recalc-dims=\"1\" loading=\"lazy\" decoding=\"async\" width=\"25\" height=\"25\" src=\"https:\/\/i0.wp.com\/francaclassificados.com\/\/source\/view\/img\/18w50.png?resize=25%2C25&#038;ssl=1\" alt=\"Imagem compartilhar facebook\"\/><\/p>\n<\/p><\/div>\n<p>    <script async=\"\" src=\"https:\/\/pagead2.googlesyndication.com\/pagead\/js\/adsbygoogle.js?client=ca-pub-2853392113352629\" crossorigin=\"anonymous\"\/>\n    <ins class=\"adsbygoogle\" style=\"display:block\" data-ad-client=\"ca-pub-2853392113352629\" data-ad-slot=\"2925831803\" data-ad-format=\"auto\" data-full-width-responsive=\"true\"\/>\n    <script><![CDATA[\n    (adsbygoogle = window.adsbygoogle || []).push({});\n    ]]><\/script><\/p>\n<div class=\"emp\">\n<p>\n            EMPRESA CONFEC\u00c7\u00c3O CONTRATA<br \/>COSTUREIRA DE ROUPA PILOTO, AUXILIAR DE COSTURA PARA CORTAR VI\u00c9S EM M\u00c1QUINA, PCP, ALMOXARIFE, VENDEDORA VAREJO. Enviar curr\u00edculo com o nome da vaga para o email: rhcontrata588@gmail.com\n            <\/p>\n<p><strong>Compartilhe:<\/strong><\/p>\n<p>                <img data-recalc-dims=\"1\" loading=\"lazy\" decoding=\"async\" width=\"25\" height=\"25\" src=\"https:\/\/i0.wp.com\/francaclassificados.com\/\/source\/view\/img\/20w50.png?resize=25%2C25&#038;ssl=1\" alt=\"Imagem compartilhar whatsapp\"\/><\/p>\n<p>                <img data-recalc-dims=\"1\" loading=\"lazy\" decoding=\"async\" width=\"25\" height=\"25\" src=\"https:\/\/i0.wp.com\/francaclassificados.com\/\/source\/view\/img\/18w50.png?resize=25%2C25&#038;ssl=1\" alt=\"Imagem compartilhar facebook\"\/><\/p>\n<\/p><\/div>\n<div class=\"emp\">\n<p>\n            VENDEDOR EXTERNO PAP (PORTA A PORTA)<br \/>Estamos buscando talentos para integrar nossa equipe de vendas externas para expandir ainda mais nossa presen\u00e7a no mercado. Local: Franca-SP Remunera\u00e7\u00e3o: R$1.700,00 Ajuda de Custo: R$500,00 + Comissionamento *OBSERVA\u00c7\u00c3O*: Ter experi\u00eancia na \u00e1rea de vendas ser\u00e1 um diferencial. Encaminhar curr\u00edculo para email: prime.telpap@gmail.com\n            <\/p>\n<p><strong>Compartilhe:<\/strong><\/p>\n<p>                <img data-recalc-dims=\"1\" loading=\"lazy\" decoding=\"async\" width=\"25\" height=\"25\" src=\"https:\/\/i0.wp.com\/francaclassificados.com\/\/source\/view\/img\/20w50.png?resize=25%2C25&#038;ssl=1\" alt=\"Imagem compartilhar whatsapp\"\/><\/p>\n<p>                <img data-recalc-dims=\"1\" loading=\"lazy\" decoding=\"async\" width=\"25\" height=\"25\" src=\"https:\/\/i0.wp.com\/francaclassificados.com\/\/source\/view\/img\/18w50.png?resize=25%2C25&#038;ssl=1\" alt=\"Imagem compartilhar facebook\"\/><\/p>\n<\/p><\/div>\n<p>    <script async=\"\" src=\"https:\/\/pagead2.googlesyndication.com\/pagead\/js\/adsbygoogle.js?client=ca-pub-2853392113352629\" crossorigin=\"anonymous\"\/>\n    <ins class=\"adsbygoogle\" style=\"display:block\" data-ad-client=\"ca-pub-2853392113352629\" data-ad-slot=\"2925831803\" data-ad-format=\"auto\" data-full-width-responsive=\"true\"\/>\n    <script><![CDATA[\n    (adsbygoogle = window.adsbygoogle || []).push({});\n    ]]><\/script><\/p>\n<div class=\"emp\">\n<p>\n            CONTRATA SE REVISORA FINAL COM EXPERI\u00caNCIA, PERFIL COMPROMETIDO E RESPONSAVEL. INTERESSADOS ENVIAR CURRICULO PELO WHASTAPP (16)3721 8372 OU ENTREGAR NO ENDERE\u00c7O RUA HIPOLITO ANTONIO PINHEIRO,3810 - JARDIM INTEGRA\u00c7\u00c3O FRANCA SP\n            <\/p>\n<p><strong>Compartilhe:<\/strong><\/p>\n<p>                <img data-recalc-dims=\"1\" loading=\"lazy\" decoding=\"async\" width=\"25\" height=\"25\" src=\"https:\/\/i0.wp.com\/francaclassificados.com\/\/source\/view\/img\/20w50.png?resize=25%2C25&#038;ssl=1\" alt=\"Imagem compartilhar whatsapp\"\/><\/p>\n<p>                <img data-recalc-dims=\"1\" loading=\"lazy\" decoding=\"async\" width=\"25\" height=\"25\" src=\"https:\/\/i0.wp.com\/francaclassificados.com\/\/source\/view\/img\/18w50.png?resize=25%2C25&#038;ssl=1\" alt=\"Imagem compartilhar facebook\"\/><\/p>\n<\/p><\/div>\n<div class=\"emp\">\n<p>\n            COMERCIAL DE E-COMMERCE<br \/>contrata-se pessoa para comercial de e-commerce. REQUISITOS: Conhecimento comprovado das plataformas Mercado Livre, Shein, shopee. Saber editar imagens no Canva E Photoshop. Habilidade no pacote office. RESPONSABILIDADES: Ser criativo e proativo, criar estampas e fazer an\u00fancios nas plataformas, responder perguntas e atender clientes. Sal\u00e1rio a combinar. Contato somente por WhatsApp 16-988184749\n            <\/p>\n<p><strong>Compartilhe:<\/strong><\/p>\n<p>                <img data-recalc-dims=\"1\" loading=\"lazy\" decoding=\"async\" width=\"25\" height=\"25\" src=\"https:\/\/i0.wp.com\/francaclassificados.com\/\/source\/view\/img\/20w50.png?resize=25%2C25&#038;ssl=1\" alt=\"Imagem compartilhar whatsapp\"\/><\/p>\n<p>                <img data-recalc-dims=\"1\" loading=\"lazy\" decoding=\"async\" width=\"25\" height=\"25\" src=\"https:\/\/i0.wp.com\/francaclassificados.com\/\/source\/view\/img\/18w50.png?resize=25%2C25&#038;ssl=1\" alt=\"Imagem compartilhar facebook\"\/><\/p>\n<\/p><\/div>\n<p>    <script async=\"\" src=\"https:\/\/pagead2.googlesyndication.com\/pagead\/js\/adsbygoogle.js?client=ca-pub-2853392113352629\" crossorigin=\"anonymous\"\/>\n    <ins class=\"adsbygoogle\" style=\"display:block\" data-ad-client=\"ca-pub-2853392113352629\" data-ad-slot=\"2925831803\" data-ad-format=\"auto\" data-full-width-responsive=\"true\"\/>\n    <script><![CDATA[\n    (adsbygoogle = window.adsbygoogle || []).push({});\n    ]]><\/script><\/p>\n<div class=\"emp\">\n<p>\n            MOTORISTA DE CAMINHAO\/ENTREGADOR<br \/>Contrata-se motorista de caminh\u00e3o\/entregador (ir\u00e1 conduzir o veiculo e entregar a mercadoria sem ajudante). Requisitos: Categoria D, ter experi\u00eancia na \u00e1rea de entrega de produtos aliment\u00edcios, com a carteira liberada para inicio imediato, TER DISPONIBILIDADE PARA POUSO. Entregas em Franca, regi\u00e3o e algumas cidades de Minas Gerais. Sal\u00e1rio R$2.198,81 + 236,25 V.A. + di\u00e1rias de acordo com o sindicato. Trabalho de seg a sex. Interessados enviar curr\u00edculo para: rh.contratacao.vendas@gmail.com.\n            <\/p>\n<p><strong>Compartilhe:<\/strong><\/p>\n<p>                <img data-recalc-dims=\"1\" loading=\"lazy\" decoding=\"async\" width=\"25\" height=\"25\" src=\"https:\/\/i0.wp.com\/francaclassificados.com\/\/source\/view\/img\/20w50.png?resize=25%2C25&#038;ssl=1\" alt=\"Imagem compartilhar whatsapp\"\/><\/p>\n<p>                <img data-recalc-dims=\"1\" loading=\"lazy\" decoding=\"async\" width=\"25\" height=\"25\" src=\"https:\/\/i0.wp.com\/francaclassificados.com\/\/source\/view\/img\/18w50.png?resize=25%2C25&#038;ssl=1\" alt=\"Imagem compartilhar facebook\"\/><\/p>\n<\/p><\/div>\n<div class=\"emp\">\n<p>\n            Ind\u00fastria de Cal\u00e7ados admite-se BANCA DE PESPONTO com experiencia, interessados encaminhar CV para o e-mail contratacaodp2023@gmail.com\n            <\/p>\n<p><strong>Compartilhe:<\/strong><\/p>\n<p>                <img data-recalc-dims=\"1\" loading=\"lazy\" decoding=\"async\" width=\"25\" height=\"25\" src=\"https:\/\/i0.wp.com\/francaclassificados.com\/\/source\/view\/img\/20w50.png?resize=25%2C25&#038;ssl=1\" alt=\"Imagem compartilhar whatsapp\"\/><\/p>\n<p>                <img data-recalc-dims=\"1\" loading=\"lazy\" decoding=\"async\" width=\"25\" height=\"25\" src=\"https:\/\/i0.wp.com\/francaclassificados.com\/\/source\/view\/img\/18w50.png?resize=25%2C25&#038;ssl=1\" alt=\"Imagem compartilhar facebook\"\/><\/p>\n<\/p><\/div>\n<p>    <script async=\"\" src=\"https:\/\/pagead2.googlesyndication.com\/pagead\/js\/adsbygoogle.js?client=ca-pub-2853392113352629\" crossorigin=\"anonymous\"\/>\n    <ins class=\"adsbygoogle\" style=\"display:block\" data-ad-client=\"ca-pub-2853392113352629\" data-ad-slot=\"2925831803\" data-ad-format=\"auto\" data-full-width-responsive=\"true\"\/>\n    <script><![CDATA[\n    (adsbygoogle = window.adsbygoogle || []).push({});\n    ]]><\/script><\/p>\n<div class=\"emp\">\n<p>\n            DEPARTAMENTO FISCAL<br \/>Escrit\u00f3rio Contrata para o Depto Fiscal em Franca \u2013 SP, com experi\u00eancia nas rotinas do setor (Escritura\u00e7\u00e3o de NFs, apura\u00e7\u00e3o de impostos de empresas do Lucro Real, Lucro Presumido e Simples Nacional, envio de obriga\u00e7\u00f5es acess\u00f3rias \u2013 EFD ICMS-IPI, EFD Contribui\u00e7\u00f5es, EFD-Reinf, DCTF-Web, Gia, DeSTDA, GissOnline \u2013 e atendimento a clientes). Experi\u00eancia em escrit\u00f3rio cont\u00e1bil ser\u00e1 um diferencial. Sal\u00e1rio + Vale Alimenta\u00e7\u00e3o. Interessados enviar curr\u00edculo para o e-mail: contabilescritorio.dp@gmail.com\n            <\/p>\n<p><strong>Compartilhe:<\/strong><\/p>\n<p>                <img data-recalc-dims=\"1\" loading=\"lazy\" decoding=\"async\" width=\"25\" height=\"25\" src=\"https:\/\/i0.wp.com\/francaclassificados.com\/\/source\/view\/img\/20w50.png?resize=25%2C25&#038;ssl=1\" alt=\"Imagem compartilhar whatsapp\"\/><\/p>\n<p>                <img data-recalc-dims=\"1\" loading=\"lazy\" decoding=\"async\" width=\"25\" height=\"25\" src=\"https:\/\/i0.wp.com\/francaclassificados.com\/\/source\/view\/img\/18w50.png?resize=25%2C25&#038;ssl=1\" alt=\"Imagem compartilhar facebook\"\/><\/p>\n<\/p><\/div>\n<div class=\"emp\">\n<p>\n            VENDEDORA<br \/>Proativa, organizada e comprometida com resultados. Contrato efetivo CLT, SAL\u00c1RIO FIXO + BONIFICA\u00c7\u00c3O. Expediente de segunda a sexta. Requisitos: EXPERI\u00caNCIA COMPROVADA EM VENDAS. Enviar curr\u00edculo com pretens\u00e3o salarial para : admi.frc@gmail.com\n            <\/p>\n<p><strong>Compartilhe:<\/strong><\/p>\n<p>                <img data-recalc-dims=\"1\" loading=\"lazy\" decoding=\"async\" width=\"25\" height=\"25\" src=\"https:\/\/i0.wp.com\/francaclassificados.com\/\/source\/view\/img\/20w50.png?resize=25%2C25&#038;ssl=1\" alt=\"Imagem compartilhar whatsapp\"\/><\/p>\n<p>                <img data-recalc-dims=\"1\" loading=\"lazy\" decoding=\"async\" width=\"25\" height=\"25\" src=\"https:\/\/i0.wp.com\/francaclassificados.com\/\/source\/view\/img\/18w50.png?resize=25%2C25&#038;ssl=1\" alt=\"Imagem compartilhar facebook\"\/><\/p>\n<\/p><\/div>\n<p>    <script async=\"\" src=\"https:\/\/pagead2.googlesyndication.com\/pagead\/js\/adsbygoogle.js?client=ca-pub-2853392113352629\" crossorigin=\"anonymous\"\/>\n    <ins class=\"adsbygoogle\" style=\"display:block\" data-ad-client=\"ca-pub-2853392113352629\" data-ad-slot=\"2925831803\" data-ad-format=\"auto\" data-full-width-responsive=\"true\"\/>\n    <script><![CDATA[\n    (adsbygoogle = window.adsbygoogle || []).push({});\n    ]]><\/script><\/p>\n<div class=\"emp\">\n<p>\n            AUXILIAR DE LIMPEZA FREE LANCE<br \/>Contrata-se auxiliar de limpeza feminina free lance ou intermitente para cobrir folgas e f\u00e9rias . Interessadas enviar curr\u00edculo para imae: solveatendimentosolve@gmail.com ou 16 992500012\n            <\/p>\n<p><strong>Compartilhe:<\/strong><\/p>\n<p>                <img data-recalc-dims=\"1\" loading=\"lazy\" decoding=\"async\" width=\"25\" height=\"25\" src=\"https:\/\/i0.wp.com\/francaclassificados.com\/\/source\/view\/img\/20w50.png?resize=25%2C25&#038;ssl=1\" alt=\"Imagem compartilhar whatsapp\"\/><\/p>\n<p>                <img data-recalc-dims=\"1\" loading=\"lazy\" decoding=\"async\" width=\"25\" height=\"25\" src=\"https:\/\/i0.wp.com\/francaclassificados.com\/\/source\/view\/img\/18w50.png?resize=25%2C25&#038;ssl=1\" alt=\"Imagem compartilhar facebook\"\/><\/p>\n<\/p><\/div>\n<div class=\"emp\">\n<p>\n            ALMOXARIFADO<br \/>Estamos em busca de um profissional respons\u00e1vel, organizado e proativo para apoiar no setor de almoxarifado. Necess\u00e1rio experi\u00eancia em almoxarifado de f\u00e1brica de sapatos ou componentes. Necess\u00e1rio ter o conhecimento em entrada e sa\u00edda de nota fiscal e em movimenta\u00e7\u00e3o de estoque (baixas por plano, ficha corte). Conhecimento em sistema JRTI ser\u00e1 considerado um diferencial. Jd. Paulistano. Enviar curr\u00edculo com o nome da vaga no t\u00edtulo para o E-mail: rh.selecaoemfranca@gmail.com\n            <\/p>\n<p><strong>Compartilhe:<\/strong><\/p>\n<p>                <img data-recalc-dims=\"1\" loading=\"lazy\" decoding=\"async\" width=\"25\" height=\"25\" src=\"https:\/\/i0.wp.com\/francaclassificados.com\/\/source\/view\/img\/20w50.png?resize=25%2C25&#038;ssl=1\" alt=\"Imagem compartilhar whatsapp\"\/><\/p>\n<p>                <img data-recalc-dims=\"1\" loading=\"lazy\" decoding=\"async\" width=\"25\" height=\"25\" src=\"https:\/\/i0.wp.com\/francaclassificados.com\/\/source\/view\/img\/18w50.png?resize=25%2C25&#038;ssl=1\" alt=\"Imagem compartilhar facebook\"\/><\/p>\n<\/p><\/div>\n<p>    <script async=\"\" src=\"https:\/\/pagead2.googlesyndication.com\/pagead\/js\/adsbygoogle.js?client=ca-pub-2853392113352629\" crossorigin=\"anonymous\"\/>\n    <ins class=\"adsbygoogle\" style=\"display:block\" data-ad-client=\"ca-pub-2853392113352629\" data-ad-slot=\"2925831803\" data-ad-format=\"auto\" data-full-width-responsive=\"true\"\/>\n    <script><![CDATA[\n    (adsbygoogle = window.adsbygoogle || []).push({});\n    ]]><\/script><\/p>\n<div class=\"emp\">\n<p>\n            ENGENHEIRO ELETRICISTA<br \/>Contrata-se engenheiro eletricista para empresa Eletrica. O profissional pode ser formado ou estar cursando o 3\u00b0 ano da faculdade. Requisitos: Ter uma boa comunica\u00e7\u00e3o, ter um perfil comercial, ter conhecimentos t\u00e9cnicos em eletrica. Enviar curriculos para: vagasdetrabalhofranca@gmail.com\n            <\/p>\n<p><strong>Compartilhe:<\/strong><\/p>\n<p>                <img data-recalc-dims=\"1\" loading=\"lazy\" decoding=\"async\" width=\"25\" height=\"25\" src=\"https:\/\/i0.wp.com\/francaclassificados.com\/\/source\/view\/img\/20w50.png?resize=25%2C25&#038;ssl=1\" alt=\"Imagem compartilhar whatsapp\"\/><\/p>\n<p>                <img data-recalc-dims=\"1\" loading=\"lazy\" decoding=\"async\" width=\"25\" height=\"25\" src=\"https:\/\/i0.wp.com\/francaclassificados.com\/\/source\/view\/img\/18w50.png?resize=25%2C25&#038;ssl=1\" alt=\"Imagem compartilhar facebook\"\/><\/p>\n<\/p><\/div>\n<div class=\"emp\">\n<p>\n            EST\u00c1GIO ADMINISTRATIVO<br \/>Oportunidade para est\u00e1gio remunerado, empresa do ramo de constru\u00e7\u00e3o. Ser\u00e1 respons\u00e1vel por: cota\u00e7\u00e3o e compra de materiais, comunica\u00e7\u00e3o e acompanhamento dos prestadores das obras, abastecimento e atualiza\u00e7\u00e3o de planilhas e do sistema. Necess\u00e1rio estar cursando arquitetura ou administra\u00e7\u00e3o. Interessados, entre em contato conosco atrav\u00e9s do nosso WhatsApp: 16 99646-7653\n            <\/p>\n<p><strong>Compartilhe:<\/strong><\/p>\n<p>                <img data-recalc-dims=\"1\" loading=\"lazy\" decoding=\"async\" width=\"25\" height=\"25\" src=\"https:\/\/i0.wp.com\/francaclassificados.com\/\/source\/view\/img\/20w50.png?resize=25%2C25&#038;ssl=1\" alt=\"Imagem compartilhar whatsapp\"\/><\/p>\n<p>                <img data-recalc-dims=\"1\" loading=\"lazy\" decoding=\"async\" width=\"25\" height=\"25\" src=\"https:\/\/i0.wp.com\/francaclassificados.com\/\/source\/view\/img\/18w50.png?resize=25%2C25&#038;ssl=1\" alt=\"Imagem compartilhar facebook\"\/><\/p>\n<\/p><\/div>\n<p>    <script async=\"\" src=\"https:\/\/pagead2.googlesyndication.com\/pagead\/js\/adsbygoogle.js?client=ca-pub-2853392113352629\" crossorigin=\"anonymous\"\/>\n    <ins class=\"adsbygoogle\" style=\"display:block\" data-ad-client=\"ca-pub-2853392113352629\" data-ad-slot=\"2925831803\" data-ad-format=\"auto\" data-full-width-responsive=\"true\"\/>\n    <script><![CDATA[\n    (adsbygoogle = window.adsbygoogle || []).push({});\n    ]]><\/script><\/p>\n<div class=\"emp\">\n<p>\n            VENDAS \/ TELEMARKTING<br \/>CRIT\u00c9RIOS: Ensino m\u00e9dio completo; Experi\u00eancia em atendimento, vendas e telemarketing; Disponibilidade presencial de segunda \u00e0 sexta na cidade de Franca. CARACTER\u00cdSTICAS INDISPENS\u00c1VEIS: Organiza\u00e7\u00e3o; Boa Comunica\u00e7\u00e3o; Proatividade; Compromisso. Enviar curriculo para: rh.tchwmshoes@gmail.com Assunto: VENDAS\n            <\/p>\n<p><strong>Compartilhe:<\/strong><\/p>\n<p>                <img data-recalc-dims=\"1\" loading=\"lazy\" decoding=\"async\" width=\"25\" height=\"25\" src=\"https:\/\/i0.wp.com\/francaclassificados.com\/\/source\/view\/img\/20w50.png?resize=25%2C25&#038;ssl=1\" alt=\"Imagem compartilhar whatsapp\"\/><\/p>\n<p>                <img data-recalc-dims=\"1\" loading=\"lazy\" decoding=\"async\" width=\"25\" height=\"25\" src=\"https:\/\/i0.wp.com\/francaclassificados.com\/\/source\/view\/img\/18w50.png?resize=25%2C25&#038;ssl=1\" alt=\"Imagem compartilhar facebook\"\/><\/p>\n<\/p><\/div>\n<div class=\"emp\">\n<p>\n            T\u00c9CNICO DE SEGURAN\u00c7A DO TRABALHO<br \/>Atribui\u00e7\u00f5es: Identifica\u00e7\u00e3o de riscos e perigos, Desenvolver planos de a\u00e7\u00e3o, Treinamento e conscientiza\u00e7\u00e3o: desenvolver e implementar programas de treinamento, Investiga\u00e7\u00e3o de incidentes, Cumprimento de normas e regulamentos, Manuten\u00e7\u00e3o de registros: manter registros e relat\u00f3rios de todas as atividades relacionadas \u00e0 seguran\u00e7a e sa\u00fade dos trabalhadores. Interessados encaminhar o curr\u00edculo para recrutamento@rizatti.com.br ou WhatsApp 16 99195-7140\n            <\/p>\n<p><strong>Compartilhe:<\/strong><\/p>\n<p>                <img data-recalc-dims=\"1\" loading=\"lazy\" decoding=\"async\" width=\"25\" height=\"25\" src=\"https:\/\/i0.wp.com\/francaclassificados.com\/\/source\/view\/img\/20w50.png?resize=25%2C25&#038;ssl=1\" alt=\"Imagem compartilhar whatsapp\"\/><\/p>\n<p>                <img data-recalc-dims=\"1\" loading=\"lazy\" decoding=\"async\" width=\"25\" height=\"25\" src=\"https:\/\/i0.wp.com\/francaclassificados.com\/\/source\/view\/img\/18w50.png?resize=25%2C25&#038;ssl=1\" alt=\"Imagem compartilhar facebook\"\/><\/p>\n<\/p><\/div>\n<p>    <script async=\"\" src=\"https:\/\/pagead2.googlesyndication.com\/pagead\/js\/adsbygoogle.js?client=ca-pub-2853392113352629\" crossorigin=\"anonymous\"\/>\n    <ins class=\"adsbygoogle\" style=\"display:block\" data-ad-client=\"ca-pub-2853392113352629\" data-ad-slot=\"2925831803\" data-ad-format=\"auto\" data-full-width-responsive=\"true\"\/>\n    <script><![CDATA[\n    (adsbygoogle = window.adsbygoogle || []).push({});\n    ]]><\/script><\/p>\n<div class=\"emp\">\n<p>\n            VENDEDOR(A)<br \/>PRECISA SE DE VENDEDORA OU VENDEDOR EM LOJA DE EMBALAGENS, COM OU SEM EXPERIENCIA<br \/>delania.c.j@gmail.com\n            <\/p>\n<p><strong>Compartilhe:<\/strong><\/p>\n<p>                <img data-recalc-dims=\"1\" loading=\"lazy\" decoding=\"async\" width=\"25\" height=\"25\" src=\"https:\/\/i0.wp.com\/francaclassificados.com\/\/source\/view\/img\/20w50.png?resize=25%2C25&#038;ssl=1\" alt=\"Imagem compartilhar whatsapp\"\/><\/p>\n<p>                <img data-recalc-dims=\"1\" loading=\"lazy\" decoding=\"async\" width=\"25\" height=\"25\" src=\"https:\/\/i0.wp.com\/francaclassificados.com\/\/source\/view\/img\/18w50.png?resize=25%2C25&#038;ssl=1\" alt=\"Imagem compartilhar facebook\"\/><\/p>\n<\/p><\/div>\n<div class=\"emp\">\n<p>\n            CONSULTORA OTICA<br \/>Oportunidade para Consultora \u00d3ptica. Estamos procurando profissionais com experi\u00eancia em \u00f3tica; habilidades com atendimento ao p\u00fablico e organiza\u00e7\u00e3o pessoal. Oferecemos: sal\u00e1rio fixo; comiss\u00e3o; premia\u00e7\u00e3o; vale transporte; plano de sa\u00fade; conv\u00eanio farm\u00e1cia; vale alimenta\u00e7\u00e3o; seguro de vida e dayoff. Venha fazer parte das \u00d3ticas Melani, a rede \u00f3tica mais tradicional da cidade! Interessados podem enviar curr\u00edculo com o t\u00edtulo \"Consultor \u00d3ptico\" para: rh@melani.com.br\n            <\/p>\n<p><strong>Compartilhe:<\/strong><\/p>\n<p>                <img data-recalc-dims=\"1\" loading=\"lazy\" decoding=\"async\" width=\"25\" height=\"25\" src=\"https:\/\/i0.wp.com\/francaclassificados.com\/\/source\/view\/img\/20w50.png?resize=25%2C25&#038;ssl=1\" alt=\"Imagem compartilhar whatsapp\"\/><\/p>\n<p>                <img data-recalc-dims=\"1\" loading=\"lazy\" decoding=\"async\" width=\"25\" height=\"25\" src=\"https:\/\/i0.wp.com\/francaclassificados.com\/\/source\/view\/img\/18w50.png?resize=25%2C25&#038;ssl=1\" alt=\"Imagem compartilhar facebook\"\/><\/p>\n<\/p><\/div>\n<p>    <script async=\"\" src=\"https:\/\/pagead2.googlesyndication.com\/pagead\/js\/adsbygoogle.js?client=ca-pub-2853392113352629\" crossorigin=\"anonymous\"\/>\n    <ins class=\"adsbygoogle\" style=\"display:block\" data-ad-client=\"ca-pub-2853392113352629\" data-ad-slot=\"2925831803\" data-ad-format=\"auto\" data-full-width-responsive=\"true\"\/>\n    <script><![CDATA[\n    (adsbygoogle = window.adsbygoogle || []).push({});\n    ]]><\/script><\/p>\n<div class=\"emp\">\n<p>\n            SUPERMERCADO CONTRATA<br \/>Contrata-se A\u00e7ougueiro, Repositor, Motorista e Balconista *Disponibilidade de hor\u00e1rio * BENEF\u00cdCIOS: *Assist\u00eancia m\u00e9dica *Beneficio por assiduidade *Seguro de vida *Vale-transporte *Conv\u00eanio odontol\u00f3gico Interessados enviar curr\u00edculo para: recrutamento_processos@hotmail.com OBS: Favor colocar a vaga desejada no assunto do e-mail.\n            <\/p>\n<p><strong>Compartilhe:<\/strong><\/p>\n<p>                <img data-recalc-dims=\"1\" loading=\"lazy\" decoding=\"async\" width=\"25\" height=\"25\" src=\"https:\/\/i0.wp.com\/francaclassificados.com\/\/source\/view\/img\/20w50.png?resize=25%2C25&#038;ssl=1\" alt=\"Imagem compartilhar whatsapp\"\/><\/p>\n<p>                <img data-recalc-dims=\"1\" loading=\"lazy\" decoding=\"async\" width=\"25\" height=\"25\" src=\"https:\/\/i0.wp.com\/francaclassificados.com\/\/source\/view\/img\/18w50.png?resize=25%2C25&#038;ssl=1\" alt=\"Imagem compartilhar facebook\"\/><\/p>\n<\/p><\/div>\n<div class=\"emp\">\n<p>\n            AUXILIAR DE ECOMERCE<br \/>Precisamos de auxiliar de ecomerce com experi\u00eancia em embalagem e separa\u00e7\u00e3o de produtos WhatsApp 16993121442\n            <\/p>\n<p><strong>Compartilhe:<\/strong><\/p>\n<p>                <img data-recalc-dims=\"1\" loading=\"lazy\" decoding=\"async\" width=\"25\" height=\"25\" src=\"https:\/\/i0.wp.com\/francaclassificados.com\/\/source\/view\/img\/20w50.png?resize=25%2C25&#038;ssl=1\" alt=\"Imagem compartilhar whatsapp\"\/><\/p>\n<p>                <img data-recalc-dims=\"1\" loading=\"lazy\" decoding=\"async\" width=\"25\" height=\"25\" src=\"https:\/\/i0.wp.com\/francaclassificados.com\/\/source\/view\/img\/18w50.png?resize=25%2C25&#038;ssl=1\" alt=\"Imagem compartilhar facebook\"\/><\/p>\n<\/p><\/div>\n<p>    <script async=\"\" src=\"https:\/\/pagead2.googlesyndication.com\/pagead\/js\/adsbygoogle.js?client=ca-pub-2853392113352629\" crossorigin=\"anonymous\"\/>\n    <ins class=\"adsbygoogle\" style=\"display:block\" data-ad-client=\"ca-pub-2853392113352629\" data-ad-slot=\"2925831803\" data-ad-format=\"auto\" data-full-width-responsive=\"true\"\/>\n    <script><![CDATA[\n    (adsbygoogle = window.adsbygoogle || []).push({});\n    ]]><\/script><\/p>\n<div class=\"emp\">\n<p>\n            INDUSTRIA DE BORRACHA CONTRATA PARA INICIO IMEDIATO: AUXILIAR DE PRODU\u00c7AO, OPERADOR EMPILHADEIRA, OPERADOR DE MAQUINA E BAMBURISTA INTERESSADO ENVIAR CURR\u00cdCULOS WHATSAPP 16-99287-5362\n            <\/p>\n<p><strong>Compartilhe:<\/strong><\/p>\n<p>                <img data-recalc-dims=\"1\" loading=\"lazy\" decoding=\"async\" width=\"25\" height=\"25\" src=\"https:\/\/i0.wp.com\/francaclassificados.com\/\/source\/view\/img\/20w50.png?resize=25%2C25&#038;ssl=1\" alt=\"Imagem compartilhar whatsapp\"\/><\/p>\n<p>                <img data-recalc-dims=\"1\" loading=\"lazy\" decoding=\"async\" width=\"25\" height=\"25\" src=\"https:\/\/i0.wp.com\/francaclassificados.com\/\/source\/view\/img\/18w50.png?resize=25%2C25&#038;ssl=1\" alt=\"Imagem compartilhar facebook\"\/><\/p>\n<\/p><\/div>\n<div class=\"emp\">\n<p>\n            VENDEDORA<br \/>Venha fazer parte da nossa equipe. Contrata-se vendedora com experi\u00eancia em vendas e operadora de caixa, na \u00e1rea da beleza,maquiagem cabelos,designer de sobrancelha e que seja extremamente comunicativa,respons\u00e1vel que goste de metas e desafios !! Curr\u00edculo s\u00f3 pessoalmente na rua do com\u00e9rcio 1855 procurar somente por Janice\n            <\/p>\n<p><strong>Compartilhe:<\/strong><\/p>\n<p>                <img data-recalc-dims=\"1\" loading=\"lazy\" decoding=\"async\" width=\"25\" height=\"25\" src=\"https:\/\/i0.wp.com\/francaclassificados.com\/\/source\/view\/img\/20w50.png?resize=25%2C25&#038;ssl=1\" alt=\"Imagem compartilhar whatsapp\"\/><\/p>\n<p>                <img data-recalc-dims=\"1\" loading=\"lazy\" decoding=\"async\" width=\"25\" height=\"25\" src=\"https:\/\/i0.wp.com\/francaclassificados.com\/\/source\/view\/img\/18w50.png?resize=25%2C25&#038;ssl=1\" alt=\"Imagem compartilhar facebook\"\/><\/p>\n<\/p><\/div>\n<p>    <script async=\"\" src=\"https:\/\/pagead2.googlesyndication.com\/pagead\/js\/adsbygoogle.js?client=ca-pub-2853392113352629\" crossorigin=\"anonymous\"\/>\n    <ins class=\"adsbygoogle\" style=\"display:block\" data-ad-client=\"ca-pub-2853392113352629\" data-ad-slot=\"2925831803\" data-ad-format=\"auto\" data-full-width-responsive=\"true\"\/>\n    <script><![CDATA[\n    (adsbygoogle = window.adsbygoogle || []).push({});\n    ]]><\/script><\/p>\n<div class=\"emp\">\n<p>\n            JOVEM APRENDIZ (18 A 21 ANOS)<br \/>N\u00e3o precisa ter experi\u00eancia Permanece na sa\u00edda da m\u00e1quina, retirando as peles que passam por ela e as coloca nos cavaletes, mesas, e ao completar a partida levam os cavaletes para os setores pr\u00e9-determinados. Enviar curr\u00edculos no e-mail: selecao@cdtorre.com.br\n            <\/p>\n<p><strong>Compartilhe:<\/strong><\/p>\n<p>                <img data-recalc-dims=\"1\" loading=\"lazy\" decoding=\"async\" width=\"25\" height=\"25\" src=\"https:\/\/i0.wp.com\/francaclassificados.com\/\/source\/view\/img\/20w50.png?resize=25%2C25&#038;ssl=1\" alt=\"Imagem compartilhar whatsapp\"\/><\/p>\n<p>                <img data-recalc-dims=\"1\" loading=\"lazy\" decoding=\"async\" width=\"25\" height=\"25\" src=\"https:\/\/i0.wp.com\/francaclassificados.com\/\/source\/view\/img\/18w50.png?resize=25%2C25&#038;ssl=1\" alt=\"Imagem compartilhar facebook\"\/><\/p>\n<\/p><\/div>\n<div class=\"emp\">\n<p>\n            Vendedor(a) <br \/>Para cl\u00ednica de est\u00e9tica, ser\u00e1 respons\u00e1vel pelo atendimento e vendas de pacotes e procedimentos est\u00e9ticos. Requisitos: boa comunica\u00e7\u00e3o, dedica\u00e7\u00e3o e habilidade em vendas Sal\u00e1rio fixo+comiss\u00e3o. Interessados enviar curriculo com o nome da vaga VENDAS ESTETICA para:contrata.contratafranca@outlook.com\n            <\/p>\n<p><strong>Compartilhe:<\/strong><\/p>\n<p>                <img data-recalc-dims=\"1\" loading=\"lazy\" decoding=\"async\" width=\"25\" height=\"25\" src=\"https:\/\/i0.wp.com\/francaclassificados.com\/\/source\/view\/img\/20w50.png?resize=25%2C25&#038;ssl=1\" alt=\"Imagem compartilhar whatsapp\"\/><\/p>\n<p>                <img data-recalc-dims=\"1\" loading=\"lazy\" decoding=\"async\" width=\"25\" height=\"25\" src=\"https:\/\/i0.wp.com\/francaclassificados.com\/\/source\/view\/img\/18w50.png?resize=25%2C25&#038;ssl=1\" alt=\"Imagem compartilhar facebook\"\/><\/p>\n<\/p><\/div>\n<p>    <script async=\"\" src=\"https:\/\/pagead2.googlesyndication.com\/pagead\/js\/adsbygoogle.js?client=ca-pub-2853392113352629\" crossorigin=\"anonymous\"\/>\n    <ins class=\"adsbygoogle\" style=\"display:block\" data-ad-client=\"ca-pub-2853392113352629\" data-ad-slot=\"2925831803\" data-ad-format=\"auto\" data-full-width-responsive=\"true\"\/>\n    <script><![CDATA[\n    (adsbygoogle = window.adsbygoogle || []).push({});\n    ]]><\/script><\/p>\n<div class=\"emp\">\n<p>\n            Contrata-se banca de costura com experiencia em roupas fitness (muito bem remunerado).Interessados enviar curriculo para curriculovagasf1@gmail.com\n            <\/p>\n<p><strong>Compartilhe:<\/strong><\/p>\n<p>                <img data-recalc-dims=\"1\" loading=\"lazy\" decoding=\"async\" width=\"25\" height=\"25\" src=\"https:\/\/i0.wp.com\/francaclassificados.com\/\/source\/view\/img\/20w50.png?resize=25%2C25&#038;ssl=1\" alt=\"Imagem compartilhar whatsapp\"\/><\/p>\n<p>                <img data-recalc-dims=\"1\" loading=\"lazy\" decoding=\"async\" width=\"25\" height=\"25\" src=\"https:\/\/i0.wp.com\/francaclassificados.com\/\/source\/view\/img\/18w50.png?resize=25%2C25&#038;ssl=1\" alt=\"Imagem compartilhar facebook\"\/><\/p>\n<\/p><\/div>\n<div class=\"emp\">\n<p>\n            ATENDENTE LOJA CONVENI\u00caNCIA<br \/>Contrata atendente para loja de conveni\u00eancia com disponibilidade de hor\u00e1rios aos finais de semana e feriados. Atividades: atendimento ao p\u00fablico, limpeza do ambiente, caixa. Requisitos: Pessoa respons\u00e1vel, com boa comunica\u00e7\u00e3o e ser pro-ativo.<br \/>Remunera\u00e7\u00e3o: sal\u00e1rio + Benef\u00edcios<br \/>Interessados enviar curr\u00edculo para:<br \/>contratavagasposto@hotmail.com\n            <\/p>\n<p><strong>Compartilhe:<\/strong><\/p>\n<p>                <img data-recalc-dims=\"1\" loading=\"lazy\" decoding=\"async\" width=\"25\" height=\"25\" src=\"https:\/\/i0.wp.com\/francaclassificados.com\/\/source\/view\/img\/20w50.png?resize=25%2C25&#038;ssl=1\" alt=\"Imagem compartilhar whatsapp\"\/><\/p>\n<p>                <img data-recalc-dims=\"1\" loading=\"lazy\" decoding=\"async\" width=\"25\" height=\"25\" src=\"https:\/\/i0.wp.com\/francaclassificados.com\/\/source\/view\/img\/18w50.png?resize=25%2C25&#038;ssl=1\" alt=\"Imagem compartilhar facebook\"\/><\/p>\n<\/p><\/div>\n<p>    <script async=\"\" src=\"https:\/\/pagead2.googlesyndication.com\/pagead\/js\/adsbygoogle.js?client=ca-pub-2853392113352629\" crossorigin=\"anonymous\"\/>\n    <ins class=\"adsbygoogle\" style=\"display:block\" data-ad-client=\"ca-pub-2853392113352629\" data-ad-slot=\"2925831803\" data-ad-format=\"auto\" data-full-width-responsive=\"true\"\/>\n    <script><![CDATA[\n    (adsbygoogle = window.adsbygoogle || []).push({});\n    ]]><\/script><\/p>\n<div class=\"emp\">\n<p>\n            VAGAS P\/ ESTOQUE E E-COMMERCE<br \/>1-Aux.Estoque: armazenar\/organizar produtos, separar\/receber entregas, realizar confer\u00eancia, atualizar invent\u00e1rio, controlar entrada\/sa\u00edda de produtos. Necess\u00e1rio ensino m\u00e9dio completo e no\u00e7\u00f5es de inform\u00e1tica. 2- Aux. E-commerce : cadastrar produto\/descri\u00e7\u00f5es, corrigir informa\u00e7\u00f5es t\u00e9cnicas, imagens, fazer integra\u00e7\u00e3o com marketplaces, auxiliar nas vendas. Curriculos para: imxcurriculos@gmail.com com vaga pretendida no assunto\n            <\/p>\n<p><strong>Compartilhe:<\/strong><\/p>\n<p>                <img data-recalc-dims=\"1\" loading=\"lazy\" decoding=\"async\" width=\"25\" height=\"25\" src=\"https:\/\/i0.wp.com\/francaclassificados.com\/\/source\/view\/img\/20w50.png?resize=25%2C25&#038;ssl=1\" alt=\"Imagem compartilhar whatsapp\"\/><\/p>\n<p>                <img data-recalc-dims=\"1\" loading=\"lazy\" decoding=\"async\" width=\"25\" height=\"25\" src=\"https:\/\/i0.wp.com\/francaclassificados.com\/\/source\/view\/img\/18w50.png?resize=25%2C25&#038;ssl=1\" alt=\"Imagem compartilhar facebook\"\/><\/p>\n<\/p><\/div>\n<div class=\"emp\">\n<p>\n            Estamos contratando para a vaga de vendedora. Requisitos: Flexibilidade de hor\u00e1rio; Boa comunica\u00e7\u00e3o, Interesse por moda; Pro-atividade; Gosto por vendas; Ambi\u00e7\u00e3o; Anseio de crescimento . Loja JOVANA AV BRASIL, hor\u00e1rio das 8:30 as 18 hr de seg a sex e das 8:30 as 17 hr aos s\u00e1bados. Sal\u00e1rio fixo + premia\u00e7\u00f5es, registro em carteira. Interessadas enviar curr\u00edculo para o whatsapp (16) 3723-5734 e email rhgrupotresoldi@gmail.com\n            <\/p>\n<p><strong>Compartilhe:<\/strong><\/p>\n<p>                <img data-recalc-dims=\"1\" loading=\"lazy\" decoding=\"async\" width=\"25\" height=\"25\" src=\"https:\/\/i0.wp.com\/francaclassificados.com\/\/source\/view\/img\/20w50.png?resize=25%2C25&#038;ssl=1\" alt=\"Imagem compartilhar whatsapp\"\/><\/p>\n<p>                <img data-recalc-dims=\"1\" loading=\"lazy\" decoding=\"async\" width=\"25\" height=\"25\" src=\"https:\/\/i0.wp.com\/francaclassificados.com\/\/source\/view\/img\/18w50.png?resize=25%2C25&#038;ssl=1\" alt=\"Imagem compartilhar facebook\"\/><\/p>\n<\/p><\/div>\n<p>    <script async=\"\" src=\"https:\/\/pagead2.googlesyndication.com\/pagead\/js\/adsbygoogle.js?client=ca-pub-2853392113352629\" crossorigin=\"anonymous\"\/>\n    <ins class=\"adsbygoogle\" style=\"display:block\" data-ad-client=\"ca-pub-2853392113352629\" data-ad-slot=\"2925831803\" data-ad-format=\"auto\" data-full-width-responsive=\"true\"\/>\n    <script><![CDATA[\n    (adsbygoogle = window.adsbygoogle || []).push({});\n    ]]><\/script><\/p>\n<div class=\"emp\">\n<p>\n            SUPORTE, CONSULTORIA E PROGRAMA\u00c7\u00c3O PHP<br \/>Estamos contratando para Suporte Operacional e Consultoria de Neg\u00f3cios. Responsabilidades incluem gest\u00e3o de planilhas, relat\u00f3rios e controle de documentos. Oferecemos est\u00e1gio remunerado e vagas CLT com sal\u00e1rio fixo, Vale Refei\u00e7\u00e3o e Vale Transporte. Para estagi\u00e1rios em Programa\u00e7\u00e3o PHP, JavaScript e Python, oferecemos remunera\u00e7\u00e3o, vale-transporte e hor\u00e1rio flex\u00edvel. Envie seu curr\u00edculo para: mecontrata@audtax.com.br.\n            <\/p>\n<p><strong>Compartilhe:<\/strong><\/p>\n<p>                <img data-recalc-dims=\"1\" loading=\"lazy\" decoding=\"async\" width=\"25\" height=\"25\" src=\"https:\/\/i0.wp.com\/francaclassificados.com\/\/source\/view\/img\/20w50.png?resize=25%2C25&#038;ssl=1\" alt=\"Imagem compartilhar whatsapp\"\/><\/p>\n<p>                <img data-recalc-dims=\"1\" loading=\"lazy\" decoding=\"async\" width=\"25\" height=\"25\" src=\"https:\/\/i0.wp.com\/francaclassificados.com\/\/source\/view\/img\/18w50.png?resize=25%2C25&#038;ssl=1\" alt=\"Imagem compartilhar facebook\"\/><\/p>\n<\/p><\/div>\n<div class=\"emp\">\n<p>\n            Estamos contratando pessoas para ensaio fotogr\u00e1fico para atuar como modelo, do sexo feminino Plus Size manequim 46 ao 50. A forma de pagamento ser\u00e1 por sess\u00e3o individual, pr\u00e9 requisitos ter entre 18 a 40 anos .Interessadas enviar 1 foto de rosto e 2 de corpo inteiro para o numero : (16) 98101-8991. N\u00e3o \u00e9 necess\u00e1rio ter experi\u00eancia\n            <\/p>\n<p><strong>Compartilhe:<\/strong><\/p>\n<p>                <img data-recalc-dims=\"1\" loading=\"lazy\" decoding=\"async\" width=\"25\" height=\"25\" src=\"https:\/\/i0.wp.com\/francaclassificados.com\/\/source\/view\/img\/20w50.png?resize=25%2C25&#038;ssl=1\" alt=\"Imagem compartilhar whatsapp\"\/><\/p>\n<p>                <img data-recalc-dims=\"1\" loading=\"lazy\" decoding=\"async\" width=\"25\" height=\"25\" src=\"https:\/\/i0.wp.com\/francaclassificados.com\/\/source\/view\/img\/18w50.png?resize=25%2C25&#038;ssl=1\" alt=\"Imagem compartilhar facebook\"\/><\/p>\n<\/p><\/div>\n<p>    <script async=\"\" src=\"https:\/\/pagead2.googlesyndication.com\/pagead\/js\/adsbygoogle.js?client=ca-pub-2853392113352629\" crossorigin=\"anonymous\"\/>\n    <ins class=\"adsbygoogle\" style=\"display:block\" data-ad-client=\"ca-pub-2853392113352629\" data-ad-slot=\"2925831803\" data-ad-format=\"auto\" data-full-width-responsive=\"true\"\/>\n    <script><![CDATA[\n    (adsbygoogle = window.adsbygoogle || []).push({});\n    ]]><\/script><\/p>\n<div class=\"emp\">\n<p>\n            PROFESSORA EDUCA\u00c7\u00c3O FISICA<br \/>Contrata-se professor(a) de Educa\u00e7\u00e3o f\u00edsica . Interessados enviar curr\u00edculo para: curriculovagasf1@gmail.com\n            <\/p>\n<p><strong>Compartilhe:<\/strong><\/p>\n<p>                <img data-recalc-dims=\"1\" loading=\"lazy\" decoding=\"async\" width=\"25\" height=\"25\" src=\"https:\/\/i0.wp.com\/francaclassificados.com\/\/source\/view\/img\/20w50.png?resize=25%2C25&#038;ssl=1\" alt=\"Imagem compartilhar whatsapp\"\/><\/p>\n<p>                <img data-recalc-dims=\"1\" loading=\"lazy\" decoding=\"async\" width=\"25\" height=\"25\" src=\"https:\/\/i0.wp.com\/francaclassificados.com\/\/source\/view\/img\/18w50.png?resize=25%2C25&#038;ssl=1\" alt=\"Imagem compartilhar facebook\"\/><\/p>\n<\/p><\/div>\n<div class=\"emp\">\n<p>\n            RECEPCIONISTA<br \/>CONTRATA-SE RECEPCIONISTA PARA INICIO IMEDIATO, SAL\u00c1RIO R$ 1.941,41 + PR\u00caMIO VARI\u00c1VEL, EXPEDIENTE DE SEGUNDA A SEXTA. INTERESSADOS MANDAR CURR\u00cdCULO COM O ASSUNTO RECEPCIONISTA NO E-MAIL : curriculosfrancasn@hotmail.com\n            <\/p>\n<p><strong>Compartilhe:<\/strong><\/p>\n<p>                <img data-recalc-dims=\"1\" loading=\"lazy\" decoding=\"async\" width=\"25\" height=\"25\" src=\"https:\/\/i0.wp.com\/francaclassificados.com\/\/source\/view\/img\/20w50.png?resize=25%2C25&#038;ssl=1\" alt=\"Imagem compartilhar whatsapp\"\/><\/p>\n<p>                <img data-recalc-dims=\"1\" loading=\"lazy\" decoding=\"async\" width=\"25\" height=\"25\" src=\"https:\/\/i0.wp.com\/francaclassificados.com\/\/source\/view\/img\/18w50.png?resize=25%2C25&#038;ssl=1\" alt=\"Imagem compartilhar facebook\"\/><\/p>\n<\/p><\/div>\n<p>    <script async=\"\" src=\"https:\/\/pagead2.googlesyndication.com\/pagead\/js\/adsbygoogle.js?client=ca-pub-2853392113352629\" crossorigin=\"anonymous\"\/>\n    <ins class=\"adsbygoogle\" style=\"display:block\" data-ad-client=\"ca-pub-2853392113352629\" data-ad-slot=\"2925831803\" data-ad-format=\"auto\" data-full-width-responsive=\"true\"\/>\n    <script><![CDATA[\n    (adsbygoogle = window.adsbygoogle || []).push({});\n    ]]><\/script><\/p>\n<div class=\"emp\">\n<p>\n            IND\u00daSTRIA DE CAL\u00c7ADOS CONTRATA PARA IN\u00cdCIO IMEDIATO, OPERADOR DE INJETORA . ENVIAR CURRICULO PARA: selecaocalcadosfranca@gmail.com\n            <\/p>\n<p><strong>Compartilhe:<\/strong><\/p>\n<p>                <img data-recalc-dims=\"1\" loading=\"lazy\" decoding=\"async\" width=\"25\" height=\"25\" src=\"https:\/\/i0.wp.com\/francaclassificados.com\/\/source\/view\/img\/20w50.png?resize=25%2C25&#038;ssl=1\" alt=\"Imagem compartilhar whatsapp\"\/><\/p>\n<p>                <img data-recalc-dims=\"1\" loading=\"lazy\" decoding=\"async\" width=\"25\" height=\"25\" src=\"https:\/\/i0.wp.com\/francaclassificados.com\/\/source\/view\/img\/18w50.png?resize=25%2C25&#038;ssl=1\" alt=\"Imagem compartilhar facebook\"\/><\/p>\n<\/p><\/div>\n<div class=\"emp\">\n<p>\n            OPERADOR CNC<br \/>Para programar e operar a m\u00e1quina. Pessoa proativa, atenciosa com numeros e medidas, pontual e comprometida. Salario compat\u00edvel com mercado. Horario: 07:20h as 17:20h de 2\u00ba a 5\u00ba feira* Horario 07:20h as 16:20h 6\u00ba feira Para inicio imediato, interessados enviar curr\u00edculo para cv@corsconsult.com.br com Assunto: Torno CNC\n            <\/p>\n<p><strong>Compartilhe:<\/strong><\/p>\n<p>                <img data-recalc-dims=\"1\" loading=\"lazy\" decoding=\"async\" width=\"25\" height=\"25\" src=\"https:\/\/i0.wp.com\/francaclassificados.com\/\/source\/view\/img\/20w50.png?resize=25%2C25&#038;ssl=1\" alt=\"Imagem compartilhar whatsapp\"\/><\/p>\n<p>                <img data-recalc-dims=\"1\" loading=\"lazy\" decoding=\"async\" width=\"25\" height=\"25\" src=\"https:\/\/i0.wp.com\/francaclassificados.com\/\/source\/view\/img\/18w50.png?resize=25%2C25&#038;ssl=1\" alt=\"Imagem compartilhar facebook\"\/><\/p>\n<\/p><\/div>\n<p>    <script async=\"\" src=\"https:\/\/pagead2.googlesyndication.com\/pagead\/js\/adsbygoogle.js?client=ca-pub-2853392113352629\" crossorigin=\"anonymous\"\/>\n    <ins class=\"adsbygoogle\" style=\"display:block\" data-ad-client=\"ca-pub-2853392113352629\" data-ad-slot=\"2925831803\" data-ad-format=\"auto\" data-full-width-responsive=\"true\"\/>\n    <script><![CDATA[\n    (adsbygoogle = window.adsbygoogle || []).push({});\n    ]]><\/script><\/p>\n<div class=\"emp\">\n<p>\n            AUXILIAR DE VENDAS E-COMMERCE FEMININO<br \/>Loja Feminina Contrata: Auxiliar de Vendas (Ecommerce) com Experi\u00eancia \u2022 Sal\u00e1rio Inicial R$1.500 \u2022 Hor\u00e1rio: SEG - SEX: 8:00-12:00 | 13:00-17:00 | SAB: 8:00 - 12:00 (44h\/semanais) Disponibilidade Imediata presencial. Prefer\u00eancia por perfil feminino: Interessadas enviar curr\u00edculo para e-mail: curriculosmodafeminina@hotmail.com\n            <\/p>\n<p><strong>Compartilhe:<\/strong><\/p>\n<p>                <img data-recalc-dims=\"1\" loading=\"lazy\" decoding=\"async\" width=\"25\" height=\"25\" src=\"https:\/\/i0.wp.com\/francaclassificados.com\/\/source\/view\/img\/20w50.png?resize=25%2C25&#038;ssl=1\" alt=\"Imagem compartilhar whatsapp\"\/><\/p>\n<p>                <img data-recalc-dims=\"1\" loading=\"lazy\" decoding=\"async\" width=\"25\" height=\"25\" src=\"https:\/\/i0.wp.com\/francaclassificados.com\/\/source\/view\/img\/18w50.png?resize=25%2C25&#038;ssl=1\" alt=\"Imagem compartilhar facebook\"\/><\/p>\n<\/p><\/div>\n<div class=\"emp\">\n<p>\n            DOM\u00c9STICA MEIO PER\u00cdODO<br \/>Contrata empregada dom\u00e9stica para casa de 2 pessoas : limpeza da casa, passar roupas e preparo das refei\u00e7\u00f5es por meio per\u00edodo das 8 as 13 hrs de seg a sexta. Com refer\u00eancias boas se poss\u00edvel experi\u00eancia. Pode ser aposentada tamb\u00e9m. Sal\u00e1rio 1100+ aux\u00edlio transporte.Enviar curr\u00edculo com telefone que entrarei em contato.<br \/>\n            <br \/>kenia_oli9@hotmail.com\n            <\/p>\n<p><strong>Compartilhe:<\/strong><\/p>\n<p>                <img data-recalc-dims=\"1\" loading=\"lazy\" decoding=\"async\" width=\"25\" height=\"25\" src=\"https:\/\/i0.wp.com\/francaclassificados.com\/\/source\/view\/img\/20w50.png?resize=25%2C25&#038;ssl=1\" alt=\"Imagem compartilhar whatsapp\"\/><\/p>\n<p>                <img data-recalc-dims=\"1\" loading=\"lazy\" decoding=\"async\" width=\"25\" height=\"25\" src=\"https:\/\/i0.wp.com\/francaclassificados.com\/\/source\/view\/img\/18w50.png?resize=25%2C25&#038;ssl=1\" alt=\"Imagem compartilhar facebook\"\/><\/p>\n<\/p><\/div>\n<p>    <script async=\"\" src=\"https:\/\/pagead2.googlesyndication.com\/pagead\/js\/adsbygoogle.js?client=ca-pub-2853392113352629\" crossorigin=\"anonymous\"\/>\n    <ins class=\"adsbygoogle\" style=\"display:block\" data-ad-client=\"ca-pub-2853392113352629\" data-ad-slot=\"2925831803\" data-ad-format=\"auto\" data-full-width-responsive=\"true\"\/>\n    <script><![CDATA[\n    (adsbygoogle = window.adsbygoogle || []).push({});\n    ]]><\/script><\/p>\n<div class=\"emp\">\n<p>\n            ASSISTENTE ADMINISTRATIVO<br \/>Oportunidade de crescimento profissional em imobili\u00e1ria localizado no bairro S\u00e3o Jos\u00e9. Requisitos: Experi\u00eancia em atendimento ao cliente, conhecimento em contas a pagar e a receber, gest\u00e3o de Im\u00f3veis (desej\u00e1vel) Sal\u00e1rio + benef\u00edcios: R$1.600,00 (em m\u00e9dia) Carga hor\u00e1ria: 30 horas semanais (de segunda a sexta, das 9h \u00e0s 12h e das 14h \u00e0s 17h Envie seu curr\u00edculo para curriculossolucao@hotmail.com, com o assunto \"Assistente Administrativo\"\n            <\/p>\n<p><strong>Compartilhe:<\/strong><\/p>\n<p>                <img data-recalc-dims=\"1\" loading=\"lazy\" decoding=\"async\" width=\"25\" height=\"25\" src=\"https:\/\/i0.wp.com\/francaclassificados.com\/\/source\/view\/img\/20w50.png?resize=25%2C25&#038;ssl=1\" alt=\"Imagem compartilhar whatsapp\"\/><\/p>\n<p>                <img data-recalc-dims=\"1\" loading=\"lazy\" decoding=\"async\" width=\"25\" height=\"25\" src=\"https:\/\/i0.wp.com\/francaclassificados.com\/\/source\/view\/img\/18w50.png?resize=25%2C25&#038;ssl=1\" alt=\"Imagem compartilhar facebook\"\/><\/p>\n<\/p><\/div>\n<div class=\"emp\">\n<p>\n            DEPARTAMENTO FISCAL<br \/>Contrata-se para trabalhar em escrit\u00f3rio cont\u00e1bil no departamento fiscal com no\u00e7\u00f5es b\u00e1sicas da \u00e1rea, apura\u00e7\u00e3o de impostos de empresas optantes pelo Simples Nacional. Interessados enviar curr\u00edculo para o e-mail: selecaorecrutamento1001@gmail.com.\n            <\/p>\n<p><strong>Compartilhe:<\/strong><\/p>\n<p>                <img data-recalc-dims=\"1\" loading=\"lazy\" decoding=\"async\" width=\"25\" height=\"25\" src=\"https:\/\/i0.wp.com\/francaclassificados.com\/\/source\/view\/img\/20w50.png?resize=25%2C25&#038;ssl=1\" alt=\"Imagem compartilhar whatsapp\"\/><\/p>\n<p>                <img data-recalc-dims=\"1\" loading=\"lazy\" decoding=\"async\" width=\"25\" height=\"25\" src=\"https:\/\/i0.wp.com\/francaclassificados.com\/\/source\/view\/img\/18w50.png?resize=25%2C25&#038;ssl=1\" alt=\"Imagem compartilhar facebook\"\/><\/p>\n<\/p><\/div>\n<p>    <script async=\"\" src=\"https:\/\/pagead2.googlesyndication.com\/pagead\/js\/adsbygoogle.js?client=ca-pub-2853392113352629\" crossorigin=\"anonymous\"\/>\n    <ins class=\"adsbygoogle\" style=\"display:block\" data-ad-client=\"ca-pub-2853392113352629\" data-ad-slot=\"2925831803\" data-ad-format=\"auto\" data-full-width-responsive=\"true\"\/>\n    <script><![CDATA[\n    (adsbygoogle = window.adsbygoogle || []).push({});\n    ]]><\/script><\/p>\n<div class=\"emp\">\n<p>\n            OPERADOR DE INJETORA<br \/>Com experi\u00eancia em injetora monocolor e bicolor, inicio imediato, pessoa que saiba trabalhar em equipe, e seja pro ativo.\n            <\/p>\n<p><strong>Compartilhe:<\/strong><\/p>\n<p>                <img data-recalc-dims=\"1\" loading=\"lazy\" decoding=\"async\" width=\"25\" height=\"25\" src=\"https:\/\/i0.wp.com\/francaclassificados.com\/\/source\/view\/img\/20w50.png?resize=25%2C25&#038;ssl=1\" alt=\"Imagem compartilhar whatsapp\"\/><\/p>\n<p>                <img data-recalc-dims=\"1\" loading=\"lazy\" decoding=\"async\" width=\"25\" height=\"25\" src=\"https:\/\/i0.wp.com\/francaclassificados.com\/\/source\/view\/img\/18w50.png?resize=25%2C25&#038;ssl=1\" alt=\"Imagem compartilhar facebook\"\/><\/p>\n<\/p><\/div>\n<div class=\"emp\">\n<p>\n            AUXILIAR DE PRODU\u00c7\u00c3O MASCULINO<br \/>Contrata AUXILIAR DE PRODU\u00c7\u00c3O MASCULINO: - Ser proativo e Flex\u00edvel; -Ter experi\u00eancia com maquinas ser\u00e1 um diferencial; -Trabalho segunda a sexta. Mandar curr\u00edculos no e-mail: recrutamento@harus.ind.br com assunto AUXILIAR PRODU\u00c7\u00c3O\n            <\/p>\n<p><strong>Compartilhe:<\/strong><\/p>\n<p>                <img data-recalc-dims=\"1\" loading=\"lazy\" decoding=\"async\" width=\"25\" height=\"25\" src=\"https:\/\/i0.wp.com\/francaclassificados.com\/\/source\/view\/img\/20w50.png?resize=25%2C25&#038;ssl=1\" alt=\"Imagem compartilhar whatsapp\"\/><\/p>\n<p>                <img data-recalc-dims=\"1\" loading=\"lazy\" decoding=\"async\" width=\"25\" height=\"25\" src=\"https:\/\/i0.wp.com\/francaclassificados.com\/\/source\/view\/img\/18w50.png?resize=25%2C25&#038;ssl=1\" alt=\"Imagem compartilhar facebook\"\/><\/p>\n<\/p><\/div>\n<p>    <script async=\"\" src=\"https:\/\/pagead2.googlesyndication.com\/pagead\/js\/adsbygoogle.js?client=ca-pub-2853392113352629\" crossorigin=\"anonymous\"\/>\n    <ins class=\"adsbygoogle\" style=\"display:block\" data-ad-client=\"ca-pub-2853392113352629\" data-ad-slot=\"2925831803\" data-ad-format=\"auto\" data-full-width-responsive=\"true\"\/>\n    <script><![CDATA[\n    (adsbygoogle = window.adsbygoogle || []).push({});\n    ]]><\/script><\/p>\n<div class=\"emp\">\n<p>\n            MECANICO DE HIDRUALICA E DIESEL - MAQUINA<br \/>VAGA PARA MECANICO DE MAQUINA QUE TENHA EXPERI\u00caNCIA EM HIDRAULICA E MOTORES DIESEL, MANUTEN\u00c7\u00d5ES NAS MAQUINA DA EMPRESA COMO MOTORES, REPAROS HIDRALICOS E ATENDIMENTO DAS NA OBRA POR MANUTEN\u00c7\u00c3O, ENVIAR CURRICULO PARA powerferramentas30@gmail.com OU PELO WHATS 16 999742309. COME\u00c7O IMEDIATO, CLT + VALE REFEI\u00c7\u00c3O, SALARIO A COMBINAR PELA EXPERIENCIA PROFISSIONAL.\n            <\/p>\n<p><strong>Compartilhe:<\/strong><\/p>\n<p>                <img data-recalc-dims=\"1\" loading=\"lazy\" decoding=\"async\" width=\"25\" height=\"25\" src=\"https:\/\/i0.wp.com\/francaclassificados.com\/\/source\/view\/img\/20w50.png?resize=25%2C25&#038;ssl=1\" alt=\"Imagem compartilhar whatsapp\"\/><\/p>\n<p>                <img data-recalc-dims=\"1\" loading=\"lazy\" decoding=\"async\" width=\"25\" height=\"25\" src=\"https:\/\/i0.wp.com\/francaclassificados.com\/\/source\/view\/img\/18w50.png?resize=25%2C25&#038;ssl=1\" alt=\"Imagem compartilhar facebook\"\/><\/p>\n<\/p><\/div>\n<div class=\"emp\">\n<p>\n            VENDEDOR COMERCIAL<br \/>Contrata-se Vendedor experiente para trabalhar com atendimento de clientes pelo WhatsApp, telefone e presencial. Requisitos: Experi\u00eancia comprovadas em vendas e atendimento ao cliente, habilidade de comunica\u00e7\u00e3o escrita, Capacidade de persuas\u00e3o e negocia\u00e7\u00e3o, Organiza\u00e7\u00e3o e atualiza\u00e7\u00e3o do sistema CRM. Oferecemos: Remunera\u00e7\u00e3o competitiva c\/ comiss\u00f5es e metas, oportunidades de crescimento profissional, Gympass e Vale alimenta\u00e7\u00e3o, Bonifica\u00e7\u00e3o. curr\u00edculo para: rhnaturalfitness@gmail.com\n            <\/p>\n<p><strong>Compartilhe:<\/strong><\/p>\n<p>                <img data-recalc-dims=\"1\" loading=\"lazy\" decoding=\"async\" width=\"25\" height=\"25\" src=\"https:\/\/i0.wp.com\/francaclassificados.com\/\/source\/view\/img\/20w50.png?resize=25%2C25&#038;ssl=1\" alt=\"Imagem compartilhar whatsapp\"\/><\/p>\n<p>                <img data-recalc-dims=\"1\" loading=\"lazy\" decoding=\"async\" width=\"25\" height=\"25\" src=\"https:\/\/i0.wp.com\/francaclassificados.com\/\/source\/view\/img\/18w50.png?resize=25%2C25&#038;ssl=1\" alt=\"Imagem compartilhar facebook\"\/><\/p>\n<\/p><\/div>\n<p>    <script async=\"\" src=\"https:\/\/pagead2.googlesyndication.com\/pagead\/js\/adsbygoogle.js?client=ca-pub-2853392113352629\" crossorigin=\"anonymous\"\/>\n    <ins class=\"adsbygoogle\" style=\"display:block\" data-ad-client=\"ca-pub-2853392113352629\" data-ad-slot=\"2925831803\" data-ad-format=\"auto\" data-full-width-responsive=\"true\"\/>\n    <script><![CDATA[\n    (adsbygoogle = window.adsbygoogle || []).push({});\n    ]]><\/script><\/p>\n<div class=\"emp\">\n<p>\n            AUXILIAR DE VENDAS<br \/>ATIVIDADES A DESEMPENHAR Atendimento comercial aos clientes, Capta\u00e7\u00e3o de novos clientes; Suporte ref. ao produto; Participar de treinamentos dos fabricantes. Organizar o ambiente de atendimento; Boa comunica\u00e7\u00e3o. Nossa empresa possui mais de 14 anos no mercado de distribui\u00e7\u00e3o. Enviar curr\u00edculo para o email compusegcftv@gmail.com a\/c. PPA ORL\u00c2NDIA SP DISTRIBUIDORA LOJA 2 FRANCA<br \/>\n            <br \/>compusegcftv@gmail.com\n            <\/p>\n<p><strong>Compartilhe:<\/strong><\/p>\n<p>                <img data-recalc-dims=\"1\" loading=\"lazy\" decoding=\"async\" width=\"25\" height=\"25\" src=\"https:\/\/i0.wp.com\/francaclassificados.com\/\/source\/view\/img\/20w50.png?resize=25%2C25&#038;ssl=1\" alt=\"Imagem compartilhar whatsapp\"\/><\/p>\n<p>                <img data-recalc-dims=\"1\" loading=\"lazy\" decoding=\"async\" width=\"25\" height=\"25\" src=\"https:\/\/i0.wp.com\/francaclassificados.com\/\/source\/view\/img\/18w50.png?resize=25%2C25&#038;ssl=1\" alt=\"Imagem compartilhar facebook\"\/><\/p>\n<\/p><\/div>\n<div class=\"emp\">\n<p>\n            Estamos contratando pessoa que tenha experi\u00eancia no pr\u00e9-frezado, entrar em contato por esse telefone (16)99170-8336\n            <\/p>\n<p><strong>Compartilhe:<\/strong><\/p>\n<p>                <img data-recalc-dims=\"1\" loading=\"lazy\" decoding=\"async\" width=\"25\" height=\"25\" src=\"https:\/\/i0.wp.com\/francaclassificados.com\/\/source\/view\/img\/20w50.png?resize=25%2C25&#038;ssl=1\" alt=\"Imagem compartilhar whatsapp\"\/><\/p>\n<p>                <img data-recalc-dims=\"1\" loading=\"lazy\" decoding=\"async\" width=\"25\" height=\"25\" src=\"https:\/\/i0.wp.com\/francaclassificados.com\/\/source\/view\/img\/18w50.png?resize=25%2C25&#038;ssl=1\" alt=\"Imagem compartilhar facebook\"\/><\/p>\n<\/p><\/div>\n<p>    <script async=\"\" src=\"https:\/\/pagead2.googlesyndication.com\/pagead\/js\/adsbygoogle.js?client=ca-pub-2853392113352629\" crossorigin=\"anonymous\"\/>\n    <ins class=\"adsbygoogle\" style=\"display:block\" data-ad-client=\"ca-pub-2853392113352629\" data-ad-slot=\"2925831803\" data-ad-format=\"auto\" data-full-width-responsive=\"true\"\/>\n    <script><![CDATA[\n    (adsbygoogle = window.adsbygoogle || []).push({});\n    ]]><\/script><\/p>\n<div class=\"emp\">\n<p>\n            AUXILIAR ADMINISTRATIVO<br \/>CAD \u00daNICO Recepcionar e orientar indiv\u00edduos e\/ou fam\u00edlias referente a documenta\u00e7\u00e3o, a\u00e7\u00f5es cadastrais, programas, benef\u00edcios, entre outras fun\u00e7\u00f5es. Experi\u00eancia na fun\u00e7\u00e3o. Pro atividade, empatia e autonomia. Dom\u00ednio em pacote Office. FEMININO\/MASCULINO 44H\/SEMANAIS ENSINO M\u00c9DIO COMPLETO REGIME DE CONTRATA\u00c7\u00c3O CLT. Enviar curr\u00edculo com titulo da vaga no assunto curriculo@feji.org.br ou entregar pessoalmente RUA OFELIA SOARES RUSSO 994 JD PLANALTO\n            <\/p>\n<p><strong>Compartilhe:<\/strong><\/p>\n<p>                <img data-recalc-dims=\"1\" loading=\"lazy\" decoding=\"async\" width=\"25\" height=\"25\" src=\"https:\/\/i0.wp.com\/francaclassificados.com\/\/source\/view\/img\/20w50.png?resize=25%2C25&#038;ssl=1\" alt=\"Imagem compartilhar whatsapp\"\/><\/p>\n<p>                <img data-recalc-dims=\"1\" loading=\"lazy\" decoding=\"async\" width=\"25\" height=\"25\" src=\"https:\/\/i0.wp.com\/francaclassificados.com\/\/source\/view\/img\/18w50.png?resize=25%2C25&#038;ssl=1\" alt=\"Imagem compartilhar facebook\"\/><\/p>\n<\/p><\/div>\n<div class=\"emp\">\n<p>\n            DEPARTAMENTO PESSOAL<br \/>Contrata-se profissional da \u00e1rea de departamento pessoal. Para exercer a fun\u00e7\u00e3o, faz-se necess\u00e1rio que o profissional j\u00e1 tenha o m\u00ednimo de experi\u00eancia nas rotinas de registro de funcion\u00e1rio, fechamento de DCTFWeb, fechamento da folha de pagamento, envio de E-Social, c\u00e1lculo de f\u00e9rias e rescis\u00e3o. O sal\u00e1rio \u00e9 negoci\u00e1vel e a vaga \u00e9 para inicio imediato.<br \/>\n            <br \/>curriculocontabil23@gmail.com\n            <\/p>\n<p><strong>Compartilhe:<\/strong><\/p>\n<p>                <img data-recalc-dims=\"1\" loading=\"lazy\" decoding=\"async\" width=\"25\" height=\"25\" src=\"https:\/\/i0.wp.com\/francaclassificados.com\/\/source\/view\/img\/20w50.png?resize=25%2C25&#038;ssl=1\" alt=\"Imagem compartilhar whatsapp\"\/><\/p>\n<p>                <img data-recalc-dims=\"1\" loading=\"lazy\" decoding=\"async\" width=\"25\" height=\"25\" src=\"https:\/\/i0.wp.com\/francaclassificados.com\/\/source\/view\/img\/18w50.png?resize=25%2C25&#038;ssl=1\" alt=\"Imagem compartilhar facebook\"\/><\/p>\n<\/p><\/div>\n<p>    <script async=\"\" src=\"https:\/\/pagead2.googlesyndication.com\/pagead\/js\/adsbygoogle.js?client=ca-pub-2853392113352629\" crossorigin=\"anonymous\"\/>\n    <ins class=\"adsbygoogle\" style=\"display:block\" data-ad-client=\"ca-pub-2853392113352629\" data-ad-slot=\"2925831803\" data-ad-format=\"auto\" data-full-width-responsive=\"true\"\/>\n    <script><![CDATA[\n    (adsbygoogle = window.adsbygoogle || []).push({});\n    ]]><\/script><\/p>\n<div class=\"emp\">\n<p>\n            SUPERVISOR DE VENDAS<br \/>Buscamos profissionais qualificados na \u00e1rea comercial, que goste de desafios , atue com gest\u00e3o de vendas e equipe, e demais rotinas da loja. L\u00edder focado nos resultados, processos, e no cuidado com a equipe. Sal\u00e1rio compat\u00edvel com mercado, comiss\u00f5es, Gympass, Vale Alimenta\u00e7\u00e3o, Conv\u00eanio com Posto de Combust\u00edvel e Supermercado.\n            <\/p>\n<p><strong>Compartilhe:<\/strong><\/p>\n<p>                <img data-recalc-dims=\"1\" loading=\"lazy\" decoding=\"async\" width=\"25\" height=\"25\" src=\"https:\/\/i0.wp.com\/francaclassificados.com\/\/source\/view\/img\/20w50.png?resize=25%2C25&#038;ssl=1\" alt=\"Imagem compartilhar whatsapp\"\/><\/p>\n<p>                <img data-recalc-dims=\"1\" loading=\"lazy\" decoding=\"async\" width=\"25\" height=\"25\" src=\"https:\/\/i0.wp.com\/francaclassificados.com\/\/source\/view\/img\/18w50.png?resize=25%2C25&#038;ssl=1\" alt=\"Imagem compartilhar facebook\"\/><\/p>\n<\/p><\/div>\n<div class=\"emp\">\n<p>\n            ATENDENTE FAST FOOD - SHOPPING<br \/>ATEN\u00c7\u00c3O - SOMENTE PRIMEIRO EMPREGO! Procuramos pessoas que nunca trabalharam, que estejam em busca de sua primeira oportunidade. Somente maiores de 18 anos, ambos os sexos. NECESS\u00c1RIO TER DISPONIBILIDADE DE HOR\u00c1RIO, INCLUSIVE PARA TRABALHAR AOS S\u00c1BADOS, DOMINGOS E FERIADOS! Hor\u00e1rio de trabalho: das 14:20 as 22:40. Remunera\u00e7\u00e3o: sal\u00e1rio: R$1899,00. Vale alimenta\u00e7\u00e3o: R$340,00. Vale transporte: conforme o necess\u00e1rio para o m\u00eas. Interessados enviar curr\u00edculo para 16.99352-6301. FAVOR N\u00c3O LIGAR!!\n            <\/p>\n<p><strong>Compartilhe:<\/strong><\/p>\n<p>                <img data-recalc-dims=\"1\" loading=\"lazy\" decoding=\"async\" width=\"25\" height=\"25\" src=\"https:\/\/i0.wp.com\/francaclassificados.com\/\/source\/view\/img\/20w50.png?resize=25%2C25&#038;ssl=1\" alt=\"Imagem compartilhar whatsapp\"\/><\/p>\n<p>                <img data-recalc-dims=\"1\" loading=\"lazy\" decoding=\"async\" width=\"25\" height=\"25\" src=\"https:\/\/i0.wp.com\/francaclassificados.com\/\/source\/view\/img\/18w50.png?resize=25%2C25&#038;ssl=1\" alt=\"Imagem compartilhar facebook\"\/><\/p>\n<\/p><\/div>\n<p>    <script async=\"\" src=\"https:\/\/pagead2.googlesyndication.com\/pagead\/js\/adsbygoogle.js?client=ca-pub-2853392113352629\" crossorigin=\"anonymous\"\/>\n    <ins class=\"adsbygoogle\" style=\"display:block\" data-ad-client=\"ca-pub-2853392113352629\" data-ad-slot=\"2925831803\" data-ad-format=\"auto\" data-full-width-responsive=\"true\"\/>\n    <script><![CDATA[\n    (adsbygoogle = window.adsbygoogle || []).push({});\n    ]]><\/script><\/p>\n<div class=\"emp\">\n<p>\n            ENTREGADOR DE G\u00c1S<br \/>Contrata-se entregador de g\u00e1s. CNH: AB. Procuramos pessoas proativas e com boa comunica\u00e7\u00e3o. Necessita experi\u00eancia e requer conhecimento da cidade (Franca-SP) Hor\u00e1rio: Segunda \u00e0 S\u00e1bado: 14:30\/22:00 Requer disponibilidade de trabalhar domingos e feriados. Benef\u00edcios: 01-cesta b\u00e1sica(m\u00eas) 01-recarga de g\u00e1s (m\u00eas) Tipo de vaga: Tempo Integral, Efetivo\/CLT encaminhar curr\u00edculo no e-mail: distribuidoragasprogresso@gmail.com\n            <\/p>\n<p><strong>Compartilhe:<\/strong><\/p>\n<p>                <img data-recalc-dims=\"1\" loading=\"lazy\" decoding=\"async\" width=\"25\" height=\"25\" src=\"https:\/\/i0.wp.com\/francaclassificados.com\/\/source\/view\/img\/20w50.png?resize=25%2C25&#038;ssl=1\" alt=\"Imagem compartilhar whatsapp\"\/><\/p>\n<p>                <img data-recalc-dims=\"1\" loading=\"lazy\" decoding=\"async\" width=\"25\" height=\"25\" src=\"https:\/\/i0.wp.com\/francaclassificados.com\/\/source\/view\/img\/18w50.png?resize=25%2C25&#038;ssl=1\" alt=\"Imagem compartilhar facebook\"\/><\/p>\n<\/p><\/div>\n<div class=\"emp\">\n<p>\n            Temos vagas, para residir na fazenda, regi\u00f5es de Restinga, Igarapava e Sales Oliveira. Operador de Colhedeira de caf\u00e9, Tratorista, Servi\u00e7os Gerais Rurais, Jardineiro, Vaqueiro e Vigilante. Interessados enviar Curriculum para: curriculofazendas@gmail.com com a descri\u00e7\u00e3o quantidade de membros na fam\u00edlia e no assunto a vaga de interesse.\n            <\/p>\n<p><strong>Compartilhe:<\/strong><\/p>\n<p>                <img data-recalc-dims=\"1\" loading=\"lazy\" decoding=\"async\" width=\"25\" height=\"25\" src=\"https:\/\/i0.wp.com\/francaclassificados.com\/\/source\/view\/img\/20w50.png?resize=25%2C25&#038;ssl=1\" alt=\"Imagem compartilhar whatsapp\"\/><\/p>\n<p>                <img data-recalc-dims=\"1\" loading=\"lazy\" decoding=\"async\" width=\"25\" height=\"25\" src=\"https:\/\/i0.wp.com\/francaclassificados.com\/\/source\/view\/img\/18w50.png?resize=25%2C25&#038;ssl=1\" alt=\"Imagem compartilhar facebook\"\/><\/p>\n<\/p><\/div>\n<p>    <script async=\"\" src=\"https:\/\/pagead2.googlesyndication.com\/pagead\/js\/adsbygoogle.js?client=ca-pub-2853392113352629\" crossorigin=\"anonymous\"\/>\n    <ins class=\"adsbygoogle\" style=\"display:block\" data-ad-client=\"ca-pub-2853392113352629\" data-ad-slot=\"2925831803\" data-ad-format=\"auto\" data-full-width-responsive=\"true\"\/>\n    <script><![CDATA[\n    (adsbygoogle = window.adsbygoogle || []).push({});\n    ]]><\/script><\/p>\n<div class=\"emp\">\n<p>\n            MOTORISTA CAMINH\u00c3O (CNH-D)<br \/>Contrata-se MOTORISTA DISTRIBUI\u00c7\u00c3O, para a vaga \u00e9 necess\u00e1rio CNH-D as responsabilidades da vaga s\u00e3o: efetuar entregas de produtos conforme padr\u00e3o exigido pela empresa, demonstrar comportamento pessoal e profissional compat\u00edveis com a fun\u00e7\u00e3o e cumprir rigorosamente todos os procedimentos definidos pela equipe. Interessados encaminhar curr\u00edculo para o WhatsApp 16-99195-7140 ou e-mail recrutamento@rizatti.com.br\n            <\/p>\n<p><strong>Compartilhe:<\/strong><\/p>\n<p>                <img data-recalc-dims=\"1\" loading=\"lazy\" decoding=\"async\" width=\"25\" height=\"25\" src=\"https:\/\/i0.wp.com\/francaclassificados.com\/\/source\/view\/img\/20w50.png?resize=25%2C25&#038;ssl=1\" alt=\"Imagem compartilhar whatsapp\"\/><\/p>\n<p>                <img data-recalc-dims=\"1\" loading=\"lazy\" decoding=\"async\" width=\"25\" height=\"25\" src=\"https:\/\/i0.wp.com\/francaclassificados.com\/\/source\/view\/img\/18w50.png?resize=25%2C25&#038;ssl=1\" alt=\"Imagem compartilhar facebook\"\/><\/p>\n<\/p><\/div>\n<div class=\"emp\">\n<p>\n            CILINDREIRO\/OPERADOR BAMBURY<br \/>EMPRESA DE SOLADOS CONTRATA PARA O CARGO DE CILINDREIRO E OPERADOR DE BAMBURY . COM EXPERI\u00caNCIA NA \u00c1REA. SEXO MASCULINO.<br \/>\n            <br \/>vical.vibor@terra.com.br\n            <\/p>\n<p><strong>Compartilhe:<\/strong><\/p>\n<p>                <img data-recalc-dims=\"1\" loading=\"lazy\" decoding=\"async\" width=\"25\" height=\"25\" src=\"https:\/\/i0.wp.com\/francaclassificados.com\/\/source\/view\/img\/20w50.png?resize=25%2C25&#038;ssl=1\" alt=\"Imagem compartilhar whatsapp\"\/><\/p>\n<p>                <img data-recalc-dims=\"1\" loading=\"lazy\" decoding=\"async\" width=\"25\" height=\"25\" src=\"https:\/\/i0.wp.com\/francaclassificados.com\/\/source\/view\/img\/18w50.png?resize=25%2C25&#038;ssl=1\" alt=\"Imagem compartilhar facebook\"\/><\/p>\n<\/p><\/div>\n<p>    <script async=\"\" src=\"https:\/\/pagead2.googlesyndication.com\/pagead\/js\/adsbygoogle.js?client=ca-pub-2853392113352629\" crossorigin=\"anonymous\"\/>\n    <ins class=\"adsbygoogle\" style=\"display:block\" data-ad-client=\"ca-pub-2853392113352629\" data-ad-slot=\"2925831803\" data-ad-format=\"auto\" data-full-width-responsive=\"true\"\/>\n    <script><![CDATA[\n    (adsbygoogle = window.adsbygoogle || []).push({});\n    ]]><\/script><\/p>\n<div class=\"emp\">\n<p>\n            ANALISTA DE MARKETING<br \/>Admite-se para marketing em e-commerce. Perfil: comprometida, respons\u00e1vel, boa comunica\u00e7\u00e3o oral e escrita, proativa, focada, pontual, desejo de evoluir, crescer e aprender novas ferramentas. Requisitos: Ensino Superior Cursando\/completo Marketing, ou Publicidade e Propaganda, experi\u00eancia com bling e irroba. Interessados enviar curr\u00edculo no whatsapp (16) 99119-4718\n            <\/p>\n<p><strong>Compartilhe:<\/strong><\/p>\n<p>                <img data-recalc-dims=\"1\" loading=\"lazy\" decoding=\"async\" width=\"25\" height=\"25\" src=\"https:\/\/i0.wp.com\/francaclassificados.com\/\/source\/view\/img\/20w50.png?resize=25%2C25&#038;ssl=1\" alt=\"Imagem compartilhar whatsapp\"\/><\/p>\n<p>                <img data-recalc-dims=\"1\" loading=\"lazy\" decoding=\"async\" width=\"25\" height=\"25\" src=\"https:\/\/i0.wp.com\/francaclassificados.com\/\/source\/view\/img\/18w50.png?resize=25%2C25&#038;ssl=1\" alt=\"Imagem compartilhar facebook\"\/><\/p>\n<\/p><\/div>\n<div class=\"emp\">\n<p>\n            ASSISTENTE DE LOG\u00cdSTICA<br \/>Transportadora com vaga para Assistente de Log\u00edstica! Requisitos: Estar cursando Log\u00edstica ou Administra\u00e7\u00e3o, ter no m\u00ednimo 1 ano de experi\u00eancia na \u00e1rea e possuir CNH categoria B. Buscamos um perfil proativo, anal\u00edtico e organizado. Interessados, enviar curr\u00edculo at\u00e9 10\/07\/2024 para o email: rs.recursoshumanos57@gmail.com - Com o t\u00edtulo: Assistente de Log\u00edstica.\n            <\/p>\n<p><strong>Compartilhe:<\/strong><\/p>\n<p>                <img data-recalc-dims=\"1\" loading=\"lazy\" decoding=\"async\" width=\"25\" height=\"25\" src=\"https:\/\/i0.wp.com\/francaclassificados.com\/\/source\/view\/img\/20w50.png?resize=25%2C25&#038;ssl=1\" alt=\"Imagem compartilhar whatsapp\"\/><\/p>\n<p>                <img data-recalc-dims=\"1\" loading=\"lazy\" decoding=\"async\" width=\"25\" height=\"25\" src=\"https:\/\/i0.wp.com\/francaclassificados.com\/\/source\/view\/img\/18w50.png?resize=25%2C25&#038;ssl=1\" alt=\"Imagem compartilhar facebook\"\/><\/p>\n<\/p><\/div>\n<p>    <script async=\"\" src=\"https:\/\/pagead2.googlesyndication.com\/pagead\/js\/adsbygoogle.js?client=ca-pub-2853392113352629\" crossorigin=\"anonymous\"\/>\n    <ins class=\"adsbygoogle\" style=\"display:block\" data-ad-client=\"ca-pub-2853392113352629\" data-ad-slot=\"2925831803\" data-ad-format=\"auto\" data-full-width-responsive=\"true\"\/>\n    <script><![CDATA[\n    (adsbygoogle = window.adsbygoogle || []).push({});\n    ]]><\/script><\/p>\n<div class=\"emp\">\n<p>\n            Contrata-se barbeiro com experi\u00eancia. Precisa ser respons\u00e1vel, com boa comunica\u00e7\u00e3o e proativo. Enviar curriculum com foto e rede social para o e-mail: contatoimperiomodasfranca@gmail.com\n            <\/p>\n<p><strong>Compartilhe:<\/strong><\/p>\n<p>                <img data-recalc-dims=\"1\" loading=\"lazy\" decoding=\"async\" width=\"25\" height=\"25\" src=\"https:\/\/i0.wp.com\/francaclassificados.com\/\/source\/view\/img\/20w50.png?resize=25%2C25&#038;ssl=1\" alt=\"Imagem compartilhar whatsapp\"\/><\/p>\n<p>                <img data-recalc-dims=\"1\" loading=\"lazy\" decoding=\"async\" width=\"25\" height=\"25\" src=\"https:\/\/i0.wp.com\/francaclassificados.com\/\/source\/view\/img\/18w50.png?resize=25%2C25&#038;ssl=1\" alt=\"Imagem compartilhar facebook\"\/><\/p>\n<\/p><\/div>\n<div class=\"emp\">\n<p>\n            RESPONS\u00c1VEL DE LOJA \/ VENDEDOR<br \/>Vendedor com experi\u00eancia comprovada. Ir\u00e1 liderar a equipe de vendas, envolvendo a realiza\u00e7\u00e3o de treinamentos e desenvolvimento de campanhas de incentivo. Controla metas, elabora relat\u00f3rios de resultados. Perfil agressivo, proativo, com foco em resultado e motivador. Idade: 25 a 45 contrato: Efetivo. Sal\u00e1rio fixo+Benef\u00edcios\/Premia\u00e7\u00e3o: sobre resultados ap\u00f3s experi\u00eancia Requisitos: experi\u00eancia em vendas, gest\u00e3o de pessoas e lideran\u00e7a Enviar curr\u00edculos para e-mail: recrutafranca@outlook.com\n            <\/p>\n<p><strong>Compartilhe:<\/strong><\/p>\n<p>                <img data-recalc-dims=\"1\" loading=\"lazy\" decoding=\"async\" width=\"25\" height=\"25\" src=\"https:\/\/i0.wp.com\/francaclassificados.com\/\/source\/view\/img\/20w50.png?resize=25%2C25&#038;ssl=1\" alt=\"Imagem compartilhar whatsapp\"\/><\/p>\n<p>                <img data-recalc-dims=\"1\" loading=\"lazy\" decoding=\"async\" width=\"25\" height=\"25\" src=\"https:\/\/i0.wp.com\/francaclassificados.com\/\/source\/view\/img\/18w50.png?resize=25%2C25&#038;ssl=1\" alt=\"Imagem compartilhar facebook\"\/><\/p>\n<\/p><\/div>\n<p>    <script async=\"\" src=\"https:\/\/pagead2.googlesyndication.com\/pagead\/js\/adsbygoogle.js?client=ca-pub-2853392113352629\" crossorigin=\"anonymous\"\/>\n    <ins class=\"adsbygoogle\" style=\"display:block\" data-ad-client=\"ca-pub-2853392113352629\" data-ad-slot=\"2925831803\" data-ad-format=\"auto\" data-full-width-responsive=\"true\"\/>\n    <script><![CDATA[\n    (adsbygoogle = window.adsbygoogle || []).push({});\n    ]]><\/script><\/p>\n<div class=\"emp\">\n<p>\n            AUXILIAR DE COZINHA<br \/>Procuro Auxiliar de Confeitaria. Procuro uma pessoa que saiba trabalhar em equipe, proativa, N\u00c3O precisa ter experi\u00eancia, seja organizada, facilidade em comunica\u00e7\u00e3o e tenha disponibilidade para trabalhar aos s\u00e1bados. Vaga para carga hor\u00e1ria de 6 horas di\u00e1rias. Levar curriculum pessoalmente, das 11h \u00e1s 17h, de segunda a sexta. Rua Minas Gerais, 2205, Vila Aparecida.\n            <\/p>\n<p><strong>Compartilhe:<\/strong><\/p>\n<p>                <img data-recalc-dims=\"1\" loading=\"lazy\" decoding=\"async\" width=\"25\" height=\"25\" src=\"https:\/\/i0.wp.com\/francaclassificados.com\/\/source\/view\/img\/20w50.png?resize=25%2C25&#038;ssl=1\" alt=\"Imagem compartilhar whatsapp\"\/><\/p>\n<p>                <img data-recalc-dims=\"1\" loading=\"lazy\" decoding=\"async\" width=\"25\" height=\"25\" src=\"https:\/\/i0.wp.com\/francaclassificados.com\/\/source\/view\/img\/18w50.png?resize=25%2C25&#038;ssl=1\" alt=\"Imagem compartilhar facebook\"\/><\/p>\n<\/p><\/div>\n<div class=\"emp\">\n<p>\n            MODELISTA DE ROUPA<br \/>Precisa-se de Modelista de roupas fitness .Interessados enviar curr\u00edculo para: curriculovagasf1@gmail.com com a fun\u00e7\u00e3o no assunto.\n            <\/p>\n<p><strong>Compartilhe:<\/strong><\/p>\n<p>                <img data-recalc-dims=\"1\" loading=\"lazy\" decoding=\"async\" width=\"25\" height=\"25\" src=\"https:\/\/i0.wp.com\/francaclassificados.com\/\/source\/view\/img\/20w50.png?resize=25%2C25&#038;ssl=1\" alt=\"Imagem compartilhar whatsapp\"\/><\/p>\n<p>                <img data-recalc-dims=\"1\" loading=\"lazy\" decoding=\"async\" width=\"25\" height=\"25\" src=\"https:\/\/i0.wp.com\/francaclassificados.com\/\/source\/view\/img\/18w50.png?resize=25%2C25&#038;ssl=1\" alt=\"Imagem compartilhar facebook\"\/><\/p>\n<\/p><\/div>\n<p>    <script async=\"\" src=\"https:\/\/pagead2.googlesyndication.com\/pagead\/js\/adsbygoogle.js?client=ca-pub-2853392113352629\" crossorigin=\"anonymous\"\/>\n    <ins class=\"adsbygoogle\" style=\"display:block\" data-ad-client=\"ca-pub-2853392113352629\" data-ad-slot=\"2925831803\" data-ad-format=\"auto\" data-full-width-responsive=\"true\"\/>\n    <script><![CDATA[\n    (adsbygoogle = window.adsbygoogle || []).push({});\n    ]]><\/script><\/p>\n<div class=\"emp\">\n<p>\n            OPERADOR DE M\u00c1QUINAS\/EMBALADOR<br \/>CONTRATA OPERADOR DE M\u00c1QUINAS E EMBALAGEM DE PRODUTOS.REQUISITOS: ENSINO M\u00c9DIO COMPLETO. CURSO T\u00c9CNICO SER\u00c1 CONSIDERADO DIFERENCIAL. N\u00c3O \u00c9 NECESS\u00c1RIO EXPERI\u00caNCIA. INFORMA\u00c7\u00d5ES ADICIONAIS: SAL\u00c1RIO FIXO + BENEF\u00cdCIOS. ENVIAR CURR\u00cdCULO COM O ASSUNTO \"OPERADOR\" PARA recrutamento@rochfer.com.br.\n            <\/p>\n<p><strong>Compartilhe:<\/strong><\/p>\n<p>                <img data-recalc-dims=\"1\" loading=\"lazy\" decoding=\"async\" width=\"25\" height=\"25\" src=\"https:\/\/i0.wp.com\/francaclassificados.com\/\/source\/view\/img\/20w50.png?resize=25%2C25&#038;ssl=1\" alt=\"Imagem compartilhar whatsapp\"\/><\/p>\n<p>                <img data-recalc-dims=\"1\" loading=\"lazy\" decoding=\"async\" width=\"25\" height=\"25\" src=\"https:\/\/i0.wp.com\/francaclassificados.com\/\/source\/view\/img\/18w50.png?resize=25%2C25&#038;ssl=1\" alt=\"Imagem compartilhar facebook\"\/><\/p>\n<\/p><\/div>\n<div class=\"emp\">\n<p>\n            CUIDADORA DE IDOSOS<br \/>Fun\u00e7\u00e3o: servir alimenta\u00e7\u00e3o e realizar demais cuidados de higiene pessoal. Buscamos uma pessoa pr\u00f3-ativa, carinhosa e que compartilhe aten\u00e7\u00e3o e alegria para com as idosas. Precisa ter responsabilidade, \u00e9tica e descri\u00e7\u00e3o e que disponibilidade de hor\u00e1rios. Obs: \u00c9 necess\u00e1rio ter certificado de conclus\u00e3o do curso de Cuidador e ter o Ensino M\u00e9dio completo. Enviar curr\u00edculo para o email: curriculoslardonaleonor@gmail.com\n            <\/p>\n<p><strong>Compartilhe:<\/strong><\/p>\n<p>                <img data-recalc-dims=\"1\" loading=\"lazy\" decoding=\"async\" width=\"25\" height=\"25\" src=\"https:\/\/i0.wp.com\/francaclassificados.com\/\/source\/view\/img\/20w50.png?resize=25%2C25&#038;ssl=1\" alt=\"Imagem compartilhar whatsapp\"\/><\/p>\n<p>                <img data-recalc-dims=\"1\" loading=\"lazy\" decoding=\"async\" width=\"25\" height=\"25\" src=\"https:\/\/i0.wp.com\/francaclassificados.com\/\/source\/view\/img\/18w50.png?resize=25%2C25&#038;ssl=1\" alt=\"Imagem compartilhar facebook\"\/><\/p>\n<\/p><\/div>\n<p>    <script async=\"\" src=\"https:\/\/pagead2.googlesyndication.com\/pagead\/js\/adsbygoogle.js?client=ca-pub-2853392113352629\" crossorigin=\"anonymous\"\/>\n    <ins class=\"adsbygoogle\" style=\"display:block\" data-ad-client=\"ca-pub-2853392113352629\" data-ad-slot=\"2925831803\" data-ad-format=\"auto\" data-full-width-responsive=\"true\"\/>\n    <script><![CDATA[\n    (adsbygoogle = window.adsbygoogle || []).push({});\n    ]]><\/script><\/p>\n<div class=\"emp\">\n<p>\n            DOM\u00c9STICA CASA DE FAM\u00cdLIA<br \/>Contrata dom\u00e9stica com registro em carteira. Precisa comprovar experi\u00eancia. Com boas refer\u00eancias. Interessadas enviar curr\u00edculo no e-mail<br \/>\n            <br \/>janeferrarezi@gmail.com\n            <\/p>\n<p><strong>Compartilhe:<\/strong><\/p>\n<p>                <img data-recalc-dims=\"1\" loading=\"lazy\" decoding=\"async\" width=\"25\" height=\"25\" src=\"https:\/\/i0.wp.com\/francaclassificados.com\/\/source\/view\/img\/20w50.png?resize=25%2C25&#038;ssl=1\" alt=\"Imagem compartilhar whatsapp\"\/><\/p>\n<p>                <img data-recalc-dims=\"1\" loading=\"lazy\" decoding=\"async\" width=\"25\" height=\"25\" src=\"https:\/\/i0.wp.com\/francaclassificados.com\/\/source\/view\/img\/18w50.png?resize=25%2C25&#038;ssl=1\" alt=\"Imagem compartilhar facebook\"\/><\/p>\n<\/p><\/div>\n<div class=\"emp\">\n<p>\n            SOCIAL MEDIA | LOJA DE MODA INFANTIL<br \/>REQUISITOS: Dom\u00ednio na cria\u00e7\u00e3o de reels, e posts para as redes sociais. Excelente comunica\u00e7\u00e3o verbal e principalmente escrita para cria\u00e7\u00e3o das legendas dos posts. No\u00e7\u00f5es de roteiro, grava\u00e7\u00e3o, fotografia e edi\u00e7\u00e3o de v\u00eddeos. Disponibilidade para in\u00edcio imediato Prefer\u00eancia por perfil feminino: Interessadas enviar curr\u00edculo para o n\u00famero: 1699266-4997\n            <\/p>\n<p><strong>Compartilhe:<\/strong><\/p>\n<p>                <img data-recalc-dims=\"1\" loading=\"lazy\" decoding=\"async\" width=\"25\" height=\"25\" src=\"https:\/\/i0.wp.com\/francaclassificados.com\/\/source\/view\/img\/20w50.png?resize=25%2C25&#038;ssl=1\" alt=\"Imagem compartilhar whatsapp\"\/><\/p>\n<p>                <img data-recalc-dims=\"1\" loading=\"lazy\" decoding=\"async\" width=\"25\" height=\"25\" src=\"https:\/\/i0.wp.com\/francaclassificados.com\/\/source\/view\/img\/18w50.png?resize=25%2C25&#038;ssl=1\" alt=\"Imagem compartilhar facebook\"\/><\/p>\n<\/p><\/div>\n<p>    <script async=\"\" src=\"https:\/\/pagead2.googlesyndication.com\/pagead\/js\/adsbygoogle.js?client=ca-pub-2853392113352629\" crossorigin=\"anonymous\"\/>\n    <ins class=\"adsbygoogle\" style=\"display:block\" data-ad-client=\"ca-pub-2853392113352629\" data-ad-slot=\"2925831803\" data-ad-format=\"auto\" data-full-width-responsive=\"true\"\/>\n    <script><![CDATA[\n    (adsbygoogle = window.adsbygoogle || []).push({});\n    ]]><\/script><\/p>\n<div class=\"emp\">\n<p>\n            ANALISTA DE PCP<br \/>Atividades: Controle de estoque e produ\u00e7\u00e3o - Cadastramento de produtos - Elabora\u00e7\u00e3o de Pedidos - An\u00e1lise de custos e insumos para a produ\u00e7\u00e3o - Acompanhamento dos pedidos na produ\u00e7\u00e3o ( prazos e entregas). Requisitos: Experi\u00eancia anterior na \u00e1rea de PCP - capacidade de an\u00e1lise sobre processos produtivos. Ter\u00e3o prefer\u00eancia os candidatos com forma\u00e7\u00e3o superior em \u00e1reas relacionadas. Interessados enviar curriculum para rhfreitas.selecao@gmail.com\n            <\/p>\n<p><strong>Compartilhe:<\/strong><\/p>\n<p>                <img data-recalc-dims=\"1\" loading=\"lazy\" decoding=\"async\" width=\"25\" height=\"25\" src=\"https:\/\/i0.wp.com\/francaclassificados.com\/\/source\/view\/img\/20w50.png?resize=25%2C25&#038;ssl=1\" alt=\"Imagem compartilhar whatsapp\"\/><\/p>\n<p>                <img data-recalc-dims=\"1\" loading=\"lazy\" decoding=\"async\" width=\"25\" height=\"25\" src=\"https:\/\/i0.wp.com\/francaclassificados.com\/\/source\/view\/img\/18w50.png?resize=25%2C25&#038;ssl=1\" alt=\"Imagem compartilhar facebook\"\/><\/p>\n<\/p><\/div>\n<div class=\"emp\">\n<p>\n            DOM\u00c9STICA<br \/>Limpeza da casa, cozinhar, lavar e passar roupas.<br \/>Seg \u00e0 sexta 7 \u00e0s 14:00h<br \/>Resid\u00eancia Bairro Jos\u00e9 de Carlos<br \/>INDISPENS\u00c1VEL experi\u00eancia e refer\u00eancias.<br \/>Enviar e-mail : iisaborges@outlook.com\n            <\/p>\n<p><strong>Compartilhe:<\/strong><\/p>\n<p>                <img data-recalc-dims=\"1\" loading=\"lazy\" decoding=\"async\" width=\"25\" height=\"25\" src=\"https:\/\/i0.wp.com\/francaclassificados.com\/\/source\/view\/img\/20w50.png?resize=25%2C25&#038;ssl=1\" alt=\"Imagem compartilhar whatsapp\"\/><\/p>\n<p>                <img data-recalc-dims=\"1\" loading=\"lazy\" decoding=\"async\" width=\"25\" height=\"25\" src=\"https:\/\/i0.wp.com\/francaclassificados.com\/\/source\/view\/img\/18w50.png?resize=25%2C25&#038;ssl=1\" alt=\"Imagem compartilhar facebook\"\/><\/p>\n<\/p><\/div>\n<p>    <script async=\"\" src=\"https:\/\/pagead2.googlesyndication.com\/pagead\/js\/adsbygoogle.js?client=ca-pub-2853392113352629\" crossorigin=\"anonymous\"\/>\n    <ins class=\"adsbygoogle\" style=\"display:block\" data-ad-client=\"ca-pub-2853392113352629\" data-ad-slot=\"2925831803\" data-ad-format=\"auto\" data-full-width-responsive=\"true\"\/>\n    <script><![CDATA[\n    (adsbygoogle = window.adsbygoogle || []).push({});\n    ]]><\/script><\/p>\n<div class=\"emp\">\n<p>\n            Vendedor externo com experi\u00eancia<br \/>Capta\u00e7\u00e3o de novos clientes, formar carteira de clientes e p\u00f3s vendas. Atendimento ao cliente em geral. Ter\u00e1 todo o suporte de supervisor especialista em cons\u00f3rcio; REQUISITOS: 2\u00ba grau completo; Maior de 21 anos; disponibilidade de hor\u00e1rio integral; ve\u00edculo pr\u00f3prio (desej\u00e1vel); REGIME DE CONTRATA\u00c7\u00c3O: CLT + Benificios + Bonifica\u00e7\u00e3o; Hor\u00e1rio: De segunda a sexta-feira das 9:00hs \u00e0s 18:00h.<br \/>\n            <br \/>contato@pemconsorcios.com.br\n            <\/p>\n<p><strong>Compartilhe:<\/strong><\/p>\n<p>                <img data-recalc-dims=\"1\" loading=\"lazy\" decoding=\"async\" width=\"25\" height=\"25\" src=\"https:\/\/i0.wp.com\/francaclassificados.com\/\/source\/view\/img\/20w50.png?resize=25%2C25&#038;ssl=1\" alt=\"Imagem compartilhar whatsapp\"\/><\/p>\n<p>                <img data-recalc-dims=\"1\" loading=\"lazy\" decoding=\"async\" width=\"25\" height=\"25\" src=\"https:\/\/i0.wp.com\/francaclassificados.com\/\/source\/view\/img\/18w50.png?resize=25%2C25&#038;ssl=1\" alt=\"Imagem compartilhar facebook\"\/><\/p>\n<\/p><\/div>\n<div class=\"emp\">\n<p>\n            CONTRATA-SE **AUXILIAR DE COZINHA (a)**; **ATENDENTE CAIXA**; **GAR\u00c7OM \/ GAR\u00c7ONETE**. Exige-se disponibilidade de hor\u00e1rio a partir das 16h. Tratar das 19h \u00e0s 19h:45m com CTPS em m\u00e3os para preenchimento de ficha e entrevista. Falar com Gisele - Av. Presidente Vargas, 1153\n            <\/p>\n<p><strong>Compartilhe:<\/strong><\/p>\n<p>                <img data-recalc-dims=\"1\" loading=\"lazy\" decoding=\"async\" width=\"25\" height=\"25\" src=\"https:\/\/i0.wp.com\/francaclassificados.com\/\/source\/view\/img\/20w50.png?resize=25%2C25&#038;ssl=1\" alt=\"Imagem compartilhar whatsapp\"\/><\/p>\n<p>                <img data-recalc-dims=\"1\" loading=\"lazy\" decoding=\"async\" width=\"25\" height=\"25\" src=\"https:\/\/i0.wp.com\/francaclassificados.com\/\/source\/view\/img\/18w50.png?resize=25%2C25&#038;ssl=1\" alt=\"Imagem compartilhar facebook\"\/><\/p>\n<\/p><\/div>\n<p>    <script async=\"\" src=\"https:\/\/pagead2.googlesyndication.com\/pagead\/js\/adsbygoogle.js?client=ca-pub-2853392113352629\" crossorigin=\"anonymous\"\/>\n    <ins class=\"adsbygoogle\" style=\"display:block\" data-ad-client=\"ca-pub-2853392113352629\" data-ad-slot=\"2925831803\" data-ad-format=\"auto\" data-full-width-responsive=\"true\"\/>\n    <script><![CDATA[\n    (adsbygoogle = window.adsbygoogle || []).push({});\n    ]]><\/script><\/p>\n<div class=\"emp\">\n<p>\n            Contrata-se coladeira de pe\u00e7as com urg\u00eancia, que tenha EXPERIENCIA na \u00e1rea e que realmente queira trabalhar, somos fabricantes de botas texanas, Chelsea, coturnos. dispenso curiosos, empresa fica no jardim Guanabara f\u00e1cil acesso. Hor\u00e1rios das 7 as 11:30 - 12:30 as 16:30 de segunda a sexta feira, salario compat\u00edvel com a fun\u00e7\u00e3o. Enviar curr\u00edculo pelo WhatsApp 16 99449-0224\n            <\/p>\n<p><strong>Compartilhe:<\/strong><\/p>\n<p>                <img data-recalc-dims=\"1\" loading=\"lazy\" decoding=\"async\" width=\"25\" height=\"25\" src=\"https:\/\/i0.wp.com\/francaclassificados.com\/\/source\/view\/img\/20w50.png?resize=25%2C25&#038;ssl=1\" alt=\"Imagem compartilhar whatsapp\"\/><\/p>\n<p>                <img data-recalc-dims=\"1\" loading=\"lazy\" decoding=\"async\" width=\"25\" height=\"25\" src=\"https:\/\/i0.wp.com\/francaclassificados.com\/\/source\/view\/img\/18w50.png?resize=25%2C25&#038;ssl=1\" alt=\"Imagem compartilhar facebook\"\/><\/p>\n<\/p><\/div>\n<div class=\"emp\">\n<p>\n            F\u00e1brica de cal\u00e7ados admite-se para 3 cargos dispon\u00edveis: PASSADOR DE COLA NO CABEDAL, RISCADOR, REBAIXADOR. F\u00e1brica localizada no Tropical: Chamar no Whatsapp 16 98809-9835\n            <\/p>\n<p><strong>Compartilhe:<\/strong><\/p>\n<p>                <img data-recalc-dims=\"1\" loading=\"lazy\" decoding=\"async\" width=\"25\" height=\"25\" src=\"https:\/\/i0.wp.com\/francaclassificados.com\/\/source\/view\/img\/20w50.png?resize=25%2C25&#038;ssl=1\" alt=\"Imagem compartilhar whatsapp\"\/><\/p>\n<p>                <img data-recalc-dims=\"1\" loading=\"lazy\" decoding=\"async\" width=\"25\" height=\"25\" src=\"https:\/\/i0.wp.com\/francaclassificados.com\/\/source\/view\/img\/18w50.png?resize=25%2C25&#038;ssl=1\" alt=\"Imagem compartilhar facebook\"\/><\/p>\n<\/p><\/div>\n<p>    <script async=\"\" src=\"https:\/\/pagead2.googlesyndication.com\/pagead\/js\/adsbygoogle.js?client=ca-pub-2853392113352629\" crossorigin=\"anonymous\"\/>\n    <ins class=\"adsbygoogle\" style=\"display:block\" data-ad-client=\"ca-pub-2853392113352629\" data-ad-slot=\"2925831803\" data-ad-format=\"auto\" data-full-width-responsive=\"true\"\/>\n    <script><![CDATA[\n    (adsbygoogle = window.adsbygoogle || []).push({});\n    ]]><\/script><\/p>\n<div class=\"emp\">\n<p>\n            AUXILIAR CONTABIL<br \/>R$ 2.440,00 (Sal\u00e1rio + Vale Alimenta\u00e7\u00e3o) Contrata-se. \u00c9 necess\u00e1rio ter experi\u00eancia em lan\u00e7amentos cont\u00e1beis, ou no setor fiscal. Enviar curr\u00edculo para o e-mail: marcelocnt@hotmail.com\n            <\/p>\n<p><strong>Compartilhe:<\/strong><\/p>\n<p>                <img data-recalc-dims=\"1\" loading=\"lazy\" decoding=\"async\" width=\"25\" height=\"25\" src=\"https:\/\/i0.wp.com\/francaclassificados.com\/\/source\/view\/img\/20w50.png?resize=25%2C25&#038;ssl=1\" alt=\"Imagem compartilhar whatsapp\"\/><\/p>\n<p>                <img data-recalc-dims=\"1\" loading=\"lazy\" decoding=\"async\" width=\"25\" height=\"25\" src=\"https:\/\/i0.wp.com\/francaclassificados.com\/\/source\/view\/img\/18w50.png?resize=25%2C25&#038;ssl=1\" alt=\"Imagem compartilhar facebook\"\/><\/p>\n<\/p><\/div>\n<div class=\"emp\">\n<p>\n            AUX DE SERRALHEIRO<br \/>Ir\u00e1 trabalhar em conjunto com Serralheiro e outros p\/ produzir produtos de comunica\u00e7\u00e3o visual, como placas e letreiros. Trabalhar\u00e1 o material solicitado conforme especifica\u00e7\u00e3o, medindo, riscando, furando, cortando. Ir\u00e1 lixar, limpar, pintar e montar estruturas met\u00e1licas nos clientes quando necess\u00e1rio. Sal\u00e1rio: R$ 1.850,00 + 250,00 V.A. Interessados encaminhar CV at\u00e9 05\/07 p\/ vagas@rmconsultoriagp.com.br\n            <\/p>\n<p><strong>Compartilhe:<\/strong><\/p>\n<p>                <img data-recalc-dims=\"1\" loading=\"lazy\" decoding=\"async\" width=\"25\" height=\"25\" src=\"https:\/\/i0.wp.com\/francaclassificados.com\/\/source\/view\/img\/20w50.png?resize=25%2C25&#038;ssl=1\" alt=\"Imagem compartilhar whatsapp\"\/><\/p>\n<p>                <img data-recalc-dims=\"1\" loading=\"lazy\" decoding=\"async\" width=\"25\" height=\"25\" src=\"https:\/\/i0.wp.com\/francaclassificados.com\/\/source\/view\/img\/18w50.png?resize=25%2C25&#038;ssl=1\" alt=\"Imagem compartilhar facebook\"\/><\/p>\n<\/p><\/div>\n<p>    <script async=\"\" src=\"https:\/\/pagead2.googlesyndication.com\/pagead\/js\/adsbygoogle.js?client=ca-pub-2853392113352629\" crossorigin=\"anonymous\"\/>\n    <ins class=\"adsbygoogle\" style=\"display:block\" data-ad-client=\"ca-pub-2853392113352629\" data-ad-slot=\"2925831803\" data-ad-format=\"auto\" data-full-width-responsive=\"true\"\/>\n    <script><![CDATA[\n    (adsbygoogle = window.adsbygoogle || []).push({});\n    ]]><\/script><\/p>\n<div class=\"emp\">\n<p>\n            ENTREGADOR<br \/>Requisitos necess\u00e1rios: Ensino m\u00e9dio completo, CNH da categoria A, disponibilidade de hor\u00e1rios, entregas de g\u00e1s e \u00e1gua na regi\u00e3o de Franca. consultoria.isamuzeti@gmail.com\n            <\/p>\n<p><strong>Compartilhe:<\/strong><\/p>\n<p>                <img data-recalc-dims=\"1\" loading=\"lazy\" decoding=\"async\" width=\"25\" height=\"25\" src=\"https:\/\/i0.wp.com\/francaclassificados.com\/\/source\/view\/img\/20w50.png?resize=25%2C25&#038;ssl=1\" alt=\"Imagem compartilhar whatsapp\"\/><\/p>\n<p>                <img data-recalc-dims=\"1\" loading=\"lazy\" decoding=\"async\" width=\"25\" height=\"25\" src=\"https:\/\/i0.wp.com\/francaclassificados.com\/\/source\/view\/img\/18w50.png?resize=25%2C25&#038;ssl=1\" alt=\"Imagem compartilhar facebook\"\/><\/p>\n<\/p><\/div>\n<div class=\"emp\">\n<p>\n            ATENDENTE<br \/>Contrata atendente com disponibilidade aos s\u00e1bados , domingos e feriados Hor\u00e1rio 17:00 as 00:20 Requisitos : * Possuir ve\u00edculo pr\u00f3prio. Atividades : atendimento ao p\u00fablico, auxiliar na prepara\u00e7\u00e3o dos pedidos , organiza\u00e7\u00e3o e limpeza do ambiente de trabalho. Remunera\u00e7\u00e3o: sal\u00e1rio + horas extras + Adicional noturno + premia\u00e7\u00e3o.Interessados enviar curr\u00edculo para: curriculovagas@outlook.com.br\n            <\/p>\n<p><strong>Compartilhe:<\/strong><\/p>\n<p>                <img data-recalc-dims=\"1\" loading=\"lazy\" decoding=\"async\" width=\"25\" height=\"25\" src=\"https:\/\/i0.wp.com\/francaclassificados.com\/\/source\/view\/img\/20w50.png?resize=25%2C25&#038;ssl=1\" alt=\"Imagem compartilhar whatsapp\"\/><\/p>\n<p>                <img data-recalc-dims=\"1\" loading=\"lazy\" decoding=\"async\" width=\"25\" height=\"25\" src=\"https:\/\/i0.wp.com\/francaclassificados.com\/\/source\/view\/img\/18w50.png?resize=25%2C25&#038;ssl=1\" alt=\"Imagem compartilhar facebook\"\/><\/p>\n<\/p><\/div>\n<p>    <script async=\"\" src=\"https:\/\/pagead2.googlesyndication.com\/pagead\/js\/adsbygoogle.js?client=ca-pub-2853392113352629\" crossorigin=\"anonymous\"\/>\n    <ins class=\"adsbygoogle\" style=\"display:block\" data-ad-client=\"ca-pub-2853392113352629\" data-ad-slot=\"2925831803\" data-ad-format=\"auto\" data-full-width-responsive=\"true\"\/>\n    <script><![CDATA[\n    (adsbygoogle = window.adsbygoogle || []).push({});\n    ]]><\/script><\/p>\n<div class=\"emp\">\n<p>\n            Contrata-se para inicio imediato, Pespontador(a), Gabineiro consertista , Estrigador (a) , Banca de pesponto, Revisora de pesponto(a) , pregador de palmilha, cortador de vaqueta, cortador de forro, carimbadeira, gabineiro que faz conserto, manchador banca de pesponto, auxiliar de prepara\u00e7\u00e3o , auxiliar de almoxarifado de couro , arranhador , consertista , pregador de palmilha , manchador , espianador , interessados enviar curriculum para e mail rhshoes7@gmail.com\n            <\/p>\n<p><strong>Compartilhe:<\/strong><\/p>\n<p>                <img data-recalc-dims=\"1\" loading=\"lazy\" decoding=\"async\" width=\"25\" height=\"25\" src=\"https:\/\/i0.wp.com\/francaclassificados.com\/\/source\/view\/img\/20w50.png?resize=25%2C25&#038;ssl=1\" alt=\"Imagem compartilhar whatsapp\"\/><\/p>\n<p>                <img data-recalc-dims=\"1\" loading=\"lazy\" decoding=\"async\" width=\"25\" height=\"25\" src=\"https:\/\/i0.wp.com\/francaclassificados.com\/\/source\/view\/img\/18w50.png?resize=25%2C25&#038;ssl=1\" alt=\"Imagem compartilhar facebook\"\/><\/p>\n<\/p><\/div>\n<div class=\"emp\">\n<p>\n            AG\u00caNCIA DE MARKETING CONTRATA<br \/>Videomaker: Capta\u00e7\u00e3o, edi\u00e7\u00e3o e finaliza\u00e7\u00e3o de materiais audiovisuais. \/ Social Media: Respons\u00e1vel pela gest\u00e3o e estrat\u00e9gias dos perfis de redes sociais, planejando, criando, programando e atualizando conte\u00fado de diversos clientes. \/ Assistente Marketplace: Cadastrar produtos nas plataformas, subir e alterar material, an\u00e1lise de vendas e site, fazer atendimento, etc. \/ Necess\u00e1rio experi\u00eancia comprovada na \u00e1rea. Interessados enviar curr\u00edculo para izabella@pugweb.com\n            <\/p>\n<p><strong>Compartilhe:<\/strong><\/p>\n<p>                <img data-recalc-dims=\"1\" loading=\"lazy\" decoding=\"async\" width=\"25\" height=\"25\" src=\"https:\/\/i0.wp.com\/francaclassificados.com\/\/source\/view\/img\/20w50.png?resize=25%2C25&#038;ssl=1\" alt=\"Imagem compartilhar whatsapp\"\/><\/p>\n<p>                <img data-recalc-dims=\"1\" loading=\"lazy\" decoding=\"async\" width=\"25\" height=\"25\" src=\"https:\/\/i0.wp.com\/francaclassificados.com\/\/source\/view\/img\/18w50.png?resize=25%2C25&#038;ssl=1\" alt=\"Imagem compartilhar facebook\"\/><\/p>\n<\/p><\/div>\n<p>    <script async=\"\" src=\"https:\/\/pagead2.googlesyndication.com\/pagead\/js\/adsbygoogle.js?client=ca-pub-2853392113352629\" crossorigin=\"anonymous\"\/>\n    <ins class=\"adsbygoogle\" style=\"display:block\" data-ad-client=\"ca-pub-2853392113352629\" data-ad-slot=\"2925831803\" data-ad-format=\"auto\" data-full-width-responsive=\"true\"\/>\n    <script><![CDATA[\n    (adsbygoogle = window.adsbygoogle || []).push({});\n    ]]><\/script><\/p>\n<div class=\"emp\">\n<p>\n            AUXILIAR DE FATURAMENTO<br \/>Requisitos: - Experi\u00eancia com Faturamento no m\u00ednimo de 6 meses. Dom\u00ednio do Pacote Office. Ser uma pessoa comunicativa, educada, proativa e din\u00e2mica. Trabalho de segunda a sexta das 08h \u00e0s 18h - Interessados enviar curriculum aos cuidados de Daniele no e-mail adm@tapecouro.com.br. Imprescind\u00edvel ter experi\u00eancia na \u00e1rea.\n            <\/p>\n<p><strong>Compartilhe:<\/strong><\/p>\n<p>                <img data-recalc-dims=\"1\" loading=\"lazy\" decoding=\"async\" width=\"25\" height=\"25\" src=\"https:\/\/i0.wp.com\/francaclassificados.com\/\/source\/view\/img\/20w50.png?resize=25%2C25&#038;ssl=1\" alt=\"Imagem compartilhar whatsapp\"\/><\/p>\n<p>                <img data-recalc-dims=\"1\" loading=\"lazy\" decoding=\"async\" width=\"25\" height=\"25\" src=\"https:\/\/i0.wp.com\/francaclassificados.com\/\/source\/view\/img\/18w50.png?resize=25%2C25&#038;ssl=1\" alt=\"Imagem compartilhar facebook\"\/><\/p>\n<\/p><\/div>\n<div class=\"emp\">\n<p>\n            CONTRATA-SE PARA INICIO IMEDIATO: PASSADOR DE COLA NO CABEDAL, AUXILIAR DE PREPARA\u00c7\u00c3O E COLADEIRA DE CALCANHEIRA. CANDITADOS \u00c1 VAGA POR GENTILEZA ENVIAR CURRICULO PELO EMAIL. departamentopessoalc1@gmail.com OU WHATSAPP 16 99425-8118\n            <\/p>\n<p><strong>Compartilhe:<\/strong><\/p>\n<p>                <img data-recalc-dims=\"1\" loading=\"lazy\" decoding=\"async\" width=\"25\" height=\"25\" src=\"https:\/\/i0.wp.com\/francaclassificados.com\/\/source\/view\/img\/20w50.png?resize=25%2C25&#038;ssl=1\" alt=\"Imagem compartilhar whatsapp\"\/><\/p>\n<p>                <img data-recalc-dims=\"1\" loading=\"lazy\" decoding=\"async\" width=\"25\" height=\"25\" src=\"https:\/\/i0.wp.com\/francaclassificados.com\/\/source\/view\/img\/18w50.png?resize=25%2C25&#038;ssl=1\" alt=\"Imagem compartilhar facebook\"\/><\/p>\n<\/p><\/div>\n<p>    <script async=\"\" src=\"https:\/\/pagead2.googlesyndication.com\/pagead\/js\/adsbygoogle.js?client=ca-pub-2853392113352629\" crossorigin=\"anonymous\"\/>\n    <ins class=\"adsbygoogle\" style=\"display:block\" data-ad-client=\"ca-pub-2853392113352629\" data-ad-slot=\"2925831803\" data-ad-format=\"auto\" data-full-width-responsive=\"true\"\/>\n    <script><![CDATA[\n    (adsbygoogle = window.adsbygoogle || []).push({});\n    ]]><\/script><\/p>\n<div class=\"emp\">\n<p>\n            Contrata-se para in\u00edcio imediato: PESPONTADOR(eira) e COLADEIRA de PE\u00c7AS com experi\u00eancia. Interessados enviar curr\u00edculo com o nome da vaga para: rh@calcadosshelter.com.br ou comparecer \u00e0 Rua Pedro Diniz, 748 - Parque S\u00e3o Jorge\n            <\/p>\n<p><strong>Compartilhe:<\/strong><\/p>\n<p>                <img data-recalc-dims=\"1\" loading=\"lazy\" decoding=\"async\" width=\"25\" height=\"25\" src=\"https:\/\/i0.wp.com\/francaclassificados.com\/\/source\/view\/img\/20w50.png?resize=25%2C25&#038;ssl=1\" alt=\"Imagem compartilhar whatsapp\"\/><\/p>\n<p>                <img data-recalc-dims=\"1\" loading=\"lazy\" decoding=\"async\" width=\"25\" height=\"25\" src=\"https:\/\/i0.wp.com\/francaclassificados.com\/\/source\/view\/img\/18w50.png?resize=25%2C25&#038;ssl=1\" alt=\"Imagem compartilhar facebook\"\/><\/p>\n<\/p><\/div>\n<div class=\"emp\">\n<p>\n            VENDEDORA BOUTIQUE INFANTIL<br \/>Requisitos: Ensino M\u00e9dio completo; Disponibilidade de hor\u00e1rio; Gostar de crian\u00e7as. Principais Atividades: Atendimento ao cliente; Auxiliar na organiza\u00e7\u00e3o, limpeza, estoque e caixa. Indispens\u00e1vel: Ter boa comunica\u00e7\u00e3o, ser proativa, vontade de aprender, ser organizada, ter vontade de crescer, gostar de trabalhar com metas e ter experi\u00eancia em vendas. Enviar curr\u00edculo para whatsapp 1637235076\n            <\/p>\n<p><strong>Compartilhe:<\/strong><\/p>\n<p>                <img data-recalc-dims=\"1\" loading=\"lazy\" decoding=\"async\" width=\"25\" height=\"25\" src=\"https:\/\/i0.wp.com\/francaclassificados.com\/\/source\/view\/img\/20w50.png?resize=25%2C25&#038;ssl=1\" alt=\"Imagem compartilhar whatsapp\"\/><\/p>\n<p>                <img data-recalc-dims=\"1\" loading=\"lazy\" decoding=\"async\" width=\"25\" height=\"25\" src=\"https:\/\/i0.wp.com\/francaclassificados.com\/\/source\/view\/img\/18w50.png?resize=25%2C25&#038;ssl=1\" alt=\"Imagem compartilhar facebook\"\/><\/p>\n<\/p><\/div>\n<p>    <script async=\"\" src=\"https:\/\/pagead2.googlesyndication.com\/pagead\/js\/adsbygoogle.js?client=ca-pub-2853392113352629\" crossorigin=\"anonymous\"\/>\n    <ins class=\"adsbygoogle\" style=\"display:block\" data-ad-client=\"ca-pub-2853392113352629\" data-ad-slot=\"2925831803\" data-ad-format=\"auto\" data-full-width-responsive=\"true\"\/>\n    <script><![CDATA[\n    (adsbygoogle = window.adsbygoogle || []).push({});\n    ]]><\/script><\/p>\n<div class=\"emp\">\n<p>\n            AUXILIAR DE PRODU\u00c7\u00c3O<br \/>INDUSTRIA DE PE\u00c7AS AGRICOLAS EM FRANCA ADMITE AUXILIAR DE PRODU\u00c7\u00c3O SEM EXPERIENCIA, PARA MONTAGEM DE PE\u00c7AS AGRICOLAS. BENEFICIOS: VALE ALIMENTA\u00c7\u00c3O, VALE TRANSPORTE, BONIFICA\u00c7\u00c3O, CONVENIO MEDICO E COM FARMACIA E CONVENIO COM O SESI. INTERESSADOS ENVIAR CURRICULO NO WATSSAP 16. 981210385 (SOMENTE MENSAGEM DE TEXTO).\n            <\/p>\n<p><strong>Compartilhe:<\/strong><\/p>\n<p>                <img data-recalc-dims=\"1\" loading=\"lazy\" decoding=\"async\" width=\"25\" height=\"25\" src=\"https:\/\/i0.wp.com\/francaclassificados.com\/\/source\/view\/img\/20w50.png?resize=25%2C25&#038;ssl=1\" alt=\"Imagem compartilhar whatsapp\"\/><\/p>\n<p>                <img data-recalc-dims=\"1\" loading=\"lazy\" decoding=\"async\" width=\"25\" height=\"25\" src=\"https:\/\/i0.wp.com\/francaclassificados.com\/\/source\/view\/img\/18w50.png?resize=25%2C25&#038;ssl=1\" alt=\"Imagem compartilhar facebook\"\/><\/p>\n<\/p><\/div>\n<div class=\"emp\">\n<p>\n            VENDEDORAS<br \/>Loja no Shopping busca vendedora COM EXPERI\u00caNCIA. Que seja comunicativa, proativa, comprometida e organizada, se identifique com metas\/comiss\u00f5es e tenha disponibilidade de hor\u00e1rios. Requisitos: Experi\u00eancia como vendedora, Segundo grau completo, inform\u00e1tica b\u00e1sica e dom\u00ednio em redes sociais. Se voc\u00ea se identifica com nossa Marca e quer fazer parte do nosso Time, envie seu Curr\u00edculo com foto! Proposta Salarial: Fixo + Benef\u00edcios + Comiss\u00f5es atrativas.<br \/>\n            <br \/>arezzofranca2@gmail.com\n            <\/p>\n<p><strong>Compartilhe:<\/strong><\/p>\n<p>                <img data-recalc-dims=\"1\" loading=\"lazy\" decoding=\"async\" width=\"25\" height=\"25\" src=\"https:\/\/i0.wp.com\/francaclassificados.com\/\/source\/view\/img\/20w50.png?resize=25%2C25&#038;ssl=1\" alt=\"Imagem compartilhar whatsapp\"\/><\/p>\n<p>                <img data-recalc-dims=\"1\" loading=\"lazy\" decoding=\"async\" width=\"25\" height=\"25\" src=\"https:\/\/i0.wp.com\/francaclassificados.com\/\/source\/view\/img\/18w50.png?resize=25%2C25&#038;ssl=1\" alt=\"Imagem compartilhar facebook\"\/><\/p>\n<\/p><\/div>\n<p>    <script async=\"\" src=\"https:\/\/pagead2.googlesyndication.com\/pagead\/js\/adsbygoogle.js?client=ca-pub-2853392113352629\" crossorigin=\"anonymous\"\/>\n    <ins class=\"adsbygoogle\" style=\"display:block\" data-ad-client=\"ca-pub-2853392113352629\" data-ad-slot=\"2925831803\" data-ad-format=\"auto\" data-full-width-responsive=\"true\"\/>\n    <script><![CDATA[\n    (adsbygoogle = window.adsbygoogle || []).push({});\n    ]]><\/script><\/p>\n<div class=\"emp\">\n<p>\n            AJUDANTE GERAL<br \/>Conceituada empresa no ramo da constru\u00e7\u00e3o civil contrata, AJUDANTE GERAL DE OBRA, com experi\u00eancia em carteira, trabalho em equipe, in\u00edcio imediato, contrato CLT. Enviar curriculum com pretens\u00e3o salarial para: instalador.frc@gmail.com\n            <\/p>\n<p><strong>Compartilhe:<\/strong><\/p>\n<p>                <img data-recalc-dims=\"1\" loading=\"lazy\" decoding=\"async\" width=\"25\" height=\"25\" src=\"https:\/\/i0.wp.com\/francaclassificados.com\/\/source\/view\/img\/20w50.png?resize=25%2C25&#038;ssl=1\" alt=\"Imagem compartilhar whatsapp\"\/><\/p>\n<p>                <img data-recalc-dims=\"1\" loading=\"lazy\" decoding=\"async\" width=\"25\" height=\"25\" src=\"https:\/\/i0.wp.com\/francaclassificados.com\/\/source\/view\/img\/18w50.png?resize=25%2C25&#038;ssl=1\" alt=\"Imagem compartilhar facebook\"\/><\/p>\n<\/p><\/div>\n<div class=\"emp\">\n<p>\n            DESIGN GR\u00c1FICO<br \/>Estamos contratando um Designer talentoso para criar artes, fotos e v\u00eddeos criativos para nossas campanhas nas redes sociais. O candidato ideal deve ter experi\u00eancia comprovada em design gr\u00e1fico, habilidades em edi\u00e7\u00e3o de fotos e v\u00eddeos Ser\u00e1 respons\u00e1vel por desenvolver conte\u00fado visual alinhado ao nosso planejamento de marketing. Envie seu curr\u00edculo e portf\u00f3lio para \"curriculo.ecommerce2024@gmail.com\" com o assunto \"Vaga Designer \u201d.\n            <\/p>\n<p><strong>Compartilhe:<\/strong><\/p>\n<p>                <img data-recalc-dims=\"1\" loading=\"lazy\" decoding=\"async\" width=\"25\" height=\"25\" src=\"https:\/\/i0.wp.com\/francaclassificados.com\/\/source\/view\/img\/20w50.png?resize=25%2C25&#038;ssl=1\" alt=\"Imagem compartilhar whatsapp\"\/><\/p>\n<p>                <img data-recalc-dims=\"1\" loading=\"lazy\" decoding=\"async\" width=\"25\" height=\"25\" src=\"https:\/\/i0.wp.com\/francaclassificados.com\/\/source\/view\/img\/18w50.png?resize=25%2C25&#038;ssl=1\" alt=\"Imagem compartilhar facebook\"\/><\/p>\n<\/p><\/div>\n<p>    <script async=\"\" src=\"https:\/\/pagead2.googlesyndication.com\/pagead\/js\/adsbygoogle.js?client=ca-pub-2853392113352629\" crossorigin=\"anonymous\"\/>\n    <ins class=\"adsbygoogle\" style=\"display:block\" data-ad-client=\"ca-pub-2853392113352629\" data-ad-slot=\"2925831803\" data-ad-format=\"auto\" data-full-width-responsive=\"true\"\/>\n    <script><![CDATA[\n    (adsbygoogle = window.adsbygoogle || []).push({});\n    ]]><\/script><\/p>\n<div class=\"emp\">\n<p>\n            DESIGNER PARA ESTAMPARIA<br \/>Com experi\u00eancia em camisetas,pain\u00e9is,moletons,1699312-1442 WhatsApp saber operar impressora de sublima\u00e7\u00e3o\n            <\/p>\n<p><strong>Compartilhe:<\/strong><\/p>\n<p>                <img data-recalc-dims=\"1\" loading=\"lazy\" decoding=\"async\" width=\"25\" height=\"25\" src=\"https:\/\/i0.wp.com\/francaclassificados.com\/\/source\/view\/img\/20w50.png?resize=25%2C25&#038;ssl=1\" alt=\"Imagem compartilhar whatsapp\"\/><\/p>\n<p>                <img data-recalc-dims=\"1\" loading=\"lazy\" decoding=\"async\" width=\"25\" height=\"25\" src=\"https:\/\/i0.wp.com\/francaclassificados.com\/\/source\/view\/img\/18w50.png?resize=25%2C25&#038;ssl=1\" alt=\"Imagem compartilhar facebook\"\/><\/p>\n<\/p><\/div>\n<div class=\"emp\">\n<p>\n            Contrata-se coladeira de pe\u00e7as. Necess\u00e1rio possuir experi\u00eancia, Sal\u00e1rio compativel com a fun\u00e7\u00e3o, interessados enviar para o email ecommerce@flordapele.com.br ou trazer pessoalmente na Avenida Jos\u00e9 Rodrigues da Costa Sobrinho 2081 JD Petraglia.\n            <\/p>\n<p><strong>Compartilhe:<\/strong><\/p>\n<p>                <img data-recalc-dims=\"1\" loading=\"lazy\" decoding=\"async\" width=\"25\" height=\"25\" src=\"https:\/\/i0.wp.com\/francaclassificados.com\/\/source\/view\/img\/20w50.png?resize=25%2C25&#038;ssl=1\" alt=\"Imagem compartilhar whatsapp\"\/><\/p>\n<p>                <img data-recalc-dims=\"1\" loading=\"lazy\" decoding=\"async\" width=\"25\" height=\"25\" src=\"https:\/\/i0.wp.com\/francaclassificados.com\/\/source\/view\/img\/18w50.png?resize=25%2C25&#038;ssl=1\" alt=\"Imagem compartilhar facebook\"\/><\/p>\n<\/p><\/div>\n<p>    <script async=\"\" src=\"https:\/\/pagead2.googlesyndication.com\/pagead\/js\/adsbygoogle.js?client=ca-pub-2853392113352629\" crossorigin=\"anonymous\"\/>\n    <ins class=\"adsbygoogle\" style=\"display:block\" data-ad-client=\"ca-pub-2853392113352629\" data-ad-slot=\"2925831803\" data-ad-format=\"auto\" data-full-width-responsive=\"true\"\/>\n    <script><![CDATA[\n    (adsbygoogle = window.adsbygoogle || []).push({});\n    ]]><\/script><\/p>\n<div class=\"emp\">\n<p>\n            Ind\u00fastria de Cal\u00e7ados admite-se para inicio imediato, AUXILIAR DE PLANCHEAMENTO, ENFUMA\u00c7ADOR DE MONTAGEM, ENFUMA\u00c7ADOR DE PLANCHEAMENTO, com experi\u00eancia comprovada em carteira. Interessados encaminhar Curriculum para o e-mail: contratacaodp2023@gmail.com\n            <\/p>\n<p><strong>Compartilhe:<\/strong><\/p>\n<p>                <img data-recalc-dims=\"1\" loading=\"lazy\" decoding=\"async\" width=\"25\" height=\"25\" src=\"https:\/\/i0.wp.com\/francaclassificados.com\/\/source\/view\/img\/20w50.png?resize=25%2C25&#038;ssl=1\" alt=\"Imagem compartilhar whatsapp\"\/><\/p>\n<p>                <img data-recalc-dims=\"1\" loading=\"lazy\" decoding=\"async\" width=\"25\" height=\"25\" src=\"https:\/\/i0.wp.com\/francaclassificados.com\/\/source\/view\/img\/18w50.png?resize=25%2C25&#038;ssl=1\" alt=\"Imagem compartilhar facebook\"\/><\/p>\n<\/p><\/div>\n<div class=\"emp\">\n<p>\n            MICROBIOLOGISTA<br \/>Contrata-se Microbiologista com experi\u00eancia, ser\u00e1 respons\u00e1vel por analises microbiol\u00f3gicas, gera\u00e7\u00e3o de laudos e relat\u00f3rios de analises. Manuseio de Estufa, auto clave, capela de fluxo laminar. Necess\u00e1rio forma\u00e7\u00e3o em Biologia, Biomedicina ou \u00e1reas correlatas. Enviar curr\u00edculo com titulo: MICROBIOLOGISTA para: vagasrh.francaind@gmail.com\n            <\/p>\n<p><strong>Compartilhe:<\/strong><\/p>\n<p>                <img data-recalc-dims=\"1\" loading=\"lazy\" decoding=\"async\" width=\"25\" height=\"25\" src=\"https:\/\/i0.wp.com\/francaclassificados.com\/\/source\/view\/img\/20w50.png?resize=25%2C25&#038;ssl=1\" alt=\"Imagem compartilhar whatsapp\"\/><\/p>\n<p>                <img data-recalc-dims=\"1\" loading=\"lazy\" decoding=\"async\" width=\"25\" height=\"25\" src=\"https:\/\/i0.wp.com\/francaclassificados.com\/\/source\/view\/img\/18w50.png?resize=25%2C25&#038;ssl=1\" alt=\"Imagem compartilhar facebook\"\/><\/p>\n<\/p><\/div>\n<p>    <script async=\"\" src=\"https:\/\/pagead2.googlesyndication.com\/pagead\/js\/adsbygoogle.js?client=ca-pub-2853392113352629\" crossorigin=\"anonymous\"\/>\n    <ins class=\"adsbygoogle\" style=\"display:block\" data-ad-client=\"ca-pub-2853392113352629\" data-ad-slot=\"2925831803\" data-ad-format=\"auto\" data-full-width-responsive=\"true\"\/>\n    <script><![CDATA[\n    (adsbygoogle = window.adsbygoogle || []).push({});\n    ]]><\/script><\/p>\n<div class=\"emp\">\n<p>\n            ATENDENTE<br \/>Contrata-se atendente para mesa e balc\u00e3o,Que seja comunicativa e Proativo (Hor\u00e1rio das 11:00 as 19:00) S\u00e1bado das 08:00 as 14:00. kamillabeltraomoraes89@gmail.com\n            <\/p>\n<p><strong>Compartilhe:<\/strong><\/p>\n<p>                <img data-recalc-dims=\"1\" loading=\"lazy\" decoding=\"async\" width=\"25\" height=\"25\" src=\"https:\/\/i0.wp.com\/francaclassificados.com\/\/source\/view\/img\/20w50.png?resize=25%2C25&#038;ssl=1\" alt=\"Imagem compartilhar whatsapp\"\/><\/p>\n<p>                <img data-recalc-dims=\"1\" loading=\"lazy\" decoding=\"async\" width=\"25\" height=\"25\" src=\"https:\/\/i0.wp.com\/francaclassificados.com\/\/source\/view\/img\/18w50.png?resize=25%2C25&#038;ssl=1\" alt=\"Imagem compartilhar facebook\"\/><\/p>\n<\/p><\/div>\n<div class=\"emp\">\n<p>\n            AUXILIAR DE LIMPEZA<br \/>Ensino m\u00e9dio, escala de trabalho 6x1 (ter disponibilidade de hor\u00e1rio) Executar trabalhos de limpezas em geral para manuten\u00e7\u00e3o das condi\u00e7\u00f5es de higiene e conserva\u00e7\u00e3o do ambiente. (vaga afirmativa para pessoa com defici\u00eancia). Regime de contrata\u00e7\u00e3o CLT, sal\u00e1rio fixo, insalubridade, vale alimenta\u00e7\u00e3o, vale transporte, almo\u00e7o no local, entre outros benef\u00edcios. Interessados enviar curr\u00edculo com titulo da vaga no assunto para curriculo@feji.org.br ou RUA OF\u00c9LIA SOARES RUSSO. 970 JD PLANALTO.\n            <\/p>\n<p><strong>Compartilhe:<\/strong><\/p>\n<p>                <img data-recalc-dims=\"1\" loading=\"lazy\" decoding=\"async\" width=\"25\" height=\"25\" src=\"https:\/\/i0.wp.com\/francaclassificados.com\/\/source\/view\/img\/20w50.png?resize=25%2C25&#038;ssl=1\" alt=\"Imagem compartilhar whatsapp\"\/><\/p>\n<p>                <img data-recalc-dims=\"1\" loading=\"lazy\" decoding=\"async\" width=\"25\" height=\"25\" src=\"https:\/\/i0.wp.com\/francaclassificados.com\/\/source\/view\/img\/18w50.png?resize=25%2C25&#038;ssl=1\" alt=\"Imagem compartilhar facebook\"\/><\/p>\n<\/p><\/div>\n<p>    <script async=\"\" src=\"https:\/\/pagead2.googlesyndication.com\/pagead\/js\/adsbygoogle.js?client=ca-pub-2853392113352629\" crossorigin=\"anonymous\"\/>\n    <ins class=\"adsbygoogle\" style=\"display:block\" data-ad-client=\"ca-pub-2853392113352629\" data-ad-slot=\"2925831803\" data-ad-format=\"auto\" data-full-width-responsive=\"true\"\/>\n    <script><![CDATA[\n    (adsbygoogle = window.adsbygoogle || []).push({});\n    ]]><\/script><\/p>\n<div class=\"emp\">\n<p>\n            Contrata-se com experi\u00eancia, ambos os sexos: CARIMBADOR(EIRA), favor enviar curriculo pelo whats 16 99404-4740 (fabrica localizada no Jardim Derminio).\n            <\/p>\n<p><strong>Compartilhe:<\/strong><\/p>\n<p>                <img data-recalc-dims=\"1\" loading=\"lazy\" decoding=\"async\" width=\"25\" height=\"25\" src=\"https:\/\/i0.wp.com\/francaclassificados.com\/\/source\/view\/img\/20w50.png?resize=25%2C25&#038;ssl=1\" alt=\"Imagem compartilhar whatsapp\"\/><\/p>\n<p>                <img data-recalc-dims=\"1\" loading=\"lazy\" decoding=\"async\" width=\"25\" height=\"25\" src=\"https:\/\/i0.wp.com\/francaclassificados.com\/\/source\/view\/img\/18w50.png?resize=25%2C25&#038;ssl=1\" alt=\"Imagem compartilhar facebook\"\/><\/p>\n<\/p><\/div>\n<div class=\"emp\">\n<p>\n            ESTOQUISTA<br \/>\u2022 Experi\u00eancias anteriores no estoque; \u2022 Atividades: Receber, conferir, armazenar e separar mercadorias. Controlar entrada e sa\u00edda de produtos do estoque, solicitar reposi\u00e7\u00e3o de materiais e organizar produtos na \u00e1rea de armazenagem \u2022 Ensino m\u00e9dio completo; \u2022 Desej\u00e1vel conhecimento em Excel; \u2022 Disponibilidade de hor\u00e1rio comercial, sendo das 08:00 \u00e0s 18:00 de segunda \u00e0 sexta-feira. taveira_marina@hotmail.com\n            <\/p>\n<p><strong>Compartilhe:<\/strong><\/p>\n<p>                <img data-recalc-dims=\"1\" loading=\"lazy\" decoding=\"async\" width=\"25\" height=\"25\" src=\"https:\/\/i0.wp.com\/francaclassificados.com\/\/source\/view\/img\/20w50.png?resize=25%2C25&#038;ssl=1\" alt=\"Imagem compartilhar whatsapp\"\/><\/p>\n<p>                <img data-recalc-dims=\"1\" loading=\"lazy\" decoding=\"async\" width=\"25\" height=\"25\" src=\"https:\/\/i0.wp.com\/francaclassificados.com\/\/source\/view\/img\/18w50.png?resize=25%2C25&#038;ssl=1\" alt=\"Imagem compartilhar facebook\"\/><\/p>\n<\/p><\/div>\n<p>    <script async=\"\" src=\"https:\/\/pagead2.googlesyndication.com\/pagead\/js\/adsbygoogle.js?client=ca-pub-2853392113352629\" crossorigin=\"anonymous\"\/>\n    <ins class=\"adsbygoogle\" style=\"display:block\" data-ad-client=\"ca-pub-2853392113352629\" data-ad-slot=\"2925831803\" data-ad-format=\"auto\" data-full-width-responsive=\"true\"\/>\n    <script><![CDATA[\n    (adsbygoogle = window.adsbygoogle || []).push({});\n    ]]><\/script><\/p>\n<div class=\"emp\">\n<p>\n            AUXILIAR E ASSISTENTE CONTABIL<br \/>Estamos contratando Auxiliar e Assistente contabil para in\u00edcio imediato. Hor\u00e1rio das 07:40h as 18h com 1h e 30m de almo\u00e7o de 2\u00ba a 6\u00ba feira, com experi\u00eancia com lucro Real, presumido e simples, analisar balancetes, ter boa digita\u00e7\u00e3o, concilia\u00e7\u00e3o banc\u00e1ria, experi\u00eancia com ind\u00fastria, com\u00e9rcio e servi\u00e7os, adapto \u00e0 mudan\u00e7as, ser proativo. Sal\u00e1rio compat\u00edvel com mercado e VA R$ 605,00. Interessados enviar curr\u00edculo para cv@corsconsult.com.br no assunto: Auxiliar\/ Cont\u00e1bil. Assist. Contabil\n            <\/p>\n<p><strong>Compartilhe:<\/strong><\/p>\n<p>                <img data-recalc-dims=\"1\" loading=\"lazy\" decoding=\"async\" width=\"25\" height=\"25\" src=\"https:\/\/i0.wp.com\/francaclassificados.com\/\/source\/view\/img\/20w50.png?resize=25%2C25&#038;ssl=1\" alt=\"Imagem compartilhar whatsapp\"\/><\/p>\n<p>                <img data-recalc-dims=\"1\" loading=\"lazy\" decoding=\"async\" width=\"25\" height=\"25\" src=\"https:\/\/i0.wp.com\/francaclassificados.com\/\/source\/view\/img\/18w50.png?resize=25%2C25&#038;ssl=1\" alt=\"Imagem compartilhar facebook\"\/><\/p>\n<\/p><\/div>\n<div class=\"emp\">\n<p>\n            Fabrica de cal\u00e7ados de pequeno porte localizada na zona oeste de Franca, contrata fechador de lado com experi\u00eancia. Interessados enviar curr\u00edculo no e-mail kauany_calcados@hotmail.com\n            <\/p>\n<p><strong>Compartilhe:<\/strong><\/p>\n<p>                <img data-recalc-dims=\"1\" loading=\"lazy\" decoding=\"async\" width=\"25\" height=\"25\" src=\"https:\/\/i0.wp.com\/francaclassificados.com\/\/source\/view\/img\/20w50.png?resize=25%2C25&#038;ssl=1\" alt=\"Imagem compartilhar whatsapp\"\/><\/p>\n<p>                <img data-recalc-dims=\"1\" loading=\"lazy\" decoding=\"async\" width=\"25\" height=\"25\" src=\"https:\/\/i0.wp.com\/francaclassificados.com\/\/source\/view\/img\/18w50.png?resize=25%2C25&#038;ssl=1\" alt=\"Imagem compartilhar facebook\"\/><\/p>\n<\/p><\/div>\n<p>    <script async=\"\" src=\"https:\/\/pagead2.googlesyndication.com\/pagead\/js\/adsbygoogle.js?client=ca-pub-2853392113352629\" crossorigin=\"anonymous\"\/>\n    <ins class=\"adsbygoogle\" style=\"display:block\" data-ad-client=\"ca-pub-2853392113352629\" data-ad-slot=\"2925831803\" data-ad-format=\"auto\" data-full-width-responsive=\"true\"\/>\n    <script><![CDATA[\n    (adsbygoogle = window.adsbygoogle || []).push({});\n    ]]><\/script><\/p>\n<div class=\"emp\">\n<p>\n            ESTOQUISTA (HOMEM)<br \/>Estamos em busca de um estoquista respons\u00e1vel e comprometido para se juntar \u00e0 nossa equipe. Ser\u00e1 um diferencial ter conhecimento em estoque T\u00eaxtil. Residir em Franca ou Regi\u00e3o. Enviar curr\u00edculos para contabil2@goltextil.com.br, no assunto Estoquista.\n            <\/p>\n<p><strong>Compartilhe:<\/strong><\/p>\n<p>                <img data-recalc-dims=\"1\" loading=\"lazy\" decoding=\"async\" width=\"25\" height=\"25\" src=\"https:\/\/i0.wp.com\/francaclassificados.com\/\/source\/view\/img\/20w50.png?resize=25%2C25&#038;ssl=1\" alt=\"Imagem compartilhar whatsapp\"\/><\/p>\n<p>                <img data-recalc-dims=\"1\" loading=\"lazy\" decoding=\"async\" width=\"25\" height=\"25\" src=\"https:\/\/i0.wp.com\/francaclassificados.com\/\/source\/view\/img\/18w50.png?resize=25%2C25&#038;ssl=1\" alt=\"Imagem compartilhar facebook\"\/><\/p>\n<\/p><\/div>\n<div class=\"emp\">\n<p>\n            Contrata para a vaga de Log\u00edstica. Compet\u00eancias: Despacho de Mercadorias; Organiza\u00e7\u00e3o de Rotas; Cota\u00e7\u00f5es de fretes com transportadora. \u00c9 exigido Ensino M\u00e9dio Completo e ser\u00e1 um diferencial ter experi\u00eancia na \u00e1rea e conhecimento geogr\u00e1fico. Hor\u00e1rio de trabalho: Segunda a sexta, das 07h42 \u00e0s 18h. Enviar curr\u00edculo para lauracervilha@hotmail.com\n            <\/p>\n<p><strong>Compartilhe:<\/strong><\/p>\n<p>                <img data-recalc-dims=\"1\" loading=\"lazy\" decoding=\"async\" width=\"25\" height=\"25\" src=\"https:\/\/i0.wp.com\/francaclassificados.com\/\/source\/view\/img\/20w50.png?resize=25%2C25&#038;ssl=1\" alt=\"Imagem compartilhar whatsapp\"\/><\/p>\n<p>                <img data-recalc-dims=\"1\" loading=\"lazy\" decoding=\"async\" width=\"25\" height=\"25\" src=\"https:\/\/i0.wp.com\/francaclassificados.com\/\/source\/view\/img\/18w50.png?resize=25%2C25&#038;ssl=1\" alt=\"Imagem compartilhar facebook\"\/><\/p>\n<\/p><\/div>\n<p>    <script async=\"\" src=\"https:\/\/pagead2.googlesyndication.com\/pagead\/js\/adsbygoogle.js?client=ca-pub-2853392113352629\" crossorigin=\"anonymous\"\/>\n    <ins class=\"adsbygoogle\" style=\"display:block\" data-ad-client=\"ca-pub-2853392113352629\" data-ad-slot=\"2925831803\" data-ad-format=\"auto\" data-full-width-responsive=\"true\"\/>\n    <script><![CDATA[\n    (adsbygoogle = window.adsbygoogle || []).push({});\n    ]]><\/script><\/p>\n<div class=\"emp\">\n<p>\n            CONTRATA Auxiliar de montagem - INICIO IMEDIATO F\u00e1brica de Cal\u00e7ados contrata para in\u00edcio imediato: Contato 16 993883571 Pode ser aposentado tb\n            <\/p>\n<p><strong>Compartilhe:<\/strong><\/p>\n<p>                <img data-recalc-dims=\"1\" loading=\"lazy\" decoding=\"async\" width=\"25\" height=\"25\" src=\"https:\/\/i0.wp.com\/francaclassificados.com\/\/source\/view\/img\/20w50.png?resize=25%2C25&#038;ssl=1\" alt=\"Imagem compartilhar whatsapp\"\/><\/p>\n<p>                <img data-recalc-dims=\"1\" loading=\"lazy\" decoding=\"async\" width=\"25\" height=\"25\" src=\"https:\/\/i0.wp.com\/francaclassificados.com\/\/source\/view\/img\/18w50.png?resize=25%2C25&#038;ssl=1\" alt=\"Imagem compartilhar facebook\"\/><\/p>\n<\/p><\/div>\n<div class=\"emp\">\n<p>\n            AJUDANTE DE PADEIRO<br \/>PARA TRABALHAR EM INDUSTRIA DE P\u00c3ES CONGELADOS, NO HOR\u00c1RIO DAS 14:40 AS 00:28, DE SEGUNDA A SEXTA FEIRA. SALARIO DE R$1.616,85 + V.A DE R$500,00.<br \/>\n            <br \/>contato@lutminas.com.br\n            <\/p>\n<p><strong>Compartilhe:<\/strong><\/p>\n<p>                <img data-recalc-dims=\"1\" loading=\"lazy\" decoding=\"async\" width=\"25\" height=\"25\" src=\"https:\/\/i0.wp.com\/francaclassificados.com\/\/source\/view\/img\/20w50.png?resize=25%2C25&#038;ssl=1\" alt=\"Imagem compartilhar whatsapp\"\/><\/p>\n<p>                <img data-recalc-dims=\"1\" loading=\"lazy\" decoding=\"async\" width=\"25\" height=\"25\" src=\"https:\/\/i0.wp.com\/francaclassificados.com\/\/source\/view\/img\/18w50.png?resize=25%2C25&#038;ssl=1\" alt=\"Imagem compartilhar facebook\"\/><\/p>\n<\/p><\/div>\n<p>    <script async=\"\" src=\"https:\/\/pagead2.googlesyndication.com\/pagead\/js\/adsbygoogle.js?client=ca-pub-2853392113352629\" crossorigin=\"anonymous\"\/>\n    <ins class=\"adsbygoogle\" style=\"display:block\" data-ad-client=\"ca-pub-2853392113352629\" data-ad-slot=\"2925831803\" data-ad-format=\"auto\" data-full-width-responsive=\"true\"\/>\n    <script><![CDATA[\n    (adsbygoogle = window.adsbygoogle || []).push({});\n    ]]><\/script><\/p>\n<div class=\"emp\">\n<p>\n            Contrata-se serralheiro com conhecimento na \u00e1rea industrial para constru\u00e7\u00e3o de estruturas met\u00e1licas, confec\u00e7\u00e3o de pe\u00e7as conhecimento em solda MIG, no\u00e7\u00f5es de medidas. Enviar curr\u00edculo WhatsApp (16) 99366 \u2013 7308. financeiro@totalmaqfranca.com.br\n            <\/p>\n<p><strong>Compartilhe:<\/strong><\/p>\n<p>                <img data-recalc-dims=\"1\" loading=\"lazy\" decoding=\"async\" width=\"25\" height=\"25\" src=\"https:\/\/i0.wp.com\/francaclassificados.com\/\/source\/view\/img\/20w50.png?resize=25%2C25&#038;ssl=1\" alt=\"Imagem compartilhar whatsapp\"\/><\/p>\n<p>                <img data-recalc-dims=\"1\" loading=\"lazy\" decoding=\"async\" width=\"25\" height=\"25\" src=\"https:\/\/i0.wp.com\/francaclassificados.com\/\/source\/view\/img\/18w50.png?resize=25%2C25&#038;ssl=1\" alt=\"Imagem compartilhar facebook\"\/><\/p>\n<\/p><\/div>\n<div class=\"emp\">\n<p>\n            ADMITE BANCAS DE PESPONTO, COM EXPERI\u00caNCIA EM BOTAS COUNTRY E FEMININAS, QUE SEJA EXIGENTE COM A QUALIDADE, FAVOR VIR PESSOALMENTE E FALAR COM \u00c9LCIO - AV BRASIL, n\u00ba 4050 - JARDIM PAULISTANO II - AUXILIAR DE ECOMMERCE, PARA CONTROLE DE ESTOQUE, EMBALAR PRODUTOS, QUE TENHA EXPERI\u00caNCIA EM MARKETPLACE, INTERESSADOS ENVIAR CURRICULO NO EMAIL capelliboots@gmail.com\n            <\/p>\n<p><strong>Compartilhe:<\/strong><\/p>\n<p>                <img data-recalc-dims=\"1\" loading=\"lazy\" decoding=\"async\" width=\"25\" height=\"25\" src=\"https:\/\/i0.wp.com\/francaclassificados.com\/\/source\/view\/img\/20w50.png?resize=25%2C25&#038;ssl=1\" alt=\"Imagem compartilhar whatsapp\"\/><\/p>\n<p>                <img data-recalc-dims=\"1\" loading=\"lazy\" decoding=\"async\" width=\"25\" height=\"25\" src=\"https:\/\/i0.wp.com\/francaclassificados.com\/\/source\/view\/img\/18w50.png?resize=25%2C25&#038;ssl=1\" alt=\"Imagem compartilhar facebook\"\/><\/p>\n<\/p><\/div>\n<p>    <script async=\"\" src=\"https:\/\/pagead2.googlesyndication.com\/pagead\/js\/adsbygoogle.js?client=ca-pub-2853392113352629\" crossorigin=\"anonymous\"\/>\n    <ins class=\"adsbygoogle\" style=\"display:block\" data-ad-client=\"ca-pub-2853392113352629\" data-ad-slot=\"2925831803\" data-ad-format=\"auto\" data-full-width-responsive=\"true\"\/>\n    <script><![CDATA[\n    (adsbygoogle = window.adsbygoogle || []).push({});\n    ]]><\/script><\/p>\n<div class=\"emp\">\n<p>\n            VENDEDOR INTERNO<br \/>Buscamos profissional respons\u00e1vel por prospectar clientes, negociar e efetivar as vendas. Atingir metas de vendas, aplicando a politica comercial da empresa, ser ambicioso e buscar superar suas metas. Garantir a satisfa\u00e7\u00e3o e o encantamento do cliente al\u00e9m de acompanhar suas vendas. Buscarmos perfil com foco no cliente, boa comunica\u00e7\u00e3o, espirito de equipe, ser criativo, flex\u00edvel, que saiba trabalhar sobre press\u00e3o, grau de paci\u00eancia e ser apaixonado por gente e relacionamento.<br \/>\n            <br \/>rh@viasolenergiasolar.com.br\n            <\/p>\n<p><strong>Compartilhe:<\/strong><\/p>\n<p>                <img data-recalc-dims=\"1\" loading=\"lazy\" decoding=\"async\" width=\"25\" height=\"25\" src=\"https:\/\/i0.wp.com\/francaclassificados.com\/\/source\/view\/img\/20w50.png?resize=25%2C25&#038;ssl=1\" alt=\"Imagem compartilhar whatsapp\"\/><\/p>\n<p>                <img data-recalc-dims=\"1\" loading=\"lazy\" decoding=\"async\" width=\"25\" height=\"25\" src=\"https:\/\/i0.wp.com\/francaclassificados.com\/\/source\/view\/img\/18w50.png?resize=25%2C25&#038;ssl=1\" alt=\"Imagem compartilhar facebook\"\/><\/p>\n<\/p><\/div>\n<div class=\"emp\">\n<p>\n            F\u00e1brica de cal\u00e7ados bairro nova Franca precisa-se de acabador com experi\u00eancia fechar lado pagamento a combinar ( paga-se bem )<br \/>\n            <br \/>janaynelima12@gmail.com\n            <\/p>\n<p><strong>Compartilhe:<\/strong><\/p>\n<p>                <img data-recalc-dims=\"1\" loading=\"lazy\" decoding=\"async\" width=\"25\" height=\"25\" src=\"https:\/\/i0.wp.com\/francaclassificados.com\/\/source\/view\/img\/20w50.png?resize=25%2C25&#038;ssl=1\" alt=\"Imagem compartilhar whatsapp\"\/><\/p>\n<p>                <img data-recalc-dims=\"1\" loading=\"lazy\" decoding=\"async\" width=\"25\" height=\"25\" src=\"https:\/\/i0.wp.com\/francaclassificados.com\/\/source\/view\/img\/18w50.png?resize=25%2C25&#038;ssl=1\" alt=\"Imagem compartilhar facebook\"\/><\/p>\n<\/p><\/div>\n<p>    <script async=\"\" src=\"https:\/\/pagead2.googlesyndication.com\/pagead\/js\/adsbygoogle.js?client=ca-pub-2853392113352629\" crossorigin=\"anonymous\"\/>\n    <ins class=\"adsbygoogle\" style=\"display:block\" data-ad-client=\"ca-pub-2853392113352629\" data-ad-slot=\"2925831803\" data-ad-format=\"auto\" data-full-width-responsive=\"true\"\/>\n    <script><![CDATA[\n    (adsbygoogle = window.adsbygoogle || []).push({});\n    ]]><\/script><\/p>\n<div class=\"emp\">\n<p>\n            Contrata-se empregada dom\u00e9stica para casa de fam\u00edlia, cozinhar, lavar, passar, limpeza geral, conserva\u00e7\u00e3o e organiza\u00e7\u00e3o dos ambientes. Segunda a sexta das 7:30hs as 16hs. mecanicatratomag@gmail.com\n            <\/p>\n<p><strong>Compartilhe:<\/strong><\/p>\n<p>                <img data-recalc-dims=\"1\" loading=\"lazy\" decoding=\"async\" width=\"25\" height=\"25\" src=\"https:\/\/i0.wp.com\/francaclassificados.com\/\/source\/view\/img\/20w50.png?resize=25%2C25&#038;ssl=1\" alt=\"Imagem compartilhar whatsapp\"\/><\/p>\n<p>                <img data-recalc-dims=\"1\" loading=\"lazy\" decoding=\"async\" width=\"25\" height=\"25\" src=\"https:\/\/i0.wp.com\/francaclassificados.com\/\/source\/view\/img\/18w50.png?resize=25%2C25&#038;ssl=1\" alt=\"Imagem compartilhar facebook\"\/><\/p>\n<\/p><\/div>\n<div class=\"emp\">\n<p>\n            VENDEDOR(A)<br \/>Contrata-se vendedor(a), com ou sem experi\u00eancia. Oferecemos todo o treinamento necess\u00e1rio. Sal\u00e1rio R$ 1.766,00 + R$ 350,00 de vale alimenta\u00e7\u00e3o + vale transporte + Comiss\u00e3o + B\u00f4nus + curso de ingl\u00eas gratuito. Hor\u00e1rio de trabalho: segunda a quinta das 12h \u00e0s 21h. Sexta das 09h30 \u00e0s 18h30 e s\u00e1bado das 08h \u00e0s 12h, totalizando 44hs por semana. Interessados enviar curr\u00edculo para phselecoes@gmail.com com o titulo \"Vendas\".\n            <\/p>\n<p><strong>Compartilhe:<\/strong><\/p>\n<p>                <img data-recalc-dims=\"1\" loading=\"lazy\" decoding=\"async\" width=\"25\" height=\"25\" src=\"https:\/\/i0.wp.com\/francaclassificados.com\/\/source\/view\/img\/20w50.png?resize=25%2C25&#038;ssl=1\" alt=\"Imagem compartilhar whatsapp\"\/><\/p>\n<p>                <img data-recalc-dims=\"1\" loading=\"lazy\" decoding=\"async\" width=\"25\" height=\"25\" src=\"https:\/\/i0.wp.com\/francaclassificados.com\/\/source\/view\/img\/18w50.png?resize=25%2C25&#038;ssl=1\" alt=\"Imagem compartilhar facebook\"\/><\/p>\n<\/p><\/div>\n<p>    <script async=\"\" src=\"https:\/\/pagead2.googlesyndication.com\/pagead\/js\/adsbygoogle.js?client=ca-pub-2853392113352629\" crossorigin=\"anonymous\"\/>\n    <ins class=\"adsbygoogle\" style=\"display:block\" data-ad-client=\"ca-pub-2853392113352629\" data-ad-slot=\"2925831803\" data-ad-format=\"auto\" data-full-width-responsive=\"true\"\/>\n    <script><![CDATA[\n    (adsbygoogle = window.adsbygoogle || []).push({});\n    ]]><\/script><\/p>\n<div class=\"emp\">\n<p>\n            ESTAMOS CONTRATANDO ESCALADOR DE FORRO, CLASSIFICADOR DE COURO, PESPONTADOR , COLADEIRA DE PE\u00c7AS, RECOLHEDOR DE PE\u00c7AS (NOTURNO). INTERESSADOS ENVIAR CURRICULO COM O TITULO DE VAGA PARA RH@NEWCOMFORT.COM.BR OU WHATS (16) 99209-3789\n            <\/p>\n<p><strong>Compartilhe:<\/strong><\/p>\n<p>                <img data-recalc-dims=\"1\" loading=\"lazy\" decoding=\"async\" width=\"25\" height=\"25\" src=\"https:\/\/i0.wp.com\/francaclassificados.com\/\/source\/view\/img\/20w50.png?resize=25%2C25&#038;ssl=1\" alt=\"Imagem compartilhar whatsapp\"\/><\/p>\n<p>                <img data-recalc-dims=\"1\" loading=\"lazy\" decoding=\"async\" width=\"25\" height=\"25\" src=\"https:\/\/i0.wp.com\/francaclassificados.com\/\/source\/view\/img\/18w50.png?resize=25%2C25&#038;ssl=1\" alt=\"Imagem compartilhar facebook\"\/><\/p>\n<\/p><\/div>\n<div class=\"emp\">\n<p>\n            MARKETING E VENDAS HOME OFFICE<br \/>Estamos em busca de um profissional din\u00e2mico para atuar na \u00e1rea comercial! Se voc\u00ea tem paix\u00e3o por vendas, comunica\u00e7\u00e3o clara e flu\u00eancia em ingl\u00eas, esta oportunidade \u00e9 para voc\u00ea. Responsabilidades incluem: prospec\u00e7\u00e3o de novos clientes, negocia\u00e7\u00e3o e fechamento de contratos. Oferecemos um ambiente inovador e colaborativo, com foco em crescimento e desenvolvimento. Se voc\u00ea se identifica com nossa miss\u00e3o de promover a flu\u00eancia em idiomas, envie seu curr\u00edculo para contato@fluenciz.com\n            <\/p>\n<p><strong>Compartilhe:<\/strong><\/p>\n<p>                <img data-recalc-dims=\"1\" loading=\"lazy\" decoding=\"async\" width=\"25\" height=\"25\" src=\"https:\/\/i0.wp.com\/francaclassificados.com\/\/source\/view\/img\/20w50.png?resize=25%2C25&#038;ssl=1\" alt=\"Imagem compartilhar whatsapp\"\/><\/p>\n<p>                <img data-recalc-dims=\"1\" loading=\"lazy\" decoding=\"async\" width=\"25\" height=\"25\" src=\"https:\/\/i0.wp.com\/francaclassificados.com\/\/source\/view\/img\/18w50.png?resize=25%2C25&#038;ssl=1\" alt=\"Imagem compartilhar facebook\"\/><\/p>\n<\/p><\/div>\n<p>    <script async=\"\" src=\"https:\/\/pagead2.googlesyndication.com\/pagead\/js\/adsbygoogle.js?client=ca-pub-2853392113352629\" crossorigin=\"anonymous\"\/>\n    <ins class=\"adsbygoogle\" style=\"display:block\" data-ad-client=\"ca-pub-2853392113352629\" data-ad-slot=\"2925831803\" data-ad-format=\"auto\" data-full-width-responsive=\"true\"\/>\n    <script><![CDATA[\n    (adsbygoogle = window.adsbygoogle || []).push({});\n    ]]><\/script><\/p>\n<div class=\"emp\">\n<p>\n            RECEPCIONISTA<br \/>Estamos precisando de pessoas para agregar o nosso time. Se voc\u00ea tem boa comunica\u00e7\u00e3o oral e escrita, \u00e9 atenciosa e organizada, mande curr\u00edculo para o email:<br \/>\n            <br \/>lauracervilha@hotmail.com\n            <\/p>\n<p><strong>Compartilhe:<\/strong><\/p>\n<p>                <img data-recalc-dims=\"1\" loading=\"lazy\" decoding=\"async\" width=\"25\" height=\"25\" src=\"https:\/\/i0.wp.com\/francaclassificados.com\/\/source\/view\/img\/20w50.png?resize=25%2C25&#038;ssl=1\" alt=\"Imagem compartilhar whatsapp\"\/><\/p>\n<p>                <img data-recalc-dims=\"1\" loading=\"lazy\" decoding=\"async\" width=\"25\" height=\"25\" src=\"https:\/\/i0.wp.com\/francaclassificados.com\/\/source\/view\/img\/18w50.png?resize=25%2C25&#038;ssl=1\" alt=\"Imagem compartilhar facebook\"\/><\/p>\n<\/p><\/div>\n<div class=\"emp\">\n<p>\n            AUXILIAR FISCAL\/CONTABIL<br \/>Profissional para atuar no setor fiscal em escrit\u00f3rio de contabilidade. Preferencialmente que tenha Experi\u00eancia nas rotinas do setor. Diferencial: Conhecimento no sistema Dom\u00ednio\/ Forma\u00e7\u00e3o em Ci\u00eancias Cont\u00e1beis.. Sal\u00e1rio+ Vale Alimenta\u00e7\u00e3o. Enviar curr\u00edculo para: contabilidadesousajr@hotmail.com, com o t\u00edtulo AUXILIAR FISCAL.\n            <\/p>\n<p><strong>Compartilhe:<\/strong><\/p>\n<p>                <img data-recalc-dims=\"1\" loading=\"lazy\" decoding=\"async\" width=\"25\" height=\"25\" src=\"https:\/\/i0.wp.com\/francaclassificados.com\/\/source\/view\/img\/20w50.png?resize=25%2C25&#038;ssl=1\" alt=\"Imagem compartilhar whatsapp\"\/><\/p>\n<p>                <img data-recalc-dims=\"1\" loading=\"lazy\" decoding=\"async\" width=\"25\" height=\"25\" src=\"https:\/\/i0.wp.com\/francaclassificados.com\/\/source\/view\/img\/18w50.png?resize=25%2C25&#038;ssl=1\" alt=\"Imagem compartilhar facebook\"\/><\/p>\n<\/p><\/div>\n<p>    <script async=\"\" src=\"https:\/\/pagead2.googlesyndication.com\/pagead\/js\/adsbygoogle.js?client=ca-pub-2853392113352629\" crossorigin=\"anonymous\"\/>\n    <ins class=\"adsbygoogle\" style=\"display:block\" data-ad-client=\"ca-pub-2853392113352629\" data-ad-slot=\"2925831803\" data-ad-format=\"auto\" data-full-width-responsive=\"true\"\/>\n    <script><![CDATA[\n    (adsbygoogle = window.adsbygoogle || []).push({});\n    ]]><\/script><\/p>\n<div class=\"emp\">\n<p>\n            Empresa calcadista contrata: Auxiliar de prepara\u00e7\u00e3o e banca de pesponto ( mercado interno e externo). Curriculum a rua Jos\u00e9 abrao mine 1264 Jardim paulistano. BANCAS falar c T\u00e2nia.\n            <\/p>\n<p><strong>Compartilhe:<\/strong><\/p>\n<p>                <img data-recalc-dims=\"1\" loading=\"lazy\" decoding=\"async\" width=\"25\" height=\"25\" src=\"https:\/\/i0.wp.com\/francaclassificados.com\/\/source\/view\/img\/20w50.png?resize=25%2C25&#038;ssl=1\" alt=\"Imagem compartilhar whatsapp\"\/><\/p>\n<p>                <img data-recalc-dims=\"1\" loading=\"lazy\" decoding=\"async\" width=\"25\" height=\"25\" src=\"https:\/\/i0.wp.com\/francaclassificados.com\/\/source\/view\/img\/18w50.png?resize=25%2C25&#038;ssl=1\" alt=\"Imagem compartilhar facebook\"\/><\/p>\n<\/p><\/div>\n<div class=\"emp\">\n<p>\n            GERENTE DE VENDAS<br \/>Experi\u00eancia em processos de lideran\u00e7a de equipe, metas e gest\u00e3o de pessoas; \u2022 Ensino m\u00e9dio completo; \u2022 Cursos na \u00e1rea ser\u00e3o considerados diferenciais; \u2022 Disponibilidade de hor\u00e1rio de segunda a s\u00e1bado; \u2022 Sal\u00e1rio e comiss\u00f5es. Enviar curr\u00edculo para o e-mail oticasvermontfranca@gmail.com ou pelo WhatsApp 16 99313-4481.\n            <\/p>\n<p><strong>Compartilhe:<\/strong><\/p>\n<p>                <img data-recalc-dims=\"1\" loading=\"lazy\" decoding=\"async\" width=\"25\" height=\"25\" src=\"https:\/\/i0.wp.com\/francaclassificados.com\/\/source\/view\/img\/20w50.png?resize=25%2C25&#038;ssl=1\" alt=\"Imagem compartilhar whatsapp\"\/><\/p>\n<p>                <img data-recalc-dims=\"1\" loading=\"lazy\" decoding=\"async\" width=\"25\" height=\"25\" src=\"https:\/\/i0.wp.com\/francaclassificados.com\/\/source\/view\/img\/18w50.png?resize=25%2C25&#038;ssl=1\" alt=\"Imagem compartilhar facebook\"\/><\/p>\n<\/p><\/div>\n<p>    <script async=\"\" src=\"https:\/\/pagead2.googlesyndication.com\/pagead\/js\/adsbygoogle.js?client=ca-pub-2853392113352629\" crossorigin=\"anonymous\"\/>\n    <ins class=\"adsbygoogle\" style=\"display:block\" data-ad-client=\"ca-pub-2853392113352629\" data-ad-slot=\"2925831803\" data-ad-format=\"auto\" data-full-width-responsive=\"true\"\/>\n    <script><![CDATA[\n    (adsbygoogle = window.adsbygoogle || []).push({});\n    ]]><\/script><\/p>\n<div class=\"emp\">\n<p>\n            CONTRATA SE:<br \/>Banca de Pesponto Legalizada que fa\u00e7a sapatenis; Coladeira de pe\u00e7as; Carimbadeira. A empresa fornece plano de sa\u00fade. Interessados enviar curr\u00edculo no e-mail: cdvrh@com4.com.br\n            <\/p>\n<p><strong>Compartilhe:<\/strong><\/p>\n<p>                <img data-recalc-dims=\"1\" loading=\"lazy\" decoding=\"async\" width=\"25\" height=\"25\" src=\"https:\/\/i0.wp.com\/francaclassificados.com\/\/source\/view\/img\/20w50.png?resize=25%2C25&#038;ssl=1\" alt=\"Imagem compartilhar whatsapp\"\/><\/p>\n<p>                <img data-recalc-dims=\"1\" loading=\"lazy\" decoding=\"async\" width=\"25\" height=\"25\" src=\"https:\/\/i0.wp.com\/francaclassificados.com\/\/source\/view\/img\/18w50.png?resize=25%2C25&#038;ssl=1\" alt=\"Imagem compartilhar facebook\"\/><\/p>\n<\/p><\/div>\n<div class=\"emp\">\n<p>\n            CONTRATA-SE, TECEL\u00c3O, AUXILIAR DE PRODU\u00c7\u00c3O DE IND\u00daSTRIA T\u00caXTIL. ENVIAR CURR\u00cdCULO : FATURAMENTOMACTEXTIL@GMAIL.COM\n            <\/p>\n<p><strong>Compartilhe:<\/strong><\/p>\n<p>                <img data-recalc-dims=\"1\" loading=\"lazy\" decoding=\"async\" width=\"25\" height=\"25\" src=\"https:\/\/i0.wp.com\/francaclassificados.com\/\/source\/view\/img\/20w50.png?resize=25%2C25&#038;ssl=1\" alt=\"Imagem compartilhar whatsapp\"\/><\/p>\n<p>                <img data-recalc-dims=\"1\" loading=\"lazy\" decoding=\"async\" width=\"25\" height=\"25\" src=\"https:\/\/i0.wp.com\/francaclassificados.com\/\/source\/view\/img\/18w50.png?resize=25%2C25&#038;ssl=1\" alt=\"Imagem compartilhar facebook\"\/><\/p>\n<\/p><\/div>\n<p>    <script async=\"\" src=\"https:\/\/pagead2.googlesyndication.com\/pagead\/js\/adsbygoogle.js?client=ca-pub-2853392113352629\" crossorigin=\"anonymous\"\/>\n    <ins class=\"adsbygoogle\" style=\"display:block\" data-ad-client=\"ca-pub-2853392113352629\" data-ad-slot=\"2925831803\" data-ad-format=\"auto\" data-full-width-responsive=\"true\"\/>\n    <script><![CDATA[\n    (adsbygoogle = window.adsbygoogle || []).push({});\n    ]]><\/script><\/p>\n<div class=\"emp\">\n<p>\n            AUXILIAR DE EXPEDI\u00c7\u00c3O<br \/>Precisa-se de Auxiliar de expedi\u00e7\u00e3o do sexo masculino. Interessados enviar curr\u00edculo pelo WhatsApp 1699166-6088\n            <\/p>\n<p><strong>Compartilhe:<\/strong><\/p>\n<p>                <img data-recalc-dims=\"1\" loading=\"lazy\" decoding=\"async\" width=\"25\" height=\"25\" src=\"https:\/\/i0.wp.com\/francaclassificados.com\/\/source\/view\/img\/20w50.png?resize=25%2C25&#038;ssl=1\" alt=\"Imagem compartilhar whatsapp\"\/><\/p>\n<p>                <img data-recalc-dims=\"1\" loading=\"lazy\" decoding=\"async\" width=\"25\" height=\"25\" src=\"https:\/\/i0.wp.com\/francaclassificados.com\/\/source\/view\/img\/18w50.png?resize=25%2C25&#038;ssl=1\" alt=\"Imagem compartilhar facebook\"\/><\/p>\n<\/p><\/div>\n<div class=\"emp\">\n<p>\n            Atacadista contrata-se vendedores internos com experiencia comprovada, para venda de pecas automotivas. seg a sex 08:15 as 18:00 sab 08:30 as 12:00. Salario fixo\/comiss\u00e3o. Encaminhar curriculos p\/ jrecassola@gmail.com\n            <\/p>\n<p><strong>Compartilhe:<\/strong><\/p>\n<p>                <img data-recalc-dims=\"1\" loading=\"lazy\" decoding=\"async\" width=\"25\" height=\"25\" src=\"https:\/\/i0.wp.com\/francaclassificados.com\/\/source\/view\/img\/20w50.png?resize=25%2C25&#038;ssl=1\" alt=\"Imagem compartilhar whatsapp\"\/><\/p>\n<p>                <img data-recalc-dims=\"1\" loading=\"lazy\" decoding=\"async\" width=\"25\" height=\"25\" src=\"https:\/\/i0.wp.com\/francaclassificados.com\/\/source\/view\/img\/18w50.png?resize=25%2C25&#038;ssl=1\" alt=\"Imagem compartilhar facebook\"\/><\/p>\n<\/p><\/div>\n<p>    <script async=\"\" src=\"https:\/\/pagead2.googlesyndication.com\/pagead\/js\/adsbygoogle.js?client=ca-pub-2853392113352629\" crossorigin=\"anonymous\"\/>\n    <ins class=\"adsbygoogle\" style=\"display:block\" data-ad-client=\"ca-pub-2853392113352629\" data-ad-slot=\"2925831803\" data-ad-format=\"auto\" data-full-width-responsive=\"true\"\/>\n    <script><![CDATA[\n    (adsbygoogle = window.adsbygoogle || []).push({});\n    ]]><\/script><\/p>\n<div class=\"emp\">\n<p>\n            AUXILIAR DE COZINHA<br \/>Vaga para auxiliar de cozinha. Requisitos: disponibilidade de hor\u00e1rio para trabalhar aos finais de semana. Carga hor\u00e1ria de ter\u00e7a a domingo. Proativo e respons\u00e1vel. Boa comunica\u00e7\u00e3o e trabalho em equipe. Agilidade nos processos da cozinha durante as prepara\u00e7\u00f5es. Experi\u00eancia na \u00e1rea \u00e9 um diferencial. Enviar e-mail para: ninocozinhacontemporanea@gmail.com\n            <\/p>\n<p><strong>Compartilhe:<\/strong><\/p>\n<p>                <img data-recalc-dims=\"1\" loading=\"lazy\" decoding=\"async\" width=\"25\" height=\"25\" src=\"https:\/\/i0.wp.com\/francaclassificados.com\/\/source\/view\/img\/20w50.png?resize=25%2C25&#038;ssl=1\" alt=\"Imagem compartilhar whatsapp\"\/><\/p>\n<p>                <img data-recalc-dims=\"1\" loading=\"lazy\" decoding=\"async\" width=\"25\" height=\"25\" src=\"https:\/\/i0.wp.com\/francaclassificados.com\/\/source\/view\/img\/18w50.png?resize=25%2C25&#038;ssl=1\" alt=\"Imagem compartilhar facebook\"\/><\/p>\n<\/p><\/div>\n<div class=\"emp\">\n<p>\n            AUXILIAR DE PRODU\u00c7\u00c3O\/AJUDANTE GERAL<br \/>CONTRATA-SE AUXILIAR DE PRODU\u00c7\u00c3O PARA FRACIONAMENTO DE MERCADORIAS, SEPARA\u00c7\u00c3O DE PEDIDOS, EXPEDI\u00c7\u00c3O DE PEDIDOS PARA TRANSPORTADORAS, AJUDANTE DE ENTREGAS. DIFERENCIAL: TER CNH E EXPERI\u00caNCIA COM ENTREGAS. ENVIAR CURR\u00cdCULOS PARA: vagasdistribuicao2023@gmail.com\n            <\/p>\n<p><strong>Compartilhe:<\/strong><\/p>\n<p>                <img data-recalc-dims=\"1\" loading=\"lazy\" decoding=\"async\" width=\"25\" height=\"25\" src=\"https:\/\/i0.wp.com\/francaclassificados.com\/\/source\/view\/img\/20w50.png?resize=25%2C25&#038;ssl=1\" alt=\"Imagem compartilhar whatsapp\"\/><\/p>\n<p>                <img data-recalc-dims=\"1\" loading=\"lazy\" decoding=\"async\" width=\"25\" height=\"25\" src=\"https:\/\/i0.wp.com\/francaclassificados.com\/\/source\/view\/img\/18w50.png?resize=25%2C25&#038;ssl=1\" alt=\"Imagem compartilhar facebook\"\/><\/p>\n<\/p><\/div>\n<p>    <script async=\"\" src=\"https:\/\/pagead2.googlesyndication.com\/pagead\/js\/adsbygoogle.js?client=ca-pub-2853392113352629\" crossorigin=\"anonymous\"\/>\n    <ins class=\"adsbygoogle\" style=\"display:block\" data-ad-client=\"ca-pub-2853392113352629\" data-ad-slot=\"2925831803\" data-ad-format=\"auto\" data-full-width-responsive=\"true\"\/>\n    <script><![CDATA[\n    (adsbygoogle = window.adsbygoogle || []).push({});\n    ]]><\/script><\/p>\n<div class=\"emp\">\n<p>\n            CONTRATA-SE PARA F\u00c1BRICA DE CAL\u00c7ADOS MASCULINOS, COM EXPERI\u00caNCIA: BANCAS DE PESPONTO, PASSADEIRA DE COLA E ALMOXARIFE QUE CONHE\u00c7A SOBRE COURO. ENVIAR CURR\u00cdCULO PARA O E-MAIL: curriculosfrancasp@hotmail.com\n            <\/p>\n<p><strong>Compartilhe:<\/strong><\/p>\n<p>                <img data-recalc-dims=\"1\" loading=\"lazy\" decoding=\"async\" width=\"25\" height=\"25\" src=\"https:\/\/i0.wp.com\/francaclassificados.com\/\/source\/view\/img\/20w50.png?resize=25%2C25&#038;ssl=1\" alt=\"Imagem compartilhar whatsapp\"\/><\/p>\n<p>                <img data-recalc-dims=\"1\" loading=\"lazy\" decoding=\"async\" width=\"25\" height=\"25\" src=\"https:\/\/i0.wp.com\/francaclassificados.com\/\/source\/view\/img\/18w50.png?resize=25%2C25&#038;ssl=1\" alt=\"Imagem compartilhar facebook\"\/><\/p>\n<\/p><\/div>\n<div class=\"emp\">\n<p>\n            ATENDIMENTO LOJA<br \/>ATIVIDADES: receber e atender clientes na loja, garantindo um excelente atendimento, emitir notas fiscais de vendas. Criar conte\u00fado e v\u00eddeos para redes sociais, promovendo produtos e interagindo com seguidores. BENEFICIOS: Refei\u00e7\u00e3o na empresa, auxilio plano de sa\u00fade, seguro de vida, PLR, auxilio transporte, cesta b\u00e1sica. HOR\u00c1RIO: Segunda \u00e1 Sexta, das 07:30h \u00e1s 17:18h. Curr\u00edculos: rh@lojavittal.com.br\n            <\/p>\n<p><strong>Compartilhe:<\/strong><\/p>\n<p>                <img data-recalc-dims=\"1\" loading=\"lazy\" decoding=\"async\" width=\"25\" height=\"25\" src=\"https:\/\/i0.wp.com\/francaclassificados.com\/\/source\/view\/img\/20w50.png?resize=25%2C25&#038;ssl=1\" alt=\"Imagem compartilhar whatsapp\"\/><\/p>\n<p>                <img data-recalc-dims=\"1\" loading=\"lazy\" decoding=\"async\" width=\"25\" height=\"25\" src=\"https:\/\/i0.wp.com\/francaclassificados.com\/\/source\/view\/img\/18w50.png?resize=25%2C25&#038;ssl=1\" alt=\"Imagem compartilhar facebook\"\/><\/p>\n<\/p><\/div>\n<p>    <script async=\"\" src=\"https:\/\/pagead2.googlesyndication.com\/pagead\/js\/adsbygoogle.js?client=ca-pub-2853392113352629\" crossorigin=\"anonymous\"\/>\n    <ins class=\"adsbygoogle\" style=\"display:block\" data-ad-client=\"ca-pub-2853392113352629\" data-ad-slot=\"2925831803\" data-ad-format=\"auto\" data-full-width-responsive=\"true\"\/>\n    <script><![CDATA[\n    (adsbygoogle = window.adsbygoogle || []).push({});\n    ]]><\/script><\/p>\n<div class=\"emp\">\n<p>\n            VENDEDORA<br \/>Sexo feminino, comunicativa, proativa, com conhecimento em redes sociais e gostar de vendas. Entregar curr\u00edculo pessoalmente na Rua \u00c1lvaro Abranches, 664 - Cidade Nova ou enviar pelo email rhyogamariamodas@gmail.com\n            <\/p>\n<p><strong>Compartilhe:<\/strong><\/p>\n<p>                <img data-recalc-dims=\"1\" loading=\"lazy\" decoding=\"async\" width=\"25\" height=\"25\" src=\"https:\/\/i0.wp.com\/francaclassificados.com\/\/source\/view\/img\/20w50.png?resize=25%2C25&#038;ssl=1\" alt=\"Imagem compartilhar whatsapp\"\/><\/p>\n<p>                <img data-recalc-dims=\"1\" loading=\"lazy\" decoding=\"async\" width=\"25\" height=\"25\" src=\"https:\/\/i0.wp.com\/francaclassificados.com\/\/source\/view\/img\/18w50.png?resize=25%2C25&#038;ssl=1\" alt=\"Imagem compartilhar facebook\"\/><\/p>\n<\/p><\/div>\n<div class=\"emp\">\n<p>\n            VISTORIADOR DE AUTOMOVEIS<br \/>Contrata-se vistoriador de automoveis com experiencia. Entregar curriculo na Visao Total, Av. Helio Palermo n\u00ba 3193\n            <\/p>\n<p><strong>Compartilhe:<\/strong><\/p>\n<p>                <img data-recalc-dims=\"1\" loading=\"lazy\" decoding=\"async\" width=\"25\" height=\"25\" src=\"https:\/\/i0.wp.com\/francaclassificados.com\/\/source\/view\/img\/20w50.png?resize=25%2C25&#038;ssl=1\" alt=\"Imagem compartilhar whatsapp\"\/><\/p>\n<p>                <img data-recalc-dims=\"1\" loading=\"lazy\" decoding=\"async\" width=\"25\" height=\"25\" src=\"https:\/\/i0.wp.com\/francaclassificados.com\/\/source\/view\/img\/18w50.png?resize=25%2C25&#038;ssl=1\" alt=\"Imagem compartilhar facebook\"\/><\/p>\n<\/p><\/div>\n<p>    <script async=\"\" src=\"https:\/\/pagead2.googlesyndication.com\/pagead\/js\/adsbygoogle.js?client=ca-pub-2853392113352629\" crossorigin=\"anonymous\"\/>\n    <ins class=\"adsbygoogle\" style=\"display:block\" data-ad-client=\"ca-pub-2853392113352629\" data-ad-slot=\"2925831803\" data-ad-format=\"auto\" data-full-width-responsive=\"true\"\/>\n    <script><![CDATA[\n    (adsbygoogle = window.adsbygoogle || []).push({});\n    ]]><\/script><\/p>\n<div class=\"emp\">\n<p>\n            ESTAMOS CONTRATANDO COZINHEIRA(O) COM EXPERI\u00caNCIA DE 2 ANOS E ATENDENTE, AMBAS AS VAGAS COM DISPONIBILIDADE DE HOR\u00c1RIO. ENVIE SEU CURR\u00cdCULO PARA: oportunidadecityposto@gmail.com\n            <\/p>\n<p><strong>Compartilhe:<\/strong><\/p>\n<p>                <img data-recalc-dims=\"1\" loading=\"lazy\" decoding=\"async\" width=\"25\" height=\"25\" src=\"https:\/\/i0.wp.com\/francaclassificados.com\/\/source\/view\/img\/20w50.png?resize=25%2C25&#038;ssl=1\" alt=\"Imagem compartilhar whatsapp\"\/><\/p>\n<p>                <img data-recalc-dims=\"1\" loading=\"lazy\" decoding=\"async\" width=\"25\" height=\"25\" src=\"https:\/\/i0.wp.com\/francaclassificados.com\/\/source\/view\/img\/18w50.png?resize=25%2C25&#038;ssl=1\" alt=\"Imagem compartilhar facebook\"\/><\/p>\n<\/p><\/div>\n<div class=\"emp\">\n<p>\n            CONTRATA Auxiliar de Prepara\u00e7\u00e3o . Auxiliar de Montagem .Revisor de Montagem . Pespontador .Coladeira de Pe\u00e7as Interessados enviar curriculum para Rua Ol\u00edvio Fenath 281 Distrito Industrial\n            <\/p>\n<p><strong>Compartilhe:<\/strong><\/p>\n<p>                <img data-recalc-dims=\"1\" loading=\"lazy\" decoding=\"async\" width=\"25\" height=\"25\" src=\"https:\/\/i0.wp.com\/francaclassificados.com\/\/source\/view\/img\/20w50.png?resize=25%2C25&#038;ssl=1\" alt=\"Imagem compartilhar whatsapp\"\/><\/p>\n<p>                <img data-recalc-dims=\"1\" loading=\"lazy\" decoding=\"async\" width=\"25\" height=\"25\" src=\"https:\/\/i0.wp.com\/francaclassificados.com\/\/source\/view\/img\/18w50.png?resize=25%2C25&#038;ssl=1\" alt=\"Imagem compartilhar facebook\"\/><\/p>\n<\/p><\/div>\n<p>    <script async=\"\" src=\"https:\/\/pagead2.googlesyndication.com\/pagead\/js\/adsbygoogle.js?client=ca-pub-2853392113352629\" crossorigin=\"anonymous\"\/>\n    <ins class=\"adsbygoogle\" style=\"display:block\" data-ad-client=\"ca-pub-2853392113352629\" data-ad-slot=\"2925831803\" data-ad-format=\"auto\" data-full-width-responsive=\"true\"\/>\n    <script><![CDATA[\n    (adsbygoogle = window.adsbygoogle || []).push({});\n    ]]><\/script><\/p>\n<div class=\"emp\">\n<p>\n            ASSISTENTE FISCAL E CONTABIL<br \/>Com conhecimentos nas rotinas fiscais e cont\u00e1beis (escritura\u00e7\u00e3o cont\u00e1bil, concilia\u00e7\u00e3o, apura\u00e7\u00e3o de impostos estaduais, federais e municipais, entregas de declara\u00e7\u00f5es e obriga\u00e7\u00f5es acess\u00f3rias), para atuar em escrit\u00f3rio de contabilidade, interessados enviar curr\u00edculo para o e-mail: recrutamento@contabi.com\n            <\/p>\n<p><strong>Compartilhe:<\/strong><\/p>\n<p>                <img data-recalc-dims=\"1\" loading=\"lazy\" decoding=\"async\" width=\"25\" height=\"25\" src=\"https:\/\/i0.wp.com\/francaclassificados.com\/\/source\/view\/img\/20w50.png?resize=25%2C25&#038;ssl=1\" alt=\"Imagem compartilhar whatsapp\"\/><\/p>\n<p>                <img data-recalc-dims=\"1\" loading=\"lazy\" decoding=\"async\" width=\"25\" height=\"25\" src=\"https:\/\/i0.wp.com\/francaclassificados.com\/\/source\/view\/img\/18w50.png?resize=25%2C25&#038;ssl=1\" alt=\"Imagem compartilhar facebook\"\/><\/p>\n<\/p><\/div>\n<div class=\"emp\">\n<p>\n            AUXILIAR COMUNICA\u00c7\u00c3O VISUAL<br \/>Ir\u00e1 aplicar adesivos em superf\u00edcies lisas, corrugadas, vidros, placas, vitrines e envelopamento de ve\u00edculos. Atuar\u00e1 na produ\u00e7\u00e3o de adesivos, cortes, separa\u00e7\u00e3o de estoque, colaborando no cumprimento de prazos de entrega e demanda de clientes. Trabalhar\u00e1 c\/ ferramentas manuais e el\u00e9tricas. Necess\u00e1rio disponibilidade p\/ viagens e CNH B. Sal\u00e1rio: R$ 1850,00. Ap\u00f3s experi\u00eancia V.A 250,00 (m\u00eas). Seg. \u00e0 sexta, 7h \u00e0s 17h. Curr\u00edculos at\u00e9 02\/07 c\/ assunto Comunica\u00e7\u00e3o Visual p\/ vagas@rmconsultoriagp.com.br\n            <\/p>\n<p><strong>Compartilhe:<\/strong><\/p>\n<p>                <img data-recalc-dims=\"1\" loading=\"lazy\" decoding=\"async\" width=\"25\" height=\"25\" src=\"https:\/\/i0.wp.com\/francaclassificados.com\/\/source\/view\/img\/20w50.png?resize=25%2C25&#038;ssl=1\" alt=\"Imagem compartilhar whatsapp\"\/><\/p>\n<p>                <img data-recalc-dims=\"1\" loading=\"lazy\" decoding=\"async\" width=\"25\" height=\"25\" src=\"https:\/\/i0.wp.com\/francaclassificados.com\/\/source\/view\/img\/18w50.png?resize=25%2C25&#038;ssl=1\" alt=\"Imagem compartilhar facebook\"\/><\/p>\n<\/p><\/div>\n<p>    <script async=\"\" src=\"https:\/\/pagead2.googlesyndication.com\/pagead\/js\/adsbygoogle.js?client=ca-pub-2853392113352629\" crossorigin=\"anonymous\"\/>\n    <ins class=\"adsbygoogle\" style=\"display:block\" data-ad-client=\"ca-pub-2853392113352629\" data-ad-slot=\"2925831803\" data-ad-format=\"auto\" data-full-width-responsive=\"true\"\/>\n    <script><![CDATA[\n    (adsbygoogle = window.adsbygoogle || []).push({});\n    ]]><\/script><\/p>\n<div class=\"emp\">\n<p>\n            ATENDENTE DE RESTAURANTE<br \/>Requisitos: disponibilidade de hor\u00e1rio para trabalhar aos finais de semana. Carga hor\u00e1ria de ter\u00e7a a domingo. Proatividade e respons\u00e1vel. Ter boa comunica\u00e7\u00e3o. Trabalho em equipe. Gostar de pessoas. Experi\u00eancia em atendimento \u00e9 um diferencial. Enviar curr\u00edculo para: ninocozinhacontemporanea@gmail.com\n            <\/p>\n<p><strong>Compartilhe:<\/strong><\/p>\n<p>                <img data-recalc-dims=\"1\" loading=\"lazy\" decoding=\"async\" width=\"25\" height=\"25\" src=\"https:\/\/i0.wp.com\/francaclassificados.com\/\/source\/view\/img\/20w50.png?resize=25%2C25&#038;ssl=1\" alt=\"Imagem compartilhar whatsapp\"\/><\/p>\n<p>                <img data-recalc-dims=\"1\" loading=\"lazy\" decoding=\"async\" width=\"25\" height=\"25\" src=\"https:\/\/i0.wp.com\/francaclassificados.com\/\/source\/view\/img\/18w50.png?resize=25%2C25&#038;ssl=1\" alt=\"Imagem compartilhar facebook\"\/><\/p>\n<\/p><\/div>\n<div class=\"emp\">\n<p>\n            Contrata para in\u00edcio imediato, OPERADORA DE CAIXA - REPOSITOR DE MERCADO - AUXILIAR DE FRIOS - MOTORISTA CNH D. Profissionais comprometidos, goste de trabalhar no com\u00e9rcio e queira crescer profissionalmente. Trabalho regime CLT. De segunda a s\u00e1bado. Interessados enviar curr\u00edculo para WhatsApp 16997498772 COLOCAR O NOME DA VAGA PRETENDIDA\n            <\/p>\n<p><strong>Compartilhe:<\/strong><\/p>\n<p>                <img data-recalc-dims=\"1\" loading=\"lazy\" decoding=\"async\" width=\"25\" height=\"25\" src=\"https:\/\/i0.wp.com\/francaclassificados.com\/\/source\/view\/img\/20w50.png?resize=25%2C25&#038;ssl=1\" alt=\"Imagem compartilhar whatsapp\"\/><\/p>\n<p>                <img data-recalc-dims=\"1\" loading=\"lazy\" decoding=\"async\" width=\"25\" height=\"25\" src=\"https:\/\/i0.wp.com\/francaclassificados.com\/\/source\/view\/img\/18w50.png?resize=25%2C25&#038;ssl=1\" alt=\"Imagem compartilhar facebook\"\/><\/p>\n<\/p><\/div>\n<p>    <script async=\"\" src=\"https:\/\/pagead2.googlesyndication.com\/pagead\/js\/adsbygoogle.js?client=ca-pub-2853392113352629\" crossorigin=\"anonymous\"\/>\n    <ins class=\"adsbygoogle\" style=\"display:block\" data-ad-client=\"ca-pub-2853392113352629\" data-ad-slot=\"2925831803\" data-ad-format=\"auto\" data-full-width-responsive=\"true\"\/>\n    <script><![CDATA[\n    (adsbygoogle = window.adsbygoogle || []).push({});\n    ]]><\/script><\/p>\n<div class=\"emp\">\n<p>\n            VENDAS \/ IMEDIATO<br \/>Estamos contratando vendedora no Segmento \u00d3ptico com ou sem experi\u00eancia, Salario fixo, Premia\u00e7\u00e3o\/Comiss\u00e3o, Vale Transporte; Conv\u00eanio Farm\u00e1cia, Ajuda de Custo e principalmente Plano de Carreira no segmento.<br \/>\n            <br \/>oticaspontual2@outlook.com\n            <\/p>\n<p><strong>Compartilhe:<\/strong><\/p>\n<p>                <img data-recalc-dims=\"1\" loading=\"lazy\" decoding=\"async\" width=\"25\" height=\"25\" src=\"https:\/\/i0.wp.com\/francaclassificados.com\/\/source\/view\/img\/20w50.png?resize=25%2C25&#038;ssl=1\" alt=\"Imagem compartilhar whatsapp\"\/><\/p>\n<p>                <img data-recalc-dims=\"1\" loading=\"lazy\" decoding=\"async\" width=\"25\" height=\"25\" src=\"https:\/\/i0.wp.com\/francaclassificados.com\/\/source\/view\/img\/18w50.png?resize=25%2C25&#038;ssl=1\" alt=\"Imagem compartilhar facebook\"\/><\/p>\n<\/p><\/div>\n<div class=\"emp\">\n<p>\n            Contrata-se balconista e operadora de caixa com e sem experi\u00eancia, que tenha disponibilidade de hor\u00e1rio. Interessados enviar o curr\u00edculo no seguinte e-mail: rhelimar@hotmail.com\n            <\/p>\n<p><strong>Compartilhe:<\/strong><\/p>\n<p>                <img data-recalc-dims=\"1\" loading=\"lazy\" decoding=\"async\" width=\"25\" height=\"25\" src=\"https:\/\/i0.wp.com\/francaclassificados.com\/\/source\/view\/img\/20w50.png?resize=25%2C25&#038;ssl=1\" alt=\"Imagem compartilhar whatsapp\"\/><\/p>\n<p>                <img data-recalc-dims=\"1\" loading=\"lazy\" decoding=\"async\" width=\"25\" height=\"25\" src=\"https:\/\/i0.wp.com\/francaclassificados.com\/\/source\/view\/img\/18w50.png?resize=25%2C25&#038;ssl=1\" alt=\"Imagem compartilhar facebook\"\/><\/p>\n<\/p><\/div>\n<p>    <script async=\"\" src=\"https:\/\/pagead2.googlesyndication.com\/pagead\/js\/adsbygoogle.js?client=ca-pub-2853392113352629\" crossorigin=\"anonymous\"\/>\n    <ins class=\"adsbygoogle\" style=\"display:block\" data-ad-client=\"ca-pub-2853392113352629\" data-ad-slot=\"2925831803\" data-ad-format=\"auto\" data-full-width-responsive=\"true\"\/>\n    <script><![CDATA[\n    (adsbygoogle = window.adsbygoogle || []).push({});\n    ]]><\/script><\/p>\n<div class=\"emp\">\n<p>\n            Vaga de emprego, em pousada localizada em Capit\u00f3lio Minas Gerais, com moradia inclusa, alimenta\u00e7\u00e3o inclusa\/\/ no\u00e7\u00e3o b\u00e1sica: Cozinha E atendimento ao p\u00fablico<br \/>\n            <br \/>pousadamoradadospassaros01@gmail.com\n            <\/p>\n<p><strong>Compartilhe:<\/strong><\/p>\n<p>                <img data-recalc-dims=\"1\" loading=\"lazy\" decoding=\"async\" width=\"25\" height=\"25\" src=\"https:\/\/i0.wp.com\/francaclassificados.com\/\/source\/view\/img\/20w50.png?resize=25%2C25&#038;ssl=1\" alt=\"Imagem compartilhar whatsapp\"\/><\/p>\n<p>                <img data-recalc-dims=\"1\" loading=\"lazy\" decoding=\"async\" width=\"25\" height=\"25\" src=\"https:\/\/i0.wp.com\/francaclassificados.com\/\/source\/view\/img\/18w50.png?resize=25%2C25&#038;ssl=1\" alt=\"Imagem compartilhar facebook\"\/><\/p>\n<\/p><\/div>\n<div class=\"emp\">\n<p>\n            ATENDIMENTO E EXPEDI\u00c7\u00c3O<br \/>Contrata-se Auxiliar de expedi\u00e7\u00e3o e Estoque. Para as seguintes fun\u00e7\u00f5es: Cadastramento e etiquetagem de produtos, controle de estoque , separa\u00e7\u00e3o e expedi\u00e7\u00e3o de produtos vendidos, auxilio ao cliente no p\u00f3s venda da sa\u00edda do produto ate o recebimento. Auxilio em Trocas e Devolu\u00e7\u00f5es. Necess\u00e1rio que tenha conhecimento em sistema ERP com facilidade e organiza\u00e7\u00e3o de processos, boa dic\u00e7\u00e3o e escrita. Flexibilidade. Enviar Curr\u00edculo com FOTO para o email : cselecao5@gmail.com .\n            <\/p>\n<p><strong>Compartilhe:<\/strong><\/p>\n<p>                <img data-recalc-dims=\"1\" loading=\"lazy\" decoding=\"async\" width=\"25\" height=\"25\" src=\"https:\/\/i0.wp.com\/francaclassificados.com\/\/source\/view\/img\/20w50.png?resize=25%2C25&#038;ssl=1\" alt=\"Imagem compartilhar whatsapp\"\/><\/p>\n<p>                <img data-recalc-dims=\"1\" loading=\"lazy\" decoding=\"async\" width=\"25\" height=\"25\" src=\"https:\/\/i0.wp.com\/francaclassificados.com\/\/source\/view\/img\/18w50.png?resize=25%2C25&#038;ssl=1\" alt=\"Imagem compartilhar facebook\"\/><\/p>\n<\/p><\/div>\n<p>    <script async=\"\" src=\"https:\/\/pagead2.googlesyndication.com\/pagead\/js\/adsbygoogle.js?client=ca-pub-2853392113352629\" crossorigin=\"anonymous\"\/>\n    <ins class=\"adsbygoogle\" style=\"display:block\" data-ad-client=\"ca-pub-2853392113352629\" data-ad-slot=\"2925831803\" data-ad-format=\"auto\" data-full-width-responsive=\"true\"\/>\n    <script><![CDATA[\n    (adsbygoogle = window.adsbygoogle || []).push({});\n    ]]><\/script><\/p>\n<div class=\"emp\">\n<p>\n            Atacadista contrata-se AUX ESTOQUE ambos sexo, com experi\u00eancia em sistemas. Que seja comunicativo e pr\u00f3 ativo. Seg a sex 08:15 as 18:00 sab 08:30 as 12:00. Salario fixo. Encaminhar curriculos p\/ jrecassola@gmail.com\n            <\/p>\n<p><strong>Compartilhe:<\/strong><\/p>\n<p>                <img data-recalc-dims=\"1\" loading=\"lazy\" decoding=\"async\" width=\"25\" height=\"25\" src=\"https:\/\/i0.wp.com\/francaclassificados.com\/\/source\/view\/img\/20w50.png?resize=25%2C25&#038;ssl=1\" alt=\"Imagem compartilhar whatsapp\"\/><\/p>\n<p>                <img data-recalc-dims=\"1\" loading=\"lazy\" decoding=\"async\" width=\"25\" height=\"25\" src=\"https:\/\/i0.wp.com\/francaclassificados.com\/\/source\/view\/img\/18w50.png?resize=25%2C25&#038;ssl=1\" alt=\"Imagem compartilhar facebook\"\/><\/p>\n<\/p><\/div>\n<div class=\"emp\">\n<p>\n            PADARIA CONTRATA ATENDENTE DE PADARIA, MOTORISTA\/ENTREGADOR, maiores de 18 anos, para trabalhar de segunda a s\u00e1bado do 12:10 as 20:30. Interessadas enviar curr\u00edculo no e-mail COM O TITULO DA VAGA para rhpadariafranca@gmail.com\n            <\/p>\n<p><strong>Compartilhe:<\/strong><\/p>\n<p>                <img data-recalc-dims=\"1\" loading=\"lazy\" decoding=\"async\" width=\"25\" height=\"25\" src=\"https:\/\/i0.wp.com\/francaclassificados.com\/\/source\/view\/img\/20w50.png?resize=25%2C25&#038;ssl=1\" alt=\"Imagem compartilhar whatsapp\"\/><\/p>\n<p>                <img data-recalc-dims=\"1\" loading=\"lazy\" decoding=\"async\" width=\"25\" height=\"25\" src=\"https:\/\/i0.wp.com\/francaclassificados.com\/\/source\/view\/img\/18w50.png?resize=25%2C25&#038;ssl=1\" alt=\"Imagem compartilhar facebook\"\/><\/p>\n<\/p><\/div>\n<p>    <script async=\"\" src=\"https:\/\/pagead2.googlesyndication.com\/pagead\/js\/adsbygoogle.js?client=ca-pub-2853392113352629\" crossorigin=\"anonymous\"\/>\n    <ins class=\"adsbygoogle\" style=\"display:block\" data-ad-client=\"ca-pub-2853392113352629\" data-ad-slot=\"2925831803\" data-ad-format=\"auto\" data-full-width-responsive=\"true\"\/>\n    <script><![CDATA[\n    (adsbygoogle = window.adsbygoogle || []).push({});\n    ]]><\/script><\/p>\n<div class=\"emp\">\n<p>\n            PEDREIRO E SERVENTE<br \/>VAGA PARA PEDREIRO E SERVENTE EM UMA CONSTRUTORA EM FRANCA. (ALVENARIA E REBOCO). CONTRATO CLT (REGISTRADO) + VALE ALIMENTA\u00c7\u00c3O. FAVOR ENVIAR CURR\u00cdCULO PARA O WHATSAPP: (16) 99134-1046 - falar com JOAQUIM. NECESS\u00c1RIO TER EXPERI\u00caNCIA NA \u00c1REA.\n            <\/p>\n<p><strong>Compartilhe:<\/strong><\/p>\n<p>                <img data-recalc-dims=\"1\" loading=\"lazy\" decoding=\"async\" width=\"25\" height=\"25\" src=\"https:\/\/i0.wp.com\/francaclassificados.com\/\/source\/view\/img\/20w50.png?resize=25%2C25&#038;ssl=1\" alt=\"Imagem compartilhar whatsapp\"\/><\/p>\n<p>                <img data-recalc-dims=\"1\" loading=\"lazy\" decoding=\"async\" width=\"25\" height=\"25\" src=\"https:\/\/i0.wp.com\/francaclassificados.com\/\/source\/view\/img\/18w50.png?resize=25%2C25&#038;ssl=1\" alt=\"Imagem compartilhar facebook\"\/><\/p>\n<\/p><\/div>\n<div class=\"emp\">\n<p>\n            ANALISTA PLATAFORMAS E-COMMERCE<br \/>Atividades: Realizar a inclus\u00e3o e atualiza\u00e7\u00e3o de produtos no site - Monitorar e responder \u00e0s intera\u00e7\u00f5es dos clientes - Apoiar na cria\u00e7\u00e3o e envio de campanhas de marketing digital - Controlar e acompanhar os pedidos e estoques de produtos. Requisitos: Gradua\u00e7\u00e3o ou cursando Publicidade e Propaganda. Boa comunica\u00e7\u00e3o escrita\/verbal e trabalho em equipe, experi\u00eancia anterior em e-commerce ou \u00e1reas relacionadas ser\u00e1 um diferencial. Interessados enviar curriculum para rhfreitas.selecao@gmail.com\n            <\/p>\n<p><strong>Compartilhe:<\/strong><\/p>\n<p>                <img data-recalc-dims=\"1\" loading=\"lazy\" decoding=\"async\" width=\"25\" height=\"25\" src=\"https:\/\/i0.wp.com\/francaclassificados.com\/\/source\/view\/img\/20w50.png?resize=25%2C25&#038;ssl=1\" alt=\"Imagem compartilhar whatsapp\"\/><\/p>\n<p>                <img data-recalc-dims=\"1\" loading=\"lazy\" decoding=\"async\" width=\"25\" height=\"25\" src=\"https:\/\/i0.wp.com\/francaclassificados.com\/\/source\/view\/img\/18w50.png?resize=25%2C25&#038;ssl=1\" alt=\"Imagem compartilhar facebook\"\/><\/p>\n<\/p><\/div>\n<p>    <script async=\"\" src=\"https:\/\/pagead2.googlesyndication.com\/pagead\/js\/adsbygoogle.js?client=ca-pub-2853392113352629\" crossorigin=\"anonymous\"\/>\n    <ins class=\"adsbygoogle\" style=\"display:block\" data-ad-client=\"ca-pub-2853392113352629\" data-ad-slot=\"2925831803\" data-ad-format=\"auto\" data-full-width-responsive=\"true\"\/>\n    <script><![CDATA[\n    (adsbygoogle = window.adsbygoogle || []).push({});\n    ]]><\/script><\/p>\n<div class=\"emp\">\n<p>\n            ESTOQUISTA<br \/>Contrata-se ESTOQUISTA com experi\u00eancia. Sexo masculino, idade a partir dos 18 anos. Trabalho segunda a sexta e s\u00e1bados alternados. Sal\u00e1rio R$ 2.100,00. Enviar curr\u00edculo para diegomartinscpfranca@gmail.com.\n            <\/p>\n<p><strong>Compartilhe:<\/strong><\/p>\n<p>                <img data-recalc-dims=\"1\" loading=\"lazy\" decoding=\"async\" width=\"25\" height=\"25\" src=\"https:\/\/i0.wp.com\/francaclassificados.com\/\/source\/view\/img\/20w50.png?resize=25%2C25&#038;ssl=1\" alt=\"Imagem compartilhar whatsapp\"\/><\/p>\n<p>                <img data-recalc-dims=\"1\" loading=\"lazy\" decoding=\"async\" width=\"25\" height=\"25\" src=\"https:\/\/i0.wp.com\/francaclassificados.com\/\/source\/view\/img\/18w50.png?resize=25%2C25&#038;ssl=1\" alt=\"Imagem compartilhar facebook\"\/><\/p>\n<\/p><\/div>\n<div class=\"emp\">\n<p>\n            DESIGNER REDES SOCIAIS<br \/>Designer de Fotos e V\u00eddeos para Redes Sociais. Estamos em expans\u00e3o e buscando um talento excepcional para integrar nossa equipe criativa. Procuramos um Designer de Fotos e V\u00eddeos com experi\u00eancia comprovada e habilidades avan\u00e7adas em edi\u00e7\u00e3o, para criar conte\u00fados inovadores e impactantes para nossas campanhas nas redes sociais. Enviar curr\u00edculo por e-mail. contato@jlimoveisfranca.com.br\n            <\/p>\n<p><strong>Compartilhe:<\/strong><\/p>\n<p>                <img data-recalc-dims=\"1\" loading=\"lazy\" decoding=\"async\" width=\"25\" height=\"25\" src=\"https:\/\/i0.wp.com\/francaclassificados.com\/\/source\/view\/img\/20w50.png?resize=25%2C25&#038;ssl=1\" alt=\"Imagem compartilhar whatsapp\"\/><\/p>\n<p>                <img data-recalc-dims=\"1\" loading=\"lazy\" decoding=\"async\" width=\"25\" height=\"25\" src=\"https:\/\/i0.wp.com\/francaclassificados.com\/\/source\/view\/img\/18w50.png?resize=25%2C25&#038;ssl=1\" alt=\"Imagem compartilhar facebook\"\/><\/p>\n<\/p><\/div>\n<p>    <script async=\"\" src=\"https:\/\/pagead2.googlesyndication.com\/pagead\/js\/adsbygoogle.js?client=ca-pub-2853392113352629\" crossorigin=\"anonymous\"\/>\n    <ins class=\"adsbygoogle\" style=\"display:block\" data-ad-client=\"ca-pub-2853392113352629\" data-ad-slot=\"2925831803\" data-ad-format=\"auto\" data-full-width-responsive=\"true\"\/>\n    <script><![CDATA[\n    (adsbygoogle = window.adsbygoogle || []).push({});\n    ]]><\/script><\/p>\n<div class=\"emp\">\n<p>\n            Contrata-se vendedora para trabalhar com vendas online. Requisitos necess\u00e1rios: Experi\u00eancia em vendas de joias e semi joias comprovada em carteira, que tenha facilidade em utilizar aplicativos de mensagens instant\u00e2neas, fazer capta\u00e7\u00e3o de clientes e manter planilhas no excel atualizadas. Caso se encaixe nos requisitos, enviar curr\u00edculo para o n\u00famero (whatsapp) 16 98801-4107 aos cuidados de Marquinho.\n            <\/p>\n<p><strong>Compartilhe:<\/strong><\/p>\n<p>                <img data-recalc-dims=\"1\" loading=\"lazy\" decoding=\"async\" width=\"25\" height=\"25\" src=\"https:\/\/i0.wp.com\/francaclassificados.com\/\/source\/view\/img\/20w50.png?resize=25%2C25&#038;ssl=1\" alt=\"Imagem compartilhar whatsapp\"\/><\/p>\n<p>                <img data-recalc-dims=\"1\" loading=\"lazy\" decoding=\"async\" width=\"25\" height=\"25\" src=\"https:\/\/i0.wp.com\/francaclassificados.com\/\/source\/view\/img\/18w50.png?resize=25%2C25&#038;ssl=1\" alt=\"Imagem compartilhar facebook\"\/><\/p>\n<\/p><\/div>\n<div class=\"emp\">\n<p>\n            ATENDIMENTO E EXPEDI\u00c7\u00c3O<br \/>Contrata-se Auxiliar de expedi\u00e7\u00e3o e Estoque. Para as seguintes fun\u00e7\u00f5es: Cadastramento e etiquetagem de produtos, controle de estoque , separa\u00e7\u00e3o e expedi\u00e7\u00e3o de produtos vendidos, auxilio ao cliente no p\u00f3s venda da sa\u00edda do produto ate o recebimento. Auxilio em Trocas e Devolu\u00e7\u00f5es. Necess\u00e1rio que tenha conhecimento em sistema ERP com facilidade e organiza\u00e7\u00e3o de processos, boa dic\u00e7\u00e3o e escrita. Flexibilidade. Enviar Curr\u00edculo com FOTO para o email : cselecao5@gmail.com .\n            <\/p>\n<p><strong>Compartilhe:<\/strong><\/p>\n<p>                <img data-recalc-dims=\"1\" loading=\"lazy\" decoding=\"async\" width=\"25\" height=\"25\" src=\"https:\/\/i0.wp.com\/francaclassificados.com\/\/source\/view\/img\/20w50.png?resize=25%2C25&#038;ssl=1\" alt=\"Imagem compartilhar whatsapp\"\/><\/p>\n<p>                <img data-recalc-dims=\"1\" loading=\"lazy\" decoding=\"async\" width=\"25\" height=\"25\" src=\"https:\/\/i0.wp.com\/francaclassificados.com\/\/source\/view\/img\/18w50.png?resize=25%2C25&#038;ssl=1\" alt=\"Imagem compartilhar facebook\"\/><\/p>\n<\/p><\/div>\n<p>    <script async=\"\" src=\"https:\/\/pagead2.googlesyndication.com\/pagead\/js\/adsbygoogle.js?client=ca-pub-2853392113352629\" crossorigin=\"anonymous\"\/>\n    <ins class=\"adsbygoogle\" style=\"display:block\" data-ad-client=\"ca-pub-2853392113352629\" data-ad-slot=\"2925831803\" data-ad-format=\"auto\" data-full-width-responsive=\"true\"\/>\n    <script><![CDATA[\n    (adsbygoogle = window.adsbygoogle || []).push({});\n    ]]><\/script><\/p>\n<div class=\"emp\">\n<p>\n            ATENDENTE<br \/>Contrata atendente com disponibilidade aos s\u00e1bados , domingos e feriados Hor\u00e1rio 17:00 as 00:20 Requisitos : * Possuir ve\u00edculo pr\u00f3prio. Atividades : atendimento ao p\u00fablico, auxiliar na prepara\u00e7\u00e3o dos pedidos , organiza\u00e7\u00e3o e limpeza do ambiente de trabalho. Remunera\u00e7\u00e3o: sal\u00e1rio + horas extras + Adicional noturno + premia\u00e7\u00e3o.Interessados enviar curr\u00edculo para: curriculovagas@outlook.com.br\n            <\/p>\n<p><strong>Compartilhe:<\/strong><\/p>\n<p>                <img data-recalc-dims=\"1\" loading=\"lazy\" decoding=\"async\" width=\"25\" height=\"25\" src=\"https:\/\/i0.wp.com\/francaclassificados.com\/\/source\/view\/img\/20w50.png?resize=25%2C25&#038;ssl=1\" alt=\"Imagem compartilhar whatsapp\"\/><\/p>\n<p>                <img data-recalc-dims=\"1\" loading=\"lazy\" decoding=\"async\" width=\"25\" height=\"25\" src=\"https:\/\/i0.wp.com\/francaclassificados.com\/\/source\/view\/img\/18w50.png?resize=25%2C25&#038;ssl=1\" alt=\"Imagem compartilhar facebook\"\/><\/p>\n<\/p><\/div>\n<div class=\"emp\">\n<p>\n            ATENDENTE PADARIA \/ BALCONISTA PADARIA<br \/>Contrata-se balconista com EXPERI\u00caNCIA EM PADARIA. Comprometimento e disponibilidade de hor\u00e1rio para finais de semana. Somente enviar com real interesse na vaga! ENVIAR CURR\u00cdCULO COM FOTO: thainna.velozo19@gmail.com (Per\u00edodo da tarde) Vaga para duas unidades: colocar no assunto VAGA PAULISTANO \/ VAGA VILLAGIO MUNDO NOVO<br \/>\n            <br \/>thainna.velozo19@gmail.com\n            <\/p>\n<p><strong>Compartilhe:<\/strong><\/p>\n<p>                <img data-recalc-dims=\"1\" loading=\"lazy\" decoding=\"async\" width=\"25\" height=\"25\" src=\"https:\/\/i0.wp.com\/francaclassificados.com\/\/source\/view\/img\/20w50.png?resize=25%2C25&#038;ssl=1\" alt=\"Imagem compartilhar whatsapp\"\/><\/p>\n<p>                <img data-recalc-dims=\"1\" loading=\"lazy\" decoding=\"async\" width=\"25\" height=\"25\" src=\"https:\/\/i0.wp.com\/francaclassificados.com\/\/source\/view\/img\/18w50.png?resize=25%2C25&#038;ssl=1\" alt=\"Imagem compartilhar facebook\"\/><\/p>\n<\/p><\/div>\n<p>    <script async=\"\" src=\"https:\/\/pagead2.googlesyndication.com\/pagead\/js\/adsbygoogle.js?client=ca-pub-2853392113352629\" crossorigin=\"anonymous\"\/>\n    <ins class=\"adsbygoogle\" style=\"display:block\" data-ad-client=\"ca-pub-2853392113352629\" data-ad-slot=\"2925831803\" data-ad-format=\"auto\" data-full-width-responsive=\"true\"\/>\n    <script><![CDATA[\n    (adsbygoogle = window.adsbygoogle || []).push({});\n    ]]><\/script><\/p>\n<div class=\"emp\">\n<p>\n            Contrata-se com experi\u00eancia, ambos os sexos: MANCHADOR, AUXILIAR DE PLANCHEAMENTO (passar atacador e fazer bucha) e PREPARADOR DE SOLA (halogenar e passar cola), favor enviar curriculo pelo whats 16 99404-4740 (fabrica localizada no Jardim Derminio).\n            <\/p>\n<p><strong>Compartilhe:<\/strong><\/p>\n<p>                <img data-recalc-dims=\"1\" loading=\"lazy\" decoding=\"async\" width=\"25\" height=\"25\" src=\"https:\/\/i0.wp.com\/francaclassificados.com\/\/source\/view\/img\/20w50.png?resize=25%2C25&#038;ssl=1\" alt=\"Imagem compartilhar whatsapp\"\/><\/p>\n<p>                <img data-recalc-dims=\"1\" loading=\"lazy\" decoding=\"async\" width=\"25\" height=\"25\" src=\"https:\/\/i0.wp.com\/francaclassificados.com\/\/source\/view\/img\/18w50.png?resize=25%2C25&#038;ssl=1\" alt=\"Imagem compartilhar facebook\"\/><\/p>\n<\/p><\/div>\n<div class=\"emp\">\n<p>\n            Loja de roupas localizada no bairro Cidade Nova busca um colaborador(a) para o setor administrativo da loja (financeiro, caixa, estoque) segunda a sexta 08:30h \u00e1s 18:00h (01:30 almo\u00e7o), s\u00e1bado 08:30h \u00e1s 13:00h, sal\u00e1rio a combinar. Enviar curriculo para selecaoevagas2024@hotmail.com Assunto: Administrativo.\n            <\/p>\n<p><strong>Compartilhe:<\/strong><\/p>\n<p>                <img data-recalc-dims=\"1\" loading=\"lazy\" decoding=\"async\" width=\"25\" height=\"25\" src=\"https:\/\/i0.wp.com\/francaclassificados.com\/\/source\/view\/img\/20w50.png?resize=25%2C25&#038;ssl=1\" alt=\"Imagem compartilhar whatsapp\"\/><\/p>\n<p>                <img data-recalc-dims=\"1\" loading=\"lazy\" decoding=\"async\" width=\"25\" height=\"25\" src=\"https:\/\/i0.wp.com\/francaclassificados.com\/\/source\/view\/img\/18w50.png?resize=25%2C25&#038;ssl=1\" alt=\"Imagem compartilhar facebook\"\/><\/p>\n<\/p><\/div>\n<p>    <script async=\"\" src=\"https:\/\/pagead2.googlesyndication.com\/pagead\/js\/adsbygoogle.js?client=ca-pub-2853392113352629\" crossorigin=\"anonymous\"\/>\n    <ins class=\"adsbygoogle\" style=\"display:block\" data-ad-client=\"ca-pub-2853392113352629\" data-ad-slot=\"2925831803\" data-ad-format=\"auto\" data-full-width-responsive=\"true\"\/>\n    <script><![CDATA[\n    (adsbygoogle = window.adsbygoogle || []).push({});\n    ]]><\/script><\/p>\n<div class=\"emp\">\n<p>\n            FABRICA DE CALCADOS BAIRRO ANGELA ROSA CONTRATA:CORINGA DE ESTERIA\/COSTURADOR LATERAL\/PESPONTADOR\/BANCA DE PESPONTO, ENVIAR CURRICULO PARA O WHATSAPP 16 3705-2446\n            <\/p>\n<p><strong>Compartilhe:<\/strong><\/p>\n<p>                <img data-recalc-dims=\"1\" loading=\"lazy\" decoding=\"async\" width=\"25\" height=\"25\" src=\"https:\/\/i0.wp.com\/francaclassificados.com\/\/source\/view\/img\/20w50.png?resize=25%2C25&#038;ssl=1\" alt=\"Imagem compartilhar whatsapp\"\/><\/p>\n<p>                <img data-recalc-dims=\"1\" loading=\"lazy\" decoding=\"async\" width=\"25\" height=\"25\" src=\"https:\/\/i0.wp.com\/francaclassificados.com\/\/source\/view\/img\/18w50.png?resize=25%2C25&#038;ssl=1\" alt=\"Imagem compartilhar facebook\"\/><\/p>\n<\/p><\/div>\n<div class=\"emp\">\n<p>\n            CONTRATA PARA INICIO IMEDIATO PESPONTADOR (EIRA) PARA TRABALHAR EM BANCA DE PESPONTO. INTERESSADOS ENVIAR CURRICULUM PARA O E-MAIL recrutarhshoes@gmail.com\n            <\/p>\n<p><strong>Compartilhe:<\/strong><\/p>\n<p>                <img data-recalc-dims=\"1\" loading=\"lazy\" decoding=\"async\" width=\"25\" height=\"25\" src=\"https:\/\/i0.wp.com\/francaclassificados.com\/\/source\/view\/img\/20w50.png?resize=25%2C25&#038;ssl=1\" alt=\"Imagem compartilhar whatsapp\"\/><\/p>\n<p>                <img data-recalc-dims=\"1\" loading=\"lazy\" decoding=\"async\" width=\"25\" height=\"25\" src=\"https:\/\/i0.wp.com\/francaclassificados.com\/\/source\/view\/img\/18w50.png?resize=25%2C25&#038;ssl=1\" alt=\"Imagem compartilhar facebook\"\/><\/p>\n<\/p><\/div>\n<p>    <script async=\"\" src=\"https:\/\/pagead2.googlesyndication.com\/pagead\/js\/adsbygoogle.js?client=ca-pub-2853392113352629\" crossorigin=\"anonymous\"\/>\n    <ins class=\"adsbygoogle\" style=\"display:block\" data-ad-client=\"ca-pub-2853392113352629\" data-ad-slot=\"2925831803\" data-ad-format=\"auto\" data-full-width-responsive=\"true\"\/>\n    <script><![CDATA[\n    (adsbygoogle = window.adsbygoogle || []).push({});\n    ]]><\/script><\/p>\n<div class=\"emp\">\n<p>\n            CONT\u00c1BIL<br \/>Profissional com experi\u00eancia\/conhecimento no setor CONT\u00c1BIL. Oferece Sal\u00e1rio + Vale Alimenta\u00e7\u00e3o + Premia\u00e7\u00e3o. Curr\u00edculo para o E-mail: selecao.escritorio123@gmail.com\n            <\/p>\n<p><strong>Compartilhe:<\/strong><\/p>\n<p>                <img data-recalc-dims=\"1\" loading=\"lazy\" decoding=\"async\" width=\"25\" height=\"25\" src=\"https:\/\/i0.wp.com\/francaclassificados.com\/\/source\/view\/img\/20w50.png?resize=25%2C25&#038;ssl=1\" alt=\"Imagem compartilhar whatsapp\"\/><\/p>\n<p>                <img data-recalc-dims=\"1\" loading=\"lazy\" decoding=\"async\" width=\"25\" height=\"25\" src=\"https:\/\/i0.wp.com\/francaclassificados.com\/\/source\/view\/img\/18w50.png?resize=25%2C25&#038;ssl=1\" alt=\"Imagem compartilhar facebook\"\/><\/p>\n<\/p><\/div>\n<div class=\"emp\">\n<p>\n            ESTAGIO<br \/>R$ 1.000,00. Contrata-se Estagi\u00e1rio(a). N\u00e3o \u00e9 necess\u00e1rio ter nenhum tipo de experi\u00eancia, por\u00e9m, \u00e9 preciso estar cursando Administra\u00e7\u00e3o ou Cont\u00e1beis, em n\u00edvel t\u00e9cnico ou superior. Apenas 6 horas por dia. Enviar curr\u00edculo para o e-mail: marcelocnt@hotmail.com\n            <\/p>\n<p><strong>Compartilhe:<\/strong><\/p>\n<p>                <img data-recalc-dims=\"1\" loading=\"lazy\" decoding=\"async\" width=\"25\" height=\"25\" src=\"https:\/\/i0.wp.com\/francaclassificados.com\/\/source\/view\/img\/20w50.png?resize=25%2C25&#038;ssl=1\" alt=\"Imagem compartilhar whatsapp\"\/><\/p>\n<p>                <img data-recalc-dims=\"1\" loading=\"lazy\" decoding=\"async\" width=\"25\" height=\"25\" src=\"https:\/\/i0.wp.com\/francaclassificados.com\/\/source\/view\/img\/18w50.png?resize=25%2C25&#038;ssl=1\" alt=\"Imagem compartilhar facebook\"\/><\/p>\n<\/p><\/div>\n<p>    <script async=\"\" src=\"https:\/\/pagead2.googlesyndication.com\/pagead\/js\/adsbygoogle.js?client=ca-pub-2853392113352629\" crossorigin=\"anonymous\"\/>\n    <ins class=\"adsbygoogle\" style=\"display:block\" data-ad-client=\"ca-pub-2853392113352629\" data-ad-slot=\"2925831803\" data-ad-format=\"auto\" data-full-width-responsive=\"true\"\/>\n    <script><![CDATA[\n    (adsbygoogle = window.adsbygoogle || []).push({});\n    ]]><\/script><\/p>\n<div class=\"emp\">\n<p>\n            PASTELARIA VILA S\u00c3O SEBASTI\u00c3O<br \/>Sexo masculino, contrata-se para trabalhar em pastelaria de segunda a s\u00e1bado das 9:00 as 19:20 ( disponibilidade nesse hor\u00e1rio), que more nas imedia\u00e7\u00f5es da vila S\u00e3o Sebasti\u00e3o. Registro em carteira, sal\u00e1rio 1820,00 + vale alimenta\u00e7\u00e3o 340,00 mais plano odontol\u00f3gico e sa\u00fade, enviar curr\u00edculo com FOTO para 16 99128-7616, ( n\u00e3o exigimos experi\u00eancia)\n            <\/p>\n<p><strong>Compartilhe:<\/strong><\/p>\n<p>                <img data-recalc-dims=\"1\" loading=\"lazy\" decoding=\"async\" width=\"25\" height=\"25\" src=\"https:\/\/i0.wp.com\/francaclassificados.com\/\/source\/view\/img\/20w50.png?resize=25%2C25&#038;ssl=1\" alt=\"Imagem compartilhar whatsapp\"\/><\/p>\n<p>                <img data-recalc-dims=\"1\" loading=\"lazy\" decoding=\"async\" width=\"25\" height=\"25\" src=\"https:\/\/i0.wp.com\/francaclassificados.com\/\/source\/view\/img\/18w50.png?resize=25%2C25&#038;ssl=1\" alt=\"Imagem compartilhar facebook\"\/><\/p>\n<\/p><\/div>\n<div class=\"emp\">\n<p>\n            Precisa-se de BANCA DE PESPONTO com experi\u00eancia em cal\u00e7ado feminino. Interessados comparecer na Rua Durvalino Peliciari, n\u00ba 171 no Distrito Industrial ou entrar em contato pelo telefone 3720-6682\n            <\/p>\n<p><strong>Compartilhe:<\/strong><\/p>\n<p>                <img data-recalc-dims=\"1\" loading=\"lazy\" decoding=\"async\" width=\"25\" height=\"25\" src=\"https:\/\/i0.wp.com\/francaclassificados.com\/\/source\/view\/img\/20w50.png?resize=25%2C25&#038;ssl=1\" alt=\"Imagem compartilhar whatsapp\"\/><\/p>\n<p>                <img data-recalc-dims=\"1\" loading=\"lazy\" decoding=\"async\" width=\"25\" height=\"25\" src=\"https:\/\/i0.wp.com\/francaclassificados.com\/\/source\/view\/img\/18w50.png?resize=25%2C25&#038;ssl=1\" alt=\"Imagem compartilhar facebook\"\/><\/p>\n<\/p><\/div>\n<p>    <script async=\"\" src=\"https:\/\/pagead2.googlesyndication.com\/pagead\/js\/adsbygoogle.js?client=ca-pub-2853392113352629\" crossorigin=\"anonymous\"\/>\n    <ins class=\"adsbygoogle\" style=\"display:block\" data-ad-client=\"ca-pub-2853392113352629\" data-ad-slot=\"2925831803\" data-ad-format=\"auto\" data-full-width-responsive=\"true\"\/>\n    <script><![CDATA[\n    (adsbygoogle = window.adsbygoogle || []).push({});\n    ]]><\/script><\/p>\n<div class=\"emp\">\n<p>\n            PROFESSOR(A) DE INGL\u00caS<br \/>Contratamos Professor(a) de Ingl\u00eas. N\u00e3o \u00e9 necess\u00e1rio ter experi\u00eancia ou forma\u00e7\u00e3o na \u00e1rea pois oferecemos TREINAMENTO COMPLETO. Falar ingl\u00eas fluente \u00e9 imprescind\u00edvel. Interessados enviar curr\u00edculo para phselecoes@gmail.com sob t\u00edtulo TEACHER.\n            <\/p>\n<p><strong>Compartilhe:<\/strong><\/p>\n<p>                <img data-recalc-dims=\"1\" loading=\"lazy\" decoding=\"async\" width=\"25\" height=\"25\" src=\"https:\/\/i0.wp.com\/francaclassificados.com\/\/source\/view\/img\/20w50.png?resize=25%2C25&#038;ssl=1\" alt=\"Imagem compartilhar whatsapp\"\/><\/p>\n<p>                <img data-recalc-dims=\"1\" loading=\"lazy\" decoding=\"async\" width=\"25\" height=\"25\" src=\"https:\/\/i0.wp.com\/francaclassificados.com\/\/source\/view\/img\/18w50.png?resize=25%2C25&#038;ssl=1\" alt=\"Imagem compartilhar facebook\"\/><\/p>\n<\/p><\/div>\n<div class=\"emp\">\n<p>\n            Contrata - se Vendedor com experi\u00eancia, respons\u00e1vel, boa comunica\u00e7\u00e3o e proatividade. Enviar curriculum com foto e rede social para o email: contatoimperiomodasfranca@gmail.com\n            <\/p>\n<p><strong>Compartilhe:<\/strong><\/p>\n<p>                <img data-recalc-dims=\"1\" loading=\"lazy\" decoding=\"async\" width=\"25\" height=\"25\" src=\"https:\/\/i0.wp.com\/francaclassificados.com\/\/source\/view\/img\/20w50.png?resize=25%2C25&#038;ssl=1\" alt=\"Imagem compartilhar whatsapp\"\/><\/p>\n<p>                <img data-recalc-dims=\"1\" loading=\"lazy\" decoding=\"async\" width=\"25\" height=\"25\" src=\"https:\/\/i0.wp.com\/francaclassificados.com\/\/source\/view\/img\/18w50.png?resize=25%2C25&#038;ssl=1\" alt=\"Imagem compartilhar facebook\"\/><\/p>\n<\/p><\/div>\n<p>    <script async=\"\" src=\"https:\/\/pagead2.googlesyndication.com\/pagead\/js\/adsbygoogle.js?client=ca-pub-2853392113352629\" crossorigin=\"anonymous\"\/>\n    <ins class=\"adsbygoogle\" style=\"display:block\" data-ad-client=\"ca-pub-2853392113352629\" data-ad-slot=\"2925831803\" data-ad-format=\"auto\" data-full-width-responsive=\"true\"\/>\n    <script><![CDATA[\n    (adsbygoogle = window.adsbygoogle || []).push({});\n    ]]><\/script><\/p>\n<div class=\"emp\">\n<p>\n            Contrata-se Blaqueador Fundo e Lateral, Apontador de sola, com experi\u00eancia. Entregar curr\u00edculo Av Angelo Pedro,3043 Santa Cruz WhatsApp 21043400\n            <\/p>\n<p><strong>Compartilhe:<\/strong><\/p>\n<p>                <img data-recalc-dims=\"1\" loading=\"lazy\" decoding=\"async\" width=\"25\" height=\"25\" src=\"https:\/\/i0.wp.com\/francaclassificados.com\/\/source\/view\/img\/20w50.png?resize=25%2C25&#038;ssl=1\" alt=\"Imagem compartilhar whatsapp\"\/><\/p>\n<p>                <img data-recalc-dims=\"1\" loading=\"lazy\" decoding=\"async\" width=\"25\" height=\"25\" src=\"https:\/\/i0.wp.com\/francaclassificados.com\/\/source\/view\/img\/18w50.png?resize=25%2C25&#038;ssl=1\" alt=\"Imagem compartilhar facebook\"\/><\/p>\n<\/p><\/div>\n<div class=\"emp\">\n<p>\n            Contrata-se montador de moveis para loja de moveis corporativos , somente com experi\u00eancia , precisa possuir CNH Categoria B , interessados enviar para CV para andersonduarte1986@hotmail.com ou atrav\u00e9s do numero 16 99411-0919\n            <\/p>\n<p><strong>Compartilhe:<\/strong><\/p>\n<p>                <img data-recalc-dims=\"1\" loading=\"lazy\" decoding=\"async\" width=\"25\" height=\"25\" src=\"https:\/\/i0.wp.com\/francaclassificados.com\/\/source\/view\/img\/20w50.png?resize=25%2C25&#038;ssl=1\" alt=\"Imagem compartilhar whatsapp\"\/><\/p>\n<p>                <img data-recalc-dims=\"1\" loading=\"lazy\" decoding=\"async\" width=\"25\" height=\"25\" src=\"https:\/\/i0.wp.com\/francaclassificados.com\/\/source\/view\/img\/18w50.png?resize=25%2C25&#038;ssl=1\" alt=\"Imagem compartilhar facebook\"\/><\/p>\n<\/p><\/div>\n<p>    <script async=\"\" src=\"https:\/\/pagead2.googlesyndication.com\/pagead\/js\/adsbygoogle.js?client=ca-pub-2853392113352629\" crossorigin=\"anonymous\"\/>\n    <ins class=\"adsbygoogle\" style=\"display:block\" data-ad-client=\"ca-pub-2853392113352629\" data-ad-slot=\"2925831803\" data-ad-format=\"auto\" data-full-width-responsive=\"true\"\/>\n    <script><![CDATA[\n    (adsbygoogle = window.adsbygoogle || []).push({});\n    ]]><\/script><\/p>\n<div class=\"emp\">\n<p>\n            AUXILIAR DE MEC\u00c2NICO HIDR\u00c1ULICO<br \/>Contrata-se Auxiliar de Mec\u00e2nico Hidr\u00e1ulico, segunda a sexta das 07:42 as 18:00 sal\u00e1rio + benef\u00edcios (sexta b\u00e1sica + seguro de vida + premia\u00e7\u00e3o) Fone: (16) 3701-1280 E-mail para envio dos curr\u00edculos: patricia.palhares@hidramil.com.br\n            <\/p>\n<p><strong>Compartilhe:<\/strong><\/p>\n<p>                <img data-recalc-dims=\"1\" loading=\"lazy\" decoding=\"async\" width=\"25\" height=\"25\" src=\"https:\/\/i0.wp.com\/francaclassificados.com\/\/source\/view\/img\/20w50.png?resize=25%2C25&#038;ssl=1\" alt=\"Imagem compartilhar whatsapp\"\/><\/p>\n<p>                <img data-recalc-dims=\"1\" loading=\"lazy\" decoding=\"async\" width=\"25\" height=\"25\" src=\"https:\/\/i0.wp.com\/francaclassificados.com\/\/source\/view\/img\/18w50.png?resize=25%2C25&#038;ssl=1\" alt=\"Imagem compartilhar facebook\"\/><\/p>\n<\/p><\/div>\n<div class=\"emp\">\n<p>\n            CONTRATA-SE OPERADORA DE CAIXA, BALCONISTA DE PADARIA, FISCAL DE CAIXA, A\u00c7OUGUEIRO, PADEIRO, EMBALADORES, EMPACOTADORES, REPOSITOR DE MERCEARIA, REPOSITOR DE HORTIFRUT, OPERADOR DE CFTV, FISCAL DE LOJA, ESTOQUISTAS, FISCAIS DE PREVEN\u00c7\u00c3O DE PERDAS. ENVIE CURRICULO PARA O E-MAIL: rhgsrdp@gmail.com\n            <\/p>\n<p><strong>Compartilhe:<\/strong><\/p>\n<p>                <img data-recalc-dims=\"1\" loading=\"lazy\" decoding=\"async\" width=\"25\" height=\"25\" src=\"https:\/\/i0.wp.com\/francaclassificados.com\/\/source\/view\/img\/20w50.png?resize=25%2C25&#038;ssl=1\" alt=\"Imagem compartilhar whatsapp\"\/><\/p>\n<p>                <img data-recalc-dims=\"1\" loading=\"lazy\" decoding=\"async\" width=\"25\" height=\"25\" src=\"https:\/\/i0.wp.com\/francaclassificados.com\/\/source\/view\/img\/18w50.png?resize=25%2C25&#038;ssl=1\" alt=\"Imagem compartilhar facebook\"\/><\/p>\n<\/p><\/div>\n<p>    <script async=\"\" src=\"https:\/\/pagead2.googlesyndication.com\/pagead\/js\/adsbygoogle.js?client=ca-pub-2853392113352629\" crossorigin=\"anonymous\"\/>\n    <ins class=\"adsbygoogle\" style=\"display:block\" data-ad-client=\"ca-pub-2853392113352629\" data-ad-slot=\"2925831803\" data-ad-format=\"auto\" data-full-width-responsive=\"true\"\/>\n    <script><![CDATA[\n    (adsbygoogle = window.adsbygoogle || []).push({});\n    ]]><\/script><\/p>\n<div class=\"emp\">\n<p>\n            AUXILIAR CONT\u00c1BIL<br \/>Escrit\u00f3rio contrata Auxiliar Cont\u00e1bil em Franca - SP, com conhecimento das rotinas do setor (Escritura\u00e7\u00e3o cont\u00e1bil, concilia\u00e7\u00e3o, lan\u00e7amentos de impostos e apura\u00e7\u00f5es, entrega de declara\u00e7\u00f5es - DCTF, PerdComp, Sped ECD e ECF - e experi\u00eancia em fechamentos do Lucro Real). Experi\u00eancia em escrit\u00f3rio cont\u00e1bil ser\u00e1 um diferencial. Sal\u00e1rio + Vale Alimenta\u00e7\u00e3o. Interessados enviar curr\u00edculo para o e-mail: contabilescritorio.dp@gmail.com\n            <\/p>\n<p><strong>Compartilhe:<\/strong><\/p>\n<p>                <img data-recalc-dims=\"1\" loading=\"lazy\" decoding=\"async\" width=\"25\" height=\"25\" src=\"https:\/\/i0.wp.com\/francaclassificados.com\/\/source\/view\/img\/20w50.png?resize=25%2C25&#038;ssl=1\" alt=\"Imagem compartilhar whatsapp\"\/><\/p>\n<p>                <img data-recalc-dims=\"1\" loading=\"lazy\" decoding=\"async\" width=\"25\" height=\"25\" src=\"https:\/\/i0.wp.com\/francaclassificados.com\/\/source\/view\/img\/18w50.png?resize=25%2C25&#038;ssl=1\" alt=\"Imagem compartilhar facebook\"\/><\/p>\n<\/p><\/div>\n<div class=\"emp\">\n<p>\n            CUIDADOR (A)<br \/>MASCULINO OU FEMININO, EXPERIENCIA NA FUN\u00c7AO, curso de cuidador ser\u00e1 um diferencial, gostar de cuidar de pessoas e ser inclusivo. DISPONIBILIDADE DE ESCALA 12X36 DIURNO . Auxiliar em rotinas de vida di\u00e1ria como banho, higiene \u00edntima, alimenta\u00e7\u00e3o entre outras fun\u00e7\u00f5es. SALARIO FIXO,VALE ALIMENTA\u00c7\u00c3O, VALE TRANSPORTE, ENTRE OUTROS BENEFICIOS. Por favor enviar seu curr\u00edculo pelo e-mail curriculo@feji.org.br ou deixar pessoalmente na RUA OF\u00c9LIA SOARS RUSSO 970 JD PLANALTO\n            <\/p>\n<p><strong>Compartilhe:<\/strong><\/p>\n<p>                <img data-recalc-dims=\"1\" loading=\"lazy\" decoding=\"async\" width=\"25\" height=\"25\" src=\"https:\/\/i0.wp.com\/francaclassificados.com\/\/source\/view\/img\/20w50.png?resize=25%2C25&#038;ssl=1\" alt=\"Imagem compartilhar whatsapp\"\/><\/p>\n<p>                <img data-recalc-dims=\"1\" loading=\"lazy\" decoding=\"async\" width=\"25\" height=\"25\" src=\"https:\/\/i0.wp.com\/francaclassificados.com\/\/source\/view\/img\/18w50.png?resize=25%2C25&#038;ssl=1\" alt=\"Imagem compartilhar facebook\"\/><\/p>\n<\/p><\/div>\n<p>    <script async=\"\" src=\"https:\/\/pagead2.googlesyndication.com\/pagead\/js\/adsbygoogle.js?client=ca-pub-2853392113352629\" crossorigin=\"anonymous\"\/>\n    <ins class=\"adsbygoogle\" style=\"display:block\" data-ad-client=\"ca-pub-2853392113352629\" data-ad-slot=\"2925831803\" data-ad-format=\"auto\" data-full-width-responsive=\"true\"\/>\n    <script><![CDATA[\n    (adsbygoogle = window.adsbygoogle || []).push({});\n    ]]><\/script><\/p>\n<div class=\"emp\">\n<p>\n            FAXINEIRO - RESTAURANTE<br \/>Contrata-se faxineiro(a) para empresa do ramo aliment\u00edcio. Turno diurno. Desej\u00e1vel ter disponibilidade de hor\u00e1rios. Enviar curr\u00edculo para: vagasfcarefeicao@gmail.com\n            <\/p>\n<p><strong>Compartilhe:<\/strong><\/p>\n<p>                <img data-recalc-dims=\"1\" loading=\"lazy\" decoding=\"async\" width=\"25\" height=\"25\" src=\"https:\/\/i0.wp.com\/francaclassificados.com\/\/source\/view\/img\/20w50.png?resize=25%2C25&#038;ssl=1\" alt=\"Imagem compartilhar whatsapp\"\/><\/p>\n<p>                <img data-recalc-dims=\"1\" loading=\"lazy\" decoding=\"async\" width=\"25\" height=\"25\" src=\"https:\/\/i0.wp.com\/francaclassificados.com\/\/source\/view\/img\/18w50.png?resize=25%2C25&#038;ssl=1\" alt=\"Imagem compartilhar facebook\"\/><\/p>\n<\/p><\/div>\n<div class=\"emp\">\n<p>\n            F\u00e1brica de Cal\u00e7ados contrata para in\u00edcio imediato: APONTADOR DE SOLA. Necess\u00e1rio ter experi\u00eancia. Interessados deixar curr\u00edculo no barrac\u00e3o Av. Major Elias Motta, 1161 - Jd Paulistano, ou enviar o curr\u00edculo no e-mail: vagas.arietto@gmail.com\n            <\/p>\n<p><strong>Compartilhe:<\/strong><\/p>\n<p>                <img data-recalc-dims=\"1\" loading=\"lazy\" decoding=\"async\" width=\"25\" height=\"25\" src=\"https:\/\/i0.wp.com\/francaclassificados.com\/\/source\/view\/img\/20w50.png?resize=25%2C25&#038;ssl=1\" alt=\"Imagem compartilhar whatsapp\"\/><\/p>\n<p>                <img data-recalc-dims=\"1\" loading=\"lazy\" decoding=\"async\" width=\"25\" height=\"25\" src=\"https:\/\/i0.wp.com\/francaclassificados.com\/\/source\/view\/img\/18w50.png?resize=25%2C25&#038;ssl=1\" alt=\"Imagem compartilhar facebook\"\/><\/p>\n<\/p><\/div>\n<p>    <script async=\"\" src=\"https:\/\/pagead2.googlesyndication.com\/pagead\/js\/adsbygoogle.js?client=ca-pub-2853392113352629\" crossorigin=\"anonymous\"\/>\n    <ins class=\"adsbygoogle\" style=\"display:block\" data-ad-client=\"ca-pub-2853392113352629\" data-ad-slot=\"2925831803\" data-ad-format=\"auto\" data-full-width-responsive=\"true\"\/>\n    <script><![CDATA[\n    (adsbygoogle = window.adsbygoogle || []).push({});\n    ]]><\/script><\/p>\n<div class=\"emp\">\n<p>\n            Contrata: *Vendedor(a),* *Representante Comercial (Para\u00fana-GO),* *Repositor de mercadorias,* *aux. de consult\u00f3rio odontol\u00f3gico,* * supervisor de vendas,* *Atendente de SAC,* *Televendas,* *Auxiliar de DP e Financeiro,* *Aux. Administrativo,* *Vendedor Externo (regi\u00e3o Anhanguera),* * T\u00e9cnico em Seguran\u00e7a do Trabalho,* Est\u00e1gio em Marketing,* *Dentista PJ,* *Ass. Comercial,* * Vendedor de insumos para obras,* Nos chame no WhatsApp (16) 98219-6535.\n            <\/p>\n<p><strong>Compartilhe:<\/strong><\/p>\n<p>                <img data-recalc-dims=\"1\" loading=\"lazy\" decoding=\"async\" width=\"25\" height=\"25\" src=\"https:\/\/i0.wp.com\/francaclassificados.com\/\/source\/view\/img\/20w50.png?resize=25%2C25&#038;ssl=1\" alt=\"Imagem compartilhar whatsapp\"\/><\/p>\n<p>                <img data-recalc-dims=\"1\" loading=\"lazy\" decoding=\"async\" width=\"25\" height=\"25\" src=\"https:\/\/i0.wp.com\/francaclassificados.com\/\/source\/view\/img\/18w50.png?resize=25%2C25&#038;ssl=1\" alt=\"Imagem compartilhar facebook\"\/><\/p>\n<\/p><\/div>\n<div class=\"emp\">\n<p>\n            Trabalho em granja na sa\u00edda de Franca para Ibiraci na sala de classifica\u00e7\u00e3o de ovos para embalar ovos e organizar a sala. Segunda a sexta, sal\u00e1rio $1700 mais $300 de vale. INDISPENS\u00c1VEL TER MEIO DE TRANSPORTE PR\u00d3PRIO, n\u00e3o tem transporte p\u00fablico at\u00e9 o local de trabalho. Telefone para contato 16 98201-1389\n            <\/p>\n<p><strong>Compartilhe:<\/strong><\/p>\n<p>                <img data-recalc-dims=\"1\" loading=\"lazy\" decoding=\"async\" width=\"25\" height=\"25\" src=\"https:\/\/i0.wp.com\/francaclassificados.com\/\/source\/view\/img\/20w50.png?resize=25%2C25&#038;ssl=1\" alt=\"Imagem compartilhar whatsapp\"\/><\/p>\n<p>                <img data-recalc-dims=\"1\" loading=\"lazy\" decoding=\"async\" width=\"25\" height=\"25\" src=\"https:\/\/i0.wp.com\/francaclassificados.com\/\/source\/view\/img\/18w50.png?resize=25%2C25&#038;ssl=1\" alt=\"Imagem compartilhar facebook\"\/><\/p>\n<\/p><\/div>\n<p>    <script async=\"\" src=\"https:\/\/pagead2.googlesyndication.com\/pagead\/js\/adsbygoogle.js?client=ca-pub-2853392113352629\" crossorigin=\"anonymous\"\/>\n    <ins class=\"adsbygoogle\" style=\"display:block\" data-ad-client=\"ca-pub-2853392113352629\" data-ad-slot=\"2925831803\" data-ad-format=\"auto\" data-full-width-responsive=\"true\"\/>\n    <script><![CDATA[\n    (adsbygoogle = window.adsbygoogle || []).push({});\n    ]]><\/script><\/p>\n<div class=\"emp\">\n<p>\n            MOTORISTA DE CAMINH\u00c3O<br \/>Requisitos Necess\u00e1rios: - Ensino M\u00e9dio Completo, - Habilita\u00e7\u00e3o na categoria D ou E. - Disponibilidade de segunda \u00e0 s\u00e1bado - Curso mopp Principais atividades: - Transporte de cargas; - Carga e Descarga com ajudante. Comportamentos essenciais: - Organiza\u00e7\u00e3o; - Proatividade; - Responsabilidade.<br \/>\n            <br \/>consultoria.isamuzeti@gmail.com\n            <\/p>\n<p><strong>Compartilhe:<\/strong><\/p>\n<p>                <img data-recalc-dims=\"1\" loading=\"lazy\" decoding=\"async\" width=\"25\" height=\"25\" src=\"https:\/\/i0.wp.com\/francaclassificados.com\/\/source\/view\/img\/20w50.png?resize=25%2C25&#038;ssl=1\" alt=\"Imagem compartilhar whatsapp\"\/><\/p>\n<p>                <img data-recalc-dims=\"1\" loading=\"lazy\" decoding=\"async\" width=\"25\" height=\"25\" src=\"https:\/\/i0.wp.com\/francaclassificados.com\/\/source\/view\/img\/18w50.png?resize=25%2C25&#038;ssl=1\" alt=\"Imagem compartilhar facebook\"\/><\/p>\n<\/p><\/div>\n<div class=\"emp\">\n<p>\n            ATENDENTE PADARIA \/ BALCONISTA PADARIA<br \/>Contrata-se balconista com EXPERI\u00caNCIA EM PADARIA. Comprometimento e disponibilidade de hor\u00e1rio para finais de semana. Somente enviar com real interesse na vaga! ENVIAR CURR\u00cdCULO COM FOTO: thainna.velozo19@gmail.com (Per\u00edodo da tarde) Vaga para duas unidades: colocar no assunto VAGA PAULISTANO \/ VAGA VILLAGIO MUNDO NOVO<br \/>\n            <br \/>thainna.velozo19@gmail.com\n            <\/p>\n<p><strong>Compartilhe:<\/strong><\/p>\n<p>                <img data-recalc-dims=\"1\" loading=\"lazy\" decoding=\"async\" width=\"25\" height=\"25\" src=\"https:\/\/i0.wp.com\/francaclassificados.com\/\/source\/view\/img\/20w50.png?resize=25%2C25&#038;ssl=1\" alt=\"Imagem compartilhar whatsapp\"\/><\/p>\n<p>                <img data-recalc-dims=\"1\" loading=\"lazy\" decoding=\"async\" width=\"25\" height=\"25\" src=\"https:\/\/i0.wp.com\/francaclassificados.com\/\/source\/view\/img\/18w50.png?resize=25%2C25&#038;ssl=1\" alt=\"Imagem compartilhar facebook\"\/><\/p>\n<\/p><\/div>\n<p>    <script async=\"\" src=\"https:\/\/pagead2.googlesyndication.com\/pagead\/js\/adsbygoogle.js?client=ca-pub-2853392113352629\" crossorigin=\"anonymous\"\/>\n    <ins class=\"adsbygoogle\" style=\"display:block\" data-ad-client=\"ca-pub-2853392113352629\" data-ad-slot=\"2925831803\" data-ad-format=\"auto\" data-full-width-responsive=\"true\"\/>\n    <script><![CDATA[\n    (adsbygoogle = window.adsbygoogle || []).push({});\n    ]]><\/script><\/p>\n<div class=\"emp\">\n<p>\n            VAGA DE EMPREGO ANALISTA DE TI - MEI<br \/>**ATEN\u00c7\u00c3O - Se voc\u00ea N\u00c3O possui experi\u00eancia na \u00e1rea, N\u00c3O enviar curr\u00edculo** - Micro Computa\u00e7\u00e3o - Formata\u00e7\u00e3o, Windows 10, 11 - Formata\u00e7\u00e3o Windows Server - Hardware B\u00e1sico - Atendimento ao Cliente - Carteira A (SOMENTE CARTEIRA A DE MOTO, N\u00c3O PRECISA DO VE\u00cdCULO) - Sal\u00e1rio - Bonifica\u00e7\u00e3o final do ano ao atingir metas - Indispens\u00e1vel ser ME ou MEI. ENVIAR CURR\u00cdCULO COM PRETENS\u00c3O SALARIAL PARA: tifrancavagas@gmail.com\n            <\/p>\n<p><strong>Compartilhe:<\/strong><\/p>\n<p>                <img data-recalc-dims=\"1\" loading=\"lazy\" decoding=\"async\" width=\"25\" height=\"25\" src=\"https:\/\/i0.wp.com\/francaclassificados.com\/\/source\/view\/img\/20w50.png?resize=25%2C25&#038;ssl=1\" alt=\"Imagem compartilhar whatsapp\"\/><\/p>\n<p>                <img data-recalc-dims=\"1\" loading=\"lazy\" decoding=\"async\" width=\"25\" height=\"25\" src=\"https:\/\/i0.wp.com\/francaclassificados.com\/\/source\/view\/img\/18w50.png?resize=25%2C25&#038;ssl=1\" alt=\"Imagem compartilhar facebook\"\/><\/p>\n<\/p><\/div>\n<div class=\"emp\">\n<p>\n            Precisa-se de Banca de Pesponto para inicio imediato. Interessados comparecer \u00e1 Rua Volutario Leonidas Morgan de Aguiar,510 Distrito Industrial. Levamos e buscamos o servi\u00e7o.\n            <\/p>\n<p><strong>Compartilhe:<\/strong><\/p>\n<p>                <img data-recalc-dims=\"1\" loading=\"lazy\" decoding=\"async\" width=\"25\" height=\"25\" src=\"https:\/\/i0.wp.com\/francaclassificados.com\/\/source\/view\/img\/20w50.png?resize=25%2C25&#038;ssl=1\" alt=\"Imagem compartilhar whatsapp\"\/><\/p>\n<p>                <img data-recalc-dims=\"1\" loading=\"lazy\" decoding=\"async\" width=\"25\" height=\"25\" src=\"https:\/\/i0.wp.com\/francaclassificados.com\/\/source\/view\/img\/18w50.png?resize=25%2C25&#038;ssl=1\" alt=\"Imagem compartilhar facebook\"\/><\/p>\n<\/p><\/div>\n<p>    <script async=\"\" src=\"https:\/\/pagead2.googlesyndication.com\/pagead\/js\/adsbygoogle.js?client=ca-pub-2853392113352629\" crossorigin=\"anonymous\"\/>\n    <ins class=\"adsbygoogle\" style=\"display:block\" data-ad-client=\"ca-pub-2853392113352629\" data-ad-slot=\"2925831803\" data-ad-format=\"auto\" data-full-width-responsive=\"true\"\/>\n    <script><![CDATA[\n    (adsbygoogle = window.adsbygoogle || []).push({});\n    ]]><\/script><\/p>\n<div class=\"emp\">\n<p>\n            AUXILIAR ADMINISTRATIVO<br \/>Auto center contrata auxiliar administrativo com experi\u00eancia em gest\u00e3o de caixa, organiza\u00e7\u00e3o de documentos, organiza\u00e7\u00e3o de estoque e bem comunicativa. Enviar curr\u00edculo pelo e-mail bonopneusfranca@outlook.com.\n            <\/p>\n<p><strong>Compartilhe:<\/strong><\/p>\n<p>                <img data-recalc-dims=\"1\" loading=\"lazy\" decoding=\"async\" width=\"25\" height=\"25\" src=\"https:\/\/i0.wp.com\/francaclassificados.com\/\/source\/view\/img\/20w50.png?resize=25%2C25&#038;ssl=1\" alt=\"Imagem compartilhar whatsapp\"\/><\/p>\n<p>                <img data-recalc-dims=\"1\" loading=\"lazy\" decoding=\"async\" width=\"25\" height=\"25\" src=\"https:\/\/i0.wp.com\/francaclassificados.com\/\/source\/view\/img\/18w50.png?resize=25%2C25&#038;ssl=1\" alt=\"Imagem compartilhar facebook\"\/><\/p>\n<\/p><\/div>\n<div class=\"emp\">\n<p>\n            GESTOR DE TRAFEGO ECOMMERCE<br \/>Contrata-se Gestor de tr\u00e1fego para ecommerce experi\u00eancia no shopify, cadastramento de an\u00fancios e configura\u00e7\u00f5es da plataforma, planejamento de crescimento e lideran\u00e7a na \u00e1rea, analise de m\u00e9tricas e otimiza\u00e7\u00e3o de ROI. Habilidade em cria\u00e7\u00e3o e gest\u00e3o de funis de vendas entre outras habilidades da categoria. Assunto no e-mail Trafego. juniorvendas1988@gmail.com\n            <\/p>\n<p><strong>Compartilhe:<\/strong><\/p>\n<p>                <img data-recalc-dims=\"1\" loading=\"lazy\" decoding=\"async\" width=\"25\" height=\"25\" src=\"https:\/\/i0.wp.com\/francaclassificados.com\/\/source\/view\/img\/20w50.png?resize=25%2C25&#038;ssl=1\" alt=\"Imagem compartilhar whatsapp\"\/><\/p>\n<p>                <img data-recalc-dims=\"1\" loading=\"lazy\" decoding=\"async\" width=\"25\" height=\"25\" src=\"https:\/\/i0.wp.com\/francaclassificados.com\/\/source\/view\/img\/18w50.png?resize=25%2C25&#038;ssl=1\" alt=\"Imagem compartilhar facebook\"\/><\/p>\n<\/p><\/div>\n<p>    <script async=\"\" src=\"https:\/\/pagead2.googlesyndication.com\/pagead\/js\/adsbygoogle.js?client=ca-pub-2853392113352629\" crossorigin=\"anonymous\"\/>\n    <ins class=\"adsbygoogle\" style=\"display:block\" data-ad-client=\"ca-pub-2853392113352629\" data-ad-slot=\"2925831803\" data-ad-format=\"auto\" data-full-width-responsive=\"true\"\/>\n    <script><![CDATA[\n    (adsbygoogle = window.adsbygoogle || []).push({});\n    ]]><\/script><\/p>\n<div class=\"emp\">\n<p>\n            AUXILIAR DE ESTOQUE<br \/>Buscamos profissionais para atuar na \u00e1rea de recebimento e expedi\u00e7\u00e3o de mercadorias. Somos atra\u00eddos por pessoas engajadas, comprometidas e que adoram colocar a m\u00e3o na massa. Ser\u00e1 considerado um diferencial profissional com habilidade em empilhadeira. Se voc\u00ea se identificou, venha fazer parte do nosso time. Envie seu curr\u00edculo para: vagas@palaciodasferramentas.com.br\n            <\/p>\n<p><strong>Compartilhe:<\/strong><\/p>\n<p>                <img data-recalc-dims=\"1\" loading=\"lazy\" decoding=\"async\" width=\"25\" height=\"25\" src=\"https:\/\/i0.wp.com\/francaclassificados.com\/\/source\/view\/img\/20w50.png?resize=25%2C25&#038;ssl=1\" alt=\"Imagem compartilhar whatsapp\"\/><\/p>\n<p>                <img data-recalc-dims=\"1\" loading=\"lazy\" decoding=\"async\" width=\"25\" height=\"25\" src=\"https:\/\/i0.wp.com\/francaclassificados.com\/\/source\/view\/img\/18w50.png?resize=25%2C25&#038;ssl=1\" alt=\"Imagem compartilhar facebook\"\/><\/p>\n<\/p><\/div>\n<div class=\"emp\">\n<p>\n            RECEPCIONISTA (GUARITA)<br \/>FEMINIMO\/MASCULINO. Ensino m\u00e9dio completo. Controle de entrada e sa\u00edda de funcion\u00e1rios. Controle de entrada e sa\u00edda de familiares. Controle de visitas, controle de entrada e sa\u00edda dos moradores da institui\u00e7\u00e3o. ESCALA 12x36 (as 07h as 19h). Ter boa comunica\u00e7\u00e3o oral e escrita, conhecimento no pacote office. Regime de contrata\u00e7\u00e3o CLT,, e outros benef\u00edcios. INTERESSADOS enviar curr\u00edculo para curriculo@feji.org.br ou RUA OFELIA SOARES RUSSO 994 JD PLANALTO.\n            <\/p>\n<p><strong>Compartilhe:<\/strong><\/p>\n<p>                <img data-recalc-dims=\"1\" loading=\"lazy\" decoding=\"async\" width=\"25\" height=\"25\" src=\"https:\/\/i0.wp.com\/francaclassificados.com\/\/source\/view\/img\/20w50.png?resize=25%2C25&#038;ssl=1\" alt=\"Imagem compartilhar whatsapp\"\/><\/p>\n<p>                <img data-recalc-dims=\"1\" loading=\"lazy\" decoding=\"async\" width=\"25\" height=\"25\" src=\"https:\/\/i0.wp.com\/francaclassificados.com\/\/source\/view\/img\/18w50.png?resize=25%2C25&#038;ssl=1\" alt=\"Imagem compartilhar facebook\"\/><\/p>\n<\/p><\/div>\n<p>    <script async=\"\" src=\"https:\/\/pagead2.googlesyndication.com\/pagead\/js\/adsbygoogle.js?client=ca-pub-2853392113352629\" crossorigin=\"anonymous\"\/>\n    <ins class=\"adsbygoogle\" style=\"display:block\" data-ad-client=\"ca-pub-2853392113352629\" data-ad-slot=\"2925831803\" data-ad-format=\"auto\" data-full-width-responsive=\"true\"\/>\n    <script><![CDATA[\n    (adsbygoogle = window.adsbygoogle || []).push({});\n    ]]><\/script><\/p>\n<div class=\"emp\">\n<p>\n            VENDEDORES(AS) EXTERNO<br \/>Admite-se Vendedores (as) Externo, para trabalhar com vendas, fazer visitas em Supermercados etc. Ser comunicativo, organizado (a), Boa apar\u00eancia, \u00e1gil e proativo (a).Ter condu\u00e7\u00e3o pr\u00f3pria prefer\u00eancia moto, (carro). Interessados enviar curr\u00edculo Whats ou e-mail: vendassupermercados@hotmail.com \/ Cel.(16)99188-8230 (16)99202-2169\n            <\/p>\n<p><strong>Compartilhe:<\/strong><\/p>\n<p>                <img data-recalc-dims=\"1\" loading=\"lazy\" decoding=\"async\" width=\"25\" height=\"25\" src=\"https:\/\/i0.wp.com\/francaclassificados.com\/\/source\/view\/img\/20w50.png?resize=25%2C25&#038;ssl=1\" alt=\"Imagem compartilhar whatsapp\"\/><\/p>\n<p>                <img data-recalc-dims=\"1\" loading=\"lazy\" decoding=\"async\" width=\"25\" height=\"25\" src=\"https:\/\/i0.wp.com\/francaclassificados.com\/\/source\/view\/img\/18w50.png?resize=25%2C25&#038;ssl=1\" alt=\"Imagem compartilhar facebook\"\/><\/p>\n<\/p><\/div>\n<div class=\"emp\">\n<p>\n            F\u00c1BRICA DE CALCADOS CONTRATA<br \/>Auxiliar de montagem - INICIO IMEDIATO F\u00e1brica de Cal\u00e7ados contrata para in\u00edcio imediato: Contato 16 993883571 Pode ser aposentado tb\n            <\/p>\n<p><strong>Compartilhe:<\/strong><\/p>\n<p>                <img data-recalc-dims=\"1\" loading=\"lazy\" decoding=\"async\" width=\"25\" height=\"25\" src=\"https:\/\/i0.wp.com\/francaclassificados.com\/\/source\/view\/img\/20w50.png?resize=25%2C25&#038;ssl=1\" alt=\"Imagem compartilhar whatsapp\"\/><\/p>\n<p>                <img data-recalc-dims=\"1\" loading=\"lazy\" decoding=\"async\" width=\"25\" height=\"25\" src=\"https:\/\/i0.wp.com\/francaclassificados.com\/\/source\/view\/img\/18w50.png?resize=25%2C25&#038;ssl=1\" alt=\"Imagem compartilhar facebook\"\/><\/p>\n<\/p><\/div>\n<p>    <script async=\"\" src=\"https:\/\/pagead2.googlesyndication.com\/pagead\/js\/adsbygoogle.js?client=ca-pub-2853392113352629\" crossorigin=\"anonymous\"\/>\n    <ins class=\"adsbygoogle\" style=\"display:block\" data-ad-client=\"ca-pub-2853392113352629\" data-ad-slot=\"2925831803\" data-ad-format=\"auto\" data-full-width-responsive=\"true\"\/>\n    <script><![CDATA[\n    (adsbygoogle = window.adsbygoogle || []).push({});\n    ]]><\/script><\/p>\n<div class=\"emp\">\n<p>\n            Contrata-se com experi\u00eancia, ambos os sexos: MANCHADOR, AUXILIAR DE PLANCHEAMENTO (passar atacador e fazer bucha) e PREPARADOR DE SOLA (halogenar e passar cola), favor enviar curriculo pelo whats 16 99404-4740 (fabrica localizada no Jardim Derminio).\n            <\/p>\n<p><strong>Compartilhe:<\/strong><\/p>\n<p>                <img data-recalc-dims=\"1\" loading=\"lazy\" decoding=\"async\" width=\"25\" height=\"25\" src=\"https:\/\/i0.wp.com\/francaclassificados.com\/\/source\/view\/img\/20w50.png?resize=25%2C25&#038;ssl=1\" alt=\"Imagem compartilhar whatsapp\"\/><\/p>\n<p>                <img data-recalc-dims=\"1\" loading=\"lazy\" decoding=\"async\" width=\"25\" height=\"25\" src=\"https:\/\/i0.wp.com\/francaclassificados.com\/\/source\/view\/img\/18w50.png?resize=25%2C25&#038;ssl=1\" alt=\"Imagem compartilhar facebook\"\/><\/p>\n<\/p><\/div>\n<div class=\"emp\">\n<p>\n            A\u00c7OUGUEIRO<br \/>Hor\u00e1rio flex\u00edvel, din\u00e2mica em equipe, educado(a), respeito no ambiente de trabalho, esteja disposto a trabalhar e se adaptar de acordo com o perfil da empresa. Envie seu curr\u00edculo para nosso e-mail: contratacurriculum@outlook.com\n            <\/p>\n<p><strong>Compartilhe:<\/strong><\/p>\n<p>                <img data-recalc-dims=\"1\" loading=\"lazy\" decoding=\"async\" width=\"25\" height=\"25\" src=\"https:\/\/i0.wp.com\/francaclassificados.com\/\/source\/view\/img\/20w50.png?resize=25%2C25&#038;ssl=1\" alt=\"Imagem compartilhar whatsapp\"\/><\/p>\n<p>                <img data-recalc-dims=\"1\" loading=\"lazy\" decoding=\"async\" width=\"25\" height=\"25\" src=\"https:\/\/i0.wp.com\/francaclassificados.com\/\/source\/view\/img\/18w50.png?resize=25%2C25&#038;ssl=1\" alt=\"Imagem compartilhar facebook\"\/><\/p>\n<\/p><\/div>\n<p>    <script async=\"\" src=\"https:\/\/pagead2.googlesyndication.com\/pagead\/js\/adsbygoogle.js?client=ca-pub-2853392113352629\" crossorigin=\"anonymous\"\/>\n    <ins class=\"adsbygoogle\" style=\"display:block\" data-ad-client=\"ca-pub-2853392113352629\" data-ad-slot=\"2925831803\" data-ad-format=\"auto\" data-full-width-responsive=\"true\"\/>\n    <script><![CDATA[\n    (adsbygoogle = window.adsbygoogle || []).push({});\n    ]]><\/script><\/p>\n<div class=\"emp\">\n<p>\n            ASSISTENTE DE E-COMMERCE<br \/>Estamos contratando um Assistente de E-commerce para auxiliar em todas as atividades do nosso e-commerce, incluindo atendimento ao cliente, trocas e devolu\u00e7\u00f5es. \u00c9 necess\u00e1rio experi\u00eancia comprovada e conhecimento na plataforma irroba ser\u00e1 um diferencial. Envie seu curr\u00edculo para [curriculo.ecommerce2024@gmail.com] com o assunto \"Vaga Assistente de E-commerce\"\n            <\/p>\n<p><strong>Compartilhe:<\/strong><\/p>\n<p>                <img data-recalc-dims=\"1\" loading=\"lazy\" decoding=\"async\" width=\"25\" height=\"25\" src=\"https:\/\/i0.wp.com\/francaclassificados.com\/\/source\/view\/img\/20w50.png?resize=25%2C25&#038;ssl=1\" alt=\"Imagem compartilhar whatsapp\"\/><\/p>\n<p>                <img data-recalc-dims=\"1\" loading=\"lazy\" decoding=\"async\" width=\"25\" height=\"25\" src=\"https:\/\/i0.wp.com\/francaclassificados.com\/\/source\/view\/img\/18w50.png?resize=25%2C25&#038;ssl=1\" alt=\"Imagem compartilhar facebook\"\/><\/p>\n<\/p><\/div>\n<div class=\"emp\">\n<p>\n            CONSULTOR DE VENDAS<br \/>Voc\u00ea que gosta de desafios, tem habilidade em negociar e adora vendas e est\u00e1 em busca de uma excelente remunera\u00e7\u00e3o n\u00f3s temos vagas esperando por voc\u00ea. Requisitos: dinamismo, boa comunica\u00e7\u00e3o oral e escrita, experi\u00eancia com vendas por telefone, e experi\u00eancia com cons\u00f3rcio ser\u00e1 um diferencial. Proposta Salarial: Fixo + comiss\u00e3o +bonifica\u00e7\u00e3o+ vale alimenta\u00e7\u00e3o + gympass+ vale transporte + day off no anivers\u00e1rio + plano de carreira, b\u00f4nus por desempenho+ PLR. recruta@ancoraconsorcios.com.br\n            <\/p>\n<p><strong>Compartilhe:<\/strong><\/p>\n<p>                <img data-recalc-dims=\"1\" loading=\"lazy\" decoding=\"async\" width=\"25\" height=\"25\" src=\"https:\/\/i0.wp.com\/francaclassificados.com\/\/source\/view\/img\/20w50.png?resize=25%2C25&#038;ssl=1\" alt=\"Imagem compartilhar whatsapp\"\/><\/p>\n<p>                <img data-recalc-dims=\"1\" loading=\"lazy\" decoding=\"async\" width=\"25\" height=\"25\" src=\"https:\/\/i0.wp.com\/francaclassificados.com\/\/source\/view\/img\/18w50.png?resize=25%2C25&#038;ssl=1\" alt=\"Imagem compartilhar facebook\"\/><\/p>\n<\/p><\/div>\n<p>    <script async=\"\" src=\"https:\/\/pagead2.googlesyndication.com\/pagead\/js\/adsbygoogle.js?client=ca-pub-2853392113352629\" crossorigin=\"anonymous\"\/>\n    <ins class=\"adsbygoogle\" style=\"display:block\" data-ad-client=\"ca-pub-2853392113352629\" data-ad-slot=\"2925831803\" data-ad-format=\"auto\" data-full-width-responsive=\"true\"\/>\n    <script><![CDATA[\n    (adsbygoogle = window.adsbygoogle || []).push({});\n    ]]><\/script><\/p>\n<div class=\"emp\">\n<p>\n            MOTORISTA<br \/>Estamos contratando MOTORISTA TRUCK com EXPERI\u00caNCIA! Requisitos: Experi\u00eancia na fun\u00e7\u00e3o com \u00eanfase em caminh\u00e3o Ba\u00fa e Tanque; Certificado MOOP; Disponibilidade de hor\u00e1rio e viagens intermunicipais; CNH D ou E. Benef\u00edcios: Contrato CLT, Insalubridade, Cesta B\u00e1sica, Conv\u00eanio Farm\u00e1cia, Plano Odontol\u00f3gico, Seguro de Vida, PLR e demais benef\u00edcios. Enviar curr\u00edculo para rh@ecolixo.com.br\n            <\/p>\n<p><strong>Compartilhe:<\/strong><\/p>\n<p>                <img data-recalc-dims=\"1\" loading=\"lazy\" decoding=\"async\" width=\"25\" height=\"25\" src=\"https:\/\/i0.wp.com\/francaclassificados.com\/\/source\/view\/img\/20w50.png?resize=25%2C25&#038;ssl=1\" alt=\"Imagem compartilhar whatsapp\"\/><\/p>\n<p>                <img data-recalc-dims=\"1\" loading=\"lazy\" decoding=\"async\" width=\"25\" height=\"25\" src=\"https:\/\/i0.wp.com\/francaclassificados.com\/\/source\/view\/img\/18w50.png?resize=25%2C25&#038;ssl=1\" alt=\"Imagem compartilhar facebook\"\/><\/p>\n<\/p><\/div>\n<div class=\"emp\">\n<p>\n            AUXILIAR ADMINISTRATIVO<br \/>Requisitos Necess\u00e1rios: - Ensino M\u00e9dio Completo, - Conhecimento no pacote Office, - Disponibilidade de segunda \u00e0 s\u00e1bado Principais atividades: - Atendimento presencial dos clientes; - Log\u00edstica de pedidos; - Acertos financeiros; - Abertura e fechamento de caixa. Comportamentos essenciais: - Organiza\u00e7\u00e3o; - Proatividade; - Responsabilidade.<br \/>\n            <br \/>consultoria.isamuzeti@gmail.com\n            <\/p>\n<p><strong>Compartilhe:<\/strong><\/p>\n<p>                <img data-recalc-dims=\"1\" loading=\"lazy\" decoding=\"async\" width=\"25\" height=\"25\" src=\"https:\/\/i0.wp.com\/francaclassificados.com\/\/source\/view\/img\/20w50.png?resize=25%2C25&#038;ssl=1\" alt=\"Imagem compartilhar whatsapp\"\/><\/p>\n<p>                <img data-recalc-dims=\"1\" loading=\"lazy\" decoding=\"async\" width=\"25\" height=\"25\" src=\"https:\/\/i0.wp.com\/francaclassificados.com\/\/source\/view\/img\/18w50.png?resize=25%2C25&#038;ssl=1\" alt=\"Imagem compartilhar facebook\"\/><\/p>\n<\/p><\/div>\n<p>    <script async=\"\" src=\"https:\/\/pagead2.googlesyndication.com\/pagead\/js\/adsbygoogle.js?client=ca-pub-2853392113352629\" crossorigin=\"anonymous\"\/>\n    <ins class=\"adsbygoogle\" style=\"display:block\" data-ad-client=\"ca-pub-2853392113352629\" data-ad-slot=\"2925831803\" data-ad-format=\"auto\" data-full-width-responsive=\"true\"\/>\n    <script><![CDATA[\n    (adsbygoogle = window.adsbygoogle || []).push({});\n    ]]><\/script><\/p>\n<div class=\"emp\">\n<p>\n            Contrata-se, domestica com refer\u00eancia, para in\u00edcio imediato, que possa limpar, lavar e cozinhar, para trabalhar em casa de fam\u00edlia, tendo o casal uma filha de 5 anos. Favor enviar curr\u00edculo no e-mail francacontrata01@gmail.com\n            <\/p>\n<p><strong>Compartilhe:<\/strong><\/p>\n<p>                <img data-recalc-dims=\"1\" loading=\"lazy\" decoding=\"async\" width=\"25\" height=\"25\" src=\"https:\/\/i0.wp.com\/francaclassificados.com\/\/source\/view\/img\/20w50.png?resize=25%2C25&#038;ssl=1\" alt=\"Imagem compartilhar whatsapp\"\/><\/p>\n<p>                <img data-recalc-dims=\"1\" loading=\"lazy\" decoding=\"async\" width=\"25\" height=\"25\" src=\"https:\/\/i0.wp.com\/francaclassificados.com\/\/source\/view\/img\/18w50.png?resize=25%2C25&#038;ssl=1\" alt=\"Imagem compartilhar facebook\"\/><\/p>\n<\/p><\/div>\n<div class=\"emp\">\n<p>\n            AUXILIAR DE SALGADEIRO<br \/>Lavar formas,panelas,assar e fritar salgados e etc Curr\u00edculo com foto no WhatsApp n\u00e3o aceitamos liga\u00e7\u00f5es WhatsApp 16 99329-0590 diferencial Cnh\/A\/B\n            <\/p>\n<p><strong>Compartilhe:<\/strong><\/p>\n<p>                <img data-recalc-dims=\"1\" loading=\"lazy\" decoding=\"async\" width=\"25\" height=\"25\" src=\"https:\/\/i0.wp.com\/francaclassificados.com\/\/source\/view\/img\/20w50.png?resize=25%2C25&#038;ssl=1\" alt=\"Imagem compartilhar whatsapp\"\/><\/p>\n<p>                <img data-recalc-dims=\"1\" loading=\"lazy\" decoding=\"async\" width=\"25\" height=\"25\" src=\"https:\/\/i0.wp.com\/francaclassificados.com\/\/source\/view\/img\/18w50.png?resize=25%2C25&#038;ssl=1\" alt=\"Imagem compartilhar facebook\"\/><\/p>\n<\/p><\/div>\n<p>    <script async=\"\" src=\"https:\/\/pagead2.googlesyndication.com\/pagead\/js\/adsbygoogle.js?client=ca-pub-2853392113352629\" crossorigin=\"anonymous\"\/>\n    <ins class=\"adsbygoogle\" style=\"display:block\" data-ad-client=\"ca-pub-2853392113352629\" data-ad-slot=\"2925831803\" data-ad-format=\"auto\" data-full-width-responsive=\"true\"\/>\n    <script><![CDATA[\n    (adsbygoogle = window.adsbygoogle || []).push({});\n    ]]><\/script><\/p>\n<div class=\"emp\">\n<p>\n            ASSISTENTE E-COMMERCE<br \/>Contrata-se Assistente de E-commerce - Necess\u00e1rio experi\u00eancia com rotinas de e-commerce e conhecimento avan\u00e7ado no Bling. Atividades: Realizar cota\u00e7\u00e3o de fretes e Cadastrar produtos no Bling. Hor\u00e1rio de Segunda a Sexta-feira, das 8h00 as 18h00. Interessados enviar curr\u00edculo no e-mail vagasselecaofranca@gmail.com\n            <\/p>\n<p><strong>Compartilhe:<\/strong><\/p>\n<p>                <img data-recalc-dims=\"1\" loading=\"lazy\" decoding=\"async\" width=\"25\" height=\"25\" src=\"https:\/\/i0.wp.com\/francaclassificados.com\/\/source\/view\/img\/20w50.png?resize=25%2C25&#038;ssl=1\" alt=\"Imagem compartilhar whatsapp\"\/><\/p>\n<p>                <img data-recalc-dims=\"1\" loading=\"lazy\" decoding=\"async\" width=\"25\" height=\"25\" src=\"https:\/\/i0.wp.com\/francaclassificados.com\/\/source\/view\/img\/18w50.png?resize=25%2C25&#038;ssl=1\" alt=\"Imagem compartilhar facebook\"\/><\/p>\n<\/p><\/div>\n<div class=\"emp\">\n<p>\n            Estamos contratando Entregador, Confeiteira, Atendente e Caixa. Enviar curr\u00edculo apenas quem tiver interesse e disponibilidade de hor\u00e1rio e finais de semana. Enviar Curr\u00edculo no E-mail padariapriscilacurriculos@outlook.com\n            <\/p>\n<p><strong>Compartilhe:<\/strong><\/p>\n<p>                <img data-recalc-dims=\"1\" loading=\"lazy\" decoding=\"async\" width=\"25\" height=\"25\" src=\"https:\/\/i0.wp.com\/francaclassificados.com\/\/source\/view\/img\/20w50.png?resize=25%2C25&#038;ssl=1\" alt=\"Imagem compartilhar whatsapp\"\/><\/p>\n<p>                <img data-recalc-dims=\"1\" loading=\"lazy\" decoding=\"async\" width=\"25\" height=\"25\" src=\"https:\/\/i0.wp.com\/francaclassificados.com\/\/source\/view\/img\/18w50.png?resize=25%2C25&#038;ssl=1\" alt=\"Imagem compartilhar facebook\"\/><\/p>\n<\/p><\/div>\n<p>    <script async=\"\" src=\"https:\/\/pagead2.googlesyndication.com\/pagead\/js\/adsbygoogle.js?client=ca-pub-2853392113352629\" crossorigin=\"anonymous\"\/>\n    <ins class=\"adsbygoogle\" style=\"display:block\" data-ad-client=\"ca-pub-2853392113352629\" data-ad-slot=\"2925831803\" data-ad-format=\"auto\" data-full-width-responsive=\"true\"\/>\n    <script><![CDATA[\n    (adsbygoogle = window.adsbygoogle || []).push({});\n    ]]><\/script><\/p>\n<div class=\"emp\">\n<p>\n            CONSULTOR IMOBILIARIO PJ<br \/>Buscamos Consultores Imobiliarios - com e sem experi\u00eancia. - Beneficios: Comiss\u00f5es agressivas acima do mecado; Treinamento e Desenvolvimento; + de 1.000 im\u00f3veis em carteria; Espa\u00e7o f\u00edsico completo, localizada na principal av. de Franca - Paulo IV. Se voc\u00ea \u00e9 uma pessoa proativa com objetivo de crescimento finaceiro e pessoal, entre em contato conosco atrav\u00e9s do nosso WhatsApp: 16 99646-7653\n            <\/p>\n<p><strong>Compartilhe:<\/strong><\/p>\n<p>                <img data-recalc-dims=\"1\" loading=\"lazy\" decoding=\"async\" width=\"25\" height=\"25\" src=\"https:\/\/i0.wp.com\/francaclassificados.com\/\/source\/view\/img\/20w50.png?resize=25%2C25&#038;ssl=1\" alt=\"Imagem compartilhar whatsapp\"\/><\/p>\n<p>                <img data-recalc-dims=\"1\" loading=\"lazy\" decoding=\"async\" width=\"25\" height=\"25\" src=\"https:\/\/i0.wp.com\/francaclassificados.com\/\/source\/view\/img\/18w50.png?resize=25%2C25&#038;ssl=1\" alt=\"Imagem compartilhar facebook\"\/><\/p>\n<\/p><\/div>\n<div class=\"emp\">\n<p>\n            AJUDANTE DE ARMAZ\u00c9M NOTURNO<br \/>Admite-se AJUDANTE DE ARMAZ\u00c9M para trabalho NOTURNO, as atribui\u00e7\u00f5es do cargo s\u00e3o: Efetuar a separa\u00e7\u00e3o cuidadosa dos produtos no armaz\u00e9m da Revenda; Promover a montagem das cargas e a organiza\u00e7\u00e3o do estoque; Interessados podem encaminhar o curr\u00edculo para o WhatsApp: 16-99195-7140 ou e-mail recrutamento@rizatti.com.br\n            <\/p>\n<p><strong>Compartilhe:<\/strong><\/p>\n<p>                <img data-recalc-dims=\"1\" loading=\"lazy\" decoding=\"async\" width=\"25\" height=\"25\" src=\"https:\/\/i0.wp.com\/francaclassificados.com\/\/source\/view\/img\/20w50.png?resize=25%2C25&#038;ssl=1\" alt=\"Imagem compartilhar whatsapp\"\/><\/p>\n<p>                <img data-recalc-dims=\"1\" loading=\"lazy\" decoding=\"async\" width=\"25\" height=\"25\" src=\"https:\/\/i0.wp.com\/francaclassificados.com\/\/source\/view\/img\/18w50.png?resize=25%2C25&#038;ssl=1\" alt=\"Imagem compartilhar facebook\"\/><\/p>\n<\/p><\/div>\n<p>    <script async=\"\" src=\"https:\/\/pagead2.googlesyndication.com\/pagead\/js\/adsbygoogle.js?client=ca-pub-2853392113352629\" crossorigin=\"anonymous\"\/>\n    <ins class=\"adsbygoogle\" style=\"display:block\" data-ad-client=\"ca-pub-2853392113352629\" data-ad-slot=\"2925831803\" data-ad-format=\"auto\" data-full-width-responsive=\"true\"\/>\n    <script><![CDATA[\n    (adsbygoogle = window.adsbygoogle || []).push({});\n    ]]><\/script><\/p>\n<div class=\"emp\">\n<p>\n            TELEMARKETING EXPERI\u00caNCIA E APRENDIZ<br \/>Telemarketing Vendas \"Com Experi\u00eancia\", Sal\u00e1rio CLT, Plano Saude, V.T,V.A ,Divis\u00e3o de Lucros. 7 Telemarketing \"Aprendiz\" boa comunica\u00e7\u00e3o. Interessados enviar CV, para contratacall@gmail.com;\n            <\/p>\n<p><strong>Compartilhe:<\/strong><\/p>\n<p>                <img data-recalc-dims=\"1\" loading=\"lazy\" decoding=\"async\" width=\"25\" height=\"25\" src=\"https:\/\/i0.wp.com\/francaclassificados.com\/\/source\/view\/img\/20w50.png?resize=25%2C25&#038;ssl=1\" alt=\"Imagem compartilhar whatsapp\"\/><\/p>\n<p>                <img data-recalc-dims=\"1\" loading=\"lazy\" decoding=\"async\" width=\"25\" height=\"25\" src=\"https:\/\/i0.wp.com\/francaclassificados.com\/\/source\/view\/img\/18w50.png?resize=25%2C25&#038;ssl=1\" alt=\"Imagem compartilhar facebook\"\/><\/p>\n<\/p><\/div>\n<div class=\"emp\">\n<p>\n            VENDEDORA<br \/>Experi\u00eancia em vendas e atua\u00e7\u00e3o com metas, ensino m\u00e9dio completo (cursos de vendas e persuas\u00e3o ser\u00e3o um diferencial),disponibilidade de hor\u00e1rio. Postura focada na realiza\u00e7\u00e3o de suas atividades, que se autoconhe\u00e7a, tenha o h\u00e1bito de se autodesenvolver. Empresa oferece (Vale transporte + convenio Medico ) Remunera\u00e7\u00e3o por comiss\u00e3o + premia\u00e7\u00f5es . Envie seu curriculo com foto para E-mail : vagas.atram@gmail.com\n            <\/p>\n<p><strong>Compartilhe:<\/strong><\/p>\n<p>                <img data-recalc-dims=\"1\" loading=\"lazy\" decoding=\"async\" width=\"25\" height=\"25\" src=\"https:\/\/i0.wp.com\/francaclassificados.com\/\/source\/view\/img\/20w50.png?resize=25%2C25&#038;ssl=1\" alt=\"Imagem compartilhar whatsapp\"\/><\/p>\n<p>                <img data-recalc-dims=\"1\" loading=\"lazy\" decoding=\"async\" width=\"25\" height=\"25\" src=\"https:\/\/i0.wp.com\/francaclassificados.com\/\/source\/view\/img\/18w50.png?resize=25%2C25&#038;ssl=1\" alt=\"Imagem compartilhar facebook\"\/><\/p>\n<\/p><\/div>\n<p>    <script async=\"\" src=\"https:\/\/pagead2.googlesyndication.com\/pagead\/js\/adsbygoogle.js?client=ca-pub-2853392113352629\" crossorigin=\"anonymous\"\/>\n    <ins class=\"adsbygoogle\" style=\"display:block\" data-ad-client=\"ca-pub-2853392113352629\" data-ad-slot=\"2925831803\" data-ad-format=\"auto\" data-full-width-responsive=\"true\"\/>\n    <script><![CDATA[\n    (adsbygoogle = window.adsbygoogle || []).push({});\n    ]]><\/script><\/p>\n<div class=\"emp\">\n<p>\n            OPERADOR DE TELEVENDAS<br \/>Voc\u00ea vendedor, \u00e9 apaixonado por carros? Venha fazer parte da nossa equipe, ganhos acima da m\u00e9dia do mercado. Sal\u00e1rio + premia\u00e7\u00f5es, e outros benef\u00edcios. Experi\u00eancia com vendas por telefone, no\u00e7\u00e3o b\u00e1sica de Excel, boa comunica\u00e7\u00e3o, poder de negocia\u00e7\u00e3o e agilidade. Enviar curr\u00edculos para o e-mail talentosg29@gmail.com\n            <\/p>\n<p><strong>Compartilhe:<\/strong><\/p>\n<p>                <img data-recalc-dims=\"1\" loading=\"lazy\" decoding=\"async\" width=\"25\" height=\"25\" src=\"https:\/\/i0.wp.com\/francaclassificados.com\/\/source\/view\/img\/20w50.png?resize=25%2C25&#038;ssl=1\" alt=\"Imagem compartilhar whatsapp\"\/><\/p>\n<p>                <img data-recalc-dims=\"1\" loading=\"lazy\" decoding=\"async\" width=\"25\" height=\"25\" src=\"https:\/\/i0.wp.com\/francaclassificados.com\/\/source\/view\/img\/18w50.png?resize=25%2C25&#038;ssl=1\" alt=\"Imagem compartilhar facebook\"\/><\/p>\n<\/p><\/div>\n<div class=\"emp\">\n<p>\n            Ind\u00fastria de Cal\u00e7ados Feminino Contrata: Montador Manual (feminino), Apontador de Sola, Revisor final, Passadeira de Cola Cabedal, Auxiliar de Produ\u00e7\u00e3o, todos com experi\u00eancia, interessados enviar curr\u00edculo para Rua M\u00e9xico, 1166, jd.Consola\u00e7\u00e3o ou pelo e-mail: compras.quasacalcados@gmail.com\n            <\/p>\n<p><strong>Compartilhe:<\/strong><\/p>\n<p>                <img data-recalc-dims=\"1\" loading=\"lazy\" decoding=\"async\" width=\"25\" height=\"25\" src=\"https:\/\/i0.wp.com\/francaclassificados.com\/\/source\/view\/img\/20w50.png?resize=25%2C25&#038;ssl=1\" alt=\"Imagem compartilhar whatsapp\"\/><\/p>\n<p>                <img data-recalc-dims=\"1\" loading=\"lazy\" decoding=\"async\" width=\"25\" height=\"25\" src=\"https:\/\/i0.wp.com\/francaclassificados.com\/\/source\/view\/img\/18w50.png?resize=25%2C25&#038;ssl=1\" alt=\"Imagem compartilhar facebook\"\/><\/p>\n<\/p><\/div>\n<p>    <script async=\"\" src=\"https:\/\/pagead2.googlesyndication.com\/pagead\/js\/adsbygoogle.js?client=ca-pub-2853392113352629\" crossorigin=\"anonymous\"\/>\n    <ins class=\"adsbygoogle\" style=\"display:block\" data-ad-client=\"ca-pub-2853392113352629\" data-ad-slot=\"2925831803\" data-ad-format=\"auto\" data-full-width-responsive=\"true\"\/>\n    <script><![CDATA[\n    (adsbygoogle = window.adsbygoogle || []).push({});\n    ]]><\/script><\/p>\n<div class=\"emp\">\n<p>\n            Contrata-se balconista para trabalhar em pastelaria, ( n\u00e3o \u00e9 necess\u00e1rio experi\u00eancia), que reside nas imedia\u00e7\u00f5es vila Aparecida, No\u00eamia, S\u00e3o Luiz, necess\u00e1rio ter disponibilidade de hor\u00e1rio de seg a sexta das 9:00 as 19:20 hrs, e s\u00e1bado das 8:00 as 15:00, Sal\u00e1rio 1820,00 + 340,00 vale alimenta\u00e7\u00e3o, mais plano odontol\u00f3gico e sa\u00fade. Enviar curr\u00edculo com foto para 9.9128-7616\n            <\/p>\n<p><strong>Compartilhe:<\/strong><\/p>\n<p>                <img data-recalc-dims=\"1\" loading=\"lazy\" decoding=\"async\" width=\"25\" height=\"25\" src=\"https:\/\/i0.wp.com\/francaclassificados.com\/\/source\/view\/img\/20w50.png?resize=25%2C25&#038;ssl=1\" alt=\"Imagem compartilhar whatsapp\"\/><\/p>\n<p>                <img data-recalc-dims=\"1\" loading=\"lazy\" decoding=\"async\" width=\"25\" height=\"25\" src=\"https:\/\/i0.wp.com\/francaclassificados.com\/\/source\/view\/img\/18w50.png?resize=25%2C25&#038;ssl=1\" alt=\"Imagem compartilhar facebook\"\/><\/p>\n<\/p><\/div>\n<div class=\"emp\">\n<p>\n            ESTAGI\u00c1RIA<br \/>Cursando a partir do 3\u00ba ano do curso de direito. Experi\u00eancia pr\u00e9via como diferencial. 6 horas di\u00e1rias. Enviar email para: eliane.contratacaoescritorio@gmail.com\n            <\/p>\n<p><strong>Compartilhe:<\/strong><\/p>\n<p>                <img data-recalc-dims=\"1\" loading=\"lazy\" decoding=\"async\" width=\"25\" height=\"25\" src=\"https:\/\/i0.wp.com\/francaclassificados.com\/\/source\/view\/img\/20w50.png?resize=25%2C25&#038;ssl=1\" alt=\"Imagem compartilhar whatsapp\"\/><\/p>\n<p>                <img data-recalc-dims=\"1\" loading=\"lazy\" decoding=\"async\" width=\"25\" height=\"25\" src=\"https:\/\/i0.wp.com\/francaclassificados.com\/\/source\/view\/img\/18w50.png?resize=25%2C25&#038;ssl=1\" alt=\"Imagem compartilhar facebook\"\/><\/p>\n<\/p><\/div>\n<p>    <script async=\"\" src=\"https:\/\/pagead2.googlesyndication.com\/pagead\/js\/adsbygoogle.js?client=ca-pub-2853392113352629\" crossorigin=\"anonymous\"\/>\n    <ins class=\"adsbygoogle\" style=\"display:block\" data-ad-client=\"ca-pub-2853392113352629\" data-ad-slot=\"2925831803\" data-ad-format=\"auto\" data-full-width-responsive=\"true\"\/>\n    <script><![CDATA[\n    (adsbygoogle = window.adsbygoogle || []).push({});\n    ]]><\/script><\/p>\n<div class=\"emp\">\n<p>\n            Empresa do ramo automotivo localizada em Franca-SP, contrata: ESTAGI\u00c1RIO PARA DP CURSANDO ADM OU RH, PESPONTADEIRA, inicio imediato. Os interessados devem enviar o curr\u00edculo para o e-mail trabalheconosco@couroearte.com.br com o nome da vaga.\n            <\/p>\n<p><strong>Compartilhe:<\/strong><\/p>\n<p>                <img data-recalc-dims=\"1\" loading=\"lazy\" decoding=\"async\" width=\"25\" height=\"25\" src=\"https:\/\/i0.wp.com\/francaclassificados.com\/\/source\/view\/img\/20w50.png?resize=25%2C25&#038;ssl=1\" alt=\"Imagem compartilhar whatsapp\"\/><\/p>\n<p>                <img data-recalc-dims=\"1\" loading=\"lazy\" decoding=\"async\" width=\"25\" height=\"25\" src=\"https:\/\/i0.wp.com\/francaclassificados.com\/\/source\/view\/img\/18w50.png?resize=25%2C25&#038;ssl=1\" alt=\"Imagem compartilhar facebook\"\/><\/p>\n<\/p><\/div>\n<div class=\"emp\">\n<p>\n            VENDEDORA - IMEDIATO - HORARIO NOTURNO<br \/>Se voc\u00ea est\u00e1 interessado em uma carreira em vendas com possibilidades de crescimento, junte-se a n\u00f3s: Empresa: Carmen Steffens (matriz) Perfil Desejado: boa comunica\u00e7\u00e3o, aprendizado r\u00e1pido e conhecimentos em inform\u00e1tica. Benef\u00edcios: Sal\u00e1rio fixo de R$ 1.899,00 + comiss\u00e3o e premia\u00e7\u00e3o + vale alimenta\u00e7\u00e3o + vale transporte. Expediente Noturno. Se voc\u00ea se encaixa nesse perfil envie seu curr\u00edculo para talentos@carmensteffens.com.br com o assunto \"VENDAS - NOTURNO\". Boa sorte!\n            <\/p>\n<p><strong>Compartilhe:<\/strong><\/p>\n<p>                <img data-recalc-dims=\"1\" loading=\"lazy\" decoding=\"async\" width=\"25\" height=\"25\" src=\"https:\/\/i0.wp.com\/francaclassificados.com\/\/source\/view\/img\/20w50.png?resize=25%2C25&#038;ssl=1\" alt=\"Imagem compartilhar whatsapp\"\/><\/p>\n<p>                <img data-recalc-dims=\"1\" loading=\"lazy\" decoding=\"async\" width=\"25\" height=\"25\" src=\"https:\/\/i0.wp.com\/francaclassificados.com\/\/source\/view\/img\/18w50.png?resize=25%2C25&#038;ssl=1\" alt=\"Imagem compartilhar facebook\"\/><\/p>\n<\/p><\/div>\n<p>    <script async=\"\" src=\"https:\/\/pagead2.googlesyndication.com\/pagead\/js\/adsbygoogle.js?client=ca-pub-2853392113352629\" crossorigin=\"anonymous\"\/>\n    <ins class=\"adsbygoogle\" style=\"display:block\" data-ad-client=\"ca-pub-2853392113352629\" data-ad-slot=\"2925831803\" data-ad-format=\"auto\" data-full-width-responsive=\"true\"\/>\n    <script><![CDATA[\n    (adsbygoogle = window.adsbygoogle || []).push({});\n    ]]><\/script><\/p>\n<div class=\"emp\">\n<p>\n            Empresa contrata Balconista de padaria (maior de 18 anos, vaga dispon\u00edvel para per\u00edodo da tarde (13:00 as 21:20)) -A\u00e7ougueiro (maior de 18 anos, vaga dispon\u00edvel para per\u00edodo da tarde (13:00 as 21:20)). - Repositor (maior de 18 anos, vaga dispon\u00edvel para per\u00edodo da tarde (13:00 as 21:20)) -Jovem para primeiro emprego ( maior de 18 anos). Enviar curr\u00edculo para: rhdpcontrata3@gmail.com\n            <\/p>\n<p><strong>Compartilhe:<\/strong><\/p>\n<p>                <img data-recalc-dims=\"1\" loading=\"lazy\" decoding=\"async\" width=\"25\" height=\"25\" src=\"https:\/\/i0.wp.com\/francaclassificados.com\/\/source\/view\/img\/20w50.png?resize=25%2C25&#038;ssl=1\" alt=\"Imagem compartilhar whatsapp\"\/><\/p>\n<p>                <img data-recalc-dims=\"1\" loading=\"lazy\" decoding=\"async\" width=\"25\" height=\"25\" src=\"https:\/\/i0.wp.com\/francaclassificados.com\/\/source\/view\/img\/18w50.png?resize=25%2C25&#038;ssl=1\" alt=\"Imagem compartilhar facebook\"\/><\/p>\n<\/p><\/div>\n<div class=\"emp\">\n<p>\n            BALCONISTA\/ATENDENTE DE FARM\u00c1CIA (DIURNO)<br \/>Hor\u00e1rio: De Seg. a Sex. das 7h00 \u00e0s 13h00 e final de semana alternado, das 7:00h00 \u00e0s 18:50hs. Fun\u00e7\u00f5es: atendimento no balc\u00e3o, venda de produtos, orienta\u00e7\u00f5es sobre medicamentos aos clientes, auxiliar na reposi\u00e7\u00e3o dos produtos e organiza\u00e7\u00e3o da loja. Requisitos Ensino M\u00e9dio Completo. Desej\u00e1vel curso T\u00e9cnico em Farm\u00e1cia. Experi\u00eancia com atendimento ao cliente em farm\u00e1cia, conhecimento em medicamentos e leitura de receitas.<br \/>\n            <br \/>sinerhgiaempregos@gmail.com\n            <\/p>\n<p><strong>Compartilhe:<\/strong><\/p>\n<p>                <img data-recalc-dims=\"1\" loading=\"lazy\" decoding=\"async\" width=\"25\" height=\"25\" src=\"https:\/\/i0.wp.com\/francaclassificados.com\/\/source\/view\/img\/20w50.png?resize=25%2C25&#038;ssl=1\" alt=\"Imagem compartilhar whatsapp\"\/><\/p>\n<p>                <img data-recalc-dims=\"1\" loading=\"lazy\" decoding=\"async\" width=\"25\" height=\"25\" src=\"https:\/\/i0.wp.com\/francaclassificados.com\/\/source\/view\/img\/18w50.png?resize=25%2C25&#038;ssl=1\" alt=\"Imagem compartilhar facebook\"\/><\/p>\n<\/p><\/div>\n<p>    <script async=\"\" src=\"https:\/\/pagead2.googlesyndication.com\/pagead\/js\/adsbygoogle.js?client=ca-pub-2853392113352629\" crossorigin=\"anonymous\"\/>\n    <ins class=\"adsbygoogle\" style=\"display:block\" data-ad-client=\"ca-pub-2853392113352629\" data-ad-slot=\"2925831803\" data-ad-format=\"auto\" data-full-width-responsive=\"true\"\/>\n    <script><![CDATA[\n    (adsbygoogle = window.adsbygoogle || []).push({});\n    ]]><\/script><\/p>\n<div class=\"emp\">\n<p>\n            VIGILANTE<br \/>Realizar atividade de vigil\u00e2ncia no que se refere a entrada e sa\u00edda de pessoas, ou bens do servi\u00e7o. Experi\u00eancia na fun\u00e7\u00e3o. Boa comunica\u00e7\u00e3o, cordialidade e empatia. FEMININO\/MASCULINO 44H\/SEMANAIS. ENSINO M\u00c9DIO COMPLETO REGIME DE CONTRATA\u00c7\u00c3O CLT. Enviar curr\u00edculo com titulo da vaga no assunto curriculo@feji.org.br ou entregar pessoalmente RUA OFELIA SOARES RUSSO 994 JD PLANALTO\n            <\/p>\n<p><strong>Compartilhe:<\/strong><\/p>\n<p>                <img data-recalc-dims=\"1\" loading=\"lazy\" decoding=\"async\" width=\"25\" height=\"25\" src=\"https:\/\/i0.wp.com\/francaclassificados.com\/\/source\/view\/img\/20w50.png?resize=25%2C25&#038;ssl=1\" alt=\"Imagem compartilhar whatsapp\"\/><\/p>\n<p>                <img data-recalc-dims=\"1\" loading=\"lazy\" decoding=\"async\" width=\"25\" height=\"25\" src=\"https:\/\/i0.wp.com\/francaclassificados.com\/\/source\/view\/img\/18w50.png?resize=25%2C25&#038;ssl=1\" alt=\"Imagem compartilhar facebook\"\/><\/p>\n<\/p><\/div>\n<div class=\"emp\">\n<p>\n            T\u00c9CNICO MEC\u00c2NICO<br \/>Empresa Metal\u00fargica atuante no setor agr\u00edcola, contrata profissional com conhecimento b\u00e1sico de mec\u00e2nica. Atua\u00e7\u00e3o dentro e fora da empresa, com disponibilidade de viagem de at\u00e9 15 dias. Sal\u00e1rio + Benef\u00edcios (Plano de Sa\u00fade, Seguro de Vida, Vale Alimenta\u00e7\u00e3o). Interessados, enviar curr\u00edculo para recrutamentoeselecao-rh2024@hotmail.com\n            <\/p>\n<p><strong>Compartilhe:<\/strong><\/p>\n<p>                <img data-recalc-dims=\"1\" loading=\"lazy\" decoding=\"async\" width=\"25\" height=\"25\" src=\"https:\/\/i0.wp.com\/francaclassificados.com\/\/source\/view\/img\/20w50.png?resize=25%2C25&#038;ssl=1\" alt=\"Imagem compartilhar whatsapp\"\/><\/p>\n<p>                <img data-recalc-dims=\"1\" loading=\"lazy\" decoding=\"async\" width=\"25\" height=\"25\" src=\"https:\/\/i0.wp.com\/francaclassificados.com\/\/source\/view\/img\/18w50.png?resize=25%2C25&#038;ssl=1\" alt=\"Imagem compartilhar facebook\"\/><\/p>\n<\/p><\/div>\n<p>    <script async=\"\" src=\"https:\/\/pagead2.googlesyndication.com\/pagead\/js\/adsbygoogle.js?client=ca-pub-2853392113352629\" crossorigin=\"anonymous\"\/>\n    <ins class=\"adsbygoogle\" style=\"display:block\" data-ad-client=\"ca-pub-2853392113352629\" data-ad-slot=\"2925831803\" data-ad-format=\"auto\" data-full-width-responsive=\"true\"\/>\n    <script><![CDATA[\n    (adsbygoogle = window.adsbygoogle || []).push({});\n    ]]><\/script><\/p>\n<div class=\"emp\">\n<p>\n            ADVOGADA<br \/>Respons\u00e1vel por elaborar a peti\u00e7\u00e3o inicial, fazer a contesta\u00e7\u00e3o de processos, apresentando a sua defesa das acusa\u00e7\u00f5es que lhe forem imputadas na peti\u00e7\u00e3o inicial. Negocia\u00e7\u00f5es e interven\u00e7\u00e3o extrajudicial e judicial ou advindas de prestadores e clientes, etc. Sal\u00e1rio: Fixo (a combinar), CLT Necess\u00e1rio experi\u00eancia comprovada e OAB. Escala: Segunda a Sexta-feira Per\u00edodo integral Interessados enviar curr\u00edculo para: selecaoerec@gmail.com Colocar no assunto do e-mail: ADVOGADA\n            <\/p>\n<p><strong>Compartilhe:<\/strong><\/p>\n<p>                <img data-recalc-dims=\"1\" loading=\"lazy\" decoding=\"async\" width=\"25\" height=\"25\" src=\"https:\/\/i0.wp.com\/francaclassificados.com\/\/source\/view\/img\/20w50.png?resize=25%2C25&#038;ssl=1\" alt=\"Imagem compartilhar whatsapp\"\/><\/p>\n<p>                <img data-recalc-dims=\"1\" loading=\"lazy\" decoding=\"async\" width=\"25\" height=\"25\" src=\"https:\/\/i0.wp.com\/francaclassificados.com\/\/source\/view\/img\/18w50.png?resize=25%2C25&#038;ssl=1\" alt=\"Imagem compartilhar facebook\"\/><\/p>\n<\/p><\/div>\n<div class=\"emp\">\n<p>\n            TEMOS VAGAS PARA: Ajudante, Operador de Ceifadeira, Motorista de Caminh\u00e3o, Operador de M\u00e1quinas. INFORMA\u00c7\u00d5ES: Trabalho de Segunda a sexta-feira das 7h \u00e0s 16h48, Vale alimenta\u00e7\u00e3o: R$ 283,19+Conv\u00eanios m\u00e9dico e odontol\u00f3gico+Seguro de vida+Gympass. REQUISITOS: Residir em Franca, CNH D-vaga motorista, Experi\u00eancia c\/ ro\u00e7adeira costal\u2013vaga operador de ceifadeira. INTERESSADOS DEVEM ENTREGAR CURR\u00cdCULO NA EMPRESA: Av. Alberto Pulicano, 4871 \u2013 Distrito Industrial ou enviar via whatsapp 16 99171-0423\n            <\/p>\n<p><strong>Compartilhe:<\/strong><\/p>\n<p>                <img data-recalc-dims=\"1\" loading=\"lazy\" decoding=\"async\" width=\"25\" height=\"25\" src=\"https:\/\/i0.wp.com\/francaclassificados.com\/\/source\/view\/img\/20w50.png?resize=25%2C25&#038;ssl=1\" alt=\"Imagem compartilhar whatsapp\"\/><\/p>\n<p>                <img data-recalc-dims=\"1\" loading=\"lazy\" decoding=\"async\" width=\"25\" height=\"25\" src=\"https:\/\/i0.wp.com\/francaclassificados.com\/\/source\/view\/img\/18w50.png?resize=25%2C25&#038;ssl=1\" alt=\"Imagem compartilhar facebook\"\/><\/p>\n<\/p><\/div>\n<p>    <script async=\"\" src=\"https:\/\/pagead2.googlesyndication.com\/pagead\/js\/adsbygoogle.js?client=ca-pub-2853392113352629\" crossorigin=\"anonymous\"\/>\n    <ins class=\"adsbygoogle\" style=\"display:block\" data-ad-client=\"ca-pub-2853392113352629\" data-ad-slot=\"2925831803\" data-ad-format=\"auto\" data-full-width-responsive=\"true\"\/>\n    <script><![CDATA[\n    (adsbygoogle = window.adsbygoogle || []).push({});\n    ]]><\/script><\/p>\n<div class=\"emp\">\n<p>\n            COSTUREIRO<br \/>Contrata-se costureira que tenha experi\u00eancia em overlok, reta, galoneira, experi\u00eancia em moletom e paineis de festa, empresa localizada no Distrito industrial, manda curr\u00edculo no WhatsApp 16-99344-7219 Salario base+ comiss\u00e3o\n            <\/p>\n<p><strong>Compartilhe:<\/strong><\/p>\n<p>                <img data-recalc-dims=\"1\" loading=\"lazy\" decoding=\"async\" width=\"25\" height=\"25\" src=\"https:\/\/i0.wp.com\/francaclassificados.com\/\/source\/view\/img\/20w50.png?resize=25%2C25&#038;ssl=1\" alt=\"Imagem compartilhar whatsapp\"\/><\/p>\n<p>                <img data-recalc-dims=\"1\" loading=\"lazy\" decoding=\"async\" width=\"25\" height=\"25\" src=\"https:\/\/i0.wp.com\/francaclassificados.com\/\/source\/view\/img\/18w50.png?resize=25%2C25&#038;ssl=1\" alt=\"Imagem compartilhar facebook\"\/><\/p>\n<\/p><\/div>\n<div class=\"emp\">\n<p>\n            SERRALHEIRO<br \/>CONTRATA-SE SERRALHEIRO COM EXPERI\u00caNCIA EM SOLDA MIG. REGISTRO CONFORME LEIS CLT. INTERESSADOS ENVIAR CURRICULO NO EMAIL rh@viupaineis.com - ZAP : 16 99979-3777\n            <\/p>\n<p><strong>Compartilhe:<\/strong><\/p>\n<p>                <img data-recalc-dims=\"1\" loading=\"lazy\" decoding=\"async\" width=\"25\" height=\"25\" src=\"https:\/\/i0.wp.com\/francaclassificados.com\/\/source\/view\/img\/20w50.png?resize=25%2C25&#038;ssl=1\" alt=\"Imagem compartilhar whatsapp\"\/><\/p>\n<p>                <img data-recalc-dims=\"1\" loading=\"lazy\" decoding=\"async\" width=\"25\" height=\"25\" src=\"https:\/\/i0.wp.com\/francaclassificados.com\/\/source\/view\/img\/18w50.png?resize=25%2C25&#038;ssl=1\" alt=\"Imagem compartilhar facebook\"\/><\/p>\n<\/p><\/div>\n<p>    <script async=\"\" src=\"https:\/\/pagead2.googlesyndication.com\/pagead\/js\/adsbygoogle.js?client=ca-pub-2853392113352629\" crossorigin=\"anonymous\"\/>\n    <ins class=\"adsbygoogle\" style=\"display:block\" data-ad-client=\"ca-pub-2853392113352629\" data-ad-slot=\"2925831803\" data-ad-format=\"auto\" data-full-width-responsive=\"true\"\/>\n    <script><![CDATA[\n    (adsbygoogle = window.adsbygoogle || []).push({});\n    ]]><\/script><\/p>\n<div class=\"emp\">\n<p>\n            ATENDENTE E-COMMECE<br \/>CONTRATA-SE ATENDENTE PARA E-COMMERCE. ATENDIMENTO VIA WHATSAPP E OUTRAS REDES SOCIAIS. N\u00c3O \u00c9 NECESS\u00c1RIO EXPERIENCIA. NECESS\u00c1RIO BOA ESCRITA E VONTADE DE APRENDER. ENVIAR C\u00daRRICULO VIA WHATSAPP PARA MARIA FERNANDA (16)99234-4547\n            <\/p>\n<p><strong>Compartilhe:<\/strong><\/p>\n<p>                <img data-recalc-dims=\"1\" loading=\"lazy\" decoding=\"async\" width=\"25\" height=\"25\" src=\"https:\/\/i0.wp.com\/francaclassificados.com\/\/source\/view\/img\/20w50.png?resize=25%2C25&#038;ssl=1\" alt=\"Imagem compartilhar whatsapp\"\/><\/p>\n<p>                <img data-recalc-dims=\"1\" loading=\"lazy\" decoding=\"async\" width=\"25\" height=\"25\" src=\"https:\/\/i0.wp.com\/francaclassificados.com\/\/source\/view\/img\/18w50.png?resize=25%2C25&#038;ssl=1\" alt=\"Imagem compartilhar facebook\"\/><\/p>\n<\/p><\/div>\n<div class=\"emp\">\n<p>\n            SOCIAL MIDIA<br \/>Contrata-se social m\u00eddia, que tenha experi\u00eancia, enviar curr\u00edculo por esse whatsapp (16)99333-4039.\n            <\/p>\n<p><strong>Compartilhe:<\/strong><\/p>\n<p>                <img data-recalc-dims=\"1\" loading=\"lazy\" decoding=\"async\" width=\"25\" height=\"25\" src=\"https:\/\/i0.wp.com\/francaclassificados.com\/\/source\/view\/img\/20w50.png?resize=25%2C25&#038;ssl=1\" alt=\"Imagem compartilhar whatsapp\"\/><\/p>\n<p>                <img data-recalc-dims=\"1\" loading=\"lazy\" decoding=\"async\" width=\"25\" height=\"25\" src=\"https:\/\/i0.wp.com\/francaclassificados.com\/\/source\/view\/img\/18w50.png?resize=25%2C25&#038;ssl=1\" alt=\"Imagem compartilhar facebook\"\/><\/p>\n<\/p><\/div>\n<p>    <script async=\"\" src=\"https:\/\/pagead2.googlesyndication.com\/pagead\/js\/adsbygoogle.js?client=ca-pub-2853392113352629\" crossorigin=\"anonymous\"\/>\n    <ins class=\"adsbygoogle\" style=\"display:block\" data-ad-client=\"ca-pub-2853392113352629\" data-ad-slot=\"2925831803\" data-ad-format=\"auto\" data-full-width-responsive=\"true\"\/>\n    <script><![CDATA[\n    (adsbygoogle = window.adsbygoogle || []).push({});\n    ]]><\/script><\/p>\n<div class=\"emp\">\n<p>\n            ADMITE-SE ACABADOR QUE SAIBA PRANCHEAR E MONTADOR PARA MAQUINA TOQUETO INTERESSADOS DEIXAR CURRUCULO NA RUA DOUTOR ALBERTO BLUCHER 1326 VILA SANTO ANTONIO\n            <\/p>\n<p><strong>Compartilhe:<\/strong><\/p>\n<p>                <img data-recalc-dims=\"1\" loading=\"lazy\" decoding=\"async\" width=\"25\" height=\"25\" src=\"https:\/\/i0.wp.com\/francaclassificados.com\/\/source\/view\/img\/20w50.png?resize=25%2C25&#038;ssl=1\" alt=\"Imagem compartilhar whatsapp\"\/><\/p>\n<p>                <img data-recalc-dims=\"1\" loading=\"lazy\" decoding=\"async\" width=\"25\" height=\"25\" src=\"https:\/\/i0.wp.com\/francaclassificados.com\/\/source\/view\/img\/18w50.png?resize=25%2C25&#038;ssl=1\" alt=\"Imagem compartilhar facebook\"\/><\/p>\n<\/p><\/div>\n<div class=\"emp\">\n<p>\n            ANALISTA DE ESTOQUE<br \/>Admite se para e-commerce no ramo de biquinis. Perfil: Respons\u00e1vel, Organizado, \u00e1gil, proativo, concentrado, focado, resolve os problemas, analisa dados, pontual, desejo de evoluir, crescer e aprender novas ferramentas! Requisitos: Ensino m\u00e9dio completo, experiencia com estoque, e experi\u00eancia com o bling e irroba. Interessados enviar curriculo pelo whatsapp 16991194718\n            <\/p>\n<p><strong>Compartilhe:<\/strong><\/p>\n<p>                <img data-recalc-dims=\"1\" loading=\"lazy\" decoding=\"async\" width=\"25\" height=\"25\" src=\"https:\/\/i0.wp.com\/francaclassificados.com\/\/source\/view\/img\/20w50.png?resize=25%2C25&#038;ssl=1\" alt=\"Imagem compartilhar whatsapp\"\/><\/p>\n<p>                <img data-recalc-dims=\"1\" loading=\"lazy\" decoding=\"async\" width=\"25\" height=\"25\" src=\"https:\/\/i0.wp.com\/francaclassificados.com\/\/source\/view\/img\/18w50.png?resize=25%2C25&#038;ssl=1\" alt=\"Imagem compartilhar facebook\"\/><\/p>\n<\/p><\/div>\n<p>    <script async=\"\" src=\"https:\/\/pagead2.googlesyndication.com\/pagead\/js\/adsbygoogle.js?client=ca-pub-2853392113352629\" crossorigin=\"anonymous\"\/>\n    <ins class=\"adsbygoogle\" style=\"display:block\" data-ad-client=\"ca-pub-2853392113352629\" data-ad-slot=\"2925831803\" data-ad-format=\"auto\" data-full-width-responsive=\"true\"\/>\n    <script><![CDATA[\n    (adsbygoogle = window.adsbygoogle || []).push({});\n    ]]><\/script><\/p>\n<div class=\"emp\">\n<p>\n            FRENTISTA DIURNO \/ MATITURNO<br \/>Precisa-se de frentista com EXPERI\u00caNCIA COMPROVADA para trabalhar em posto de combust\u00edvel localizado na zona leste de Franca. Requisitos: \u2022 Saber fazer troca de \u00f3leo \u2022 Saber operar no sistema FUELTEC \u2022 Viv\u00eancia em posto de combust\u00edvel comprovada em carteira \u2022 Disponibilidade para trabalhar aos finais de semanas \u2022 Boa rela\u00e7\u00e3o interpessoal Sal\u00e1rio compat\u00edvel com a conven\u00e7\u00e3o coletiva + VR + VA + comiss\u00e3o sobre venda de \u00f3leo. Interessados enviar curr\u00edculo no e-mail: rhpostoal@hotmail.com\n            <\/p>\n<p><strong>Compartilhe:<\/strong><\/p>\n<p>                <img data-recalc-dims=\"1\" loading=\"lazy\" decoding=\"async\" width=\"25\" height=\"25\" src=\"https:\/\/i0.wp.com\/francaclassificados.com\/\/source\/view\/img\/20w50.png?resize=25%2C25&#038;ssl=1\" alt=\"Imagem compartilhar whatsapp\"\/><\/p>\n<p>                <img data-recalc-dims=\"1\" loading=\"lazy\" decoding=\"async\" width=\"25\" height=\"25\" src=\"https:\/\/i0.wp.com\/francaclassificados.com\/\/source\/view\/img\/18w50.png?resize=25%2C25&#038;ssl=1\" alt=\"Imagem compartilhar facebook\"\/><\/p>\n<\/p><\/div>\n<div class=\"emp\">\n<p>\n            ATENDENTE<br \/>Contrata-se atendente de portaria de venda de g\u00e1s. De prefer\u00eancia que more nas imedia\u00e7\u00f5es do bairro Vila S\u00e3o Sebasti\u00e3o. Procuramos pessoas proativas e com boa comunica\u00e7\u00e3o. Hor\u00e1rio: Segunda \u00e0 sexta : 14:30\/22:00hrs E S\u00e1bados alternados entre 07:00\/14:30 e 14:30\/22:00 Requer disponibilidade de trabalhar domingos e feriados. Requer experi\u00eancia na \u00e1rea ! Tipo de vaga: Tempo Integral, Efetivo\/CLT encaminhar curr\u00edculo no e-mail: distribuidoragasprogresso@gmail.com\n            <\/p>\n<p><strong>Compartilhe:<\/strong><\/p>\n<p>                <img data-recalc-dims=\"1\" loading=\"lazy\" decoding=\"async\" width=\"25\" height=\"25\" src=\"https:\/\/i0.wp.com\/francaclassificados.com\/\/source\/view\/img\/20w50.png?resize=25%2C25&#038;ssl=1\" alt=\"Imagem compartilhar whatsapp\"\/><\/p>\n<p>                <img data-recalc-dims=\"1\" loading=\"lazy\" decoding=\"async\" width=\"25\" height=\"25\" src=\"https:\/\/i0.wp.com\/francaclassificados.com\/\/source\/view\/img\/18w50.png?resize=25%2C25&#038;ssl=1\" alt=\"Imagem compartilhar facebook\"\/><\/p>\n<\/p><\/div>\n<p>    <script async=\"\" src=\"https:\/\/pagead2.googlesyndication.com\/pagead\/js\/adsbygoogle.js?client=ca-pub-2853392113352629\" crossorigin=\"anonymous\"\/>\n    <ins class=\"adsbygoogle\" style=\"display:block\" data-ad-client=\"ca-pub-2853392113352629\" data-ad-slot=\"2925831803\" data-ad-format=\"auto\" data-full-width-responsive=\"true\"\/>\n    <script><![CDATA[\n    (adsbygoogle = window.adsbygoogle || []).push({});\n    ]]><\/script><\/p>\n<div class=\"emp\">\n<p>\n            Contrata-se as seguintes fun\u00e7\u00f5es, com jornada de trabalho de segunda a sexta-feira e salario a combinar. Aplicador de Ilh\u00f3s, Manchador, Coringa de Acabamento, Auxiliar de Montagem, Pregador de Palmilha, Moldador de Contraforte e Passador de Cola no Cabedal. Com experi\u00eancia. Os interessados devem enviar o curr\u00edculo no e-mail: administrativo@calcadosfork.com.br ou entregar no endere\u00e7o Rua Orestes Dalmaso, 2190 - Jd. Petraglia.\n            <\/p>\n<p><strong>Compartilhe:<\/strong><\/p>\n<p>                <img data-recalc-dims=\"1\" loading=\"lazy\" decoding=\"async\" width=\"25\" height=\"25\" src=\"https:\/\/i0.wp.com\/francaclassificados.com\/\/source\/view\/img\/20w50.png?resize=25%2C25&#038;ssl=1\" alt=\"Imagem compartilhar whatsapp\"\/><\/p>\n<p>                <img data-recalc-dims=\"1\" loading=\"lazy\" decoding=\"async\" width=\"25\" height=\"25\" src=\"https:\/\/i0.wp.com\/francaclassificados.com\/\/source\/view\/img\/18w50.png?resize=25%2C25&#038;ssl=1\" alt=\"Imagem compartilhar facebook\"\/><\/p>\n<\/p><\/div>\n<div class=\"emp\">\n<p>\n            ESTOQUISTA<br \/>Contrata-se estoquista, para gerenciamento de estoque, entrada e sa\u00edda de mercadorias, preenchimento de planilhas de estoque e produ\u00e7\u00e3o, confec\u00e7\u00e3o de etiquetas para embalagens. Necess\u00e1rio ter experi\u00eancia com planilhas em excel, ter habilidade em invent\u00e1rios, ser organizado, proativo, pontual. ENVIAR CURRICULO PARA vagasdistribuicao2023@gmail.com\n            <\/p>\n<p><strong>Compartilhe:<\/strong><\/p>\n<p>                <img data-recalc-dims=\"1\" loading=\"lazy\" decoding=\"async\" width=\"25\" height=\"25\" src=\"https:\/\/i0.wp.com\/francaclassificados.com\/\/source\/view\/img\/20w50.png?resize=25%2C25&#038;ssl=1\" alt=\"Imagem compartilhar whatsapp\"\/><\/p>\n<p>                <img data-recalc-dims=\"1\" loading=\"lazy\" decoding=\"async\" width=\"25\" height=\"25\" src=\"https:\/\/i0.wp.com\/francaclassificados.com\/\/source\/view\/img\/18w50.png?resize=25%2C25&#038;ssl=1\" alt=\"Imagem compartilhar facebook\"\/><\/p>\n<\/p><\/div>\n<p>    <script async=\"\" src=\"https:\/\/pagead2.googlesyndication.com\/pagead\/js\/adsbygoogle.js?client=ca-pub-2853392113352629\" crossorigin=\"anonymous\"\/>\n    <ins class=\"adsbygoogle\" style=\"display:block\" data-ad-client=\"ca-pub-2853392113352629\" data-ad-slot=\"2925831803\" data-ad-format=\"auto\" data-full-width-responsive=\"true\"\/>\n    <script><![CDATA[\n    (adsbygoogle = window.adsbygoogle || []).push({});\n    ]]><\/script><\/p>\n<div class=\"emp\">\n<p>\n            ENTREVISTADORES<br \/>Atendimento ao p\u00fablico presencial e via WhatsApp Business. Realizar entrevistas para coleta de dados com inclus\u00e3o simult\u00e2nea no sistema do CADASTRO \u00daNICO, entre outras fun\u00e7\u00f5es. Ter dom\u00ednio em pacote Office. FEMININO\/MASCULINO ENSINO M\u00c9DIO COMPLETO 44H SEMANAIS Regime de contrata\u00e7\u00e3o CLT. Interessados enviar curr\u00edculo para curriculo@feji.org.br com t\u00edtulo da vaga no assunto. ou RUA OFELIA SOARES 994 JD PLANALTO\n            <\/p>\n<p><strong>Compartilhe:<\/strong><\/p>\n<p>                <img data-recalc-dims=\"1\" loading=\"lazy\" decoding=\"async\" width=\"25\" height=\"25\" src=\"https:\/\/i0.wp.com\/francaclassificados.com\/\/source\/view\/img\/20w50.png?resize=25%2C25&#038;ssl=1\" alt=\"Imagem compartilhar whatsapp\"\/><\/p>\n<p>                <img data-recalc-dims=\"1\" loading=\"lazy\" decoding=\"async\" width=\"25\" height=\"25\" src=\"https:\/\/i0.wp.com\/francaclassificados.com\/\/source\/view\/img\/18w50.png?resize=25%2C25&#038;ssl=1\" alt=\"Imagem compartilhar facebook\"\/><\/p>\n<\/p><\/div>\n<div class=\"emp\">\n<p>\n            IMPRESSOR OFF-SET<br \/>Contrata-se com experi\u00eancia impressor off-set, curr\u00edculo email: cennicenni@bol.com.br ou End. Gilberto de Aguilar,1.241 Jd.Paulistano\n            <\/p>\n<p><strong>Compartilhe:<\/strong><\/p>\n<p>                <img data-recalc-dims=\"1\" loading=\"lazy\" decoding=\"async\" width=\"25\" height=\"25\" src=\"https:\/\/i0.wp.com\/francaclassificados.com\/\/source\/view\/img\/20w50.png?resize=25%2C25&#038;ssl=1\" alt=\"Imagem compartilhar whatsapp\"\/><\/p>\n<p>                <img data-recalc-dims=\"1\" loading=\"lazy\" decoding=\"async\" width=\"25\" height=\"25\" src=\"https:\/\/i0.wp.com\/francaclassificados.com\/\/source\/view\/img\/18w50.png?resize=25%2C25&#038;ssl=1\" alt=\"Imagem compartilhar facebook\"\/><\/p>\n<\/p><\/div>\n<p>    <script async=\"\" src=\"https:\/\/pagead2.googlesyndication.com\/pagead\/js\/adsbygoogle.js?client=ca-pub-2853392113352629\" crossorigin=\"anonymous\"\/>\n    <ins class=\"adsbygoogle\" style=\"display:block\" data-ad-client=\"ca-pub-2853392113352629\" data-ad-slot=\"2925831803\" data-ad-format=\"auto\" data-full-width-responsive=\"true\"\/>\n    <script><![CDATA[\n    (adsbygoogle = window.adsbygoogle || []).push({});\n    ]]><\/script><\/p>\n<div class=\"emp\">\n<p>\n            F\u00e1brica de Cal\u00e7ados contrata para in\u00edcio imediato: Auxiliar de PLANCHEAMENTO E REVIS\u00c3O. Necess\u00e1rio ter experi\u00eancia. Interessados deixar curr\u00edculo no barrac\u00e3o Av. Major Elias Motta, 1161 - Jd Paulistano, ou enviar o curr\u00edculo no e-mail: vagas.arietto@gmail.com\n            <\/p>\n<p><strong>Compartilhe:<\/strong><\/p>\n<p>                <img data-recalc-dims=\"1\" loading=\"lazy\" decoding=\"async\" width=\"25\" height=\"25\" src=\"https:\/\/i0.wp.com\/francaclassificados.com\/\/source\/view\/img\/20w50.png?resize=25%2C25&#038;ssl=1\" alt=\"Imagem compartilhar whatsapp\"\/><\/p>\n<p>                <img data-recalc-dims=\"1\" loading=\"lazy\" decoding=\"async\" width=\"25\" height=\"25\" src=\"https:\/\/i0.wp.com\/francaclassificados.com\/\/source\/view\/img\/18w50.png?resize=25%2C25&#038;ssl=1\" alt=\"Imagem compartilhar facebook\"\/><\/p>\n<\/p><\/div>\n<div class=\"emp\">\n<p>\n            ESTOQUISTA (APENAS PARA MULHERES)<br \/>Vagas para Mulheres Desenvolver atividades pertinentes a rotina de estoque. Conhecimento Excel, Trabalho em hor\u00e1rio comercial. Perfil: For\u00e7a de vontade, trabalho em equipe e vontade de fazer acontecer. vagas.atram@gmail.com\n            <\/p>\n<p><strong>Compartilhe:<\/strong><\/p>\n<p>                <img data-recalc-dims=\"1\" loading=\"lazy\" decoding=\"async\" width=\"25\" height=\"25\" src=\"https:\/\/i0.wp.com\/francaclassificados.com\/\/source\/view\/img\/20w50.png?resize=25%2C25&#038;ssl=1\" alt=\"Imagem compartilhar whatsapp\"\/><\/p>\n<p>                <img data-recalc-dims=\"1\" loading=\"lazy\" decoding=\"async\" width=\"25\" height=\"25\" src=\"https:\/\/i0.wp.com\/francaclassificados.com\/\/source\/view\/img\/18w50.png?resize=25%2C25&#038;ssl=1\" alt=\"Imagem compartilhar facebook\"\/><\/p>\n<\/p><\/div>\n<p>    <script async=\"\" src=\"https:\/\/pagead2.googlesyndication.com\/pagead\/js\/adsbygoogle.js?client=ca-pub-2853392113352629\" crossorigin=\"anonymous\"\/>\n    <ins class=\"adsbygoogle\" style=\"display:block\" data-ad-client=\"ca-pub-2853392113352629\" data-ad-slot=\"2925831803\" data-ad-format=\"auto\" data-full-width-responsive=\"true\"\/>\n    <script><![CDATA[\n    (adsbygoogle = window.adsbygoogle || []).push({});\n    ]]><\/script><\/p>\n<div class=\"emp\">\n<p>\n            CONTRATA PARA IN\u00cdCIO IMEDIATO MONTADOR MANUAL E RISCADOR COM EXPERI\u00caNCIA, ESTAMOS EM BUSCA DE UM PERFIL RESPONSAVEL E COMPROMETIDO. INTERESSADOS ENVIAR CURRICULO WHATSAPP 16 3721 8372 OU ENTREGAR CURRICULO NO ENDERE\u00c7O RUA HIPOLITO ANTONIO PINHEIRO,3810 - JARDIM INTEGRA\u00c7\u00c3O - FRANCA - SP\n            <\/p>\n<p><strong>Compartilhe:<\/strong><\/p>\n<p>                <img data-recalc-dims=\"1\" loading=\"lazy\" decoding=\"async\" width=\"25\" height=\"25\" src=\"https:\/\/i0.wp.com\/francaclassificados.com\/\/source\/view\/img\/20w50.png?resize=25%2C25&#038;ssl=1\" alt=\"Imagem compartilhar whatsapp\"\/><\/p>\n<p>                <img data-recalc-dims=\"1\" loading=\"lazy\" decoding=\"async\" width=\"25\" height=\"25\" src=\"https:\/\/i0.wp.com\/francaclassificados.com\/\/source\/view\/img\/18w50.png?resize=25%2C25&#038;ssl=1\" alt=\"Imagem compartilhar facebook\"\/><\/p>\n<\/p><\/div>\n<div class=\"emp\">\n<p>\n            CONTRATA Auxiliar Modelagem (Acompanhar Amostras na Produ\u00e7\u00e3o) com experi\u00eancia comprovada e que tenha CNH Moto. Interessados enviar curr\u00edculo para: rh@savellicalcados.com.br ou trazer pessoalmente na Rua Benedito Barbosa n\u00b0931- Jardim Paulistano II.\n            <\/p>\n<p><strong>Compartilhe:<\/strong><\/p>\n<p>                <img data-recalc-dims=\"1\" loading=\"lazy\" decoding=\"async\" width=\"25\" height=\"25\" src=\"https:\/\/i0.wp.com\/francaclassificados.com\/\/source\/view\/img\/20w50.png?resize=25%2C25&#038;ssl=1\" alt=\"Imagem compartilhar whatsapp\"\/><\/p>\n<p>                <img data-recalc-dims=\"1\" loading=\"lazy\" decoding=\"async\" width=\"25\" height=\"25\" src=\"https:\/\/i0.wp.com\/francaclassificados.com\/\/source\/view\/img\/18w50.png?resize=25%2C25&#038;ssl=1\" alt=\"Imagem compartilhar facebook\"\/><\/p>\n<\/p><\/div>\n<p>    <script async=\"\" src=\"https:\/\/pagead2.googlesyndication.com\/pagead\/js\/adsbygoogle.js?client=ca-pub-2853392113352629\" crossorigin=\"anonymous\"\/>\n    <ins class=\"adsbygoogle\" style=\"display:block\" data-ad-client=\"ca-pub-2853392113352629\" data-ad-slot=\"2925831803\" data-ad-format=\"auto\" data-full-width-responsive=\"true\"\/>\n    <script><![CDATA[\n    (adsbygoogle = window.adsbygoogle || []).push({});\n    ]]><\/script><\/p>\n<div class=\"emp\">\n<p>\n            Contrata: Auxiliar de produ\u00e7\u00e3o \/ dublador , com ou sem experi\u00eancia , sal\u00e1rio inicial de 1.742,00 interessados levar curr\u00edculo no endere\u00e7o , Rua Maranh\u00e3o 1283 ou via WhatsApp 16-99426-0819\n            <\/p>\n<p><strong>Compartilhe:<\/strong><\/p>\n<p>                <img data-recalc-dims=\"1\" loading=\"lazy\" decoding=\"async\" width=\"25\" height=\"25\" src=\"https:\/\/i0.wp.com\/francaclassificados.com\/\/source\/view\/img\/20w50.png?resize=25%2C25&#038;ssl=1\" alt=\"Imagem compartilhar whatsapp\"\/><\/p>\n<p>                <img data-recalc-dims=\"1\" loading=\"lazy\" decoding=\"async\" width=\"25\" height=\"25\" src=\"https:\/\/i0.wp.com\/francaclassificados.com\/\/source\/view\/img\/18w50.png?resize=25%2C25&#038;ssl=1\" alt=\"Imagem compartilhar facebook\"\/><\/p>\n<\/p><\/div>\n<div class=\"emp\">\n<p>\n            ESCRITORIO DE CONTABILIDADE CONTRATA<br \/>Analista contabil que saiba todas as rotinas do setor de empresas Real\/Simples e Presumido, Auxiliar Fiscal que saiba com experi\u00eancia (Escritura\u00e7\u00e3o de NFs, apura\u00e7\u00e3o de impostos de empresas do Lucro Real, Lucro Presumido e Simples Nacional, envio de obriga\u00e7\u00f5es acess\u00f3rias \u2013 EFD ICMS-IPI, EFD Contribui\u00e7\u00f5es, EFD-Reinf, DCTF-Web, DeSTDA, GissOnline e Auxiliar de DP que saiba todas as rotinas diaria da folha de pagamento. Sal\u00e1rio CLT a combinar Interessados enviar curriculo para rhdpvagas788@gmail.com\n            <\/p>\n<p><strong>Compartilhe:<\/strong><\/p>\n<p>                <img data-recalc-dims=\"1\" loading=\"lazy\" decoding=\"async\" width=\"25\" height=\"25\" src=\"https:\/\/i0.wp.com\/francaclassificados.com\/\/source\/view\/img\/20w50.png?resize=25%2C25&#038;ssl=1\" alt=\"Imagem compartilhar whatsapp\"\/><\/p>\n<p>                <img data-recalc-dims=\"1\" loading=\"lazy\" decoding=\"async\" width=\"25\" height=\"25\" src=\"https:\/\/i0.wp.com\/francaclassificados.com\/\/source\/view\/img\/18w50.png?resize=25%2C25&#038;ssl=1\" alt=\"Imagem compartilhar facebook\"\/><\/p>\n<\/p><\/div>\n<p>    <script async=\"\" src=\"https:\/\/pagead2.googlesyndication.com\/pagead\/js\/adsbygoogle.js?client=ca-pub-2853392113352629\" crossorigin=\"anonymous\"\/>\n    <ins class=\"adsbygoogle\" style=\"display:block\" data-ad-client=\"ca-pub-2853392113352629\" data-ad-slot=\"2925831803\" data-ad-format=\"auto\" data-full-width-responsive=\"true\"\/>\n    <script><![CDATA[\n    (adsbygoogle = window.adsbygoogle || []).push({});\n    ]]><\/script><\/p>\n<div class=\"emp\">\n<p>\n            CUIDADOR (A)<br \/>VAGA VOLANTE: ir\u00e1 cobrir f\u00e9rias, folgas, etc. Precisa estar 100% dispon\u00edvel para a Institui\u00e7\u00e3o. MASCULINO OU FEMININO, ter curso de cuidador ser\u00e1 um diferencial, gostar de cuidar de pessoas e ser inclusivo. DISPONIBILIDADE DE HOR\u00c1RIO: ESCALAS 12X36 DIURNO\/NOTURNO Auxiliar em rotinas de vida di\u00e1ria como banho, higiene pessoal, alimenta\u00e7\u00e3o entre outras fun\u00e7\u00f5es, enviar curr\u00edculo pelo e-mail curriculo@feji.org.br ou na Rua Of\u00e9lia Soares Russo 970 Jd Planalto\n            <\/p>\n<p><strong>Compartilhe:<\/strong><\/p>\n<p>                <img data-recalc-dims=\"1\" loading=\"lazy\" decoding=\"async\" width=\"25\" height=\"25\" src=\"https:\/\/i0.wp.com\/francaclassificados.com\/\/source\/view\/img\/20w50.png?resize=25%2C25&#038;ssl=1\" alt=\"Imagem compartilhar whatsapp\"\/><\/p>\n<p>                <img data-recalc-dims=\"1\" loading=\"lazy\" decoding=\"async\" width=\"25\" height=\"25\" src=\"https:\/\/i0.wp.com\/francaclassificados.com\/\/source\/view\/img\/18w50.png?resize=25%2C25&#038;ssl=1\" alt=\"Imagem compartilhar facebook\"\/><\/p>\n<\/p><\/div>\n<div class=\"emp\">\n<p>\n            Contrata-se especialista em moda, que tenha experi\u00eancia em redes sociais e no\u00e7\u00e3o b\u00e1sica de fotografia. Caso se encaixe nos requisitos, enviar curr\u00edculo para o n\u00famero (16)98112-5759 whatsapp aos cuidados de Eleonora\n            <\/p>\n<p><strong>Compartilhe:<\/strong><\/p>\n<p>                <img data-recalc-dims=\"1\" loading=\"lazy\" decoding=\"async\" width=\"25\" height=\"25\" src=\"https:\/\/i0.wp.com\/francaclassificados.com\/\/source\/view\/img\/20w50.png?resize=25%2C25&#038;ssl=1\" alt=\"Imagem compartilhar whatsapp\"\/><\/p>\n<p>                <img data-recalc-dims=\"1\" loading=\"lazy\" decoding=\"async\" width=\"25\" height=\"25\" src=\"https:\/\/i0.wp.com\/francaclassificados.com\/\/source\/view\/img\/18w50.png?resize=25%2C25&#038;ssl=1\" alt=\"Imagem compartilhar facebook\"\/><\/p>\n<\/p><\/div>\n<p>    <script async=\"\" src=\"https:\/\/pagead2.googlesyndication.com\/pagead\/js\/adsbygoogle.js?client=ca-pub-2853392113352629\" crossorigin=\"anonymous\"\/>\n    <ins class=\"adsbygoogle\" style=\"display:block\" data-ad-client=\"ca-pub-2853392113352629\" data-ad-slot=\"2925831803\" data-ad-format=\"auto\" data-full-width-responsive=\"true\"\/>\n    <script><![CDATA[\n    (adsbygoogle = window.adsbygoogle || []).push({});\n    ]]><\/script><\/p>\n<div class=\"emp\">\n<p>\n            T\u00c9CNICO ELETR\u00d4NICO<br \/>Realizar\u00e1: manuten\u00e7\u00e3o e reparos em equipamentos eletr\u00f4nicos, testes de funcionamento em produtos, identificar e solucionar problemas t\u00e9cnicos, al\u00e9m de manuten\u00e7\u00f5es de pain\u00e9is el\u00e9tricos. Fabrica\u00e7\u00e3o de Resist\u00eancias. Requisitos: Formado\/Cursando T\u00e9cnico em Eletr\u00f4nica. Experi\u00eancia anterior como diferencial. Sal\u00e1rio: R$ 2000,00. Seg. \u00e0 S\u00e1bado, hor\u00e1rio comercial. Interessados encaminhar CV at\u00e9 07\/07 p\/ vagas@rmconsultoriagp.com.br\n            <\/p>\n<p><strong>Compartilhe:<\/strong><\/p>\n<p>                <img data-recalc-dims=\"1\" loading=\"lazy\" decoding=\"async\" width=\"25\" height=\"25\" src=\"https:\/\/i0.wp.com\/francaclassificados.com\/\/source\/view\/img\/20w50.png?resize=25%2C25&#038;ssl=1\" alt=\"Imagem compartilhar whatsapp\"\/><\/p>\n<p>                <img data-recalc-dims=\"1\" loading=\"lazy\" decoding=\"async\" width=\"25\" height=\"25\" src=\"https:\/\/i0.wp.com\/francaclassificados.com\/\/source\/view\/img\/18w50.png?resize=25%2C25&#038;ssl=1\" alt=\"Imagem compartilhar facebook\"\/><\/p>\n<\/p><\/div>\n<div class=\"emp\">\n<p>\n            DESIGNER GR\u00c1FICO<br \/>Contrata-se designer gr\u00e1fico que tenha experi\u00eancia com postagens, edi\u00e7\u00e3o de fotos, banners e etc, enviar curr\u00edculo nesse WhatsApp (16)99333-4039\n            <\/p>\n<p><strong>Compartilhe:<\/strong><\/p>\n<p>                <img data-recalc-dims=\"1\" loading=\"lazy\" decoding=\"async\" width=\"25\" height=\"25\" src=\"https:\/\/i0.wp.com\/francaclassificados.com\/\/source\/view\/img\/20w50.png?resize=25%2C25&#038;ssl=1\" alt=\"Imagem compartilhar whatsapp\"\/><\/p>\n<p>                <img data-recalc-dims=\"1\" loading=\"lazy\" decoding=\"async\" width=\"25\" height=\"25\" src=\"https:\/\/i0.wp.com\/francaclassificados.com\/\/source\/view\/img\/18w50.png?resize=25%2C25&#038;ssl=1\" alt=\"Imagem compartilhar facebook\"\/><\/p>\n<\/p><\/div>\n<p>    <script async=\"\" src=\"https:\/\/pagead2.googlesyndication.com\/pagead\/js\/adsbygoogle.js?client=ca-pub-2853392113352629\" crossorigin=\"anonymous\"\/>\n    <ins class=\"adsbygoogle\" style=\"display:block\" data-ad-client=\"ca-pub-2853392113352629\" data-ad-slot=\"2925831803\" data-ad-format=\"auto\" data-full-width-responsive=\"true\"\/>\n    <script><![CDATA[\n    (adsbygoogle = window.adsbygoogle || []).push({});\n    ]]><\/script><\/p>\n<div class=\"emp\">\n<p>\n            EST\u00c1GIO<br \/>Temos vagas de estagio, para ambos os sexos, para montagem de placa pci de circuito eletronico, trabalho de segunda a sexta feira das 7:30 as 13:30 hrs (6 horas por dia) bolsa estagio no valor de R$ 1000,00 + 100,00 de ajuda transporte ... interessados por favor enviar curriculo para o email \/ vagas.rhon@gmail.com.br\n            <\/p>\n<p><strong>Compartilhe:<\/strong><\/p>\n<p>                <img data-recalc-dims=\"1\" loading=\"lazy\" decoding=\"async\" width=\"25\" height=\"25\" src=\"https:\/\/i0.wp.com\/francaclassificados.com\/\/source\/view\/img\/20w50.png?resize=25%2C25&#038;ssl=1\" alt=\"Imagem compartilhar whatsapp\"\/><\/p>\n<p>                <img data-recalc-dims=\"1\" loading=\"lazy\" decoding=\"async\" width=\"25\" height=\"25\" src=\"https:\/\/i0.wp.com\/francaclassificados.com\/\/source\/view\/img\/18w50.png?resize=25%2C25&#038;ssl=1\" alt=\"Imagem compartilhar facebook\"\/><\/p>\n<\/p><\/div>\n<div class=\"emp\">\n<p>\n            Vendedora<br \/>E-commerce de moda FEMININA REQUISITOS: Excelente comunica\u00e7\u00e3o verbal e escrita. Extrovertida, Proativa. Diferenciais Opcionais: No\u00e7\u00f5es de grava\u00e7\u00e3o, fotografia e edi\u00e7\u00e3o de v\u00eddeos. Disponibilidade para in\u00edcio imediato. Prefer\u00eancia por perfil feminino: Interessadas enviar curr\u00edculo para: curriculosmodafeminina@hotmail.com\n            <\/p>\n<p><strong>Compartilhe:<\/strong><\/p>\n<p>                <img data-recalc-dims=\"1\" loading=\"lazy\" decoding=\"async\" width=\"25\" height=\"25\" src=\"https:\/\/i0.wp.com\/francaclassificados.com\/\/source\/view\/img\/20w50.png?resize=25%2C25&#038;ssl=1\" alt=\"Imagem compartilhar whatsapp\"\/><\/p>\n<p>                <img data-recalc-dims=\"1\" loading=\"lazy\" decoding=\"async\" width=\"25\" height=\"25\" src=\"https:\/\/i0.wp.com\/francaclassificados.com\/\/source\/view\/img\/18w50.png?resize=25%2C25&#038;ssl=1\" alt=\"Imagem compartilhar facebook\"\/><\/p>\n<\/p><\/div>\n<p>    <script async=\"\" src=\"https:\/\/pagead2.googlesyndication.com\/pagead\/js\/adsbygoogle.js?client=ca-pub-2853392113352629\" crossorigin=\"anonymous\"\/>\n    <ins class=\"adsbygoogle\" style=\"display:block\" data-ad-client=\"ca-pub-2853392113352629\" data-ad-slot=\"2925831803\" data-ad-format=\"auto\" data-full-width-responsive=\"true\"\/>\n    <script><![CDATA[\n    (adsbygoogle = window.adsbygoogle || []).push({});\n    ]]><\/script><\/p>\n<div class=\"emp\">\n<p>\n            OPERADOR DE MAQUINAS TERRAPLENAGEM<br \/>CONTRATA-SE OPERADOR DE MAQUINA COM EXPERIENCIA QUE SAIBA OPERAR MINI ESCAVADEIRA, BOBCAT E RETROESCAVADEIRA CONTRATAMOS DE INICIO IMEDIATO. ENVIAR CURRICULO EMAIL POWERFERRAMENTAS30@GMAIL OU WHATS 16 999742309 NO MOMENTO ESTAMOS CONTRATANDO SOMENTE COM EXPERIENCIA N\u00c3O PEGAMOS PARA TREINAR OU APRENDER.<br \/>\n            <br \/>POWERFERRAMENTAS30@gmail.com\n            <\/p>\n<p><strong>Compartilhe:<\/strong><\/p>\n<p>                <img data-recalc-dims=\"1\" loading=\"lazy\" decoding=\"async\" width=\"25\" height=\"25\" src=\"https:\/\/i0.wp.com\/francaclassificados.com\/\/source\/view\/img\/20w50.png?resize=25%2C25&#038;ssl=1\" alt=\"Imagem compartilhar whatsapp\"\/><\/p>\n<p>                <img data-recalc-dims=\"1\" loading=\"lazy\" decoding=\"async\" width=\"25\" height=\"25\" src=\"https:\/\/i0.wp.com\/francaclassificados.com\/\/source\/view\/img\/18w50.png?resize=25%2C25&#038;ssl=1\" alt=\"Imagem compartilhar facebook\"\/><\/p>\n<\/p><\/div>\n<div class=\"emp\">\n<p>\n            VENDEDOR<br \/>Estamos em busca de um(a) Vendedor(a) din\u00e2mico(a) e proativo(a) para se juntar \u00e0 nossa equipe. O candidato ideal ser\u00e1 respons\u00e1vel por atender clientes, identificar suas necessidades e oferecer solu\u00e7\u00f5es que atendam \u00e0s suas expectativas, contribuindo para o crescimento das vendas da empresa. Junte-se a n\u00f3s e fa\u00e7a parte de uma empresa que valoriza o talento e o desenvolvimento de seus colaboradores! Envie seu curr\u00edculo para ophicinafootwear.franca@gmail.com\n            <\/p>\n<p><strong>Compartilhe:<\/strong><\/p>\n<p>                <img data-recalc-dims=\"1\" loading=\"lazy\" decoding=\"async\" width=\"25\" height=\"25\" src=\"https:\/\/i0.wp.com\/francaclassificados.com\/\/source\/view\/img\/20w50.png?resize=25%2C25&#038;ssl=1\" alt=\"Imagem compartilhar whatsapp\"\/><\/p>\n<p>                <img data-recalc-dims=\"1\" loading=\"lazy\" decoding=\"async\" width=\"25\" height=\"25\" src=\"https:\/\/i0.wp.com\/francaclassificados.com\/\/source\/view\/img\/18w50.png?resize=25%2C25&#038;ssl=1\" alt=\"Imagem compartilhar facebook\"\/><\/p>\n<\/p><\/div>\n<p>    <script async=\"\" src=\"https:\/\/pagead2.googlesyndication.com\/pagead\/js\/adsbygoogle.js?client=ca-pub-2853392113352629\" crossorigin=\"anonymous\"\/>\n    <ins class=\"adsbygoogle\" style=\"display:block\" data-ad-client=\"ca-pub-2853392113352629\" data-ad-slot=\"2925831803\" data-ad-format=\"auto\" data-full-width-responsive=\"true\"\/>\n    <script><![CDATA[\n    (adsbygoogle = window.adsbygoogle || []).push({});\n    ]]><\/script><\/p>\n<div class=\"emp\">\n<p>\n            Cl\u00ednica odontol\u00f3gica contrata Auxiliar Administrativo, com experi\u00eancia.<br \/>Inicio imediato.<br \/>Enviar curr\u00edculos para o e-mail : clinicaodontologicamb@hotmail.com\n            <\/p>\n<p><strong>Compartilhe:<\/strong><\/p>\n<p>                <img data-recalc-dims=\"1\" loading=\"lazy\" decoding=\"async\" width=\"25\" height=\"25\" src=\"https:\/\/i0.wp.com\/francaclassificados.com\/\/source\/view\/img\/20w50.png?resize=25%2C25&#038;ssl=1\" alt=\"Imagem compartilhar whatsapp\"\/><\/p>\n<p>                <img data-recalc-dims=\"1\" loading=\"lazy\" decoding=\"async\" width=\"25\" height=\"25\" src=\"https:\/\/i0.wp.com\/francaclassificados.com\/\/source\/view\/img\/18w50.png?resize=25%2C25&#038;ssl=1\" alt=\"Imagem compartilhar facebook\"\/><\/p>\n<\/p><\/div>\n<div class=\"emp\">\n<p>\n            Contrata-se balconista, (com ou sem experi\u00eancia). Com boa comunica\u00e7\u00e3o e trabalho em equipe. Realizar\u00e1 o atendimento ao cliente. Deixar curr\u00edculo no CAIXA.\n            <\/p>\n<p><strong>Compartilhe:<\/strong><\/p>\n<p>                <img data-recalc-dims=\"1\" loading=\"lazy\" decoding=\"async\" width=\"25\" height=\"25\" src=\"https:\/\/i0.wp.com\/francaclassificados.com\/\/source\/view\/img\/20w50.png?resize=25%2C25&#038;ssl=1\" alt=\"Imagem compartilhar whatsapp\"\/><\/p>\n<p>                <img data-recalc-dims=\"1\" loading=\"lazy\" decoding=\"async\" width=\"25\" height=\"25\" src=\"https:\/\/i0.wp.com\/francaclassificados.com\/\/source\/view\/img\/18w50.png?resize=25%2C25&#038;ssl=1\" alt=\"Imagem compartilhar facebook\"\/><\/p>\n<\/p><\/div>\n<p>    <script async=\"\" src=\"https:\/\/pagead2.googlesyndication.com\/pagead\/js\/adsbygoogle.js?client=ca-pub-2853392113352629\" crossorigin=\"anonymous\"\/>\n    <ins class=\"adsbygoogle\" style=\"display:block\" data-ad-client=\"ca-pub-2853392113352629\" data-ad-slot=\"2925831803\" data-ad-format=\"auto\" data-full-width-responsive=\"true\"\/>\n    <script><![CDATA[\n    (adsbygoogle = window.adsbygoogle || []).push({});\n    ]]><\/script><\/p>\n<div class=\"emp\">\n<p>\n            VENDEDOR(A) DE E-COMMERCE<br \/>Requisitos necess\u00e1rios: Ensino m\u00e9dio completo; Experi\u00eancia em vendas; Disponibilidade de segunda \u00e1 sexta; Principais atividades: Ser\u00e1 respons\u00e1vel pelo atendimento no WhatsApp Dever\u00e1 acompanhar pedidos, p\u00f3s venda e acompanhamento das entregas Caracter\u00edsticas essenciais: Comunica\u00e7\u00e3o; Proatividade; Organiza\u00e7\u00e3o\n            <\/p>\n<p><strong>Compartilhe:<\/strong><\/p>\n<p>                <img data-recalc-dims=\"1\" loading=\"lazy\" decoding=\"async\" width=\"25\" height=\"25\" src=\"https:\/\/i0.wp.com\/francaclassificados.com\/\/source\/view\/img\/20w50.png?resize=25%2C25&#038;ssl=1\" alt=\"Imagem compartilhar whatsapp\"\/><\/p>\n<p>                <img data-recalc-dims=\"1\" loading=\"lazy\" decoding=\"async\" width=\"25\" height=\"25\" src=\"https:\/\/i0.wp.com\/francaclassificados.com\/\/source\/view\/img\/18w50.png?resize=25%2C25&#038;ssl=1\" alt=\"Imagem compartilhar facebook\"\/><\/p>\n<\/p><\/div>\n<div class=\"emp\">\n<p>\n            COSTUREIRA<br \/>Contrata-se costureira(o) para atuar na m\u00e1quina reta. N\u00e3o \u00e9 necess\u00e1rio ter experi\u00eancia. Interessados, chamar no WhatsApp 16-99102-1950.\n            <\/p>\n<p><strong>Compartilhe:<\/strong><\/p>\n<p>                <img data-recalc-dims=\"1\" loading=\"lazy\" decoding=\"async\" width=\"25\" height=\"25\" src=\"https:\/\/i0.wp.com\/francaclassificados.com\/\/source\/view\/img\/20w50.png?resize=25%2C25&#038;ssl=1\" alt=\"Imagem compartilhar whatsapp\"\/><\/p>\n<p>                <img data-recalc-dims=\"1\" loading=\"lazy\" decoding=\"async\" width=\"25\" height=\"25\" src=\"https:\/\/i0.wp.com\/francaclassificados.com\/\/source\/view\/img\/18w50.png?resize=25%2C25&#038;ssl=1\" alt=\"Imagem compartilhar facebook\"\/><\/p>\n<\/p><\/div>\n<p>    <script async=\"\" src=\"https:\/\/pagead2.googlesyndication.com\/pagead\/js\/adsbygoogle.js?client=ca-pub-2853392113352629\" crossorigin=\"anonymous\"\/>\n    <ins class=\"adsbygoogle\" style=\"display:block\" data-ad-client=\"ca-pub-2853392113352629\" data-ad-slot=\"2925831803\" data-ad-format=\"auto\" data-full-width-responsive=\"true\"\/>\n    <script><![CDATA[\n    (adsbygoogle = window.adsbygoogle || []).push({});\n    ]]><\/script><\/p>\n<div class=\"emp\">\n<p>\n            Contrata-se Costureira(o) com experiencia em moletom, precisa saber trabalhar na reta, over lok e galoneira. Interessados 16 99424-2626\n            <\/p>\n<p><strong>Compartilhe:<\/strong><\/p>\n<p>                <img data-recalc-dims=\"1\" loading=\"lazy\" decoding=\"async\" width=\"25\" height=\"25\" src=\"https:\/\/i0.wp.com\/francaclassificados.com\/\/source\/view\/img\/20w50.png?resize=25%2C25&#038;ssl=1\" alt=\"Imagem compartilhar whatsapp\"\/><\/p>\n<p>                <img data-recalc-dims=\"1\" loading=\"lazy\" decoding=\"async\" width=\"25\" height=\"25\" src=\"https:\/\/i0.wp.com\/francaclassificados.com\/\/source\/view\/img\/18w50.png?resize=25%2C25&#038;ssl=1\" alt=\"Imagem compartilhar facebook\"\/><\/p>\n<\/p><\/div>\n<div class=\"emp\">\n<p>\n            Estamos em busca de profissional din\u00e2mico(a) e proativo(a) para se juntar \u00e0 nossa equipe. Principais Responsabilidades: * Atendimento ao cliente, identificando suas necessidades e oferecendo solu\u00e7\u00f5es adequadas. * Contribuir para o crescimento das vendas da empresa. * habilidades para desempenho em rotinas administrativas Requisitos: * Dinamismo e pro atividade. * Habilidade para trabalhar de forma \u00e1gil e respons\u00e1vel. Encaminhar e-mail para: vagas.ecommerce2@gmail.com\n            <\/p>\n<p><strong>Compartilhe:<\/strong><\/p>\n<p>                <img data-recalc-dims=\"1\" loading=\"lazy\" decoding=\"async\" width=\"25\" height=\"25\" src=\"https:\/\/i0.wp.com\/francaclassificados.com\/\/source\/view\/img\/20w50.png?resize=25%2C25&#038;ssl=1\" alt=\"Imagem compartilhar whatsapp\"\/><\/p>\n<p>                <img data-recalc-dims=\"1\" loading=\"lazy\" decoding=\"async\" width=\"25\" height=\"25\" src=\"https:\/\/i0.wp.com\/francaclassificados.com\/\/source\/view\/img\/18w50.png?resize=25%2C25&#038;ssl=1\" alt=\"Imagem compartilhar facebook\"\/><\/p>\n<\/p><\/div>\n<p>    <script async=\"\" src=\"https:\/\/pagead2.googlesyndication.com\/pagead\/js\/adsbygoogle.js?client=ca-pub-2853392113352629\" crossorigin=\"anonymous\"\/>\n    <ins class=\"adsbygoogle\" style=\"display:block\" data-ad-client=\"ca-pub-2853392113352629\" data-ad-slot=\"2925831803\" data-ad-format=\"auto\" data-full-width-responsive=\"true\"\/>\n    <script><![CDATA[\n    (adsbygoogle = window.adsbygoogle || []).push({});\n    ]]><\/script><\/p>\n<div class=\"emp\">\n<p>\n            CONTADOR COM EXPERIENCIA LUCRO REAL<br \/>Empresa de m\u00e9dio porte contrata Contador qualificado e experiente para se juntar \u00e0 nossa equipe. O candidato ideal deve possuir ampla experi\u00eancia com o regime tribut\u00e1rio de Lucro Real, sendo capaz de realizar todas as obriga\u00e7\u00f5es cont\u00e1beis e fiscais relacionadas. Interessados enviar curr\u00edculo no WhatsApp (16) 3721 8372\n            <\/p>\n<p><strong>Compartilhe:<\/strong><\/p>\n<p>                <img data-recalc-dims=\"1\" loading=\"lazy\" decoding=\"async\" width=\"25\" height=\"25\" src=\"https:\/\/i0.wp.com\/francaclassificados.com\/\/source\/view\/img\/20w50.png?resize=25%2C25&#038;ssl=1\" alt=\"Imagem compartilhar whatsapp\"\/><\/p>\n<p>                <img data-recalc-dims=\"1\" loading=\"lazy\" decoding=\"async\" width=\"25\" height=\"25\" src=\"https:\/\/i0.wp.com\/francaclassificados.com\/\/source\/view\/img\/18w50.png?resize=25%2C25&#038;ssl=1\" alt=\"Imagem compartilhar facebook\"\/><\/p>\n<\/p><\/div>\n<div class=\"emp\">\n<p>\n            Contrata-se pespontador com experi\u00eancia nas imedia\u00e7\u00f5es do bairro aeroporto 2 ,, contato 992970320 Maur\u00edcio\n            <\/p>\n<p><strong>Compartilhe:<\/strong><\/p>\n<p>                <img data-recalc-dims=\"1\" loading=\"lazy\" decoding=\"async\" width=\"25\" height=\"25\" src=\"https:\/\/i0.wp.com\/francaclassificados.com\/\/source\/view\/img\/20w50.png?resize=25%2C25&#038;ssl=1\" alt=\"Imagem compartilhar whatsapp\"\/><\/p>\n<p>                <img data-recalc-dims=\"1\" loading=\"lazy\" decoding=\"async\" width=\"25\" height=\"25\" src=\"https:\/\/i0.wp.com\/francaclassificados.com\/\/source\/view\/img\/18w50.png?resize=25%2C25&#038;ssl=1\" alt=\"Imagem compartilhar facebook\"\/><\/p>\n<\/p><\/div>\n<p>    <script async=\"\" src=\"https:\/\/pagead2.googlesyndication.com\/pagead\/js\/adsbygoogle.js?client=ca-pub-2853392113352629\" crossorigin=\"anonymous\"\/>\n    <ins class=\"adsbygoogle\" style=\"display:block\" data-ad-client=\"ca-pub-2853392113352629\" data-ad-slot=\"2925831803\" data-ad-format=\"auto\" data-full-width-responsive=\"true\"\/>\n    <script><![CDATA[\n    (adsbygoogle = window.adsbygoogle || []).push({});\n    ]]><\/script><\/p>\n<div class=\"emp\">\n<p>\n            ARQUITETO<br \/>Empresa em plena expans\u00e3o contrata arquiteto(a). Necess\u00e1ria experi\u00eancia em projetos e obras. Apoio e suporte ao arquiteto, a diretoria e ao franqueado. Aux\u00edlio ao arquiteto na documenta\u00e7\u00e3o para legaliza\u00e7\u00e3o dos projetos; Capta\u00e7\u00e3o e sele\u00e7\u00e3o de im\u00f3veis fora de Franca, verifica\u00e7\u00e3o do existente, entre outras atividades que a \u00e1rea exige. Elabora\u00e7\u00e3o de apresenta\u00e7\u00f5es e relat\u00f3rios. Conhecimento em Autocad, SketchUp e Luminion. Disponibilidade para viagens. Enviar curr\u00edculo para: vagas.rec01@gmail.com\n            <\/p>\n<p><strong>Compartilhe:<\/strong><\/p>\n<p>                <img data-recalc-dims=\"1\" loading=\"lazy\" decoding=\"async\" width=\"25\" height=\"25\" src=\"https:\/\/i0.wp.com\/francaclassificados.com\/\/source\/view\/img\/20w50.png?resize=25%2C25&#038;ssl=1\" alt=\"Imagem compartilhar whatsapp\"\/><\/p>\n<p>                <img data-recalc-dims=\"1\" loading=\"lazy\" decoding=\"async\" width=\"25\" height=\"25\" src=\"https:\/\/i0.wp.com\/francaclassificados.com\/\/source\/view\/img\/18w50.png?resize=25%2C25&#038;ssl=1\" alt=\"Imagem compartilhar facebook\"\/><\/p>\n<\/p><\/div>\n<div class=\"emp\">\n<p>\n            ATENDENTES, SUSHIMAN E COZINHA<br \/>Com e sem experi\u00eancia, que tenham vontade de aprender, que gostem de trabalhar em equipe e com disponibilidade de hor\u00e1rio. Favor enviar os curr\u00edculos para o email grabin.com@uol.com.br, colocando no ASSUNTO DO E-MAIL o grau de experiencia na \u00e1rea (aprendiz ou experiente) e o CARGO PRETENDIDO. Oferemos treinamento, oportunidades de crescimento e benef\u00edcios<br \/>\n            <br \/>p.ln@uol.com.br\n            <\/p>\n<p><strong>Compartilhe:<\/strong><\/p>\n<p>                <img data-recalc-dims=\"1\" loading=\"lazy\" decoding=\"async\" width=\"25\" height=\"25\" src=\"https:\/\/i0.wp.com\/francaclassificados.com\/\/source\/view\/img\/20w50.png?resize=25%2C25&#038;ssl=1\" alt=\"Imagem compartilhar whatsapp\"\/><\/p>\n<p>                <img data-recalc-dims=\"1\" loading=\"lazy\" decoding=\"async\" width=\"25\" height=\"25\" src=\"https:\/\/i0.wp.com\/francaclassificados.com\/\/source\/view\/img\/18w50.png?resize=25%2C25&#038;ssl=1\" alt=\"Imagem compartilhar facebook\"\/><\/p>\n<\/p><\/div>\n<p>    <script async=\"\" src=\"https:\/\/pagead2.googlesyndication.com\/pagead\/js\/adsbygoogle.js?client=ca-pub-2853392113352629\" crossorigin=\"anonymous\"\/>\n    <ins class=\"adsbygoogle\" style=\"display:block\" data-ad-client=\"ca-pub-2853392113352629\" data-ad-slot=\"2925831803\" data-ad-format=\"auto\" data-full-width-responsive=\"true\"\/>\n    <script><![CDATA[\n    (adsbygoogle = window.adsbygoogle || []).push({});\n    ]]><\/script><\/p>\n<div class=\"emp\">\n<p>\n            PRENSEIRO DE ESTAMPAS (DTF)<br \/>REQUISITOS: ENSINO M\u00c9DIO COMPLETO \/ N\u00c3O \u00c9 NECESS\u00c1RIO TER EXPERI\u00caNCIA (CASO TENHA, SER\u00c1 UM DIFERENCIAL) \/ ORGANIZADO \/ PR\u00d3-ATIVO. HOR\u00c1RIO: SEGUNDA A SEXTA (07:30 \u00c0S 17:30). ENVIAR CURRICULO COM FOTO PARA: adm.recrutamentosd@gmail.com\n            <\/p>\n<p><strong>Compartilhe:<\/strong><\/p>\n<p>                <img data-recalc-dims=\"1\" loading=\"lazy\" decoding=\"async\" width=\"25\" height=\"25\" src=\"https:\/\/i0.wp.com\/francaclassificados.com\/\/source\/view\/img\/20w50.png?resize=25%2C25&#038;ssl=1\" alt=\"Imagem compartilhar whatsapp\"\/><\/p>\n<p>                <img data-recalc-dims=\"1\" loading=\"lazy\" decoding=\"async\" width=\"25\" height=\"25\" src=\"https:\/\/i0.wp.com\/francaclassificados.com\/\/source\/view\/img\/18w50.png?resize=25%2C25&#038;ssl=1\" alt=\"Imagem compartilhar facebook\"\/><\/p>\n<\/p><\/div>\n<div class=\"emp\">\n<p>\n            CONTRATA-SE PESSOAS COM EXPERI\u00caNCIA EM VENDAS ONLINE, ATENDIMENTO ON LINE, ESTOQUISTA\/EXPEDIDOR COM FOCO EM ORGANIZA\u00c7\u00c3O. CONHECIMENTO NAS PLATAFORMAS IRROBA, ZENDESK, CRM, BLING, SER\u00c1 UM DIFERENCIAL. INTERESSADOS ENVIAR CURRICULO PARA vagaseoportunidadescalcados@gmail.com\n            <\/p>\n<p><strong>Compartilhe:<\/strong><\/p>\n<p>                <img data-recalc-dims=\"1\" loading=\"lazy\" decoding=\"async\" width=\"25\" height=\"25\" src=\"https:\/\/i0.wp.com\/francaclassificados.com\/\/source\/view\/img\/20w50.png?resize=25%2C25&#038;ssl=1\" alt=\"Imagem compartilhar whatsapp\"\/><\/p>\n<p>                <img data-recalc-dims=\"1\" loading=\"lazy\" decoding=\"async\" width=\"25\" height=\"25\" src=\"https:\/\/i0.wp.com\/francaclassificados.com\/\/source\/view\/img\/18w50.png?resize=25%2C25&#038;ssl=1\" alt=\"Imagem compartilhar facebook\"\/><\/p>\n<\/p><\/div>\n<p>    <script async=\"\" src=\"https:\/\/pagead2.googlesyndication.com\/pagead\/js\/adsbygoogle.js?client=ca-pub-2853392113352629\" crossorigin=\"anonymous\"\/>\n    <ins class=\"adsbygoogle\" style=\"display:block\" data-ad-client=\"ca-pub-2853392113352629\" data-ad-slot=\"2925831803\" data-ad-format=\"auto\" data-full-width-responsive=\"true\"\/>\n    <script><![CDATA[\n    (adsbygoogle = window.adsbygoogle || []).push({});\n    ]]><\/script><\/p>\n<div class=\"emp\">\n<p>\n            DESIGNER E ANALISTA DE E-COMMERCE<br \/>Responsabilidades: Desenvolver estampas usando (Photoshop e Coreldraw); Criar, implementar e acompanhar an\u00fancios de e-commerce em plataformas como Mercado Livre, Shopee shein etc Requisitos: Experi\u00eancia comprovada em Photoshop e Coreldraw; Conhecimento em ferramentas de monitoramento e cria\u00e7\u00e3o de an\u00fancios do e-commerce; Familiaridade com t\u00e9cnicas de marketing digital, SEO Analytics e Google ADS para site pr\u00f3prio. Mandar curr\u00edculo para: contato.empresaMF@outlook.com\n            <\/p>\n<p><strong>Compartilhe:<\/strong><\/p>\n<p>                <img data-recalc-dims=\"1\" loading=\"lazy\" decoding=\"async\" width=\"25\" height=\"25\" src=\"https:\/\/i0.wp.com\/francaclassificados.com\/\/source\/view\/img\/20w50.png?resize=25%2C25&#038;ssl=1\" alt=\"Imagem compartilhar whatsapp\"\/><\/p>\n<p>                <img data-recalc-dims=\"1\" loading=\"lazy\" decoding=\"async\" width=\"25\" height=\"25\" src=\"https:\/\/i0.wp.com\/francaclassificados.com\/\/source\/view\/img\/18w50.png?resize=25%2C25&#038;ssl=1\" alt=\"Imagem compartilhar facebook\"\/><\/p>\n<\/p><\/div>\n<div class=\"emp\">\n<p>\n            VENDEDOR (A)<br \/>Estamos contratando vendedor(a) com experi\u00eancia. Se voc\u00ea tem habilidades de vendas, conhecimento e deseja fazer parte da Revest Pisos, esta \u00e9 a sua chance! Enviar curr\u00edculos para o whatsaap (16) 99232-8709\n            <\/p>\n<p><strong>Compartilhe:<\/strong><\/p>\n<p>                <img data-recalc-dims=\"1\" loading=\"lazy\" decoding=\"async\" width=\"25\" height=\"25\" src=\"https:\/\/i0.wp.com\/francaclassificados.com\/\/source\/view\/img\/20w50.png?resize=25%2C25&#038;ssl=1\" alt=\"Imagem compartilhar whatsapp\"\/><\/p>\n<p>                <img data-recalc-dims=\"1\" loading=\"lazy\" decoding=\"async\" width=\"25\" height=\"25\" src=\"https:\/\/i0.wp.com\/francaclassificados.com\/\/source\/view\/img\/18w50.png?resize=25%2C25&#038;ssl=1\" alt=\"Imagem compartilhar facebook\"\/><\/p>\n<\/p><\/div>\n<p>    <script async=\"\" src=\"https:\/\/pagead2.googlesyndication.com\/pagead\/js\/adsbygoogle.js?client=ca-pub-2853392113352629\" crossorigin=\"anonymous\"\/>\n    <ins class=\"adsbygoogle\" style=\"display:block\" data-ad-client=\"ca-pub-2853392113352629\" data-ad-slot=\"2925831803\" data-ad-format=\"auto\" data-full-width-responsive=\"true\"\/>\n    <script><![CDATA[\n    (adsbygoogle = window.adsbygoogle || []).push({});\n    ]]><\/script><\/p>\n<div class=\"emp\">\n<p>\n            COSTUREIRA (O)<br \/>Contrata-se Costureira (o) com experiencia para inicio imeditado. Salario fixo + vale transporte, de segunda a sexta feira.Interessados enviar curriculo para keepmoon.rh@yahoo.com ou WhatsApp (16) 99949-9908\n            <\/p>\n<p><strong>Compartilhe:<\/strong><\/p>\n<p>                <img data-recalc-dims=\"1\" loading=\"lazy\" decoding=\"async\" width=\"25\" height=\"25\" src=\"https:\/\/i0.wp.com\/francaclassificados.com\/\/source\/view\/img\/20w50.png?resize=25%2C25&#038;ssl=1\" alt=\"Imagem compartilhar whatsapp\"\/><\/p>\n<p>                <img data-recalc-dims=\"1\" loading=\"lazy\" decoding=\"async\" width=\"25\" height=\"25\" src=\"https:\/\/i0.wp.com\/francaclassificados.com\/\/source\/view\/img\/18w50.png?resize=25%2C25&#038;ssl=1\" alt=\"Imagem compartilhar facebook\"\/><\/p>\n<\/p><\/div>\n<div class=\"emp\">\n<p>\n            Contrata para inicio imediato profissional para area calcadista as seguintes fun\u00e7\u00f5es : FECHADOR DE LADO \/\/ MONTADOR MANUAL \/\/ MOLDADOR com pr\u00e1tica. Enviar curriculum para faktion@faktion.com.br\n            <\/p>\n<p><strong>Compartilhe:<\/strong><\/p>\n<p>                <img data-recalc-dims=\"1\" loading=\"lazy\" decoding=\"async\" width=\"25\" height=\"25\" src=\"https:\/\/i0.wp.com\/francaclassificados.com\/\/source\/view\/img\/20w50.png?resize=25%2C25&#038;ssl=1\" alt=\"Imagem compartilhar whatsapp\"\/><\/p>\n<p>                <img data-recalc-dims=\"1\" loading=\"lazy\" decoding=\"async\" width=\"25\" height=\"25\" src=\"https:\/\/i0.wp.com\/francaclassificados.com\/\/source\/view\/img\/18w50.png?resize=25%2C25&#038;ssl=1\" alt=\"Imagem compartilhar facebook\"\/><\/p>\n<\/p><\/div>\n<p>    <script async=\"\" src=\"https:\/\/pagead2.googlesyndication.com\/pagead\/js\/adsbygoogle.js?client=ca-pub-2853392113352629\" crossorigin=\"anonymous\"\/>\n    <ins class=\"adsbygoogle\" style=\"display:block\" data-ad-client=\"ca-pub-2853392113352629\" data-ad-slot=\"2925831803\" data-ad-format=\"auto\" data-full-width-responsive=\"true\"\/>\n    <script><![CDATA[\n    (adsbygoogle = window.adsbygoogle || []).push({});\n    ]]><\/script><\/p>\n<div class=\"emp\">\n<p>\n            CUIDADOR\/CUIDADORA DE IDOSOS<br \/>Contrata-se cuidador(a) de idosos para cuidar de idosa acamada, horario de trabalho de segunda a sexta, das 8:50 as 17:45, salario de R$1800, interessados enviar curriculo pelo WhatsApp 16 99284-5756\n            <\/p>\n<p><strong>Compartilhe:<\/strong><\/p>\n<p>                <img data-recalc-dims=\"1\" loading=\"lazy\" decoding=\"async\" width=\"25\" height=\"25\" src=\"https:\/\/i0.wp.com\/francaclassificados.com\/\/source\/view\/img\/20w50.png?resize=25%2C25&#038;ssl=1\" alt=\"Imagem compartilhar whatsapp\"\/><\/p>\n<p>                <img data-recalc-dims=\"1\" loading=\"lazy\" decoding=\"async\" width=\"25\" height=\"25\" src=\"https:\/\/i0.wp.com\/francaclassificados.com\/\/source\/view\/img\/18w50.png?resize=25%2C25&#038;ssl=1\" alt=\"Imagem compartilhar facebook\"\/><\/p>\n<\/p><\/div>\n<div class=\"emp\">\n<p>\n            VENDEDORA<br \/>Contrata-se vendedora para trabalhar em loja de lingerie. Necess\u00e1rio experi\u00eancia em vendas. Hor\u00e1rio comercial. In\u00edcio imediato. Interessados deixar curr\u00edculos no endere\u00e7o: Rua Eduardo Azzuz, 1391, Jd. \u00c9den, ou enviar para o email: abcurriculos@gmail.com.\n            <\/p>\n<p><strong>Compartilhe:<\/strong><\/p>\n<p>                <img data-recalc-dims=\"1\" loading=\"lazy\" decoding=\"async\" width=\"25\" height=\"25\" src=\"https:\/\/i0.wp.com\/francaclassificados.com\/\/source\/view\/img\/20w50.png?resize=25%2C25&#038;ssl=1\" alt=\"Imagem compartilhar whatsapp\"\/><\/p>\n<p>                <img data-recalc-dims=\"1\" loading=\"lazy\" decoding=\"async\" width=\"25\" height=\"25\" src=\"https:\/\/i0.wp.com\/francaclassificados.com\/\/source\/view\/img\/18w50.png?resize=25%2C25&#038;ssl=1\" alt=\"Imagem compartilhar facebook\"\/><\/p>\n<\/p><\/div>\n<p>    <script async=\"\" src=\"https:\/\/pagead2.googlesyndication.com\/pagead\/js\/adsbygoogle.js?client=ca-pub-2853392113352629\" crossorigin=\"anonymous\"\/>\n    <ins class=\"adsbygoogle\" style=\"display:block\" data-ad-client=\"ca-pub-2853392113352629\" data-ad-slot=\"2925831803\" data-ad-format=\"auto\" data-full-width-responsive=\"true\"\/>\n    <script><![CDATA[\n    (adsbygoogle = window.adsbygoogle || []).push({});\n    ]]><\/script><\/p>\n<div class=\"emp\">\n<p>\n            AUXILIAR ADMINISTRATIVO PARA E-COMMERCE<br \/>Conhecimento em emiss\u00e3o de notas fiscais. Acompanhamento de processos administrativos. Contas a receber, faturamento. Suporte ao almoxarifado. De segunda a sexta-feira. Enviar curriculo em PDF para curriculo@codigog.com.br\n            <\/p>\n<p><strong>Compartilhe:<\/strong><\/p>\n<p>                <img data-recalc-dims=\"1\" loading=\"lazy\" decoding=\"async\" width=\"25\" height=\"25\" src=\"https:\/\/i0.wp.com\/francaclassificados.com\/\/source\/view\/img\/20w50.png?resize=25%2C25&#038;ssl=1\" alt=\"Imagem compartilhar whatsapp\"\/><\/p>\n<p>                <img data-recalc-dims=\"1\" loading=\"lazy\" decoding=\"async\" width=\"25\" height=\"25\" src=\"https:\/\/i0.wp.com\/francaclassificados.com\/\/source\/view\/img\/18w50.png?resize=25%2C25&#038;ssl=1\" alt=\"Imagem compartilhar facebook\"\/><\/p>\n<\/p><\/div>\n<div class=\"emp\">\n<p>\n            SERRALHEIRO - EMP. PLACAS DE SINALIZA\u00c7\u00c3O<br \/>Contrata-se com experi\u00eancia na fun\u00e7\u00e3o. Habilidades com Solda MIG. Capacidade de compreender desenhos t\u00e9cnicos e fabricar produtos de acordo com especifica\u00e7\u00e3o. Necess\u00e1rio CNH B para pequenas viagens na regi\u00e3o (ida e volta). Sal\u00e1rio CLT: R$ 2750,00 + R$ 250,00 ajuda de custo. Interessados, encaminhar CV at\u00e9 dia 05\/07 c\/ assunto \"Serralheiro\" para vagas@rmconsultoriagp.com.br\n            <\/p>\n<p><strong>Compartilhe:<\/strong><\/p>\n<p>                <img data-recalc-dims=\"1\" loading=\"lazy\" decoding=\"async\" width=\"25\" height=\"25\" src=\"https:\/\/i0.wp.com\/francaclassificados.com\/\/source\/view\/img\/20w50.png?resize=25%2C25&#038;ssl=1\" alt=\"Imagem compartilhar whatsapp\"\/><\/p>\n<p>                <img data-recalc-dims=\"1\" loading=\"lazy\" decoding=\"async\" width=\"25\" height=\"25\" src=\"https:\/\/i0.wp.com\/francaclassificados.com\/\/source\/view\/img\/18w50.png?resize=25%2C25&#038;ssl=1\" alt=\"Imagem compartilhar facebook\"\/><\/p>\n<\/p><\/div>\n<p>    <script async=\"\" src=\"https:\/\/pagead2.googlesyndication.com\/pagead\/js\/adsbygoogle.js?client=ca-pub-2853392113352629\" crossorigin=\"anonymous\"\/>\n    <ins class=\"adsbygoogle\" style=\"display:block\" data-ad-client=\"ca-pub-2853392113352629\" data-ad-slot=\"2925831803\" data-ad-format=\"auto\" data-full-width-responsive=\"true\"\/>\n    <script><![CDATA[\n    (adsbygoogle = window.adsbygoogle || []).push({});\n    ]]><\/script><\/p>\n<div class=\"emp\">\n<p>\n            GERENTE PARA ECOMERCE E ESTAMPARIA<br \/>Com experi\u00eancia em Ecomerce ou em estamparia,entra em contato pelo WhatsApp 16993121442\n            <\/p>\n<p><strong>Compartilhe:<\/strong><\/p>\n<p>                <img data-recalc-dims=\"1\" loading=\"lazy\" decoding=\"async\" width=\"25\" height=\"25\" src=\"https:\/\/i0.wp.com\/francaclassificados.com\/\/source\/view\/img\/20w50.png?resize=25%2C25&#038;ssl=1\" alt=\"Imagem compartilhar whatsapp\"\/><\/p>\n<p>                <img data-recalc-dims=\"1\" loading=\"lazy\" decoding=\"async\" width=\"25\" height=\"25\" src=\"https:\/\/i0.wp.com\/francaclassificados.com\/\/source\/view\/img\/18w50.png?resize=25%2C25&#038;ssl=1\" alt=\"Imagem compartilhar facebook\"\/><\/p>\n<\/p><\/div>\n<div class=\"emp\">\n<p>\n            AUXILIAR DE ENGENHARIA<br \/>Contrata-se auxiliar de Engenharia.Sexo Masculino, Rec\u00e9m formado em Engenharia ou Arquitetura. Necess\u00e1rio conhecimento b\u00e1sico no programa AutoCad e no Pacote Office: Windows, Word e Excel. Que possua CNH AB. Que seja uma pessoa disposta a aprender, que seja pr\u00f3-ativo e organizado. Interessados, enviar curr\u00edculo para o e-mail: atendimentofranca.adm@gmail.com - Colocar no assunto: AUXILIAR DE ENGENHARIA.\n            <\/p>\n<p><strong>Compartilhe:<\/strong><\/p>\n<p>                <img data-recalc-dims=\"1\" loading=\"lazy\" decoding=\"async\" width=\"25\" height=\"25\" src=\"https:\/\/i0.wp.com\/francaclassificados.com\/\/source\/view\/img\/20w50.png?resize=25%2C25&#038;ssl=1\" alt=\"Imagem compartilhar whatsapp\"\/><\/p>\n<p>                <img data-recalc-dims=\"1\" loading=\"lazy\" decoding=\"async\" width=\"25\" height=\"25\" src=\"https:\/\/i0.wp.com\/francaclassificados.com\/\/source\/view\/img\/18w50.png?resize=25%2C25&#038;ssl=1\" alt=\"Imagem compartilhar facebook\"\/><\/p>\n<\/p><\/div>\n<p>    <script async=\"\" src=\"https:\/\/pagead2.googlesyndication.com\/pagead\/js\/adsbygoogle.js?client=ca-pub-2853392113352629\" crossorigin=\"anonymous\"\/>\n    <ins class=\"adsbygoogle\" style=\"display:block\" data-ad-client=\"ca-pub-2853392113352629\" data-ad-slot=\"2925831803\" data-ad-format=\"auto\" data-full-width-responsive=\"true\"\/>\n    <script><![CDATA[\n    (adsbygoogle = window.adsbygoogle || []).push({});\n    ]]><\/script><\/p>\n<div class=\"emp\">\n<p>\n            AUXILIAR DE PRODU\u00c7\u00c3O NOTURNO<br \/>Contrata AUXILIAR DE PRODU\u00c7\u00c3O NOTURNO: -Ser proativo e Flex\u00edvel; Requisitos -Ter vontade de aprender a operar maquinas e trabalhar em Industria; -Diferencial morar nas imedia\u00e7\u00f5es do Distrito ou ter condu\u00e7ao propria -trabalho de segunda a sexta feira. Das 14:43 a 00:03 MANDAR CURRICULO NO EMAIL recrutamento@harus.ind.br COM O ASSUNTO \"AUXILIAR DE PRODU\u00c7\u00c3O NOTUNO\"\n            <\/p>\n<p><strong>Compartilhe:<\/strong><\/p>\n<p>                <img data-recalc-dims=\"1\" loading=\"lazy\" decoding=\"async\" width=\"25\" height=\"25\" src=\"https:\/\/i0.wp.com\/francaclassificados.com\/\/source\/view\/img\/20w50.png?resize=25%2C25&#038;ssl=1\" alt=\"Imagem compartilhar whatsapp\"\/><\/p>\n<p>                <img data-recalc-dims=\"1\" loading=\"lazy\" decoding=\"async\" width=\"25\" height=\"25\" src=\"https:\/\/i0.wp.com\/francaclassificados.com\/\/source\/view\/img\/18w50.png?resize=25%2C25&#038;ssl=1\" alt=\"Imagem compartilhar facebook\"\/><\/p>\n<\/p><\/div>\n<div class=\"emp\"><!--03\/07--><\/p>\n<p>\n            Contrata-se AUXILIAR DE LIMPEZA, para realizar a limpeza e higieniza\u00e7\u00e3o do ambiente. <br \/>Interessados enviar curr\u00edculo para race.logistica@gmail.com ou entregar pessoalmente no endere\u00e7o: Av Wilson S\u00e1bio de Melo, 2710 - Distrito Industrial.\n            <\/p>\n<p><strong>Compartilhe:<\/strong><\/p>\n<p>                <img data-recalc-dims=\"1\" loading=\"lazy\" decoding=\"async\" width=\"25\" height=\"25\" src=\"https:\/\/i0.wp.com\/francaclassificados.com\/\/source\/view\/img\/20w50.png?resize=25%2C25&#038;ssl=1\" alt=\"Imagem compartilhar whatsapp\"\/><\/p>\n<p>                <img data-recalc-dims=\"1\" loading=\"lazy\" decoding=\"async\" width=\"25\" height=\"25\" src=\"https:\/\/i0.wp.com\/francaclassificados.com\/\/source\/view\/img\/18w50.png?resize=25%2C25&#038;ssl=1\" alt=\"Imagem compartilhar facebook\"\/><\/p>\n<\/p><\/div>\n<p>    <script async=\"\" src=\"https:\/\/pagead2.googlesyndication.com\/pagead\/js\/adsbygoogle.js?client=ca-pub-2853392113352629\" crossorigin=\"anonymous\"\/>\n    <ins class=\"adsbygoogle\" style=\"display:block\" data-ad-client=\"ca-pub-2853392113352629\" data-ad-slot=\"2925831803\" data-ad-format=\"auto\" data-full-width-responsive=\"true\"\/>\n    <script><![CDATA[\n    (adsbygoogle = window.adsbygoogle || []).push({});\n    ]]><\/script><\/p>\n<div class=\"emp\"><!--02\/07--><\/p>\n<p>\n            Atendente de farm\u00e1cia<br \/>Requisitos:<br \/>Ensino fundamental completo<br \/>Proativo <br \/>Respons\u00e1vel<br \/>Diferencial<br \/>Curso na \u00e1rea<br \/>Experi\u00eancia com farm\u00e1cia<br \/>Conhecimento em medica\u00e7\u00f5es<br \/>Interessados enviar curr\u00edculo para:<br \/>novamodernadrogaria@gmail.com\n            <\/p>\n<p><strong>Compartilhe:<\/strong><\/p>\n<p>                <img data-recalc-dims=\"1\" loading=\"lazy\" decoding=\"async\" width=\"25\" height=\"25\" src=\"https:\/\/i0.wp.com\/francaclassificados.com\/\/source\/view\/img\/20w50.png?resize=25%2C25&#038;ssl=1\" alt=\"Imagem compartilhar whatsapp\"\/><\/p>\n<p>                <img data-recalc-dims=\"1\" loading=\"lazy\" decoding=\"async\" width=\"25\" height=\"25\" src=\"https:\/\/i0.wp.com\/francaclassificados.com\/\/source\/view\/img\/18w50.png?resize=25%2C25&#038;ssl=1\" alt=\"Imagem compartilhar facebook\"\/><\/p>\n<\/p><\/div>\n<div class=\"emp\"><!--01\/07--><\/p>\n<p>\n            Atendente de Restaurante <br \/>Descri\u00e7\u00e3o: Vaga para atendente de restaurante noturno.<br \/>Requisitos: ter acima de 18 anos <br \/>Forma(s) de contato 016 99786-4564\n            <\/p>\n<p><strong>Compartilhe:<\/strong><\/p>\n<p>                <img data-recalc-dims=\"1\" loading=\"lazy\" decoding=\"async\" width=\"25\" height=\"25\" src=\"https:\/\/i0.wp.com\/francaclassificados.com\/\/source\/view\/img\/20w50.png?resize=25%2C25&#038;ssl=1\" alt=\"Imagem compartilhar whatsapp\"\/><\/p>\n<p>                <img data-recalc-dims=\"1\" loading=\"lazy\" decoding=\"async\" width=\"25\" height=\"25\" src=\"https:\/\/i0.wp.com\/francaclassificados.com\/\/source\/view\/img\/18w50.png?resize=25%2C25&#038;ssl=1\" alt=\"Imagem compartilhar facebook\"\/><\/p>\n<\/p><\/div>\n<p>    <script async=\"\" src=\"https:\/\/pagead2.googlesyndication.com\/pagead\/js\/adsbygoogle.js?client=ca-pub-2853392113352629\" crossorigin=\"anonymous\"\/>\n    <ins class=\"adsbygoogle\" style=\"display:block\" data-ad-client=\"ca-pub-2853392113352629\" data-ad-slot=\"2925831803\" data-ad-format=\"auto\" data-full-width-responsive=\"true\"\/>\n    <script><![CDATA[\n    (adsbygoogle = window.adsbygoogle || []).push({});\n    ]]><\/script><\/p>\n<div class=\"emp\"><!--28\/06--><\/p>\n<p>\n            O CEI Maria da Cruz, est\u00e1 admitindo auxiliar de apoio pegag\u00f3gico.<br \/>\u00e8 necess\u00e1rio forma\u00e7\u00e3o completa em pedagogia.<br \/>Interessados entragar curr\u00edculo no endere\u00e7o abaixo:<br \/>Rua: Maria Barini, n\u00b03290 - Vila Formosa<br \/>Ou enviar curr\u00edculo para:<br \/>crechemariadacruz@hotmail.com\n            <\/p>\n<p><strong>Compartilhe:<\/strong><\/p>\n<p>                <img data-recalc-dims=\"1\" loading=\"lazy\" decoding=\"async\" width=\"25\" height=\"25\" src=\"https:\/\/i0.wp.com\/francaclassificados.com\/\/source\/view\/img\/20w50.png?resize=25%2C25&#038;ssl=1\" alt=\"Imagem compartilhar whatsapp\"\/><\/p>\n<p>                <img data-recalc-dims=\"1\" loading=\"lazy\" decoding=\"async\" width=\"25\" height=\"25\" src=\"https:\/\/i0.wp.com\/francaclassificados.com\/\/source\/view\/img\/18w50.png?resize=25%2C25&#038;ssl=1\" alt=\"Imagem compartilhar facebook\"\/><\/p>\n<\/p><\/div>\n<div class=\"emp\"><!--25\/06--><\/p>\n<p>\n            Contrata-se carpinteiro<br \/>Interessados enviar curr\u00edculo para:<br \/>sirlei@petraeng.com.br\n            <\/p>\n<p><strong>Compartilhe:<\/strong><\/p>\n<p>                <img data-recalc-dims=\"1\" loading=\"lazy\" decoding=\"async\" width=\"25\" height=\"25\" src=\"https:\/\/i0.wp.com\/francaclassificados.com\/\/source\/view\/img\/20w50.png?resize=25%2C25&#038;ssl=1\" alt=\"Imagem compartilhar whatsapp\"\/><\/p>\n<p>                <img data-recalc-dims=\"1\" loading=\"lazy\" decoding=\"async\" width=\"25\" height=\"25\" src=\"https:\/\/i0.wp.com\/francaclassificados.com\/\/source\/view\/img\/18w50.png?resize=25%2C25&#038;ssl=1\" alt=\"Imagem compartilhar facebook\"\/><\/p>\n<\/p><\/div>\n<p>    <script async=\"\" src=\"https:\/\/pagead2.googlesyndication.com\/pagead\/js\/adsbygoogle.js?client=ca-pub-2853392113352629\" crossorigin=\"anonymous\"\/>\n    <ins class=\"adsbygoogle\" style=\"display:block\" data-ad-client=\"ca-pub-2853392113352629\" data-ad-slot=\"2925831803\" data-ad-format=\"auto\" data-full-width-responsive=\"true\"\/>\n    <script><![CDATA[\n    (adsbygoogle = window.adsbygoogle || []).push({});\n    ]]><\/script><\/p>\n<div class=\"emp\"><!--25\/06--><\/p>\n<p>\n            Contrata-se Encarregado de hidr\u00e1ulica<br \/>Interessados enviar curr\u00edculo para:<br \/>sirlei@petraeng.com.br\n            <\/p>\n<p><strong>Compartilhe:<\/strong><\/p>\n<p>                <img data-recalc-dims=\"1\" loading=\"lazy\" decoding=\"async\" width=\"25\" height=\"25\" src=\"https:\/\/i0.wp.com\/francaclassificados.com\/\/source\/view\/img\/20w50.png?resize=25%2C25&#038;ssl=1\" alt=\"Imagem compartilhar whatsapp\"\/><\/p>\n<p>                <img data-recalc-dims=\"1\" loading=\"lazy\" decoding=\"async\" width=\"25\" height=\"25\" src=\"https:\/\/i0.wp.com\/francaclassificados.com\/\/source\/view\/img\/18w50.png?resize=25%2C25&#038;ssl=1\" alt=\"Imagem compartilhar facebook\"\/><\/p>\n<\/p><\/div>\n<div class=\"emp\"><!--25\/06--><\/p>\n<p>\n            Contrata-se Pedreiro de reboco<br \/>Interessados enviar curr\u00edculo para:<br \/>sirlei@petraeng.com.br\n            <\/p>\n<p><strong>Compartilhe:<\/strong><\/p>\n<p>                <img data-recalc-dims=\"1\" loading=\"lazy\" decoding=\"async\" width=\"25\" height=\"25\" src=\"https:\/\/i0.wp.com\/francaclassificados.com\/\/source\/view\/img\/20w50.png?resize=25%2C25&#038;ssl=1\" alt=\"Imagem compartilhar whatsapp\"\/><\/p>\n<p>                <img data-recalc-dims=\"1\" loading=\"lazy\" decoding=\"async\" width=\"25\" height=\"25\" src=\"https:\/\/i0.wp.com\/francaclassificados.com\/\/source\/view\/img\/18w50.png?resize=25%2C25&#038;ssl=1\" alt=\"Imagem compartilhar facebook\"\/><\/p>\n<\/p><\/div>\n<p>    <script async=\"\" src=\"https:\/\/pagead2.googlesyndication.com\/pagead\/js\/adsbygoogle.js?client=ca-pub-2853392113352629\" crossorigin=\"anonymous\"\/>\n    <ins class=\"adsbygoogle\" style=\"display:block\" data-ad-client=\"ca-pub-2853392113352629\" data-ad-slot=\"2925831803\" data-ad-format=\"auto\" data-full-width-responsive=\"true\"\/>\n    <script><![CDATA[\n    (adsbygoogle = window.adsbygoogle || []).push({});\n    ]]><\/script><\/p>\n<div class=\"emp\"><!--25\/06--><\/p>\n<p>\n            Contrata-se Servente de obras<br \/>Interessados enviar curr\u00edculo para:<br \/>sirlei@petraeng.com.br\n            <\/p>\n<p><strong>Compartilhe:<\/strong><\/p>\n<p>                <img data-recalc-dims=\"1\" loading=\"lazy\" decoding=\"async\" width=\"25\" height=\"25\" src=\"https:\/\/i0.wp.com\/francaclassificados.com\/\/source\/view\/img\/20w50.png?resize=25%2C25&#038;ssl=1\" alt=\"Imagem compartilhar whatsapp\"\/><\/p>\n<p>                <img data-recalc-dims=\"1\" loading=\"lazy\" decoding=\"async\" width=\"25\" height=\"25\" src=\"https:\/\/i0.wp.com\/francaclassificados.com\/\/source\/view\/img\/18w50.png?resize=25%2C25&#038;ssl=1\" alt=\"Imagem compartilhar facebook\"\/><\/p>\n<\/p><\/div>\n<div class=\"emp\"><!--21\/06--><\/p>\n<p>\n            Contrata-se para trabalhar em f\u00e1brica de solados: <br \/>\u2022Operador de injetora<br \/>Requisitos: experi\u00eancia, trabalho em equipe e compromisso.<br \/>SAL\u00c1RIO + VALE ALIMENTA\u00c7\u00c3O + CESTA B\u00c1SICA <br \/>Favor deixar curr\u00edculo na Rua Elvio Pucci,240 - distrito industrial.\n            <\/p>\n<p><strong>Compartilhe:<\/strong><\/p>\n<p>                <img data-recalc-dims=\"1\" loading=\"lazy\" decoding=\"async\" width=\"25\" height=\"25\" src=\"https:\/\/i0.wp.com\/francaclassificados.com\/\/source\/view\/img\/20w50.png?resize=25%2C25&#038;ssl=1\" alt=\"Imagem compartilhar whatsapp\"\/><\/p>\n<p>                <img data-recalc-dims=\"1\" loading=\"lazy\" decoding=\"async\" width=\"25\" height=\"25\" src=\"https:\/\/i0.wp.com\/francaclassificados.com\/\/source\/view\/img\/18w50.png?resize=25%2C25&#038;ssl=1\" alt=\"Imagem compartilhar facebook\"\/><\/p>\n<\/p><\/div>\n<p>    <script async=\"\" src=\"https:\/\/pagead2.googlesyndication.com\/pagead\/js\/adsbygoogle.js?client=ca-pub-2853392113352629\" crossorigin=\"anonymous\"\/>\n    <ins class=\"adsbygoogle\" style=\"display:block\" data-ad-client=\"ca-pub-2853392113352629\" data-ad-slot=\"2925831803\" data-ad-format=\"auto\" data-full-width-responsive=\"true\"\/>\n    <script><![CDATA[\n    (adsbygoogle = window.adsbygoogle || []).push({});\n    ]]><\/script><\/p>\n<div class=\"emp\"><!--20\/06--><\/p>\n<p>\n            EMPRESA DE GRANDE PORTE ABRE VAGAS PARA:<br \/>\u00b0  AUXILIAR OPERACIONAL<br \/>\u00b0  ENCARREGADO OPERACIONAL<br \/>\u00b0  EXPEDI\u00c7AO<br \/>\u00b0 AGREGADOS CAMINHAO \u00be, TOCO, TRUCK<br \/>Enviar curr\u00edculos para:<br \/>WhatsApp (16)99986-3340 ou<br \/>administrativoop@naderlogistica.com.br\n            <\/p>\n<p><strong>Compartilhe:<\/strong><\/p>\n<p>                <img data-recalc-dims=\"1\" loading=\"lazy\" decoding=\"async\" width=\"25\" height=\"25\" src=\"https:\/\/i0.wp.com\/francaclassificados.com\/\/source\/view\/img\/20w50.png?resize=25%2C25&#038;ssl=1\" alt=\"Imagem compartilhar whatsapp\"\/><\/p>\n<p>                <img data-recalc-dims=\"1\" loading=\"lazy\" decoding=\"async\" width=\"25\" height=\"25\" src=\"https:\/\/i0.wp.com\/francaclassificados.com\/\/source\/view\/img\/18w50.png?resize=25%2C25&#038;ssl=1\" alt=\"Imagem compartilhar facebook\"\/><\/p>\n<\/p><\/div>\n<div class=\"emp\"><!--20\/06--><\/p>\n<p>\n            Hotel contrata recepcionista noturno masculino<br \/>Hor\u00e1rio 12x36<br \/>Interessados enviar curr\u00edculo para:<br \/>josue@imperadorpalace.com.br\n            <\/p>\n<p><strong>Compartilhe:<\/strong><\/p>\n<p>                <img data-recalc-dims=\"1\" loading=\"lazy\" decoding=\"async\" width=\"25\" height=\"25\" src=\"https:\/\/i0.wp.com\/francaclassificados.com\/\/source\/view\/img\/20w50.png?resize=25%2C25&#038;ssl=1\" alt=\"Imagem compartilhar whatsapp\"\/><\/p>\n<p>                <img data-recalc-dims=\"1\" loading=\"lazy\" decoding=\"async\" width=\"25\" height=\"25\" src=\"https:\/\/i0.wp.com\/francaclassificados.com\/\/source\/view\/img\/18w50.png?resize=25%2C25&#038;ssl=1\" alt=\"Imagem compartilhar facebook\"\/><\/p>\n<\/p><\/div>\n<p>    <script async=\"\" src=\"https:\/\/pagead2.googlesyndication.com\/pagead\/js\/adsbygoogle.js?client=ca-pub-2853392113352629\" crossorigin=\"anonymous\"\/>\n    <ins class=\"adsbygoogle\" style=\"display:block\" data-ad-client=\"ca-pub-2853392113352629\" data-ad-slot=\"2925831803\" data-ad-format=\"auto\" data-full-width-responsive=\"true\"\/>\n    <script><![CDATA[\n    (adsbygoogle = window.adsbygoogle || []).push({});\n    ]]><\/script><\/p>\n<div class=\"emp\">\n<p>\n            PRECISA-SE DE PASSADEIRA DE COLA COM URGENCIA \u2013 AV. PROF HILARIO GIOVANELLA, 223 \u2013 DISTRITO INDUSTRIAL.\n            <\/p>\n<p><strong>Compartilhe:<\/strong><\/p>\n<p>                <img data-recalc-dims=\"1\" loading=\"lazy\" decoding=\"async\" width=\"25\" height=\"25\" src=\"https:\/\/i0.wp.com\/francaclassificados.com\/\/source\/view\/img\/20w50.png?resize=25%2C25&#038;ssl=1\" alt=\"Imagem compartilhar whatsapp\"\/><\/p>\n<p>                <img data-recalc-dims=\"1\" loading=\"lazy\" decoding=\"async\" width=\"25\" height=\"25\" src=\"https:\/\/i0.wp.com\/francaclassificados.com\/\/source\/view\/img\/18w50.png?resize=25%2C25&#038;ssl=1\" alt=\"Imagem compartilhar facebook\"\/><\/p>\n<\/p><\/div>\n<div class=\"emp\">\n<p>\n            PRECISA-SE DE DOM\u00c9STICA COM REFER\u00caNCIA, DE PREFER\u00caNCIA QUE MORE NAS IMEDIA\u00c7\u00d5ES DO BAIRRO S\u00c3O JOS\u00c9 \u2013 TRATAR COM CARLOS PELO WHATSAPP 16 99414-7777.\n            <\/p>\n<p><strong>Compartilhe:<\/strong><\/p>\n<p>                <img data-recalc-dims=\"1\" loading=\"lazy\" decoding=\"async\" width=\"25\" height=\"25\" src=\"https:\/\/i0.wp.com\/francaclassificados.com\/\/source\/view\/img\/20w50.png?resize=25%2C25&#038;ssl=1\" alt=\"Imagem compartilhar whatsapp\"\/><\/p>\n<p>                <img data-recalc-dims=\"1\" loading=\"lazy\" decoding=\"async\" width=\"25\" height=\"25\" src=\"https:\/\/i0.wp.com\/francaclassificados.com\/\/source\/view\/img\/18w50.png?resize=25%2C25&#038;ssl=1\" alt=\"Imagem compartilhar facebook\"\/><\/p>\n<\/p><\/div>\n<p>    <script async=\"\" src=\"https:\/\/pagead2.googlesyndication.com\/pagead\/js\/adsbygoogle.js?client=ca-pub-2853392113352629\" crossorigin=\"anonymous\"\/>\n    <ins class=\"adsbygoogle\" style=\"display:block\" data-ad-client=\"ca-pub-2853392113352629\" data-ad-slot=\"2925831803\" data-ad-format=\"auto\" data-full-width-responsive=\"true\"\/>\n    <script><![CDATA[\n    (adsbygoogle = window.adsbygoogle || []).push({});\n    ]]><\/script><\/p>\n<div class=\"emp\">\n<p>\n            PRECISA-SE DE MOTORISTA DE CAMINH\u00c3O, CATEGORIA D COM DISPONIBILIDADE PARA POUSO E INICIO IMEDIATO. ENTREGAS SEM AJUDANTE. ENVIAR CURR\u00cdCULO NO WHATSAPP 16 3720-6202.\n            <\/p>\n<p><strong>Compartilhe:<\/strong><\/p>\n<p>                <img data-recalc-dims=\"1\" loading=\"lazy\" decoding=\"async\" width=\"25\" height=\"25\" src=\"https:\/\/i0.wp.com\/francaclassificados.com\/\/source\/view\/img\/20w50.png?resize=25%2C25&#038;ssl=1\" alt=\"Imagem compartilhar whatsapp\"\/><\/p>\n<p>                <img data-recalc-dims=\"1\" loading=\"lazy\" decoding=\"async\" width=\"25\" height=\"25\" src=\"https:\/\/i0.wp.com\/francaclassificados.com\/\/source\/view\/img\/18w50.png?resize=25%2C25&#038;ssl=1\" alt=\"Imagem compartilhar facebook\"\/><\/p>\n<\/p><\/div>\n<div class=\"emp\">\n<p>\n            PRECISA-SE DE PROMOTOR DE VENDAS, PARA DIRIGIR MOTO E VISITAR CLIENTES NA REGI\u00c3O, HABILITA\u00c7\u00c3O A\/B INDISPENS\u00c1VEL, TRABALHO INTEGRAL CLT. ENVIAR CURR\u00cdCULO NO WHATSAPP 16 3720-6202.\n            <\/p>\n<p><strong>Compartilhe:<\/strong><\/p>\n<p>                <img data-recalc-dims=\"1\" loading=\"lazy\" decoding=\"async\" width=\"25\" height=\"25\" src=\"https:\/\/i0.wp.com\/francaclassificados.com\/\/source\/view\/img\/20w50.png?resize=25%2C25&#038;ssl=1\" alt=\"Imagem compartilhar whatsapp\"\/><\/p>\n<p>                <img data-recalc-dims=\"1\" loading=\"lazy\" decoding=\"async\" width=\"25\" height=\"25\" src=\"https:\/\/i0.wp.com\/francaclassificados.com\/\/source\/view\/img\/18w50.png?resize=25%2C25&#038;ssl=1\" alt=\"Imagem compartilhar facebook\"\/><\/p>\n<\/p><\/div>\n<p>    <script async=\"\" src=\"https:\/\/pagead2.googlesyndication.com\/pagead\/js\/adsbygoogle.js?client=ca-pub-2853392113352629\" crossorigin=\"anonymous\"\/>\n    <ins class=\"adsbygoogle\" style=\"display:block\" data-ad-client=\"ca-pub-2853392113352629\" data-ad-slot=\"2925831803\" data-ad-format=\"auto\" data-full-width-responsive=\"true\"\/>\n    <script><![CDATA[\n    (adsbygoogle = window.adsbygoogle || []).push({});\n    ]]><\/script><\/p>\n<div class=\"emp\">\n<p>\n            PRECISA-SE DE ATENDENTE DE BALC\u00c3O, TURNO DE 6 HORAS, DAS 15H30 \u00c0S 22H30, COM 30 MINUTOS DE INTERVALO, DE SEGUNDA A DOMINGO, COM UMA FOLGA FIXA NA SEMANA E 1 DOMINGO POR M\u00caS. OFERECEMOS BENEF\u00cdCIOS COMO VALE-TRANSPORTE, CONV\u00caNIO M\u00c9DICO E ODONTOL\u00d3GICO, AL\u00c9M DO VALE REFEI\u00c7\u00c3O. ENVIE SEU CURR\u00cdCULO PARA VAGASRECONECT@GMAIL.COM COM O T\u00cdTULO \u201cATENDENTE BALC\u00c3O\u201d OU VIA WHATSAPP PARA 16 99465-3317.\n            <\/p>\n<p><strong>Compartilhe:<\/strong><\/p>\n<p>                <img data-recalc-dims=\"1\" loading=\"lazy\" decoding=\"async\" width=\"25\" height=\"25\" src=\"https:\/\/i0.wp.com\/francaclassificados.com\/\/source\/view\/img\/20w50.png?resize=25%2C25&#038;ssl=1\" alt=\"Imagem compartilhar whatsapp\"\/><\/p>\n<p>                <img data-recalc-dims=\"1\" loading=\"lazy\" decoding=\"async\" width=\"25\" height=\"25\" src=\"https:\/\/i0.wp.com\/francaclassificados.com\/\/source\/view\/img\/18w50.png?resize=25%2C25&#038;ssl=1\" alt=\"Imagem compartilhar facebook\"\/><\/p>\n<\/p><\/div>\n<div class=\"emp\">\n<p>\n            PRECISA-SE DE BANCA DE PESPONTO PARA SAPATOS MASCULINOS E FEMININOS (BOTAS, SANDALIAS ETC..) E CORTADOR NO BALANCIM DE PREFER\u00caNCIA APOSENTADO, SERVI\u00c7O O ANO TODO. INTERESSADOS RH.CFTCALCADOS@GMAIL.COM OU NO WHATSAPP 16 99336-0695.\n            <\/p>\n<p><strong>Compartilhe:<\/strong><\/p>\n<p>                <img data-recalc-dims=\"1\" loading=\"lazy\" decoding=\"async\" width=\"25\" height=\"25\" src=\"https:\/\/i0.wp.com\/francaclassificados.com\/\/source\/view\/img\/20w50.png?resize=25%2C25&#038;ssl=1\" alt=\"Imagem compartilhar whatsapp\"\/><\/p>\n<p>                <img data-recalc-dims=\"1\" loading=\"lazy\" decoding=\"async\" width=\"25\" height=\"25\" src=\"https:\/\/i0.wp.com\/francaclassificados.com\/\/source\/view\/img\/18w50.png?resize=25%2C25&#038;ssl=1\" alt=\"Imagem compartilhar facebook\"\/><\/p>\n<\/p><\/div>\n<p>    <script async=\"\" src=\"https:\/\/pagead2.googlesyndication.com\/pagead\/js\/adsbygoogle.js?client=ca-pub-2853392113352629\" crossorigin=\"anonymous\"\/>\n    <ins class=\"adsbygoogle\" style=\"display:block\" data-ad-client=\"ca-pub-2853392113352629\" data-ad-slot=\"2925831803\" data-ad-format=\"auto\" data-full-width-responsive=\"true\"\/>\n    <script><![CDATA[\n    (adsbygoogle = window.adsbygoogle || []).push({});\n    ]]><\/script><\/p>\n<div class=\"emp\">\n<p>\n            PRECISA-SE DE COLADEIRA DE PE\u00c7AS \u2013 RUA ANA MARIA BONETI, 951 \u2013 JD. CAMBUI.\n            <\/p>\n<p><strong>Compartilhe:<\/strong><\/p>\n<p>                <img data-recalc-dims=\"1\" loading=\"lazy\" decoding=\"async\" width=\"25\" height=\"25\" src=\"https:\/\/i0.wp.com\/francaclassificados.com\/\/source\/view\/img\/20w50.png?resize=25%2C25&#038;ssl=1\" alt=\"Imagem compartilhar whatsapp\"\/><\/p>\n<p>                <img data-recalc-dims=\"1\" loading=\"lazy\" decoding=\"async\" width=\"25\" height=\"25\" src=\"https:\/\/i0.wp.com\/francaclassificados.com\/\/source\/view\/img\/18w50.png?resize=25%2C25&#038;ssl=1\" alt=\"Imagem compartilhar facebook\"\/><\/p>\n<\/p><\/div>\n<div class=\"emp\">\n<p>\n            PRECISA-SE DE MEC\u00c2NICO COM PR\u00c1TICA. LEVAR CURR\u00cdCULO RUA RUA DR. PERICLES MACIEL, 490 \u2013 JD. REDENTOR.\n            <\/p>\n<p><strong>Compartilhe:<\/strong><\/p>\n<p>                <img data-recalc-dims=\"1\" loading=\"lazy\" decoding=\"async\" width=\"25\" height=\"25\" src=\"https:\/\/i0.wp.com\/francaclassificados.com\/\/source\/view\/img\/20w50.png?resize=25%2C25&#038;ssl=1\" alt=\"Imagem compartilhar whatsapp\"\/><\/p>\n<p>                <img data-recalc-dims=\"1\" loading=\"lazy\" decoding=\"async\" width=\"25\" height=\"25\" src=\"https:\/\/i0.wp.com\/francaclassificados.com\/\/source\/view\/img\/18w50.png?resize=25%2C25&#038;ssl=1\" alt=\"Imagem compartilhar facebook\"\/><\/p>\n<\/p><\/div>\n<p>    <script async=\"\" src=\"https:\/\/pagead2.googlesyndication.com\/pagead\/js\/adsbygoogle.js?client=ca-pub-2853392113352629\" crossorigin=\"anonymous\"\/>\n    <ins class=\"adsbygoogle\" style=\"display:block\" data-ad-client=\"ca-pub-2853392113352629\" data-ad-slot=\"2925831803\" data-ad-format=\"auto\" data-full-width-responsive=\"true\"\/>\n    <script><![CDATA[\n    (adsbygoogle = window.adsbygoogle || []).push({});\n    ]]><\/script><\/p>\n<div class=\"emp\">\n<p>\n            PRECISA-SE DE DOBRADEIRA DE PALMILHA NA M\u00c1QUINA \u2013 RUA JER\u00d4NIMO TEODORO DE SOUZA, 3619 GUANABARA\n            <\/p>\n<p><strong>Compartilhe:<\/strong><\/p>\n<p>                <img data-recalc-dims=\"1\" loading=\"lazy\" decoding=\"async\" width=\"25\" height=\"25\" src=\"https:\/\/i0.wp.com\/francaclassificados.com\/\/source\/view\/img\/20w50.png?resize=25%2C25&#038;ssl=1\" alt=\"Imagem compartilhar whatsapp\"\/><\/p>\n<p>                <img data-recalc-dims=\"1\" loading=\"lazy\" decoding=\"async\" width=\"25\" height=\"25\" src=\"https:\/\/i0.wp.com\/francaclassificados.com\/\/source\/view\/img\/18w50.png?resize=25%2C25&#038;ssl=1\" alt=\"Imagem compartilhar facebook\"\/><\/p>\n<\/p><\/div>\n<div class=\"emp\">\n<p>\n            PRECISA-SE DE BANCA DE PESPONTO \u2013 99341-6406\n            <\/p>\n<p><strong>Compartilhe:<\/strong><\/p>\n<p>                <img data-recalc-dims=\"1\" loading=\"lazy\" decoding=\"async\" width=\"25\" height=\"25\" src=\"https:\/\/i0.wp.com\/francaclassificados.com\/\/source\/view\/img\/20w50.png?resize=25%2C25&#038;ssl=1\" alt=\"Imagem compartilhar whatsapp\"\/><\/p>\n<p>                <img data-recalc-dims=\"1\" loading=\"lazy\" decoding=\"async\" width=\"25\" height=\"25\" src=\"https:\/\/i0.wp.com\/francaclassificados.com\/\/source\/view\/img\/18w50.png?resize=25%2C25&#038;ssl=1\" alt=\"Imagem compartilhar facebook\"\/><\/p>\n<\/p><\/div>\n<p>    <script async=\"\" src=\"https:\/\/pagead2.googlesyndication.com\/pagead\/js\/adsbygoogle.js?client=ca-pub-2853392113352629\" crossorigin=\"anonymous\"\/>\n    <ins class=\"adsbygoogle\" style=\"display:block\" data-ad-client=\"ca-pub-2853392113352629\" data-ad-slot=\"2925831803\" data-ad-format=\"auto\" data-full-width-responsive=\"true\"\/>\n    <script><![CDATA[\n    (adsbygoogle = window.adsbygoogle || []).push({});\n    ]]><\/script><\/p>\n<div class=\"emp\">\n<p>\n            PRECISA-SE DE RISCADOR, ARRANHADOR, AUXILIAR DE MONTAGEM. ENVIAR CURR\u00cdCULO VAGA DESEJADA PARA O E-MAIL: DEPARTAMENTOPESSOAL@MACBOOT.COM.BR OU ENTREGAR NA RUA FRANCISCO ASSIS TOMAS DA SILVA, 2355 DISTRITO INDUSTRIAL\n            <\/p>\n<p><strong>Compartilhe:<\/strong><\/p>\n<p>                <img data-recalc-dims=\"1\" loading=\"lazy\" decoding=\"async\" width=\"25\" height=\"25\" src=\"https:\/\/i0.wp.com\/francaclassificados.com\/\/source\/view\/img\/20w50.png?resize=25%2C25&#038;ssl=1\" alt=\"Imagem compartilhar whatsapp\"\/><\/p>\n<p>                <img data-recalc-dims=\"1\" loading=\"lazy\" decoding=\"async\" width=\"25\" height=\"25\" src=\"https:\/\/i0.wp.com\/francaclassificados.com\/\/source\/view\/img\/18w50.png?resize=25%2C25&#038;ssl=1\" alt=\"Imagem compartilhar facebook\"\/><\/p>\n<\/p><\/div>\n<div class=\"emp\">\n<p>\n            PRECISA-SE DE BANCA DE PESPONTO CAPACIDADE 48 PARES\/DIA SAPATO SOCIAL MASCULINO, AUXILIAR DE PLANCHEAMENTO, REVISOR FINAL DE QUALIDADE COMPARECER COM CURRICULUM E DOCUMENTOS NA RUA BENEDITO BARBOSA 160 JD. PAULISTANO 3725-5064 OU ENVIAR CURRICULUM PARA EMAIL: RECURSOSHUMANOS@WALKWAY.COM.BR\n            <\/p>\n<p><strong>Compartilhe:<\/strong><\/p>\n<p>                <img data-recalc-dims=\"1\" loading=\"lazy\" decoding=\"async\" width=\"25\" height=\"25\" src=\"https:\/\/i0.wp.com\/francaclassificados.com\/\/source\/view\/img\/20w50.png?resize=25%2C25&#038;ssl=1\" alt=\"Imagem compartilhar whatsapp\"\/><\/p>\n<p>                <img data-recalc-dims=\"1\" loading=\"lazy\" decoding=\"async\" width=\"25\" height=\"25\" src=\"https:\/\/i0.wp.com\/francaclassificados.com\/\/source\/view\/img\/18w50.png?resize=25%2C25&#038;ssl=1\" alt=\"Imagem compartilhar facebook\"\/><\/p>\n<\/p><\/div>\n<p>    <script async=\"\" src=\"https:\/\/pagead2.googlesyndication.com\/pagead\/js\/adsbygoogle.js?client=ca-pub-2853392113352629\" crossorigin=\"anonymous\"\/>\n    <ins class=\"adsbygoogle\" style=\"display:block\" data-ad-client=\"ca-pub-2853392113352629\" data-ad-slot=\"2925831803\" data-ad-format=\"auto\" data-full-width-responsive=\"true\"\/>\n    <script><![CDATA[\n    (adsbygoogle = window.adsbygoogle || []).push({});\n    ]]><\/script><\/p>\n<div class=\"emp\">\n<p>\n            PRECISA-SE DE ATENDENTE PARA LANCHONETE PARA TRABALHAR DE TER\u00c7A A S\u00c1BADO DAS 15:30H AS 00:30H,FIXO REGISTRADO, 99123-0836 NILO\n            <\/p>\n<p><strong>Compartilhe:<\/strong><\/p>\n<p>                <img data-recalc-dims=\"1\" loading=\"lazy\" decoding=\"async\" width=\"25\" height=\"25\" src=\"https:\/\/i0.wp.com\/francaclassificados.com\/\/source\/view\/img\/20w50.png?resize=25%2C25&#038;ssl=1\" alt=\"Imagem compartilhar whatsapp\"\/><\/p>\n<p>                <img data-recalc-dims=\"1\" loading=\"lazy\" decoding=\"async\" width=\"25\" height=\"25\" src=\"https:\/\/i0.wp.com\/francaclassificados.com\/\/source\/view\/img\/18w50.png?resize=25%2C25&#038;ssl=1\" alt=\"Imagem compartilhar facebook\"\/><\/p>\n<\/p><\/div>\n<div class=\"emp\">\n<p>\n            PRECISA-SE DE AJUDANTE DE MOTORISTA! INTERESSADOS ENVIAR CURR\u00cdCULO PARA O N\u00daMERO 99155-0310\n            <\/p>\n<p><strong>Compartilhe:<\/strong><\/p>\n<p>                <img data-recalc-dims=\"1\" loading=\"lazy\" decoding=\"async\" width=\"25\" height=\"25\" src=\"https:\/\/i0.wp.com\/francaclassificados.com\/\/source\/view\/img\/20w50.png?resize=25%2C25&#038;ssl=1\" alt=\"Imagem compartilhar whatsapp\"\/><\/p>\n<p>                <img data-recalc-dims=\"1\" loading=\"lazy\" decoding=\"async\" width=\"25\" height=\"25\" src=\"https:\/\/i0.wp.com\/francaclassificados.com\/\/source\/view\/img\/18w50.png?resize=25%2C25&#038;ssl=1\" alt=\"Imagem compartilhar facebook\"\/><\/p>\n<\/p><\/div>\n<p>    <script async=\"\" src=\"https:\/\/pagead2.googlesyndication.com\/pagead\/js\/adsbygoogle.js?client=ca-pub-2853392113352629\" crossorigin=\"anonymous\"\/>\n    <ins class=\"adsbygoogle\" style=\"display:block\" data-ad-client=\"ca-pub-2853392113352629\" data-ad-slot=\"2925831803\" data-ad-format=\"auto\" data-full-width-responsive=\"true\"\/>\n    <script><![CDATA[\n    (adsbygoogle = window.adsbygoogle || []).push({});\n    ]]><\/script><\/p>\n<div class=\"emp\">\n<p>\n            PRECISA-SE DE COLADEIRA COM PRATICA IMEDIA\u00c7\u00d5S DO JD DERMINIO \u2013 99119-0054\n            <\/p>\n<p><strong>Compartilhe:<\/strong><\/p>\n<p>                <img data-recalc-dims=\"1\" loading=\"lazy\" decoding=\"async\" width=\"25\" height=\"25\" src=\"https:\/\/i0.wp.com\/francaclassificados.com\/\/source\/view\/img\/20w50.png?resize=25%2C25&#038;ssl=1\" alt=\"Imagem compartilhar whatsapp\"\/><\/p>\n<p>                <img data-recalc-dims=\"1\" loading=\"lazy\" decoding=\"async\" width=\"25\" height=\"25\" src=\"https:\/\/i0.wp.com\/francaclassificados.com\/\/source\/view\/img\/18w50.png?resize=25%2C25&#038;ssl=1\" alt=\"Imagem compartilhar facebook\"\/><\/p>\n<\/p><\/div>\n<div class=\"emp\">\n<p>\n            PRECISA-SE DE MOLINEIRO COM EXPERI\u00caNCIA PARA IN\u00cdCIO IMEDIATO E AUXILIAR DE PRODU\u00c7\u00c3O QUE SAIBA PREPARAR SOLA \u2013 16 98821-5421.\n            <\/p>\n<p><strong>Compartilhe:<\/strong><\/p>\n<p>                <img data-recalc-dims=\"1\" loading=\"lazy\" decoding=\"async\" width=\"25\" height=\"25\" src=\"https:\/\/i0.wp.com\/francaclassificados.com\/\/source\/view\/img\/20w50.png?resize=25%2C25&#038;ssl=1\" alt=\"Imagem compartilhar whatsapp\"\/><\/p>\n<p>                <img data-recalc-dims=\"1\" loading=\"lazy\" decoding=\"async\" width=\"25\" height=\"25\" src=\"https:\/\/i0.wp.com\/francaclassificados.com\/\/source\/view\/img\/18w50.png?resize=25%2C25&#038;ssl=1\" alt=\"Imagem compartilhar facebook\"\/><\/p>\n<\/p><\/div>\n<p>    <script async=\"\" src=\"https:\/\/pagead2.googlesyndication.com\/pagead\/js\/adsbygoogle.js?client=ca-pub-2853392113352629\" crossorigin=\"anonymous\"\/>\n    <ins class=\"adsbygoogle\" style=\"display:block\" data-ad-client=\"ca-pub-2853392113352629\" data-ad-slot=\"2925831803\" data-ad-format=\"auto\" data-full-width-responsive=\"true\"\/>\n    <script><![CDATA[\n    (adsbygoogle = window.adsbygoogle || []).push({});\n    ]]><\/script><\/p>\n<div class=\"emp\">\n<p>\n            PRECISA-SE DE REPOSITOR, AJUDANTE DE DEP\u00d3SITO E OPERADOR DE CAIXA. ENTREGAR CURRICULO NA RUA SALDANHA MARINHO, 2151 \u2013 CENTRO.\n            <\/p>\n<p><strong>Compartilhe:<\/strong><\/p>\n<p>                <img data-recalc-dims=\"1\" loading=\"lazy\" decoding=\"async\" width=\"25\" height=\"25\" src=\"https:\/\/i0.wp.com\/francaclassificados.com\/\/source\/view\/img\/20w50.png?resize=25%2C25&#038;ssl=1\" alt=\"Imagem compartilhar whatsapp\"\/><\/p>\n<p>                <img data-recalc-dims=\"1\" loading=\"lazy\" decoding=\"async\" width=\"25\" height=\"25\" src=\"https:\/\/i0.wp.com\/francaclassificados.com\/\/source\/view\/img\/18w50.png?resize=25%2C25&#038;ssl=1\" alt=\"Imagem compartilhar facebook\"\/><\/p>\n<\/p><\/div>\n<div class=\"emp\">\n<p>\n            PRECISA-SE DE PESSOAS PARA TRABALHAR NA PREPARA\u00c7\u00c3O (APARA\u00c7\u00c3O), PROFISSIONAIS PARA \u00c1REA DE SECAGEM TOGLING, PROFISSIONAIS PARA \u00c1REA DE CALEIRO (REFILAR COUROS, CARREGAR E DESCARREGAR FUL\u00c3O). ENVIAR CURR\u00cdCULO PELO WHATSAPP 16 99461-4930 OU POR E-MAIL RH.EXOTICCOUROS@GMAIL.COM\n            <\/p>\n<p><strong>Compartilhe:<\/strong><\/p>\n<p>                <img data-recalc-dims=\"1\" loading=\"lazy\" decoding=\"async\" width=\"25\" height=\"25\" src=\"https:\/\/i0.wp.com\/francaclassificados.com\/\/source\/view\/img\/20w50.png?resize=25%2C25&#038;ssl=1\" alt=\"Imagem compartilhar whatsapp\"\/><\/p>\n<p>                <img data-recalc-dims=\"1\" loading=\"lazy\" decoding=\"async\" width=\"25\" height=\"25\" src=\"https:\/\/i0.wp.com\/francaclassificados.com\/\/source\/view\/img\/18w50.png?resize=25%2C25&#038;ssl=1\" alt=\"Imagem compartilhar facebook\"\/><\/p>\n<\/p><\/div>\n<p>    <script async=\"\" src=\"https:\/\/pagead2.googlesyndication.com\/pagead\/js\/adsbygoogle.js?client=ca-pub-2853392113352629\" crossorigin=\"anonymous\"\/>\n    <ins class=\"adsbygoogle\" style=\"display:block\" data-ad-client=\"ca-pub-2853392113352629\" data-ad-slot=\"2925831803\" data-ad-format=\"auto\" data-full-width-responsive=\"true\"\/>\n    <script><![CDATA[\n    (adsbygoogle = window.adsbygoogle || []).push({});\n    ]]><\/script><\/p>\n<div class=\"emp\">\n<p>\n            PRECISA-SE DE AUXILIAR COM URG\u00caNCIA, QUE SAIBA TRABALHAR NA P10. MORAR NAS IMEDIA\u00c7\u00d5ES DA ESTA\u00c7\u00c3O. ENTRAR EM CONTATO 16 99147-4894.\n            <\/p>\n<p><strong>Compartilhe:<\/strong><\/p>\n<p>                <img data-recalc-dims=\"1\" loading=\"lazy\" decoding=\"async\" width=\"25\" height=\"25\" src=\"https:\/\/i0.wp.com\/francaclassificados.com\/\/source\/view\/img\/20w50.png?resize=25%2C25&#038;ssl=1\" alt=\"Imagem compartilhar whatsapp\"\/><\/p>\n<p>                <img data-recalc-dims=\"1\" loading=\"lazy\" decoding=\"async\" width=\"25\" height=\"25\" src=\"https:\/\/i0.wp.com\/francaclassificados.com\/\/source\/view\/img\/18w50.png?resize=25%2C25&#038;ssl=1\" alt=\"Imagem compartilhar facebook\"\/><\/p>\n<\/p><\/div>\n<div class=\"emp\">\n<p>\n            PRECISA-SE DE AUXILIAR DE ALMOXARIFADO E HALOGENADOR. INTERESSADOS ENVIAR CURR\u00cdCULO PARA O EMAIL: NMELOMELO@YAHOO.COM\n            <\/p>\n<p><strong>Compartilhe:<\/strong><\/p>\n<p>                <img data-recalc-dims=\"1\" loading=\"lazy\" decoding=\"async\" width=\"25\" height=\"25\" src=\"https:\/\/i0.wp.com\/francaclassificados.com\/\/source\/view\/img\/20w50.png?resize=25%2C25&#038;ssl=1\" alt=\"Imagem compartilhar whatsapp\"\/><\/p>\n<p>                <img data-recalc-dims=\"1\" loading=\"lazy\" decoding=\"async\" width=\"25\" height=\"25\" src=\"https:\/\/i0.wp.com\/francaclassificados.com\/\/source\/view\/img\/18w50.png?resize=25%2C25&#038;ssl=1\" alt=\"Imagem compartilhar facebook\"\/><\/p>\n<\/p><\/div>\n<p>    <script async=\"\" src=\"https:\/\/pagead2.googlesyndication.com\/pagead\/js\/adsbygoogle.js?client=ca-pub-2853392113352629\" crossorigin=\"anonymous\"\/>\n    <ins class=\"adsbygoogle\" style=\"display:block\" data-ad-client=\"ca-pub-2853392113352629\" data-ad-slot=\"2925831803\" data-ad-format=\"auto\" data-full-width-responsive=\"true\"\/>\n    <script><![CDATA[\n    (adsbygoogle = window.adsbygoogle || []).push({});\n    ]]><\/script><\/p>\n<div class=\"emp\">\n<p>\n            PRECISA-SE DE COLADEIRA DE PE\u00c7A COM PR\u00c1TICA EM BOLSA, REGISTRADA NO JARDIM PAULISTANO. ENTRAR EM CONTATO NO (16) 99913-2759.\n            <\/p>\n<p><strong>Compartilhe:<\/strong><\/p>\n<p>                <img data-recalc-dims=\"1\" loading=\"lazy\" decoding=\"async\" width=\"25\" height=\"25\" src=\"https:\/\/i0.wp.com\/francaclassificados.com\/\/source\/view\/img\/20w50.png?resize=25%2C25&#038;ssl=1\" alt=\"Imagem compartilhar whatsapp\"\/><\/p>\n<p>                <img data-recalc-dims=\"1\" loading=\"lazy\" decoding=\"async\" width=\"25\" height=\"25\" src=\"https:\/\/i0.wp.com\/francaclassificados.com\/\/source\/view\/img\/18w50.png?resize=25%2C25&#038;ssl=1\" alt=\"Imagem compartilhar facebook\"\/><\/p>\n<\/p><\/div>\n<div class=\"emp\">\n<p>\n            PRECISA-SE DE MARCENEIRO E AUXILIAR DE MARCENEIRO C\/ EXPERI\u00caNCIA. ENVIAR CURR\u00cdCULO PARA WEFAMOVEISSOBMEDIDA@OUTLOOK.COM OU COMPARECER NA RUA JONAS RODRIGUES DE MOURA, 1730 \u2013 JD. BAR\u00c3O (16) 99639-6895.\n            <\/p>\n<p><strong>Compartilhe:<\/strong><\/p>\n<p>                <img data-recalc-dims=\"1\" loading=\"lazy\" decoding=\"async\" width=\"25\" height=\"25\" src=\"https:\/\/i0.wp.com\/francaclassificados.com\/\/source\/view\/img\/20w50.png?resize=25%2C25&#038;ssl=1\" alt=\"Imagem compartilhar whatsapp\"\/><\/p>\n<p>                <img data-recalc-dims=\"1\" loading=\"lazy\" decoding=\"async\" width=\"25\" height=\"25\" src=\"https:\/\/i0.wp.com\/francaclassificados.com\/\/source\/view\/img\/18w50.png?resize=25%2C25&#038;ssl=1\" alt=\"Imagem compartilhar facebook\"\/><\/p>\n<\/p><\/div>\n<p>    <script async=\"\" src=\"https:\/\/pagead2.googlesyndication.com\/pagead\/js\/adsbygoogle.js?client=ca-pub-2853392113352629\" crossorigin=\"anonymous\"\/>\n    <ins class=\"adsbygoogle\" style=\"display:block\" data-ad-client=\"ca-pub-2853392113352629\" data-ad-slot=\"2925831803\" data-ad-format=\"auto\" data-full-width-responsive=\"true\"\/>\n    <script><![CDATA[\n    (adsbygoogle = window.adsbygoogle || []).push({});\n    ]]><\/script><\/p>\n<div class=\"emp\">\n<p>\n            PRECISA-SE DE AUXILIAR DE PRODU\u00c7\u00c3O. INTERESSADOS ENVIAR CURRICULO CONTATO.EMPRESAFRANCA@GMAIL.COM\n            <\/p>\n<p><strong>Compartilhe:<\/strong><\/p>\n<p>                <img data-recalc-dims=\"1\" loading=\"lazy\" decoding=\"async\" width=\"25\" height=\"25\" src=\"https:\/\/i0.wp.com\/francaclassificados.com\/\/source\/view\/img\/20w50.png?resize=25%2C25&#038;ssl=1\" alt=\"Imagem compartilhar whatsapp\"\/><\/p>\n<p>                <img data-recalc-dims=\"1\" loading=\"lazy\" decoding=\"async\" width=\"25\" height=\"25\" src=\"https:\/\/i0.wp.com\/francaclassificados.com\/\/source\/view\/img\/18w50.png?resize=25%2C25&#038;ssl=1\" alt=\"Imagem compartilhar facebook\"\/><\/p>\n<\/p><\/div>\n<div class=\"emp\">\n<p>\n            PRECISA-SE DE HOMENS E MULHERES PARA SETOR DE EMBALAGENS ACIMA DE 18 ANOS (SEM EXPERI\u00caNCIA), INICIO IMEDIATO. CHAMAR NO 16 99255-2551 \u2013 JOAQUIM SPERETA, 830 \u2013 S\u00c3O JOAQUIM.\n            <\/p>\n<p><strong>Compartilhe:<\/strong><\/p>\n<p>                <img data-recalc-dims=\"1\" loading=\"lazy\" decoding=\"async\" width=\"25\" height=\"25\" src=\"https:\/\/i0.wp.com\/francaclassificados.com\/\/source\/view\/img\/20w50.png?resize=25%2C25&#038;ssl=1\" alt=\"Imagem compartilhar whatsapp\"\/><\/p>\n<p>                <img data-recalc-dims=\"1\" loading=\"lazy\" decoding=\"async\" width=\"25\" height=\"25\" src=\"https:\/\/i0.wp.com\/francaclassificados.com\/\/source\/view\/img\/18w50.png?resize=25%2C25&#038;ssl=1\" alt=\"Imagem compartilhar facebook\"\/><\/p>\n<\/p><\/div>\n<div class=\"emp\">\n<p>\n            PRECISA-SE DE COLADEIRA DE PE\u00c7AS COM PR\u00c1TICA NO LUIZA 1 \u2013 16 99972-4948.\n            <\/p>\n<p><strong>Compartilhe:<\/strong><\/p>\n<p>                <img data-recalc-dims=\"1\" loading=\"lazy\" decoding=\"async\" width=\"25\" height=\"25\" src=\"https:\/\/i0.wp.com\/francaclassificados.com\/\/source\/view\/img\/20w50.png?resize=25%2C25&#038;ssl=1\" alt=\"Imagem compartilhar whatsapp\"\/><\/p>\n<p>                <img data-recalc-dims=\"1\" loading=\"lazy\" decoding=\"async\" width=\"25\" height=\"25\" src=\"https:\/\/i0.wp.com\/francaclassificados.com\/\/source\/view\/img\/18w50.png?resize=25%2C25&#038;ssl=1\" alt=\"Imagem compartilhar facebook\"\/><\/p>\n<\/p><\/div>\n<p>    <img data-recalc-dims=\"1\" decoding=\"async\" src=\"https:\/\/i0.wp.com\/francaclassificados.com\/\/source\/view\/img\/anun6.png?ssl=1\" class=\"img-fluid pub\" alt=\"Imagem publicidade\"\/><\/p>\n<p>\n    <script async=\"\" src=\"https:\/\/pagead2.googlesyndication.com\/pagead\/js\/adsbygoogle.js?client=ca-pub-2853392113352629\" crossorigin=\"anonymous\"\/> <!--block 2-->\n    <ins class=\"adsbygoogle\" style=\"display:block\" data-ad-format=\"autorelaxed\" data-ad-client=\"ca-pub-2853392113352629\" data-ad-slot=\"3674222755\"\/>\n    <script><![CDATA[\n    (adsbygoogle = window.adsbygoogle || []).push({});\n    ]]><\/script><br \/>\n    \n<\/div>\n<div class='code-block code-block-4' style='margin: 8px auto 8px 0; text-align: left; display: block; clear: both;'>\n\ud83d\udce2 Aviso Legal\n\nO site ismaelcolosi.com.br atua apenas como um canal de divulga\u00e7\u00e3o de oportunidades de emprego e n\u00e3o se responsabiliza pelo processo seletivo, contrata\u00e7\u00e3o ou qualquer outra etapa relacionada \u00e0s vagas publicadas. Todas as informa\u00e7\u00f5es s\u00e3o de responsabilidade dos anunciantes.\n\n\u26a0\ufe0f Aten\u00e7\u00e3o! Nunca pague por promessas de emprego nem compre cursos que garantam contrata\u00e7\u00e3o. Desconfie de qualquer cobran\u00e7a para participar de sele\u00e7\u00f5es.\n\n\n\n<\/div>\n<!-- CONTENT END 1 -->\n","protected":false},"excerpt":{"rendered":"<p>Precisa-se:Apontador de solaPassador de colaBlaqueador lateralTodos com experi\u00eanciaLevar curr\u00edculo na Rua: Deolinda Maria da Silva, n\u00b0870 &#8211; Jardim Petr\u00e1glia &#8211; Hor\u00e1rio comercial Compartilhe: ASSISTENTE DE&#8230;<\/p>\n","protected":false},"author":1,"featured_media":55718,"comment_status":"open","ping_status":"open","sticky":false,"template":"","format":"standard","meta":{"_uag_custom_page_level_css":"","advanced_seo_description":"","jetpack_seo_html_title":"","jetpack_seo_noindex":false,"jetpack_post_was_ever_published":false,"_jetpack_newsletter_access":"","_jetpack_dont_email_post_to_subs":false,"_jetpack_newsletter_tier_id":0,"_jetpack_memberships_contains_paywalled_content":false,"_jetpack_memberships_contains_paid_content":false,"footnotes":"","jetpack_publicize_message":"","jetpack_publicize_feature_enabled":true,"jetpack_social_post_already_shared":true,"jetpack_social_options":{"image_generator_settings":{"template":"highway","default_image_id":0,"font":"","enabled":false},"version":2}},"categories":[7],"tags":[],"class_list":["post-55717","post","type-post","status-publish","format-standard","has-post-thumbnail","hentry","category-vagas-de-empregos-em-ribeirao-preto-regiao-brasil"],"jetpack_publicize_connections":[],"jetpack_featured_media_url":"https:\/\/i0.wp.com\/ismaelcolosi.com.br\/wp-content\/uploads\/2024\/07\/1720170248_vagas2Bemprego2Bismael2Bcolosi2B2020.jpeg?fit=651%2C447&ssl=1","uagb_featured_image_src":{"full":["https:\/\/i0.wp.com\/ismaelcolosi.com.br\/wp-content\/uploads\/2024\/07\/1720170248_vagas2Bemprego2Bismael2Bcolosi2B2020.jpeg?fit=651%2C447&ssl=1",651,447,false],"thumbnail":["https:\/\/i0.wp.com\/ismaelcolosi.com.br\/wp-content\/uploads\/2024\/07\/1720170248_vagas2Bemprego2Bismael2Bcolosi2B2020.jpeg?resize=150%2C150&ssl=1",150,150,true],"medium":["https:\/\/i0.wp.com\/ismaelcolosi.com.br\/wp-content\/uploads\/2024\/07\/1720170248_vagas2Bemprego2Bismael2Bcolosi2B2020.jpeg?fit=300%2C206&ssl=1",300,206,true],"medium_large":["https:\/\/i0.wp.com\/ismaelcolosi.com.br\/wp-content\/uploads\/2024\/07\/1720170248_vagas2Bemprego2Bismael2Bcolosi2B2020.jpeg?fit=651%2C447&ssl=1",651,447,true],"large":["https:\/\/i0.wp.com\/ismaelcolosi.com.br\/wp-content\/uploads\/2024\/07\/1720170248_vagas2Bemprego2Bismael2Bcolosi2B2020.jpeg?fit=651%2C447&ssl=1",651,447,true],"1536x1536":["https:\/\/i0.wp.com\/ismaelcolosi.com.br\/wp-content\/uploads\/2024\/07\/1720170248_vagas2Bemprego2Bismael2Bcolosi2B2020.jpeg?fit=651%2C447&ssl=1",651,447,true],"2048x2048":["https:\/\/i0.wp.com\/ismaelcolosi.com.br\/wp-content\/uploads\/2024\/07\/1720170248_vagas2Bemprego2Bismael2Bcolosi2B2020.jpeg?fit=651%2C447&ssl=1",651,447,true],"really-simple-thumb":["https:\/\/i0.wp.com\/ismaelcolosi.com.br\/wp-content\/uploads\/2024\/07\/1720170248_vagas2Bemprego2Bismael2Bcolosi2B2020.jpeg?resize=370%2C247&ssl=1",370,247,true]},"uagb_author_info":{"display_name":"ismaelcolosi.com.br","author_link":"https:\/\/ismaelcolosi.com.br\/index.php\/author\/vidareal-online\/"},"uagb_comment_info":0,"uagb_excerpt":"Precisa-se:Apontador de solaPassador de colaBlaqueador lateralTodos com experi\u00eanciaLevar curr\u00edculo na Rua: Deolinda Maria da Silva, n\u00b0870 - Jardim Petr\u00e1glia - Hor\u00e1rio comercial Compartilhe: ASSISTENTE DE...","jetpack-related-posts":[{"id":83195,"url":"https:\/\/ismaelcolosi.com.br\/index.php\/2025\/02\/19\/mais-de-10-vagas-de-emprego-de-recepcionista-em-ribeirao-preto-sp-40\/","url_meta":{"origin":55717,"position":0},"title":"Mais de 10 vagas de emprego de Recepcionista em Ribeir\u00e3o Preto-SP","author":"ismaelcolosi.com.br","date":"19 de February de 2025","format":false,"excerpt":"Secret\u00e1ria Secret\u00e1ria - SP Recepcionista","rel":"","context":"In &quot;Vagas de Emprego em Ribeir\u00e3o Preto-SP&quot;","block_context":{"text":"Vagas de Emprego em Ribeir\u00e3o Preto-SP","link":"https:\/\/ismaelcolosi.com.br\/index.php\/category\/empregos-classificados-vagas-trabalho\/vagas-de-empregos-em-ribeirao-preto-regiao-brasil\/"},"img":{"alt_text":"","src":"https:\/\/i0.wp.com\/ismaelcolosi.com.br\/wp-content\/uploads\/2025\/02\/e8b9e5779e0bd80639e96387162e8114.jpg?fit=550%2C300&ssl=1&resize=350%2C200","width":350,"height":200,"srcset":"https:\/\/i0.wp.com\/ismaelcolosi.com.br\/wp-content\/uploads\/2025\/02\/e8b9e5779e0bd80639e96387162e8114.jpg?fit=550%2C300&ssl=1&resize=350%2C200 1x, https:\/\/i0.wp.com\/ismaelcolosi.com.br\/wp-content\/uploads\/2025\/02\/e8b9e5779e0bd80639e96387162e8114.jpg?fit=550%2C300&ssl=1&resize=525%2C300 1.5x"},"classes":[]},{"id":86483,"url":"https:\/\/ismaelcolosi.com.br\/index.php\/2025\/07\/02\/mais-de-10-vagas-de-emprego-de-recepcionista-em-ribeirao-preto-sp-43\/","url_meta":{"origin":55717,"position":1},"title":"Mais de 10 vagas de emprego de Recepcionista em Ribeir\u00e3o Preto-SP","author":"ismaelcolosi.com.br","date":"2 de July de 2025","format":false,"excerpt":"Secret\u00e1ria Recepcionista Recepcionista - SP","rel":"","context":"In &quot;Vagas de Emprego em Ribeir\u00e3o Preto-SP&quot;","block_context":{"text":"Vagas de Emprego em Ribeir\u00e3o Preto-SP","link":"https:\/\/ismaelcolosi.com.br\/index.php\/category\/empregos-classificados-vagas-trabalho\/vagas-de-empregos-em-ribeirao-preto-regiao-brasil\/"},"img":{"alt_text":"","src":"","width":0,"height":0},"classes":[]},{"id":82711,"url":"https:\/\/ismaelcolosi.com.br\/index.php\/2025\/02\/09\/vagas-de-emprego-para-atendente-em-ribeirao-preto-sp-11\/","url_meta":{"origin":55717,"position":2},"title":"Vagas de emprego para Atendente em Ribeir\u00e3o Preto-SP","author":"ismaelcolosi.com.br","date":"9 de February de 2025","format":false,"excerpt":"ATENDENTE CAIXA ATENDENTE REPOSITOR ATENDENTE REPOSITOR","rel":"","context":"In &quot;Vagas de Emprego em Ribeir\u00e3o Preto-SP&quot;","block_context":{"text":"Vagas de Emprego em Ribeir\u00e3o Preto-SP","link":"https:\/\/ismaelcolosi.com.br\/index.php\/category\/empregos-classificados-vagas-trabalho\/vagas-de-empregos-em-ribeirao-preto-regiao-brasil\/"},"img":{"alt_text":"","src":"https:\/\/i0.wp.com\/ismaelcolosi.com.br\/wp-content\/uploads\/2025\/02\/1739095865_latest.jpeg?fit=1200%2C675&ssl=1&resize=350%2C200","width":350,"height":200,"srcset":"https:\/\/i0.wp.com\/ismaelcolosi.com.br\/wp-content\/uploads\/2025\/02\/1739095865_latest.jpeg?fit=1200%2C675&ssl=1&resize=350%2C200 1x, https:\/\/i0.wp.com\/ismaelcolosi.com.br\/wp-content\/uploads\/2025\/02\/1739095865_latest.jpeg?fit=1200%2C675&ssl=1&resize=525%2C300 1.5x, https:\/\/i0.wp.com\/ismaelcolosi.com.br\/wp-content\/uploads\/2025\/02\/1739095865_latest.jpeg?fit=1200%2C675&ssl=1&resize=700%2C400 2x, https:\/\/i0.wp.com\/ismaelcolosi.com.br\/wp-content\/uploads\/2025\/02\/1739095865_latest.jpeg?fit=1200%2C675&ssl=1&resize=1050%2C600 3x"},"classes":[]},{"id":88620,"url":"https:\/\/ismaelcolosi.com.br\/index.php\/2025\/12\/21\/vagas-de-emprego-para-atendente-em-ribeirao-preto-sp-27\/","url_meta":{"origin":55717,"position":3},"title":"Vagas de emprego para Atendente em Ribeir\u00e3o Preto-SP","author":"ismaelcolosi.com.br","date":"21 de December de 2025","format":false,"excerpt":"Atendente | Cin\u00e9polis Iguatemi Ribeir\u00e3o Preto Atendente\/Caixa ATENDENTE REPOSITOR","rel":"","context":"In &quot;Vagas de Emprego em Ribeir\u00e3o Preto-SP&quot;","block_context":{"text":"Vagas de Emprego em Ribeir\u00e3o Preto-SP","link":"https:\/\/ismaelcolosi.com.br\/index.php\/category\/empregos-classificados-vagas-trabalho\/vagas-de-empregos-em-ribeirao-preto-regiao-brasil\/"},"img":{"alt_text":"","src":"https:\/\/i0.wp.com\/ismaelcolosi.com.br\/wp-content\/uploads\/2025\/12\/Randstad-2-1024x683.jpg?fit=1024%2C683&ssl=1&resize=350%2C200","width":350,"height":200,"srcset":"https:\/\/i0.wp.com\/ismaelcolosi.com.br\/wp-content\/uploads\/2025\/12\/Randstad-2-1024x683.jpg?fit=1024%2C683&ssl=1&resize=350%2C200 1x, https:\/\/i0.wp.com\/ismaelcolosi.com.br\/wp-content\/uploads\/2025\/12\/Randstad-2-1024x683.jpg?fit=1024%2C683&ssl=1&resize=525%2C300 1.5x, https:\/\/i0.wp.com\/ismaelcolosi.com.br\/wp-content\/uploads\/2025\/12\/Randstad-2-1024x683.jpg?fit=1024%2C683&ssl=1&resize=700%2C400 2x"},"classes":[]},{"id":86153,"url":"https:\/\/ismaelcolosi.com.br\/index.php\/2025\/06\/15\/vagas-de-emprego-para-atendente-em-ribeirao-preto-sp-18\/","url_meta":{"origin":55717,"position":4},"title":"Vagas de emprego para Atendente em Ribeir\u00e3o Preto-SP","author":"ismaelcolosi.com.br","date":"15 de June de 2025","format":false,"excerpt":"ATENDENTE REPOSITOR ATENDENTE REPOSITOR ATENDENTE REPOSITOR","rel":"","context":"In &quot;Vagas de Emprego em Ribeir\u00e3o Preto-SP&quot;","block_context":{"text":"Vagas de Emprego em Ribeir\u00e3o Preto-SP","link":"https:\/\/ismaelcolosi.com.br\/index.php\/category\/empregos-classificados-vagas-trabalho\/vagas-de-empregos-em-ribeirao-preto-regiao-brasil\/"},"img":{"alt_text":"","src":"https:\/\/i0.wp.com\/ismaelcolosi.com.br\/wp-content\/uploads\/2025\/06\/Randstad-2-1024x683.jpg?fit=1024%2C683&ssl=1&resize=350%2C200","width":350,"height":200,"srcset":"https:\/\/i0.wp.com\/ismaelcolosi.com.br\/wp-content\/uploads\/2025\/06\/Randstad-2-1024x683.jpg?fit=1024%2C683&ssl=1&resize=350%2C200 1x, https:\/\/i0.wp.com\/ismaelcolosi.com.br\/wp-content\/uploads\/2025\/06\/Randstad-2-1024x683.jpg?fit=1024%2C683&ssl=1&resize=525%2C300 1.5x, https:\/\/i0.wp.com\/ismaelcolosi.com.br\/wp-content\/uploads\/2025\/06\/Randstad-2-1024x683.jpg?fit=1024%2C683&ssl=1&resize=700%2C400 2x"},"classes":[]},{"id":88782,"url":"https:\/\/ismaelcolosi.com.br\/index.php\/2026\/01\/08\/vagas-de-emprego-para-atendente-em-ribeirao-preto-sp-28\/","url_meta":{"origin":55717,"position":5},"title":"Vagas de emprego para Atendente em Ribeir\u00e3o Preto-SP","author":"ismaelcolosi.com.br","date":"8 de January de 2026","format":false,"excerpt":"Atendente | Cin\u00e9polis Iguatemi Ribeir\u00e3o Preto ATENDENTE REPOSITOR ATENDENTE REPOSITOR","rel":"","context":"In &quot;Vagas de Emprego em Ribeir\u00e3o Preto-SP&quot;","block_context":{"text":"Vagas de Emprego em Ribeir\u00e3o Preto-SP","link":"https:\/\/ismaelcolosi.com.br\/index.php\/category\/empregos-classificados-vagas-trabalho\/vagas-de-empregos-em-ribeirao-preto-regiao-brasil\/"},"img":{"alt_text":"","src":"https:\/\/i0.wp.com\/ismaelcolosi.com.br\/wp-content\/uploads\/2026\/01\/Randstad-2-1024x683.jpg?fit=1024%2C683&ssl=1&resize=350%2C200","width":350,"height":200,"srcset":"https:\/\/i0.wp.com\/ismaelcolosi.com.br\/wp-content\/uploads\/2026\/01\/Randstad-2-1024x683.jpg?fit=1024%2C683&ssl=1&resize=350%2C200 1x, https:\/\/i0.wp.com\/ismaelcolosi.com.br\/wp-content\/uploads\/2026\/01\/Randstad-2-1024x683.jpg?fit=1024%2C683&ssl=1&resize=525%2C300 1.5x, https:\/\/i0.wp.com\/ismaelcolosi.com.br\/wp-content\/uploads\/2026\/01\/Randstad-2-1024x683.jpg?fit=1024%2C683&ssl=1&resize=700%2C400 2x"},"classes":[]}],"jetpack_sharing_enabled":true,"jetpack_shortlink":"https:\/\/wp.me\/pfMlyK-euF","_links":{"self":[{"href":"https:\/\/ismaelcolosi.com.br\/index.php\/wp-json\/wp\/v2\/posts\/55717","targetHints":{"allow":["GET"]}}],"collection":[{"href":"https:\/\/ismaelcolosi.com.br\/index.php\/wp-json\/wp\/v2\/posts"}],"about":[{"href":"https:\/\/ismaelcolosi.com.br\/index.php\/wp-json\/wp\/v2\/types\/post"}],"author":[{"embeddable":true,"href":"https:\/\/ismaelcolosi.com.br\/index.php\/wp-json\/wp\/v2\/users\/1"}],"replies":[{"embeddable":true,"href":"https:\/\/ismaelcolosi.com.br\/index.php\/wp-json\/wp\/v2\/comments?post=55717"}],"version-history":[{"count":0,"href":"https:\/\/ismaelcolosi.com.br\/index.php\/wp-json\/wp\/v2\/posts\/55717\/revisions"}],"wp:featuredmedia":[{"embeddable":true,"href":"https:\/\/ismaelcolosi.com.br\/index.php\/wp-json\/wp\/v2\/media\/55718"}],"wp:attachment":[{"href":"https:\/\/ismaelcolosi.com.br\/index.php\/wp-json\/wp\/v2\/media?parent=55717"}],"wp:term":[{"taxonomy":"category","embeddable":true,"href":"https:\/\/ismaelcolosi.com.br\/index.php\/wp-json\/wp\/v2\/categories?post=55717"},{"taxonomy":"post_tag","embeddable":true,"href":"https:\/\/ismaelcolosi.com.br\/index.php\/wp-json\/wp\/v2\/tags?post=55717"}],"curies":[{"name":"wp","href":"https:\/\/api.w.org\/{rel}","templated":true}]}}