{"id":55713,"date":"2024-07-04T22:47:20","date_gmt":"2024-07-05T01:47:20","guid":{"rendered":"https:\/\/ismaelcolosi.com.br\/index.php\/2024\/07\/04\/bolao-do-interior-de-sp-fatura-premio-na-mega-sena-confira-os-numeros-sorteados\/"},"modified":"2024-07-04T22:47:20","modified_gmt":"2024-07-05T01:47:20","slug":"bolao-do-interior-de-sp-fatura-premio-na-mega-sena-confira-os-numeros-sorteados","status":"publish","type":"post","link":"https:\/\/ismaelcolosi.com.br\/index.php\/2024\/07\/04\/bolao-do-interior-de-sp-fatura-premio-na-mega-sena-confira-os-numeros-sorteados\/","title":{"rendered":"Bol\u00e3o do interior de SP fatura pr\u00eamio na Mega-Sena; Confira os n\u00fameros sorteados"},"content":{"rendered":"<p> <br \/>\n<\/p>\n<div data-td-block-uid=\"tdi_106\">\n<div class=\"tdb-block-inner td-fix-index\">\n<p>Um <strong>bol\u00e3o de Ribeir\u00e3o Preto<\/strong> acertou <strong>cinco n\u00fameros sorteados<\/strong> no concurso 2.745 da <strong>Mega-Sena<\/strong>, realizado na noite desta quinta-feira (27), e vai receber <strong>R$ 68 mil<\/strong>.<\/p>\n<p>O <strong>pr\u00eamio principal<\/strong>, no entanto, saiu para <strong>duas apostas do Rio Grande do Sul e uma do Rio de Janeiro<\/strong>. Cada um dos sortudos acertou seis n\u00fameros e vai receber <strong>R$ 54 milh\u00f5es<\/strong>. Confira os n\u00fameros sorteados:<\/p><div class='code-block code-block-8' style='margin: 8px auto; text-align: center; display: block; clear: both;'>\n<script>\n  atOptions = {\n    'key' : '66e2e2111ca34da796271819fc334058',\n    'format' : 'iframe',\n    'height' : 250,\n    'width' : 300,\n    'params' : {}\n  };\n<\/script>\n<script src=\"https:\/\/www.highperformanceformat.com\/66e2e2111ca34da796271819fc334058\/invoke.js\"><\/script>\n<\/div>\n\n<p>De acordo com os dados da<strong> Caixa Econ\u00f4mica Federal<\/strong>, o bol\u00e3o foi registrado na <strong>Casa Lot\u00e9rica Pulo do Gato<\/strong> e possui 38 cotas. O valor total do pr\u00eamio foi de <strong>R$ 68.678,16<\/strong>.<\/p>\n<h3 class=\"wp-block-heading\"><strong>Outras apostas do interior de SP premiadas<\/strong><\/h3>\n<p>No<strong> interior do Estado de S\u00e3o Paulo<\/strong>, al\u00e9m do <strong>bol\u00e3o <\/strong>de <strong>Ribeir\u00e3o Preto<\/strong>, outras 36 apostas foram premiadas na quina da <strong>Mega-Sena<\/strong>. Cada uma vai receber <strong>R$ 22.892,78<\/strong>. Entre os munic\u00edpios premiados est\u00e3o:<\/p>\n<h4 class=\"wp-block-heading\"><strong>Pr\u00f3xima aposta da Mega-Sena<\/strong><\/h4>\n<p>O pr\u00f3ximo concurso acontece neste <strong>s\u00e1bado (6)<\/strong>, a partir das 20h. O sorteio pode ser acompanhado ao vivo pelo canal do <strong>YouTube da Caixa (<a href=\"https:\/\/www.youtube.com\/@canalcaixa\" target=\"_blank\" rel=\"noreferrer noopener\">clique aqui<\/a>)<\/strong>.<\/p>\n<h4 class=\"wp-block-heading\"><strong>Confira o sorteio desta quinta-feira<\/strong><\/h4>\n<p><iframe loading=\"lazy\" title=\"Loterias CAIXA | 04\/07\/2024\" width=\"500\" height=\"281\" src=\"https:\/\/www.youtube.com\/embed\/Ly8elzb7IrA?feature=oembed\" frameborder=\"0\" allow=\"accelerometer; autoplay; clipboard-write; encrypted-media; gyroscope; picture-in-picture; web-share\" referrerpolicy=\"strict-origin-when-cross-origin\" allowfullscreen><\/iframe><\/p>\n<hr class=\"wp-block-separator has-alpha-channel-opacity\"\/>\n<p>SAIBA MAIS<\/p>\n<p>Pix por aproxima\u00e7\u00e3o? Modalidade deve come\u00e7ar em 2025; Entenda<\/p>\n<h4 class=\"wp-block-heading\"><strong>FIQUE ON<\/strong><\/h4>\n<p>Fique ligado em tudo que acontece em Ribeir\u00e3o Preto e regi\u00e3o. Siga os perfis do<strong>\u00a0acidade on<\/strong>\u00a0no<a href=\"https:\/\/www.instagram.com\/acidadeonribeirao\" target=\"_blank\" rel=\"noreferrer noopener\">\u00a0Instagram\u00a0<\/a>e no\u00a0<a href=\"https:\/\/www.facebook.com\/acidadeonribeirao\/\" target=\"_blank\" rel=\"noreferrer noopener\">Facebook<\/a>.<\/p>\n<p>Receba not\u00edcias do\u00a0<strong>acidade on<\/strong>\u00a0no WhatsApp.\u00a0<a href=\"https:\/\/chat.whatsapp.com\/CdrZ6xrf7quD44Vw3WlPuZ\" target=\"_blank\" rel=\"noreferrer noopener\">Para entrar no grupo, basta clicar aqui.<\/a><\/p>\n<p>Fa\u00e7a uma den\u00fancia ou sugira uma reportagem sobre Ribeir\u00e3o Preto e regi\u00e3o pelo WhatsApp: 16 99117 7802.<\/p>\n<p>VEJA TAMB\u00c9M<\/p>\n<p>Marshmallow refrescante da Ana Maria Braga; aprenda a fazer<\/p>\n<p><!-- AI CONTENT END 1 -->\n<\/div>\n<\/div>\n<p><script async src=\"\/\/www.instagram.com\/embed.js\"><\/script><br \/>\n<br \/><br \/>\n<br \/><a href=\"https:\/\/www.acidadeon.com\/ribeiraopreto\/economia\/bolao-do-interior-de-sp-fatura-premio-na-mega-sena-confira-os-numeros-sorteados\/\">Source link <\/a><\/p>\n<div class='code-block code-block-4' style='margin: 8px auto 8px 0; text-align: left; display: block; clear: both;'>\n\ud83d\udce2 Aviso Legal\n\nO site ismaelcolosi.com.br atua apenas como um canal de divulga\u00e7\u00e3o de oportunidades de emprego e n\u00e3o se responsabiliza pelo processo seletivo, contrata\u00e7\u00e3o ou qualquer outra etapa relacionada \u00e0s vagas publicadas. Todas as informa\u00e7\u00f5es s\u00e3o de responsabilidade dos anunciantes.\n\n\u26a0\ufe0f Aten\u00e7\u00e3o! Nunca pague por promessas de emprego nem compre cursos que garantam contrata\u00e7\u00e3o. Desconfie de qualquer cobran\u00e7a para participar de sele\u00e7\u00f5es.\n\n\n\n<\/div>\n<!-- CONTENT END 1 -->\n","protected":false},"excerpt":{"rendered":"<p>Um bol\u00e3o de Ribeir\u00e3o Preto acertou cinco n\u00fameros sorteados no concurso 2.745 da Mega-Sena, realizado na noite desta quinta-feira (27), e vai receber R$ 68&#8230;<\/p>\n","protected":false},"author":1,"featured_media":55714,"comment_status":"open","ping_status":"open","sticky":false,"template":"","format":"standard","meta":{"_uag_custom_page_level_css":"","advanced_seo_description":"","jetpack_seo_html_title":"","jetpack_seo_noindex":false,"jetpack_post_was_ever_published":false,"_jetpack_newsletter_access":"","_jetpack_dont_email_post_to_subs":false,"_jetpack_newsletter_tier_id":0,"_jetpack_memberships_contains_paywalled_content":false,"_jetpack_memberships_contains_paid_content":false,"footnotes":"","jetpack_publicize_message":"","jetpack_publicize_feature_enabled":true,"jetpack_social_post_already_shared":true,"jetpack_social_options":{"image_generator_settings":{"template":"highway","default_image_id":0,"font":"","enabled":false},"version":2}},"categories":[11],"tags":[],"class_list":["post-55713","post","type-post","status-publish","format-standard","has-post-thumbnail","hentry","category-noticias-de-ribeirao-preto-sp-e-regiao-ismael-colosi"],"jetpack_publicize_connections":[],"jetpack_featured_media_url":"https:\/\/i0.wp.com\/ismaelcolosi.com.br\/wp-content\/uploads\/2024\/07\/20230622_182658.jpg?fit=1024%2C768&ssl=1","uagb_featured_image_src":{"full":["https:\/\/i0.wp.com\/ismaelcolosi.com.br\/wp-content\/uploads\/2024\/07\/20230622_182658.jpg?fit=1024%2C768&ssl=1",1024,768,false],"thumbnail":["https:\/\/i0.wp.com\/ismaelcolosi.com.br\/wp-content\/uploads\/2024\/07\/20230622_182658.jpg?resize=150%2C150&ssl=1",150,150,true],"medium":["https:\/\/i0.wp.com\/ismaelcolosi.com.br\/wp-content\/uploads\/2024\/07\/20230622_182658.jpg?fit=300%2C225&ssl=1",300,225,true],"medium_large":["https:\/\/i0.wp.com\/ismaelcolosi.com.br\/wp-content\/uploads\/2024\/07\/20230622_182658.jpg?fit=768%2C576&ssl=1",768,576,true],"large":["https:\/\/i0.wp.com\/ismaelcolosi.com.br\/wp-content\/uploads\/2024\/07\/20230622_182658.jpg?fit=1024%2C768&ssl=1",1024,768,true],"1536x1536":["https:\/\/i0.wp.com\/ismaelcolosi.com.br\/wp-content\/uploads\/2024\/07\/20230622_182658.jpg?fit=1024%2C768&ssl=1",1024,768,true],"2048x2048":["https:\/\/i0.wp.com\/ismaelcolosi.com.br\/wp-content\/uploads\/2024\/07\/20230622_182658.jpg?fit=1024%2C768&ssl=1",1024,768,true],"really-simple-thumb":["https:\/\/i0.wp.com\/ismaelcolosi.com.br\/wp-content\/uploads\/2024\/07\/20230622_182658.jpg?resize=370%2C247&ssl=1",370,247,true]},"uagb_author_info":{"display_name":"ismaelcolosi.com.br","author_link":"https:\/\/ismaelcolosi.com.br\/index.php\/author\/vidareal-online\/"},"uagb_comment_info":0,"uagb_excerpt":"Um bol\u00e3o de Ribeir\u00e3o Preto acertou cinco n\u00fameros sorteados no concurso 2.745 da Mega-Sena, realizado na noite desta quinta-feira (27), e vai receber R$ 68...","jetpack-related-posts":[{"id":54804,"url":"https:\/\/ismaelcolosi.com.br\/index.php\/2024\/06\/27\/bolao-do-interior-de-sp-fatura-premio-na-mega-sena-veja-numeros-sorteados\/","url_meta":{"origin":55713,"position":0},"title":"Bol\u00e3o do interior de SP fatura pr\u00eamio na Mega-Sena; Veja n\u00fameros sorteados","author":"ismaelcolosi.com.br","date":"27 de June de 2024","format":false,"excerpt":"Um bol\u00e3o de Sert\u00e3ozinho, cidade no interior de SP, acertou cinco n\u00fameros sorteados no concurso 2.742 da Mega-Sena, realizado na noite desta quinta-feira (27), e vai receber R$ 92 mil. O pr\u00eamio principal, no entanto, ficou acumulado em R$ 110 milh\u00f5es. Os n\u00fameros sorteados foram: 02 \u2013 11 \u2013 25\u2026","rel":"","context":"In &quot;Not\u00edcias de Ribeir\u00e3o Preto-SP e Regi\u00e3o&quot;","block_context":{"text":"Not\u00edcias de Ribeir\u00e3o Preto-SP e Regi\u00e3o","link":"https:\/\/ismaelcolosi.com.br\/index.php\/category\/noticias-de-ribeirao-preto-sp-e-regiao-ismael-colosi\/"},"img":{"alt_text":"","src":"https:\/\/i0.wp.com\/ismaelcolosi.com.br\/wp-content\/uploads\/2024\/02\/AnyConv.com__20230622_182547-scaled.webp.webp?fit=1200%2C751&ssl=1&resize=350%2C200","width":350,"height":200,"srcset":"https:\/\/i0.wp.com\/ismaelcolosi.com.br\/wp-content\/uploads\/2024\/02\/AnyConv.com__20230622_182547-scaled.webp.webp?fit=1200%2C751&ssl=1&resize=350%2C200 1x, https:\/\/i0.wp.com\/ismaelcolosi.com.br\/wp-content\/uploads\/2024\/02\/AnyConv.com__20230622_182547-scaled.webp.webp?fit=1200%2C751&ssl=1&resize=525%2C300 1.5x, https:\/\/i0.wp.com\/ismaelcolosi.com.br\/wp-content\/uploads\/2024\/02\/AnyConv.com__20230622_182547-scaled.webp.webp?fit=1200%2C751&ssl=1&resize=700%2C400 2x, https:\/\/i0.wp.com\/ismaelcolosi.com.br\/wp-content\/uploads\/2024\/02\/AnyConv.com__20230622_182547-scaled.webp.webp?fit=1200%2C751&ssl=1&resize=1050%2C600 3x"},"classes":[]},{"id":54220,"url":"https:\/\/ismaelcolosi.com.br\/index.php\/2024\/06\/23\/bolao-de-ribeirao-fatura-premio-na-quina-de-sao-joao-aposta-do-interior-de-sp-levou-premio-milionario\/","url_meta":{"origin":55713,"position":1},"title":"Bol\u00e3o de Ribeir\u00e3o fatura pr\u00eamio na Quina de S\u00e3o Jo\u00e3o; Aposta do interior de SP levou pr\u00eamio milion\u00e1rio","author":"ismaelcolosi.com.br","date":"23 de June de 2024","format":false,"excerpt":"Um bol\u00e3o de Ribeir\u00e3o Preto acertou quatro n\u00fameros no sorteio do concurso especial 6.462 da Quina de S\u00e3o Jo\u00e3o, realizado na noite deste s\u00e1bado (23), no Espa\u00e7o da Sorte, em S\u00e3o Paulo, e faturou R$ 121 mil. O pr\u00eamio principal, no entanto, saiu para tr\u00eas apostadores, sendo um do interior\u2026","rel":"","context":"In &quot;Not\u00edcias de Ribeir\u00e3o Preto-SP e Regi\u00e3o&quot;","block_context":{"text":"Not\u00edcias de Ribeir\u00e3o Preto-SP e Regi\u00e3o","link":"https:\/\/ismaelcolosi.com.br\/index.php\/category\/noticias-de-ribeirao-preto-sp-e-regiao-ismael-colosi\/"},"img":{"alt_text":"","src":"https:\/\/i0.wp.com\/ismaelcolosi.com.br\/wp-content\/uploads\/2024\/05\/Copia-de-Copia-de-TAMANHO-EXATO-PARA-FOTOS-NO-SISTEMA-NOVO-58_2024-05-28_19-09-34_jpg_2024-05-28_19-09-34.webp.webp?fit=1200%2C675&ssl=1&resize=350%2C200","width":350,"height":200,"srcset":"https:\/\/i0.wp.com\/ismaelcolosi.com.br\/wp-content\/uploads\/2024\/05\/Copia-de-Copia-de-TAMANHO-EXATO-PARA-FOTOS-NO-SISTEMA-NOVO-58_2024-05-28_19-09-34_jpg_2024-05-28_19-09-34.webp.webp?fit=1200%2C675&ssl=1&resize=350%2C200 1x, https:\/\/i0.wp.com\/ismaelcolosi.com.br\/wp-content\/uploads\/2024\/05\/Copia-de-Copia-de-TAMANHO-EXATO-PARA-FOTOS-NO-SISTEMA-NOVO-58_2024-05-28_19-09-34_jpg_2024-05-28_19-09-34.webp.webp?fit=1200%2C675&ssl=1&resize=525%2C300 1.5x, https:\/\/i0.wp.com\/ismaelcolosi.com.br\/wp-content\/uploads\/2024\/05\/Copia-de-Copia-de-TAMANHO-EXATO-PARA-FOTOS-NO-SISTEMA-NOVO-58_2024-05-28_19-09-34_jpg_2024-05-28_19-09-34.webp.webp?fit=1200%2C675&ssl=1&resize=700%2C400 2x, https:\/\/i0.wp.com\/ismaelcolosi.com.br\/wp-content\/uploads\/2024\/05\/Copia-de-Copia-de-TAMANHO-EXATO-PARA-FOTOS-NO-SISTEMA-NOVO-58_2024-05-28_19-09-34_jpg_2024-05-28_19-09-34.webp.webp?fit=1200%2C675&ssl=1&resize=1050%2C600 3x"},"classes":[]},{"id":55404,"url":"https:\/\/ismaelcolosi.com.br\/index.php\/2024\/07\/02\/apostas-do-interior-de-sp-sao-premiadas-na-mega-sena-veja-os-numeros-sorteados\/","url_meta":{"origin":55713,"position":2},"title":"Apostas do interior de SP s\u00e3o premiadas na Mega-Sena; Veja os n\u00fameros sorteados","author":"ismaelcolosi.com.br","date":"2 de July de 2024","format":false,"excerpt":"Apostas do interior de S\u00e3o Paulo foram premiadas no concurso 2.744 da Mega-Sena e faturaram mais de R$ 50 mil no sorteio realizado na noite desta ter\u00e7a-feira (2), no Espa\u00e7o da Sorte, em S\u00e3o Paulo. O pr\u00eamio principal, no entanto, acumulou em R$ 170 milh\u00f5es. Os n\u00fameros sorteados foram: 10\u2026","rel":"","context":"In &quot;Not\u00edcias de Ribeir\u00e3o Preto-SP e Regi\u00e3o&quot;","block_context":{"text":"Not\u00edcias de Ribeir\u00e3o Preto-SP e Regi\u00e3o","link":"https:\/\/ismaelcolosi.com.br\/index.php\/category\/noticias-de-ribeirao-preto-sp-e-regiao-ismael-colosi\/"},"img":{"alt_text":"","src":"https:\/\/i0.wp.com\/ismaelcolosi.com.br\/wp-content\/uploads\/2024\/07\/Mega-scaled.jpg?fit=1200%2C803&ssl=1&resize=350%2C200","width":350,"height":200,"srcset":"https:\/\/i0.wp.com\/ismaelcolosi.com.br\/wp-content\/uploads\/2024\/07\/Mega-scaled.jpg?fit=1200%2C803&ssl=1&resize=350%2C200 1x, https:\/\/i0.wp.com\/ismaelcolosi.com.br\/wp-content\/uploads\/2024\/07\/Mega-scaled.jpg?fit=1200%2C803&ssl=1&resize=525%2C300 1.5x, https:\/\/i0.wp.com\/ismaelcolosi.com.br\/wp-content\/uploads\/2024\/07\/Mega-scaled.jpg?fit=1200%2C803&ssl=1&resize=700%2C400 2x, https:\/\/i0.wp.com\/ismaelcolosi.com.br\/wp-content\/uploads\/2024\/07\/Mega-scaled.jpg?fit=1200%2C803&ssl=1&resize=1050%2C600 3x"},"classes":[]},{"id":44281,"url":"https:\/\/ismaelcolosi.com.br\/index.php\/2024\/03\/26\/bolao-de-ribeirao-preto-fatura-mais-de-r-100-mil-na-mega-sena-veja-os-numeros-sorteados\/","url_meta":{"origin":55713,"position":3},"title":"Bol\u00e3o de Ribeir\u00e3o Preto fatura mais de R$ 100 mil na Mega-Sena; Veja os n\u00fameros sorteados","author":"ismaelcolosi.com.br","date":"26 de March de 2024","format":false,"excerpt":"A Mega-Sena premiou um bol\u00e3o de Ribeir\u00e3o Preto, com mais de R$ 100 mil no concurso 2705, sorteado nesta ter\u00e7a-feira (26), no Espa\u00e7o da Sorte, em S\u00e3o Paulo. O pr\u00eamio principal, por\u00e9m, saiu para uma aposta de Recife-PE. Confira os n\u00fameros sorteados: 02 \u2013 16 \u2013 22 \u2013 27 \u2013\u2026","rel":"","context":"In &quot;Not\u00edcias de Ribeir\u00e3o Preto-SP e Regi\u00e3o&quot;","block_context":{"text":"Not\u00edcias de Ribeir\u00e3o Preto-SP e Regi\u00e3o","link":"https:\/\/ismaelcolosi.com.br\/index.php\/category\/noticias-de-ribeirao-preto-sp-e-regiao-ismael-colosi\/"},"img":{"alt_text":"","src":"https:\/\/i0.wp.com\/ismaelcolosi.com.br\/wp-content\/uploads\/2024\/03\/bilhete_da_1024x576_01082021083920.jpg?fit=1024%2C576&ssl=1&resize=350%2C200","width":350,"height":200,"srcset":"https:\/\/i0.wp.com\/ismaelcolosi.com.br\/wp-content\/uploads\/2024\/03\/bilhete_da_1024x576_01082021083920.jpg?fit=1024%2C576&ssl=1&resize=350%2C200 1x, https:\/\/i0.wp.com\/ismaelcolosi.com.br\/wp-content\/uploads\/2024\/03\/bilhete_da_1024x576_01082021083920.jpg?fit=1024%2C576&ssl=1&resize=525%2C300 1.5x, https:\/\/i0.wp.com\/ismaelcolosi.com.br\/wp-content\/uploads\/2024\/03\/bilhete_da_1024x576_01082021083920.jpg?fit=1024%2C576&ssl=1&resize=700%2C400 2x"},"classes":[]},{"id":56977,"url":"https:\/\/ismaelcolosi.com.br\/index.php\/2024\/07\/16\/apostadores-do-interior-de-sp-levam-premio-na-mega-sena-veja-os-numeros\/","url_meta":{"origin":55713,"position":4},"title":"Apostadores do interior de SP levam pr\u00eamio na Mega-Sena; Veja os n\u00fameros","author":"ismaelcolosi.com.br","date":"16 de July de 2024","format":false,"excerpt":"Uma aposta de Ribeir\u00e3o Preto acertou cinco n\u00fameros do concurso 2.749 da Mega-Sena e faturou mais de R$ 58 mil, na noite desta ter\u00e7a-feira (16). O sorteio foi realizado no Espa\u00e7o da Sorte, em S\u00e3o Paulo. Nenhum apostador acertou todas as dezenas e o pr\u00eamio principal acumulou em R$ 47\u2026","rel":"","context":"In &quot;Not\u00edcias de Ribeir\u00e3o Preto-SP e Regi\u00e3o&quot;","block_context":{"text":"Not\u00edcias de Ribeir\u00e3o Preto-SP e Regi\u00e3o","link":"https:\/\/ismaelcolosi.com.br\/index.php\/category\/noticias-de-ribeirao-preto-sp-e-regiao-ismael-colosi\/"},"img":{"alt_text":"","src":"https:\/\/i0.wp.com\/ismaelcolosi.com.br\/wp-content\/uploads\/2024\/07\/mega_sena_1024x576_24112020155229.jpg?fit=1024%2C575&ssl=1&resize=350%2C200","width":350,"height":200,"srcset":"https:\/\/i0.wp.com\/ismaelcolosi.com.br\/wp-content\/uploads\/2024\/07\/mega_sena_1024x576_24112020155229.jpg?fit=1024%2C575&ssl=1&resize=350%2C200 1x, https:\/\/i0.wp.com\/ismaelcolosi.com.br\/wp-content\/uploads\/2024\/07\/mega_sena_1024x576_24112020155229.jpg?fit=1024%2C575&ssl=1&resize=525%2C300 1.5x, https:\/\/i0.wp.com\/ismaelcolosi.com.br\/wp-content\/uploads\/2024\/07\/mega_sena_1024x576_24112020155229.jpg?fit=1024%2C575&ssl=1&resize=700%2C400 2x"},"classes":[]},{"id":60478,"url":"https:\/\/ismaelcolosi.com.br\/index.php\/2024\/08\/16\/bolao-de-ribeirao-preto-leva-r-500-mil-na-mega-sena-veja-os-numeros-sorteados\/","url_meta":{"origin":55713,"position":5},"title":"Bol\u00e3o de Ribeir\u00e3o Preto leva R$ 500 mil na Mega-Sena; Veja os n\u00fameros sorteados","author":"ismaelcolosi.com.br","date":"16 de August de 2024","format":false,"excerpt":"Um bol\u00e3o de Ribeir\u00e3o Preto, com quatro cotas, fez cinco acertos e levou o pr\u00eamio de R$ 518.727,00 na Mega-Sena, em sorteio realizado na noite da \u00faltima quinta-feira (15). J\u00e1 o pr\u00eamio principal, para quem acertou as seis dezenas, n\u00e3o teve vencedor e acumulou em R$ 55 milh\u00f5es. O bol\u00e3o\u2026","rel":"","context":"In &quot;Not\u00edcias de Ribeir\u00e3o Preto-SP e Regi\u00e3o&quot;","block_context":{"text":"Not\u00edcias de Ribeir\u00e3o Preto-SP e Regi\u00e3o","link":"https:\/\/ismaelcolosi.com.br\/index.php\/category\/noticias-de-ribeirao-preto-sp-e-regiao-ismael-colosi\/"},"img":{"alt_text":"","src":"https:\/\/i0.wp.com\/ismaelcolosi.com.br\/wp-content\/uploads\/2024\/08\/1723807613_20230622_182658.jpg?fit=1024%2C768&ssl=1&resize=350%2C200","width":350,"height":200,"srcset":"https:\/\/i0.wp.com\/ismaelcolosi.com.br\/wp-content\/uploads\/2024\/08\/1723807613_20230622_182658.jpg?fit=1024%2C768&ssl=1&resize=350%2C200 1x, https:\/\/i0.wp.com\/ismaelcolosi.com.br\/wp-content\/uploads\/2024\/08\/1723807613_20230622_182658.jpg?fit=1024%2C768&ssl=1&resize=525%2C300 1.5x, https:\/\/i0.wp.com\/ismaelcolosi.com.br\/wp-content\/uploads\/2024\/08\/1723807613_20230622_182658.jpg?fit=1024%2C768&ssl=1&resize=700%2C400 2x"},"classes":[]}],"jetpack_sharing_enabled":true,"jetpack_shortlink":"https:\/\/wp.me\/pfMlyK-euB","_links":{"self":[{"href":"https:\/\/ismaelcolosi.com.br\/index.php\/wp-json\/wp\/v2\/posts\/55713","targetHints":{"allow":["GET"]}}],"collection":[{"href":"https:\/\/ismaelcolosi.com.br\/index.php\/wp-json\/wp\/v2\/posts"}],"about":[{"href":"https:\/\/ismaelcolosi.com.br\/index.php\/wp-json\/wp\/v2\/types\/post"}],"author":[{"embeddable":true,"href":"https:\/\/ismaelcolosi.com.br\/index.php\/wp-json\/wp\/v2\/users\/1"}],"replies":[{"embeddable":true,"href":"https:\/\/ismaelcolosi.com.br\/index.php\/wp-json\/wp\/v2\/comments?post=55713"}],"version-history":[{"count":0,"href":"https:\/\/ismaelcolosi.com.br\/index.php\/wp-json\/wp\/v2\/posts\/55713\/revisions"}],"wp:featuredmedia":[{"embeddable":true,"href":"https:\/\/ismaelcolosi.com.br\/index.php\/wp-json\/wp\/v2\/media\/55714"}],"wp:attachment":[{"href":"https:\/\/ismaelcolosi.com.br\/index.php\/wp-json\/wp\/v2\/media?parent=55713"}],"wp:term":[{"taxonomy":"category","embeddable":true,"href":"https:\/\/ismaelcolosi.com.br\/index.php\/wp-json\/wp\/v2\/categories?post=55713"},{"taxonomy":"post_tag","embeddable":true,"href":"https:\/\/ismaelcolosi.com.br\/index.php\/wp-json\/wp\/v2\/tags?post=55713"}],"curies":[{"name":"wp","href":"https:\/\/api.w.org\/{rel}","templated":true}]}}