{"id":55711,"date":"2024-07-04T21:38:27","date_gmt":"2024-07-05T00:38:27","guid":{"rendered":"https:\/\/ismaelcolosi.com.br\/index.php\/2024\/07\/04\/14a-edicao-do-arraia-viva-ribeirao-reune-comidas-tipicas-e-shows-gratuitos-veja-quando\/"},"modified":"2024-07-04T21:38:27","modified_gmt":"2024-07-05T00:38:27","slug":"14a-edicao-do-arraia-viva-ribeirao-reune-comidas-tipicas-e-shows-gratuitos-veja-quando","status":"publish","type":"post","link":"https:\/\/ismaelcolosi.com.br\/index.php\/2024\/07\/04\/14a-edicao-do-arraia-viva-ribeirao-reune-comidas-tipicas-e-shows-gratuitos-veja-quando\/","title":{"rendered":"14\u00aa edi\u00e7\u00e3o do Arrai\u00e1 Viva Ribeir\u00e3o re\u00fane comidas t\u00edpicas e shows gratuitos; Veja quando"},"content":{"rendered":"<p> <br \/>\n<\/p>\n<div>\n<p>O tradicional <strong>Arrai\u00e1 Viva Ribeir\u00e3o<\/strong> acontece nos dias <strong>19<\/strong>,<strong> 20 <\/strong>e<strong> 21 de julho<\/strong>, no estacionamento do Teatro Municipal, localizado na Pra\u00e7a Alto do S\u00e3o Bento. <strong>O evento \u00e9 aberto ao p\u00fablico e completa 14 anos em 2024<\/strong>.<\/p>\n<p>A programa\u00e7\u00e3o especial da festa tem<strong> shows gratuitos<\/strong> de <strong>m\u00fasica caipira de raiz<\/strong>, <strong>sertaneja<\/strong>, <strong>samba <\/strong>e <strong>forr\u00f3<\/strong> \u2013 veja a programa\u00e7\u00e3o abaixo.<\/p><div class='code-block code-block-8' style='margin: 8px auto; text-align: center; display: block; clear: both;'>\n<script>\n  atOptions = {\n    'key' : '66e2e2111ca34da796271819fc334058',\n    'format' : 'iframe',\n    'height' : 250,\n    'width' : 300,\n    'params' : {}\n  };\n<\/script>\n<script src=\"https:\/\/www.highperformanceformat.com\/66e2e2111ca34da796271819fc334058\/invoke.js\"><\/script>\n<\/div>\n\n<p>A festa busca mostrar a hist\u00f3ria e costumes do <strong>interior paulista<\/strong>, atrav\u00e9s da decora\u00e7\u00e3o, m\u00fasicas, dan\u00e7as e comidas t\u00edpicas, al\u00e9m de quadrilha e origem do homem no campo.<\/p>\n<p><mark style=\"background-color:#fcb900\" class=\"has-inline-color\">Diversas<strong> entidades assist\u00eancias <\/strong>de <strong>Ribeir\u00e3o Preto<\/strong> participar\u00e3o do evento e ser\u00e3o <strong>beneficiadas<\/strong> com a <strong>renda <\/strong>obtida atrav\u00e9s da <strong>comercializa\u00e7\u00e3o de produtos em suas barracas<\/strong>.<\/mark><\/p>\n<p>A abertura oficial do evento est\u00e1 marcada para a <strong>sexta-feira, 19 de julho, \u00e0s 19 horas<\/strong>. Em seguida, \u00e0s 19h30, tem apresenta\u00e7\u00e3o da banda Beijo de Forr\u00f3.<\/p>\n<h3 class=\"wp-block-heading\"><strong>Confira a programa\u00e7\u00e3o<\/strong><\/h3>\n<p><strong>Sexta-feira, 19 de julho<\/strong><\/p>\n<ul>\n<li>19h \u2013 Cerim\u00f4nia de Abertura<\/li>\n<\/ul>\n<ul>\n<li>19h30 \u2013 Banda Beijo de Forr\u00f3<\/li>\n<\/ul>\n<ul>\n<li>21h \u00e0s 22h \u2013 Banda Beijo de Forr\u00f3<\/li>\n<\/ul>\n<p><strong>S\u00e1bado, 20 de julho<\/strong><\/p>\n<ul>\n<li>16h \u2013 Apresenta\u00e7\u00e3o Centros Culturais Vila Tecnol\u00f3gica e Campos El\u00edseos<\/li>\n<\/ul>\n<ul>\n<li>17h \u2013 \u201cXote das Meninas\u201d e \u201cQuadrilha Rapha Barboza Artes\u201d<\/li>\n<\/ul>\n<ul>\n<li>17h30 \u2013 Show com Lu\u00edsa e Clara Dias<\/li>\n<\/ul>\n<ul>\n<li>18h30 \u2013 Show Chico Rocha \u2013 Minhas Ra\u00edzes Minhas Origens<\/li>\n<\/ul>\n<ul>\n<li>20h \u2013 Noite da M\u00fasica Caipira com Grupo de Violeiros A Viola \u00e9 Minha Paix\u00e3o<\/li>\n<\/ul>\n<p><strong>Domingo, 21 de julho<\/strong><\/p>\n<ul>\n<li>16h \u2013 Apresenta\u00e7\u00e3o Centros Culturais Quintino II e CEU das Artes<\/li>\n<\/ul>\n<h4 class=\"wp-block-heading\"><strong>Servi\u00e7o<\/strong><\/h4>\n<p><em>Arrai\u00e1 Viva Ribeir\u00e3o 2024<\/em><\/p>\n<p>Datas e hor\u00e1rios: sexta-feira, 19 de julho, das 18h \u00e0s 22h; s\u00e1bado (20) e domingo (21), das 15h \u00e0s 22h<\/p>\n<p>Local: Estacionamento do Teatro Municipal de Ribeir\u00e3o Preto<\/p>\n<p>Endere\u00e7o: Pra\u00e7a Alto do S\u00e3o Bento, s\/n\u00ba<\/p>\n<p>Entrada gratuita<\/p>\n<hr class=\"wp-block-separator has-alpha-channel-opacity\"\/>\n<p>SAIBA MAIS<\/p>\n<p>Exposi\u00e7\u00e3o de pets re\u00fane esculturas de ra\u00e7as caninas e felinas em Ribeir\u00e3o Preto<\/p>\n<h4 class=\"wp-block-heading\"><strong>FIQUE ON<\/strong><\/h4>\n<p>Fique ligado em tudo que acontece em Ribeir\u00e3o Preto e regi\u00e3o. Siga os perfis do<strong>\u00a0acidade on<\/strong>\u00a0no<a href=\"https:\/\/www.instagram.com\/acidadeonribeirao\" target=\"_blank\" rel=\"noreferrer noopener\">\u00a0Instagram\u00a0<\/a>e no\u00a0<a href=\"https:\/\/www.facebook.com\/acidadeonribeirao\/\" target=\"_blank\" rel=\"noreferrer noopener\">Facebook<\/a>.<\/p>\n<p>Receba not\u00edcias do\u00a0<strong>acidade on<\/strong>\u00a0no WhatsApp.\u00a0<a href=\"https:\/\/chat.whatsapp.com\/CdrZ6xrf7quD44Vw3WlPuZ\" target=\"_blank\" rel=\"noreferrer noopener\">Para entrar no grupo, basta clicar aqui.<\/a><\/p>\n<p>Fa\u00e7a uma den\u00fancia ou sugira uma reportagem sobre Ribeir\u00e3o Preto e regi\u00e3o pelo WhatsApp: 16 99117 7802.<\/p>\n<p>VEJA TAMB\u00c9M<\/p>\n<p>Quando sai o Reencontro de \u2018Casamento \u00e0s Cegas\u2019?<\/p>\n<p><!-- AI CONTENT END 1 -->\n<\/div>\n<p><script async src=\"\/\/www.instagram.com\/embed.js\"><\/script><br \/>\n<br \/><br \/>\n<br \/><a href=\"https:\/\/www.acidadeon.com\/ribeiraopreto\/lazer-e-cultura\/14a-edicao-do-arraia-viva-ribeirao-reune-comidas-tipicas-e-shows-gratuitos-veja-quando\/\">Source link <\/a><\/p>\n<div class='code-block code-block-4' style='margin: 8px auto 8px 0; text-align: left; display: block; clear: both;'>\n\ud83d\udce2 Aviso Legal\n\nO site ismaelcolosi.com.br atua apenas como um canal de divulga\u00e7\u00e3o de oportunidades de emprego e n\u00e3o se responsabiliza pelo processo seletivo, contrata\u00e7\u00e3o ou qualquer outra etapa relacionada \u00e0s vagas publicadas. Todas as informa\u00e7\u00f5es s\u00e3o de responsabilidade dos anunciantes.\n\n\u26a0\ufe0f Aten\u00e7\u00e3o! Nunca pague por promessas de emprego nem compre cursos que garantam contrata\u00e7\u00e3o. Desconfie de qualquer cobran\u00e7a para participar de sele\u00e7\u00f5es.\n\n\n\n<\/div>\n<!-- CONTENT END 1 -->\n","protected":false},"excerpt":{"rendered":"<p>O tradicional Arrai\u00e1 Viva Ribeir\u00e3o acontece nos dias 19, 20 e 21 de julho, no estacionamento do Teatro Municipal, localizado na Pra\u00e7a Alto do S\u00e3o&#8230;<\/p>\n","protected":false},"author":1,"featured_media":55712,"comment_status":"open","ping_status":"open","sticky":false,"template":"","format":"standard","meta":{"_uag_custom_page_level_css":"","advanced_seo_description":"","jetpack_seo_html_title":"","jetpack_seo_noindex":false,"jetpack_post_was_ever_published":false,"_jetpack_newsletter_access":"","_jetpack_dont_email_post_to_subs":false,"_jetpack_newsletter_tier_id":0,"_jetpack_memberships_contains_paywalled_content":false,"_jetpack_memberships_contains_paid_content":false,"footnotes":"","jetpack_publicize_message":"","jetpack_publicize_feature_enabled":true,"jetpack_social_post_already_shared":true,"jetpack_social_options":{"image_generator_settings":{"template":"highway","default_image_id":0,"font":"","enabled":false},"version":2}},"categories":[11],"tags":[],"class_list":["post-55711","post","type-post","status-publish","format-standard","has-post-thumbnail","hentry","category-noticias-de-ribeirao-preto-sp-e-regiao-ismael-colosi"],"jetpack_publicize_connections":[],"jetpack_featured_media_url":"https:\/\/i0.wp.com\/ismaelcolosi.com.br\/wp-content\/uploads\/2024\/07\/ClubedeRibeiroPretodivulgadatadetradicionalfestajunina_Tamanho_2_image.jpg?fit=1200%2C900&ssl=1","uagb_featured_image_src":{"full":["https:\/\/i0.wp.com\/ismaelcolosi.com.br\/wp-content\/uploads\/2024\/07\/ClubedeRibeiroPretodivulgadatadetradicionalfestajunina_Tamanho_2_image.jpg?fit=1200%2C900&ssl=1",1200,900,false],"thumbnail":["https:\/\/i0.wp.com\/ismaelcolosi.com.br\/wp-content\/uploads\/2024\/07\/ClubedeRibeiroPretodivulgadatadetradicionalfestajunina_Tamanho_2_image.jpg?resize=150%2C150&ssl=1",150,150,true],"medium":["https:\/\/i0.wp.com\/ismaelcolosi.com.br\/wp-content\/uploads\/2024\/07\/ClubedeRibeiroPretodivulgadatadetradicionalfestajunina_Tamanho_2_image.jpg?fit=300%2C225&ssl=1",300,225,true],"medium_large":["https:\/\/i0.wp.com\/ismaelcolosi.com.br\/wp-content\/uploads\/2024\/07\/ClubedeRibeiroPretodivulgadatadetradicionalfestajunina_Tamanho_2_image.jpg?fit=768%2C576&ssl=1",768,576,true],"large":["https:\/\/i0.wp.com\/ismaelcolosi.com.br\/wp-content\/uploads\/2024\/07\/ClubedeRibeiroPretodivulgadatadetradicionalfestajunina_Tamanho_2_image.jpg?fit=1024%2C768&ssl=1",1024,768,true],"1536x1536":["https:\/\/i0.wp.com\/ismaelcolosi.com.br\/wp-content\/uploads\/2024\/07\/ClubedeRibeiroPretodivulgadatadetradicionalfestajunina_Tamanho_2_image.jpg?fit=1200%2C900&ssl=1",1200,900,true],"2048x2048":["https:\/\/i0.wp.com\/ismaelcolosi.com.br\/wp-content\/uploads\/2024\/07\/ClubedeRibeiroPretodivulgadatadetradicionalfestajunina_Tamanho_2_image.jpg?fit=1200%2C900&ssl=1",1200,900,true],"really-simple-thumb":["https:\/\/i0.wp.com\/ismaelcolosi.com.br\/wp-content\/uploads\/2024\/07\/ClubedeRibeiroPretodivulgadatadetradicionalfestajunina_Tamanho_2_image.jpg?resize=370%2C247&ssl=1",370,247,true]},"uagb_author_info":{"display_name":"ismaelcolosi.com.br","author_link":"https:\/\/ismaelcolosi.com.br\/index.php\/author\/vidareal-online\/"},"uagb_comment_info":0,"uagb_excerpt":"O tradicional Arrai\u00e1 Viva Ribeir\u00e3o acontece nos dias 19, 20 e 21 de julho, no estacionamento do Teatro Municipal, localizado na Pra\u00e7a Alto do S\u00e3o...","jetpack-related-posts":[{"id":51869,"url":"https:\/\/ismaelcolosi.com.br\/index.php\/2024\/05\/31\/festa-junina-em-shopping-de-ribeirao-preto-tem-comidas-tipicas-shows-e-espaco-kids\/","url_meta":{"origin":55711,"position":0},"title":"Festa junina em shopping de Ribeir\u00e3o Preto tem comidas t\u00edpicas, shows e espa\u00e7o kids","author":"ismaelcolosi.com.br","date":"31 de May de 2024","format":false,"excerpt":"A segunda edi\u00e7\u00e3o do Arrai\u00e1 Mio di B\u00e3o come\u00e7ou nesta quinta-feira (30), no estacionamento do Novo Shopping, zona Leste de Ribeir\u00e3o Preto. O evento acontece at\u00e9 o dia 30 de junho. Com entrada e estacionamento gratuitos, a festa junina possui diversas barracas com comidas e bebidas t\u00edpicas, espa\u00e7o kids, shows\u2026","rel":"","context":"In &quot;Not\u00edcias de Ribeir\u00e3o Preto-SP e Regi\u00e3o&quot;","block_context":{"text":"Not\u00edcias de Ribeir\u00e3o Preto-SP e Regi\u00e3o","link":"https:\/\/ismaelcolosi.com.br\/index.php\/category\/noticias-de-ribeirao-preto-sp-e-regiao-ismael-colosi\/"},"img":{"alt_text":"","src":"https:\/\/i0.wp.com\/ismaelcolosi.com.br\/wp-content\/uploads\/2024\/05\/arraia_mio_di_bao_01_2024-05-31_23-08-24_jpeg_2024-05-31_23-08-24.webp.webp?fit=1200%2C776&ssl=1&resize=350%2C200","width":350,"height":200,"srcset":"https:\/\/i0.wp.com\/ismaelcolosi.com.br\/wp-content\/uploads\/2024\/05\/arraia_mio_di_bao_01_2024-05-31_23-08-24_jpeg_2024-05-31_23-08-24.webp.webp?fit=1200%2C776&ssl=1&resize=350%2C200 1x, https:\/\/i0.wp.com\/ismaelcolosi.com.br\/wp-content\/uploads\/2024\/05\/arraia_mio_di_bao_01_2024-05-31_23-08-24_jpeg_2024-05-31_23-08-24.webp.webp?fit=1200%2C776&ssl=1&resize=525%2C300 1.5x, https:\/\/i0.wp.com\/ismaelcolosi.com.br\/wp-content\/uploads\/2024\/05\/arraia_mio_di_bao_01_2024-05-31_23-08-24_jpeg_2024-05-31_23-08-24.webp.webp?fit=1200%2C776&ssl=1&resize=700%2C400 2x, https:\/\/i0.wp.com\/ismaelcolosi.com.br\/wp-content\/uploads\/2024\/05\/arraia_mio_di_bao_01_2024-05-31_23-08-24_jpeg_2024-05-31_23-08-24.webp.webp?fit=1200%2C776&ssl=1&resize=1050%2C600 3x"},"classes":[]},{"id":54898,"url":"https:\/\/ismaelcolosi.com.br\/index.php\/2024\/06\/28\/arraia-da-acirp-em-ribeirao-preto-confirma-atracoes-confira\/","url_meta":{"origin":55711,"position":1},"title":"Arrai\u00e1 da Acirp em Ribeir\u00e3o Preto confirma atra\u00e7\u00f5es; Confira","author":"ismaelcolosi.com.br","date":"28 de June de 2024","format":false,"excerpt":"O Arra\u00eda da Acirp, que acontece nos dias 5 e 6 de julho, na pra\u00e7a Carlos Gomes, no Centro de Ribeir\u00e3o Preto, confirmou as atra\u00e7\u00f5es musicais do evento. O evento \u00e9 gratuito e comemora os 120 anos da Associa\u00e7\u00e3o Comercial e Industrial de Ribeir\u00e3o Preto. Entre os artistas confirmados est\u00e3o:\u2026","rel":"","context":"In &quot;Not\u00edcias de Ribeir\u00e3o Preto-SP e Regi\u00e3o&quot;","block_context":{"text":"Not\u00edcias de Ribeir\u00e3o Preto-SP e Regi\u00e3o","link":"https:\/\/ismaelcolosi.com.br\/index.php\/category\/noticias-de-ribeirao-preto-sp-e-regiao-ismael-colosi\/"},"img":{"alt_text":"","src":"https:\/\/i0.wp.com\/ismaelcolosi.com.br\/wp-content\/uploads\/2024\/06\/conheca-a-maior-festa-junina-do-mundo-super-andreazza_2024-06-28_14-26-51_jpg_2024-06-28_14-26-51.webp.webp?fit=800%2C600&ssl=1&resize=350%2C200","width":350,"height":200,"srcset":"https:\/\/i0.wp.com\/ismaelcolosi.com.br\/wp-content\/uploads\/2024\/06\/conheca-a-maior-festa-junina-do-mundo-super-andreazza_2024-06-28_14-26-51_jpg_2024-06-28_14-26-51.webp.webp?fit=800%2C600&ssl=1&resize=350%2C200 1x, https:\/\/i0.wp.com\/ismaelcolosi.com.br\/wp-content\/uploads\/2024\/06\/conheca-a-maior-festa-junina-do-mundo-super-andreazza_2024-06-28_14-26-51_jpg_2024-06-28_14-26-51.webp.webp?fit=800%2C600&ssl=1&resize=525%2C300 1.5x, https:\/\/i0.wp.com\/ismaelcolosi.com.br\/wp-content\/uploads\/2024\/06\/conheca-a-maior-festa-junina-do-mundo-super-andreazza_2024-06-28_14-26-51_jpg_2024-06-28_14-26-51.webp.webp?fit=800%2C600&ssl=1&resize=700%2C400 2x"},"classes":[]},{"id":56292,"url":"https:\/\/ismaelcolosi.com.br\/index.php\/2024\/07\/10\/lar-padre-euclides-em-ribeirao-preto-realiza-arraia-com-comidas-tipicas-e-musica-ao-vivo\/","url_meta":{"origin":55711,"position":2},"title":"Lar Padre Euclides em Ribeir\u00e3o Preto realiza \u2018arrai\u00e1\u2019 com comidas t\u00edpicas e m\u00fasica ao vivo","author":"ismaelcolosi.com.br","date":"10 de July de 2024","format":false,"excerpt":"O Lar Padre Euclides realiza dois dias de \u201carrai\u00e1\u201d com barracas de comidas e bebidas t\u00edpicas, m\u00fasica ao vivo, apresenta\u00e7\u00e3o de dan\u00e7a, bingo e espa\u00e7o kids. O evento, com entrada gratuita, ser\u00e1 nesta sexta-feira (12) e no s\u00e1bado (13), a partir das 17h. Toda renda arrecadada nas vendas das barracas\u2026","rel":"","context":"In &quot;Not\u00edcias de Ribeir\u00e3o Preto-SP e Regi\u00e3o&quot;","block_context":{"text":"Not\u00edcias de Ribeir\u00e3o Preto-SP e Regi\u00e3o","link":"https:\/\/ismaelcolosi.com.br\/index.php\/category\/noticias-de-ribeirao-preto-sp-e-regiao-ismael-colosi\/"},"img":{"alt_text":"","src":"https:\/\/i0.wp.com\/ismaelcolosi.com.br\/wp-content\/uploads\/2024\/07\/festa_junina_1024x576_24062020120510.jpg?fit=1024%2C576&ssl=1&resize=350%2C200","width":350,"height":200,"srcset":"https:\/\/i0.wp.com\/ismaelcolosi.com.br\/wp-content\/uploads\/2024\/07\/festa_junina_1024x576_24062020120510.jpg?fit=1024%2C576&ssl=1&resize=350%2C200 1x, https:\/\/i0.wp.com\/ismaelcolosi.com.br\/wp-content\/uploads\/2024\/07\/festa_junina_1024x576_24062020120510.jpg?fit=1024%2C576&ssl=1&resize=525%2C300 1.5x, https:\/\/i0.wp.com\/ismaelcolosi.com.br\/wp-content\/uploads\/2024\/07\/festa_junina_1024x576_24062020120510.jpg?fit=1024%2C576&ssl=1&resize=700%2C400 2x"},"classes":[]},{"id":49148,"url":"https:\/\/ismaelcolosi.com.br\/index.php\/2024\/05\/08\/festa-junina-em-estacionamento-de-shopping-de-ribeirao-preto-tem-entrada-gratuita\/","url_meta":{"origin":55711,"position":3},"title":"Festa Junina em estacionamento de shopping de Ribeir\u00e3o Preto tem entrada gratuita","author":"ismaelcolosi.com.br","date":"8 de May de 2024","format":false,"excerpt":"O segundo \u201cArrai\u00e1 Mio Di B\u00e3o \u2013 Ribeir\u00e3o!\u201d, que re\u00fane shows, comidas t\u00edpicas e a\u00e7\u00f5es solid\u00e1rias, no estacionamento do Novo Shopping, na zona Leste da cidade, acontece de 30 de maio a 30 e junho. Com entrada e estacionamento gratuitos, o evento contar\u00e1 com diversas barracas com comidas e bebidas\u2026","rel":"","context":"In &quot;Not\u00edcias de Ribeir\u00e3o Preto-SP e Regi\u00e3o&quot;","block_context":{"text":"Not\u00edcias de Ribeir\u00e3o Preto-SP e Regi\u00e3o","link":"https:\/\/ismaelcolosi.com.br\/index.php\/category\/noticias-de-ribeirao-preto-sp-e-regiao-ismael-colosi\/"},"img":{"alt_text":"","src":"https:\/\/i0.wp.com\/ismaelcolosi.com.br\/wp-content\/uploads\/2024\/05\/Capturar_2024-05-08_22-00-18_jpg_2024-05-08_22-00-18.webp.webp?fit=774%2C518&ssl=1&resize=350%2C200","width":350,"height":200,"srcset":"https:\/\/i0.wp.com\/ismaelcolosi.com.br\/wp-content\/uploads\/2024\/05\/Capturar_2024-05-08_22-00-18_jpg_2024-05-08_22-00-18.webp.webp?fit=774%2C518&ssl=1&resize=350%2C200 1x, https:\/\/i0.wp.com\/ismaelcolosi.com.br\/wp-content\/uploads\/2024\/05\/Capturar_2024-05-08_22-00-18_jpg_2024-05-08_22-00-18.webp.webp?fit=774%2C518&ssl=1&resize=525%2C300 1.5x, https:\/\/i0.wp.com\/ismaelcolosi.com.br\/wp-content\/uploads\/2024\/05\/Capturar_2024-05-08_22-00-18_jpg_2024-05-08_22-00-18.webp.webp?fit=774%2C518&ssl=1&resize=700%2C400 2x"},"classes":[]},{"id":56027,"url":"https:\/\/ismaelcolosi.com.br\/index.php\/2024\/07\/08\/shopping-de-ribeirao-preto-realiza-festa-julina-com-cordeis-musica-ao-vivo-e-comidas-tipicas\/","url_meta":{"origin":55711,"position":4},"title":"Shopping de Ribeir\u00e3o Preto realiza festa julina com cord\u00e9is, m\u00fasica ao vivo e comidas t\u00edpicas","author":"ismaelcolosi.com.br","date":"8 de July de 2024","format":false,"excerpt":"Ribeir\u00e3o Preto recebe entre os dias 11 e 14 de julho, a Villa S\u00e3o Jo\u00e3o, uma festa julina que vai celebrar a cultura popular nordestina e sertaneja por meio de xilogravuras, cord\u00e9is e m\u00fasicas. Com uma programa\u00e7\u00e3o que valoriza as tradi\u00e7\u00f5es juninas, a festa acontece no estacionamento do Ribeir\u00e3o Shopping,\u2026","rel":"","context":"In &quot;Not\u00edcias de Ribeir\u00e3o Preto-SP e Regi\u00e3o&quot;","block_context":{"text":"Not\u00edcias de Ribeir\u00e3o Preto-SP e Regi\u00e3o","link":"https:\/\/ismaelcolosi.com.br\/index.php\/category\/noticias-de-ribeirao-preto-sp-e-regiao-ismael-colosi\/"},"img":{"alt_text":"","src":"https:\/\/i0.wp.com\/ismaelcolosi.com.br\/wp-content\/uploads\/2024\/07\/edit_mca_abr_060620194963_2024-07-08_19-21-45_jpg_2024-07-08_19-21-47-scaled.webp.webp?fit=1200%2C800&ssl=1&resize=350%2C200","width":350,"height":200,"srcset":"https:\/\/i0.wp.com\/ismaelcolosi.com.br\/wp-content\/uploads\/2024\/07\/edit_mca_abr_060620194963_2024-07-08_19-21-45_jpg_2024-07-08_19-21-47-scaled.webp.webp?fit=1200%2C800&ssl=1&resize=350%2C200 1x, https:\/\/i0.wp.com\/ismaelcolosi.com.br\/wp-content\/uploads\/2024\/07\/edit_mca_abr_060620194963_2024-07-08_19-21-45_jpg_2024-07-08_19-21-47-scaled.webp.webp?fit=1200%2C800&ssl=1&resize=525%2C300 1.5x, https:\/\/i0.wp.com\/ismaelcolosi.com.br\/wp-content\/uploads\/2024\/07\/edit_mca_abr_060620194963_2024-07-08_19-21-45_jpg_2024-07-08_19-21-47-scaled.webp.webp?fit=1200%2C800&ssl=1&resize=700%2C400 2x, https:\/\/i0.wp.com\/ismaelcolosi.com.br\/wp-content\/uploads\/2024\/07\/edit_mca_abr_060620194963_2024-07-08_19-21-45_jpg_2024-07-08_19-21-47-scaled.webp.webp?fit=1200%2C800&ssl=1&resize=1050%2C600 3x"},"classes":[]},{"id":51395,"url":"https:\/\/ismaelcolosi.com.br\/index.php\/2024\/05\/27\/festa-junina-em-estacionamento-de-shopping-comeca-esta-semana-em-ribeirao-preto\/","url_meta":{"origin":55711,"position":5},"title":"Festa junina em estacionamento de shopping come\u00e7a esta semana em Ribeir\u00e3o Preto","author":"ismaelcolosi.com.br","date":"27 de May de 2024","format":false,"excerpt":"A segunda edi\u00e7\u00e3o da festa junina \u201cArrai\u00e1 Mio di B\u00e3o Ribeir\u00e3o\u201d, que re\u00fane durante 17 dias, barracas com comidas e bebidas t\u00edpicas, shows musicais e a\u00e7\u00f5es solid\u00e1rias, come\u00e7a nesta quinta-feira (30). O evento, com entrada e estacionamento gratuitos, acontece no estacionamento do Novo Shopping, na zona Leste de Ribeir\u00e3o Preto.\u2026","rel":"","context":"In &quot;Not\u00edcias de Ribeir\u00e3o Preto-SP e Regi\u00e3o&quot;","block_context":{"text":"Not\u00edcias de Ribeir\u00e3o Preto-SP e Regi\u00e3o","link":"https:\/\/ismaelcolosi.com.br\/index.php\/category\/noticias-de-ribeirao-preto-sp-e-regiao-ismael-colosi\/"},"img":{"alt_text":"","src":"https:\/\/i0.wp.com\/ismaelcolosi.com.br\/wp-content\/uploads\/2024\/05\/Copia-de-Copia-de-TAMANHO-EXATO-PARA-FOTOS-NO-SISTEMA-NOVO-50_2024-05-27_15-37-26_jpg_2024-05-27_15-37-26.webp.webp?fit=1200%2C675&ssl=1&resize=350%2C200","width":350,"height":200,"srcset":"https:\/\/i0.wp.com\/ismaelcolosi.com.br\/wp-content\/uploads\/2024\/05\/Copia-de-Copia-de-TAMANHO-EXATO-PARA-FOTOS-NO-SISTEMA-NOVO-50_2024-05-27_15-37-26_jpg_2024-05-27_15-37-26.webp.webp?fit=1200%2C675&ssl=1&resize=350%2C200 1x, https:\/\/i0.wp.com\/ismaelcolosi.com.br\/wp-content\/uploads\/2024\/05\/Copia-de-Copia-de-TAMANHO-EXATO-PARA-FOTOS-NO-SISTEMA-NOVO-50_2024-05-27_15-37-26_jpg_2024-05-27_15-37-26.webp.webp?fit=1200%2C675&ssl=1&resize=525%2C300 1.5x, https:\/\/i0.wp.com\/ismaelcolosi.com.br\/wp-content\/uploads\/2024\/05\/Copia-de-Copia-de-TAMANHO-EXATO-PARA-FOTOS-NO-SISTEMA-NOVO-50_2024-05-27_15-37-26_jpg_2024-05-27_15-37-26.webp.webp?fit=1200%2C675&ssl=1&resize=700%2C400 2x, https:\/\/i0.wp.com\/ismaelcolosi.com.br\/wp-content\/uploads\/2024\/05\/Copia-de-Copia-de-TAMANHO-EXATO-PARA-FOTOS-NO-SISTEMA-NOVO-50_2024-05-27_15-37-26_jpg_2024-05-27_15-37-26.webp.webp?fit=1200%2C675&ssl=1&resize=1050%2C600 3x"},"classes":[]}],"jetpack_sharing_enabled":true,"jetpack_shortlink":"https:\/\/wp.me\/pfMlyK-euz","_links":{"self":[{"href":"https:\/\/ismaelcolosi.com.br\/index.php\/wp-json\/wp\/v2\/posts\/55711","targetHints":{"allow":["GET"]}}],"collection":[{"href":"https:\/\/ismaelcolosi.com.br\/index.php\/wp-json\/wp\/v2\/posts"}],"about":[{"href":"https:\/\/ismaelcolosi.com.br\/index.php\/wp-json\/wp\/v2\/types\/post"}],"author":[{"embeddable":true,"href":"https:\/\/ismaelcolosi.com.br\/index.php\/wp-json\/wp\/v2\/users\/1"}],"replies":[{"embeddable":true,"href":"https:\/\/ismaelcolosi.com.br\/index.php\/wp-json\/wp\/v2\/comments?post=55711"}],"version-history":[{"count":0,"href":"https:\/\/ismaelcolosi.com.br\/index.php\/wp-json\/wp\/v2\/posts\/55711\/revisions"}],"wp:featuredmedia":[{"embeddable":true,"href":"https:\/\/ismaelcolosi.com.br\/index.php\/wp-json\/wp\/v2\/media\/55712"}],"wp:attachment":[{"href":"https:\/\/ismaelcolosi.com.br\/index.php\/wp-json\/wp\/v2\/media?parent=55711"}],"wp:term":[{"taxonomy":"category","embeddable":true,"href":"https:\/\/ismaelcolosi.com.br\/index.php\/wp-json\/wp\/v2\/categories?post=55711"},{"taxonomy":"post_tag","embeddable":true,"href":"https:\/\/ismaelcolosi.com.br\/index.php\/wp-json\/wp\/v2\/tags?post=55711"}],"curies":[{"name":"wp","href":"https:\/\/api.w.org\/{rel}","templated":true}]}}