{"id":55703,"date":"2024-07-04T19:53:03","date_gmt":"2024-07-04T22:53:03","guid":{"rendered":"https:\/\/ismaelcolosi.com.br\/index.php\/2024\/07\/04\/pix-por-aproximacao-modalidade-deve-comecar-em-2025-entenda\/"},"modified":"2024-07-04T19:53:03","modified_gmt":"2024-07-04T22:53:03","slug":"pix-por-aproximacao-modalidade-deve-comecar-em-2025-entenda","status":"publish","type":"post","link":"https:\/\/ismaelcolosi.com.br\/index.php\/2024\/07\/04\/pix-por-aproximacao-modalidade-deve-comecar-em-2025-entenda\/","title":{"rendered":"Pix por aproxima\u00e7\u00e3o? Modalidade deve come\u00e7ar em 2025; Entenda"},"content":{"rendered":"<p> <br \/>\n<\/p>\n<div>\n<p>O<strong> Banco Central (BC)<\/strong> anunciou, nesta quinta-feira (4), que correntistas poder\u00e3o utilizar o<strong> Pix por aproxima\u00e7\u00e3o<\/strong> a partir de fevereiro de 2025. <\/p>\n<p>A <strong>autoridade monet\u00e1ria<\/strong> e o <strong>Conselho Monet\u00e1rio Nacional (CMN)<\/strong> editaram novas regras para ampliar o o<strong>pen finance<\/strong>, compartilhamento de dados entre as institui\u00e7\u00f5es financeiras, e <strong>permitir a modalidade<\/strong>. <mark style=\"background-color:#fcb900\" class=\"has-inline-color\">As novas regras do<strong> open finance<\/strong> t\u00eam como objetivo diminuir etapas nos pagamentos on-line.<\/mark><\/p><div class='code-block code-block-8' style='margin: 8px auto; text-align: center; display: block; clear: both;'>\n<script>\n  atOptions = {\n    'key' : '66e2e2111ca34da796271819fc334058',\n    'format' : 'iframe',\n    'height' : 250,\n    'width' : 300,\n    'params' : {}\n  };\n<\/script>\n<script src=\"https:\/\/www.highperformanceformat.com\/66e2e2111ca34da796271819fc334058\/invoke.js\"><\/script>\n<\/div>\n\n<p>Por meio do <strong>Pix por aproxima\u00e7\u00e3o<\/strong>, o correntista poder\u00e1 fazer a<strong> transfer\u00eancia instant\u00e2nea sem sair do ambiente de compras on-line e ir para o aplicativo do banco<\/strong>.<\/p>\n<p>A funcionalidade, no entanto, exige a inclus\u00e3o de<strong> novos tipos de institui\u00e7\u00f5es financeiras<\/strong> no <strong>open finance<\/strong> e estabelecer uma governan\u00e7a definitiva para o <strong>compartilhamento de dados entre elas<\/strong>.<\/p>\n<h3 class=\"wp-block-heading\"><strong>Como funciona o Pix por aproxima\u00e7\u00e3o?<\/strong><\/h3>\n<p>O <strong>Pix por aproxima\u00e7\u00e3o<\/strong> funcionar\u00e1 atrav\u00e9s das <strong>carteiras digitais<\/strong>, conhecidas como \u201c<strong>wallets<\/strong>\u201d. <mark style=\"background-color:#fcb900\" class=\"has-inline-color\">Atualmente, cart\u00f5es de cr\u00e9dito e d\u00e9bito j\u00e1 fazem parte desse sistema.<\/mark><\/p>\n<p>Os interessados em utilizar a modalidade dever\u00e3o <strong>efetuar o cadastro do Pix em uma carteira digital <\/strong>para utilizar o servi\u00e7o. No come\u00e7o de junho, o presidente do BC citou o <strong>Google Pay<\/strong> e a <strong>Apple Pay <\/strong>como ferramentas onde a tecnologia vai funcionar.<\/p>\n<h4 class=\"wp-block-heading\"><strong>Confira o cronograma do Banco Central<\/strong><\/h4>\n<ul>\n<li>31 de julho de 2024 \u2013 regulamenta\u00e7\u00e3o espec\u00edfica para a Jornada de Pagamentos Sem Redirecionamento (JSR), nome formal do Pix por aproxima\u00e7\u00e3o;<\/li>\n<\/ul>\n<ul>\n<li>14 de novembro de 2024 \u2013 in\u00edcio dos testes pelas institui\u00e7\u00f5es financeiras, para garantir a seguran\u00e7a da funcionalidade;<\/li>\n<\/ul>\n<ul>\n<li>28 de fevereiro de 2025 \u2013 Lan\u00e7amento do produto para a popula\u00e7\u00e3o.<\/li>\n<\/ul>\n<p>Pelas novas normas, as institui\u00e7\u00f5es financeiras com mais de 5 milh\u00f5es de clientes, individuais ou em conglomerados, ser\u00e3o obrigadas a aderir ao open finance.<\/p>\n<p>Segundo o BC, a mudan\u00e7a ampliar\u00e1, de 75% para 95%, a base de clientes que podem optar por compartilhar seus dados entre as institui\u00e7\u00f5es. O cliente com carteiras digitais dever\u00e1 se cadastrar em uma institui\u00e7\u00e3o inscrita no open finance e liberar as fun\u00e7\u00f5es de Pix nas carteiras digitais.<\/p>\n<p>*<em><strong>Com informa\u00e7\u00f5es da Ag\u00eancia Brasil<\/strong><\/em><\/p>\n<hr class=\"wp-block-separator has-alpha-channel-opacity\"\/>\n<p>SAIBA MAIS<\/p>\n<p>Alerta de perigo potencial \u00e9 emitido para o interior de SP; Veja regi\u00f5es afetadas<\/p>\n<h4 class=\"wp-block-heading\"><strong>FIQUE ON<\/strong><\/h4>\n<p>Fique ligado em tudo que acontece em Ribeir\u00e3o Preto e regi\u00e3o. Siga os perfis do<strong>\u00a0acidade on<\/strong>\u00a0no<a href=\"https:\/\/www.instagram.com\/acidadeonribeirao\" target=\"_blank\" rel=\"noreferrer noopener\">\u00a0Instagram\u00a0<\/a>e no\u00a0<a href=\"https:\/\/www.facebook.com\/acidadeonribeirao\/\" target=\"_blank\" rel=\"noreferrer noopener\">Facebook<\/a>.<\/p>\n<p>Receba not\u00edcias do\u00a0<strong>acidade on<\/strong>\u00a0no WhatsApp.\u00a0<a href=\"https:\/\/chat.whatsapp.com\/CdrZ6xrf7quD44Vw3WlPuZ\" target=\"_blank\" rel=\"noreferrer noopener\">Para entrar no grupo, basta clicar aqui.<\/a><\/p>\n<p>Fa\u00e7a uma den\u00fancia ou sugira uma reportagem sobre Ribeir\u00e3o Preto e regi\u00e3o pelo WhatsApp: 16 99117 7802.<\/p>\n<p>VEJA TAMB\u00c9M<\/p>\n<p>Quantos filmes tem na franquia \u2018Um Tira da Pesada\u2019?<\/p>\n<p><!-- AI CONTENT END 1 -->\n<\/div>\n<p><script async src=\"\/\/www.instagram.com\/embed.js\"><\/script><br \/>\n<br \/><br \/>\n<br \/><a href=\"https:\/\/www.acidadeon.com\/ribeiraopreto\/economia\/pix-por-aproximacao-modalidade-deve-comecar-em-2025\/\">Source link <\/a><\/p>\n<div class='code-block code-block-4' style='margin: 8px auto 8px 0; text-align: left; display: block; clear: both;'>\n\ud83d\udce2 Aviso Legal\n\nO site ismaelcolosi.com.br atua apenas como um canal de divulga\u00e7\u00e3o de oportunidades de emprego e n\u00e3o se responsabiliza pelo processo seletivo, contrata\u00e7\u00e3o ou qualquer outra etapa relacionada \u00e0s vagas publicadas. Todas as informa\u00e7\u00f5es s\u00e3o de responsabilidade dos anunciantes.\n\n\u26a0\ufe0f Aten\u00e7\u00e3o! Nunca pague por promessas de emprego nem compre cursos que garantam contrata\u00e7\u00e3o. Desconfie de qualquer cobran\u00e7a para participar de sele\u00e7\u00f5es.\n\n\n\n<\/div>\n<!-- CONTENT END 1 -->\n","protected":false},"excerpt":{"rendered":"<p>O Banco Central (BC) anunciou, nesta quinta-feira (4), que correntistas poder\u00e3o utilizar o Pix por aproxima\u00e7\u00e3o a partir de fevereiro de 2025. A autoridade monet\u00e1ria&#8230;<\/p>\n","protected":false},"author":1,"featured_media":55704,"comment_status":"open","ping_status":"open","sticky":false,"template":"","format":"standard","meta":{"_uag_custom_page_level_css":"","advanced_seo_description":"","jetpack_seo_html_title":"","jetpack_seo_noindex":false,"jetpack_post_was_ever_published":false,"_jetpack_newsletter_access":"","_jetpack_dont_email_post_to_subs":false,"_jetpack_newsletter_tier_id":0,"_jetpack_memberships_contains_paywalled_content":false,"_jetpack_memberships_contains_paid_content":false,"footnotes":"","jetpack_publicize_message":"","jetpack_publicize_feature_enabled":true,"jetpack_social_post_already_shared":true,"jetpack_social_options":{"image_generator_settings":{"template":"highway","default_image_id":0,"font":"","enabled":false},"version":2}},"categories":[11],"tags":[],"class_list":["post-55703","post","type-post","status-publish","format-standard","has-post-thumbnail","hentry","category-noticias-de-ribeirao-preto-sp-e-regiao-ismael-colosi"],"jetpack_publicize_connections":[],"jetpack_featured_media_url":"https:\/\/i0.wp.com\/ismaelcolosi.com.br\/wp-content\/uploads\/2024\/07\/Capturar-1.jpg?fit=1138%2C633&ssl=1","uagb_featured_image_src":{"full":["https:\/\/i0.wp.com\/ismaelcolosi.com.br\/wp-content\/uploads\/2024\/07\/Capturar-1.jpg?fit=1138%2C633&ssl=1",1138,633,false],"thumbnail":["https:\/\/i0.wp.com\/ismaelcolosi.com.br\/wp-content\/uploads\/2024\/07\/Capturar-1.jpg?resize=150%2C150&ssl=1",150,150,true],"medium":["https:\/\/i0.wp.com\/ismaelcolosi.com.br\/wp-content\/uploads\/2024\/07\/Capturar-1.jpg?fit=300%2C167&ssl=1",300,167,true],"medium_large":["https:\/\/i0.wp.com\/ismaelcolosi.com.br\/wp-content\/uploads\/2024\/07\/Capturar-1.jpg?fit=768%2C427&ssl=1",768,427,true],"large":["https:\/\/i0.wp.com\/ismaelcolosi.com.br\/wp-content\/uploads\/2024\/07\/Capturar-1.jpg?fit=1024%2C570&ssl=1",1024,570,true],"1536x1536":["https:\/\/i0.wp.com\/ismaelcolosi.com.br\/wp-content\/uploads\/2024\/07\/Capturar-1.jpg?fit=1138%2C633&ssl=1",1138,633,true],"2048x2048":["https:\/\/i0.wp.com\/ismaelcolosi.com.br\/wp-content\/uploads\/2024\/07\/Capturar-1.jpg?fit=1138%2C633&ssl=1",1138,633,true],"really-simple-thumb":["https:\/\/i0.wp.com\/ismaelcolosi.com.br\/wp-content\/uploads\/2024\/07\/Capturar-1.jpg?resize=370%2C247&ssl=1",370,247,true]},"uagb_author_info":{"display_name":"ismaelcolosi.com.br","author_link":"https:\/\/ismaelcolosi.com.br\/index.php\/author\/vidareal-online\/"},"uagb_comment_info":0,"uagb_excerpt":"O Banco Central (BC) anunciou, nesta quinta-feira (4), que correntistas poder\u00e3o utilizar o Pix por aproxima\u00e7\u00e3o a partir de fevereiro de 2025. A autoridade monet\u00e1ria...","jetpack-related-posts":[{"id":74007,"url":"https:\/\/ismaelcolosi.com.br\/index.php\/2024\/10\/29\/pix-por-aproximacao-nova-modalidade-estara-disponivel-na-proxima-semana\/","url_meta":{"origin":55703,"position":0},"title":"Pix por aproxima\u00e7\u00e3o: nova modalidade estar\u00e1 dispon\u00edvel na pr\u00f3xima semana","author":"ismaelcolosi.com.br","date":"29 de October de 2024","format":false,"excerpt":"O presidente do Banco Central, Roberto Campos Neto, anunciou nesta ter\u00e7a-feira (29) que o pagamento do Pix por aproxima\u00e7\u00e3o come\u00e7ar\u00e1 a funcionar a partir da pr\u00f3xima semana. A nova modalidade permite que os usu\u00e1rios realizem transfer\u00eancias ao aproximar o celular da m\u00e1quina de cart\u00e3o. A ideia \u00e9 que as pessoas\u2026","rel":"","context":"In &quot;Not\u00edcias de Ribeir\u00e3o Preto-SP e Regi\u00e3o&quot;","block_context":{"text":"Not\u00edcias de Ribeir\u00e3o Preto-SP e Regi\u00e3o","link":"https:\/\/ismaelcolosi.com.br\/index.php\/category\/noticias-de-ribeirao-preto-sp-e-regiao-ismael-colosi\/"},"img":{"alt_text":"","src":"https:\/\/i0.wp.com\/ismaelcolosi.com.br\/wp-content\/uploads\/2024\/10\/Copia-de-Copia-de-Copia-de-TAMANHO-EXATO-PARA-FOTOS-NO-SISTEMA-NOVO-56_2024-10-29_19-22-00_png_2024-10-29_19-22-00.webp.webp?fit=1200%2C675&ssl=1&resize=350%2C200","width":350,"height":200,"srcset":"https:\/\/i0.wp.com\/ismaelcolosi.com.br\/wp-content\/uploads\/2024\/10\/Copia-de-Copia-de-Copia-de-TAMANHO-EXATO-PARA-FOTOS-NO-SISTEMA-NOVO-56_2024-10-29_19-22-00_png_2024-10-29_19-22-00.webp.webp?fit=1200%2C675&ssl=1&resize=350%2C200 1x, https:\/\/i0.wp.com\/ismaelcolosi.com.br\/wp-content\/uploads\/2024\/10\/Copia-de-Copia-de-Copia-de-TAMANHO-EXATO-PARA-FOTOS-NO-SISTEMA-NOVO-56_2024-10-29_19-22-00_png_2024-10-29_19-22-00.webp.webp?fit=1200%2C675&ssl=1&resize=525%2C300 1.5x, https:\/\/i0.wp.com\/ismaelcolosi.com.br\/wp-content\/uploads\/2024\/10\/Copia-de-Copia-de-Copia-de-TAMANHO-EXATO-PARA-FOTOS-NO-SISTEMA-NOVO-56_2024-10-29_19-22-00_png_2024-10-29_19-22-00.webp.webp?fit=1200%2C675&ssl=1&resize=700%2C400 2x, https:\/\/i0.wp.com\/ismaelcolosi.com.br\/wp-content\/uploads\/2024\/10\/Copia-de-Copia-de-Copia-de-TAMANHO-EXATO-PARA-FOTOS-NO-SISTEMA-NOVO-56_2024-10-29_19-22-00_png_2024-10-29_19-22-00.webp.webp?fit=1200%2C675&ssl=1&resize=1050%2C600 3x"},"classes":[]},{"id":71913,"url":"https:\/\/ismaelcolosi.com.br\/index.php\/2024\/10\/18\/entenda-o-que-muda-com-as-novas-regras-do-pix-a-partir-de-novembro\/","url_meta":{"origin":55703,"position":1},"title":"Entenda o que muda com as novas regras do Pix a partir de novembro","author":"ismaelcolosi.com.br","date":"18 de October de 2024","format":false,"excerpt":"O Pix conta com novas regras a partir de 1\u00ba de novembro com o objetivo de garantir a seguran\u00e7a das transa\u00e7\u00f5es e impedir fraudes. As transfer\u00eancias de mais de R$ 200 s\u00f3 poder\u00e3o ser feitas de um telefone ou de um computador previamente cadastrados pelo cliente da institui\u00e7\u00e3o financeira, com\u2026","rel":"","context":"In &quot;Not\u00edcias de Ribeir\u00e3o Preto-SP e Regi\u00e3o&quot;","block_context":{"text":"Not\u00edcias de Ribeir\u00e3o Preto-SP e Regi\u00e3o","link":"https:\/\/ismaelcolosi.com.br\/index.php\/category\/noticias-de-ribeirao-preto-sp-e-regiao-ismael-colosi\/"},"img":{"alt_text":"","src":"https:\/\/i0.wp.com\/ismaelcolosi.com.br\/wp-content\/uploads\/2024\/10\/Capturar-8.jpg?fit=1040%2C621&ssl=1&resize=350%2C200","width":350,"height":200,"srcset":"https:\/\/i0.wp.com\/ismaelcolosi.com.br\/wp-content\/uploads\/2024\/10\/Capturar-8.jpg?fit=1040%2C621&ssl=1&resize=350%2C200 1x, https:\/\/i0.wp.com\/ismaelcolosi.com.br\/wp-content\/uploads\/2024\/10\/Capturar-8.jpg?fit=1040%2C621&ssl=1&resize=525%2C300 1.5x, https:\/\/i0.wp.com\/ismaelcolosi.com.br\/wp-content\/uploads\/2024\/10\/Capturar-8.jpg?fit=1040%2C621&ssl=1&resize=700%2C400 2x"},"classes":[]},{"id":13412,"url":"https:\/\/ismaelcolosi.com.br\/index.php\/2023\/12\/10\/pix-automatico-e-gratuito-estara-disponivel-em-outubro-de-2024\/","url_meta":{"origin":55703,"position":2},"title":"PIX autom\u00e1tico e gratuito estar\u00e1 dispon\u00edvel em outubro de 2024 \u2013 Folha de Ribeir\u00e3o","author":"ismaelcolosi.com.br","date":"10 de December de 2023","format":false,"excerpt":"Com a possibilidade de permitir pagamentos recorrentes e at\u00e9 mesadas, o Pix autom\u00e1tico entrar\u00e1 em vigor em 28 de outubro de 2024, informou nesta noite o Banco Central (BC). O \u00f3rg\u00e3o publicou as regras da ferramenta cerca de dez meses antes da entrada em vigor do servi\u00e7o. Entre as regras\u2026","rel":"","context":"In &quot;Not\u00edcias de Ribeir\u00e3o Preto-SP e Regi\u00e3o&quot;","block_context":{"text":"Not\u00edcias de Ribeir\u00e3o Preto-SP e Regi\u00e3o","link":"https:\/\/ismaelcolosi.com.br\/index.php\/category\/noticias-de-ribeirao-preto-sp-e-regiao-ismael-colosi\/"},"img":{"alt_text":"","src":"","width":0,"height":0},"classes":[]},{"id":12867,"url":"https:\/\/ismaelcolosi.com.br\/index.php\/2023\/12\/08\/366628-2\/","url_meta":{"origin":55703,"position":3},"title":"PIX autom\u00e1tico estar\u00e1 dispon\u00edvel em outubro de 2024","author":"ismaelcolosi.com.br","date":"8 de December de 2023","format":false,"excerpt":"8 de dezembro de 2023 | 18:008 de dezembro de 2023 | 9:20 0Com a possibilidade de permitir pagamentos recorrentes e at\u00e9 mesadas, o Pix autom\u00e1tico entrar\u00e1 em vigor em 28 de outubro de 2024, informou nesta noite o Banco Central (BC). O \u00f3rg\u00e3o publicou as regras da ferramenta cerca\u2026","rel":"","context":"In &quot;Not\u00edcias de Ribeir\u00e3o Preto-SP e Regi\u00e3o&quot;","block_context":{"text":"Not\u00edcias de Ribeir\u00e3o Preto-SP e Regi\u00e3o","link":"https:\/\/ismaelcolosi.com.br\/index.php\/category\/noticias-de-ribeirao-preto-sp-e-regiao-ismael-colosi\/"},"img":{"alt_text":"","src":"https:\/\/i0.wp.com\/ismaelcolosi.com.br\/wp-content\/uploads\/2023\/12\/pix-scaled.jpg?fit=1000%2C598&ssl=1&resize=350%2C200","width":350,"height":200,"srcset":"https:\/\/i0.wp.com\/ismaelcolosi.com.br\/wp-content\/uploads\/2023\/12\/pix-scaled.jpg?fit=1000%2C598&ssl=1&resize=350%2C200 1x, https:\/\/i0.wp.com\/ismaelcolosi.com.br\/wp-content\/uploads\/2023\/12\/pix-scaled.jpg?fit=1000%2C598&ssl=1&resize=525%2C300 1.5x, https:\/\/i0.wp.com\/ismaelcolosi.com.br\/wp-content\/uploads\/2023\/12\/pix-scaled.jpg?fit=1000%2C598&ssl=1&resize=700%2C400 2x"},"classes":[]},{"id":13735,"url":"https:\/\/ismaelcolosi.com.br\/index.php\/2023\/12\/11\/saiba-como-vai-funcionar-e-como-usar-o-pix-automatico-e-gratuito\/","url_meta":{"origin":55703,"position":4},"title":"Saiba como vai funcionar e como usar o Pix autom\u00e1tico e gratuito","author":"ismaelcolosi.com.br","date":"11 de December de 2023","format":false,"excerpt":"Com a possibilidade de permitir pagamentos recorrentes e at\u00e9 mesadas, o Pix autom\u00e1tico entrar\u00e1 em vigor em 28 de outubro de 2024, informou nesta noite o Banco Central (BC). O \u00f3rg\u00e3o publicou as regras da ferramenta cerca de dez meses antes da entrada em vigor do servi\u00e7o. Cr\u00e9ditos: Ag\u00eancia Brasil\/Marcello\u2026","rel":"","context":"In &quot;Variedades&quot;","block_context":{"text":"Variedades","link":"https:\/\/ismaelcolosi.com.br\/index.php\/category\/variedades\/"},"img":{"alt_text":"","src":"https:\/\/i0.wp.com\/ismaelcolosi.com.br\/wp-content\/uploads\/2023\/12\/real-digital-entenda-a-diferenca-entre-o-pix-e-o-drex.jpg?fit=1200%2C638&ssl=1&resize=350%2C200","width":350,"height":200,"srcset":"https:\/\/i0.wp.com\/ismaelcolosi.com.br\/wp-content\/uploads\/2023\/12\/real-digital-entenda-a-diferenca-entre-o-pix-e-o-drex.jpg?fit=1200%2C638&ssl=1&resize=350%2C200 1x, https:\/\/i0.wp.com\/ismaelcolosi.com.br\/wp-content\/uploads\/2023\/12\/real-digital-entenda-a-diferenca-entre-o-pix-e-o-drex.jpg?fit=1200%2C638&ssl=1&resize=525%2C300 1.5x, https:\/\/i0.wp.com\/ismaelcolosi.com.br\/wp-content\/uploads\/2023\/12\/real-digital-entenda-a-diferenca-entre-o-pix-e-o-drex.jpg?fit=1200%2C638&ssl=1&resize=700%2C400 2x, https:\/\/i0.wp.com\/ismaelcolosi.com.br\/wp-content\/uploads\/2023\/12\/real-digital-entenda-a-diferenca-entre-o-pix-e-o-drex.jpg?fit=1200%2C638&ssl=1&resize=1050%2C600 3x"},"classes":[]},{"id":12965,"url":"https:\/\/ismaelcolosi.com.br\/index.php\/2023\/12\/08\/pix-automatico-e-gratuito-estara-disponivel-em-2024-saiba-tudo-aqui\/","url_meta":{"origin":55703,"position":5},"title":"Pix autom\u00e1tico e gratuito estar\u00e1 dispon\u00edvel em 2024; saiba tudo aqui","author":"ismaelcolosi.com.br","date":"8 de December de 2023","format":false,"excerpt":"Com a possibilidade de permitir pagamentos recorrentes e at\u00e9 mesadas, o Pix autom\u00e1tico entrar\u00e1 em vigor em 28 de outubro de 2024, informou nesta noite o Banco Central (BC). O \u00f3rg\u00e3o publicou as regras da ferramenta cerca de dez meses antes da entrada em vigor do servi\u00e7o. Cr\u00e9ditos: Ag\u00eancia Brasil\/Marcello\u2026","rel":"","context":"In &quot;Variedades&quot;","block_context":{"text":"Variedades","link":"https:\/\/ismaelcolosi.com.br\/index.php\/category\/variedades\/"},"img":{"alt_text":"","src":"https:\/\/i0.wp.com\/ismaelcolosi.com.br\/wp-content\/uploads\/2023\/12\/atencao-banco-central-comunica-vazamento-de-dados-de-chaves-pix.jpg?fit=1200%2C638&ssl=1&resize=350%2C200","width":350,"height":200,"srcset":"https:\/\/i0.wp.com\/ismaelcolosi.com.br\/wp-content\/uploads\/2023\/12\/atencao-banco-central-comunica-vazamento-de-dados-de-chaves-pix.jpg?fit=1200%2C638&ssl=1&resize=350%2C200 1x, https:\/\/i0.wp.com\/ismaelcolosi.com.br\/wp-content\/uploads\/2023\/12\/atencao-banco-central-comunica-vazamento-de-dados-de-chaves-pix.jpg?fit=1200%2C638&ssl=1&resize=525%2C300 1.5x, https:\/\/i0.wp.com\/ismaelcolosi.com.br\/wp-content\/uploads\/2023\/12\/atencao-banco-central-comunica-vazamento-de-dados-de-chaves-pix.jpg?fit=1200%2C638&ssl=1&resize=700%2C400 2x, https:\/\/i0.wp.com\/ismaelcolosi.com.br\/wp-content\/uploads\/2023\/12\/atencao-banco-central-comunica-vazamento-de-dados-de-chaves-pix.jpg?fit=1200%2C638&ssl=1&resize=1050%2C600 3x"},"classes":[]}],"jetpack_sharing_enabled":true,"jetpack_shortlink":"https:\/\/wp.me\/pfMlyK-eur","_links":{"self":[{"href":"https:\/\/ismaelcolosi.com.br\/index.php\/wp-json\/wp\/v2\/posts\/55703","targetHints":{"allow":["GET"]}}],"collection":[{"href":"https:\/\/ismaelcolosi.com.br\/index.php\/wp-json\/wp\/v2\/posts"}],"about":[{"href":"https:\/\/ismaelcolosi.com.br\/index.php\/wp-json\/wp\/v2\/types\/post"}],"author":[{"embeddable":true,"href":"https:\/\/ismaelcolosi.com.br\/index.php\/wp-json\/wp\/v2\/users\/1"}],"replies":[{"embeddable":true,"href":"https:\/\/ismaelcolosi.com.br\/index.php\/wp-json\/wp\/v2\/comments?post=55703"}],"version-history":[{"count":0,"href":"https:\/\/ismaelcolosi.com.br\/index.php\/wp-json\/wp\/v2\/posts\/55703\/revisions"}],"wp:featuredmedia":[{"embeddable":true,"href":"https:\/\/ismaelcolosi.com.br\/index.php\/wp-json\/wp\/v2\/media\/55704"}],"wp:attachment":[{"href":"https:\/\/ismaelcolosi.com.br\/index.php\/wp-json\/wp\/v2\/media?parent=55703"}],"wp:term":[{"taxonomy":"category","embeddable":true,"href":"https:\/\/ismaelcolosi.com.br\/index.php\/wp-json\/wp\/v2\/categories?post=55703"},{"taxonomy":"post_tag","embeddable":true,"href":"https:\/\/ismaelcolosi.com.br\/index.php\/wp-json\/wp\/v2\/tags?post=55703"}],"curies":[{"name":"wp","href":"https:\/\/api.w.org\/{rel}","templated":true}]}}