{"id":55701,"date":"2024-07-04T18:59:22","date_gmt":"2024-07-04T21:59:22","guid":{"rendered":"https:\/\/ismaelcolosi.com.br\/index.php\/2024\/07\/04\/predios-historicos-palacete-albino-de-camargo-esta-em-ruinas-no-centro-de-ribeirao-preto\/"},"modified":"2024-07-04T18:59:22","modified_gmt":"2024-07-04T21:59:22","slug":"predios-historicos-palacete-albino-de-camargo-esta-em-ruinas-no-centro-de-ribeirao-preto","status":"publish","type":"post","link":"https:\/\/ismaelcolosi.com.br\/index.php\/2024\/07\/04\/predios-historicos-palacete-albino-de-camargo-esta-em-ruinas-no-centro-de-ribeirao-preto\/","title":{"rendered":"Pr\u00e9dios hist\u00f3ricos: Palacete Albino de Camargo est\u00e1 em ru\u00ednas no Centro de Ribeir\u00e3o Preto"},"content":{"rendered":"<p> <br \/>\n<\/p>\n<div>\n<p>O Palacete Camilo de Mattos, um dos <strong>patrim\u00f4nios hist\u00f3ricos de Ribeir\u00e3o Preto<\/strong>, teve a primeira parte da sua obra de restaura\u00e7\u00e3o entregue durante o 168\u00ba anivers\u00e1rio do munic\u00edpio. <mark style=\"background-color:#fcb900\" class=\"has-inline-color\">Contudo, a poucos metros do im\u00f3vel, o <strong>Palacete Albino de Camargo<\/strong> se encontra em <strong>ru\u00ednas<\/strong>.<\/mark><\/p>\n<p>O casar\u00e3o que fica na rua Visconde de Inha\u00fama, 241, no Centro da cidade, foi\u00a0 tombado pelo<strong> Conselho de Preserva\u00e7\u00e3o do Patrim\u00f4nio Art\u00edstico e Cultura (Conppac)<\/strong>, em 2008, e pertenceu ao <strong>ex-prefeito Albino de Camargo Neto<\/strong>, que ocupou o cargo de chefe do executivo em novembro de <strong>1930<\/strong>.<\/p><div class='code-block code-block-8' style='margin: 8px auto; text-align: center; display: block; clear: both;'>\n<script>\n  atOptions = {\n    'key' : '66e2e2111ca34da796271819fc334058',\n    'format' : 'iframe',\n    'height' : 250,\n    'width' : 300,\n    'params' : {}\n  };\n<\/script>\n<script src=\"https:\/\/www.highperformanceformat.com\/66e2e2111ca34da796271819fc334058\/invoke.js\"><\/script>\n<\/div>\n\n<p>Por conta do abandono, o <strong>Palacete <\/strong>foi tomado pela <strong>vegeta\u00e7\u00e3o<\/strong> e possui uma <strong>grande quantidade de lixo <\/strong>e <strong>entulho<\/strong>. O <strong>pr\u00e9dio hist\u00f3rico<\/strong> vem sendo danificado pela a\u00e7\u00e3o do tempo e atos de vandalismo.<\/p>\n<h3 class=\"wp-block-heading\"><strong>O que diz a Prefeitura sobre o local?<\/strong><\/h3>\n<p>Questionada pela <strong>reportagem <\/strong>sobre o estado de abandono e <strong>poss\u00edveis estudos para revitaliza\u00e7\u00e3o do Palacete Albino de Camargo<\/strong>, a <strong>Secretaria da Cultura e Turismo de Ribeir\u00e3o Preto<\/strong> informou que <mark style=\"background-color:#fcb900\" class=\"has-inline-color\">o pr\u00e9dio \u00e9 <strong>particular <\/strong>e que incentiva os <strong>donos de im\u00f3veis tombados<\/strong> a restaurarem o local, assim como foi feito pelos propriet\u00e1rios do Palacete Camilo de Mattos.<\/mark><\/p>\n<figure class=\"wp-block-pullquote\">\n<blockquote>\n<p>A pasta se coloca aberta tamb\u00e9m para discutir a implanta\u00e7\u00e3o de pol\u00edticas p\u00fablicas que resultem em ainda mais a\u00e7\u00f5es como essa [restauro de patrim\u00f4nios p\u00fablicos], mas, hoje n\u00e3o existe uma previs\u00e3o or\u00e7ament\u00e1ria para realiza\u00e7\u00e3o de restauros nesse im\u00f3vel citado<\/p>\n<p><cite>diz a nota da Secretaria de Cultura e Turismo de Ribeir\u00e3o Preto<\/cite><\/p><\/blockquote>\n<\/figure>\n<p>No mesmo ano em que foi tombado, os donos do casar\u00e3o fizeram um <strong>pedido para demolir a estrutura danificada<\/strong> e <strong>manter apenas a fachada<\/strong>. Um bar e um estacionamento poderiam ser constru\u00eddos no local, contudo, a proposta n\u00e3o avan\u00e7ou.<\/p>\n<h4 class=\"wp-block-heading\"><strong>Quem foi Albino Camargo Neto?<\/strong><\/h4>\n<p>Nascido em 1893, em S\u00e3o Luiz do Paraitinga (SP), <strong>Albino Camargo Neto<\/strong> foi advogado, professor, jornalista, escritor, delegado de pol\u00edcia e pol\u00edtico. Mudou-se com a fam\u00edlia para <strong>Ribeir\u00e3o Preto<\/strong> quando tinha um ano.<\/p>\n<p>Morou em Jundia\u00ed, onde cursou o gin\u00e1sio, e na sequ\u00eancia foi para S\u00e3o Paulo, onde ingressou na <strong>Faculdade de Direito<\/strong>. Nesse per\u00edodo, foi amigo de <strong>Monteiro Lobato<\/strong>. <mark style=\"background-color:#fcb900\" class=\"has-inline-color\">Se tornou advogado em <strong>1906 <\/strong>e <strong>voltou para Ribeir\u00e3o Preto no mesmo ano<\/strong><\/mark>. Trabalhou como jornalista e foi diretor do jornal \u201c<strong>Di\u00e1rio da Manh\u00e3<\/strong>\u201d na cidade.<\/p>\n<p>Em 1912, ingressou como professor no <strong>Col\u00e9gio do Estado de Ribeir\u00e3o Preto (atual E.E. Otoniel Mota)<\/strong>, onde ministrou aulas de psicologia e l\u00f3gica. Ainda na educa\u00e7\u00e3o, foi o primeiro diretor da <strong>Escola de Educa\u00e7\u00e3o F\u00edsica do Comercial Futebol Clube<\/strong> e lecionou na <strong>Institui\u00e7\u00e3o Moura Lacerda<\/strong> e no <strong>Col\u00e9gio Metodista<\/strong>.<\/p>\n<p>Foi <strong>vereador do munic\u00edpio no per\u00edodo de 1926<\/strong> a<strong> 1929 <\/strong>e ocupou o cargo de chefe do executivo municipal como <strong>Prefeito Outorgado <\/strong>em <strong>novembro de 1930<\/strong>.<\/p>\n<p><strong><mark style=\"background-color:#fcb900\" class=\"has-inline-color\">Foi combatente na Revolu\u00e7\u00e3o Constitucionalista de 1932.<\/mark><\/strong> Albino Camargo Neto tamb\u00e9m foi deputado estadual entre 1936 a 1937.<\/p>\n<p>Se casou com<strong> Altina Duarte Camargo<\/strong> e teve uma filha, <strong>Maria Jos\u00e9 de Camargo Junqueira Reis<\/strong> (que se casou com <strong>Henrique Junqueira Reis<\/strong>). Faleceu em <strong>S\u00e3o Paulo<\/strong>, no dia 12 de dezembro de 1969.<\/p>\n<p><em><strong>Fonte<\/strong>: Conppac Ribeir\u00e3o Preto<\/em><\/p>\n<hr class=\"wp-block-separator has-alpha-channel-opacity\"\/>\n<p>SAIBA MAIS<\/p>\n<p>Caso Wesley: Veja o que se sabe sobre desaparecimento ap\u00f3s novas den\u00fancias<\/p>\n<h4 class=\"wp-block-heading\"><strong>FIQUE ON<\/strong><\/h4>\n<p>Fique ligado em tudo que acontece em Ribeir\u00e3o Preto e regi\u00e3o. Siga os perfis do<strong>\u00a0acidade on<\/strong>\u00a0no<a href=\"https:\/\/www.instagram.com\/acidadeonribeirao\" target=\"_blank\" rel=\"noreferrer noopener\">\u00a0Instagram\u00a0<\/a>e no\u00a0<a href=\"https:\/\/www.facebook.com\/acidadeonribeirao\/\" target=\"_blank\" rel=\"noreferrer noopener\">Facebook<\/a>.<\/p>\n<p>Receba not\u00edcias do\u00a0<strong>acidade on<\/strong>\u00a0no WhatsApp.\u00a0<a href=\"https:\/\/chat.whatsapp.com\/CdrZ6xrf7quD44Vw3WlPuZ\" target=\"_blank\" rel=\"noreferrer noopener\">Para entrar no grupo, basta clicar aqui.<\/a><\/p>\n<p>Fa\u00e7a uma den\u00fancia ou sugira uma reportagem sobre Ribeir\u00e3o Preto e regi\u00e3o pelo WhatsApp: 16 99117 7802.<\/p>\n<p>VEJA TAMB\u00c9M<\/p>\n<p>Onde \u00e9 feriado em 9 de julho?<\/p>\n<p><!-- AI CONTENT END 1 -->\n<\/div>\n<p><script async src=\"\/\/www.instagram.com\/embed.js\"><\/script><br \/>\n<br \/><br \/>\n<br \/><a href=\"https:\/\/www.acidadeon.com\/ribeiraopreto\/cotidiano\/predios-historicos-palacete-albino-de-camargo-esta-em-ruinas-no-centro-de-ribeirao-preto\/\">Source link <\/a><\/p>\n<div class='code-block code-block-4' style='margin: 8px auto 8px 0; text-align: left; display: block; clear: both;'>\n\ud83d\udce2 Aviso Legal\n\nO site ismaelcolosi.com.br atua apenas como um canal de divulga\u00e7\u00e3o de oportunidades de emprego e n\u00e3o se responsabiliza pelo processo seletivo, contrata\u00e7\u00e3o ou qualquer outra etapa relacionada \u00e0s vagas publicadas. Todas as informa\u00e7\u00f5es s\u00e3o de responsabilidade dos anunciantes.\n\n\u26a0\ufe0f Aten\u00e7\u00e3o! Nunca pague por promessas de emprego nem compre cursos que garantam contrata\u00e7\u00e3o. Desconfie de qualquer cobran\u00e7a para participar de sele\u00e7\u00f5es.\n\n\n\n<\/div>\n<!-- CONTENT END 1 -->\n","protected":false},"excerpt":{"rendered":"<p>O Palacete Camilo de Mattos, um dos patrim\u00f4nios hist\u00f3ricos de Ribeir\u00e3o Preto, teve a primeira parte da sua obra de restaura\u00e7\u00e3o entregue durante o 168\u00ba&#8230;<\/p>\n","protected":false},"author":1,"featured_media":55702,"comment_status":"open","ping_status":"open","sticky":false,"template":"","format":"standard","meta":{"_uag_custom_page_level_css":"","advanced_seo_description":"","jetpack_seo_html_title":"","jetpack_seo_noindex":false,"jetpack_post_was_ever_published":false,"_jetpack_newsletter_access":"","_jetpack_dont_email_post_to_subs":false,"_jetpack_newsletter_tier_id":0,"_jetpack_memberships_contains_paywalled_content":false,"_jetpack_memberships_contains_paid_content":false,"footnotes":"","jetpack_publicize_message":"","jetpack_publicize_feature_enabled":true,"jetpack_social_post_already_shared":true,"jetpack_social_options":{"image_generator_settings":{"template":"highway","default_image_id":0,"font":"","enabled":false},"version":2}},"categories":[11],"tags":[],"class_list":["post-55701","post","type-post","status-publish","format-standard","has-post-thumbnail","hentry","category-noticias-de-ribeirao-preto-sp-e-regiao-ismael-colosi"],"jetpack_publicize_connections":[],"jetpack_featured_media_url":"https:\/\/i0.wp.com\/ismaelcolosi.com.br\/wp-content\/uploads\/2024\/07\/WhatsApp-Image-2024-07-01-at-16.51.13_2024-07-04_18-59-57_jpeg_2024-07-04_18-59-57.webp.webp?fit=1280%2C963&ssl=1","uagb_featured_image_src":{"full":["https:\/\/i0.wp.com\/ismaelcolosi.com.br\/wp-content\/uploads\/2024\/07\/WhatsApp-Image-2024-07-01-at-16.51.13_2024-07-04_18-59-57_jpeg_2024-07-04_18-59-57.webp.webp?fit=1280%2C963&ssl=1",1280,963,false],"thumbnail":["https:\/\/i0.wp.com\/ismaelcolosi.com.br\/wp-content\/uploads\/2024\/07\/WhatsApp-Image-2024-07-01-at-16.51.13_2024-07-04_18-59-57_jpeg_2024-07-04_18-59-57.webp.webp?resize=150%2C150&ssl=1",150,150,true],"medium":["https:\/\/i0.wp.com\/ismaelcolosi.com.br\/wp-content\/uploads\/2024\/07\/WhatsApp-Image-2024-07-01-at-16.51.13_2024-07-04_18-59-57_jpeg_2024-07-04_18-59-57.webp.webp?fit=300%2C226&ssl=1",300,226,true],"medium_large":["https:\/\/i0.wp.com\/ismaelcolosi.com.br\/wp-content\/uploads\/2024\/07\/WhatsApp-Image-2024-07-01-at-16.51.13_2024-07-04_18-59-57_jpeg_2024-07-04_18-59-57.webp.webp?fit=768%2C578&ssl=1",768,578,true],"large":["https:\/\/i0.wp.com\/ismaelcolosi.com.br\/wp-content\/uploads\/2024\/07\/WhatsApp-Image-2024-07-01-at-16.51.13_2024-07-04_18-59-57_jpeg_2024-07-04_18-59-57.webp.webp?fit=1024%2C770&ssl=1",1024,770,true],"1536x1536":["https:\/\/i0.wp.com\/ismaelcolosi.com.br\/wp-content\/uploads\/2024\/07\/WhatsApp-Image-2024-07-01-at-16.51.13_2024-07-04_18-59-57_jpeg_2024-07-04_18-59-57.webp.webp?fit=1280%2C963&ssl=1",1280,963,true],"2048x2048":["https:\/\/i0.wp.com\/ismaelcolosi.com.br\/wp-content\/uploads\/2024\/07\/WhatsApp-Image-2024-07-01-at-16.51.13_2024-07-04_18-59-57_jpeg_2024-07-04_18-59-57.webp.webp?fit=1280%2C963&ssl=1",1280,963,true],"really-simple-thumb":["https:\/\/i0.wp.com\/ismaelcolosi.com.br\/wp-content\/uploads\/2024\/07\/WhatsApp-Image-2024-07-01-at-16.51.13_2024-07-04_18-59-57_jpeg_2024-07-04_18-59-57.webp.webp?resize=370%2C247&ssl=1",370,247,true]},"uagb_author_info":{"display_name":"ismaelcolosi.com.br","author_link":"https:\/\/ismaelcolosi.com.br\/index.php\/author\/vidareal-online\/"},"uagb_comment_info":0,"uagb_excerpt":"O Palacete Camilo de Mattos, um dos patrim\u00f4nios hist\u00f3ricos de Ribeir\u00e3o Preto, teve a primeira parte da sua obra de restaura\u00e7\u00e3o entregue durante o 168\u00ba...","jetpack-related-posts":[{"id":71676,"url":"https:\/\/ismaelcolosi.com.br\/index.php\/2024\/10\/17\/justica-decide-que-prefeitura-deve-restaurar-palacete-no-centro-de-ribeirao-preto\/","url_meta":{"origin":55701,"position":0},"title":"Justi\u00e7a decide que Prefeitura deve restaurar palacete no Centro de Ribeir\u00e3o Preto","author":"ismaelcolosi.com.br","date":"17 de October de 2024","format":false,"excerpt":"O Tribunal de Justi\u00e7a do Estado de S\u00e3o Paulo (TJ-SP) decidiu que a Prefeitura de Ribeir\u00e3o Preto deve executar as obras de reconstru\u00e7\u00e3o, reconstitui\u00e7\u00e3o, recupera\u00e7\u00e3o e restaura\u00e7\u00e3o do Palacete Albino de Camargo, localizado no Centro. Conforme a senten\u00e7a do Juiz Gustavo M\u00fcller Lorenzato, da 1\u00aa Vara da Fazenda P\u00fablica de\u2026","rel":"","context":"In &quot;Not\u00edcias de Ribeir\u00e3o Preto-SP e Regi\u00e3o&quot;","block_context":{"text":"Not\u00edcias de Ribeir\u00e3o Preto-SP e Regi\u00e3o","link":"https:\/\/ismaelcolosi.com.br\/index.php\/category\/noticias-de-ribeirao-preto-sp-e-regiao-ismael-colosi\/"},"img":{"alt_text":"","src":"https:\/\/i0.wp.com\/ismaelcolosi.com.br\/wp-content\/uploads\/2024\/07\/WhatsApp-Image-2024-07-01-at-16.51.13_2024-07-04_18-59-57_jpeg_2024-07-04_18-59-57.webp.webp?fit=1200%2C903&ssl=1&resize=350%2C200","width":350,"height":200,"srcset":"https:\/\/i0.wp.com\/ismaelcolosi.com.br\/wp-content\/uploads\/2024\/07\/WhatsApp-Image-2024-07-01-at-16.51.13_2024-07-04_18-59-57_jpeg_2024-07-04_18-59-57.webp.webp?fit=1200%2C903&ssl=1&resize=350%2C200 1x, https:\/\/i0.wp.com\/ismaelcolosi.com.br\/wp-content\/uploads\/2024\/07\/WhatsApp-Image-2024-07-01-at-16.51.13_2024-07-04_18-59-57_jpeg_2024-07-04_18-59-57.webp.webp?fit=1200%2C903&ssl=1&resize=525%2C300 1.5x, https:\/\/i0.wp.com\/ismaelcolosi.com.br\/wp-content\/uploads\/2024\/07\/WhatsApp-Image-2024-07-01-at-16.51.13_2024-07-04_18-59-57_jpeg_2024-07-04_18-59-57.webp.webp?fit=1200%2C903&ssl=1&resize=700%2C400 2x, https:\/\/i0.wp.com\/ismaelcolosi.com.br\/wp-content\/uploads\/2024\/07\/WhatsApp-Image-2024-07-01-at-16.51.13_2024-07-04_18-59-57_jpeg_2024-07-04_18-59-57.webp.webp?fit=1200%2C903&ssl=1&resize=1050%2C600 3x"},"classes":[]},{"id":71703,"url":"https:\/\/ismaelcolosi.com.br\/index.php\/2024\/10\/17\/justica-manda-prefeitura-restaurar-palacete-no-centro-de-ribeirao-preto\/","url_meta":{"origin":55701,"position":1},"title":"Justi\u00e7a manda Prefeitura restaurar palacete no Centro de Ribeir\u00e3o Preto","author":"ismaelcolosi.com.br","date":"17 de October de 2024","format":false,"excerpt":"O Tribunal de Justi\u00e7a do Estado de S\u00e3o Paulo (TJ-SP) decidiu que a Prefeitura de Ribeir\u00e3o Preto deve executar as obras de reconstru\u00e7\u00e3o, reconstitui\u00e7\u00e3o, recupera\u00e7\u00e3o e restaura\u00e7\u00e3o do Palacete Albino de Camargo, localizado no Centro. Conforme a senten\u00e7a do Juiz Gustavo M\u00fcller Lorenzato, da 1\u00aa Vara da Fazenda P\u00fablica de\u2026","rel":"","context":"In &quot;Not\u00edcias de Ribeir\u00e3o Preto-SP e Regi\u00e3o&quot;","block_context":{"text":"Not\u00edcias de Ribeir\u00e3o Preto-SP e Regi\u00e3o","link":"https:\/\/ismaelcolosi.com.br\/index.php\/category\/noticias-de-ribeirao-preto-sp-e-regiao-ismael-colosi\/"},"img":{"alt_text":"","src":"https:\/\/i0.wp.com\/ismaelcolosi.com.br\/wp-content\/uploads\/2024\/07\/WhatsApp-Image-2024-07-01-at-16.51.13_2024-07-04_18-59-57_jpeg_2024-07-04_18-59-57.webp.webp?fit=1200%2C903&ssl=1&resize=350%2C200","width":350,"height":200,"srcset":"https:\/\/i0.wp.com\/ismaelcolosi.com.br\/wp-content\/uploads\/2024\/07\/WhatsApp-Image-2024-07-01-at-16.51.13_2024-07-04_18-59-57_jpeg_2024-07-04_18-59-57.webp.webp?fit=1200%2C903&ssl=1&resize=350%2C200 1x, https:\/\/i0.wp.com\/ismaelcolosi.com.br\/wp-content\/uploads\/2024\/07\/WhatsApp-Image-2024-07-01-at-16.51.13_2024-07-04_18-59-57_jpeg_2024-07-04_18-59-57.webp.webp?fit=1200%2C903&ssl=1&resize=525%2C300 1.5x, https:\/\/i0.wp.com\/ismaelcolosi.com.br\/wp-content\/uploads\/2024\/07\/WhatsApp-Image-2024-07-01-at-16.51.13_2024-07-04_18-59-57_jpeg_2024-07-04_18-59-57.webp.webp?fit=1200%2C903&ssl=1&resize=700%2C400 2x, https:\/\/i0.wp.com\/ismaelcolosi.com.br\/wp-content\/uploads\/2024\/07\/WhatsApp-Image-2024-07-01-at-16.51.13_2024-07-04_18-59-57_jpeg_2024-07-04_18-59-57.webp.webp?fit=1200%2C903&ssl=1&resize=1050%2C600 3x"},"classes":[]},{"id":68892,"url":"https:\/\/ismaelcolosi.com.br\/index.php\/2024\/10\/02\/casarao-historico-de-ribeirao-preto-recebe-show-de-marcelo-jeneci\/","url_meta":{"origin":55701,"position":2},"title":"Casar\u00e3o hist\u00f3rico de Ribeir\u00e3o Preto recebe show de Marcelo Jeneci","author":"ismaelcolosi.com.br","date":"2 de October de 2024","format":false,"excerpt":"Um dos pr\u00e9dios hist\u00f3ricos de Ribeir\u00e3o Preto, o palacete Camilo de Mattos, recebe o show de Marcelo Jeneci no s\u00e1bado, 12 de outubro, a partir das 20h. O repert\u00f3rio conta com os sucessos da carreira do cantor, como \u201cFelicidade\u201d e \u201cPra Sonhar\u201d, al\u00e9m de can\u00e7\u00f5es do \u00e1lbum do \u00e1lbum Guaia,\u2026","rel":"","context":"In &quot;Not\u00edcias de Ribeir\u00e3o Preto-SP e Regi\u00e3o&quot;","block_context":{"text":"Not\u00edcias de Ribeir\u00e3o Preto-SP e Regi\u00e3o","link":"https:\/\/ismaelcolosi.com.br\/index.php\/category\/noticias-de-ribeirao-preto-sp-e-regiao-ismael-colosi\/"},"img":{"alt_text":"","src":"https:\/\/i0.wp.com\/ismaelcolosi.com.br\/wp-content\/uploads\/2024\/10\/2778f7ce-cc19-48bd-a7b0-f18461cbcc95_2024-10-02_14-39-18_jpg_2024-10-02_14-39-18.webp.webp?fit=1200%2C800&ssl=1&resize=350%2C200","width":350,"height":200,"srcset":"https:\/\/i0.wp.com\/ismaelcolosi.com.br\/wp-content\/uploads\/2024\/10\/2778f7ce-cc19-48bd-a7b0-f18461cbcc95_2024-10-02_14-39-18_jpg_2024-10-02_14-39-18.webp.webp?fit=1200%2C800&ssl=1&resize=350%2C200 1x, https:\/\/i0.wp.com\/ismaelcolosi.com.br\/wp-content\/uploads\/2024\/10\/2778f7ce-cc19-48bd-a7b0-f18461cbcc95_2024-10-02_14-39-18_jpg_2024-10-02_14-39-18.webp.webp?fit=1200%2C800&ssl=1&resize=525%2C300 1.5x, https:\/\/i0.wp.com\/ismaelcolosi.com.br\/wp-content\/uploads\/2024\/10\/2778f7ce-cc19-48bd-a7b0-f18461cbcc95_2024-10-02_14-39-18_jpg_2024-10-02_14-39-18.webp.webp?fit=1200%2C800&ssl=1&resize=700%2C400 2x, https:\/\/i0.wp.com\/ismaelcolosi.com.br\/wp-content\/uploads\/2024\/10\/2778f7ce-cc19-48bd-a7b0-f18461cbcc95_2024-10-02_14-39-18_jpg_2024-10-02_14-39-18.webp.webp?fit=1200%2C800&ssl=1&resize=1050%2C600 3x"},"classes":[]},{"id":56006,"url":"https:\/\/ismaelcolosi.com.br\/index.php\/2024\/07\/08\/predios-historicos-oito-locais-para-voce-visitar-no-centro-de-ribeirao-preto\/","url_meta":{"origin":55701,"position":3},"title":"Pr\u00e9dios hist\u00f3ricos: Oito locais para voc\u00ea visitar no Centro de Ribeir\u00e3o Preto","author":"ismaelcolosi.com.br","date":"8 de July de 2024","format":false,"excerpt":"O Centro de Ribeir\u00e3o Preto conta com locais para momentos de lazer e cultura, oferecendo uma variedade de atra\u00e7\u00f5es que encantam tanto turistas quanto moradores. As op\u00e7\u00f5es v\u00e3o desde teatro, palacete e museus. Veja a lista: Biblioteca Sinh\u00e1 Junqueira Ap\u00f3s a revitaliza\u00e7\u00e3o, a antiga Biblioteca Altino Arantes foi reinaugurada em\u2026","rel":"","context":"In &quot;Not\u00edcias de Ribeir\u00e3o Preto-SP e Regi\u00e3o&quot;","block_context":{"text":"Not\u00edcias de Ribeir\u00e3o Preto-SP e Regi\u00e3o","link":"https:\/\/ismaelcolosi.com.br\/index.php\/category\/noticias-de-ribeirao-preto-sp-e-regiao-ismael-colosi\/"},"img":{"alt_text":"","src":"https:\/\/i0.wp.com\/ismaelcolosi.com.br\/wp-content\/uploads\/2024\/07\/PORTICO-FERNANDO-GONZAGA_2024-07-05_14-45-59_jpeg_2024-07-05_14-45-59.webp.webp?fit=1200%2C800&ssl=1&resize=350%2C200","width":350,"height":200,"srcset":"https:\/\/i0.wp.com\/ismaelcolosi.com.br\/wp-content\/uploads\/2024\/07\/PORTICO-FERNANDO-GONZAGA_2024-07-05_14-45-59_jpeg_2024-07-05_14-45-59.webp.webp?fit=1200%2C800&ssl=1&resize=350%2C200 1x, https:\/\/i0.wp.com\/ismaelcolosi.com.br\/wp-content\/uploads\/2024\/07\/PORTICO-FERNANDO-GONZAGA_2024-07-05_14-45-59_jpeg_2024-07-05_14-45-59.webp.webp?fit=1200%2C800&ssl=1&resize=525%2C300 1.5x, https:\/\/i0.wp.com\/ismaelcolosi.com.br\/wp-content\/uploads\/2024\/07\/PORTICO-FERNANDO-GONZAGA_2024-07-05_14-45-59_jpeg_2024-07-05_14-45-59.webp.webp?fit=1200%2C800&ssl=1&resize=700%2C400 2x, https:\/\/i0.wp.com\/ismaelcolosi.com.br\/wp-content\/uploads\/2024\/07\/PORTICO-FERNANDO-GONZAGA_2024-07-05_14-45-59_jpeg_2024-07-05_14-45-59.webp.webp?fit=1200%2C800&ssl=1&resize=1050%2C600 3x"},"classes":[]},{"id":53766,"url":"https:\/\/ismaelcolosi.com.br\/index.php\/2024\/06\/19\/primeira-etapa-do-restauro-do-palacete-camilo-de-mattos-foi-concluida-veja-como-visitar\/","url_meta":{"origin":55701,"position":4},"title":"Primeira etapa do restauro do Palacete Camilo de Mattos foi conclu\u00edda; Veja como visitar","author":"ismaelcolosi.com.br","date":"19 de June de 2024","format":false,"excerpt":"Ap\u00f3s sete anos, foi entregue nesta quarta-feira (19), anivers\u00e1rio de 168 anos de Ribeir\u00e3o Preto, a primeira etapa do restauro do Palacete Camilo de Mattos, no Centro. O restauro da fachada, dormit\u00f3rios e hall do palacete j\u00e1 foram conclu\u00eddos. O im\u00f3vel, constru\u00eddo nos anos 1920, foi adquirido em 2017 pelos\u2026","rel":"","context":"In &quot;Not\u00edcias de Ribeir\u00e3o Preto-SP e Regi\u00e3o&quot;","block_context":{"text":"Not\u00edcias de Ribeir\u00e3o Preto-SP e Regi\u00e3o","link":"https:\/\/ismaelcolosi.com.br\/index.php\/category\/noticias-de-ribeirao-preto-sp-e-regiao-ismael-colosi\/"},"img":{"alt_text":"","src":"https:\/\/i0.wp.com\/ismaelcolosi.com.br\/wp-content\/uploads\/2024\/06\/palacete-camilo-de-mattos_2024-06-19_15-10-39_jpeg_2024-06-19_15-10-40-scaled.webp.webp?fit=1200%2C675&ssl=1&resize=350%2C200","width":350,"height":200,"srcset":"https:\/\/i0.wp.com\/ismaelcolosi.com.br\/wp-content\/uploads\/2024\/06\/palacete-camilo-de-mattos_2024-06-19_15-10-39_jpeg_2024-06-19_15-10-40-scaled.webp.webp?fit=1200%2C675&ssl=1&resize=350%2C200 1x, https:\/\/i0.wp.com\/ismaelcolosi.com.br\/wp-content\/uploads\/2024\/06\/palacete-camilo-de-mattos_2024-06-19_15-10-39_jpeg_2024-06-19_15-10-40-scaled.webp.webp?fit=1200%2C675&ssl=1&resize=525%2C300 1.5x, https:\/\/i0.wp.com\/ismaelcolosi.com.br\/wp-content\/uploads\/2024\/06\/palacete-camilo-de-mattos_2024-06-19_15-10-39_jpeg_2024-06-19_15-10-40-scaled.webp.webp?fit=1200%2C675&ssl=1&resize=700%2C400 2x, https:\/\/i0.wp.com\/ismaelcolosi.com.br\/wp-content\/uploads\/2024\/06\/palacete-camilo-de-mattos_2024-06-19_15-10-39_jpeg_2024-06-19_15-10-40-scaled.webp.webp?fit=1200%2C675&ssl=1&resize=1050%2C600 3x"},"classes":[]},{"id":52290,"url":"https:\/\/ismaelcolosi.com.br\/index.php\/2024\/06\/05\/palacete-camilo-de-mattos-em-ribeirao-preto-abre-para-visitacao-gratuita\/","url_meta":{"origin":55701,"position":5},"title":"Palacete Camilo de Mattos em Ribeir\u00e3o Preto abre para visita\u00e7\u00e3o gratuita","author":"ismaelcolosi.com.br","date":"5 de June de 2024","format":false,"excerpt":"O Palacete Camilo de Mattos, patrim\u00f4nio hist\u00f3rico de Ribeir\u00e3o Preto, abrir\u00e1 as portas para visita\u00e7\u00e3o gratuita, entre os dias 20 a 30 de junho. As visitas, que podem ser agendadas (veja abaixo), fazem parte da programa\u00e7\u00e3o das comemora\u00e7\u00f5es do anivers\u00e1rio de 168 anos de Ribeir\u00e3o Preto. Durante a iniciativa, os\u2026","rel":"","context":"In &quot;Not\u00edcias de Ribeir\u00e3o Preto-SP e Regi\u00e3o&quot;","block_context":{"text":"Not\u00edcias de Ribeir\u00e3o Preto-SP e Regi\u00e3o","link":"https:\/\/ismaelcolosi.com.br\/index.php\/category\/noticias-de-ribeirao-preto-sp-e-regiao-ismael-colosi\/"},"img":{"alt_text":"","src":"https:\/\/i0.wp.com\/ismaelcolosi.com.br\/wp-content\/uploads\/2024\/06\/visita_palacete_camilo_de_mattos_03_2024-06-05_15-28-06_jpeg_2024-06-05_15-28-06.webp.webp?fit=1000%2C666&ssl=1&resize=350%2C200","width":350,"height":200,"srcset":"https:\/\/i0.wp.com\/ismaelcolosi.com.br\/wp-content\/uploads\/2024\/06\/visita_palacete_camilo_de_mattos_03_2024-06-05_15-28-06_jpeg_2024-06-05_15-28-06.webp.webp?fit=1000%2C666&ssl=1&resize=350%2C200 1x, https:\/\/i0.wp.com\/ismaelcolosi.com.br\/wp-content\/uploads\/2024\/06\/visita_palacete_camilo_de_mattos_03_2024-06-05_15-28-06_jpeg_2024-06-05_15-28-06.webp.webp?fit=1000%2C666&ssl=1&resize=525%2C300 1.5x, https:\/\/i0.wp.com\/ismaelcolosi.com.br\/wp-content\/uploads\/2024\/06\/visita_palacete_camilo_de_mattos_03_2024-06-05_15-28-06_jpeg_2024-06-05_15-28-06.webp.webp?fit=1000%2C666&ssl=1&resize=700%2C400 2x"},"classes":[]}],"jetpack_sharing_enabled":true,"jetpack_shortlink":"https:\/\/wp.me\/pfMlyK-eup","_links":{"self":[{"href":"https:\/\/ismaelcolosi.com.br\/index.php\/wp-json\/wp\/v2\/posts\/55701","targetHints":{"allow":["GET"]}}],"collection":[{"href":"https:\/\/ismaelcolosi.com.br\/index.php\/wp-json\/wp\/v2\/posts"}],"about":[{"href":"https:\/\/ismaelcolosi.com.br\/index.php\/wp-json\/wp\/v2\/types\/post"}],"author":[{"embeddable":true,"href":"https:\/\/ismaelcolosi.com.br\/index.php\/wp-json\/wp\/v2\/users\/1"}],"replies":[{"embeddable":true,"href":"https:\/\/ismaelcolosi.com.br\/index.php\/wp-json\/wp\/v2\/comments?post=55701"}],"version-history":[{"count":0,"href":"https:\/\/ismaelcolosi.com.br\/index.php\/wp-json\/wp\/v2\/posts\/55701\/revisions"}],"wp:featuredmedia":[{"embeddable":true,"href":"https:\/\/ismaelcolosi.com.br\/index.php\/wp-json\/wp\/v2\/media\/55702"}],"wp:attachment":[{"href":"https:\/\/ismaelcolosi.com.br\/index.php\/wp-json\/wp\/v2\/media?parent=55701"}],"wp:term":[{"taxonomy":"category","embeddable":true,"href":"https:\/\/ismaelcolosi.com.br\/index.php\/wp-json\/wp\/v2\/categories?post=55701"},{"taxonomy":"post_tag","embeddable":true,"href":"https:\/\/ismaelcolosi.com.br\/index.php\/wp-json\/wp\/v2\/tags?post=55701"}],"curies":[{"name":"wp","href":"https:\/\/api.w.org\/{rel}","templated":true}]}}