{"id":55699,"date":"2024-07-04T18:46:54","date_gmt":"2024-07-04T21:46:54","guid":{"rendered":"https:\/\/ismaelcolosi.com.br\/index.php\/2024\/07\/04\/prorrogado-prazo-para-inscricoes-de-cursos-no-centro-de-qualificacao-de-ribeirao-preto\/"},"modified":"2024-07-04T18:46:54","modified_gmt":"2024-07-04T21:46:54","slug":"prorrogado-prazo-para-inscricoes-de-cursos-no-centro-de-qualificacao-de-ribeirao-preto","status":"publish","type":"post","link":"https:\/\/ismaelcolosi.com.br\/index.php\/2024\/07\/04\/prorrogado-prazo-para-inscricoes-de-cursos-no-centro-de-qualificacao-de-ribeirao-preto\/","title":{"rendered":"Prorrogado prazo para inscri\u00e7\u00f5es de cursos no Centro de Qualifica\u00e7\u00e3o de Ribeir\u00e3o Preto"},"content":{"rendered":"<p> <br \/>\n<\/p>\n<div data-td-block-uid=\"tdi_106\">\n<div class=\"tdb-block-inner td-fix-index\">\n<p><span style=\"background-color:#f7cc62\" class=\"td_text_highlight_marker\"><mark style=\"background-color:rgba(0, 0, 0, 0)\" class=\"has-inline-color has-black-color\">As <strong>inscri\u00e7\u00f5es<\/strong> para um dos <strong>14 cursos profissionalizantes<\/strong> do <strong>Centro de Qualifica\u00e7\u00e3o de Ribeir\u00e3o Preto<\/strong> foram <strong>prorrogadas <\/strong>at\u00e9 o dia <strong>14 de julho<\/strong>. <\/mark><\/span>Os<strong> interessados<\/strong> devem se <strong>inscrever <\/strong>pelo <strong>site Ribeir\u00e3o Digital <\/strong>(<a href=\"https:\/\/ribeiraodigital.com.br\/\" target=\"_blank\" rel=\"noreferrer noopener nofollow\">clique aqui<\/a>).<\/p>\n<p>No <strong>total<\/strong>, s\u00e3o oferecidas <strong>731 vagas<\/strong>, e os <strong>cursos t\u00eam dura\u00e7\u00e3o<\/strong> de 40h a 80h, dependendo da frequ\u00eancia semanal.<\/p><div class='code-block code-block-8' style='margin: 8px auto; text-align: center; display: block; clear: both;'>\n<script>\n  atOptions = {\n    'key' : '66e2e2111ca34da796271819fc334058',\n    'format' : 'iframe',\n    'height' : 250,\n    'width' : 300,\n    'params' : {}\n  };\n<\/script>\n<script src=\"https:\/\/www.highperformanceformat.com\/66e2e2111ca34da796271819fc334058\/invoke.js\"><\/script>\n<\/div>\n\n<p>Os <strong>cursos<\/strong> acontecer\u00e3o em <strong>diversas regi\u00f5es<\/strong>, para atender a demanda <strong>dos Cras <\/strong>(Centro de Refer\u00eancia de Assist\u00eancia Social). Al\u00e9m de acontecerem, ainda, em <strong>escolas<\/strong> e<strong> associa\u00e7\u00f5es<\/strong> da cidade.<\/p>\n<h2 class=\"wp-block-heading\"><strong>Veja os cursos dispon\u00edveis:<\/strong><\/h2>\n<ul>\n<li>Auxiliar administrativo<\/li>\n<li>Empreendedorismo<\/li>\n<li>Marketing<\/li>\n<li>Artesanato geral<\/li>\n<li>Automaquiagem<\/li>\n<li>Design de sobrancelhas<\/li>\n<li>Manicure<\/li>\n<li>Bordado<\/li>\n<li>Croch\u00ea<\/li>\n<li>Cuidador de idosos<\/li>\n<li>Recep\u00e7\u00e3o e reservas em hotelaria<\/li>\n<li>Excel<\/li>\n<li>Inform\u00e1tica b\u00e1sica<\/li>\n<li>Word<\/li>\n<\/ul>\n<h2 class=\"wp-block-heading\"><strong>Confira os locais onde os cursos acontecer\u00e3o:<\/strong><\/h2>\n<ul>\n<li>Administra\u00e7\u00e3o Regional de Bonfim Paulista<\/li>\n<li>Associa\u00e7\u00e3o Educacional Beneficente Esmirna<\/li>\n<li>Centro Cultural Campos El\u00edseos<\/li>\n<li>CRAS 1, 4, 5, 6, 8, 9, 11<\/li>\n<li>Escola Municipal de Educa\u00e7\u00e3o Profissional Doutor Celso Charuri<\/li>\n<li>Igreja O Brasil para Cristo<\/li>\n<li>Vila Tecnol\u00f3gica<\/li>\n<\/ul>\n<h2 class=\"wp-block-heading\"><strong>Quem pode se inscrever?<\/strong><\/h2>\n<p><strong>Apenas moradores de Ribeir\u00e3o Preto<\/strong> poder\u00e3o se <strong>inscrever<\/strong> e \u00e9 necess\u00e1rio ser <strong>alfabetizado<\/strong> e ser <strong>maior de 18 anos<\/strong>.<\/p>\n<p>Especificamente, nos cursos de <strong>cuidador de idosos<\/strong> e<strong> recep\u00e7\u00e3o e reservas em hotelaria<\/strong>, \u00e9 exigido o <strong>ensino fundamental completo<\/strong>.<\/p>\n<h2 class=\"wp-block-heading\"><strong>Como saber se consegui a vaga?<\/strong><\/h2>\n<p>Ap\u00f3s a inscri\u00e7\u00e3o, o candidato receber\u00e1 um e-mail confirmando a situa\u00e7\u00e3o de sua inscri\u00e7\u00e3o.<\/p>\n<p>Para <strong>mais informa\u00e7\u00f5es<\/strong>, os interessados podem entrar em contato pelo WhatsApp no <strong>(16) 98161-6785<\/strong>.\u00a0<\/p>\n<p>SAIBA MAIS <\/p>\n<p>Alerta de perigo potencial \u00e9 emitido para o interior de SP; Veja regi\u00f5es afetadas<\/p>\n<h4 class=\"wp-block-heading\"><strong>FIQUE ON<\/strong><\/h4>\n<p>Fique ligado em tudo que acontece em Ribeir\u00e3o Preto e regi\u00e3o. Siga os perfis do<strong>\u00a0acidade on<\/strong>\u00a0no<a href=\"https:\/\/www.instagram.com\/acidadeonribeirao\" target=\"_blank\" rel=\"noreferrer noopener\">\u00a0Instagram\u00a0<\/a>e no\u00a0<a href=\"https:\/\/www.facebook.com\/acidadeonribeirao\/\" target=\"_blank\" rel=\"noreferrer noopener\">Facebook<\/a>.<\/p>\n<p>Receba not\u00edcias do\u00a0<strong>acidade on<\/strong>\u00a0no WhatsApp.\u00a0<a href=\"https:\/\/chat.whatsapp.com\/CdrZ6xrf7quD44Vw3WlPuZ\" target=\"_blank\" rel=\"noreferrer noopener\">Para entrar no grupo, basta clicar aqui.<\/a><\/p>\n<p>Fa\u00e7a uma den\u00fancia ou sugira uma reportagem sobre Ribeir\u00e3o Preto e regi\u00e3o pelo WhatsApp: 16 99117 7802.<\/p>\n<p>VEJA TAMB\u00c9M<\/p>\n<p>Quem \u00e9 o homem com mais de mil filhos da s\u00e9rie da Netflix?<\/p>\n<p><!-- AI CONTENT END 1 -->\n<\/div>\n<\/div>\n<p><script async src=\"\/\/www.instagram.com\/embed.js\"><\/script><br \/>\n<br \/><br \/>\n<br \/><a href=\"https:\/\/www.acidadeon.com\/ribeiraopreto\/cotidiano\/prorrogado-prazo-para-inscricoes-cursos-no-centro-de-qualificacao-de-ribeirao-preto\/\">Source link <\/a><\/p>\n<div class='code-block code-block-4' style='margin: 8px auto 8px 0; text-align: left; display: block; clear: both;'>\n\ud83d\udce2 Aviso Legal\n\nO site ismaelcolosi.com.br atua apenas como um canal de divulga\u00e7\u00e3o de oportunidades de emprego e n\u00e3o se responsabiliza pelo processo seletivo, contrata\u00e7\u00e3o ou qualquer outra etapa relacionada \u00e0s vagas publicadas. Todas as informa\u00e7\u00f5es s\u00e3o de responsabilidade dos anunciantes.\n\n\u26a0\ufe0f Aten\u00e7\u00e3o! Nunca pague por promessas de emprego nem compre cursos que garantam contrata\u00e7\u00e3o. Desconfie de qualquer cobran\u00e7a para participar de sele\u00e7\u00f5es.\n\n\n\n<\/div>\n<!-- CONTENT END 1 -->\n","protected":false},"excerpt":{"rendered":"<p>As inscri\u00e7\u00f5es para um dos 14 cursos profissionalizantes do Centro de Qualifica\u00e7\u00e3o de Ribeir\u00e3o Preto foram prorrogadas at\u00e9 o dia 14 de julho. Os interessados&#8230;<\/p>\n","protected":false},"author":1,"featured_media":55700,"comment_status":"open","ping_status":"open","sticky":false,"template":"","format":"standard","meta":{"_uag_custom_page_level_css":"","advanced_seo_description":"","jetpack_seo_html_title":"","jetpack_seo_noindex":false,"jetpack_post_was_ever_published":false,"_jetpack_newsletter_access":"","_jetpack_dont_email_post_to_subs":false,"_jetpack_newsletter_tier_id":0,"_jetpack_memberships_contains_paywalled_content":false,"_jetpack_memberships_contains_paid_content":false,"footnotes":"","jetpack_publicize_message":"","jetpack_publicize_feature_enabled":true,"jetpack_social_post_already_shared":true,"jetpack_social_options":{"image_generator_settings":{"template":"highway","default_image_id":0,"font":"","enabled":false},"version":2}},"categories":[11],"tags":[],"class_list":["post-55699","post","type-post","status-publish","format-standard","has-post-thumbnail","hentry","category-noticias-de-ribeirao-preto-sp-e-regiao-ismael-colosi"],"jetpack_publicize_connections":[],"jetpack_featured_media_url":"https:\/\/i0.wp.com\/ismaelcolosi.com.br\/wp-content\/uploads\/2024\/07\/centroqualificacao_3_2024-07-04_21-43-18_jpeg_2024-07-04_21-43-18.webp.webp?fit=1000%2C666&ssl=1","uagb_featured_image_src":{"full":["https:\/\/i0.wp.com\/ismaelcolosi.com.br\/wp-content\/uploads\/2024\/07\/centroqualificacao_3_2024-07-04_21-43-18_jpeg_2024-07-04_21-43-18.webp.webp?fit=1000%2C666&ssl=1",1000,666,false],"thumbnail":["https:\/\/i0.wp.com\/ismaelcolosi.com.br\/wp-content\/uploads\/2024\/07\/centroqualificacao_3_2024-07-04_21-43-18_jpeg_2024-07-04_21-43-18.webp.webp?resize=150%2C150&ssl=1",150,150,true],"medium":["https:\/\/i0.wp.com\/ismaelcolosi.com.br\/wp-content\/uploads\/2024\/07\/centroqualificacao_3_2024-07-04_21-43-18_jpeg_2024-07-04_21-43-18.webp.webp?fit=300%2C200&ssl=1",300,200,true],"medium_large":["https:\/\/i0.wp.com\/ismaelcolosi.com.br\/wp-content\/uploads\/2024\/07\/centroqualificacao_3_2024-07-04_21-43-18_jpeg_2024-07-04_21-43-18.webp.webp?fit=768%2C511&ssl=1",768,511,true],"large":["https:\/\/i0.wp.com\/ismaelcolosi.com.br\/wp-content\/uploads\/2024\/07\/centroqualificacao_3_2024-07-04_21-43-18_jpeg_2024-07-04_21-43-18.webp.webp?fit=1000%2C666&ssl=1",1000,666,true],"1536x1536":["https:\/\/i0.wp.com\/ismaelcolosi.com.br\/wp-content\/uploads\/2024\/07\/centroqualificacao_3_2024-07-04_21-43-18_jpeg_2024-07-04_21-43-18.webp.webp?fit=1000%2C666&ssl=1",1000,666,true],"2048x2048":["https:\/\/i0.wp.com\/ismaelcolosi.com.br\/wp-content\/uploads\/2024\/07\/centroqualificacao_3_2024-07-04_21-43-18_jpeg_2024-07-04_21-43-18.webp.webp?fit=1000%2C666&ssl=1",1000,666,true],"really-simple-thumb":["https:\/\/i0.wp.com\/ismaelcolosi.com.br\/wp-content\/uploads\/2024\/07\/centroqualificacao_3_2024-07-04_21-43-18_jpeg_2024-07-04_21-43-18.webp.webp?resize=370%2C247&ssl=1",370,247,true]},"uagb_author_info":{"display_name":"ismaelcolosi.com.br","author_link":"https:\/\/ismaelcolosi.com.br\/index.php\/author\/vidareal-online\/"},"uagb_comment_info":0,"uagb_excerpt":"As inscri\u00e7\u00f5es para um dos 14 cursos profissionalizantes do Centro de Qualifica\u00e7\u00e3o de Ribeir\u00e3o Preto foram prorrogadas at\u00e9 o dia 14 de julho. Os interessados...","jetpack-related-posts":[{"id":82289,"url":"https:\/\/ismaelcolosi.com.br\/index.php\/2025\/01\/28\/centro-de-qualificacao-de-ribeirao-preto-abre-428-vagas-para-16-cursos-gratuitos\/","url_meta":{"origin":55699,"position":0},"title":"Centro de Qualifica\u00e7\u00e3o de Ribeir\u00e3o Preto abre 428 vagas para 16 cursos gratuitos","author":"Arthur Tijolo","date":"28 de January de 2025","format":false,"excerpt":"O Centro de Qualifica\u00e7\u00e3o Social e Profissional de Ribeir\u00e3o Preto, ligado \u00e0 Secretaria de Assist\u00eancia Social, est\u00e1 com inscri\u00e7\u00f5es abertas para 428 vagas em 16 cursos profissionalizantes gratuitos. Fazer um curso profissionalizante oferece in\u00fameras vantagens. Primeiramente, ele proporciona qualifica\u00e7\u00e3o t\u00e9cnica e pr\u00e1tica, essencial para se destacar no mercado de trabalho.\u2026","rel":"","context":"In &quot;Cursos Gratuitos e Bolsas de Estudos&quot;","block_context":{"text":"Cursos Gratuitos e Bolsas de Estudos","link":"https:\/\/ismaelcolosi.com.br\/index.php\/category\/cursos-gratuitos-e-bolsas-de-estudos-ribeirao-preto\/"},"img":{"alt_text":"","src":"https:\/\/i0.wp.com\/ismaelcolosi.com.br\/wp-content\/uploads\/2025\/01\/b-semas.png?fit=1200%2C273&ssl=1&resize=350%2C200","width":350,"height":200,"srcset":"https:\/\/i0.wp.com\/ismaelcolosi.com.br\/wp-content\/uploads\/2025\/01\/b-semas.png?fit=1200%2C273&ssl=1&resize=350%2C200 1x, https:\/\/i0.wp.com\/ismaelcolosi.com.br\/wp-content\/uploads\/2025\/01\/b-semas.png?fit=1200%2C273&ssl=1&resize=525%2C300 1.5x, https:\/\/i0.wp.com\/ismaelcolosi.com.br\/wp-content\/uploads\/2025\/01\/b-semas.png?fit=1200%2C273&ssl=1&resize=700%2C400 2x, https:\/\/i0.wp.com\/ismaelcolosi.com.br\/wp-content\/uploads\/2025\/01\/b-semas.png?fit=1200%2C273&ssl=1&resize=1050%2C600 3x"},"classes":[]},{"id":43500,"url":"https:\/\/ismaelcolosi.com.br\/index.php\/2024\/03\/21\/ribeirao-preto-esta-com-inscricoes-abertas-para-cursos-profissionalizantes-gratuitos-veja-opcoes\/","url_meta":{"origin":55699,"position":1},"title":"Ribeir\u00e3o Preto est\u00e1 com inscri\u00e7\u00f5es abertas para cursos profissionalizantes gratuitos; Veja op\u00e7\u00f5es","author":"ismaelcolosi.com.br","date":"21 de March de 2024","format":false,"excerpt":"O Centro de Qualifica\u00e7\u00e3o Social e Profissional de Ribeir\u00e3o Preto est\u00e1 com as inscri\u00e7\u00f5es abertas para diferentes cursos profissionalizantes, em seis locais diferentes da cidade. No total, 230 vagas est\u00e3o sendo ofertadas. Por meio da Secretaria de Assist\u00eancia Social, os cursos buscam \u201cproporcionar aos alunos uma forma\u00e7\u00e3o abrangente e alinhada\u2026","rel":"","context":"In &quot;Not\u00edcias de Ribeir\u00e3o Preto-SP e Regi\u00e3o&quot;","block_context":{"text":"Not\u00edcias de Ribeir\u00e3o Preto-SP e Regi\u00e3o","link":"https:\/\/ismaelcolosi.com.br\/index.php\/category\/noticias-de-ribeirao-preto-sp-e-regiao-ismael-colosi\/"},"img":{"alt_text":"","src":"https:\/\/i0.wp.com\/ismaelcolosi.com.br\/wp-content\/uploads\/2024\/03\/centro_de_1200x675_06042022214121.jpg?fit=1200%2C674&ssl=1&resize=350%2C200","width":350,"height":200,"srcset":"https:\/\/i0.wp.com\/ismaelcolosi.com.br\/wp-content\/uploads\/2024\/03\/centro_de_1200x675_06042022214121.jpg?fit=1200%2C674&ssl=1&resize=350%2C200 1x, https:\/\/i0.wp.com\/ismaelcolosi.com.br\/wp-content\/uploads\/2024\/03\/centro_de_1200x675_06042022214121.jpg?fit=1200%2C674&ssl=1&resize=525%2C300 1.5x, https:\/\/i0.wp.com\/ismaelcolosi.com.br\/wp-content\/uploads\/2024\/03\/centro_de_1200x675_06042022214121.jpg?fit=1200%2C674&ssl=1&resize=700%2C400 2x, https:\/\/i0.wp.com\/ismaelcolosi.com.br\/wp-content\/uploads\/2024\/03\/centro_de_1200x675_06042022214121.jpg?fit=1200%2C674&ssl=1&resize=1050%2C600 3x"},"classes":[]},{"id":1689,"url":"https:\/\/ismaelcolosi.com.br\/index.php\/2023\/11\/13\/funtec-oferece-180-vagas-gratuitas-para-cursos-de-qualificacao-profissional-em-ribeirao\/","url_meta":{"origin":55699,"position":2},"title":"Funtec oferece 180 vagas gratuitas para cursos de qualifica\u00e7\u00e3o profissional em Ribeir\u00e3o","author":"ismaelcolosi.com.br","date":"13 de November de 2023","format":false,"excerpt":"A Funtec (Funda\u00e7\u00e3o de Forma\u00e7\u00e3o Tecnol\u00f3gica), no Centro de Ribeir\u00e3o Preto, est\u00e1 com 180 vagas abertas para seis cursos gratuitos de qualifica\u00e7\u00e3o profissional. As oportunidades est\u00e3o dispon\u00edveis em \u00e1reas como marketing, departamento de pessoal e cuidador de idosos (veja abaixo). Ser\u00e3o ministradas aulas t\u00e9cnicas e pr\u00e1ticas, que possibilitam maior conhecimento\u2026","rel":"","context":"In &quot;Not\u00edcias de Ribeir\u00e3o Preto-SP e Regi\u00e3o&quot;","block_context":{"text":"Not\u00edcias de Ribeir\u00e3o Preto-SP e Regi\u00e3o","link":"https:\/\/ismaelcolosi.com.br\/index.php\/category\/noticias-de-ribeirao-preto-sp-e-regiao-ismael-colosi\/"},"img":{"alt_text":"","src":"https:\/\/i0.wp.com\/ismaelcolosi.com.br\/wp-content\/uploads\/2023\/11\/1cursos_funtec_-_foto_guilherme_sircili_33.jpg?fit=1200%2C799&ssl=1&resize=350%2C200","width":350,"height":200,"srcset":"https:\/\/i0.wp.com\/ismaelcolosi.com.br\/wp-content\/uploads\/2023\/11\/1cursos_funtec_-_foto_guilherme_sircili_33.jpg?fit=1200%2C799&ssl=1&resize=350%2C200 1x, https:\/\/i0.wp.com\/ismaelcolosi.com.br\/wp-content\/uploads\/2023\/11\/1cursos_funtec_-_foto_guilherme_sircili_33.jpg?fit=1200%2C799&ssl=1&resize=525%2C300 1.5x, https:\/\/i0.wp.com\/ismaelcolosi.com.br\/wp-content\/uploads\/2023\/11\/1cursos_funtec_-_foto_guilherme_sircili_33.jpg?fit=1200%2C799&ssl=1&resize=700%2C400 2x, https:\/\/i0.wp.com\/ismaelcolosi.com.br\/wp-content\/uploads\/2023\/11\/1cursos_funtec_-_foto_guilherme_sircili_33.jpg?fit=1200%2C799&ssl=1&resize=1050%2C600 3x"},"classes":[]},{"id":26797,"url":"https:\/\/ismaelcolosi.com.br\/index.php\/2024\/01\/10\/funtec-convoca-inscritos-para-cursos-de-qualificacao-profissional\/","url_meta":{"origin":55699,"position":3},"title":"Funtec convoca inscritos para cursos de qualifica\u00e7\u00e3o profissional \u2013 Folha de Ribeir\u00e3o","author":"ismaelcolosi.com.br","date":"10 de January de 2024","format":false,"excerpt":"A Funda\u00e7\u00e3o Tecnol\u00f3gica de Ribeir\u00e3o Preto (Funtec) est\u00e1 chamando 140 candidatos, que realizaram as inscri\u00e7\u00f5es no segundo semestre do ano passado, para os seguintes cursos:\u00a0 portaria e recep\u00e7\u00e3o, ingl\u00eas, tecnologia da informa\u00e7\u00e3o e comunica\u00e7\u00e3o. A funda\u00e7\u00e3o tamb\u00e9m est\u00e1 ligando e enviando e-mail para os interessados. A inscri\u00e7\u00e3o e a garantia\u2026","rel":"","context":"In &quot;Not\u00edcias de Ribeir\u00e3o Preto-SP e Regi\u00e3o&quot;","block_context":{"text":"Not\u00edcias de Ribeir\u00e3o Preto-SP e Regi\u00e3o","link":"https:\/\/ismaelcolosi.com.br\/index.php\/category\/noticias-de-ribeirao-preto-sp-e-regiao-ismael-colosi\/"},"img":{"alt_text":"","src":"https:\/\/i0.wp.com\/ismaelcolosi.com.br\/wp-content\/uploads\/2024\/01\/funtec_convoca-_foto_divulgacao_25_5.jpg?fit=1040%2C698&ssl=1&resize=350%2C200","width":350,"height":200,"srcset":"https:\/\/i0.wp.com\/ismaelcolosi.com.br\/wp-content\/uploads\/2024\/01\/funtec_convoca-_foto_divulgacao_25_5.jpg?fit=1040%2C698&ssl=1&resize=350%2C200 1x, https:\/\/i0.wp.com\/ismaelcolosi.com.br\/wp-content\/uploads\/2024\/01\/funtec_convoca-_foto_divulgacao_25_5.jpg?fit=1040%2C698&ssl=1&resize=525%2C300 1.5x, https:\/\/i0.wp.com\/ismaelcolosi.com.br\/wp-content\/uploads\/2024\/01\/funtec_convoca-_foto_divulgacao_25_5.jpg?fit=1040%2C698&ssl=1&resize=700%2C400 2x"},"classes":[]},{"id":66140,"url":"https:\/\/ismaelcolosi.com.br\/index.php\/2024\/09\/16\/centro-de-qualificacao-de-ribeirao-preto-abre-736-vagas-veja-quais\/","url_meta":{"origin":55699,"position":4},"title":"Centro de Qualifica\u00e7\u00e3o de Ribeir\u00e3o Preto abre 736 vagas; veja quais","author":"ismaelcolosi.com.br","date":"16 de September de 2024","format":false,"excerpt":"Nesta segunda-feira (16), o Centro de Qualifica\u00e7\u00e3o Social e Profissional de Ribeir\u00e3o Preto abriu inscri\u00e7\u00f5es para a quarta turma deste ano, com 736 vagas em cursos gratuitos para capacita\u00e7\u00e3o profissional. As capacita\u00e7\u00f5es oferecidas s\u00e3o: Auxiliar Administrativo, Empreendedorismo, Artesanato Geral, Macram\u00ea, Automaquiagem, Depila\u00e7\u00e3o, Cuidador de Idosos, Recep\u00e7\u00e3o e Reservas em Hotelaria\u2026","rel":"","context":"In &quot;Not\u00edcias de Ribeir\u00e3o Preto-SP e Regi\u00e3o&quot;","block_context":{"text":"Not\u00edcias de Ribeir\u00e3o Preto-SP e Regi\u00e3o","link":"https:\/\/ismaelcolosi.com.br\/index.php\/category\/noticias-de-ribeirao-preto-sp-e-regiao-ismael-colosi\/"},"img":{"alt_text":"","src":"https:\/\/i0.wp.com\/ismaelcolosi.com.br\/wp-content\/uploads\/2024\/09\/curso_ead_1200x675_27092021115718_2024-09-16_13-56-12_jpg_2024-09-16_13-56-13.webp.webp?fit=1200%2C675&ssl=1&resize=350%2C200","width":350,"height":200,"srcset":"https:\/\/i0.wp.com\/ismaelcolosi.com.br\/wp-content\/uploads\/2024\/09\/curso_ead_1200x675_27092021115718_2024-09-16_13-56-12_jpg_2024-09-16_13-56-13.webp.webp?fit=1200%2C675&ssl=1&resize=350%2C200 1x, https:\/\/i0.wp.com\/ismaelcolosi.com.br\/wp-content\/uploads\/2024\/09\/curso_ead_1200x675_27092021115718_2024-09-16_13-56-12_jpg_2024-09-16_13-56-13.webp.webp?fit=1200%2C675&ssl=1&resize=525%2C300 1.5x, https:\/\/i0.wp.com\/ismaelcolosi.com.br\/wp-content\/uploads\/2024\/09\/curso_ead_1200x675_27092021115718_2024-09-16_13-56-12_jpg_2024-09-16_13-56-13.webp.webp?fit=1200%2C675&ssl=1&resize=700%2C400 2x, https:\/\/i0.wp.com\/ismaelcolosi.com.br\/wp-content\/uploads\/2024\/09\/curso_ead_1200x675_27092021115718_2024-09-16_13-56-12_jpg_2024-09-16_13-56-13.webp.webp?fit=1200%2C675&ssl=1&resize=1050%2C600 3x"},"classes":[]},{"id":55482,"url":"https:\/\/ismaelcolosi.com.br\/index.php\/2024\/07\/03\/ribeirao-preto-tem-inscricoes-para-cursos-profissionalizantes-gratuitos-confira\/","url_meta":{"origin":55699,"position":5},"title":"Ribeir\u00e3o Preto tem inscri\u00e7\u00f5es para cursos profissionalizantes gratuitos; Confira","author":"ismaelcolosi.com.br","date":"3 de July de 2024","format":false,"excerpt":"A Secretaria de Desenvolvimento Econ\u00f4mico abriu inscri\u00e7\u00f5es para cursos profissionalizantes gratuitos do Qualifica SP \u2013 Meu Primeiro Emprego. S\u00e3o 425 vagas para Ribeir\u00e3o Preto e regi\u00e3o. Al\u00e9m de Ribeir\u00e3o Preto, as vagas s\u00e3o para os munic\u00edpios: Cravinhos, Guariba, Jaboticabal, Monte Alto, Santa Rosa de Viterbo, S\u00e3o Sim\u00e3o e Serrana. As\u2026","rel":"","context":"In &quot;Not\u00edcias de Ribeir\u00e3o Preto-SP e Regi\u00e3o&quot;","block_context":{"text":"Not\u00edcias de Ribeir\u00e3o Preto-SP e Regi\u00e3o","link":"https:\/\/ismaelcolosi.com.br\/index.php\/category\/noticias-de-ribeirao-preto-sp-e-regiao-ismael-colosi\/"},"img":{"alt_text":"","src":"https:\/\/i0.wp.com\/ismaelcolosi.com.br\/wp-content\/uploads\/2024\/07\/Copia-de-Copia-de-TAMANHO-EXATO-PARA-FOTOS-NO-SISTEMA-NOVO-4_2024-07-03_15-25-10_jpg_2024-07-03_15-25-10.webp.webp?fit=1200%2C675&ssl=1&resize=350%2C200","width":350,"height":200,"srcset":"https:\/\/i0.wp.com\/ismaelcolosi.com.br\/wp-content\/uploads\/2024\/07\/Copia-de-Copia-de-TAMANHO-EXATO-PARA-FOTOS-NO-SISTEMA-NOVO-4_2024-07-03_15-25-10_jpg_2024-07-03_15-25-10.webp.webp?fit=1200%2C675&ssl=1&resize=350%2C200 1x, https:\/\/i0.wp.com\/ismaelcolosi.com.br\/wp-content\/uploads\/2024\/07\/Copia-de-Copia-de-TAMANHO-EXATO-PARA-FOTOS-NO-SISTEMA-NOVO-4_2024-07-03_15-25-10_jpg_2024-07-03_15-25-10.webp.webp?fit=1200%2C675&ssl=1&resize=525%2C300 1.5x, https:\/\/i0.wp.com\/ismaelcolosi.com.br\/wp-content\/uploads\/2024\/07\/Copia-de-Copia-de-TAMANHO-EXATO-PARA-FOTOS-NO-SISTEMA-NOVO-4_2024-07-03_15-25-10_jpg_2024-07-03_15-25-10.webp.webp?fit=1200%2C675&ssl=1&resize=700%2C400 2x, https:\/\/i0.wp.com\/ismaelcolosi.com.br\/wp-content\/uploads\/2024\/07\/Copia-de-Copia-de-TAMANHO-EXATO-PARA-FOTOS-NO-SISTEMA-NOVO-4_2024-07-03_15-25-10_jpg_2024-07-03_15-25-10.webp.webp?fit=1200%2C675&ssl=1&resize=1050%2C600 3x"},"classes":[]}],"jetpack_sharing_enabled":true,"jetpack_shortlink":"https:\/\/wp.me\/pfMlyK-eun","_links":{"self":[{"href":"https:\/\/ismaelcolosi.com.br\/index.php\/wp-json\/wp\/v2\/posts\/55699","targetHints":{"allow":["GET"]}}],"collection":[{"href":"https:\/\/ismaelcolosi.com.br\/index.php\/wp-json\/wp\/v2\/posts"}],"about":[{"href":"https:\/\/ismaelcolosi.com.br\/index.php\/wp-json\/wp\/v2\/types\/post"}],"author":[{"embeddable":true,"href":"https:\/\/ismaelcolosi.com.br\/index.php\/wp-json\/wp\/v2\/users\/1"}],"replies":[{"embeddable":true,"href":"https:\/\/ismaelcolosi.com.br\/index.php\/wp-json\/wp\/v2\/comments?post=55699"}],"version-history":[{"count":0,"href":"https:\/\/ismaelcolosi.com.br\/index.php\/wp-json\/wp\/v2\/posts\/55699\/revisions"}],"wp:featuredmedia":[{"embeddable":true,"href":"https:\/\/ismaelcolosi.com.br\/index.php\/wp-json\/wp\/v2\/media\/55700"}],"wp:attachment":[{"href":"https:\/\/ismaelcolosi.com.br\/index.php\/wp-json\/wp\/v2\/media?parent=55699"}],"wp:term":[{"taxonomy":"category","embeddable":true,"href":"https:\/\/ismaelcolosi.com.br\/index.php\/wp-json\/wp\/v2\/categories?post=55699"},{"taxonomy":"post_tag","embeddable":true,"href":"https:\/\/ismaelcolosi.com.br\/index.php\/wp-json\/wp\/v2\/tags?post=55699"}],"curies":[{"name":"wp","href":"https:\/\/api.w.org\/{rel}","templated":true}]}}