{"id":55697,"date":"2024-07-04T18:32:03","date_gmt":"2024-07-04T21:32:03","guid":{"rendered":"https:\/\/ismaelcolosi.com.br\/index.php\/2024\/07\/04\/apos-tres-decadas-esqueleto-no-centro-de-ribeirao-e-comprado-e-pode-ser-concluido\/"},"modified":"2024-07-04T18:32:03","modified_gmt":"2024-07-04T21:32:03","slug":"apos-tres-decadas-esqueleto-no-centro-de-ribeirao-e-comprado-e-pode-ser-concluido","status":"publish","type":"post","link":"https:\/\/ismaelcolosi.com.br\/index.php\/2024\/07\/04\/apos-tres-decadas-esqueleto-no-centro-de-ribeirao-e-comprado-e-pode-ser-concluido\/","title":{"rendered":"\u201cAp\u00f3s tr\u00eas d\u00e9cadas, \u2018esqueleto&#8217; no Centro de Ribeir\u00e3o \u00e9 comprado e pode ser conclu\u00eddo\u201d"},"content":{"rendered":"<p> <br \/>\n<\/p>\n<div>\n<p>O <strong>\u201cesqueleto\u201d<\/strong> do <strong>pr\u00e9dio<\/strong> da <strong>antiga<\/strong> construtora <strong>Encol<\/strong>, que fica na<strong> rua Amador Bueno<\/strong>, no<strong> Centro de Ribeir\u00e3o Preto<\/strong>, pode <strong>ganhar<\/strong> <strong>\u201cvida\u201d<\/strong>, ap\u00f3s <strong>quase 30 anos abandonado<\/strong>.<\/p>\n<p>Comprado por <strong>duas empresas<\/strong>, que pretendem transformar o local em uma <strong>\u00e1rea residencial<\/strong>, o<strong> in\u00edcio das obras<\/strong>, segundo apura\u00e7\u00e3o do <strong>a cidadeon<\/strong>, depende da <strong>prefeitura<\/strong> para <strong>libera\u00e7\u00e3o dos alvar\u00e1s <\/strong>e <strong>da aprova\u00e7\u00e3o do novo projeto<\/strong>, chamado de <strong>\u201carquitet\u00f4nico\u201d <\/strong>por um dos propriet\u00e1rios.<\/p><div class='code-block code-block-8' style='margin: 8px auto; text-align: center; display: block; clear: both;'>\n<script>\n  atOptions = {\n    'key' : '66e2e2111ca34da796271819fc334058',\n    'format' : 'iframe',\n    'height' : 250,\n    'width' : 300,\n    'params' : {}\n  };\n<\/script>\n<script src=\"https:\/\/www.highperformanceformat.com\/66e2e2111ca34da796271819fc334058\/invoke.js\"><\/script>\n<\/div>\n\n<p>A princ\u00edpio, os <strong>novos propriet\u00e1rios<\/strong> do empreendimento s\u00f3 podem <strong>manter o local limpo<\/strong> e<strong> murado<\/strong>, at\u00e9 que sejam <strong>autorizados <\/strong>e <strong>conclu\u00eddos <\/strong>os <strong>tr\u00e2mites para a retomada das obras<\/strong>.<\/p>\n<h2 class=\"wp-block-heading\"><strong>Quem s\u00e3o os novos compradores?<\/strong><\/h2>\n<p>A <strong>parceria comercial<\/strong> \u00e9 entre as <strong>empresas<\/strong> Rodrigues \u2013 Secundino &amp; Velloso Incorporadora, com sede em Santo Andr\u00e9 e a Construtora Phocus, com sede em S\u00e3o Paulo. Ambas <strong>institu\u00edram a SPE<\/strong> (Sociedade de Prop\u00f3sito Espec\u00edfico) Residencial Riviere \u2013 Empreendimento Imobili\u00e1rio, criada, <strong>exclusivamente<\/strong>, para este <strong>empreendimento<\/strong>.<\/p>\n<h2 class=\"wp-block-heading\"><strong>Outros pr\u00e9dios Encol<\/strong><\/h2>\n<p>A <strong>aquisi\u00e7\u00e3o de outros<\/strong> empreendimentos da <strong>Encol<\/strong>, que est\u00e3o abandonados em<strong> Ribeir\u00e3o Preto<\/strong>, est\u00e1 em <strong>fase de estudo<\/strong>. Contudo, um dos respons\u00e1veis pela <strong>SPE<\/strong>, disse que \u00e9 um<em> \u201cprocesso complexo, que infelizmente demanda tempo, mas a inten\u00e7\u00e3o \u00e9 de <strong>adquirir<\/strong> os <strong>demais empreendimentos<\/strong> para <strong>renova\u00e7\u00e3o e moderniza\u00e7\u00e3o<\/strong> dos <strong>pr\u00e9dios<\/strong>\u201d.<\/em><\/p>\n<h2 class=\"wp-block-heading\"><strong>Finaliza\u00e7\u00e3o pr\u00e9dio abandonado<\/strong><\/h2>\n<p>Al\u00e9m do pr\u00e9dio da antiga Encol, a <strong>SPE j\u00e1 comprou<\/strong> um <strong>pr\u00e9dio <\/strong>na <strong>rua General Os\u00f3rio<\/strong>, para a<strong> finaliza\u00e7\u00e3o das obras<\/strong>, que ser\u00e1 <strong>residencial<\/strong>.<\/p>\n<p>SAIBA MAIS <\/p>\n<p>Pol\u00edcia Civil apreende fuzil \u2018abandonado\u2019 na via Norte em Ribeir\u00e3o Preto<\/p>\n<h4 class=\"wp-block-heading\"><strong>FIQUE ON<\/strong><\/h4>\n<p>Fique ligado em tudo que acontece em Ribeir\u00e3o Preto e regi\u00e3o. Siga os perfis do\u00a0<strong>acidade on<\/strong>\u00a0no<a href=\"https:\/\/www.instagram.com\/acidadeonribeirao\" target=\"_blank\" rel=\"noreferrer noopener\">\u00a0Instagram<\/a>\u00a0e no\u00a0<a href=\"https:\/\/www.facebook.com\/acidadeonribeirao\/\" target=\"_blank\" rel=\"noreferrer noopener\">Facebook<\/a>.<\/p>\n<p>Receba not\u00edcias do\u00a0<strong>acidade on\u00a0<\/strong>no WhatsApp.\u00a0<a href=\"https:\/\/chat.whatsapp.com\/CdrZ6xrf7quD44Vw3WlPuZ\" target=\"_blank\" rel=\"noreferrer noopener\">Para entrar no grupo, basta clicar aqui.<\/a><\/p>\n<p>Fa\u00e7a uma den\u00fancia ou sugira uma reportagem sobre Ribeir\u00e3o Preto e regi\u00e3o pelo WhatsApp: 16 99117 7802.<\/p>\n<p>VEJA TAMB\u00c9M<\/p>\n<p>Qual a hist\u00f3ria da \u00faltima temporada de \u2018Elite\u2019?<\/p>\n<p><!-- AI CONTENT END 1 -->\n<\/div>\n<p><script async src=\"\/\/www.instagram.com\/embed.js\"><\/script><br \/>\n<br \/><br \/>\n<br \/><a href=\"https:\/\/www.acidadeon.com\/ribeiraopreto\/cotidiano\/apos-tres-decadas-esqueleto-no-centro-de-ribeirao-e-comprado-e-pode-ser-concluido\/\">Source link <\/a><\/p>\n<div class='code-block code-block-4' style='margin: 8px auto 8px 0; text-align: left; display: block; clear: both;'>\n\ud83d\udce2 Aviso Legal\n\nO site ismaelcolosi.com.br atua apenas como um canal de divulga\u00e7\u00e3o de oportunidades de emprego e n\u00e3o se responsabiliza pelo processo seletivo, contrata\u00e7\u00e3o ou qualquer outra etapa relacionada \u00e0s vagas publicadas. Todas as informa\u00e7\u00f5es s\u00e3o de responsabilidade dos anunciantes.\n\n\u26a0\ufe0f Aten\u00e7\u00e3o! Nunca pague por promessas de emprego nem compre cursos que garantam contrata\u00e7\u00e3o. Desconfie de qualquer cobran\u00e7a para participar de sele\u00e7\u00f5es.\n\n\n\n<\/div>\n<!-- CONTENT END 1 -->\n","protected":false},"excerpt":{"rendered":"<p>O \u201cesqueleto\u201d do pr\u00e9dio da antiga construtora Encol, que fica na rua Amador Bueno, no Centro de Ribeir\u00e3o Preto, pode ganhar \u201cvida\u201d, ap\u00f3s quase 30&#8230;<\/p>\n","protected":false},"author":1,"featured_media":55698,"comment_status":"open","ping_status":"open","sticky":false,"template":"","format":"standard","meta":{"_uag_custom_page_level_css":"","advanced_seo_description":"","jetpack_seo_html_title":"","jetpack_seo_noindex":false,"jetpack_post_was_ever_published":false,"_jetpack_newsletter_access":"","_jetpack_dont_email_post_to_subs":false,"_jetpack_newsletter_tier_id":0,"_jetpack_memberships_contains_paywalled_content":false,"_jetpack_memberships_contains_paid_content":false,"footnotes":"","jetpack_publicize_message":"","jetpack_publicize_feature_enabled":true,"jetpack_social_post_already_shared":true,"jetpack_social_options":{"image_generator_settings":{"template":"highway","default_image_id":0,"font":"","enabled":false},"version":2}},"categories":[11],"tags":[],"class_list":["post-55697","post","type-post","status-publish","format-standard","has-post-thumbnail","hentry","category-noticias-de-ribeirao-preto-sp-e-regiao-ismael-colosi"],"jetpack_publicize_connections":[],"jetpack_featured_media_url":"https:\/\/i0.wp.com\/ismaelcolosi.com.br\/wp-content\/uploads\/2024\/07\/WhatsApp-Image-2024-07-04-at-16.32.53-1_2024-07-04_20-42-48_jpeg_2024-07-04_20-42-48.webp.webp?fit=1600%2C899&ssl=1","uagb_featured_image_src":{"full":["https:\/\/i0.wp.com\/ismaelcolosi.com.br\/wp-content\/uploads\/2024\/07\/WhatsApp-Image-2024-07-04-at-16.32.53-1_2024-07-04_20-42-48_jpeg_2024-07-04_20-42-48.webp.webp?fit=1600%2C899&ssl=1",1600,899,false],"thumbnail":["https:\/\/i0.wp.com\/ismaelcolosi.com.br\/wp-content\/uploads\/2024\/07\/WhatsApp-Image-2024-07-04-at-16.32.53-1_2024-07-04_20-42-48_jpeg_2024-07-04_20-42-48.webp.webp?resize=150%2C150&ssl=1",150,150,true],"medium":["https:\/\/i0.wp.com\/ismaelcolosi.com.br\/wp-content\/uploads\/2024\/07\/WhatsApp-Image-2024-07-04-at-16.32.53-1_2024-07-04_20-42-48_jpeg_2024-07-04_20-42-48.webp.webp?fit=300%2C169&ssl=1",300,169,true],"medium_large":["https:\/\/i0.wp.com\/ismaelcolosi.com.br\/wp-content\/uploads\/2024\/07\/WhatsApp-Image-2024-07-04-at-16.32.53-1_2024-07-04_20-42-48_jpeg_2024-07-04_20-42-48.webp.webp?fit=768%2C432&ssl=1",768,432,true],"large":["https:\/\/i0.wp.com\/ismaelcolosi.com.br\/wp-content\/uploads\/2024\/07\/WhatsApp-Image-2024-07-04-at-16.32.53-1_2024-07-04_20-42-48_jpeg_2024-07-04_20-42-48.webp.webp?fit=1024%2C575&ssl=1",1024,575,true],"1536x1536":["https:\/\/i0.wp.com\/ismaelcolosi.com.br\/wp-content\/uploads\/2024\/07\/WhatsApp-Image-2024-07-04-at-16.32.53-1_2024-07-04_20-42-48_jpeg_2024-07-04_20-42-48.webp.webp?fit=1536%2C863&ssl=1",1536,863,true],"2048x2048":["https:\/\/i0.wp.com\/ismaelcolosi.com.br\/wp-content\/uploads\/2024\/07\/WhatsApp-Image-2024-07-04-at-16.32.53-1_2024-07-04_20-42-48_jpeg_2024-07-04_20-42-48.webp.webp?fit=1600%2C899&ssl=1",1600,899,true],"really-simple-thumb":["https:\/\/i0.wp.com\/ismaelcolosi.com.br\/wp-content\/uploads\/2024\/07\/WhatsApp-Image-2024-07-04-at-16.32.53-1_2024-07-04_20-42-48_jpeg_2024-07-04_20-42-48.webp.webp?resize=370%2C247&ssl=1",370,247,true]},"uagb_author_info":{"display_name":"ismaelcolosi.com.br","author_link":"https:\/\/ismaelcolosi.com.br\/index.php\/author\/vidareal-online\/"},"uagb_comment_info":0,"uagb_excerpt":"O \u201cesqueleto\u201d do pr\u00e9dio da antiga construtora Encol, que fica na rua Amador Bueno, no Centro de Ribeir\u00e3o Preto, pode ganhar \u201cvida\u201d, ap\u00f3s quase 30...","jetpack-related-posts":[{"id":72027,"url":"https:\/\/ismaelcolosi.com.br\/index.php\/2024\/10\/18\/carros-sao-guinchados-apos-inauguracao-do-corredor-de-onibus-no-centro-de-ribeirao\/","url_meta":{"origin":55697,"position":0},"title":"Carros s\u00e3o guinchados ap\u00f3s inaugura\u00e7\u00e3o do corredor de \u00f4nibus no Centro de Ribeir\u00e3o","author":"ismaelcolosi.com.br","date":"18 de October de 2024","format":false,"excerpt":"Um dia ap\u00f3s a inaugura\u00e7\u00e3o dos corredores de \u00f4nibus na regi\u00e3o central de Ribeir\u00e3o Preto, comerciantes da \u00e1rea reclamam que a fiscaliza\u00e7\u00e3o come\u00e7ou antes do previsto. Nesta sexta-feira (18), pelo menos dois carros que estavam estacionados na rua Bar\u00e3o do Amazonas foram apreendidos pela Pol\u00edcia Militar (PM). As faixas do\u2026","rel":"","context":"In &quot;Not\u00edcias de Ribeir\u00e3o Preto-SP e Regi\u00e3o&quot;","block_context":{"text":"Not\u00edcias de Ribeir\u00e3o Preto-SP e Regi\u00e3o","link":"https:\/\/ismaelcolosi.com.br\/index.php\/category\/noticias-de-ribeirao-preto-sp-e-regiao-ismael-colosi\/"},"img":{"alt_text":"","src":"https:\/\/i0.wp.com\/ismaelcolosi.com.br\/wp-content\/uploads\/2024\/10\/Copia-de-Copia-de-Copia-de-TAMANHO-EXATO-PARA-FOTOS-NO-SISTEMA-NOVO-2024-10-18T191806.243_2024-10-18_22-18-55_png_2024-10-18_22-18-55.webp.webp?fit=1200%2C675&ssl=1&resize=350%2C200","width":350,"height":200,"srcset":"https:\/\/i0.wp.com\/ismaelcolosi.com.br\/wp-content\/uploads\/2024\/10\/Copia-de-Copia-de-Copia-de-TAMANHO-EXATO-PARA-FOTOS-NO-SISTEMA-NOVO-2024-10-18T191806.243_2024-10-18_22-18-55_png_2024-10-18_22-18-55.webp.webp?fit=1200%2C675&ssl=1&resize=350%2C200 1x, https:\/\/i0.wp.com\/ismaelcolosi.com.br\/wp-content\/uploads\/2024\/10\/Copia-de-Copia-de-Copia-de-TAMANHO-EXATO-PARA-FOTOS-NO-SISTEMA-NOVO-2024-10-18T191806.243_2024-10-18_22-18-55_png_2024-10-18_22-18-55.webp.webp?fit=1200%2C675&ssl=1&resize=525%2C300 1.5x, https:\/\/i0.wp.com\/ismaelcolosi.com.br\/wp-content\/uploads\/2024\/10\/Copia-de-Copia-de-Copia-de-TAMANHO-EXATO-PARA-FOTOS-NO-SISTEMA-NOVO-2024-10-18T191806.243_2024-10-18_22-18-55_png_2024-10-18_22-18-55.webp.webp?fit=1200%2C675&ssl=1&resize=700%2C400 2x, https:\/\/i0.wp.com\/ismaelcolosi.com.br\/wp-content\/uploads\/2024\/10\/Copia-de-Copia-de-Copia-de-TAMANHO-EXATO-PARA-FOTOS-NO-SISTEMA-NOVO-2024-10-18T191806.243_2024-10-18_22-18-55_png_2024-10-18_22-18-55.webp.webp?fit=1200%2C675&ssl=1&resize=1050%2C600 3x"},"classes":[]},{"id":24198,"url":"https:\/\/ismaelcolosi.com.br\/index.php\/2024\/01\/03\/trecho-da-avenida-nove-de-julho-em-ribeirao-e-liberado-apos-seis-meses-de-interdicao\/","url_meta":{"origin":55697,"position":1},"title":"Trecho da avenida Nove de Julho em Ribeir\u00e3o \u00e9 liberado ap\u00f3s seis meses de interdi\u00e7\u00e3o","author":"ismaelcolosi.com.br","date":"3 de January de 2024","format":false,"excerpt":"A RP Mobi, empresa de mobilidade urbana em Ribeir\u00e3o Preto, informou que o cruzamento da avenida Nove de Julho com a rua S\u00e3o Jos\u00e9 foi liberado, no final da tarde desta quarta-feira (3), ap\u00f3s o t\u00e9rmino do servi\u00e7o de pavimenta\u00e7\u00e3o do trecho. O local estava interditado desde junho de 2023,\u2026","rel":"","context":"In &quot;Not\u00edcias de Ribeir\u00e3o Preto-SP e Regi\u00e3o&quot;","block_context":{"text":"Not\u00edcias de Ribeir\u00e3o Preto-SP e Regi\u00e3o","link":"https:\/\/ismaelcolosi.com.br\/index.php\/category\/noticias-de-ribeirao-preto-sp-e-regiao-ismael-colosi\/"},"img":{"alt_text":"","src":"https:\/\/i0.wp.com\/ismaelcolosi.com.br\/wp-content\/uploads\/2024\/01\/liberacao_nove_de_julho_1.jpeg?fit=1200%2C800&ssl=1&resize=350%2C200","width":350,"height":200,"srcset":"https:\/\/i0.wp.com\/ismaelcolosi.com.br\/wp-content\/uploads\/2024\/01\/liberacao_nove_de_julho_1.jpeg?fit=1200%2C800&ssl=1&resize=350%2C200 1x, https:\/\/i0.wp.com\/ismaelcolosi.com.br\/wp-content\/uploads\/2024\/01\/liberacao_nove_de_julho_1.jpeg?fit=1200%2C800&ssl=1&resize=525%2C300 1.5x, https:\/\/i0.wp.com\/ismaelcolosi.com.br\/wp-content\/uploads\/2024\/01\/liberacao_nove_de_julho_1.jpeg?fit=1200%2C800&ssl=1&resize=700%2C400 2x, https:\/\/i0.wp.com\/ismaelcolosi.com.br\/wp-content\/uploads\/2024\/01\/liberacao_nove_de_julho_1.jpeg?fit=1200%2C800&ssl=1&resize=1050%2C600 3x"},"classes":[]},{"id":50080,"url":"https:\/\/ismaelcolosi.com.br\/index.php\/2024\/05\/14\/unidade-de-saude-inaugurada-no-centro-de-ribeirao-atende-pacientes-de-antigo-ps-central\/","url_meta":{"origin":55697,"position":2},"title":"Unidade de sa\u00fade inaugurada no Centro de Ribeir\u00e3o atende pacientes de antigo PS Central","author":"ismaelcolosi.com.br","date":"14 de May de 2024","format":false,"excerpt":"A UBS (Unidade B\u00e1sica de Sa\u00fade) Centro \u201cDoutor Ant\u00f4nio Marcos de Barbin\u201d foi inaugurada nesta ter\u00e7a-feira (14). A nova unidade fica na rua S\u00e3o Jos\u00e9, 1.254, ao lado dos Correios, na \u00e1rea Central da cidade. Com a nova UBS em funcionamento, o fluxo de pacientes anteriormente atendidos na UBDS (Unidade\u2026","rel":"","context":"In &quot;Not\u00edcias de Ribeir\u00e3o Preto-SP e Regi\u00e3o&quot;","block_context":{"text":"Not\u00edcias de Ribeir\u00e3o Preto-SP e Regi\u00e3o","link":"https:\/\/ismaelcolosi.com.br\/index.php\/category\/noticias-de-ribeirao-preto-sp-e-regiao-ismael-colosi\/"},"img":{"alt_text":"","src":"https:\/\/i0.wp.com\/ismaelcolosi.com.br\/wp-content\/uploads\/2024\/05\/Copia-de-Copia-de-TAMANHO-EXATO-PARA-FOTOS-NO-SISTEMA-NOVO-1_2024-05-14_19-00-30_jpg_2024-05-14_19-00-30.webp.webp?fit=1200%2C675&ssl=1&resize=350%2C200","width":350,"height":200,"srcset":"https:\/\/i0.wp.com\/ismaelcolosi.com.br\/wp-content\/uploads\/2024\/05\/Copia-de-Copia-de-TAMANHO-EXATO-PARA-FOTOS-NO-SISTEMA-NOVO-1_2024-05-14_19-00-30_jpg_2024-05-14_19-00-30.webp.webp?fit=1200%2C675&ssl=1&resize=350%2C200 1x, https:\/\/i0.wp.com\/ismaelcolosi.com.br\/wp-content\/uploads\/2024\/05\/Copia-de-Copia-de-TAMANHO-EXATO-PARA-FOTOS-NO-SISTEMA-NOVO-1_2024-05-14_19-00-30_jpg_2024-05-14_19-00-30.webp.webp?fit=1200%2C675&ssl=1&resize=525%2C300 1.5x, https:\/\/i0.wp.com\/ismaelcolosi.com.br\/wp-content\/uploads\/2024\/05\/Copia-de-Copia-de-TAMANHO-EXATO-PARA-FOTOS-NO-SISTEMA-NOVO-1_2024-05-14_19-00-30_jpg_2024-05-14_19-00-30.webp.webp?fit=1200%2C675&ssl=1&resize=700%2C400 2x, https:\/\/i0.wp.com\/ismaelcolosi.com.br\/wp-content\/uploads\/2024\/05\/Copia-de-Copia-de-TAMANHO-EXATO-PARA-FOTOS-NO-SISTEMA-NOVO-1_2024-05-14_19-00-30_jpg_2024-05-14_19-00-30.webp.webp?fit=1200%2C675&ssl=1&resize=1050%2C600 3x"},"classes":[]},{"id":55387,"url":"https:\/\/ismaelcolosi.com.br\/index.php\/2024\/07\/02\/apos-dois-anos-asfalto-na-estrada-do-piripau-nao-sai-do-papel\/","url_meta":{"origin":55697,"position":3},"title":"Ap\u00f3s dois anos, asfalto na estrada do Piripau n\u00e3o sai do papel","author":"ismaelcolosi.com.br","date":"2 de July de 2024","format":false,"excerpt":"As obras de pavimenta\u00e7\u00e3o da estrada do Piripau, na regi\u00e3o Leste de Ribeir\u00e3o Preto, foram anunciadas em novembro de 2022, no entanto, os trabalhos n\u00e3o come\u00e7aram at\u00e9 o momento. Na \u00e9poca em que foi assinado o acordo entre a Prefeitura de Ribeir\u00e3o Preto e o Departamento de Estradas de Rodagem\u2026","rel":"","context":"In &quot;Not\u00edcias de Ribeir\u00e3o Preto-SP e Regi\u00e3o&quot;","block_context":{"text":"Not\u00edcias de Ribeir\u00e3o Preto-SP e Regi\u00e3o","link":"https:\/\/ismaelcolosi.com.br\/index.php\/category\/noticias-de-ribeirao-preto-sp-e-regiao-ismael-colosi\/"},"img":{"alt_text":"","src":"https:\/\/i0.wp.com\/ismaelcolosi.com.br\/wp-content\/uploads\/2024\/07\/entrega_piripau_foto_alexandre_de_azevedo007.jpg?fit=1200%2C800&ssl=1&resize=350%2C200","width":350,"height":200,"srcset":"https:\/\/i0.wp.com\/ismaelcolosi.com.br\/wp-content\/uploads\/2024\/07\/entrega_piripau_foto_alexandre_de_azevedo007.jpg?fit=1200%2C800&ssl=1&resize=350%2C200 1x, https:\/\/i0.wp.com\/ismaelcolosi.com.br\/wp-content\/uploads\/2024\/07\/entrega_piripau_foto_alexandre_de_azevedo007.jpg?fit=1200%2C800&ssl=1&resize=525%2C300 1.5x, https:\/\/i0.wp.com\/ismaelcolosi.com.br\/wp-content\/uploads\/2024\/07\/entrega_piripau_foto_alexandre_de_azevedo007.jpg?fit=1200%2C800&ssl=1&resize=700%2C400 2x, https:\/\/i0.wp.com\/ismaelcolosi.com.br\/wp-content\/uploads\/2024\/07\/entrega_piripau_foto_alexandre_de_azevedo007.jpg?fit=1200%2C800&ssl=1&resize=1050%2C600 3x"},"classes":[]},{"id":32633,"url":"https:\/\/ismaelcolosi.com.br\/index.php\/2024\/01\/25\/apos-um-ano-prefeitura-de-ribeirao-preto-abre-licitacao-para-obras-em-ponte-na-zona-sul\/","url_meta":{"origin":55697,"position":4},"title":"Ap\u00f3s um ano, Prefeitura de Ribeir\u00e3o Preto abre licita\u00e7\u00e3o para obras em ponte na zona Sul","author":"ismaelcolosi.com.br","date":"25 de January de 2024","format":false,"excerpt":"Um ano depois da ponte que d\u00e1 acesso ao condom\u00ednio Royal Park ser interditada por conta de eros\u00f5es provocadas pelas chuvas, a Prefeitura de Ribeir\u00e3o Preto anunciou nesta quinta-feira (25), a abertura de licita\u00e7\u00e3o para a reconstru\u00e7\u00e3o do local. A abertura dos envelopes est\u00e1 prevista para o dia 15 de\u2026","rel":"","context":"In &quot;Not\u00edcias de Ribeir\u00e3o Preto-SP e Regi\u00e3o&quot;","block_context":{"text":"Not\u00edcias de Ribeir\u00e3o Preto-SP e Regi\u00e3o","link":"https:\/\/ismaelcolosi.com.br\/index.php\/category\/noticias-de-ribeirao-preto-sp-e-regiao-ismael-colosi\/"},"img":{"alt_text":"","src":"https:\/\/i0.wp.com\/ismaelcolosi.com.br\/wp-content\/uploads\/2024\/01\/Copia-de-Copia-de-TAMANHO-EXATO-PARA-FOTOS-NO-SISTEMA-NOVO-5-1.jpg?fit=1200%2C675&ssl=1&resize=350%2C200","width":350,"height":200,"srcset":"https:\/\/i0.wp.com\/ismaelcolosi.com.br\/wp-content\/uploads\/2024\/01\/Copia-de-Copia-de-TAMANHO-EXATO-PARA-FOTOS-NO-SISTEMA-NOVO-5-1.jpg?fit=1200%2C675&ssl=1&resize=350%2C200 1x, https:\/\/i0.wp.com\/ismaelcolosi.com.br\/wp-content\/uploads\/2024\/01\/Copia-de-Copia-de-TAMANHO-EXATO-PARA-FOTOS-NO-SISTEMA-NOVO-5-1.jpg?fit=1200%2C675&ssl=1&resize=525%2C300 1.5x, https:\/\/i0.wp.com\/ismaelcolosi.com.br\/wp-content\/uploads\/2024\/01\/Copia-de-Copia-de-TAMANHO-EXATO-PARA-FOTOS-NO-SISTEMA-NOVO-5-1.jpg?fit=1200%2C675&ssl=1&resize=700%2C400 2x, https:\/\/i0.wp.com\/ismaelcolosi.com.br\/wp-content\/uploads\/2024\/01\/Copia-de-Copia-de-TAMANHO-EXATO-PARA-FOTOS-NO-SISTEMA-NOVO-5-1.jpg?fit=1200%2C675&ssl=1&resize=1050%2C600 3x"},"classes":[]},{"id":11293,"url":"https:\/\/ismaelcolosi.com.br\/index.php\/2023\/12\/05\/comerciantes-de-ribeirao-pedem-uma-solucao-urgente-para-obras-na-avenida-nove-de-julho\/","url_meta":{"origin":55697,"position":5},"title":"Comerciantes de Ribeir\u00e3o pedem uma solu\u00e7\u00e3o urgente para obras na avenida Nove de Julho","author":"ismaelcolosi.com.br","date":"5 de December de 2023","format":false,"excerpt":"O Comit\u00ea de Acompanhamento das Obras de Ribeir\u00e3o Preto manifestou sua indigna\u00e7\u00e3o e preocupa\u00e7\u00e3o, ap\u00f3s a Prefeitura de Ribeir\u00e3o Preto anunciar o rompimento do contrato com a empresa Metropolitana, respons\u00e1vel pelas obras de restaura\u00e7\u00e3o da avenida Nove de Julho, nesta ter\u00e7a-feira (5). O grupo, formado por cerca de 15 entidades\u2026","rel":"","context":"In &quot;Not\u00edcias de Ribeir\u00e3o Preto-SP e Regi\u00e3o&quot;","block_context":{"text":"Not\u00edcias de Ribeir\u00e3o Preto-SP e Regi\u00e3o","link":"https:\/\/ismaelcolosi.com.br\/index.php\/category\/noticias-de-ribeirao-preto-sp-e-regiao-ismael-colosi\/"},"img":{"alt_text":"","src":"https:\/\/i0.wp.com\/ismaelcolosi.com.br\/wp-content\/uploads\/2023\/12\/1701825717_avenida-nove-de-julho-2.jpeg?fit=1200%2C675&ssl=1&resize=350%2C200","width":350,"height":200,"srcset":"https:\/\/i0.wp.com\/ismaelcolosi.com.br\/wp-content\/uploads\/2023\/12\/1701825717_avenida-nove-de-julho-2.jpeg?fit=1200%2C675&ssl=1&resize=350%2C200 1x, https:\/\/i0.wp.com\/ismaelcolosi.com.br\/wp-content\/uploads\/2023\/12\/1701825717_avenida-nove-de-julho-2.jpeg?fit=1200%2C675&ssl=1&resize=525%2C300 1.5x, https:\/\/i0.wp.com\/ismaelcolosi.com.br\/wp-content\/uploads\/2023\/12\/1701825717_avenida-nove-de-julho-2.jpeg?fit=1200%2C675&ssl=1&resize=700%2C400 2x, https:\/\/i0.wp.com\/ismaelcolosi.com.br\/wp-content\/uploads\/2023\/12\/1701825717_avenida-nove-de-julho-2.jpeg?fit=1200%2C675&ssl=1&resize=1050%2C600 3x"},"classes":[]}],"jetpack_sharing_enabled":true,"jetpack_shortlink":"https:\/\/wp.me\/pfMlyK-eul","_links":{"self":[{"href":"https:\/\/ismaelcolosi.com.br\/index.php\/wp-json\/wp\/v2\/posts\/55697","targetHints":{"allow":["GET"]}}],"collection":[{"href":"https:\/\/ismaelcolosi.com.br\/index.php\/wp-json\/wp\/v2\/posts"}],"about":[{"href":"https:\/\/ismaelcolosi.com.br\/index.php\/wp-json\/wp\/v2\/types\/post"}],"author":[{"embeddable":true,"href":"https:\/\/ismaelcolosi.com.br\/index.php\/wp-json\/wp\/v2\/users\/1"}],"replies":[{"embeddable":true,"href":"https:\/\/ismaelcolosi.com.br\/index.php\/wp-json\/wp\/v2\/comments?post=55697"}],"version-history":[{"count":0,"href":"https:\/\/ismaelcolosi.com.br\/index.php\/wp-json\/wp\/v2\/posts\/55697\/revisions"}],"wp:featuredmedia":[{"embeddable":true,"href":"https:\/\/ismaelcolosi.com.br\/index.php\/wp-json\/wp\/v2\/media\/55698"}],"wp:attachment":[{"href":"https:\/\/ismaelcolosi.com.br\/index.php\/wp-json\/wp\/v2\/media?parent=55697"}],"wp:term":[{"taxonomy":"category","embeddable":true,"href":"https:\/\/ismaelcolosi.com.br\/index.php\/wp-json\/wp\/v2\/categories?post=55697"},{"taxonomy":"post_tag","embeddable":true,"href":"https:\/\/ismaelcolosi.com.br\/index.php\/wp-json\/wp\/v2\/tags?post=55697"}],"curies":[{"name":"wp","href":"https:\/\/api.w.org\/{rel}","templated":true}]}}