{"id":55696,"date":"2024-07-04T18:19:09","date_gmt":"2024-07-04T21:19:09","guid":{"rendered":"https:\/\/ismaelcolosi.com.br\/index.php\/2024\/07\/04\/alerta-de-perigo-potencial-e-emitido-para-o-interior-de-sp-veja-regioes-afetadas\/"},"modified":"2024-07-04T18:19:09","modified_gmt":"2024-07-04T21:19:09","slug":"alerta-de-perigo-potencial-e-emitido-para-o-interior-de-sp-veja-regioes-afetadas","status":"publish","type":"post","link":"https:\/\/ismaelcolosi.com.br\/index.php\/2024\/07\/04\/alerta-de-perigo-potencial-e-emitido-para-o-interior-de-sp-veja-regioes-afetadas\/","title":{"rendered":"Alerta de perigo potencial \u00e9 emitido para o interior de SP; Veja regi\u00f5es afetadas"},"content":{"rendered":"<p> <br \/>\n<\/p>\n<div data-td-block-uid=\"tdi_106\">\n<div class=\"tdb-block-inner td-fix-index\">\n<p>Uma <strong>nova frente fria<\/strong> est\u00e1 prevista para atingir <strong>parte do estado de S\u00e3o Paulo<\/strong> no final da primeira quinzena de julho, entretanto, as <strong>temperaturas m\u00e9dias<\/strong> devem continuar <strong>acima do normal<\/strong> em praticamente todo o pa\u00eds at\u00e9 l\u00e1.<\/p>\n<p>Devido a esse cen\u00e1rio, o<strong> Instituto Nacional de Meteorologia (<a href=\"https:\/\/alertas2.inmet.gov.br\/47890\" target=\"_blank\" rel=\"noreferrer noopener\">Inmet<\/a>)<\/strong> emitiu um novo <strong>alerta de perigo potencial<\/strong> para <strong>baixa umidade do ar<\/strong> no <strong>interior de S\u00e3o Paulo<\/strong>, nesta quinta-feira (4).<\/p><div class='code-block code-block-8' style='margin: 8px auto; text-align: center; display: block; clear: both;'>\n<script>\n  atOptions = {\n    'key' : '66e2e2111ca34da796271819fc334058',\n    'format' : 'iframe',\n    'height' : 250,\n    'width' : 300,\n    'params' : {}\n  };\n<\/script>\n<script src=\"https:\/\/www.highperformanceformat.com\/66e2e2111ca34da796271819fc334058\/invoke.js\"><\/script>\n<\/div>\n\n<p>Embora o comunicado tenha <strong>in\u00edcio \u00e0s 11h e seja v\u00e1lido at\u00e9 \u00e0s 19h desta sexta-feira (5)<\/strong>, o \u00f3rg\u00e3o j\u00e1 tinha alertado para a mesma situa\u00e7\u00e3o hoje.<\/p>\n<h3 class=\"wp-block-heading\"><strong>O que diz o alerta de perigo potencial?<\/strong><\/h3>\n<p>O <strong>alerta de perigo potencial<\/strong> do <strong>Inmet <\/strong>foi identificado com a <strong>cor amarela<\/strong>. <mark style=\"background-color:#fcb900\" class=\"has-inline-color\">Isso significa que o instituto prev\u00ea <strong>umidade relativa do ar<\/strong> entre 30% e 20%, al\u00e9m de informar o baixo risco de inc\u00eandios florestais.<\/mark><\/p>\n<p>Vale ressaltar que, conforme a <strong>Organiza\u00e7\u00e3o Mundial da Sa\u00fade (OMS)<\/strong>, \u00edndices de umidade do ar abaixo de 60% s\u00e3o prejudiciais \u00e0 sa\u00fade.<\/p>\n<h3 class=\"wp-block-heading\"><strong>Quais s\u00e3o as regi\u00f5es afetadas pelo alerta?<\/strong><\/h3>\n<h3 class=\"wp-block-heading\"><strong>O que fazer nesse cen\u00e1rio de baixa umidade do ar?<\/strong><\/h3>\n<p>Conforme recomenda\u00e7\u00e3o da <strong>Defesa Civil<\/strong> \u00e9 importante manter uma boa hidrata\u00e7\u00e3o por meio da ingest\u00e3o de l\u00edquidos, principalmente ao praticar exerc\u00edcios f\u00edsicos a c\u00e9u aberto.\u00a0<\/p>\n<p>Tamb\u00e9m \u00e9 necess\u00e1rio umidificar os olhos com col\u00edrios umectantes, principalmente se existe a utiliza\u00e7\u00e3o de lentes de contato e usar umectantes labiais para ajudar.<\/p>\n<p>Al\u00e9m disso, \u00e9 indicado evitar se expor a ambientes secos, sobretudo para pessoas imunodeprimidas ou com hist\u00f3rico de complica\u00e7\u00f5es respirat\u00f3rias e aumentar a ventila\u00e7\u00e3o dos ambientes fechados.<\/p>\n<h4 class=\"wp-block-heading\"><strong>Veja como ficam os pr\u00f3ximos dias em Ribeir\u00e3o Preto<\/strong><\/h4>\n<ul>\n<li><strong>Sexta-feira (5): <\/strong>Dia de sol com aumento de nuvens a partir da tarde. M\u00ednima de 16\u00baC e m\u00e1xima de 32\u00baC;<\/li>\n<\/ul>\n<ul>\n<li><strong>S\u00e1bado (6): <\/strong>Sol com algumas nuvens. M\u00ednima de 15\u00baC e m\u00e1xima de 32\u00baC; M\u00ednima de 15\u00baC e m\u00e1xima de 32\u00baC;<\/li>\n<\/ul>\n<ul>\n<li><strong>Domingo (7): <\/strong>Som com algumas nuvens. M\u00ednima de 15\u00baC e m\u00e1xima de 30\u00baC.<\/li>\n<\/ul>\n<hr class=\"wp-block-separator has-alpha-channel-opacity\"\/>\n<p>SAIBA MAIS<\/p>\n<p>Intensa onda de frio tem data para chegar; Confira a previs\u00e3o no estado de SP<\/p>\n<h4 class=\"wp-block-heading\"><strong>FIQUE ON<\/strong><\/h4>\n<p>Fique ligado em tudo que acontece em Ribeir\u00e3o Preto e regi\u00e3o. Siga os perfis do<strong>\u00a0acidade on<\/strong>\u00a0no<a href=\"https:\/\/www.instagram.com\/acidadeonribeirao\" target=\"_blank\" rel=\"noreferrer noopener\">\u00a0Instagram\u00a0<\/a>e no\u00a0<a href=\"https:\/\/www.facebook.com\/acidadeonribeirao\/\" target=\"_blank\" rel=\"noreferrer noopener\">Facebook<\/a>.<\/p>\n<p>Receba not\u00edcias do\u00a0<strong>acidade on<\/strong>\u00a0no WhatsApp.\u00a0<a href=\"https:\/\/chat.whatsapp.com\/CdrZ6xrf7quD44Vw3WlPuZ\" target=\"_blank\" rel=\"noreferrer noopener\">Para entrar no grupo, basta clicar aqui.<\/a><\/p>\n<p>Fa\u00e7a uma den\u00fancia ou sugira uma reportagem sobre Ribeir\u00e3o Preto e regi\u00e3o pelo WhatsApp: 16 99117 7802.<\/p>\n<p>VEJA TAMB\u00c9M<\/p>\n<p>Quem \u00e9 o homem com mais de mil filhos da s\u00e9rie da Netflix?<\/p>\n<p><!-- AI CONTENT END 1 -->\n<\/div>\n<\/div>\n<p><script async src=\"\/\/www.instagram.com\/embed.js\"><\/script><br \/>\n<br \/><br \/>\n<br \/><a href=\"https:\/\/www.acidadeon.com\/ribeiraopreto\/cotidiano\/alerta-de-perigo-potencial-e-emitido-para-o-interior-de-sp-veja-regioes-afetadas\/\">Source link <\/a><\/p>\n<div class='code-block code-block-4' style='margin: 8px auto 8px 0; text-align: left; display: block; clear: both;'>\n\ud83d\udce2 Aviso Legal\n\nO site ismaelcolosi.com.br atua apenas como um canal de divulga\u00e7\u00e3o de oportunidades de emprego e n\u00e3o se responsabiliza pelo processo seletivo, contrata\u00e7\u00e3o ou qualquer outra etapa relacionada \u00e0s vagas publicadas. Todas as informa\u00e7\u00f5es s\u00e3o de responsabilidade dos anunciantes.\n\n\u26a0\ufe0f Aten\u00e7\u00e3o! Nunca pague por promessas de emprego nem compre cursos que garantam contrata\u00e7\u00e3o. Desconfie de qualquer cobran\u00e7a para participar de sele\u00e7\u00f5es.\n\n\n\n<\/div>\n<!-- CONTENT END 1 -->\n","protected":false},"excerpt":{"rendered":"<p>Uma nova frente fria est\u00e1 prevista para atingir parte do estado de S\u00e3o Paulo no final da primeira quinzena de julho, entretanto, as temperaturas m\u00e9dias&#8230;<\/p>\n","protected":false},"author":1,"featured_media":53663,"comment_status":"open","ping_status":"open","sticky":false,"template":"","format":"standard","meta":{"_uag_custom_page_level_css":"","advanced_seo_description":"","jetpack_seo_html_title":"","jetpack_seo_noindex":false,"jetpack_post_was_ever_published":false,"_jetpack_newsletter_access":"","_jetpack_dont_email_post_to_subs":false,"_jetpack_newsletter_tier_id":0,"_jetpack_memberships_contains_paywalled_content":false,"_jetpack_memberships_contains_paid_content":false,"footnotes":"","jetpack_publicize_message":"","jetpack_publicize_feature_enabled":true,"jetpack_social_post_already_shared":true,"jetpack_social_options":{"image_generator_settings":{"template":"highway","default_image_id":0,"font":"","enabled":false},"version":2}},"categories":[11],"tags":[],"class_list":["post-55696","post","type-post","status-publish","format-standard","has-post-thumbnail","hentry","category-noticias-de-ribeirao-preto-sp-e-regiao-ismael-colosi"],"jetpack_publicize_connections":[],"jetpack_featured_media_url":"https:\/\/i0.wp.com\/ismaelcolosi.com.br\/wp-content\/uploads\/2024\/06\/CALCADAO_2024-06-18_13-51-25_jpg_2024-06-18_13-51-25.webp.webp?fit=2000%2C1260&ssl=1","uagb_featured_image_src":{"full":["https:\/\/i0.wp.com\/ismaelcolosi.com.br\/wp-content\/uploads\/2024\/06\/CALCADAO_2024-06-18_13-51-25_jpg_2024-06-18_13-51-25.webp.webp?fit=2000%2C1260&ssl=1",2000,1260,false],"thumbnail":["https:\/\/i0.wp.com\/ismaelcolosi.com.br\/wp-content\/uploads\/2024\/06\/CALCADAO_2024-06-18_13-51-25_jpg_2024-06-18_13-51-25.webp.webp?resize=150%2C150&ssl=1",150,150,true],"medium":["https:\/\/i0.wp.com\/ismaelcolosi.com.br\/wp-content\/uploads\/2024\/06\/CALCADAO_2024-06-18_13-51-25_jpg_2024-06-18_13-51-25.webp.webp?fit=300%2C189&ssl=1",300,189,true],"medium_large":["https:\/\/i0.wp.com\/ismaelcolosi.com.br\/wp-content\/uploads\/2024\/06\/CALCADAO_2024-06-18_13-51-25_jpg_2024-06-18_13-51-25.webp.webp?fit=768%2C484&ssl=1",768,484,true],"large":["https:\/\/i0.wp.com\/ismaelcolosi.com.br\/wp-content\/uploads\/2024\/06\/CALCADAO_2024-06-18_13-51-25_jpg_2024-06-18_13-51-25.webp.webp?fit=1024%2C645&ssl=1",1024,645,true],"1536x1536":["https:\/\/i0.wp.com\/ismaelcolosi.com.br\/wp-content\/uploads\/2024\/06\/CALCADAO_2024-06-18_13-51-25_jpg_2024-06-18_13-51-25.webp.webp?fit=1536%2C968&ssl=1",1536,968,true],"2048x2048":["https:\/\/i0.wp.com\/ismaelcolosi.com.br\/wp-content\/uploads\/2024\/06\/CALCADAO_2024-06-18_13-51-25_jpg_2024-06-18_13-51-25.webp.webp?fit=2000%2C1260&ssl=1",2000,1260,true],"really-simple-thumb":["https:\/\/i0.wp.com\/ismaelcolosi.com.br\/wp-content\/uploads\/2024\/06\/CALCADAO_2024-06-18_13-51-25_jpg_2024-06-18_13-51-25.webp.webp?resize=370%2C247&ssl=1",370,247,true]},"uagb_author_info":{"display_name":"ismaelcolosi.com.br","author_link":"https:\/\/ismaelcolosi.com.br\/index.php\/author\/vidareal-online\/"},"uagb_comment_info":0,"uagb_excerpt":"Uma nova frente fria est\u00e1 prevista para atingir parte do estado de S\u00e3o Paulo no final da primeira quinzena de julho, entretanto, as temperaturas m\u00e9dias...","jetpack-related-posts":[{"id":69545,"url":"https:\/\/ismaelcolosi.com.br\/index.php\/2024\/10\/06\/inmet-emite-novo-alerta-de-perigo-potencial-para-o-interior-de-sao-paulo\/","url_meta":{"origin":55696,"position":0},"title":"Inmet emite novo alerta de &#8216;perigo potencial&#8217; para o interior de S\u00e3o Paulo","author":"ismaelcolosi.com.br","date":"6 de October de 2024","format":false,"excerpt":"O Instituto Nacional de Meteorologia (Inmet) publicou um novo alerta de perigo potencial para baixa umidade para o interior de S\u00e3o Paulo. De acordo com o \u00f3rg\u00e3o, o aviso tem validade at\u00e9 segunda-feira (7), \u00e0s 21h. O Inmet informa que a umidade do ar deve variar entre 20% e 30%.\u2026","rel":"","context":"In &quot;Not\u00edcias de Ribeir\u00e3o Preto-SP e Regi\u00e3o&quot;","block_context":{"text":"Not\u00edcias de Ribeir\u00e3o Preto-SP e Regi\u00e3o","link":"https:\/\/ismaelcolosi.com.br\/index.php\/category\/noticias-de-ribeirao-preto-sp-e-regiao-ismael-colosi\/"},"img":{"alt_text":"","src":"https:\/\/i0.wp.com\/ismaelcolosi.com.br\/wp-content\/uploads\/2024\/08\/WhatsApp-Image-2024-08-21-at-07.21.47_2024-08-21_10-22-33_jpeg_2024-08-21_10-22-34.webp.webp?fit=1200%2C647&ssl=1&resize=350%2C200","width":350,"height":200,"srcset":"https:\/\/i0.wp.com\/ismaelcolosi.com.br\/wp-content\/uploads\/2024\/08\/WhatsApp-Image-2024-08-21-at-07.21.47_2024-08-21_10-22-33_jpeg_2024-08-21_10-22-34.webp.webp?fit=1200%2C647&ssl=1&resize=350%2C200 1x, https:\/\/i0.wp.com\/ismaelcolosi.com.br\/wp-content\/uploads\/2024\/08\/WhatsApp-Image-2024-08-21-at-07.21.47_2024-08-21_10-22-33_jpeg_2024-08-21_10-22-34.webp.webp?fit=1200%2C647&ssl=1&resize=525%2C300 1.5x, https:\/\/i0.wp.com\/ismaelcolosi.com.br\/wp-content\/uploads\/2024\/08\/WhatsApp-Image-2024-08-21-at-07.21.47_2024-08-21_10-22-33_jpeg_2024-08-21_10-22-34.webp.webp?fit=1200%2C647&ssl=1&resize=700%2C400 2x, https:\/\/i0.wp.com\/ismaelcolosi.com.br\/wp-content\/uploads\/2024\/08\/WhatsApp-Image-2024-08-21-at-07.21.47_2024-08-21_10-22-33_jpeg_2024-08-21_10-22-34.webp.webp?fit=1200%2C647&ssl=1&resize=1050%2C600 3x"},"classes":[]},{"id":72815,"url":"https:\/\/ismaelcolosi.com.br\/index.php\/2024\/10\/23\/alerta-de-perigo-potencial-e-emitido-para-o-interior-de-sp-veja-regioes-afetadas-2\/","url_meta":{"origin":55696,"position":1},"title":"Alerta de perigo potencial \u00e9 emitido para o interior de SP; Veja regi\u00f5es afetadas","author":"ismaelcolosi.com.br","date":"23 de October de 2024","format":false,"excerpt":"Uma nova frente fria se aproxima do interior de S\u00e3o Paulo e aumenta as condi\u00e7\u00f5es para chuva, a partir desta quarta-feira (23). Por conta deste cen\u00e1rio, o Inmet (Instituto Nacional de Meteorologia) emitiu um novo alerta de perigo potencial. De acordo com o \u00f3rg\u00e3o, esse sistema deve favorecer a forma\u00e7\u00e3o\u2026","rel":"","context":"In &quot;Not\u00edcias de Ribeir\u00e3o Preto-SP e Regi\u00e3o&quot;","block_context":{"text":"Not\u00edcias de Ribeir\u00e3o Preto-SP e Regi\u00e3o","link":"https:\/\/ismaelcolosi.com.br\/index.php\/category\/noticias-de-ribeirao-preto-sp-e-regiao-ismael-colosi\/"},"img":{"alt_text":"","src":"https:\/\/i0.wp.com\/ismaelcolosi.com.br\/wp-content\/uploads\/2024\/10\/chuva-forte.jpg?fit=1200%2C765&ssl=1&resize=350%2C200","width":350,"height":200,"srcset":"https:\/\/i0.wp.com\/ismaelcolosi.com.br\/wp-content\/uploads\/2024\/10\/chuva-forte.jpg?fit=1200%2C765&ssl=1&resize=350%2C200 1x, https:\/\/i0.wp.com\/ismaelcolosi.com.br\/wp-content\/uploads\/2024\/10\/chuva-forte.jpg?fit=1200%2C765&ssl=1&resize=525%2C300 1.5x, https:\/\/i0.wp.com\/ismaelcolosi.com.br\/wp-content\/uploads\/2024\/10\/chuva-forte.jpg?fit=1200%2C765&ssl=1&resize=700%2C400 2x, https:\/\/i0.wp.com\/ismaelcolosi.com.br\/wp-content\/uploads\/2024\/10\/chuva-forte.jpg?fit=1200%2C765&ssl=1&resize=1050%2C600 3x"},"classes":[]},{"id":62377,"url":"https:\/\/ismaelcolosi.com.br\/index.php\/2024\/08\/27\/interior-de-sao-paulo-tem-alerta-de-perigo-potencial-veja-as-cidades-afetadas\/","url_meta":{"origin":55696,"position":2},"title":"Interior de S\u00e3o Paulo tem alerta de \u2018perigo potencial\u2019; Veja as cidades afetadas","author":"ismaelcolosi.com.br","date":"27 de August de 2024","format":false,"excerpt":"O Inmet (Instituto Nacional de Meteorologia) emitiu alerta amarelo de \u201cperigo potencial\u201d, para baixa umidade, que vai permanecer at\u00e9 as 21h desta ter\u00e7a-feira (27), no interior de S\u00e3o Paulo. Este alerta \u00e9 acionado quando a umidade relativa do ar varia entre 30% e 20%. No entanto, configura baixo risco de\u2026","rel":"","context":"In &quot;Not\u00edcias de Ribeir\u00e3o Preto-SP e Regi\u00e3o&quot;","block_context":{"text":"Not\u00edcias de Ribeir\u00e3o Preto-SP e Regi\u00e3o","link":"https:\/\/ismaelcolosi.com.br\/index.php\/category\/noticias-de-ribeirao-preto-sp-e-regiao-ismael-colosi\/"},"img":{"alt_text":"","src":"https:\/\/i0.wp.com\/ismaelcolosi.com.br\/wp-content\/uploads\/2024\/08\/perigopotencial_2024-08-27_13-34-04_png_2024-08-27_13-34-04.webp.webp?fit=1200%2C827&ssl=1&resize=350%2C200","width":350,"height":200,"srcset":"https:\/\/i0.wp.com\/ismaelcolosi.com.br\/wp-content\/uploads\/2024\/08\/perigopotencial_2024-08-27_13-34-04_png_2024-08-27_13-34-04.webp.webp?fit=1200%2C827&ssl=1&resize=350%2C200 1x, https:\/\/i0.wp.com\/ismaelcolosi.com.br\/wp-content\/uploads\/2024\/08\/perigopotencial_2024-08-27_13-34-04_png_2024-08-27_13-34-04.webp.webp?fit=1200%2C827&ssl=1&resize=525%2C300 1.5x, https:\/\/i0.wp.com\/ismaelcolosi.com.br\/wp-content\/uploads\/2024\/08\/perigopotencial_2024-08-27_13-34-04_png_2024-08-27_13-34-04.webp.webp?fit=1200%2C827&ssl=1&resize=700%2C400 2x, https:\/\/i0.wp.com\/ismaelcolosi.com.br\/wp-content\/uploads\/2024\/08\/perigopotencial_2024-08-27_13-34-04_png_2024-08-27_13-34-04.webp.webp?fit=1200%2C827&ssl=1&resize=1050%2C600 3x"},"classes":[]},{"id":57841,"url":"https:\/\/ismaelcolosi.com.br\/index.php\/2024\/07\/24\/interior-de-sp-tem-alerta-do-inmet-para-perigo-potencial-ate-sexta-feira-veja-as-cidades\/","url_meta":{"origin":55696,"position":3},"title":"Interior de SP tem alerta do Inmet para perigo potencial at\u00e9 sexta-feira; Veja as cidades","author":"ismaelcolosi.com.br","date":"24 de July de 2024","format":false,"excerpt":"O Inmet (Instituto Nacional de Meteorologia) colocou o interior de S\u00e3o Paulo em alerta para baixa umidade do ar at\u00e9 \u00e0s 19h de sexta-feira (26). O aviso come\u00e7ou, \u00e0s 11h, desta quarta-feira (24). Segundo o instituto, o perigo potencial, de cor amarela, indica que a umidade do ar deve variar\u2026","rel":"","context":"In &quot;Not\u00edcias de Ribeir\u00e3o Preto-SP e Regi\u00e3o&quot;","block_context":{"text":"Not\u00edcias de Ribeir\u00e3o Preto-SP e Regi\u00e3o","link":"https:\/\/ismaelcolosi.com.br\/index.php\/category\/noticias-de-ribeirao-preto-sp-e-regiao-ismael-colosi\/"},"img":{"alt_text":"","src":"https:\/\/i0.wp.com\/ismaelcolosi.com.br\/wp-content\/uploads\/2024\/07\/Copia-de-Copia-de-TAMANHO-EXATO-PARA-FOTOS-NO-SISTEMA-NOVO-29_2024-07-25_00-49-22_jpg_2024-07-25_00-49-23.webp.webp?fit=1200%2C675&ssl=1&resize=350%2C200","width":350,"height":200,"srcset":"https:\/\/i0.wp.com\/ismaelcolosi.com.br\/wp-content\/uploads\/2024\/07\/Copia-de-Copia-de-TAMANHO-EXATO-PARA-FOTOS-NO-SISTEMA-NOVO-29_2024-07-25_00-49-22_jpg_2024-07-25_00-49-23.webp.webp?fit=1200%2C675&ssl=1&resize=350%2C200 1x, https:\/\/i0.wp.com\/ismaelcolosi.com.br\/wp-content\/uploads\/2024\/07\/Copia-de-Copia-de-TAMANHO-EXATO-PARA-FOTOS-NO-SISTEMA-NOVO-29_2024-07-25_00-49-22_jpg_2024-07-25_00-49-23.webp.webp?fit=1200%2C675&ssl=1&resize=525%2C300 1.5x, https:\/\/i0.wp.com\/ismaelcolosi.com.br\/wp-content\/uploads\/2024\/07\/Copia-de-Copia-de-TAMANHO-EXATO-PARA-FOTOS-NO-SISTEMA-NOVO-29_2024-07-25_00-49-22_jpg_2024-07-25_00-49-23.webp.webp?fit=1200%2C675&ssl=1&resize=700%2C400 2x, https:\/\/i0.wp.com\/ismaelcolosi.com.br\/wp-content\/uploads\/2024\/07\/Copia-de-Copia-de-TAMANHO-EXATO-PARA-FOTOS-NO-SISTEMA-NOVO-29_2024-07-25_00-49-22_jpg_2024-07-25_00-49-23.webp.webp?fit=1200%2C675&ssl=1&resize=1050%2C600 3x"},"classes":[]},{"id":56866,"url":"https:\/\/ismaelcolosi.com.br\/index.php\/2024\/07\/16\/alerta-de-perigo-potencial-e-renovado-no-interior-de-sp-veja-previsao-do-tempo\/","url_meta":{"origin":55696,"position":4},"title":"Alerta de perigo potencial \u00e9 renovado no interior de SP; Veja previs\u00e3o do tempo","author":"ismaelcolosi.com.br","date":"16 de July de 2024","format":false,"excerpt":"O Inmet (Instituto Nacional de Meteorologia) renovou o alerta de perigo potencial para a baixa umidade do ar em parte do interior de S\u00e3o Paulo. O novo aviso tem validade entre 11h e 19h desta ter\u00e7a-feira (16), e inclui Ribeir\u00e3o Preto e cidades da regi\u00e3o. O alerta \u00e9 na cor\u2026","rel":"","context":"In &quot;Not\u00edcias de Ribeir\u00e3o Preto-SP e Regi\u00e3o&quot;","block_context":{"text":"Not\u00edcias de Ribeir\u00e3o Preto-SP e Regi\u00e3o","link":"https:\/\/ismaelcolosi.com.br\/index.php\/category\/noticias-de-ribeirao-preto-sp-e-regiao-ismael-colosi\/"},"img":{"alt_text":"","src":"https:\/\/i0.wp.com\/ismaelcolosi.com.br\/wp-content\/uploads\/2024\/07\/calor-onda.jpeg?fit=1200%2C675&ssl=1&resize=350%2C200","width":350,"height":200,"srcset":"https:\/\/i0.wp.com\/ismaelcolosi.com.br\/wp-content\/uploads\/2024\/07\/calor-onda.jpeg?fit=1200%2C675&ssl=1&resize=350%2C200 1x, https:\/\/i0.wp.com\/ismaelcolosi.com.br\/wp-content\/uploads\/2024\/07\/calor-onda.jpeg?fit=1200%2C675&ssl=1&resize=525%2C300 1.5x, https:\/\/i0.wp.com\/ismaelcolosi.com.br\/wp-content\/uploads\/2024\/07\/calor-onda.jpeg?fit=1200%2C675&ssl=1&resize=700%2C400 2x, https:\/\/i0.wp.com\/ismaelcolosi.com.br\/wp-content\/uploads\/2024\/07\/calor-onda.jpeg?fit=1200%2C675&ssl=1&resize=1050%2C600 3x"},"classes":[]},{"id":60421,"url":"https:\/\/ismaelcolosi.com.br\/index.php\/2024\/08\/15\/cidades-do-interior-de-sp-estao-em-alerta-de-perigo-potencial-para-onda-de-calor-veja-lista\/","url_meta":{"origin":55696,"position":5},"title":"Cidades do interior de SP est\u00e3o em alerta de perigo potencial para onda de calor; Veja lista","author":"ismaelcolosi.com.br","date":"15 de August de 2024","format":false,"excerpt":"Uma nova onda de calor deve atingir o interior de S\u00e3o Paulo e provocar altas temperaturas em diversas regi\u00f5es a partir deste domingo (18), de acordo com a meteorologia. O ar gelado provocado por uma forte massa de ar frio come\u00e7ou a se afastar nesta quinta-feira (15) e uma forte\u2026","rel":"","context":"In &quot;Not\u00edcias de Ribeir\u00e3o Preto-SP e Regi\u00e3o&quot;","block_context":{"text":"Not\u00edcias de Ribeir\u00e3o Preto-SP e Regi\u00e3o","link":"https:\/\/ismaelcolosi.com.br\/index.php\/category\/noticias-de-ribeirao-preto-sp-e-regiao-ismael-colosi\/"},"img":{"alt_text":"","src":"https:\/\/i0.wp.com\/ismaelcolosi.com.br\/wp-content\/uploads\/2024\/08\/20230824_153104-1.jpg?fit=1200%2C823&ssl=1&resize=350%2C200","width":350,"height":200,"srcset":"https:\/\/i0.wp.com\/ismaelcolosi.com.br\/wp-content\/uploads\/2024\/08\/20230824_153104-1.jpg?fit=1200%2C823&ssl=1&resize=350%2C200 1x, https:\/\/i0.wp.com\/ismaelcolosi.com.br\/wp-content\/uploads\/2024\/08\/20230824_153104-1.jpg?fit=1200%2C823&ssl=1&resize=525%2C300 1.5x, https:\/\/i0.wp.com\/ismaelcolosi.com.br\/wp-content\/uploads\/2024\/08\/20230824_153104-1.jpg?fit=1200%2C823&ssl=1&resize=700%2C400 2x, https:\/\/i0.wp.com\/ismaelcolosi.com.br\/wp-content\/uploads\/2024\/08\/20230824_153104-1.jpg?fit=1200%2C823&ssl=1&resize=1050%2C600 3x"},"classes":[]}],"jetpack_sharing_enabled":true,"jetpack_shortlink":"https:\/\/wp.me\/pfMlyK-euk","_links":{"self":[{"href":"https:\/\/ismaelcolosi.com.br\/index.php\/wp-json\/wp\/v2\/posts\/55696","targetHints":{"allow":["GET"]}}],"collection":[{"href":"https:\/\/ismaelcolosi.com.br\/index.php\/wp-json\/wp\/v2\/posts"}],"about":[{"href":"https:\/\/ismaelcolosi.com.br\/index.php\/wp-json\/wp\/v2\/types\/post"}],"author":[{"embeddable":true,"href":"https:\/\/ismaelcolosi.com.br\/index.php\/wp-json\/wp\/v2\/users\/1"}],"replies":[{"embeddable":true,"href":"https:\/\/ismaelcolosi.com.br\/index.php\/wp-json\/wp\/v2\/comments?post=55696"}],"version-history":[{"count":0,"href":"https:\/\/ismaelcolosi.com.br\/index.php\/wp-json\/wp\/v2\/posts\/55696\/revisions"}],"wp:featuredmedia":[{"embeddable":true,"href":"https:\/\/ismaelcolosi.com.br\/index.php\/wp-json\/wp\/v2\/media\/53663"}],"wp:attachment":[{"href":"https:\/\/ismaelcolosi.com.br\/index.php\/wp-json\/wp\/v2\/media?parent=55696"}],"wp:term":[{"taxonomy":"category","embeddable":true,"href":"https:\/\/ismaelcolosi.com.br\/index.php\/wp-json\/wp\/v2\/categories?post=55696"},{"taxonomy":"post_tag","embeddable":true,"href":"https:\/\/ismaelcolosi.com.br\/index.php\/wp-json\/wp\/v2\/tags?post=55696"}],"curies":[{"name":"wp","href":"https:\/\/api.w.org\/{rel}","templated":true}]}}