{"id":55692,"date":"2024-07-04T18:03:18","date_gmt":"2024-07-04T21:03:18","guid":{"rendered":"https:\/\/ismaelcolosi.com.br\/index.php\/2024\/07\/04\/exposicao-de-pets-reune-esculturas-de-racas-caninas-e-felinas-em-ribeirao-preto\/"},"modified":"2024-07-04T18:03:18","modified_gmt":"2024-07-04T21:03:18","slug":"exposicao-de-pets-reune-esculturas-de-racas-caninas-e-felinas-em-ribeirao-preto","status":"publish","type":"post","link":"https:\/\/ismaelcolosi.com.br\/index.php\/2024\/07\/04\/exposicao-de-pets-reune-esculturas-de-racas-caninas-e-felinas-em-ribeirao-preto\/","title":{"rendered":"Exposi\u00e7\u00e3o de pets re\u00fane esculturas de ra\u00e7as caninas e felinas em Ribeir\u00e3o Preto"},"content":{"rendered":"<p> <br \/>\n<\/p>\n<div data-td-block-uid=\"tdi_106\">\n<div class=\"tdb-block-inner td-fix-index\">\n<p><span style=\"background-color:#f7cc62\" class=\"td_text_highlight_marker\"><mark style=\"background-color:rgba(0, 0, 0, 0)\" class=\"has-inline-color has-black-color\">A <strong>exposi\u00e7\u00e3o de pets \u201cAuMiguinhos\u201d<\/strong>, que acontece em Ribeir\u00e3o Preto, de 4 a 18 de julho, re\u00fane <strong>35 esculturas de ra\u00e7as de c\u00e3es e felinos<\/strong>. O evento, com entrada gratuita, acontece no Ribeir\u00e3o Shopping, na zona Sul da cidade.<\/mark><\/span><\/p>\n<p>Durante a mostra, os <strong>visitantes poder\u00e3o saber um pouco da hist\u00f3ria sobre os c\u00e3es e gatos<\/strong>, como a origem, o porte, as caracter\u00edsticas e os comportamentos de cada ra\u00e7a. Al\u00e9m disso, haver\u00e1 <strong>conta\u00e7\u00e3o de hist\u00f3rias<\/strong> sobre o universo pet, de <strong>quinta a domingo<\/strong>.<\/p><div class='code-block code-block-8' style='margin: 8px auto; text-align: center; display: block; clear: both;'>\n<script>\n  atOptions = {\n    'key' : '66e2e2111ca34da796271819fc334058',\n    'format' : 'iframe',\n    'height' : 250,\n    'width' : 300,\n    'params' : {}\n  };\n<\/script>\n<script src=\"https:\/\/www.highperformanceformat.com\/66e2e2111ca34da796271819fc334058\/invoke.js\"><\/script>\n<\/div>\n\n<p>Outra <strong>atra\u00e7\u00e3o<\/strong>, que acontece no per\u00edodo da exposi\u00e7\u00e3o, \u00e9 uma \u00e1rea interativa com <strong>circuito de agility para pets<\/strong>. J\u00e1, na<strong> segunda quinzena de julho<\/strong>, <strong>quatro c\u00e3es<\/strong> e <strong>dois gatos mecatr\u00f4nicos<\/strong>, com <strong>movimentos<\/strong> e <strong>2,5 metros <\/strong>de altura, cada um, impressionar\u00e3o os visitantes.<\/p>\n<h2 class=\"wp-block-heading\"><strong>Algumas das esculturas expostas:<\/strong><\/h2>\n<ul>\n<li>Big-Dog (Shar pei)<\/li>\n<li>Beagle<\/li>\n<li>Border Collie<\/li>\n<li>Labrador<\/li>\n<li>Fila Brasileiro<\/li>\n<li>Husky<\/li>\n<li>Pastor Alem\u00e3o<\/li>\n<li>English Bulldog<\/li>\n<li>S\u00e3o Bernardo<\/li>\n<li>Golden Retriever<\/li>\n<li>Chow chow<\/li>\n<li>Bernes Boiadeiro<\/li>\n<li>Vira-lata caramelo<\/li>\n<li>Shih Tzu<\/li>\n<li>Cavalier king<\/li>\n<li>D\u00e1lmata<\/li>\n<li>Komondor<\/li>\n<li>Pinscher miniatura<\/li>\n<li>Rottweiler<\/li>\n<li>Bull Terrier<\/li>\n<li>Yorkshire<\/li>\n<li>Dachshund<\/li>\n<li>Angor\u00e1<\/li>\n<li>American Shorthair<\/li>\n<li>Persa<\/li>\n<li>Brazilian Shorthair<\/li>\n<li>Bengal;<\/li>\n<li>Sagrado da Birm\u00e2nia<\/li>\n<li>Savannah<\/li>\n<li>Siam\u00eas<\/li>\n<li>Scottish Fold<\/li>\n<li>Tabby cat<\/li>\n<li>Gingger tabby cat<\/li>\n<li>Sphynx<\/li>\n<\/ul>\n<h2 class=\"wp-block-heading\"><strong>Servi\u00e7o:<\/strong><\/h2>\n<p><strong>Exposi\u00e7\u00e3o \u201cAuMiguinhos\u201d<br \/><\/strong>Data: 4 a 18 de julho<br \/>Local: Ribeir\u00e3o Shopping \u2013 pra\u00e7a de eventos A, setor Terra Vermelha<\/p>\n<p>SAIBA MAIS<\/p>\n<p>Faixas exclusivas de \u00f4nibus passam a ser preferenciais em 11 avenidas de Ribeir\u00e3o Preto; Veja quais<\/p>\n<h4 class=\"wp-block-heading\"><strong>FIQUE ON<\/strong><\/h4>\n<p>Fique ligado em tudo que acontece em Ribeir\u00e3o Preto e regi\u00e3o. Siga os perfis do<strong>\u00a0acidade on<\/strong>\u00a0no<a href=\"https:\/\/www.instagram.com\/acidadeonribeirao\" target=\"_blank\" rel=\"noreferrer noopener\">\u00a0Instagram\u00a0<\/a>e no\u00a0<a href=\"https:\/\/www.facebook.com\/acidadeonribeirao\/\" target=\"_blank\" rel=\"noreferrer noopener\">Facebook<\/a>.<\/p>\n<p>Receba not\u00edcias do\u00a0<strong>acidade on<\/strong>\u00a0no WhatsApp.\u00a0<a href=\"https:\/\/chat.whatsapp.com\/CdrZ6xrf7quD44Vw3WlPuZ\" target=\"_blank\" rel=\"noreferrer noopener\">Para entrar no grupo, basta clicar aqui.<\/a><\/p>\n<p>Fa\u00e7a uma den\u00fancia ou sugira uma reportagem sobre Ribeir\u00e3o Preto e regi\u00e3o pelo WhatsApp: 16 99117 7802.<\/p>\n<p>VEJA TAMB\u00c9M<\/p>\n<p>Quem \u00e9 o homem com mais de mil filhos da s\u00e9rie da Netflix?<\/p>\n<p><!-- AI CONTENT END 1 -->\n<\/div>\n<\/div>\n<p><script async src=\"\/\/www.instagram.com\/embed.js\"><\/script><br \/>\n<br \/><br \/>\n<br \/><a href=\"https:\/\/www.acidadeon.com\/ribeiraopreto\/lazer-e-cultura\/exposicao-de-pets-reune-esculturas-de-racas-caninas-e-felinas-em-ribeirao-preto\/\">Source link <\/a><\/p>\n<div class='code-block code-block-4' style='margin: 8px auto 8px 0; text-align: left; display: block; clear: both;'>\n\ud83d\udce2 Aviso Legal\n\nO site ismaelcolosi.com.br atua apenas como um canal de divulga\u00e7\u00e3o de oportunidades de emprego e n\u00e3o se responsabiliza pelo processo seletivo, contrata\u00e7\u00e3o ou qualquer outra etapa relacionada \u00e0s vagas publicadas. Todas as informa\u00e7\u00f5es s\u00e3o de responsabilidade dos anunciantes.\n\n\u26a0\ufe0f Aten\u00e7\u00e3o! Nunca pague por promessas de emprego nem compre cursos que garantam contrata\u00e7\u00e3o. Desconfie de qualquer cobran\u00e7a para participar de sele\u00e7\u00f5es.\n\n\n\n<\/div>\n<!-- CONTENT END 1 -->\n","protected":false},"excerpt":{"rendered":"<p>A exposi\u00e7\u00e3o de pets \u201cAuMiguinhos\u201d, que acontece em Ribeir\u00e3o Preto, de 4 a 18 de julho, re\u00fane 35 esculturas de ra\u00e7as de c\u00e3es e felinos&#8230;.<\/p>\n","protected":false},"author":1,"featured_media":55693,"comment_status":"open","ping_status":"open","sticky":false,"template":"","format":"standard","meta":{"_uag_custom_page_level_css":"","advanced_seo_description":"","jetpack_seo_html_title":"","jetpack_seo_noindex":false,"jetpack_post_was_ever_published":false,"_jetpack_newsletter_access":"","_jetpack_dont_email_post_to_subs":false,"_jetpack_newsletter_tier_id":0,"_jetpack_memberships_contains_paywalled_content":false,"_jetpack_memberships_contains_paid_content":false,"footnotes":"","jetpack_publicize_message":"","jetpack_publicize_feature_enabled":true,"jetpack_social_post_already_shared":true,"jetpack_social_options":{"image_generator_settings":{"template":"highway","default_image_id":0,"font":"","enabled":false},"version":2}},"categories":[11],"tags":[],"class_list":["post-55692","post","type-post","status-publish","format-standard","has-post-thumbnail","hentry","category-noticias-de-ribeirao-preto-sp-e-regiao-ismael-colosi"],"jetpack_publicize_connections":[],"jetpack_featured_media_url":"https:\/\/i0.wp.com\/ismaelcolosi.com.br\/wp-content\/uploads\/2024\/07\/bcbd7dffa2c72432335a549eea753afb_2024-07-04_19-18-43_jpg_2024-07-04_19-18-43.webp.webp?fit=2048%2C1365&ssl=1","uagb_featured_image_src":{"full":["https:\/\/i0.wp.com\/ismaelcolosi.com.br\/wp-content\/uploads\/2024\/07\/bcbd7dffa2c72432335a549eea753afb_2024-07-04_19-18-43_jpg_2024-07-04_19-18-43.webp.webp?fit=2048%2C1365&ssl=1",2048,1365,false],"thumbnail":["https:\/\/i0.wp.com\/ismaelcolosi.com.br\/wp-content\/uploads\/2024\/07\/bcbd7dffa2c72432335a549eea753afb_2024-07-04_19-18-43_jpg_2024-07-04_19-18-43.webp.webp?resize=150%2C150&ssl=1",150,150,true],"medium":["https:\/\/i0.wp.com\/ismaelcolosi.com.br\/wp-content\/uploads\/2024\/07\/bcbd7dffa2c72432335a549eea753afb_2024-07-04_19-18-43_jpg_2024-07-04_19-18-43.webp.webp?fit=300%2C200&ssl=1",300,200,true],"medium_large":["https:\/\/i0.wp.com\/ismaelcolosi.com.br\/wp-content\/uploads\/2024\/07\/bcbd7dffa2c72432335a549eea753afb_2024-07-04_19-18-43_jpg_2024-07-04_19-18-43.webp.webp?fit=768%2C512&ssl=1",768,512,true],"large":["https:\/\/i0.wp.com\/ismaelcolosi.com.br\/wp-content\/uploads\/2024\/07\/bcbd7dffa2c72432335a549eea753afb_2024-07-04_19-18-43_jpg_2024-07-04_19-18-43.webp.webp?fit=1024%2C683&ssl=1",1024,683,true],"1536x1536":["https:\/\/i0.wp.com\/ismaelcolosi.com.br\/wp-content\/uploads\/2024\/07\/bcbd7dffa2c72432335a549eea753afb_2024-07-04_19-18-43_jpg_2024-07-04_19-18-43.webp.webp?fit=1536%2C1024&ssl=1",1536,1024,true],"2048x2048":["https:\/\/i0.wp.com\/ismaelcolosi.com.br\/wp-content\/uploads\/2024\/07\/bcbd7dffa2c72432335a549eea753afb_2024-07-04_19-18-43_jpg_2024-07-04_19-18-43.webp.webp?fit=2048%2C1365&ssl=1",2048,1365,true],"really-simple-thumb":["https:\/\/i0.wp.com\/ismaelcolosi.com.br\/wp-content\/uploads\/2024\/07\/bcbd7dffa2c72432335a549eea753afb_2024-07-04_19-18-43_jpg_2024-07-04_19-18-43.webp.webp?resize=370%2C247&ssl=1",370,247,true]},"uagb_author_info":{"display_name":"ismaelcolosi.com.br","author_link":"https:\/\/ismaelcolosi.com.br\/index.php\/author\/vidareal-online\/"},"uagb_comment_info":0,"uagb_excerpt":"A exposi\u00e7\u00e3o de pets \u201cAuMiguinhos\u201d, que acontece em Ribeir\u00e3o Preto, de 4 a 18 de julho, re\u00fane 35 esculturas de ra\u00e7as de c\u00e3es e felinos....","jetpack-related-posts":[{"id":55733,"url":"https:\/\/ismaelcolosi.com.br\/index.php\/2024\/07\/05\/praca-do-canhao-recebe-atividades-culturais-gratuitas-neste-sabado-em-ribeirao-preto\/","url_meta":{"origin":55692,"position":0},"title":"Pra\u00e7a do Canh\u00e3o recebe atividades culturais gratuitas neste s\u00e1bado em Ribeir\u00e3o Preto","author":"ismaelcolosi.com.br","date":"5 de July de 2024","format":false,"excerpt":"O projeto \u201cCultura em Todo Lugar\u201d ser\u00e1 realizado neste s\u00e1bado (6), na Pra\u00e7a dos Expedicion\u00e1rios Brasileiros, conhecida como Pra\u00e7a do Canh\u00e3o, no Jardim Paulistano, zona Leste de Ribeir\u00e3o Preto. O evento acontece das 9h \u00e0s 12h e \u00e9 gratuito. A programa\u00e7\u00e3o inclui m\u00fasica, dan\u00e7a, oficinas de desenho, pintura facial, atividade\u2026","rel":"","context":"In &quot;Not\u00edcias de Ribeir\u00e3o Preto-SP e Regi\u00e3o&quot;","block_context":{"text":"Not\u00edcias de Ribeir\u00e3o Preto-SP e Regi\u00e3o","link":"https:\/\/ismaelcolosi.com.br\/index.php\/category\/noticias-de-ribeirao-preto-sp-e-regiao-ismael-colosi\/"},"img":{"alt_text":"","src":"https:\/\/i0.wp.com\/ismaelcolosi.com.br\/wp-content\/uploads\/2024\/07\/cultura_em_todo_lugar_03_2024-07-05_12-21-59_jpeg_2024-07-05_12-21-59.webp.webp?fit=1200%2C675&ssl=1&resize=350%2C200","width":350,"height":200,"srcset":"https:\/\/i0.wp.com\/ismaelcolosi.com.br\/wp-content\/uploads\/2024\/07\/cultura_em_todo_lugar_03_2024-07-05_12-21-59_jpeg_2024-07-05_12-21-59.webp.webp?fit=1200%2C675&ssl=1&resize=350%2C200 1x, https:\/\/i0.wp.com\/ismaelcolosi.com.br\/wp-content\/uploads\/2024\/07\/cultura_em_todo_lugar_03_2024-07-05_12-21-59_jpeg_2024-07-05_12-21-59.webp.webp?fit=1200%2C675&ssl=1&resize=525%2C300 1.5x, https:\/\/i0.wp.com\/ismaelcolosi.com.br\/wp-content\/uploads\/2024\/07\/cultura_em_todo_lugar_03_2024-07-05_12-21-59_jpeg_2024-07-05_12-21-59.webp.webp?fit=1200%2C675&ssl=1&resize=700%2C400 2x, https:\/\/i0.wp.com\/ismaelcolosi.com.br\/wp-content\/uploads\/2024\/07\/cultura_em_todo_lugar_03_2024-07-05_12-21-59_jpeg_2024-07-05_12-21-59.webp.webp?fit=1200%2C675&ssl=1&resize=1050%2C600 3x"},"classes":[]},{"id":55711,"url":"https:\/\/ismaelcolosi.com.br\/index.php\/2024\/07\/04\/14a-edicao-do-arraia-viva-ribeirao-reune-comidas-tipicas-e-shows-gratuitos-veja-quando\/","url_meta":{"origin":55692,"position":1},"title":"14\u00aa edi\u00e7\u00e3o do Arrai\u00e1 Viva Ribeir\u00e3o re\u00fane comidas t\u00edpicas e shows gratuitos; Veja quando","author":"ismaelcolosi.com.br","date":"4 de July de 2024","format":false,"excerpt":"O tradicional Arrai\u00e1 Viva Ribeir\u00e3o acontece nos dias 19, 20 e 21 de julho, no estacionamento do Teatro Municipal, localizado na Pra\u00e7a Alto do S\u00e3o Bento. O evento \u00e9 aberto ao p\u00fablico e completa 14 anos em 2024. A programa\u00e7\u00e3o especial da festa tem shows gratuitos de m\u00fasica caipira de\u2026","rel":"","context":"In &quot;Not\u00edcias de Ribeir\u00e3o Preto-SP e Regi\u00e3o&quot;","block_context":{"text":"Not\u00edcias de Ribeir\u00e3o Preto-SP e Regi\u00e3o","link":"https:\/\/ismaelcolosi.com.br\/index.php\/category\/noticias-de-ribeirao-preto-sp-e-regiao-ismael-colosi\/"},"img":{"alt_text":"","src":"https:\/\/i0.wp.com\/ismaelcolosi.com.br\/wp-content\/uploads\/2024\/07\/ClubedeRibeiroPretodivulgadatadetradicionalfestajunina_Tamanho_2_image.jpg?fit=1200%2C900&ssl=1&resize=350%2C200","width":350,"height":200,"srcset":"https:\/\/i0.wp.com\/ismaelcolosi.com.br\/wp-content\/uploads\/2024\/07\/ClubedeRibeiroPretodivulgadatadetradicionalfestajunina_Tamanho_2_image.jpg?fit=1200%2C900&ssl=1&resize=350%2C200 1x, https:\/\/i0.wp.com\/ismaelcolosi.com.br\/wp-content\/uploads\/2024\/07\/ClubedeRibeiroPretodivulgadatadetradicionalfestajunina_Tamanho_2_image.jpg?fit=1200%2C900&ssl=1&resize=525%2C300 1.5x, https:\/\/i0.wp.com\/ismaelcolosi.com.br\/wp-content\/uploads\/2024\/07\/ClubedeRibeiroPretodivulgadatadetradicionalfestajunina_Tamanho_2_image.jpg?fit=1200%2C900&ssl=1&resize=700%2C400 2x, https:\/\/i0.wp.com\/ismaelcolosi.com.br\/wp-content\/uploads\/2024\/07\/ClubedeRibeiroPretodivulgadatadetradicionalfestajunina_Tamanho_2_image.jpg?fit=1200%2C900&ssl=1&resize=1050%2C600 3x"},"classes":[]},{"id":52202,"url":"https:\/\/ismaelcolosi.com.br\/index.php\/2024\/06\/04\/primeiro-dog-park-e-instalado-em-parque-da-zona-sul-de-ribeirao-preto\/","url_meta":{"origin":55692,"position":2},"title":"Primeiro \u201cDog Park\u201d \u00e9 instalado em parque da zona Sul de Ribeir\u00e3o Preto","author":"ismaelcolosi.com.br","date":"4 de June de 2024","format":false,"excerpt":"O primeiro \u201cDog Park\u201d instalado em Ribeir\u00e3o Preto, ap\u00f3s a prefeitura publicar um decreto que regulamenta a lei de cria\u00e7\u00e3o dos espa\u00e7os em maio deste ano, come\u00e7ou a funcionar no Parque das Artes, na zona Sul da cidade. Segundo a administra\u00e7\u00e3o, a instala\u00e7\u00e3o do local onde os pets podem circular\u2026","rel":"","context":"In &quot;Not\u00edcias de Ribeir\u00e3o Preto-SP e Regi\u00e3o&quot;","block_context":{"text":"Not\u00edcias de Ribeir\u00e3o Preto-SP e Regi\u00e3o","link":"https:\/\/ismaelcolosi.com.br\/index.php\/category\/noticias-de-ribeirao-preto-sp-e-regiao-ismael-colosi\/"},"img":{"alt_text":"","src":"https:\/\/i0.wp.com\/ismaelcolosi.com.br\/wp-content\/uploads\/2024\/06\/Copia-de-Copia-de-TAMANHO-EXATO-PARA-FOTOS-NO-SISTEMA-NOVO-9_2024-06-04_20-58-28_jpg_2024-06-04_20-58-29.webp.webp?fit=1200%2C675&ssl=1&resize=350%2C200","width":350,"height":200,"srcset":"https:\/\/i0.wp.com\/ismaelcolosi.com.br\/wp-content\/uploads\/2024\/06\/Copia-de-Copia-de-TAMANHO-EXATO-PARA-FOTOS-NO-SISTEMA-NOVO-9_2024-06-04_20-58-28_jpg_2024-06-04_20-58-29.webp.webp?fit=1200%2C675&ssl=1&resize=350%2C200 1x, https:\/\/i0.wp.com\/ismaelcolosi.com.br\/wp-content\/uploads\/2024\/06\/Copia-de-Copia-de-TAMANHO-EXATO-PARA-FOTOS-NO-SISTEMA-NOVO-9_2024-06-04_20-58-28_jpg_2024-06-04_20-58-29.webp.webp?fit=1200%2C675&ssl=1&resize=525%2C300 1.5x, https:\/\/i0.wp.com\/ismaelcolosi.com.br\/wp-content\/uploads\/2024\/06\/Copia-de-Copia-de-TAMANHO-EXATO-PARA-FOTOS-NO-SISTEMA-NOVO-9_2024-06-04_20-58-28_jpg_2024-06-04_20-58-29.webp.webp?fit=1200%2C675&ssl=1&resize=700%2C400 2x, https:\/\/i0.wp.com\/ismaelcolosi.com.br\/wp-content\/uploads\/2024\/06\/Copia-de-Copia-de-TAMANHO-EXATO-PARA-FOTOS-NO-SISTEMA-NOVO-9_2024-06-04_20-58-28_jpg_2024-06-04_20-58-29.webp.webp?fit=1200%2C675&ssl=1&resize=1050%2C600 3x"},"classes":[]},{"id":60667,"url":"https:\/\/ismaelcolosi.com.br\/index.php\/2024\/08\/17\/shopping-de-ribeirao-preto-recebe-mais-de-70-pets-em-encontro-de-golden-retrievers\/","url_meta":{"origin":55692,"position":3},"title":"Shopping de Ribeir\u00e3o Preto recebe mais de 70 pets em encontro de Golden Retrievers","author":"ismaelcolosi.com.br","date":"17 de August de 2024","format":false,"excerpt":"Os amantes de pets podem aproveitar, no domingo (18), das 10h \u00e0s 12h, um encontro de Golden Retrievers, no shopping Iguatemi, na zona Sul de Ribeir\u00e3o Preto. O evento re\u00fane mais de 70 animais da ra\u00e7a. O encontro acontece no Open Mall, do shopping. A entrada \u00e9 gratuita, mas \u00e9\u2026","rel":"","context":"In &quot;Not\u00edcias de Ribeir\u00e3o Preto-SP e Regi\u00e3o&quot;","block_context":{"text":"Not\u00edcias de Ribeir\u00e3o Preto-SP e Regi\u00e3o","link":"https:\/\/ismaelcolosi.com.br\/index.php\/category\/noticias-de-ribeirao-preto-sp-e-regiao-ismael-colosi\/"},"img":{"alt_text":"","src":"https:\/\/i0.wp.com\/ismaelcolosi.com.br\/wp-content\/uploads\/2024\/08\/Copia-de-Copia-de-Copia-de-TAMANHO-EXATO-PARA-FOTOS-NO-SISTEMA-NOVO-4_2024-08-17_13-30-22_jpg_2024-08-17_13-30-22.webp.webp?fit=1200%2C675&ssl=1&resize=350%2C200","width":350,"height":200,"srcset":"https:\/\/i0.wp.com\/ismaelcolosi.com.br\/wp-content\/uploads\/2024\/08\/Copia-de-Copia-de-Copia-de-TAMANHO-EXATO-PARA-FOTOS-NO-SISTEMA-NOVO-4_2024-08-17_13-30-22_jpg_2024-08-17_13-30-22.webp.webp?fit=1200%2C675&ssl=1&resize=350%2C200 1x, https:\/\/i0.wp.com\/ismaelcolosi.com.br\/wp-content\/uploads\/2024\/08\/Copia-de-Copia-de-Copia-de-TAMANHO-EXATO-PARA-FOTOS-NO-SISTEMA-NOVO-4_2024-08-17_13-30-22_jpg_2024-08-17_13-30-22.webp.webp?fit=1200%2C675&ssl=1&resize=525%2C300 1.5x, https:\/\/i0.wp.com\/ismaelcolosi.com.br\/wp-content\/uploads\/2024\/08\/Copia-de-Copia-de-Copia-de-TAMANHO-EXATO-PARA-FOTOS-NO-SISTEMA-NOVO-4_2024-08-17_13-30-22_jpg_2024-08-17_13-30-22.webp.webp?fit=1200%2C675&ssl=1&resize=700%2C400 2x, https:\/\/i0.wp.com\/ismaelcolosi.com.br\/wp-content\/uploads\/2024\/08\/Copia-de-Copia-de-Copia-de-TAMANHO-EXATO-PARA-FOTOS-NO-SISTEMA-NOVO-4_2024-08-17_13-30-22_jpg_2024-08-17_13-30-22.webp.webp?fit=1200%2C675&ssl=1&resize=1050%2C600 3x"},"classes":[]},{"id":66604,"url":"https:\/\/ismaelcolosi.com.br\/index.php\/2024\/09\/18\/quer-adotar-um-cachorro-evento-reune-150-caes-em-ribeirao-preto\/","url_meta":{"origin":55692,"position":4},"title":"Quer adotar um cachorro? Evento re\u00fane 150 c\u00e3es em Ribeir\u00e3o Preto","author":"ismaelcolosi.com.br","date":"18 de September de 2024","format":false,"excerpt":"A Divis\u00e3o de Bem-Estar Animal (DBEA) realiza no pr\u00f3ximo s\u00e1bado (21), das 9h \u00e0s 14h, um evento de ado\u00e7\u00e3o com 150 c\u00e3es dispon\u00edveis em Ribeir\u00e3o Preto. Todos os animais est\u00e3o castrados, vacinados, vermifugados e microchipados. Como adotar? Os interessados devem \u00a0ir at\u00e9 a sede da DBEA, localizada na avenida Eduardo\u2026","rel":"","context":"In &quot;Not\u00edcias de Ribeir\u00e3o Preto-SP e Regi\u00e3o&quot;","block_context":{"text":"Not\u00edcias de Ribeir\u00e3o Preto-SP e Regi\u00e3o","link":"https:\/\/ismaelcolosi.com.br\/index.php\/category\/noticias-de-ribeirao-preto-sp-e-regiao-ismael-colosi\/"},"img":{"alt_text":"","src":"https:\/\/i0.wp.com\/ismaelcolosi.com.br\/wp-content\/uploads\/2024\/09\/WhatsApp-Image-2024-09-18-at-12.19.51_2024-09-18_15-22-32_jpeg_2024-09-18_15-22-32.webp.webp?fit=1200%2C919&ssl=1&resize=350%2C200","width":350,"height":200,"srcset":"https:\/\/i0.wp.com\/ismaelcolosi.com.br\/wp-content\/uploads\/2024\/09\/WhatsApp-Image-2024-09-18-at-12.19.51_2024-09-18_15-22-32_jpeg_2024-09-18_15-22-32.webp.webp?fit=1200%2C919&ssl=1&resize=350%2C200 1x, https:\/\/i0.wp.com\/ismaelcolosi.com.br\/wp-content\/uploads\/2024\/09\/WhatsApp-Image-2024-09-18-at-12.19.51_2024-09-18_15-22-32_jpeg_2024-09-18_15-22-32.webp.webp?fit=1200%2C919&ssl=1&resize=525%2C300 1.5x, https:\/\/i0.wp.com\/ismaelcolosi.com.br\/wp-content\/uploads\/2024\/09\/WhatsApp-Image-2024-09-18-at-12.19.51_2024-09-18_15-22-32_jpeg_2024-09-18_15-22-32.webp.webp?fit=1200%2C919&ssl=1&resize=700%2C400 2x, https:\/\/i0.wp.com\/ismaelcolosi.com.br\/wp-content\/uploads\/2024\/09\/WhatsApp-Image-2024-09-18-at-12.19.51_2024-09-18_15-22-32_jpeg_2024-09-18_15-22-32.webp.webp?fit=1200%2C919&ssl=1&resize=1050%2C600 3x"},"classes":[]},{"id":61399,"url":"https:\/\/ismaelcolosi.com.br\/index.php\/2024\/08\/21\/ribeirao-preto-recebe-nova-exposicao-de-carros-antigos-no-final-de-semana-veja-onde\/","url_meta":{"origin":55692,"position":5},"title":"Ribeir\u00e3o Preto recebe nova exposi\u00e7\u00e3o de carros antigos no final de semana; Veja onde","author":"ismaelcolosi.com.br","date":"21 de August de 2024","format":false,"excerpt":"Ribeir\u00e3o Preto vai receber uma nova exposi\u00e7\u00e3o gratuita de carros antigos neste s\u00e1bado (24), a partir das 18h, no shopping Iguatemi, localizado na zona Sul do munic\u00edpio. Em parceria com o California Volks, o empreendimento ir\u00e1 receber mais de 30 autom\u00f3veis VW Air Colled, ve\u00edculos cl\u00e1ssicos, modificados e novos colecion\u00e1veis,\u2026","rel":"","context":"In &quot;Not\u00edcias de Ribeir\u00e3o Preto-SP e Regi\u00e3o&quot;","block_context":{"text":"Not\u00edcias de Ribeir\u00e3o Preto-SP e Regi\u00e3o","link":"https:\/\/ismaelcolosi.com.br\/index.php\/category\/noticias-de-ribeirao-preto-sp-e-regiao-ismael-colosi\/"},"img":{"alt_text":"","src":"https:\/\/i0.wp.com\/ismaelcolosi.com.br\/wp-content\/uploads\/2024\/08\/Copia-de-Copia-de-Copia-de-TAMANHO-EXATO-PARA-FOTOS-NO-SISTEMA-NOVO-16_2024-08-21_17-41-56_png_2024-08-21_17-41-56.webp.webp?fit=1200%2C675&ssl=1&resize=350%2C200","width":350,"height":200,"srcset":"https:\/\/i0.wp.com\/ismaelcolosi.com.br\/wp-content\/uploads\/2024\/08\/Copia-de-Copia-de-Copia-de-TAMANHO-EXATO-PARA-FOTOS-NO-SISTEMA-NOVO-16_2024-08-21_17-41-56_png_2024-08-21_17-41-56.webp.webp?fit=1200%2C675&ssl=1&resize=350%2C200 1x, https:\/\/i0.wp.com\/ismaelcolosi.com.br\/wp-content\/uploads\/2024\/08\/Copia-de-Copia-de-Copia-de-TAMANHO-EXATO-PARA-FOTOS-NO-SISTEMA-NOVO-16_2024-08-21_17-41-56_png_2024-08-21_17-41-56.webp.webp?fit=1200%2C675&ssl=1&resize=525%2C300 1.5x, https:\/\/i0.wp.com\/ismaelcolosi.com.br\/wp-content\/uploads\/2024\/08\/Copia-de-Copia-de-Copia-de-TAMANHO-EXATO-PARA-FOTOS-NO-SISTEMA-NOVO-16_2024-08-21_17-41-56_png_2024-08-21_17-41-56.webp.webp?fit=1200%2C675&ssl=1&resize=700%2C400 2x, https:\/\/i0.wp.com\/ismaelcolosi.com.br\/wp-content\/uploads\/2024\/08\/Copia-de-Copia-de-Copia-de-TAMANHO-EXATO-PARA-FOTOS-NO-SISTEMA-NOVO-16_2024-08-21_17-41-56_png_2024-08-21_17-41-56.webp.webp?fit=1200%2C675&ssl=1&resize=1050%2C600 3x"},"classes":[]}],"jetpack_sharing_enabled":true,"jetpack_shortlink":"https:\/\/wp.me\/pfMlyK-eug","_links":{"self":[{"href":"https:\/\/ismaelcolosi.com.br\/index.php\/wp-json\/wp\/v2\/posts\/55692","targetHints":{"allow":["GET"]}}],"collection":[{"href":"https:\/\/ismaelcolosi.com.br\/index.php\/wp-json\/wp\/v2\/posts"}],"about":[{"href":"https:\/\/ismaelcolosi.com.br\/index.php\/wp-json\/wp\/v2\/types\/post"}],"author":[{"embeddable":true,"href":"https:\/\/ismaelcolosi.com.br\/index.php\/wp-json\/wp\/v2\/users\/1"}],"replies":[{"embeddable":true,"href":"https:\/\/ismaelcolosi.com.br\/index.php\/wp-json\/wp\/v2\/comments?post=55692"}],"version-history":[{"count":0,"href":"https:\/\/ismaelcolosi.com.br\/index.php\/wp-json\/wp\/v2\/posts\/55692\/revisions"}],"wp:featuredmedia":[{"embeddable":true,"href":"https:\/\/ismaelcolosi.com.br\/index.php\/wp-json\/wp\/v2\/media\/55693"}],"wp:attachment":[{"href":"https:\/\/ismaelcolosi.com.br\/index.php\/wp-json\/wp\/v2\/media?parent=55692"}],"wp:term":[{"taxonomy":"category","embeddable":true,"href":"https:\/\/ismaelcolosi.com.br\/index.php\/wp-json\/wp\/v2\/categories?post=55692"},{"taxonomy":"post_tag","embeddable":true,"href":"https:\/\/ismaelcolosi.com.br\/index.php\/wp-json\/wp\/v2\/tags?post=55692"}],"curies":[{"name":"wp","href":"https:\/\/api.w.org\/{rel}","templated":true}]}}