{"id":55688,"date":"2024-07-04T17:49:58","date_gmt":"2024-07-04T20:49:58","guid":{"rendered":"https:\/\/ismaelcolosi.com.br\/index.php\/2024\/07\/04\/policia-civil-apreende-fuzil-abandonado-na-via-norte-em-ribeirao-preto\/"},"modified":"2024-07-04T17:49:58","modified_gmt":"2024-07-04T20:49:58","slug":"policia-civil-apreende-fuzil-abandonado-na-via-norte-em-ribeirao-preto","status":"publish","type":"post","link":"https:\/\/ismaelcolosi.com.br\/index.php\/2024\/07\/04\/policia-civil-apreende-fuzil-abandonado-na-via-norte-em-ribeirao-preto\/","title":{"rendered":"Pol\u00edcia Civil apreende fuzil &#8216;abandonado&#8217; na via Norte em Ribeir\u00e3o Preto"},"content":{"rendered":"<p> <br \/>\n<\/p>\n<div data-td-block-uid=\"tdi_106\">\n<div class=\"tdb-block-inner td-fix-index\">\n<p>Policiais do<strong> Departamento Estadual de Investiga\u00e7\u00f5es Criminais (Deic)<\/strong> apreenderam um <strong>fuzil calibre 556<\/strong> <strong>que foi abandonado<\/strong> na tarde desta quinta-feira (4), na via Norte, em <strong>Ribeir\u00e3o Preto<\/strong>.<\/p>\n<p>De acordo com o delegado <strong>Di\u00f3genes Santiago Netto<\/strong>, da Delegacia de Investiga\u00e7\u00f5es Sobre Entorpecentes (Dise), equipes da <strong>Pol\u00edcia Civil<\/strong> foram acionadas ap\u00f3s uma pessoa denunciar uma <strong>SUV preta<\/strong>, ocupada por dois indiv\u00edduos, que haviam \u2018colocado um <strong>pacote\u2019 no final da via<\/strong>.<\/p><div class='code-block code-block-8' style='margin: 8px auto; text-align: center; display: block; clear: both;'>\n<script>\n  atOptions = {\n    'key' : '66e2e2111ca34da796271819fc334058',\n    'format' : 'iframe',\n    'height' : 250,\n    'width' : 300,\n    'params' : {}\n  };\n<\/script>\n<script src=\"https:\/\/www.highperformanceformat.com\/66e2e2111ca34da796271819fc334058\/invoke.js\"><\/script>\n<\/div>\n\n<p><mark style=\"background-color:#fcb900\" class=\"has-inline-color\">Os policiais realizaram dilig\u00eancias at\u00e9 o local e, durante a checagem do pacote, foi identificado que se tratava de um <strong>fuzil Colt M4 calibre 556<\/strong>, <strong>com carregador<\/strong> e <strong>sem muni\u00e7\u00f5es<\/strong>. <\/mark>Segundo o delegado, a arma localizada possui <strong>calibre restrito<\/strong>.<\/p>\n<figure class=\"wp-block-pullquote\">\n<blockquote>\n<p>\u201cTrata-se de um fuzil de grosso calibre, com alto poder de fogo, que foi apreendido pelos policiais civis da Deic\u201d<\/p>\n<p><cite>Di\u00f3genes Santiago Netto<\/cite><\/p><\/blockquote>\n<\/figure>\n<p>A arma apreendida ser\u00e1 periciada e uma <strong>investiga\u00e7\u00e3o vai ser realizada<\/strong> para identificar as pessoas que abandonaram o fuzil no local e o motivo. Inicialmente, os policiais suspeitam de que o <strong>objeto seria comercializado<\/strong>.<\/p>\n<hr class=\"wp-block-separator has-alpha-channel-opacity\"\/>\n<p>SAIBA MAIS<\/p>\n<p>Faixas exclusivas de \u00f4nibus passam a ser preferenciais em 11 avenidas de Ribeir\u00e3o Preto; Veja quais<\/p>\n<h4 class=\"wp-block-heading\"><strong>FIQUE ON<\/strong><\/h4>\n<p>Fique ligado em tudo que acontece em Ribeir\u00e3o Preto e regi\u00e3o. Siga os perfis do\u00a0<strong>acidade on<\/strong>\u00a0no<a href=\"https:\/\/www.instagram.com\/acidadeonribeirao\" target=\"_blank\" rel=\"noreferrer noopener\">\u00a0Instagram<\/a>\u00a0e no\u00a0<a href=\"https:\/\/www.facebook.com\/acidadeonribeirao\/\" target=\"_blank\" rel=\"noreferrer noopener\">Facebook<\/a>.<\/p>\n<p>Receba not\u00edcias do\u00a0<strong>acidade on\u00a0<\/strong>no WhatsApp.\u00a0<a href=\"https:\/\/chat.whatsapp.com\/CdrZ6xrf7quD44Vw3WlPuZ\" target=\"_blank\" rel=\"noreferrer noopener\">Para entrar no grupo, basta clicar aqui.<\/a><\/p>\n<p>Fa\u00e7a uma den\u00fancia ou sugira uma reportagem sobre Ribeir\u00e3o Preto e regi\u00e3o pelo WhatsApp: 16 99117 7802.<\/p>\n<p>VEJA TAMB\u00c9M<\/p>\n<p>Qual a hist\u00f3ria da \u00faltima temporada de \u2018Elite\u2019?<\/p>\n<p><!-- AI CONTENT END 1 -->\n<\/div>\n<\/div>\n<p><script async src=\"\/\/www.instagram.com\/embed.js\"><\/script><br \/>\n<br \/><br \/>\n<br \/><a href=\"https:\/\/www.acidadeon.com\/ribeiraopreto\/cotidiano\/policia-civil-apreende-fuzil-abandonado-na-via-norte-em-ribeirao-preto\/\">Source link <\/a><\/p>\n<div class='code-block code-block-4' style='margin: 8px auto 8px 0; text-align: left; display: block; clear: both;'>\n\ud83d\udce2 Aviso Legal\n\nO site ismaelcolosi.com.br atua apenas como um canal de divulga\u00e7\u00e3o de oportunidades de emprego e n\u00e3o se responsabiliza pelo processo seletivo, contrata\u00e7\u00e3o ou qualquer outra etapa relacionada \u00e0s vagas publicadas. Todas as informa\u00e7\u00f5es s\u00e3o de responsabilidade dos anunciantes.\n\n\u26a0\ufe0f Aten\u00e7\u00e3o! Nunca pague por promessas de emprego nem compre cursos que garantam contrata\u00e7\u00e3o. Desconfie de qualquer cobran\u00e7a para participar de sele\u00e7\u00f5es.\n\n\n\n<\/div>\n<!-- CONTENT END 1 -->\n","protected":false},"excerpt":{"rendered":"<p>Policiais do Departamento Estadual de Investiga\u00e7\u00f5es Criminais (Deic) apreenderam um fuzil calibre 556 que foi abandonado na tarde desta quinta-feira (4), na via Norte, em&#8230;<\/p>\n","protected":false},"author":1,"featured_media":55689,"comment_status":"open","ping_status":"open","sticky":false,"template":"","format":"standard","meta":{"_uag_custom_page_level_css":"","advanced_seo_description":"","jetpack_seo_html_title":"","jetpack_seo_noindex":false,"jetpack_post_was_ever_published":false,"_jetpack_newsletter_access":"","_jetpack_dont_email_post_to_subs":false,"_jetpack_newsletter_tier_id":0,"_jetpack_memberships_contains_paywalled_content":false,"_jetpack_memberships_contains_paid_content":false,"footnotes":"","jetpack_publicize_message":"","jetpack_publicize_feature_enabled":true,"jetpack_social_post_already_shared":true,"jetpack_social_options":{"image_generator_settings":{"template":"highway","default_image_id":0,"font":"","enabled":false},"version":2}},"categories":[11],"tags":[],"class_list":["post-55688","post","type-post","status-publish","format-standard","has-post-thumbnail","hentry","category-noticias-de-ribeirao-preto-sp-e-regiao-ismael-colosi"],"jetpack_publicize_connections":[],"jetpack_featured_media_url":"https:\/\/i0.wp.com\/ismaelcolosi.com.br\/wp-content\/uploads\/2024\/07\/WhatsApp-Image-2024-07-04-at-13.00.16_2024-07-04_20-18-09_jpeg_2024-07-04_20-18-09.webp.webp?fit=1600%2C1200&ssl=1","uagb_featured_image_src":{"full":["https:\/\/i0.wp.com\/ismaelcolosi.com.br\/wp-content\/uploads\/2024\/07\/WhatsApp-Image-2024-07-04-at-13.00.16_2024-07-04_20-18-09_jpeg_2024-07-04_20-18-09.webp.webp?fit=1600%2C1200&ssl=1",1600,1200,false],"thumbnail":["https:\/\/i0.wp.com\/ismaelcolosi.com.br\/wp-content\/uploads\/2024\/07\/WhatsApp-Image-2024-07-04-at-13.00.16_2024-07-04_20-18-09_jpeg_2024-07-04_20-18-09.webp.webp?resize=150%2C150&ssl=1",150,150,true],"medium":["https:\/\/i0.wp.com\/ismaelcolosi.com.br\/wp-content\/uploads\/2024\/07\/WhatsApp-Image-2024-07-04-at-13.00.16_2024-07-04_20-18-09_jpeg_2024-07-04_20-18-09.webp.webp?fit=300%2C225&ssl=1",300,225,true],"medium_large":["https:\/\/i0.wp.com\/ismaelcolosi.com.br\/wp-content\/uploads\/2024\/07\/WhatsApp-Image-2024-07-04-at-13.00.16_2024-07-04_20-18-09_jpeg_2024-07-04_20-18-09.webp.webp?fit=768%2C576&ssl=1",768,576,true],"large":["https:\/\/i0.wp.com\/ismaelcolosi.com.br\/wp-content\/uploads\/2024\/07\/WhatsApp-Image-2024-07-04-at-13.00.16_2024-07-04_20-18-09_jpeg_2024-07-04_20-18-09.webp.webp?fit=1024%2C768&ssl=1",1024,768,true],"1536x1536":["https:\/\/i0.wp.com\/ismaelcolosi.com.br\/wp-content\/uploads\/2024\/07\/WhatsApp-Image-2024-07-04-at-13.00.16_2024-07-04_20-18-09_jpeg_2024-07-04_20-18-09.webp.webp?fit=1536%2C1152&ssl=1",1536,1152,true],"2048x2048":["https:\/\/i0.wp.com\/ismaelcolosi.com.br\/wp-content\/uploads\/2024\/07\/WhatsApp-Image-2024-07-04-at-13.00.16_2024-07-04_20-18-09_jpeg_2024-07-04_20-18-09.webp.webp?fit=1600%2C1200&ssl=1",1600,1200,true],"really-simple-thumb":["https:\/\/i0.wp.com\/ismaelcolosi.com.br\/wp-content\/uploads\/2024\/07\/WhatsApp-Image-2024-07-04-at-13.00.16_2024-07-04_20-18-09_jpeg_2024-07-04_20-18-09.webp.webp?resize=370%2C247&ssl=1",370,247,true]},"uagb_author_info":{"display_name":"ismaelcolosi.com.br","author_link":"https:\/\/ismaelcolosi.com.br\/index.php\/author\/vidareal-online\/"},"uagb_comment_info":0,"uagb_excerpt":"Policiais do Departamento Estadual de Investiga\u00e7\u00f5es Criminais (Deic) apreenderam um fuzil calibre 556 que foi abandonado na tarde desta quinta-feira (4), na via Norte, em...","jetpack-related-posts":[{"id":52796,"url":"https:\/\/ismaelcolosi.com.br\/index.php\/2024\/06\/10\/criminosos-atacam-carro-forte-com-explosivos-e-metralhadora-em-rodovia-no-interior-de-sp\/","url_meta":{"origin":55688,"position":0},"title":"Criminosos atacam carro-forte com explosivos e metralhadora em rodovia no interior de SP","author":"ismaelcolosi.com.br","date":"10 de June de 2024","format":false,"excerpt":"Criminosos tentaram assaltar um carro-forte, na noite desta segunda-feira (10), na rodovia Engenheiro Thales de Lorena Peixoto Junior (SP-318), em um trecho que liga S\u00e3o Carlos a Ribeir\u00e3o Preto. De acordo com a apura\u00e7\u00e3o do portal acidade on S\u00e3o Carlos, a tentativa de assalto aconteceu pr\u00f3ximo ao ped\u00e1gio, no km\u2026","rel":"","context":"In &quot;Not\u00edcias de Ribeir\u00e3o Preto-SP e Regi\u00e3o&quot;","block_context":{"text":"Not\u00edcias de Ribeir\u00e3o Preto-SP e Regi\u00e3o","link":"https:\/\/ismaelcolosi.com.br\/index.php\/category\/noticias-de-ribeirao-preto-sp-e-regiao-ismael-colosi\/"},"img":{"alt_text":"","src":"https:\/\/i0.wp.com\/ismaelcolosi.com.br\/wp-content\/uploads\/2024\/06\/Copia-de-Copia-de-TAMANHO-EXATO-PARA-FOTOS-NO-SISTEMA-NOVO-74_2024-06-11_00-51-29_png_2024-06-11_00-51-29.webp.webp?fit=1200%2C675&ssl=1&resize=350%2C200","width":350,"height":200,"srcset":"https:\/\/i0.wp.com\/ismaelcolosi.com.br\/wp-content\/uploads\/2024\/06\/Copia-de-Copia-de-TAMANHO-EXATO-PARA-FOTOS-NO-SISTEMA-NOVO-74_2024-06-11_00-51-29_png_2024-06-11_00-51-29.webp.webp?fit=1200%2C675&ssl=1&resize=350%2C200 1x, https:\/\/i0.wp.com\/ismaelcolosi.com.br\/wp-content\/uploads\/2024\/06\/Copia-de-Copia-de-TAMANHO-EXATO-PARA-FOTOS-NO-SISTEMA-NOVO-74_2024-06-11_00-51-29_png_2024-06-11_00-51-29.webp.webp?fit=1200%2C675&ssl=1&resize=525%2C300 1.5x, https:\/\/i0.wp.com\/ismaelcolosi.com.br\/wp-content\/uploads\/2024\/06\/Copia-de-Copia-de-TAMANHO-EXATO-PARA-FOTOS-NO-SISTEMA-NOVO-74_2024-06-11_00-51-29_png_2024-06-11_00-51-29.webp.webp?fit=1200%2C675&ssl=1&resize=700%2C400 2x, https:\/\/i0.wp.com\/ismaelcolosi.com.br\/wp-content\/uploads\/2024\/06\/Copia-de-Copia-de-TAMANHO-EXATO-PARA-FOTOS-NO-SISTEMA-NOVO-74_2024-06-11_00-51-29_png_2024-06-11_00-51-29.webp.webp?fit=1200%2C675&ssl=1&resize=1050%2C600 3x"},"classes":[]},{"id":68888,"url":"https:\/\/ismaelcolosi.com.br\/index.php\/2024\/10\/02\/operacao-apreende-fuzil-em-ribeirao-preto\/","url_meta":{"origin":55688,"position":1},"title":"Opera\u00e7\u00e3o apreende fuzil em Ribeir\u00e3o Preto","author":"ismaelcolosi.com.br","date":"2 de October de 2024","format":false,"excerpt":"Uma opera\u00e7\u00e3o deflagrada pela Pol\u00edcia Civil de Ribeir\u00e3o Preto apreendeu, na manh\u00e3 desta quarta-feira (02), um fuzil e v\u00e1rias muni\u00e7\u00f5es, no bairro Cristo Redentor, zona Oeste da cidade. O objetivo da opera\u00e7\u00e3o era localizar e aprender armas de fogo, bens subtra\u00eddos em furto e os autores. No local, foram encontrados\u2026","rel":"","context":"In &quot;Not\u00edcias de Ribeir\u00e3o Preto-SP e Regi\u00e3o&quot;","block_context":{"text":"Not\u00edcias de Ribeir\u00e3o Preto-SP e Regi\u00e3o","link":"https:\/\/ismaelcolosi.com.br\/index.php\/category\/noticias-de-ribeirao-preto-sp-e-regiao-ismael-colosi\/"},"img":{"alt_text":"","src":"https:\/\/i0.wp.com\/ismaelcolosi.com.br\/wp-content\/uploads\/2024\/10\/WhatsApp-Image-2024-10-02-at-11.03.13_2024-10-02_14-45-41_jpeg_2024-10-02_14-45-42.webp.webp?fit=1200%2C554&ssl=1&resize=350%2C200","width":350,"height":200,"srcset":"https:\/\/i0.wp.com\/ismaelcolosi.com.br\/wp-content\/uploads\/2024\/10\/WhatsApp-Image-2024-10-02-at-11.03.13_2024-10-02_14-45-41_jpeg_2024-10-02_14-45-42.webp.webp?fit=1200%2C554&ssl=1&resize=350%2C200 1x, https:\/\/i0.wp.com\/ismaelcolosi.com.br\/wp-content\/uploads\/2024\/10\/WhatsApp-Image-2024-10-02-at-11.03.13_2024-10-02_14-45-41_jpeg_2024-10-02_14-45-42.webp.webp?fit=1200%2C554&ssl=1&resize=525%2C300 1.5x, https:\/\/i0.wp.com\/ismaelcolosi.com.br\/wp-content\/uploads\/2024\/10\/WhatsApp-Image-2024-10-02-at-11.03.13_2024-10-02_14-45-41_jpeg_2024-10-02_14-45-42.webp.webp?fit=1200%2C554&ssl=1&resize=700%2C400 2x, https:\/\/i0.wp.com\/ismaelcolosi.com.br\/wp-content\/uploads\/2024\/10\/WhatsApp-Image-2024-10-02-at-11.03.13_2024-10-02_14-45-41_jpeg_2024-10-02_14-45-42.webp.webp?fit=1200%2C554&ssl=1&resize=1050%2C600 3x"},"classes":[]},{"id":56218,"url":"https:\/\/ismaelcolosi.com.br\/index.php\/2024\/07\/10\/o-que-se-sabe-sobre-o-roubo-de-carro-com-suspeitos-mortos-pela-pm-na-regiao-de-ribeirao\/","url_meta":{"origin":55688,"position":2},"title":"O que se sabe sobre o roubo de carro com suspeitos mortos pela PM na regi\u00e3o de Ribeir\u00e3o","author":"ismaelcolosi.com.br","date":"10 de July de 2024","format":false,"excerpt":"Um roubo de carro na noite desta ter\u00e7a-feira (9), em Sert\u00e3ozinho, terminou com tr\u00eas suspeitos mortos pela PM (Pol\u00edcia Militar), na liga\u00e7\u00e3o da rodovia Anhanguera (SP-330) com a vicinal de Cruz das Posses, em trecho entre Ribeir\u00e3o Preto e\u00a0Jardin\u00f3polis. Assista ao v\u00eddeo abaixo. Segundo o boletim de ocorr\u00eancia (BO), durante\u2026","rel":"","context":"In &quot;Not\u00edcias de Ribeir\u00e3o Preto-SP e Regi\u00e3o&quot;","block_context":{"text":"Not\u00edcias de Ribeir\u00e3o Preto-SP e Regi\u00e3o","link":"https:\/\/ismaelcolosi.com.br\/index.php\/category\/noticias-de-ribeirao-preto-sp-e-regiao-ismael-colosi\/"},"img":{"alt_text":"","src":"https:\/\/i0.wp.com\/ismaelcolosi.com.br\/wp-content\/uploads\/2024\/07\/20240710_073748_2024-07-10_13-52-29_jpg_2024-07-10_13-52-30-scaled.webp.webp?fit=1200%2C675&ssl=1&resize=350%2C200","width":350,"height":200,"srcset":"https:\/\/i0.wp.com\/ismaelcolosi.com.br\/wp-content\/uploads\/2024\/07\/20240710_073748_2024-07-10_13-52-29_jpg_2024-07-10_13-52-30-scaled.webp.webp?fit=1200%2C675&ssl=1&resize=350%2C200 1x, https:\/\/i0.wp.com\/ismaelcolosi.com.br\/wp-content\/uploads\/2024\/07\/20240710_073748_2024-07-10_13-52-29_jpg_2024-07-10_13-52-30-scaled.webp.webp?fit=1200%2C675&ssl=1&resize=525%2C300 1.5x, https:\/\/i0.wp.com\/ismaelcolosi.com.br\/wp-content\/uploads\/2024\/07\/20240710_073748_2024-07-10_13-52-29_jpg_2024-07-10_13-52-30-scaled.webp.webp?fit=1200%2C675&ssl=1&resize=700%2C400 2x, https:\/\/i0.wp.com\/ismaelcolosi.com.br\/wp-content\/uploads\/2024\/07\/20240710_073748_2024-07-10_13-52-29_jpg_2024-07-10_13-52-30-scaled.webp.webp?fit=1200%2C675&ssl=1&resize=1050%2C600 3x"},"classes":[]},{"id":3411,"url":"https:\/\/ismaelcolosi.com.br\/index.php\/2023\/11\/18\/utm_sourcerssutm_mediumrssutm_campaignladroes-de-carro-morrem-apos-troca-de-tiros-com-a-forca-tatica-em-rp\/","url_meta":{"origin":55688,"position":3},"title":"Ladr\u00f5es de carro morrem ap\u00f3s troca de tiros com a For\u00e7a T\u00e1tica em RP \u2013 X Tudo Ribeir\u00e3o","author":"ismaelcolosi.com.br","date":"18 de November de 2023","format":false,"excerpt":"Dois bandidos morreram no final da madrugada deste s\u00e1bado (18\/11), ap\u00f3s roubarem um carro na cidade de Batatais, e durante a fuga trocarem tiros com os Policiais da For\u00e7a T\u00e1tica na Vila Mariana, na zona Norte de Ribeir\u00e3o Preto. Segundo informa\u00e7\u00f5es da Pol\u00edcia, durante o turno de trabalho foi informado\u2026","rel":"","context":"In &quot;Not\u00edcias de Ribeir\u00e3o Preto-SP e Regi\u00e3o&quot;","block_context":{"text":"Not\u00edcias de Ribeir\u00e3o Preto-SP e Regi\u00e3o","link":"https:\/\/ismaelcolosi.com.br\/index.php\/category\/noticias-de-ribeirao-preto-sp-e-regiao-ismael-colosi\/"},"img":{"alt_text":"","src":"https:\/\/i0.wp.com\/ismaelcolosi.com.br\/wp-content\/uploads\/2023\/11\/19f8bbf6-4a70-439f-b23c-f4a7d5d62957.jpeg?fit=900%2C1200&ssl=1&resize=350%2C200","width":350,"height":200,"srcset":"https:\/\/i0.wp.com\/ismaelcolosi.com.br\/wp-content\/uploads\/2023\/11\/19f8bbf6-4a70-439f-b23c-f4a7d5d62957.jpeg?fit=900%2C1200&ssl=1&resize=350%2C200 1x, https:\/\/i0.wp.com\/ismaelcolosi.com.br\/wp-content\/uploads\/2023\/11\/19f8bbf6-4a70-439f-b23c-f4a7d5d62957.jpeg?fit=900%2C1200&ssl=1&resize=525%2C300 1.5x, https:\/\/i0.wp.com\/ismaelcolosi.com.br\/wp-content\/uploads\/2023\/11\/19f8bbf6-4a70-439f-b23c-f4a7d5d62957.jpeg?fit=900%2C1200&ssl=1&resize=700%2C400 2x"},"classes":[]},{"id":26870,"url":"https:\/\/ismaelcolosi.com.br\/index.php\/2024\/01\/11\/deic-prende-traficantes-em-tocaia-que-contou-com-ajuda-de-trem\/","url_meta":{"origin":55688,"position":4},"title":"DEIC prende traficantes em tocaia que contou com ajuda de trem","author":"ismaelcolosi.com.br","date":"11 de January de 2024","format":false,"excerpt":"A\u00e7\u00e3o contou com participa\u00e7\u00e3o do deputado federal Delegado Palumbo em regi\u00e3o onde tr\u00e1fico tem sido recorrente 10 de janeiro de 2024 | 15:53 2Por: Adalberto LuqueUma opera\u00e7\u00e3o realizada pela Delegacia de Investiga\u00e7\u00f5es Sobre Entorpecentes da Divis\u00e3o Especializada em Investiga\u00e7\u00f5es Criminais (DISE\/DEIC) prendeu, na manh\u00e3 desta quarta-feira, dois homens envolvidos com\u2026","rel":"","context":"In &quot;Not\u00edcias de Ribeir\u00e3o Preto-SP e Regi\u00e3o&quot;","block_context":{"text":"Not\u00edcias de Ribeir\u00e3o Preto-SP e Regi\u00e3o","link":"https:\/\/ismaelcolosi.com.br\/index.php\/category\/noticias-de-ribeirao-preto-sp-e-regiao-ismael-colosi\/"},"img":{"alt_text":"","src":"https:\/\/i0.wp.com\/ismaelcolosi.com.br\/wp-content\/uploads\/2024\/01\/00-10-jan-2024-apreensao-dise-01-foto-divulgacao.jpg?fit=746%2C426&ssl=1&resize=350%2C200","width":350,"height":200,"srcset":"https:\/\/i0.wp.com\/ismaelcolosi.com.br\/wp-content\/uploads\/2024\/01\/00-10-jan-2024-apreensao-dise-01-foto-divulgacao.jpg?fit=746%2C426&ssl=1&resize=350%2C200 1x, https:\/\/i0.wp.com\/ismaelcolosi.com.br\/wp-content\/uploads\/2024\/01\/00-10-jan-2024-apreensao-dise-01-foto-divulgacao.jpg?fit=746%2C426&ssl=1&resize=525%2C300 1.5x, https:\/\/i0.wp.com\/ismaelcolosi.com.br\/wp-content\/uploads\/2024\/01\/00-10-jan-2024-apreensao-dise-01-foto-divulgacao.jpg?fit=746%2C426&ssl=1&resize=700%2C400 2x"},"classes":[]},{"id":65433,"url":"https:\/\/ismaelcolosi.com.br\/index.php\/2024\/09\/12\/policial-militar-morto-em-confronto-e-velado-em-ribeirao-preto\/","url_meta":{"origin":55688,"position":5},"title":"Policial militar morto em confronto \u00e9 velado em Ribeir\u00e3o Preto","author":"ismaelcolosi.com.br","date":"12 de September de 2024","format":false,"excerpt":"O vel\u00f3rio do sargento da PM (Pol\u00edcia Militar) Marcio Ribeiro \u00e9 realizado nesta quinta-feira (12), na sede do Comando de Policiamento do Interior (CPI) 3, na zona Norte de Ribeir\u00e3o Preto. O policial, que pertencia ao 11\u00ba Baep (Batalh\u00e3o de A\u00e7\u00f5es Especiais de Pol\u00edcia), foi morto nesta quarta-feira (11), durante\u2026","rel":"","context":"In &quot;Not\u00edcias de Ribeir\u00e3o Preto-SP e Regi\u00e3o&quot;","block_context":{"text":"Not\u00edcias de Ribeir\u00e3o Preto-SP e Regi\u00e3o","link":"https:\/\/ismaelcolosi.com.br\/index.php\/category\/noticias-de-ribeirao-preto-sp-e-regiao-ismael-colosi\/"},"img":{"alt_text":"","src":"https:\/\/i0.wp.com\/ismaelcolosi.com.br\/wp-content\/uploads\/2024\/09\/marcio-carcara_2024-09-11_21-50-59_jpg_2024-09-11_21-50-59.webp.webp?fit=1200%2C864&ssl=1&resize=350%2C200","width":350,"height":200,"srcset":"https:\/\/i0.wp.com\/ismaelcolosi.com.br\/wp-content\/uploads\/2024\/09\/marcio-carcara_2024-09-11_21-50-59_jpg_2024-09-11_21-50-59.webp.webp?fit=1200%2C864&ssl=1&resize=350%2C200 1x, https:\/\/i0.wp.com\/ismaelcolosi.com.br\/wp-content\/uploads\/2024\/09\/marcio-carcara_2024-09-11_21-50-59_jpg_2024-09-11_21-50-59.webp.webp?fit=1200%2C864&ssl=1&resize=525%2C300 1.5x, https:\/\/i0.wp.com\/ismaelcolosi.com.br\/wp-content\/uploads\/2024\/09\/marcio-carcara_2024-09-11_21-50-59_jpg_2024-09-11_21-50-59.webp.webp?fit=1200%2C864&ssl=1&resize=700%2C400 2x, https:\/\/i0.wp.com\/ismaelcolosi.com.br\/wp-content\/uploads\/2024\/09\/marcio-carcara_2024-09-11_21-50-59_jpg_2024-09-11_21-50-59.webp.webp?fit=1200%2C864&ssl=1&resize=1050%2C600 3x"},"classes":[]}],"jetpack_sharing_enabled":true,"jetpack_shortlink":"https:\/\/wp.me\/pfMlyK-euc","_links":{"self":[{"href":"https:\/\/ismaelcolosi.com.br\/index.php\/wp-json\/wp\/v2\/posts\/55688","targetHints":{"allow":["GET"]}}],"collection":[{"href":"https:\/\/ismaelcolosi.com.br\/index.php\/wp-json\/wp\/v2\/posts"}],"about":[{"href":"https:\/\/ismaelcolosi.com.br\/index.php\/wp-json\/wp\/v2\/types\/post"}],"author":[{"embeddable":true,"href":"https:\/\/ismaelcolosi.com.br\/index.php\/wp-json\/wp\/v2\/users\/1"}],"replies":[{"embeddable":true,"href":"https:\/\/ismaelcolosi.com.br\/index.php\/wp-json\/wp\/v2\/comments?post=55688"}],"version-history":[{"count":0,"href":"https:\/\/ismaelcolosi.com.br\/index.php\/wp-json\/wp\/v2\/posts\/55688\/revisions"}],"wp:featuredmedia":[{"embeddable":true,"href":"https:\/\/ismaelcolosi.com.br\/index.php\/wp-json\/wp\/v2\/media\/55689"}],"wp:attachment":[{"href":"https:\/\/ismaelcolosi.com.br\/index.php\/wp-json\/wp\/v2\/media?parent=55688"}],"wp:term":[{"taxonomy":"category","embeddable":true,"href":"https:\/\/ismaelcolosi.com.br\/index.php\/wp-json\/wp\/v2\/categories?post=55688"},{"taxonomy":"post_tag","embeddable":true,"href":"https:\/\/ismaelcolosi.com.br\/index.php\/wp-json\/wp\/v2\/tags?post=55688"}],"curies":[{"name":"wp","href":"https:\/\/api.w.org\/{rel}","templated":true}]}}