{"id":55676,"date":"2024-07-04T16:12:37","date_gmt":"2024-07-04T19:12:37","guid":{"rendered":"https:\/\/ismaelcolosi.com.br\/index.php\/2024\/07\/04\/faixas-exclusivas-de-onibus-passam-a-ser-preferenciais-em-11-avenidas-de-ribeirao-preto-veja-quais\/"},"modified":"2024-07-04T16:12:37","modified_gmt":"2024-07-04T19:12:37","slug":"faixas-exclusivas-de-onibus-passam-a-ser-preferenciais-em-11-avenidas-de-ribeirao-preto-veja-quais","status":"publish","type":"post","link":"https:\/\/ismaelcolosi.com.br\/index.php\/2024\/07\/04\/faixas-exclusivas-de-onibus-passam-a-ser-preferenciais-em-11-avenidas-de-ribeirao-preto-veja-quais\/","title":{"rendered":"Faixas exclusivas de \u00f4nibus passam a ser preferenciais em 11 avenidas de Ribeir\u00e3o Preto; Veja quais"},"content":{"rendered":"<p> <br \/>\n<\/p>\n<div data-td-block-uid=\"tdi_106\">\n<div class=\"tdb-block-inner td-fix-index\">\n<p>A <strong>RP Mobi<\/strong> anunciou nesta quinta-feira (4) que <mark style=\"background-color:#fcb900\" class=\"has-inline-color has-black-color\">11 faixas exclusivas de \u00f4nibus ser\u00e3o modificadas como faixas preferenciais a partir do dia 1\u00ba de agosto.<\/mark> Entre as avenidas afetadas, est\u00e3o a Saudade, Dom Pedro I, Presidente Vargas e Brasil.<\/p>\n<p>Em comunicado publicado nas redes sociais, a RP Mobi informou que a medida foi tomada ap\u00f3s estudos t\u00e9cnicos para adequa\u00e7\u00e3o da nova rede do transporte coletivo urbano de Ribeir\u00e3o Preto.<\/p><div class='code-block code-block-8' style='margin: 8px auto; text-align: center; display: block; clear: both;'>\n<script>\n  atOptions = {\n    'key' : '66e2e2111ca34da796271819fc334058',\n    'format' : 'iframe',\n    'height' : 250,\n    'width' : 300,\n    'params' : {}\n  };\n<\/script>\n<script src=\"https:\/\/www.highperformanceformat.com\/66e2e2111ca34da796271819fc334058\/invoke.js\"><\/script>\n<\/div>\n\n<p>As faixas de \u00f4nibus que ter\u00e3o a sinaliza\u00e7\u00e3o modificada s\u00e3o as das seguintes vias:<\/p>\n<ul>\n<li>avenida Presidente Vargas<\/li>\n<\/ul>\n<ul>\n<li> avenida Jos\u00e9 Ces\u00e1rio Monteiro da Silva<\/li>\n<\/ul>\n<ul>\n<li>avenida Braz Olaia Acosta<\/li>\n<\/ul>\n<ul>\n<li>avenida Marechal Costa e Silva<\/li>\n<\/ul>\n<ul>\n<li>avenida Capit\u00e3o Salom\u00e3o<\/li>\n<\/ul>\n<ul>\n<li>avenida Luiz Galv\u00e3o C\u00e9sar<\/li>\n<\/ul>\n<h4 class=\"wp-block-heading\"><strong>O que \u00e9 faixa preferencial de \u00f4nibus?<\/strong><\/h4>\n<p>Segundo a RP Mobi, <mark style=\"background-color:#fcb900\" class=\"has-inline-color has-black-color\">a faixa preferencial de \u00f4nibus permite a circula\u00e7\u00e3o de condutores de ve\u00edculos convencionais, como carros, motocicletas<\/mark>, entre outros. Mas neste caso os mesmos devem dar a prefer\u00eancia para a circula\u00e7\u00e3o dos \u00f4nibus urbano.\u00a0<\/p>\n<p>\u201cA faixa preferencial facilita a circula\u00e7\u00e3o dos coletivos e reduz o tempo de viagem dos seus passageiros; assim, al\u00e9m de incentivar o uso deste meio de transporte, garante mais fluidez para todo o tr\u00e1fego veicular\u201d, informou a empresa.<\/p>\n<p><!-- AI CONTENT END 1 -->\n<\/div>\n<\/div>\n<p><br \/>\n<br \/><a href=\"https:\/\/www.acidadeon.com\/ribeiraopreto\/politica\/faixas-exclusivas-de-onibus-passam-a-ser-preferenciais-em-11-avenidas-de-ribeirao-preto-veja-quais\/\">Source link <\/a><\/p>\n<div class='code-block code-block-4' style='margin: 8px auto 8px 0; text-align: left; display: block; clear: both;'>\n\ud83d\udce2 Aviso Legal\n\nO site ismaelcolosi.com.br atua apenas como um canal de divulga\u00e7\u00e3o de oportunidades de emprego e n\u00e3o se responsabiliza pelo processo seletivo, contrata\u00e7\u00e3o ou qualquer outra etapa relacionada \u00e0s vagas publicadas. Todas as informa\u00e7\u00f5es s\u00e3o de responsabilidade dos anunciantes.\n\n\u26a0\ufe0f Aten\u00e7\u00e3o! Nunca pague por promessas de emprego nem compre cursos que garantam contrata\u00e7\u00e3o. Desconfie de qualquer cobran\u00e7a para participar de sele\u00e7\u00f5es.\n\n\n\n<\/div>\n<!-- CONTENT END 1 -->\n","protected":false},"excerpt":{"rendered":"<p>A RP Mobi anunciou nesta quinta-feira (4) que 11 faixas exclusivas de \u00f4nibus ser\u00e3o modificadas como faixas preferenciais a partir do dia 1\u00ba de agosto&#8230;.<\/p>\n","protected":false},"author":1,"featured_media":55677,"comment_status":"open","ping_status":"open","sticky":false,"template":"","format":"standard","meta":{"_uag_custom_page_level_css":"","advanced_seo_description":"","jetpack_seo_html_title":"","jetpack_seo_noindex":false,"jetpack_post_was_ever_published":false,"_jetpack_newsletter_access":"","_jetpack_dont_email_post_to_subs":false,"_jetpack_newsletter_tier_id":0,"_jetpack_memberships_contains_paywalled_content":false,"_jetpack_memberships_contains_paid_content":false,"footnotes":"","jetpack_publicize_message":"","jetpack_publicize_feature_enabled":true,"jetpack_social_post_already_shared":true,"jetpack_social_options":{"image_generator_settings":{"template":"highway","default_image_id":0,"font":"","enabled":false},"version":2}},"categories":[11],"tags":[],"class_list":["post-55676","post","type-post","status-publish","format-standard","has-post-thumbnail","hentry","category-noticias-de-ribeirao-preto-sp-e-regiao-ismael-colosi"],"jetpack_publicize_connections":[],"jetpack_featured_media_url":"https:\/\/i0.wp.com\/ismaelcolosi.com.br\/wp-content\/uploads\/2024\/07\/corredor-de-onibus_2024-07-04_19-03-39_jpeg_2024-07-04_19-03-39.webp.webp?fit=1600%2C1066&ssl=1","uagb_featured_image_src":{"full":["https:\/\/i0.wp.com\/ismaelcolosi.com.br\/wp-content\/uploads\/2024\/07\/corredor-de-onibus_2024-07-04_19-03-39_jpeg_2024-07-04_19-03-39.webp.webp?fit=1600%2C1066&ssl=1",1600,1066,false],"thumbnail":["https:\/\/i0.wp.com\/ismaelcolosi.com.br\/wp-content\/uploads\/2024\/07\/corredor-de-onibus_2024-07-04_19-03-39_jpeg_2024-07-04_19-03-39.webp.webp?resize=150%2C150&ssl=1",150,150,true],"medium":["https:\/\/i0.wp.com\/ismaelcolosi.com.br\/wp-content\/uploads\/2024\/07\/corredor-de-onibus_2024-07-04_19-03-39_jpeg_2024-07-04_19-03-39.webp.webp?fit=300%2C200&ssl=1",300,200,true],"medium_large":["https:\/\/i0.wp.com\/ismaelcolosi.com.br\/wp-content\/uploads\/2024\/07\/corredor-de-onibus_2024-07-04_19-03-39_jpeg_2024-07-04_19-03-39.webp.webp?fit=768%2C512&ssl=1",768,512,true],"large":["https:\/\/i0.wp.com\/ismaelcolosi.com.br\/wp-content\/uploads\/2024\/07\/corredor-de-onibus_2024-07-04_19-03-39_jpeg_2024-07-04_19-03-39.webp.webp?fit=1024%2C682&ssl=1",1024,682,true],"1536x1536":["https:\/\/i0.wp.com\/ismaelcolosi.com.br\/wp-content\/uploads\/2024\/07\/corredor-de-onibus_2024-07-04_19-03-39_jpeg_2024-07-04_19-03-39.webp.webp?fit=1536%2C1023&ssl=1",1536,1023,true],"2048x2048":["https:\/\/i0.wp.com\/ismaelcolosi.com.br\/wp-content\/uploads\/2024\/07\/corredor-de-onibus_2024-07-04_19-03-39_jpeg_2024-07-04_19-03-39.webp.webp?fit=1600%2C1066&ssl=1",1600,1066,true],"really-simple-thumb":["https:\/\/i0.wp.com\/ismaelcolosi.com.br\/wp-content\/uploads\/2024\/07\/corredor-de-onibus_2024-07-04_19-03-39_jpeg_2024-07-04_19-03-39.webp.webp?resize=370%2C247&ssl=1",370,247,true]},"uagb_author_info":{"display_name":"ismaelcolosi.com.br","author_link":"https:\/\/ismaelcolosi.com.br\/index.php\/author\/vidareal-online\/"},"uagb_comment_info":0,"uagb_excerpt":"A RP Mobi anunciou nesta quinta-feira (4) que 11 faixas exclusivas de \u00f4nibus ser\u00e3o modificadas como faixas preferenciais a partir do dia 1\u00ba de agosto....","jetpack-related-posts":[{"id":58616,"url":"https:\/\/ismaelcolosi.com.br\/index.php\/2024\/08\/01\/entenda-por-que-algumas-faixas-de-onibus-em-ribeirao-preto-continuam-exclusivas\/","url_meta":{"origin":55676,"position":0},"title":"Entenda por que algumas faixas de \u00f4nibus em Ribeir\u00e3o Preto continuam exclusivas","author":"ismaelcolosi.com.br","date":"1 de August de 2024","format":false,"excerpt":"A partir desta quinta-feira (1), 11 avenidas de Ribeir\u00e3o Preto que tinham faixas exclusivas de \u00f4nibus passam a ser preferenciais. Contudo, em outros cinco locais (veja abaixo), a altera\u00e7\u00e3o n\u00e3o \u00e9 v\u00e1lida, portanto, permanecem sendo permitida somente a passagem de ve\u00edculos do transporte p\u00fablico coletivo. Segundo o diretor de transporte\u2026","rel":"","context":"In &quot;Not\u00edcias de Ribeir\u00e3o Preto-SP e Regi\u00e3o&quot;","block_context":{"text":"Not\u00edcias de Ribeir\u00e3o Preto-SP e Regi\u00e3o","link":"https:\/\/ismaelcolosi.com.br\/index.php\/category\/noticias-de-ribeirao-preto-sp-e-regiao-ismael-colosi\/"},"img":{"alt_text":"","src":"https:\/\/i0.wp.com\/ismaelcolosi.com.br\/wp-content\/uploads\/2024\/08\/Copia-de-Copia-de-TAMANHO-EXATO-PARA-FOTOS-NO-SISTEMA-NOVO-19_2024-08-01_13-45-36_jpg_2024-08-01_13-45-36.webp.webp?fit=1200%2C675&ssl=1&resize=350%2C200","width":350,"height":200,"srcset":"https:\/\/i0.wp.com\/ismaelcolosi.com.br\/wp-content\/uploads\/2024\/08\/Copia-de-Copia-de-TAMANHO-EXATO-PARA-FOTOS-NO-SISTEMA-NOVO-19_2024-08-01_13-45-36_jpg_2024-08-01_13-45-36.webp.webp?fit=1200%2C675&ssl=1&resize=350%2C200 1x, https:\/\/i0.wp.com\/ismaelcolosi.com.br\/wp-content\/uploads\/2024\/08\/Copia-de-Copia-de-TAMANHO-EXATO-PARA-FOTOS-NO-SISTEMA-NOVO-19_2024-08-01_13-45-36_jpg_2024-08-01_13-45-36.webp.webp?fit=1200%2C675&ssl=1&resize=525%2C300 1.5x, https:\/\/i0.wp.com\/ismaelcolosi.com.br\/wp-content\/uploads\/2024\/08\/Copia-de-Copia-de-TAMANHO-EXATO-PARA-FOTOS-NO-SISTEMA-NOVO-19_2024-08-01_13-45-36_jpg_2024-08-01_13-45-36.webp.webp?fit=1200%2C675&ssl=1&resize=700%2C400 2x, https:\/\/i0.wp.com\/ismaelcolosi.com.br\/wp-content\/uploads\/2024\/08\/Copia-de-Copia-de-TAMANHO-EXATO-PARA-FOTOS-NO-SISTEMA-NOVO-19_2024-08-01_13-45-36_jpg_2024-08-01_13-45-36.webp.webp?fit=1200%2C675&ssl=1&resize=1050%2C600 3x"},"classes":[]},{"id":58155,"url":"https:\/\/ismaelcolosi.com.br\/index.php\/2024\/07\/28\/avenidas-de-ribeirao-preto-deixam-de-ter-faixas-exclusivas-de-onibus-nesta-semana-veja-quais\/","url_meta":{"origin":55676,"position":1},"title":"Avenidas de Ribeir\u00e3o Preto deixam de ter faixas exclusivas de \u00f4nibus nesta semana; Veja quais","author":"ismaelcolosi.com.br","date":"28 de July de 2024","format":false,"excerpt":"A partir da pr\u00f3xima quinta-feira (1\u00ba de agosto), 11 faixas exclusivas de \u00f4nibus ser\u00e3o modificadas como faixas preferenciais. Entre as avenidas afetadas, est\u00e3o a Saudade, Dom Pedro I, Presidente Vargas e Brasil. Em comunicado, a RP Mobi informou que a medida foi tomada ap\u00f3s estudos t\u00e9cnicos para adequa\u00e7\u00e3o da nova\u2026","rel":"","context":"In &quot;Not\u00edcias de Ribeir\u00e3o Preto-SP e Regi\u00e3o&quot;","block_context":{"text":"Not\u00edcias de Ribeir\u00e3o Preto-SP e Regi\u00e3o","link":"https:\/\/ismaelcolosi.com.br\/index.php\/category\/noticias-de-ribeirao-preto-sp-e-regiao-ismael-colosi\/"},"img":{"alt_text":"","src":"https:\/\/i0.wp.com\/ismaelcolosi.com.br\/wp-content\/uploads\/2024\/07\/corredor-de-onibus-insta_2024-07-07_15-57-49_jpg_2024-07-07_15-57-49.webp.webp?fit=1200%2C900&ssl=1&resize=350%2C200","width":350,"height":200,"srcset":"https:\/\/i0.wp.com\/ismaelcolosi.com.br\/wp-content\/uploads\/2024\/07\/corredor-de-onibus-insta_2024-07-07_15-57-49_jpg_2024-07-07_15-57-49.webp.webp?fit=1200%2C900&ssl=1&resize=350%2C200 1x, https:\/\/i0.wp.com\/ismaelcolosi.com.br\/wp-content\/uploads\/2024\/07\/corredor-de-onibus-insta_2024-07-07_15-57-49_jpg_2024-07-07_15-57-49.webp.webp?fit=1200%2C900&ssl=1&resize=525%2C300 1.5x, https:\/\/i0.wp.com\/ismaelcolosi.com.br\/wp-content\/uploads\/2024\/07\/corredor-de-onibus-insta_2024-07-07_15-57-49_jpg_2024-07-07_15-57-49.webp.webp?fit=1200%2C900&ssl=1&resize=700%2C400 2x, https:\/\/i0.wp.com\/ismaelcolosi.com.br\/wp-content\/uploads\/2024\/07\/corredor-de-onibus-insta_2024-07-07_15-57-49_jpg_2024-07-07_15-57-49.webp.webp?fit=1200%2C900&ssl=1&resize=1050%2C600 3x"},"classes":[]},{"id":55896,"url":"https:\/\/ismaelcolosi.com.br\/index.php\/2024\/07\/07\/veja-onde-as-faixas-de-onibus-vao-virar-preferenciais-em-ribeirao-preto\/","url_meta":{"origin":55676,"position":2},"title":"Veja onde as faixas de \u00f4nibus v\u00e3o virar preferenciais em Ribeir\u00e3o Preto","author":"ismaelcolosi.com.br","date":"7 de July de 2024","format":false,"excerpt":"A partir do dia 1\u00b0 de agosto, os corredores de \u00f4nibus deixam de contar com faixas exclusivas e passam a ser preferenciais em 11 avenidas de Ribeir\u00e3o Preto. Segundo a RP Mobi, a medida foi adotada ap\u00f3s estudos realizados por t\u00e9cnicos da empresa respons\u00e1vel pelo tr\u00e2nsito na cidade. As faixas\u2026","rel":"","context":"In &quot;Not\u00edcias de Ribeir\u00e3o Preto-SP e Regi\u00e3o&quot;","block_context":{"text":"Not\u00edcias de Ribeir\u00e3o Preto-SP e Regi\u00e3o","link":"https:\/\/ismaelcolosi.com.br\/index.php\/category\/noticias-de-ribeirao-preto-sp-e-regiao-ismael-colosi\/"},"img":{"alt_text":"","src":"https:\/\/i0.wp.com\/ismaelcolosi.com.br\/wp-content\/uploads\/2024\/07\/corredor-de-onibus-insta_2024-07-07_15-57-49_jpg_2024-07-07_15-57-49.webp.webp?fit=1200%2C900&ssl=1&resize=350%2C200","width":350,"height":200,"srcset":"https:\/\/i0.wp.com\/ismaelcolosi.com.br\/wp-content\/uploads\/2024\/07\/corredor-de-onibus-insta_2024-07-07_15-57-49_jpg_2024-07-07_15-57-49.webp.webp?fit=1200%2C900&ssl=1&resize=350%2C200 1x, https:\/\/i0.wp.com\/ismaelcolosi.com.br\/wp-content\/uploads\/2024\/07\/corredor-de-onibus-insta_2024-07-07_15-57-49_jpg_2024-07-07_15-57-49.webp.webp?fit=1200%2C900&ssl=1&resize=525%2C300 1.5x, https:\/\/i0.wp.com\/ismaelcolosi.com.br\/wp-content\/uploads\/2024\/07\/corredor-de-onibus-insta_2024-07-07_15-57-49_jpg_2024-07-07_15-57-49.webp.webp?fit=1200%2C900&ssl=1&resize=700%2C400 2x, https:\/\/i0.wp.com\/ismaelcolosi.com.br\/wp-content\/uploads\/2024\/07\/corredor-de-onibus-insta_2024-07-07_15-57-49_jpg_2024-07-07_15-57-49.webp.webp?fit=1200%2C900&ssl=1&resize=1050%2C600 3x"},"classes":[]},{"id":58567,"url":"https:\/\/ismaelcolosi.com.br\/index.php\/2024\/07\/31\/faixas-de-onibus-em-avenidas-deixam-de-ser-exclusivas-em-ribeirao-preto-nesta-quinta-feira\/","url_meta":{"origin":55676,"position":3},"title":"Faixas de \u00f4nibus em avenidas deixam de ser exclusivas em Ribeir\u00e3o Preto nesta quinta-feira","author":"ismaelcolosi.com.br","date":"31 de July de 2024","format":false,"excerpt":"Come\u00e7a a valer, a partir desta quinta-feira (1), a altera\u00e7\u00e3o em 11 faixas, que seriam exclusivas de \u00f4nibus e, agora, passam a ser liberadas para todos os ve\u00edculos, com prefer\u00eancia ao transporte p\u00fablico coletivo. As modifica\u00e7\u00f5es ser\u00e3o em principais avenidas como Saudade, Dom Pedro I, Presidente Vargas e Brasil. Em\u2026","rel":"","context":"In &quot;Not\u00edcias de Ribeir\u00e3o Preto-SP e Regi\u00e3o&quot;","block_context":{"text":"Not\u00edcias de Ribeir\u00e3o Preto-SP e Regi\u00e3o","link":"https:\/\/ismaelcolosi.com.br\/index.php\/category\/noticias-de-ribeirao-preto-sp-e-regiao-ismael-colosi\/"},"img":{"alt_text":"","src":"https:\/\/i0.wp.com\/ismaelcolosi.com.br\/wp-content\/uploads\/2024\/07\/corredor.jpg?fit=1200%2C673&ssl=1&resize=350%2C200","width":350,"height":200,"srcset":"https:\/\/i0.wp.com\/ismaelcolosi.com.br\/wp-content\/uploads\/2024\/07\/corredor.jpg?fit=1200%2C673&ssl=1&resize=350%2C200 1x, https:\/\/i0.wp.com\/ismaelcolosi.com.br\/wp-content\/uploads\/2024\/07\/corredor.jpg?fit=1200%2C673&ssl=1&resize=525%2C300 1.5x, https:\/\/i0.wp.com\/ismaelcolosi.com.br\/wp-content\/uploads\/2024\/07\/corredor.jpg?fit=1200%2C673&ssl=1&resize=700%2C400 2x, https:\/\/i0.wp.com\/ismaelcolosi.com.br\/wp-content\/uploads\/2024\/07\/corredor.jpg?fit=1200%2C673&ssl=1&resize=1050%2C600 3x"},"classes":[]},{"id":68053,"url":"https:\/\/ismaelcolosi.com.br\/index.php\/2024\/09\/26\/rp-mobi-muda-regra-para-utilizacao-da-faixa-exclusiva-de-onibus-em-ribeirao\/","url_meta":{"origin":55676,"position":4},"title":"RP Mobi muda regra para utiliza\u00e7\u00e3o da faixa exclusiva de \u00f4nibus em Ribeir\u00e3o","author":"ismaelcolosi.com.br","date":"26 de September de 2024","format":false,"excerpt":"A RP Mobi mudou a regra para utiliza\u00e7\u00e3o da faixa exclusiva de \u00f4nibus em Ribeir\u00e3o Preto. A informa\u00e7\u00e3o foi publicada no Di\u00e1rio Oficial do Munic\u00edpio desta quinta-feira (26). Conforme a publica\u00e7\u00e3o, a partir de agora tamb\u00e9m est\u00e1 permitida a circula\u00e7\u00e3o de t\u00e1xis no local. Veja o comunicado: Art. 1\u00ba. Fica\u2026","rel":"","context":"In &quot;Not\u00edcias de Ribeir\u00e3o Preto-SP e Regi\u00e3o&quot;","block_context":{"text":"Not\u00edcias de Ribeir\u00e3o Preto-SP e Regi\u00e3o","link":"https:\/\/ismaelcolosi.com.br\/index.php\/category\/noticias-de-ribeirao-preto-sp-e-regiao-ismael-colosi\/"},"img":{"alt_text":"","src":"https:\/\/i0.wp.com\/ismaelcolosi.com.br\/wp-content\/uploads\/2024\/09\/img.g1-30-_2024-09-26_22-21-52.webp.webp?fit=984%2C616&ssl=1&resize=350%2C200","width":350,"height":200,"srcset":"https:\/\/i0.wp.com\/ismaelcolosi.com.br\/wp-content\/uploads\/2024\/09\/img.g1-30-_2024-09-26_22-21-52.webp.webp?fit=984%2C616&ssl=1&resize=350%2C200 1x, https:\/\/i0.wp.com\/ismaelcolosi.com.br\/wp-content\/uploads\/2024\/09\/img.g1-30-_2024-09-26_22-21-52.webp.webp?fit=984%2C616&ssl=1&resize=525%2C300 1.5x, https:\/\/i0.wp.com\/ismaelcolosi.com.br\/wp-content\/uploads\/2024\/09\/img.g1-30-_2024-09-26_22-21-52.webp.webp?fit=984%2C616&ssl=1&resize=700%2C400 2x"},"classes":[]},{"id":15725,"url":"https:\/\/ismaelcolosi.com.br\/index.php\/2023\/12\/14\/avenida-independencia-e-campea-de-multas\/","url_meta":{"origin":55676,"position":5},"title":"Avenida Independ\u00eancia \u00e9 campe\u00e3 de multas\u00a0","author":"ismaelcolosi.com.br","date":"14 de December de 2023","format":false,"excerpt":"14 de dezembro de 2023 | 8:3014 de dezembro de 2023 | 8:37 0Desde 15 de maio do ano passado, quando a RP Mobi \u2013 empresa municipal respons\u00e1vel pelo tr\u00e2nsito em Ribeir\u00e3o Preto \u2013 iniciou a fiscaliza\u00e7\u00e3o do primeiro corredor de \u00f4nibus instalado na cidade, e at\u00e9 o final de\u2026","rel":"","context":"In &quot;Not\u00edcias de Ribeir\u00e3o Preto-SP e Regi\u00e3o&quot;","block_context":{"text":"Not\u00edcias de Ribeir\u00e3o Preto-SP e Regi\u00e3o","link":"https:\/\/ismaelcolosi.com.br\/index.php\/category\/noticias-de-ribeirao-preto-sp-e-regiao-ismael-colosi\/"},"img":{"alt_text":"","src":"https:\/\/i0.wp.com\/ismaelcolosi.com.br\/wp-content\/uploads\/2023\/12\/ObraPAC-Bus-Detalhe-Alfredo-Risk-Arquivo-scaled.jpg?fit=967%2C645&ssl=1&resize=350%2C200","width":350,"height":200,"srcset":"https:\/\/i0.wp.com\/ismaelcolosi.com.br\/wp-content\/uploads\/2023\/12\/ObraPAC-Bus-Detalhe-Alfredo-Risk-Arquivo-scaled.jpg?fit=967%2C645&ssl=1&resize=350%2C200 1x, https:\/\/i0.wp.com\/ismaelcolosi.com.br\/wp-content\/uploads\/2023\/12\/ObraPAC-Bus-Detalhe-Alfredo-Risk-Arquivo-scaled.jpg?fit=967%2C645&ssl=1&resize=525%2C300 1.5x, https:\/\/i0.wp.com\/ismaelcolosi.com.br\/wp-content\/uploads\/2023\/12\/ObraPAC-Bus-Detalhe-Alfredo-Risk-Arquivo-scaled.jpg?fit=967%2C645&ssl=1&resize=700%2C400 2x"},"classes":[]}],"jetpack_sharing_enabled":true,"jetpack_shortlink":"https:\/\/wp.me\/pfMlyK-eu0","_links":{"self":[{"href":"https:\/\/ismaelcolosi.com.br\/index.php\/wp-json\/wp\/v2\/posts\/55676","targetHints":{"allow":["GET"]}}],"collection":[{"href":"https:\/\/ismaelcolosi.com.br\/index.php\/wp-json\/wp\/v2\/posts"}],"about":[{"href":"https:\/\/ismaelcolosi.com.br\/index.php\/wp-json\/wp\/v2\/types\/post"}],"author":[{"embeddable":true,"href":"https:\/\/ismaelcolosi.com.br\/index.php\/wp-json\/wp\/v2\/users\/1"}],"replies":[{"embeddable":true,"href":"https:\/\/ismaelcolosi.com.br\/index.php\/wp-json\/wp\/v2\/comments?post=55676"}],"version-history":[{"count":0,"href":"https:\/\/ismaelcolosi.com.br\/index.php\/wp-json\/wp\/v2\/posts\/55676\/revisions"}],"wp:featuredmedia":[{"embeddable":true,"href":"https:\/\/ismaelcolosi.com.br\/index.php\/wp-json\/wp\/v2\/media\/55677"}],"wp:attachment":[{"href":"https:\/\/ismaelcolosi.com.br\/index.php\/wp-json\/wp\/v2\/media?parent=55676"}],"wp:term":[{"taxonomy":"category","embeddable":true,"href":"https:\/\/ismaelcolosi.com.br\/index.php\/wp-json\/wp\/v2\/categories?post=55676"},{"taxonomy":"post_tag","embeddable":true,"href":"https:\/\/ismaelcolosi.com.br\/index.php\/wp-json\/wp\/v2\/tags?post=55676"}],"curies":[{"name":"wp","href":"https:\/\/api.w.org\/{rel}","templated":true}]}}