{"id":55662,"date":"2024-07-04T14:35:50","date_gmt":"2024-07-04T17:35:50","guid":{"rendered":"https:\/\/ismaelcolosi.com.br\/index.php\/2024\/07\/04\/caso-wesley-veja-o-que-se-sabe-sobre-desaparecimento-apos-novas-denuncias\/"},"modified":"2024-07-04T14:35:50","modified_gmt":"2024-07-04T17:35:50","slug":"caso-wesley-veja-o-que-se-sabe-sobre-desaparecimento-apos-novas-denuncias","status":"publish","type":"post","link":"https:\/\/ismaelcolosi.com.br\/index.php\/2024\/07\/04\/caso-wesley-veja-o-que-se-sabe-sobre-desaparecimento-apos-novas-denuncias\/","title":{"rendered":"Caso Wesley: Veja o que se sabe sobre desaparecimento ap\u00f3s novas den\u00fancias"},"content":{"rendered":"<p> <br \/>\n<\/p>\n<div>\n<p><strong>O homem acusado de matar o adolescente Wesley Pires Alves Filho se apresentou \u00e0 Pol\u00edcia Civil nesta quarta-feira (3), em Franca, na regi\u00e3o de Ribeir\u00e3o Preto.<\/strong> O <strong>garoto <\/strong>tinha <strong>13 anos<\/strong> quando <strong>despareceu<\/strong>, em <strong>agosto <\/strong>de <strong>2020<\/strong>. <mark style=\"background-color:#fcb900\" class=\"has-inline-color has-black-color\">O caso ganhou repercuss\u00e3o nacional.<\/mark><\/p>\n<p>Nesta ter\u00e7a-feira (2), a <strong>pol\u00edcia <\/strong>realizou <strong>buscas <\/strong>pelo <strong>adolescente<\/strong>, depois que a <strong>mulher <\/strong>denunciou o <strong>homem<\/strong>, que \u00e9 seu <strong>ex-marido<\/strong>, por <mark style=\"background-color:#fcb900\" class=\"has-inline-color has-black-color\">suspeita de estupro e morte do adolescente.<\/mark><\/p><div class='code-block code-block-8' style='margin: 8px auto; text-align: center; display: block; clear: both;'>\n<script>\n  atOptions = {\n    'key' : '66e2e2111ca34da796271819fc334058',\n    'format' : 'iframe',\n    'height' : 250,\n    'width' : 300,\n    'params' : {}\n  };\n<\/script>\n<script src=\"https:\/\/www.highperformanceformat.com\/66e2e2111ca34da796271819fc334058\/invoke.js\"><\/script>\n<\/div>\n\n<h4 class=\"wp-block-heading\"><strong>Buscas sem sucesso<\/strong><\/h4>\n<p>As <strong>buscas<\/strong>, por\u00e9m, foram encerradas por equipes do <strong>Corpo de Bombeiros<\/strong> e da <strong>pol\u00edcia <\/strong><mark style=\"background-color:#fcb900\" class=\"has-inline-color has-black-color\">sem encontrar vest\u00edgios do corpo de Wesley.<\/mark><\/p>\n<p>Em maio deste ano, a <strong>mulher <\/strong>teria procurado a pol\u00edcia, ap\u00f3s os filhos, de 9 e 10 anos, terem relatado que sofreram <strong>abuso sexual <\/strong>por parte do <strong>pai<\/strong>, que \u00e9 <strong>gar\u00e7om<\/strong>. <\/p>\n<p>Na semana passada, a <strong>mulher <\/strong>voltou a procurou a <strong>pol\u00edcia <\/strong>para dizer que tinha <strong>novas informa\u00e7\u00f5es <\/strong>sobre o paradeiro de <strong>Wesley<\/strong>.<\/p>\n<p><mark style=\"background-color:#fcb900\" class=\"has-inline-color has-black-color\">Ela relatou \u00e0s autoridades que o filho mais novo disse que o pai teria estuprado e matado o adolescente em 2020.<\/mark><\/p>\n<h4 class=\"wp-block-heading\"><strong>O que diz o acusado<\/strong><\/h4>\n<p>O homem negou \u00e0 <strong>Pol\u00edcia Civil<\/strong> as <strong>acusa\u00e7\u00f5es <\/strong>feitas pela <strong>ex-mulher<\/strong>, inclusive contra os <strong>filhos<\/strong>. Ele, por\u00e9m, perdeu a guarda de um dos filhos. <\/p>\n<p><mark style=\"background-color:#fcb900\" class=\"has-inline-color has-black-color\">O delegado Gabriel Fernando, respons\u00e1vel pelas investiga\u00e7\u00f5es, informou que, por enquanto, n\u00e3o dever\u00e1 pedir a pris\u00e3o do gar\u00e7om.<\/mark><\/p>\n<h4 class=\"wp-block-heading\"><strong>Desaparecimento<\/strong><\/h4>\n<p>O <strong>adolescente Wesley Pires Alves Filho desapareceu<\/strong> no dia <strong>28 de agosto de 2020<\/strong>, ap\u00f3s deixar a casa da fam\u00edlia para ir a um <strong>varej\u00e3o<\/strong>, no <strong>Jardim Aeroporto I<\/strong>, em <strong>Franca<\/strong>.<\/p>\n<p>O \u00faltimo registro dele foi feito por <strong>c\u00e2meras de seguran\u00e7a<\/strong> ao lado da <strong>rodovia Ronan Rocha<\/strong>, quando o garoto empurrava uma <strong>bicicleta <\/strong>em dire\u00e7\u00e3o a <strong>Patroc\u00ednio Paulista<\/strong>.<\/p>\n<p>SAIBA MAIS<\/p>\n<p>Intensa onda de frio tem data para chegar; Confira a previs\u00e3o no estado de SP<\/p>\n<h4 class=\"wp-block-heading\"><strong>FIQUE ON<\/strong><\/h4>\n<p>Fique ligado em tudo que acontece em Ribeir\u00e3o Preto e regi\u00e3o. Siga os perfis do<strong>\u00a0acidade on<\/strong>\u00a0no<a href=\"https:\/\/www.instagram.com\/acidadeonribeirao\" target=\"_blank\" rel=\"noreferrer noopener\">\u00a0Instagram\u00a0<\/a>e no\u00a0<a href=\"https:\/\/www.facebook.com\/acidadeonribeirao\/\" target=\"_blank\" rel=\"noreferrer noopener\">Facebook<\/a>.<\/p>\n<p>Receba not\u00edcias do\u00a0<strong>acidade on<\/strong>\u00a0no WhatsApp.\u00a0<a href=\"https:\/\/chat.whatsapp.com\/CdrZ6xrf7quD44Vw3WlPuZ\" target=\"_blank\" rel=\"noreferrer noopener\">Para entrar no grupo, basta clicar aqui.<\/a><\/p>\n<p>Fa\u00e7a uma den\u00fancia ou sugira uma reportagem sobre Ribeir\u00e3o Preto e regi\u00e3o pelo WhatsApp: 16 99117 7802.<\/p>\n<p>VEJA TAMB\u00c9M<\/p>\n<p>Onde \u00e9 feriado em 9 de julho?<\/p>\n<p><!-- AI CONTENT END 1 -->\n<\/div>\n<p><script async src=\"\/\/www.instagram.com\/embed.js\"><\/script><br \/>\n<br \/><br \/>\n<br \/><a href=\"https:\/\/www.acidadeon.com\/ribeiraopreto\/cotidiano\/caso-wesley-veja-o-que-se-sabe-sobre-desaparecimento-apos-novas-denuncias\/\">Source link <\/a><\/p>\n<div class='code-block code-block-4' style='margin: 8px auto 8px 0; text-align: left; display: block; clear: both;'>\n\ud83d\udce2 Aviso Legal\n\nO site ismaelcolosi.com.br atua apenas como um canal de divulga\u00e7\u00e3o de oportunidades de emprego e n\u00e3o se responsabiliza pelo processo seletivo, contrata\u00e7\u00e3o ou qualquer outra etapa relacionada \u00e0s vagas publicadas. Todas as informa\u00e7\u00f5es s\u00e3o de responsabilidade dos anunciantes.\n\n\u26a0\ufe0f Aten\u00e7\u00e3o! Nunca pague por promessas de emprego nem compre cursos que garantam contrata\u00e7\u00e3o. Desconfie de qualquer cobran\u00e7a para participar de sele\u00e7\u00f5es.\n\n\n\n<\/div>\n<!-- CONTENT END 1 -->\n","protected":false},"excerpt":{"rendered":"<p>O homem acusado de matar o adolescente Wesley Pires Alves Filho se apresentou \u00e0 Pol\u00edcia Civil nesta quarta-feira (3), em Franca, na regi\u00e3o de Ribeir\u00e3o&#8230;<\/p>\n","protected":false},"author":1,"featured_media":55663,"comment_status":"open","ping_status":"open","sticky":false,"template":"","format":"standard","meta":{"_uag_custom_page_level_css":"","advanced_seo_description":"","jetpack_seo_html_title":"","jetpack_seo_noindex":false,"jetpack_post_was_ever_published":false,"_jetpack_newsletter_access":"","_jetpack_dont_email_post_to_subs":false,"_jetpack_newsletter_tier_id":0,"_jetpack_memberships_contains_paywalled_content":false,"_jetpack_memberships_contains_paid_content":false,"footnotes":"","jetpack_publicize_message":"","jetpack_publicize_feature_enabled":true,"jetpack_social_post_already_shared":true,"jetpack_social_options":{"image_generator_settings":{"template":"highway","default_image_id":0,"font":"","enabled":false},"version":2}},"categories":[11],"tags":[],"class_list":["post-55662","post","type-post","status-publish","format-standard","has-post-thumbnail","hentry","category-noticias-de-ribeirao-preto-sp-e-regiao-ismael-colosi"],"jetpack_publicize_connections":[],"jetpack_featured_media_url":"https:\/\/i0.wp.com\/ismaelcolosi.com.br\/wp-content\/uploads\/2024\/07\/wesley_desaparecido_1024x576_09062021121034.jpg?fit=1024%2C576&ssl=1","uagb_featured_image_src":{"full":["https:\/\/i0.wp.com\/ismaelcolosi.com.br\/wp-content\/uploads\/2024\/07\/wesley_desaparecido_1024x576_09062021121034.jpg?fit=1024%2C576&ssl=1",1024,576,false],"thumbnail":["https:\/\/i0.wp.com\/ismaelcolosi.com.br\/wp-content\/uploads\/2024\/07\/wesley_desaparecido_1024x576_09062021121034.jpg?resize=150%2C150&ssl=1",150,150,true],"medium":["https:\/\/i0.wp.com\/ismaelcolosi.com.br\/wp-content\/uploads\/2024\/07\/wesley_desaparecido_1024x576_09062021121034.jpg?fit=300%2C169&ssl=1",300,169,true],"medium_large":["https:\/\/i0.wp.com\/ismaelcolosi.com.br\/wp-content\/uploads\/2024\/07\/wesley_desaparecido_1024x576_09062021121034.jpg?fit=768%2C432&ssl=1",768,432,true],"large":["https:\/\/i0.wp.com\/ismaelcolosi.com.br\/wp-content\/uploads\/2024\/07\/wesley_desaparecido_1024x576_09062021121034.jpg?fit=1024%2C576&ssl=1",1024,576,true],"1536x1536":["https:\/\/i0.wp.com\/ismaelcolosi.com.br\/wp-content\/uploads\/2024\/07\/wesley_desaparecido_1024x576_09062021121034.jpg?fit=1024%2C576&ssl=1",1024,576,true],"2048x2048":["https:\/\/i0.wp.com\/ismaelcolosi.com.br\/wp-content\/uploads\/2024\/07\/wesley_desaparecido_1024x576_09062021121034.jpg?fit=1024%2C576&ssl=1",1024,576,true],"really-simple-thumb":["https:\/\/i0.wp.com\/ismaelcolosi.com.br\/wp-content\/uploads\/2024\/07\/wesley_desaparecido_1024x576_09062021121034.jpg?resize=370%2C247&ssl=1",370,247,true]},"uagb_author_info":{"display_name":"ismaelcolosi.com.br","author_link":"https:\/\/ismaelcolosi.com.br\/index.php\/author\/vidareal-online\/"},"uagb_comment_info":0,"uagb_excerpt":"O homem acusado de matar o adolescente Wesley Pires Alves Filho se apresentou \u00e0 Pol\u00edcia Civil nesta quarta-feira (3), em Franca, na regi\u00e3o de Ribeir\u00e3o...","jetpack-related-posts":[{"id":55400,"url":"https:\/\/ismaelcolosi.com.br\/index.php\/2024\/07\/02\/caso-wesley-policia-recebe-novas-informacoes-e-faz-buscas-pelo-garoto-que-desapareceu-em-2020\/","url_meta":{"origin":55662,"position":0},"title":"Caso Wesley: Pol\u00edcia recebe novas informa\u00e7\u00f5es e faz buscas pelo garoto que desapareceu em 2020","author":"ismaelcolosi.com.br","date":"2 de July de 2024","format":false,"excerpt":"A Pol\u00edcia Civil realizou, nesta ter\u00e7a-feira (2), novas buscas pelo garoto Wesley Pires Alves Filho, que desapareceu quando tinha 13 anos, em Franca, cidade na regi\u00e3o de Ribeir\u00e3o Preto. A a\u00e7\u00e3o foi realizada ap\u00f3s uma mulher denunciar seu ex-marido pela suspeita de estupro e morte do adolescente, visto pela \u00faltima\u2026","rel":"","context":"In &quot;Not\u00edcias de Ribeir\u00e3o Preto-SP e Regi\u00e3o&quot;","block_context":{"text":"Not\u00edcias de Ribeir\u00e3o Preto-SP e Regi\u00e3o","link":"https:\/\/ismaelcolosi.com.br\/index.php\/category\/noticias-de-ribeirao-preto-sp-e-regiao-ismael-colosi\/"},"img":{"alt_text":"","src":"https:\/\/i0.wp.com\/ismaelcolosi.com.br\/wp-content\/uploads\/2024\/07\/wesley_franca_1024x576_03092020100119.jpg?fit=1024%2C576&ssl=1&resize=350%2C200","width":350,"height":200,"srcset":"https:\/\/i0.wp.com\/ismaelcolosi.com.br\/wp-content\/uploads\/2024\/07\/wesley_franca_1024x576_03092020100119.jpg?fit=1024%2C576&ssl=1&resize=350%2C200 1x, https:\/\/i0.wp.com\/ismaelcolosi.com.br\/wp-content\/uploads\/2024\/07\/wesley_franca_1024x576_03092020100119.jpg?fit=1024%2C576&ssl=1&resize=525%2C300 1.5x, https:\/\/i0.wp.com\/ismaelcolosi.com.br\/wp-content\/uploads\/2024\/07\/wesley_franca_1024x576_03092020100119.jpg?fit=1024%2C576&ssl=1&resize=700%2C400 2x"},"classes":[]},{"id":52854,"url":"https:\/\/ismaelcolosi.com.br\/index.php\/2024\/06\/11\/policia-investiga-estupro-de-adolescente-a-caminho-de-escola-na-regiao-de-ribeirao-preto\/","url_meta":{"origin":55662,"position":1},"title":"Pol\u00edcia investiga estupro de adolescente a caminho de escola na regi\u00e3o de Ribeir\u00e3o Preto","author":"ismaelcolosi.com.br","date":"11 de June de 2024","format":false,"excerpt":"A Pol\u00edcia Civil investiga o estupro de uma adolescente de 16 anos no in\u00edcio da manh\u00e3 desta segunda-feira (10), quando seguia para escola em Luis Ant\u00f4nio, cidade a aproximadamente 50 quil\u00f4metros de Ribeir\u00e3o Preto. Segundo o boletim de ocorr\u00eancia (BO), a v\u00edtima relatou que um homem aparentemente com 25 anos\u2026","rel":"","context":"In &quot;Not\u00edcias de Ribeir\u00e3o Preto-SP e Regi\u00e3o&quot;","block_context":{"text":"Not\u00edcias de Ribeir\u00e3o Preto-SP e Regi\u00e3o","link":"https:\/\/ismaelcolosi.com.br\/index.php\/category\/noticias-de-ribeirao-preto-sp-e-regiao-ismael-colosi\/"},"img":{"alt_text":"","src":"https:\/\/i0.wp.com\/ismaelcolosi.com.br\/wp-content\/uploads\/2024\/06\/53408978572_b00e8879d4_k.jpg?fit=1200%2C800&ssl=1&resize=350%2C200","width":350,"height":200,"srcset":"https:\/\/i0.wp.com\/ismaelcolosi.com.br\/wp-content\/uploads\/2024\/06\/53408978572_b00e8879d4_k.jpg?fit=1200%2C800&ssl=1&resize=350%2C200 1x, https:\/\/i0.wp.com\/ismaelcolosi.com.br\/wp-content\/uploads\/2024\/06\/53408978572_b00e8879d4_k.jpg?fit=1200%2C800&ssl=1&resize=525%2C300 1.5x, https:\/\/i0.wp.com\/ismaelcolosi.com.br\/wp-content\/uploads\/2024\/06\/53408978572_b00e8879d4_k.jpg?fit=1200%2C800&ssl=1&resize=700%2C400 2x, https:\/\/i0.wp.com\/ismaelcolosi.com.br\/wp-content\/uploads\/2024\/06\/53408978572_b00e8879d4_k.jpg?fit=1200%2C800&ssl=1&resize=1050%2C600 3x"},"classes":[]},{"id":8778,"url":"https:\/\/ismaelcolosi.com.br\/index.php\/2023\/11\/30\/adolescente-desaparece-em-rio-de-cidade-na-regiao-de-ribeirao-preto\/","url_meta":{"origin":55662,"position":2},"title":"Adolescente desaparece em rio de cidade na regi\u00e3o de Ribeir\u00e3o Preto","author":"ismaelcolosi.com.br","date":"30 de November de 2023","format":false,"excerpt":"Um adolescente de 14 anos desapareceu no rio Mogi Gua\u00e7u, em Barrinha, cidade da regi\u00e3o de Ribeir\u00e3o Preto, na tarde desta quinta-feira (30). De acordo com as primeiras informa\u00e7\u00f5es, o jovem estaria nadando quando desapareceu no rio. Viaturas do Corpo de Bombeiros, Defesa Civil e Pol\u00edcia Militar est\u00e3o no local\u2026","rel":"","context":"In &quot;Not\u00edcias de Ribeir\u00e3o Preto-SP e Regi\u00e3o&quot;","block_context":{"text":"Not\u00edcias de Ribeir\u00e3o Preto-SP e Regi\u00e3o","link":"https:\/\/ismaelcolosi.com.br\/index.php\/category\/noticias-de-ribeirao-preto-sp-e-regiao-ismael-colosi\/"},"img":{"alt_text":"","src":"https:\/\/i0.wp.com\/ismaelcolosi.com.br\/wp-content\/uploads\/2023\/11\/Copia-de-Copia-de-TAMANHO-EXATO-PARA-FOTOS-NO-SISTEMA-NOVO-5.png?fit=1200%2C675&ssl=1&resize=350%2C200","width":350,"height":200,"srcset":"https:\/\/i0.wp.com\/ismaelcolosi.com.br\/wp-content\/uploads\/2023\/11\/Copia-de-Copia-de-TAMANHO-EXATO-PARA-FOTOS-NO-SISTEMA-NOVO-5.png?fit=1200%2C675&ssl=1&resize=350%2C200 1x, https:\/\/i0.wp.com\/ismaelcolosi.com.br\/wp-content\/uploads\/2023\/11\/Copia-de-Copia-de-TAMANHO-EXATO-PARA-FOTOS-NO-SISTEMA-NOVO-5.png?fit=1200%2C675&ssl=1&resize=525%2C300 1.5x, https:\/\/i0.wp.com\/ismaelcolosi.com.br\/wp-content\/uploads\/2023\/11\/Copia-de-Copia-de-TAMANHO-EXATO-PARA-FOTOS-NO-SISTEMA-NOVO-5.png?fit=1200%2C675&ssl=1&resize=700%2C400 2x, https:\/\/i0.wp.com\/ismaelcolosi.com.br\/wp-content\/uploads\/2023\/11\/Copia-de-Copia-de-TAMANHO-EXATO-PARA-FOTOS-NO-SISTEMA-NOVO-5.png?fit=1200%2C675&ssl=1&resize=1050%2C600 3x"},"classes":[]},{"id":11048,"url":"https:\/\/ismaelcolosi.com.br\/index.php\/2023\/12\/05\/corpo-de-adolescente-desaparecido-em-rio-e-encontrado-apos-5-dias-na-regiao\/","url_meta":{"origin":55662,"position":3},"title":"Corpo de adolescente desaparecido em rio \u00e9 encontrado ap\u00f3s 5 dias na regi\u00e3o","author":"ismaelcolosi.com.br","date":"5 de December de 2023","format":false,"excerpt":"Foi encontrado nesta ter\u00e7a-feira (5) o corpo do adolescente de 14 anos que desapareceu no rio Mogi Gua\u00e7u, em Barrinha, na regi\u00e3o de Ribeir\u00e3o Preto, na \u00faltima quinta-feira (30). A v\u00edtima estava nadando com amigos, pr\u00f3ximo da ponte velha de Barrinha, quando sumiu. Segundo a Defesa Civil de Barrinha, que\u2026","rel":"","context":"In &quot;Not\u00edcias de Ribeir\u00e3o Preto-SP e Regi\u00e3o&quot;","block_context":{"text":"Not\u00edcias de Ribeir\u00e3o Preto-SP e Regi\u00e3o","link":"https:\/\/ismaelcolosi.com.br\/index.php\/category\/noticias-de-ribeirao-preto-sp-e-regiao-ismael-colosi\/"},"img":{"alt_text":"","src":"https:\/\/i0.wp.com\/ismaelcolosi.com.br\/wp-content\/uploads\/2023\/12\/rio-mogi-guacu.jpeg?fit=1200%2C675&ssl=1&resize=350%2C200","width":350,"height":200,"srcset":"https:\/\/i0.wp.com\/ismaelcolosi.com.br\/wp-content\/uploads\/2023\/12\/rio-mogi-guacu.jpeg?fit=1200%2C675&ssl=1&resize=350%2C200 1x, https:\/\/i0.wp.com\/ismaelcolosi.com.br\/wp-content\/uploads\/2023\/12\/rio-mogi-guacu.jpeg?fit=1200%2C675&ssl=1&resize=525%2C300 1.5x, https:\/\/i0.wp.com\/ismaelcolosi.com.br\/wp-content\/uploads\/2023\/12\/rio-mogi-guacu.jpeg?fit=1200%2C675&ssl=1&resize=700%2C400 2x, https:\/\/i0.wp.com\/ismaelcolosi.com.br\/wp-content\/uploads\/2023\/12\/rio-mogi-guacu.jpeg?fit=1200%2C675&ssl=1&resize=1050%2C600 3x"},"classes":[]},{"id":55072,"url":"https:\/\/ismaelcolosi.com.br\/index.php\/2024\/06\/30\/pm-e-preso-apos-balear-adolescente-durante-confusao-na-regiao-de-ribeirao-preto\/","url_meta":{"origin":55662,"position":4},"title":"PM \u00e9 preso ap\u00f3s balear adolescente durante confus\u00e3o na regi\u00e3o de Ribeir\u00e3o Preto","author":"ismaelcolosi.com.br","date":"30 de June de 2024","format":false,"excerpt":"Um policial militar de 26 anos foi preso na noite desta sexta-feira (29), ap\u00f3s balear um adolescente durante uma confus\u00e3o em Brodowski, na regi\u00e3o de Ribeir\u00e3o Preto. Segundo o boletim de ocorr\u00eancia (BO), o policial teria ter\u00e1 tentado defender o pai em uma briga com um homem contratado para montar\u2026","rel":"","context":"In &quot;Not\u00edcias de Ribeir\u00e3o Preto-SP e Regi\u00e3o&quot;","block_context":{"text":"Not\u00edcias de Ribeir\u00e3o Preto-SP e Regi\u00e3o","link":"https:\/\/ismaelcolosi.com.br\/index.php\/category\/noticias-de-ribeirao-preto-sp-e-regiao-ismael-colosi\/"},"img":{"alt_text":"","src":"https:\/\/i0.wp.com\/ismaelcolosi.com.br\/wp-content\/uploads\/2024\/06\/1719758968_20220620_114539075_policia_qru_1024x576_25052021184749_jpg_715985292.jpg?fit=1200%2C606&ssl=1&resize=350%2C200","width":350,"height":200,"srcset":"https:\/\/i0.wp.com\/ismaelcolosi.com.br\/wp-content\/uploads\/2024\/06\/1719758968_20220620_114539075_policia_qru_1024x576_25052021184749_jpg_715985292.jpg?fit=1200%2C606&ssl=1&resize=350%2C200 1x, https:\/\/i0.wp.com\/ismaelcolosi.com.br\/wp-content\/uploads\/2024\/06\/1719758968_20220620_114539075_policia_qru_1024x576_25052021184749_jpg_715985292.jpg?fit=1200%2C606&ssl=1&resize=525%2C300 1.5x, https:\/\/i0.wp.com\/ismaelcolosi.com.br\/wp-content\/uploads\/2024\/06\/1719758968_20220620_114539075_policia_qru_1024x576_25052021184749_jpg_715985292.jpg?fit=1200%2C606&ssl=1&resize=700%2C400 2x, https:\/\/i0.wp.com\/ismaelcolosi.com.br\/wp-content\/uploads\/2024\/06\/1719758968_20220620_114539075_policia_qru_1024x576_25052021184749_jpg_715985292.jpg?fit=1200%2C606&ssl=1&resize=1050%2C600 3x"},"classes":[]},{"id":65875,"url":"https:\/\/ismaelcolosi.com.br\/index.php\/2024\/09\/14\/homem-morre-e-adolescente-fica-em-estado-grave-apos-acidente-em-ribeirao-preto\/","url_meta":{"origin":55662,"position":5},"title":"Homem morre e adolescente fica em estado grave ap\u00f3s acidente em Ribeir\u00e3o Preto","author":"ismaelcolosi.com.br","date":"14 de September de 2024","format":false,"excerpt":"Um homem de 23 anos morreu ap\u00f3s a moto que ele pilotava ter colidido contra um poste na avenida Eduardo Andrea Matarazzo, a Via Norte, em Ribeir\u00e3o Preto, na noite da \u00faltima sexta-feira (23). Uma adolescente de 16 anos que estava com a v\u00edtima foi socorrida em estado grave para\u2026","rel":"","context":"In &quot;Not\u00edcias de Ribeir\u00e3o Preto-SP e Regi\u00e3o&quot;","block_context":{"text":"Not\u00edcias de Ribeir\u00e3o Preto-SP e Regi\u00e3o","link":"https:\/\/ismaelcolosi.com.br\/index.php\/category\/noticias-de-ribeirao-preto-sp-e-regiao-ismael-colosi\/"},"img":{"alt_text":"","src":"https:\/\/i0.wp.com\/ismaelcolosi.com.br\/wp-content\/uploads\/2024\/09\/1726326403_cpj_1024x576_04082020121137.jpg?fit=1024%2C575&ssl=1&resize=350%2C200","width":350,"height":200,"srcset":"https:\/\/i0.wp.com\/ismaelcolosi.com.br\/wp-content\/uploads\/2024\/09\/1726326403_cpj_1024x576_04082020121137.jpg?fit=1024%2C575&ssl=1&resize=350%2C200 1x, https:\/\/i0.wp.com\/ismaelcolosi.com.br\/wp-content\/uploads\/2024\/09\/1726326403_cpj_1024x576_04082020121137.jpg?fit=1024%2C575&ssl=1&resize=525%2C300 1.5x, https:\/\/i0.wp.com\/ismaelcolosi.com.br\/wp-content\/uploads\/2024\/09\/1726326403_cpj_1024x576_04082020121137.jpg?fit=1024%2C575&ssl=1&resize=700%2C400 2x"},"classes":[]}],"jetpack_sharing_enabled":true,"jetpack_shortlink":"https:\/\/wp.me\/pfMlyK-etM","_links":{"self":[{"href":"https:\/\/ismaelcolosi.com.br\/index.php\/wp-json\/wp\/v2\/posts\/55662","targetHints":{"allow":["GET"]}}],"collection":[{"href":"https:\/\/ismaelcolosi.com.br\/index.php\/wp-json\/wp\/v2\/posts"}],"about":[{"href":"https:\/\/ismaelcolosi.com.br\/index.php\/wp-json\/wp\/v2\/types\/post"}],"author":[{"embeddable":true,"href":"https:\/\/ismaelcolosi.com.br\/index.php\/wp-json\/wp\/v2\/users\/1"}],"replies":[{"embeddable":true,"href":"https:\/\/ismaelcolosi.com.br\/index.php\/wp-json\/wp\/v2\/comments?post=55662"}],"version-history":[{"count":0,"href":"https:\/\/ismaelcolosi.com.br\/index.php\/wp-json\/wp\/v2\/posts\/55662\/revisions"}],"wp:featuredmedia":[{"embeddable":true,"href":"https:\/\/ismaelcolosi.com.br\/index.php\/wp-json\/wp\/v2\/media\/55663"}],"wp:attachment":[{"href":"https:\/\/ismaelcolosi.com.br\/index.php\/wp-json\/wp\/v2\/media?parent=55662"}],"wp:term":[{"taxonomy":"category","embeddable":true,"href":"https:\/\/ismaelcolosi.com.br\/index.php\/wp-json\/wp\/v2\/categories?post=55662"},{"taxonomy":"post_tag","embeddable":true,"href":"https:\/\/ismaelcolosi.com.br\/index.php\/wp-json\/wp\/v2\/tags?post=55662"}],"curies":[{"name":"wp","href":"https:\/\/api.w.org\/{rel}","templated":true}]}}