{"id":55569,"date":"2024-07-04T08:05:03","date_gmt":"2024-07-04T11:05:03","guid":{"rendered":"https:\/\/ismaelcolosi.com.br\/index.php\/2024\/07\/04\/intensa-onda-de-frio-tem-data-para-chegar-confira-a-previsao-no-estado-de-sp\/"},"modified":"2024-07-04T08:05:03","modified_gmt":"2024-07-04T11:05:03","slug":"intensa-onda-de-frio-tem-data-para-chegar-confira-a-previsao-no-estado-de-sp","status":"publish","type":"post","link":"https:\/\/ismaelcolosi.com.br\/index.php\/2024\/07\/04\/intensa-onda-de-frio-tem-data-para-chegar-confira-a-previsao-no-estado-de-sp\/","title":{"rendered":"Intensa onda de frio tem data para chegar; Confira a previs\u00e3o no estado de SP"},"content":{"rendered":"<p> <br \/>\n<\/p>\n<div data-td-block-uid=\"tdi_106\">\n<div class=\"tdb-block-inner td-fix-index\">\n<p><strong>Uma intensa massa de ar polar est\u00e1 prevista para atingir o Brasil em julho.<\/strong><\/p>\n<p>Segundo a <a href=\"https:\/\/www.tempo.com\/\" target=\"_blank\" rel=\"noreferrer noopener\">Meteored<\/a>, <mark style=\"background-color:#fcb900\" class=\"has-inline-color has-black-color\">o modelo europeu ECMWF aponta que uma onda de frio ser\u00e1 destaque ainda nesta primeira quinzena do m\u00eas em boa parte do pa\u00eds.<\/mark><\/p><div class='code-block code-block-8' style='margin: 8px auto; text-align: center; display: block; clear: both;'>\n<script>\n  atOptions = {\n    'key' : '66e2e2111ca34da796271819fc334058',\n    'format' : 'iframe',\n    'height' : 250,\n    'width' : 300,\n    'params' : {}\n  };\n<\/script>\n<script src=\"https:\/\/www.highperformanceformat.com\/66e2e2111ca34da796271819fc334058\/invoke.js\"><\/script>\n<\/div>\n\n<blockquote class=\"wp-block-quote\">\n<p>\u201cA tend\u00eancia \u00e9 que isso aconte\u00e7a nos pr\u00f3ximos dias, com\u00a0o frio atingindo o sul ga\u00facho j\u00e1 neste s\u00e1bado (6) e depois avan\u00e7ando mais pelo pa\u00eds. O frio tende a se espalhar e se intensificar sobre o Brasil no decorrer da semana que vem, principalmente a partir de meados da semana com o avan\u00e7o da onda de frio de maneira continental gerando alto risco para geadas com potencial para danos em lavouras de caf\u00e9 e de milho, isso sem falar das hortali\u00e7as que mais sens\u00edveis\u201d<\/p>\n<p><cite>Meteored<\/cite><\/p><\/blockquote>\n<h4 class=\"wp-block-heading\"><strong>Frio no estado de S\u00e3o Paulo?<\/strong><\/h4>\n<p>A <strong>meteorologia <\/strong>aponta um <strong>frio <\/strong>mais <strong>intenso <\/strong>na <strong>regi\u00e3o Sul <\/strong>do <strong>Brasil<\/strong>.<\/p>\n<p>Por\u00e9m, <mark style=\"background-color:#fcb900\" class=\"has-inline-color has-black-color\">\u00e1reas ao Sul nos estados de Mato Grosso do Sul e de S\u00e3o Paulo poder\u00e3o receber influ\u00eancia desta intensa massa de ar polar no fim de semana de 13 de julho.<\/mark><\/p>\n<p>Nos pr\u00f3ximos dias, por enquanto, uma <strong>massa de ar seco <\/strong>inibe a <strong>forma\u00e7\u00e3o <\/strong>de <strong>nebulosidade <\/strong>e a ocorr\u00eancia de <strong>chuva <\/strong>no <strong>interior paulista<\/strong>.<\/p>\n<p>SAIBA MAIS<\/p>\n<p>Ribeir\u00e3o inicia novos testes com \u00f4nibus el\u00e9tricos; Veja linhas onde os ve\u00edculos est\u00e3o circulando<\/p>\n<h4 class=\"wp-block-heading\"><strong>FIQUE ON<\/strong><\/h4>\n<p>Fique ligado em tudo que acontece em Ribeir\u00e3o Preto e regi\u00e3o. Siga os perfis do<strong>\u00a0acidade on<\/strong>\u00a0no<a href=\"https:\/\/www.instagram.com\/acidadeonribeirao\" target=\"_blank\" rel=\"noreferrer noopener\">\u00a0Instagram\u00a0<\/a>e no\u00a0<a href=\"https:\/\/www.facebook.com\/acidadeonribeirao\/\" target=\"_blank\" rel=\"noreferrer noopener\">Facebook<\/a>.<\/p>\n<p>Receba not\u00edcias do\u00a0<strong>acidade on<\/strong>\u00a0no WhatsApp.\u00a0<a href=\"https:\/\/chat.whatsapp.com\/CdrZ6xrf7quD44Vw3WlPuZ\" target=\"_blank\" rel=\"noreferrer noopener\">Para entrar no grupo, basta clicar aqui.<\/a><\/p>\n<p>Fa\u00e7a uma den\u00fancia ou sugira uma reportagem sobre Ribeir\u00e3o Preto e regi\u00e3o pelo WhatsApp: 16 99117 7802.<\/p>\n<p>VEJA TAMB\u00c9M<\/p>\n<p>Onde \u00e9 feriado em 9 de julho?<\/p>\n<p><!-- AI CONTENT END 1 -->\n<\/div>\n<\/div>\n<p><script async src=\"\/\/www.instagram.com\/embed.js\"><\/script><br \/>\n<br \/><br \/>\n<br \/><a href=\"https:\/\/www.acidadeon.com\/ribeiraopreto\/cotidiano\/intensa-onda-de-frio-tem-data-para-chegar-confira-a-previsao-no-estado-de-sp\/\">Source link <\/a><\/p>\n<div class='code-block code-block-4' style='margin: 8px auto 8px 0; text-align: left; display: block; clear: both;'>\n\ud83d\udce2 Aviso Legal\n\nO site ismaelcolosi.com.br atua apenas como um canal de divulga\u00e7\u00e3o de oportunidades de emprego e n\u00e3o se responsabiliza pelo processo seletivo, contrata\u00e7\u00e3o ou qualquer outra etapa relacionada \u00e0s vagas publicadas. Todas as informa\u00e7\u00f5es s\u00e3o de responsabilidade dos anunciantes.\n\n\u26a0\ufe0f Aten\u00e7\u00e3o! Nunca pague por promessas de emprego nem compre cursos que garantam contrata\u00e7\u00e3o. Desconfie de qualquer cobran\u00e7a para participar de sele\u00e7\u00f5es.\n\n\n\n<\/div>\n<!-- CONTENT END 1 -->\n","protected":false},"excerpt":{"rendered":"<p>Uma intensa massa de ar polar est\u00e1 prevista para atingir o Brasil em julho. Segundo a Meteored, o modelo europeu ECMWF aponta que uma onda&#8230;<\/p>\n","protected":false},"author":1,"featured_media":51785,"comment_status":"open","ping_status":"open","sticky":false,"template":"","format":"standard","meta":{"_uag_custom_page_level_css":"","advanced_seo_description":"","jetpack_seo_html_title":"","jetpack_seo_noindex":false,"jetpack_post_was_ever_published":false,"_jetpack_newsletter_access":"","_jetpack_dont_email_post_to_subs":false,"_jetpack_newsletter_tier_id":0,"_jetpack_memberships_contains_paywalled_content":false,"_jetpack_memberships_contains_paid_content":false,"footnotes":"","jetpack_publicize_message":"","jetpack_publicize_feature_enabled":true,"jetpack_social_post_already_shared":true,"jetpack_social_options":{"image_generator_settings":{"template":"highway","default_image_id":0,"font":"","enabled":false},"version":2}},"categories":[11],"tags":[],"class_list":["post-55569","post","type-post","status-publish","format-standard","has-post-thumbnail","hentry","category-noticias-de-ribeirao-preto-sp-e-regiao-ismael-colosi"],"jetpack_publicize_connections":[],"jetpack_featured_media_url":"https:\/\/i0.wp.com\/ismaelcolosi.com.br\/wp-content\/uploads\/2024\/05\/FRIO_2024-05-31_10-28-23_jpg_2024-05-31_10-28-23.webp.webp?fit=2000%2C1571&ssl=1","uagb_featured_image_src":{"full":["https:\/\/i0.wp.com\/ismaelcolosi.com.br\/wp-content\/uploads\/2024\/05\/FRIO_2024-05-31_10-28-23_jpg_2024-05-31_10-28-23.webp.webp?fit=2000%2C1571&ssl=1",2000,1571,false],"thumbnail":["https:\/\/i0.wp.com\/ismaelcolosi.com.br\/wp-content\/uploads\/2024\/05\/FRIO_2024-05-31_10-28-23_jpg_2024-05-31_10-28-23.webp.webp?resize=150%2C150&ssl=1",150,150,true],"medium":["https:\/\/i0.wp.com\/ismaelcolosi.com.br\/wp-content\/uploads\/2024\/05\/FRIO_2024-05-31_10-28-23_jpg_2024-05-31_10-28-23.webp.webp?fit=300%2C236&ssl=1",300,236,true],"medium_large":["https:\/\/i0.wp.com\/ismaelcolosi.com.br\/wp-content\/uploads\/2024\/05\/FRIO_2024-05-31_10-28-23_jpg_2024-05-31_10-28-23.webp.webp?fit=768%2C603&ssl=1",768,603,true],"large":["https:\/\/i0.wp.com\/ismaelcolosi.com.br\/wp-content\/uploads\/2024\/05\/FRIO_2024-05-31_10-28-23_jpg_2024-05-31_10-28-23.webp.webp?fit=1024%2C804&ssl=1",1024,804,true],"1536x1536":["https:\/\/i0.wp.com\/ismaelcolosi.com.br\/wp-content\/uploads\/2024\/05\/FRIO_2024-05-31_10-28-23_jpg_2024-05-31_10-28-23.webp.webp?fit=1536%2C1207&ssl=1",1536,1207,true],"2048x2048":["https:\/\/i0.wp.com\/ismaelcolosi.com.br\/wp-content\/uploads\/2024\/05\/FRIO_2024-05-31_10-28-23_jpg_2024-05-31_10-28-23.webp.webp?fit=2000%2C1571&ssl=1",2000,1571,true],"really-simple-thumb":["https:\/\/i0.wp.com\/ismaelcolosi.com.br\/wp-content\/uploads\/2024\/05\/FRIO_2024-05-31_10-28-23_jpg_2024-05-31_10-28-23.webp.webp?resize=370%2C247&ssl=1",370,247,true]},"uagb_author_info":{"display_name":"ismaelcolosi.com.br","author_link":"https:\/\/ismaelcolosi.com.br\/index.php\/author\/vidareal-online\/"},"uagb_comment_info":0,"uagb_excerpt":"Uma intensa massa de ar polar est\u00e1 prevista para atingir o Brasil em julho. Segundo a Meteored, o modelo europeu ECMWF aponta que uma onda...","jetpack-related-posts":[{"id":57728,"url":"https:\/\/ismaelcolosi.com.br\/index.php\/2024\/07\/24\/nova-onda-de-frio-queda-nas-temperaturas-pode-atingir-estado-de-sp-veja-data\/","url_meta":{"origin":55569,"position":0},"title":"Nova onda de frio? Queda nas temperaturas pode atingir estado de SP; Veja data","author":"ismaelcolosi.com.br","date":"24 de July de 2024","format":false,"excerpt":"Uma frente fria mais intensa poder\u00e1 ter potencial para quebrar o padr\u00e3o de bloqueio atmosf\u00e9rico no Centro-Sul do Brasil. Segundo a Meteored, a previs\u00e3o de chegada deste sistema \u00e9 entre os dias 30 e 31 de julho. A Meteored diz que o modelo ECMWF aponta que as temperaturas dever\u00e3o despencar\u2026","rel":"","context":"In &quot;Not\u00edcias de Ribeir\u00e3o Preto-SP e Regi\u00e3o&quot;","block_context":{"text":"Not\u00edcias de Ribeir\u00e3o Preto-SP e Regi\u00e3o","link":"https:\/\/ismaelcolosi.com.br\/index.php\/category\/noticias-de-ribeirao-preto-sp-e-regiao-ismael-colosi\/"},"img":{"alt_text":"","src":"https:\/\/i0.wp.com\/ismaelcolosi.com.br\/wp-content\/uploads\/2024\/07\/DefesaCivildeSoPauloemitealertadebaixastemperaturasVejaapreviso_Tamanho_2_image.jpg?fit=1200%2C900&ssl=1&resize=350%2C200","width":350,"height":200,"srcset":"https:\/\/i0.wp.com\/ismaelcolosi.com.br\/wp-content\/uploads\/2024\/07\/DefesaCivildeSoPauloemitealertadebaixastemperaturasVejaapreviso_Tamanho_2_image.jpg?fit=1200%2C900&ssl=1&resize=350%2C200 1x, https:\/\/i0.wp.com\/ismaelcolosi.com.br\/wp-content\/uploads\/2024\/07\/DefesaCivildeSoPauloemitealertadebaixastemperaturasVejaapreviso_Tamanho_2_image.jpg?fit=1200%2C900&ssl=1&resize=525%2C300 1.5x, https:\/\/i0.wp.com\/ismaelcolosi.com.br\/wp-content\/uploads\/2024\/07\/DefesaCivildeSoPauloemitealertadebaixastemperaturasVejaapreviso_Tamanho_2_image.jpg?fit=1200%2C900&ssl=1&resize=700%2C400 2x, https:\/\/i0.wp.com\/ismaelcolosi.com.br\/wp-content\/uploads\/2024\/07\/DefesaCivildeSoPauloemitealertadebaixastemperaturasVejaapreviso_Tamanho_2_image.jpg?fit=1200%2C900&ssl=1&resize=1050%2C600 3x"},"classes":[]},{"id":51686,"url":"https:\/\/ismaelcolosi.com.br\/index.php\/2024\/05\/29\/onda-de-frio-deve-provocar-temperaturas-ainda-mais-baixas-no-interior-de-sp-veja-a-previsao\/","url_meta":{"origin":55569,"position":1},"title":"Onda de frio deve provocar temperaturas ainda mais baixas no interior de SP; Veja a previs\u00e3o","author":"ismaelcolosi.com.br","date":"29 de May de 2024","format":false,"excerpt":"A frente fria que chegou ao interior do estado de S\u00e3o Paulo deve fazer com que as temperaturas caiam ainda mais nesta quinta-feira (30), feriado de Corpus Christi, e pode causar geada em algumas regi\u00f5es. De acordo com a meteorologia, a segunda onda de frio deste ano come\u00e7ou a atingir\u2026","rel":"","context":"In &quot;Not\u00edcias de Ribeir\u00e3o Preto-SP e Regi\u00e3o&quot;","block_context":{"text":"Not\u00edcias de Ribeir\u00e3o Preto-SP e Regi\u00e3o","link":"https:\/\/ismaelcolosi.com.br\/index.php\/category\/noticias-de-ribeirao-preto-sp-e-regiao-ismael-colosi\/"},"img":{"alt_text":"","src":"https:\/\/i0.wp.com\/ismaelcolosi.com.br\/wp-content\/uploads\/2024\/05\/frente_fria_-_foto_guilherme_sircili_5.jpg_231334169.png?fit=600%2C400&ssl=1&resize=350%2C200","width":350,"height":200,"srcset":"https:\/\/i0.wp.com\/ismaelcolosi.com.br\/wp-content\/uploads\/2024\/05\/frente_fria_-_foto_guilherme_sircili_5.jpg_231334169.png?fit=600%2C400&ssl=1&resize=350%2C200 1x, https:\/\/i0.wp.com\/ismaelcolosi.com.br\/wp-content\/uploads\/2024\/05\/frente_fria_-_foto_guilherme_sircili_5.jpg_231334169.png?fit=600%2C400&ssl=1&resize=525%2C300 1.5x"},"classes":[]},{"id":54254,"url":"https:\/\/ismaelcolosi.com.br\/index.php\/2024\/06\/24\/tres-massas-de-ar-frio-sao-previstas-no-inicio-do-inverno-veja-as-temperaturas-no-interior-de-sp\/","url_meta":{"origin":55569,"position":2},"title":"Tr\u00eas massas de ar frio s\u00e3o previstas no in\u00edcio do inverno; Veja as temperaturas no interior de SP","author":"ismaelcolosi.com.br","date":"24 de June de 2024","format":false,"excerpt":"O in\u00edcio do inverno pode ser marcado pelo avan\u00e7o de tr\u00eas massas de ar frio em sequ\u00eancia nesta semana. Segundo a Meteored, a primeira delas pode levar chuvas e refresco ao Leste do estado de S\u00e3o Paulo j\u00e1 nesta ter\u00e7a-feira (25). Ainda conforme a Meteored, a partir de quarta-feira (26),\u2026","rel":"","context":"In &quot;Not\u00edcias de Ribeir\u00e3o Preto-SP e Regi\u00e3o&quot;","block_context":{"text":"Not\u00edcias de Ribeir\u00e3o Preto-SP e Regi\u00e3o","link":"https:\/\/ismaelcolosi.com.br\/index.php\/category\/noticias-de-ribeirao-preto-sp-e-regiao-ismael-colosi\/"},"img":{"alt_text":"","src":"https:\/\/i0.wp.com\/ismaelcolosi.com.br\/wp-content\/uploads\/2024\/06\/frio_blusa_1200x675_20052022064557.jpg?fit=1200%2C675&ssl=1&resize=350%2C200","width":350,"height":200,"srcset":"https:\/\/i0.wp.com\/ismaelcolosi.com.br\/wp-content\/uploads\/2024\/06\/frio_blusa_1200x675_20052022064557.jpg?fit=1200%2C675&ssl=1&resize=350%2C200 1x, https:\/\/i0.wp.com\/ismaelcolosi.com.br\/wp-content\/uploads\/2024\/06\/frio_blusa_1200x675_20052022064557.jpg?fit=1200%2C675&ssl=1&resize=525%2C300 1.5x, https:\/\/i0.wp.com\/ismaelcolosi.com.br\/wp-content\/uploads\/2024\/06\/frio_blusa_1200x675_20052022064557.jpg?fit=1200%2C675&ssl=1&resize=700%2C400 2x, https:\/\/i0.wp.com\/ismaelcolosi.com.br\/wp-content\/uploads\/2024\/06\/frio_blusa_1200x675_20052022064557.jpg?fit=1200%2C675&ssl=1&resize=1050%2C600 3x"},"classes":[]},{"id":65589,"url":"https:\/\/ismaelcolosi.com.br\/index.php\/2024\/09\/12\/frente-fria-traz-de-volta-a-chuva-e-a-sensacao-de-frio-veja-previsao\/","url_meta":{"origin":55569,"position":3},"title":"Frente fria traz de volta a chuva e a sensa\u00e7\u00e3o de frio; Veja previs\u00e3o","author":"ismaelcolosi.com.br","date":"12 de September de 2024","format":false,"excerpt":"Uma nova frente fria atingir\u00e1 o Centro-Oeste e parte do Sudeste do Brasil durante os pr\u00f3ximos dias, de acordo com os meteorologistas. Esse cen\u00e1rio vai trazer chuvas e uma queda nas temperaturas que v\u00e3o aliviar a estiagem e a onda de calor em alguns munic\u00edpios. Contudo, o sistema n\u00e3o ser\u00e1\u2026","rel":"","context":"In &quot;Not\u00edcias de Ribeir\u00e3o Preto-SP e Regi\u00e3o&quot;","block_context":{"text":"Not\u00edcias de Ribeir\u00e3o Preto-SP e Regi\u00e3o","link":"https:\/\/ismaelcolosi.com.br\/index.php\/category\/noticias-de-ribeirao-preto-sp-e-regiao-ismael-colosi\/"},"img":{"alt_text":"","src":"https:\/\/i0.wp.com\/ismaelcolosi.com.br\/wp-content\/uploads\/2024\/07\/frio-df_mcamgo_abr_110820221818-4_2024-07-08_17-50-52_jpg_2024-07-08_17-50-54-scaled.webp.webp?fit=1200%2C800&ssl=1&resize=350%2C200","width":350,"height":200,"srcset":"https:\/\/i0.wp.com\/ismaelcolosi.com.br\/wp-content\/uploads\/2024\/07\/frio-df_mcamgo_abr_110820221818-4_2024-07-08_17-50-52_jpg_2024-07-08_17-50-54-scaled.webp.webp?fit=1200%2C800&ssl=1&resize=350%2C200 1x, https:\/\/i0.wp.com\/ismaelcolosi.com.br\/wp-content\/uploads\/2024\/07\/frio-df_mcamgo_abr_110820221818-4_2024-07-08_17-50-52_jpg_2024-07-08_17-50-54-scaled.webp.webp?fit=1200%2C800&ssl=1&resize=525%2C300 1.5x, https:\/\/i0.wp.com\/ismaelcolosi.com.br\/wp-content\/uploads\/2024\/07\/frio-df_mcamgo_abr_110820221818-4_2024-07-08_17-50-52_jpg_2024-07-08_17-50-54-scaled.webp.webp?fit=1200%2C800&ssl=1&resize=700%2C400 2x, https:\/\/i0.wp.com\/ismaelcolosi.com.br\/wp-content\/uploads\/2024\/07\/frio-df_mcamgo_abr_110820221818-4_2024-07-08_17-50-52_jpg_2024-07-08_17-50-54-scaled.webp.webp?fit=1200%2C800&ssl=1&resize=1050%2C600 3x"},"classes":[]},{"id":54240,"url":"https:\/\/ismaelcolosi.com.br\/index.php\/2024\/06\/23\/primeira-massa-de-ar-frio-do-inverno-pode-atingir-o-estado-de-sp-veja-quando\/","url_meta":{"origin":55569,"position":4},"title":"Primeira massa de ar frio do inverno pode atingir o estado de SP; Veja quando","author":"ismaelcolosi.com.br","date":"23 de June de 2024","format":false,"excerpt":"A primeira massa de ar frio do inverno, que come\u00e7ou na \u00faltima quinta-feira (20), j\u00e1 tem data para chegar ao estado de S\u00e3o Paulo, de acordo com a meteorologia. Uma nova frente fria se formou atrav\u00e9s de duas \u00e1reas de baixa press\u00e3o atmosf\u00e9rica neste final de semana, contudo, esse sistema\u2026","rel":"","context":"In &quot;Not\u00edcias de Ribeir\u00e3o Preto-SP e Regi\u00e3o&quot;","block_context":{"text":"Not\u00edcias de Ribeir\u00e3o Preto-SP e Regi\u00e3o","link":"https:\/\/ismaelcolosi.com.br\/index.php\/category\/noticias-de-ribeirao-preto-sp-e-regiao-ismael-colosi\/"},"img":{"alt_text":"","src":"https:\/\/i0.wp.com\/ismaelcolosi.com.br\/wp-content\/uploads\/2024\/04\/AnyConv.com__frio.webp.webp?fit=1200%2C800&ssl=1&resize=350%2C200","width":350,"height":200,"srcset":"https:\/\/i0.wp.com\/ismaelcolosi.com.br\/wp-content\/uploads\/2024\/04\/AnyConv.com__frio.webp.webp?fit=1200%2C800&ssl=1&resize=350%2C200 1x, https:\/\/i0.wp.com\/ismaelcolosi.com.br\/wp-content\/uploads\/2024\/04\/AnyConv.com__frio.webp.webp?fit=1200%2C800&ssl=1&resize=525%2C300 1.5x, https:\/\/i0.wp.com\/ismaelcolosi.com.br\/wp-content\/uploads\/2024\/04\/AnyConv.com__frio.webp.webp?fit=1200%2C800&ssl=1&resize=700%2C400 2x, https:\/\/i0.wp.com\/ismaelcolosi.com.br\/wp-content\/uploads\/2024\/04\/AnyConv.com__frio.webp.webp?fit=1200%2C800&ssl=1&resize=1050%2C600 3x"},"classes":[]},{"id":58124,"url":"https:\/\/ismaelcolosi.com.br\/index.php\/2024\/07\/28\/defesa-civil-de-sao-paulo-publica-alerta-de-ventos-fortes-frente-fria-esta-chegando\/","url_meta":{"origin":55569,"position":5},"title":"Defesa Civil de S\u00e3o Paulo publica alerta de ventos fortes; frente fria est\u00e1 chegando","author":"ismaelcolosi.com.br","date":"28 de July de 2024","format":false,"excerpt":"A Defesa Civil do Estado de S\u00e3o Paulo publicou um alerta de ventos fortes para todo o litoral paulista. O aviso \u00e9 v\u00e1lido para o per\u00edodo entre segunda-feira (29) e ter\u00e7a-feira (30). Segundo aviso, as rajadas de vento poder\u00e3o chegar em 75 km\/h. \u201cRecomendamos aten\u00e7\u00e3o \u00e0s \u00e1reas mais vulner\u00e1veis\u201d, informa\u2026","rel":"","context":"In &quot;Not\u00edcias de Ribeir\u00e3o Preto-SP e Regi\u00e3o&quot;","block_context":{"text":"Not\u00edcias de Ribeir\u00e3o Preto-SP e Regi\u00e3o","link":"https:\/\/ismaelcolosi.com.br\/index.php\/category\/noticias-de-ribeirao-preto-sp-e-regiao-ismael-colosi\/"},"img":{"alt_text":"","src":"https:\/\/i0.wp.com\/ismaelcolosi.com.br\/wp-content\/uploads\/2024\/07\/WhatsApp-Image-2024-01-14-at-10.08.20.jpeg?fit=1200%2C900&ssl=1&resize=350%2C200","width":350,"height":200,"srcset":"https:\/\/i0.wp.com\/ismaelcolosi.com.br\/wp-content\/uploads\/2024\/07\/WhatsApp-Image-2024-01-14-at-10.08.20.jpeg?fit=1200%2C900&ssl=1&resize=350%2C200 1x, https:\/\/i0.wp.com\/ismaelcolosi.com.br\/wp-content\/uploads\/2024\/07\/WhatsApp-Image-2024-01-14-at-10.08.20.jpeg?fit=1200%2C900&ssl=1&resize=525%2C300 1.5x, https:\/\/i0.wp.com\/ismaelcolosi.com.br\/wp-content\/uploads\/2024\/07\/WhatsApp-Image-2024-01-14-at-10.08.20.jpeg?fit=1200%2C900&ssl=1&resize=700%2C400 2x, https:\/\/i0.wp.com\/ismaelcolosi.com.br\/wp-content\/uploads\/2024\/07\/WhatsApp-Image-2024-01-14-at-10.08.20.jpeg?fit=1200%2C900&ssl=1&resize=1050%2C600 3x"},"classes":[]}],"jetpack_sharing_enabled":true,"jetpack_shortlink":"https:\/\/wp.me\/pfMlyK-esh","_links":{"self":[{"href":"https:\/\/ismaelcolosi.com.br\/index.php\/wp-json\/wp\/v2\/posts\/55569","targetHints":{"allow":["GET"]}}],"collection":[{"href":"https:\/\/ismaelcolosi.com.br\/index.php\/wp-json\/wp\/v2\/posts"}],"about":[{"href":"https:\/\/ismaelcolosi.com.br\/index.php\/wp-json\/wp\/v2\/types\/post"}],"author":[{"embeddable":true,"href":"https:\/\/ismaelcolosi.com.br\/index.php\/wp-json\/wp\/v2\/users\/1"}],"replies":[{"embeddable":true,"href":"https:\/\/ismaelcolosi.com.br\/index.php\/wp-json\/wp\/v2\/comments?post=55569"}],"version-history":[{"count":0,"href":"https:\/\/ismaelcolosi.com.br\/index.php\/wp-json\/wp\/v2\/posts\/55569\/revisions"}],"wp:featuredmedia":[{"embeddable":true,"href":"https:\/\/ismaelcolosi.com.br\/index.php\/wp-json\/wp\/v2\/media\/51785"}],"wp:attachment":[{"href":"https:\/\/ismaelcolosi.com.br\/index.php\/wp-json\/wp\/v2\/media?parent=55569"}],"wp:term":[{"taxonomy":"category","embeddable":true,"href":"https:\/\/ismaelcolosi.com.br\/index.php\/wp-json\/wp\/v2\/categories?post=55569"},{"taxonomy":"post_tag","embeddable":true,"href":"https:\/\/ismaelcolosi.com.br\/index.php\/wp-json\/wp\/v2\/tags?post=55569"}],"curies":[{"name":"wp","href":"https:\/\/api.w.org\/{rel}","templated":true}]}}