{"id":55478,"date":"2024-07-03T12:39:14","date_gmt":"2024-07-03T15:39:14","guid":{"rendered":"https:\/\/ismaelcolosi.com.br\/index.php\/2024\/07\/03\/medico-agredido-em-upa-de-ribeirao-preto-tem-alta-de-hospital\/"},"modified":"2024-07-03T12:39:14","modified_gmt":"2024-07-03T15:39:14","slug":"medico-agredido-em-upa-de-ribeirao-preto-tem-alta-de-hospital","status":"publish","type":"post","link":"https:\/\/ismaelcolosi.com.br\/index.php\/2024\/07\/03\/medico-agredido-em-upa-de-ribeirao-preto-tem-alta-de-hospital\/","title":{"rendered":"M\u00e9dico agredido em UPA de Ribeir\u00e3o Preto tem alta de hospital"},"content":{"rendered":"<p> <br \/>\n<\/p>\n<div data-td-block-uid=\"tdi_106\">\n<div class=\"tdb-block-inner td-fix-index\">\n<p><strong>O m\u00e9dico agredido com socos e chutes durante o trabalho no \u00faltimo s\u00e1bado (29), na UPA Norte, em Ribeir\u00e3o Preto, teve alta e deixou o hospital.<\/strong><\/p>\n<p><mark style=\"background-color:#fcb900\" class=\"has-inline-color has-black-color\">A Secretaria Municipal da Sa\u00fade de Ribeir\u00e3o informou que o profissional passa bem.<\/mark><\/p><div class='code-block code-block-8' style='margin: 8px auto; text-align: center; display: block; clear: both;'>\n<script>\n  atOptions = {\n    'key' : '66e2e2111ca34da796271819fc334058',\n    'format' : 'iframe',\n    'height' : 250,\n    'width' : 300,\n    'params' : {}\n  };\n<\/script>\n<script src=\"https:\/\/www.highperformanceformat.com\/66e2e2111ca34da796271819fc334058\/invoke.js\"><\/script>\n<\/div>\n\n<p>O <strong>m\u00e9dico <\/strong>prestava <strong>atendimento <\/strong>a uma <strong>paciente idosa <\/strong>na <strong>sala <\/strong>de <strong>urg\u00eancia <\/strong>da <strong>UPA<\/strong>, quando <mark style=\"background-color:#fcb900\" class=\"has-inline-color has-black-color\">duas pessoas invadiram o local e houve a agress\u00e3o, depois que o profissional pediu para que elas se retirassem.<\/mark><\/p>\n<p>A <a href=\"https:\/\/www.ribeiraopreto.sp.gov.br\/portal\/saude\/\" target=\"_blank\" rel=\"noreferrer noopener\">Secretaria Municipal da Sa\u00fade de Ribeir\u00e3o<\/a> <strong>lamentou <\/strong>a <strong>agress\u00e3o <\/strong>e informou que a <strong>Funda\u00e7\u00e3o Hospital Santa Lydia<\/strong>, que \u00e9 a gestora das UPAs, abriu uma <strong>sindic\u00e2ncia <\/strong>interna para apurar o caso e que um <strong>boletim de ocorr\u00eancia<\/strong> seria registrado.<\/p>\n<p>O <strong>Centro M\u00e9dico de Ribeir\u00e3o Preto<\/strong> tamb\u00e9m <strong>repudiou <\/strong>a <strong>agress\u00e3o<\/strong>.<\/p>\n<p>SAIBA MAIS<\/p>\n<p>M\u00e9dico agredido em UPA de Ribeir\u00e3o Preto tem quadro de sa\u00fade est\u00e1vel<\/p>\n<h4 class=\"wp-block-heading\"><strong>FIQUE ON<\/strong><\/h4>\n<p>Fique ligado em tudo que acontece em Ribeir\u00e3o Preto e regi\u00e3o. Siga os perfis do\u00a0<strong>acidade on<\/strong>\u00a0no Instagram e no Facebook.<\/p>\n<p>Receba not\u00edcias do\u00a0<strong>acidade on<\/strong>\u00a0no WhatsApp.<a href=\"https:\/\/chat.whatsapp.com\/CdrZ6xrf7quD44Vw3WlPuZ\" target=\"_blank\" rel=\"noreferrer noopener\">\u00a0Para entrar no grupo, basta clicar aqui.<\/a><\/p>\n<p>Fa\u00e7a uma den\u00fancia ou sugira uma reportagem sobre Ribeir\u00e3o Preto e regi\u00e3o pelo WhatsApp: 16 99117 7802.<\/p>\n<p>VEJA TAMB\u00c9M<\/p>\n<p>Qual empresa comprar\u00e1 a Sabesp?<\/p>\n<p><!-- AI CONTENT END 1 -->\n<\/div>\n<\/div>\n<p><br \/>\n<br \/><a href=\"https:\/\/www.acidadeon.com\/ribeiraopreto\/cotidiano\/medico-agredido-em-upa-de-ribeirao-preto-tem-alta-de-hospital\/\">Source link <\/a><\/p>\n<div class='code-block code-block-4' style='margin: 8px auto 8px 0; text-align: left; display: block; clear: both;'>\n\ud83d\udce2 Aviso Legal\n\nO site ismaelcolosi.com.br atua apenas como um canal de divulga\u00e7\u00e3o de oportunidades de emprego e n\u00e3o se responsabiliza pelo processo seletivo, contrata\u00e7\u00e3o ou qualquer outra etapa relacionada \u00e0s vagas publicadas. Todas as informa\u00e7\u00f5es s\u00e3o de responsabilidade dos anunciantes.\n\n\u26a0\ufe0f Aten\u00e7\u00e3o! Nunca pague por promessas de emprego nem compre cursos que garantam contrata\u00e7\u00e3o. Desconfie de qualquer cobran\u00e7a para participar de sele\u00e7\u00f5es.\n\n\n\n<\/div>\n<!-- CONTENT END 1 -->\n","protected":false},"excerpt":{"rendered":"<p>O m\u00e9dico agredido com socos e chutes durante o trabalho no \u00faltimo s\u00e1bado (29), na UPA Norte, em Ribeir\u00e3o Preto, teve alta e deixou o&#8230;<\/p>\n","protected":false},"author":1,"featured_media":55479,"comment_status":"open","ping_status":"open","sticky":false,"template":"","format":"standard","meta":{"_uag_custom_page_level_css":"","advanced_seo_description":"","jetpack_seo_html_title":"","jetpack_seo_noindex":false,"jetpack_post_was_ever_published":false,"_jetpack_newsletter_access":"","_jetpack_dont_email_post_to_subs":false,"_jetpack_newsletter_tier_id":0,"_jetpack_memberships_contains_paywalled_content":false,"_jetpack_memberships_contains_paid_content":false,"footnotes":"","jetpack_publicize_message":"","jetpack_publicize_feature_enabled":true,"jetpack_social_post_already_shared":true,"jetpack_social_options":{"image_generator_settings":{"template":"highway","default_image_id":0,"font":"","enabled":false},"version":2}},"categories":[11],"tags":[],"class_list":["post-55478","post","type-post","status-publish","format-standard","has-post-thumbnail","hentry","category-noticias-de-ribeirao-preto-sp-e-regiao-ismael-colosi"],"jetpack_publicize_connections":[],"jetpack_featured_media_url":"https:\/\/i0.wp.com\/ismaelcolosi.com.br\/wp-content\/uploads\/2024\/07\/upa-norte-em-ribeirao-preto.jpg?fit=1620%2C1080&ssl=1","uagb_featured_image_src":{"full":["https:\/\/i0.wp.com\/ismaelcolosi.com.br\/wp-content\/uploads\/2024\/07\/upa-norte-em-ribeirao-preto.jpg?fit=1620%2C1080&ssl=1",1620,1080,false],"thumbnail":["https:\/\/i0.wp.com\/ismaelcolosi.com.br\/wp-content\/uploads\/2024\/07\/upa-norte-em-ribeirao-preto.jpg?resize=150%2C150&ssl=1",150,150,true],"medium":["https:\/\/i0.wp.com\/ismaelcolosi.com.br\/wp-content\/uploads\/2024\/07\/upa-norte-em-ribeirao-preto.jpg?fit=300%2C200&ssl=1",300,200,true],"medium_large":["https:\/\/i0.wp.com\/ismaelcolosi.com.br\/wp-content\/uploads\/2024\/07\/upa-norte-em-ribeirao-preto.jpg?fit=768%2C512&ssl=1",768,512,true],"large":["https:\/\/i0.wp.com\/ismaelcolosi.com.br\/wp-content\/uploads\/2024\/07\/upa-norte-em-ribeirao-preto.jpg?fit=1024%2C683&ssl=1",1024,683,true],"1536x1536":["https:\/\/i0.wp.com\/ismaelcolosi.com.br\/wp-content\/uploads\/2024\/07\/upa-norte-em-ribeirao-preto.jpg?fit=1536%2C1024&ssl=1",1536,1024,true],"2048x2048":["https:\/\/i0.wp.com\/ismaelcolosi.com.br\/wp-content\/uploads\/2024\/07\/upa-norte-em-ribeirao-preto.jpg?fit=1620%2C1080&ssl=1",1620,1080,true],"really-simple-thumb":["https:\/\/i0.wp.com\/ismaelcolosi.com.br\/wp-content\/uploads\/2024\/07\/upa-norte-em-ribeirao-preto.jpg?resize=370%2C247&ssl=1",370,247,true]},"uagb_author_info":{"display_name":"ismaelcolosi.com.br","author_link":"https:\/\/ismaelcolosi.com.br\/index.php\/author\/vidareal-online\/"},"uagb_comment_info":0,"uagb_excerpt":"O m\u00e9dico agredido com socos e chutes durante o trabalho no \u00faltimo s\u00e1bado (29), na UPA Norte, em Ribeir\u00e3o Preto, teve alta e deixou o...","jetpack-related-posts":[{"id":55194,"url":"https:\/\/ismaelcolosi.com.br\/index.php\/2024\/07\/01\/medico-agredido-em-upa-de-ribeirao-preto-tem-quadro-de-saude-estavel\/","url_meta":{"origin":55478,"position":0},"title":"M\u00e9dico agredido em UPA de Ribeir\u00e3o Preto tem quadro de sa\u00fade est\u00e1vel","author":"ismaelcolosi.com.br","date":"1 de July de 2024","format":false,"excerpt":"Um m\u00e9dico foi agredido durante o trabalho no \u00faltimo s\u00e1bado (29), na UPA Norte, em Ribeir\u00e3o Preto. A Secretaria Municipal da Sa\u00fade de Ribeir\u00e3o informou, por meio de nota de imprensa, que o quadro de sa\u00fade do profissional \u00e9 est\u00e1vel. O Centro M\u00e9dico de Ribeir\u00e3o Preto, da regional da Associa\u00e7\u00e3o\u2026","rel":"","context":"In &quot;Not\u00edcias de Ribeir\u00e3o Preto-SP e Regi\u00e3o&quot;","block_context":{"text":"Not\u00edcias de Ribeir\u00e3o Preto-SP e Regi\u00e3o","link":"https:\/\/ismaelcolosi.com.br\/index.php\/category\/noticias-de-ribeirao-preto-sp-e-regiao-ismael-colosi\/"},"img":{"alt_text":"","src":"https:\/\/i0.wp.com\/ismaelcolosi.com.br\/wp-content\/uploads\/2024\/07\/117593045_3181602151934831_1382602735393869478_n.jpg?fit=952%2C635&ssl=1&resize=350%2C200","width":350,"height":200,"srcset":"https:\/\/i0.wp.com\/ismaelcolosi.com.br\/wp-content\/uploads\/2024\/07\/117593045_3181602151934831_1382602735393869478_n.jpg?fit=952%2C635&ssl=1&resize=350%2C200 1x, https:\/\/i0.wp.com\/ismaelcolosi.com.br\/wp-content\/uploads\/2024\/07\/117593045_3181602151934831_1382602735393869478_n.jpg?fit=952%2C635&ssl=1&resize=525%2C300 1.5x, https:\/\/i0.wp.com\/ismaelcolosi.com.br\/wp-content\/uploads\/2024\/07\/117593045_3181602151934831_1382602735393869478_n.jpg?fit=952%2C635&ssl=1&resize=700%2C400 2x"},"classes":[]},{"id":50019,"url":"https:\/\/ismaelcolosi.com.br\/index.php\/2024\/05\/14\/homem-de-34-anos-morre-em-ribeirao-preto-apos-ser-agredido-a-pauladas-em-assalto-em-sc\/","url_meta":{"origin":55478,"position":1},"title":"Homem de 34 anos morre em Ribeir\u00e3o Preto ap\u00f3s ser agredido a pauladas em assalto em SC","author":"ismaelcolosi.com.br","date":"14 de May de 2024","format":false,"excerpt":"Um homem de 34 anos morreu nesta segunda-feira (13), em Ribeir\u00e3o Preto, depois de ser agredido a pauladas em um assalto ocorrido em Tubar\u00e3o (SC). Segundo o boletim de ocorr\u00eancia (BO), a v\u00edtima, identificada como Arnaldo Dantas da Silva, estava internada no Hospital das Cl\u00ednicas \u2013 Unidade de Emerg\u00eancia (HC-UE),\u2026","rel":"","context":"In &quot;Not\u00edcias de Ribeir\u00e3o Preto-SP e Regi\u00e3o&quot;","block_context":{"text":"Not\u00edcias de Ribeir\u00e3o Preto-SP e Regi\u00e3o","link":"https:\/\/ismaelcolosi.com.br\/index.php\/category\/noticias-de-ribeirao-preto-sp-e-regiao-ismael-colosi\/"},"img":{"alt_text":"","src":"","width":0,"height":0},"classes":[]},{"id":68440,"url":"https:\/\/ismaelcolosi.com.br\/index.php\/2024\/09\/30\/furto-de-fios-prejudica-atendimento-em-upa-de-ribeirao-preto\/","url_meta":{"origin":55478,"position":2},"title":"Furto de fios prejudica atendimento em UPA de Ribeir\u00e3o Preto","author":"ismaelcolosi.com.br","date":"30 de September de 2024","format":false,"excerpt":"A UPA (Unidade de Pronto Atendimento) da Treze de Maio, na zona Leste de Ribeir\u00e3o Preto, sofreu com furto de fios na madrugada desta segunda-feira (30). Por conta disso, o atendimento no local foi prejudicado. De acordo com a Secretaria Municipal da Sa\u00fade, os ladr\u00f5es furtaram os fios de energia\u2026","rel":"","context":"In &quot;Not\u00edcias de Ribeir\u00e3o Preto-SP e Regi\u00e3o&quot;","block_context":{"text":"Not\u00edcias de Ribeir\u00e3o Preto-SP e Regi\u00e3o","link":"https:\/\/ismaelcolosi.com.br\/index.php\/category\/noticias-de-ribeirao-preto-sp-e-regiao-ismael-colosi\/"},"img":{"alt_text":"","src":"https:\/\/i0.wp.com\/ismaelcolosi.com.br\/wp-content\/uploads\/2024\/09\/reforma_upa_leste_3-1.jpeg?fit=1000%2C666&ssl=1&resize=350%2C200","width":350,"height":200,"srcset":"https:\/\/i0.wp.com\/ismaelcolosi.com.br\/wp-content\/uploads\/2024\/09\/reforma_upa_leste_3-1.jpeg?fit=1000%2C666&ssl=1&resize=350%2C200 1x, https:\/\/i0.wp.com\/ismaelcolosi.com.br\/wp-content\/uploads\/2024\/09\/reforma_upa_leste_3-1.jpeg?fit=1000%2C666&ssl=1&resize=525%2C300 1.5x, https:\/\/i0.wp.com\/ismaelcolosi.com.br\/wp-content\/uploads\/2024\/09\/reforma_upa_leste_3-1.jpeg?fit=1000%2C666&ssl=1&resize=700%2C400 2x"},"classes":[]},{"id":56375,"url":"https:\/\/ismaelcolosi.com.br\/index.php\/2024\/07\/11\/homem-e-detido-apos-ameacar-medica-em-upa-de-ribeirao-preto\/","url_meta":{"origin":55478,"position":3},"title":"Homem \u00e9 detido ap\u00f3s amea\u00e7ar m\u00e9dica em UPA de Ribeir\u00e3o Preto","author":"ismaelcolosi.com.br","date":"11 de July de 2024","format":false,"excerpt":"Um homem de 25 anos foi detido por desacato contra uma m\u00e9dica na madrugada desta quinta-feira (11), na UPA Norte de Ribeir\u00e3o Preto. A unidade de sa\u00fade localizada no Adelino Simioni \u00e9 a mesma onde um m\u00e9dico foi agredido durante o trabalho no \u00faltimo dia 29 de junho. Segundo o\u2026","rel":"","context":"In &quot;Not\u00edcias de Ribeir\u00e3o Preto-SP e Regi\u00e3o&quot;","block_context":{"text":"Not\u00edcias de Ribeir\u00e3o Preto-SP e Regi\u00e3o","link":"https:\/\/ismaelcolosi.com.br\/index.php\/category\/noticias-de-ribeirao-preto-sp-e-regiao-ismael-colosi\/"},"img":{"alt_text":"","src":"https:\/\/i0.wp.com\/ismaelcolosi.com.br\/wp-content\/uploads\/2024\/07\/upa.jpg?fit=1200%2C799&ssl=1&resize=350%2C200","width":350,"height":200,"srcset":"https:\/\/i0.wp.com\/ismaelcolosi.com.br\/wp-content\/uploads\/2024\/07\/upa.jpg?fit=1200%2C799&ssl=1&resize=350%2C200 1x, https:\/\/i0.wp.com\/ismaelcolosi.com.br\/wp-content\/uploads\/2024\/07\/upa.jpg?fit=1200%2C799&ssl=1&resize=525%2C300 1.5x, https:\/\/i0.wp.com\/ismaelcolosi.com.br\/wp-content\/uploads\/2024\/07\/upa.jpg?fit=1200%2C799&ssl=1&resize=700%2C400 2x, https:\/\/i0.wp.com\/ismaelcolosi.com.br\/wp-content\/uploads\/2024\/07\/upa.jpg?fit=1200%2C799&ssl=1&resize=1050%2C600 3x"},"classes":[]},{"id":16064,"url":"https:\/\/ismaelcolosi.com.br\/index.php\/2023\/12\/14\/upa-do-ribeirao-verde-cinco-empresas-disputam-obra-de-r-16-milhoes\/","url_meta":{"origin":55478,"position":4},"title":"UPA do Ribeir\u00e3o Verde: cinco empresas disputam obra de R$ 16 milh\u00f5es","author":"ismaelcolosi.com.br","date":"14 de December de 2023","format":false,"excerpt":"A Prefeitura de Ribeir\u00e3o Preto publicou no Di\u00e1rio Oficial do Munic\u00edpio, desta quinta-feira (14), o processo licitat\u00f3rio para a constru\u00e7\u00e3o da UPA (Unidade de Pronto Atendimento) do Ribeir\u00e3o Verde, na zona Leste. De acordo com a Administra\u00e7\u00e3o Municipal, dez empresas se inscreveram para participar da licita\u00e7\u00e3o, contudo, apenas cinco foram\u2026","rel":"","context":"In &quot;Not\u00edcias de Ribeir\u00e3o Preto-SP e Regi\u00e3o&quot;","block_context":{"text":"Not\u00edcias de Ribeir\u00e3o Preto-SP e Regi\u00e3o","link":"https:\/\/ismaelcolosi.com.br\/index.php\/category\/noticias-de-ribeirao-preto-sp-e-regiao-ismael-colosi\/"},"img":{"alt_text":"","src":"https:\/\/i0.wp.com\/ismaelcolosi.com.br\/wp-content\/uploads\/2023\/12\/projeto-UPA-Ribeirao-verde.jpeg?fit=1200%2C849&ssl=1&resize=350%2C200","width":350,"height":200,"srcset":"https:\/\/i0.wp.com\/ismaelcolosi.com.br\/wp-content\/uploads\/2023\/12\/projeto-UPA-Ribeirao-verde.jpeg?fit=1200%2C849&ssl=1&resize=350%2C200 1x, https:\/\/i0.wp.com\/ismaelcolosi.com.br\/wp-content\/uploads\/2023\/12\/projeto-UPA-Ribeirao-verde.jpeg?fit=1200%2C849&ssl=1&resize=525%2C300 1.5x, https:\/\/i0.wp.com\/ismaelcolosi.com.br\/wp-content\/uploads\/2023\/12\/projeto-UPA-Ribeirao-verde.jpeg?fit=1200%2C849&ssl=1&resize=700%2C400 2x, https:\/\/i0.wp.com\/ismaelcolosi.com.br\/wp-content\/uploads\/2023\/12\/projeto-UPA-Ribeirao-verde.jpeg?fit=1200%2C849&ssl=1&resize=1050%2C600 3x"},"classes":[]},{"id":2145,"url":"https:\/\/ismaelcolosi.com.br\/index.php\/2023\/11\/14\/ubds-da-vila-virginia-permanecera-fechada-ate-dezembro-em-ribeirao-preto\/","url_meta":{"origin":55478,"position":5},"title":"UBDS da Vila Virg\u00ednia permanecer\u00e1 fechada at\u00e9 dezembro em Ribeir\u00e3o Preto","author":"ismaelcolosi.com.br","date":"14 de November de 2023","format":false,"excerpt":"A Prefeitura de Ribeir\u00e3o Preto anunciou, nesta quarta-feira (14), que a UBDS (Unidade B\u00e1sica e Distrital de Sa\u00fade) da Vila Virg\u00ednia permanecer\u00e1 fechada at\u00e9 o m\u00eas que vem. A previs\u00e3o de reabertura \u00e9 para a primeira quinzena de dezembro. \u00a0A previs\u00e3o de reabertura era para o dia 21 de novembro,\u2026","rel":"","context":"In &quot;Not\u00edcias de Ribeir\u00e3o Preto-SP e Regi\u00e3o&quot;","block_context":{"text":"Not\u00edcias de Ribeir\u00e3o Preto-SP e Regi\u00e3o","link":"https:\/\/ismaelcolosi.com.br\/index.php\/category\/noticias-de-ribeirao-preto-sp-e-regiao-ismael-colosi\/"},"img":{"alt_text":"","src":"https:\/\/i0.wp.com\/ismaelcolosi.com.br\/wp-content\/uploads\/2023\/11\/WhatsApp-Image-2023-10-30-at-07.11.20-scaled.jpeg?fit=1200%2C900&ssl=1&resize=350%2C200","width":350,"height":200,"srcset":"https:\/\/i0.wp.com\/ismaelcolosi.com.br\/wp-content\/uploads\/2023\/11\/WhatsApp-Image-2023-10-30-at-07.11.20-scaled.jpeg?fit=1200%2C900&ssl=1&resize=350%2C200 1x, https:\/\/i0.wp.com\/ismaelcolosi.com.br\/wp-content\/uploads\/2023\/11\/WhatsApp-Image-2023-10-30-at-07.11.20-scaled.jpeg?fit=1200%2C900&ssl=1&resize=525%2C300 1.5x, https:\/\/i0.wp.com\/ismaelcolosi.com.br\/wp-content\/uploads\/2023\/11\/WhatsApp-Image-2023-10-30-at-07.11.20-scaled.jpeg?fit=1200%2C900&ssl=1&resize=700%2C400 2x, https:\/\/i0.wp.com\/ismaelcolosi.com.br\/wp-content\/uploads\/2023\/11\/WhatsApp-Image-2023-10-30-at-07.11.20-scaled.jpeg?fit=1200%2C900&ssl=1&resize=1050%2C600 3x"},"classes":[]}],"jetpack_sharing_enabled":true,"jetpack_shortlink":"https:\/\/wp.me\/pfMlyK-eqO","_links":{"self":[{"href":"https:\/\/ismaelcolosi.com.br\/index.php\/wp-json\/wp\/v2\/posts\/55478","targetHints":{"allow":["GET"]}}],"collection":[{"href":"https:\/\/ismaelcolosi.com.br\/index.php\/wp-json\/wp\/v2\/posts"}],"about":[{"href":"https:\/\/ismaelcolosi.com.br\/index.php\/wp-json\/wp\/v2\/types\/post"}],"author":[{"embeddable":true,"href":"https:\/\/ismaelcolosi.com.br\/index.php\/wp-json\/wp\/v2\/users\/1"}],"replies":[{"embeddable":true,"href":"https:\/\/ismaelcolosi.com.br\/index.php\/wp-json\/wp\/v2\/comments?post=55478"}],"version-history":[{"count":0,"href":"https:\/\/ismaelcolosi.com.br\/index.php\/wp-json\/wp\/v2\/posts\/55478\/revisions"}],"wp:featuredmedia":[{"embeddable":true,"href":"https:\/\/ismaelcolosi.com.br\/index.php\/wp-json\/wp\/v2\/media\/55479"}],"wp:attachment":[{"href":"https:\/\/ismaelcolosi.com.br\/index.php\/wp-json\/wp\/v2\/media?parent=55478"}],"wp:term":[{"taxonomy":"category","embeddable":true,"href":"https:\/\/ismaelcolosi.com.br\/index.php\/wp-json\/wp\/v2\/categories?post=55478"},{"taxonomy":"post_tag","embeddable":true,"href":"https:\/\/ismaelcolosi.com.br\/index.php\/wp-json\/wp\/v2\/tags?post=55478"}],"curies":[{"name":"wp","href":"https:\/\/api.w.org\/{rel}","templated":true}]}}