{"id":55472,"date":"2024-07-03T12:26:36","date_gmt":"2024-07-03T15:26:36","guid":{"rendered":"https:\/\/ismaelcolosi.com.br\/index.php\/2024\/07\/03\/ambiente-de-trabalho-saudavel-entenda-a-sua-importancia-2\/"},"modified":"2024-07-03T12:26:36","modified_gmt":"2024-07-03T15:26:36","slug":"ambiente-de-trabalho-saudavel-entenda-a-sua-importancia-2","status":"publish","type":"post","link":"https:\/\/ismaelcolosi.com.br\/index.php\/2024\/07\/03\/ambiente-de-trabalho-saudavel-entenda-a-sua-importancia-2\/","title":{"rendered":"Ambiente de trabalho saud\u00e1vel: entenda a sua import\u00e2ncia"},"content":{"rendered":"<p> <br \/>\n<\/p>\n<div>\n<p>Um ambiente de trabalho saud\u00e1vel \u00e9 um local que incentiva o desenvolvimento coletivo, al\u00e9m de enxergar os colegas e colaboradores como humanos e n\u00e3o meros operadores. Equipes que valorizam os seus membros ganham muito em qualidade de vida, motiva\u00e7\u00e3o, produtividade e gera\u00e7\u00e3o de resultados.<\/p>\n<p>Para que isso se torne poss\u00edvel, \u00e9 preciso mudar alguns comportamentos e transformar as rela\u00e7\u00f5es de trabalho visando o bem-estar de todos na cultura da organiza\u00e7\u00e3o. Continue a leitura conosco e saiba como tornar o\u00a0local de trabalho mais seguro.<\/p><div class='code-block code-block-8' style='margin: 8px auto; text-align: center; display: block; clear: both;'>\n<script>\n  atOptions = {\n    'key' : '66e2e2111ca34da796271819fc334058',\n    'format' : 'iframe',\n    'height' : 250,\n    'width' : 300,\n    'params' : {}\n  };\n<\/script>\n<script src=\"https:\/\/www.highperformanceformat.com\/66e2e2111ca34da796271819fc334058\/invoke.js\"><\/script>\n<\/div>\n\n<nav class=\"toc-container  active\">\n<hr\/>\n<\/nav>\n<h2 class=\"wp-block-heading\" id=\"1_Quais_sao_os_beneficios_de_um_ambiente_de_trabalho_saudavel\">1. Quais s\u00e3o os benef\u00edcios de um ambiente de trabalho saud\u00e1vel?<\/h2>\n<p>Muito al\u00e9m de um local agrad\u00e1vel, um ambiente de trabalho saud\u00e1vel envolve a rela\u00e7\u00e3o com os pares, incentivo e espa\u00e7o para desenvolvimentos. Entenda alguns benef\u00edcios que isso pode trazer ao seu time:<\/p>\n<h3 class=\"wp-block-heading\" id=\"Equipes_mais_conectadas\">Equipes mais conectadas<\/h3>\n<p>Ao proporcionar um ambiente de trabalho mais colaborativo e respeitoso que valoriza as habilidades de cada colaborador, voc\u00ea contribui para times mais engajados e conectados com o projeto. <\/p>\n<p>Nesse contexto,<strong>\u00a0eles se sentem parte do processo e desenvolvem mais identifica\u00e7\u00e3o com o que voc\u00eas est\u00e3o construindo juntos<\/strong>.<\/p>\n<p>A tend\u00eancia \u00e9 que as atividades fluam mais e os espa\u00e7os de discuss\u00e3o sejam alimentados com trocas de ideias produtivas, emp\u00e1ticas e que contribuam para o desenvolvimento de todos, l\u00edderes e funcion\u00e1rios.<\/p>\n<h3 class=\"wp-block-heading\" id=\"Melhora_na_qualidade_de_vida\">Melhora na qualidade de vida<\/h3>\n<p>Quando voc\u00ea minimiza os atritos com colegas de trabalho e promove um ambiente mais acolhedor, isso contribui para a qualidade de vida de todos. A mudan\u00e7a de comportamento evita estresses desnecess\u00e1rios, desgaste nas rela\u00e7\u00f5es, ansiedade e poss\u00edveis conflitos pessoais.<\/p>\n<p>Assim, a jornada se torna mais leve e livra a todos de preocupa\u00e7\u00f5es com o trabalho fora do expediente, permitindo que voc\u00ea aproveite a fam\u00edlia, amigos e momentos de lazer com tranquilidade.<\/p>\n<h3 class=\"wp-block-heading\" id=\"Oportunidade_de_desenvolvimento\">Oportunidade de desenvolvimento<\/h3>\n<p>Em um ambiente profissional humanizado, a valoriza\u00e7\u00e3o das habilidades e\u00a0autonomia\u00a0faz parte da cultura da equipe. Esse ideal \u00e9 uma oportunidade de desenvolvimento, n\u00e3o apenas profissional, mas pessoal tamb\u00e9m.<\/p>\n<p>Espa\u00e7os saud\u00e1veis para rela\u00e7\u00f5es de trabalho mais conectadas e propensas ao aprimoramento de soft skills que se aplicam a diversos contextos, como negocia\u00e7\u00e3o, gest\u00e3o de demandas e comunica\u00e7\u00e3o assertiva. <\/p>\n<p>Al\u00e9m disso,\u00a0<strong>eles tamb\u00e9m facilitam o acesso ao aprendizado<\/strong>, dando liberdade para tirar d\u00favidas e orientar os colegas da melhor maneira poss\u00edvel, a fim de v\u00ea-los crescer com voc\u00ea e n\u00e3o tratar como uma competi\u00e7\u00e3o.<\/p>\n<p>Fazer com que a jornada se torne mais colaborativa, leve e acolhedora fortalece as rela\u00e7\u00f5es de trabalho, assim como impacta nos n\u00edveis de felicidade, humor e disposi\u00e7\u00e3o dos colegas. Ao final do dia, ele sair\u00e1 satisfeito por fazer parte de um time e n\u00e3o desgastado emocional ou fisicamente.<\/p>\n<h2 class=\"wp-block-heading\" id=\"2_Como_contribuir_para_um_ambiente_profissional_mais_saudavel\">2. Como contribuir para um ambiente profissional mais saud\u00e1vel?<\/h2>\n<p>A promo\u00e7\u00e3o de um ambiente de trabalho mais saud\u00e1vel \u00e9 responsabilidade de todos: s\u00f3cios, gestores, lideran\u00e7as, funcion\u00e1rios e at\u00e9 mesmo profissionais terceirizados. <\/p>\n<p>Apesar de n\u00e3o ser um conceito fechado e \u00fanico, existem algumas caracter\u00edsticas que contribuem para o bem-estar coletivo nas empresas. Conhe\u00e7a algumas delas e saiba o que voc\u00ea pode fazer para transformar a sua empresa, agregando valor \u00e0\u00a0cultura organizacional:<\/p>\n<h3 class=\"wp-block-heading\" id=\"Pratique_o_respeito_a_todas_as_pessoas\"><strong>Pratique o respeito a todas as pessoas<\/strong><\/h3>\n<p>Estabelecer rela\u00e7\u00f5es fundamentadas no respeito \u00e9 produtivo para todos os envolvidos. At\u00e9 mesmo as cobran\u00e7as podem ser feitas com alteridade e paci\u00eancia.<\/p>\n<h3 class=\"wp-block-heading\" id=\"Alimente_relacoes_humanizadas\"><strong>Alimente rela\u00e7\u00f5es humanizadas<\/strong><\/h3>\n<p>Busque criar la\u00e7os com os seus colegas, entender os seus interesses, objetivos e motiva\u00e7\u00f5es. Trate-os pelo nome, pergunte como est\u00e3o e os fa\u00e7a se sentir acolhidos por voc\u00ea.<\/p>\n<h3 class=\"wp-block-heading\" id=\"Promova_a_transparencia_e_confianca\"><strong>Promova a transpar\u00eancia e confian\u00e7a<\/strong><\/h3>\n<p>Rela\u00e7\u00f5es de qualidade, mesmo as profissionais, s\u00e3o baseadas na constru\u00e7\u00e3o de confian\u00e7a. Seja claro em suas inten\u00e7\u00f5es, projetos e estrat\u00e9gias. Caso tenha alguma d\u00favida, n\u00e3o deixe de comunicar os seus supervisores, avise sobre atrasos ou pend\u00eancias em atividades.<\/p>\n<h3 class=\"wp-block-heading\" id=\"Exercite_a_autonomia\"><strong>Exercite a autonomia<\/strong><\/h3>\n<p>Apesar de ser fundamental poder contar com os seus colegas, tamb\u00e9m \u00e9 importante buscar a autonomia profissional. Desenvolva as hard e soft skills que a sua fun\u00e7\u00e3o demanda, como gest\u00e3o de tempo e de tarefas para impulsionar a sua produtividade.<\/p>\n<h3 class=\"wp-block-heading\" id=\"Proporcione_espaco_para_aprendizado_e_desenvolvimento\"><strong>Proporcione espa\u00e7o para aprendizado e desenvolvimento<\/strong><\/h3>\n<p>Se voc\u00ea for respons\u00e1vel por outras pessoas, deixe a porta sempre aberta para que eles possam contar com voc\u00ea quando precisarem. Identifique e valorize as capacidades do seu time e os ajude a se desenvolver.<\/p>\n<h3 class=\"wp-block-heading\" id=\"De_feedbacks\"><strong>D\u00ea feedbacks<\/strong><\/h3>\n<p>A satisfa\u00e7\u00e3o de um profissional pode estar ligada com o seu desempenho no trabalho. Ofere\u00e7a feedbacks produtivos, ressaltando os seus avan\u00e7os, conquistas e pontos de melhoria quando necess\u00e1rio, mantendo o respeito. Tamb\u00e9m \u00e9 uma oportunidade de alinhar expectativas com os seus colegas, entender o que eles esperam do trabalho e o que voc\u00ea deseja.<\/p>\n<hr class=\"wp-block-separator has-alpha-channel-opacity\"\/>\n<p>Com apenas algumas mudan\u00e7as de comportamento, \u00e9 poss\u00edvel proporcionar um ambiente de trabalho mais saud\u00e1vel, produtivo e satisfat\u00f3rio aos seus colegas. <\/p>\n<p>Para que isso se realize, \u00e9 necess\u00e1rio exercitar a alteridade, respeito e uma comunica\u00e7\u00e3o transparente que\u00a0<strong>os fa\u00e7a se sentir parte de uma equipe e gere mais engajamento nas atividades<\/strong>.<\/p>\n<p>Aqui no blog da Catho, voc\u00ea explora outros conte\u00fados que v\u00e3o te auxiliar a criar um clima mais acolhedor, al\u00e9m de te ajudar a desenvolver\u00a0compet\u00eancias essenciais\u00a0para uma atua\u00e7\u00e3o mais proativa, emp\u00e1tica e inclusiva. Conte com a gente para transformar a sua carreira e rela\u00e7\u00f5es profissionais!<\/p>\n<p>Curtiu nosso conte\u00fado? N\u00e3o deixe de compartilhar com os colegas de trabalho!<\/p>\n<p>At\u00e9 a pr\u00f3xima!<\/p>\n<h2>VAGAS ABERTAS | Principais \u00e1reas contratando<\/h2>\n<p>Se voc\u00ea est\u00e1 buscando um emprego, selecione abaixo a sua \u00e1rea de interesse e confira os cargos com oportunidades abertas!<\/p>\n<div class=\"search_jobs_list\"><select class=\"select_areas\" placeholder=\"Selecione uma \u00e1rea profissional\"><option value=\"0\">Seleciona uma \u00e1rea profissional<\/option><option value=\"1\">Administra\u00e7\u00e3o<\/option><option value=\"2\">Comercial e Vendas<\/option><option value=\"3\">Com\u00e9rcio Exterior<\/option><option value=\"4\">Educa\u00e7\u00e3o<\/option><option value=\"5\">Financeira<\/option><option value=\"6\">Hotelaria e Turismo<\/option><option value=\"7\">Inform\u00e1tica<\/option><option value=\"8\">Sa\u00fade<\/option><option value=\"9\">Suprimentos<\/option><option value=\"10\">Agricultura, Pecu\u00e1ria e Veterin\u00e1ria<\/option><option value=\"11\">Artes, Arquitetura e Design<\/option><option value=\"12\">Comunica\u00e7\u00e3o \/ Marketing<\/option><option value=\"13\">Engenharia<\/option><option value=\"14\">Industrial<\/option><option value=\"15\">Jur\u00eddica<\/option><option value=\"16\">T\u00e9cnica<\/option><option value=\"17\">Telemarketing<\/option><option value=\"18\">Telecomunica\u00e7\u00f5es<\/option><option value=\"20\">Servi\u00e7os Sociais<\/option><\/select><\/div>\n<\/p><\/div>\n<p><br \/>\n<br \/><a href=\"https:\/\/www.catho.com.br\/carreira-sucesso\/ambiente-de-trabalho-saudavel-entenda-a-sua-importancia\/\">Source link <\/a><\/p>\n<div class='code-block code-block-4' style='margin: 8px auto 8px 0; text-align: left; display: block; clear: both;'>\n\ud83d\udce2 Aviso Legal\n\nO site ismaelcolosi.com.br atua apenas como um canal de divulga\u00e7\u00e3o de oportunidades de emprego e n\u00e3o se responsabiliza pelo processo seletivo, contrata\u00e7\u00e3o ou qualquer outra etapa relacionada \u00e0s vagas publicadas. Todas as informa\u00e7\u00f5es s\u00e3o de responsabilidade dos anunciantes.\n\n\u26a0\ufe0f Aten\u00e7\u00e3o! Nunca pague por promessas de emprego nem compre cursos que garantam contrata\u00e7\u00e3o. Desconfie de qualquer cobran\u00e7a para participar de sele\u00e7\u00f5es.\n\n\n\n<\/div>\n<!-- CONTENT END 1 -->\n","protected":false},"excerpt":{"rendered":"<p>Um ambiente de trabalho saud\u00e1vel \u00e9 um local que incentiva o desenvolvimento coletivo, al\u00e9m de enxergar os colegas e colaboradores como humanos e n\u00e3o meros&#8230;<\/p>\n","protected":false},"author":1,"featured_media":55473,"comment_status":"open","ping_status":"open","sticky":false,"template":"","format":"standard","meta":{"_uag_custom_page_level_css":"","advanced_seo_description":"","jetpack_seo_html_title":"","jetpack_seo_noindex":false,"jetpack_post_was_ever_published":false,"_jetpack_newsletter_access":"","_jetpack_dont_email_post_to_subs":false,"_jetpack_newsletter_tier_id":0,"_jetpack_memberships_contains_paywalled_content":false,"_jetpack_memberships_contains_paid_content":false,"footnotes":"","jetpack_publicize_message":"","jetpack_publicize_feature_enabled":true,"jetpack_social_post_already_shared":true,"jetpack_social_options":{"image_generator_settings":{"template":"highway","default_image_id":0,"font":"","enabled":false},"version":2}},"categories":[1964],"tags":[],"class_list":["post-55472","post","type-post","status-publish","format-standard","has-post-thumbnail","hentry","category-carreira-e-sucesso-dicas-para-carreira"],"jetpack_publicize_connections":[],"jetpack_featured_media_url":"https:\/\/i0.wp.com\/ismaelcolosi.com.br\/wp-content\/uploads\/2024\/07\/1720020396_Ambiente-de-trabalho-saudavel-1.png?fit=2560%2C1338&ssl=1","uagb_featured_image_src":{"full":["https:\/\/i0.wp.com\/ismaelcolosi.com.br\/wp-content\/uploads\/2024\/07\/1720020396_Ambiente-de-trabalho-saudavel-1.png?fit=2560%2C1338&ssl=1",2560,1338,false],"thumbnail":["https:\/\/i0.wp.com\/ismaelcolosi.com.br\/wp-content\/uploads\/2024\/07\/1720020396_Ambiente-de-trabalho-saudavel-1.png?resize=150%2C150&ssl=1",150,150,true],"medium":["https:\/\/i0.wp.com\/ismaelcolosi.com.br\/wp-content\/uploads\/2024\/07\/1720020396_Ambiente-de-trabalho-saudavel-1.png?fit=300%2C157&ssl=1",300,157,true],"medium_large":["https:\/\/i0.wp.com\/ismaelcolosi.com.br\/wp-content\/uploads\/2024\/07\/1720020396_Ambiente-de-trabalho-saudavel-1.png?fit=768%2C401&ssl=1",768,401,true],"large":["https:\/\/i0.wp.com\/ismaelcolosi.com.br\/wp-content\/uploads\/2024\/07\/1720020396_Ambiente-de-trabalho-saudavel-1.png?fit=1024%2C535&ssl=1",1024,535,true],"1536x1536":["https:\/\/i0.wp.com\/ismaelcolosi.com.br\/wp-content\/uploads\/2024\/07\/1720020396_Ambiente-de-trabalho-saudavel-1.png?fit=1536%2C803&ssl=1",1536,803,true],"2048x2048":["https:\/\/i0.wp.com\/ismaelcolosi.com.br\/wp-content\/uploads\/2024\/07\/1720020396_Ambiente-de-trabalho-saudavel-1.png?fit=2048%2C1070&ssl=1",2048,1070,true],"really-simple-thumb":["https:\/\/i0.wp.com\/ismaelcolosi.com.br\/wp-content\/uploads\/2024\/07\/1720020396_Ambiente-de-trabalho-saudavel-1.png?resize=370%2C247&ssl=1",370,247,true]},"uagb_author_info":{"display_name":"ismaelcolosi.com.br","author_link":"https:\/\/ismaelcolosi.com.br\/index.php\/author\/vidareal-online\/"},"uagb_comment_info":0,"uagb_excerpt":"Um ambiente de trabalho saud\u00e1vel \u00e9 um local que incentiva o desenvolvimento coletivo, al\u00e9m de enxergar os colegas e colaboradores como humanos e n\u00e3o meros...","jetpack-related-posts":[{"id":55184,"url":"https:\/\/ismaelcolosi.com.br\/index.php\/2024\/07\/01\/ambiente-de-trabalho-saudavel-entenda-a-sua-importancia\/","url_meta":{"origin":55472,"position":0},"title":"Ambiente de trabalho saud\u00e1vel: entenda a sua import\u00e2ncia","author":"ismaelcolosi.com.br","date":"1 de July de 2024","format":false,"excerpt":"Um ambiente de trabalho saud\u00e1vel \u00e9 um local que incentiva o desenvolvimento dos colaboradores, al\u00e9m de enxerg\u00e1-los como humanos e n\u00e3o meros operadores. Uma empresa que valoriza o seu time de funcion\u00e1rios ganha muito em qualidade de vida, motiva\u00e7\u00e3o, produtividade e gera\u00e7\u00e3o de resultados. Para que isso se torne poss\u00edvel,\u2026","rel":"","context":"In &quot;Carreira e Sucesso&quot;","block_context":{"text":"Carreira e Sucesso","link":"https:\/\/ismaelcolosi.com.br\/index.php\/category\/carreira-e-sucesso-dicas-para-carreira\/"},"img":{"alt_text":"","src":"https:\/\/i0.wp.com\/ismaelcolosi.com.br\/wp-content\/uploads\/2024\/07\/Ambiente-de-trabalho-saudavel-1.png?fit=1200%2C627&ssl=1&resize=350%2C200","width":350,"height":200,"srcset":"https:\/\/i0.wp.com\/ismaelcolosi.com.br\/wp-content\/uploads\/2024\/07\/Ambiente-de-trabalho-saudavel-1.png?fit=1200%2C627&ssl=1&resize=350%2C200 1x, https:\/\/i0.wp.com\/ismaelcolosi.com.br\/wp-content\/uploads\/2024\/07\/Ambiente-de-trabalho-saudavel-1.png?fit=1200%2C627&ssl=1&resize=525%2C300 1.5x, https:\/\/i0.wp.com\/ismaelcolosi.com.br\/wp-content\/uploads\/2024\/07\/Ambiente-de-trabalho-saudavel-1.png?fit=1200%2C627&ssl=1&resize=700%2C400 2x, https:\/\/i0.wp.com\/ismaelcolosi.com.br\/wp-content\/uploads\/2024\/07\/Ambiente-de-trabalho-saudavel-1.png?fit=1200%2C627&ssl=1&resize=1050%2C600 3x"},"classes":[]},{"id":70961,"url":"https:\/\/ismaelcolosi.com.br\/index.php\/2024\/10\/14\/veja-o-que-e-importancia-e-mais\/","url_meta":{"origin":55472,"position":1},"title":"veja o que \u00e9, import\u00e2ncia e mais","author":"ismaelcolosi.com.br","date":"14 de October de 2024","format":false,"excerpt":"Uma grande dificuldade enfrentada por milhares de brasileiros \u00e9 encontrar um ambiente de trabalho saud\u00e1vel, pois muitos acabam levando demandas de trabalho para momentos de descanso, assim, sacrificam momentos de lazer e de conv\u00edvio familiar. Foi nesse sentido que o conceito work-life balance surgiu, buscando equilibrar o trabalho com a\u2026","rel":"","context":"In &quot;Carreira e Sucesso&quot;","block_context":{"text":"Carreira e Sucesso","link":"https:\/\/ismaelcolosi.com.br\/index.php\/category\/carreira-e-sucesso-dicas-para-carreira\/"},"img":{"alt_text":"","src":"https:\/\/i0.wp.com\/ismaelcolosi.com.br\/wp-content\/uploads\/2024\/10\/Worklife-balance.png?fit=1200%2C675&ssl=1&resize=350%2C200","width":350,"height":200,"srcset":"https:\/\/i0.wp.com\/ismaelcolosi.com.br\/wp-content\/uploads\/2024\/10\/Worklife-balance.png?fit=1200%2C675&ssl=1&resize=350%2C200 1x, https:\/\/i0.wp.com\/ismaelcolosi.com.br\/wp-content\/uploads\/2024\/10\/Worklife-balance.png?fit=1200%2C675&ssl=1&resize=525%2C300 1.5x, https:\/\/i0.wp.com\/ismaelcolosi.com.br\/wp-content\/uploads\/2024\/10\/Worklife-balance.png?fit=1200%2C675&ssl=1&resize=700%2C400 2x, https:\/\/i0.wp.com\/ismaelcolosi.com.br\/wp-content\/uploads\/2024\/10\/Worklife-balance.png?fit=1200%2C675&ssl=1&resize=1050%2C600 3x"},"classes":[]},{"id":43570,"url":"https:\/\/ismaelcolosi.com.br\/index.php\/2024\/03\/22\/seus-colegas-de-trabalho-nao-sao-seus-amigos-entenda\/","url_meta":{"origin":55472,"position":2},"title":"Seus colegas de trabalho n\u00e3o s\u00e3o seus amigos; entenda","author":"ismaelcolosi.com.br","date":"22 de March de 2024","format":false,"excerpt":"Getty Images\u00c9 importante ficar atento em rela\u00e7\u00e3o a amizades no trabalho e manter uma dist\u00e2ncia saud\u00e1vel para preservar as rela\u00e7\u00f5es H\u00e1 benef\u00edcios em fazer conex\u00f5es no local de trabalho: o pertencimento sempre ser\u00e1 uma necessidade humana fundamental. Na verdade, a conex\u00e3o social \u00e9 o motor principal para o envolvimento e\u2026","rel":"","context":"In &quot;Carreira e Sucesso&quot;","block_context":{"text":"Carreira e Sucesso","link":"https:\/\/ismaelcolosi.com.br\/index.php\/category\/carreira-e-sucesso-dicas-para-carreira\/"},"img":{"alt_text":"","src":"https:\/\/i0.wp.com\/ismaelcolosi.com.br\/wp-content\/uploads\/2024\/03\/carreira-amigos-trabalho-1024x683.jpg?fit=1024%2C683&ssl=1&resize=350%2C200","width":350,"height":200,"srcset":"https:\/\/i0.wp.com\/ismaelcolosi.com.br\/wp-content\/uploads\/2024\/03\/carreira-amigos-trabalho-1024x683.jpg?fit=1024%2C683&ssl=1&resize=350%2C200 1x, https:\/\/i0.wp.com\/ismaelcolosi.com.br\/wp-content\/uploads\/2024\/03\/carreira-amigos-trabalho-1024x683.jpg?fit=1024%2C683&ssl=1&resize=525%2C300 1.5x, https:\/\/i0.wp.com\/ismaelcolosi.com.br\/wp-content\/uploads\/2024\/03\/carreira-amigos-trabalho-1024x683.jpg?fit=1024%2C683&ssl=1&resize=700%2C400 2x"},"classes":[]},{"id":85819,"url":"https:\/\/ismaelcolosi.com.br\/index.php\/2025\/05\/30\/como-construir-um-ambiente-de-trabalho-atraente-para-a-geracao-z\/","url_meta":{"origin":55472,"position":3},"title":"Como Construir um Ambiente de Trabalho Atraente para a Gera\u00e7\u00e3o Z","author":"ismaelcolosi.com.br","date":"30 de May de 2025","format":false,"excerpt":"\r Getty Images\r Novos valores da Gera\u00e7\u00e3o Z redefinem o que significa um bom lugar para trabalhar\r Acessibilidade \r L\r L\r A-\r A+\r \r \u25d0\r \r \u00a0 A Gera\u00e7\u00e3o Z, nascida entre 1997 e 2012, est\u00e1 transformando o ambiente profissional. Segundo proje\u00e7\u00f5es da Zurich Insurance e do F\u00f3rum Econ\u00f4mico Mundial,\u2026","rel":"","context":"In &quot;Carreira e Sucesso&quot;","block_context":{"text":"Carreira e Sucesso","link":"https:\/\/ismaelcolosi.com.br\/index.php\/category\/carreira-e-sucesso-dicas-para-carreira\/"},"img":{"alt_text":"","src":"https:\/\/i0.wp.com\/ismaelcolosi.com.br\/wp-content\/uploads\/2025\/05\/carreira_GeracaoZ_trabalho-1-1200x675.jpg?fit=1200%2C675&ssl=1&resize=350%2C200","width":350,"height":200,"srcset":"https:\/\/i0.wp.com\/ismaelcolosi.com.br\/wp-content\/uploads\/2025\/05\/carreira_GeracaoZ_trabalho-1-1200x675.jpg?fit=1200%2C675&ssl=1&resize=350%2C200 1x, https:\/\/i0.wp.com\/ismaelcolosi.com.br\/wp-content\/uploads\/2025\/05\/carreira_GeracaoZ_trabalho-1-1200x675.jpg?fit=1200%2C675&ssl=1&resize=525%2C300 1.5x, https:\/\/i0.wp.com\/ismaelcolosi.com.br\/wp-content\/uploads\/2025\/05\/carreira_GeracaoZ_trabalho-1-1200x675.jpg?fit=1200%2C675&ssl=1&resize=700%2C400 2x, https:\/\/i0.wp.com\/ismaelcolosi.com.br\/wp-content\/uploads\/2025\/05\/carreira_GeracaoZ_trabalho-1-1200x675.jpg?fit=1200%2C675&ssl=1&resize=1050%2C600 3x"},"classes":[]},{"id":52806,"url":"https:\/\/ismaelcolosi.com.br\/index.php\/2024\/06\/11\/lideranca-toxica-o-que-e-e-qual-a-hora-de-sair\/","url_meta":{"origin":55472,"position":4},"title":"Lideran\u00e7a t\u00f3xica: o que \u00e9 e qual a hora de sair?","author":"ismaelcolosi.com.br","date":"11 de June de 2024","format":false,"excerpt":"\u00a0 Acessibilidade L L A- A+ \u25d0 Com a entrada de novas gera\u00e7\u00f5es no mundo corporativo \u2013 e suas prioridades voltadas para a sa\u00fade mental e a diversidade \u2013, a lideran\u00e7a t\u00f3xica ganhou os holofotes como t\u00f3pico de aten\u00e7\u00e3o. \u201cH\u00e1 uma press\u00e3o maior para que as empresas adotem pr\u00e1ticas de\u2026","rel":"","context":"In &quot;Carreira e Sucesso&quot;","block_context":{"text":"Carreira e Sucesso","link":"https:\/\/ismaelcolosi.com.br\/index.php\/category\/carreira-e-sucesso-dicas-para-carreira\/"},"img":{"alt_text":"","src":"https:\/\/i0.wp.com\/ismaelcolosi.com.br\/wp-content\/uploads\/2024\/06\/lideranca-toxica-novas-geracoes.jpg?fit=800%2C480&ssl=1&resize=350%2C200","width":350,"height":200,"srcset":"https:\/\/i0.wp.com\/ismaelcolosi.com.br\/wp-content\/uploads\/2024\/06\/lideranca-toxica-novas-geracoes.jpg?fit=800%2C480&ssl=1&resize=350%2C200 1x, https:\/\/i0.wp.com\/ismaelcolosi.com.br\/wp-content\/uploads\/2024\/06\/lideranca-toxica-novas-geracoes.jpg?fit=800%2C480&ssl=1&resize=525%2C300 1.5x, https:\/\/i0.wp.com\/ismaelcolosi.com.br\/wp-content\/uploads\/2024\/06\/lideranca-toxica-novas-geracoes.jpg?fit=800%2C480&ssl=1&resize=700%2C400 2x"},"classes":[]},{"id":83897,"url":"https:\/\/ismaelcolosi.com.br\/index.php\/2025\/03\/20\/profissionais-felizes-impulsionam-os-lucros\/","url_meta":{"origin":55472,"position":5},"title":"Profissionais felizes impulsionam os lucros","author":"ismaelcolosi.com.br","date":"20 de March de 2025","format":false,"excerpt":"\r Getty Images\r Profissionais felizes s\u00e3o 13% mais produtivos, segundo estudo da Universidade de Oxford\r Acessibilidade \r L\r L\r A-\r A+\r \r \u25d0\r \r \u00a0 O Brasil \u00e9 o quarto pa\u00eds com mais profissionais tristes ou com raiva di\u00e1ria na Am\u00e9rica Latina, segundo estudo da consultoria Gallup, que entrevistou 128\u2026","rel":"","context":"In &quot;Carreira e Sucesso&quot;","block_context":{"text":"Carreira e Sucesso","link":"https:\/\/ismaelcolosi.com.br\/index.php\/category\/carreira-e-sucesso-dicas-para-carreira\/"},"img":{"alt_text":"","src":"https:\/\/i0.wp.com\/ismaelcolosi.com.br\/wp-content\/uploads\/2025\/03\/forbes-felicidade-trabalho-carreira-1200x675.jpg?fit=1200%2C675&ssl=1&resize=350%2C200","width":350,"height":200,"srcset":"https:\/\/i0.wp.com\/ismaelcolosi.com.br\/wp-content\/uploads\/2025\/03\/forbes-felicidade-trabalho-carreira-1200x675.jpg?fit=1200%2C675&ssl=1&resize=350%2C200 1x, https:\/\/i0.wp.com\/ismaelcolosi.com.br\/wp-content\/uploads\/2025\/03\/forbes-felicidade-trabalho-carreira-1200x675.jpg?fit=1200%2C675&ssl=1&resize=525%2C300 1.5x, https:\/\/i0.wp.com\/ismaelcolosi.com.br\/wp-content\/uploads\/2025\/03\/forbes-felicidade-trabalho-carreira-1200x675.jpg?fit=1200%2C675&ssl=1&resize=700%2C400 2x, https:\/\/i0.wp.com\/ismaelcolosi.com.br\/wp-content\/uploads\/2025\/03\/forbes-felicidade-trabalho-carreira-1200x675.jpg?fit=1200%2C675&ssl=1&resize=1050%2C600 3x"},"classes":[]}],"jetpack_sharing_enabled":true,"jetpack_shortlink":"https:\/\/wp.me\/pfMlyK-eqI","_links":{"self":[{"href":"https:\/\/ismaelcolosi.com.br\/index.php\/wp-json\/wp\/v2\/posts\/55472","targetHints":{"allow":["GET"]}}],"collection":[{"href":"https:\/\/ismaelcolosi.com.br\/index.php\/wp-json\/wp\/v2\/posts"}],"about":[{"href":"https:\/\/ismaelcolosi.com.br\/index.php\/wp-json\/wp\/v2\/types\/post"}],"author":[{"embeddable":true,"href":"https:\/\/ismaelcolosi.com.br\/index.php\/wp-json\/wp\/v2\/users\/1"}],"replies":[{"embeddable":true,"href":"https:\/\/ismaelcolosi.com.br\/index.php\/wp-json\/wp\/v2\/comments?post=55472"}],"version-history":[{"count":0,"href":"https:\/\/ismaelcolosi.com.br\/index.php\/wp-json\/wp\/v2\/posts\/55472\/revisions"}],"wp:featuredmedia":[{"embeddable":true,"href":"https:\/\/ismaelcolosi.com.br\/index.php\/wp-json\/wp\/v2\/media\/55473"}],"wp:attachment":[{"href":"https:\/\/ismaelcolosi.com.br\/index.php\/wp-json\/wp\/v2\/media?parent=55472"}],"wp:term":[{"taxonomy":"category","embeddable":true,"href":"https:\/\/ismaelcolosi.com.br\/index.php\/wp-json\/wp\/v2\/categories?post=55472"},{"taxonomy":"post_tag","embeddable":true,"href":"https:\/\/ismaelcolosi.com.br\/index.php\/wp-json\/wp\/v2\/tags?post=55472"}],"curies":[{"name":"wp","href":"https:\/\/api.w.org\/{rel}","templated":true}]}}