{"id":55470,"date":"2024-07-03T12:23:39","date_gmt":"2024-07-03T15:23:39","guid":{"rendered":"https:\/\/ismaelcolosi.com.br\/index.php\/2024\/07\/03\/ainda-tem-muita-festa-junina-em-ribeirao-preto-final-de-semana-tem-quermesse-no-centro\/"},"modified":"2024-07-03T12:23:39","modified_gmt":"2024-07-03T15:23:39","slug":"ainda-tem-muita-festa-junina-em-ribeirao-preto-final-de-semana-tem-quermesse-no-centro","status":"publish","type":"post","link":"https:\/\/ismaelcolosi.com.br\/index.php\/2024\/07\/03\/ainda-tem-muita-festa-junina-em-ribeirao-preto-final-de-semana-tem-quermesse-no-centro\/","title":{"rendered":"Ainda tem muita festa &#8216;junina&#8217; em Ribeir\u00e3o Preto; Final de semana tem quermesse no Centro"},"content":{"rendered":"<p> <br \/>\n<\/p>\n<div>\n<p><strong>Julho<\/strong> come\u00e7ou e ainda tem muita festa \u201cjunina\u201d, ou<strong> \u2018julina\u2019<\/strong>, como preferir, em <strong>Ribeir\u00e3o Preto<\/strong>. Entre as op\u00e7\u00f5es, est\u00e1 o <strong>Arrai\u00e1 da Acirp<\/strong>, no Centro. O <strong>acidade on<\/strong> preparou uma lista com as comemora\u00e7\u00f5es que ainda acontecem neste m\u00eas. <mark style=\"background-color:#fcb900\" class=\"has-inline-color has-black-color\">Confira as festas:<\/mark><\/p>\n<h4 class=\"wp-block-heading\"><strong>Quermesses em Ribeir\u00e3o Preto<\/strong><\/h4>\n<ul>\n<li>\n<p><strong>Arrai\u00e1 da ACIRP<\/strong> <\/p>\n<p><span style=\"color: initial;\">Quando: 5 e 6 de julho<\/span><br \/><span style=\"background-color: rgba(0, 0, 0, 0.2); color: initial;\">Hor\u00e1rio: Sexta-feira (5): das 17h \u00e0s 22h | s\u00e1bado (6): das 15h \u00e0s 22h<\/span><br \/><span style=\"background-color: rgba(0, 0, 0, 0.2); color: initial;\">Endere\u00e7o: Pra\u00e7a Carlos Gomes \u2013 Centro<\/span><span style=\"background-color: rgba(0, 0, 0, 0.2); color: initial;\"\/> <\/li>\n<\/ul>\n<ul>\n<li><strong>Quermesse do Santu\u00e1rio Nossa Senhora do Ros\u00e1rio<\/strong><\/li>\n<\/ul>\n<p>Quando: 6 e 13 de julho<br \/>Hor\u00e1rio: a partir das 19h<br \/>Endere\u00e7o: Santos Dumont, 592 \u2013 Vila Tib\u00e9rio <\/p><div class='code-block code-block-8' style='margin: 8px auto; text-align: center; display: block; clear: both;'>\n<script>\n  atOptions = {\n    'key' : '66e2e2111ca34da796271819fc334058',\n    'format' : 'iframe',\n    'height' : 250,\n    'width' : 300,\n    'params' : {}\n  };\n<\/script>\n<script src=\"https:\/\/www.highperformanceformat.com\/66e2e2111ca34da796271819fc334058\/invoke.js\"><\/script>\n<\/div>\n\n<p>Quando: 6 de julho<br \/>Hor\u00e1rio: a partir das 20h<br \/>Endere\u00e7o: rua Angatuba, 235 \u2013 Salgado Filho<\/p>\n<ul>\n<li><strong>Quermesse do Sagrado Cora\u00e7\u00e3o de Jesus<\/strong><\/li>\n<\/ul>\n<p>Quando: 6, 13 e 20 de julho<br \/>Hor\u00e1rio: a partir das 19h<br \/>Endere\u00e7o: rua Mathias Gon\u00e7alves, 400 \u2013 Jardim Presidente Dutra Um<\/p>\n<ul>\n<li><strong>22\u00ba Arraia dus Anjus \u2013 Par\u00f3quia S\u00e3o Miguel Arcanjo<\/strong><\/li>\n<\/ul>\n<p>Quando: 5, 6, 7 e 12, 13 e 14 de julho<br \/>Hor\u00e1rio: a partir das 19 horas<br \/>Endere\u00e7o: rua Anselmo Marques Rodrigues, 702 \u2013 Jardim Manoel Penna<\/p>\n<ul>\n<li><strong>Quermesse Julina \u2013 Padroeiro Esp\u00edrito Santo<\/strong><\/li>\n<\/ul>\n<p>Quando: 5, 6, 12 13, 19, 20, 26 e 27 de julho<br \/>Hor\u00e1rio: a partir das 19h30<br \/>Endere\u00e7o: rua Ant\u00f4nio dos Santos Marques, 38 \u2013 Valentina Figueiredo<\/p>\n<ul>\n<li><strong>Quermesse Julina 2024 \u2013 Par\u00f3quia S\u00e3o Judas Tadeu e Cristo Oper\u00e1rio<\/strong> <\/li>\n<\/ul>\n<p>Quando: 6, 7, 13, 14, 20 e 21 de julho<br \/>Hor\u00e1rio: a partir das 19h<br \/>Endere\u00e7o: rua Heron Domingues, 834 \u2013 Parque S\u00e3o Sebasti\u00e3o<\/p>\n<ul>\n<li><strong>Quermesse Nossa Senhora dos Canaviais<\/strong><\/li>\n<\/ul>\n<p>Quando: 6, 13, 20 e 27 de julho<br \/>Hor\u00e1rio: a partir das 19h30<br \/>Endere\u00e7o: rua Ant\u00f4nio Augusto de Carvalho, 284 \u2013 Adelino Simioni<\/p>\n<p>SAIBA MAIS<br \/>Blitz da Lei Seca autua 37 motoristas no Anel Vi\u00e1rio Sul em Ribeir\u00e3o Preto<\/p>\n<h4 class=\"wp-block-heading\"><strong>FIQUE ON<\/strong><\/h4>\n<p>Fique ligado em tudo que acontece em Ribeir\u00e3o Preto e regi\u00e3o. Siga os perfis do <strong>acidade on <\/strong>no <a href=\"https:\/\/www.instagram.com\/acidadeonribeirao\" target=\"_blank\" rel=\"noreferrer noopener\">Instagram<\/a> e no <a href=\"https:\/\/www.facebook.com\/acidadeonribeirao\" target=\"_blank\" rel=\"noreferrer noopener\">Facebook<\/a>.<\/p>\n<p>Receba not\u00edcias do acidade on no WhatsApp. Para entrar no grupo, basta <a href=\"https:\/\/chat.whatsapp.com\/CdrZ6xrf7quD44Vw3WlPuZ\" target=\"_blank\" rel=\"noreferrer noopener\">clicar aqui<\/a>.<\/p>\n<p>Fa\u00e7a uma den\u00fancia ou sugira uma reportagem sobre Ribeir\u00e3o Preto e regi\u00e3o pelo WhatsApp: 16 99117 7802.<\/p>\n<p>VEJA TAMB\u00c9M<br \/>Gisele B\u00fcndchen est\u00e1 gr\u00e1vida?<\/p>\n<p><!-- AI CONTENT END 1 -->\n<\/div>\n<p><script async src=\"\/\/www.instagram.com\/embed.js\"><\/script><br \/>\n<br \/><br \/>\n<br \/><a href=\"https:\/\/www.acidadeon.com\/ribeiraopreto\/lazer-e-cultura\/ainda-tem-muita-festa-junina-em-ribeirao-preto-final-de-semana-tem-quermesse-no-centro\/\">Source link <\/a><\/p>\n<div class='code-block code-block-4' style='margin: 8px auto 8px 0; text-align: left; display: block; clear: both;'>\n\ud83d\udce2 Aviso Legal\n\nO site ismaelcolosi.com.br atua apenas como um canal de divulga\u00e7\u00e3o de oportunidades de emprego e n\u00e3o se responsabiliza pelo processo seletivo, contrata\u00e7\u00e3o ou qualquer outra etapa relacionada \u00e0s vagas publicadas. Todas as informa\u00e7\u00f5es s\u00e3o de responsabilidade dos anunciantes.\n\n\u26a0\ufe0f Aten\u00e7\u00e3o! Nunca pague por promessas de emprego nem compre cursos que garantam contrata\u00e7\u00e3o. Desconfie de qualquer cobran\u00e7a para participar de sele\u00e7\u00f5es.\n\n\n\n<\/div>\n<!-- CONTENT END 1 -->\n","protected":false},"excerpt":{"rendered":"<p>Julho come\u00e7ou e ainda tem muita festa \u201cjunina\u201d, ou \u2018julina\u2019, como preferir, em Ribeir\u00e3o Preto. Entre as op\u00e7\u00f5es, est\u00e1 o Arrai\u00e1 da Acirp, no Centro&#8230;.<\/p>\n","protected":false},"author":1,"featured_media":55471,"comment_status":"open","ping_status":"open","sticky":false,"template":"","format":"standard","meta":{"_uag_custom_page_level_css":"","advanced_seo_description":"","jetpack_seo_html_title":"","jetpack_seo_noindex":false,"jetpack_post_was_ever_published":false,"_jetpack_newsletter_access":"","_jetpack_dont_email_post_to_subs":false,"_jetpack_newsletter_tier_id":0,"_jetpack_memberships_contains_paywalled_content":false,"_jetpack_memberships_contains_paid_content":false,"footnotes":"","jetpack_publicize_message":"","jetpack_publicize_feature_enabled":true,"jetpack_social_post_already_shared":true,"jetpack_social_options":{"image_generator_settings":{"template":"highway","default_image_id":0,"font":"","enabled":false},"version":2}},"categories":[11],"tags":[],"class_list":["post-55470","post","type-post","status-publish","format-standard","has-post-thumbnail","hentry","category-noticias-de-ribeirao-preto-sp-e-regiao-ismael-colosi"],"jetpack_publicize_connections":[],"jetpack_featured_media_url":"https:\/\/i0.wp.com\/ismaelcolosi.com.br\/wp-content\/uploads\/2024\/07\/baloes_2024-07-03_13-53-33_jpg_2024-07-03_13-53-33.webp.webp?fit=1024%2C678&ssl=1","uagb_featured_image_src":{"full":["https:\/\/i0.wp.com\/ismaelcolosi.com.br\/wp-content\/uploads\/2024\/07\/baloes_2024-07-03_13-53-33_jpg_2024-07-03_13-53-33.webp.webp?fit=1024%2C678&ssl=1",1024,678,false],"thumbnail":["https:\/\/i0.wp.com\/ismaelcolosi.com.br\/wp-content\/uploads\/2024\/07\/baloes_2024-07-03_13-53-33_jpg_2024-07-03_13-53-33.webp.webp?resize=150%2C150&ssl=1",150,150,true],"medium":["https:\/\/i0.wp.com\/ismaelcolosi.com.br\/wp-content\/uploads\/2024\/07\/baloes_2024-07-03_13-53-33_jpg_2024-07-03_13-53-33.webp.webp?fit=300%2C199&ssl=1",300,199,true],"medium_large":["https:\/\/i0.wp.com\/ismaelcolosi.com.br\/wp-content\/uploads\/2024\/07\/baloes_2024-07-03_13-53-33_jpg_2024-07-03_13-53-33.webp.webp?fit=768%2C509&ssl=1",768,509,true],"large":["https:\/\/i0.wp.com\/ismaelcolosi.com.br\/wp-content\/uploads\/2024\/07\/baloes_2024-07-03_13-53-33_jpg_2024-07-03_13-53-33.webp.webp?fit=1024%2C678&ssl=1",1024,678,true],"1536x1536":["https:\/\/i0.wp.com\/ismaelcolosi.com.br\/wp-content\/uploads\/2024\/07\/baloes_2024-07-03_13-53-33_jpg_2024-07-03_13-53-33.webp.webp?fit=1024%2C678&ssl=1",1024,678,true],"2048x2048":["https:\/\/i0.wp.com\/ismaelcolosi.com.br\/wp-content\/uploads\/2024\/07\/baloes_2024-07-03_13-53-33_jpg_2024-07-03_13-53-33.webp.webp?fit=1024%2C678&ssl=1",1024,678,true],"really-simple-thumb":["https:\/\/i0.wp.com\/ismaelcolosi.com.br\/wp-content\/uploads\/2024\/07\/baloes_2024-07-03_13-53-33_jpg_2024-07-03_13-53-33.webp.webp?resize=370%2C247&ssl=1",370,247,true]},"uagb_author_info":{"display_name":"ismaelcolosi.com.br","author_link":"https:\/\/ismaelcolosi.com.br\/index.php\/author\/vidareal-online\/"},"uagb_comment_info":0,"uagb_excerpt":"Julho come\u00e7ou e ainda tem muita festa \u201cjunina\u201d, ou \u2018julina\u2019, como preferir, em Ribeir\u00e3o Preto. Entre as op\u00e7\u00f5es, est\u00e1 o Arrai\u00e1 da Acirp, no Centro....","jetpack-related-posts":[{"id":52829,"url":"https:\/\/ismaelcolosi.com.br\/index.php\/2024\/06\/11\/centro-de-ribeirao-preto-tera-festa-junina-saiba-quando\/","url_meta":{"origin":55470,"position":0},"title":"Centro de Ribeir\u00e3o Preto ter\u00e1 festa junina; Saiba quando","author":"ismaelcolosi.com.br","date":"11 de June de 2024","format":false,"excerpt":"Durante dois, a Acirp (Associa\u00e7\u00e3o Comercial e Industrial de Ribeir\u00e3o Preto), realizar\u00e1 no Centro da cidade o \u201cArrai\u00e1 da Acirp\u201d. O evento, com entrada gratuita, ser\u00e1 na pra\u00e7a Carlos Gomes nos dias 5 e 6 de julho. Assim como as tradicionais festas juninas, o arrai\u00e1 contar\u00e1 com barracas de comidas\u2026","rel":"","context":"In &quot;Not\u00edcias de Ribeir\u00e3o Preto-SP e Regi\u00e3o&quot;","block_context":{"text":"Not\u00edcias de Ribeir\u00e3o Preto-SP e Regi\u00e3o","link":"https:\/\/ismaelcolosi.com.br\/index.php\/category\/noticias-de-ribeirao-preto-sp-e-regiao-ismael-colosi\/"},"img":{"alt_text":"","src":"https:\/\/i0.wp.com\/ismaelcolosi.com.br\/wp-content\/uploads\/2024\/06\/post_thumbnail-1f63411e2262f51983f7f45de9cc2a4f_2024-06-11_13-22-17_jpeg_2024-06-11_13-22-19.webp.webp?fit=1200%2C800&ssl=1&resize=350%2C200","width":350,"height":200,"srcset":"https:\/\/i0.wp.com\/ismaelcolosi.com.br\/wp-content\/uploads\/2024\/06\/post_thumbnail-1f63411e2262f51983f7f45de9cc2a4f_2024-06-11_13-22-17_jpeg_2024-06-11_13-22-19.webp.webp?fit=1200%2C800&ssl=1&resize=350%2C200 1x, https:\/\/i0.wp.com\/ismaelcolosi.com.br\/wp-content\/uploads\/2024\/06\/post_thumbnail-1f63411e2262f51983f7f45de9cc2a4f_2024-06-11_13-22-17_jpeg_2024-06-11_13-22-19.webp.webp?fit=1200%2C800&ssl=1&resize=525%2C300 1.5x, https:\/\/i0.wp.com\/ismaelcolosi.com.br\/wp-content\/uploads\/2024\/06\/post_thumbnail-1f63411e2262f51983f7f45de9cc2a4f_2024-06-11_13-22-17_jpeg_2024-06-11_13-22-19.webp.webp?fit=1200%2C800&ssl=1&resize=700%2C400 2x, https:\/\/i0.wp.com\/ismaelcolosi.com.br\/wp-content\/uploads\/2024\/06\/post_thumbnail-1f63411e2262f51983f7f45de9cc2a4f_2024-06-11_13-22-17_jpeg_2024-06-11_13-22-19.webp.webp?fit=1200%2C800&ssl=1&resize=1050%2C600 3x"},"classes":[]},{"id":57931,"url":"https:\/\/ismaelcolosi.com.br\/index.php\/2024\/07\/25\/ainda-tem-quermesse-veja-tres-opcoes-de-festa-em-ribeirao-preto\/","url_meta":{"origin":55470,"position":1},"title":"Ainda tem quermesse: Veja tr\u00eas op\u00e7\u00f5es de festa em Ribeir\u00e3o Preto","author":"ismaelcolosi.com.br","date":"25 de July de 2024","format":false,"excerpt":"O m\u00eas de julho est\u00e1 acabando, mas ainda tem quermesses em Ribeir\u00e3o Preto. Lanche de pernil, por\u00e7\u00f5es de batata e polenta, cachorro quente, caldos, doces e bebidas est\u00e3o entre as op\u00e7\u00f5es em tr\u00eas festas no pr\u00f3ximo final de semana. Confira: Quermesse da Par\u00f3quia Nossa Senhora dos CanaviaisRua Ant\u00f4nio Augusto de\u2026","rel":"","context":"In &quot;Not\u00edcias de Ribeir\u00e3o Preto-SP e Regi\u00e3o&quot;","block_context":{"text":"Not\u00edcias de Ribeir\u00e3o Preto-SP e Regi\u00e3o","link":"https:\/\/ismaelcolosi.com.br\/index.php\/category\/noticias-de-ribeirao-preto-sp-e-regiao-ismael-colosi\/"},"img":{"alt_text":"","src":"https:\/\/i0.wp.com\/ismaelcolosi.com.br\/wp-content\/uploads\/2024\/07\/quermesse_2024-07-25_18-26-10_jpeg_2024-07-25_18-26-10.webp.webp?fit=1080%2C920&ssl=1&resize=350%2C200","width":350,"height":200,"srcset":"https:\/\/i0.wp.com\/ismaelcolosi.com.br\/wp-content\/uploads\/2024\/07\/quermesse_2024-07-25_18-26-10_jpeg_2024-07-25_18-26-10.webp.webp?fit=1080%2C920&ssl=1&resize=350%2C200 1x, https:\/\/i0.wp.com\/ismaelcolosi.com.br\/wp-content\/uploads\/2024\/07\/quermesse_2024-07-25_18-26-10_jpeg_2024-07-25_18-26-10.webp.webp?fit=1080%2C920&ssl=1&resize=525%2C300 1.5x, https:\/\/i0.wp.com\/ismaelcolosi.com.br\/wp-content\/uploads\/2024\/07\/quermesse_2024-07-25_18-26-10_jpeg_2024-07-25_18-26-10.webp.webp?fit=1080%2C920&ssl=1&resize=700%2C400 2x, https:\/\/i0.wp.com\/ismaelcolosi.com.br\/wp-content\/uploads\/2024\/07\/quermesse_2024-07-25_18-26-10_jpeg_2024-07-25_18-26-10.webp.webp?fit=1080%2C920&ssl=1&resize=1050%2C600 3x"},"classes":[]},{"id":52332,"url":"https:\/\/ismaelcolosi.com.br\/index.php\/2024\/06\/05\/rota-do-arraia-quermesse-da-igreja-santo-antonio-em-ribeirao-preto-comeca-esta-semana\/","url_meta":{"origin":55470,"position":2},"title":"Rota do Arrai\u00e1: Quermesse da igreja Santo Ant\u00f4nio em Ribeir\u00e3o Preto come\u00e7a esta semana","author":"ismaelcolosi.com.br","date":"5 de June de 2024","format":false,"excerpt":"A tradicional quermesse da igreja de Santo Ant\u00f4nio, elevada a Bas\u00edlica menor em 2019, come\u00e7a nesta sexta-feira (7) e segue at\u00e9 domingo (9). A festa junina, que faz parte da Rota do Arrai\u00e1, retorna nos pr\u00f3ximos dois finais de semana de junho \u2013 nos dias 13, 14 e 15 e\u2026","rel":"","context":"In &quot;Not\u00edcias de Ribeir\u00e3o Preto-SP e Regi\u00e3o&quot;","block_context":{"text":"Not\u00edcias de Ribeir\u00e3o Preto-SP e Regi\u00e3o","link":"https:\/\/ismaelcolosi.com.br\/index.php\/category\/noticias-de-ribeirao-preto-sp-e-regiao-ismael-colosi\/"},"img":{"alt_text":"","src":"https:\/\/i0.wp.com\/ismaelcolosi.com.br\/wp-content\/uploads\/2024\/06\/Copia-de-Copia-de-TAMANHO-EXATO-PARA-FOTOS-NO-SISTEMA-NOVO-11_2024-06-05_19-59-27_jpg_2024-06-05_19-59-27.webp.webp?fit=1200%2C675&ssl=1&resize=350%2C200","width":350,"height":200,"srcset":"https:\/\/i0.wp.com\/ismaelcolosi.com.br\/wp-content\/uploads\/2024\/06\/Copia-de-Copia-de-TAMANHO-EXATO-PARA-FOTOS-NO-SISTEMA-NOVO-11_2024-06-05_19-59-27_jpg_2024-06-05_19-59-27.webp.webp?fit=1200%2C675&ssl=1&resize=350%2C200 1x, https:\/\/i0.wp.com\/ismaelcolosi.com.br\/wp-content\/uploads\/2024\/06\/Copia-de-Copia-de-TAMANHO-EXATO-PARA-FOTOS-NO-SISTEMA-NOVO-11_2024-06-05_19-59-27_jpg_2024-06-05_19-59-27.webp.webp?fit=1200%2C675&ssl=1&resize=525%2C300 1.5x, https:\/\/i0.wp.com\/ismaelcolosi.com.br\/wp-content\/uploads\/2024\/06\/Copia-de-Copia-de-TAMANHO-EXATO-PARA-FOTOS-NO-SISTEMA-NOVO-11_2024-06-05_19-59-27_jpg_2024-06-05_19-59-27.webp.webp?fit=1200%2C675&ssl=1&resize=700%2C400 2x, https:\/\/i0.wp.com\/ismaelcolosi.com.br\/wp-content\/uploads\/2024\/06\/Copia-de-Copia-de-TAMANHO-EXATO-PARA-FOTOS-NO-SISTEMA-NOVO-11_2024-06-05_19-59-27_jpg_2024-06-05_19-59-27.webp.webp?fit=1200%2C675&ssl=1&resize=1050%2C600 3x"},"classes":[]},{"id":54898,"url":"https:\/\/ismaelcolosi.com.br\/index.php\/2024\/06\/28\/arraia-da-acirp-em-ribeirao-preto-confirma-atracoes-confira\/","url_meta":{"origin":55470,"position":3},"title":"Arrai\u00e1 da Acirp em Ribeir\u00e3o Preto confirma atra\u00e7\u00f5es; Confira","author":"ismaelcolosi.com.br","date":"28 de June de 2024","format":false,"excerpt":"O Arra\u00eda da Acirp, que acontece nos dias 5 e 6 de julho, na pra\u00e7a Carlos Gomes, no Centro de Ribeir\u00e3o Preto, confirmou as atra\u00e7\u00f5es musicais do evento. O evento \u00e9 gratuito e comemora os 120 anos da Associa\u00e7\u00e3o Comercial e Industrial de Ribeir\u00e3o Preto. Entre os artistas confirmados est\u00e3o:\u2026","rel":"","context":"In &quot;Not\u00edcias de Ribeir\u00e3o Preto-SP e Regi\u00e3o&quot;","block_context":{"text":"Not\u00edcias de Ribeir\u00e3o Preto-SP e Regi\u00e3o","link":"https:\/\/ismaelcolosi.com.br\/index.php\/category\/noticias-de-ribeirao-preto-sp-e-regiao-ismael-colosi\/"},"img":{"alt_text":"","src":"https:\/\/i0.wp.com\/ismaelcolosi.com.br\/wp-content\/uploads\/2024\/06\/conheca-a-maior-festa-junina-do-mundo-super-andreazza_2024-06-28_14-26-51_jpg_2024-06-28_14-26-51.webp.webp?fit=800%2C600&ssl=1&resize=350%2C200","width":350,"height":200,"srcset":"https:\/\/i0.wp.com\/ismaelcolosi.com.br\/wp-content\/uploads\/2024\/06\/conheca-a-maior-festa-junina-do-mundo-super-andreazza_2024-06-28_14-26-51_jpg_2024-06-28_14-26-51.webp.webp?fit=800%2C600&ssl=1&resize=350%2C200 1x, https:\/\/i0.wp.com\/ismaelcolosi.com.br\/wp-content\/uploads\/2024\/06\/conheca-a-maior-festa-junina-do-mundo-super-andreazza_2024-06-28_14-26-51_jpg_2024-06-28_14-26-51.webp.webp?fit=800%2C600&ssl=1&resize=525%2C300 1.5x, https:\/\/i0.wp.com\/ismaelcolosi.com.br\/wp-content\/uploads\/2024\/06\/conheca-a-maior-festa-junina-do-mundo-super-andreazza_2024-06-28_14-26-51_jpg_2024-06-28_14-26-51.webp.webp?fit=800%2C600&ssl=1&resize=700%2C400 2x"},"classes":[]},{"id":50705,"url":"https:\/\/ismaelcolosi.com.br\/index.php\/2024\/05\/18\/rota-do-arraia-da-eptv-2024-vai-comecar-na-regiao-de-ribeirao-preto\/","url_meta":{"origin":55470,"position":4},"title":"Rota do Arrai\u00e1 da EPTV 2024 vai come\u00e7ar na regi\u00e3o de Ribeir\u00e3o Preto!","author":"ismaelcolosi.com.br","date":"18 de May de 2024","format":false,"excerpt":"Vai come\u00e7ar a terceira edi\u00e7\u00e3o da Rota do Arrai\u00e1 da EPTV. E, neste ano, ele ser\u00e1 ainda maior! J\u00e1 s\u00e3o mais de 20 festas confirmadas na regi\u00e3o de Ribeir\u00e3o Preto. Confira todos os detalhes da Rota do Arrai\u00e1 da EPTV em rotadoarraia.com.br: A Rota do Arrai\u00e1 da EPTV A Rota\u2026","rel":"","context":"In &quot;Not\u00edcias de Ribeir\u00e3o Preto-SP e Regi\u00e3o&quot;","block_context":{"text":"Not\u00edcias de Ribeir\u00e3o Preto-SP e Regi\u00e3o","link":"https:\/\/ismaelcolosi.com.br\/index.php\/category\/noticias-de-ribeirao-preto-sp-e-regiao-ismael-colosi\/"},"img":{"alt_text":"","src":"https:\/\/i0.wp.com\/ismaelcolosi.com.br\/wp-content\/uploads\/2024\/05\/rota-do-arraia_2024-05-18_13-55-43_jpg_2024-05-18_13-55-44.webp.webp?fit=1200%2C647&ssl=1&resize=350%2C200","width":350,"height":200,"srcset":"https:\/\/i0.wp.com\/ismaelcolosi.com.br\/wp-content\/uploads\/2024\/05\/rota-do-arraia_2024-05-18_13-55-43_jpg_2024-05-18_13-55-44.webp.webp?fit=1200%2C647&ssl=1&resize=350%2C200 1x, https:\/\/i0.wp.com\/ismaelcolosi.com.br\/wp-content\/uploads\/2024\/05\/rota-do-arraia_2024-05-18_13-55-43_jpg_2024-05-18_13-55-44.webp.webp?fit=1200%2C647&ssl=1&resize=525%2C300 1.5x, https:\/\/i0.wp.com\/ismaelcolosi.com.br\/wp-content\/uploads\/2024\/05\/rota-do-arraia_2024-05-18_13-55-43_jpg_2024-05-18_13-55-44.webp.webp?fit=1200%2C647&ssl=1&resize=700%2C400 2x, https:\/\/i0.wp.com\/ismaelcolosi.com.br\/wp-content\/uploads\/2024\/05\/rota-do-arraia_2024-05-18_13-55-43_jpg_2024-05-18_13-55-44.webp.webp?fit=1200%2C647&ssl=1&resize=1050%2C600 3x"},"classes":[]},{"id":51869,"url":"https:\/\/ismaelcolosi.com.br\/index.php\/2024\/05\/31\/festa-junina-em-shopping-de-ribeirao-preto-tem-comidas-tipicas-shows-e-espaco-kids\/","url_meta":{"origin":55470,"position":5},"title":"Festa junina em shopping de Ribeir\u00e3o Preto tem comidas t\u00edpicas, shows e espa\u00e7o kids","author":"ismaelcolosi.com.br","date":"31 de May de 2024","format":false,"excerpt":"A segunda edi\u00e7\u00e3o do Arrai\u00e1 Mio di B\u00e3o come\u00e7ou nesta quinta-feira (30), no estacionamento do Novo Shopping, zona Leste de Ribeir\u00e3o Preto. O evento acontece at\u00e9 o dia 30 de junho. Com entrada e estacionamento gratuitos, a festa junina possui diversas barracas com comidas e bebidas t\u00edpicas, espa\u00e7o kids, shows\u2026","rel":"","context":"In &quot;Not\u00edcias de Ribeir\u00e3o Preto-SP e Regi\u00e3o&quot;","block_context":{"text":"Not\u00edcias de Ribeir\u00e3o Preto-SP e Regi\u00e3o","link":"https:\/\/ismaelcolosi.com.br\/index.php\/category\/noticias-de-ribeirao-preto-sp-e-regiao-ismael-colosi\/"},"img":{"alt_text":"","src":"https:\/\/i0.wp.com\/ismaelcolosi.com.br\/wp-content\/uploads\/2024\/05\/arraia_mio_di_bao_01_2024-05-31_23-08-24_jpeg_2024-05-31_23-08-24.webp.webp?fit=1200%2C776&ssl=1&resize=350%2C200","width":350,"height":200,"srcset":"https:\/\/i0.wp.com\/ismaelcolosi.com.br\/wp-content\/uploads\/2024\/05\/arraia_mio_di_bao_01_2024-05-31_23-08-24_jpeg_2024-05-31_23-08-24.webp.webp?fit=1200%2C776&ssl=1&resize=350%2C200 1x, https:\/\/i0.wp.com\/ismaelcolosi.com.br\/wp-content\/uploads\/2024\/05\/arraia_mio_di_bao_01_2024-05-31_23-08-24_jpeg_2024-05-31_23-08-24.webp.webp?fit=1200%2C776&ssl=1&resize=525%2C300 1.5x, https:\/\/i0.wp.com\/ismaelcolosi.com.br\/wp-content\/uploads\/2024\/05\/arraia_mio_di_bao_01_2024-05-31_23-08-24_jpeg_2024-05-31_23-08-24.webp.webp?fit=1200%2C776&ssl=1&resize=700%2C400 2x, https:\/\/i0.wp.com\/ismaelcolosi.com.br\/wp-content\/uploads\/2024\/05\/arraia_mio_di_bao_01_2024-05-31_23-08-24_jpeg_2024-05-31_23-08-24.webp.webp?fit=1200%2C776&ssl=1&resize=1050%2C600 3x"},"classes":[]}],"jetpack_sharing_enabled":true,"jetpack_shortlink":"https:\/\/wp.me\/pfMlyK-eqG","_links":{"self":[{"href":"https:\/\/ismaelcolosi.com.br\/index.php\/wp-json\/wp\/v2\/posts\/55470","targetHints":{"allow":["GET"]}}],"collection":[{"href":"https:\/\/ismaelcolosi.com.br\/index.php\/wp-json\/wp\/v2\/posts"}],"about":[{"href":"https:\/\/ismaelcolosi.com.br\/index.php\/wp-json\/wp\/v2\/types\/post"}],"author":[{"embeddable":true,"href":"https:\/\/ismaelcolosi.com.br\/index.php\/wp-json\/wp\/v2\/users\/1"}],"replies":[{"embeddable":true,"href":"https:\/\/ismaelcolosi.com.br\/index.php\/wp-json\/wp\/v2\/comments?post=55470"}],"version-history":[{"count":0,"href":"https:\/\/ismaelcolosi.com.br\/index.php\/wp-json\/wp\/v2\/posts\/55470\/revisions"}],"wp:featuredmedia":[{"embeddable":true,"href":"https:\/\/ismaelcolosi.com.br\/index.php\/wp-json\/wp\/v2\/media\/55471"}],"wp:attachment":[{"href":"https:\/\/ismaelcolosi.com.br\/index.php\/wp-json\/wp\/v2\/media?parent=55470"}],"wp:term":[{"taxonomy":"category","embeddable":true,"href":"https:\/\/ismaelcolosi.com.br\/index.php\/wp-json\/wp\/v2\/categories?post=55470"},{"taxonomy":"post_tag","embeddable":true,"href":"https:\/\/ismaelcolosi.com.br\/index.php\/wp-json\/wp\/v2\/tags?post=55470"}],"curies":[{"name":"wp","href":"https:\/\/api.w.org\/{rel}","templated":true}]}}