{"id":55444,"date":"2024-07-03T10:02:47","date_gmt":"2024-07-03T13:02:47","guid":{"rendered":"https:\/\/ismaelcolosi.com.br\/index.php\/2024\/07\/03\/marisa-orth-e-tania-bondezan-se-apresentam-este-fim-de-semana-em-ribeirao-confira\/"},"modified":"2024-07-03T10:02:47","modified_gmt":"2024-07-03T13:02:47","slug":"marisa-orth-e-tania-bondezan-se-apresentam-este-fim-de-semana-em-ribeirao-confira","status":"publish","type":"post","link":"https:\/\/ismaelcolosi.com.br\/index.php\/2024\/07\/03\/marisa-orth-e-tania-bondezan-se-apresentam-este-fim-de-semana-em-ribeirao-confira\/","title":{"rendered":"Marisa Orth e Tania Bondezan se apresentam este fim de semana em Ribeir\u00e3o; Confira"},"content":{"rendered":"<p> <br \/>\n<\/p>\n<div>\n<p>As atrizes <strong>Marisa Orth<\/strong> e <strong>Tania Bondezan<\/strong> trazem para <strong>Ribeir\u00e3o Preto <\/strong>a pe\u00e7a \u201c<strong>Radojka \u2013 Uma Com\u00e9dia Friamente Calculada<\/strong>\u201d, com duas sess\u00f5es no<strong> Theatro Pedro II<\/strong>, no <strong>s\u00e1bado (6) <\/strong>e no <strong>domingo (7)<\/strong>.<\/p>\n<p>O espet\u00e1culo \u00e9 in\u00e9dito no <strong>Brasil<\/strong> e dirigido por<strong> Odilon Wagner<\/strong>. A pe\u00e7a foi escrita pelos uruguaios <strong>Fernando Schmidt<\/strong> e <strong>Cristian Ibarzabal<\/strong> e encenado em 12 pa\u00edses.<\/p><div class='code-block code-block-8' style='margin: 8px auto; text-align: center; display: block; clear: both;'>\n<script>\n  atOptions = {\n    'key' : '66e2e2111ca34da796271819fc334058',\n    'format' : 'iframe',\n    'height' : 250,\n    'width' : 300,\n    'params' : {}\n  };\n<\/script>\n<script src=\"https:\/\/www.highperformanceformat.com\/66e2e2111ca34da796271819fc334058\/invoke.js\"><\/script>\n<\/div>\n\n<p>A pe\u00e7a acompanha duas cuidadoras de idosos, <strong>Gl\u00f3ria<\/strong> e <strong>L\u00facia<\/strong>, que trabalham em diferentes turnos para cuidar de <strong>Radojka<\/strong>, uma senhora s\u00e9rvia que vive longe de sua fam\u00edlia, at\u00e9 que a senhora falece, ap\u00f3s um acidente dom\u00e9stico.<\/p>\n<p>A partir disso, a apresenta\u00e7\u00e3o se baseia nos planos das cuidadoras para <strong>n\u00e3o perder o emprego<\/strong>, o que acaba resultando em situa\u00e7\u00f5es bizarras.<\/p>\n<h4 class=\"wp-block-heading\"><strong>Ingressos<\/strong><\/h4>\n<p>No <strong>s\u00e1bado (6)<\/strong>, a pe\u00e7a inicia \u00e0s <strong>20h <\/strong>e, no <strong>domingo (7)<\/strong>, \u00e0s <strong>19h<\/strong>. Os ingressos podem ser adquiridos de<strong>\u00a0forma on-line<\/strong> (<a href=\"https:\/\/www.megabilheteria.com\/evento\/temporada?id=20190702164255\" target=\"_blank\" rel=\"noreferrer noopener\">clique aqui<\/a>)\u00a0ou na\u00a0<strong>bilheteria do Theatro <\/strong>(<a href=\"https:\/\/www.theatropedro2.com.br\/comprar-ingresso.php\" target=\"_blank\" rel=\"noreferrer noopener\">clique aqui e confira o hor\u00e1rio de funcionamento<\/a>). Confira os valores e setores:<\/p>\n<ul>\n<li>Balc\u00e3o Simples | R$ 40 (meia-entrada) R$ 80 (inteira)<\/li>\n<li>Balc\u00e3o Nobre | R$ 50 (meia-entrada) R$ 100 (inteira)<\/li>\n<li>Frisas | R$ 60 (meia-entrada) R$ 120 (inteira)<\/li>\n<li>Plateia | R$ 120 (inteira)<\/li>\n<\/ul>\n<p>A <strong>meia-entrada<\/strong> para o setor <strong>frisa <\/strong>no <strong>s\u00e1bado (6)<\/strong> <mark style=\"background-color:#fcb900\" class=\"has-inline-color has-black-color\">est\u00e3o indispon\u00edveis.<\/mark> O site conta com uma taxa de servi\u00e7o que varia de acordo com o setor escolhido. Os valores dos ingressos est\u00e3o sujeito \u00e0 altera\u00e7\u00e3o sem aviso pr\u00e9vio. <\/p>\n<h4 class=\"wp-block-heading\"><strong>Servi\u00e7o <\/strong><\/h4>\n<p><em>Marisa Orth e Tania Bondezan \u2013 Radojka \u2013 Uma Com\u00e9dia Friamente Calculada<\/em><\/p>\n<p><strong>Quando:<\/strong> 6 e 7 de julho, s\u00e1bado e domingo <br \/><strong>Hor\u00e1rio:<\/strong> S\u00e1bado (6) \u00e0s 20h e domingo (7) \u00e0s 19h <br \/><strong>Local:<\/strong> Theatro Pedro II<br \/><strong>Endere\u00e7o:<\/strong> Rua \u00c1lvares Cabral, 370 \u2013 Centro <br \/><strong>Ingressos:<\/strong> A partir de R$ 40 no site (<a href=\"https:\/\/www.megabilheteria.com\/evento\/temporada?id=20190702164255\" target=\"_blank\" rel=\"noreferrer noopener\">clique aqui<\/a>)\u00a0ou na\u00a0<strong>bilheteria do Theatro<\/strong><\/p>\n<p>SAIBA MAIS<br \/>PM encontra maconha \u2018colombinha\u2019 com adolescente em Ribeir\u00e3o Preto<\/p>\n<h4 class=\"wp-block-heading\"><strong>FIQUE ON<\/strong><\/h4>\n<p>Fique ligado em tudo que acontece em Ribeir\u00e3o Preto e regi\u00e3o. Siga os perfis do <strong>acidade on <\/strong>no <a href=\"https:\/\/www.instagram.com\/acidadeonribeirao\" target=\"_blank\" rel=\"noreferrer noopener\">Instagram<\/a> e no <a href=\"https:\/\/www.facebook.com\/acidadeonribeirao\" target=\"_blank\" rel=\"noreferrer noopener\">Facebook<\/a>.<\/p>\n<p>Receba not\u00edcias do acidade on no WhatsApp. Para entrar no grupo, basta <a href=\"https:\/\/chat.whatsapp.com\/CdrZ6xrf7quD44Vw3WlPuZ\" target=\"_blank\" rel=\"noreferrer noopener\">clicar aqui<\/a>.<\/p>\n<p>Fa\u00e7a uma den\u00fancia ou sugira uma reportagem sobre Ribeir\u00e3o Preto e regi\u00e3o pelo WhatsApp: 16 99117 7802.<\/p>\n<p>VEJA TAMB\u00c9M<br \/>Ti\u00e3o Galinha morre em Renascer?<\/p>\n<p><!-- AI CONTENT END 1 -->\n<\/div>\n<p><script async src=\"\/\/www.instagram.com\/embed.js\"><\/script><br \/>\n<br \/><br \/>\n<br \/><a href=\"https:\/\/www.acidadeon.com\/ribeiraopreto\/lazer-e-cultura\/marisa-orth-e-tania-bondezan-se-apresentam-este-fim-de-semana-em-ribeirao-confira\/\">Source link <\/a><\/p>\n<div class='code-block code-block-4' style='margin: 8px auto 8px 0; text-align: left; display: block; clear: both;'>\n\ud83d\udce2 Aviso Legal\n\nO site ismaelcolosi.com.br atua apenas como um canal de divulga\u00e7\u00e3o de oportunidades de emprego e n\u00e3o se responsabiliza pelo processo seletivo, contrata\u00e7\u00e3o ou qualquer outra etapa relacionada \u00e0s vagas publicadas. Todas as informa\u00e7\u00f5es s\u00e3o de responsabilidade dos anunciantes.\n\n\u26a0\ufe0f Aten\u00e7\u00e3o! Nunca pague por promessas de emprego nem compre cursos que garantam contrata\u00e7\u00e3o. Desconfie de qualquer cobran\u00e7a para participar de sele\u00e7\u00f5es.\n\n\n\n<\/div>\n<!-- CONTENT END 1 -->\n","protected":false},"excerpt":{"rendered":"<p>As atrizes Marisa Orth e Tania Bondezan trazem para Ribeir\u00e3o Preto a pe\u00e7a \u201cRadojka \u2013 Uma Com\u00e9dia Friamente Calculada\u201d, com duas sess\u00f5es no Theatro Pedro&#8230;<\/p>\n","protected":false},"author":1,"featured_media":55445,"comment_status":"open","ping_status":"open","sticky":false,"template":"","format":"standard","meta":{"_uag_custom_page_level_css":"","advanced_seo_description":"","jetpack_seo_html_title":"","jetpack_seo_noindex":false,"jetpack_post_was_ever_published":false,"_jetpack_newsletter_access":"","_jetpack_dont_email_post_to_subs":false,"_jetpack_newsletter_tier_id":0,"_jetpack_memberships_contains_paywalled_content":false,"_jetpack_memberships_contains_paid_content":false,"footnotes":"","jetpack_publicize_message":"","jetpack_publicize_feature_enabled":true,"jetpack_social_post_already_shared":true,"jetpack_social_options":{"image_generator_settings":{"template":"highway","default_image_id":0,"font":"","enabled":false},"version":2}},"categories":[11],"tags":[],"class_list":["post-55444","post","type-post","status-publish","format-standard","has-post-thumbnail","hentry","category-noticias-de-ribeirao-preto-sp-e-regiao-ismael-colosi"],"jetpack_publicize_connections":[],"jetpack_featured_media_url":"https:\/\/i0.wp.com\/ismaelcolosi.com.br\/wp-content\/uploads\/2024\/07\/Foto-Joao-Caldas-Fo_77453press-1024x708-1_2024-07-03_12-43-18_jpg_2024-07-03_12-43-18.webp.webp?fit=1024%2C708&ssl=1","uagb_featured_image_src":{"full":["https:\/\/i0.wp.com\/ismaelcolosi.com.br\/wp-content\/uploads\/2024\/07\/Foto-Joao-Caldas-Fo_77453press-1024x708-1_2024-07-03_12-43-18_jpg_2024-07-03_12-43-18.webp.webp?fit=1024%2C708&ssl=1",1024,708,false],"thumbnail":["https:\/\/i0.wp.com\/ismaelcolosi.com.br\/wp-content\/uploads\/2024\/07\/Foto-Joao-Caldas-Fo_77453press-1024x708-1_2024-07-03_12-43-18_jpg_2024-07-03_12-43-18.webp.webp?resize=150%2C150&ssl=1",150,150,true],"medium":["https:\/\/i0.wp.com\/ismaelcolosi.com.br\/wp-content\/uploads\/2024\/07\/Foto-Joao-Caldas-Fo_77453press-1024x708-1_2024-07-03_12-43-18_jpg_2024-07-03_12-43-18.webp.webp?fit=300%2C207&ssl=1",300,207,true],"medium_large":["https:\/\/i0.wp.com\/ismaelcolosi.com.br\/wp-content\/uploads\/2024\/07\/Foto-Joao-Caldas-Fo_77453press-1024x708-1_2024-07-03_12-43-18_jpg_2024-07-03_12-43-18.webp.webp?fit=768%2C531&ssl=1",768,531,true],"large":["https:\/\/i0.wp.com\/ismaelcolosi.com.br\/wp-content\/uploads\/2024\/07\/Foto-Joao-Caldas-Fo_77453press-1024x708-1_2024-07-03_12-43-18_jpg_2024-07-03_12-43-18.webp.webp?fit=1024%2C708&ssl=1",1024,708,true],"1536x1536":["https:\/\/i0.wp.com\/ismaelcolosi.com.br\/wp-content\/uploads\/2024\/07\/Foto-Joao-Caldas-Fo_77453press-1024x708-1_2024-07-03_12-43-18_jpg_2024-07-03_12-43-18.webp.webp?fit=1024%2C708&ssl=1",1024,708,true],"2048x2048":["https:\/\/i0.wp.com\/ismaelcolosi.com.br\/wp-content\/uploads\/2024\/07\/Foto-Joao-Caldas-Fo_77453press-1024x708-1_2024-07-03_12-43-18_jpg_2024-07-03_12-43-18.webp.webp?fit=1024%2C708&ssl=1",1024,708,true],"really-simple-thumb":["https:\/\/i0.wp.com\/ismaelcolosi.com.br\/wp-content\/uploads\/2024\/07\/Foto-Joao-Caldas-Fo_77453press-1024x708-1_2024-07-03_12-43-18_jpg_2024-07-03_12-43-18.webp.webp?resize=370%2C247&ssl=1",370,247,true]},"uagb_author_info":{"display_name":"ismaelcolosi.com.br","author_link":"https:\/\/ismaelcolosi.com.br\/index.php\/author\/vidareal-online\/"},"uagb_comment_info":0,"uagb_excerpt":"As atrizes Marisa Orth e Tania Bondezan trazem para Ribeir\u00e3o Preto a pe\u00e7a \u201cRadojka \u2013 Uma Com\u00e9dia Friamente Calculada\u201d, com duas sess\u00f5es no Theatro Pedro...","jetpack-related-posts":[{"id":45139,"url":"https:\/\/ismaelcolosi.com.br\/index.php\/2024\/04\/02\/marisa-orth-e-tania-bondezan-se-apresentam-em-ribeirao-preto-veja-quando\/","url_meta":{"origin":55444,"position":0},"title":"Marisa Orth e Tania Bondezan se apresentam em Ribeir\u00e3o Preto; Veja quando","author":"ismaelcolosi.com.br","date":"2 de April de 2024","format":false,"excerpt":"As atrizes Marisa Orth e Tania Bondezan desembarcam no Theatro Pedro II, Ribeir\u00e3o Preto, nos dias 06 e 07 de julho, para apresentar a com\u00e9dia \u2018Radojka\u2019. Os ingressos j\u00e1 est\u00e3o dispon\u00edveis. Dirigido por Odilon Wagner, a pe\u00e7a foi escrito pelos uruguaios Fernando Schmidt e Christian Ibarzabal e encenada em 12\u2026","rel":"","context":"In &quot;Not\u00edcias de Ribeir\u00e3o Preto-SP e Regi\u00e3o&quot;","block_context":{"text":"Not\u00edcias de Ribeir\u00e3o Preto-SP e Regi\u00e3o","link":"https:\/\/ismaelcolosi.com.br\/index.php\/category\/noticias-de-ribeirao-preto-sp-e-regiao-ismael-colosi\/"},"img":{"alt_text":"","src":"https:\/\/i0.wp.com\/ismaelcolosi.com.br\/wp-content\/uploads\/2024\/04\/teatro_.png?fit=693%2C507&ssl=1&resize=350%2C200","width":350,"height":200,"srcset":"https:\/\/i0.wp.com\/ismaelcolosi.com.br\/wp-content\/uploads\/2024\/04\/teatro_.png?fit=693%2C507&ssl=1&resize=350%2C200 1x, https:\/\/i0.wp.com\/ismaelcolosi.com.br\/wp-content\/uploads\/2024\/04\/teatro_.png?fit=693%2C507&ssl=1&resize=525%2C300 1.5x"},"classes":[]},{"id":55745,"url":"https:\/\/ismaelcolosi.com.br\/index.php\/2024\/07\/05\/marisa-orth-e-musicos-da-legiao-urbana-veja-programacao-do-fim-de-semana-em-ribeirao-preto\/","url_meta":{"origin":55444,"position":1},"title":"Marisa Orth e m\u00fasicos da Legi\u00e3o Urbana: Veja programa\u00e7\u00e3o do fim de semana em Ribeir\u00e3o Preto","author":"ismaelcolosi.com.br","date":"5 de July de 2024","format":false,"excerpt":"Sextou! O primeiro fim de semana de julho chegou e Ribeir\u00e3o Preto conta com uma programa\u00e7\u00e3o cultural recheada de atividades para todos os gostos. Entre os destaques est\u00e3o o show de Dados Villa Lobos e Marcelo Bonf\u00e1, com a turn\u00ea \u201cAs V Esta\u00e7\u00f5es com Legi\u00e3o Urbana\u201c, e a pe\u00e7a com\u2026","rel":"","context":"In &quot;Not\u00edcias de Ribeir\u00e3o Preto-SP e Regi\u00e3o&quot;","block_context":{"text":"Not\u00edcias de Ribeir\u00e3o Preto-SP e Regi\u00e3o","link":"https:\/\/ismaelcolosi.com.br\/index.php\/category\/noticias-de-ribeirao-preto-sp-e-regiao-ismael-colosi\/"},"img":{"alt_text":"","src":"https:\/\/i0.wp.com\/ismaelcolosi.com.br\/wp-content\/uploads\/2024\/07\/Copia-de-Copia-de-TAMANHO-EXATO-PARA-FOTOS-NO-SISTEMA-NOVO-6_2024-07-05_13-02-58_jpg_2024-07-05_13-02-58.webp.webp?fit=1200%2C675&ssl=1&resize=350%2C200","width":350,"height":200,"srcset":"https:\/\/i0.wp.com\/ismaelcolosi.com.br\/wp-content\/uploads\/2024\/07\/Copia-de-Copia-de-TAMANHO-EXATO-PARA-FOTOS-NO-SISTEMA-NOVO-6_2024-07-05_13-02-58_jpg_2024-07-05_13-02-58.webp.webp?fit=1200%2C675&ssl=1&resize=350%2C200 1x, https:\/\/i0.wp.com\/ismaelcolosi.com.br\/wp-content\/uploads\/2024\/07\/Copia-de-Copia-de-TAMANHO-EXATO-PARA-FOTOS-NO-SISTEMA-NOVO-6_2024-07-05_13-02-58_jpg_2024-07-05_13-02-58.webp.webp?fit=1200%2C675&ssl=1&resize=525%2C300 1.5x, https:\/\/i0.wp.com\/ismaelcolosi.com.br\/wp-content\/uploads\/2024\/07\/Copia-de-Copia-de-TAMANHO-EXATO-PARA-FOTOS-NO-SISTEMA-NOVO-6_2024-07-05_13-02-58_jpg_2024-07-05_13-02-58.webp.webp?fit=1200%2C675&ssl=1&resize=700%2C400 2x, https:\/\/i0.wp.com\/ismaelcolosi.com.br\/wp-content\/uploads\/2024\/07\/Copia-de-Copia-de-TAMANHO-EXATO-PARA-FOTOS-NO-SISTEMA-NOVO-6_2024-07-05_13-02-58_jpg_2024-07-05_13-02-58.webp.webp?fit=1200%2C675&ssl=1&resize=1050%2C600 3x"},"classes":[]},{"id":45145,"url":"https:\/\/ismaelcolosi.com.br\/index.php\/2024\/04\/02\/casal-e-condenado-a-21-anos-de-prisao-por-torturar-filhos-adotivos-no-interior-de-sp\/","url_meta":{"origin":55444,"position":2},"title":"Casal \u00e9 condenado a 21 anos de pris\u00e3o por torturar filhos adotivos no interior de SP","author":"ismaelcolosi.com.br","date":"2 de April de 2024","format":false,"excerpt":"O casal, Dayeni Thomaz Kanazava de Souza e Sebasti\u00e3o Ot\u00e1vio de Souza, acusado de torturar duas crian\u00e7as durante o processo final de ado\u00e7\u00e3o em Colina, cidade a 91 quil\u00f4metros de Ribeir\u00e3o Preto, foi condenado a 21 anos e 4 meses, inicialmente, em regime fechado. A decis\u00e3o, que cabe recurso, foi\u2026","rel":"","context":"In &quot;Not\u00edcias de Ribeir\u00e3o Preto-SP e Regi\u00e3o&quot;","block_context":{"text":"Not\u00edcias de Ribeir\u00e3o Preto-SP e Regi\u00e3o","link":"https:\/\/ismaelcolosi.com.br\/index.php\/category\/noticias-de-ribeirao-preto-sp-e-regiao-ismael-colosi\/"},"img":{"alt_text":"","src":"https:\/\/i0.wp.com\/ismaelcolosi.com.br\/wp-content\/uploads\/2024\/04\/Ilustracao-mao.jpg?fit=1200%2C675&ssl=1&resize=350%2C200","width":350,"height":200,"srcset":"https:\/\/i0.wp.com\/ismaelcolosi.com.br\/wp-content\/uploads\/2024\/04\/Ilustracao-mao.jpg?fit=1200%2C675&ssl=1&resize=350%2C200 1x, https:\/\/i0.wp.com\/ismaelcolosi.com.br\/wp-content\/uploads\/2024\/04\/Ilustracao-mao.jpg?fit=1200%2C675&ssl=1&resize=525%2C300 1.5x, https:\/\/i0.wp.com\/ismaelcolosi.com.br\/wp-content\/uploads\/2024\/04\/Ilustracao-mao.jpg?fit=1200%2C675&ssl=1&resize=700%2C400 2x, https:\/\/i0.wp.com\/ismaelcolosi.com.br\/wp-content\/uploads\/2024\/04\/Ilustracao-mao.jpg?fit=1200%2C675&ssl=1&resize=1050%2C600 3x"},"classes":[]},{"id":52458,"url":"https:\/\/ismaelcolosi.com.br\/index.php\/2024\/06\/06\/teatro-municipal-de-ribeirao-preto-tem-stand-up-gratuito-com-comediante-thiago-chagas\/","url_meta":{"origin":55444,"position":3},"title":"Teatro Municipal de Ribeir\u00e3o Preto tem stand-up gratuito com comediante Thiago Chagas","author":"ismaelcolosi.com.br","date":"6 de June de 2024","format":false,"excerpt":"O stand-up comedy \u201cExtraviado \u2013 Uma Com\u00e9dia Picante\u201d, com o ator e comediante Tiago Chagas, ser\u00e1 apresentado nesta sexta-feira (7), no Teatro Municipal de Ribeir\u00e3o Preto. O espet\u00e1culo, com entrada gratuita, faz parte da programa\u00e7\u00e3o de anivers\u00e1rio da cidade. Os interessados em assistir ao stand-up podem retirar os ingressos uma\u2026","rel":"","context":"In &quot;Not\u00edcias de Ribeir\u00e3o Preto-SP e Regi\u00e3o&quot;","block_context":{"text":"Not\u00edcias de Ribeir\u00e3o Preto-SP e Regi\u00e3o","link":"https:\/\/ismaelcolosi.com.br\/index.php\/category\/noticias-de-ribeirao-preto-sp-e-regiao-ismael-colosi\/"},"img":{"alt_text":"","src":"https:\/\/i0.wp.com\/ismaelcolosi.com.br\/wp-content\/uploads\/2024\/06\/Copia-de-Copia-de-TAMANHO-EXATO-PARA-FOTOS-NO-SISTEMA-NOVO-13_2024-06-06_19-37-04_jpg_2024-06-06_19-37-04.webp.webp?fit=1200%2C675&ssl=1&resize=350%2C200","width":350,"height":200,"srcset":"https:\/\/i0.wp.com\/ismaelcolosi.com.br\/wp-content\/uploads\/2024\/06\/Copia-de-Copia-de-TAMANHO-EXATO-PARA-FOTOS-NO-SISTEMA-NOVO-13_2024-06-06_19-37-04_jpg_2024-06-06_19-37-04.webp.webp?fit=1200%2C675&ssl=1&resize=350%2C200 1x, https:\/\/i0.wp.com\/ismaelcolosi.com.br\/wp-content\/uploads\/2024\/06\/Copia-de-Copia-de-TAMANHO-EXATO-PARA-FOTOS-NO-SISTEMA-NOVO-13_2024-06-06_19-37-04_jpg_2024-06-06_19-37-04.webp.webp?fit=1200%2C675&ssl=1&resize=525%2C300 1.5x, https:\/\/i0.wp.com\/ismaelcolosi.com.br\/wp-content\/uploads\/2024\/06\/Copia-de-Copia-de-TAMANHO-EXATO-PARA-FOTOS-NO-SISTEMA-NOVO-13_2024-06-06_19-37-04_jpg_2024-06-06_19-37-04.webp.webp?fit=1200%2C675&ssl=1&resize=700%2C400 2x, https:\/\/i0.wp.com\/ismaelcolosi.com.br\/wp-content\/uploads\/2024\/06\/Copia-de-Copia-de-TAMANHO-EXATO-PARA-FOTOS-NO-SISTEMA-NOVO-13_2024-06-06_19-37-04_jpg_2024-06-06_19-37-04.webp.webp?fit=1200%2C675&ssl=1&resize=1050%2C600 3x"},"classes":[]},{"id":54774,"url":"https:\/\/ismaelcolosi.com.br\/index.php\/2024\/06\/27\/atriz-global-se-apresenta-no-teatro-municipal-de-ribeirao-preto-com-peca-sobre-lgbtqiap\/","url_meta":{"origin":55444,"position":4},"title":"Atriz global se apresenta no Teatro Municipal de Ribeir\u00e3o Preto com pe\u00e7a sobre LGBTQIAP+","author":"ismaelcolosi.com.br","date":"27 de June de 2024","format":false,"excerpt":"O espet\u00e1culo \u201cEu Sempre Soube\u2026\u201d, que aborda o tema LGBTQIAP+, ser\u00e1 apresentado nesta sexta-feira (28), no Teatro Municipal de Ribeir\u00e3o Preto. Com entrada gratuita, o mon\u00f3logo com a atriz Rosane Gofman, tem in\u00edcio \u00e0s 20h. Os ingressos devem ser retirados uma hora antes do in\u00edcio da pe\u00e7a teatral, na bilheteria\u2026","rel":"","context":"In &quot;Not\u00edcias de Ribeir\u00e3o Preto-SP e Regi\u00e3o&quot;","block_context":{"text":"Not\u00edcias de Ribeir\u00e3o Preto-SP e Regi\u00e3o","link":"https:\/\/ismaelcolosi.com.br\/index.php\/category\/noticias-de-ribeirao-preto-sp-e-regiao-ismael-colosi\/"},"img":{"alt_text":"","src":"https:\/\/i0.wp.com\/ismaelcolosi.com.br\/wp-content\/uploads\/2024\/06\/Copia-de-Copia-de-TAMANHO-EXATO-PARA-FOTOS-NO-SISTEMA-NOVO-20_2024-06-27_18-22-29_jpg_2024-06-27_18-22-29.webp.webp?fit=1200%2C675&ssl=1&resize=350%2C200","width":350,"height":200,"srcset":"https:\/\/i0.wp.com\/ismaelcolosi.com.br\/wp-content\/uploads\/2024\/06\/Copia-de-Copia-de-TAMANHO-EXATO-PARA-FOTOS-NO-SISTEMA-NOVO-20_2024-06-27_18-22-29_jpg_2024-06-27_18-22-29.webp.webp?fit=1200%2C675&ssl=1&resize=350%2C200 1x, https:\/\/i0.wp.com\/ismaelcolosi.com.br\/wp-content\/uploads\/2024\/06\/Copia-de-Copia-de-TAMANHO-EXATO-PARA-FOTOS-NO-SISTEMA-NOVO-20_2024-06-27_18-22-29_jpg_2024-06-27_18-22-29.webp.webp?fit=1200%2C675&ssl=1&resize=525%2C300 1.5x, https:\/\/i0.wp.com\/ismaelcolosi.com.br\/wp-content\/uploads\/2024\/06\/Copia-de-Copia-de-TAMANHO-EXATO-PARA-FOTOS-NO-SISTEMA-NOVO-20_2024-06-27_18-22-29_jpg_2024-06-27_18-22-29.webp.webp?fit=1200%2C675&ssl=1&resize=700%2C400 2x, https:\/\/i0.wp.com\/ismaelcolosi.com.br\/wp-content\/uploads\/2024\/06\/Copia-de-Copia-de-TAMANHO-EXATO-PARA-FOTOS-NO-SISTEMA-NOVO-20_2024-06-27_18-22-29_jpg_2024-06-27_18-22-29.webp.webp?fit=1200%2C675&ssl=1&resize=1050%2C600 3x"},"classes":[]},{"id":52918,"url":"https:\/\/ismaelcolosi.com.br\/index.php\/2024\/06\/12\/sesi-ribeirao-preto-realiza-peca-e-oficina-sobre-diversidade-de-corpos-e-identidade-de-genero\/","url_meta":{"origin":55444,"position":5},"title":"Sesi Ribeir\u00e3o Preto realiza pe\u00e7a e oficina sobre diversidade de corpos e identidade de g\u00eanero","author":"ismaelcolosi.com.br","date":"12 de June de 2024","format":false,"excerpt":"A pe\u00e7a \u201cBrian ou Brenda?\u201d, inspirada no caso do canadense David Reimer, ficar\u00e1 em cartaz no Centro Cultural Sesi de Ribeir\u00e3o Preto, a partir da pr\u00f3xima sexta-feira (14) at\u00e9 o pr\u00f3ximo domingo (23). A pe\u00e7a conta a hist\u00f3ria de Brian, onde ap\u00f3s uma cirurgia mal sucedida, ele \u00e9 submetido a\u2026","rel":"","context":"In &quot;Not\u00edcias de Ribeir\u00e3o Preto-SP e Regi\u00e3o&quot;","block_context":{"text":"Not\u00edcias de Ribeir\u00e3o Preto-SP e Regi\u00e3o","link":"https:\/\/ismaelcolosi.com.br\/index.php\/category\/noticias-de-ribeirao-preto-sp-e-regiao-ismael-colosi\/"},"img":{"alt_text":"","src":"https:\/\/i0.wp.com\/ismaelcolosi.com.br\/wp-content\/uploads\/2024\/06\/2022-10-02_BRIAN-OU-BRENDA_DIVULGACAO_%C2%A9HELOISA-BORTZ_0586_HIGH_2024-06-11_14-21-40_jpg_2024-06-11_14-21-42-scaled.webp.webp?fit=1200%2C801&ssl=1&resize=350%2C200","width":350,"height":200,"srcset":"https:\/\/i0.wp.com\/ismaelcolosi.com.br\/wp-content\/uploads\/2024\/06\/2022-10-02_BRIAN-OU-BRENDA_DIVULGACAO_%C2%A9HELOISA-BORTZ_0586_HIGH_2024-06-11_14-21-40_jpg_2024-06-11_14-21-42-scaled.webp.webp?fit=1200%2C801&ssl=1&resize=350%2C200 1x, https:\/\/i0.wp.com\/ismaelcolosi.com.br\/wp-content\/uploads\/2024\/06\/2022-10-02_BRIAN-OU-BRENDA_DIVULGACAO_%C2%A9HELOISA-BORTZ_0586_HIGH_2024-06-11_14-21-40_jpg_2024-06-11_14-21-42-scaled.webp.webp?fit=1200%2C801&ssl=1&resize=525%2C300 1.5x, https:\/\/i0.wp.com\/ismaelcolosi.com.br\/wp-content\/uploads\/2024\/06\/2022-10-02_BRIAN-OU-BRENDA_DIVULGACAO_%C2%A9HELOISA-BORTZ_0586_HIGH_2024-06-11_14-21-40_jpg_2024-06-11_14-21-42-scaled.webp.webp?fit=1200%2C801&ssl=1&resize=700%2C400 2x, https:\/\/i0.wp.com\/ismaelcolosi.com.br\/wp-content\/uploads\/2024\/06\/2022-10-02_BRIAN-OU-BRENDA_DIVULGACAO_%C2%A9HELOISA-BORTZ_0586_HIGH_2024-06-11_14-21-40_jpg_2024-06-11_14-21-42-scaled.webp.webp?fit=1200%2C801&ssl=1&resize=1050%2C600 3x"},"classes":[]}],"jetpack_sharing_enabled":true,"jetpack_shortlink":"https:\/\/wp.me\/pfMlyK-eqg","_links":{"self":[{"href":"https:\/\/ismaelcolosi.com.br\/index.php\/wp-json\/wp\/v2\/posts\/55444","targetHints":{"allow":["GET"]}}],"collection":[{"href":"https:\/\/ismaelcolosi.com.br\/index.php\/wp-json\/wp\/v2\/posts"}],"about":[{"href":"https:\/\/ismaelcolosi.com.br\/index.php\/wp-json\/wp\/v2\/types\/post"}],"author":[{"embeddable":true,"href":"https:\/\/ismaelcolosi.com.br\/index.php\/wp-json\/wp\/v2\/users\/1"}],"replies":[{"embeddable":true,"href":"https:\/\/ismaelcolosi.com.br\/index.php\/wp-json\/wp\/v2\/comments?post=55444"}],"version-history":[{"count":0,"href":"https:\/\/ismaelcolosi.com.br\/index.php\/wp-json\/wp\/v2\/posts\/55444\/revisions"}],"wp:featuredmedia":[{"embeddable":true,"href":"https:\/\/ismaelcolosi.com.br\/index.php\/wp-json\/wp\/v2\/media\/55445"}],"wp:attachment":[{"href":"https:\/\/ismaelcolosi.com.br\/index.php\/wp-json\/wp\/v2\/media?parent=55444"}],"wp:term":[{"taxonomy":"category","embeddable":true,"href":"https:\/\/ismaelcolosi.com.br\/index.php\/wp-json\/wp\/v2\/categories?post=55444"},{"taxonomy":"post_tag","embeddable":true,"href":"https:\/\/ismaelcolosi.com.br\/index.php\/wp-json\/wp\/v2\/tags?post=55444"}],"curies":[{"name":"wp","href":"https:\/\/api.w.org\/{rel}","templated":true}]}}