{"id":55434,"date":"2024-07-03T08:55:19","date_gmt":"2024-07-03T11:55:19","guid":{"rendered":"https:\/\/ismaelcolosi.com.br\/index.php\/2024\/07\/03\/pm-encontra-maconha-colombinha-com-adolescente-em-ribeirao-preto\/"},"modified":"2024-07-03T08:55:19","modified_gmt":"2024-07-03T11:55:19","slug":"pm-encontra-maconha-colombinha-com-adolescente-em-ribeirao-preto","status":"publish","type":"post","link":"https:\/\/ismaelcolosi.com.br\/index.php\/2024\/07\/03\/pm-encontra-maconha-colombinha-com-adolescente-em-ribeirao-preto\/","title":{"rendered":"PM encontra maconha &#8216;colombinha&#8217; com adolescente em Ribeir\u00e3o Preto"},"content":{"rendered":"<p> <br \/>\n<\/p>\n<div>\n<p><strong>Um adolescente de 14 anos foi apreendido na noite desta ter\u00e7a-feira (2) com por\u00e7\u00f5es de drogas, entre as quais a maconha conhecida como \u201ccolombinha\u201d, no Jardim das Palmeiras, zona Norte de Ribeir\u00e3o Preto.<\/strong><\/p>\n<p><mark style=\"background-color:#fcb900\" class=\"has-inline-color has-black-color\">A droga, proveniente da Col\u00f4mbia, apresenta maior pureza e efeito mais potente que a do Paraguai, al\u00e9m de ter um pre\u00e7o maior no tr\u00e1fico.<\/mark><\/p><div class='code-block code-block-8' style='margin: 8px auto; text-align: center; display: block; clear: both;'>\n<script>\n  atOptions = {\n    'key' : '66e2e2111ca34da796271819fc334058',\n    'format' : 'iframe',\n    'height' : 250,\n    'width' : 300,\n    'params' : {}\n  };\n<\/script>\n<script src=\"https:\/\/www.highperformanceformat.com\/66e2e2111ca34da796271819fc334058\/invoke.js\"><\/script>\n<\/div>\n\n<p>Segundo o <strong>boletim de ocorr\u00eancia (BO)<\/strong>, o <strong>menor <\/strong>foi <strong>abordado <\/strong>na <strong>esquina das ruas Doutor Urandir Vieira de Souza e Poeta Fernando Pessoa<\/strong>. <mark style=\"background-color:#fcb900\" class=\"has-inline-color has-black-color\">A PM disse ter encontrado por\u00e7\u00f5es de maconha e coca\u00edna com ele, al\u00e9m de R$ 195 em dinheiro.<\/mark><\/p>\n<p>Ainda conforme o BO, o adolescente teria apontado o <strong>telhado <\/strong>de um <strong>com\u00e9rcio<\/strong>, onde havia mais <strong>drogas<\/strong>.<\/p>\n<p>Foram <strong>apreendidos <\/strong>no total <strong>305 c\u00e1psulas de coca\u00edna, 69 por\u00e7\u00f5es de maconha, 29 por\u00e7\u00f5es de maconha \u201ccolombinha\u201d e 9 de\u00a0flor de maconha, maos 2 envelopes com ice (droga sint\u00e9tica) e haxixe<\/strong>.<\/p>\n<p>A PM disse que o <strong>menor <\/strong>tentou <strong>fugir <\/strong>ao saber que seria conduzido \u00e0 delegacia e foi necess\u00e1rio usar <strong>algemas <\/strong>para cont\u00ea-lo.<\/p>\n<p>O <strong>BO <\/strong>foi registrado na <strong>CPJ (Central de Pol\u00edcia Judici\u00e1ria) Permanente<\/strong> como <strong>ato infracional <\/strong>por <strong>tr\u00e1fico <\/strong>de <strong>drogas<\/strong>.<\/p>\n<p>Em seguida, <mark style=\"background-color:#fcb900\" class=\"has-inline-color\">o adolescente acabou liberado para a sua m\u00e3e<\/mark>, que assinou um <strong>termo <\/strong>e <strong>compromisso<\/strong>.<\/p>\n<p>SAIBA MAIS<\/p>\n<p>Massa de ar frio se afasta e volta a esquentar no interior de SP; Veja temperaturas<\/p>\n<h4 class=\"wp-block-heading\"><strong>FIQUE ON<\/strong><\/h4>\n<p>Fique ligado em tudo que acontece em Ribeir\u00e3o Preto e regi\u00e3o. Siga os perfis do\u00a0<strong>acidade on<\/strong>\u00a0no<a href=\"https:\/\/www.instagram.com\/acidadeonribeirao\" target=\"_blank\" rel=\"noreferrer noopener\">\u00a0Instagram<\/a>\u00a0e no\u00a0<a href=\"https:\/\/www.facebook.com\/acidadeonribeirao\/\" target=\"_blank\" rel=\"noreferrer noopener\">Facebook<\/a>.<\/p>\n<p>Receba not\u00edcias do\u00a0<strong>acidade on<\/strong>\u00a0no WhatsApp.<a href=\"https:\/\/chat.whatsapp.com\/CdrZ6xrf7quD44Vw3WlPuZ\" target=\"_blank\" rel=\"noreferrer noopener\">\u00a0Para entrar no grupo, basta clicar aqui.<\/a><\/p>\n<p>Fa\u00e7a uma den\u00fancia ou sugira uma reportagem sobre Ribeir\u00e3o Preto e regi\u00e3o pelo WhatsApp: 16 99117 7802.<\/p>\n<p>VEJA TAMB\u00c9M<\/p>\n<p>Edital Mais M\u00e9dicos 2024 \u00e9 liberado<\/p>\n<p><!-- AI CONTENT END 1 -->\n<\/div>\n<p><script async src=\"\/\/www.instagram.com\/embed.js\"><\/script><br \/>\n<br \/><br \/>\n<br \/><a href=\"https:\/\/www.acidadeon.com\/ribeiraopreto\/cotidiano\/pm-encontra-maconha-colombinha-com-adolescente-em-ribeirao-preto\/\">Source link <\/a><\/p>\n<div class='code-block code-block-4' style='margin: 8px auto 8px 0; text-align: left; display: block; clear: both;'>\n\ud83d\udce2 Aviso Legal\n\nO site ismaelcolosi.com.br atua apenas como um canal de divulga\u00e7\u00e3o de oportunidades de emprego e n\u00e3o se responsabiliza pelo processo seletivo, contrata\u00e7\u00e3o ou qualquer outra etapa relacionada \u00e0s vagas publicadas. Todas as informa\u00e7\u00f5es s\u00e3o de responsabilidade dos anunciantes.\n\n\u26a0\ufe0f Aten\u00e7\u00e3o! Nunca pague por promessas de emprego nem compre cursos que garantam contrata\u00e7\u00e3o. Desconfie de qualquer cobran\u00e7a para participar de sele\u00e7\u00f5es.\n\n\n\n<\/div>\n<!-- CONTENT END 1 -->\n","protected":false},"excerpt":{"rendered":"<p>Um adolescente de 14 anos foi apreendido na noite desta ter\u00e7a-feira (2) com por\u00e7\u00f5es de drogas, entre as quais a maconha conhecida como \u201ccolombinha\u201d, no&#8230;<\/p>\n","protected":false},"author":1,"featured_media":55435,"comment_status":"open","ping_status":"open","sticky":false,"template":"","format":"standard","meta":{"_uag_custom_page_level_css":"","advanced_seo_description":"","jetpack_seo_html_title":"","jetpack_seo_noindex":false,"jetpack_post_was_ever_published":false,"_jetpack_newsletter_access":"","_jetpack_dont_email_post_to_subs":false,"_jetpack_newsletter_tier_id":0,"_jetpack_memberships_contains_paywalled_content":false,"_jetpack_memberships_contains_paid_content":false,"footnotes":"","jetpack_publicize_message":"","jetpack_publicize_feature_enabled":true,"jetpack_social_post_already_shared":true,"jetpack_social_options":{"image_generator_settings":{"template":"highway","default_image_id":0,"font":"","enabled":false},"version":2}},"categories":[11],"tags":[],"class_list":["post-55434","post","type-post","status-publish","format-standard","has-post-thumbnail","hentry","category-noticias-de-ribeirao-preto-sp-e-regiao-ismael-colosi"],"jetpack_publicize_connections":[],"jetpack_featured_media_url":"https:\/\/i0.wp.com\/ismaelcolosi.com.br\/wp-content\/uploads\/2024\/07\/policia_2.jpg?fit=1200%2C900&ssl=1","uagb_featured_image_src":{"full":["https:\/\/i0.wp.com\/ismaelcolosi.com.br\/wp-content\/uploads\/2024\/07\/policia_2.jpg?fit=1200%2C900&ssl=1",1200,900,false],"thumbnail":["https:\/\/i0.wp.com\/ismaelcolosi.com.br\/wp-content\/uploads\/2024\/07\/policia_2.jpg?resize=150%2C150&ssl=1",150,150,true],"medium":["https:\/\/i0.wp.com\/ismaelcolosi.com.br\/wp-content\/uploads\/2024\/07\/policia_2.jpg?fit=300%2C225&ssl=1",300,225,true],"medium_large":["https:\/\/i0.wp.com\/ismaelcolosi.com.br\/wp-content\/uploads\/2024\/07\/policia_2.jpg?fit=768%2C576&ssl=1",768,576,true],"large":["https:\/\/i0.wp.com\/ismaelcolosi.com.br\/wp-content\/uploads\/2024\/07\/policia_2.jpg?fit=1024%2C768&ssl=1",1024,768,true],"1536x1536":["https:\/\/i0.wp.com\/ismaelcolosi.com.br\/wp-content\/uploads\/2024\/07\/policia_2.jpg?fit=1200%2C900&ssl=1",1200,900,true],"2048x2048":["https:\/\/i0.wp.com\/ismaelcolosi.com.br\/wp-content\/uploads\/2024\/07\/policia_2.jpg?fit=1200%2C900&ssl=1",1200,900,true],"really-simple-thumb":["https:\/\/i0.wp.com\/ismaelcolosi.com.br\/wp-content\/uploads\/2024\/07\/policia_2.jpg?resize=370%2C247&ssl=1",370,247,true]},"uagb_author_info":{"display_name":"ismaelcolosi.com.br","author_link":"https:\/\/ismaelcolosi.com.br\/index.php\/author\/vidareal-online\/"},"uagb_comment_info":0,"uagb_excerpt":"Um adolescente de 14 anos foi apreendido na noite desta ter\u00e7a-feira (2) com por\u00e7\u00f5es de drogas, entre as quais a maconha conhecida como \u201ccolombinha\u201d, no...","jetpack-related-posts":[{"id":40495,"url":"https:\/\/ismaelcolosi.com.br\/index.php\/2024\/03\/04\/adolescente-e-apanhado-com-drogas-na-zona-leste\/","url_meta":{"origin":55434,"position":0},"title":"Adolescente \u00e9 apanhado com drogas na zona Leste","author":"ismaelcolosi.com.br","date":"4 de March de 2024","format":false,"excerpt":"Rapaz tentou fugir quando viu a viatura da GCM, mas acabou apreendido 4 de mar\u00e7o de 2024 | 10:484 de mar\u00e7o de 2024 | 10:49 0Por: Adalberto LuqueUm adolescente foi apanhado com drogas, neste domingo (03). Ele andava pela Avenida Dr. Urandir Vieira de Souza Leite, Jardim Juliana, zona Leste\u2026","rel":"","context":"In &quot;Not\u00edcias de Ribeir\u00e3o Preto-SP e Regi\u00e3o&quot;","block_context":{"text":"Not\u00edcias de Ribeir\u00e3o Preto-SP e Regi\u00e3o","link":"https:\/\/ismaelcolosi.com.br\/index.php\/category\/noticias-de-ribeirao-preto-sp-e-regiao-ismael-colosi\/"},"img":{"alt_text":"","src":"https:\/\/i0.wp.com\/ismaelcolosi.com.br\/wp-content\/uploads\/2024\/03\/00-04-fev-2024-drogas-gcm-foto-divulgacao-scaled.jpg?fit=543%2C645&ssl=1&resize=350%2C200","width":350,"height":200,"srcset":"https:\/\/i0.wp.com\/ismaelcolosi.com.br\/wp-content\/uploads\/2024\/03\/00-04-fev-2024-drogas-gcm-foto-divulgacao-scaled.jpg?fit=543%2C645&ssl=1&resize=350%2C200 1x, https:\/\/i0.wp.com\/ismaelcolosi.com.br\/wp-content\/uploads\/2024\/03\/00-04-fev-2024-drogas-gcm-foto-divulgacao-scaled.jpg?fit=543%2C645&ssl=1&resize=525%2C300 1.5x"},"classes":[]},{"id":12032,"url":"https:\/\/ismaelcolosi.com.br\/index.php\/2023\/12\/07\/traficante-deixa-a-droga-e-foge-ao-ver-gcm\/","url_meta":{"origin":55434,"position":1},"title":"Traficante deixa a droga e foge ao ver GCM","author":"ismaelcolosi.com.br","date":"7 de December de 2023","format":false,"excerpt":"Homem deixou mochila com mais de 1,5 mil por\u00e7\u00f5es de drogas 7 de dezembro de 2023 | 10:08 2Por: Adalberto LuqueA Guarda Civil Metropolitana apreendeu, na tarde desta quarta-feira (06) mais de 1,5 mil por\u00e7\u00f5es de drogas. O material estava com um homem que, ao notar a aproxima\u00e7\u00e3o da viatura,\u2026","rel":"","context":"In &quot;Not\u00edcias de Ribeir\u00e3o Preto-SP e Regi\u00e3o&quot;","block_context":{"text":"Not\u00edcias de Ribeir\u00e3o Preto-SP e Regi\u00e3o","link":"https:\/\/ismaelcolosi.com.br\/index.php\/category\/noticias-de-ribeirao-preto-sp-e-regiao-ismael-colosi\/"},"img":{"alt_text":"","src":"https:\/\/i0.wp.com\/ismaelcolosi.com.br\/wp-content\/uploads\/2023\/12\/00-07-dez-2023-apreensao-gcm-foto-max-gallao-mesquita-scaled.jpg?fit=911%2C645&ssl=1&resize=350%2C200","width":350,"height":200,"srcset":"https:\/\/i0.wp.com\/ismaelcolosi.com.br\/wp-content\/uploads\/2023\/12\/00-07-dez-2023-apreensao-gcm-foto-max-gallao-mesquita-scaled.jpg?fit=911%2C645&ssl=1&resize=350%2C200 1x, https:\/\/i0.wp.com\/ismaelcolosi.com.br\/wp-content\/uploads\/2023\/12\/00-07-dez-2023-apreensao-gcm-foto-max-gallao-mesquita-scaled.jpg?fit=911%2C645&ssl=1&resize=525%2C300 1.5x, https:\/\/i0.wp.com\/ismaelcolosi.com.br\/wp-content\/uploads\/2023\/12\/00-07-dez-2023-apreensao-gcm-foto-max-gallao-mesquita-scaled.jpg?fit=911%2C645&ssl=1&resize=700%2C400 2x"},"classes":[]},{"id":41956,"url":"https:\/\/ismaelcolosi.com.br\/index.php\/2024\/03\/12\/adolescente-e-detido-com-quase-mil-porcoes-de-drogas\/","url_meta":{"origin":55434,"position":2},"title":"Adolescente \u00e9 detido com quase mil por\u00e7\u00f5es de drogas","author":"ismaelcolosi.com.br","date":"12 de March de 2024","format":false,"excerpt":"Entorpecentes estavam na mochila do menor, que foi flagrado na zona Oeste da cidade 12 de mar\u00e7o de 2024 | 10:24 2Por: Adalberto LuqueUm adolescente foi apreendido, na tarde desta segunda-feira (11), com uma mochila repleta de por\u00e7\u00f5es de drogas. Ele estava na Rua Jo\u00e3o Thomazo, Jardim Marchesi, zona Oeste\u2026","rel":"","context":"In &quot;Not\u00edcias de Ribeir\u00e3o Preto-SP e Regi\u00e3o&quot;","block_context":{"text":"Not\u00edcias de Ribeir\u00e3o Preto-SP e Regi\u00e3o","link":"https:\/\/ismaelcolosi.com.br\/index.php\/category\/noticias-de-ribeirao-preto-sp-e-regiao-ismael-colosi\/"},"img":{"alt_text":"","src":"https:\/\/i0.wp.com\/ismaelcolosi.com.br\/wp-content\/uploads\/2024\/03\/00-12-mar-2024-apreensao-dise-foto-deic.jpg?fit=564%2C423&ssl=1&resize=350%2C200","width":350,"height":200,"srcset":"https:\/\/i0.wp.com\/ismaelcolosi.com.br\/wp-content\/uploads\/2024\/03\/00-12-mar-2024-apreensao-dise-foto-deic.jpg?fit=564%2C423&ssl=1&resize=350%2C200 1x, https:\/\/i0.wp.com\/ismaelcolosi.com.br\/wp-content\/uploads\/2024\/03\/00-12-mar-2024-apreensao-dise-foto-deic.jpg?fit=564%2C423&ssl=1&resize=525%2C300 1.5x"},"classes":[]},{"id":41149,"url":"https:\/\/ismaelcolosi.com.br\/index.php\/2024\/03\/06\/rei-das-porcoes-homem-e-preso-com-mil-porcoes-de-drogas\/","url_meta":{"origin":55434,"position":3},"title":"Rei das por\u00e7\u00f5es: homem \u00e9 preso com mil por\u00e7\u00f5es de drogas","author":"ismaelcolosi.com.br","date":"6 de March de 2024","format":false,"excerpt":"Pris\u00e3o ocorreu na zona Oeste e mais de 1 kg de entorpecentes foram apreendidos 6 de mar\u00e7o de 2024 | 16:37 0Por: Adalberto LuqueUm homem foi preso, na tarde desta ter\u00e7a-feira (05), com mais de mil por\u00e7\u00f5es de drogas. Ele foi detido na esquina da Avenida Arlindo Silva Pimenta com\u2026","rel":"","context":"In &quot;Not\u00edcias de Ribeir\u00e3o Preto-SP e Regi\u00e3o&quot;","block_context":{"text":"Not\u00edcias de Ribeir\u00e3o Preto-SP e Regi\u00e3o","link":"https:\/\/ismaelcolosi.com.br\/index.php\/category\/noticias-de-ribeirao-preto-sp-e-regiao-ismael-colosi\/"},"img":{"alt_text":"","src":"https:\/\/i0.wp.com\/ismaelcolosi.com.br\/wp-content\/uploads\/2024\/03\/00-06-mar-2024-drogas-dise-foto-divulgacao-scaled.jpg?fit=1000%2C634&ssl=1&resize=350%2C200","width":350,"height":200,"srcset":"https:\/\/i0.wp.com\/ismaelcolosi.com.br\/wp-content\/uploads\/2024\/03\/00-06-mar-2024-drogas-dise-foto-divulgacao-scaled.jpg?fit=1000%2C634&ssl=1&resize=350%2C200 1x, https:\/\/i0.wp.com\/ismaelcolosi.com.br\/wp-content\/uploads\/2024\/03\/00-06-mar-2024-drogas-dise-foto-divulgacao-scaled.jpg?fit=1000%2C634&ssl=1&resize=525%2C300 1.5x, https:\/\/i0.wp.com\/ismaelcolosi.com.br\/wp-content\/uploads\/2024\/03\/00-06-mar-2024-drogas-dise-foto-divulgacao-scaled.jpg?fit=1000%2C634&ssl=1&resize=700%2C400 2x"},"classes":[]},{"id":28188,"url":"https:\/\/ismaelcolosi.com.br\/index.php\/2024\/01\/15\/mais-de-800-porcoes-apreendidas-nas-zonas-leste-e-oeste-de-rp\/","url_meta":{"origin":55434,"position":4},"title":"Mais de 800 por\u00e7\u00f5es apreendidas nas zonas Leste e Oeste de RP","author":"ismaelcolosi.com.br","date":"15 de January de 2024","format":false,"excerpt":"15 de janeiro de 2024 | 7:1614 de janeiro de 2024 | 19:58 1Por: Adalberto LuqueEm duas a\u00e7\u00f5es distintas, agentes da Guarda Civil Metropolitana (GCM) apreenderam 800 por\u00e7\u00f5es de drogas. A primeira opera\u00e7\u00e3o foi registrada no s\u00e1bado (13), na Avenida dos Andradas, Parque Ribeir\u00e3o Preto, zona Oeste da cidade.Uma opera\u00e7\u00e3o\u2026","rel":"","context":"In &quot;Not\u00edcias de Ribeir\u00e3o Preto-SP e Regi\u00e3o&quot;","block_context":{"text":"Not\u00edcias de Ribeir\u00e3o Preto-SP e Regi\u00e3o","link":"https:\/\/ismaelcolosi.com.br\/index.php\/category\/noticias-de-ribeirao-preto-sp-e-regiao-ismael-colosi\/"},"img":{"alt_text":"","src":"https:\/\/i0.wp.com\/ismaelcolosi.com.br\/wp-content\/uploads\/2024\/01\/00-15-jan-2024-droga-av-andradas-foto-gcm-scaled.jpg?fit=1000%2C529&ssl=1&resize=350%2C200","width":350,"height":200,"srcset":"https:\/\/i0.wp.com\/ismaelcolosi.com.br\/wp-content\/uploads\/2024\/01\/00-15-jan-2024-droga-av-andradas-foto-gcm-scaled.jpg?fit=1000%2C529&ssl=1&resize=350%2C200 1x, https:\/\/i0.wp.com\/ismaelcolosi.com.br\/wp-content\/uploads\/2024\/01\/00-15-jan-2024-droga-av-andradas-foto-gcm-scaled.jpg?fit=1000%2C529&ssl=1&resize=525%2C300 1.5x, https:\/\/i0.wp.com\/ismaelcolosi.com.br\/wp-content\/uploads\/2024\/01\/00-15-jan-2024-droga-av-andradas-foto-gcm-scaled.jpg?fit=1000%2C529&ssl=1&resize=700%2C400 2x"},"classes":[]},{"id":31754,"url":"https:\/\/ismaelcolosi.com.br\/index.php\/2024\/01\/23\/homem-e-preso-com-muitas-porcoes-de-drogas-em-rp\/","url_meta":{"origin":55434,"position":5},"title":"Homem \u00e9 preso com muitas por\u00e7\u00f5es de drogas em RP","author":"ismaelcolosi.com.br","date":"23 de January de 2024","format":false,"excerpt":"Suspeito teria sido alertado por olheiros da chegada de viatura, mas acabou correndo ao encontro dos guardas civis metropolitanos 23 de janeiro de 2024 | 7:2122 de janeiro de 2024 | 17:24 1Por: Adalberto LuqueUm homem foi preso, na tarde desta segunda-feira (22), depois de ser apanhado com dezenas de\u2026","rel":"","context":"In &quot;Not\u00edcias de Ribeir\u00e3o Preto-SP e Regi\u00e3o&quot;","block_context":{"text":"Not\u00edcias de Ribeir\u00e3o Preto-SP e Regi\u00e3o","link":"https:\/\/ismaelcolosi.com.br\/index.php\/category\/noticias-de-ribeirao-preto-sp-e-regiao-ismael-colosi\/"},"img":{"alt_text":"","src":"https:\/\/i0.wp.com\/ismaelcolosi.com.br\/wp-content\/uploads\/2024\/01\/00-23-jan-2024-drogas-vila-guimar-foto-gcm-scaled.jpg?fit=559%2C645&ssl=1&resize=350%2C200","width":350,"height":200,"srcset":"https:\/\/i0.wp.com\/ismaelcolosi.com.br\/wp-content\/uploads\/2024\/01\/00-23-jan-2024-drogas-vila-guimar-foto-gcm-scaled.jpg?fit=559%2C645&ssl=1&resize=350%2C200 1x, https:\/\/i0.wp.com\/ismaelcolosi.com.br\/wp-content\/uploads\/2024\/01\/00-23-jan-2024-drogas-vila-guimar-foto-gcm-scaled.jpg?fit=559%2C645&ssl=1&resize=525%2C300 1.5x"},"classes":[]}],"jetpack_sharing_enabled":true,"jetpack_shortlink":"https:\/\/wp.me\/pfMlyK-eq6","_links":{"self":[{"href":"https:\/\/ismaelcolosi.com.br\/index.php\/wp-json\/wp\/v2\/posts\/55434","targetHints":{"allow":["GET"]}}],"collection":[{"href":"https:\/\/ismaelcolosi.com.br\/index.php\/wp-json\/wp\/v2\/posts"}],"about":[{"href":"https:\/\/ismaelcolosi.com.br\/index.php\/wp-json\/wp\/v2\/types\/post"}],"author":[{"embeddable":true,"href":"https:\/\/ismaelcolosi.com.br\/index.php\/wp-json\/wp\/v2\/users\/1"}],"replies":[{"embeddable":true,"href":"https:\/\/ismaelcolosi.com.br\/index.php\/wp-json\/wp\/v2\/comments?post=55434"}],"version-history":[{"count":0,"href":"https:\/\/ismaelcolosi.com.br\/index.php\/wp-json\/wp\/v2\/posts\/55434\/revisions"}],"wp:featuredmedia":[{"embeddable":true,"href":"https:\/\/ismaelcolosi.com.br\/index.php\/wp-json\/wp\/v2\/media\/55435"}],"wp:attachment":[{"href":"https:\/\/ismaelcolosi.com.br\/index.php\/wp-json\/wp\/v2\/media?parent=55434"}],"wp:term":[{"taxonomy":"category","embeddable":true,"href":"https:\/\/ismaelcolosi.com.br\/index.php\/wp-json\/wp\/v2\/categories?post=55434"},{"taxonomy":"post_tag","embeddable":true,"href":"https:\/\/ismaelcolosi.com.br\/index.php\/wp-json\/wp\/v2\/tags?post=55434"}],"curies":[{"name":"wp","href":"https:\/\/api.w.org\/{rel}","templated":true}]}}